{"id":109220,"date":"2026-04-16T16:30:43","date_gmt":"2026-04-16T19:30:43","guid":{"rendered":"https:\/\/ubirataonline.com.br\/first-ice-officer-charged-with-assault-for-threatening-people-with-a-gun-in-minnesota-minnesota-reformer\/"},"modified":"2026-04-16T16:30:47","modified_gmt":"2026-04-16T19:30:47","slug":"first-ice-officer-charged-with-assault-for-threatening-people-with-a-gun-in-minnesota-minnesota-reformer","status":"publish","type":"post","link":"https:\/\/ubirataonline.com.br\/en\/first-ice-officer-charged-with-assault-for-threatening-people-with-a-gun-in-minnesota-minnesota-reformer\/","title":{"rendered":"First ICE officer charged with assault for threatening people with a gun in Minnesota \u2022 Minnesota Reformer"},"content":{"rendered":"<p><br \/>\n<\/p>\n<div id=\"dataContent\">\n<p>Hennepin County Attorney Mary Moriarty on Thursday filed criminal charges against an Immigration and Customs Enforcement officer for allegedly brandishing his service weapon at two people during Operation Metro Surge in what she said was a first-of-its-kind case in the country.<\/p>\n<p>Gregory Donnell Morgan, Jr. faces <a href=\"https:\/\/www.documentcloud.org\/documents\/28051776-mcro-27-cr-26-9656-e-filed-comp-warrant-2026-04-16-20260416112048\/\" target=\"_blank\">two felony counts of second-degree assault<\/a> with a dangerous weapon for allegedly pointing a gun at two unnamed victims in a car while he was driving an unmarked SUV on Highway 62 near the interchange with I-35W in Minneapolis in February. Details provided by prosecutors suggest it had the makings of a road rage incident.<\/p>\n<p>Morgan, who is a Maryland resident according to the complaint, is not in custody and there is an active warrant for his arrest.<\/p>\n<p>\u201cToday\u2019s charges reflect an important milestone in our efforts to seek accountability for the harms inflicted on our community during Operation Metro Surge,\u201d Moriarty said during a news conference on Thursday.<\/p>\n<p>The charges are sure to draw a fierce backlash from the Trump administration, which has repeatedly clashed with local prosecutors and law enforcement over Operation Metro Surge, including an ongoing legal fight over evidence in the killings of Renee Good and Alex Pretti.<\/p>\n<p>Moriarty and Minnesota Attorney General Keith Ellison continue to weigh charges against the agents who killed Good and Pretti in January in Minneapolis, which galvanized a massive resistance to ICE in Minnesota and across the country.<\/p>\n<p>They say their decisions on charges in those killings, as well as the shooting of Venezuelan national Julio Cesar Sosa-Celis in the leg, have been stymied by the federal government refusing to share evidence in the investigations.<\/p>\n<p>Last month, Ellison and Moriarty <a href=\"https:\/\/minnesotareformer.com\/2026\/03\/24\/minnesota-sues-trump-administration-over-access-to-evidence-in-shootings-by-federal-agents\/\">filed an unprecedented lawsuit<\/a> against the Trump administration seeking access to evidence in those cases including the car in which Good was killed on Jan. 7, the names of the agents who killed Pretti on Jan. 24, and the guns in all three cases.<\/p>\n<p>\u201cVirtually none of the obstacles around evidence collection that exist for the January shootings exist in this case,\u201d Moriarty said.<\/p>\n<p>Minnesota State Patrol was able to identify Morgan and interview him about the incident afterward at the Whipple Federal Building, which serves as the headquarters of ICE operations in the state.<\/p>\n<p>ICE did not return an email asking for comment on the charges and if Morgan is still employed as an officer.<\/p>\n<p>The incident began when the two alleged victims saw Morgan driving a rented Ford Expedition illegally on the right shoulder of the highway to pass traffic.<\/p>\n<p>Unaware that the unmarked black SUV was driven by an ICE agent, the victim driver pulled into the shoulder to prevent him from illegally passing and then pulled back into the lane, according to the complaint.<\/p>\n<p>Morgan then pulled up beside the two people, rolled down his window, and pointed his service weapon at them. Frightened, they called 911 to report the incident. The two alleged victims were not believed to be involved in protesting ICE, Moriarty said.<\/p>\n<p>Moriarty said that Morgan, in his interview with state police, admitted he was driving the SUV and was returning to the Whipple building after finishing his shift.<\/p>\n<p>\u201cMr. Morgan\u2019s conduct was extremely dangerous,\u201d Moriarty said. \u201cDriving while pointing a weapon out of your moving vehicle at the victims who were in another moving vehicle could have led to yet another disastrous incident.\u201d<\/p>\n<p>Moriarty said she believes this is the first time in the country that a federal immigration agent faces local prosecution for conduct while arguably being on duty.<\/p>\n<p>There is precedent for local prosecutors bringing criminal cases against federal agents, but such cases are difficult and rare. Federal agents have <a href=\"https:\/\/minnesotareformer.com\/2026\/01\/09\/minnesota-prosecution-of-ice-officer-faces-new-political-obstacles-under-trump\/\">protection from prosecution <\/a>for carrying out their official duties, although that immunity does not extend to unreasonable or excessive force, according to legal experts.<\/p>\n<p>\u201cThe baseline understanding here is that states can prosecute federal officials when they violate state criminal laws,\u201d said Bryna Godar, a staff attorney with the State Democracy Research Initiative at the University of Wisconsin Law School who has <a href=\"https:\/\/statedemocracy.law.wisc.edu\/our-work\/can-states-prosecute-federal-officials\" target=\"_blank\">studied the history of local prosecution of federal officials<\/a>.<\/p>\n<p>Whether Morgan and his partner were on duty and conducting official business while driving back to Whipple after their shift is likely to be a key determination.<\/p>\n<p>Ramsey County Attorney John Choi is also weighing potential criminal charges against federal agents. On Monday, he announced <a href=\"https:\/\/minnesotareformer.com\/2026\/04\/13\/ramsey-county-investigating-potential-crimes-by-federal-officials\/\">an investigation into federal agents<\/a> for possible kidnapping, burglary and false imprisonment, among other crimes.<\/p>\n<\/p><\/div>\n<p><script>\n            !function(f,b,e,v,n,t,s)\n            {if(f.fbq)return;n=f.fbq=function(){n.callMethod?\n            n.callMethod.apply(n,arguments):n.queue.push(arguments)};\n            if(!f._fbq)f._fbq=n;n.push=n;n.loaded=!0;n.version='2.0';\n            n.queue=[];t=b.createElement(e);t.async=!0;\n            t.src=v;s=b.getElementsByTagName(e)[0];\n            s.parentNode.insertBefore(t,s)}(window, document,'script', 'https:\/\/connect.facebook.net\/en_US\/fbevents.js');\n            fbq('init', \"1613794829760650\");\n            fbq('track', 'PageView');\n        <\/script><br \/>\n<br \/><br \/>\n<br \/><a href=\"https:\/\/minnesotareformer.com\/2026\/04\/16\/first-ice-officer-charged-with-assault-for-threatening-people-with-a-gun-in-minnesota\/\">Source link <\/a><\/p>\n","protected":false},"excerpt":{"rendered":"<p>Hennepin County Attorney Mary Moriarty on Thursday filed criminal charges against an Immigration and Customs Enforcement officer for allegedly brandishing his service weapon at two people during Operation Metro Surge in what she said was a first-of-its-kind case in the country. Gregory Donnell Morgan, Jr. faces two felony counts of second-degree assault with a dangerous [&hellip;]<\/p>\n","protected":false},"author":1,"featured_media":109221,"comment_status":"closed","ping_status":"","sticky":false,"template":"","format":"standard","meta":{"googlesitekit_rrm_CAow2JLhCw:productID":"","_gspb_post_css":"","maa_idioma":"","maa_pais":"","footnotes":""},"categories":[2725],"tags":[9010,9008,17888,6217,4887,13215,10956,29030,29029],"class_list":["post-109220","post","type-post","status-publish","format-standard","has-post-thumbnail","hentry","category-europe","tag-assault","tag-charged","tag-gun","tag-ice","tag-minnesota","tag-officer","tag-people","tag-reformer","tag-threatening"],"blocksy_meta":[],"yoast_head":"<!-- This site is optimized with the Yoast SEO Premium plugin v27.6 (Yoast SEO v27.6) - https:\/\/yoast.com\/product\/yoast-seo-premium-wordpress\/ -->\n<title>First ICE officer charged with assault for threatening people with a gun in Minnesota \u2022 Minnesota Reformer - Ubirat\u00e3 Online Not\u00edcias - A realidade ao seu alcance!<\/title>\n<meta name=\"description\" content=\"Hennepin County Attorney Mary Moriarty on Thursday filed criminal charges against an Immigration and Customs Enforcement officer for allegedly brandishing\" \/>\n<meta name=\"robots\" content=\"index, follow, max-snippet:-1, max-image-preview:large, max-video-preview:-1\" \/>\n<link rel=\"canonical\" href=\"https:\/\/ubirataonline.com.br\/en\/first-ice-officer-charged-with-assault-for-threatening-people-with-a-gun-in-minnesota-minnesota-reformer\/\" \/>\n<meta property=\"og:locale\" content=\"en_US\" \/>\n<meta property=\"og:type\" content=\"article\" \/>\n<meta property=\"og:title\" content=\"First ICE officer charged with assault for threatening people with a gun in Minnesota \u2022 Minnesota Reformer\" \/>\n<meta property=\"og:description\" content=\"Hennepin County Attorney Mary Moriarty on Thursday filed criminal charges against an Immigration and Customs Enforcement officer for allegedly brandishing\" \/>\n<meta property=\"og:url\" content=\"https:\/\/ubirataonline.com.br\/en\/first-ice-officer-charged-with-assault-for-threatening-people-with-a-gun-in-minnesota-minnesota-reformer\/\" \/>\n<meta property=\"og:site_name\" content=\"Ubirat\u00e3 Online Not\u00edcias - A realidade ao seu alcance!\" \/>\n<meta property=\"article:publisher\" content=\"https:\/\/www.facebook.com\/portalubirataonline\" \/>\n<meta property=\"article:author\" content=\"https:\/\/www.facebook.com\/portalubirataonline\" \/>\n<meta property=\"article:published_time\" content=\"2026-04-16T19:30:43+00:00\" \/>\n<meta property=\"article:modified_time\" content=\"2026-04-16T19:30:47+00:00\" \/>\n<meta property=\"og:image\" content=\"https:\/\/ubirataonline.com.br\/wp-content\/uploads\/2026\/04\/First-ICE-officer-charged-with-assault-for-threatening-people-with.jpg\" \/>\n\t<meta property=\"og:image:width\" content=\"2048\" \/>\n\t<meta property=\"og:image:height\" content=\"1365\" \/>\n\t<meta property=\"og:image:type\" content=\"image\/jpeg\" \/>\n<meta name=\"author\" content=\"REDA\u00c7\u00c3O: UBIRAT\u00c3 ONLINE - F\u00c1BIO AUGUSTO CELESTINO\" \/>\n<meta name=\"twitter:card\" content=\"summary_large_image\" \/>\n<meta name=\"twitter:creator\" content=\"@x.com\/ubirataonline\" \/>\n<meta name=\"twitter:site\" content=\"@ubirataonline\" \/>\n<meta name=\"twitter:label1\" content=\"Written by\" \/>\n\t<meta name=\"twitter:data1\" content=\"REDA\u00c7\u00c3O: UBIRAT\u00c3 ONLINE - F\u00c1BIO AUGUSTO CELESTINO\" \/>\n\t<meta name=\"twitter:label2\" content=\"Est. reading time\" \/>\n\t<meta name=\"twitter:data2\" content=\"4 minutes\" \/>\n<script type=\"application\/ld+json\" class=\"yoast-schema-graph\">{\"@context\":\"https:\\\/\\\/schema.org\",\"@graph\":[{\"@type\":\"NewsArticle\",\"@id\":\"https:\\\/\\\/ubirataonline.com.br\\\/first-ice-officer-charged-with-assault-for-threatening-people-with-a-gun-in-minnesota-minnesota-reformer\\\/#article\",\"isPartOf\":{\"@id\":\"https:\\\/\\\/ubirataonline.com.br\\\/first-ice-officer-charged-with-assault-for-threatening-people-with-a-gun-in-minnesota-minnesota-reformer\\\/\"},\"author\":{\"name\":\"REDA\u00c7\u00c3O: UBIRAT\u00c3 ONLINE - F\u00c1BIO AUGUSTO CELESTINO\",\"@id\":\"https:\\\/\\\/ubirataonline.com.br\\\/#\\\/schema\\\/person\\\/372f87bbd3fdd79b8556b84c98d0bc1c\"},\"headline\":\"First ICE officer charged with assault for threatening people with a gun in Minnesota \u2022 Minnesota Reformer\",\"datePublished\":\"2026-04-16T19:30:43+00:00\",\"dateModified\":\"2026-04-16T19:30:47+00:00\",\"mainEntityOfPage\":{\"@id\":\"https:\\\/\\\/ubirataonline.com.br\\\/first-ice-officer-charged-with-assault-for-threatening-people-with-a-gun-in-minnesota-minnesota-reformer\\\/\"},\"wordCount\":757,\"publisher\":{\"@id\":\"https:\\\/\\\/ubirataonline.com.br\\\/#organization\"},\"image\":{\"@id\":\"https:\\\/\\\/ubirataonline.com.br\\\/first-ice-officer-charged-with-assault-for-threatening-people-with-a-gun-in-minnesota-minnesota-reformer\\\/#primaryimage\"},\"thumbnailUrl\":\"https:\\\/\\\/ubirataonline.com.br\\\/wp-content\\\/uploads\\\/2026\\\/04\\\/First-ICE-officer-charged-with-assault-for-threatening-people-with.jpg\",\"keywords\":[\"assault\",\"charged\",\"Gun\",\"ICE\",\"Minnesota\",\"officer\",\"people\",\"Reformer\",\"threatening\"],\"articleSection\":[\"Europe\"],\"inLanguage\":\"en-US\",\"copyrightYear\":\"2026\",\"copyrightHolder\":{\"@id\":\"https:\\\/\\\/ubirataonline.com.br\\\/en\\\/#organization\"}},{\"@type\":\"WebPage\",\"@id\":\"https:\\\/\\\/ubirataonline.com.br\\\/first-ice-officer-charged-with-assault-for-threatening-people-with-a-gun-in-minnesota-minnesota-reformer\\\/\",\"url\":\"https:\\\/\\\/ubirataonline.com.br\\\/first-ice-officer-charged-with-assault-for-threatening-people-with-a-gun-in-minnesota-minnesota-reformer\\\/\",\"name\":\"First ICE officer charged with assault for threatening people with a gun in Minnesota \u2022 Minnesota Reformer - Ubirat\u00e3 Online Not\u00edcias - A realidade ao seu alcance!\",\"isPartOf\":{\"@id\":\"https:\\\/\\\/ubirataonline.com.br\\\/#website\"},\"primaryImageOfPage\":{\"@id\":\"https:\\\/\\\/ubirataonline.com.br\\\/first-ice-officer-charged-with-assault-for-threatening-people-with-a-gun-in-minnesota-minnesota-reformer\\\/#primaryimage\"},\"image\":{\"@id\":\"https:\\\/\\\/ubirataonline.com.br\\\/first-ice-officer-charged-with-assault-for-threatening-people-with-a-gun-in-minnesota-minnesota-reformer\\\/#primaryimage\"},\"thumbnailUrl\":\"https:\\\/\\\/ubirataonline.com.br\\\/wp-content\\\/uploads\\\/2026\\\/04\\\/First-ICE-officer-charged-with-assault-for-threatening-people-with.jpg\",\"datePublished\":\"2026-04-16T19:30:43+00:00\",\"dateModified\":\"2026-04-16T19:30:47+00:00\",\"description\":\"Hennepin County Attorney Mary Moriarty on Thursday filed criminal charges against an Immigration and Customs Enforcement officer for allegedly brandishing\",\"breadcrumb\":{\"@id\":\"https:\\\/\\\/ubirataonline.com.br\\\/first-ice-officer-charged-with-assault-for-threatening-people-with-a-gun-in-minnesota-minnesota-reformer\\\/#breadcrumb\"},\"inLanguage\":\"en-US\",\"potentialAction\":[{\"@type\":\"ReadAction\",\"target\":[\"https:\\\/\\\/ubirataonline.com.br\\\/first-ice-officer-charged-with-assault-for-threatening-people-with-a-gun-in-minnesota-minnesota-reformer\\\/\"]}]},{\"@type\":\"ImageObject\",\"inLanguage\":\"en-US\",\"@id\":\"https:\\\/\\\/ubirataonline.com.br\\\/first-ice-officer-charged-with-assault-for-threatening-people-with-a-gun-in-minnesota-minnesota-reformer\\\/#primaryimage\",\"url\":\"https:\\\/\\\/ubirataonline.com.br\\\/wp-content\\\/uploads\\\/2026\\\/04\\\/First-ICE-officer-charged-with-assault-for-threatening-people-with.jpg\",\"contentUrl\":\"https:\\\/\\\/ubirataonline.com.br\\\/wp-content\\\/uploads\\\/2026\\\/04\\\/First-ICE-officer-charged-with-assault-for-threatening-people-with.jpg\",\"width\":2048,\"height\":1365,\"caption\":\"First ICE officer charged with assault for threatening people with a gun in Minnesota \u2022 Minnesota Reformer\"},{\"@type\":\"BreadcrumbList\",\"@id\":\"https:\\\/\\\/ubirataonline.com.br\\\/first-ice-officer-charged-with-assault-for-threatening-people-with-a-gun-in-minnesota-minnesota-reformer\\\/#breadcrumb\",\"itemListElement\":[{\"@type\":\"ListItem\",\"position\":1,\"name\":\"In\u00edcio\",\"item\":\"https:\\\/\\\/ubirataonline.com.br\\\/\"},{\"@type\":\"ListItem\",\"position\":2,\"name\":\"First ICE officer charged with assault for threatening people with a gun in Minnesota \u2022 Minnesota Reformer\"}]},{\"@type\":\"WebSite\",\"@id\":\"https:\\\/\\\/ubirataonline.com.br\\\/#website\",\"url\":\"https:\\\/\\\/ubirataonline.com.br\\\/\",\"name\":\"Ubirat\u00e3 Online Not\u00edcias\",\"description\":\"Not\u00edcias de Ubirat\u00e3, regi\u00e3o, Brasil e mundo, com informa\u00e7\u00e3o atualizada e compromisso com o leitor.\",\"publisher\":{\"@id\":\"https:\\\/\\\/ubirataonline.com.br\\\/#organization\"},\"alternateName\":\"Ubirat\u00e3 Online\",\"potentialAction\":[{\"@type\":\"SearchAction\",\"target\":{\"@type\":\"EntryPoint\",\"urlTemplate\":\"https:\\\/\\\/ubirataonline.com.br\\\/?s={search_term_string}\"},\"query-input\":{\"@type\":\"PropertyValueSpecification\",\"valueRequired\":true,\"valueName\":\"search_term_string\"}}],\"inLanguage\":\"en-US\"},{\"@type\":[\"Organization\",\"Place\"],\"@id\":\"https:\\\/\\\/ubirataonline.com.br\\\/#organization\",\"name\":\"Ubirat\u00e3 Online Not\u00edcias\",\"alternateName\":\"Ubirat\u00e3 Online\",\"url\":\"https:\\\/\\\/ubirataonline.com.br\\\/\",\"logo\":{\"@id\":\"https:\\\/\\\/ubirataonline.com.br\\\/first-ice-officer-charged-with-assault-for-threatening-people-with-a-gun-in-minnesota-minnesota-reformer\\\/#local-main-organization-logo\"},\"image\":{\"@id\":\"https:\\\/\\\/ubirataonline.com.br\\\/first-ice-officer-charged-with-assault-for-threatening-people-with-a-gun-in-minnesota-minnesota-reformer\\\/#local-main-organization-logo\"},\"sameAs\":[\"https:\\\/\\\/www.facebook.com\\\/portalubirataonline\",\"https:\\\/\\\/x.com\\\/ubirataonline\",\"https:\\\/\\\/mastodon.social\\\/@ubirataonline\",\"https:\\\/\\\/www.facebook.com\\\/groups\\\/311144672285604\",\"https:\\\/\\\/www.facebook.com\\\/UBTAOnline\",\"https:\\\/\\\/www.instagram.com\\\/portalubirataonline\\\/\",\"https:\\\/\\\/twitter.com\\\/ubirataonline\"],\"description\":\"Somos um portal de not\u00edcias independente, criado em 5 de janeiro de 2009, com o objetivo de informar, conectar e valorizar a nossa comunidade de Ubirat\u00e3 e toda aregi\u00e3o. Com conte\u00fado atualizado, confi\u00e1vel e relevante, o Ubirat\u00e3 Online \u00e9 o seu espa\u00e7o para ficar por dentro dos principais acontecimentos locais, regionais, Brasil, Mundo e de interesse geral. Nosso compromisso \u00e9 com a verdade, a transpar\u00eancia e o respeito ao leitor.\",\"legalName\":\"UBIRATA ONLINE NOT\u00cdCIAS\",\"foundingDate\":\"2009-01-05\",\"numberOfEmployees\":{\"@type\":\"QuantitativeValue\",\"minValue\":\"1\",\"maxValue\":\"10\"},\"publishingPrinciples\":\"https:\\\/\\\/ubirataonline.com.br\\\/faq\\\/\",\"address\":{\"@id\":\"https:\\\/\\\/ubirataonline.com.br\\\/first-ice-officer-charged-with-assault-for-threatening-people-with-a-gun-in-minnesota-minnesota-reformer\\\/#local-main-place-address\"},\"geo\":{\"@type\":\"GeoCoordinates\",\"latitude\":\"-24.5361401\",\"longitude\":\"-52.9921776\"},\"telephone\":[\"+5544998308235\"],\"contactPoint\":{\"@type\":\"ContactPoint\",\"email\":\"contato@ubirataonline.com.br\"},\"openingHoursSpecification\":{\"@type\":\"OpeningHoursSpecification\",\"dayOfWeek\":[\"Monday\",\"Tuesday\",\"Wednesday\",\"Thursday\",\"Friday\",\"Saturday\",\"Sunday\"],\"opens\":\"00:00\",\"closes\":\"23:59\"},\"email\":\"contato@ubirataonline.com.br\",\"vatID\":\"47.621.418\\\/0001-80\"},{\"@type\":\"Person\",\"@id\":\"https:\\\/\\\/ubirataonline.com.br\\\/#\\\/schema\\\/person\\\/372f87bbd3fdd79b8556b84c98d0bc1c\",\"name\":\"REDA\u00c7\u00c3O: UBIRAT\u00c3 ONLINE - F\u00c1BIO AUGUSTO CELESTINO\",\"pronouns\":\"Ele\",\"description\":\"Desde 2003 trabalhando com not\u00edcias.\",\"sameAs\":[\"http:\\\/\\\/ubirataoline.com.br\",\"https:\\\/\\\/www.facebook.com\\\/portalubirataonline\",\"https:\\\/\\\/www.instagram.com\\\/ubirataonline_oficial\",\"https:\\\/\\\/x.com\\\/x.com\\\/ubirataonline\"],\"honorificPrefix\":\"Mr.\",\"honorificSuffix\":\"MD\",\"birthDate\":\"1980-06-16\",\"gender\":\"masculino\",\"award\":[\"V\u00e1rios pr\u00eamios de melhor portal da cidade\"],\"jobTitle\":\"Diretor\",\"url\":\"https:\\\/\\\/ubirataonline.com.br\\\/en\\\/author\\\/ubirataonline\\\/\"},{\"@type\":\"PostalAddress\",\"@id\":\"https:\\\/\\\/ubirataonline.com.br\\\/first-ice-officer-charged-with-assault-for-threatening-people-with-a-gun-in-minnesota-minnesota-reformer\\\/#local-main-place-address\",\"streetAddress\":\"Rua dos Coqueiros, 104 - Bairro Boa Vista, Rua dos Coqueiros, 104 Bairro Boa Vista\",\"addressLocality\":\"UBIRATA\",\"postalCode\":\"85440-000\",\"addressRegion\":\"PR\",\"addressCountry\":\"BR\"},{\"@type\":\"ImageObject\",\"inLanguage\":\"en-US\",\"@id\":\"https:\\\/\\\/ubirataonline.com.br\\\/first-ice-officer-charged-with-assault-for-threatening-people-with-a-gun-in-minnesota-minnesota-reformer\\\/#local-main-organization-logo\",\"url\":\"https:\\\/\\\/ubirataonline.com.br\\\/wp-content\\\/uploads\\\/2026\\\/06\\\/logoubirataonline-1.webp\",\"contentUrl\":\"https:\\\/\\\/ubirataonline.com.br\\\/wp-content\\\/uploads\\\/2026\\\/06\\\/logoubirataonline-1.webp\",\"width\":500,\"height\":500,\"caption\":\"Ubirat\u00e3 Online Not\u00edcias\"}]}<\/script>\n<meta name=\"geo.placename\" content=\"UBIRATA\" \/>\n<meta name=\"geo.position\" content=\"-24.5361401;-52.9921776\" \/>\n<meta name=\"geo.region\" content=\"Brazil\" \/>\n<!-- \/ Yoast SEO Premium plugin. -->","yoast_head_json":{"title":"First ICE officer charged with assault for threatening people with a gun in Minnesota \u2022 Minnesota Reformer - Ubirat\u00e3 Online Not\u00edcias - A realidade ao seu alcance!","description":"Hennepin County Attorney Mary Moriarty on Thursday filed criminal charges against an Immigration and Customs Enforcement officer for allegedly brandishing","robots":{"index":"index","follow":"follow","max-snippet":"max-snippet:-1","max-image-preview":"max-image-preview:large","max-video-preview":"max-video-preview:-1"},"canonical":"https:\/\/ubirataonline.com.br\/en\/first-ice-officer-charged-with-assault-for-threatening-people-with-a-gun-in-minnesota-minnesota-reformer\/","og_locale":"en_US","og_type":"article","og_title":"First ICE officer charged with assault for threatening people with a gun in Minnesota \u2022 Minnesota Reformer","og_description":"Hennepin County Attorney Mary Moriarty on Thursday filed criminal charges against an Immigration and Customs Enforcement officer for allegedly brandishing","og_url":"https:\/\/ubirataonline.com.br\/en\/first-ice-officer-charged-with-assault-for-threatening-people-with-a-gun-in-minnesota-minnesota-reformer\/","og_site_name":"Ubirat\u00e3 Online Not\u00edcias - A realidade ao seu alcance!","article_publisher":"https:\/\/www.facebook.com\/portalubirataonline","article_author":"https:\/\/www.facebook.com\/portalubirataonline","article_published_time":"2026-04-16T19:30:43+00:00","article_modified_time":"2026-04-16T19:30:47+00:00","og_image":[{"width":2048,"height":1365,"url":"https:\/\/ubirataonline.com.br\/wp-content\/uploads\/2026\/04\/First-ICE-officer-charged-with-assault-for-threatening-people-with.jpg","type":"image\/jpeg"}],"author":"REDA\u00c7\u00c3O: UBIRAT\u00c3 ONLINE - F\u00c1BIO AUGUSTO CELESTINO","twitter_card":"summary_large_image","twitter_creator":"@x.com\/ubirataonline","twitter_site":"@ubirataonline","twitter_misc":{"Written by":"REDA\u00c7\u00c3O: UBIRAT\u00c3 ONLINE - F\u00c1BIO AUGUSTO CELESTINO","Est. reading time":"4 minutes"},"schema":{"@context":"https:\/\/schema.org","@graph":[{"@type":"NewsArticle","@id":"https:\/\/ubirataonline.com.br\/first-ice-officer-charged-with-assault-for-threatening-people-with-a-gun-in-minnesota-minnesota-reformer\/#article","isPartOf":{"@id":"https:\/\/ubirataonline.com.br\/first-ice-officer-charged-with-assault-for-threatening-people-with-a-gun-in-minnesota-minnesota-reformer\/"},"author":{"name":"REDA\u00c7\u00c3O: UBIRAT\u00c3 ONLINE - F\u00c1BIO AUGUSTO CELESTINO","@id":"https:\/\/ubirataonline.com.br\/#\/schema\/person\/372f87bbd3fdd79b8556b84c98d0bc1c"},"headline":"First ICE officer charged with assault for threatening people with a gun in Minnesota \u2022 Minnesota Reformer","datePublished":"2026-04-16T19:30:43+00:00","dateModified":"2026-04-16T19:30:47+00:00","mainEntityOfPage":{"@id":"https:\/\/ubirataonline.com.br\/first-ice-officer-charged-with-assault-for-threatening-people-with-a-gun-in-minnesota-minnesota-reformer\/"},"wordCount":757,"publisher":{"@id":"https:\/\/ubirataonline.com.br\/#organization"},"image":{"@id":"https:\/\/ubirataonline.com.br\/first-ice-officer-charged-with-assault-for-threatening-people-with-a-gun-in-minnesota-minnesota-reformer\/#primaryimage"},"thumbnailUrl":"https:\/\/ubirataonline.com.br\/wp-content\/uploads\/2026\/04\/First-ICE-officer-charged-with-assault-for-threatening-people-with.jpg","keywords":["assault","charged","Gun","ICE","Minnesota","officer","people","Reformer","threatening"],"articleSection":["Europe"],"inLanguage":"en-US","copyrightYear":"2026","copyrightHolder":{"@id":"https:\/\/ubirataonline.com.br\/en\/#organization"}},{"@type":"WebPage","@id":"https:\/\/ubirataonline.com.br\/first-ice-officer-charged-with-assault-for-threatening-people-with-a-gun-in-minnesota-minnesota-reformer\/","url":"https:\/\/ubirataonline.com.br\/first-ice-officer-charged-with-assault-for-threatening-people-with-a-gun-in-minnesota-minnesota-reformer\/","name":"First ICE officer charged with assault for threatening people with a gun in Minnesota \u2022 Minnesota Reformer - Ubirat\u00e3 Online Not\u00edcias - A realidade ao seu alcance!","isPartOf":{"@id":"https:\/\/ubirataonline.com.br\/#website"},"primaryImageOfPage":{"@id":"https:\/\/ubirataonline.com.br\/first-ice-officer-charged-with-assault-for-threatening-people-with-a-gun-in-minnesota-minnesota-reformer\/#primaryimage"},"image":{"@id":"https:\/\/ubirataonline.com.br\/first-ice-officer-charged-with-assault-for-threatening-people-with-a-gun-in-minnesota-minnesota-reformer\/#primaryimage"},"thumbnailUrl":"https:\/\/ubirataonline.com.br\/wp-content\/uploads\/2026\/04\/First-ICE-officer-charged-with-assault-for-threatening-people-with.jpg","datePublished":"2026-04-16T19:30:43+00:00","dateModified":"2026-04-16T19:30:47+00:00","description":"Hennepin County Attorney Mary Moriarty on Thursday filed criminal charges against an Immigration and Customs Enforcement officer for allegedly brandishing","breadcrumb":{"@id":"https:\/\/ubirataonline.com.br\/first-ice-officer-charged-with-assault-for-threatening-people-with-a-gun-in-minnesota-minnesota-reformer\/#breadcrumb"},"inLanguage":"en-US","potentialAction":[{"@type":"ReadAction","target":["https:\/\/ubirataonline.com.br\/first-ice-officer-charged-with-assault-for-threatening-people-with-a-gun-in-minnesota-minnesota-reformer\/"]}]},{"@type":"ImageObject","inLanguage":"en-US","@id":"https:\/\/ubirataonline.com.br\/first-ice-officer-charged-with-assault-for-threatening-people-with-a-gun-in-minnesota-minnesota-reformer\/#primaryimage","url":"https:\/\/ubirataonline.com.br\/wp-content\/uploads\/2026\/04\/First-ICE-officer-charged-with-assault-for-threatening-people-with.jpg","contentUrl":"https:\/\/ubirataonline.com.br\/wp-content\/uploads\/2026\/04\/First-ICE-officer-charged-with-assault-for-threatening-people-with.jpg","width":2048,"height":1365,"caption":"First ICE officer charged with assault for threatening people with a gun in Minnesota \u2022 Minnesota Reformer"},{"@type":"BreadcrumbList","@id":"https:\/\/ubirataonline.com.br\/first-ice-officer-charged-with-assault-for-threatening-people-with-a-gun-in-minnesota-minnesota-reformer\/#breadcrumb","itemListElement":[{"@type":"ListItem","position":1,"name":"In\u00edcio","item":"https:\/\/ubirataonline.com.br\/"},{"@type":"ListItem","position":2,"name":"First ICE officer charged with assault for threatening people with a gun in Minnesota \u2022 Minnesota Reformer"}]},{"@type":"WebSite","@id":"https:\/\/ubirataonline.com.br\/#website","url":"https:\/\/ubirataonline.com.br\/","name":"Ubirat\u00e3 Online Not\u00edcias","description":"Not\u00edcias de Ubirat\u00e3, regi\u00e3o, Brasil e mundo, com informa\u00e7\u00e3o atualizada e compromisso com o leitor.","publisher":{"@id":"https:\/\/ubirataonline.com.br\/#organization"},"alternateName":"Ubirat\u00e3 Online","potentialAction":[{"@type":"SearchAction","target":{"@type":"EntryPoint","urlTemplate":"https:\/\/ubirataonline.com.br\/?s={search_term_string}"},"query-input":{"@type":"PropertyValueSpecification","valueRequired":true,"valueName":"search_term_string"}}],"inLanguage":"en-US"},{"@type":["Organization","Place"],"@id":"https:\/\/ubirataonline.com.br\/#organization","name":"Ubirat\u00e3 Online Not\u00edcias","alternateName":"Ubirat\u00e3 Online","url":"https:\/\/ubirataonline.com.br\/","logo":{"@id":"https:\/\/ubirataonline.com.br\/first-ice-officer-charged-with-assault-for-threatening-people-with-a-gun-in-minnesota-minnesota-reformer\/#local-main-organization-logo"},"image":{"@id":"https:\/\/ubirataonline.com.br\/first-ice-officer-charged-with-assault-for-threatening-people-with-a-gun-in-minnesota-minnesota-reformer\/#local-main-organization-logo"},"sameAs":["https:\/\/www.facebook.com\/portalubirataonline","https:\/\/x.com\/ubirataonline","https:\/\/mastodon.social\/@ubirataonline","https:\/\/www.facebook.com\/groups\/311144672285604","https:\/\/www.facebook.com\/UBTAOnline","https:\/\/www.instagram.com\/portalubirataonline\/","https:\/\/twitter.com\/ubirataonline"],"description":"Somos um portal de not\u00edcias independente, criado em 5 de janeiro de 2009, com o objetivo de informar, conectar e valorizar a nossa comunidade de Ubirat\u00e3 e toda aregi\u00e3o. Com conte\u00fado atualizado, confi\u00e1vel e relevante, o Ubirat\u00e3 Online \u00e9 o seu espa\u00e7o para ficar por dentro dos principais acontecimentos locais, regionais, Brasil, Mundo e de interesse geral. Nosso compromisso \u00e9 com a verdade, a transpar\u00eancia e o respeito ao leitor.","legalName":"UBIRATA ONLINE NOT\u00cdCIAS","foundingDate":"2009-01-05","numberOfEmployees":{"@type":"QuantitativeValue","minValue":"1","maxValue":"10"},"publishingPrinciples":"https:\/\/ubirataonline.com.br\/faq\/","address":{"@id":"https:\/\/ubirataonline.com.br\/first-ice-officer-charged-with-assault-for-threatening-people-with-a-gun-in-minnesota-minnesota-reformer\/#local-main-place-address"},"geo":{"@type":"GeoCoordinates","latitude":"-24.5361401","longitude":"-52.9921776"},"telephone":["+5544998308235"],"contactPoint":{"@type":"ContactPoint","email":"contato@ubirataonline.com.br"},"openingHoursSpecification":{"@type":"OpeningHoursSpecification","dayOfWeek":["Monday","Tuesday","Wednesday","Thursday","Friday","Saturday","Sunday"],"opens":"00:00","closes":"23:59"},"email":"contato@ubirataonline.com.br","vatID":"47.621.418\/0001-80"},{"@type":"Person","@id":"https:\/\/ubirataonline.com.br\/#\/schema\/person\/372f87bbd3fdd79b8556b84c98d0bc1c","name":"REDA\u00c7\u00c3O: UBIRAT\u00c3 ONLINE - F\u00c1BIO AUGUSTO CELESTINO","pronouns":"Ele","description":"Desde 2003 trabalhando com not\u00edcias.","sameAs":["http:\/\/ubirataoline.com.br","https:\/\/www.facebook.com\/portalubirataonline","https:\/\/www.instagram.com\/ubirataonline_oficial","https:\/\/x.com\/x.com\/ubirataonline"],"honorificPrefix":"Mr.","honorificSuffix":"MD","birthDate":"1980-06-16","gender":"masculino","award":["V\u00e1rios pr\u00eamios de melhor portal da cidade"],"jobTitle":"Diretor","url":"https:\/\/ubirataonline.com.br\/en\/author\/ubirataonline\/"},{"@type":"PostalAddress","@id":"https:\/\/ubirataonline.com.br\/first-ice-officer-charged-with-assault-for-threatening-people-with-a-gun-in-minnesota-minnesota-reformer\/#local-main-place-address","streetAddress":"Rua dos Coqueiros, 104 - Bairro Boa Vista, Rua dos Coqueiros, 104 Bairro Boa Vista","addressLocality":"UBIRATA","postalCode":"85440-000","addressRegion":"PR","addressCountry":"BR"},{"@type":"ImageObject","inLanguage":"en-US","@id":"https:\/\/ubirataonline.com.br\/first-ice-officer-charged-with-assault-for-threatening-people-with-a-gun-in-minnesota-minnesota-reformer\/#local-main-organization-logo","url":"https:\/\/ubirataonline.com.br\/wp-content\/uploads\/2026\/06\/logoubirataonline-1.webp","contentUrl":"https:\/\/ubirataonline.com.br\/wp-content\/uploads\/2026\/06\/logoubirataonline-1.webp","width":500,"height":500,"caption":"Ubirat\u00e3 Online Not\u00edcias"}]},"geo.placename":"UBIRATA","geo.position":{"lat":"-24.5361401","long":"-52.9921776"},"geo.region":"Brazil"},"_links":{"self":[{"href":"https:\/\/ubirataonline.com.br\/en\/wp-json\/wp\/v2\/posts\/109220","targetHints":{"allow":["GET"]}}],"collection":[{"href":"https:\/\/ubirataonline.com.br\/en\/wp-json\/wp\/v2\/posts"}],"about":[{"href":"https:\/\/ubirataonline.com.br\/en\/wp-json\/wp\/v2\/types\/post"}],"author":[{"embeddable":true,"href":"https:\/\/ubirataonline.com.br\/en\/wp-json\/wp\/v2\/users\/1"}],"replies":[{"embeddable":true,"href":"https:\/\/ubirataonline.com.br\/en\/wp-json\/wp\/v2\/comments?post=109220"}],"version-history":[{"count":0,"href":"https:\/\/ubirataonline.com.br\/en\/wp-json\/wp\/v2\/posts\/109220\/revisions"}],"wp:featuredmedia":[{"embeddable":true,"href":"https:\/\/ubirataonline.com.br\/en\/wp-json\/wp\/v2\/media\/109221"}],"wp:attachment":[{"href":"https:\/\/ubirataonline.com.br\/en\/wp-json\/wp\/v2\/media?parent=109220"}],"wp:term":[{"taxonomy":"category","embeddable":true,"href":"https:\/\/ubirataonline.com.br\/en\/wp-json\/wp\/v2\/categories?post=109220"},{"taxonomy":"post_tag","embeddable":true,"href":"https:\/\/ubirataonline.com.br\/en\/wp-json\/wp\/v2\/tags?post=109220"}],"curies":[{"name":"wp","href":"https:\/\/api.w.org\/{rel}","templated":true}]}}