{"id":109367,"date":"2026-04-16T20:00:55","date_gmt":"2026-04-16T23:00:55","guid":{"rendered":"https:\/\/ubirataonline.com.br\/sydney-sweeney-debuts-new-american-eagle-ad-after-good-jeans-backlash\/"},"modified":"2026-04-16T20:00:58","modified_gmt":"2026-04-16T23:00:58","slug":"sydney-sweeney-debuts-new-american-eagle-ad-after-good-jeans-backlash","status":"publish","type":"post","link":"https:\/\/ubirataonline.com.br\/en\/sydney-sweeney-debuts-new-american-eagle-ad-after-good-jeans-backlash\/","title":{"rendered":"Sydney Sweeney debuts new American Eagle ad after &#8216;good jeans&#8217; backlash"},"content":{"rendered":"<p><\/p>\n<div data-article-body=\"true\">\n<p class=\"mb-4 text-lg md:leading-8 break-words\">Sydney Sweeney is back with a new American Eagle partnership\u00a0 \u2014 but is it as controversial as her \u201cgood jeans\u201d campaign?<\/p>\n<p class=\"mb-4 text-lg md:leading-8 break-words\">On Wednesday, the clothing company unveiled its latest ad with the <em>Euphoria <\/em>actor \u2014 this time, for jean shorts. The new video, <a class=\"link \" href=\"https:\/\/www.instagram.com\/p\/DXJtgNYkwG8\/?img_index=1\" data-i13n=\"cpos:1;pos:1\" rel=\"nofollow noopener\" target=\"_blank\" data-ylk=\"slk:posted online;cpos:1;pos:1;elm:context_link;itc:0;sec:content-canvas\" data-yga=\"{&quot;yLinkPosition&quot;:&quot;1&quot;,&quot;yLinkElement&quot;:&quot;context_link&quot;,&quot;yPosition&quot;:&quot;1&quot;,&quot;yModuleName&quot;:&quot;content-canvas&quot;,&quot;yLinkText&quot;:&quot;posted online&quot;,&quot;yHasCommerce&quot;:false}\">posted online<\/a> by the brand, features various shots of Sweeney (now sporting a shorter bob) wearing denim cutoffs as part of a variety of beachy, summertime outfits.<\/p>\n<p class=\"mb-4 text-lg md:leading-8 break-words\">It\u2019s unclear whether the ad is a wink to the controversy of her previous campaign. In the video, Sweeney asks, \u201cWhat brand am I wearing?\u201d before replying with, \u201cYeah. That one.\u201d<\/p>\n<p class=\"mb-4 text-lg md:leading-8 break-words\">The video is captioned \u201cSyd for short,\u201d a play on Sweeney\u2019s nickname.<\/p>\n<p class=\"mb-4 text-lg md:leading-8 break-words\">Many commenters praised the video. One person wrote: \u201cGlad to see AE didn\u2019t bend the knee to the haters. You look fabulous, Sydney!\u201d Another added: \u201cI looove how you [sic] just trolling that haters.\u201d A third noted that Sweeney is \u201cnot just gorgeous, but smart.\u201d<\/p>\n<p class=\"mb-4 text-lg md:leading-8 break-words\">\u201cI&#8217;d never even heard of her before these ads came out and now she&#8217;s everywhere,\u201d they commented.<\/p>\n<p class=\"mb-4 text-lg md:leading-8 break-words\">Sweeney\u2019s previous American Eagle campaign dropped in July 2025, to significant backlash. In one <a class=\"link \" href=\"https:\/\/x.com\/sweeneydailyx\/status\/1948497621095477712\" data-i13n=\"cpos:2;pos:1\" rel=\"nofollow noopener\" target=\"_blank\" data-ylk=\"slk:ad from the campaign;cpos:2;pos:1;elm:context_link;itc:0;sec:content-canvas\" data-yga=\"{&quot;yLinkPosition&quot;:&quot;2&quot;,&quot;yLinkElement&quot;:&quot;context_link&quot;,&quot;yPosition&quot;:&quot;1&quot;,&quot;yModuleName&quot;:&quot;content-canvas&quot;,&quot;yLinkText&quot;:&quot;ad from the campaign&quot;,&quot;yHasCommerce&quot;:false}\">ad from the campaign<\/a>, evocative of <a class=\"link  yahoo-link\" href=\"https:\/\/www.yahoo.com\/news\/articles\/sydney-sweeney-jeans-invites-controversy-185136107.html\" data-i13n=\"cpos:3;pos:1\" data-ylk=\"slk:Brooke Shields\u2019 controversial 1980 Calvin Klein commercial;cpos:3;pos:1;elm:context_link;itc:0;sec:content-canvas;outcm:mb_qualified_link;_E:mb_qualified_link;ct:story;\" data-yga=\"{&quot;yLinkPosition&quot;:&quot;3&quot;,&quot;yLinkElement&quot;:&quot;context_link&quot;,&quot;yPosition&quot;:&quot;1&quot;,&quot;yModuleName&quot;:&quot;content-canvas&quot;,&quot;yLinkText&quot;:&quot;Brooke Shields\u2019 controversial 1980 Calvin Klein commercial&quot;,&quot;yHasCommerce&quot;:false}\">Brooke Shields\u2019 controversial 1980 Calvin Klein commercial<\/a>, Sweeney pulls on a pair of pants as she says, \u201cGenes are passed down from parents to offspring, often determining traits like hair color, personality and even eye color. My jeans are blue.\u201d A voiceover then says, \u201cSydney Sweeney has great jeans.\u201d<\/p>\n<p class=\"mb-4 text-lg md:leading-8 break-words\">The video was <a rel=\"\" class=\"link  yahoo-link\" href=\"https:\/\/www.yahoo.com\/entertainment\/celebrity\/article\/trump-calls-sydney-sweeneys-american-eagle-good-jeans-campaign-the-hottest-ad-out-there-driving-up-the-companys-stock-221428273.html\" data-i13n=\"cpos:4;pos:1\" data-ylk=\"slk:criticized by some for promoting genetic superiority;cpos:4;pos:1;elm:context_link;itc:0;sec:content-canvas;outcm:mb_qualified_link;_E:mb_qualified_link;ct:story;\" data-yga=\"{&quot;yLinkPosition&quot;:&quot;4&quot;,&quot;yLinkElement&quot;:&quot;context_link&quot;,&quot;yPosition&quot;:&quot;1&quot;,&quot;yModuleName&quot;:&quot;content-canvas&quot;,&quot;yLinkText&quot;:&quot;criticized by some for promoting genetic superiority&quot;,&quot;yHasCommerce&quot;:false}\">criticized by some for promoting genetic superiority<\/a>. Others hit back at the claims, alleging <a class=\"link  rapid-with-clickid etailiffa-link\" href=\"https:\/\/shopping.yahoo.com\/rdlw?merchantId=c813ae39-7d58-41cb-ac66-ad830606ceef&amp;siteId=us-lifestyle&amp;pageId=1p-autolink&amp;contentUuid=2c697e4d-d5d8-4b67-b667-0f20ea893142&amp;featureId=text-link&amp;merchantName=The+New+York+Times&amp;linkText=the+ad+was+just+a+pun&amp;custData=eyJzb3VyY2VOYW1lIjoiV2ViLURlc2t0b3AtVmVyaXpvbiIsImxhbmRpbmdVcmwiOiJodHRwczovL3d3dy5ueXRpbWVzLmNvbS8yMDI1LzA3LzI5L29waW5pb24vc3lkbmV5LXN3ZWVuZXktYW1lcmljYW4tZWFnbGUtYWQuaHRtbCIsImNvbnRlbnRVdWlkIjoiMmM2OTdlNGQtZDVkOC00YjY3LWI2NjctMGYyMGVhODkzMTQyIiwib3JpZ2luYWxVcmwiOiJodHRwczovL3d3dy5ueXRpbWVzLmNvbS8yMDI1LzA3LzI5L29waW5pb24vc3lkbmV5LXN3ZWVuZXktYW1lcmljYW4tZWFnbGUtYWQuaHRtbCJ9&amp;signature=AQAAAfsTgx8qUbn9HK1xHrBSDkcP0T0q6BaaMHoURCugjziK&amp;gcReferrer=https%3A%2F%2Fwww.nytimes.com%2F2025%2F07%2F29%2Fopinion%2Fsydney-sweeney-american-eagle-ad.html&amp;refurl=entertainment-supernovaForYouNwapi&amp;spaceId=1197800334\" data-i13n=\"elm:affiliate_link;sellerN:The New York Times;elmt:;cpos:5;pos:1\" rel=\"sponsored noopener\" target=\"_blank\" data-ylk=\"slk:the ad was just a pun;elm:affiliate_link;sellerN:The New York Times;elmt:;cpos:5;pos:1;itc:0;sec:content-canvas\" data-yga=\"{&quot;yLinkPosition&quot;:&quot;5&quot;,&quot;yLinkElement&quot;:&quot;affiliate_link&quot;,&quot;yPosition&quot;:&quot;1&quot;,&quot;yModuleName&quot;:&quot;content-canvas&quot;,&quot;ySellerName&quot;:&quot;The New York Times&quot;,&quot;yLinkText&quot;:&quot;the ad was just a pun&quot;,&quot;yHasCommerce&quot;:true}\">the ad was just a pun<\/a> \u2014 not a secret dogwhistle for white supremacists.<\/p>\n<p class=\"mb-4 text-lg md:leading-8 break-words\">President Trump praised Sweeney\u2019s \u201cgood jeans\u201d video online: \u201cSydney Sweeney, a registered Republican, has the \u2018HOTTEST\u2019 ad out there. It\u2019s for American Eagle, and the jeans are \u2018flying off the shelves,\u2019\u201d he wrote in a Truth Social <a class=\"link \" href=\"https:\/\/truthsocial.com\/@realDonaldTrump\/posts\/114970952739677687\" data-i13n=\"cpos:6;pos:1\" rel=\"nofollow noopener\" target=\"_blank\" data-ylk=\"slk:post;cpos:6;pos:1;elm:context_link;itc:0;sec:content-canvas\" data-yga=\"{&quot;yLinkPosition&quot;:&quot;6&quot;,&quot;yLinkElement&quot;:&quot;context_link&quot;,&quot;yPosition&quot;:&quot;1&quot;,&quot;yModuleName&quot;:&quot;content-canvas&quot;,&quot;yLinkText&quot;:&quot;post&quot;,&quot;yHasCommerce&quot;:false}\">post<\/a> in August 2025. \u201cGo get \u2019em Sydney!\u201d<\/p>\n<p class=\"mb-4 text-lg md:leading-8 break-words\">Sweeney did not immediately respond to the backlash. In an interview with <a class=\"link \" href=\"https:\/\/www.gq.com\/story\/sydney-sweeney-gq-cover-story-interview-men-of-the-year-2025\" data-i13n=\"cpos:7;pos:1\" rel=\"nofollow noopener\" target=\"_blank\" data-ylk=\"slk:GQ;cpos:7;pos:1;elm:context_link;itc:0;sec:content-canvas\" data-yga=\"{&quot;yLinkPosition&quot;:&quot;7&quot;,&quot;yLinkElement&quot;:&quot;context_link&quot;,&quot;yPosition&quot;:&quot;1&quot;,&quot;yModuleName&quot;:&quot;content-canvas&quot;,&quot;yLinkText&quot;:&quot;GQ&quot;,&quot;yHasCommerce&quot;:false}\">GQ<\/a> in November 2025, when asked about the ad\u2019s divisiveness, the star of <em>The Housemaid<\/em> told the reporter: \u201cI mean, the reaction definitely was a surprise, but I love jeans. All I wear are jeans. I\u2019m in jeans and a T-shirt every day of my life.\u201d<\/p>\n<p class=\"mb-4 text-lg md:leading-8 break-words\">In December 2025, she further explained her stance to <a rel=\"\" class=\"link  yahoo-link\" href=\"https:\/\/www.yahoo.com\/entertainment\/celebrity\/articles\/sydney-sweeney-shares-emotional-response-025331277.html\" data-i13n=\"cpos:8;pos:1\" data-ylk=\"slk:People;cpos:8;pos:1;elm:context_link;itc:0;sec:content-canvas;outcm:mb_qualified_link;_E:mb_qualified_link;ct:story;\" data-yga=\"{&quot;yLinkPosition&quot;:&quot;8&quot;,&quot;yLinkElement&quot;:&quot;context_link&quot;,&quot;yPosition&quot;:&quot;1&quot;,&quot;yModuleName&quot;:&quot;content-canvas&quot;,&quot;yLinkText&quot;:&quot;People&quot;,&quot;yHasCommerce&quot;:false}\">People<\/a>. \u201cI was honestly surprised by the reaction,\u201d she said. \u201cI don\u2019t support the views some people chose to connect to the campaign. Many have assigned motives and labels to me that just aren\u2019t true. Anyone who knows me knows that I\u2019m always trying to bring people together. I\u2019m against hate and divisiveness.\u201d<\/p>\n<p class=\"mb-4 text-lg md:leading-8 break-words\">Sweeney is currently making waves for a very different outfit she wears <a class=\"link  yahoo-link\" href=\"https:\/\/www.yahoo.com\/entertainment\/tv\/articles\/euphoria-season-3-creator-defends-133505789.html\" data-i13n=\"cpos:9;pos:1\" data-ylk=\"slk:in the third-season premiere of Euphoria;cpos:9;pos:1;elm:context_link;itc:0;sec:content-canvas;outcm:mb_qualified_link;_E:mb_qualified_link;ct:story;\" data-yga=\"{&quot;yLinkPosition&quot;:&quot;9&quot;,&quot;yLinkElement&quot;:&quot;context_link&quot;,&quot;yPosition&quot;:&quot;1&quot;,&quot;yModuleName&quot;:&quot;content-canvas&quot;,&quot;yLinkText&quot;:&quot;in the third-season premiere of Euphoria&quot;,&quot;yHasCommerce&quot;:false}\">in the third-season premiere of <em>Euphoria<\/em><\/a><em>. <\/em>In the episode, which premiered on April 12, her character, Cassie, dresses as a dog \u2014 complete with a corset, dog ears and a tail \u2014 to create social media content she hopes will help her pay for her upcoming wedding to Nate (Jacob Elordi). One person commented on Sweeney\u2019s latest American Eagle ad: \u201cThey make shorts for dogs now?\u201d<\/p>\n<\/div>\n<p><script async src=\"\/\/www.instagram.com\/embed.js\"><\/script><br \/>\n<br \/><a href=\"https:\/\/www.yahoo.com\/entertainment\/celebrity\/article\/sydney-sweeney-debuts-new-american-eagle-ad-after-good-jeans-backlash-165804828.html\">Fonte do Artigo <\/a><\/p>\n","protected":false},"excerpt":{"rendered":"<p>Sydney Sweeney is back with a new American Eagle partnership\u00a0 \u2014 but is it as controversial as her \u201cgood jeans\u201d campaign? On Wednesday, the clothing company unveiled its latest ad with the Euphoria actor \u2014 this time, for jean shorts. The new video, posted online by the brand, features various shots of Sweeney (now sporting [&hellip;]<\/p>\n","protected":false},"author":1,"featured_media":109368,"comment_status":"closed","ping_status":"","sticky":false,"template":"","format":"standard","meta":{"googlesitekit_rrm_CAow2JLhCw:productID":"","_gspb_post_css":"","maa_idioma":"","maa_pais":"","footnotes":""},"categories":[4],"tags":[5310,11535,10490,20596,3408,29084,6098,6097],"class_list":["post-109367","post","type-post","status-publish","format-standard","has-post-thumbnail","hentry","category-brasil","tag-american","tag-backlash","tag-debuts","tag-eagle","tag-good","tag-jeans","tag-sweeney","tag-sydney"],"blocksy_meta":[],"yoast_head":"<!-- This site is optimized with the Yoast SEO Premium plugin v27.6 (Yoast SEO v27.6) - https:\/\/yoast.com\/product\/yoast-seo-premium-wordpress\/ -->\n<title>Sydney Sweeney debuts new American Eagle ad after &#039;good jeans&#039; backlash - Ubirat\u00e3 Online Not\u00edcias - A realidade ao seu alcance!<\/title>\n<meta name=\"description\" content=\"Sydney Sweeney is back with a new American Eagle partnership\u00a0 \u2014 but is it as controversial as her \u201cgood jeans\u201d campaign?On Wednesday, the clothing company\" \/>\n<meta name=\"robots\" content=\"index, follow, max-snippet:-1, max-image-preview:large, max-video-preview:-1\" \/>\n<link rel=\"canonical\" href=\"https:\/\/ubirataonline.com.br\/en\/sydney-sweeney-debuts-new-american-eagle-ad-after-good-jeans-backlash\/\" \/>\n<meta property=\"og:locale\" content=\"en_US\" \/>\n<meta property=\"og:type\" content=\"article\" \/>\n<meta property=\"og:title\" content=\"Sydney Sweeney debuts new American Eagle ad after &#039;good jeans&#039; backlash\" \/>\n<meta property=\"og:description\" content=\"Sydney Sweeney is back with a new American Eagle partnership\u00a0 \u2014 but is it as controversial as her \u201cgood jeans\u201d campaign?On Wednesday, the clothing company\" \/>\n<meta property=\"og:url\" content=\"https:\/\/ubirataonline.com.br\/en\/sydney-sweeney-debuts-new-american-eagle-ad-after-good-jeans-backlash\/\" \/>\n<meta property=\"og:site_name\" content=\"Ubirat\u00e3 Online Not\u00edcias - A realidade ao seu alcance!\" \/>\n<meta property=\"article:publisher\" content=\"https:\/\/www.facebook.com\/portalubirataonline\" \/>\n<meta property=\"article:author\" content=\"https:\/\/www.facebook.com\/portalubirataonline\" \/>\n<meta property=\"article:published_time\" content=\"2026-04-16T23:00:55+00:00\" \/>\n<meta property=\"article:modified_time\" content=\"2026-04-16T23:00:58+00:00\" \/>\n<meta property=\"og:image\" content=\"https:\/\/ubirataonline.com.br\/wp-content\/uploads\/2026\/04\/Sydney-Sweeney-debuts-new-American-Eagle-ad-after-good-jeans.jpg\" \/>\n\t<meta property=\"og:image:width\" content=\"1200\" \/>\n\t<meta property=\"og:image:height\" content=\"675\" \/>\n\t<meta property=\"og:image:type\" content=\"image\/jpeg\" \/>\n<meta name=\"author\" content=\"REDA\u00c7\u00c3O: UBIRAT\u00c3 ONLINE - F\u00c1BIO AUGUSTO CELESTINO\" \/>\n<meta name=\"twitter:card\" content=\"summary_large_image\" \/>\n<meta name=\"twitter:creator\" content=\"@x.com\/ubirataonline\" \/>\n<meta name=\"twitter:site\" content=\"@ubirataonline\" \/>\n<meta name=\"twitter:label1\" content=\"Written by\" \/>\n\t<meta name=\"twitter:data1\" content=\"REDA\u00c7\u00c3O: UBIRAT\u00c3 ONLINE - F\u00c1BIO AUGUSTO CELESTINO\" \/>\n\t<meta name=\"twitter:label2\" content=\"Est. reading time\" \/>\n\t<meta name=\"twitter:data2\" content=\"3 minutes\" \/>\n<script type=\"application\/ld+json\" class=\"yoast-schema-graph\">{\"@context\":\"https:\\\/\\\/schema.org\",\"@graph\":[{\"@type\":\"NewsArticle\",\"@id\":\"https:\\\/\\\/ubirataonline.com.br\\\/sydney-sweeney-debuts-new-american-eagle-ad-after-good-jeans-backlash\\\/#article\",\"isPartOf\":{\"@id\":\"https:\\\/\\\/ubirataonline.com.br\\\/sydney-sweeney-debuts-new-american-eagle-ad-after-good-jeans-backlash\\\/\"},\"author\":{\"name\":\"REDA\u00c7\u00c3O: UBIRAT\u00c3 ONLINE - F\u00c1BIO AUGUSTO CELESTINO\",\"@id\":\"https:\\\/\\\/ubirataonline.com.br\\\/#\\\/schema\\\/person\\\/372f87bbd3fdd79b8556b84c98d0bc1c\"},\"headline\":\"Sydney Sweeney debuts new American Eagle ad after &#8216;good jeans&#8217; backlash\",\"datePublished\":\"2026-04-16T23:00:55+00:00\",\"dateModified\":\"2026-04-16T23:00:58+00:00\",\"mainEntityOfPage\":{\"@id\":\"https:\\\/\\\/ubirataonline.com.br\\\/sydney-sweeney-debuts-new-american-eagle-ad-after-good-jeans-backlash\\\/\"},\"wordCount\":536,\"publisher\":{\"@id\":\"https:\\\/\\\/ubirataonline.com.br\\\/#organization\"},\"image\":{\"@id\":\"https:\\\/\\\/ubirataonline.com.br\\\/sydney-sweeney-debuts-new-american-eagle-ad-after-good-jeans-backlash\\\/#primaryimage\"},\"thumbnailUrl\":\"https:\\\/\\\/ubirataonline.com.br\\\/wp-content\\\/uploads\\\/2026\\\/04\\\/Sydney-Sweeney-debuts-new-American-Eagle-ad-after-good-jeans.jpg\",\"keywords\":[\"American\",\"Backlash\",\"Debuts\",\"Eagle\",\"Good\",\"jeans\",\"Sweeney\",\"Sydney\"],\"articleSection\":[\"Brasil\"],\"inLanguage\":\"en-US\",\"copyrightYear\":\"2026\",\"copyrightHolder\":{\"@id\":\"https:\\\/\\\/ubirataonline.com.br\\\/en\\\/#organization\"}},{\"@type\":\"WebPage\",\"@id\":\"https:\\\/\\\/ubirataonline.com.br\\\/sydney-sweeney-debuts-new-american-eagle-ad-after-good-jeans-backlash\\\/\",\"url\":\"https:\\\/\\\/ubirataonline.com.br\\\/sydney-sweeney-debuts-new-american-eagle-ad-after-good-jeans-backlash\\\/\",\"name\":\"Sydney Sweeney debuts new American Eagle ad after 'good jeans' backlash - Ubirat\u00e3 Online Not\u00edcias - A realidade ao seu alcance!\",\"isPartOf\":{\"@id\":\"https:\\\/\\\/ubirataonline.com.br\\\/#website\"},\"primaryImageOfPage\":{\"@id\":\"https:\\\/\\\/ubirataonline.com.br\\\/sydney-sweeney-debuts-new-american-eagle-ad-after-good-jeans-backlash\\\/#primaryimage\"},\"image\":{\"@id\":\"https:\\\/\\\/ubirataonline.com.br\\\/sydney-sweeney-debuts-new-american-eagle-ad-after-good-jeans-backlash\\\/#primaryimage\"},\"thumbnailUrl\":\"https:\\\/\\\/ubirataonline.com.br\\\/wp-content\\\/uploads\\\/2026\\\/04\\\/Sydney-Sweeney-debuts-new-American-Eagle-ad-after-good-jeans.jpg\",\"datePublished\":\"2026-04-16T23:00:55+00:00\",\"dateModified\":\"2026-04-16T23:00:58+00:00\",\"description\":\"Sydney Sweeney is back with a new American Eagle partnership\u00a0 \u2014 but is it as controversial as her \u201cgood jeans\u201d campaign?On Wednesday, the clothing company\",\"breadcrumb\":{\"@id\":\"https:\\\/\\\/ubirataonline.com.br\\\/sydney-sweeney-debuts-new-american-eagle-ad-after-good-jeans-backlash\\\/#breadcrumb\"},\"inLanguage\":\"en-US\",\"potentialAction\":[{\"@type\":\"ReadAction\",\"target\":[\"https:\\\/\\\/ubirataonline.com.br\\\/sydney-sweeney-debuts-new-american-eagle-ad-after-good-jeans-backlash\\\/\"]}]},{\"@type\":\"ImageObject\",\"inLanguage\":\"en-US\",\"@id\":\"https:\\\/\\\/ubirataonline.com.br\\\/sydney-sweeney-debuts-new-american-eagle-ad-after-good-jeans-backlash\\\/#primaryimage\",\"url\":\"https:\\\/\\\/ubirataonline.com.br\\\/wp-content\\\/uploads\\\/2026\\\/04\\\/Sydney-Sweeney-debuts-new-American-Eagle-ad-after-good-jeans.jpg\",\"contentUrl\":\"https:\\\/\\\/ubirataonline.com.br\\\/wp-content\\\/uploads\\\/2026\\\/04\\\/Sydney-Sweeney-debuts-new-American-Eagle-ad-after-good-jeans.jpg\",\"width\":1200,\"height\":675,\"caption\":\"Sydney Sweeney in 2026. (Axelle\\\/Bauer-Griffin\\\/FilmMagic via Getty Images)\"},{\"@type\":\"BreadcrumbList\",\"@id\":\"https:\\\/\\\/ubirataonline.com.br\\\/sydney-sweeney-debuts-new-american-eagle-ad-after-good-jeans-backlash\\\/#breadcrumb\",\"itemListElement\":[{\"@type\":\"ListItem\",\"position\":1,\"name\":\"In\u00edcio\",\"item\":\"https:\\\/\\\/ubirataonline.com.br\\\/\"},{\"@type\":\"ListItem\",\"position\":2,\"name\":\"Sydney Sweeney debuts new American Eagle ad after &#8216;good jeans&#8217; backlash\"}]},{\"@type\":\"WebSite\",\"@id\":\"https:\\\/\\\/ubirataonline.com.br\\\/#website\",\"url\":\"https:\\\/\\\/ubirataonline.com.br\\\/\",\"name\":\"Ubirat\u00e3 Online Not\u00edcias\",\"description\":\"Not\u00edcias de Ubirat\u00e3, regi\u00e3o, Brasil e mundo, com informa\u00e7\u00e3o atualizada e compromisso com o leitor.\",\"publisher\":{\"@id\":\"https:\\\/\\\/ubirataonline.com.br\\\/#organization\"},\"alternateName\":\"Ubirat\u00e3 Online\",\"potentialAction\":[{\"@type\":\"SearchAction\",\"target\":{\"@type\":\"EntryPoint\",\"urlTemplate\":\"https:\\\/\\\/ubirataonline.com.br\\\/?s={search_term_string}\"},\"query-input\":{\"@type\":\"PropertyValueSpecification\",\"valueRequired\":true,\"valueName\":\"search_term_string\"}}],\"inLanguage\":\"en-US\"},{\"@type\":[\"Organization\",\"Place\"],\"@id\":\"https:\\\/\\\/ubirataonline.com.br\\\/#organization\",\"name\":\"Ubirat\u00e3 Online Not\u00edcias\",\"alternateName\":\"Ubirat\u00e3 Online\",\"url\":\"https:\\\/\\\/ubirataonline.com.br\\\/\",\"logo\":{\"@id\":\"https:\\\/\\\/ubirataonline.com.br\\\/sydney-sweeney-debuts-new-american-eagle-ad-after-good-jeans-backlash\\\/#local-main-organization-logo\"},\"image\":{\"@id\":\"https:\\\/\\\/ubirataonline.com.br\\\/sydney-sweeney-debuts-new-american-eagle-ad-after-good-jeans-backlash\\\/#local-main-organization-logo\"},\"sameAs\":[\"https:\\\/\\\/www.facebook.com\\\/portalubirataonline\",\"https:\\\/\\\/x.com\\\/ubirataonline\",\"https:\\\/\\\/mastodon.social\\\/@ubirataonline\",\"https:\\\/\\\/www.facebook.com\\\/groups\\\/311144672285604\",\"https:\\\/\\\/www.facebook.com\\\/UBTAOnline\",\"https:\\\/\\\/www.instagram.com\\\/portalubirataonline\\\/\",\"https:\\\/\\\/twitter.com\\\/ubirataonline\"],\"description\":\"Somos um portal de not\u00edcias independente, criado em 5 de janeiro de 2009, com o objetivo de informar, conectar e valorizar a nossa comunidade de Ubirat\u00e3 e toda aregi\u00e3o. Com conte\u00fado atualizado, confi\u00e1vel e relevante, o Ubirat\u00e3 Online \u00e9 o seu espa\u00e7o para ficar por dentro dos principais acontecimentos locais, regionais, Brasil, Mundo e de interesse geral. Nosso compromisso \u00e9 com a verdade, a transpar\u00eancia e o respeito ao leitor.\",\"legalName\":\"UBIRATA ONLINE NOT\u00cdCIAS\",\"foundingDate\":\"2009-01-05\",\"numberOfEmployees\":{\"@type\":\"QuantitativeValue\",\"minValue\":\"1\",\"maxValue\":\"10\"},\"publishingPrinciples\":\"https:\\\/\\\/ubirataonline.com.br\\\/faq\\\/\",\"address\":{\"@id\":\"https:\\\/\\\/ubirataonline.com.br\\\/sydney-sweeney-debuts-new-american-eagle-ad-after-good-jeans-backlash\\\/#local-main-place-address\"},\"geo\":{\"@type\":\"GeoCoordinates\",\"latitude\":\"-24.5361401\",\"longitude\":\"-52.9921776\"},\"telephone\":[\"+5544998308235\"],\"contactPoint\":{\"@type\":\"ContactPoint\",\"email\":\"contato@ubirataonline.com.br\"},\"openingHoursSpecification\":{\"@type\":\"OpeningHoursSpecification\",\"dayOfWeek\":[\"Monday\",\"Tuesday\",\"Wednesday\",\"Thursday\",\"Friday\",\"Saturday\",\"Sunday\"],\"opens\":\"00:00\",\"closes\":\"23:59\"},\"email\":\"contato@ubirataonline.com.br\",\"vatID\":\"47.621.418\\\/0001-80\"},{\"@type\":\"Person\",\"@id\":\"https:\\\/\\\/ubirataonline.com.br\\\/#\\\/schema\\\/person\\\/372f87bbd3fdd79b8556b84c98d0bc1c\",\"name\":\"REDA\u00c7\u00c3O: UBIRAT\u00c3 ONLINE - F\u00c1BIO AUGUSTO CELESTINO\",\"pronouns\":\"Ele\",\"description\":\"Desde 2003 trabalhando com not\u00edcias.\",\"sameAs\":[\"http:\\\/\\\/ubirataoline.com.br\",\"https:\\\/\\\/www.facebook.com\\\/portalubirataonline\",\"https:\\\/\\\/www.instagram.com\\\/ubirataonline_oficial\",\"https:\\\/\\\/x.com\\\/x.com\\\/ubirataonline\"],\"honorificPrefix\":\"Mr.\",\"honorificSuffix\":\"MD\",\"birthDate\":\"1980-06-16\",\"gender\":\"masculino\",\"award\":[\"V\u00e1rios pr\u00eamios de melhor portal da cidade\"],\"jobTitle\":\"Diretor\",\"url\":\"https:\\\/\\\/ubirataonline.com.br\\\/en\\\/author\\\/ubirataonline\\\/\"},{\"@type\":\"PostalAddress\",\"@id\":\"https:\\\/\\\/ubirataonline.com.br\\\/sydney-sweeney-debuts-new-american-eagle-ad-after-good-jeans-backlash\\\/#local-main-place-address\",\"streetAddress\":\"Rua dos Coqueiros, 104 - Bairro Boa Vista, Rua dos Coqueiros, 104 Bairro Boa Vista\",\"addressLocality\":\"UBIRATA\",\"postalCode\":\"85440-000\",\"addressRegion\":\"PR\",\"addressCountry\":\"BR\"},{\"@type\":\"ImageObject\",\"inLanguage\":\"en-US\",\"@id\":\"https:\\\/\\\/ubirataonline.com.br\\\/sydney-sweeney-debuts-new-american-eagle-ad-after-good-jeans-backlash\\\/#local-main-organization-logo\",\"url\":\"https:\\\/\\\/ubirataonline.com.br\\\/wp-content\\\/uploads\\\/2026\\\/06\\\/logoubirataonline-1.webp\",\"contentUrl\":\"https:\\\/\\\/ubirataonline.com.br\\\/wp-content\\\/uploads\\\/2026\\\/06\\\/logoubirataonline-1.webp\",\"width\":500,\"height\":500,\"caption\":\"Ubirat\u00e3 Online Not\u00edcias\"}]}<\/script>\n<meta name=\"geo.placename\" content=\"UBIRATA\" \/>\n<meta name=\"geo.position\" content=\"-24.5361401;-52.9921776\" \/>\n<meta name=\"geo.region\" content=\"Brazil\" \/>\n<!-- \/ Yoast SEO Premium plugin. -->","yoast_head_json":{"title":"Sydney Sweeney debuts new American Eagle ad after 'good jeans' backlash - Ubirat\u00e3 Online Not\u00edcias - A realidade ao seu alcance!","description":"Sydney Sweeney is back with a new American Eagle partnership\u00a0 \u2014 but is it as controversial as her \u201cgood jeans\u201d campaign?On Wednesday, the clothing company","robots":{"index":"index","follow":"follow","max-snippet":"max-snippet:-1","max-image-preview":"max-image-preview:large","max-video-preview":"max-video-preview:-1"},"canonical":"https:\/\/ubirataonline.com.br\/en\/sydney-sweeney-debuts-new-american-eagle-ad-after-good-jeans-backlash\/","og_locale":"en_US","og_type":"article","og_title":"Sydney Sweeney debuts new American Eagle ad after 'good jeans' backlash","og_description":"Sydney Sweeney is back with a new American Eagle partnership\u00a0 \u2014 but is it as controversial as her \u201cgood jeans\u201d campaign?On Wednesday, the clothing company","og_url":"https:\/\/ubirataonline.com.br\/en\/sydney-sweeney-debuts-new-american-eagle-ad-after-good-jeans-backlash\/","og_site_name":"Ubirat\u00e3 Online Not\u00edcias - A realidade ao seu alcance!","article_publisher":"https:\/\/www.facebook.com\/portalubirataonline","article_author":"https:\/\/www.facebook.com\/portalubirataonline","article_published_time":"2026-04-16T23:00:55+00:00","article_modified_time":"2026-04-16T23:00:58+00:00","og_image":[{"width":1200,"height":675,"url":"https:\/\/ubirataonline.com.br\/wp-content\/uploads\/2026\/04\/Sydney-Sweeney-debuts-new-American-Eagle-ad-after-good-jeans.jpg","type":"image\/jpeg"}],"author":"REDA\u00c7\u00c3O: UBIRAT\u00c3 ONLINE - F\u00c1BIO AUGUSTO CELESTINO","twitter_card":"summary_large_image","twitter_creator":"@x.com\/ubirataonline","twitter_site":"@ubirataonline","twitter_misc":{"Written by":"REDA\u00c7\u00c3O: UBIRAT\u00c3 ONLINE - F\u00c1BIO AUGUSTO CELESTINO","Est. reading time":"3 minutes"},"schema":{"@context":"https:\/\/schema.org","@graph":[{"@type":"NewsArticle","@id":"https:\/\/ubirataonline.com.br\/sydney-sweeney-debuts-new-american-eagle-ad-after-good-jeans-backlash\/#article","isPartOf":{"@id":"https:\/\/ubirataonline.com.br\/sydney-sweeney-debuts-new-american-eagle-ad-after-good-jeans-backlash\/"},"author":{"name":"REDA\u00c7\u00c3O: UBIRAT\u00c3 ONLINE - F\u00c1BIO AUGUSTO CELESTINO","@id":"https:\/\/ubirataonline.com.br\/#\/schema\/person\/372f87bbd3fdd79b8556b84c98d0bc1c"},"headline":"Sydney Sweeney debuts new American Eagle ad after &#8216;good jeans&#8217; backlash","datePublished":"2026-04-16T23:00:55+00:00","dateModified":"2026-04-16T23:00:58+00:00","mainEntityOfPage":{"@id":"https:\/\/ubirataonline.com.br\/sydney-sweeney-debuts-new-american-eagle-ad-after-good-jeans-backlash\/"},"wordCount":536,"publisher":{"@id":"https:\/\/ubirataonline.com.br\/#organization"},"image":{"@id":"https:\/\/ubirataonline.com.br\/sydney-sweeney-debuts-new-american-eagle-ad-after-good-jeans-backlash\/#primaryimage"},"thumbnailUrl":"https:\/\/ubirataonline.com.br\/wp-content\/uploads\/2026\/04\/Sydney-Sweeney-debuts-new-American-Eagle-ad-after-good-jeans.jpg","keywords":["American","Backlash","Debuts","Eagle","Good","jeans","Sweeney","Sydney"],"articleSection":["Brasil"],"inLanguage":"en-US","copyrightYear":"2026","copyrightHolder":{"@id":"https:\/\/ubirataonline.com.br\/en\/#organization"}},{"@type":"WebPage","@id":"https:\/\/ubirataonline.com.br\/sydney-sweeney-debuts-new-american-eagle-ad-after-good-jeans-backlash\/","url":"https:\/\/ubirataonline.com.br\/sydney-sweeney-debuts-new-american-eagle-ad-after-good-jeans-backlash\/","name":"Sydney Sweeney debuts new American Eagle ad after 'good jeans' backlash - Ubirat\u00e3 Online Not\u00edcias - A realidade ao seu alcance!","isPartOf":{"@id":"https:\/\/ubirataonline.com.br\/#website"},"primaryImageOfPage":{"@id":"https:\/\/ubirataonline.com.br\/sydney-sweeney-debuts-new-american-eagle-ad-after-good-jeans-backlash\/#primaryimage"},"image":{"@id":"https:\/\/ubirataonline.com.br\/sydney-sweeney-debuts-new-american-eagle-ad-after-good-jeans-backlash\/#primaryimage"},"thumbnailUrl":"https:\/\/ubirataonline.com.br\/wp-content\/uploads\/2026\/04\/Sydney-Sweeney-debuts-new-American-Eagle-ad-after-good-jeans.jpg","datePublished":"2026-04-16T23:00:55+00:00","dateModified":"2026-04-16T23:00:58+00:00","description":"Sydney Sweeney is back with a new American Eagle partnership\u00a0 \u2014 but is it as controversial as her \u201cgood jeans\u201d campaign?On Wednesday, the clothing company","breadcrumb":{"@id":"https:\/\/ubirataonline.com.br\/sydney-sweeney-debuts-new-american-eagle-ad-after-good-jeans-backlash\/#breadcrumb"},"inLanguage":"en-US","potentialAction":[{"@type":"ReadAction","target":["https:\/\/ubirataonline.com.br\/sydney-sweeney-debuts-new-american-eagle-ad-after-good-jeans-backlash\/"]}]},{"@type":"ImageObject","inLanguage":"en-US","@id":"https:\/\/ubirataonline.com.br\/sydney-sweeney-debuts-new-american-eagle-ad-after-good-jeans-backlash\/#primaryimage","url":"https:\/\/ubirataonline.com.br\/wp-content\/uploads\/2026\/04\/Sydney-Sweeney-debuts-new-American-Eagle-ad-after-good-jeans.jpg","contentUrl":"https:\/\/ubirataonline.com.br\/wp-content\/uploads\/2026\/04\/Sydney-Sweeney-debuts-new-American-Eagle-ad-after-good-jeans.jpg","width":1200,"height":675,"caption":"Sydney Sweeney in 2026. (Axelle\/Bauer-Griffin\/FilmMagic via Getty Images)"},{"@type":"BreadcrumbList","@id":"https:\/\/ubirataonline.com.br\/sydney-sweeney-debuts-new-american-eagle-ad-after-good-jeans-backlash\/#breadcrumb","itemListElement":[{"@type":"ListItem","position":1,"name":"In\u00edcio","item":"https:\/\/ubirataonline.com.br\/"},{"@type":"ListItem","position":2,"name":"Sydney Sweeney debuts new American Eagle ad after &#8216;good jeans&#8217; backlash"}]},{"@type":"WebSite","@id":"https:\/\/ubirataonline.com.br\/#website","url":"https:\/\/ubirataonline.com.br\/","name":"Ubirat\u00e3 Online Not\u00edcias","description":"Not\u00edcias de Ubirat\u00e3, regi\u00e3o, Brasil e mundo, com informa\u00e7\u00e3o atualizada e compromisso com o leitor.","publisher":{"@id":"https:\/\/ubirataonline.com.br\/#organization"},"alternateName":"Ubirat\u00e3 Online","potentialAction":[{"@type":"SearchAction","target":{"@type":"EntryPoint","urlTemplate":"https:\/\/ubirataonline.com.br\/?s={search_term_string}"},"query-input":{"@type":"PropertyValueSpecification","valueRequired":true,"valueName":"search_term_string"}}],"inLanguage":"en-US"},{"@type":["Organization","Place"],"@id":"https:\/\/ubirataonline.com.br\/#organization","name":"Ubirat\u00e3 Online Not\u00edcias","alternateName":"Ubirat\u00e3 Online","url":"https:\/\/ubirataonline.com.br\/","logo":{"@id":"https:\/\/ubirataonline.com.br\/sydney-sweeney-debuts-new-american-eagle-ad-after-good-jeans-backlash\/#local-main-organization-logo"},"image":{"@id":"https:\/\/ubirataonline.com.br\/sydney-sweeney-debuts-new-american-eagle-ad-after-good-jeans-backlash\/#local-main-organization-logo"},"sameAs":["https:\/\/www.facebook.com\/portalubirataonline","https:\/\/x.com\/ubirataonline","https:\/\/mastodon.social\/@ubirataonline","https:\/\/www.facebook.com\/groups\/311144672285604","https:\/\/www.facebook.com\/UBTAOnline","https:\/\/www.instagram.com\/portalubirataonline\/","https:\/\/twitter.com\/ubirataonline"],"description":"Somos um portal de not\u00edcias independente, criado em 5 de janeiro de 2009, com o objetivo de informar, conectar e valorizar a nossa comunidade de Ubirat\u00e3 e toda aregi\u00e3o. Com conte\u00fado atualizado, confi\u00e1vel e relevante, o Ubirat\u00e3 Online \u00e9 o seu espa\u00e7o para ficar por dentro dos principais acontecimentos locais, regionais, Brasil, Mundo e de interesse geral. Nosso compromisso \u00e9 com a verdade, a transpar\u00eancia e o respeito ao leitor.","legalName":"UBIRATA ONLINE NOT\u00cdCIAS","foundingDate":"2009-01-05","numberOfEmployees":{"@type":"QuantitativeValue","minValue":"1","maxValue":"10"},"publishingPrinciples":"https:\/\/ubirataonline.com.br\/faq\/","address":{"@id":"https:\/\/ubirataonline.com.br\/sydney-sweeney-debuts-new-american-eagle-ad-after-good-jeans-backlash\/#local-main-place-address"},"geo":{"@type":"GeoCoordinates","latitude":"-24.5361401","longitude":"-52.9921776"},"telephone":["+5544998308235"],"contactPoint":{"@type":"ContactPoint","email":"contato@ubirataonline.com.br"},"openingHoursSpecification":{"@type":"OpeningHoursSpecification","dayOfWeek":["Monday","Tuesday","Wednesday","Thursday","Friday","Saturday","Sunday"],"opens":"00:00","closes":"23:59"},"email":"contato@ubirataonline.com.br","vatID":"47.621.418\/0001-80"},{"@type":"Person","@id":"https:\/\/ubirataonline.com.br\/#\/schema\/person\/372f87bbd3fdd79b8556b84c98d0bc1c","name":"REDA\u00c7\u00c3O: UBIRAT\u00c3 ONLINE - F\u00c1BIO AUGUSTO CELESTINO","pronouns":"Ele","description":"Desde 2003 trabalhando com not\u00edcias.","sameAs":["http:\/\/ubirataoline.com.br","https:\/\/www.facebook.com\/portalubirataonline","https:\/\/www.instagram.com\/ubirataonline_oficial","https:\/\/x.com\/x.com\/ubirataonline"],"honorificPrefix":"Mr.","honorificSuffix":"MD","birthDate":"1980-06-16","gender":"masculino","award":["V\u00e1rios pr\u00eamios de melhor portal da cidade"],"jobTitle":"Diretor","url":"https:\/\/ubirataonline.com.br\/en\/author\/ubirataonline\/"},{"@type":"PostalAddress","@id":"https:\/\/ubirataonline.com.br\/sydney-sweeney-debuts-new-american-eagle-ad-after-good-jeans-backlash\/#local-main-place-address","streetAddress":"Rua dos Coqueiros, 104 - Bairro Boa Vista, Rua dos Coqueiros, 104 Bairro Boa Vista","addressLocality":"UBIRATA","postalCode":"85440-000","addressRegion":"PR","addressCountry":"BR"},{"@type":"ImageObject","inLanguage":"en-US","@id":"https:\/\/ubirataonline.com.br\/sydney-sweeney-debuts-new-american-eagle-ad-after-good-jeans-backlash\/#local-main-organization-logo","url":"https:\/\/ubirataonline.com.br\/wp-content\/uploads\/2026\/06\/logoubirataonline-1.webp","contentUrl":"https:\/\/ubirataonline.com.br\/wp-content\/uploads\/2026\/06\/logoubirataonline-1.webp","width":500,"height":500,"caption":"Ubirat\u00e3 Online Not\u00edcias"}]},"geo.placename":"UBIRATA","geo.position":{"lat":"-24.5361401","long":"-52.9921776"},"geo.region":"Brazil"},"_links":{"self":[{"href":"https:\/\/ubirataonline.com.br\/en\/wp-json\/wp\/v2\/posts\/109367","targetHints":{"allow":["GET"]}}],"collection":[{"href":"https:\/\/ubirataonline.com.br\/en\/wp-json\/wp\/v2\/posts"}],"about":[{"href":"https:\/\/ubirataonline.com.br\/en\/wp-json\/wp\/v2\/types\/post"}],"author":[{"embeddable":true,"href":"https:\/\/ubirataonline.com.br\/en\/wp-json\/wp\/v2\/users\/1"}],"replies":[{"embeddable":true,"href":"https:\/\/ubirataonline.com.br\/en\/wp-json\/wp\/v2\/comments?post=109367"}],"version-history":[{"count":0,"href":"https:\/\/ubirataonline.com.br\/en\/wp-json\/wp\/v2\/posts\/109367\/revisions"}],"wp:featuredmedia":[{"embeddable":true,"href":"https:\/\/ubirataonline.com.br\/en\/wp-json\/wp\/v2\/media\/109368"}],"wp:attachment":[{"href":"https:\/\/ubirataonline.com.br\/en\/wp-json\/wp\/v2\/media?parent=109367"}],"wp:term":[{"taxonomy":"category","embeddable":true,"href":"https:\/\/ubirataonline.com.br\/en\/wp-json\/wp\/v2\/categories?post=109367"},{"taxonomy":"post_tag","embeddable":true,"href":"https:\/\/ubirataonline.com.br\/en\/wp-json\/wp\/v2\/tags?post=109367"}],"curies":[{"name":"wp","href":"https:\/\/api.w.org\/{rel}","templated":true}]}}