{"id":109442,"date":"2026-04-16T21:32:38","date_gmt":"2026-04-17T00:32:38","guid":{"rendered":"https:\/\/ubirataonline.com.br\/ice-head-todd-lyons-planning-to-leave-agency-this-spring\/"},"modified":"2026-04-16T21:32:41","modified_gmt":"2026-04-17T00:32:41","slug":"ice-head-todd-lyons-planning-to-leave-agency-this-spring","status":"publish","type":"post","link":"https:\/\/ubirataonline.com.br\/en\/ice-head-todd-lyons-planning-to-leave-agency-this-spring\/","title":{"rendered":"ICE head Todd Lyons planning to leave agency this spring"},"content":{"rendered":"<p><br \/>\n<\/p>\n<div id=\"\">\n<p>Todd Lyons, the acting head of U.S. Immigration and Customs Enforcement, is planning to leave the federal government later this spring, after leading the agency at the forefront of President Trump&#8217;s deportation crackdown for over a year, two U.S. officials familiar with his plan told CBS News.<\/p>\n<p>Lyons, a two-decade ICE veteran, told colleagues that he&#8217;s planning to depart the agency in June to spend more time with family, including his sons, in Massachusetts, the officials said, requesting anonymity to discuss a move that has not been publicly announced. Lyons is expected to join the private sector after leaving ICE.<\/p>\n<p>The expected departure will create a leadership void at the helm of an agency that has become a flashpoint over its central and highly visible role in Mr. Trump&#8217;s nationwide operation to deport millions of immigrants living in the U.S. illegally.<\/p>\n<p>It&#8217;s not immediately clear who would replace Lyons. For nearly a decade, ICE has had a dozen acting directors, lacking a Senate-confirmed head since early 2017, at the end of the Obama administration. Lyons was named acting ICE director in March 2025.<\/p>\n<p>Finding a successor for Lyons will also be one of the first major decisions for Homeland Security Secretary <span class=\"link\"><a href=\"https:\/\/www.cbsnews.com\/news\/markwayne-mullin-confirmed-dhs-secretary-senate\/\" data-invalid-url-rewritten-http=\"\">Markwayne Mullin<\/a><\/span>, who was confirmed by the Senate last month after Mr. Trump <span class=\"link\"><a href=\"https:\/\/www.cbsnews.com\/news\/kristi-noem-out-as-secretary-of-homeland-security-markwayne-mullin\/\" data-invalid-url-rewritten-http=\"\">ousted Kristi Noem<\/a><\/span> amid <span class=\"link\"><a href=\"https:\/\/www.cbsnews.com\/news\/decision-to-remove-kristi-noem-dhs-secretary\/\" data-invalid-url-rewritten-http=\"\">concerns about her leadership style<\/a><\/span> and growing backlash to aggressive immigration enforcement operations in cities like Minneapolis.\u00a0<\/p>\n<p>In a statement to CBS News Thursday, Mullin confirmed Lyons&#8217; departure, saying May 31 is set to be his last official day. He wished Lyons &#8220;luck on his next opportunity in the private sector.&#8221;<\/p>\n<p>&#8220;Director Lyons has been a great leader of ICE and key player in helping the Trump administration remove murderers, rapists, pedophiles, terrorists, and gang members from American communities,&#8221; Mullin said. &#8220;He jumpstarted an agency that had not been allowed to do its job for four years. Thanks to his leadership, American communities are safer.&#8221;<\/p>\n<p>In a separate statement, Stephen Miller, White House deputy chief of staff, described Lyons as &#8220;a phenomenal patriot and dedicated leader who has been at the center of President Trump&#8217;s historic efforts to secure our homeland and reverse the Democrats&#8217; sinister border invasion.&#8221;<\/p>\n<p>An Air Force veteran who was deployed overseas, Lyons joined ICE in 2007 as an agent in Dallas. He eventually rose to the No. 2 spot in ICE&#8217;s Dallas field office, before becoming the field office director of the agency&#8217;s Boston region, which covers all of New England. Lyons later assumed leadership roles at ICE headquarters, including as the assistant director for field operations at ICE&#8217;s deportation branch, Enforcement and Removal Operations.<\/p>\n<p>Lyons, who is well-liked among career ICE officials, publicly embraced Mr. Trump&#8217;s crackdown. But he also at times disagreed internally with some administration decisions, including Noem&#8217;s effort to elevate Border Patrol official <span class=\"link\"><a href=\"https:\/\/www.cbsnews.com\/chicago\/news\/judge-sara-ellis-injunction-ruling-midway-blitz-gregory-bovino\/\" data-invalid-url-rewritten-http=\"\">Gregory Bovino<\/a><\/span> and task him with leading sweeping and controversial roundups in major U.S. cities.<\/p>\n<p>After the fatal shootings of U.S. citizens <span class=\"link\"><a href=\"https:\/\/www.cbsnews.com\/minnesota\/news\/ice-shooting-minneapolis-retired-agent-video-analysis\/\" data-invalid-url-rewritten-http=\"\">Renee Good<\/a><\/span> and <span class=\"link\"><a href=\"https:\/\/www.cbsnews.com\/news\/alex-pretti-shooting-contrast-official-accounts-videos\/\" data-invalid-url-rewritten-http=\"\">Alex Pretti<\/a><\/span> in Minneapolis \u2014 and the bipartisan backlash that ensued \u2014 <span class=\"link\"><a href=\"https:\/\/www.cbsnews.com\/news\/gregory-bovino-border-patrol-leave-minneapolis\/\" data-invalid-url-rewritten-http=\"\">Bovino<\/a><\/span> was relieved of his command there. Border czar Tom Homan was sent to Minneapolis to wind down the operation, and Bovino has since retired from government service.<\/p>\n<p>While he allowed ICE agents to arrest anyone they determined was in the U.S. illegally, Lyons internally pushed for operations to target those with criminal histories, a population the agency has historically prioritized for arrest and deportation, sources familiar with his efforts told CBS News.\u00a0<\/p>\n<p>Over the past year, ICE has faced intense scrutiny from Democratic lawmakers, some of whom have called for its abolishment. A <span class=\"link\"><a href=\"https:\/\/www.cbsnews.com\/news\/ice-trump-greenland-trump-poll\/\" data-invalid-url-rewritten-http=\"\">growing<\/a><\/span> <span class=\"link\"><a href=\"https:\/\/www.cbsnews.com\/news\/cbs-news-poll-deportation-operations-divide\/\" data-invalid-url-rewritten-http=\"\">number<\/a><\/span> of Americans have decried the agency&#8217;s operations as inhumane and excessively harsh, and many have criticized the practice of agents wearing masks. Democrats in Congress have refused to fully fund the agency unless the Trump administration agrees to make certain <span class=\"link\"><a href=\"https:\/\/www.cbsnews.com\/news\/dhs-shutdown-senate-deal\/\" data-invalid-url-rewritten-http=\"\">reforms<\/a><\/span>, spurring the ongoing <span class=\"link\"><a href=\"https:\/\/www.cbsnews.com\/news\/homeland-security-funding-immigration-reforms-senate-democrats-vote\/\" data-invalid-url-rewritten-http=\"\">partial government shutdown<\/a><\/span>.<\/p>\n<p>Under Lyons&#8217; leadership, ICE has mounted a massive push to recruit and hire thousands of additional deportation agents, thanks to $75 billion in funds provided by the One Big Beautiful Bill Act. He also signed a May 2025 memo, disclosed earlier this year by a whistleblower, that authorized ICE agents to forcibly <span class=\"link\"><a href=\"https:\/\/www.cbsnews.com\/minnesota\/news\/immigration-officers-power-enter-homes-without-judge-warrant\/\" data-invalid-url-rewritten-http=\"\">enter homes without judicial warrants<\/a><\/span> during certain operations, a marked shift from longstanding agency practice and policy.<\/p>\n<section class=\"content__body--footer\">\n<\/section>\n<p>  <!-- data-recirc-source=\"chartbeat\" --><\/p>\n<aside class=\"component list recirculation component--type-recirculation  component--type-recirculation-collection\">\n<div class=\"component__item-recirc-block\">\n<p><h3 class=\"component__title\">Go deeper with The Free Press<\/h3>\n<\/p><\/div>\n<\/aside>\n<section class=\"content__body--footer\">\n      <!-- tags --><\/p>\n<section class=\"content__tags\">\n<p class=\"content__tags__label\">In:<\/p>\n<\/section>\n<\/section><\/div>\n<p><br \/>\n<br \/><a href=\"https:\/\/www.cbsnews.com\/news\/todd-lyons-ice-acting-director-leaving-agency\/\">Source link <\/a><\/p>","protected":false},"excerpt":{"rendered":"<p>Todd Lyons, the acting head of U.S. Immigration and Customs Enforcement, is planning to leave the federal government later this spring, after leading the agency at the forefront of President Trump&#8217;s deportation crackdown for over a year, two U.S. officials familiar with his plan told CBS News. Lyons, a two-decade ICE veteran, told colleagues that [&hellip;]<\/p>\n","protected":false},"author":1,"featured_media":109443,"comment_status":"closed","ping_status":"","sticky":false,"template":"","format":"standard","meta":{"googlesitekit_rrm_CAow2JLhCw:productID":"","_gspb_post_css":"","maa_idioma":"","maa_pais":"","footnotes":""},"categories":[1],"tags":[21156,6217,8787,29113,5640,16506,11078],"class_list":["post-109442","post","type-post","status-publish","format-standard","has-post-thumbnail","hentry","category-ubirata","tag-agency","tag-ice","tag-leave","tag-lyons","tag-planning","tag-spring","tag-todd"],"blocksy_meta":[],"yoast_head":"<!-- This site is optimized with the Yoast SEO Premium plugin v27.6 (Yoast SEO v27.6) - https:\/\/yoast.com\/product\/yoast-seo-premium-wordpress\/ -->\n<title>ICE head Todd Lyons planning to leave agency this spring - Ubirat\u00e3 Online Not\u00edcias - A realidade ao seu alcance!<\/title>\n<meta name=\"description\" content=\"Todd Lyons, the acting head of U.S. Immigration and Customs Enforcement, is planning to leave the federal government later this spring, after leading the\" \/>\n<meta name=\"robots\" content=\"index, follow, max-snippet:-1, max-image-preview:large, max-video-preview:-1\" \/>\n<link rel=\"canonical\" href=\"https:\/\/ubirataonline.com.br\/en\/ice-head-todd-lyons-planning-to-leave-agency-this-spring\/\" \/>\n<meta property=\"og:locale\" content=\"en_US\" \/>\n<meta property=\"og:type\" content=\"article\" \/>\n<meta property=\"og:title\" content=\"ICE head Todd Lyons planning to leave agency this spring\" \/>\n<meta property=\"og:description\" content=\"Todd Lyons, the acting head of U.S. Immigration and Customs Enforcement, is planning to leave the federal government later this spring, after leading the\" \/>\n<meta property=\"og:url\" content=\"https:\/\/ubirataonline.com.br\/en\/ice-head-todd-lyons-planning-to-leave-agency-this-spring\/\" \/>\n<meta property=\"og:site_name\" content=\"Ubirat\u00e3 Online Not\u00edcias - A realidade ao seu alcance!\" \/>\n<meta property=\"article:publisher\" content=\"https:\/\/www.facebook.com\/portalubirataonline\" \/>\n<meta property=\"article:author\" content=\"https:\/\/www.facebook.com\/portalubirataonline\" \/>\n<meta property=\"article:published_time\" content=\"2026-04-17T00:32:38+00:00\" \/>\n<meta property=\"article:modified_time\" content=\"2026-04-17T00:32:41+00:00\" \/>\n<meta property=\"og:image\" content=\"https:\/\/ubirataonline.com.br\/wp-content\/uploads\/2026\/04\/ICE-head-Todd-Lyons-planning-to-leave-agency-this-spring.jpg\" \/>\n\t<meta property=\"og:image:width\" content=\"1200\" \/>\n\t<meta property=\"og:image:height\" content=\"630\" \/>\n\t<meta property=\"og:image:type\" content=\"image\/jpeg\" \/>\n<meta name=\"author\" content=\"REDA\u00c7\u00c3O: UBIRAT\u00c3 ONLINE - F\u00c1BIO AUGUSTO CELESTINO\" \/>\n<meta name=\"twitter:card\" content=\"summary_large_image\" \/>\n<meta name=\"twitter:creator\" content=\"@x.com\/ubirataonline\" \/>\n<meta name=\"twitter:site\" content=\"@ubirataonline\" \/>\n<meta name=\"twitter:label1\" content=\"Written by\" \/>\n\t<meta name=\"twitter:data1\" content=\"REDA\u00c7\u00c3O: UBIRAT\u00c3 ONLINE - F\u00c1BIO AUGUSTO CELESTINO\" \/>\n\t<meta name=\"twitter:label2\" content=\"Est. reading time\" \/>\n\t<meta name=\"twitter:data2\" content=\"4 minutes\" \/>\n<script type=\"application\/ld+json\" class=\"yoast-schema-graph\">{\"@context\":\"https:\\\/\\\/schema.org\",\"@graph\":[{\"@type\":\"NewsArticle\",\"@id\":\"https:\\\/\\\/ubirataonline.com.br\\\/ice-head-todd-lyons-planning-to-leave-agency-this-spring\\\/#article\",\"isPartOf\":{\"@id\":\"https:\\\/\\\/ubirataonline.com.br\\\/ice-head-todd-lyons-planning-to-leave-agency-this-spring\\\/\"},\"author\":{\"name\":\"REDA\u00c7\u00c3O: UBIRAT\u00c3 ONLINE - F\u00c1BIO AUGUSTO CELESTINO\",\"@id\":\"https:\\\/\\\/ubirataonline.com.br\\\/#\\\/schema\\\/person\\\/372f87bbd3fdd79b8556b84c98d0bc1c\"},\"headline\":\"ICE head Todd Lyons planning to leave agency this spring\",\"datePublished\":\"2026-04-17T00:32:38+00:00\",\"dateModified\":\"2026-04-17T00:32:41+00:00\",\"mainEntityOfPage\":{\"@id\":\"https:\\\/\\\/ubirataonline.com.br\\\/ice-head-todd-lyons-planning-to-leave-agency-this-spring\\\/\"},\"wordCount\":748,\"publisher\":{\"@id\":\"https:\\\/\\\/ubirataonline.com.br\\\/#organization\"},\"image\":{\"@id\":\"https:\\\/\\\/ubirataonline.com.br\\\/ice-head-todd-lyons-planning-to-leave-agency-this-spring\\\/#primaryimage\"},\"thumbnailUrl\":\"https:\\\/\\\/ubirataonline.com.br\\\/wp-content\\\/uploads\\\/2026\\\/04\\\/ICE-head-Todd-Lyons-planning-to-leave-agency-this-spring.jpg\",\"keywords\":[\"agency\",\"ICE\",\"leave\",\"Lyons\",\"planning\",\"spring\",\"Todd\"],\"articleSection\":[\"Ubirat\u00e3\"],\"inLanguage\":\"en-US\",\"copyrightYear\":\"2026\",\"copyrightHolder\":{\"@id\":\"https:\\\/\\\/ubirataonline.com.br\\\/en\\\/#organization\"}},{\"@type\":\"WebPage\",\"@id\":\"https:\\\/\\\/ubirataonline.com.br\\\/ice-head-todd-lyons-planning-to-leave-agency-this-spring\\\/\",\"url\":\"https:\\\/\\\/ubirataonline.com.br\\\/ice-head-todd-lyons-planning-to-leave-agency-this-spring\\\/\",\"name\":\"ICE head Todd Lyons planning to leave agency this spring - Ubirat\u00e3 Online Not\u00edcias - A realidade ao seu alcance!\",\"isPartOf\":{\"@id\":\"https:\\\/\\\/ubirataonline.com.br\\\/#website\"},\"primaryImageOfPage\":{\"@id\":\"https:\\\/\\\/ubirataonline.com.br\\\/ice-head-todd-lyons-planning-to-leave-agency-this-spring\\\/#primaryimage\"},\"image\":{\"@id\":\"https:\\\/\\\/ubirataonline.com.br\\\/ice-head-todd-lyons-planning-to-leave-agency-this-spring\\\/#primaryimage\"},\"thumbnailUrl\":\"https:\\\/\\\/ubirataonline.com.br\\\/wp-content\\\/uploads\\\/2026\\\/04\\\/ICE-head-Todd-Lyons-planning-to-leave-agency-this-spring.jpg\",\"datePublished\":\"2026-04-17T00:32:38+00:00\",\"dateModified\":\"2026-04-17T00:32:41+00:00\",\"description\":\"Todd Lyons, the acting head of U.S. Immigration and Customs Enforcement, is planning to leave the federal government later this spring, after leading the\",\"breadcrumb\":{\"@id\":\"https:\\\/\\\/ubirataonline.com.br\\\/ice-head-todd-lyons-planning-to-leave-agency-this-spring\\\/#breadcrumb\"},\"inLanguage\":\"en-US\",\"potentialAction\":[{\"@type\":\"ReadAction\",\"target\":[\"https:\\\/\\\/ubirataonline.com.br\\\/ice-head-todd-lyons-planning-to-leave-agency-this-spring\\\/\"]}]},{\"@type\":\"ImageObject\",\"inLanguage\":\"en-US\",\"@id\":\"https:\\\/\\\/ubirataonline.com.br\\\/ice-head-todd-lyons-planning-to-leave-agency-this-spring\\\/#primaryimage\",\"url\":\"https:\\\/\\\/ubirataonline.com.br\\\/wp-content\\\/uploads\\\/2026\\\/04\\\/ICE-head-Todd-Lyons-planning-to-leave-agency-this-spring.jpg\",\"contentUrl\":\"https:\\\/\\\/ubirataonline.com.br\\\/wp-content\\\/uploads\\\/2026\\\/04\\\/ICE-head-Todd-Lyons-planning-to-leave-agency-this-spring.jpg\",\"width\":1200,\"height\":630,\"caption\":\"Watch CBS News\"},{\"@type\":\"BreadcrumbList\",\"@id\":\"https:\\\/\\\/ubirataonline.com.br\\\/ice-head-todd-lyons-planning-to-leave-agency-this-spring\\\/#breadcrumb\",\"itemListElement\":[{\"@type\":\"ListItem\",\"position\":1,\"name\":\"In\u00edcio\",\"item\":\"https:\\\/\\\/ubirataonline.com.br\\\/\"},{\"@type\":\"ListItem\",\"position\":2,\"name\":\"ICE head Todd Lyons planning to leave agency this spring\"}]},{\"@type\":\"WebSite\",\"@id\":\"https:\\\/\\\/ubirataonline.com.br\\\/#website\",\"url\":\"https:\\\/\\\/ubirataonline.com.br\\\/\",\"name\":\"Ubirat\u00e3 Online Not\u00edcias\",\"description\":\"Not\u00edcias de Ubirat\u00e3, regi\u00e3o, Brasil e mundo, com informa\u00e7\u00e3o atualizada e compromisso com o leitor.\",\"publisher\":{\"@id\":\"https:\\\/\\\/ubirataonline.com.br\\\/#organization\"},\"alternateName\":\"Ubirat\u00e3 Online\",\"potentialAction\":[{\"@type\":\"SearchAction\",\"target\":{\"@type\":\"EntryPoint\",\"urlTemplate\":\"https:\\\/\\\/ubirataonline.com.br\\\/?s={search_term_string}\"},\"query-input\":{\"@type\":\"PropertyValueSpecification\",\"valueRequired\":true,\"valueName\":\"search_term_string\"}}],\"inLanguage\":\"en-US\"},{\"@type\":[\"Organization\",\"Place\"],\"@id\":\"https:\\\/\\\/ubirataonline.com.br\\\/#organization\",\"name\":\"Ubirat\u00e3 Online Not\u00edcias\",\"alternateName\":\"Ubirat\u00e3 Online\",\"url\":\"https:\\\/\\\/ubirataonline.com.br\\\/\",\"logo\":{\"@id\":\"https:\\\/\\\/ubirataonline.com.br\\\/ice-head-todd-lyons-planning-to-leave-agency-this-spring\\\/#local-main-organization-logo\"},\"image\":{\"@id\":\"https:\\\/\\\/ubirataonline.com.br\\\/ice-head-todd-lyons-planning-to-leave-agency-this-spring\\\/#local-main-organization-logo\"},\"sameAs\":[\"https:\\\/\\\/www.facebook.com\\\/portalubirataonline\",\"https:\\\/\\\/x.com\\\/ubirataonline\",\"https:\\\/\\\/mastodon.social\\\/@ubirataonline\",\"https:\\\/\\\/www.facebook.com\\\/groups\\\/311144672285604\",\"https:\\\/\\\/www.facebook.com\\\/UBTAOnline\",\"https:\\\/\\\/www.instagram.com\\\/portalubirataonline\\\/\",\"https:\\\/\\\/twitter.com\\\/ubirataonline\"],\"description\":\"Somos um portal de not\u00edcias independente, criado em 5 de janeiro de 2009, com o objetivo de informar, conectar e valorizar a nossa comunidade de Ubirat\u00e3 e toda aregi\u00e3o. Com conte\u00fado atualizado, confi\u00e1vel e relevante, o Ubirat\u00e3 Online \u00e9 o seu espa\u00e7o para ficar por dentro dos principais acontecimentos locais, regionais, Brasil, Mundo e de interesse geral. Nosso compromisso \u00e9 com a verdade, a transpar\u00eancia e o respeito ao leitor.\",\"legalName\":\"UBIRATA ONLINE NOT\u00cdCIAS\",\"foundingDate\":\"2009-01-05\",\"numberOfEmployees\":{\"@type\":\"QuantitativeValue\",\"minValue\":\"1\",\"maxValue\":\"10\"},\"publishingPrinciples\":\"https:\\\/\\\/ubirataonline.com.br\\\/faq\\\/\",\"address\":{\"@id\":\"https:\\\/\\\/ubirataonline.com.br\\\/ice-head-todd-lyons-planning-to-leave-agency-this-spring\\\/#local-main-place-address\"},\"geo\":{\"@type\":\"GeoCoordinates\",\"latitude\":\"-24.5361401\",\"longitude\":\"-52.9921776\"},\"telephone\":[\"+5544998308235\"],\"contactPoint\":{\"@type\":\"ContactPoint\",\"email\":\"contato@ubirataonline.com.br\"},\"openingHoursSpecification\":{\"@type\":\"OpeningHoursSpecification\",\"dayOfWeek\":[\"Monday\",\"Tuesday\",\"Wednesday\",\"Thursday\",\"Friday\",\"Saturday\",\"Sunday\"],\"opens\":\"00:00\",\"closes\":\"23:59\"},\"email\":\"contato@ubirataonline.com.br\",\"vatID\":\"47.621.418\\\/0001-80\"},{\"@type\":\"Person\",\"@id\":\"https:\\\/\\\/ubirataonline.com.br\\\/#\\\/schema\\\/person\\\/372f87bbd3fdd79b8556b84c98d0bc1c\",\"name\":\"REDA\u00c7\u00c3O: UBIRAT\u00c3 ONLINE - F\u00c1BIO AUGUSTO CELESTINO\",\"pronouns\":\"Ele\",\"description\":\"Desde 2003 trabalhando com not\u00edcias.\",\"sameAs\":[\"http:\\\/\\\/ubirataoline.com.br\",\"https:\\\/\\\/www.facebook.com\\\/portalubirataonline\",\"https:\\\/\\\/www.instagram.com\\\/ubirataonline_oficial\",\"https:\\\/\\\/x.com\\\/x.com\\\/ubirataonline\"],\"honorificPrefix\":\"Mr.\",\"honorificSuffix\":\"MD\",\"birthDate\":\"1980-06-16\",\"gender\":\"masculino\",\"award\":[\"V\u00e1rios pr\u00eamios de melhor portal da cidade\"],\"jobTitle\":\"Diretor\",\"url\":\"https:\\\/\\\/ubirataonline.com.br\\\/en\\\/author\\\/ubirataonline\\\/\"},{\"@type\":\"PostalAddress\",\"@id\":\"https:\\\/\\\/ubirataonline.com.br\\\/ice-head-todd-lyons-planning-to-leave-agency-this-spring\\\/#local-main-place-address\",\"streetAddress\":\"Rua dos Coqueiros, 104 - Bairro Boa Vista, Rua dos Coqueiros, 104 Bairro Boa Vista\",\"addressLocality\":\"UBIRATA\",\"postalCode\":\"85440-000\",\"addressRegion\":\"PR\",\"addressCountry\":\"BR\"},{\"@type\":\"ImageObject\",\"inLanguage\":\"en-US\",\"@id\":\"https:\\\/\\\/ubirataonline.com.br\\\/ice-head-todd-lyons-planning-to-leave-agency-this-spring\\\/#local-main-organization-logo\",\"url\":\"https:\\\/\\\/ubirataonline.com.br\\\/wp-content\\\/uploads\\\/2026\\\/06\\\/logoubirataonline-1.webp\",\"contentUrl\":\"https:\\\/\\\/ubirataonline.com.br\\\/wp-content\\\/uploads\\\/2026\\\/06\\\/logoubirataonline-1.webp\",\"width\":500,\"height\":500,\"caption\":\"Ubirat\u00e3 Online Not\u00edcias\"}]}<\/script>\n<meta name=\"geo.placename\" content=\"UBIRATA\" \/>\n<meta name=\"geo.position\" content=\"-24.5361401;-52.9921776\" \/>\n<meta name=\"geo.region\" content=\"Brazil\" \/>\n<!-- \/ Yoast SEO Premium plugin. -->","yoast_head_json":{"title":"ICE head Todd Lyons planning to leave agency this spring - Ubirat\u00e3 Online Not\u00edcias - A realidade ao seu alcance!","description":"Todd Lyons, the acting head of U.S. Immigration and Customs Enforcement, is planning to leave the federal government later this spring, after leading the","robots":{"index":"index","follow":"follow","max-snippet":"max-snippet:-1","max-image-preview":"max-image-preview:large","max-video-preview":"max-video-preview:-1"},"canonical":"https:\/\/ubirataonline.com.br\/en\/ice-head-todd-lyons-planning-to-leave-agency-this-spring\/","og_locale":"en_US","og_type":"article","og_title":"ICE head Todd Lyons planning to leave agency this spring","og_description":"Todd Lyons, the acting head of U.S. Immigration and Customs Enforcement, is planning to leave the federal government later this spring, after leading the","og_url":"https:\/\/ubirataonline.com.br\/en\/ice-head-todd-lyons-planning-to-leave-agency-this-spring\/","og_site_name":"Ubirat\u00e3 Online Not\u00edcias - A realidade ao seu alcance!","article_publisher":"https:\/\/www.facebook.com\/portalubirataonline","article_author":"https:\/\/www.facebook.com\/portalubirataonline","article_published_time":"2026-04-17T00:32:38+00:00","article_modified_time":"2026-04-17T00:32:41+00:00","og_image":[{"width":1200,"height":630,"url":"https:\/\/ubirataonline.com.br\/wp-content\/uploads\/2026\/04\/ICE-head-Todd-Lyons-planning-to-leave-agency-this-spring.jpg","type":"image\/jpeg"}],"author":"REDA\u00c7\u00c3O: UBIRAT\u00c3 ONLINE - F\u00c1BIO AUGUSTO CELESTINO","twitter_card":"summary_large_image","twitter_creator":"@x.com\/ubirataonline","twitter_site":"@ubirataonline","twitter_misc":{"Written by":"REDA\u00c7\u00c3O: UBIRAT\u00c3 ONLINE - F\u00c1BIO AUGUSTO CELESTINO","Est. reading time":"4 minutes"},"schema":{"@context":"https:\/\/schema.org","@graph":[{"@type":"NewsArticle","@id":"https:\/\/ubirataonline.com.br\/ice-head-todd-lyons-planning-to-leave-agency-this-spring\/#article","isPartOf":{"@id":"https:\/\/ubirataonline.com.br\/ice-head-todd-lyons-planning-to-leave-agency-this-spring\/"},"author":{"name":"REDA\u00c7\u00c3O: UBIRAT\u00c3 ONLINE - F\u00c1BIO AUGUSTO CELESTINO","@id":"https:\/\/ubirataonline.com.br\/#\/schema\/person\/372f87bbd3fdd79b8556b84c98d0bc1c"},"headline":"ICE head Todd Lyons planning to leave agency this spring","datePublished":"2026-04-17T00:32:38+00:00","dateModified":"2026-04-17T00:32:41+00:00","mainEntityOfPage":{"@id":"https:\/\/ubirataonline.com.br\/ice-head-todd-lyons-planning-to-leave-agency-this-spring\/"},"wordCount":748,"publisher":{"@id":"https:\/\/ubirataonline.com.br\/#organization"},"image":{"@id":"https:\/\/ubirataonline.com.br\/ice-head-todd-lyons-planning-to-leave-agency-this-spring\/#primaryimage"},"thumbnailUrl":"https:\/\/ubirataonline.com.br\/wp-content\/uploads\/2026\/04\/ICE-head-Todd-Lyons-planning-to-leave-agency-this-spring.jpg","keywords":["agency","ICE","leave","Lyons","planning","spring","Todd"],"articleSection":["Ubirat\u00e3"],"inLanguage":"en-US","copyrightYear":"2026","copyrightHolder":{"@id":"https:\/\/ubirataonline.com.br\/en\/#organization"}},{"@type":"WebPage","@id":"https:\/\/ubirataonline.com.br\/ice-head-todd-lyons-planning-to-leave-agency-this-spring\/","url":"https:\/\/ubirataonline.com.br\/ice-head-todd-lyons-planning-to-leave-agency-this-spring\/","name":"ICE head Todd Lyons planning to leave agency this spring - Ubirat\u00e3 Online Not\u00edcias - A realidade ao seu alcance!","isPartOf":{"@id":"https:\/\/ubirataonline.com.br\/#website"},"primaryImageOfPage":{"@id":"https:\/\/ubirataonline.com.br\/ice-head-todd-lyons-planning-to-leave-agency-this-spring\/#primaryimage"},"image":{"@id":"https:\/\/ubirataonline.com.br\/ice-head-todd-lyons-planning-to-leave-agency-this-spring\/#primaryimage"},"thumbnailUrl":"https:\/\/ubirataonline.com.br\/wp-content\/uploads\/2026\/04\/ICE-head-Todd-Lyons-planning-to-leave-agency-this-spring.jpg","datePublished":"2026-04-17T00:32:38+00:00","dateModified":"2026-04-17T00:32:41+00:00","description":"Todd Lyons, the acting head of U.S. Immigration and Customs Enforcement, is planning to leave the federal government later this spring, after leading the","breadcrumb":{"@id":"https:\/\/ubirataonline.com.br\/ice-head-todd-lyons-planning-to-leave-agency-this-spring\/#breadcrumb"},"inLanguage":"en-US","potentialAction":[{"@type":"ReadAction","target":["https:\/\/ubirataonline.com.br\/ice-head-todd-lyons-planning-to-leave-agency-this-spring\/"]}]},{"@type":"ImageObject","inLanguage":"en-US","@id":"https:\/\/ubirataonline.com.br\/ice-head-todd-lyons-planning-to-leave-agency-this-spring\/#primaryimage","url":"https:\/\/ubirataonline.com.br\/wp-content\/uploads\/2026\/04\/ICE-head-Todd-Lyons-planning-to-leave-agency-this-spring.jpg","contentUrl":"https:\/\/ubirataonline.com.br\/wp-content\/uploads\/2026\/04\/ICE-head-Todd-Lyons-planning-to-leave-agency-this-spring.jpg","width":1200,"height":630,"caption":"Watch CBS News"},{"@type":"BreadcrumbList","@id":"https:\/\/ubirataonline.com.br\/ice-head-todd-lyons-planning-to-leave-agency-this-spring\/#breadcrumb","itemListElement":[{"@type":"ListItem","position":1,"name":"In\u00edcio","item":"https:\/\/ubirataonline.com.br\/"},{"@type":"ListItem","position":2,"name":"ICE head Todd Lyons planning to leave agency this spring"}]},{"@type":"WebSite","@id":"https:\/\/ubirataonline.com.br\/#website","url":"https:\/\/ubirataonline.com.br\/","name":"Ubirat\u00e3 Online Not\u00edcias","description":"Not\u00edcias de Ubirat\u00e3, regi\u00e3o, Brasil e mundo, com informa\u00e7\u00e3o atualizada e compromisso com o leitor.","publisher":{"@id":"https:\/\/ubirataonline.com.br\/#organization"},"alternateName":"Ubirat\u00e3 Online","potentialAction":[{"@type":"SearchAction","target":{"@type":"EntryPoint","urlTemplate":"https:\/\/ubirataonline.com.br\/?s={search_term_string}"},"query-input":{"@type":"PropertyValueSpecification","valueRequired":true,"valueName":"search_term_string"}}],"inLanguage":"en-US"},{"@type":["Organization","Place"],"@id":"https:\/\/ubirataonline.com.br\/#organization","name":"Ubirat\u00e3 Online Not\u00edcias","alternateName":"Ubirat\u00e3 Online","url":"https:\/\/ubirataonline.com.br\/","logo":{"@id":"https:\/\/ubirataonline.com.br\/ice-head-todd-lyons-planning-to-leave-agency-this-spring\/#local-main-organization-logo"},"image":{"@id":"https:\/\/ubirataonline.com.br\/ice-head-todd-lyons-planning-to-leave-agency-this-spring\/#local-main-organization-logo"},"sameAs":["https:\/\/www.facebook.com\/portalubirataonline","https:\/\/x.com\/ubirataonline","https:\/\/mastodon.social\/@ubirataonline","https:\/\/www.facebook.com\/groups\/311144672285604","https:\/\/www.facebook.com\/UBTAOnline","https:\/\/www.instagram.com\/portalubirataonline\/","https:\/\/twitter.com\/ubirataonline"],"description":"Somos um portal de not\u00edcias independente, criado em 5 de janeiro de 2009, com o objetivo de informar, conectar e valorizar a nossa comunidade de Ubirat\u00e3 e toda aregi\u00e3o. Com conte\u00fado atualizado, confi\u00e1vel e relevante, o Ubirat\u00e3 Online \u00e9 o seu espa\u00e7o para ficar por dentro dos principais acontecimentos locais, regionais, Brasil, Mundo e de interesse geral. Nosso compromisso \u00e9 com a verdade, a transpar\u00eancia e o respeito ao leitor.","legalName":"UBIRATA ONLINE NOT\u00cdCIAS","foundingDate":"2009-01-05","numberOfEmployees":{"@type":"QuantitativeValue","minValue":"1","maxValue":"10"},"publishingPrinciples":"https:\/\/ubirataonline.com.br\/faq\/","address":{"@id":"https:\/\/ubirataonline.com.br\/ice-head-todd-lyons-planning-to-leave-agency-this-spring\/#local-main-place-address"},"geo":{"@type":"GeoCoordinates","latitude":"-24.5361401","longitude":"-52.9921776"},"telephone":["+5544998308235"],"contactPoint":{"@type":"ContactPoint","email":"contato@ubirataonline.com.br"},"openingHoursSpecification":{"@type":"OpeningHoursSpecification","dayOfWeek":["Monday","Tuesday","Wednesday","Thursday","Friday","Saturday","Sunday"],"opens":"00:00","closes":"23:59"},"email":"contato@ubirataonline.com.br","vatID":"47.621.418\/0001-80"},{"@type":"Person","@id":"https:\/\/ubirataonline.com.br\/#\/schema\/person\/372f87bbd3fdd79b8556b84c98d0bc1c","name":"REDA\u00c7\u00c3O: UBIRAT\u00c3 ONLINE - F\u00c1BIO AUGUSTO CELESTINO","pronouns":"Ele","description":"Desde 2003 trabalhando com not\u00edcias.","sameAs":["http:\/\/ubirataoline.com.br","https:\/\/www.facebook.com\/portalubirataonline","https:\/\/www.instagram.com\/ubirataonline_oficial","https:\/\/x.com\/x.com\/ubirataonline"],"honorificPrefix":"Mr.","honorificSuffix":"MD","birthDate":"1980-06-16","gender":"masculino","award":["V\u00e1rios pr\u00eamios de melhor portal da cidade"],"jobTitle":"Diretor","url":"https:\/\/ubirataonline.com.br\/en\/author\/ubirataonline\/"},{"@type":"PostalAddress","@id":"https:\/\/ubirataonline.com.br\/ice-head-todd-lyons-planning-to-leave-agency-this-spring\/#local-main-place-address","streetAddress":"Rua dos Coqueiros, 104 - Bairro Boa Vista, Rua dos Coqueiros, 104 Bairro Boa Vista","addressLocality":"UBIRATA","postalCode":"85440-000","addressRegion":"PR","addressCountry":"BR"},{"@type":"ImageObject","inLanguage":"en-US","@id":"https:\/\/ubirataonline.com.br\/ice-head-todd-lyons-planning-to-leave-agency-this-spring\/#local-main-organization-logo","url":"https:\/\/ubirataonline.com.br\/wp-content\/uploads\/2026\/06\/logoubirataonline-1.webp","contentUrl":"https:\/\/ubirataonline.com.br\/wp-content\/uploads\/2026\/06\/logoubirataonline-1.webp","width":500,"height":500,"caption":"Ubirat\u00e3 Online Not\u00edcias"}]},"geo.placename":"UBIRATA","geo.position":{"lat":"-24.5361401","long":"-52.9921776"},"geo.region":"Brazil"},"_links":{"self":[{"href":"https:\/\/ubirataonline.com.br\/en\/wp-json\/wp\/v2\/posts\/109442","targetHints":{"allow":["GET"]}}],"collection":[{"href":"https:\/\/ubirataonline.com.br\/en\/wp-json\/wp\/v2\/posts"}],"about":[{"href":"https:\/\/ubirataonline.com.br\/en\/wp-json\/wp\/v2\/types\/post"}],"author":[{"embeddable":true,"href":"https:\/\/ubirataonline.com.br\/en\/wp-json\/wp\/v2\/users\/1"}],"replies":[{"embeddable":true,"href":"https:\/\/ubirataonline.com.br\/en\/wp-json\/wp\/v2\/comments?post=109442"}],"version-history":[{"count":0,"href":"https:\/\/ubirataonline.com.br\/en\/wp-json\/wp\/v2\/posts\/109442\/revisions"}],"wp:featuredmedia":[{"embeddable":true,"href":"https:\/\/ubirataonline.com.br\/en\/wp-json\/wp\/v2\/media\/109443"}],"wp:attachment":[{"href":"https:\/\/ubirataonline.com.br\/en\/wp-json\/wp\/v2\/media?parent=109442"}],"wp:term":[{"taxonomy":"category","embeddable":true,"href":"https:\/\/ubirataonline.com.br\/en\/wp-json\/wp\/v2\/categories?post=109442"},{"taxonomy":"post_tag","embeddable":true,"href":"https:\/\/ubirataonline.com.br\/en\/wp-json\/wp\/v2\/tags?post=109442"}],"curies":[{"name":"wp","href":"https:\/\/api.w.org\/{rel}","templated":true}]}}