{"id":109614,"date":"2026-04-17T01:21:39","date_gmt":"2026-04-17T04:21:39","guid":{"rendered":"https:\/\/ubirataonline.com.br\/olivia-rodrigo-spotted-out-to-dinner-with-geese-frontman-cameron-winter\/"},"modified":"2026-04-17T01:21:41","modified_gmt":"2026-04-17T04:21:41","slug":"olivia-rodrigo-spotted-out-to-dinner-with-geese-frontman-cameron-winter","status":"publish","type":"post","link":"https:\/\/ubirataonline.com.br\/en\/olivia-rodrigo-spotted-out-to-dinner-with-geese-frontman-cameron-winter\/","title":{"rendered":"Olivia Rodrigo Spotted Out to Dinner with Geese Frontman Cameron Winter"},"content":{"rendered":"<p><br \/>\n<\/p>\n<div id=\"mntl-sc-page_1-0\" data-sc-sticky-offset=\"90\" data-sc-ad-label-height=\"24\" data-sc-ad-track-spacing=\"100\" data-sc-min-track-height=\"250\" data-sc-max-track-height=\"600\" data-sc-breakpoint=\"50em\" data-sc-load-immediate=\"4\" data-sc-content-positions=\"[1, 1250, 1550, 1950, 2350, 2750, 3150, 3550, 3950]\" data-bind-scroll-on-start=\"true\">\n<div id=\"mntl-sc-block_1-0\" class=\"comp mntl-sc-block people-sc-block-callout mntl-sc-block-universal-callout theme-needtoknow\" data-tracking-id=\"mntl-sc-block-callout\" data-tracking-container=\"true\">\n<h3 class=\"mntl-sc-block-universal-callout__heading\">NEED TO KNOW<\/h3>\n<div class=\"mntl-sc-block-universal-callout__body\">\n<ul>\n<li>Olivia Rodrigo and Cameron Winter were seen out to dinner in Los Angeles<\/li>\n<li>The pop star and Geese frontman were spotted smiling as they returned to their car after dining together on Tuesday, April 14<\/li>\n<li>Rodrigo was last linked to British actor Louis Partridge<\/li>\n<\/ul>\n<\/div>\n<\/div>\n<p id=\"mntl-sc-block_2-0\" class=\"comp mntl-sc-block mntl-sc-block-html\"> Could romance be in the air for <a href=\"https:\/\/people.com\/person\/olivia-rodrigo\/\" data-component=\"link\" data-source=\"inlineLink\" data-type=\"internalLink\" data-ordinal=\"1\">Olivia Rodrigo<\/a> and Cameron Winter?\n<\/p>\n<p id=\"mntl-sc-block_4-0\" class=\"comp mntl-sc-block mntl-sc-block-html\"> On Tuesday, April 15, <a href=\"https:\/\/www.tmz.com\/2026\/04\/15\/olivia-rodrigo-on-dinner-date-with-cameron-winter\/\" data-component=\"link\" data-source=\"inlineLink\" data-type=\"externalLink\" data-ordinal=\"1\" rel=\"nofollow\">TMZ reported<\/a> that the pop star and Geese frontman were spotted enjoying a dinner date in Los Angeles.\n<\/p>\n<p id=\"mntl-sc-block_6-0\" class=\"comp mntl-sc-block mntl-sc-block-html\"> Per the outlet, Rodrigo, 23, could be seen sporting a red cardigan and jeans, which she paired with a black purse and a Chateau Marmont cap.\n<\/p>\n<figure id=\"mntl-sc-block_8-0\" class=\"comp mntl-sc-block people-sc-block-image mntl-sc-block-image mntl-sc-block-image--no-theme no-theme figure-portrait figure-high-res\"><figcaption id=\"mntl-figure-caption_1-0\" class=\"comp mntl-figure-caption text-utility-100 figure-article-caption\"> <span class=\"figure-article-caption-owner\"><\/p>\n<p>BACKGRID<\/p>\n<p><\/span><br \/>\n<\/figcaption><\/figure>\n<p id=\"mntl-sc-block_9-0\" class=\"comp mntl-sc-block mntl-sc-block-html\"> Meanwhile, Winter, 24, donned a black Champion T-shirt and black pants.\n<\/p>\n<p id=\"mntl-sc-block_11-0\" class=\"comp mntl-sc-block mntl-sc-block-html\"> The pair could be seen smiling as they returned to their car after their meal.\n<\/p>\n<figure id=\"mntl-sc-block_13-0\" class=\"comp mntl-sc-block people-sc-block-image mntl-sc-block-image mntl-sc-block-image--no-theme no-theme figure-portrait figure-high-res\"><figcaption id=\"mntl-figure-caption_2-0\" class=\"comp mntl-figure-caption text-utility-100 figure-article-caption\"> <span class=\"figure-article-caption-text\">Cameron Winter and Olivia Rodrigo in Los Angeles on April 14, 2026.<\/span><br \/>\n<span class=\"figure-article-caption-owner\"><\/p>\n<p>BACKGRID<\/p>\n<p><\/span><br \/>\n<\/figcaption><\/figure>\n<p id=\"mntl-sc-block_14-0\" class=\"comp mntl-sc-block mntl-sc-block-html\"> The musicians were recently notably featured on the <em>Help(2) Benefit Compilation<\/em>, which was released in March.\n<\/p>\n<p id=\"mntl-sc-block_16-0\" class=\"comp mntl-sc-block mntl-sc-block-html\"> PEOPLE have reached out to reps for Rodrigo. A rep for Winter declined to comment.\n<\/p>\n<p id=\"mntl-sc-block_18-0\" class=\"comp mntl-sc-block mntl-sc-block-html\"> The &#8220;good 4 u&#8221; singer was most recently romantically linked to British actor <a href=\"https:\/\/people.com\/who-is-louis-partridge-olivia-rodrigo-8414228\" data-component=\"link\" data-source=\"inlineLink\" data-type=\"internalLink\" data-ordinal=\"1\">Louis Partridge<\/a>, with whom she sparked dating rumors in October 2023.\n<\/p>\n<figure id=\"mntl-sc-block_22-0\" class=\"comp mntl-sc-block people-sc-block-image mntl-sc-block-image mntl-sc-block-image--no-theme no-theme figure-portrait figure-high-res\"><figcaption id=\"mntl-figure-caption_3-0\" class=\"comp mntl-figure-caption text-utility-100 figure-article-caption\"> <span class=\"figure-article-caption-text\">Cameron Winter and Olivia Rodrigo in Los Angeles on April 14, 2026.<\/span><br \/>\n<span class=\"figure-article-caption-owner\"><\/p>\n<p>BACKGRID<\/p>\n<p><\/span><br \/>\n<\/figcaption><\/figure>\n<p id=\"mntl-sc-block_23-0\" class=\"comp mntl-sc-block mntl-sc-block-html\"> Since then, they&#8217;ve largely kept their relationship out of the spotlight and have been rumored to have gone their separate ways.\n<\/p>\n<p id=\"mntl-sc-block_25-0\" class=\"comp mntl-sc-block mntl-sc-block-html\"> Partridge, 22, addressed the intense reaction to their outing at Wimbledon in July 2025 in an\u00a0<a href=\"https:\/\/www.esquire.com\/uk\/culture\/tv\/a66121977\/louis-partridge-esquire-interview\/\" data-component=\"link\" data-source=\"inlineLink\" data-type=\"externalLink\" data-ordinal=\"1\" rel=\"noopener\"><em>Esquire UK<\/em><\/a> interview in September 2025.\n<\/p>\n<p id=\"mntl-sc-block_27-0\" class=\"comp mntl-sc-block mntl-sc-block-html\"> <strong>Never miss a story \u2014 sign up for <\/strong><a class=\"\" href=\"https:\/\/people.com\/people-news-daily-newsletter-sign-up-8692701\" data-type=\"\" data-component=\"link\" data-source=\"inlineLink\" data-ordinal=\"1\" rel=\"noopener noreferrer\"><strong>PEOPLE&#8217;s free daily newsletter<\/strong><\/a><strong> to stay up-to-date on the best of what PEOPLE has to offer\u200b\u200b, from celebrity news to compelling human interest stories.<\/strong>\n<\/p>\n<p id=\"mntl-sc-block_29-0\" class=\"comp mntl-sc-block mntl-sc-block-html\"> \u201cI was not aware that was going to be a thing,\u201d he said. \u201cI did see a lot of photos from that, [and] it felt quite public.&#8221;\n<\/p>\n<p id=\"mntl-sc-block_31-0\" class=\"comp mntl-sc-block mntl-sc-block-html\"> Partridge added, &#8220;Olivia and I choose, or have been choosing, to not be so public. Obviously, it has been quite a big summer for her with Glastonbury, but there\u2019s a sanctity to being private.&#8221;\n<\/p>\n<p id=\"mntl-sc-block_35-0\" class=\"comp mntl-sc-block mntl-sc-block-html\"> Rodrigo is set to release her new record <a href=\"https:\/\/people.com\/olivia-rodrigo-announces-new-album-you-seem-pretty-sad-for-a-girl-so-in-love-11941425\" data-component=\"link\" data-source=\"inlineLink\" data-type=\"internalLink\" data-ordinal=\"1\"><em>You Seem Pretty Sad for a Girl So in Love<\/em><\/a> on June 12.\n<\/p>\n<p id=\"mntl-sc-block_37-0\" class=\"comp mntl-sc-block mntl-sc-block-html\"> \u201cmy third album \u2018you seem pretty sad for a girl so in love\u2019 is out June 12th,\u201d Rodrigo wrote in an <a href=\"https:\/\/www.instagram.com\/p\/DWop6PAge1P\/\" data-component=\"link\" data-source=\"inlineLink\" data-type=\"externalLink\" data-ordinal=\"1\" rel=\"noopener\">Instagram<\/a> post which featured the album cover. \u201cI am so proud of this record and I can\u2019t wait for you to hear it. available for preorder now! &#x1fa77;\u201d\n<\/p>\n<p id=\"mntl-sc-block_39-0\" class=\"comp mntl-sc-block mntl-sc-block-html\"> The lead single from the LP &#8220;drop dead&#8221; is out Friday, April 17.\n<\/p>\n<p id=\"mntl-sc-block_41-0\" class=\"comp mntl-sc-block mntl-sc-block-html\"> Geese released their album <em>Getting Killed<\/em> in 2025 and will be touring throughout 2026.\n<\/p>\n<\/div>\n<p><script async src=\"\/\/www.instagram.com\/embed.js\"><\/script><br \/>\n<br \/><br \/>\n<br \/><a href=\"https:\/\/people.com\/olivia-rodrigo-out-to-dinner-with-geese-frontman-cameron-winter-11950631\">Source link <\/a><\/p>\n","protected":false},"excerpt":{"rendered":"<p>NEED TO KNOW Olivia Rodrigo and Cameron Winter were seen out to dinner in Los Angeles The pop star and Geese frontman were spotted smiling as they returned to their car after dining together on Tuesday, April 14 Rodrigo was last linked to British actor Louis Partridge Could romance be in the air for Olivia [&hellip;]<\/p>\n","protected":false},"author":1,"featured_media":109615,"comment_status":"closed","ping_status":"","sticky":false,"template":"","format":"standard","meta":{"googlesitekit_rrm_CAow2JLhCw:productID":"","_gspb_post_css":"","maa_idioma":"","maa_pais":"","footnotes":""},"categories":[1],"tags":[7808,21397,29176,29175,9736,12150,15395,7393],"class_list":["post-109614","post","type-post","status-publish","format-standard","has-post-thumbnail","hentry","category-ubirata","tag-cameron","tag-dinner","tag-frontman","tag-geese","tag-olivia","tag-rodrigo","tag-spotted","tag-winter"],"blocksy_meta":[],"yoast_head":"<!-- This site is optimized with the Yoast SEO Premium plugin v27.6 (Yoast SEO v27.6) - https:\/\/yoast.com\/product\/yoast-seo-premium-wordpress\/ -->\n<title>Olivia Rodrigo Spotted Out to Dinner with Geese Frontman Cameron Winter - Ubirat\u00e3 Online Not\u00edcias - A realidade ao seu alcance!<\/title>\n<meta name=\"description\" content=\"NEED TO KNOW Olivia Rodrigo and Cameron Winter were seen out to dinner in Los AngelesThe pop star and Geese frontman were spotted smiling as they returned\" \/>\n<meta name=\"robots\" content=\"index, follow, max-snippet:-1, max-image-preview:large, max-video-preview:-1\" \/>\n<link rel=\"canonical\" href=\"https:\/\/ubirataonline.com.br\/en\/olivia-rodrigo-spotted-out-to-dinner-with-geese-frontman-cameron-winter\/\" \/>\n<meta property=\"og:locale\" content=\"en_US\" \/>\n<meta property=\"og:type\" content=\"article\" \/>\n<meta property=\"og:title\" content=\"Olivia Rodrigo Spotted Out to Dinner with Geese Frontman Cameron Winter\" \/>\n<meta property=\"og:description\" content=\"NEED TO KNOW Olivia Rodrigo and Cameron Winter were seen out to dinner in Los AngelesThe pop star and Geese frontman were spotted smiling as they returned\" \/>\n<meta property=\"og:url\" content=\"https:\/\/ubirataonline.com.br\/en\/olivia-rodrigo-spotted-out-to-dinner-with-geese-frontman-cameron-winter\/\" \/>\n<meta property=\"og:site_name\" content=\"Ubirat\u00e3 Online Not\u00edcias - A realidade ao seu alcance!\" \/>\n<meta property=\"article:publisher\" content=\"https:\/\/www.facebook.com\/portalubirataonline\" \/>\n<meta property=\"article:author\" content=\"https:\/\/www.facebook.com\/portalubirataonline\" \/>\n<meta property=\"article:published_time\" content=\"2026-04-17T04:21:39+00:00\" \/>\n<meta property=\"article:modified_time\" content=\"2026-04-17T04:21:41+00:00\" \/>\n<meta property=\"og:image\" content=\"https:\/\/ubirataonline.com.br\/wp-content\/uploads\/2026\/04\/Olivia-Rodrigo-Spotted-Out-to-Dinner-with-Geese-Frontman-Cameron.jpg\" \/>\n\t<meta property=\"og:image:width\" content=\"1500\" \/>\n\t<meta property=\"og:image:height\" content=\"1000\" \/>\n\t<meta property=\"og:image:type\" content=\"image\/jpeg\" \/>\n<meta name=\"author\" content=\"REDA\u00c7\u00c3O: UBIRAT\u00c3 ONLINE - F\u00c1BIO AUGUSTO CELESTINO\" \/>\n<meta name=\"twitter:card\" content=\"summary_large_image\" \/>\n<meta name=\"twitter:creator\" content=\"@x.com\/ubirataonline\" \/>\n<meta name=\"twitter:site\" content=\"@ubirataonline\" \/>\n<meta name=\"twitter:label1\" content=\"Written by\" \/>\n\t<meta name=\"twitter:data1\" content=\"REDA\u00c7\u00c3O: UBIRAT\u00c3 ONLINE - F\u00c1BIO AUGUSTO CELESTINO\" \/>\n\t<meta name=\"twitter:label2\" content=\"Est. reading time\" \/>\n\t<meta name=\"twitter:data2\" content=\"2 minutes\" \/>\n<script type=\"application\/ld+json\" class=\"yoast-schema-graph\">{\"@context\":\"https:\\\/\\\/schema.org\",\"@graph\":[{\"@type\":\"NewsArticle\",\"@id\":\"https:\\\/\\\/ubirataonline.com.br\\\/olivia-rodrigo-spotted-out-to-dinner-with-geese-frontman-cameron-winter\\\/#article\",\"isPartOf\":{\"@id\":\"https:\\\/\\\/ubirataonline.com.br\\\/olivia-rodrigo-spotted-out-to-dinner-with-geese-frontman-cameron-winter\\\/\"},\"author\":{\"name\":\"REDA\u00c7\u00c3O: UBIRAT\u00c3 ONLINE - F\u00c1BIO AUGUSTO CELESTINO\",\"@id\":\"https:\\\/\\\/ubirataonline.com.br\\\/#\\\/schema\\\/person\\\/372f87bbd3fdd79b8556b84c98d0bc1c\"},\"headline\":\"Olivia Rodrigo Spotted Out to Dinner with Geese Frontman Cameron Winter\",\"datePublished\":\"2026-04-17T04:21:39+00:00\",\"dateModified\":\"2026-04-17T04:21:41+00:00\",\"mainEntityOfPage\":{\"@id\":\"https:\\\/\\\/ubirataonline.com.br\\\/olivia-rodrigo-spotted-out-to-dinner-with-geese-frontman-cameron-winter\\\/\"},\"wordCount\":450,\"publisher\":{\"@id\":\"https:\\\/\\\/ubirataonline.com.br\\\/#organization\"},\"image\":{\"@id\":\"https:\\\/\\\/ubirataonline.com.br\\\/olivia-rodrigo-spotted-out-to-dinner-with-geese-frontman-cameron-winter\\\/#primaryimage\"},\"thumbnailUrl\":\"https:\\\/\\\/ubirataonline.com.br\\\/wp-content\\\/uploads\\\/2026\\\/04\\\/Olivia-Rodrigo-Spotted-Out-to-Dinner-with-Geese-Frontman-Cameron.jpg\",\"keywords\":[\"Cameron\",\"Dinner\",\"Frontman\",\"Geese\",\"Olivia\",\"Rodrigo\",\"spotted\",\"Winter\"],\"articleSection\":[\"Ubirat\u00e3\"],\"inLanguage\":\"en-US\",\"copyrightYear\":\"2026\",\"copyrightHolder\":{\"@id\":\"https:\\\/\\\/ubirataonline.com.br\\\/en\\\/#organization\"}},{\"@type\":\"WebPage\",\"@id\":\"https:\\\/\\\/ubirataonline.com.br\\\/olivia-rodrigo-spotted-out-to-dinner-with-geese-frontman-cameron-winter\\\/\",\"url\":\"https:\\\/\\\/ubirataonline.com.br\\\/olivia-rodrigo-spotted-out-to-dinner-with-geese-frontman-cameron-winter\\\/\",\"name\":\"Olivia Rodrigo Spotted Out to Dinner with Geese Frontman Cameron Winter - Ubirat\u00e3 Online Not\u00edcias - A realidade ao seu alcance!\",\"isPartOf\":{\"@id\":\"https:\\\/\\\/ubirataonline.com.br\\\/#website\"},\"primaryImageOfPage\":{\"@id\":\"https:\\\/\\\/ubirataonline.com.br\\\/olivia-rodrigo-spotted-out-to-dinner-with-geese-frontman-cameron-winter\\\/#primaryimage\"},\"image\":{\"@id\":\"https:\\\/\\\/ubirataonline.com.br\\\/olivia-rodrigo-spotted-out-to-dinner-with-geese-frontman-cameron-winter\\\/#primaryimage\"},\"thumbnailUrl\":\"https:\\\/\\\/ubirataonline.com.br\\\/wp-content\\\/uploads\\\/2026\\\/04\\\/Olivia-Rodrigo-Spotted-Out-to-Dinner-with-Geese-Frontman-Cameron.jpg\",\"datePublished\":\"2026-04-17T04:21:39+00:00\",\"dateModified\":\"2026-04-17T04:21:41+00:00\",\"description\":\"NEED TO KNOW Olivia Rodrigo and Cameron Winter were seen out to dinner in Los AngelesThe pop star and Geese frontman were spotted smiling as they returned\",\"breadcrumb\":{\"@id\":\"https:\\\/\\\/ubirataonline.com.br\\\/olivia-rodrigo-spotted-out-to-dinner-with-geese-frontman-cameron-winter\\\/#breadcrumb\"},\"inLanguage\":\"en-US\",\"potentialAction\":[{\"@type\":\"ReadAction\",\"target\":[\"https:\\\/\\\/ubirataonline.com.br\\\/olivia-rodrigo-spotted-out-to-dinner-with-geese-frontman-cameron-winter\\\/\"]}]},{\"@type\":\"ImageObject\",\"inLanguage\":\"en-US\",\"@id\":\"https:\\\/\\\/ubirataonline.com.br\\\/olivia-rodrigo-spotted-out-to-dinner-with-geese-frontman-cameron-winter\\\/#primaryimage\",\"url\":\"https:\\\/\\\/ubirataonline.com.br\\\/wp-content\\\/uploads\\\/2026\\\/04\\\/Olivia-Rodrigo-Spotted-Out-to-Dinner-with-Geese-Frontman-Cameron.jpg\",\"contentUrl\":\"https:\\\/\\\/ubirataonline.com.br\\\/wp-content\\\/uploads\\\/2026\\\/04\\\/Olivia-Rodrigo-Spotted-Out-to-Dinner-with-Geese-Frontman-Cameron.jpg\",\"width\":1500,\"height\":1000,\"caption\":\"Cameron Winter and Olivia Rodrigo in Los Angeles on April 14, 2026. Credit : BACKGRID\"},{\"@type\":\"BreadcrumbList\",\"@id\":\"https:\\\/\\\/ubirataonline.com.br\\\/olivia-rodrigo-spotted-out-to-dinner-with-geese-frontman-cameron-winter\\\/#breadcrumb\",\"itemListElement\":[{\"@type\":\"ListItem\",\"position\":1,\"name\":\"In\u00edcio\",\"item\":\"https:\\\/\\\/ubirataonline.com.br\\\/\"},{\"@type\":\"ListItem\",\"position\":2,\"name\":\"Olivia Rodrigo Spotted Out to Dinner with Geese Frontman Cameron Winter\"}]},{\"@type\":\"WebSite\",\"@id\":\"https:\\\/\\\/ubirataonline.com.br\\\/#website\",\"url\":\"https:\\\/\\\/ubirataonline.com.br\\\/\",\"name\":\"Ubirat\u00e3 Online Not\u00edcias\",\"description\":\"Not\u00edcias de Ubirat\u00e3, regi\u00e3o, Brasil e mundo, com informa\u00e7\u00e3o atualizada e compromisso com o leitor.\",\"publisher\":{\"@id\":\"https:\\\/\\\/ubirataonline.com.br\\\/#organization\"},\"alternateName\":\"Ubirat\u00e3 Online\",\"potentialAction\":[{\"@type\":\"SearchAction\",\"target\":{\"@type\":\"EntryPoint\",\"urlTemplate\":\"https:\\\/\\\/ubirataonline.com.br\\\/?s={search_term_string}\"},\"query-input\":{\"@type\":\"PropertyValueSpecification\",\"valueRequired\":true,\"valueName\":\"search_term_string\"}}],\"inLanguage\":\"en-US\"},{\"@type\":[\"Organization\",\"Place\"],\"@id\":\"https:\\\/\\\/ubirataonline.com.br\\\/#organization\",\"name\":\"Ubirat\u00e3 Online Not\u00edcias\",\"alternateName\":\"Ubirat\u00e3 Online\",\"url\":\"https:\\\/\\\/ubirataonline.com.br\\\/\",\"logo\":{\"@id\":\"https:\\\/\\\/ubirataonline.com.br\\\/olivia-rodrigo-spotted-out-to-dinner-with-geese-frontman-cameron-winter\\\/#local-main-organization-logo\"},\"image\":{\"@id\":\"https:\\\/\\\/ubirataonline.com.br\\\/olivia-rodrigo-spotted-out-to-dinner-with-geese-frontman-cameron-winter\\\/#local-main-organization-logo\"},\"sameAs\":[\"https:\\\/\\\/www.facebook.com\\\/portalubirataonline\",\"https:\\\/\\\/x.com\\\/ubirataonline\",\"https:\\\/\\\/mastodon.social\\\/@ubirataonline\",\"https:\\\/\\\/www.facebook.com\\\/groups\\\/311144672285604\",\"https:\\\/\\\/www.facebook.com\\\/UBTAOnline\",\"https:\\\/\\\/www.instagram.com\\\/portalubirataonline\\\/\",\"https:\\\/\\\/twitter.com\\\/ubirataonline\"],\"description\":\"Somos um portal de not\u00edcias independente, criado em 5 de janeiro de 2009, com o objetivo de informar, conectar e valorizar a nossa comunidade de Ubirat\u00e3 e toda aregi\u00e3o. Com conte\u00fado atualizado, confi\u00e1vel e relevante, o Ubirat\u00e3 Online \u00e9 o seu espa\u00e7o para ficar por dentro dos principais acontecimentos locais, regionais, Brasil, Mundo e de interesse geral. Nosso compromisso \u00e9 com a verdade, a transpar\u00eancia e o respeito ao leitor.\",\"legalName\":\"UBIRATA ONLINE NOT\u00cdCIAS\",\"foundingDate\":\"2009-01-05\",\"numberOfEmployees\":{\"@type\":\"QuantitativeValue\",\"minValue\":\"1\",\"maxValue\":\"10\"},\"publishingPrinciples\":\"https:\\\/\\\/ubirataonline.com.br\\\/faq\\\/\",\"address\":{\"@id\":\"https:\\\/\\\/ubirataonline.com.br\\\/olivia-rodrigo-spotted-out-to-dinner-with-geese-frontman-cameron-winter\\\/#local-main-place-address\"},\"geo\":{\"@type\":\"GeoCoordinates\",\"latitude\":\"-24.5361401\",\"longitude\":\"-52.9921776\"},\"telephone\":[\"+5544998308235\"],\"contactPoint\":{\"@type\":\"ContactPoint\",\"email\":\"contato@ubirataonline.com.br\"},\"openingHoursSpecification\":{\"@type\":\"OpeningHoursSpecification\",\"dayOfWeek\":[\"Monday\",\"Tuesday\",\"Wednesday\",\"Thursday\",\"Friday\",\"Saturday\",\"Sunday\"],\"opens\":\"00:00\",\"closes\":\"23:59\"},\"email\":\"contato@ubirataonline.com.br\",\"vatID\":\"47.621.418\\\/0001-80\"},{\"@type\":\"Person\",\"@id\":\"https:\\\/\\\/ubirataonline.com.br\\\/#\\\/schema\\\/person\\\/372f87bbd3fdd79b8556b84c98d0bc1c\",\"name\":\"REDA\u00c7\u00c3O: UBIRAT\u00c3 ONLINE - F\u00c1BIO AUGUSTO CELESTINO\",\"pronouns\":\"Ele\",\"description\":\"Desde 2003 trabalhando com not\u00edcias.\",\"sameAs\":[\"http:\\\/\\\/ubirataoline.com.br\",\"https:\\\/\\\/www.facebook.com\\\/portalubirataonline\",\"https:\\\/\\\/www.instagram.com\\\/ubirataonline_oficial\",\"https:\\\/\\\/x.com\\\/x.com\\\/ubirataonline\"],\"honorificPrefix\":\"Mr.\",\"honorificSuffix\":\"MD\",\"birthDate\":\"1980-06-16\",\"gender\":\"masculino\",\"award\":[\"V\u00e1rios pr\u00eamios de melhor portal da cidade\"],\"jobTitle\":\"Diretor\",\"url\":\"https:\\\/\\\/ubirataonline.com.br\\\/en\\\/author\\\/ubirataonline\\\/\"},{\"@type\":\"PostalAddress\",\"@id\":\"https:\\\/\\\/ubirataonline.com.br\\\/olivia-rodrigo-spotted-out-to-dinner-with-geese-frontman-cameron-winter\\\/#local-main-place-address\",\"streetAddress\":\"Rua dos Coqueiros, 104 - Bairro Boa Vista, Rua dos Coqueiros, 104 Bairro Boa Vista\",\"addressLocality\":\"UBIRATA\",\"postalCode\":\"85440-000\",\"addressRegion\":\"PR\",\"addressCountry\":\"BR\"},{\"@type\":\"ImageObject\",\"inLanguage\":\"en-US\",\"@id\":\"https:\\\/\\\/ubirataonline.com.br\\\/olivia-rodrigo-spotted-out-to-dinner-with-geese-frontman-cameron-winter\\\/#local-main-organization-logo\",\"url\":\"https:\\\/\\\/ubirataonline.com.br\\\/wp-content\\\/uploads\\\/2026\\\/06\\\/logoubirataonline-1.webp\",\"contentUrl\":\"https:\\\/\\\/ubirataonline.com.br\\\/wp-content\\\/uploads\\\/2026\\\/06\\\/logoubirataonline-1.webp\",\"width\":500,\"height\":500,\"caption\":\"Ubirat\u00e3 Online Not\u00edcias\"}]}<\/script>\n<meta name=\"geo.placename\" content=\"UBIRATA\" \/>\n<meta name=\"geo.position\" content=\"-24.5361401;-52.9921776\" \/>\n<meta name=\"geo.region\" content=\"Brazil\" \/>\n<!-- \/ Yoast SEO Premium plugin. -->","yoast_head_json":{"title":"Olivia Rodrigo Spotted Out to Dinner with Geese Frontman Cameron Winter - Ubirat\u00e3 Online Not\u00edcias - A realidade ao seu alcance!","description":"NEED TO KNOW Olivia Rodrigo and Cameron Winter were seen out to dinner in Los AngelesThe pop star and Geese frontman were spotted smiling as they returned","robots":{"index":"index","follow":"follow","max-snippet":"max-snippet:-1","max-image-preview":"max-image-preview:large","max-video-preview":"max-video-preview:-1"},"canonical":"https:\/\/ubirataonline.com.br\/en\/olivia-rodrigo-spotted-out-to-dinner-with-geese-frontman-cameron-winter\/","og_locale":"en_US","og_type":"article","og_title":"Olivia Rodrigo Spotted Out to Dinner with Geese Frontman Cameron Winter","og_description":"NEED TO KNOW Olivia Rodrigo and Cameron Winter were seen out to dinner in Los AngelesThe pop star and Geese frontman were spotted smiling as they returned","og_url":"https:\/\/ubirataonline.com.br\/en\/olivia-rodrigo-spotted-out-to-dinner-with-geese-frontman-cameron-winter\/","og_site_name":"Ubirat\u00e3 Online Not\u00edcias - A realidade ao seu alcance!","article_publisher":"https:\/\/www.facebook.com\/portalubirataonline","article_author":"https:\/\/www.facebook.com\/portalubirataonline","article_published_time":"2026-04-17T04:21:39+00:00","article_modified_time":"2026-04-17T04:21:41+00:00","og_image":[{"width":1500,"height":1000,"url":"https:\/\/ubirataonline.com.br\/wp-content\/uploads\/2026\/04\/Olivia-Rodrigo-Spotted-Out-to-Dinner-with-Geese-Frontman-Cameron.jpg","type":"image\/jpeg"}],"author":"REDA\u00c7\u00c3O: UBIRAT\u00c3 ONLINE - F\u00c1BIO AUGUSTO CELESTINO","twitter_card":"summary_large_image","twitter_creator":"@x.com\/ubirataonline","twitter_site":"@ubirataonline","twitter_misc":{"Written by":"REDA\u00c7\u00c3O: UBIRAT\u00c3 ONLINE - F\u00c1BIO AUGUSTO CELESTINO","Est. reading time":"2 minutes"},"schema":{"@context":"https:\/\/schema.org","@graph":[{"@type":"NewsArticle","@id":"https:\/\/ubirataonline.com.br\/olivia-rodrigo-spotted-out-to-dinner-with-geese-frontman-cameron-winter\/#article","isPartOf":{"@id":"https:\/\/ubirataonline.com.br\/olivia-rodrigo-spotted-out-to-dinner-with-geese-frontman-cameron-winter\/"},"author":{"name":"REDA\u00c7\u00c3O: UBIRAT\u00c3 ONLINE - F\u00c1BIO AUGUSTO CELESTINO","@id":"https:\/\/ubirataonline.com.br\/#\/schema\/person\/372f87bbd3fdd79b8556b84c98d0bc1c"},"headline":"Olivia Rodrigo Spotted Out to Dinner with Geese Frontman Cameron Winter","datePublished":"2026-04-17T04:21:39+00:00","dateModified":"2026-04-17T04:21:41+00:00","mainEntityOfPage":{"@id":"https:\/\/ubirataonline.com.br\/olivia-rodrigo-spotted-out-to-dinner-with-geese-frontman-cameron-winter\/"},"wordCount":450,"publisher":{"@id":"https:\/\/ubirataonline.com.br\/#organization"},"image":{"@id":"https:\/\/ubirataonline.com.br\/olivia-rodrigo-spotted-out-to-dinner-with-geese-frontman-cameron-winter\/#primaryimage"},"thumbnailUrl":"https:\/\/ubirataonline.com.br\/wp-content\/uploads\/2026\/04\/Olivia-Rodrigo-Spotted-Out-to-Dinner-with-Geese-Frontman-Cameron.jpg","keywords":["Cameron","Dinner","Frontman","Geese","Olivia","Rodrigo","spotted","Winter"],"articleSection":["Ubirat\u00e3"],"inLanguage":"en-US","copyrightYear":"2026","copyrightHolder":{"@id":"https:\/\/ubirataonline.com.br\/en\/#organization"}},{"@type":"WebPage","@id":"https:\/\/ubirataonline.com.br\/olivia-rodrigo-spotted-out-to-dinner-with-geese-frontman-cameron-winter\/","url":"https:\/\/ubirataonline.com.br\/olivia-rodrigo-spotted-out-to-dinner-with-geese-frontman-cameron-winter\/","name":"Olivia Rodrigo Spotted Out to Dinner with Geese Frontman Cameron Winter - Ubirat\u00e3 Online Not\u00edcias - A realidade ao seu alcance!","isPartOf":{"@id":"https:\/\/ubirataonline.com.br\/#website"},"primaryImageOfPage":{"@id":"https:\/\/ubirataonline.com.br\/olivia-rodrigo-spotted-out-to-dinner-with-geese-frontman-cameron-winter\/#primaryimage"},"image":{"@id":"https:\/\/ubirataonline.com.br\/olivia-rodrigo-spotted-out-to-dinner-with-geese-frontman-cameron-winter\/#primaryimage"},"thumbnailUrl":"https:\/\/ubirataonline.com.br\/wp-content\/uploads\/2026\/04\/Olivia-Rodrigo-Spotted-Out-to-Dinner-with-Geese-Frontman-Cameron.jpg","datePublished":"2026-04-17T04:21:39+00:00","dateModified":"2026-04-17T04:21:41+00:00","description":"NEED TO KNOW Olivia Rodrigo and Cameron Winter were seen out to dinner in Los AngelesThe pop star and Geese frontman were spotted smiling as they returned","breadcrumb":{"@id":"https:\/\/ubirataonline.com.br\/olivia-rodrigo-spotted-out-to-dinner-with-geese-frontman-cameron-winter\/#breadcrumb"},"inLanguage":"en-US","potentialAction":[{"@type":"ReadAction","target":["https:\/\/ubirataonline.com.br\/olivia-rodrigo-spotted-out-to-dinner-with-geese-frontman-cameron-winter\/"]}]},{"@type":"ImageObject","inLanguage":"en-US","@id":"https:\/\/ubirataonline.com.br\/olivia-rodrigo-spotted-out-to-dinner-with-geese-frontman-cameron-winter\/#primaryimage","url":"https:\/\/ubirataonline.com.br\/wp-content\/uploads\/2026\/04\/Olivia-Rodrigo-Spotted-Out-to-Dinner-with-Geese-Frontman-Cameron.jpg","contentUrl":"https:\/\/ubirataonline.com.br\/wp-content\/uploads\/2026\/04\/Olivia-Rodrigo-Spotted-Out-to-Dinner-with-Geese-Frontman-Cameron.jpg","width":1500,"height":1000,"caption":"Cameron Winter and Olivia Rodrigo in Los Angeles on April 14, 2026. Credit : BACKGRID"},{"@type":"BreadcrumbList","@id":"https:\/\/ubirataonline.com.br\/olivia-rodrigo-spotted-out-to-dinner-with-geese-frontman-cameron-winter\/#breadcrumb","itemListElement":[{"@type":"ListItem","position":1,"name":"In\u00edcio","item":"https:\/\/ubirataonline.com.br\/"},{"@type":"ListItem","position":2,"name":"Olivia Rodrigo Spotted Out to Dinner with Geese Frontman Cameron Winter"}]},{"@type":"WebSite","@id":"https:\/\/ubirataonline.com.br\/#website","url":"https:\/\/ubirataonline.com.br\/","name":"Ubirat\u00e3 Online Not\u00edcias","description":"Not\u00edcias de Ubirat\u00e3, regi\u00e3o, Brasil e mundo, com informa\u00e7\u00e3o atualizada e compromisso com o leitor.","publisher":{"@id":"https:\/\/ubirataonline.com.br\/#organization"},"alternateName":"Ubirat\u00e3 Online","potentialAction":[{"@type":"SearchAction","target":{"@type":"EntryPoint","urlTemplate":"https:\/\/ubirataonline.com.br\/?s={search_term_string}"},"query-input":{"@type":"PropertyValueSpecification","valueRequired":true,"valueName":"search_term_string"}}],"inLanguage":"en-US"},{"@type":["Organization","Place"],"@id":"https:\/\/ubirataonline.com.br\/#organization","name":"Ubirat\u00e3 Online Not\u00edcias","alternateName":"Ubirat\u00e3 Online","url":"https:\/\/ubirataonline.com.br\/","logo":{"@id":"https:\/\/ubirataonline.com.br\/olivia-rodrigo-spotted-out-to-dinner-with-geese-frontman-cameron-winter\/#local-main-organization-logo"},"image":{"@id":"https:\/\/ubirataonline.com.br\/olivia-rodrigo-spotted-out-to-dinner-with-geese-frontman-cameron-winter\/#local-main-organization-logo"},"sameAs":["https:\/\/www.facebook.com\/portalubirataonline","https:\/\/x.com\/ubirataonline","https:\/\/mastodon.social\/@ubirataonline","https:\/\/www.facebook.com\/groups\/311144672285604","https:\/\/www.facebook.com\/UBTAOnline","https:\/\/www.instagram.com\/portalubirataonline\/","https:\/\/twitter.com\/ubirataonline"],"description":"Somos um portal de not\u00edcias independente, criado em 5 de janeiro de 2009, com o objetivo de informar, conectar e valorizar a nossa comunidade de Ubirat\u00e3 e toda aregi\u00e3o. Com conte\u00fado atualizado, confi\u00e1vel e relevante, o Ubirat\u00e3 Online \u00e9 o seu espa\u00e7o para ficar por dentro dos principais acontecimentos locais, regionais, Brasil, Mundo e de interesse geral. Nosso compromisso \u00e9 com a verdade, a transpar\u00eancia e o respeito ao leitor.","legalName":"UBIRATA ONLINE NOT\u00cdCIAS","foundingDate":"2009-01-05","numberOfEmployees":{"@type":"QuantitativeValue","minValue":"1","maxValue":"10"},"publishingPrinciples":"https:\/\/ubirataonline.com.br\/faq\/","address":{"@id":"https:\/\/ubirataonline.com.br\/olivia-rodrigo-spotted-out-to-dinner-with-geese-frontman-cameron-winter\/#local-main-place-address"},"geo":{"@type":"GeoCoordinates","latitude":"-24.5361401","longitude":"-52.9921776"},"telephone":["+5544998308235"],"contactPoint":{"@type":"ContactPoint","email":"contato@ubirataonline.com.br"},"openingHoursSpecification":{"@type":"OpeningHoursSpecification","dayOfWeek":["Monday","Tuesday","Wednesday","Thursday","Friday","Saturday","Sunday"],"opens":"00:00","closes":"23:59"},"email":"contato@ubirataonline.com.br","vatID":"47.621.418\/0001-80"},{"@type":"Person","@id":"https:\/\/ubirataonline.com.br\/#\/schema\/person\/372f87bbd3fdd79b8556b84c98d0bc1c","name":"REDA\u00c7\u00c3O: UBIRAT\u00c3 ONLINE - F\u00c1BIO AUGUSTO CELESTINO","pronouns":"Ele","description":"Desde 2003 trabalhando com not\u00edcias.","sameAs":["http:\/\/ubirataoline.com.br","https:\/\/www.facebook.com\/portalubirataonline","https:\/\/www.instagram.com\/ubirataonline_oficial","https:\/\/x.com\/x.com\/ubirataonline"],"honorificPrefix":"Mr.","honorificSuffix":"MD","birthDate":"1980-06-16","gender":"masculino","award":["V\u00e1rios pr\u00eamios de melhor portal da cidade"],"jobTitle":"Diretor","url":"https:\/\/ubirataonline.com.br\/en\/author\/ubirataonline\/"},{"@type":"PostalAddress","@id":"https:\/\/ubirataonline.com.br\/olivia-rodrigo-spotted-out-to-dinner-with-geese-frontman-cameron-winter\/#local-main-place-address","streetAddress":"Rua dos Coqueiros, 104 - Bairro Boa Vista, Rua dos Coqueiros, 104 Bairro Boa Vista","addressLocality":"UBIRATA","postalCode":"85440-000","addressRegion":"PR","addressCountry":"BR"},{"@type":"ImageObject","inLanguage":"en-US","@id":"https:\/\/ubirataonline.com.br\/olivia-rodrigo-spotted-out-to-dinner-with-geese-frontman-cameron-winter\/#local-main-organization-logo","url":"https:\/\/ubirataonline.com.br\/wp-content\/uploads\/2026\/06\/logoubirataonline-1.webp","contentUrl":"https:\/\/ubirataonline.com.br\/wp-content\/uploads\/2026\/06\/logoubirataonline-1.webp","width":500,"height":500,"caption":"Ubirat\u00e3 Online Not\u00edcias"}]},"geo.placename":"UBIRATA","geo.position":{"lat":"-24.5361401","long":"-52.9921776"},"geo.region":"Brazil"},"_links":{"self":[{"href":"https:\/\/ubirataonline.com.br\/en\/wp-json\/wp\/v2\/posts\/109614","targetHints":{"allow":["GET"]}}],"collection":[{"href":"https:\/\/ubirataonline.com.br\/en\/wp-json\/wp\/v2\/posts"}],"about":[{"href":"https:\/\/ubirataonline.com.br\/en\/wp-json\/wp\/v2\/types\/post"}],"author":[{"embeddable":true,"href":"https:\/\/ubirataonline.com.br\/en\/wp-json\/wp\/v2\/users\/1"}],"replies":[{"embeddable":true,"href":"https:\/\/ubirataonline.com.br\/en\/wp-json\/wp\/v2\/comments?post=109614"}],"version-history":[{"count":0,"href":"https:\/\/ubirataonline.com.br\/en\/wp-json\/wp\/v2\/posts\/109614\/revisions"}],"wp:featuredmedia":[{"embeddable":true,"href":"https:\/\/ubirataonline.com.br\/en\/wp-json\/wp\/v2\/media\/109615"}],"wp:attachment":[{"href":"https:\/\/ubirataonline.com.br\/en\/wp-json\/wp\/v2\/media?parent=109614"}],"wp:term":[{"taxonomy":"category","embeddable":true,"href":"https:\/\/ubirataonline.com.br\/en\/wp-json\/wp\/v2\/categories?post=109614"},{"taxonomy":"post_tag","embeddable":true,"href":"https:\/\/ubirataonline.com.br\/en\/wp-json\/wp\/v2\/tags?post=109614"}],"curies":[{"name":"wp","href":"https:\/\/api.w.org\/{rel}","templated":true}]}}