{"id":109622,"date":"2026-04-17T01:43:58","date_gmt":"2026-04-17T04:43:58","guid":{"rendered":"https:\/\/ubirataonline.com.br\/with-swalwell-out-who-will-bay-area-voters-support-for-california-governor\/"},"modified":"2026-04-17T01:44:04","modified_gmt":"2026-04-17T04:44:04","slug":"with-swalwell-out-who-will-bay-area-voters-support-for-california-governor","status":"publish","type":"post","link":"https:\/\/ubirataonline.com.br\/en\/with-swalwell-out-who-will-bay-area-voters-support-for-california-governor\/","title":{"rendered":"With Swalwell Out, Who Will Bay Area Voters Support for California Governor?"},"content":{"rendered":"<p><br \/>\n<\/p>\n<div>\n<p>\u201cThey were prepared, they were informed and they were pretty used to dealing with being in rooms with a bunch of old guys who felt like they could push women around,\u201d Robbins-Roth said.<\/p>\n<p>But she said her vote wasn\u2019t set in stone. Swalwell had caught her eye when he served as a House manager during the second impeachment trial of President Donald Trump.<\/p>\n<p>\u201cHe was one of the folks I was so impressed with,\u201d Robbins-Roth said. \u201cI was just kind of bummed that he turned out to be one more guy who let the power of his situation determine how he was going to behave towards other people.\u201d<\/p>\n<p>\u201cHonestly, I\u2019m back at Katie Porter,\u201d she said.<\/p>\n<p>In the immediate aftermath of Swalwell\u2019s exit from the race, the Porter and Steyer campaigns each pointed to recent polling to argue that their candidate was best positioned to benefit from Swalwell\u2019s downfall.<\/p>\n<p>A <a href=\"https:\/\/www.threads.com\/@jcpolls\/post\/DW93tFWEo5R?xmt=AQF0owPVqfzmYxbIo1mhwyjzcZ2te1isItwVxg0QNBvT9w\">March survey<\/a> from UC Berkeley\u2019s Jack Citrin Center and Politico found 39% of Swalwell voters picking Porter as their second choice, and 15% preferring Steyer. An April poll by Global Strategy Group for the Steyer campaign found Swalwell supporters more closely divided on their second choice, with 31% backing Porter and 25% supporting Steyer.<\/p>\n<p>Shekhar Sakhalkar, of San Jos\u00e9, said he is backing Steyer because of the billionaire investor\u2019s early support for impeaching Donald Trump. Steyer launched the \u201cNeed to Impeach\u201d campaign to remove Trump from office less than a year into his first term.<\/p>\n<p>\u201cI thought that he was trying to do the right thing in calling out the right problems,\u201d Sakhalkar said. \u201cSo I was impressed with that part from the beginning.\u201d<\/p>\n<p>Berkeley resident Susanna Porte also likes Steyer, along with former state Controller <a href=\"https:\/\/www.kqed.org\/news\/12073301\/former-state-controller-betty-yee-says-shes-the-best-gubernatorial-candidate-to-fix-californias-budget-deficit\">Betty Yee<\/a>. She said both have focused on her top issues of the environment and economic justice and have \u201cdecided to challenge PG&amp;E.\u201d<\/p>\n<figure id=\"attachment_12080159\" class=\"wp-caption aligncenter\" style=\"max-width: 2000px\"><figcaption class=\"wp-caption-text\">Supporters of Betty T. Yee cheer during the California Democratic Party 2026 State Convention on Feb. 21, 2026, in San Francisco. <cite>(Gustavo Hernandez\/KQED)<\/cite><\/figcaption><\/figure>\n<p>There are currently seven notable Democrats in the race, including former Los Angeles Mayor <a href=\"https:\/\/www.kqed.org\/news\/12077747\/antonio-villaraigosas-second-act-can-a-pragmatist-lead-california\">Antonio Villaraigosa<\/a> and State Superintendent of Public Instruction <a href=\"https:\/\/www.kqed.org\/news\/12077118\/tony-thurmond-carves-out-a-progressive-path-in-the-race-for-california-governor\">Tony Thurmond<\/a>. Porte said a smaller field could help voters focus on the strongest candidates, but she doesn\u2019t want to see Yee exit just yet \u2014 despite Yee polling in the low single-digits.<\/p>\n<p>\u201cSince she does seem to represent a lot of my views, I hope she\u2019ll stay in, and perhaps someone else will jump out of the race,\u201d Porte said.<\/p>\n<p>But the seven notable Democrats left in the race all see an opportunity to make inroads with Bay Area voters now that Swalwell is out of the campaign. On Wednesday, Mahan launched a $3 million ad buy that included broadcast television in the region \u2014 while Becerra touted an influx of first-time donors.<\/p>\n<p>Coakley said he\u2019s taking his support back to Becerra \u2014 and has started to engage more deeply in the race since the Swalwell scandal broke.<\/p>\n<p>\u201cI\u2019ve gone to the [candidate] websites,\u201d he said. \u201cI hadn\u2019t really done that before all this had happened.\u201d<\/p>\n<\/div>\n<p><script async defer crossorigin='anonymous' src=\"https:\/\/connect.facebook.net\/en_US\/sdk.js\"><\/script><br \/>\n<br \/><br \/>\n<br \/><a href=\"https:\/\/www.kqed.org\/news\/12079947\/with-swalwell-out-who-will-bay-area-voters-support-for-california-governor\">Source link <\/a><\/p>\n","protected":false},"excerpt":{"rendered":"<p>\u201cThey were prepared, they were informed and they were pretty used to dealing with being in rooms with a bunch of old guys who felt like they could push women around,\u201d Robbins-Roth said. But she said her vote wasn\u2019t set in stone. Swalwell had caught her eye when he served as a House manager during [&hellip;]<\/p>\n","protected":false},"author":1,"featured_media":109623,"comment_status":"closed","ping_status":"","sticky":false,"template":"","format":"standard","meta":{"googlesitekit_rrm_CAow2JLhCw:productID":"","_gspb_post_css":"","maa_idioma":"","maa_pais":"","footnotes":""},"categories":[1],"tags":[4917,6913,6958,4119,9222,27279,24047],"class_list":["post-109622","post","type-post","status-publish","format-standard","has-post-thumbnail","hentry","category-ubirata","tag-area","tag-bay","tag-california","tag-governor","tag-support","tag-swalwell","tag-voters"],"blocksy_meta":[],"yoast_head":"<!-- This site is optimized with the Yoast SEO Premium plugin v27.6 (Yoast SEO v27.6) - https:\/\/yoast.com\/product\/yoast-seo-premium-wordpress\/ -->\n<title>With Swalwell Out, Who Will Bay Area Voters Support for California Governor? - Ubirat\u00e3 Online Not\u00edcias - A realidade ao seu alcance!<\/title>\n<meta name=\"description\" content=\"\u201cThey were prepared, they were informed and they were pretty used to dealing with being in rooms with a bunch of old guys who felt like they could push\" \/>\n<meta name=\"robots\" content=\"index, follow, max-snippet:-1, max-image-preview:large, max-video-preview:-1\" \/>\n<link rel=\"canonical\" href=\"https:\/\/ubirataonline.com.br\/en\/with-swalwell-out-who-will-bay-area-voters-support-for-california-governor\/\" \/>\n<meta property=\"og:locale\" content=\"en_US\" \/>\n<meta property=\"og:type\" content=\"article\" \/>\n<meta property=\"og:title\" content=\"With Swalwell Out, Who Will Bay Area Voters Support for California Governor?\" \/>\n<meta property=\"og:description\" content=\"\u201cThey were prepared, they were informed and they were pretty used to dealing with being in rooms with a bunch of old guys who felt like they could push\" \/>\n<meta property=\"og:url\" content=\"https:\/\/ubirataonline.com.br\/en\/with-swalwell-out-who-will-bay-area-voters-support-for-california-governor\/\" \/>\n<meta property=\"og:site_name\" content=\"Ubirat\u00e3 Online Not\u00edcias - A realidade ao seu alcance!\" \/>\n<meta property=\"article:publisher\" content=\"https:\/\/www.facebook.com\/portalubirataonline\" \/>\n<meta property=\"article:author\" content=\"https:\/\/www.facebook.com\/portalubirataonline\" \/>\n<meta property=\"article:published_time\" content=\"2026-04-17T04:43:58+00:00\" \/>\n<meta property=\"article:modified_time\" content=\"2026-04-17T04:44:04+00:00\" \/>\n<meta property=\"og:image\" content=\"https:\/\/ubirataonline.com.br\/wp-content\/uploads\/2026\/04\/With-Swalwell-Out-Who-Will-Bay-Area-Voters-Support-for.jpg\" \/>\n\t<meta property=\"og:image:width\" content=\"2000\" \/>\n\t<meta property=\"og:image:height\" content=\"1333\" \/>\n\t<meta property=\"og:image:type\" content=\"image\/jpeg\" \/>\n<meta name=\"author\" content=\"REDA\u00c7\u00c3O: UBIRAT\u00c3 ONLINE - F\u00c1BIO AUGUSTO CELESTINO\" \/>\n<meta name=\"twitter:card\" content=\"summary_large_image\" \/>\n<meta name=\"twitter:creator\" content=\"@x.com\/ubirataonline\" \/>\n<meta name=\"twitter:site\" content=\"@ubirataonline\" \/>\n<meta name=\"twitter:label1\" content=\"Written by\" \/>\n\t<meta name=\"twitter:data1\" content=\"REDA\u00c7\u00c3O: UBIRAT\u00c3 ONLINE - F\u00c1BIO AUGUSTO CELESTINO\" \/>\n\t<meta name=\"twitter:label2\" content=\"Est. reading time\" \/>\n\t<meta name=\"twitter:data2\" content=\"3 minutes\" \/>\n<script type=\"application\/ld+json\" class=\"yoast-schema-graph\">{\"@context\":\"https:\\\/\\\/schema.org\",\"@graph\":[{\"@type\":\"NewsArticle\",\"@id\":\"https:\\\/\\\/ubirataonline.com.br\\\/with-swalwell-out-who-will-bay-area-voters-support-for-california-governor\\\/#article\",\"isPartOf\":{\"@id\":\"https:\\\/\\\/ubirataonline.com.br\\\/with-swalwell-out-who-will-bay-area-voters-support-for-california-governor\\\/\"},\"author\":{\"name\":\"REDA\u00c7\u00c3O: UBIRAT\u00c3 ONLINE - F\u00c1BIO AUGUSTO CELESTINO\",\"@id\":\"https:\\\/\\\/ubirataonline.com.br\\\/#\\\/schema\\\/person\\\/372f87bbd3fdd79b8556b84c98d0bc1c\"},\"headline\":\"With Swalwell Out, Who Will Bay Area Voters Support for California Governor?\",\"datePublished\":\"2026-04-17T04:43:58+00:00\",\"dateModified\":\"2026-04-17T04:44:04+00:00\",\"mainEntityOfPage\":{\"@id\":\"https:\\\/\\\/ubirataonline.com.br\\\/with-swalwell-out-who-will-bay-area-voters-support-for-california-governor\\\/\"},\"wordCount\":530,\"publisher\":{\"@id\":\"https:\\\/\\\/ubirataonline.com.br\\\/#organization\"},\"image\":{\"@id\":\"https:\\\/\\\/ubirataonline.com.br\\\/with-swalwell-out-who-will-bay-area-voters-support-for-california-governor\\\/#primaryimage\"},\"thumbnailUrl\":\"https:\\\/\\\/ubirataonline.com.br\\\/wp-content\\\/uploads\\\/2026\\\/04\\\/With-Swalwell-Out-Who-Will-Bay-Area-Voters-Support-for.jpg\",\"keywords\":[\"\u00e1rea\",\"Bay\",\"California\",\"governor\",\"support\",\"Swalwell\",\"voters\"],\"articleSection\":[\"Ubirat\u00e3\"],\"inLanguage\":\"en-US\",\"copyrightYear\":\"2026\",\"copyrightHolder\":{\"@id\":\"https:\\\/\\\/ubirataonline.com.br\\\/en\\\/#organization\"}},{\"@type\":\"WebPage\",\"@id\":\"https:\\\/\\\/ubirataonline.com.br\\\/with-swalwell-out-who-will-bay-area-voters-support-for-california-governor\\\/\",\"url\":\"https:\\\/\\\/ubirataonline.com.br\\\/with-swalwell-out-who-will-bay-area-voters-support-for-california-governor\\\/\",\"name\":\"With Swalwell Out, Who Will Bay Area Voters Support for California Governor? - Ubirat\u00e3 Online Not\u00edcias - A realidade ao seu alcance!\",\"isPartOf\":{\"@id\":\"https:\\\/\\\/ubirataonline.com.br\\\/#website\"},\"primaryImageOfPage\":{\"@id\":\"https:\\\/\\\/ubirataonline.com.br\\\/with-swalwell-out-who-will-bay-area-voters-support-for-california-governor\\\/#primaryimage\"},\"image\":{\"@id\":\"https:\\\/\\\/ubirataonline.com.br\\\/with-swalwell-out-who-will-bay-area-voters-support-for-california-governor\\\/#primaryimage\"},\"thumbnailUrl\":\"https:\\\/\\\/ubirataonline.com.br\\\/wp-content\\\/uploads\\\/2026\\\/04\\\/With-Swalwell-Out-Who-Will-Bay-Area-Voters-Support-for.jpg\",\"datePublished\":\"2026-04-17T04:43:58+00:00\",\"dateModified\":\"2026-04-17T04:44:04+00:00\",\"description\":\"\u201cThey were prepared, they were informed and they were pretty used to dealing with being in rooms with a bunch of old guys who felt like they could push\",\"breadcrumb\":{\"@id\":\"https:\\\/\\\/ubirataonline.com.br\\\/with-swalwell-out-who-will-bay-area-voters-support-for-california-governor\\\/#breadcrumb\"},\"inLanguage\":\"en-US\",\"potentialAction\":[{\"@type\":\"ReadAction\",\"target\":[\"https:\\\/\\\/ubirataonline.com.br\\\/with-swalwell-out-who-will-bay-area-voters-support-for-california-governor\\\/\"]}]},{\"@type\":\"ImageObject\",\"inLanguage\":\"en-US\",\"@id\":\"https:\\\/\\\/ubirataonline.com.br\\\/with-swalwell-out-who-will-bay-area-voters-support-for-california-governor\\\/#primaryimage\",\"url\":\"https:\\\/\\\/ubirataonline.com.br\\\/wp-content\\\/uploads\\\/2026\\\/04\\\/With-Swalwell-Out-Who-Will-Bay-Area-Voters-Support-for.jpg\",\"contentUrl\":\"https:\\\/\\\/ubirataonline.com.br\\\/wp-content\\\/uploads\\\/2026\\\/04\\\/With-Swalwell-Out-Who-Will-Bay-Area-Voters-Support-for.jpg\",\"width\":2000,\"height\":1333,\"caption\":\"Supporters of Tom Steyer hold campaign signs during the California Democratic Party 2026 State Convention on Feb. 21, 2026, in San Francisco. (Gustavo Hernandez\\\/KQED)\"},{\"@type\":\"BreadcrumbList\",\"@id\":\"https:\\\/\\\/ubirataonline.com.br\\\/with-swalwell-out-who-will-bay-area-voters-support-for-california-governor\\\/#breadcrumb\",\"itemListElement\":[{\"@type\":\"ListItem\",\"position\":1,\"name\":\"In\u00edcio\",\"item\":\"https:\\\/\\\/ubirataonline.com.br\\\/\"},{\"@type\":\"ListItem\",\"position\":2,\"name\":\"With Swalwell Out, Who Will Bay Area Voters Support for California Governor?\"}]},{\"@type\":\"WebSite\",\"@id\":\"https:\\\/\\\/ubirataonline.com.br\\\/#website\",\"url\":\"https:\\\/\\\/ubirataonline.com.br\\\/\",\"name\":\"Ubirat\u00e3 Online Not\u00edcias\",\"description\":\"Not\u00edcias de Ubirat\u00e3, regi\u00e3o, Brasil e mundo, com informa\u00e7\u00e3o atualizada e compromisso com o leitor.\",\"publisher\":{\"@id\":\"https:\\\/\\\/ubirataonline.com.br\\\/#organization\"},\"alternateName\":\"Ubirat\u00e3 Online\",\"potentialAction\":[{\"@type\":\"SearchAction\",\"target\":{\"@type\":\"EntryPoint\",\"urlTemplate\":\"https:\\\/\\\/ubirataonline.com.br\\\/?s={search_term_string}\"},\"query-input\":{\"@type\":\"PropertyValueSpecification\",\"valueRequired\":true,\"valueName\":\"search_term_string\"}}],\"inLanguage\":\"en-US\"},{\"@type\":[\"Organization\",\"Place\"],\"@id\":\"https:\\\/\\\/ubirataonline.com.br\\\/#organization\",\"name\":\"Ubirat\u00e3 Online Not\u00edcias\",\"alternateName\":\"Ubirat\u00e3 Online\",\"url\":\"https:\\\/\\\/ubirataonline.com.br\\\/\",\"logo\":{\"@id\":\"https:\\\/\\\/ubirataonline.com.br\\\/with-swalwell-out-who-will-bay-area-voters-support-for-california-governor\\\/#local-main-organization-logo\"},\"image\":{\"@id\":\"https:\\\/\\\/ubirataonline.com.br\\\/with-swalwell-out-who-will-bay-area-voters-support-for-california-governor\\\/#local-main-organization-logo\"},\"sameAs\":[\"https:\\\/\\\/www.facebook.com\\\/portalubirataonline\",\"https:\\\/\\\/x.com\\\/ubirataonline\",\"https:\\\/\\\/mastodon.social\\\/@ubirataonline\",\"https:\\\/\\\/www.facebook.com\\\/groups\\\/311144672285604\",\"https:\\\/\\\/www.facebook.com\\\/UBTAOnline\",\"https:\\\/\\\/www.instagram.com\\\/portalubirataonline\\\/\",\"https:\\\/\\\/twitter.com\\\/ubirataonline\"],\"description\":\"Somos um portal de not\u00edcias independente, criado em 5 de janeiro de 2009, com o objetivo de informar, conectar e valorizar a nossa comunidade de Ubirat\u00e3 e toda aregi\u00e3o. Com conte\u00fado atualizado, confi\u00e1vel e relevante, o Ubirat\u00e3 Online \u00e9 o seu espa\u00e7o para ficar por dentro dos principais acontecimentos locais, regionais, Brasil, Mundo e de interesse geral. Nosso compromisso \u00e9 com a verdade, a transpar\u00eancia e o respeito ao leitor.\",\"legalName\":\"UBIRATA ONLINE NOT\u00cdCIAS\",\"foundingDate\":\"2009-01-05\",\"numberOfEmployees\":{\"@type\":\"QuantitativeValue\",\"minValue\":\"1\",\"maxValue\":\"10\"},\"publishingPrinciples\":\"https:\\\/\\\/ubirataonline.com.br\\\/faq\\\/\",\"address\":{\"@id\":\"https:\\\/\\\/ubirataonline.com.br\\\/with-swalwell-out-who-will-bay-area-voters-support-for-california-governor\\\/#local-main-place-address\"},\"geo\":{\"@type\":\"GeoCoordinates\",\"latitude\":\"-24.5361401\",\"longitude\":\"-52.9921776\"},\"telephone\":[\"+5544998308235\"],\"contactPoint\":{\"@type\":\"ContactPoint\",\"email\":\"contato@ubirataonline.com.br\"},\"openingHoursSpecification\":{\"@type\":\"OpeningHoursSpecification\",\"dayOfWeek\":[\"Monday\",\"Tuesday\",\"Wednesday\",\"Thursday\",\"Friday\",\"Saturday\",\"Sunday\"],\"opens\":\"00:00\",\"closes\":\"23:59\"},\"email\":\"contato@ubirataonline.com.br\",\"vatID\":\"47.621.418\\\/0001-80\"},{\"@type\":\"Person\",\"@id\":\"https:\\\/\\\/ubirataonline.com.br\\\/#\\\/schema\\\/person\\\/372f87bbd3fdd79b8556b84c98d0bc1c\",\"name\":\"REDA\u00c7\u00c3O: UBIRAT\u00c3 ONLINE - F\u00c1BIO AUGUSTO CELESTINO\",\"pronouns\":\"Ele\",\"description\":\"Desde 2003 trabalhando com not\u00edcias.\",\"sameAs\":[\"http:\\\/\\\/ubirataoline.com.br\",\"https:\\\/\\\/www.facebook.com\\\/portalubirataonline\",\"https:\\\/\\\/www.instagram.com\\\/ubirataonline_oficial\",\"https:\\\/\\\/x.com\\\/x.com\\\/ubirataonline\"],\"honorificPrefix\":\"Mr.\",\"honorificSuffix\":\"MD\",\"birthDate\":\"1980-06-16\",\"gender\":\"masculino\",\"award\":[\"V\u00e1rios pr\u00eamios de melhor portal da cidade\"],\"jobTitle\":\"Diretor\",\"url\":\"https:\\\/\\\/ubirataonline.com.br\\\/en\\\/author\\\/ubirataonline\\\/\"},{\"@type\":\"PostalAddress\",\"@id\":\"https:\\\/\\\/ubirataonline.com.br\\\/with-swalwell-out-who-will-bay-area-voters-support-for-california-governor\\\/#local-main-place-address\",\"streetAddress\":\"Rua dos Coqueiros, 104 - Bairro Boa Vista, Rua dos Coqueiros, 104 Bairro Boa Vista\",\"addressLocality\":\"UBIRATA\",\"postalCode\":\"85440-000\",\"addressRegion\":\"PR\",\"addressCountry\":\"BR\"},{\"@type\":\"ImageObject\",\"inLanguage\":\"en-US\",\"@id\":\"https:\\\/\\\/ubirataonline.com.br\\\/with-swalwell-out-who-will-bay-area-voters-support-for-california-governor\\\/#local-main-organization-logo\",\"url\":\"https:\\\/\\\/ubirataonline.com.br\\\/wp-content\\\/uploads\\\/2026\\\/06\\\/logoubirataonline-1.webp\",\"contentUrl\":\"https:\\\/\\\/ubirataonline.com.br\\\/wp-content\\\/uploads\\\/2026\\\/06\\\/logoubirataonline-1.webp\",\"width\":500,\"height\":500,\"caption\":\"Ubirat\u00e3 Online Not\u00edcias\"}]}<\/script>\n<meta name=\"geo.placename\" content=\"UBIRATA\" \/>\n<meta name=\"geo.position\" content=\"-24.5361401;-52.9921776\" \/>\n<meta name=\"geo.region\" content=\"Brazil\" \/>\n<!-- \/ Yoast SEO Premium plugin. -->","yoast_head_json":{"title":"With Swalwell Out, Who Will Bay Area Voters Support for California Governor? - Ubirat\u00e3 Online Not\u00edcias - A realidade ao seu alcance!","description":"\u201cThey were prepared, they were informed and they were pretty used to dealing with being in rooms with a bunch of old guys who felt like they could push","robots":{"index":"index","follow":"follow","max-snippet":"max-snippet:-1","max-image-preview":"max-image-preview:large","max-video-preview":"max-video-preview:-1"},"canonical":"https:\/\/ubirataonline.com.br\/en\/with-swalwell-out-who-will-bay-area-voters-support-for-california-governor\/","og_locale":"en_US","og_type":"article","og_title":"With Swalwell Out, Who Will Bay Area Voters Support for California Governor?","og_description":"\u201cThey were prepared, they were informed and they were pretty used to dealing with being in rooms with a bunch of old guys who felt like they could push","og_url":"https:\/\/ubirataonline.com.br\/en\/with-swalwell-out-who-will-bay-area-voters-support-for-california-governor\/","og_site_name":"Ubirat\u00e3 Online Not\u00edcias - A realidade ao seu alcance!","article_publisher":"https:\/\/www.facebook.com\/portalubirataonline","article_author":"https:\/\/www.facebook.com\/portalubirataonline","article_published_time":"2026-04-17T04:43:58+00:00","article_modified_time":"2026-04-17T04:44:04+00:00","og_image":[{"width":2000,"height":1333,"url":"https:\/\/ubirataonline.com.br\/wp-content\/uploads\/2026\/04\/With-Swalwell-Out-Who-Will-Bay-Area-Voters-Support-for.jpg","type":"image\/jpeg"}],"author":"REDA\u00c7\u00c3O: UBIRAT\u00c3 ONLINE - F\u00c1BIO AUGUSTO CELESTINO","twitter_card":"summary_large_image","twitter_creator":"@x.com\/ubirataonline","twitter_site":"@ubirataonline","twitter_misc":{"Written by":"REDA\u00c7\u00c3O: UBIRAT\u00c3 ONLINE - F\u00c1BIO AUGUSTO CELESTINO","Est. reading time":"3 minutes"},"schema":{"@context":"https:\/\/schema.org","@graph":[{"@type":"NewsArticle","@id":"https:\/\/ubirataonline.com.br\/with-swalwell-out-who-will-bay-area-voters-support-for-california-governor\/#article","isPartOf":{"@id":"https:\/\/ubirataonline.com.br\/with-swalwell-out-who-will-bay-area-voters-support-for-california-governor\/"},"author":{"name":"REDA\u00c7\u00c3O: UBIRAT\u00c3 ONLINE - F\u00c1BIO AUGUSTO CELESTINO","@id":"https:\/\/ubirataonline.com.br\/#\/schema\/person\/372f87bbd3fdd79b8556b84c98d0bc1c"},"headline":"With Swalwell Out, Who Will Bay Area Voters Support for California Governor?","datePublished":"2026-04-17T04:43:58+00:00","dateModified":"2026-04-17T04:44:04+00:00","mainEntityOfPage":{"@id":"https:\/\/ubirataonline.com.br\/with-swalwell-out-who-will-bay-area-voters-support-for-california-governor\/"},"wordCount":530,"publisher":{"@id":"https:\/\/ubirataonline.com.br\/#organization"},"image":{"@id":"https:\/\/ubirataonline.com.br\/with-swalwell-out-who-will-bay-area-voters-support-for-california-governor\/#primaryimage"},"thumbnailUrl":"https:\/\/ubirataonline.com.br\/wp-content\/uploads\/2026\/04\/With-Swalwell-Out-Who-Will-Bay-Area-Voters-Support-for.jpg","keywords":["\u00e1rea","Bay","California","governor","support","Swalwell","voters"],"articleSection":["Ubirat\u00e3"],"inLanguage":"en-US","copyrightYear":"2026","copyrightHolder":{"@id":"https:\/\/ubirataonline.com.br\/en\/#organization"}},{"@type":"WebPage","@id":"https:\/\/ubirataonline.com.br\/with-swalwell-out-who-will-bay-area-voters-support-for-california-governor\/","url":"https:\/\/ubirataonline.com.br\/with-swalwell-out-who-will-bay-area-voters-support-for-california-governor\/","name":"With Swalwell Out, Who Will Bay Area Voters Support for California Governor? - Ubirat\u00e3 Online Not\u00edcias - A realidade ao seu alcance!","isPartOf":{"@id":"https:\/\/ubirataonline.com.br\/#website"},"primaryImageOfPage":{"@id":"https:\/\/ubirataonline.com.br\/with-swalwell-out-who-will-bay-area-voters-support-for-california-governor\/#primaryimage"},"image":{"@id":"https:\/\/ubirataonline.com.br\/with-swalwell-out-who-will-bay-area-voters-support-for-california-governor\/#primaryimage"},"thumbnailUrl":"https:\/\/ubirataonline.com.br\/wp-content\/uploads\/2026\/04\/With-Swalwell-Out-Who-Will-Bay-Area-Voters-Support-for.jpg","datePublished":"2026-04-17T04:43:58+00:00","dateModified":"2026-04-17T04:44:04+00:00","description":"\u201cThey were prepared, they were informed and they were pretty used to dealing with being in rooms with a bunch of old guys who felt like they could push","breadcrumb":{"@id":"https:\/\/ubirataonline.com.br\/with-swalwell-out-who-will-bay-area-voters-support-for-california-governor\/#breadcrumb"},"inLanguage":"en-US","potentialAction":[{"@type":"ReadAction","target":["https:\/\/ubirataonline.com.br\/with-swalwell-out-who-will-bay-area-voters-support-for-california-governor\/"]}]},{"@type":"ImageObject","inLanguage":"en-US","@id":"https:\/\/ubirataonline.com.br\/with-swalwell-out-who-will-bay-area-voters-support-for-california-governor\/#primaryimage","url":"https:\/\/ubirataonline.com.br\/wp-content\/uploads\/2026\/04\/With-Swalwell-Out-Who-Will-Bay-Area-Voters-Support-for.jpg","contentUrl":"https:\/\/ubirataonline.com.br\/wp-content\/uploads\/2026\/04\/With-Swalwell-Out-Who-Will-Bay-Area-Voters-Support-for.jpg","width":2000,"height":1333,"caption":"Supporters of Tom Steyer hold campaign signs during the California Democratic Party 2026 State Convention on Feb. 21, 2026, in San Francisco. (Gustavo Hernandez\/KQED)"},{"@type":"BreadcrumbList","@id":"https:\/\/ubirataonline.com.br\/with-swalwell-out-who-will-bay-area-voters-support-for-california-governor\/#breadcrumb","itemListElement":[{"@type":"ListItem","position":1,"name":"In\u00edcio","item":"https:\/\/ubirataonline.com.br\/"},{"@type":"ListItem","position":2,"name":"With Swalwell Out, Who Will Bay Area Voters Support for California Governor?"}]},{"@type":"WebSite","@id":"https:\/\/ubirataonline.com.br\/#website","url":"https:\/\/ubirataonline.com.br\/","name":"Ubirat\u00e3 Online Not\u00edcias","description":"Not\u00edcias de Ubirat\u00e3, regi\u00e3o, Brasil e mundo, com informa\u00e7\u00e3o atualizada e compromisso com o leitor.","publisher":{"@id":"https:\/\/ubirataonline.com.br\/#organization"},"alternateName":"Ubirat\u00e3 Online","potentialAction":[{"@type":"SearchAction","target":{"@type":"EntryPoint","urlTemplate":"https:\/\/ubirataonline.com.br\/?s={search_term_string}"},"query-input":{"@type":"PropertyValueSpecification","valueRequired":true,"valueName":"search_term_string"}}],"inLanguage":"en-US"},{"@type":["Organization","Place"],"@id":"https:\/\/ubirataonline.com.br\/#organization","name":"Ubirat\u00e3 Online Not\u00edcias","alternateName":"Ubirat\u00e3 Online","url":"https:\/\/ubirataonline.com.br\/","logo":{"@id":"https:\/\/ubirataonline.com.br\/with-swalwell-out-who-will-bay-area-voters-support-for-california-governor\/#local-main-organization-logo"},"image":{"@id":"https:\/\/ubirataonline.com.br\/with-swalwell-out-who-will-bay-area-voters-support-for-california-governor\/#local-main-organization-logo"},"sameAs":["https:\/\/www.facebook.com\/portalubirataonline","https:\/\/x.com\/ubirataonline","https:\/\/mastodon.social\/@ubirataonline","https:\/\/www.facebook.com\/groups\/311144672285604","https:\/\/www.facebook.com\/UBTAOnline","https:\/\/www.instagram.com\/portalubirataonline\/","https:\/\/twitter.com\/ubirataonline"],"description":"Somos um portal de not\u00edcias independente, criado em 5 de janeiro de 2009, com o objetivo de informar, conectar e valorizar a nossa comunidade de Ubirat\u00e3 e toda aregi\u00e3o. Com conte\u00fado atualizado, confi\u00e1vel e relevante, o Ubirat\u00e3 Online \u00e9 o seu espa\u00e7o para ficar por dentro dos principais acontecimentos locais, regionais, Brasil, Mundo e de interesse geral. Nosso compromisso \u00e9 com a verdade, a transpar\u00eancia e o respeito ao leitor.","legalName":"UBIRATA ONLINE NOT\u00cdCIAS","foundingDate":"2009-01-05","numberOfEmployees":{"@type":"QuantitativeValue","minValue":"1","maxValue":"10"},"publishingPrinciples":"https:\/\/ubirataonline.com.br\/faq\/","address":{"@id":"https:\/\/ubirataonline.com.br\/with-swalwell-out-who-will-bay-area-voters-support-for-california-governor\/#local-main-place-address"},"geo":{"@type":"GeoCoordinates","latitude":"-24.5361401","longitude":"-52.9921776"},"telephone":["+5544998308235"],"contactPoint":{"@type":"ContactPoint","email":"contato@ubirataonline.com.br"},"openingHoursSpecification":{"@type":"OpeningHoursSpecification","dayOfWeek":["Monday","Tuesday","Wednesday","Thursday","Friday","Saturday","Sunday"],"opens":"00:00","closes":"23:59"},"email":"contato@ubirataonline.com.br","vatID":"47.621.418\/0001-80"},{"@type":"Person","@id":"https:\/\/ubirataonline.com.br\/#\/schema\/person\/372f87bbd3fdd79b8556b84c98d0bc1c","name":"REDA\u00c7\u00c3O: UBIRAT\u00c3 ONLINE - F\u00c1BIO AUGUSTO CELESTINO","pronouns":"Ele","description":"Desde 2003 trabalhando com not\u00edcias.","sameAs":["http:\/\/ubirataoline.com.br","https:\/\/www.facebook.com\/portalubirataonline","https:\/\/www.instagram.com\/ubirataonline_oficial","https:\/\/x.com\/x.com\/ubirataonline"],"honorificPrefix":"Mr.","honorificSuffix":"MD","birthDate":"1980-06-16","gender":"masculino","award":["V\u00e1rios pr\u00eamios de melhor portal da cidade"],"jobTitle":"Diretor","url":"https:\/\/ubirataonline.com.br\/en\/author\/ubirataonline\/"},{"@type":"PostalAddress","@id":"https:\/\/ubirataonline.com.br\/with-swalwell-out-who-will-bay-area-voters-support-for-california-governor\/#local-main-place-address","streetAddress":"Rua dos Coqueiros, 104 - Bairro Boa Vista, Rua dos Coqueiros, 104 Bairro Boa Vista","addressLocality":"UBIRATA","postalCode":"85440-000","addressRegion":"PR","addressCountry":"BR"},{"@type":"ImageObject","inLanguage":"en-US","@id":"https:\/\/ubirataonline.com.br\/with-swalwell-out-who-will-bay-area-voters-support-for-california-governor\/#local-main-organization-logo","url":"https:\/\/ubirataonline.com.br\/wp-content\/uploads\/2026\/06\/logoubirataonline-1.webp","contentUrl":"https:\/\/ubirataonline.com.br\/wp-content\/uploads\/2026\/06\/logoubirataonline-1.webp","width":500,"height":500,"caption":"Ubirat\u00e3 Online Not\u00edcias"}]},"geo.placename":"UBIRATA","geo.position":{"lat":"-24.5361401","long":"-52.9921776"},"geo.region":"Brazil"},"_links":{"self":[{"href":"https:\/\/ubirataonline.com.br\/en\/wp-json\/wp\/v2\/posts\/109622","targetHints":{"allow":["GET"]}}],"collection":[{"href":"https:\/\/ubirataonline.com.br\/en\/wp-json\/wp\/v2\/posts"}],"about":[{"href":"https:\/\/ubirataonline.com.br\/en\/wp-json\/wp\/v2\/types\/post"}],"author":[{"embeddable":true,"href":"https:\/\/ubirataonline.com.br\/en\/wp-json\/wp\/v2\/users\/1"}],"replies":[{"embeddable":true,"href":"https:\/\/ubirataonline.com.br\/en\/wp-json\/wp\/v2\/comments?post=109622"}],"version-history":[{"count":0,"href":"https:\/\/ubirataonline.com.br\/en\/wp-json\/wp\/v2\/posts\/109622\/revisions"}],"wp:featuredmedia":[{"embeddable":true,"href":"https:\/\/ubirataonline.com.br\/en\/wp-json\/wp\/v2\/media\/109623"}],"wp:attachment":[{"href":"https:\/\/ubirataonline.com.br\/en\/wp-json\/wp\/v2\/media?parent=109622"}],"wp:term":[{"taxonomy":"category","embeddable":true,"href":"https:\/\/ubirataonline.com.br\/en\/wp-json\/wp\/v2\/categories?post=109622"},{"taxonomy":"post_tag","embeddable":true,"href":"https:\/\/ubirataonline.com.br\/en\/wp-json\/wp\/v2\/tags?post=109622"}],"curies":[{"name":"wp","href":"https:\/\/api.w.org\/{rel}","templated":true}]}}