{"id":109910,"date":"2026-04-17T10:44:56","date_gmt":"2026-04-17T13:44:56","guid":{"rendered":"https:\/\/ubirataonline.com.br\/?p=109910"},"modified":"2026-04-17T10:44:58","modified_gmt":"2026-04-17T13:44:58","slug":"como-ensinar-a-importancia-do-uso-de-equipamentos-de-protecao-desde-cedo","status":"publish","type":"post","link":"https:\/\/ubirataonline.com.br\/en\/como-ensinar-a-importancia-do-uso-de-equipamentos-de-protecao-desde-cedo\/","title":{"rendered":"Como ensinar a import\u00e2ncia do uso de equipamentos de prote\u00e7\u00e3o desde cedo?"},"content":{"rendered":"<p class=\"wp-block-paragraph\">Ensinar \u00e0s crian\u00e7as a import\u00e2ncia de utilizar equipamentos de prote\u00e7\u00e3o \u00e9 um passo essencial para garantir sua seguran\u00e7a. Em pr\u00e1ticas como ciclismo, skate ou patina\u00e7\u00e3o, o uso de itens, como o <a href=\"https:\/\/www.sportbay.com.br\/capacetes\/capacete-street\/capacete-infantil\">capacete infantil<\/a>, pode fazer toda a diferen\u00e7a em casos de acidentes, amenizando impactos e evitando les\u00f5es na regi\u00e3o da cabe\u00e7a.<\/p>\n\n\n\n<p class=\"wp-block-paragraph\">Formar esse h\u00e1bito desde cedo tamb\u00e9m ajuda a desenvolver uma consci\u00eancia de responsabilidade e zelo pelo pr\u00f3prio bem-estar. Dessa forma, os pequenos passam a incorporar esses cuidados de forma natural na rotina, levando esse comportamento para outras fases da vida.<\/p>\n\n\n\n<h2 class=\"wp-block-heading\" id=\"h-comece-cedo-e-introduza-a-seguranca-como-um-valor-nbsp\">Comece cedo e introduza a seguran\u00e7a como um valor&nbsp;<\/h2>\n\n\n\n<p class=\"wp-block-paragraph\">Iniciar a educa\u00e7\u00e3o sobre o uso de acess\u00f3rios de prote\u00e7\u00e3o na primeira inf\u00e2ncia \u00e9 fundamental, j\u00e1 que nessa fase os pequenos absorvem comportamentos com mais facilidade. Refor\u00e7ar essas pr\u00e1ticas no cotidiano, como ao usar capacetes em passeios de bicicleta ou joelheiras durante brincadeiras ao ar livre, solidifica a ideia de cuidado.<\/p>\n\n\n\n<p class=\"wp-block-paragraph\">Uma dica valiosa \u00e9 sempre dar o exemplo, utilizando esses itens na presen\u00e7a das crian\u00e7as para que vejam isso como algo normal. Construir essa base s\u00f3lida de seguran\u00e7a desde cedo garante que o conceito acompanhe os jovens ao longo de toda a vida, moldando atitudes preventivas.<\/p>\n\n\n\n<h2 class=\"wp-block-heading\" id=\"h-transforme-protecao-em-diversao\">Transforme prote\u00e7\u00e3o em divers\u00e3o<\/h2>\n\n\n\n<p class=\"wp-block-paragraph\">Tornar o uso de ferramentas de seguran\u00e7a algo atraente para os pequenos \u00e9 uma estrat\u00e9gia eficaz para evitar que eles encarem isso como uma tarefa ma\u00e7ante. Nesse sentido, permitir que escolham itens como capacetes ou luvas com cores vibrantes e desenhos de seus personagens preferidos pode despertar entusiasmo.<\/p>\n\n\n\n<p class=\"wp-block-paragraph\">Criar narrativas sobre \u201cher\u00f3is da seguran\u00e7a\u201d ou sugerir produtos personalizados, como os dispon\u00edveis na Sportbay, ajuda a transformar a prote\u00e7\u00e3o em uma brincadeira. Ao associar esses cuidados a momentos de alegria, a ades\u00e3o das crian\u00e7as se torna muito mais espont\u00e2nea e genu\u00edna.<\/p>\n\n\n\n<h2 class=\"wp-block-heading\" id=\"h-explique-os-riscos-e-ensine-de-forma-simples\">Explique os riscos e ensine de forma simples<\/h2>\n\n\n\n<p class=\"wp-block-paragraph\">Conversar com os pequenos sobre os perigos de n\u00e3o utilizar equipamentos de prote\u00e7\u00e3o \u00e9 necess\u00e1rio, mas deve ser feito com uma linguagem ajustada \u00e0 idade deles. Por exemplo, \u00e9 poss\u00edvel mencionar como quedas de bicicleta podem ser prevenidas com um bom capacete ou como arranh\u00f5es s\u00e3o evitados com joelheiras adequadas.<\/p>\n\n\n\n<p class=\"wp-block-paragraph\">Usar hist\u00f3rias ou v\u00eddeos educativos para ilustrar os riscos, sem causar medo, \u00e9 uma abordagem eficiente. Dessa forma, ao entenderem as consequ\u00eancias de maneira clara, as crian\u00e7as passam a valorizar a prote\u00e7\u00e3o como algo imprescind\u00edvel em suas rotinas.<\/p>\n\n\n\n<h2 class=\"wp-block-heading\" id=\"h-escolha-os-equipamentos-certos-e-priorize-a-qualidade\">Escolha os equipamentos certos e priorize a qualidade<\/h2>\n\n\n\n<p class=\"wp-block-paragraph\">Selecionar acess\u00f3rios de seguran\u00e7a adequados ao tamanho, idade e tipo de atividade da crian\u00e7a \u00e9 um cuidado essencial para garantir conforto e efic\u00e1cia. Nesse contexto, \u00e9 importante observar crit\u00e9rios como o ajuste, material e a presen\u00e7a de certifica\u00e7\u00f5es que atestem a confiabilidade do produto.<\/p>\n\n\n\n<p class=\"wp-block-paragraph\">Comparar medidas, testar os itens antes da compra, se poss\u00edvel, e verificar se eles se sentem \u00e0 vontade \u00e9 uma pr\u00e1tica recomendada. Assim, evita-se que um equipamento desconfort\u00e1vel desmotive o uso, incentivando confian\u00e7a e prote\u00e7\u00e3o.<\/p>\n\n\n\n<h2 class=\"wp-block-heading\" id=\"h-crie-rotinas-de-seguranca-para-integrar-os-equipamentos\">Crie rotinas de seguran\u00e7a para integrar os equipamentos<\/h2>\n\n\n\n<p class=\"wp-block-paragraph\">Incorporar o uso de itens de prote\u00e7\u00e3o na rotina dos jovens, tornando isso um passo natural antes de atividades de risco, \u00e9 uma t\u00e1tica poderosa. Um exemplo simples seria sempre colocar o capacete antes de pegar a bicicleta ou checar as luvas antes de sair para andar de skate.<\/p>\n\n\n\n<p class=\"wp-block-paragraph\">Al\u00e9m disso, criar lembretes visuais ou checklists divertidas pode facilitar essa integra\u00e7\u00e3o no dia a dia. Com isso, cria-se consist\u00eancia, o que ajuda a internalizar o h\u00e1bito, diminuindo qualquer resist\u00eancia com o passar do tempo.<\/p>\n\n\n\n<h2 class=\"wp-block-heading\" id=\"h-reforce-com-exemplos-praticos\">Reforce com exemplos pr\u00e1ticos<\/h2>\n\n\n\n<p class=\"wp-block-paragraph\">Por fim, demonstrar a import\u00e2ncia da seguran\u00e7a por meio de atitudes \u00e9 algo que pais e respons\u00e1veis devem priorizar ao compartilhar atividades com as crian\u00e7as. Nesse sentido, ao usarem capacetes e outros acess\u00f3rios durante passeios ou esportes, os adultos mostram que a prote\u00e7\u00e3o n\u00e3o \u00e9 apenas uma regra, mas um valor.<\/p>\n\n\n\n<p class=\"wp-block-paragraph\">Do mesmo jeito, envolver toda a fam\u00edlia em desafios como \u201cquem se equipa mais r\u00e1pido\u201d pode refor\u00e7ar essa mensagem de forma leve e divertida. Logo, ser um exemplo positivo n\u00e3o s\u00f3 inspira confian\u00e7a, mas tamb\u00e9m fortalece a relev\u00e2ncia do cuidado de maneira pr\u00e1tica e afetiva.<\/p>","protected":false},"excerpt":{"rendered":"<p>Ensinar \u00e0s crian\u00e7as a import\u00e2ncia de utilizar equipamentos de prote\u00e7\u00e3o \u00e9 um passo essencial para garantir sua seguran\u00e7a. Em pr\u00e1ticas como ciclismo, skate ou patina\u00e7\u00e3o, o uso de itens, como o capacete infantil, pode fazer toda a diferen\u00e7a em casos de acidentes, amenizando impactos e evitando les\u00f5es na regi\u00e3o da cabe\u00e7a. Formar esse h\u00e1bito desde [&hellip;]<\/p>\n","protected":false},"author":1,"featured_media":109912,"comment_status":"closed","ping_status":"closed","sticky":false,"template":"","format":"standard","meta":{"googlesitekit_rrm_CAow2JLhCw:productID":"","_gspb_post_css":"","maa_idioma":"","maa_pais":"","footnotes":""},"categories":[4],"tags":[],"class_list":["post-109910","post","type-post","status-publish","format-standard","has-post-thumbnail","hentry","category-brasil"],"blocksy_meta":[],"yoast_head":"<!-- This site is optimized with the Yoast SEO Premium plugin v27.6 (Yoast SEO v27.6) - https:\/\/yoast.com\/product\/yoast-seo-premium-wordpress\/ -->\n<title>Como ensinar a import\u00e2ncia do uso de equipamentos de prote\u00e7\u00e3o desde cedo? - Ubirat\u00e3 Online Not\u00edcias - A realidade ao seu alcance!<\/title>\n<meta name=\"description\" content=\"Confira dicas pr\u00e1ticas para incentivar a seguran\u00e7a dos pequenos durante pr\u00e1ticas ao ar livre.\" \/>\n<meta name=\"robots\" content=\"index, follow, max-snippet:-1, max-image-preview:large, max-video-preview:-1\" \/>\n<link rel=\"canonical\" href=\"https:\/\/ubirataonline.com.br\/en\/como-ensinar-a-importancia-do-uso-de-equipamentos-de-protecao-desde-cedo\/\" \/>\n<meta property=\"og:locale\" content=\"en_US\" \/>\n<meta property=\"og:type\" content=\"article\" \/>\n<meta property=\"og:title\" content=\"Como ensinar a import\u00e2ncia do uso de equipamentos de prote\u00e7\u00e3o desde cedo?\" \/>\n<meta property=\"og:description\" content=\"Confira dicas pr\u00e1ticas para incentivar a seguran\u00e7a dos pequenos durante pr\u00e1ticas ao ar livre.\" \/>\n<meta property=\"og:url\" content=\"https:\/\/ubirataonline.com.br\/en\/como-ensinar-a-importancia-do-uso-de-equipamentos-de-protecao-desde-cedo\/\" \/>\n<meta property=\"og:site_name\" content=\"Ubirat\u00e3 Online Not\u00edcias - A realidade ao seu alcance!\" \/>\n<meta property=\"article:publisher\" content=\"https:\/\/www.facebook.com\/portalubirataonline\" \/>\n<meta property=\"article:author\" content=\"https:\/\/www.facebook.com\/portalubirataonline\" \/>\n<meta property=\"article:published_time\" content=\"2026-04-17T13:44:56+00:00\" \/>\n<meta property=\"article:modified_time\" content=\"2026-04-17T13:44:58+00:00\" \/>\n<meta property=\"og:image\" content=\"https:\/\/ubirataonline.com.br\/wp-content\/uploads\/2026\/04\/pexels-photo-84645601-scaled.jpg\" \/>\n\t<meta property=\"og:image:width\" content=\"2560\" \/>\n\t<meta property=\"og:image:height\" content=\"1707\" \/>\n\t<meta property=\"og:image:type\" content=\"image\/jpeg\" \/>\n<meta name=\"author\" content=\"REDA\u00c7\u00c3O: UBIRAT\u00c3 ONLINE - F\u00c1BIO AUGUSTO CELESTINO\" \/>\n<meta name=\"twitter:card\" content=\"summary_large_image\" \/>\n<meta name=\"twitter:creator\" content=\"@x.com\/ubirataonline\" \/>\n<meta name=\"twitter:site\" content=\"@ubirataonline\" \/>\n<meta name=\"twitter:label1\" content=\"Written by\" \/>\n\t<meta name=\"twitter:data1\" content=\"REDA\u00c7\u00c3O: UBIRAT\u00c3 ONLINE - F\u00c1BIO AUGUSTO CELESTINO\" \/>\n\t<meta name=\"twitter:label2\" content=\"Est. reading time\" \/>\n\t<meta name=\"twitter:data2\" content=\"4 minutes\" \/>\n<script type=\"application\/ld+json\" class=\"yoast-schema-graph\">{\"@context\":\"https:\\\/\\\/schema.org\",\"@graph\":[{\"@type\":\"NewsArticle\",\"@id\":\"https:\\\/\\\/ubirataonline.com.br\\\/como-ensinar-a-importancia-do-uso-de-equipamentos-de-protecao-desde-cedo\\\/#article\",\"isPartOf\":{\"@id\":\"https:\\\/\\\/ubirataonline.com.br\\\/como-ensinar-a-importancia-do-uso-de-equipamentos-de-protecao-desde-cedo\\\/\"},\"author\":{\"name\":\"REDA\u00c7\u00c3O: UBIRAT\u00c3 ONLINE - F\u00c1BIO AUGUSTO CELESTINO\",\"@id\":\"https:\\\/\\\/ubirataonline.com.br\\\/#\\\/schema\\\/person\\\/372f87bbd3fdd79b8556b84c98d0bc1c\"},\"headline\":\"Como ensinar a import\u00e2ncia do uso de equipamentos de prote\u00e7\u00e3o desde cedo?\",\"datePublished\":\"2026-04-17T13:44:56+00:00\",\"dateModified\":\"2026-04-17T13:44:58+00:00\",\"mainEntityOfPage\":{\"@id\":\"https:\\\/\\\/ubirataonline.com.br\\\/como-ensinar-a-importancia-do-uso-de-equipamentos-de-protecao-desde-cedo\\\/\"},\"wordCount\":752,\"publisher\":{\"@id\":\"https:\\\/\\\/ubirataonline.com.br\\\/#organization\"},\"image\":{\"@id\":\"https:\\\/\\\/ubirataonline.com.br\\\/como-ensinar-a-importancia-do-uso-de-equipamentos-de-protecao-desde-cedo\\\/#primaryimage\"},\"thumbnailUrl\":\"https:\\\/\\\/ubirataonline.com.br\\\/wp-content\\\/uploads\\\/2026\\\/04\\\/pexels-photo-84645601-scaled.jpg\",\"articleSection\":[\"Brasil\"],\"inLanguage\":\"en-US\",\"copyrightYear\":\"2026\",\"copyrightHolder\":{\"@id\":\"https:\\\/\\\/ubirataonline.com.br\\\/en\\\/#organization\"}},{\"@type\":\"WebPage\",\"@id\":\"https:\\\/\\\/ubirataonline.com.br\\\/como-ensinar-a-importancia-do-uso-de-equipamentos-de-protecao-desde-cedo\\\/\",\"url\":\"https:\\\/\\\/ubirataonline.com.br\\\/como-ensinar-a-importancia-do-uso-de-equipamentos-de-protecao-desde-cedo\\\/\",\"name\":\"Como ensinar a import\u00e2ncia do uso de equipamentos de prote\u00e7\u00e3o desde cedo? - Ubirat\u00e3 Online Not\u00edcias - A realidade ao seu alcance!\",\"isPartOf\":{\"@id\":\"https:\\\/\\\/ubirataonline.com.br\\\/#website\"},\"primaryImageOfPage\":{\"@id\":\"https:\\\/\\\/ubirataonline.com.br\\\/como-ensinar-a-importancia-do-uso-de-equipamentos-de-protecao-desde-cedo\\\/#primaryimage\"},\"image\":{\"@id\":\"https:\\\/\\\/ubirataonline.com.br\\\/como-ensinar-a-importancia-do-uso-de-equipamentos-de-protecao-desde-cedo\\\/#primaryimage\"},\"thumbnailUrl\":\"https:\\\/\\\/ubirataonline.com.br\\\/wp-content\\\/uploads\\\/2026\\\/04\\\/pexels-photo-84645601-scaled.jpg\",\"datePublished\":\"2026-04-17T13:44:56+00:00\",\"dateModified\":\"2026-04-17T13:44:58+00:00\",\"description\":\"Confira dicas pr\u00e1ticas para incentivar a seguran\u00e7a dos pequenos durante pr\u00e1ticas ao ar livre.\",\"breadcrumb\":{\"@id\":\"https:\\\/\\\/ubirataonline.com.br\\\/como-ensinar-a-importancia-do-uso-de-equipamentos-de-protecao-desde-cedo\\\/#breadcrumb\"},\"inLanguage\":\"en-US\",\"potentialAction\":[{\"@type\":\"ReadAction\",\"target\":[\"https:\\\/\\\/ubirataonline.com.br\\\/como-ensinar-a-importancia-do-uso-de-equipamentos-de-protecao-desde-cedo\\\/\"]}]},{\"@type\":\"ImageObject\",\"inLanguage\":\"en-US\",\"@id\":\"https:\\\/\\\/ubirataonline.com.br\\\/como-ensinar-a-importancia-do-uso-de-equipamentos-de-protecao-desde-cedo\\\/#primaryimage\",\"url\":\"https:\\\/\\\/ubirataonline.com.br\\\/wp-content\\\/uploads\\\/2026\\\/04\\\/pexels-photo-84645601-scaled.jpg\",\"contentUrl\":\"https:\\\/\\\/ubirataonline.com.br\\\/wp-content\\\/uploads\\\/2026\\\/04\\\/pexels-photo-84645601-scaled.jpg\",\"width\":2560,\"height\":1707,\"caption\":\"pexels-photo\"},{\"@type\":\"BreadcrumbList\",\"@id\":\"https:\\\/\\\/ubirataonline.com.br\\\/como-ensinar-a-importancia-do-uso-de-equipamentos-de-protecao-desde-cedo\\\/#breadcrumb\",\"itemListElement\":[{\"@type\":\"ListItem\",\"position\":1,\"name\":\"In\u00edcio\",\"item\":\"https:\\\/\\\/ubirataonline.com.br\\\/\"},{\"@type\":\"ListItem\",\"position\":2,\"name\":\"Como ensinar a import\u00e2ncia do uso de equipamentos de prote\u00e7\u00e3o desde cedo?\"}]},{\"@type\":\"WebSite\",\"@id\":\"https:\\\/\\\/ubirataonline.com.br\\\/#website\",\"url\":\"https:\\\/\\\/ubirataonline.com.br\\\/\",\"name\":\"Ubirat\u00e3 Online Not\u00edcias\",\"description\":\"Not\u00edcias de Ubirat\u00e3, regi\u00e3o, Brasil e mundo, com informa\u00e7\u00e3o atualizada e compromisso com o leitor.\",\"publisher\":{\"@id\":\"https:\\\/\\\/ubirataonline.com.br\\\/#organization\"},\"alternateName\":\"Ubirat\u00e3 Online\",\"potentialAction\":[{\"@type\":\"SearchAction\",\"target\":{\"@type\":\"EntryPoint\",\"urlTemplate\":\"https:\\\/\\\/ubirataonline.com.br\\\/?s={search_term_string}\"},\"query-input\":{\"@type\":\"PropertyValueSpecification\",\"valueRequired\":true,\"valueName\":\"search_term_string\"}}],\"inLanguage\":\"en-US\"},{\"@type\":[\"Organization\",\"Place\"],\"@id\":\"https:\\\/\\\/ubirataonline.com.br\\\/#organization\",\"name\":\"Ubirat\u00e3 Online Not\u00edcias\",\"alternateName\":\"Ubirat\u00e3 Online\",\"url\":\"https:\\\/\\\/ubirataonline.com.br\\\/\",\"logo\":{\"@id\":\"https:\\\/\\\/ubirataonline.com.br\\\/como-ensinar-a-importancia-do-uso-de-equipamentos-de-protecao-desde-cedo\\\/#local-main-organization-logo\"},\"image\":{\"@id\":\"https:\\\/\\\/ubirataonline.com.br\\\/como-ensinar-a-importancia-do-uso-de-equipamentos-de-protecao-desde-cedo\\\/#local-main-organization-logo\"},\"sameAs\":[\"https:\\\/\\\/www.facebook.com\\\/portalubirataonline\",\"https:\\\/\\\/x.com\\\/ubirataonline\",\"https:\\\/\\\/mastodon.social\\\/@ubirataonline\",\"https:\\\/\\\/www.facebook.com\\\/groups\\\/311144672285604\",\"https:\\\/\\\/www.facebook.com\\\/UBTAOnline\",\"https:\\\/\\\/www.instagram.com\\\/portalubirataonline\\\/\",\"https:\\\/\\\/twitter.com\\\/ubirataonline\"],\"description\":\"Somos um portal de not\u00edcias independente, criado em 5 de janeiro de 2009, com o objetivo de informar, conectar e valorizar a nossa comunidade de Ubirat\u00e3 e toda aregi\u00e3o. Com conte\u00fado atualizado, confi\u00e1vel e relevante, o Ubirat\u00e3 Online \u00e9 o seu espa\u00e7o para ficar por dentro dos principais acontecimentos locais, regionais, Brasil, Mundo e de interesse geral. Nosso compromisso \u00e9 com a verdade, a transpar\u00eancia e o respeito ao leitor.\",\"legalName\":\"UBIRATA ONLINE NOT\u00cdCIAS\",\"foundingDate\":\"2009-01-05\",\"numberOfEmployees\":{\"@type\":\"QuantitativeValue\",\"minValue\":\"1\",\"maxValue\":\"10\"},\"publishingPrinciples\":\"https:\\\/\\\/ubirataonline.com.br\\\/faq\\\/\",\"address\":{\"@id\":\"https:\\\/\\\/ubirataonline.com.br\\\/como-ensinar-a-importancia-do-uso-de-equipamentos-de-protecao-desde-cedo\\\/#local-main-place-address\"},\"geo\":{\"@type\":\"GeoCoordinates\",\"latitude\":\"-24.5361401\",\"longitude\":\"-52.9921776\"},\"telephone\":[\"+5544998308235\"],\"contactPoint\":{\"@type\":\"ContactPoint\",\"email\":\"contato@ubirataonline.com.br\"},\"openingHoursSpecification\":{\"@type\":\"OpeningHoursSpecification\",\"dayOfWeek\":[\"Monday\",\"Tuesday\",\"Wednesday\",\"Thursday\",\"Friday\",\"Saturday\",\"Sunday\"],\"opens\":\"00:00\",\"closes\":\"23:59\"},\"email\":\"contato@ubirataonline.com.br\",\"vatID\":\"47.621.418\\\/0001-80\"},{\"@type\":\"Person\",\"@id\":\"https:\\\/\\\/ubirataonline.com.br\\\/#\\\/schema\\\/person\\\/372f87bbd3fdd79b8556b84c98d0bc1c\",\"name\":\"REDA\u00c7\u00c3O: UBIRAT\u00c3 ONLINE - F\u00c1BIO AUGUSTO CELESTINO\",\"pronouns\":\"Ele\",\"description\":\"Desde 2003 trabalhando com not\u00edcias.\",\"sameAs\":[\"http:\\\/\\\/ubirataoline.com.br\",\"https:\\\/\\\/www.facebook.com\\\/portalubirataonline\",\"https:\\\/\\\/www.instagram.com\\\/ubirataonline_oficial\",\"https:\\\/\\\/x.com\\\/x.com\\\/ubirataonline\"],\"honorificPrefix\":\"Mr.\",\"honorificSuffix\":\"MD\",\"birthDate\":\"1980-06-16\",\"gender\":\"masculino\",\"award\":[\"V\u00e1rios pr\u00eamios de melhor portal da cidade\"],\"jobTitle\":\"Diretor\",\"url\":\"https:\\\/\\\/ubirataonline.com.br\\\/en\\\/author\\\/ubirataonline\\\/\"},{\"@type\":\"PostalAddress\",\"@id\":\"https:\\\/\\\/ubirataonline.com.br\\\/como-ensinar-a-importancia-do-uso-de-equipamentos-de-protecao-desde-cedo\\\/#local-main-place-address\",\"streetAddress\":\"Rua dos Coqueiros, 104 - Bairro Boa Vista, Rua dos Coqueiros, 104 Bairro Boa Vista\",\"addressLocality\":\"UBIRATA\",\"postalCode\":\"85440-000\",\"addressRegion\":\"PR\",\"addressCountry\":\"BR\"},{\"@type\":\"ImageObject\",\"inLanguage\":\"en-US\",\"@id\":\"https:\\\/\\\/ubirataonline.com.br\\\/como-ensinar-a-importancia-do-uso-de-equipamentos-de-protecao-desde-cedo\\\/#local-main-organization-logo\",\"url\":\"https:\\\/\\\/ubirataonline.com.br\\\/wp-content\\\/uploads\\\/2026\\\/06\\\/logoubirataonline-1.webp\",\"contentUrl\":\"https:\\\/\\\/ubirataonline.com.br\\\/wp-content\\\/uploads\\\/2026\\\/06\\\/logoubirataonline-1.webp\",\"width\":500,\"height\":500,\"caption\":\"Ubirat\u00e3 Online Not\u00edcias\"}]}<\/script>\n<meta name=\"geo.placename\" content=\"UBIRATA\" \/>\n<meta name=\"geo.position\" content=\"-24.5361401;-52.9921776\" \/>\n<meta name=\"geo.region\" content=\"Brazil\" \/>\n<!-- \/ Yoast SEO Premium plugin. -->","yoast_head_json":{"title":"Como ensinar a import\u00e2ncia do uso de equipamentos de prote\u00e7\u00e3o desde cedo? - Ubirat\u00e3 Online Not\u00edcias - A realidade ao seu alcance!","description":"Confira dicas pr\u00e1ticas para incentivar a seguran\u00e7a dos pequenos durante pr\u00e1ticas ao ar livre.","robots":{"index":"index","follow":"follow","max-snippet":"max-snippet:-1","max-image-preview":"max-image-preview:large","max-video-preview":"max-video-preview:-1"},"canonical":"https:\/\/ubirataonline.com.br\/en\/como-ensinar-a-importancia-do-uso-de-equipamentos-de-protecao-desde-cedo\/","og_locale":"en_US","og_type":"article","og_title":"Como ensinar a import\u00e2ncia do uso de equipamentos de prote\u00e7\u00e3o desde cedo?","og_description":"Confira dicas pr\u00e1ticas para incentivar a seguran\u00e7a dos pequenos durante pr\u00e1ticas ao ar livre.","og_url":"https:\/\/ubirataonline.com.br\/en\/como-ensinar-a-importancia-do-uso-de-equipamentos-de-protecao-desde-cedo\/","og_site_name":"Ubirat\u00e3 Online Not\u00edcias - A realidade ao seu alcance!","article_publisher":"https:\/\/www.facebook.com\/portalubirataonline","article_author":"https:\/\/www.facebook.com\/portalubirataonline","article_published_time":"2026-04-17T13:44:56+00:00","article_modified_time":"2026-04-17T13:44:58+00:00","og_image":[{"width":2560,"height":1707,"url":"https:\/\/ubirataonline.com.br\/wp-content\/uploads\/2026\/04\/pexels-photo-84645601-scaled.jpg","type":"image\/jpeg"}],"author":"REDA\u00c7\u00c3O: UBIRAT\u00c3 ONLINE - F\u00c1BIO AUGUSTO CELESTINO","twitter_card":"summary_large_image","twitter_creator":"@x.com\/ubirataonline","twitter_site":"@ubirataonline","twitter_misc":{"Written by":"REDA\u00c7\u00c3O: UBIRAT\u00c3 ONLINE - F\u00c1BIO AUGUSTO CELESTINO","Est. reading time":"4 minutes"},"schema":{"@context":"https:\/\/schema.org","@graph":[{"@type":"NewsArticle","@id":"https:\/\/ubirataonline.com.br\/como-ensinar-a-importancia-do-uso-de-equipamentos-de-protecao-desde-cedo\/#article","isPartOf":{"@id":"https:\/\/ubirataonline.com.br\/como-ensinar-a-importancia-do-uso-de-equipamentos-de-protecao-desde-cedo\/"},"author":{"name":"REDA\u00c7\u00c3O: UBIRAT\u00c3 ONLINE - F\u00c1BIO AUGUSTO CELESTINO","@id":"https:\/\/ubirataonline.com.br\/#\/schema\/person\/372f87bbd3fdd79b8556b84c98d0bc1c"},"headline":"Como ensinar a import\u00e2ncia do uso de equipamentos de prote\u00e7\u00e3o desde cedo?","datePublished":"2026-04-17T13:44:56+00:00","dateModified":"2026-04-17T13:44:58+00:00","mainEntityOfPage":{"@id":"https:\/\/ubirataonline.com.br\/como-ensinar-a-importancia-do-uso-de-equipamentos-de-protecao-desde-cedo\/"},"wordCount":752,"publisher":{"@id":"https:\/\/ubirataonline.com.br\/#organization"},"image":{"@id":"https:\/\/ubirataonline.com.br\/como-ensinar-a-importancia-do-uso-de-equipamentos-de-protecao-desde-cedo\/#primaryimage"},"thumbnailUrl":"https:\/\/ubirataonline.com.br\/wp-content\/uploads\/2026\/04\/pexels-photo-84645601-scaled.jpg","articleSection":["Brasil"],"inLanguage":"en-US","copyrightYear":"2026","copyrightHolder":{"@id":"https:\/\/ubirataonline.com.br\/en\/#organization"}},{"@type":"WebPage","@id":"https:\/\/ubirataonline.com.br\/como-ensinar-a-importancia-do-uso-de-equipamentos-de-protecao-desde-cedo\/","url":"https:\/\/ubirataonline.com.br\/como-ensinar-a-importancia-do-uso-de-equipamentos-de-protecao-desde-cedo\/","name":"Como ensinar a import\u00e2ncia do uso de equipamentos de prote\u00e7\u00e3o desde cedo? - Ubirat\u00e3 Online Not\u00edcias - A realidade ao seu alcance!","isPartOf":{"@id":"https:\/\/ubirataonline.com.br\/#website"},"primaryImageOfPage":{"@id":"https:\/\/ubirataonline.com.br\/como-ensinar-a-importancia-do-uso-de-equipamentos-de-protecao-desde-cedo\/#primaryimage"},"image":{"@id":"https:\/\/ubirataonline.com.br\/como-ensinar-a-importancia-do-uso-de-equipamentos-de-protecao-desde-cedo\/#primaryimage"},"thumbnailUrl":"https:\/\/ubirataonline.com.br\/wp-content\/uploads\/2026\/04\/pexels-photo-84645601-scaled.jpg","datePublished":"2026-04-17T13:44:56+00:00","dateModified":"2026-04-17T13:44:58+00:00","description":"Confira dicas pr\u00e1ticas para incentivar a seguran\u00e7a dos pequenos durante pr\u00e1ticas ao ar livre.","breadcrumb":{"@id":"https:\/\/ubirataonline.com.br\/como-ensinar-a-importancia-do-uso-de-equipamentos-de-protecao-desde-cedo\/#breadcrumb"},"inLanguage":"en-US","potentialAction":[{"@type":"ReadAction","target":["https:\/\/ubirataonline.com.br\/como-ensinar-a-importancia-do-uso-de-equipamentos-de-protecao-desde-cedo\/"]}]},{"@type":"ImageObject","inLanguage":"en-US","@id":"https:\/\/ubirataonline.com.br\/como-ensinar-a-importancia-do-uso-de-equipamentos-de-protecao-desde-cedo\/#primaryimage","url":"https:\/\/ubirataonline.com.br\/wp-content\/uploads\/2026\/04\/pexels-photo-84645601-scaled.jpg","contentUrl":"https:\/\/ubirataonline.com.br\/wp-content\/uploads\/2026\/04\/pexels-photo-84645601-scaled.jpg","width":2560,"height":1707,"caption":"pexels-photo"},{"@type":"BreadcrumbList","@id":"https:\/\/ubirataonline.com.br\/como-ensinar-a-importancia-do-uso-de-equipamentos-de-protecao-desde-cedo\/#breadcrumb","itemListElement":[{"@type":"ListItem","position":1,"name":"In\u00edcio","item":"https:\/\/ubirataonline.com.br\/"},{"@type":"ListItem","position":2,"name":"Como ensinar a import\u00e2ncia do uso de equipamentos de prote\u00e7\u00e3o desde cedo?"}]},{"@type":"WebSite","@id":"https:\/\/ubirataonline.com.br\/#website","url":"https:\/\/ubirataonline.com.br\/","name":"Ubirat\u00e3 Online Not\u00edcias","description":"Not\u00edcias de Ubirat\u00e3, regi\u00e3o, Brasil e mundo, com informa\u00e7\u00e3o atualizada e compromisso com o leitor.","publisher":{"@id":"https:\/\/ubirataonline.com.br\/#organization"},"alternateName":"Ubirat\u00e3 Online","potentialAction":[{"@type":"SearchAction","target":{"@type":"EntryPoint","urlTemplate":"https:\/\/ubirataonline.com.br\/?s={search_term_string}"},"query-input":{"@type":"PropertyValueSpecification","valueRequired":true,"valueName":"search_term_string"}}],"inLanguage":"en-US"},{"@type":["Organization","Place"],"@id":"https:\/\/ubirataonline.com.br\/#organization","name":"Ubirat\u00e3 Online Not\u00edcias","alternateName":"Ubirat\u00e3 Online","url":"https:\/\/ubirataonline.com.br\/","logo":{"@id":"https:\/\/ubirataonline.com.br\/como-ensinar-a-importancia-do-uso-de-equipamentos-de-protecao-desde-cedo\/#local-main-organization-logo"},"image":{"@id":"https:\/\/ubirataonline.com.br\/como-ensinar-a-importancia-do-uso-de-equipamentos-de-protecao-desde-cedo\/#local-main-organization-logo"},"sameAs":["https:\/\/www.facebook.com\/portalubirataonline","https:\/\/x.com\/ubirataonline","https:\/\/mastodon.social\/@ubirataonline","https:\/\/www.facebook.com\/groups\/311144672285604","https:\/\/www.facebook.com\/UBTAOnline","https:\/\/www.instagram.com\/portalubirataonline\/","https:\/\/twitter.com\/ubirataonline"],"description":"Somos um portal de not\u00edcias independente, criado em 5 de janeiro de 2009, com o objetivo de informar, conectar e valorizar a nossa comunidade de Ubirat\u00e3 e toda aregi\u00e3o. Com conte\u00fado atualizado, confi\u00e1vel e relevante, o Ubirat\u00e3 Online \u00e9 o seu espa\u00e7o para ficar por dentro dos principais acontecimentos locais, regionais, Brasil, Mundo e de interesse geral. Nosso compromisso \u00e9 com a verdade, a transpar\u00eancia e o respeito ao leitor.","legalName":"UBIRATA ONLINE NOT\u00cdCIAS","foundingDate":"2009-01-05","numberOfEmployees":{"@type":"QuantitativeValue","minValue":"1","maxValue":"10"},"publishingPrinciples":"https:\/\/ubirataonline.com.br\/faq\/","address":{"@id":"https:\/\/ubirataonline.com.br\/como-ensinar-a-importancia-do-uso-de-equipamentos-de-protecao-desde-cedo\/#local-main-place-address"},"geo":{"@type":"GeoCoordinates","latitude":"-24.5361401","longitude":"-52.9921776"},"telephone":["+5544998308235"],"contactPoint":{"@type":"ContactPoint","email":"contato@ubirataonline.com.br"},"openingHoursSpecification":{"@type":"OpeningHoursSpecification","dayOfWeek":["Monday","Tuesday","Wednesday","Thursday","Friday","Saturday","Sunday"],"opens":"00:00","closes":"23:59"},"email":"contato@ubirataonline.com.br","vatID":"47.621.418\/0001-80"},{"@type":"Person","@id":"https:\/\/ubirataonline.com.br\/#\/schema\/person\/372f87bbd3fdd79b8556b84c98d0bc1c","name":"REDA\u00c7\u00c3O: UBIRAT\u00c3 ONLINE - F\u00c1BIO AUGUSTO CELESTINO","pronouns":"Ele","description":"Desde 2003 trabalhando com not\u00edcias.","sameAs":["http:\/\/ubirataoline.com.br","https:\/\/www.facebook.com\/portalubirataonline","https:\/\/www.instagram.com\/ubirataonline_oficial","https:\/\/x.com\/x.com\/ubirataonline"],"honorificPrefix":"Mr.","honorificSuffix":"MD","birthDate":"1980-06-16","gender":"masculino","award":["V\u00e1rios pr\u00eamios de melhor portal da cidade"],"jobTitle":"Diretor","url":"https:\/\/ubirataonline.com.br\/en\/author\/ubirataonline\/"},{"@type":"PostalAddress","@id":"https:\/\/ubirataonline.com.br\/como-ensinar-a-importancia-do-uso-de-equipamentos-de-protecao-desde-cedo\/#local-main-place-address","streetAddress":"Rua dos Coqueiros, 104 - Bairro Boa Vista, Rua dos Coqueiros, 104 Bairro Boa Vista","addressLocality":"UBIRATA","postalCode":"85440-000","addressRegion":"PR","addressCountry":"BR"},{"@type":"ImageObject","inLanguage":"en-US","@id":"https:\/\/ubirataonline.com.br\/como-ensinar-a-importancia-do-uso-de-equipamentos-de-protecao-desde-cedo\/#local-main-organization-logo","url":"https:\/\/ubirataonline.com.br\/wp-content\/uploads\/2026\/06\/logoubirataonline-1.webp","contentUrl":"https:\/\/ubirataonline.com.br\/wp-content\/uploads\/2026\/06\/logoubirataonline-1.webp","width":500,"height":500,"caption":"Ubirat\u00e3 Online Not\u00edcias"}]},"geo.placename":"UBIRATA","geo.position":{"lat":"-24.5361401","long":"-52.9921776"},"geo.region":"Brazil"},"_links":{"self":[{"href":"https:\/\/ubirataonline.com.br\/en\/wp-json\/wp\/v2\/posts\/109910","targetHints":{"allow":["GET"]}}],"collection":[{"href":"https:\/\/ubirataonline.com.br\/en\/wp-json\/wp\/v2\/posts"}],"about":[{"href":"https:\/\/ubirataonline.com.br\/en\/wp-json\/wp\/v2\/types\/post"}],"author":[{"embeddable":true,"href":"https:\/\/ubirataonline.com.br\/en\/wp-json\/wp\/v2\/users\/1"}],"replies":[{"embeddable":true,"href":"https:\/\/ubirataonline.com.br\/en\/wp-json\/wp\/v2\/comments?post=109910"}],"version-history":[{"count":0,"href":"https:\/\/ubirataonline.com.br\/en\/wp-json\/wp\/v2\/posts\/109910\/revisions"}],"wp:featuredmedia":[{"embeddable":true,"href":"https:\/\/ubirataonline.com.br\/en\/wp-json\/wp\/v2\/media\/109912"}],"wp:attachment":[{"href":"https:\/\/ubirataonline.com.br\/en\/wp-json\/wp\/v2\/media?parent=109910"}],"wp:term":[{"taxonomy":"category","embeddable":true,"href":"https:\/\/ubirataonline.com.br\/en\/wp-json\/wp\/v2\/categories?post=109910"},{"taxonomy":"post_tag","embeddable":true,"href":"https:\/\/ubirataonline.com.br\/en\/wp-json\/wp\/v2\/tags?post=109910"}],"curies":[{"name":"wp","href":"https:\/\/api.w.org\/{rel}","templated":true}]}}