{"id":109980,"date":"2026-04-17T12:18:40","date_gmt":"2026-04-17T15:18:40","guid":{"rendered":"https:\/\/ubirataonline.com.br\/rene-wagner-streicht-uberraschend-weiteren-mittelfeldspieler-das-ist-der-kader-fur-st-pauli\/"},"modified":"2026-04-17T12:18:47","modified_gmt":"2026-04-17T15:18:47","slug":"rene-wagner-streicht-uberraschend-weiteren-mittelfeldspieler-das-ist-der-kader-fur-st-pauli","status":"publish","type":"post","link":"https:\/\/ubirataonline.com.br\/en\/rene-wagner-streicht-uberraschend-weiteren-mittelfeldspieler-das-ist-der-kader-fur-st-pauli\/","title":{"rendered":"Ren\u00e9 Wagner streicht \u00fcberraschend weiteren Mittelfeldspieler \u2013 Das ist der Kader f\u00fcr St. Pauli"},"content":{"rendered":"<p><\/p>\n<p><h3>Ren\u00e9 Wagner streicht \u00fcberraschend weiteren Mittelfeldspieler \u2013 Das ist der Kader f\u00fcr St. Pauli<\/h3>\n<\/p>\n<p><h3>Mit der Begegnung gegen St. Pauli k\u00f6nnen die K\u00f6lner einen gro\u00dfen Schritt Richtung Klassenerhalt machen. Es sollen die n\u00e4chsten Punkte eingefahren werden. Ren\u00e9 Wagner hat die Qual der Wahl. Am Donnerstagnachmittag machte sich das Team auf den Weg zum Ausw\u00e4rtsspiel des 1. FC K\u00f6ln: Das ist der Kader f\u00fcr St. Pauli.<\/h3>\n<\/p>\n<div>\n<p>Vier Spiele ohne Niederlage stehen aktuell zu Buche und der FC kann mit einem Dreier am Freitagabend den Klassenerhalt ein St\u00fcckchen n\u00e4her bringen. Am Donnerstagnachmittag ist die Mannschaft nach Hamburg aufgebrochen und es gab durchaus eine \u00dcberraschung im Kader. <\/p>\n<\/div>\n<div>\n<p>Jan Thielmann und Jahmai Simpson-Pusey brechen auf<\/p>\n<\/div>\n<div>\n<p>\u00a0Ihr wollt immer aktuell informiert sein? Folgt unserem WhatsApp-Kanal\u00a0<a href=\"https:\/\/whatsapp.com\/channel\/0029VaCxFqM8vd1GzNMmCM2w\" target=\"_blank\" rel=\"noreferrer\">hier<\/a><\/p>\n<\/div>\n<div>\n<p>Ungewohnt fr\u00fch standen die Gei\u00dfb\u00f6cke am Donnerstagvormittag schon auf dem Platz. Gegen 10:30 Uhr begann die letzte Einheit vor der Abfahrt Richtung Hamburg. Am Freitagabend steht das wichtige Spiel bei St. Pauli an. Am Millerntor wollen die K\u00f6lner den n\u00e4chsten Sieg einfahren und damit einen gro\u00dfen Schritt Richtung Klassenerhalt machen. Denn mit einem Erfolg w\u00fcrde der Abstand zum Relegationsplatz auf acht Z\u00e4hler anwachsen und das bei nur noch vier ausstehenden Spieltagen. Pauli m\u00fcsste also acht Punkte (und eine beachtliche Tordifferenz) auf K\u00f6ln aufholen. Ren\u00e9 Wagner hatte am Mittwoch auf der Abschlusskonferenz bereits angek\u00fcndigt, dass seine Mannschaft voll fokussiert sei. \u00dcber den Kader wollte der Coach noch nicht viel verraten.<\/p>\n<\/div>\n<div>\n<p>Said El Mala reist mit nach Hamburg<\/p>\n<\/div>\n<div>\n<p>Doch mit der Abfahrt Richtung Hamburg war dann nat\u00fcrlich klar, welche Kandidaten nicht mit nach Hamburg fahren w\u00fcrden. Wagner kommt aktuell in die f\u00fcr den FC in dieser Saison ungewohnte Lage der Qual der Wahl. Denn aktuell fallen nur die beiden Langzeitverletzten Timo H\u00fcbers und Luca Kilian aus. So musste Wagner wie schon in der Vorwoche erneut drei Spieler streichen. Mit Florian Kainz und Dominique Heintz hat es zwei Akteure getroffen, die schon gegen Bremen auf der Trib\u00fcne sa\u00dfen und in der kommenden Spielzeit nicht mehr f\u00fcr den FC spielen werden. Zudem reiste Denis Huseinbasic nicht mit der Mannschaft nach Hamburg. Der Mittelfeldspieler stand gegen Frankfurt noch in der Anfangsformation, wusste aber nicht zu \u00fcberzeugen. Die Nicht-Nominierung k\u00f6nnte ein Fingerzeig f\u00fcr die Zukunft des Akteurs sein.<\/p>\n<\/div>\n<div>\n<p><strong>Diese Spieler sind am Freitag in Hamburg mit von der Partie<\/strong><\/p>\n<\/div>\n<div>\n<p><strong>Tor:\u00a0<\/strong>Marvin Schw\u00e4be, Ron-Robert Zieler<strong>Abwehr:\u00a0<\/strong>Sebastian Sebulonsen, Cenk \u00d6zkacar, Rav van den Berg, Kristoffer Lund, Jahmai Simpson-Pusey, Joel Schmied<strong>Mittelfeld:\u00a0<\/strong>Felipe Ch\u00e1vez, Isak Johannesson, Tom Krau\u00df, Said El Mala, Jakub Kaminski, Linton Maina, Jan Thielmann, Alessio Castro-Montes<strong>Sturm:\u00a0<\/strong>Ragnar Ache, Marius B\u00fclter, Luca Waldschmidt<\/p>\n<\/div>\n<div>\n<p><strong>Verletzt, gesperrt oder nicht ber\u00fccksichtigt:\u00a0<\/strong>Luca Kilian, Timo H\u00fcbers, Denis Huseinbasic, Florian Kainz, Dominique Heintz, Youssoupha Niang, Fynn Schenten, Cenny Neumann,<\/p>\n<\/div>\n<p><a href=\"https:\/\/onefootball.com\/pt-br\/noticias\/rene-wagner-streicht-ueberraschend-weiteren-mittelfeldspieler-das-ist-der-kader-fuer-st-pauli-42720090\">Fonte do Artigo <\/a><\/p>","protected":false},"excerpt":{"rendered":"<p>Ren\u00e9 Wagner streicht \u00fcberraschend weiteren Mittelfeldspieler \u2013 Das ist der Kader f\u00fcr St. Pauli Mit der Begegnung gegen St. Pauli k\u00f6nnen die K\u00f6lner einen gro\u00dfen Schritt Richtung Klassenerhalt machen. Es sollen die n\u00e4chsten Punkte eingefahren werden. Ren\u00e9 Wagner hat die Qual der Wahl. Am Donnerstagnachmittag machte sich das Team auf den Weg zum Ausw\u00e4rtsspiel des [&hellip;]<\/p>\n","protected":false},"author":1,"featured_media":109981,"comment_status":"closed","ping_status":"","sticky":false,"template":"","format":"standard","meta":{"googlesitekit_rrm_CAow2JLhCw:productID":"","_gspb_post_css":"","maa_idioma":"","maa_pais":"","footnotes":""},"categories":[4],"tags":[3489,2913,8460,7389,29305,29304,7400,3665,29301,29302,5459,29303],"class_list":["post-109980","post","type-post","status-publish","format-standard","has-post-thumbnail","hentry","category-brasil","tag-das","tag-der","tag-fur","tag-ist","tag-kader","tag-mittelfeldspieler","tag-pauli","tag-rene","tag-streicht","tag-uberraschend","tag-wagner","tag-weiteren"],"blocksy_meta":[],"yoast_head":"<!-- This site is optimized with the Yoast SEO Premium plugin v27.6 (Yoast SEO v27.6) - https:\/\/yoast.com\/product\/yoast-seo-premium-wordpress\/ -->\n<title>Ren\u00e9 Wagner streicht \u00fcberraschend weiteren Mittelfeldspieler \u2013 Das ist der Kader f\u00fcr St. Pauli - Ubirat\u00e3 Online Not\u00edcias - A realidade ao seu alcance!<\/title>\n<meta name=\"description\" content=\"Ren\u00e9 Wagner streicht \u00fcberraschend weiteren Mittelfeldspieler \u2013 Das ist der Kader f\u00fcr St. PauliMit der Begegnung gegen St. Pauli k\u00f6nnen die K\u00f6lner einen\" \/>\n<meta name=\"robots\" content=\"index, follow, max-snippet:-1, max-image-preview:large, max-video-preview:-1\" \/>\n<link rel=\"canonical\" href=\"https:\/\/ubirataonline.com.br\/en\/rene-wagner-streicht-uberraschend-weiteren-mittelfeldspieler-das-ist-der-kader-fur-st-pauli\/\" \/>\n<meta property=\"og:locale\" content=\"en_US\" \/>\n<meta property=\"og:type\" content=\"article\" \/>\n<meta property=\"og:title\" content=\"Ren\u00e9 Wagner streicht \u00fcberraschend weiteren Mittelfeldspieler \u2013 Das ist der Kader f\u00fcr St. Pauli\" \/>\n<meta property=\"og:description\" content=\"Ren\u00e9 Wagner streicht \u00fcberraschend weiteren Mittelfeldspieler \u2013 Das ist der Kader f\u00fcr St. PauliMit der Begegnung gegen St. Pauli k\u00f6nnen die K\u00f6lner einen\" \/>\n<meta property=\"og:url\" content=\"https:\/\/ubirataonline.com.br\/en\/rene-wagner-streicht-uberraschend-weiteren-mittelfeldspieler-das-ist-der-kader-fur-st-pauli\/\" \/>\n<meta property=\"og:site_name\" content=\"Ubirat\u00e3 Online Not\u00edcias - A realidade ao seu alcance!\" \/>\n<meta property=\"article:publisher\" content=\"https:\/\/www.facebook.com\/portalubirataonline\" \/>\n<meta property=\"article:author\" content=\"https:\/\/www.facebook.com\/portalubirataonline\" \/>\n<meta property=\"article:published_time\" content=\"2026-04-17T15:18:40+00:00\" \/>\n<meta property=\"article:modified_time\" content=\"2026-04-17T15:18:47+00:00\" \/>\n<meta property=\"og:image\" content=\"https:\/\/ubirataonline.com.br\/wp-content\/uploads\/2026\/04\/Rene-Wagner-streicht-uberraschend-weiteren-Mittelfeldspieler-\u2013-Das-ist-der.png\" \/>\n\t<meta property=\"og:image:width\" content=\"1200\" \/>\n\t<meta property=\"og:image:height\" content=\"630\" \/>\n\t<meta property=\"og:image:type\" content=\"image\/png\" \/>\n<meta name=\"author\" content=\"REDA\u00c7\u00c3O: UBIRAT\u00c3 ONLINE - F\u00c1BIO AUGUSTO CELESTINO\" \/>\n<meta name=\"twitter:card\" content=\"summary_large_image\" \/>\n<meta name=\"twitter:creator\" content=\"@x.com\/ubirataonline\" \/>\n<meta name=\"twitter:site\" content=\"@ubirataonline\" \/>\n<meta name=\"twitter:label1\" content=\"Written by\" \/>\n\t<meta name=\"twitter:data1\" content=\"REDA\u00c7\u00c3O: UBIRAT\u00c3 ONLINE - F\u00c1BIO AUGUSTO CELESTINO\" \/>\n\t<meta name=\"twitter:label2\" content=\"Est. reading time\" \/>\n\t<meta name=\"twitter:data2\" content=\"2 minutes\" \/>\n<script type=\"application\/ld+json\" class=\"yoast-schema-graph\">{\"@context\":\"https:\\\/\\\/schema.org\",\"@graph\":[{\"@type\":\"NewsArticle\",\"@id\":\"https:\\\/\\\/ubirataonline.com.br\\\/rene-wagner-streicht-uberraschend-weiteren-mittelfeldspieler-das-ist-der-kader-fur-st-pauli\\\/#article\",\"isPartOf\":{\"@id\":\"https:\\\/\\\/ubirataonline.com.br\\\/rene-wagner-streicht-uberraschend-weiteren-mittelfeldspieler-das-ist-der-kader-fur-st-pauli\\\/\"},\"author\":{\"name\":\"REDA\u00c7\u00c3O: UBIRAT\u00c3 ONLINE - F\u00c1BIO AUGUSTO CELESTINO\",\"@id\":\"https:\\\/\\\/ubirataonline.com.br\\\/#\\\/schema\\\/person\\\/372f87bbd3fdd79b8556b84c98d0bc1c\"},\"headline\":\"Ren\u00e9 Wagner streicht \u00fcberraschend weiteren Mittelfeldspieler \u2013 Das ist der Kader f\u00fcr St. Pauli\",\"datePublished\":\"2026-04-17T15:18:40+00:00\",\"dateModified\":\"2026-04-17T15:18:47+00:00\",\"mainEntityOfPage\":{\"@id\":\"https:\\\/\\\/ubirataonline.com.br\\\/rene-wagner-streicht-uberraschend-weiteren-mittelfeldspieler-das-ist-der-kader-fur-st-pauli\\\/\"},\"wordCount\":486,\"publisher\":{\"@id\":\"https:\\\/\\\/ubirataonline.com.br\\\/#organization\"},\"image\":{\"@id\":\"https:\\\/\\\/ubirataonline.com.br\\\/rene-wagner-streicht-uberraschend-weiteren-mittelfeldspieler-das-ist-der-kader-fur-st-pauli\\\/#primaryimage\"},\"thumbnailUrl\":\"https:\\\/\\\/ubirataonline.com.br\\\/wp-content\\\/uploads\\\/2026\\\/04\\\/Rene-Wagner-streicht-uberraschend-weiteren-Mittelfeldspieler-\u2013-Das-ist-der.png\",\"keywords\":[\"das\",\"Der\",\"f\u00fcr\",\"Ist\",\"Kader\",\"Mittelfeldspieler\",\"Pauli\",\"Rene\",\"streicht\",\"\u00fcberraschend\",\"Wagner\",\"weiteren\"],\"articleSection\":[\"Brasil\"],\"inLanguage\":\"en-US\",\"copyrightYear\":\"2026\",\"copyrightHolder\":{\"@id\":\"https:\\\/\\\/ubirataonline.com.br\\\/en\\\/#organization\"}},{\"@type\":\"WebPage\",\"@id\":\"https:\\\/\\\/ubirataonline.com.br\\\/rene-wagner-streicht-uberraschend-weiteren-mittelfeldspieler-das-ist-der-kader-fur-st-pauli\\\/\",\"url\":\"https:\\\/\\\/ubirataonline.com.br\\\/rene-wagner-streicht-uberraschend-weiteren-mittelfeldspieler-das-ist-der-kader-fur-st-pauli\\\/\",\"name\":\"Ren\u00e9 Wagner streicht \u00fcberraschend weiteren Mittelfeldspieler \u2013 Das ist der Kader f\u00fcr St. Pauli - Ubirat\u00e3 Online Not\u00edcias - A realidade ao seu alcance!\",\"isPartOf\":{\"@id\":\"https:\\\/\\\/ubirataonline.com.br\\\/#website\"},\"primaryImageOfPage\":{\"@id\":\"https:\\\/\\\/ubirataonline.com.br\\\/rene-wagner-streicht-uberraschend-weiteren-mittelfeldspieler-das-ist-der-kader-fur-st-pauli\\\/#primaryimage\"},\"image\":{\"@id\":\"https:\\\/\\\/ubirataonline.com.br\\\/rene-wagner-streicht-uberraschend-weiteren-mittelfeldspieler-das-ist-der-kader-fur-st-pauli\\\/#primaryimage\"},\"thumbnailUrl\":\"https:\\\/\\\/ubirataonline.com.br\\\/wp-content\\\/uploads\\\/2026\\\/04\\\/Rene-Wagner-streicht-uberraschend-weiteren-Mittelfeldspieler-\u2013-Das-ist-der.png\",\"datePublished\":\"2026-04-17T15:18:40+00:00\",\"dateModified\":\"2026-04-17T15:18:47+00:00\",\"description\":\"Ren\u00e9 Wagner streicht \u00fcberraschend weiteren Mittelfeldspieler \u2013 Das ist der Kader f\u00fcr St. PauliMit der Begegnung gegen St. Pauli k\u00f6nnen die K\u00f6lner einen\",\"breadcrumb\":{\"@id\":\"https:\\\/\\\/ubirataonline.com.br\\\/rene-wagner-streicht-uberraschend-weiteren-mittelfeldspieler-das-ist-der-kader-fur-st-pauli\\\/#breadcrumb\"},\"inLanguage\":\"en-US\",\"potentialAction\":[{\"@type\":\"ReadAction\",\"target\":[\"https:\\\/\\\/ubirataonline.com.br\\\/rene-wagner-streicht-uberraschend-weiteren-mittelfeldspieler-das-ist-der-kader-fur-st-pauli\\\/\"]}]},{\"@type\":\"ImageObject\",\"inLanguage\":\"en-US\",\"@id\":\"https:\\\/\\\/ubirataonline.com.br\\\/rene-wagner-streicht-uberraschend-weiteren-mittelfeldspieler-das-ist-der-kader-fur-st-pauli\\\/#primaryimage\",\"url\":\"https:\\\/\\\/ubirataonline.com.br\\\/wp-content\\\/uploads\\\/2026\\\/04\\\/Rene-Wagner-streicht-uberraschend-weiteren-Mittelfeldspieler-\u2013-Das-ist-der.png\",\"contentUrl\":\"https:\\\/\\\/ubirataonline.com.br\\\/wp-content\\\/uploads\\\/2026\\\/04\\\/Rene-Wagner-streicht-uberraschend-weiteren-Mittelfeldspieler-\u2013-Das-ist-der.png\",\"width\":1200,\"height\":630,\"caption\":\"Ren\u00e9 Wagner streicht \u00fcberraschend weiteren Mittelfeldspieler \u2013 Das ist der Kader f\u00fcr St. Pauli\"},{\"@type\":\"BreadcrumbList\",\"@id\":\"https:\\\/\\\/ubirataonline.com.br\\\/rene-wagner-streicht-uberraschend-weiteren-mittelfeldspieler-das-ist-der-kader-fur-st-pauli\\\/#breadcrumb\",\"itemListElement\":[{\"@type\":\"ListItem\",\"position\":1,\"name\":\"In\u00edcio\",\"item\":\"https:\\\/\\\/ubirataonline.com.br\\\/\"},{\"@type\":\"ListItem\",\"position\":2,\"name\":\"Ren\u00e9 Wagner streicht \u00fcberraschend weiteren Mittelfeldspieler \u2013 Das ist der Kader f\u00fcr St. Pauli\"}]},{\"@type\":\"WebSite\",\"@id\":\"https:\\\/\\\/ubirataonline.com.br\\\/#website\",\"url\":\"https:\\\/\\\/ubirataonline.com.br\\\/\",\"name\":\"Ubirat\u00e3 Online Not\u00edcias\",\"description\":\"Not\u00edcias de Ubirat\u00e3, regi\u00e3o, Brasil e mundo, com informa\u00e7\u00e3o atualizada e compromisso com o leitor.\",\"publisher\":{\"@id\":\"https:\\\/\\\/ubirataonline.com.br\\\/#organization\"},\"alternateName\":\"Ubirat\u00e3 Online\",\"potentialAction\":[{\"@type\":\"SearchAction\",\"target\":{\"@type\":\"EntryPoint\",\"urlTemplate\":\"https:\\\/\\\/ubirataonline.com.br\\\/?s={search_term_string}\"},\"query-input\":{\"@type\":\"PropertyValueSpecification\",\"valueRequired\":true,\"valueName\":\"search_term_string\"}}],\"inLanguage\":\"en-US\"},{\"@type\":[\"Organization\",\"Place\"],\"@id\":\"https:\\\/\\\/ubirataonline.com.br\\\/#organization\",\"name\":\"Ubirat\u00e3 Online Not\u00edcias\",\"alternateName\":\"Ubirat\u00e3 Online\",\"url\":\"https:\\\/\\\/ubirataonline.com.br\\\/\",\"logo\":{\"@id\":\"https:\\\/\\\/ubirataonline.com.br\\\/rene-wagner-streicht-uberraschend-weiteren-mittelfeldspieler-das-ist-der-kader-fur-st-pauli\\\/#local-main-organization-logo\"},\"image\":{\"@id\":\"https:\\\/\\\/ubirataonline.com.br\\\/rene-wagner-streicht-uberraschend-weiteren-mittelfeldspieler-das-ist-der-kader-fur-st-pauli\\\/#local-main-organization-logo\"},\"sameAs\":[\"https:\\\/\\\/www.facebook.com\\\/portalubirataonline\",\"https:\\\/\\\/x.com\\\/ubirataonline\",\"https:\\\/\\\/mastodon.social\\\/@ubirataonline\",\"https:\\\/\\\/www.facebook.com\\\/groups\\\/311144672285604\",\"https:\\\/\\\/www.facebook.com\\\/UBTAOnline\",\"https:\\\/\\\/www.instagram.com\\\/portalubirataonline\\\/\",\"https:\\\/\\\/twitter.com\\\/ubirataonline\"],\"description\":\"Somos um portal de not\u00edcias independente, criado em 5 de janeiro de 2009, com o objetivo de informar, conectar e valorizar a nossa comunidade de Ubirat\u00e3 e toda aregi\u00e3o. Com conte\u00fado atualizado, confi\u00e1vel e relevante, o Ubirat\u00e3 Online \u00e9 o seu espa\u00e7o para ficar por dentro dos principais acontecimentos locais, regionais, Brasil, Mundo e de interesse geral. Nosso compromisso \u00e9 com a verdade, a transpar\u00eancia e o respeito ao leitor.\",\"legalName\":\"UBIRATA ONLINE NOT\u00cdCIAS\",\"foundingDate\":\"2009-01-05\",\"numberOfEmployees\":{\"@type\":\"QuantitativeValue\",\"minValue\":\"1\",\"maxValue\":\"10\"},\"publishingPrinciples\":\"https:\\\/\\\/ubirataonline.com.br\\\/faq\\\/\",\"address\":{\"@id\":\"https:\\\/\\\/ubirataonline.com.br\\\/rene-wagner-streicht-uberraschend-weiteren-mittelfeldspieler-das-ist-der-kader-fur-st-pauli\\\/#local-main-place-address\"},\"geo\":{\"@type\":\"GeoCoordinates\",\"latitude\":\"-24.5361401\",\"longitude\":\"-52.9921776\"},\"telephone\":[\"+5544998308235\"],\"contactPoint\":{\"@type\":\"ContactPoint\",\"email\":\"contato@ubirataonline.com.br\"},\"openingHoursSpecification\":{\"@type\":\"OpeningHoursSpecification\",\"dayOfWeek\":[\"Monday\",\"Tuesday\",\"Wednesday\",\"Thursday\",\"Friday\",\"Saturday\",\"Sunday\"],\"opens\":\"00:00\",\"closes\":\"23:59\"},\"email\":\"contato@ubirataonline.com.br\",\"vatID\":\"47.621.418\\\/0001-80\"},{\"@type\":\"Person\",\"@id\":\"https:\\\/\\\/ubirataonline.com.br\\\/#\\\/schema\\\/person\\\/372f87bbd3fdd79b8556b84c98d0bc1c\",\"name\":\"REDA\u00c7\u00c3O: UBIRAT\u00c3 ONLINE - F\u00c1BIO AUGUSTO CELESTINO\",\"pronouns\":\"Ele\",\"description\":\"Desde 2003 trabalhando com not\u00edcias.\",\"sameAs\":[\"http:\\\/\\\/ubirataoline.com.br\",\"https:\\\/\\\/www.facebook.com\\\/portalubirataonline\",\"https:\\\/\\\/www.instagram.com\\\/ubirataonline_oficial\",\"https:\\\/\\\/x.com\\\/x.com\\\/ubirataonline\"],\"honorificPrefix\":\"Mr.\",\"honorificSuffix\":\"MD\",\"birthDate\":\"1980-06-16\",\"gender\":\"masculino\",\"award\":[\"V\u00e1rios pr\u00eamios de melhor portal da cidade\"],\"jobTitle\":\"Diretor\",\"url\":\"https:\\\/\\\/ubirataonline.com.br\\\/en\\\/author\\\/ubirataonline\\\/\"},{\"@type\":\"PostalAddress\",\"@id\":\"https:\\\/\\\/ubirataonline.com.br\\\/rene-wagner-streicht-uberraschend-weiteren-mittelfeldspieler-das-ist-der-kader-fur-st-pauli\\\/#local-main-place-address\",\"streetAddress\":\"Rua dos Coqueiros, 104 - Bairro Boa Vista, Rua dos Coqueiros, 104 Bairro Boa Vista\",\"addressLocality\":\"UBIRATA\",\"postalCode\":\"85440-000\",\"addressRegion\":\"PR\",\"addressCountry\":\"BR\"},{\"@type\":\"ImageObject\",\"inLanguage\":\"en-US\",\"@id\":\"https:\\\/\\\/ubirataonline.com.br\\\/rene-wagner-streicht-uberraschend-weiteren-mittelfeldspieler-das-ist-der-kader-fur-st-pauli\\\/#local-main-organization-logo\",\"url\":\"https:\\\/\\\/ubirataonline.com.br\\\/wp-content\\\/uploads\\\/2026\\\/06\\\/logoubirataonline-1.webp\",\"contentUrl\":\"https:\\\/\\\/ubirataonline.com.br\\\/wp-content\\\/uploads\\\/2026\\\/06\\\/logoubirataonline-1.webp\",\"width\":500,\"height\":500,\"caption\":\"Ubirat\u00e3 Online Not\u00edcias\"}]}<\/script>\n<meta name=\"geo.placename\" content=\"UBIRATA\" \/>\n<meta name=\"geo.position\" content=\"-24.5361401;-52.9921776\" \/>\n<meta name=\"geo.region\" content=\"Brazil\" \/>\n<!-- \/ Yoast SEO Premium plugin. -->","yoast_head_json":{"title":"Ren\u00e9 Wagner streicht \u00fcberraschend weiteren Mittelfeldspieler \u2013 Das ist der Kader f\u00fcr St. Pauli - Ubirat\u00e3 Online Not\u00edcias - A realidade ao seu alcance!","description":"Ren\u00e9 Wagner streicht \u00fcberraschend weiteren Mittelfeldspieler \u2013 Das ist der Kader f\u00fcr St. PauliMit der Begegnung gegen St. Pauli k\u00f6nnen die K\u00f6lner einen","robots":{"index":"index","follow":"follow","max-snippet":"max-snippet:-1","max-image-preview":"max-image-preview:large","max-video-preview":"max-video-preview:-1"},"canonical":"https:\/\/ubirataonline.com.br\/en\/rene-wagner-streicht-uberraschend-weiteren-mittelfeldspieler-das-ist-der-kader-fur-st-pauli\/","og_locale":"en_US","og_type":"article","og_title":"Ren\u00e9 Wagner streicht \u00fcberraschend weiteren Mittelfeldspieler \u2013 Das ist der Kader f\u00fcr St. Pauli","og_description":"Ren\u00e9 Wagner streicht \u00fcberraschend weiteren Mittelfeldspieler \u2013 Das ist der Kader f\u00fcr St. PauliMit der Begegnung gegen St. Pauli k\u00f6nnen die K\u00f6lner einen","og_url":"https:\/\/ubirataonline.com.br\/en\/rene-wagner-streicht-uberraschend-weiteren-mittelfeldspieler-das-ist-der-kader-fur-st-pauli\/","og_site_name":"Ubirat\u00e3 Online Not\u00edcias - A realidade ao seu alcance!","article_publisher":"https:\/\/www.facebook.com\/portalubirataonline","article_author":"https:\/\/www.facebook.com\/portalubirataonline","article_published_time":"2026-04-17T15:18:40+00:00","article_modified_time":"2026-04-17T15:18:47+00:00","og_image":[{"width":1200,"height":630,"url":"https:\/\/ubirataonline.com.br\/wp-content\/uploads\/2026\/04\/Rene-Wagner-streicht-uberraschend-weiteren-Mittelfeldspieler-\u2013-Das-ist-der.png","type":"image\/png"}],"author":"REDA\u00c7\u00c3O: UBIRAT\u00c3 ONLINE - F\u00c1BIO AUGUSTO CELESTINO","twitter_card":"summary_large_image","twitter_creator":"@x.com\/ubirataonline","twitter_site":"@ubirataonline","twitter_misc":{"Written by":"REDA\u00c7\u00c3O: UBIRAT\u00c3 ONLINE - F\u00c1BIO AUGUSTO CELESTINO","Est. reading time":"2 minutes"},"schema":{"@context":"https:\/\/schema.org","@graph":[{"@type":"NewsArticle","@id":"https:\/\/ubirataonline.com.br\/rene-wagner-streicht-uberraschend-weiteren-mittelfeldspieler-das-ist-der-kader-fur-st-pauli\/#article","isPartOf":{"@id":"https:\/\/ubirataonline.com.br\/rene-wagner-streicht-uberraschend-weiteren-mittelfeldspieler-das-ist-der-kader-fur-st-pauli\/"},"author":{"name":"REDA\u00c7\u00c3O: UBIRAT\u00c3 ONLINE - F\u00c1BIO AUGUSTO CELESTINO","@id":"https:\/\/ubirataonline.com.br\/#\/schema\/person\/372f87bbd3fdd79b8556b84c98d0bc1c"},"headline":"Ren\u00e9 Wagner streicht \u00fcberraschend weiteren Mittelfeldspieler \u2013 Das ist der Kader f\u00fcr St. Pauli","datePublished":"2026-04-17T15:18:40+00:00","dateModified":"2026-04-17T15:18:47+00:00","mainEntityOfPage":{"@id":"https:\/\/ubirataonline.com.br\/rene-wagner-streicht-uberraschend-weiteren-mittelfeldspieler-das-ist-der-kader-fur-st-pauli\/"},"wordCount":486,"publisher":{"@id":"https:\/\/ubirataonline.com.br\/#organization"},"image":{"@id":"https:\/\/ubirataonline.com.br\/rene-wagner-streicht-uberraschend-weiteren-mittelfeldspieler-das-ist-der-kader-fur-st-pauli\/#primaryimage"},"thumbnailUrl":"https:\/\/ubirataonline.com.br\/wp-content\/uploads\/2026\/04\/Rene-Wagner-streicht-uberraschend-weiteren-Mittelfeldspieler-\u2013-Das-ist-der.png","keywords":["das","Der","f\u00fcr","Ist","Kader","Mittelfeldspieler","Pauli","Rene","streicht","\u00fcberraschend","Wagner","weiteren"],"articleSection":["Brasil"],"inLanguage":"en-US","copyrightYear":"2026","copyrightHolder":{"@id":"https:\/\/ubirataonline.com.br\/en\/#organization"}},{"@type":"WebPage","@id":"https:\/\/ubirataonline.com.br\/rene-wagner-streicht-uberraschend-weiteren-mittelfeldspieler-das-ist-der-kader-fur-st-pauli\/","url":"https:\/\/ubirataonline.com.br\/rene-wagner-streicht-uberraschend-weiteren-mittelfeldspieler-das-ist-der-kader-fur-st-pauli\/","name":"Ren\u00e9 Wagner streicht \u00fcberraschend weiteren Mittelfeldspieler \u2013 Das ist der Kader f\u00fcr St. Pauli - Ubirat\u00e3 Online Not\u00edcias - A realidade ao seu alcance!","isPartOf":{"@id":"https:\/\/ubirataonline.com.br\/#website"},"primaryImageOfPage":{"@id":"https:\/\/ubirataonline.com.br\/rene-wagner-streicht-uberraschend-weiteren-mittelfeldspieler-das-ist-der-kader-fur-st-pauli\/#primaryimage"},"image":{"@id":"https:\/\/ubirataonline.com.br\/rene-wagner-streicht-uberraschend-weiteren-mittelfeldspieler-das-ist-der-kader-fur-st-pauli\/#primaryimage"},"thumbnailUrl":"https:\/\/ubirataonline.com.br\/wp-content\/uploads\/2026\/04\/Rene-Wagner-streicht-uberraschend-weiteren-Mittelfeldspieler-\u2013-Das-ist-der.png","datePublished":"2026-04-17T15:18:40+00:00","dateModified":"2026-04-17T15:18:47+00:00","description":"Ren\u00e9 Wagner streicht \u00fcberraschend weiteren Mittelfeldspieler \u2013 Das ist der Kader f\u00fcr St. PauliMit der Begegnung gegen St. Pauli k\u00f6nnen die K\u00f6lner einen","breadcrumb":{"@id":"https:\/\/ubirataonline.com.br\/rene-wagner-streicht-uberraschend-weiteren-mittelfeldspieler-das-ist-der-kader-fur-st-pauli\/#breadcrumb"},"inLanguage":"en-US","potentialAction":[{"@type":"ReadAction","target":["https:\/\/ubirataonline.com.br\/rene-wagner-streicht-uberraschend-weiteren-mittelfeldspieler-das-ist-der-kader-fur-st-pauli\/"]}]},{"@type":"ImageObject","inLanguage":"en-US","@id":"https:\/\/ubirataonline.com.br\/rene-wagner-streicht-uberraschend-weiteren-mittelfeldspieler-das-ist-der-kader-fur-st-pauli\/#primaryimage","url":"https:\/\/ubirataonline.com.br\/wp-content\/uploads\/2026\/04\/Rene-Wagner-streicht-uberraschend-weiteren-Mittelfeldspieler-\u2013-Das-ist-der.png","contentUrl":"https:\/\/ubirataonline.com.br\/wp-content\/uploads\/2026\/04\/Rene-Wagner-streicht-uberraschend-weiteren-Mittelfeldspieler-\u2013-Das-ist-der.png","width":1200,"height":630,"caption":"Ren\u00e9 Wagner streicht \u00fcberraschend weiteren Mittelfeldspieler \u2013 Das ist der Kader f\u00fcr St. Pauli"},{"@type":"BreadcrumbList","@id":"https:\/\/ubirataonline.com.br\/rene-wagner-streicht-uberraschend-weiteren-mittelfeldspieler-das-ist-der-kader-fur-st-pauli\/#breadcrumb","itemListElement":[{"@type":"ListItem","position":1,"name":"In\u00edcio","item":"https:\/\/ubirataonline.com.br\/"},{"@type":"ListItem","position":2,"name":"Ren\u00e9 Wagner streicht \u00fcberraschend weiteren Mittelfeldspieler \u2013 Das ist der Kader f\u00fcr St. Pauli"}]},{"@type":"WebSite","@id":"https:\/\/ubirataonline.com.br\/#website","url":"https:\/\/ubirataonline.com.br\/","name":"Ubirat\u00e3 Online Not\u00edcias","description":"Not\u00edcias de Ubirat\u00e3, regi\u00e3o, Brasil e mundo, com informa\u00e7\u00e3o atualizada e compromisso com o leitor.","publisher":{"@id":"https:\/\/ubirataonline.com.br\/#organization"},"alternateName":"Ubirat\u00e3 Online","potentialAction":[{"@type":"SearchAction","target":{"@type":"EntryPoint","urlTemplate":"https:\/\/ubirataonline.com.br\/?s={search_term_string}"},"query-input":{"@type":"PropertyValueSpecification","valueRequired":true,"valueName":"search_term_string"}}],"inLanguage":"en-US"},{"@type":["Organization","Place"],"@id":"https:\/\/ubirataonline.com.br\/#organization","name":"Ubirat\u00e3 Online Not\u00edcias","alternateName":"Ubirat\u00e3 Online","url":"https:\/\/ubirataonline.com.br\/","logo":{"@id":"https:\/\/ubirataonline.com.br\/rene-wagner-streicht-uberraschend-weiteren-mittelfeldspieler-das-ist-der-kader-fur-st-pauli\/#local-main-organization-logo"},"image":{"@id":"https:\/\/ubirataonline.com.br\/rene-wagner-streicht-uberraschend-weiteren-mittelfeldspieler-das-ist-der-kader-fur-st-pauli\/#local-main-organization-logo"},"sameAs":["https:\/\/www.facebook.com\/portalubirataonline","https:\/\/x.com\/ubirataonline","https:\/\/mastodon.social\/@ubirataonline","https:\/\/www.facebook.com\/groups\/311144672285604","https:\/\/www.facebook.com\/UBTAOnline","https:\/\/www.instagram.com\/portalubirataonline\/","https:\/\/twitter.com\/ubirataonline"],"description":"Somos um portal de not\u00edcias independente, criado em 5 de janeiro de 2009, com o objetivo de informar, conectar e valorizar a nossa comunidade de Ubirat\u00e3 e toda aregi\u00e3o. Com conte\u00fado atualizado, confi\u00e1vel e relevante, o Ubirat\u00e3 Online \u00e9 o seu espa\u00e7o para ficar por dentro dos principais acontecimentos locais, regionais, Brasil, Mundo e de interesse geral. Nosso compromisso \u00e9 com a verdade, a transpar\u00eancia e o respeito ao leitor.","legalName":"UBIRATA ONLINE NOT\u00cdCIAS","foundingDate":"2009-01-05","numberOfEmployees":{"@type":"QuantitativeValue","minValue":"1","maxValue":"10"},"publishingPrinciples":"https:\/\/ubirataonline.com.br\/faq\/","address":{"@id":"https:\/\/ubirataonline.com.br\/rene-wagner-streicht-uberraschend-weiteren-mittelfeldspieler-das-ist-der-kader-fur-st-pauli\/#local-main-place-address"},"geo":{"@type":"GeoCoordinates","latitude":"-24.5361401","longitude":"-52.9921776"},"telephone":["+5544998308235"],"contactPoint":{"@type":"ContactPoint","email":"contato@ubirataonline.com.br"},"openingHoursSpecification":{"@type":"OpeningHoursSpecification","dayOfWeek":["Monday","Tuesday","Wednesday","Thursday","Friday","Saturday","Sunday"],"opens":"00:00","closes":"23:59"},"email":"contato@ubirataonline.com.br","vatID":"47.621.418\/0001-80"},{"@type":"Person","@id":"https:\/\/ubirataonline.com.br\/#\/schema\/person\/372f87bbd3fdd79b8556b84c98d0bc1c","name":"REDA\u00c7\u00c3O: UBIRAT\u00c3 ONLINE - F\u00c1BIO AUGUSTO CELESTINO","pronouns":"Ele","description":"Desde 2003 trabalhando com not\u00edcias.","sameAs":["http:\/\/ubirataoline.com.br","https:\/\/www.facebook.com\/portalubirataonline","https:\/\/www.instagram.com\/ubirataonline_oficial","https:\/\/x.com\/x.com\/ubirataonline"],"honorificPrefix":"Mr.","honorificSuffix":"MD","birthDate":"1980-06-16","gender":"masculino","award":["V\u00e1rios pr\u00eamios de melhor portal da cidade"],"jobTitle":"Diretor","url":"https:\/\/ubirataonline.com.br\/en\/author\/ubirataonline\/"},{"@type":"PostalAddress","@id":"https:\/\/ubirataonline.com.br\/rene-wagner-streicht-uberraschend-weiteren-mittelfeldspieler-das-ist-der-kader-fur-st-pauli\/#local-main-place-address","streetAddress":"Rua dos Coqueiros, 104 - Bairro Boa Vista, Rua dos Coqueiros, 104 Bairro Boa Vista","addressLocality":"UBIRATA","postalCode":"85440-000","addressRegion":"PR","addressCountry":"BR"},{"@type":"ImageObject","inLanguage":"en-US","@id":"https:\/\/ubirataonline.com.br\/rene-wagner-streicht-uberraschend-weiteren-mittelfeldspieler-das-ist-der-kader-fur-st-pauli\/#local-main-organization-logo","url":"https:\/\/ubirataonline.com.br\/wp-content\/uploads\/2026\/06\/logoubirataonline-1.webp","contentUrl":"https:\/\/ubirataonline.com.br\/wp-content\/uploads\/2026\/06\/logoubirataonline-1.webp","width":500,"height":500,"caption":"Ubirat\u00e3 Online Not\u00edcias"}]},"geo.placename":"UBIRATA","geo.position":{"lat":"-24.5361401","long":"-52.9921776"},"geo.region":"Brazil"},"_links":{"self":[{"href":"https:\/\/ubirataonline.com.br\/en\/wp-json\/wp\/v2\/posts\/109980","targetHints":{"allow":["GET"]}}],"collection":[{"href":"https:\/\/ubirataonline.com.br\/en\/wp-json\/wp\/v2\/posts"}],"about":[{"href":"https:\/\/ubirataonline.com.br\/en\/wp-json\/wp\/v2\/types\/post"}],"author":[{"embeddable":true,"href":"https:\/\/ubirataonline.com.br\/en\/wp-json\/wp\/v2\/users\/1"}],"replies":[{"embeddable":true,"href":"https:\/\/ubirataonline.com.br\/en\/wp-json\/wp\/v2\/comments?post=109980"}],"version-history":[{"count":0,"href":"https:\/\/ubirataonline.com.br\/en\/wp-json\/wp\/v2\/posts\/109980\/revisions"}],"wp:featuredmedia":[{"embeddable":true,"href":"https:\/\/ubirataonline.com.br\/en\/wp-json\/wp\/v2\/media\/109981"}],"wp:attachment":[{"href":"https:\/\/ubirataonline.com.br\/en\/wp-json\/wp\/v2\/media?parent=109980"}],"wp:term":[{"taxonomy":"category","embeddable":true,"href":"https:\/\/ubirataonline.com.br\/en\/wp-json\/wp\/v2\/categories?post=109980"},{"taxonomy":"post_tag","embeddable":true,"href":"https:\/\/ubirataonline.com.br\/en\/wp-json\/wp\/v2\/tags?post=109980"}],"curies":[{"name":"wp","href":"https:\/\/api.w.org\/{rel}","templated":true}]}}