{"id":110932,"date":"2026-04-18T11:01:38","date_gmt":"2026-04-18T14:01:38","guid":{"rendered":"https:\/\/ubirataonline.com.br\/brasil-e-cabo-verde-reforcam-trabalho-conjunto-na-cultura\/"},"modified":"2026-04-18T11:01:41","modified_gmt":"2026-04-18T14:01:41","slug":"brasil-e-cabo-verde-reforcam-trabalho-conjunto-na-cultura","status":"publish","type":"post","link":"https:\/\/ubirataonline.com.br\/en\/brasil-e-cabo-verde-reforcam-trabalho-conjunto-na-cultura\/","title":{"rendered":"Brasil e Cabo Verde refor\u00e7am trabalho conjunto na Cultura"},"content":{"rendered":"<p><\/p>\n<div id=\"texto\">\n<p>Brasil e Cabo verde v\u00e3o intensificar parceria cultural nas \u00e1reas de artes visuais, museus e literatura, al\u00e9m de promover interc\u00e2mbio no setor de audiovisual e economia criativa.<\/p>\n<p>A ministra da Cultura do Brasil, Margareth Menezes, e o ministro da Cultura e das Ind\u00fastrias Criativas de Cabo Verde, Augusto Veiga, assinaram memorando esta semana em que se comprometeram\u00a0ainda a\u00a0fortalecer iniciativas j\u00e1 existentes.<\/p>\n<p>Segundo a ministra, que esteve em miss\u00e3o no pa\u00eds africano, foi criado um grupo de trabalho para consolidar e ampliar cada vez mais a coopera\u00e7\u00e3o entre Brasil e Cabo Verde.\u00a0<\/p>\n<p> \u201cCabo Verde \u00e9 um pa\u00eds pelo qual n\u00f3s temos carinho grande e uma rela\u00e7\u00e3o real, e hoje no Brasil h\u00e1 uma vontade de retomarmos nossos la\u00e7os hist\u00f3ricos e de conhecermos as nossas ancestralidades de maneira mais profunda.\u201d<\/p>\n<p>Para o ministro da Cultura de Cabo Verde, o Brasil tem sido grande refer\u00eancia para o seu pa\u00eds nesse setor. \u201cAcredito que o memorando vai melhorar ainda mais as rela\u00e7\u00f5es culturais entre os nossos pa\u00edses.\u201d<\/p>\n<h2>Digitaliza\u00e7\u00e3o de acervos<\/h2>\n<p>O ministro adiantou ainda que o seu pa\u00eds pretende utilizar muito a experi\u00eancia do Brasil com a digitaliza\u00e7\u00e3o dos arquivos nacionais e sobre os incentivos a coprodu\u00e7\u00f5es cinematogr\u00e1ficas, al\u00e9m de a\u00e7\u00f5es conjuntas em economia criativa.<\/p>\n<p> \u201cAcreditamos que por meio da cultura poderemos impulsionar ainda mais a rela\u00e7\u00e3o entre os nossos povos.\u201d<\/p>\n<h2>Lei Rouanet<\/h2>\n<p>O compartilhamento de experi\u00eancias em financiamento cultural, como a Lei Rouanet \u2013 principal mecanismo de fomento \u00e0 cultura no Brasil \u2013, est\u00e1 entre as a\u00e7\u00f5es que integram o memorando.<\/p>\n<p>A ministra detalhou os avan\u00e7os para a implementa\u00e7\u00e3o do Marco Regulat\u00f3rio das Organiza\u00e7\u00f5es da Sociedade Civil, que concede seguran\u00e7a jur\u00eddica aos proponentes e artistas, al\u00e9m de tratar do impacto econ\u00f4mico da Lei Rouanet.<\/p>\n<p> \u201cA cultura \u00e9 um motor de desenvolvimento. E, para isso, estamos trabalhando na quest\u00e3o de prestar contas, fazer pesquisa de dados, para fazer uma devolutiva para a sociedade da import\u00e2ncia do investimento na cultura.\u201d<\/p>\n<p>L\u00e1, Margareth Menezes viu objetivos pessoais, discos, condecora\u00e7\u00f5es e v\u00eddeos da cantora cabo-verdiana, que morreu em 2011, aos 70 anos.\u00a0<\/p>\n<p>Conhecida como a Diva dos P\u00e9s Descal\u00e7os, a cantora foi um dos nomes mais importantes da m\u00fasica do pa\u00eds.<br \/>\u00a0<\/p>\n<p>A ministra da Cultura, Margareth Menezes, visita a Ces\u00e1ria \u00c9vora Academia de Artes \u2013 Luciele Oliveira\/MinC<\/p>\n<p>Ela esteve ainda no Museu do Mar, no Centro Nacional de Arte, Artesanato e Design e na quadra do grupo carnavalesco Cruzeiros do Norte, onde acompanhou a prepara\u00e7\u00e3o da bateria e o trabalho desenvolvido com crian\u00e7as e jovens sobre o carnaval.\u00a0<\/p>\n<p>O grupo incorpora refer\u00eancias do samba-enredo, al\u00e9m de valorizar ritmos locais, como o batuque e a mazurca.<\/p>\n<p>\u201cFoi uma grata oportunidade ver o potencial que tem a cultura. No Brasil, tamb\u00e9m temos esta vis\u00e3o, de entender que \u00e9 fundamental o investimento no setor cultural, porque ele traz retornos important\u00edssimos\u201d, ressaltou a ministra.<\/p>\n<h2>Presidente de Cabo Verde<\/h2>\n<p>Margareth Menezes reuniu-se ainda com o presidente de Cabo Verde, Jos\u00e9 Maria Neves. Os dois conversaram sobre a identidade, a literatura e os la\u00e7os hist\u00f3ricos entre o Brasil e o pa\u00eds africano.<\/p>\n<p>Ela\u00a0citou ainda o papel da Comunidade dos Pa\u00edses de L\u00edngua Portuguesa (CPLP), que, para ela, \u00e9 um espa\u00e7o de articula\u00e7\u00e3o entre os pa\u00edses. Ambos os pa\u00edses integram o\u00a0Programa CPLP Audiovisual, que conta ainda com a participa\u00e7\u00e3o da Empresa Brasil de Comunica\u00e7\u00e3o (EBC).\u00a0<\/p>\n<p>\u00c0 imprensa local, a ministra defendeu a volta dos voos diretos entre Brasil e Cabo Verde como forma de impulsionar projetos conjuntos: \u201cA retomada dos voos a\u00e9reos faz toda a diferen\u00e7a para a concretiza\u00e7\u00e3o de projetos futuros de fortalecimento das nossas rela\u00e7\u00f5es culturais\u201d.<\/p>\n<h2>Espanha<\/h2>\n<p>De Cabo Verde, Margareth Menezes seguiu para a Espanha, onde esteve, em Madrid, com o ministro da Cultura espanhol, Ernest Urtasun Dom\u00e8nech. Na conversa, trataram de temas como direitos culturais, economia criativa, ambiente digital e pol\u00edticas de inclus\u00e3o.<\/p>\n<p>O ministro ressaltou o papel transformador das pol\u00edticas culturais com impacto social e reconheceu a atua\u00e7\u00e3o do Brasil nesse aspecto.\u00a0<\/p>\n<p> \u201cTemos aprendido muito com o Brasil, especialmente na compreens\u00e3o da cultura como um direito fundamental de cidadania.\u201d<\/p>\n<p>Tamb\u00e9m na cidade, ela fez visitas t\u00e9cnicas a iniciativas culturais com foco em acessibilidade, diversidade e impacto social.<\/p>\n<p><b>Fonte:<\/b> Ag\u00eancia Brasil<\/p>\n<\/p><\/div>\n<p><a href=\"https:\/\/cgn.inf.br\/noticia\/2087472\/brasil-e-cabo-verde-reforcam-trabalho-conjunto-na-cultura\">Fonte do Artigo <\/a><\/p>","protected":false},"excerpt":{"rendered":"<p>Brasil e Cabo verde v\u00e3o intensificar parceria cultural nas \u00e1reas de artes visuais, museus e literatura, al\u00e9m de promover interc\u00e2mbio no setor de audiovisual e economia criativa. A ministra da Cultura do Brasil, Margareth Menezes, e o ministro da Cultura e das Ind\u00fastrias Criativas de Cabo Verde, Augusto Veiga, assinaram memorando esta semana em que [&hellip;]<\/p>\n","protected":false},"author":1,"featured_media":110933,"comment_status":"closed","ping_status":"","sticky":false,"template":"","format":"standard","meta":{"googlesitekit_rrm_CAow2JLhCw:productID":"","_gspb_post_css":"","maa_idioma":"","maa_pais":"","footnotes":""},"categories":[1],"tags":[272,21271,5890,1751,16832,7639,17017],"class_list":["post-110932","post","type-post","status-publish","format-standard","has-post-thumbnail","hentry","category-ubirata","tag-brasil","tag-cabo","tag-conjunto","tag-cultura","tag-reforcam","tag-trabalho","tag-verde"],"blocksy_meta":[],"yoast_head":"<!-- This site is optimized with the Yoast SEO Premium plugin v27.6 (Yoast SEO v27.6) - https:\/\/yoast.com\/product\/yoast-seo-premium-wordpress\/ -->\n<title>Brasil e Cabo Verde refor\u00e7am trabalho conjunto na Cultura - Ubirat\u00e3 Online Not\u00edcias - A realidade ao seu alcance!<\/title>\n<meta name=\"description\" content=\"Brasil e Cabo verde v\u00e3o intensificar parceria cultural nas \u00e1reas de artes visuais, museus e literatura, al\u00e9m de promover interc\u00e2mbio no setor de\" \/>\n<meta name=\"robots\" content=\"index, follow, max-snippet:-1, max-image-preview:large, max-video-preview:-1\" \/>\n<link rel=\"canonical\" href=\"https:\/\/ubirataonline.com.br\/en\/brasil-e-cabo-verde-reforcam-trabalho-conjunto-na-cultura\/\" \/>\n<meta property=\"og:locale\" content=\"en_US\" \/>\n<meta property=\"og:type\" content=\"article\" \/>\n<meta property=\"og:title\" content=\"Brasil e Cabo Verde refor\u00e7am trabalho conjunto na Cultura\" \/>\n<meta property=\"og:description\" content=\"Brasil e Cabo verde v\u00e3o intensificar parceria cultural nas \u00e1reas de artes visuais, museus e literatura, al\u00e9m de promover interc\u00e2mbio no setor de\" \/>\n<meta property=\"og:url\" content=\"https:\/\/ubirataonline.com.br\/en\/brasil-e-cabo-verde-reforcam-trabalho-conjunto-na-cultura\/\" \/>\n<meta property=\"og:site_name\" content=\"Ubirat\u00e3 Online Not\u00edcias - A realidade ao seu alcance!\" \/>\n<meta property=\"article:publisher\" content=\"https:\/\/www.facebook.com\/portalubirataonline\" \/>\n<meta property=\"article:author\" content=\"https:\/\/www.facebook.com\/portalubirataonline\" \/>\n<meta property=\"article:published_time\" content=\"2026-04-18T14:01:38+00:00\" \/>\n<meta property=\"article:modified_time\" content=\"2026-04-18T14:01:41+00:00\" \/>\n<meta property=\"og:image\" content=\"https:\/\/ubirataonline.com.br\/wp-content\/uploads\/2026\/04\/Brasil-e-Cabo-Verde-reforcam-trabalho-conjunto-na-Cultura.jpg\" \/>\n\t<meta property=\"og:image:width\" content=\"1600\" \/>\n\t<meta property=\"og:image:height\" content=\"800\" \/>\n\t<meta property=\"og:image:type\" content=\"image\/jpeg\" \/>\n<meta name=\"author\" content=\"REDA\u00c7\u00c3O: UBIRAT\u00c3 ONLINE - F\u00c1BIO AUGUSTO CELESTINO\" \/>\n<meta name=\"twitter:card\" content=\"summary_large_image\" \/>\n<meta name=\"twitter:creator\" content=\"@x.com\/ubirataonline\" \/>\n<meta name=\"twitter:site\" content=\"@ubirataonline\" \/>\n<meta name=\"twitter:label1\" content=\"Written by\" \/>\n\t<meta name=\"twitter:data1\" content=\"REDA\u00c7\u00c3O: UBIRAT\u00c3 ONLINE - F\u00c1BIO AUGUSTO CELESTINO\" \/>\n\t<meta name=\"twitter:label2\" content=\"Est. reading time\" \/>\n\t<meta name=\"twitter:data2\" content=\"4 minutes\" \/>\n<script type=\"application\/ld+json\" class=\"yoast-schema-graph\">{\"@context\":\"https:\\\/\\\/schema.org\",\"@graph\":[{\"@type\":\"NewsArticle\",\"@id\":\"https:\\\/\\\/ubirataonline.com.br\\\/brasil-e-cabo-verde-reforcam-trabalho-conjunto-na-cultura\\\/#article\",\"isPartOf\":{\"@id\":\"https:\\\/\\\/ubirataonline.com.br\\\/brasil-e-cabo-verde-reforcam-trabalho-conjunto-na-cultura\\\/\"},\"author\":{\"name\":\"REDA\u00c7\u00c3O: UBIRAT\u00c3 ONLINE - F\u00c1BIO AUGUSTO CELESTINO\",\"@id\":\"https:\\\/\\\/ubirataonline.com.br\\\/#\\\/schema\\\/person\\\/372f87bbd3fdd79b8556b84c98d0bc1c\"},\"headline\":\"Brasil e Cabo Verde refor\u00e7am trabalho conjunto na Cultura\",\"datePublished\":\"2026-04-18T14:01:38+00:00\",\"dateModified\":\"2026-04-18T14:01:41+00:00\",\"mainEntityOfPage\":{\"@id\":\"https:\\\/\\\/ubirataonline.com.br\\\/brasil-e-cabo-verde-reforcam-trabalho-conjunto-na-cultura\\\/\"},\"wordCount\":763,\"publisher\":{\"@id\":\"https:\\\/\\\/ubirataonline.com.br\\\/#organization\"},\"image\":{\"@id\":\"https:\\\/\\\/ubirataonline.com.br\\\/brasil-e-cabo-verde-reforcam-trabalho-conjunto-na-cultura\\\/#primaryimage\"},\"thumbnailUrl\":\"https:\\\/\\\/ubirataonline.com.br\\\/wp-content\\\/uploads\\\/2026\\\/04\\\/Brasil-e-Cabo-Verde-reforcam-trabalho-conjunto-na-Cultura.jpg\",\"keywords\":[\"Brasil\",\"Cabo\",\"conjunto\",\"Cultura\",\"refor\u00e7am\",\"trabalho\",\"Verde\"],\"articleSection\":[\"Ubirat\u00e3\"],\"inLanguage\":\"en-US\",\"copyrightYear\":\"2026\",\"copyrightHolder\":{\"@id\":\"https:\\\/\\\/ubirataonline.com.br\\\/en\\\/#organization\"}},{\"@type\":\"WebPage\",\"@id\":\"https:\\\/\\\/ubirataonline.com.br\\\/brasil-e-cabo-verde-reforcam-trabalho-conjunto-na-cultura\\\/\",\"url\":\"https:\\\/\\\/ubirataonline.com.br\\\/brasil-e-cabo-verde-reforcam-trabalho-conjunto-na-cultura\\\/\",\"name\":\"Brasil e Cabo Verde refor\u00e7am trabalho conjunto na Cultura - Ubirat\u00e3 Online Not\u00edcias - A realidade ao seu alcance!\",\"isPartOf\":{\"@id\":\"https:\\\/\\\/ubirataonline.com.br\\\/#website\"},\"primaryImageOfPage\":{\"@id\":\"https:\\\/\\\/ubirataonline.com.br\\\/brasil-e-cabo-verde-reforcam-trabalho-conjunto-na-cultura\\\/#primaryimage\"},\"image\":{\"@id\":\"https:\\\/\\\/ubirataonline.com.br\\\/brasil-e-cabo-verde-reforcam-trabalho-conjunto-na-cultura\\\/#primaryimage\"},\"thumbnailUrl\":\"https:\\\/\\\/ubirataonline.com.br\\\/wp-content\\\/uploads\\\/2026\\\/04\\\/Brasil-e-Cabo-Verde-reforcam-trabalho-conjunto-na-Cultura.jpg\",\"datePublished\":\"2026-04-18T14:01:38+00:00\",\"dateModified\":\"2026-04-18T14:01:41+00:00\",\"description\":\"Brasil e Cabo verde v\u00e3o intensificar parceria cultural nas \u00e1reas de artes visuais, museus e literatura, al\u00e9m de promover interc\u00e2mbio no setor de\",\"breadcrumb\":{\"@id\":\"https:\\\/\\\/ubirataonline.com.br\\\/brasil-e-cabo-verde-reforcam-trabalho-conjunto-na-cultura\\\/#breadcrumb\"},\"inLanguage\":\"en-US\",\"potentialAction\":[{\"@type\":\"ReadAction\",\"target\":[\"https:\\\/\\\/ubirataonline.com.br\\\/brasil-e-cabo-verde-reforcam-trabalho-conjunto-na-cultura\\\/\"]}]},{\"@type\":\"ImageObject\",\"inLanguage\":\"en-US\",\"@id\":\"https:\\\/\\\/ubirataonline.com.br\\\/brasil-e-cabo-verde-reforcam-trabalho-conjunto-na-cultura\\\/#primaryimage\",\"url\":\"https:\\\/\\\/ubirataonline.com.br\\\/wp-content\\\/uploads\\\/2026\\\/04\\\/Brasil-e-Cabo-Verde-reforcam-trabalho-conjunto-na-Cultura.jpg\",\"contentUrl\":\"https:\\\/\\\/ubirataonline.com.br\\\/wp-content\\\/uploads\\\/2026\\\/04\\\/Brasil-e-Cabo-Verde-reforcam-trabalho-conjunto-na-Cultura.jpg\",\"width\":1600,\"height\":800,\"caption\":\"\"},{\"@type\":\"BreadcrumbList\",\"@id\":\"https:\\\/\\\/ubirataonline.com.br\\\/brasil-e-cabo-verde-reforcam-trabalho-conjunto-na-cultura\\\/#breadcrumb\",\"itemListElement\":[{\"@type\":\"ListItem\",\"position\":1,\"name\":\"In\u00edcio\",\"item\":\"https:\\\/\\\/ubirataonline.com.br\\\/\"},{\"@type\":\"ListItem\",\"position\":2,\"name\":\"Brasil e Cabo Verde refor\u00e7am trabalho conjunto na Cultura\"}]},{\"@type\":\"WebSite\",\"@id\":\"https:\\\/\\\/ubirataonline.com.br\\\/#website\",\"url\":\"https:\\\/\\\/ubirataonline.com.br\\\/\",\"name\":\"Ubirat\u00e3 Online Not\u00edcias\",\"description\":\"Not\u00edcias de Ubirat\u00e3, regi\u00e3o, Brasil e mundo, com informa\u00e7\u00e3o atualizada e compromisso com o leitor.\",\"publisher\":{\"@id\":\"https:\\\/\\\/ubirataonline.com.br\\\/#organization\"},\"alternateName\":\"Ubirat\u00e3 Online\",\"potentialAction\":[{\"@type\":\"SearchAction\",\"target\":{\"@type\":\"EntryPoint\",\"urlTemplate\":\"https:\\\/\\\/ubirataonline.com.br\\\/?s={search_term_string}\"},\"query-input\":{\"@type\":\"PropertyValueSpecification\",\"valueRequired\":true,\"valueName\":\"search_term_string\"}}],\"inLanguage\":\"en-US\"},{\"@type\":[\"Organization\",\"Place\"],\"@id\":\"https:\\\/\\\/ubirataonline.com.br\\\/#organization\",\"name\":\"Ubirat\u00e3 Online Not\u00edcias\",\"alternateName\":\"Ubirat\u00e3 Online\",\"url\":\"https:\\\/\\\/ubirataonline.com.br\\\/\",\"logo\":{\"@id\":\"https:\\\/\\\/ubirataonline.com.br\\\/brasil-e-cabo-verde-reforcam-trabalho-conjunto-na-cultura\\\/#local-main-organization-logo\"},\"image\":{\"@id\":\"https:\\\/\\\/ubirataonline.com.br\\\/brasil-e-cabo-verde-reforcam-trabalho-conjunto-na-cultura\\\/#local-main-organization-logo\"},\"sameAs\":[\"https:\\\/\\\/www.facebook.com\\\/portalubirataonline\",\"https:\\\/\\\/x.com\\\/ubirataonline\",\"https:\\\/\\\/mastodon.social\\\/@ubirataonline\",\"https:\\\/\\\/www.facebook.com\\\/groups\\\/311144672285604\",\"https:\\\/\\\/www.facebook.com\\\/UBTAOnline\",\"https:\\\/\\\/www.instagram.com\\\/portalubirataonline\\\/\",\"https:\\\/\\\/twitter.com\\\/ubirataonline\"],\"description\":\"Somos um portal de not\u00edcias independente, criado em 5 de janeiro de 2009, com o objetivo de informar, conectar e valorizar a nossa comunidade de Ubirat\u00e3 e toda aregi\u00e3o. Com conte\u00fado atualizado, confi\u00e1vel e relevante, o Ubirat\u00e3 Online \u00e9 o seu espa\u00e7o para ficar por dentro dos principais acontecimentos locais, regionais, Brasil, Mundo e de interesse geral. Nosso compromisso \u00e9 com a verdade, a transpar\u00eancia e o respeito ao leitor.\",\"legalName\":\"UBIRATA ONLINE NOT\u00cdCIAS\",\"foundingDate\":\"2009-01-05\",\"numberOfEmployees\":{\"@type\":\"QuantitativeValue\",\"minValue\":\"1\",\"maxValue\":\"10\"},\"publishingPrinciples\":\"https:\\\/\\\/ubirataonline.com.br\\\/faq\\\/\",\"address\":{\"@id\":\"https:\\\/\\\/ubirataonline.com.br\\\/brasil-e-cabo-verde-reforcam-trabalho-conjunto-na-cultura\\\/#local-main-place-address\"},\"geo\":{\"@type\":\"GeoCoordinates\",\"latitude\":\"-24.5361401\",\"longitude\":\"-52.9921776\"},\"telephone\":[\"+5544998308235\"],\"contactPoint\":{\"@type\":\"ContactPoint\",\"email\":\"contato@ubirataonline.com.br\"},\"openingHoursSpecification\":{\"@type\":\"OpeningHoursSpecification\",\"dayOfWeek\":[\"Monday\",\"Tuesday\",\"Wednesday\",\"Thursday\",\"Friday\",\"Saturday\",\"Sunday\"],\"opens\":\"00:00\",\"closes\":\"23:59\"},\"email\":\"contato@ubirataonline.com.br\",\"vatID\":\"47.621.418\\\/0001-80\"},{\"@type\":\"Person\",\"@id\":\"https:\\\/\\\/ubirataonline.com.br\\\/#\\\/schema\\\/person\\\/372f87bbd3fdd79b8556b84c98d0bc1c\",\"name\":\"REDA\u00c7\u00c3O: UBIRAT\u00c3 ONLINE - F\u00c1BIO AUGUSTO CELESTINO\",\"pronouns\":\"Ele\",\"description\":\"Desde 2003 trabalhando com not\u00edcias.\",\"sameAs\":[\"http:\\\/\\\/ubirataoline.com.br\",\"https:\\\/\\\/www.facebook.com\\\/portalubirataonline\",\"https:\\\/\\\/www.instagram.com\\\/ubirataonline_oficial\",\"https:\\\/\\\/x.com\\\/x.com\\\/ubirataonline\"],\"honorificPrefix\":\"Mr.\",\"honorificSuffix\":\"MD\",\"birthDate\":\"1980-06-16\",\"gender\":\"masculino\",\"award\":[\"V\u00e1rios pr\u00eamios de melhor portal da cidade\"],\"jobTitle\":\"Diretor\",\"url\":\"https:\\\/\\\/ubirataonline.com.br\\\/en\\\/author\\\/ubirataonline\\\/\"},{\"@type\":\"PostalAddress\",\"@id\":\"https:\\\/\\\/ubirataonline.com.br\\\/brasil-e-cabo-verde-reforcam-trabalho-conjunto-na-cultura\\\/#local-main-place-address\",\"streetAddress\":\"Rua dos Coqueiros, 104 - Bairro Boa Vista, Rua dos Coqueiros, 104 Bairro Boa Vista\",\"addressLocality\":\"UBIRATA\",\"postalCode\":\"85440-000\",\"addressRegion\":\"PR\",\"addressCountry\":\"BR\"},{\"@type\":\"ImageObject\",\"inLanguage\":\"en-US\",\"@id\":\"https:\\\/\\\/ubirataonline.com.br\\\/brasil-e-cabo-verde-reforcam-trabalho-conjunto-na-cultura\\\/#local-main-organization-logo\",\"url\":\"https:\\\/\\\/ubirataonline.com.br\\\/wp-content\\\/uploads\\\/2026\\\/06\\\/logoubirataonline-1.webp\",\"contentUrl\":\"https:\\\/\\\/ubirataonline.com.br\\\/wp-content\\\/uploads\\\/2026\\\/06\\\/logoubirataonline-1.webp\",\"width\":500,\"height\":500,\"caption\":\"Ubirat\u00e3 Online Not\u00edcias\"}]}<\/script>\n<meta name=\"geo.placename\" content=\"UBIRATA\" \/>\n<meta name=\"geo.position\" content=\"-24.5361401;-52.9921776\" \/>\n<meta name=\"geo.region\" content=\"Brazil\" \/>\n<!-- \/ Yoast SEO Premium plugin. -->","yoast_head_json":{"title":"Brasil e Cabo Verde refor\u00e7am trabalho conjunto na Cultura - Ubirat\u00e3 Online Not\u00edcias - A realidade ao seu alcance!","description":"Brasil e Cabo verde v\u00e3o intensificar parceria cultural nas \u00e1reas de artes visuais, museus e literatura, al\u00e9m de promover interc\u00e2mbio no setor de","robots":{"index":"index","follow":"follow","max-snippet":"max-snippet:-1","max-image-preview":"max-image-preview:large","max-video-preview":"max-video-preview:-1"},"canonical":"https:\/\/ubirataonline.com.br\/en\/brasil-e-cabo-verde-reforcam-trabalho-conjunto-na-cultura\/","og_locale":"en_US","og_type":"article","og_title":"Brasil e Cabo Verde refor\u00e7am trabalho conjunto na Cultura","og_description":"Brasil e Cabo verde v\u00e3o intensificar parceria cultural nas \u00e1reas de artes visuais, museus e literatura, al\u00e9m de promover interc\u00e2mbio no setor de","og_url":"https:\/\/ubirataonline.com.br\/en\/brasil-e-cabo-verde-reforcam-trabalho-conjunto-na-cultura\/","og_site_name":"Ubirat\u00e3 Online Not\u00edcias - A realidade ao seu alcance!","article_publisher":"https:\/\/www.facebook.com\/portalubirataonline","article_author":"https:\/\/www.facebook.com\/portalubirataonline","article_published_time":"2026-04-18T14:01:38+00:00","article_modified_time":"2026-04-18T14:01:41+00:00","og_image":[{"width":1600,"height":800,"url":"https:\/\/ubirataonline.com.br\/wp-content\/uploads\/2026\/04\/Brasil-e-Cabo-Verde-reforcam-trabalho-conjunto-na-Cultura.jpg","type":"image\/jpeg"}],"author":"REDA\u00c7\u00c3O: UBIRAT\u00c3 ONLINE - F\u00c1BIO AUGUSTO CELESTINO","twitter_card":"summary_large_image","twitter_creator":"@x.com\/ubirataonline","twitter_site":"@ubirataonline","twitter_misc":{"Written by":"REDA\u00c7\u00c3O: UBIRAT\u00c3 ONLINE - F\u00c1BIO AUGUSTO CELESTINO","Est. reading time":"4 minutes"},"schema":{"@context":"https:\/\/schema.org","@graph":[{"@type":"NewsArticle","@id":"https:\/\/ubirataonline.com.br\/brasil-e-cabo-verde-reforcam-trabalho-conjunto-na-cultura\/#article","isPartOf":{"@id":"https:\/\/ubirataonline.com.br\/brasil-e-cabo-verde-reforcam-trabalho-conjunto-na-cultura\/"},"author":{"name":"REDA\u00c7\u00c3O: UBIRAT\u00c3 ONLINE - F\u00c1BIO AUGUSTO CELESTINO","@id":"https:\/\/ubirataonline.com.br\/#\/schema\/person\/372f87bbd3fdd79b8556b84c98d0bc1c"},"headline":"Brasil e Cabo Verde refor\u00e7am trabalho conjunto na Cultura","datePublished":"2026-04-18T14:01:38+00:00","dateModified":"2026-04-18T14:01:41+00:00","mainEntityOfPage":{"@id":"https:\/\/ubirataonline.com.br\/brasil-e-cabo-verde-reforcam-trabalho-conjunto-na-cultura\/"},"wordCount":763,"publisher":{"@id":"https:\/\/ubirataonline.com.br\/#organization"},"image":{"@id":"https:\/\/ubirataonline.com.br\/brasil-e-cabo-verde-reforcam-trabalho-conjunto-na-cultura\/#primaryimage"},"thumbnailUrl":"https:\/\/ubirataonline.com.br\/wp-content\/uploads\/2026\/04\/Brasil-e-Cabo-Verde-reforcam-trabalho-conjunto-na-Cultura.jpg","keywords":["Brasil","Cabo","conjunto","Cultura","refor\u00e7am","trabalho","Verde"],"articleSection":["Ubirat\u00e3"],"inLanguage":"en-US","copyrightYear":"2026","copyrightHolder":{"@id":"https:\/\/ubirataonline.com.br\/en\/#organization"}},{"@type":"WebPage","@id":"https:\/\/ubirataonline.com.br\/brasil-e-cabo-verde-reforcam-trabalho-conjunto-na-cultura\/","url":"https:\/\/ubirataonline.com.br\/brasil-e-cabo-verde-reforcam-trabalho-conjunto-na-cultura\/","name":"Brasil e Cabo Verde refor\u00e7am trabalho conjunto na Cultura - Ubirat\u00e3 Online Not\u00edcias - A realidade ao seu alcance!","isPartOf":{"@id":"https:\/\/ubirataonline.com.br\/#website"},"primaryImageOfPage":{"@id":"https:\/\/ubirataonline.com.br\/brasil-e-cabo-verde-reforcam-trabalho-conjunto-na-cultura\/#primaryimage"},"image":{"@id":"https:\/\/ubirataonline.com.br\/brasil-e-cabo-verde-reforcam-trabalho-conjunto-na-cultura\/#primaryimage"},"thumbnailUrl":"https:\/\/ubirataonline.com.br\/wp-content\/uploads\/2026\/04\/Brasil-e-Cabo-Verde-reforcam-trabalho-conjunto-na-Cultura.jpg","datePublished":"2026-04-18T14:01:38+00:00","dateModified":"2026-04-18T14:01:41+00:00","description":"Brasil e Cabo verde v\u00e3o intensificar parceria cultural nas \u00e1reas de artes visuais, museus e literatura, al\u00e9m de promover interc\u00e2mbio no setor de","breadcrumb":{"@id":"https:\/\/ubirataonline.com.br\/brasil-e-cabo-verde-reforcam-trabalho-conjunto-na-cultura\/#breadcrumb"},"inLanguage":"en-US","potentialAction":[{"@type":"ReadAction","target":["https:\/\/ubirataonline.com.br\/brasil-e-cabo-verde-reforcam-trabalho-conjunto-na-cultura\/"]}]},{"@type":"ImageObject","inLanguage":"en-US","@id":"https:\/\/ubirataonline.com.br\/brasil-e-cabo-verde-reforcam-trabalho-conjunto-na-cultura\/#primaryimage","url":"https:\/\/ubirataonline.com.br\/wp-content\/uploads\/2026\/04\/Brasil-e-Cabo-Verde-reforcam-trabalho-conjunto-na-Cultura.jpg","contentUrl":"https:\/\/ubirataonline.com.br\/wp-content\/uploads\/2026\/04\/Brasil-e-Cabo-Verde-reforcam-trabalho-conjunto-na-Cultura.jpg","width":1600,"height":800,"caption":""},{"@type":"BreadcrumbList","@id":"https:\/\/ubirataonline.com.br\/brasil-e-cabo-verde-reforcam-trabalho-conjunto-na-cultura\/#breadcrumb","itemListElement":[{"@type":"ListItem","position":1,"name":"In\u00edcio","item":"https:\/\/ubirataonline.com.br\/"},{"@type":"ListItem","position":2,"name":"Brasil e Cabo Verde refor\u00e7am trabalho conjunto na Cultura"}]},{"@type":"WebSite","@id":"https:\/\/ubirataonline.com.br\/#website","url":"https:\/\/ubirataonline.com.br\/","name":"Ubirat\u00e3 Online Not\u00edcias","description":"Not\u00edcias de Ubirat\u00e3, regi\u00e3o, Brasil e mundo, com informa\u00e7\u00e3o atualizada e compromisso com o leitor.","publisher":{"@id":"https:\/\/ubirataonline.com.br\/#organization"},"alternateName":"Ubirat\u00e3 Online","potentialAction":[{"@type":"SearchAction","target":{"@type":"EntryPoint","urlTemplate":"https:\/\/ubirataonline.com.br\/?s={search_term_string}"},"query-input":{"@type":"PropertyValueSpecification","valueRequired":true,"valueName":"search_term_string"}}],"inLanguage":"en-US"},{"@type":["Organization","Place"],"@id":"https:\/\/ubirataonline.com.br\/#organization","name":"Ubirat\u00e3 Online Not\u00edcias","alternateName":"Ubirat\u00e3 Online","url":"https:\/\/ubirataonline.com.br\/","logo":{"@id":"https:\/\/ubirataonline.com.br\/brasil-e-cabo-verde-reforcam-trabalho-conjunto-na-cultura\/#local-main-organization-logo"},"image":{"@id":"https:\/\/ubirataonline.com.br\/brasil-e-cabo-verde-reforcam-trabalho-conjunto-na-cultura\/#local-main-organization-logo"},"sameAs":["https:\/\/www.facebook.com\/portalubirataonline","https:\/\/x.com\/ubirataonline","https:\/\/mastodon.social\/@ubirataonline","https:\/\/www.facebook.com\/groups\/311144672285604","https:\/\/www.facebook.com\/UBTAOnline","https:\/\/www.instagram.com\/portalubirataonline\/","https:\/\/twitter.com\/ubirataonline"],"description":"Somos um portal de not\u00edcias independente, criado em 5 de janeiro de 2009, com o objetivo de informar, conectar e valorizar a nossa comunidade de Ubirat\u00e3 e toda aregi\u00e3o. Com conte\u00fado atualizado, confi\u00e1vel e relevante, o Ubirat\u00e3 Online \u00e9 o seu espa\u00e7o para ficar por dentro dos principais acontecimentos locais, regionais, Brasil, Mundo e de interesse geral. Nosso compromisso \u00e9 com a verdade, a transpar\u00eancia e o respeito ao leitor.","legalName":"UBIRATA ONLINE NOT\u00cdCIAS","foundingDate":"2009-01-05","numberOfEmployees":{"@type":"QuantitativeValue","minValue":"1","maxValue":"10"},"publishingPrinciples":"https:\/\/ubirataonline.com.br\/faq\/","address":{"@id":"https:\/\/ubirataonline.com.br\/brasil-e-cabo-verde-reforcam-trabalho-conjunto-na-cultura\/#local-main-place-address"},"geo":{"@type":"GeoCoordinates","latitude":"-24.5361401","longitude":"-52.9921776"},"telephone":["+5544998308235"],"contactPoint":{"@type":"ContactPoint","email":"contato@ubirataonline.com.br"},"openingHoursSpecification":{"@type":"OpeningHoursSpecification","dayOfWeek":["Monday","Tuesday","Wednesday","Thursday","Friday","Saturday","Sunday"],"opens":"00:00","closes":"23:59"},"email":"contato@ubirataonline.com.br","vatID":"47.621.418\/0001-80"},{"@type":"Person","@id":"https:\/\/ubirataonline.com.br\/#\/schema\/person\/372f87bbd3fdd79b8556b84c98d0bc1c","name":"REDA\u00c7\u00c3O: UBIRAT\u00c3 ONLINE - F\u00c1BIO AUGUSTO CELESTINO","pronouns":"Ele","description":"Desde 2003 trabalhando com not\u00edcias.","sameAs":["http:\/\/ubirataoline.com.br","https:\/\/www.facebook.com\/portalubirataonline","https:\/\/www.instagram.com\/ubirataonline_oficial","https:\/\/x.com\/x.com\/ubirataonline"],"honorificPrefix":"Mr.","honorificSuffix":"MD","birthDate":"1980-06-16","gender":"masculino","award":["V\u00e1rios pr\u00eamios de melhor portal da cidade"],"jobTitle":"Diretor","url":"https:\/\/ubirataonline.com.br\/en\/author\/ubirataonline\/"},{"@type":"PostalAddress","@id":"https:\/\/ubirataonline.com.br\/brasil-e-cabo-verde-reforcam-trabalho-conjunto-na-cultura\/#local-main-place-address","streetAddress":"Rua dos Coqueiros, 104 - Bairro Boa Vista, Rua dos Coqueiros, 104 Bairro Boa Vista","addressLocality":"UBIRATA","postalCode":"85440-000","addressRegion":"PR","addressCountry":"BR"},{"@type":"ImageObject","inLanguage":"en-US","@id":"https:\/\/ubirataonline.com.br\/brasil-e-cabo-verde-reforcam-trabalho-conjunto-na-cultura\/#local-main-organization-logo","url":"https:\/\/ubirataonline.com.br\/wp-content\/uploads\/2026\/06\/logoubirataonline-1.webp","contentUrl":"https:\/\/ubirataonline.com.br\/wp-content\/uploads\/2026\/06\/logoubirataonline-1.webp","width":500,"height":500,"caption":"Ubirat\u00e3 Online Not\u00edcias"}]},"geo.placename":"UBIRATA","geo.position":{"lat":"-24.5361401","long":"-52.9921776"},"geo.region":"Brazil"},"_links":{"self":[{"href":"https:\/\/ubirataonline.com.br\/en\/wp-json\/wp\/v2\/posts\/110932","targetHints":{"allow":["GET"]}}],"collection":[{"href":"https:\/\/ubirataonline.com.br\/en\/wp-json\/wp\/v2\/posts"}],"about":[{"href":"https:\/\/ubirataonline.com.br\/en\/wp-json\/wp\/v2\/types\/post"}],"author":[{"embeddable":true,"href":"https:\/\/ubirataonline.com.br\/en\/wp-json\/wp\/v2\/users\/1"}],"replies":[{"embeddable":true,"href":"https:\/\/ubirataonline.com.br\/en\/wp-json\/wp\/v2\/comments?post=110932"}],"version-history":[{"count":0,"href":"https:\/\/ubirataonline.com.br\/en\/wp-json\/wp\/v2\/posts\/110932\/revisions"}],"wp:featuredmedia":[{"embeddable":true,"href":"https:\/\/ubirataonline.com.br\/en\/wp-json\/wp\/v2\/media\/110933"}],"wp:attachment":[{"href":"https:\/\/ubirataonline.com.br\/en\/wp-json\/wp\/v2\/media?parent=110932"}],"wp:term":[{"taxonomy":"category","embeddable":true,"href":"https:\/\/ubirataonline.com.br\/en\/wp-json\/wp\/v2\/categories?post=110932"},{"taxonomy":"post_tag","embeddable":true,"href":"https:\/\/ubirataonline.com.br\/en\/wp-json\/wp\/v2\/tags?post=110932"}],"curies":[{"name":"wp","href":"https:\/\/api.w.org\/{rel}","templated":true}]}}