{"id":110935,"date":"2026-04-18T11:06:34","date_gmt":"2026-04-18T14:06:34","guid":{"rendered":"https:\/\/ubirataonline.com.br\/the-history-of-earth-day-and-why-it-still-matters\/"},"modified":"2026-04-18T11:06:38","modified_gmt":"2026-04-18T14:06:38","slug":"the-history-of-earth-day-and-why-it-still-matters","status":"publish","type":"post","link":"https:\/\/ubirataonline.com.br\/en\/the-history-of-earth-day-and-why-it-still-matters\/","title":{"rendered":"The History of Earth Day\u2014and Why It Still Matters"},"content":{"rendered":"<p><br \/>\n<\/p>\n<div>\n<p><em>From our collaborating partner Living on Earth, <\/em><a href=\"https:\/\/www.loe.org\/index.html\"><em>public radio\u2019s environmental news magazine<\/em><\/a><em>, an interview by host Steve Curwood with environmental historian Adam Rome.\u00a0<\/em><\/p>\n<p><iframe loading=\"lazy\" width=\"100%\" height=\"200\" frameborder=\"0\" scrolling=\"no\" marginheight=\"0\" marginwidth=\"0\" src=\"https:\/\/playlist.megaphone.fm\/?e=LOE3102358658\"><\/iframe><\/p>\n<p>Earth Day was born in 1970 during a moment of human solidarity in troubled times. Violent Vietnam war protests, burning Black communities and girdles and bras publicly trashed by feminists spoke of great social divides.\u00a0<\/p>\n<p>And then, like the sweetest chord in a symphony, Christmas Eve 1968 brought photos of Earth taken by the first humans to circle the Moon. Humanity gasped as Apollo 8 showed that all of us were on a single gorgeous blue marble, shimmering in the black vastness of space.\u00a0<\/p>\n<p>Within 16 months the first Earth Day had brought 20 million Americans together in peaceful demonstrations\u2014a record that stands today. We rallied to care for our common home, and for that day, at least, each other. On this Earth Day, April 22, much seems to divide us, but we also have brand-new pictures of our shared planet, thanks to Artemis II.<\/p>\n<p>Adam Rome is a professor and environmental historian at the University at Buffalo and author of \u201c<a href=\"https:\/\/bookshop.org\/p\/books\/the-genius-of-earth-day-how-a-1970-teach-in-unexpectedly-made-the-first-green-generation-adam-rome\/7c5a73b54fa050fc\">The Genius of Earth Day: How a 1970 Teach-In Unexpectedly Made the First Green Generation<\/a>.\u201d This interview has been edited for length and clarity.<\/p>\n<p>STEVE CURWOOD: Tell me a little about the political atmosphere of the late 1960s. To what extent did movements like civil rights, anti-war and women\u2019s rights set the stage for that first Earth Day in 1970?<\/p>\n<div class=\"wp-block-group\">\n<div class=\"wp-block-group__inner-container is-layout-constrained wp-block-group-is-layout-constrained\">\n<div class=\"wp-block-image\">\n<figure class=\"alignright size-large is-resized\"><img loading=\"lazy\" decoding=\"async\" width=\"1024\" height=\"1024\" src=\"https:\/\/insideclimatenews.org\/wp-content\/uploads\/2026\/04\/Adam-Rome-1024x1024.jpg\" alt=\"Adam Rome is an environmental historian and a professor at the University at Buffalo in New York. Credit: University at Buffalo\" class=\"wp-image-108295\" style=\"width:250px\" srcset=\"https:\/\/insideclimatenews.org\/wp-content\/uploads\/2026\/04\/Adam-Rome-1024x1024.jpg 1024w, https:\/\/insideclimatenews.org\/wp-content\/uploads\/2026\/04\/Adam-Rome-300x300.jpg 300w, https:\/\/insideclimatenews.org\/wp-content\/uploads\/2026\/04\/Adam-Rome-150x150.jpg 150w, https:\/\/insideclimatenews.org\/wp-content\/uploads\/2026\/04\/Adam-Rome-768x768.jpg 768w, https:\/\/insideclimatenews.org\/wp-content\/uploads\/2026\/04\/Adam-Rome-1536x1536.jpg 1536w, https:\/\/insideclimatenews.org\/wp-content\/uploads\/2026\/04\/Adam-Rome-64x64.jpg 64w, https:\/\/insideclimatenews.org\/wp-content\/uploads\/2026\/04\/Adam-Rome-600x600.jpg 600w, https:\/\/insideclimatenews.org\/wp-content\/uploads\/2026\/04\/Adam-Rome.jpg 2000w\" sizes=\"auto, (max-width: 1024px) 100vw, 1024px\"\/><figcaption class=\"wp-element-caption\">Adam Rome is an environmental historian and a professor at the University at Buffalo in New York. Credit: University at Buffalo<\/figcaption><\/figure>\n<\/div>\n<p>ADAM ROME: The founder of Earth Day was a senator from Wisconsin, Gaylord Nelson. He was a liberal Democrat, so he was interested in all the big issues of the day. When he was governor, he became convinced that the environment was going to be the biggest issue that we had to solve. There\u2019s no doubt that the protest spirit and the sense that things were going wrong was really important, and also the sense that a lot of people had that if we really set our minds to it, we could solve a lot of problems.\u00a0<\/p>\n<p>And not just for him. He ended up hiring a whole bunch of 20-something people to help him organize Earth Day, and they had all been involved in the anti-war or the civil rights or the feminist movements. Only one of them had any environmental experience. It was a cause that I think brought a lot of people together who\u2019d been involved in other unrest in the \u201960s to try to make the country better. But surprisingly, it also appealed to conservatives. It was really bipartisan, and nowadays it\u2019s kind of mind-boggling to me to think about that.<\/p>\n<\/div>\n<\/div>\n<p>CURWOOD: How many people were in attendance on that first Earth Day?\u00a0<\/p>\n<p>ROME: Twenty million people, which was about an eighth of the population\u2014which was astonishing.\u00a0<\/p>\n<p>Pretty much every college, every K-12 school, had some kind of Earth Day event. And there also were events in public spaces and in front of offices of corporations or government buildings. So it was everywhere. It was such a big deal that Congress shut down for the day. Two thirds of the members were going to be speaking somewhere, and that was Republicans as well as Democrats.<\/p>\n<p>CURWOOD: Your book describes the first Earth Day as a teach-in, or a national conversation about the environment. What was the energy like on that first Earth Day of 1970?<\/p>\n<p>ROME: The \u201cteach-in\u201d was Gaylord Nelson\u2019s phrase. It was a strategy that the anti-war movement had used a few years before to have these politicized events on campuses that brought both pro-war and anti-war people together to debate. And Gaylord Nelson was convinced that that could empower people, that it could lead them to action. So he said he would organize an environmental teach-in.\u00a0<\/p>\n<p>I think his insight was shrewd, that the issues hadn\u2019t really been widely discussed. There weren\u2019t a lot of experts, there weren\u2019t a lot of books, there weren\u2019t journalists writing on the environmental beat, and Earth Day became this soul-searching experience for a lot of people; that was a phrase The New York Times used to describe Earth Day events at the University of Michigan.\u00a0<\/p>\n<p>Tens of thousands of people spoke on Earth Day who had never spoken about environmental issues publicly. People really debated, first of all, how serious the issues were. Were they annoyances, or were they civilization-threatening? People debated, how deep did the causes go? Was there something fundamentally wrong with capitalism? Was there something fundamentally wrong with Judeo-Christian religious tradition, or was it something that you could just, through ordinary political means, figure out solutions to?\u00a0<\/p>\n<p>People also really had to decide how much it mattered to them personally. Were they going to do anything different? This was also the first time, really, that people imagined that maybe they needed to consume less or differently.\u00a0<\/p>\n<p>People asked really practical day-to-day questions, you know, \u201cWhat do we do about Lake Erie? It seems to be dying \u2026\u201d to more existential kinds of questions about what kind of relationship we had with nature and whether that needed to change in some profound way. The conversations were civil, but they were incredibly challenging. They forced a lot of people to think about things in a way they hadn\u2019t thought about before.<\/p>\n<figure class=\"wp-block-image size-large\"><img loading=\"lazy\" decoding=\"async\" width=\"1024\" height=\"683\" alt=\"This picture of Earth was taken on April 2 by an Artemis II crew member through a window of the Orion spacecraft. Credit: NASA\" class=\"wp-image-108296\" srcset=\"https:\/\/insideclimatenews.org\/wp-content\/uploads\/2026\/04\/art002e000192-1024x683.jpg 1024w, https:\/\/insideclimatenews.org\/wp-content\/uploads\/2026\/04\/art002e000192-300x200.jpg 300w, https:\/\/insideclimatenews.org\/wp-content\/uploads\/2026\/04\/art002e000192-768x512.jpg 768w, https:\/\/insideclimatenews.org\/wp-content\/uploads\/2026\/04\/art002e000192-1536x1024.jpg 1536w, https:\/\/insideclimatenews.org\/wp-content\/uploads\/2026\/04\/art002e000192-2048x1366.jpg 2048w, https:\/\/insideclimatenews.org\/wp-content\/uploads\/2026\/04\/art002e000192-900x600.jpg 900w, https:\/\/insideclimatenews.org\/wp-content\/uploads\/2026\/04\/art002e000192-330x220.jpg 330w\" data-lazy-sizes=\"(max-width: 1024px) 100vw, 1024px\" src=\"https:\/\/insideclimatenews.org\/wp-content\/uploads\/2026\/04\/art002e000192-1024x683.jpg\"\/><img loading=\"lazy\" decoding=\"async\" width=\"1024\" height=\"683\" src=\"https:\/\/insideclimatenews.org\/wp-content\/uploads\/2026\/04\/art002e000192-1024x683.jpg\" alt=\"This picture of Earth was taken on April 2 by an Artemis II crew member through a window of the Orion spacecraft. Credit: NASA\" class=\"wp-image-108296\" srcset=\"https:\/\/insideclimatenews.org\/wp-content\/uploads\/2026\/04\/art002e000192-1024x683.jpg 1024w, https:\/\/insideclimatenews.org\/wp-content\/uploads\/2026\/04\/art002e000192-300x200.jpg 300w, https:\/\/insideclimatenews.org\/wp-content\/uploads\/2026\/04\/art002e000192-768x512.jpg 768w, https:\/\/insideclimatenews.org\/wp-content\/uploads\/2026\/04\/art002e000192-1536x1024.jpg 1536w, https:\/\/insideclimatenews.org\/wp-content\/uploads\/2026\/04\/art002e000192-2048x1366.jpg 2048w, https:\/\/insideclimatenews.org\/wp-content\/uploads\/2026\/04\/art002e000192-900x600.jpg 900w, https:\/\/insideclimatenews.org\/wp-content\/uploads\/2026\/04\/art002e000192-330x220.jpg 330w\" sizes=\"auto, (max-width: 1024px) 100vw, 1024px\"\/><figcaption class=\"wp-element-caption\">This picture of Earth was taken on April 2 by an Artemis II crew member through a window of the Orion spacecraft. Credit: NASA<\/figcaption><\/figure>\n<p>CURWOOD: This year\u2019s Earth Day draws a lot of parallels to that first event back in 1970. Both then and now we\u2019re seeing a lot of political division and unrest. The U.S. is waging a war in another country and another continent, but at the same time, we\u2019re sending people to the moon. How can we apply lessons from the original movement to today?<\/p>\n<p>ROME: In the past, I could easily give a variety of lessons about what made Earth Day so powerful, what was the genius of Earth Day and ways that we, even though we can\u2019t ever have another Earth Day like 1970, what we might do.\u00a0<\/p>\n<p>The current moment feels much more challenging to me, because although there are all the parallels that you just mentioned, I don\u2019t think people in 1970 really thought that democracy might be at stake, and a lot of people did look to government to help solve these problems. There\u2019s a huge part of our country now that just can\u2019t begin to accept that idea.\u00a0<\/p>\n<p>When I talked about this with my students, they\u2019re interested in finding ways to bridge the partisan divide, if that\u2019s possible. And many of the ways that they find compelling are not big public events that are obviously political, but other kinds of things, like they have hopes that community gardens could bring people together and be empowering and allow people to talk who might otherwise disagree about a lot of things. Or if they start growing some of their own food, they might think about other environmental issues.\u00a0<\/p>\n<p>That\u2019s really profoundly different than Gaylord Nelson\u2019s sense that if we just had a really civil but deep conversation, people would change. It\u2019s hard to imagine a really civil, deep conversation right now for lots of reasons.<\/p>\n<div class=\"icn-donate-block\">\n<h3 class=\"block-title\">This story is funded by readers like you.<\/h3>\n<p>Our nonprofit newsroom provides award-winning climate coverage free of charge and advertising. We rely on donations from readers like you to keep going. Please donate now to support our work.<\/p>\n<p><a href=\"https:\/\/insideclimate.fundjournalism.org\/donate\/?amount=15&amp;campaign=7013a000003Bk97AAC&amp;frequency=monthly\" class=\"button button-red\" target=\"_blank\">Donate Now<\/a><\/div>\n<p> <!-- \/.icn-donate-block --><\/p>\n<p>CURWOOD: Despite the unexpected success of its inaugural event, 20 million people attending, today, Earth Day feels\u2014let\u2019s face it\u2014a little more symbolic than it is impactful. It might be celebrated with a local trash cleanup or maybe a craft in a classroom, if it\u2019s remembered at all. How did we get there?<\/p>\n<p>ROME: Gaylord Nelson never envisioned when he was first planning Earth Day that it would be more than a one-time event. But some places have had Earth Days ever since. Sometimes they\u2019re pretty amazing, but as you say, mostly they\u2019re much tamer. They\u2019re mostly for kids.\u00a0<\/p>\n<p>And the 2020 Earth Day, which would have been the 50th anniversary, was wiped out by the pandemic. So we don\u2019t have that example. There had only been one other one that was nationally organized: That was 1990, the 20th anniversary. We don\u2019t really have a recent example of what a really kick-ass Earth Day could be.\u00a0<\/p>\n<p>This year when I asked my class, \u201cWhat do you expect this year?,\u201d they all expected pretty much nothing. I hope they\u2019re wrong. But they had a hard time imagining anything really dramatically meaningful.\u00a0<\/p>\n<p>CURWOOD: In your classes do students ever ask what we\u2019ve lost by not paying much attention to Earth Day anymore? And what would you say?<\/p>\n<p>ROME: I\u2019ve been asked over the years by a number of people, like, \u201cIs it even worth it to have Earth Day anymore?\u201d That question, to me, is less interesting than asking questions about why the first one was so powerful and what we could learn from it.\u00a0<\/p>\n<p>The lessons that we learned from the first Earth Day might not be applied to Earth Day itself. The biggest lesson I draw is that it was empowering. How can we think about what would be empowering today? What would change the way people think and act? And it might be something totally different than what we think of as Earth Day.\u00a0<\/p>\n<p>Whenever I get depressed\u2014and it\u2019s not hard to get depressed when you think about climate change and some other issues\u2014I am inspired by the story of the first Earth Day, which was totally unexpected and led, in all kinds of ways, to dramatic, measurable progress in dealing with environmental problems.\u00a0<\/p>\n<p>Our air is much cleaner, our water is much cleaner, all the problems that people wanted to address in 1970, we\u2019ve done a lot. We haven\u2019t solved them all, but we\u2019ve done a lot. So I would say, read about the first Earth Day and see if that inspires you. I think we need inspiration, and especially we need to do things that make us feel more powerful. We can\u2019t solve any problem if we all feel powerless.<\/p>\n<div class=\"icn-epic\">\n<div class=\"inner\">\n<h2 class=\"section-title\">About This Story<\/h2>\n<p>Perhaps you noticed: This story, like all the news we publish, is free to read. That\u2019s because Inside Climate News is a 501c3 nonprofit organization. We do not charge a subscription fee, lock our news behind a paywall, or clutter our website with ads. We make our news on climate and the environment freely available to you and anyone who wants it.<\/p>\n<p>That\u2019s not all. We also share our news for free with scores of other media organizations around the country. Many of them can\u2019t afford to do environmental journalism of their own. We\u2019ve built bureaus from coast to coast to report local stories, collaborate with local newsrooms and co-publish articles so that this vital work is shared as widely as possible.<\/p>\n<p>Two of us launched ICN in 2007. Six years later we earned a Pulitzer Prize for National Reporting, and now we run the oldest and largest dedicated climate newsroom in the nation. We tell the story in all its complexity. We hold polluters accountable. We expose environmental injustice. We debunk misinformation. We scrutinize solutions and inspire action.<\/p>\n<p>Donations from readers like you fund every aspect of what we do. If you don\u2019t already, will you support our ongoing work, our reporting on the biggest crisis facing our planet, and help us reach even more readers in more places? <\/p>\n<p>Please take a moment to make a tax-deductible donation. Every one of them makes a difference.<\/p>\n<p>Thank you,<\/p>\n<p>\t\t <!-- \/.footer --><\/p><\/div>\n<p> <!-- \/.inner --><\/p>\n<\/div>\n<p> <!-- \/.icn-epic --><\/p>\n<p> <!-- \/.icn-share-holder --><\/p><\/div>\n<p><br \/>\n<br \/><a href=\"https:\/\/insideclimatenews.org\/news\/18042026\/fifty-six-years-of-earth-day\/\">Source link <\/a><\/p>","protected":false},"excerpt":{"rendered":"<p>From our collaborating partner Living on Earth, public radio\u2019s environmental news magazine, an interview by host Steve Curwood with environmental historian Adam Rome.\u00a0 Earth Day was born in 1970 during a moment of human solidarity in troubled times. Violent Vietnam war protests, burning Black communities and girdles and bras publicly trashed by feminists spoke of [&hellip;]<\/p>\n","protected":false},"author":1,"featured_media":110936,"comment_status":"closed","ping_status":"","sticky":false,"template":"","format":"standard","meta":{"googlesitekit_rrm_CAow2JLhCw:productID":"","_gspb_post_css":"","maa_idioma":"","maa_pais":"","footnotes":""},"categories":[1],"tags":[29614,10022,4441,13860],"class_list":["post-110935","post","type-post","status-publish","format-standard","has-post-thumbnail","hentry","category-ubirata","tag-dayand","tag-earth","tag-history","tag-matters"],"blocksy_meta":[],"yoast_head":"<!-- This site is optimized with the Yoast SEO Premium plugin v27.6 (Yoast SEO v27.6) - https:\/\/yoast.com\/product\/yoast-seo-premium-wordpress\/ -->\n<title>The History of Earth Day\u2014and Why It Still Matters - Ubirat\u00e3 Online Not\u00edcias - A realidade ao seu alcance!<\/title>\n<meta name=\"description\" content=\"From our collaborating partner Living on Earth, public radio\u2019s environmental news magazine, an interview by host Steve Curwood with environmental\" \/>\n<meta name=\"robots\" content=\"index, follow, max-snippet:-1, max-image-preview:large, max-video-preview:-1\" \/>\n<link rel=\"canonical\" href=\"https:\/\/ubirataonline.com.br\/en\/the-history-of-earth-day-and-why-it-still-matters\/\" \/>\n<meta property=\"og:locale\" content=\"en_US\" \/>\n<meta property=\"og:type\" content=\"article\" \/>\n<meta property=\"og:title\" content=\"The History of Earth Day\u2014and Why It Still Matters\" \/>\n<meta property=\"og:description\" content=\"From our collaborating partner Living on Earth, public radio\u2019s environmental news magazine, an interview by host Steve Curwood with environmental\" \/>\n<meta property=\"og:url\" content=\"https:\/\/ubirataonline.com.br\/en\/the-history-of-earth-day-and-why-it-still-matters\/\" \/>\n<meta property=\"og:site_name\" content=\"Ubirat\u00e3 Online Not\u00edcias - A realidade ao seu alcance!\" \/>\n<meta property=\"article:publisher\" content=\"https:\/\/www.facebook.com\/portalubirataonline\" \/>\n<meta property=\"article:author\" content=\"https:\/\/www.facebook.com\/portalubirataonline\" \/>\n<meta property=\"article:published_time\" content=\"2026-04-18T14:06:34+00:00\" \/>\n<meta property=\"article:modified_time\" content=\"2026-04-18T14:06:38+00:00\" \/>\n<meta property=\"og:image\" content=\"https:\/\/ubirataonline.com.br\/wp-content\/uploads\/2026\/04\/The-History-of-Earth-Day\u2014and-Why-It-Still-Matters.jpg\" \/>\n\t<meta property=\"og:image:width\" content=\"1249\" \/>\n\t<meta property=\"og:image:height\" content=\"832\" \/>\n\t<meta property=\"og:image:type\" content=\"image\/jpeg\" \/>\n<meta name=\"author\" content=\"REDA\u00c7\u00c3O: UBIRAT\u00c3 ONLINE - F\u00c1BIO AUGUSTO CELESTINO\" \/>\n<meta name=\"twitter:card\" content=\"summary_large_image\" \/>\n<meta name=\"twitter:creator\" content=\"@x.com\/ubirataonline\" \/>\n<meta name=\"twitter:site\" content=\"@ubirataonline\" \/>\n<meta name=\"twitter:label1\" content=\"Written by\" \/>\n\t<meta name=\"twitter:data1\" content=\"REDA\u00c7\u00c3O: UBIRAT\u00c3 ONLINE - F\u00c1BIO AUGUSTO CELESTINO\" \/>\n\t<meta name=\"twitter:label2\" content=\"Est. reading time\" \/>\n\t<meta name=\"twitter:data2\" content=\"10 minutes\" \/>\n<script type=\"application\/ld+json\" class=\"yoast-schema-graph\">{\"@context\":\"https:\\\/\\\/schema.org\",\"@graph\":[{\"@type\":\"NewsArticle\",\"@id\":\"https:\\\/\\\/ubirataonline.com.br\\\/the-history-of-earth-day-and-why-it-still-matters\\\/#article\",\"isPartOf\":{\"@id\":\"https:\\\/\\\/ubirataonline.com.br\\\/the-history-of-earth-day-and-why-it-still-matters\\\/\"},\"author\":{\"name\":\"REDA\u00c7\u00c3O: UBIRAT\u00c3 ONLINE - F\u00c1BIO AUGUSTO CELESTINO\",\"@id\":\"https:\\\/\\\/ubirataonline.com.br\\\/#\\\/schema\\\/person\\\/372f87bbd3fdd79b8556b84c98d0bc1c\"},\"headline\":\"The History of Earth Day\u2014and Why It Still Matters\",\"datePublished\":\"2026-04-18T14:06:34+00:00\",\"dateModified\":\"2026-04-18T14:06:38+00:00\",\"mainEntityOfPage\":{\"@id\":\"https:\\\/\\\/ubirataonline.com.br\\\/the-history-of-earth-day-and-why-it-still-matters\\\/\"},\"wordCount\":2001,\"publisher\":{\"@id\":\"https:\\\/\\\/ubirataonline.com.br\\\/#organization\"},\"image\":{\"@id\":\"https:\\\/\\\/ubirataonline.com.br\\\/the-history-of-earth-day-and-why-it-still-matters\\\/#primaryimage\"},\"thumbnailUrl\":\"https:\\\/\\\/ubirataonline.com.br\\\/wp-content\\\/uploads\\\/2026\\\/04\\\/The-History-of-Earth-Day\u2014and-Why-It-Still-Matters.jpg\",\"keywords\":[\"Dayand\",\"Earth\",\"history\",\"matters\"],\"articleSection\":[\"Ubirat\u00e3\"],\"inLanguage\":\"en-US\",\"copyrightYear\":\"2026\",\"copyrightHolder\":{\"@id\":\"https:\\\/\\\/ubirataonline.com.br\\\/en\\\/#organization\"}},{\"@type\":\"WebPage\",\"@id\":\"https:\\\/\\\/ubirataonline.com.br\\\/the-history-of-earth-day-and-why-it-still-matters\\\/\",\"url\":\"https:\\\/\\\/ubirataonline.com.br\\\/the-history-of-earth-day-and-why-it-still-matters\\\/\",\"name\":\"The History of Earth Day\u2014and Why It Still Matters - Ubirat\u00e3 Online Not\u00edcias - A realidade ao seu alcance!\",\"isPartOf\":{\"@id\":\"https:\\\/\\\/ubirataonline.com.br\\\/#website\"},\"primaryImageOfPage\":{\"@id\":\"https:\\\/\\\/ubirataonline.com.br\\\/the-history-of-earth-day-and-why-it-still-matters\\\/#primaryimage\"},\"image\":{\"@id\":\"https:\\\/\\\/ubirataonline.com.br\\\/the-history-of-earth-day-and-why-it-still-matters\\\/#primaryimage\"},\"thumbnailUrl\":\"https:\\\/\\\/ubirataonline.com.br\\\/wp-content\\\/uploads\\\/2026\\\/04\\\/The-History-of-Earth-Day\u2014and-Why-It-Still-Matters.jpg\",\"datePublished\":\"2026-04-18T14:06:34+00:00\",\"dateModified\":\"2026-04-18T14:06:38+00:00\",\"description\":\"From our collaborating partner Living on Earth, public radio\u2019s environmental news magazine, an interview by host Steve Curwood with environmental\",\"breadcrumb\":{\"@id\":\"https:\\\/\\\/ubirataonline.com.br\\\/the-history-of-earth-day-and-why-it-still-matters\\\/#breadcrumb\"},\"inLanguage\":\"en-US\",\"potentialAction\":[{\"@type\":\"ReadAction\",\"target\":[\"https:\\\/\\\/ubirataonline.com.br\\\/the-history-of-earth-day-and-why-it-still-matters\\\/\"]}]},{\"@type\":\"ImageObject\",\"inLanguage\":\"en-US\",\"@id\":\"https:\\\/\\\/ubirataonline.com.br\\\/the-history-of-earth-day-and-why-it-still-matters\\\/#primaryimage\",\"url\":\"https:\\\/\\\/ubirataonline.com.br\\\/wp-content\\\/uploads\\\/2026\\\/04\\\/The-History-of-Earth-Day\u2014and-Why-It-Still-Matters.jpg\",\"contentUrl\":\"https:\\\/\\\/ubirataonline.com.br\\\/wp-content\\\/uploads\\\/2026\\\/04\\\/The-History-of-Earth-Day\u2014and-Why-It-Still-Matters.jpg\",\"width\":1249,\"height\":832,\"caption\":\"People gather for the first Earth Day event in Philadelphia on April 22, 1970. Credit: Jack Rosen\\\/Getty Images\"},{\"@type\":\"BreadcrumbList\",\"@id\":\"https:\\\/\\\/ubirataonline.com.br\\\/the-history-of-earth-day-and-why-it-still-matters\\\/#breadcrumb\",\"itemListElement\":[{\"@type\":\"ListItem\",\"position\":1,\"name\":\"In\u00edcio\",\"item\":\"https:\\\/\\\/ubirataonline.com.br\\\/\"},{\"@type\":\"ListItem\",\"position\":2,\"name\":\"The History of Earth Day\u2014and Why It Still Matters\"}]},{\"@type\":\"WebSite\",\"@id\":\"https:\\\/\\\/ubirataonline.com.br\\\/#website\",\"url\":\"https:\\\/\\\/ubirataonline.com.br\\\/\",\"name\":\"Ubirat\u00e3 Online Not\u00edcias\",\"description\":\"Not\u00edcias de Ubirat\u00e3, regi\u00e3o, Brasil e mundo, com informa\u00e7\u00e3o atualizada e compromisso com o leitor.\",\"publisher\":{\"@id\":\"https:\\\/\\\/ubirataonline.com.br\\\/#organization\"},\"alternateName\":\"Ubirat\u00e3 Online\",\"potentialAction\":[{\"@type\":\"SearchAction\",\"target\":{\"@type\":\"EntryPoint\",\"urlTemplate\":\"https:\\\/\\\/ubirataonline.com.br\\\/?s={search_term_string}\"},\"query-input\":{\"@type\":\"PropertyValueSpecification\",\"valueRequired\":true,\"valueName\":\"search_term_string\"}}],\"inLanguage\":\"en-US\"},{\"@type\":[\"Organization\",\"Place\"],\"@id\":\"https:\\\/\\\/ubirataonline.com.br\\\/#organization\",\"name\":\"Ubirat\u00e3 Online Not\u00edcias\",\"alternateName\":\"Ubirat\u00e3 Online\",\"url\":\"https:\\\/\\\/ubirataonline.com.br\\\/\",\"logo\":{\"@id\":\"https:\\\/\\\/ubirataonline.com.br\\\/the-history-of-earth-day-and-why-it-still-matters\\\/#local-main-organization-logo\"},\"image\":{\"@id\":\"https:\\\/\\\/ubirataonline.com.br\\\/the-history-of-earth-day-and-why-it-still-matters\\\/#local-main-organization-logo\"},\"sameAs\":[\"https:\\\/\\\/www.facebook.com\\\/portalubirataonline\",\"https:\\\/\\\/x.com\\\/ubirataonline\",\"https:\\\/\\\/mastodon.social\\\/@ubirataonline\",\"https:\\\/\\\/www.facebook.com\\\/groups\\\/311144672285604\",\"https:\\\/\\\/www.facebook.com\\\/UBTAOnline\",\"https:\\\/\\\/www.instagram.com\\\/portalubirataonline\\\/\",\"https:\\\/\\\/twitter.com\\\/ubirataonline\"],\"description\":\"Somos um portal de not\u00edcias independente, criado em 5 de janeiro de 2009, com o objetivo de informar, conectar e valorizar a nossa comunidade de Ubirat\u00e3 e toda aregi\u00e3o. Com conte\u00fado atualizado, confi\u00e1vel e relevante, o Ubirat\u00e3 Online \u00e9 o seu espa\u00e7o para ficar por dentro dos principais acontecimentos locais, regionais, Brasil, Mundo e de interesse geral. Nosso compromisso \u00e9 com a verdade, a transpar\u00eancia e o respeito ao leitor.\",\"legalName\":\"UBIRATA ONLINE NOT\u00cdCIAS\",\"foundingDate\":\"2009-01-05\",\"numberOfEmployees\":{\"@type\":\"QuantitativeValue\",\"minValue\":\"1\",\"maxValue\":\"10\"},\"publishingPrinciples\":\"https:\\\/\\\/ubirataonline.com.br\\\/faq\\\/\",\"address\":{\"@id\":\"https:\\\/\\\/ubirataonline.com.br\\\/the-history-of-earth-day-and-why-it-still-matters\\\/#local-main-place-address\"},\"geo\":{\"@type\":\"GeoCoordinates\",\"latitude\":\"-24.5361401\",\"longitude\":\"-52.9921776\"},\"telephone\":[\"+5544998308235\"],\"contactPoint\":{\"@type\":\"ContactPoint\",\"email\":\"contato@ubirataonline.com.br\"},\"openingHoursSpecification\":{\"@type\":\"OpeningHoursSpecification\",\"dayOfWeek\":[\"Monday\",\"Tuesday\",\"Wednesday\",\"Thursday\",\"Friday\",\"Saturday\",\"Sunday\"],\"opens\":\"00:00\",\"closes\":\"23:59\"},\"email\":\"contato@ubirataonline.com.br\",\"vatID\":\"47.621.418\\\/0001-80\"},{\"@type\":\"Person\",\"@id\":\"https:\\\/\\\/ubirataonline.com.br\\\/#\\\/schema\\\/person\\\/372f87bbd3fdd79b8556b84c98d0bc1c\",\"name\":\"REDA\u00c7\u00c3O: UBIRAT\u00c3 ONLINE - F\u00c1BIO AUGUSTO CELESTINO\",\"pronouns\":\"Ele\",\"description\":\"Desde 2003 trabalhando com not\u00edcias.\",\"sameAs\":[\"http:\\\/\\\/ubirataoline.com.br\",\"https:\\\/\\\/www.facebook.com\\\/portalubirataonline\",\"https:\\\/\\\/www.instagram.com\\\/ubirataonline_oficial\",\"https:\\\/\\\/x.com\\\/x.com\\\/ubirataonline\"],\"honorificPrefix\":\"Mr.\",\"honorificSuffix\":\"MD\",\"birthDate\":\"1980-06-16\",\"gender\":\"masculino\",\"award\":[\"V\u00e1rios pr\u00eamios de melhor portal da cidade\"],\"jobTitle\":\"Diretor\",\"url\":\"https:\\\/\\\/ubirataonline.com.br\\\/en\\\/author\\\/ubirataonline\\\/\"},{\"@type\":\"PostalAddress\",\"@id\":\"https:\\\/\\\/ubirataonline.com.br\\\/the-history-of-earth-day-and-why-it-still-matters\\\/#local-main-place-address\",\"streetAddress\":\"Rua dos Coqueiros, 104 - Bairro Boa Vista, Rua dos Coqueiros, 104 Bairro Boa Vista\",\"addressLocality\":\"UBIRATA\",\"postalCode\":\"85440-000\",\"addressRegion\":\"PR\",\"addressCountry\":\"BR\"},{\"@type\":\"ImageObject\",\"inLanguage\":\"en-US\",\"@id\":\"https:\\\/\\\/ubirataonline.com.br\\\/the-history-of-earth-day-and-why-it-still-matters\\\/#local-main-organization-logo\",\"url\":\"https:\\\/\\\/ubirataonline.com.br\\\/wp-content\\\/uploads\\\/2026\\\/06\\\/logoubirataonline-1.webp\",\"contentUrl\":\"https:\\\/\\\/ubirataonline.com.br\\\/wp-content\\\/uploads\\\/2026\\\/06\\\/logoubirataonline-1.webp\",\"width\":500,\"height\":500,\"caption\":\"Ubirat\u00e3 Online Not\u00edcias\"}]}<\/script>\n<meta name=\"geo.placename\" content=\"UBIRATA\" \/>\n<meta name=\"geo.position\" content=\"-24.5361401;-52.9921776\" \/>\n<meta name=\"geo.region\" content=\"Brazil\" \/>\n<!-- \/ Yoast SEO Premium plugin. -->","yoast_head_json":{"title":"The History of Earth Day\u2014and Why It Still Matters - Ubirat\u00e3 Online Not\u00edcias - A realidade ao seu alcance!","description":"From our collaborating partner Living on Earth, public radio\u2019s environmental news magazine, an interview by host Steve Curwood with environmental","robots":{"index":"index","follow":"follow","max-snippet":"max-snippet:-1","max-image-preview":"max-image-preview:large","max-video-preview":"max-video-preview:-1"},"canonical":"https:\/\/ubirataonline.com.br\/en\/the-history-of-earth-day-and-why-it-still-matters\/","og_locale":"en_US","og_type":"article","og_title":"The History of Earth Day\u2014and Why It Still Matters","og_description":"From our collaborating partner Living on Earth, public radio\u2019s environmental news magazine, an interview by host Steve Curwood with environmental","og_url":"https:\/\/ubirataonline.com.br\/en\/the-history-of-earth-day-and-why-it-still-matters\/","og_site_name":"Ubirat\u00e3 Online Not\u00edcias - A realidade ao seu alcance!","article_publisher":"https:\/\/www.facebook.com\/portalubirataonline","article_author":"https:\/\/www.facebook.com\/portalubirataonline","article_published_time":"2026-04-18T14:06:34+00:00","article_modified_time":"2026-04-18T14:06:38+00:00","og_image":[{"width":1249,"height":832,"url":"https:\/\/ubirataonline.com.br\/wp-content\/uploads\/2026\/04\/The-History-of-Earth-Day\u2014and-Why-It-Still-Matters.jpg","type":"image\/jpeg"}],"author":"REDA\u00c7\u00c3O: UBIRAT\u00c3 ONLINE - F\u00c1BIO AUGUSTO CELESTINO","twitter_card":"summary_large_image","twitter_creator":"@x.com\/ubirataonline","twitter_site":"@ubirataonline","twitter_misc":{"Written by":"REDA\u00c7\u00c3O: UBIRAT\u00c3 ONLINE - F\u00c1BIO AUGUSTO CELESTINO","Est. reading time":"10 minutes"},"schema":{"@context":"https:\/\/schema.org","@graph":[{"@type":"NewsArticle","@id":"https:\/\/ubirataonline.com.br\/the-history-of-earth-day-and-why-it-still-matters\/#article","isPartOf":{"@id":"https:\/\/ubirataonline.com.br\/the-history-of-earth-day-and-why-it-still-matters\/"},"author":{"name":"REDA\u00c7\u00c3O: UBIRAT\u00c3 ONLINE - F\u00c1BIO AUGUSTO CELESTINO","@id":"https:\/\/ubirataonline.com.br\/#\/schema\/person\/372f87bbd3fdd79b8556b84c98d0bc1c"},"headline":"The History of Earth Day\u2014and Why It Still Matters","datePublished":"2026-04-18T14:06:34+00:00","dateModified":"2026-04-18T14:06:38+00:00","mainEntityOfPage":{"@id":"https:\/\/ubirataonline.com.br\/the-history-of-earth-day-and-why-it-still-matters\/"},"wordCount":2001,"publisher":{"@id":"https:\/\/ubirataonline.com.br\/#organization"},"image":{"@id":"https:\/\/ubirataonline.com.br\/the-history-of-earth-day-and-why-it-still-matters\/#primaryimage"},"thumbnailUrl":"https:\/\/ubirataonline.com.br\/wp-content\/uploads\/2026\/04\/The-History-of-Earth-Day\u2014and-Why-It-Still-Matters.jpg","keywords":["Dayand","Earth","history","matters"],"articleSection":["Ubirat\u00e3"],"inLanguage":"en-US","copyrightYear":"2026","copyrightHolder":{"@id":"https:\/\/ubirataonline.com.br\/en\/#organization"}},{"@type":"WebPage","@id":"https:\/\/ubirataonline.com.br\/the-history-of-earth-day-and-why-it-still-matters\/","url":"https:\/\/ubirataonline.com.br\/the-history-of-earth-day-and-why-it-still-matters\/","name":"The History of Earth Day\u2014and Why It Still Matters - Ubirat\u00e3 Online Not\u00edcias - A realidade ao seu alcance!","isPartOf":{"@id":"https:\/\/ubirataonline.com.br\/#website"},"primaryImageOfPage":{"@id":"https:\/\/ubirataonline.com.br\/the-history-of-earth-day-and-why-it-still-matters\/#primaryimage"},"image":{"@id":"https:\/\/ubirataonline.com.br\/the-history-of-earth-day-and-why-it-still-matters\/#primaryimage"},"thumbnailUrl":"https:\/\/ubirataonline.com.br\/wp-content\/uploads\/2026\/04\/The-History-of-Earth-Day\u2014and-Why-It-Still-Matters.jpg","datePublished":"2026-04-18T14:06:34+00:00","dateModified":"2026-04-18T14:06:38+00:00","description":"From our collaborating partner Living on Earth, public radio\u2019s environmental news magazine, an interview by host Steve Curwood with environmental","breadcrumb":{"@id":"https:\/\/ubirataonline.com.br\/the-history-of-earth-day-and-why-it-still-matters\/#breadcrumb"},"inLanguage":"en-US","potentialAction":[{"@type":"ReadAction","target":["https:\/\/ubirataonline.com.br\/the-history-of-earth-day-and-why-it-still-matters\/"]}]},{"@type":"ImageObject","inLanguage":"en-US","@id":"https:\/\/ubirataonline.com.br\/the-history-of-earth-day-and-why-it-still-matters\/#primaryimage","url":"https:\/\/ubirataonline.com.br\/wp-content\/uploads\/2026\/04\/The-History-of-Earth-Day\u2014and-Why-It-Still-Matters.jpg","contentUrl":"https:\/\/ubirataonline.com.br\/wp-content\/uploads\/2026\/04\/The-History-of-Earth-Day\u2014and-Why-It-Still-Matters.jpg","width":1249,"height":832,"caption":"People gather for the first Earth Day event in Philadelphia on April 22, 1970. Credit: Jack Rosen\/Getty Images"},{"@type":"BreadcrumbList","@id":"https:\/\/ubirataonline.com.br\/the-history-of-earth-day-and-why-it-still-matters\/#breadcrumb","itemListElement":[{"@type":"ListItem","position":1,"name":"In\u00edcio","item":"https:\/\/ubirataonline.com.br\/"},{"@type":"ListItem","position":2,"name":"The History of Earth Day\u2014and Why It Still Matters"}]},{"@type":"WebSite","@id":"https:\/\/ubirataonline.com.br\/#website","url":"https:\/\/ubirataonline.com.br\/","name":"Ubirat\u00e3 Online Not\u00edcias","description":"Not\u00edcias de Ubirat\u00e3, regi\u00e3o, Brasil e mundo, com informa\u00e7\u00e3o atualizada e compromisso com o leitor.","publisher":{"@id":"https:\/\/ubirataonline.com.br\/#organization"},"alternateName":"Ubirat\u00e3 Online","potentialAction":[{"@type":"SearchAction","target":{"@type":"EntryPoint","urlTemplate":"https:\/\/ubirataonline.com.br\/?s={search_term_string}"},"query-input":{"@type":"PropertyValueSpecification","valueRequired":true,"valueName":"search_term_string"}}],"inLanguage":"en-US"},{"@type":["Organization","Place"],"@id":"https:\/\/ubirataonline.com.br\/#organization","name":"Ubirat\u00e3 Online Not\u00edcias","alternateName":"Ubirat\u00e3 Online","url":"https:\/\/ubirataonline.com.br\/","logo":{"@id":"https:\/\/ubirataonline.com.br\/the-history-of-earth-day-and-why-it-still-matters\/#local-main-organization-logo"},"image":{"@id":"https:\/\/ubirataonline.com.br\/the-history-of-earth-day-and-why-it-still-matters\/#local-main-organization-logo"},"sameAs":["https:\/\/www.facebook.com\/portalubirataonline","https:\/\/x.com\/ubirataonline","https:\/\/mastodon.social\/@ubirataonline","https:\/\/www.facebook.com\/groups\/311144672285604","https:\/\/www.facebook.com\/UBTAOnline","https:\/\/www.instagram.com\/portalubirataonline\/","https:\/\/twitter.com\/ubirataonline"],"description":"Somos um portal de not\u00edcias independente, criado em 5 de janeiro de 2009, com o objetivo de informar, conectar e valorizar a nossa comunidade de Ubirat\u00e3 e toda aregi\u00e3o. Com conte\u00fado atualizado, confi\u00e1vel e relevante, o Ubirat\u00e3 Online \u00e9 o seu espa\u00e7o para ficar por dentro dos principais acontecimentos locais, regionais, Brasil, Mundo e de interesse geral. Nosso compromisso \u00e9 com a verdade, a transpar\u00eancia e o respeito ao leitor.","legalName":"UBIRATA ONLINE NOT\u00cdCIAS","foundingDate":"2009-01-05","numberOfEmployees":{"@type":"QuantitativeValue","minValue":"1","maxValue":"10"},"publishingPrinciples":"https:\/\/ubirataonline.com.br\/faq\/","address":{"@id":"https:\/\/ubirataonline.com.br\/the-history-of-earth-day-and-why-it-still-matters\/#local-main-place-address"},"geo":{"@type":"GeoCoordinates","latitude":"-24.5361401","longitude":"-52.9921776"},"telephone":["+5544998308235"],"contactPoint":{"@type":"ContactPoint","email":"contato@ubirataonline.com.br"},"openingHoursSpecification":{"@type":"OpeningHoursSpecification","dayOfWeek":["Monday","Tuesday","Wednesday","Thursday","Friday","Saturday","Sunday"],"opens":"00:00","closes":"23:59"},"email":"contato@ubirataonline.com.br","vatID":"47.621.418\/0001-80"},{"@type":"Person","@id":"https:\/\/ubirataonline.com.br\/#\/schema\/person\/372f87bbd3fdd79b8556b84c98d0bc1c","name":"REDA\u00c7\u00c3O: UBIRAT\u00c3 ONLINE - F\u00c1BIO AUGUSTO CELESTINO","pronouns":"Ele","description":"Desde 2003 trabalhando com not\u00edcias.","sameAs":["http:\/\/ubirataoline.com.br","https:\/\/www.facebook.com\/portalubirataonline","https:\/\/www.instagram.com\/ubirataonline_oficial","https:\/\/x.com\/x.com\/ubirataonline"],"honorificPrefix":"Mr.","honorificSuffix":"MD","birthDate":"1980-06-16","gender":"masculino","award":["V\u00e1rios pr\u00eamios de melhor portal da cidade"],"jobTitle":"Diretor","url":"https:\/\/ubirataonline.com.br\/en\/author\/ubirataonline\/"},{"@type":"PostalAddress","@id":"https:\/\/ubirataonline.com.br\/the-history-of-earth-day-and-why-it-still-matters\/#local-main-place-address","streetAddress":"Rua dos Coqueiros, 104 - Bairro Boa Vista, Rua dos Coqueiros, 104 Bairro Boa Vista","addressLocality":"UBIRATA","postalCode":"85440-000","addressRegion":"PR","addressCountry":"BR"},{"@type":"ImageObject","inLanguage":"en-US","@id":"https:\/\/ubirataonline.com.br\/the-history-of-earth-day-and-why-it-still-matters\/#local-main-organization-logo","url":"https:\/\/ubirataonline.com.br\/wp-content\/uploads\/2026\/06\/logoubirataonline-1.webp","contentUrl":"https:\/\/ubirataonline.com.br\/wp-content\/uploads\/2026\/06\/logoubirataonline-1.webp","width":500,"height":500,"caption":"Ubirat\u00e3 Online Not\u00edcias"}]},"geo.placename":"UBIRATA","geo.position":{"lat":"-24.5361401","long":"-52.9921776"},"geo.region":"Brazil"},"_links":{"self":[{"href":"https:\/\/ubirataonline.com.br\/en\/wp-json\/wp\/v2\/posts\/110935","targetHints":{"allow":["GET"]}}],"collection":[{"href":"https:\/\/ubirataonline.com.br\/en\/wp-json\/wp\/v2\/posts"}],"about":[{"href":"https:\/\/ubirataonline.com.br\/en\/wp-json\/wp\/v2\/types\/post"}],"author":[{"embeddable":true,"href":"https:\/\/ubirataonline.com.br\/en\/wp-json\/wp\/v2\/users\/1"}],"replies":[{"embeddable":true,"href":"https:\/\/ubirataonline.com.br\/en\/wp-json\/wp\/v2\/comments?post=110935"}],"version-history":[{"count":0,"href":"https:\/\/ubirataonline.com.br\/en\/wp-json\/wp\/v2\/posts\/110935\/revisions"}],"wp:featuredmedia":[{"embeddable":true,"href":"https:\/\/ubirataonline.com.br\/en\/wp-json\/wp\/v2\/media\/110936"}],"wp:attachment":[{"href":"https:\/\/ubirataonline.com.br\/en\/wp-json\/wp\/v2\/media?parent=110935"}],"wp:term":[{"taxonomy":"category","embeddable":true,"href":"https:\/\/ubirataonline.com.br\/en\/wp-json\/wp\/v2\/categories?post=110935"},{"taxonomy":"post_tag","embeddable":true,"href":"https:\/\/ubirataonline.com.br\/en\/wp-json\/wp\/v2\/tags?post=110935"}],"curies":[{"name":"wp","href":"https:\/\/api.w.org\/{rel}","templated":true}]}}