{"id":111033,"date":"2026-04-18T13:35:52","date_gmt":"2026-04-18T16:35:52","guid":{"rendered":"https:\/\/ubirataonline.com.br\/galatasarayda-dev-telefon-trafigi-muslera-ve-mertens-devrede\/"},"modified":"2026-04-18T13:35:56","modified_gmt":"2026-04-18T16:35:56","slug":"galatasarayda-dev-telefon-trafigi-muslera-ve-mertens-devrede","status":"publish","type":"post","link":"https:\/\/ubirataonline.com.br\/en\/galatasarayda-dev-telefon-trafigi-muslera-ve-mertens-devrede\/","title":{"rendered":"Galatasaray&#8217;da dev telefon trafi\u011fi! Muslera ve Mertens devrede"},"content":{"rendered":"<p><br \/>\n<\/p>\n<div id=\"contextual\">\n<div class=\"detail-content-inner \">\n<p><a href=\"https:\/\/www.mynet.com\/spor\/galatasaray\" style=\"color:#ff0000\">Galatasaray<\/a>&#8216;\u0131n eski tecr\u00fcbeli liderleri <a href=\"https:\/\/www.mynet.com\/haberler\/fernando-muslera\" style=\"color:#ff0000\">Fernando Muslera<\/a> ve <a href=\"https:\/\/www.mynet.com\/haberler\/dries-mertens\" style=\"color:#ff0000\">Dries Mertens<\/a>, <a href=\"https:\/\/www.mynet.com\/haberler\/sampiyonluk\" style=\"color:#ff0000\">\u015fampiyonluk<\/a> yolundaki kritik Gen\u00e7lerbirli\u011fi ma\u00e7\u0131 \u00f6ncesi camiay\u0131 kenetlemek i\u00e7in harekete ge\u00e7ti. Sabah gazetesinde yer alan habere g\u00f6re; iki y\u0131ld\u0131z isim, sar\u0131-k\u0131rm\u0131z\u0131l\u0131 formay\u0131 daha \u00f6nce terletmi\u015f eski tak\u0131m arkada\u015flar\u0131n\u0131 arayarak hem vefa \u00f6rne\u011fi sergiledi hem de \u015fampiyonluk motivasyonunu tazeledi.<\/p>\n<h2>FLORYA\u2019DA &#8220;\u015eAMP\u0130YONLUK&#8221; TELEFON TRAF\u0130\u011e\u0130<\/h2>\n<\/p>\n<p>Sabah gazetesinin haberine g\u00f6re; Liderlik koltu\u011funu sa\u011flamla\u015ft\u0131rmak ve Fenerbah\u00e7e\u2019nin puan kaybetti\u011fi haftada fark\u0131 a\u00e7mak isteyen Galatasaray\u2019da, eski kaptan Muslera ve eski saha i\u00e7i lider Mertens kollar\u0131 s\u0131vad\u0131. \u0130kilinin, \u015fu an farkl\u0131 kul\u00fcplerde forma giyen ancak Galatasaray aidiyeti y\u00fcksek olan eski dostlar\u0131yla g\u00f6r\u00fc\u015ferek kul\u00fcpteki atmosferi ve \u015fampiyonlu\u011fa olan inan\u00e7lar\u0131n\u0131 payla\u015ft\u0131klar\u0131 \u00f6\u011frenildi.<\/p>\n<h2>MORAL DEPOLADILAR<\/h2>\n<p><img src=\"https:\/\/imgrosetta.mynet.com.tr\/file\/24263833\/1200xauto.jpg\" alt=\"Galatasaray da dev telefon trafi\u011fi! Muslera ve Mertens devrede 2\" class=\"in-text-image\" width=\"1200\" loading=\"lazy\" decoding=\"async\"\/><\/p>\n<p>\n<iframe src=\"https:\/\/finans.mynet.com\/mymani\/widget-form\/\" loading=\"lazy\" width=\"100%\" height=\"250\" style=\"overflow: hidden; border: none;\" frameborder=\"0\"><\/iframe>\n<\/p>\n<p>Yap\u0131lan bu g\u00f6r\u00fc\u015fmelerin sadece birer s\u0131radan g\u00f6r\u00fc\u015fme de\u011fil, ayn\u0131 zamanda zorlu fikst\u00fcr \u00f6ncesi moral depolama amac\u0131 ta\u015f\u0131d\u0131\u011f\u0131 belirtiliyor. Muslera ve Mertens&#8217;in t\u00fcm tak\u0131ma ba\u015far\u0131 dileklerini ilettikleri ve &#8220;Kalbimiz sizinle&#8221; mesaj\u0131 g\u00f6nderdikleri ifade edildi.<\/p>\n<h2>&#8220;VEFA&#8221; VE &#8220;\u0130NAN\u00c7&#8221; B\u0130R ARADA<\/h2>\n<p><img src=\"https:\/\/imgrosetta.mynet.com.tr\/file\/24263836\/1200xauto.jpg\" alt=\"Galatasaray da dev telefon trafi\u011fi! Muslera ve Mertens devrede 3\" class=\"in-text-image\" width=\"1200\" loading=\"lazy\" decoding=\"async\"\/><\/p>\n<p>Galatasaray teknik heyetinin de takdirle kar\u015f\u0131lad\u0131\u011f\u0131 bu hamle, Florya\u2019daki aile ortam\u0131n\u0131n ne kadar g\u00fc\u00e7l\u00fc oldu\u011funu bir kez daha kan\u0131tlad\u0131. Muslera ve Mertens\u2019in bu liderlik ad\u0131m\u0131, gen\u00e7 oyuncular \u00fczerinde de b\u00fcy\u00fck bir motivasyon kayna\u011f\u0131 olu\u015ftururken; taraftarlar sosyal medyada bu birlikteli\u011fi &#8220;Ger\u00e7ek Galatasaray ruhu&#8221; olarak nitelendirdi.<\/p>\n<div class=\"content-banner-div\"><a class=\"content-banner-url\" href=\"https:\/\/myn.tc\/u\" target=\"_blank\" rel=\"nofollow\"><\/p>\n<h3 class=\"content-banner-title\" style=\"color:#000;text-align:left;margin:0 0 4px 0;    padding: 0;\">GEN\u00c7LERB\u0130RL\u0130\u011e\u0130 &amp; GALATASARAY &#8211; HEMEN OYNA<\/h3>\n<p><img style=\"width:100%;height:auto\" class=\"content-banner-img\" alt=\"GEN\u00c7LERB\u0130RL\u0130\u011e\u0130 &amp; GALATASARAY - HEMEN OYNA\" src=\"https:\/\/imgrosetta.mynet.com.tr\/file\/24235684\/24235684-1200xauto.png\" width=\"1200\" loading=\"lazy\" decoding=\"async\"\/><\/a><\/div>\n<div class=\"ng-other-news-container spor\" data-section-name=\"haber-detay-ilginizi-cekebilir\">\n<h5 class=\"ng-other-news-container-title\">\u0130LG\u0130N\u0130Z\u0130 \u00c7EKEB\u0130L\u0130R<\/h5>\n<\/div>\n<\/div>\n<\/div>\n<p><script>\n! function(f, b, e, v, n, t, s) {\nif (f.fbq) return;\nn = f.fbq = function() {\nn.callMethod ? n.callMethod.apply(n, arguments) : n.queue.push(arguments)\n};\nif (!f._fbq) f._fbq = n;\nn.push = n;\nn.loaded = !0;\nn.version = '2.0';\nn.queue = [];\nt = b.createElement(e);\nt.async = !0;\nt.src = v;\ns = b.getElementsByTagName(e)[0];\ns.parentNode.insertBefore(t, s)\n}(window, document, 'script', 'https:\/\/connect.facebook.net\/en_US\/fbevents.js');\nfbq('init', '3357132114429201');\nfbq('track', 'PageView');\n<\/script><br \/>\n<br \/><br \/>\n<br \/><a href=\"https:\/\/www.mynet.com\/galatasaray-da-dev-telefon-trafigi-muslera-ve-mertens-devrede-499644-myspor\">Source link <\/a><\/p>\n","protected":false},"excerpt":{"rendered":"<p>Galatasaray&#8216;\u0131n eski tecr\u00fcbeli liderleri Fernando Muslera ve Dries Mertens, \u015fampiyonluk yolundaki kritik Gen\u00e7lerbirli\u011fi ma\u00e7\u0131 \u00f6ncesi camiay\u0131 kenetlemek i\u00e7in harekete ge\u00e7ti. Sabah gazetesinde yer alan habere g\u00f6re; iki y\u0131ld\u0131z isim, sar\u0131-k\u0131rm\u0131z\u0131l\u0131 formay\u0131 daha \u00f6nce terletmi\u015f eski tak\u0131m arkada\u015flar\u0131n\u0131 arayarak hem vefa \u00f6rne\u011fi sergiledi hem de \u015fampiyonluk motivasyonunu tazeledi. FLORYA\u2019DA &#8220;\u015eAMP\u0130YONLUK&#8221; TELEFON TRAF\u0130\u011e\u0130 Sabah gazetesinin haberine g\u00f6re; [&hellip;]<\/p>\n","protected":false},"author":1,"featured_media":111034,"comment_status":"closed","ping_status":"","sticky":false,"template":"","format":"standard","meta":{"googlesitekit_rrm_CAow2JLhCw:productID":"","_gspb_post_css":"","maa_idioma":"","maa_pais":"","footnotes":""},"categories":[1],"tags":[7110,29648,15590,18897,29647,29645,29646],"class_list":["post-111033","post","type-post","status-publish","format-standard","has-post-thumbnail","hentry","category-ubirata","tag-dev","tag-devrede","tag-galatasarayda","tag-mertens","tag-muslera","tag-telefon","tag-trafigi"],"blocksy_meta":[],"yoast_head":"<!-- This site is optimized with the Yoast SEO Premium plugin v27.6 (Yoast SEO v27.6) - https:\/\/yoast.com\/product\/yoast-seo-premium-wordpress\/ -->\n<title>Galatasaray&#039;da dev telefon trafi\u011fi! Muslera ve Mertens devrede - Ubirat\u00e3 Online Not\u00edcias - A realidade ao seu alcance!<\/title>\n<meta name=\"description\" content=\"Galatasaray&#039;\u0131n eski tecr\u00fcbeli liderleri Fernando Muslera ve Dries Mertens, \u015fampiyonluk yolundaki kritik Gen\u00e7lerbirli\u011fi ma\u00e7\u0131 \u00f6ncesi camiay\u0131 kenetlemek i\u00e7in\" \/>\n<meta name=\"robots\" content=\"index, follow, max-snippet:-1, max-image-preview:large, max-video-preview:-1\" \/>\n<link rel=\"canonical\" href=\"https:\/\/ubirataonline.com.br\/en\/galatasarayda-dev-telefon-trafigi-muslera-ve-mertens-devrede\/\" \/>\n<meta property=\"og:locale\" content=\"en_US\" \/>\n<meta property=\"og:type\" content=\"article\" \/>\n<meta property=\"og:title\" content=\"Galatasaray&#039;da dev telefon trafi\u011fi! Muslera ve Mertens devrede\" \/>\n<meta property=\"og:description\" content=\"Galatasaray&#039;\u0131n eski tecr\u00fcbeli liderleri Fernando Muslera ve Dries Mertens, \u015fampiyonluk yolundaki kritik Gen\u00e7lerbirli\u011fi ma\u00e7\u0131 \u00f6ncesi camiay\u0131 kenetlemek i\u00e7in\" \/>\n<meta property=\"og:url\" content=\"https:\/\/ubirataonline.com.br\/en\/galatasarayda-dev-telefon-trafigi-muslera-ve-mertens-devrede\/\" \/>\n<meta property=\"og:site_name\" content=\"Ubirat\u00e3 Online Not\u00edcias - A realidade ao seu alcance!\" \/>\n<meta property=\"article:publisher\" content=\"https:\/\/www.facebook.com\/portalubirataonline\" \/>\n<meta property=\"article:author\" content=\"https:\/\/www.facebook.com\/portalubirataonline\" \/>\n<meta property=\"article:published_time\" content=\"2026-04-18T16:35:52+00:00\" \/>\n<meta property=\"article:modified_time\" content=\"2026-04-18T16:35:56+00:00\" \/>\n<meta property=\"og:image\" content=\"https:\/\/ubirataonline.com.br\/wp-content\/uploads\/2026\/04\/Galatasarayda-dev-telefon-trafigi-Muslera-ve-Mertens-devrede.jpg\" \/>\n\t<meta property=\"og:image:width\" content=\"1200\" \/>\n\t<meta property=\"og:image:height\" content=\"675\" \/>\n\t<meta property=\"og:image:type\" content=\"image\/jpeg\" \/>\n<meta name=\"author\" content=\"REDA\u00c7\u00c3O: UBIRAT\u00c3 ONLINE - F\u00c1BIO AUGUSTO CELESTINO\" \/>\n<meta name=\"twitter:card\" content=\"summary_large_image\" \/>\n<meta name=\"twitter:creator\" content=\"@x.com\/ubirataonline\" \/>\n<meta name=\"twitter:site\" content=\"@ubirataonline\" \/>\n<meta name=\"twitter:label1\" content=\"Written by\" \/>\n\t<meta name=\"twitter:data1\" content=\"REDA\u00c7\u00c3O: UBIRAT\u00c3 ONLINE - F\u00c1BIO AUGUSTO CELESTINO\" \/>\n\t<meta name=\"twitter:label2\" content=\"Est. reading time\" \/>\n\t<meta name=\"twitter:data2\" content=\"1 minute\" \/>\n<script type=\"application\/ld+json\" class=\"yoast-schema-graph\">{\"@context\":\"https:\\\/\\\/schema.org\",\"@graph\":[{\"@type\":\"NewsArticle\",\"@id\":\"https:\\\/\\\/ubirataonline.com.br\\\/galatasarayda-dev-telefon-trafigi-muslera-ve-mertens-devrede\\\/#article\",\"isPartOf\":{\"@id\":\"https:\\\/\\\/ubirataonline.com.br\\\/galatasarayda-dev-telefon-trafigi-muslera-ve-mertens-devrede\\\/\"},\"author\":{\"name\":\"REDA\u00c7\u00c3O: UBIRAT\u00c3 ONLINE - F\u00c1BIO AUGUSTO CELESTINO\",\"@id\":\"https:\\\/\\\/ubirataonline.com.br\\\/#\\\/schema\\\/person\\\/372f87bbd3fdd79b8556b84c98d0bc1c\"},\"headline\":\"Galatasaray&#8217;da dev telefon trafi\u011fi! Muslera ve Mertens devrede\",\"datePublished\":\"2026-04-18T16:35:52+00:00\",\"dateModified\":\"2026-04-18T16:35:56+00:00\",\"mainEntityOfPage\":{\"@id\":\"https:\\\/\\\/ubirataonline.com.br\\\/galatasarayda-dev-telefon-trafigi-muslera-ve-mertens-devrede\\\/\"},\"wordCount\":284,\"publisher\":{\"@id\":\"https:\\\/\\\/ubirataonline.com.br\\\/#organization\"},\"image\":{\"@id\":\"https:\\\/\\\/ubirataonline.com.br\\\/galatasarayda-dev-telefon-trafigi-muslera-ve-mertens-devrede\\\/#primaryimage\"},\"thumbnailUrl\":\"https:\\\/\\\/ubirataonline.com.br\\\/wp-content\\\/uploads\\\/2026\\\/04\\\/Galatasarayda-dev-telefon-trafigi-Muslera-ve-Mertens-devrede.jpg\",\"keywords\":[\"dev\",\"devrede\",\"Galatasarayda\",\"Mertens\",\"Muslera\",\"telefon\",\"trafi\u011fi\"],\"articleSection\":[\"Ubirat\u00e3\"],\"inLanguage\":\"en-US\",\"copyrightYear\":\"2026\",\"copyrightHolder\":{\"@id\":\"https:\\\/\\\/ubirataonline.com.br\\\/en\\\/#organization\"}},{\"@type\":\"WebPage\",\"@id\":\"https:\\\/\\\/ubirataonline.com.br\\\/galatasarayda-dev-telefon-trafigi-muslera-ve-mertens-devrede\\\/\",\"url\":\"https:\\\/\\\/ubirataonline.com.br\\\/galatasarayda-dev-telefon-trafigi-muslera-ve-mertens-devrede\\\/\",\"name\":\"Galatasaray'da dev telefon trafi\u011fi! Muslera ve Mertens devrede - Ubirat\u00e3 Online Not\u00edcias - A realidade ao seu alcance!\",\"isPartOf\":{\"@id\":\"https:\\\/\\\/ubirataonline.com.br\\\/#website\"},\"primaryImageOfPage\":{\"@id\":\"https:\\\/\\\/ubirataonline.com.br\\\/galatasarayda-dev-telefon-trafigi-muslera-ve-mertens-devrede\\\/#primaryimage\"},\"image\":{\"@id\":\"https:\\\/\\\/ubirataonline.com.br\\\/galatasarayda-dev-telefon-trafigi-muslera-ve-mertens-devrede\\\/#primaryimage\"},\"thumbnailUrl\":\"https:\\\/\\\/ubirataonline.com.br\\\/wp-content\\\/uploads\\\/2026\\\/04\\\/Galatasarayda-dev-telefon-trafigi-Muslera-ve-Mertens-devrede.jpg\",\"datePublished\":\"2026-04-18T16:35:52+00:00\",\"dateModified\":\"2026-04-18T16:35:56+00:00\",\"description\":\"Galatasaray'\u0131n eski tecr\u00fcbeli liderleri Fernando Muslera ve Dries Mertens, \u015fampiyonluk yolundaki kritik Gen\u00e7lerbirli\u011fi ma\u00e7\u0131 \u00f6ncesi camiay\u0131 kenetlemek i\u00e7in\",\"breadcrumb\":{\"@id\":\"https:\\\/\\\/ubirataonline.com.br\\\/galatasarayda-dev-telefon-trafigi-muslera-ve-mertens-devrede\\\/#breadcrumb\"},\"inLanguage\":\"en-US\",\"potentialAction\":[{\"@type\":\"ReadAction\",\"target\":[\"https:\\\/\\\/ubirataonline.com.br\\\/galatasarayda-dev-telefon-trafigi-muslera-ve-mertens-devrede\\\/\"]}]},{\"@type\":\"ImageObject\",\"inLanguage\":\"en-US\",\"@id\":\"https:\\\/\\\/ubirataonline.com.br\\\/galatasarayda-dev-telefon-trafigi-muslera-ve-mertens-devrede\\\/#primaryimage\",\"url\":\"https:\\\/\\\/ubirataonline.com.br\\\/wp-content\\\/uploads\\\/2026\\\/04\\\/Galatasarayda-dev-telefon-trafigi-Muslera-ve-Mertens-devrede.jpg\",\"contentUrl\":\"https:\\\/\\\/ubirataonline.com.br\\\/wp-content\\\/uploads\\\/2026\\\/04\\\/Galatasarayda-dev-telefon-trafigi-Muslera-ve-Mertens-devrede.jpg\",\"width\":1200,\"height\":675,\"caption\":\"Galatasaray'da dev telefon trafi\u011fi! Muslera ve Mertens devrede\"},{\"@type\":\"BreadcrumbList\",\"@id\":\"https:\\\/\\\/ubirataonline.com.br\\\/galatasarayda-dev-telefon-trafigi-muslera-ve-mertens-devrede\\\/#breadcrumb\",\"itemListElement\":[{\"@type\":\"ListItem\",\"position\":1,\"name\":\"In\u00edcio\",\"item\":\"https:\\\/\\\/ubirataonline.com.br\\\/\"},{\"@type\":\"ListItem\",\"position\":2,\"name\":\"Galatasaray&#8217;da dev telefon trafi\u011fi! Muslera ve Mertens devrede\"}]},{\"@type\":\"WebSite\",\"@id\":\"https:\\\/\\\/ubirataonline.com.br\\\/#website\",\"url\":\"https:\\\/\\\/ubirataonline.com.br\\\/\",\"name\":\"Ubirat\u00e3 Online Not\u00edcias\",\"description\":\"Not\u00edcias de Ubirat\u00e3, regi\u00e3o, Brasil e mundo, com informa\u00e7\u00e3o atualizada e compromisso com o leitor.\",\"publisher\":{\"@id\":\"https:\\\/\\\/ubirataonline.com.br\\\/#organization\"},\"alternateName\":\"Ubirat\u00e3 Online\",\"potentialAction\":[{\"@type\":\"SearchAction\",\"target\":{\"@type\":\"EntryPoint\",\"urlTemplate\":\"https:\\\/\\\/ubirataonline.com.br\\\/?s={search_term_string}\"},\"query-input\":{\"@type\":\"PropertyValueSpecification\",\"valueRequired\":true,\"valueName\":\"search_term_string\"}}],\"inLanguage\":\"en-US\"},{\"@type\":[\"Organization\",\"Place\"],\"@id\":\"https:\\\/\\\/ubirataonline.com.br\\\/#organization\",\"name\":\"Ubirat\u00e3 Online Not\u00edcias\",\"alternateName\":\"Ubirat\u00e3 Online\",\"url\":\"https:\\\/\\\/ubirataonline.com.br\\\/\",\"logo\":{\"@id\":\"https:\\\/\\\/ubirataonline.com.br\\\/galatasarayda-dev-telefon-trafigi-muslera-ve-mertens-devrede\\\/#local-main-organization-logo\"},\"image\":{\"@id\":\"https:\\\/\\\/ubirataonline.com.br\\\/galatasarayda-dev-telefon-trafigi-muslera-ve-mertens-devrede\\\/#local-main-organization-logo\"},\"sameAs\":[\"https:\\\/\\\/www.facebook.com\\\/portalubirataonline\",\"https:\\\/\\\/x.com\\\/ubirataonline\",\"https:\\\/\\\/mastodon.social\\\/@ubirataonline\",\"https:\\\/\\\/www.facebook.com\\\/groups\\\/311144672285604\",\"https:\\\/\\\/www.facebook.com\\\/UBTAOnline\",\"https:\\\/\\\/www.instagram.com\\\/portalubirataonline\\\/\",\"https:\\\/\\\/twitter.com\\\/ubirataonline\"],\"description\":\"Somos um portal de not\u00edcias independente, criado em 5 de janeiro de 2009, com o objetivo de informar, conectar e valorizar a nossa comunidade de Ubirat\u00e3 e toda aregi\u00e3o. Com conte\u00fado atualizado, confi\u00e1vel e relevante, o Ubirat\u00e3 Online \u00e9 o seu espa\u00e7o para ficar por dentro dos principais acontecimentos locais, regionais, Brasil, Mundo e de interesse geral. Nosso compromisso \u00e9 com a verdade, a transpar\u00eancia e o respeito ao leitor.\",\"legalName\":\"UBIRATA ONLINE NOT\u00cdCIAS\",\"foundingDate\":\"2009-01-05\",\"numberOfEmployees\":{\"@type\":\"QuantitativeValue\",\"minValue\":\"1\",\"maxValue\":\"10\"},\"publishingPrinciples\":\"https:\\\/\\\/ubirataonline.com.br\\\/faq\\\/\",\"address\":{\"@id\":\"https:\\\/\\\/ubirataonline.com.br\\\/galatasarayda-dev-telefon-trafigi-muslera-ve-mertens-devrede\\\/#local-main-place-address\"},\"geo\":{\"@type\":\"GeoCoordinates\",\"latitude\":\"-24.5361401\",\"longitude\":\"-52.9921776\"},\"telephone\":[\"+5544998308235\"],\"contactPoint\":{\"@type\":\"ContactPoint\",\"email\":\"contato@ubirataonline.com.br\"},\"openingHoursSpecification\":{\"@type\":\"OpeningHoursSpecification\",\"dayOfWeek\":[\"Monday\",\"Tuesday\",\"Wednesday\",\"Thursday\",\"Friday\",\"Saturday\",\"Sunday\"],\"opens\":\"00:00\",\"closes\":\"23:59\"},\"email\":\"contato@ubirataonline.com.br\",\"vatID\":\"47.621.418\\\/0001-80\"},{\"@type\":\"Person\",\"@id\":\"https:\\\/\\\/ubirataonline.com.br\\\/#\\\/schema\\\/person\\\/372f87bbd3fdd79b8556b84c98d0bc1c\",\"name\":\"REDA\u00c7\u00c3O: UBIRAT\u00c3 ONLINE - F\u00c1BIO AUGUSTO CELESTINO\",\"pronouns\":\"Ele\",\"description\":\"Desde 2003 trabalhando com not\u00edcias.\",\"sameAs\":[\"http:\\\/\\\/ubirataoline.com.br\",\"https:\\\/\\\/www.facebook.com\\\/portalubirataonline\",\"https:\\\/\\\/www.instagram.com\\\/ubirataonline_oficial\",\"https:\\\/\\\/x.com\\\/x.com\\\/ubirataonline\"],\"honorificPrefix\":\"Mr.\",\"honorificSuffix\":\"MD\",\"birthDate\":\"1980-06-16\",\"gender\":\"masculino\",\"award\":[\"V\u00e1rios pr\u00eamios de melhor portal da cidade\"],\"jobTitle\":\"Diretor\",\"url\":\"https:\\\/\\\/ubirataonline.com.br\\\/en\\\/author\\\/ubirataonline\\\/\"},{\"@type\":\"PostalAddress\",\"@id\":\"https:\\\/\\\/ubirataonline.com.br\\\/galatasarayda-dev-telefon-trafigi-muslera-ve-mertens-devrede\\\/#local-main-place-address\",\"streetAddress\":\"Rua dos Coqueiros, 104 - Bairro Boa Vista, Rua dos Coqueiros, 104 Bairro Boa Vista\",\"addressLocality\":\"UBIRATA\",\"postalCode\":\"85440-000\",\"addressRegion\":\"PR\",\"addressCountry\":\"BR\"},{\"@type\":\"ImageObject\",\"inLanguage\":\"en-US\",\"@id\":\"https:\\\/\\\/ubirataonline.com.br\\\/galatasarayda-dev-telefon-trafigi-muslera-ve-mertens-devrede\\\/#local-main-organization-logo\",\"url\":\"https:\\\/\\\/ubirataonline.com.br\\\/wp-content\\\/uploads\\\/2026\\\/06\\\/logoubirataonline-1.webp\",\"contentUrl\":\"https:\\\/\\\/ubirataonline.com.br\\\/wp-content\\\/uploads\\\/2026\\\/06\\\/logoubirataonline-1.webp\",\"width\":500,\"height\":500,\"caption\":\"Ubirat\u00e3 Online Not\u00edcias\"}]}<\/script>\n<meta name=\"geo.placename\" content=\"UBIRATA\" \/>\n<meta name=\"geo.position\" content=\"-24.5361401;-52.9921776\" \/>\n<meta name=\"geo.region\" content=\"Brazil\" \/>\n<!-- \/ Yoast SEO Premium plugin. -->","yoast_head_json":{"title":"Galatasaray'da dev telefon trafi\u011fi! Muslera ve Mertens devrede - Ubirat\u00e3 Online Not\u00edcias - A realidade ao seu alcance!","description":"Galatasaray'\u0131n eski tecr\u00fcbeli liderleri Fernando Muslera ve Dries Mertens, \u015fampiyonluk yolundaki kritik Gen\u00e7lerbirli\u011fi ma\u00e7\u0131 \u00f6ncesi camiay\u0131 kenetlemek i\u00e7in","robots":{"index":"index","follow":"follow","max-snippet":"max-snippet:-1","max-image-preview":"max-image-preview:large","max-video-preview":"max-video-preview:-1"},"canonical":"https:\/\/ubirataonline.com.br\/en\/galatasarayda-dev-telefon-trafigi-muslera-ve-mertens-devrede\/","og_locale":"en_US","og_type":"article","og_title":"Galatasaray'da dev telefon trafi\u011fi! Muslera ve Mertens devrede","og_description":"Galatasaray'\u0131n eski tecr\u00fcbeli liderleri Fernando Muslera ve Dries Mertens, \u015fampiyonluk yolundaki kritik Gen\u00e7lerbirli\u011fi ma\u00e7\u0131 \u00f6ncesi camiay\u0131 kenetlemek i\u00e7in","og_url":"https:\/\/ubirataonline.com.br\/en\/galatasarayda-dev-telefon-trafigi-muslera-ve-mertens-devrede\/","og_site_name":"Ubirat\u00e3 Online Not\u00edcias - A realidade ao seu alcance!","article_publisher":"https:\/\/www.facebook.com\/portalubirataonline","article_author":"https:\/\/www.facebook.com\/portalubirataonline","article_published_time":"2026-04-18T16:35:52+00:00","article_modified_time":"2026-04-18T16:35:56+00:00","og_image":[{"width":1200,"height":675,"url":"https:\/\/ubirataonline.com.br\/wp-content\/uploads\/2026\/04\/Galatasarayda-dev-telefon-trafigi-Muslera-ve-Mertens-devrede.jpg","type":"image\/jpeg"}],"author":"REDA\u00c7\u00c3O: UBIRAT\u00c3 ONLINE - F\u00c1BIO AUGUSTO CELESTINO","twitter_card":"summary_large_image","twitter_creator":"@x.com\/ubirataonline","twitter_site":"@ubirataonline","twitter_misc":{"Written by":"REDA\u00c7\u00c3O: UBIRAT\u00c3 ONLINE - F\u00c1BIO AUGUSTO CELESTINO","Est. reading time":"1 minute"},"schema":{"@context":"https:\/\/schema.org","@graph":[{"@type":"NewsArticle","@id":"https:\/\/ubirataonline.com.br\/galatasarayda-dev-telefon-trafigi-muslera-ve-mertens-devrede\/#article","isPartOf":{"@id":"https:\/\/ubirataonline.com.br\/galatasarayda-dev-telefon-trafigi-muslera-ve-mertens-devrede\/"},"author":{"name":"REDA\u00c7\u00c3O: UBIRAT\u00c3 ONLINE - F\u00c1BIO AUGUSTO CELESTINO","@id":"https:\/\/ubirataonline.com.br\/#\/schema\/person\/372f87bbd3fdd79b8556b84c98d0bc1c"},"headline":"Galatasaray&#8217;da dev telefon trafi\u011fi! Muslera ve Mertens devrede","datePublished":"2026-04-18T16:35:52+00:00","dateModified":"2026-04-18T16:35:56+00:00","mainEntityOfPage":{"@id":"https:\/\/ubirataonline.com.br\/galatasarayda-dev-telefon-trafigi-muslera-ve-mertens-devrede\/"},"wordCount":284,"publisher":{"@id":"https:\/\/ubirataonline.com.br\/#organization"},"image":{"@id":"https:\/\/ubirataonline.com.br\/galatasarayda-dev-telefon-trafigi-muslera-ve-mertens-devrede\/#primaryimage"},"thumbnailUrl":"https:\/\/ubirataonline.com.br\/wp-content\/uploads\/2026\/04\/Galatasarayda-dev-telefon-trafigi-Muslera-ve-Mertens-devrede.jpg","keywords":["dev","devrede","Galatasarayda","Mertens","Muslera","telefon","trafi\u011fi"],"articleSection":["Ubirat\u00e3"],"inLanguage":"en-US","copyrightYear":"2026","copyrightHolder":{"@id":"https:\/\/ubirataonline.com.br\/en\/#organization"}},{"@type":"WebPage","@id":"https:\/\/ubirataonline.com.br\/galatasarayda-dev-telefon-trafigi-muslera-ve-mertens-devrede\/","url":"https:\/\/ubirataonline.com.br\/galatasarayda-dev-telefon-trafigi-muslera-ve-mertens-devrede\/","name":"Galatasaray'da dev telefon trafi\u011fi! Muslera ve Mertens devrede - Ubirat\u00e3 Online Not\u00edcias - A realidade ao seu alcance!","isPartOf":{"@id":"https:\/\/ubirataonline.com.br\/#website"},"primaryImageOfPage":{"@id":"https:\/\/ubirataonline.com.br\/galatasarayda-dev-telefon-trafigi-muslera-ve-mertens-devrede\/#primaryimage"},"image":{"@id":"https:\/\/ubirataonline.com.br\/galatasarayda-dev-telefon-trafigi-muslera-ve-mertens-devrede\/#primaryimage"},"thumbnailUrl":"https:\/\/ubirataonline.com.br\/wp-content\/uploads\/2026\/04\/Galatasarayda-dev-telefon-trafigi-Muslera-ve-Mertens-devrede.jpg","datePublished":"2026-04-18T16:35:52+00:00","dateModified":"2026-04-18T16:35:56+00:00","description":"Galatasaray'\u0131n eski tecr\u00fcbeli liderleri Fernando Muslera ve Dries Mertens, \u015fampiyonluk yolundaki kritik Gen\u00e7lerbirli\u011fi ma\u00e7\u0131 \u00f6ncesi camiay\u0131 kenetlemek i\u00e7in","breadcrumb":{"@id":"https:\/\/ubirataonline.com.br\/galatasarayda-dev-telefon-trafigi-muslera-ve-mertens-devrede\/#breadcrumb"},"inLanguage":"en-US","potentialAction":[{"@type":"ReadAction","target":["https:\/\/ubirataonline.com.br\/galatasarayda-dev-telefon-trafigi-muslera-ve-mertens-devrede\/"]}]},{"@type":"ImageObject","inLanguage":"en-US","@id":"https:\/\/ubirataonline.com.br\/galatasarayda-dev-telefon-trafigi-muslera-ve-mertens-devrede\/#primaryimage","url":"https:\/\/ubirataonline.com.br\/wp-content\/uploads\/2026\/04\/Galatasarayda-dev-telefon-trafigi-Muslera-ve-Mertens-devrede.jpg","contentUrl":"https:\/\/ubirataonline.com.br\/wp-content\/uploads\/2026\/04\/Galatasarayda-dev-telefon-trafigi-Muslera-ve-Mertens-devrede.jpg","width":1200,"height":675,"caption":"Galatasaray'da dev telefon trafi\u011fi! Muslera ve Mertens devrede"},{"@type":"BreadcrumbList","@id":"https:\/\/ubirataonline.com.br\/galatasarayda-dev-telefon-trafigi-muslera-ve-mertens-devrede\/#breadcrumb","itemListElement":[{"@type":"ListItem","position":1,"name":"In\u00edcio","item":"https:\/\/ubirataonline.com.br\/"},{"@type":"ListItem","position":2,"name":"Galatasaray&#8217;da dev telefon trafi\u011fi! Muslera ve Mertens devrede"}]},{"@type":"WebSite","@id":"https:\/\/ubirataonline.com.br\/#website","url":"https:\/\/ubirataonline.com.br\/","name":"Ubirat\u00e3 Online Not\u00edcias","description":"Not\u00edcias de Ubirat\u00e3, regi\u00e3o, Brasil e mundo, com informa\u00e7\u00e3o atualizada e compromisso com o leitor.","publisher":{"@id":"https:\/\/ubirataonline.com.br\/#organization"},"alternateName":"Ubirat\u00e3 Online","potentialAction":[{"@type":"SearchAction","target":{"@type":"EntryPoint","urlTemplate":"https:\/\/ubirataonline.com.br\/?s={search_term_string}"},"query-input":{"@type":"PropertyValueSpecification","valueRequired":true,"valueName":"search_term_string"}}],"inLanguage":"en-US"},{"@type":["Organization","Place"],"@id":"https:\/\/ubirataonline.com.br\/#organization","name":"Ubirat\u00e3 Online Not\u00edcias","alternateName":"Ubirat\u00e3 Online","url":"https:\/\/ubirataonline.com.br\/","logo":{"@id":"https:\/\/ubirataonline.com.br\/galatasarayda-dev-telefon-trafigi-muslera-ve-mertens-devrede\/#local-main-organization-logo"},"image":{"@id":"https:\/\/ubirataonline.com.br\/galatasarayda-dev-telefon-trafigi-muslera-ve-mertens-devrede\/#local-main-organization-logo"},"sameAs":["https:\/\/www.facebook.com\/portalubirataonline","https:\/\/x.com\/ubirataonline","https:\/\/mastodon.social\/@ubirataonline","https:\/\/www.facebook.com\/groups\/311144672285604","https:\/\/www.facebook.com\/UBTAOnline","https:\/\/www.instagram.com\/portalubirataonline\/","https:\/\/twitter.com\/ubirataonline"],"description":"Somos um portal de not\u00edcias independente, criado em 5 de janeiro de 2009, com o objetivo de informar, conectar e valorizar a nossa comunidade de Ubirat\u00e3 e toda aregi\u00e3o. Com conte\u00fado atualizado, confi\u00e1vel e relevante, o Ubirat\u00e3 Online \u00e9 o seu espa\u00e7o para ficar por dentro dos principais acontecimentos locais, regionais, Brasil, Mundo e de interesse geral. Nosso compromisso \u00e9 com a verdade, a transpar\u00eancia e o respeito ao leitor.","legalName":"UBIRATA ONLINE NOT\u00cdCIAS","foundingDate":"2009-01-05","numberOfEmployees":{"@type":"QuantitativeValue","minValue":"1","maxValue":"10"},"publishingPrinciples":"https:\/\/ubirataonline.com.br\/faq\/","address":{"@id":"https:\/\/ubirataonline.com.br\/galatasarayda-dev-telefon-trafigi-muslera-ve-mertens-devrede\/#local-main-place-address"},"geo":{"@type":"GeoCoordinates","latitude":"-24.5361401","longitude":"-52.9921776"},"telephone":["+5544998308235"],"contactPoint":{"@type":"ContactPoint","email":"contato@ubirataonline.com.br"},"openingHoursSpecification":{"@type":"OpeningHoursSpecification","dayOfWeek":["Monday","Tuesday","Wednesday","Thursday","Friday","Saturday","Sunday"],"opens":"00:00","closes":"23:59"},"email":"contato@ubirataonline.com.br","vatID":"47.621.418\/0001-80"},{"@type":"Person","@id":"https:\/\/ubirataonline.com.br\/#\/schema\/person\/372f87bbd3fdd79b8556b84c98d0bc1c","name":"REDA\u00c7\u00c3O: UBIRAT\u00c3 ONLINE - F\u00c1BIO AUGUSTO CELESTINO","pronouns":"Ele","description":"Desde 2003 trabalhando com not\u00edcias.","sameAs":["http:\/\/ubirataoline.com.br","https:\/\/www.facebook.com\/portalubirataonline","https:\/\/www.instagram.com\/ubirataonline_oficial","https:\/\/x.com\/x.com\/ubirataonline"],"honorificPrefix":"Mr.","honorificSuffix":"MD","birthDate":"1980-06-16","gender":"masculino","award":["V\u00e1rios pr\u00eamios de melhor portal da cidade"],"jobTitle":"Diretor","url":"https:\/\/ubirataonline.com.br\/en\/author\/ubirataonline\/"},{"@type":"PostalAddress","@id":"https:\/\/ubirataonline.com.br\/galatasarayda-dev-telefon-trafigi-muslera-ve-mertens-devrede\/#local-main-place-address","streetAddress":"Rua dos Coqueiros, 104 - Bairro Boa Vista, Rua dos Coqueiros, 104 Bairro Boa Vista","addressLocality":"UBIRATA","postalCode":"85440-000","addressRegion":"PR","addressCountry":"BR"},{"@type":"ImageObject","inLanguage":"en-US","@id":"https:\/\/ubirataonline.com.br\/galatasarayda-dev-telefon-trafigi-muslera-ve-mertens-devrede\/#local-main-organization-logo","url":"https:\/\/ubirataonline.com.br\/wp-content\/uploads\/2026\/06\/logoubirataonline-1.webp","contentUrl":"https:\/\/ubirataonline.com.br\/wp-content\/uploads\/2026\/06\/logoubirataonline-1.webp","width":500,"height":500,"caption":"Ubirat\u00e3 Online Not\u00edcias"}]},"geo.placename":"UBIRATA","geo.position":{"lat":"-24.5361401","long":"-52.9921776"},"geo.region":"Brazil"},"_links":{"self":[{"href":"https:\/\/ubirataonline.com.br\/en\/wp-json\/wp\/v2\/posts\/111033","targetHints":{"allow":["GET"]}}],"collection":[{"href":"https:\/\/ubirataonline.com.br\/en\/wp-json\/wp\/v2\/posts"}],"about":[{"href":"https:\/\/ubirataonline.com.br\/en\/wp-json\/wp\/v2\/types\/post"}],"author":[{"embeddable":true,"href":"https:\/\/ubirataonline.com.br\/en\/wp-json\/wp\/v2\/users\/1"}],"replies":[{"embeddable":true,"href":"https:\/\/ubirataonline.com.br\/en\/wp-json\/wp\/v2\/comments?post=111033"}],"version-history":[{"count":0,"href":"https:\/\/ubirataonline.com.br\/en\/wp-json\/wp\/v2\/posts\/111033\/revisions"}],"wp:featuredmedia":[{"embeddable":true,"href":"https:\/\/ubirataonline.com.br\/en\/wp-json\/wp\/v2\/media\/111034"}],"wp:attachment":[{"href":"https:\/\/ubirataonline.com.br\/en\/wp-json\/wp\/v2\/media?parent=111033"}],"wp:term":[{"taxonomy":"category","embeddable":true,"href":"https:\/\/ubirataonline.com.br\/en\/wp-json\/wp\/v2\/categories?post=111033"},{"taxonomy":"post_tag","embeddable":true,"href":"https:\/\/ubirataonline.com.br\/en\/wp-json\/wp\/v2\/tags?post=111033"}],"curies":[{"name":"wp","href":"https:\/\/api.w.org\/{rel}","templated":true}]}}