{"id":111036,"date":"2026-04-18T13:46:42","date_gmt":"2026-04-18T16:46:42","guid":{"rendered":"https:\/\/ubirataonline.com.br\/galatasaray-genclerbirligi-maci-icin-kadro-acikladi-gbvgs-beyazbelgehaber-com-guncel-haberler\/"},"modified":"2026-04-18T13:46:42","modified_gmt":"2026-04-18T16:46:42","slug":"galatasaray-genclerbirligi-maci-icin-kadro-acikladi-gbvgs-beyazbelgehaber-com-guncel-haberler","status":"publish","type":"post","link":"https:\/\/ubirataonline.com.br\/en\/galatasaray-genclerbirligi-maci-icin-kadro-acikladi-gbvgs-beyazbelgehaber-com-guncel-haberler\/","title":{"rendered":"Galatasaray, Gen\u00e7lerbirli\u011fi Ma\u00e7\u0131 \u0130\u00e7in Kadro A\u00e7\u0131klad\u0131! GBvGS &#8211; beyazbelgehaber.com &#8211; G\u00fcncel haberler"},"content":{"rendered":"<p><\/p>\n<p>Galatasaray&#8217;\u0131n KadrosuGalatasaray Spor Kul\u00fcb\u00fc, N. D. Gen\u00e7lerbirli\u011fi kar\u015f\u0131la\u015fmas\u0131 i\u00e7in ilk 11 ve yedek oyuncular\u0131n\u0131 belirledi. Teknik direkt\u00f6r\u00fcn tercihleri do\u011frultusunda sahaya \u00e7\u0131kacak olan Galatasaray&#8230;<\/p>\n<div>\n<h3 style=\"font-size: 14pt; font-weight: bold; margin: 16px 0 8px 0; line-height: 1.4;\">Galatasaray&#8217;\u0131n Kadrosu<\/h3>\n<p style=\"font-size: 12pt; line-height: 1.6; margin: 8px 0;\">Galatasaray Spor Kul\u00fcb\u00fc, N. D. Gen\u00e7lerbirli\u011fi kar\u015f\u0131la\u015fmas\u0131 i\u00e7in ilk 11 ve yedek oyuncular\u0131n\u0131 belirledi. Teknik direkt\u00f6r\u00fcn tercihleri do\u011frultusunda sahaya \u00e7\u0131kacak olan Galatasaray kadrosu merak konusu oldu. Ma\u00e7 \u00f6ncesinde yap\u0131lan a\u00e7\u0131klamaya g\u00f6re, Galatasaray&#8217;\u0131n Gen\u00e7lerbirli\u011fi ma\u00e7\u0131ndaki kadrosu \u015fu \u015fekilde olacak:<\/p>\n<h3 style=\"font-size: 14pt; font-weight: bold; margin: 16px 0 8px 0; line-height: 1.4;\">\u0130lk 11<\/h3>\n<p style=\"font-size: 12pt; line-height: 1.6; margin: 8px 0;\">&#8211; Oyuncu 1 &#8211; Oyuncu 2 &#8211; Oyuncu 3 &#8211; Oyuncu 4 <\/p>\n<h3 style=\"font-size: 14pt; font-weight: bold; margin: 16px 0 8px 0; line-height: 1.4;\">&#8211; Oyuncu 5<\/h3>\n<h3 style=\"font-size: 14pt; font-weight: bold; margin: 16px 0 8px 0; line-height: 1.4;\">Yedekler<\/h3>\n<p style=\"font-size: 12pt; line-height: 1.6; margin: 8px 0;\">&#8211; Yedek 1 &#8211; Yedek 2 &#8211; Yedek 3 &#8211; Yedek 4 <\/p>\n<h3 style=\"font-size: 14pt; font-weight: bold; margin: 16px 0 8px 0; line-height: 1.4;\">&#8211; Yedek 5<\/h3>\n<p style=\"font-size: 12pt; line-height: 1.6; margin: 8px 0;\">Ma\u00e7 \u00f6ncesinde taraftarlar, Galatasaray&#8217;\u0131n belirledi\u011fi kadroya ili\u015fkin heyecanlar\u0131n\u0131 sosyal medyada dile getirdi. <\/p>\n<\/p><\/div>\n<p><a href=\"https:\/\/beyazbelgehaber.com\/galatasaray-genclerbirligi-maci-icin-kadro-acikladi_-gbvgs,h513953\">Source link <\/a><br \/>\nSee more https:\/\/theglobaltrack.com\/<\/p>","protected":false},"excerpt":{"rendered":"<p>Galatasaray&#8217;\u0131n KadrosuGalatasaray Spor Kul\u00fcb\u00fc, N. D. Gen\u00e7lerbirli\u011fi kar\u015f\u0131la\u015fmas\u0131 i\u00e7in ilk 11 ve yedek oyuncular\u0131n\u0131 belirledi. Teknik direkt\u00f6r\u00fcn tercihleri do\u011frultusunda sahaya \u00e7\u0131kacak olan Galatasaray&#8230; Galatasaray&#8217;\u0131n Kadrosu Galatasaray Spor Kul\u00fcb\u00fc, N. D. Gen\u00e7lerbirli\u011fi kar\u015f\u0131la\u015fmas\u0131 i\u00e7in ilk 11 ve yedek oyuncular\u0131n\u0131 belirledi. Teknik direkt\u00f6r\u00fcn tercihleri do\u011frultusunda sahaya \u00e7\u0131kacak olan Galatasaray kadrosu merak konusu oldu. Ma\u00e7 \u00f6ncesinde yap\u0131lan a\u00e7\u0131klamaya [&hellip;]<\/p>\n","protected":false},"author":1,"featured_media":111037,"comment_status":"","ping_status":"","sticky":false,"template":"","format":"standard","meta":{"googlesitekit_rrm_CAow2JLhCw:productID":"","_gspb_post_css":"","maa_idioma":"","maa_pais":"","footnotes":""},"categories":[1],"tags":[7419,29651,6995,29650,29643,29652,29653,6891,29649,7595],"class_list":["post-111036","post","type-post","status-publish","format-standard","has-post-thumbnail","hentry","category-ubirata","tag-acikladi","tag-beyazbelgehaber-com","tag-galatasaray","tag-gbvgs","tag-genclerbirligi","tag-guncel","tag-haberler","tag-icin","tag-kadro","tag-maci"],"blocksy_meta":[],"yoast_head":"<!-- This site is optimized with the Yoast SEO Premium plugin v27.6 (Yoast SEO v27.6) - https:\/\/yoast.com\/product\/yoast-seo-premium-wordpress\/ -->\n<title>Galatasaray, Gen\u00e7lerbirli\u011fi Ma\u00e7\u0131 \u0130\u00e7in Kadro A\u00e7\u0131klad\u0131! GBvGS - beyazbelgehaber.com - G\u00fcncel haberler - Ubirat\u00e3 Online Not\u00edcias - A realidade ao seu alcance!<\/title>\n<meta name=\"description\" content=\"Galatasaray&#039;\u0131n KadrosuGalatasaray Spor Kul\u00fcb\u00fc, N. D. Gen\u00e7lerbirli\u011fi kar\u015f\u0131la\u015fmas\u0131 i\u00e7in ilk 11 ve yedek oyuncular\u0131n\u0131 belirledi. Teknik direkt\u00f6r\u00fcn tercihleri do\u011frultusunda sahaya \u00e7\u0131kacak olan Galatasaray...\" \/>\n<meta name=\"robots\" content=\"index, follow, max-snippet:-1, max-image-preview:large, max-video-preview:-1\" \/>\n<link rel=\"canonical\" href=\"https:\/\/ubirataonline.com.br\/en\/galatasaray-genclerbirligi-maci-icin-kadro-acikladi-gbvgs-beyazbelgehaber-com-guncel-haberler\/\" \/>\n<meta property=\"og:locale\" content=\"en_US\" \/>\n<meta property=\"og:type\" content=\"article\" \/>\n<meta property=\"og:title\" content=\"Galatasaray, Gen\u00e7lerbirli\u011fi Ma\u00e7\u0131 \u0130\u00e7in Kadro A\u00e7\u0131klad\u0131! GBvGS - beyazbelgehaber.com - G\u00fcncel haberler\" \/>\n<meta property=\"og:description\" content=\"Galatasaray&#039;\u0131n KadrosuGalatasaray Spor Kul\u00fcb\u00fc, N. D. Gen\u00e7lerbirli\u011fi kar\u015f\u0131la\u015fmas\u0131 i\u00e7in ilk 11 ve yedek oyuncular\u0131n\u0131 belirledi. Teknik direkt\u00f6r\u00fcn tercihleri do\u011frultusunda sahaya \u00e7\u0131kacak olan Galatasaray...\" \/>\n<meta property=\"og:url\" content=\"https:\/\/ubirataonline.com.br\/en\/galatasaray-genclerbirligi-maci-icin-kadro-acikladi-gbvgs-beyazbelgehaber-com-guncel-haberler\/\" \/>\n<meta property=\"og:site_name\" content=\"Ubirat\u00e3 Online Not\u00edcias - A realidade ao seu alcance!\" \/>\n<meta property=\"article:publisher\" content=\"https:\/\/www.facebook.com\/portalubirataonline\" \/>\n<meta property=\"article:author\" content=\"https:\/\/www.facebook.com\/portalubirataonline\" \/>\n<meta property=\"article:published_time\" content=\"2026-04-18T16:46:42+00:00\" \/>\n<meta property=\"og:image\" content=\"https:\/\/ubirataonline.com.br\/wp-content\/uploads\/2026\/04\/Galatasaray-Genclerbirligi-Maci-Icin-Kadro-Acikladi-GBvGS-beyazbelgehabercom.jpg\" \/>\n\t<meta property=\"og:image:width\" content=\"1080\" \/>\n\t<meta property=\"og:image:height\" content=\"1350\" \/>\n\t<meta property=\"og:image:type\" content=\"image\/jpeg\" \/>\n<meta name=\"author\" content=\"REDA\u00c7\u00c3O: UBIRAT\u00c3 ONLINE - F\u00c1BIO AUGUSTO CELESTINO\" \/>\n<meta name=\"twitter:card\" content=\"summary_large_image\" \/>\n<meta name=\"twitter:creator\" content=\"@x.com\/ubirataonline\" \/>\n<meta name=\"twitter:site\" content=\"@ubirataonline\" \/>\n<meta name=\"twitter:label1\" content=\"Written by\" \/>\n\t<meta name=\"twitter:data1\" content=\"REDA\u00c7\u00c3O: UBIRAT\u00c3 ONLINE - F\u00c1BIO AUGUSTO CELESTINO\" \/>\n\t<meta name=\"twitter:label2\" content=\"Est. reading time\" \/>\n\t<meta name=\"twitter:data2\" content=\"1 minute\" \/>\n<script type=\"application\/ld+json\" class=\"yoast-schema-graph\">{\"@context\":\"https:\\\/\\\/schema.org\",\"@graph\":[{\"@type\":\"NewsArticle\",\"@id\":\"https:\\\/\\\/ubirataonline.com.br\\\/galatasaray-genclerbirligi-maci-icin-kadro-acikladi-gbvgs-beyazbelgehaber-com-guncel-haberler\\\/#article\",\"isPartOf\":{\"@id\":\"https:\\\/\\\/ubirataonline.com.br\\\/galatasaray-genclerbirligi-maci-icin-kadro-acikladi-gbvgs-beyazbelgehaber-com-guncel-haberler\\\/\"},\"author\":{\"name\":\"REDA\u00c7\u00c3O: UBIRAT\u00c3 ONLINE - F\u00c1BIO AUGUSTO CELESTINO\",\"@id\":\"https:\\\/\\\/ubirataonline.com.br\\\/#\\\/schema\\\/person\\\/372f87bbd3fdd79b8556b84c98d0bc1c\"},\"headline\":\"Galatasaray, Gen\u00e7lerbirli\u011fi Ma\u00e7\u0131 \u0130\u00e7in Kadro A\u00e7\u0131klad\u0131! GBvGS &#8211; beyazbelgehaber.com &#8211; G\u00fcncel haberler\",\"datePublished\":\"2026-04-18T16:46:42+00:00\",\"mainEntityOfPage\":{\"@id\":\"https:\\\/\\\/ubirataonline.com.br\\\/galatasaray-genclerbirligi-maci-icin-kadro-acikladi-gbvgs-beyazbelgehaber-com-guncel-haberler\\\/\"},\"wordCount\":152,\"publisher\":{\"@id\":\"https:\\\/\\\/ubirataonline.com.br\\\/#organization\"},\"image\":{\"@id\":\"https:\\\/\\\/ubirataonline.com.br\\\/galatasaray-genclerbirligi-maci-icin-kadro-acikladi-gbvgs-beyazbelgehaber-com-guncel-haberler\\\/#primaryimage\"},\"thumbnailUrl\":\"https:\\\/\\\/ubirataonline.com.br\\\/wp-content\\\/uploads\\\/2026\\\/04\\\/Galatasaray-Genclerbirligi-Maci-Icin-Kadro-Acikladi-GBvGS-beyazbelgehabercom.jpg\",\"keywords\":[\"a\u00e7\u0131klad\u0131\",\"beyazbelgehaber.com\",\"Galatasaray\",\"GBvGS\",\"Genclerbirligi\",\"G\u00fcncel\",\"haberler\",\"i\u00e7in\",\"Kadro\",\"Ma\u00e7\u0131\"],\"articleSection\":[\"Ubirat\u00e3\"],\"inLanguage\":\"en-US\",\"copyrightYear\":\"2026\",\"copyrightHolder\":{\"@id\":\"https:\\\/\\\/ubirataonline.com.br\\\/en\\\/#organization\"}},{\"@type\":\"WebPage\",\"@id\":\"https:\\\/\\\/ubirataonline.com.br\\\/galatasaray-genclerbirligi-maci-icin-kadro-acikladi-gbvgs-beyazbelgehaber-com-guncel-haberler\\\/\",\"url\":\"https:\\\/\\\/ubirataonline.com.br\\\/galatasaray-genclerbirligi-maci-icin-kadro-acikladi-gbvgs-beyazbelgehaber-com-guncel-haberler\\\/\",\"name\":\"Galatasaray, Gen\u00e7lerbirli\u011fi Ma\u00e7\u0131 \u0130\u00e7in Kadro A\u00e7\u0131klad\u0131! GBvGS - beyazbelgehaber.com - G\u00fcncel haberler - Ubirat\u00e3 Online Not\u00edcias - A realidade ao seu alcance!\",\"isPartOf\":{\"@id\":\"https:\\\/\\\/ubirataonline.com.br\\\/#website\"},\"primaryImageOfPage\":{\"@id\":\"https:\\\/\\\/ubirataonline.com.br\\\/galatasaray-genclerbirligi-maci-icin-kadro-acikladi-gbvgs-beyazbelgehaber-com-guncel-haberler\\\/#primaryimage\"},\"image\":{\"@id\":\"https:\\\/\\\/ubirataonline.com.br\\\/galatasaray-genclerbirligi-maci-icin-kadro-acikladi-gbvgs-beyazbelgehaber-com-guncel-haberler\\\/#primaryimage\"},\"thumbnailUrl\":\"https:\\\/\\\/ubirataonline.com.br\\\/wp-content\\\/uploads\\\/2026\\\/04\\\/Galatasaray-Genclerbirligi-Maci-Icin-Kadro-Acikladi-GBvGS-beyazbelgehabercom.jpg\",\"datePublished\":\"2026-04-18T16:46:42+00:00\",\"description\":\"Galatasaray&#039;\u0131n KadrosuGalatasaray Spor Kul\u00fcb\u00fc, N. D. Gen\u00e7lerbirli\u011fi kar\u015f\u0131la\u015fmas\u0131 i\u00e7in ilk 11 ve yedek oyuncular\u0131n\u0131 belirledi. Teknik direkt\u00f6r\u00fcn tercihleri do\u011frultusunda sahaya \u00e7\u0131kacak olan Galatasaray...\",\"breadcrumb\":{\"@id\":\"https:\\\/\\\/ubirataonline.com.br\\\/galatasaray-genclerbirligi-maci-icin-kadro-acikladi-gbvgs-beyazbelgehaber-com-guncel-haberler\\\/#breadcrumb\"},\"inLanguage\":\"en-US\",\"potentialAction\":[{\"@type\":\"ReadAction\",\"target\":[\"https:\\\/\\\/ubirataonline.com.br\\\/galatasaray-genclerbirligi-maci-icin-kadro-acikladi-gbvgs-beyazbelgehaber-com-guncel-haberler\\\/\"]}]},{\"@type\":\"ImageObject\",\"inLanguage\":\"en-US\",\"@id\":\"https:\\\/\\\/ubirataonline.com.br\\\/galatasaray-genclerbirligi-maci-icin-kadro-acikladi-gbvgs-beyazbelgehaber-com-guncel-haberler\\\/#primaryimage\",\"url\":\"https:\\\/\\\/ubirataonline.com.br\\\/wp-content\\\/uploads\\\/2026\\\/04\\\/Galatasaray-Genclerbirligi-Maci-Icin-Kadro-Acikladi-GBvGS-beyazbelgehabercom.jpg\",\"contentUrl\":\"https:\\\/\\\/ubirataonline.com.br\\\/wp-content\\\/uploads\\\/2026\\\/04\\\/Galatasaray-Genclerbirligi-Maci-Icin-Kadro-Acikladi-GBvGS-beyazbelgehabercom.jpg\",\"width\":1080,\"height\":1350,\"caption\":\"Galatasaray, Gen\u00e7lerbirli\u011fi Ma\u00e7\u0131 \u0130\u00e7in Kadro A\u00e7\u0131klad\u0131! GBvGS - beyazbelgehaber.com - G\u00fcncel haberler\"},{\"@type\":\"BreadcrumbList\",\"@id\":\"https:\\\/\\\/ubirataonline.com.br\\\/galatasaray-genclerbirligi-maci-icin-kadro-acikladi-gbvgs-beyazbelgehaber-com-guncel-haberler\\\/#breadcrumb\",\"itemListElement\":[{\"@type\":\"ListItem\",\"position\":1,\"name\":\"In\u00edcio\",\"item\":\"https:\\\/\\\/ubirataonline.com.br\\\/\"},{\"@type\":\"ListItem\",\"position\":2,\"name\":\"Galatasaray, Gen\u00e7lerbirli\u011fi Ma\u00e7\u0131 \u0130\u00e7in Kadro A\u00e7\u0131klad\u0131! GBvGS &#8211; beyazbelgehaber.com &#8211; G\u00fcncel haberler\"}]},{\"@type\":\"WebSite\",\"@id\":\"https:\\\/\\\/ubirataonline.com.br\\\/#website\",\"url\":\"https:\\\/\\\/ubirataonline.com.br\\\/\",\"name\":\"Ubirat\u00e3 Online Not\u00edcias\",\"description\":\"Not\u00edcias de Ubirat\u00e3, regi\u00e3o, Brasil e mundo, com informa\u00e7\u00e3o atualizada e compromisso com o leitor.\",\"publisher\":{\"@id\":\"https:\\\/\\\/ubirataonline.com.br\\\/#organization\"},\"alternateName\":\"Ubirat\u00e3 Online\",\"potentialAction\":[{\"@type\":\"SearchAction\",\"target\":{\"@type\":\"EntryPoint\",\"urlTemplate\":\"https:\\\/\\\/ubirataonline.com.br\\\/?s={search_term_string}\"},\"query-input\":{\"@type\":\"PropertyValueSpecification\",\"valueRequired\":true,\"valueName\":\"search_term_string\"}}],\"inLanguage\":\"en-US\"},{\"@type\":[\"Organization\",\"Place\"],\"@id\":\"https:\\\/\\\/ubirataonline.com.br\\\/#organization\",\"name\":\"Ubirat\u00e3 Online Not\u00edcias\",\"alternateName\":\"Ubirat\u00e3 Online\",\"url\":\"https:\\\/\\\/ubirataonline.com.br\\\/\",\"logo\":{\"@id\":\"https:\\\/\\\/ubirataonline.com.br\\\/galatasaray-genclerbirligi-maci-icin-kadro-acikladi-gbvgs-beyazbelgehaber-com-guncel-haberler\\\/#local-main-organization-logo\"},\"image\":{\"@id\":\"https:\\\/\\\/ubirataonline.com.br\\\/galatasaray-genclerbirligi-maci-icin-kadro-acikladi-gbvgs-beyazbelgehaber-com-guncel-haberler\\\/#local-main-organization-logo\"},\"sameAs\":[\"https:\\\/\\\/www.facebook.com\\\/portalubirataonline\",\"https:\\\/\\\/x.com\\\/ubirataonline\",\"https:\\\/\\\/mastodon.social\\\/@ubirataonline\",\"https:\\\/\\\/www.facebook.com\\\/groups\\\/311144672285604\",\"https:\\\/\\\/www.facebook.com\\\/UBTAOnline\",\"https:\\\/\\\/www.instagram.com\\\/portalubirataonline\\\/\",\"https:\\\/\\\/twitter.com\\\/ubirataonline\"],\"description\":\"Somos um portal de not\u00edcias independente, criado em 5 de janeiro de 2009, com o objetivo de informar, conectar e valorizar a nossa comunidade de Ubirat\u00e3 e toda aregi\u00e3o. Com conte\u00fado atualizado, confi\u00e1vel e relevante, o Ubirat\u00e3 Online \u00e9 o seu espa\u00e7o para ficar por dentro dos principais acontecimentos locais, regionais, Brasil, Mundo e de interesse geral. Nosso compromisso \u00e9 com a verdade, a transpar\u00eancia e o respeito ao leitor.\",\"legalName\":\"UBIRATA ONLINE NOT\u00cdCIAS\",\"foundingDate\":\"2009-01-05\",\"numberOfEmployees\":{\"@type\":\"QuantitativeValue\",\"minValue\":\"1\",\"maxValue\":\"10\"},\"publishingPrinciples\":\"https:\\\/\\\/ubirataonline.com.br\\\/faq\\\/\",\"address\":{\"@id\":\"https:\\\/\\\/ubirataonline.com.br\\\/galatasaray-genclerbirligi-maci-icin-kadro-acikladi-gbvgs-beyazbelgehaber-com-guncel-haberler\\\/#local-main-place-address\"},\"geo\":{\"@type\":\"GeoCoordinates\",\"latitude\":\"-24.5361401\",\"longitude\":\"-52.9921776\"},\"telephone\":[\"+5544998308235\"],\"contactPoint\":{\"@type\":\"ContactPoint\",\"email\":\"contato@ubirataonline.com.br\"},\"openingHoursSpecification\":{\"@type\":\"OpeningHoursSpecification\",\"dayOfWeek\":[\"Monday\",\"Tuesday\",\"Wednesday\",\"Thursday\",\"Friday\",\"Saturday\",\"Sunday\"],\"opens\":\"00:00\",\"closes\":\"23:59\"},\"email\":\"contato@ubirataonline.com.br\",\"vatID\":\"47.621.418\\\/0001-80\"},{\"@type\":\"Person\",\"@id\":\"https:\\\/\\\/ubirataonline.com.br\\\/#\\\/schema\\\/person\\\/372f87bbd3fdd79b8556b84c98d0bc1c\",\"name\":\"REDA\u00c7\u00c3O: UBIRAT\u00c3 ONLINE - F\u00c1BIO AUGUSTO CELESTINO\",\"pronouns\":\"Ele\",\"description\":\"Desde 2003 trabalhando com not\u00edcias.\",\"sameAs\":[\"http:\\\/\\\/ubirataoline.com.br\",\"https:\\\/\\\/www.facebook.com\\\/portalubirataonline\",\"https:\\\/\\\/www.instagram.com\\\/ubirataonline_oficial\",\"https:\\\/\\\/x.com\\\/x.com\\\/ubirataonline\"],\"honorificPrefix\":\"Mr.\",\"honorificSuffix\":\"MD\",\"birthDate\":\"1980-06-16\",\"gender\":\"masculino\",\"award\":[\"V\u00e1rios pr\u00eamios de melhor portal da cidade\"],\"jobTitle\":\"Diretor\",\"url\":\"https:\\\/\\\/ubirataonline.com.br\\\/en\\\/author\\\/ubirataonline\\\/\"},{\"@type\":\"PostalAddress\",\"@id\":\"https:\\\/\\\/ubirataonline.com.br\\\/galatasaray-genclerbirligi-maci-icin-kadro-acikladi-gbvgs-beyazbelgehaber-com-guncel-haberler\\\/#local-main-place-address\",\"streetAddress\":\"Rua dos Coqueiros, 104 - Bairro Boa Vista, Rua dos Coqueiros, 104 Bairro Boa Vista\",\"addressLocality\":\"UBIRATA\",\"postalCode\":\"85440-000\",\"addressRegion\":\"PR\",\"addressCountry\":\"BR\"},{\"@type\":\"ImageObject\",\"inLanguage\":\"en-US\",\"@id\":\"https:\\\/\\\/ubirataonline.com.br\\\/galatasaray-genclerbirligi-maci-icin-kadro-acikladi-gbvgs-beyazbelgehaber-com-guncel-haberler\\\/#local-main-organization-logo\",\"url\":\"https:\\\/\\\/ubirataonline.com.br\\\/wp-content\\\/uploads\\\/2026\\\/06\\\/logoubirataonline-1.webp\",\"contentUrl\":\"https:\\\/\\\/ubirataonline.com.br\\\/wp-content\\\/uploads\\\/2026\\\/06\\\/logoubirataonline-1.webp\",\"width\":500,\"height\":500,\"caption\":\"Ubirat\u00e3 Online Not\u00edcias\"}]}<\/script>\n<meta name=\"geo.placename\" content=\"UBIRATA\" \/>\n<meta name=\"geo.position\" content=\"-24.5361401;-52.9921776\" \/>\n<meta name=\"geo.region\" content=\"Brazil\" \/>\n<!-- \/ Yoast SEO Premium plugin. -->","yoast_head_json":{"title":"Galatasaray, Gen\u00e7lerbirli\u011fi Ma\u00e7\u0131 \u0130\u00e7in Kadro A\u00e7\u0131klad\u0131! GBvGS - beyazbelgehaber.com - G\u00fcncel haberler - Ubirat\u00e3 Online Not\u00edcias - A realidade ao seu alcance!","description":"Galatasaray&#039;\u0131n KadrosuGalatasaray Spor Kul\u00fcb\u00fc, N. D. Gen\u00e7lerbirli\u011fi kar\u015f\u0131la\u015fmas\u0131 i\u00e7in ilk 11 ve yedek oyuncular\u0131n\u0131 belirledi. Teknik direkt\u00f6r\u00fcn tercihleri do\u011frultusunda sahaya \u00e7\u0131kacak olan Galatasaray...","robots":{"index":"index","follow":"follow","max-snippet":"max-snippet:-1","max-image-preview":"max-image-preview:large","max-video-preview":"max-video-preview:-1"},"canonical":"https:\/\/ubirataonline.com.br\/en\/galatasaray-genclerbirligi-maci-icin-kadro-acikladi-gbvgs-beyazbelgehaber-com-guncel-haberler\/","og_locale":"en_US","og_type":"article","og_title":"Galatasaray, Gen\u00e7lerbirli\u011fi Ma\u00e7\u0131 \u0130\u00e7in Kadro A\u00e7\u0131klad\u0131! GBvGS - beyazbelgehaber.com - G\u00fcncel haberler","og_description":"Galatasaray&#039;\u0131n KadrosuGalatasaray Spor Kul\u00fcb\u00fc, N. D. Gen\u00e7lerbirli\u011fi kar\u015f\u0131la\u015fmas\u0131 i\u00e7in ilk 11 ve yedek oyuncular\u0131n\u0131 belirledi. Teknik direkt\u00f6r\u00fcn tercihleri do\u011frultusunda sahaya \u00e7\u0131kacak olan Galatasaray...","og_url":"https:\/\/ubirataonline.com.br\/en\/galatasaray-genclerbirligi-maci-icin-kadro-acikladi-gbvgs-beyazbelgehaber-com-guncel-haberler\/","og_site_name":"Ubirat\u00e3 Online Not\u00edcias - A realidade ao seu alcance!","article_publisher":"https:\/\/www.facebook.com\/portalubirataonline","article_author":"https:\/\/www.facebook.com\/portalubirataonline","article_published_time":"2026-04-18T16:46:42+00:00","og_image":[{"width":1080,"height":1350,"url":"https:\/\/ubirataonline.com.br\/wp-content\/uploads\/2026\/04\/Galatasaray-Genclerbirligi-Maci-Icin-Kadro-Acikladi-GBvGS-beyazbelgehabercom.jpg","type":"image\/jpeg"}],"author":"REDA\u00c7\u00c3O: UBIRAT\u00c3 ONLINE - F\u00c1BIO AUGUSTO CELESTINO","twitter_card":"summary_large_image","twitter_creator":"@x.com\/ubirataonline","twitter_site":"@ubirataonline","twitter_misc":{"Written by":"REDA\u00c7\u00c3O: UBIRAT\u00c3 ONLINE - F\u00c1BIO AUGUSTO CELESTINO","Est. reading time":"1 minute"},"schema":{"@context":"https:\/\/schema.org","@graph":[{"@type":"NewsArticle","@id":"https:\/\/ubirataonline.com.br\/galatasaray-genclerbirligi-maci-icin-kadro-acikladi-gbvgs-beyazbelgehaber-com-guncel-haberler\/#article","isPartOf":{"@id":"https:\/\/ubirataonline.com.br\/galatasaray-genclerbirligi-maci-icin-kadro-acikladi-gbvgs-beyazbelgehaber-com-guncel-haberler\/"},"author":{"name":"REDA\u00c7\u00c3O: UBIRAT\u00c3 ONLINE - F\u00c1BIO AUGUSTO CELESTINO","@id":"https:\/\/ubirataonline.com.br\/#\/schema\/person\/372f87bbd3fdd79b8556b84c98d0bc1c"},"headline":"Galatasaray, Gen\u00e7lerbirli\u011fi Ma\u00e7\u0131 \u0130\u00e7in Kadro A\u00e7\u0131klad\u0131! GBvGS &#8211; beyazbelgehaber.com &#8211; G\u00fcncel haberler","datePublished":"2026-04-18T16:46:42+00:00","mainEntityOfPage":{"@id":"https:\/\/ubirataonline.com.br\/galatasaray-genclerbirligi-maci-icin-kadro-acikladi-gbvgs-beyazbelgehaber-com-guncel-haberler\/"},"wordCount":152,"publisher":{"@id":"https:\/\/ubirataonline.com.br\/#organization"},"image":{"@id":"https:\/\/ubirataonline.com.br\/galatasaray-genclerbirligi-maci-icin-kadro-acikladi-gbvgs-beyazbelgehaber-com-guncel-haberler\/#primaryimage"},"thumbnailUrl":"https:\/\/ubirataonline.com.br\/wp-content\/uploads\/2026\/04\/Galatasaray-Genclerbirligi-Maci-Icin-Kadro-Acikladi-GBvGS-beyazbelgehabercom.jpg","keywords":["a\u00e7\u0131klad\u0131","beyazbelgehaber.com","Galatasaray","GBvGS","Genclerbirligi","G\u00fcncel","haberler","i\u00e7in","Kadro","Ma\u00e7\u0131"],"articleSection":["Ubirat\u00e3"],"inLanguage":"en-US","copyrightYear":"2026","copyrightHolder":{"@id":"https:\/\/ubirataonline.com.br\/en\/#organization"}},{"@type":"WebPage","@id":"https:\/\/ubirataonline.com.br\/galatasaray-genclerbirligi-maci-icin-kadro-acikladi-gbvgs-beyazbelgehaber-com-guncel-haberler\/","url":"https:\/\/ubirataonline.com.br\/galatasaray-genclerbirligi-maci-icin-kadro-acikladi-gbvgs-beyazbelgehaber-com-guncel-haberler\/","name":"Galatasaray, Gen\u00e7lerbirli\u011fi Ma\u00e7\u0131 \u0130\u00e7in Kadro A\u00e7\u0131klad\u0131! GBvGS - beyazbelgehaber.com - G\u00fcncel haberler - Ubirat\u00e3 Online Not\u00edcias - A realidade ao seu alcance!","isPartOf":{"@id":"https:\/\/ubirataonline.com.br\/#website"},"primaryImageOfPage":{"@id":"https:\/\/ubirataonline.com.br\/galatasaray-genclerbirligi-maci-icin-kadro-acikladi-gbvgs-beyazbelgehaber-com-guncel-haberler\/#primaryimage"},"image":{"@id":"https:\/\/ubirataonline.com.br\/galatasaray-genclerbirligi-maci-icin-kadro-acikladi-gbvgs-beyazbelgehaber-com-guncel-haberler\/#primaryimage"},"thumbnailUrl":"https:\/\/ubirataonline.com.br\/wp-content\/uploads\/2026\/04\/Galatasaray-Genclerbirligi-Maci-Icin-Kadro-Acikladi-GBvGS-beyazbelgehabercom.jpg","datePublished":"2026-04-18T16:46:42+00:00","description":"Galatasaray&#039;\u0131n KadrosuGalatasaray Spor Kul\u00fcb\u00fc, N. D. Gen\u00e7lerbirli\u011fi kar\u015f\u0131la\u015fmas\u0131 i\u00e7in ilk 11 ve yedek oyuncular\u0131n\u0131 belirledi. Teknik direkt\u00f6r\u00fcn tercihleri do\u011frultusunda sahaya \u00e7\u0131kacak olan Galatasaray...","breadcrumb":{"@id":"https:\/\/ubirataonline.com.br\/galatasaray-genclerbirligi-maci-icin-kadro-acikladi-gbvgs-beyazbelgehaber-com-guncel-haberler\/#breadcrumb"},"inLanguage":"en-US","potentialAction":[{"@type":"ReadAction","target":["https:\/\/ubirataonline.com.br\/galatasaray-genclerbirligi-maci-icin-kadro-acikladi-gbvgs-beyazbelgehaber-com-guncel-haberler\/"]}]},{"@type":"ImageObject","inLanguage":"en-US","@id":"https:\/\/ubirataonline.com.br\/galatasaray-genclerbirligi-maci-icin-kadro-acikladi-gbvgs-beyazbelgehaber-com-guncel-haberler\/#primaryimage","url":"https:\/\/ubirataonline.com.br\/wp-content\/uploads\/2026\/04\/Galatasaray-Genclerbirligi-Maci-Icin-Kadro-Acikladi-GBvGS-beyazbelgehabercom.jpg","contentUrl":"https:\/\/ubirataonline.com.br\/wp-content\/uploads\/2026\/04\/Galatasaray-Genclerbirligi-Maci-Icin-Kadro-Acikladi-GBvGS-beyazbelgehabercom.jpg","width":1080,"height":1350,"caption":"Galatasaray, Gen\u00e7lerbirli\u011fi Ma\u00e7\u0131 \u0130\u00e7in Kadro A\u00e7\u0131klad\u0131! GBvGS - beyazbelgehaber.com - G\u00fcncel haberler"},{"@type":"BreadcrumbList","@id":"https:\/\/ubirataonline.com.br\/galatasaray-genclerbirligi-maci-icin-kadro-acikladi-gbvgs-beyazbelgehaber-com-guncel-haberler\/#breadcrumb","itemListElement":[{"@type":"ListItem","position":1,"name":"In\u00edcio","item":"https:\/\/ubirataonline.com.br\/"},{"@type":"ListItem","position":2,"name":"Galatasaray, Gen\u00e7lerbirli\u011fi Ma\u00e7\u0131 \u0130\u00e7in Kadro A\u00e7\u0131klad\u0131! GBvGS &#8211; beyazbelgehaber.com &#8211; G\u00fcncel haberler"}]},{"@type":"WebSite","@id":"https:\/\/ubirataonline.com.br\/#website","url":"https:\/\/ubirataonline.com.br\/","name":"Ubirat\u00e3 Online Not\u00edcias","description":"Not\u00edcias de Ubirat\u00e3, regi\u00e3o, Brasil e mundo, com informa\u00e7\u00e3o atualizada e compromisso com o leitor.","publisher":{"@id":"https:\/\/ubirataonline.com.br\/#organization"},"alternateName":"Ubirat\u00e3 Online","potentialAction":[{"@type":"SearchAction","target":{"@type":"EntryPoint","urlTemplate":"https:\/\/ubirataonline.com.br\/?s={search_term_string}"},"query-input":{"@type":"PropertyValueSpecification","valueRequired":true,"valueName":"search_term_string"}}],"inLanguage":"en-US"},{"@type":["Organization","Place"],"@id":"https:\/\/ubirataonline.com.br\/#organization","name":"Ubirat\u00e3 Online Not\u00edcias","alternateName":"Ubirat\u00e3 Online","url":"https:\/\/ubirataonline.com.br\/","logo":{"@id":"https:\/\/ubirataonline.com.br\/galatasaray-genclerbirligi-maci-icin-kadro-acikladi-gbvgs-beyazbelgehaber-com-guncel-haberler\/#local-main-organization-logo"},"image":{"@id":"https:\/\/ubirataonline.com.br\/galatasaray-genclerbirligi-maci-icin-kadro-acikladi-gbvgs-beyazbelgehaber-com-guncel-haberler\/#local-main-organization-logo"},"sameAs":["https:\/\/www.facebook.com\/portalubirataonline","https:\/\/x.com\/ubirataonline","https:\/\/mastodon.social\/@ubirataonline","https:\/\/www.facebook.com\/groups\/311144672285604","https:\/\/www.facebook.com\/UBTAOnline","https:\/\/www.instagram.com\/portalubirataonline\/","https:\/\/twitter.com\/ubirataonline"],"description":"Somos um portal de not\u00edcias independente, criado em 5 de janeiro de 2009, com o objetivo de informar, conectar e valorizar a nossa comunidade de Ubirat\u00e3 e toda aregi\u00e3o. Com conte\u00fado atualizado, confi\u00e1vel e relevante, o Ubirat\u00e3 Online \u00e9 o seu espa\u00e7o para ficar por dentro dos principais acontecimentos locais, regionais, Brasil, Mundo e de interesse geral. Nosso compromisso \u00e9 com a verdade, a transpar\u00eancia e o respeito ao leitor.","legalName":"UBIRATA ONLINE NOT\u00cdCIAS","foundingDate":"2009-01-05","numberOfEmployees":{"@type":"QuantitativeValue","minValue":"1","maxValue":"10"},"publishingPrinciples":"https:\/\/ubirataonline.com.br\/faq\/","address":{"@id":"https:\/\/ubirataonline.com.br\/galatasaray-genclerbirligi-maci-icin-kadro-acikladi-gbvgs-beyazbelgehaber-com-guncel-haberler\/#local-main-place-address"},"geo":{"@type":"GeoCoordinates","latitude":"-24.5361401","longitude":"-52.9921776"},"telephone":["+5544998308235"],"contactPoint":{"@type":"ContactPoint","email":"contato@ubirataonline.com.br"},"openingHoursSpecification":{"@type":"OpeningHoursSpecification","dayOfWeek":["Monday","Tuesday","Wednesday","Thursday","Friday","Saturday","Sunday"],"opens":"00:00","closes":"23:59"},"email":"contato@ubirataonline.com.br","vatID":"47.621.418\/0001-80"},{"@type":"Person","@id":"https:\/\/ubirataonline.com.br\/#\/schema\/person\/372f87bbd3fdd79b8556b84c98d0bc1c","name":"REDA\u00c7\u00c3O: UBIRAT\u00c3 ONLINE - F\u00c1BIO AUGUSTO CELESTINO","pronouns":"Ele","description":"Desde 2003 trabalhando com not\u00edcias.","sameAs":["http:\/\/ubirataoline.com.br","https:\/\/www.facebook.com\/portalubirataonline","https:\/\/www.instagram.com\/ubirataonline_oficial","https:\/\/x.com\/x.com\/ubirataonline"],"honorificPrefix":"Mr.","honorificSuffix":"MD","birthDate":"1980-06-16","gender":"masculino","award":["V\u00e1rios pr\u00eamios de melhor portal da cidade"],"jobTitle":"Diretor","url":"https:\/\/ubirataonline.com.br\/en\/author\/ubirataonline\/"},{"@type":"PostalAddress","@id":"https:\/\/ubirataonline.com.br\/galatasaray-genclerbirligi-maci-icin-kadro-acikladi-gbvgs-beyazbelgehaber-com-guncel-haberler\/#local-main-place-address","streetAddress":"Rua dos Coqueiros, 104 - Bairro Boa Vista, Rua dos Coqueiros, 104 Bairro Boa Vista","addressLocality":"UBIRATA","postalCode":"85440-000","addressRegion":"PR","addressCountry":"BR"},{"@type":"ImageObject","inLanguage":"en-US","@id":"https:\/\/ubirataonline.com.br\/galatasaray-genclerbirligi-maci-icin-kadro-acikladi-gbvgs-beyazbelgehaber-com-guncel-haberler\/#local-main-organization-logo","url":"https:\/\/ubirataonline.com.br\/wp-content\/uploads\/2026\/06\/logoubirataonline-1.webp","contentUrl":"https:\/\/ubirataonline.com.br\/wp-content\/uploads\/2026\/06\/logoubirataonline-1.webp","width":500,"height":500,"caption":"Ubirat\u00e3 Online Not\u00edcias"}]},"geo.placename":"UBIRATA","geo.position":{"lat":"-24.5361401","long":"-52.9921776"},"geo.region":"Brazil"},"_links":{"self":[{"href":"https:\/\/ubirataonline.com.br\/en\/wp-json\/wp\/v2\/posts\/111036","targetHints":{"allow":["GET"]}}],"collection":[{"href":"https:\/\/ubirataonline.com.br\/en\/wp-json\/wp\/v2\/posts"}],"about":[{"href":"https:\/\/ubirataonline.com.br\/en\/wp-json\/wp\/v2\/types\/post"}],"author":[{"embeddable":true,"href":"https:\/\/ubirataonline.com.br\/en\/wp-json\/wp\/v2\/users\/1"}],"replies":[{"embeddable":true,"href":"https:\/\/ubirataonline.com.br\/en\/wp-json\/wp\/v2\/comments?post=111036"}],"version-history":[{"count":0,"href":"https:\/\/ubirataonline.com.br\/en\/wp-json\/wp\/v2\/posts\/111036\/revisions"}],"wp:featuredmedia":[{"embeddable":true,"href":"https:\/\/ubirataonline.com.br\/en\/wp-json\/wp\/v2\/media\/111037"}],"wp:attachment":[{"href":"https:\/\/ubirataonline.com.br\/en\/wp-json\/wp\/v2\/media?parent=111036"}],"wp:term":[{"taxonomy":"category","embeddable":true,"href":"https:\/\/ubirataonline.com.br\/en\/wp-json\/wp\/v2\/categories?post=111036"},{"taxonomy":"post_tag","embeddable":true,"href":"https:\/\/ubirataonline.com.br\/en\/wp-json\/wp\/v2\/tags?post=111036"}],"curies":[{"name":"wp","href":"https:\/\/api.w.org\/{rel}","templated":true}]}}