{"id":111194,"date":"2026-04-18T17:18:11","date_gmt":"2026-04-18T20:18:11","guid":{"rendered":"https:\/\/ubirataonline.com.br\/?p=111194"},"modified":"2026-04-18T17:18:12","modified_gmt":"2026-04-18T20:18:12","slug":"contra-o-desperdicio-e-a-favor-da-saude-ubirata-aposta-em-novo-modelo-para-modernizar-sua-rede-de-refrigeracao","status":"publish","type":"post","link":"https:\/\/ubirataonline.com.br\/en\/contra-o-desperdicio-e-a-favor-da-saude-ubirata-aposta-em-novo-modelo-para-modernizar-sua-rede-de-refrigeracao\/","title":{"rendered":"Contra o desperd\u00edcio e a favor da sa\u00fade: Ubirat\u00e3 aposta em novo modelo para modernizar sua rede de refrigera\u00e7\u00e3o"},"content":{"rendered":"<p class=\"wp-block-paragraph\"><\/p>\n\n\n\n<p class=\"wp-block-paragraph\">A <strong><a href=\"https:\/\/www.ubirata.pr.gov.br\/\">Prefeitura de Ubirat\u00e3, no Paran\u00e1,<\/a><\/strong> deu in\u00edcio a uma iniciativa pouco comum na gest\u00e3o p\u00fablica: um plano estruturado para cuidar, antes que d\u00ea problema, de toda a rede de equipamentos de refrigera\u00e7\u00e3o usados em unidades de sa\u00fade e escolas. Pode parecer algo simples \u00e0 primeira vista, mas na pr\u00e1tica essa decis\u00e3o mexe diretamente com dois pontos sens\u00edveis \u2014 dinheiro p\u00fablico e qualidade de vida da popula\u00e7\u00e3o.<\/p>\n\n\n\n<p class=\"wp-block-paragraph\">O foco \u00e9 claro: evitar perdas. Quando uma geladeira ou freezer para de funcionar dentro de uma Unidade B\u00e1sica de Sa\u00fade (UBS) ou na cozinha de uma escola, o preju\u00edzo n\u00e3o fica s\u00f3 no equipamento. Muitas vezes, o que se perde ali s\u00e3o vacinas, medicamentos delicados e alimentos que j\u00e1 estavam prontos para consumo. E isso, al\u00e9m do impacto financeiro, afeta diretamente o atendimento \u00e0 popula\u00e7\u00e3o.<\/p>\n\n\n\n<h3 class=\"wp-block-heading\" id=\"h-um-problema-silencioso-que-custa-caro\">Um problema silencioso que custa caro<\/h3>\n\n\n\n<p class=\"wp-block-paragraph\">Nem sempre d\u00e1 pra perceber de imediato, mas equipamentos de refrigera\u00e7\u00e3o funcionando de forma irregular acabam virando um tipo de \u201cralo invis\u00edvel\u201d de recursos p\u00fablicos. Um motor sobrecarregado, por exemplo, pode continuar ligado por dias ou at\u00e9 semanas, consumindo mais energia do que deveria e sem garantir a temperatura ideal.<\/p>\n\n\n\n<p class=\"wp-block-paragraph\">Na pr\u00e1tica, isso significa risco. No caso das unidades de sa\u00fade, qualquer varia\u00e7\u00e3o fora do padr\u00e3o pode comprometer vacinas e medicamentos que precisam ficar entre 2\u00b0C e 8\u00b0C. J\u00e1 nas escolas, alimentos como carnes, leite e derivados podem estragar antes mesmo de chegar ao prato dos alunos.<\/p>\n\n\n\n<p class=\"wp-block-paragraph\">Foi justamente pra enfrentar esse cen\u00e1rio que o munic\u00edpio decidiu mudar a forma de lidar com o problema, e <a href=\"https:\/\/assistenciatecnica24hs.com.br\/\"><strong><em>contratou a empresa para consultoria tecnica em Assistencia em Refrigera\u00e7\u00e3o<\/em><\/strong> <\/a> Em vez de esperar quebrar pra depois correr atr\u00e1s do conserto, a ideia agora \u00e9 agir antes.<\/p>\n\n\n\n<h3 class=\"wp-block-heading\" id=\"h-sai-o-improviso-entra-o-planejamento\">Sai o improviso, entra o planejamento<\/h3>\n\n\n\n<p class=\"wp-block-paragraph\">O que est\u00e1 sendo implantado em Ubirat\u00e3 \u00e9 uma mudan\u00e7a de mentalidade. Durante muito tempo, o modelo mais comum foi o chamado \u201cconserto emergencial\u201d \u2014 aquele que s\u00f3 acontece quando o equipamento j\u00e1 parou de vez.<\/p>\n\n\n\n<p class=\"wp-block-paragraph\">Agora, a prefeitura passa a adotar um sistema de manuten\u00e7\u00e3o preventiva e preditiva. Em outras palavras: os equipamentos passam por avalia\u00e7\u00e3o constante, com ajustes feitos antes que o defeito apare\u00e7a.<\/p>\n\n\n\n<p class=\"wp-block-paragraph\">Para colocar esse plano em pr\u00e1tica, foi firmado um contrato com uma empresa especializada em refrigera\u00e7\u00e3o t\u00e9cnica e atendimento 24 horas. A escolha levou em conta crit\u00e9rios rigorosos, como qualifica\u00e7\u00e3o profissional, emiss\u00e3o de laudos t\u00e9cnicos e cumprimento de normas de seguran\u00e7a, incluindo exig\u00eancias ligadas \u00e0 parte el\u00e9trica.<\/p>\n\n\n\n<p class=\"wp-block-paragraph\">A ideia n\u00e3o \u00e9 apenas trocar pe\u00e7as quando necess\u00e1rio, mas entender o funcionamento de cada equipamento e garantir que ele opere com efici\u00eancia m\u00e1xima.<\/p>\n\n\n\n<h3 class=\"wp-block-heading\" id=\"h-um-cenario-comum-em-muitas-cidades\">Um cen\u00e1rio comum em muitas cidades<\/h3>\n\n\n\n<p class=\"wp-block-paragraph\">Logo nas primeiras an\u00e1lises, a equipe t\u00e9cnica encontrou algo que n\u00e3o \u00e9 exclusivo de Ubirat\u00e3. Em diferentes pontos da cidade, existe uma mistura grande de equipamentos \u2014 desde geladeiras dom\u00e9sticas adaptadas at\u00e9 c\u00e2maras espec\u00edficas para armazenamento de medicamentos.<\/p>\n\n\n\n<p class=\"wp-block-paragraph\">Nas escolas, por exemplo, h\u00e1 refrigeradores que trabalham sem parar, exigindo limpeza frequente e ajustes constantes. J\u00e1 nas unidades de sa\u00fade, alguns equipamentos fazem parte da chamada rede de frio, essencial para manter vacinas e insumos em condi\u00e7\u00f5es ideais.<\/p>\n\n\n\n<p class=\"wp-block-paragraph\">E \u00e9 justamente nesses casos que mora o maior risco. Pequenas falhas, muitas vezes impercept\u00edveis, podem comprometer todo um lote de medicamentos.<\/p>\n\n\n\n<p class=\"wp-block-paragraph\">Segundo os t\u00e9cnicos envolvidos no projeto, o problema nem sempre est\u00e1 em algo vis\u00edvel. Um compressor desgastado, por exemplo, pode continuar funcionando, mas sem entregar o desempenho necess\u00e1rio. Isso gera um efeito enganoso: o sistema aparenta estar normal, mas a temperatura interna j\u00e1 n\u00e3o \u00e9 confi\u00e1vel.<\/p>\n\n\n\n<h3 class=\"wp-block-heading\" id=\"h-diagnostico-detalhado-e-tecnologia-na-pratica\">Diagn\u00f3stico detalhado e tecnologia na pr\u00e1tica<\/h3>\n\n\n\n<p class=\"wp-block-paragraph\">Para evitar esse tipo de situa\u00e7\u00e3o, o trabalho que est\u00e1 sendo feito vai bem al\u00e9m de uma simples revis\u00e3o. Entre as a\u00e7\u00f5es realizadas est\u00e3o testes de press\u00e3o para identificar vazamentos invis\u00edveis, medi\u00e7\u00f5es el\u00e9tricas nos motores e an\u00e1lise completa do desempenho t\u00e9rmico dos equipamentos.<\/p>\n\n\n\n<p class=\"wp-block-paragraph\">Outro ponto importante \u00e9 a atualiza\u00e7\u00e3o dos sistemas. Equipamentos mais antigos utilizam gases refrigerantes que j\u00e1 est\u00e3o sendo substitu\u00eddos por op\u00e7\u00f5es mais modernas e menos agressivas ao meio ambiente. Essa troca tamb\u00e9m contribui para melhorar a efici\u00eancia energ\u00e9tica.<\/p>\n\n\n\n<p class=\"wp-block-paragraph\">Al\u00e9m disso, itens considerados simples, como borrachas de veda\u00e7\u00e3o, filtros e componentes eletr\u00f4nicos, est\u00e3o sendo revisados ou substitu\u00eddos. S\u00e3o detalhes que, no dia a dia, fazem muita diferen\u00e7a no funcionamento geral.<\/p>\n\n\n\n<h3 class=\"wp-block-heading\" id=\"h-economia-que-aparece-na-pratica\">Economia que aparece na pr\u00e1tica<\/h3>\n\n\n\n<p class=\"wp-block-paragraph\">Embora o investimento inicial exista, a expectativa da administra\u00e7\u00e3o municipal \u00e9 de retorno r\u00e1pido. Um dos primeiros impactos deve aparecer na conta de energia dos pr\u00e9dios p\u00fablicos, j\u00e1 que equipamentos ajustados consomem menos.<\/p>\n\n\n\n<p class=\"wp-block-paragraph\">Outro ganho importante est\u00e1 na redu\u00e7\u00e3o de compras emergenciais. Ao prolongar a vida \u00fatil dos equipamentos, diminui-se a necessidade de substituir geladeiras e freezers com frequ\u00eancia.<\/p>\n\n\n\n<p class=\"wp-block-paragraph\">Na pr\u00e1tica, isso significa mais controle sobre os gastos e menos surpresas no or\u00e7amento.<\/p>\n\n\n\n<p class=\"wp-block-paragraph\">E tem mais: ao evitar perdas de alimentos e medicamentos, o munic\u00edpio tamb\u00e9m reduz desperd\u00edcios que, somados ao longo do tempo, representam valores bem significativos.<\/p>\n\n\n\n<h3 class=\"wp-block-heading\" id=\"h-fim-das-solucoes-improvisadas\">Fim das solu\u00e7\u00f5es improvisadas<\/h3>\n\n\n\n<p class=\"wp-block-paragraph\">Um dos objetivos centrais da iniciativa \u00e9 deixar para tr\u00e1s as chamadas \u201cgambiarras\u201d \u2014 solu\u00e7\u00f5es r\u00e1pidas que resolvem o problema por pouco tempo, mas acabam causando danos maiores depois.<\/p>\n\n\n\n<p class=\"wp-block-paragraph\">Esses reparos improvisados, muitas vezes feitos com pe\u00e7as inadequadas, for\u00e7am os equipamentos e aumentam o risco de falhas mais graves. Com o novo modelo, a ideia \u00e9 trabalhar com manuten\u00e7\u00e3o estruturada, usando pe\u00e7as corretas e seguindo padr\u00f5es t\u00e9cnicos.<\/p>\n\n\n\n<p class=\"wp-block-paragraph\">Isso traz mais seguran\u00e7a, tanto para os profissionais que lidam com os equipamentos quanto para a popula\u00e7\u00e3o que depende deles.<\/p>\n\n\n\n<h3 class=\"wp-block-heading\" id=\"h-momento-estrategico-para-a-mudanca\">Momento estrat\u00e9gico para a mudan\u00e7a<\/h3>\n\n\n\n<p class=\"wp-block-paragraph\">A decis\u00e3o de iniciar esse processo agora tamb\u00e9m tem um fator estrat\u00e9gico. Com a chegada dos per\u00edodos mais quentes do ano, os equipamentos de refrigera\u00e7\u00e3o passam a trabalhar mais intensamente.<\/p>\n\n\n\n<p class=\"wp-block-paragraph\">Sem manuten\u00e7\u00e3o adequada, o risco de falhas aumenta bastante nessas condi\u00e7\u00f5es. Por isso, antecipar a revis\u00e3o e o ajuste dos sistemas pode evitar problemas justamente quando a demanda \u00e9 maior.<\/p>\n\n\n\n<p class=\"wp-block-paragraph\">Os trabalhos come\u00e7aram pelas unidades com maior fluxo, como postos de sa\u00fade mais movimentados, e devem seguir um cronograma cont\u00ednuo at\u00e9 alcan\u00e7ar todas as escolas e demais estruturas do munic\u00edpio.<\/p>\n\n\n\n<h3 class=\"wp-block-heading\" id=\"h-um-cuidado-que-vai-alem-do-equipamento\">Um cuidado que vai al\u00e9m do equipamento<\/h3>\n\n\n\n<p class=\"wp-block-paragraph\">No fim das contas, o que Ubirat\u00e3 est\u00e1 fazendo n\u00e3o \u00e9 s\u00f3 cuidar de geladeiras e freezers. \u00c9 uma forma de proteger recursos p\u00fablicos, garantir o funcionamento dos servi\u00e7os essenciais e evitar desperd\u00edcios que impactam diretamente a popula\u00e7\u00e3o.<\/p>\n\n\n\n<p class=\"wp-block-paragraph\">Pode n\u00e3o ser uma obra vis\u00edvel como uma nova escola ou uma pra\u00e7a reformada, mas \u00e9 o tipo de investimento que faz diferen\u00e7a no dia a dia \u2014 especialmente pra quem depende da rede p\u00fablica.<\/p>\n\n\n\n<p class=\"wp-block-paragraph\">E talvez esse seja o ponto mais importante: quando a gest\u00e3o olha para os detalhes, os resultados aparecem onde realmente importa.<\/p>","protected":false},"excerpt":{"rendered":"<p>A Prefeitura de Ubirat\u00e3, no Paran\u00e1, deu in\u00edcio a uma iniciativa pouco comum na gest\u00e3o p\u00fablica: um plano estruturado para cuidar, antes que d\u00ea problema, de toda a rede de equipamentos de refrigera\u00e7\u00e3o usados em unidades de sa\u00fade e escolas. Pode parecer algo simples \u00e0 primeira vista, mas na pr\u00e1tica essa decis\u00e3o mexe diretamente com [&hellip;]<\/p>\n","protected":false},"author":13,"featured_media":0,"comment_status":"closed","ping_status":"closed","sticky":false,"template":"","format":"standard","meta":{"googlesitekit_rrm_CAow2JLhCw:productID":"","_gspb_post_css":"","maa_idioma":"","maa_pais":"","footnotes":""},"categories":[1],"tags":[],"class_list":["post-111194","post","type-post","status-publish","format-standard","hentry","category-ubirata"],"blocksy_meta":[],"yoast_head":"<!-- This site is optimized with the Yoast SEO Premium plugin v27.6 (Yoast SEO v27.6) - https:\/\/yoast.com\/product\/yoast-seo-premium-wordpress\/ -->\n<title>Contra o desperd\u00edcio e a favor da sa\u00fade: Ubirat\u00e3 aposta em novo modelo para modernizar sua rede de refrigera\u00e7\u00e3o - Ubirat\u00e3 Online Not\u00edcias - A realidade ao seu alcance!<\/title>\n<meta name=\"description\" content=\"A Prefeitura de Ubirat\u00e3, no Paran\u00e1, deu in\u00edcio a uma iniciativa pouco comum na gest\u00e3o p\u00fablica: um plano estruturado para cuidar, antes que d\u00ea problema, de\" \/>\n<meta name=\"robots\" content=\"index, follow, max-snippet:-1, max-image-preview:large, max-video-preview:-1\" \/>\n<link rel=\"canonical\" href=\"https:\/\/ubirataonline.com.br\/en\/contra-o-desperdicio-e-a-favor-da-saude-ubirata-aposta-em-novo-modelo-para-modernizar-sua-rede-de-refrigeracao\/\" \/>\n<meta property=\"og:locale\" content=\"en_US\" \/>\n<meta property=\"og:type\" content=\"article\" \/>\n<meta property=\"og:title\" content=\"Contra o desperd\u00edcio e a favor da sa\u00fade: Ubirat\u00e3 aposta em novo modelo para modernizar sua rede de refrigera\u00e7\u00e3o\" \/>\n<meta property=\"og:description\" content=\"A Prefeitura de Ubirat\u00e3, no Paran\u00e1, deu in\u00edcio a uma iniciativa pouco comum na gest\u00e3o p\u00fablica: um plano estruturado para cuidar, antes que d\u00ea problema, de\" \/>\n<meta property=\"og:url\" content=\"https:\/\/ubirataonline.com.br\/en\/contra-o-desperdicio-e-a-favor-da-saude-ubirata-aposta-em-novo-modelo-para-modernizar-sua-rede-de-refrigeracao\/\" \/>\n<meta property=\"og:site_name\" content=\"Ubirat\u00e3 Online Not\u00edcias - A realidade ao seu alcance!\" \/>\n<meta property=\"article:publisher\" content=\"https:\/\/www.facebook.com\/portalubirataonline\" \/>\n<meta property=\"article:published_time\" content=\"2026-04-18T20:18:11+00:00\" \/>\n<meta property=\"article:modified_time\" content=\"2026-04-18T20:18:12+00:00\" \/>\n<meta property=\"og:image\" content=\"https:\/\/ubirataonline.com.br\/wp-content\/uploads\/2026\/05\/logo2026.webp\" \/>\n\t<meta property=\"og:image:width\" content=\"1531\" \/>\n\t<meta property=\"og:image:height\" content=\"418\" \/>\n\t<meta property=\"og:image:type\" content=\"image\/webp\" \/>\n<meta name=\"author\" content=\"Eduardo\" \/>\n<meta name=\"twitter:card\" content=\"summary_large_image\" \/>\n<meta name=\"twitter:creator\" content=\"@ubirataonline\" \/>\n<meta name=\"twitter:site\" content=\"@ubirataonline\" \/>\n<meta name=\"twitter:label1\" content=\"Written by\" \/>\n\t<meta name=\"twitter:data1\" content=\"Eduardo\" \/>\n\t<meta name=\"twitter:label2\" content=\"Est. reading time\" \/>\n\t<meta name=\"twitter:data2\" content=\"5 minutes\" \/>\n<script type=\"application\/ld+json\" class=\"yoast-schema-graph\">{\"@context\":\"https:\\\/\\\/schema.org\",\"@graph\":[{\"@type\":\"NewsArticle\",\"@id\":\"https:\\\/\\\/ubirataonline.com.br\\\/contra-o-desperdicio-e-a-favor-da-saude-ubirata-aposta-em-novo-modelo-para-modernizar-sua-rede-de-refrigeracao\\\/#article\",\"isPartOf\":{\"@id\":\"https:\\\/\\\/ubirataonline.com.br\\\/contra-o-desperdicio-e-a-favor-da-saude-ubirata-aposta-em-novo-modelo-para-modernizar-sua-rede-de-refrigeracao\\\/\"},\"author\":{\"name\":\"Eduardo\",\"@id\":\"https:\\\/\\\/ubirataonline.com.br\\\/#\\\/schema\\\/person\\\/ae23b7e52da694a7051539ccc0ff050e\"},\"headline\":\"Contra o desperd\u00edcio e a favor da sa\u00fade: Ubirat\u00e3 aposta em novo modelo para modernizar sua rede de refrigera\u00e7\u00e3o\",\"datePublished\":\"2026-04-18T20:18:11+00:00\",\"dateModified\":\"2026-04-18T20:18:12+00:00\",\"mainEntityOfPage\":{\"@id\":\"https:\\\/\\\/ubirataonline.com.br\\\/contra-o-desperdicio-e-a-favor-da-saude-ubirata-aposta-em-novo-modelo-para-modernizar-sua-rede-de-refrigeracao\\\/\"},\"wordCount\":1222,\"publisher\":{\"@id\":\"https:\\\/\\\/ubirataonline.com.br\\\/#organization\"},\"articleSection\":[\"Ubirat\u00e3\"],\"inLanguage\":\"en-US\",\"copyrightYear\":\"2026\",\"copyrightHolder\":{\"@id\":\"https:\\\/\\\/ubirataonline.com.br\\\/en\\\/#organization\"}},{\"@type\":\"WebPage\",\"@id\":\"https:\\\/\\\/ubirataonline.com.br\\\/contra-o-desperdicio-e-a-favor-da-saude-ubirata-aposta-em-novo-modelo-para-modernizar-sua-rede-de-refrigeracao\\\/\",\"url\":\"https:\\\/\\\/ubirataonline.com.br\\\/contra-o-desperdicio-e-a-favor-da-saude-ubirata-aposta-em-novo-modelo-para-modernizar-sua-rede-de-refrigeracao\\\/\",\"name\":\"Contra o desperd\u00edcio e a favor da sa\u00fade: Ubirat\u00e3 aposta em novo modelo para modernizar sua rede de refrigera\u00e7\u00e3o - Ubirat\u00e3 Online Not\u00edcias - A realidade ao seu alcance!\",\"isPartOf\":{\"@id\":\"https:\\\/\\\/ubirataonline.com.br\\\/#website\"},\"datePublished\":\"2026-04-18T20:18:11+00:00\",\"dateModified\":\"2026-04-18T20:18:12+00:00\",\"description\":\"A Prefeitura de Ubirat\u00e3, no Paran\u00e1, deu in\u00edcio a uma iniciativa pouco comum na gest\u00e3o p\u00fablica: um plano estruturado para cuidar, antes que d\u00ea problema, de\",\"breadcrumb\":{\"@id\":\"https:\\\/\\\/ubirataonline.com.br\\\/contra-o-desperdicio-e-a-favor-da-saude-ubirata-aposta-em-novo-modelo-para-modernizar-sua-rede-de-refrigeracao\\\/#breadcrumb\"},\"inLanguage\":\"en-US\",\"potentialAction\":[{\"@type\":\"ReadAction\",\"target\":[\"https:\\\/\\\/ubirataonline.com.br\\\/contra-o-desperdicio-e-a-favor-da-saude-ubirata-aposta-em-novo-modelo-para-modernizar-sua-rede-de-refrigeracao\\\/\"]}]},{\"@type\":\"BreadcrumbList\",\"@id\":\"https:\\\/\\\/ubirataonline.com.br\\\/contra-o-desperdicio-e-a-favor-da-saude-ubirata-aposta-em-novo-modelo-para-modernizar-sua-rede-de-refrigeracao\\\/#breadcrumb\",\"itemListElement\":[{\"@type\":\"ListItem\",\"position\":1,\"name\":\"In\u00edcio\",\"item\":\"https:\\\/\\\/ubirataonline.com.br\\\/\"},{\"@type\":\"ListItem\",\"position\":2,\"name\":\"Contra o desperd\u00edcio e a favor da sa\u00fade: Ubirat\u00e3 aposta em novo modelo para modernizar sua rede de refrigera\u00e7\u00e3o\"}]},{\"@type\":\"WebSite\",\"@id\":\"https:\\\/\\\/ubirataonline.com.br\\\/#website\",\"url\":\"https:\\\/\\\/ubirataonline.com.br\\\/\",\"name\":\"Ubirat\u00e3 Online Not\u00edcias\",\"description\":\"Not\u00edcias de Ubirat\u00e3, regi\u00e3o, Brasil e mundo, com informa\u00e7\u00e3o atualizada e compromisso com o leitor.\",\"publisher\":{\"@id\":\"https:\\\/\\\/ubirataonline.com.br\\\/#organization\"},\"alternateName\":\"Ubirat\u00e3 Online\",\"potentialAction\":[{\"@type\":\"SearchAction\",\"target\":{\"@type\":\"EntryPoint\",\"urlTemplate\":\"https:\\\/\\\/ubirataonline.com.br\\\/?s={search_term_string}\"},\"query-input\":{\"@type\":\"PropertyValueSpecification\",\"valueRequired\":true,\"valueName\":\"search_term_string\"}}],\"inLanguage\":\"en-US\"},{\"@type\":[\"Organization\",\"Place\"],\"@id\":\"https:\\\/\\\/ubirataonline.com.br\\\/#organization\",\"name\":\"Ubirat\u00e3 Online Not\u00edcias\",\"alternateName\":\"Ubirat\u00e3 Online\",\"url\":\"https:\\\/\\\/ubirataonline.com.br\\\/\",\"logo\":{\"@id\":\"https:\\\/\\\/ubirataonline.com.br\\\/contra-o-desperdicio-e-a-favor-da-saude-ubirata-aposta-em-novo-modelo-para-modernizar-sua-rede-de-refrigeracao\\\/#local-main-organization-logo\"},\"image\":{\"@id\":\"https:\\\/\\\/ubirataonline.com.br\\\/contra-o-desperdicio-e-a-favor-da-saude-ubirata-aposta-em-novo-modelo-para-modernizar-sua-rede-de-refrigeracao\\\/#local-main-organization-logo\"},\"sameAs\":[\"https:\\\/\\\/www.facebook.com\\\/portalubirataonline\",\"https:\\\/\\\/x.com\\\/ubirataonline\",\"https:\\\/\\\/mastodon.social\\\/@ubirataonline\",\"https:\\\/\\\/www.facebook.com\\\/groups\\\/311144672285604\",\"https:\\\/\\\/www.facebook.com\\\/UBTAOnline\",\"https:\\\/\\\/www.instagram.com\\\/portalubirataonline\\\/\",\"https:\\\/\\\/twitter.com\\\/ubirataonline\"],\"description\":\"Somos um portal de not\u00edcias independente, criado em 5 de janeiro de 2009, com o objetivo de informar, conectar e valorizar a nossa comunidade de Ubirat\u00e3 e toda aregi\u00e3o. Com conte\u00fado atualizado, confi\u00e1vel e relevante, o Ubirat\u00e3 Online \u00e9 o seu espa\u00e7o para ficar por dentro dos principais acontecimentos locais, regionais, Brasil, Mundo e de interesse geral. Nosso compromisso \u00e9 com a verdade, a transpar\u00eancia e o respeito ao leitor.\",\"legalName\":\"UBIRATA ONLINE NOT\u00cdCIAS\",\"foundingDate\":\"2009-01-05\",\"numberOfEmployees\":{\"@type\":\"QuantitativeValue\",\"minValue\":\"1\",\"maxValue\":\"10\"},\"publishingPrinciples\":\"https:\\\/\\\/ubirataonline.com.br\\\/faq\\\/\",\"address\":{\"@id\":\"https:\\\/\\\/ubirataonline.com.br\\\/contra-o-desperdicio-e-a-favor-da-saude-ubirata-aposta-em-novo-modelo-para-modernizar-sua-rede-de-refrigeracao\\\/#local-main-place-address\"},\"geo\":{\"@type\":\"GeoCoordinates\",\"latitude\":\"-24.5361401\",\"longitude\":\"-52.9921776\"},\"telephone\":[\"+5544998308235\"],\"contactPoint\":{\"@type\":\"ContactPoint\",\"email\":\"contato@ubirataonline.com.br\"},\"openingHoursSpecification\":{\"@type\":\"OpeningHoursSpecification\",\"dayOfWeek\":[\"Monday\",\"Tuesday\",\"Wednesday\",\"Thursday\",\"Friday\",\"Saturday\",\"Sunday\"],\"opens\":\"00:00\",\"closes\":\"23:59\"},\"email\":\"contato@ubirataonline.com.br\",\"vatID\":\"47.621.418\\\/0001-80\"},{\"@type\":\"Person\",\"@id\":\"https:\\\/\\\/ubirataonline.com.br\\\/#\\\/schema\\\/person\\\/ae23b7e52da694a7051539ccc0ff050e\",\"name\":\"Eduardo\",\"url\":\"https:\\\/\\\/ubirataonline.com.br\\\/en\\\/author\\\/eduardo\\\/\"},{\"@type\":\"PostalAddress\",\"@id\":\"https:\\\/\\\/ubirataonline.com.br\\\/contra-o-desperdicio-e-a-favor-da-saude-ubirata-aposta-em-novo-modelo-para-modernizar-sua-rede-de-refrigeracao\\\/#local-main-place-address\",\"streetAddress\":\"Rua dos Coqueiros, 104 - Bairro Boa Vista, Rua dos Coqueiros, 104 Bairro Boa Vista\",\"addressLocality\":\"UBIRATA\",\"postalCode\":\"85440-000\",\"addressRegion\":\"PR\",\"addressCountry\":\"BR\"},{\"@type\":\"ImageObject\",\"inLanguage\":\"en-US\",\"@id\":\"https:\\\/\\\/ubirataonline.com.br\\\/contra-o-desperdicio-e-a-favor-da-saude-ubirata-aposta-em-novo-modelo-para-modernizar-sua-rede-de-refrigeracao\\\/#local-main-organization-logo\",\"url\":\"https:\\\/\\\/ubirataonline.com.br\\\/wp-content\\\/uploads\\\/2026\\\/06\\\/logoubirataonline-1.webp\",\"contentUrl\":\"https:\\\/\\\/ubirataonline.com.br\\\/wp-content\\\/uploads\\\/2026\\\/06\\\/logoubirataonline-1.webp\",\"width\":500,\"height\":500,\"caption\":\"Ubirat\u00e3 Online Not\u00edcias\"}]}<\/script>\n<meta name=\"geo.placename\" content=\"UBIRATA\" \/>\n<meta name=\"geo.position\" content=\"-24.5361401;-52.9921776\" \/>\n<meta name=\"geo.region\" content=\"Brazil\" \/>\n<!-- \/ Yoast SEO Premium plugin. -->","yoast_head_json":{"title":"Contra o desperd\u00edcio e a favor da sa\u00fade: Ubirat\u00e3 aposta em novo modelo para modernizar sua rede de refrigera\u00e7\u00e3o - Ubirat\u00e3 Online Not\u00edcias - A realidade ao seu alcance!","description":"A Prefeitura de Ubirat\u00e3, no Paran\u00e1, deu in\u00edcio a uma iniciativa pouco comum na gest\u00e3o p\u00fablica: um plano estruturado para cuidar, antes que d\u00ea problema, de","robots":{"index":"index","follow":"follow","max-snippet":"max-snippet:-1","max-image-preview":"max-image-preview:large","max-video-preview":"max-video-preview:-1"},"canonical":"https:\/\/ubirataonline.com.br\/en\/contra-o-desperdicio-e-a-favor-da-saude-ubirata-aposta-em-novo-modelo-para-modernizar-sua-rede-de-refrigeracao\/","og_locale":"en_US","og_type":"article","og_title":"Contra o desperd\u00edcio e a favor da sa\u00fade: Ubirat\u00e3 aposta em novo modelo para modernizar sua rede de refrigera\u00e7\u00e3o","og_description":"A Prefeitura de Ubirat\u00e3, no Paran\u00e1, deu in\u00edcio a uma iniciativa pouco comum na gest\u00e3o p\u00fablica: um plano estruturado para cuidar, antes que d\u00ea problema, de","og_url":"https:\/\/ubirataonline.com.br\/en\/contra-o-desperdicio-e-a-favor-da-saude-ubirata-aposta-em-novo-modelo-para-modernizar-sua-rede-de-refrigeracao\/","og_site_name":"Ubirat\u00e3 Online Not\u00edcias - A realidade ao seu alcance!","article_publisher":"https:\/\/www.facebook.com\/portalubirataonline","article_published_time":"2026-04-18T20:18:11+00:00","article_modified_time":"2026-04-18T20:18:12+00:00","og_image":[{"width":1531,"height":418,"url":"https:\/\/ubirataonline.com.br\/wp-content\/uploads\/2026\/05\/logo2026.webp","type":"image\/webp"}],"author":"Eduardo","twitter_card":"summary_large_image","twitter_creator":"@ubirataonline","twitter_site":"@ubirataonline","twitter_misc":{"Written by":"Eduardo","Est. reading time":"5 minutes"},"schema":{"@context":"https:\/\/schema.org","@graph":[{"@type":"NewsArticle","@id":"https:\/\/ubirataonline.com.br\/contra-o-desperdicio-e-a-favor-da-saude-ubirata-aposta-em-novo-modelo-para-modernizar-sua-rede-de-refrigeracao\/#article","isPartOf":{"@id":"https:\/\/ubirataonline.com.br\/contra-o-desperdicio-e-a-favor-da-saude-ubirata-aposta-em-novo-modelo-para-modernizar-sua-rede-de-refrigeracao\/"},"author":{"name":"Eduardo","@id":"https:\/\/ubirataonline.com.br\/#\/schema\/person\/ae23b7e52da694a7051539ccc0ff050e"},"headline":"Contra o desperd\u00edcio e a favor da sa\u00fade: Ubirat\u00e3 aposta em novo modelo para modernizar sua rede de refrigera\u00e7\u00e3o","datePublished":"2026-04-18T20:18:11+00:00","dateModified":"2026-04-18T20:18:12+00:00","mainEntityOfPage":{"@id":"https:\/\/ubirataonline.com.br\/contra-o-desperdicio-e-a-favor-da-saude-ubirata-aposta-em-novo-modelo-para-modernizar-sua-rede-de-refrigeracao\/"},"wordCount":1222,"publisher":{"@id":"https:\/\/ubirataonline.com.br\/#organization"},"articleSection":["Ubirat\u00e3"],"inLanguage":"en-US","copyrightYear":"2026","copyrightHolder":{"@id":"https:\/\/ubirataonline.com.br\/en\/#organization"}},{"@type":"WebPage","@id":"https:\/\/ubirataonline.com.br\/contra-o-desperdicio-e-a-favor-da-saude-ubirata-aposta-em-novo-modelo-para-modernizar-sua-rede-de-refrigeracao\/","url":"https:\/\/ubirataonline.com.br\/contra-o-desperdicio-e-a-favor-da-saude-ubirata-aposta-em-novo-modelo-para-modernizar-sua-rede-de-refrigeracao\/","name":"Contra o desperd\u00edcio e a favor da sa\u00fade: Ubirat\u00e3 aposta em novo modelo para modernizar sua rede de refrigera\u00e7\u00e3o - Ubirat\u00e3 Online Not\u00edcias - A realidade ao seu alcance!","isPartOf":{"@id":"https:\/\/ubirataonline.com.br\/#website"},"datePublished":"2026-04-18T20:18:11+00:00","dateModified":"2026-04-18T20:18:12+00:00","description":"A Prefeitura de Ubirat\u00e3, no Paran\u00e1, deu in\u00edcio a uma iniciativa pouco comum na gest\u00e3o p\u00fablica: um plano estruturado para cuidar, antes que d\u00ea problema, de","breadcrumb":{"@id":"https:\/\/ubirataonline.com.br\/contra-o-desperdicio-e-a-favor-da-saude-ubirata-aposta-em-novo-modelo-para-modernizar-sua-rede-de-refrigeracao\/#breadcrumb"},"inLanguage":"en-US","potentialAction":[{"@type":"ReadAction","target":["https:\/\/ubirataonline.com.br\/contra-o-desperdicio-e-a-favor-da-saude-ubirata-aposta-em-novo-modelo-para-modernizar-sua-rede-de-refrigeracao\/"]}]},{"@type":"BreadcrumbList","@id":"https:\/\/ubirataonline.com.br\/contra-o-desperdicio-e-a-favor-da-saude-ubirata-aposta-em-novo-modelo-para-modernizar-sua-rede-de-refrigeracao\/#breadcrumb","itemListElement":[{"@type":"ListItem","position":1,"name":"In\u00edcio","item":"https:\/\/ubirataonline.com.br\/"},{"@type":"ListItem","position":2,"name":"Contra o desperd\u00edcio e a favor da sa\u00fade: Ubirat\u00e3 aposta em novo modelo para modernizar sua rede de refrigera\u00e7\u00e3o"}]},{"@type":"WebSite","@id":"https:\/\/ubirataonline.com.br\/#website","url":"https:\/\/ubirataonline.com.br\/","name":"Ubirat\u00e3 Online Not\u00edcias","description":"Not\u00edcias de Ubirat\u00e3, regi\u00e3o, Brasil e mundo, com informa\u00e7\u00e3o atualizada e compromisso com o leitor.","publisher":{"@id":"https:\/\/ubirataonline.com.br\/#organization"},"alternateName":"Ubirat\u00e3 Online","potentialAction":[{"@type":"SearchAction","target":{"@type":"EntryPoint","urlTemplate":"https:\/\/ubirataonline.com.br\/?s={search_term_string}"},"query-input":{"@type":"PropertyValueSpecification","valueRequired":true,"valueName":"search_term_string"}}],"inLanguage":"en-US"},{"@type":["Organization","Place"],"@id":"https:\/\/ubirataonline.com.br\/#organization","name":"Ubirat\u00e3 Online Not\u00edcias","alternateName":"Ubirat\u00e3 Online","url":"https:\/\/ubirataonline.com.br\/","logo":{"@id":"https:\/\/ubirataonline.com.br\/contra-o-desperdicio-e-a-favor-da-saude-ubirata-aposta-em-novo-modelo-para-modernizar-sua-rede-de-refrigeracao\/#local-main-organization-logo"},"image":{"@id":"https:\/\/ubirataonline.com.br\/contra-o-desperdicio-e-a-favor-da-saude-ubirata-aposta-em-novo-modelo-para-modernizar-sua-rede-de-refrigeracao\/#local-main-organization-logo"},"sameAs":["https:\/\/www.facebook.com\/portalubirataonline","https:\/\/x.com\/ubirataonline","https:\/\/mastodon.social\/@ubirataonline","https:\/\/www.facebook.com\/groups\/311144672285604","https:\/\/www.facebook.com\/UBTAOnline","https:\/\/www.instagram.com\/portalubirataonline\/","https:\/\/twitter.com\/ubirataonline"],"description":"Somos um portal de not\u00edcias independente, criado em 5 de janeiro de 2009, com o objetivo de informar, conectar e valorizar a nossa comunidade de Ubirat\u00e3 e toda aregi\u00e3o. Com conte\u00fado atualizado, confi\u00e1vel e relevante, o Ubirat\u00e3 Online \u00e9 o seu espa\u00e7o para ficar por dentro dos principais acontecimentos locais, regionais, Brasil, Mundo e de interesse geral. Nosso compromisso \u00e9 com a verdade, a transpar\u00eancia e o respeito ao leitor.","legalName":"UBIRATA ONLINE NOT\u00cdCIAS","foundingDate":"2009-01-05","numberOfEmployees":{"@type":"QuantitativeValue","minValue":"1","maxValue":"10"},"publishingPrinciples":"https:\/\/ubirataonline.com.br\/faq\/","address":{"@id":"https:\/\/ubirataonline.com.br\/contra-o-desperdicio-e-a-favor-da-saude-ubirata-aposta-em-novo-modelo-para-modernizar-sua-rede-de-refrigeracao\/#local-main-place-address"},"geo":{"@type":"GeoCoordinates","latitude":"-24.5361401","longitude":"-52.9921776"},"telephone":["+5544998308235"],"contactPoint":{"@type":"ContactPoint","email":"contato@ubirataonline.com.br"},"openingHoursSpecification":{"@type":"OpeningHoursSpecification","dayOfWeek":["Monday","Tuesday","Wednesday","Thursday","Friday","Saturday","Sunday"],"opens":"00:00","closes":"23:59"},"email":"contato@ubirataonline.com.br","vatID":"47.621.418\/0001-80"},{"@type":"Person","@id":"https:\/\/ubirataonline.com.br\/#\/schema\/person\/ae23b7e52da694a7051539ccc0ff050e","name":"Eduardo","url":"https:\/\/ubirataonline.com.br\/en\/author\/eduardo\/"},{"@type":"PostalAddress","@id":"https:\/\/ubirataonline.com.br\/contra-o-desperdicio-e-a-favor-da-saude-ubirata-aposta-em-novo-modelo-para-modernizar-sua-rede-de-refrigeracao\/#local-main-place-address","streetAddress":"Rua dos Coqueiros, 104 - Bairro Boa Vista, Rua dos Coqueiros, 104 Bairro Boa Vista","addressLocality":"UBIRATA","postalCode":"85440-000","addressRegion":"PR","addressCountry":"BR"},{"@type":"ImageObject","inLanguage":"en-US","@id":"https:\/\/ubirataonline.com.br\/contra-o-desperdicio-e-a-favor-da-saude-ubirata-aposta-em-novo-modelo-para-modernizar-sua-rede-de-refrigeracao\/#local-main-organization-logo","url":"https:\/\/ubirataonline.com.br\/wp-content\/uploads\/2026\/06\/logoubirataonline-1.webp","contentUrl":"https:\/\/ubirataonline.com.br\/wp-content\/uploads\/2026\/06\/logoubirataonline-1.webp","width":500,"height":500,"caption":"Ubirat\u00e3 Online Not\u00edcias"}]},"geo.placename":"UBIRATA","geo.position":{"lat":"-24.5361401","long":"-52.9921776"},"geo.region":"Brazil"},"_links":{"self":[{"href":"https:\/\/ubirataonline.com.br\/en\/wp-json\/wp\/v2\/posts\/111194","targetHints":{"allow":["GET"]}}],"collection":[{"href":"https:\/\/ubirataonline.com.br\/en\/wp-json\/wp\/v2\/posts"}],"about":[{"href":"https:\/\/ubirataonline.com.br\/en\/wp-json\/wp\/v2\/types\/post"}],"author":[{"embeddable":true,"href":"https:\/\/ubirataonline.com.br\/en\/wp-json\/wp\/v2\/users\/13"}],"replies":[{"embeddable":true,"href":"https:\/\/ubirataonline.com.br\/en\/wp-json\/wp\/v2\/comments?post=111194"}],"version-history":[{"count":0,"href":"https:\/\/ubirataonline.com.br\/en\/wp-json\/wp\/v2\/posts\/111194\/revisions"}],"wp:attachment":[{"href":"https:\/\/ubirataonline.com.br\/en\/wp-json\/wp\/v2\/media?parent=111194"}],"wp:term":[{"taxonomy":"category","embeddable":true,"href":"https:\/\/ubirataonline.com.br\/en\/wp-json\/wp\/v2\/categories?post=111194"},{"taxonomy":"post_tag","embeddable":true,"href":"https:\/\/ubirataonline.com.br\/en\/wp-json\/wp\/v2\/tags?post=111194"}],"curies":[{"name":"wp","href":"https:\/\/api.w.org\/{rel}","templated":true}]}}