{"id":111350,"date":"2026-04-18T20:36:43","date_gmt":"2026-04-18T23:36:43","guid":{"rendered":"https:\/\/ubirataonline.com.br\/2026-fiba-hall-of-fame-dirk-nowitzki\/"},"modified":"2026-04-18T20:36:47","modified_gmt":"2026-04-18T23:36:47","slug":"2026-fiba-hall-of-fame-dirk-nowitzki","status":"publish","type":"post","link":"https:\/\/ubirataonline.com.br\/en\/2026-fiba-hall-of-fame-dirk-nowitzki\/","title":{"rendered":"2026 FIBA Hall of Fame: Dirk Nowitzki"},"content":{"rendered":"<p><br \/>\n<\/p>\n<div id=\"\">\n<p>MIES (Switzerland) &#8211; Dirk Nowitzki, who represented Germany for two decades and was MVP of the FIBA Basketball World Cup in 2002 and at FIBA EuroBasket 2005, is being inducted into the FIBA Hall of Fame as a member of the class of 2026.<\/p>\n<p>He will be honored at an enshrinement ceremony in Berlin on April 21, along with other members of the class &#8211; Sue Bird (USA), Celine Dumerc (France), Hedo T\u00fcrko\u011flu (T\u00fcrikye), Clarisse Eulalia Machanguana Ambrosi (Mozambique), Ludwik Mi\u0119tta-Miko\u0142ajewicz (Poland), Whang Zhizhi (China) and Ismenia Pauchard (Chile), who is being inducted posthumously.<\/p>\n<p>The most famous player in his country&#8217;s history, the native of W\u00fcrzburg ensured the spotlight was on German basketball with his commitment to wear the national team jersey throughout his career.<\/p>\n<div data-contentful-field-id=\"picture\" data-contentful-entry-id=\"4CCq5aFWwhuJtOaGoY7Wdg\">\n<figure class=\"_1dz8zx01 _1dz8zx02\"><img alt=\"\" style=\"opacity:0;object-fit:cover\"\/><figcaption class=\"_1dz8zx05\">\n<p>Nowitzki had a long career with Germany<\/p>\n<\/figcaption><\/figure>\n<\/div>\n<p>Hearing the name Nowitzki brings back all sorts of memories for international basketball fans.<\/p>\n<p>He first showed off his amazing talent at the FIBA EuroBasket 2001 in Istanbul, where his high-flying performances established him as the tournament\u2019s most dominant scorer. Germany finished just off the podium, despite Nowitzki delivering one of the standout individual games of the competition in the Third-Place decider against Spain.<\/p>\n<div data-contentful-field-id=\"picture\" data-contentful-entry-id=\"7u4f8L7wmTeAAoDOsr507F\">\n<figure class=\"_1dz8zx01 _1dz8zx02\"><img alt=\"\" style=\"opacity:0;object-fit:cover\"\/><figcaption class=\"_1dz8zx05\">\n<p>Nowitzki was the MVP of the 2002 FIBA Basketball World Cup in Indianapolis, where he lead Germany to third place.<\/p>\n<\/figcaption><\/figure>\n<\/div>\n<p>The following year at the FIBA Basketball World Cup 2002 in Indianapolis Nowitzki once again rose above the field, leading Germany to a historic third\u2011place finish. His complete command of the game earned him MVP honors, a testament to the way he dominated the court, not just through scoring but through his all\u2011around influence.<\/p>\n<p>At EuroBasket 2005 in Belgrade, his leadership, his offensive consistency and elite rebounding once more propelled Germany deep into the tournament, reinforcing his status as one of Europe\u2019s most influential players.<\/p>\n<div data-contentful-field-id=\"picture\" data-contentful-entry-id=\"7P4H4awetz0TlSIV2fzA9\">\n<figure class=\"_1dz8zx01 _1dz8zx02\"><img alt=\"\" style=\"opacity:0;object-fit:cover\"\/><figcaption class=\"_1dz8zx05\">\n<p>Nowitzki led Germany to the FIBA EuroBasket 2005 Final and was named MVP of the event<\/p>\n<\/figcaption><\/figure>\n<\/div>\n<p>At the 2006 FIBA Basketball World Cup in Japan, Nowitzki shone yet again as his country reached the Quarter-Finals in the tournament, which had expanded from 16 to 24 teams.<\/p>\n<p>His 23.2 points per game made him the event&#8217;s second leading scorer on average, though his 209 points overall were far and away the most in the competition.<\/p>\n<div data-contentful-field-id=\"picture\" data-contentful-entry-id=\"775QtmoSe9mfPO9OsYjo6P\">\n<figure class=\"_1dz8zx01 _1dz8zx02\"><img alt=\"\" style=\"opacity:0;object-fit:cover\"\/><figcaption class=\"_1dz8zx05\">\n<p>Nowitzki poured in 47 points against Angola at the 2006 FIBA Basketball World Cup in Japan<\/p>\n<\/figcaption><\/figure>\n<\/div>\n<p>The national team highlights continued for the next couple of years.<\/p>\n<p>At EuroBasket 2007 in Spain, Nowitzki made the All-Star Five after Germany finished fifth. His 24 points per game ranked first ahead of Tony Parker of France, Hidayet T\u00fcrko\u011flu of T\u00fcrkiye, Pau Gasol of Spain, and tournament MVP Andrei Kirilenko of Russia.<\/p>\n<div data-contentful-field-id=\"picture\" data-contentful-entry-id=\"2OaSekiBIIBL0amRiRGC5P\">\n<figure class=\"_1dz8zx01 _1dz8zx02\"><img alt=\"\" style=\"opacity:0;object-fit:cover\"\/><figcaption class=\"_1dz8zx05\">\n<p>Nowitzki made the All-Star Five at FIBA EuroBasket 2007 in Spain<\/p>\n<\/figcaption><\/figure>\n<\/div>\n<p>At the 2008 FIBA Olympic Qualifying Tournament in Athens, Nowitzki once again carried Germany on his shoulders, securing one of the three coveted qualifying spots for the Beijing Games.<\/p>\n<p>That paved the way for the hoops icon to not only feature at the Olympics for the first time, but to serve as his nation&#8217;s flag-bearer during the Opening Ceremony.<\/p>\n<div data-contentful-field-id=\"picture\" data-contentful-entry-id=\"3jYTPqMH5Yz8N9tkyMh0hT\">\n<figure class=\"_1dz8zx01 _1dz8zx02\"><img alt=\"\" style=\"opacity:0;object-fit:cover\"\/><figcaption class=\"_1dz8zx05\">\n<p>Nowitzki served as Germany&#8217;s flag bearer during the Opening Ceremony of the 2008 Olympics<\/p>\n<\/figcaption><\/figure>\n<\/div>\n<p>He next played for Germany at EuroBasket 2011 in Lithuania and ended his national team career at EuroBasket 2015.<\/p>\n<p>Nowitzki scaled the heights in the NBA with the only club he played for, the Dallas Mavericks. In the league, Nowitzki dazzled whenever he ran onto the court. He was the MVP in 2007 and MVP of the 2011 NBA Finals after spearheading Dallas&#8217; run to their first and still only championship.<\/p>\n<div data-contentful-field-id=\"picture\" data-contentful-entry-id=\"7vx2QYVjENTCS3mmtGMm1x\">\n<figure class=\"_1dz8zx01 _1dz8zx02\"><img alt=\"\" style=\"opacity:0;object-fit:cover\"\/><figcaption class=\"_1dz8zx05\">\n<p>Nowitzki played at the 2008 Olympics in China<\/p>\n<\/figcaption><\/figure>\n<\/div>\n<p>During his incredible run with the Mavs that began in 1998 and concluded in 2019, Nowitzki four times made the All-NBA First Team, five times All-NBA Second Team and three times All-NBA Third Team. A 14-time NBA All-Star, his impact on the franchise was immortalized when the Mavericks retired his iconic No. 41 jersey.<\/p>\n<p>Since 2019, Nowitzki has served as Chair of FIBA&#8217;s Players\u2019 Commission and was inducted into the Naismith Memorial Basketball Hall of Fame in 2023.<\/p>\n<div class=\"tupwnc9\">\n<div class=\"tupwncb\" style=\"--tupwnc4:unset\">\n<table class=\"tupwnca\">\n<tbody>\n<tr class=\"_196da2p2\">\n<th>\n<p>Name<\/p>\n<\/th>\n<th>\n<p>Dirk Nowitzki<\/p>\n<\/th>\n<\/tr>\n<tr class=\"_196da2p2\">\n<td>\n<p>Category of inductee<\/p>\n<\/td>\n<td>\n<p>Player (Power forward)<\/p>\n<\/td>\n<\/tr>\n<tr class=\"_196da2p2\">\n<td>\n<p>Date of Birth<\/p>\n<\/td>\n<td>\n<p>19th June 1978<\/p>\n<\/td>\n<\/tr>\n<tr class=\"_196da2p2\">\n<td>\n<p>Place of Birth<\/p>\n<\/td>\n<td>\n<p>W\u00fcrzburg, West Germany<\/p>\n<\/td>\n<\/tr>\n<tr class=\"_196da2p2\">\n<td>\n<p>Nationality<\/p>\n<\/td>\n<td>\n<p>German<\/p>\n<\/td>\n<\/tr>\n<tr class=\"_196da2p2\">\n<td>\n<p>Height<\/p>\n<\/td>\n<td>\n<p>2.13m, 7ft 0in<\/p>\n<\/td>\n<\/tr>\n<tr class=\"_196da2p2\">\n<td>\n<p>Teams<\/p>\n<\/td>\n<td>\n<p>\u00b7 DJK W\u00fcrzburg (1994-1998)<\/p>\n<p>\u00b7 Dallas Mavericks (1998-2019)<\/p>\n<\/td>\n<\/tr>\n<tr class=\"_196da2p2\">\n<td>\n<p>Club Highlights<\/p>\n<\/td>\n<td>\n<p>NBA champion (2011)<\/p>\n<\/td>\n<\/tr>\n<tr class=\"_196da2p2\">\n<td>\n<p>National Team Highlights<\/p>\n<\/td>\n<td>\n<p>\u00b7 FIBA Basketball World Cup Bronze Medalist (2002)<\/p>\n<p>\u00b7 FIBA EuroBasket 2005 Silver Medalist<\/p>\n<p>\u00a0<\/p>\n<\/td>\n<\/tr>\n<tr class=\"_196da2p2\">\n<td>\n<p>Individual Highlights<\/p>\n<\/td>\n<td>\n<p>\u00b7 Played in seven FIBA EuroBasket (1999, 2001, 2003, 2005, 2007, 2011, 2015)<\/p>\n<p>\u00b7 Played in two FIBA Basketball World Cups (2002, 2006) <\/p>\n<p>\u00b7 Played in Olympic Games (2008)<\/p>\n<p>\u00b7 Leading scorer of FIBA Olympic Qualifying Tournament (2008, 26.6ppg)<\/p>\n<p>\u00b7 German Bundesliga MVP (1999)<\/p>\n<p>\u00b7 German Bundesliga Top Scorer (1999)<\/p>\n<p>\u00b7 FIBA World Cup MVP (2002)<\/p>\n<p>\u00b7 2x FIBA Basketball World Cup Top Scorer (2002, 2006)<\/p>\n<p>\u00b7 FIBA EuroBasket MVP (2005)<\/p>\n<p>\u00b7 FIBA EuroBasket All-Star Five (2005, 2007)<\/p>\n<p>\u00b7 3x FIBA EuroBasket Top Scorer (2001, 2005, 2007)<\/p>\n<p>\u00b7 FIBA EuroBasket Dream Team (2020)<\/p>\n<p>\u00b7 6\u00d7 Euroscar Player of the Year (2002\u20132006, 2011)<\/p>\n<p>\u00b7 2\u00d7 FIBA Europe Men&#8217;s Player of the Year (2005, 2011)<\/p>\n<p>\u00b7 Mister Europa Player of the Year (2005)<\/p>\n<p>\u00b7 No. 14 retired by Germany national team<\/p>\n<p>\u00b7 NBA Three-Point Contest champion (2006)<\/p>\n<p>\u00b7 NBA Most Valuable Player (2007)<\/p>\n<p>\u00b7 NBA Finals MVP (2011)<\/p>\n<p>\u00b7 4\u00d7 All-NBA First Team (2005\u20132007, 2009)<\/p>\n<p>\u00b7 5\u00d7 All-NBA Second Team (2002, 2003, 2008, 2010, 2011)<\/p>\n<p>\u00b7 3\u00d7 All-NBA Third Team (2001, 2004, 2012)<\/p>\n<p>\u00b7 14\u00d7 NBA All-Star (2002\u20132012, 2014, 2015, 2019)<\/p>\n<p>\u00b7 First European to hit the 30,000-point milestone in NBA<\/p>\n<p>\u00b7 NBA 75th Anniversary Team<\/p>\n<p>\u00b7 No. 41 retired by Dallas Mavericks<\/p>\n<p>\u00b7 German Olympic Flag bearer (2008)<\/p>\n<p>\u00b7 German Sports Personality of the Year (2011)<\/p>\n<p>\u00b7 Laureus Lifetime Achievement Award (2020)<\/p>\n<\/td>\n<\/tr>\n<\/tbody>\n<\/table>\n<\/div>\n<\/div>\n<h4>FIBA<\/h4>\n<div class=\"fiba-urcbug\">\n<div data-contentful-field-id=\"title\" data-contentful-entry-id=\"4SInHr6r9No5B9ilwanE9\" class=\"c2u42p0 _1dz8zx00 theme--dark\">\n<div class=\"c2u42p3\">\n<figure class=\"_1dz8zx01 _1dz8zx04 _1dz8zx08\"><img alt=\"\" style=\"opacity:0;object-fit:cover\"\/><\/figure>\n<\/div>\n<div class=\"c2u42p5\">\n<div>\n<p>Secure your seat for the FIBA Hall of Fame 2026<\/p>\n<\/div>\n<p><a class=\"_1strzza9 c2u42p1 _1strzzaa _1strzzat _1strzzab _1strzzag _1strzzam\" target=\"_blank\" href=\"https:\/\/tickets.oneboxtds.com\/halloffame\/events\/54219?sessionView=LIST&amp;utm_source=fiba_website&amp;utm_medium=content_block&amp;utm_campaign=HOF2026\"><span class=\"_1strzzav\"><svg xmlns=\"http:\/\/www.w3.org\/2000\/svg\" stroke=\"currentColor\" fill=\"currentColor\" stroke-width=\"0\" viewbox=\"0 0 24 24\" height=\"16\" width=\"16\"><path d=\"M10 6V8H5V19H16V14H18V20C18 20.5523 17.5523 21 17 21H4C3.44772 21 3 20.5523 3 20V7C3 6.44772 3.44772 6 4 6H10ZM21 3V11H19L18.9999 6.413L11.2071 14.2071L9.79289 12.7929L17.5849 5H13V3H21Z\"\/><\/svg><\/span><\/p>\n<p>Buy tickets<\/p>\n<p><\/a><\/div>\n<\/div>\n<\/div>\n<\/div>\n<p><br \/>\n<br \/><a href=\"https:\/\/about.fiba.basketball\/en\/regions\/europe\/news\/2026-fiba-hall-of-fame-dirk-nowitzki\">Source link <\/a><\/p>","protected":false},"excerpt":{"rendered":"<p>MIES (Switzerland) &#8211; Dirk Nowitzki, who represented Germany for two decades and was MVP of the FIBA Basketball World Cup in 2002 and at FIBA EuroBasket 2005, is being inducted into the FIBA Hall of Fame as a member of the class of 2026. He will be honored at an enshrinement ceremony in Berlin on [&hellip;]<\/p>\n","protected":false},"author":1,"featured_media":111351,"comment_status":"closed","ping_status":"","sticky":false,"template":"","format":"standard","meta":{"googlesitekit_rrm_CAow2JLhCw:productID":"","_gspb_post_css":"","maa_idioma":"","maa_pais":"","footnotes":""},"categories":[2725],"tags":[29785,6725,29784,4019,29786],"class_list":["post-111350","post","type-post","status-publish","format-standard","has-post-thumbnail","hentry","category-europe","tag-dirk","tag-fame","tag-fiba","tag-hall","tag-nowitzki"],"blocksy_meta":[],"yoast_head":"<!-- This site is optimized with the Yoast SEO Premium plugin v27.6 (Yoast SEO v27.6) - https:\/\/yoast.com\/product\/yoast-seo-premium-wordpress\/ -->\n<title>2026 FIBA Hall of Fame: Dirk Nowitzki - Ubirat\u00e3 Online Not\u00edcias - A realidade ao seu alcance!<\/title>\n<meta name=\"description\" content=\"MIES (Switzerland) - Dirk Nowitzki, who represented Germany for two decades and was MVP of the FIBA Basketball World Cup in 2002 and at FIBA EuroBasket\" \/>\n<meta name=\"robots\" content=\"index, follow, max-snippet:-1, max-image-preview:large, max-video-preview:-1\" \/>\n<link rel=\"canonical\" href=\"https:\/\/ubirataonline.com.br\/en\/2026-fiba-hall-of-fame-dirk-nowitzki\/\" \/>\n<meta property=\"og:locale\" content=\"en_US\" \/>\n<meta property=\"og:type\" content=\"article\" \/>\n<meta property=\"og:title\" content=\"2026 FIBA Hall of Fame: Dirk Nowitzki\" \/>\n<meta property=\"og:description\" content=\"MIES (Switzerland) - Dirk Nowitzki, who represented Germany for two decades and was MVP of the FIBA Basketball World Cup in 2002 and at FIBA EuroBasket\" \/>\n<meta property=\"og:url\" content=\"https:\/\/ubirataonline.com.br\/en\/2026-fiba-hall-of-fame-dirk-nowitzki\/\" \/>\n<meta property=\"og:site_name\" content=\"Ubirat\u00e3 Online Not\u00edcias - A realidade ao seu alcance!\" \/>\n<meta property=\"article:publisher\" content=\"https:\/\/www.facebook.com\/portalubirataonline\" \/>\n<meta property=\"article:author\" content=\"https:\/\/www.facebook.com\/portalubirataonline\" \/>\n<meta property=\"article:published_time\" content=\"2026-04-18T23:36:43+00:00\" \/>\n<meta property=\"article:modified_time\" content=\"2026-04-18T23:36:47+00:00\" \/>\n<meta property=\"og:image\" content=\"https:\/\/ubirataonline.com.br\/wp-content\/uploads\/2026\/04\/2026-FIBA-Hall-of-Fame-Dirk-Nowitzki.png\" \/>\n\t<meta property=\"og:image:width\" content=\"2000\" \/>\n\t<meta property=\"og:image:height\" content=\"1125\" \/>\n\t<meta property=\"og:image:type\" content=\"image\/png\" \/>\n<meta name=\"author\" content=\"REDA\u00c7\u00c3O: UBIRAT\u00c3 ONLINE - F\u00c1BIO AUGUSTO CELESTINO\" \/>\n<meta name=\"twitter:card\" content=\"summary_large_image\" \/>\n<meta name=\"twitter:creator\" content=\"@x.com\/ubirataonline\" \/>\n<meta name=\"twitter:site\" content=\"@ubirataonline\" \/>\n<meta name=\"twitter:label1\" content=\"Written by\" \/>\n\t<meta name=\"twitter:data1\" content=\"REDA\u00c7\u00c3O: UBIRAT\u00c3 ONLINE - F\u00c1BIO AUGUSTO CELESTINO\" \/>\n\t<meta name=\"twitter:label2\" content=\"Est. reading time\" \/>\n\t<meta name=\"twitter:data2\" content=\"4 minutes\" \/>\n<script type=\"application\/ld+json\" class=\"yoast-schema-graph\">{\"@context\":\"https:\\\/\\\/schema.org\",\"@graph\":[{\"@type\":\"NewsArticle\",\"@id\":\"https:\\\/\\\/ubirataonline.com.br\\\/2026-fiba-hall-of-fame-dirk-nowitzki\\\/#article\",\"isPartOf\":{\"@id\":\"https:\\\/\\\/ubirataonline.com.br\\\/2026-fiba-hall-of-fame-dirk-nowitzki\\\/\"},\"author\":{\"name\":\"REDA\u00c7\u00c3O: UBIRAT\u00c3 ONLINE - F\u00c1BIO AUGUSTO CELESTINO\",\"@id\":\"https:\\\/\\\/ubirataonline.com.br\\\/#\\\/schema\\\/person\\\/372f87bbd3fdd79b8556b84c98d0bc1c\"},\"headline\":\"2026 FIBA Hall of Fame: Dirk Nowitzki\",\"datePublished\":\"2026-04-18T23:36:43+00:00\",\"dateModified\":\"2026-04-18T23:36:47+00:00\",\"mainEntityOfPage\":{\"@id\":\"https:\\\/\\\/ubirataonline.com.br\\\/2026-fiba-hall-of-fame-dirk-nowitzki\\\/\"},\"wordCount\":885,\"publisher\":{\"@id\":\"https:\\\/\\\/ubirataonline.com.br\\\/#organization\"},\"image\":{\"@id\":\"https:\\\/\\\/ubirataonline.com.br\\\/2026-fiba-hall-of-fame-dirk-nowitzki\\\/#primaryimage\"},\"thumbnailUrl\":\"https:\\\/\\\/ubirataonline.com.br\\\/wp-content\\\/uploads\\\/2026\\\/04\\\/2026-FIBA-Hall-of-Fame-Dirk-Nowitzki.png\",\"keywords\":[\"Dirk\",\"fame\",\"FIBA\",\"Hall\",\"Nowitzki\"],\"articleSection\":[\"Europe\"],\"inLanguage\":\"en-US\",\"copyrightYear\":\"2026\",\"copyrightHolder\":{\"@id\":\"https:\\\/\\\/ubirataonline.com.br\\\/en\\\/#organization\"}},{\"@type\":\"WebPage\",\"@id\":\"https:\\\/\\\/ubirataonline.com.br\\\/2026-fiba-hall-of-fame-dirk-nowitzki\\\/\",\"url\":\"https:\\\/\\\/ubirataonline.com.br\\\/2026-fiba-hall-of-fame-dirk-nowitzki\\\/\",\"name\":\"2026 FIBA Hall of Fame: Dirk Nowitzki - Ubirat\u00e3 Online Not\u00edcias - A realidade ao seu alcance!\",\"isPartOf\":{\"@id\":\"https:\\\/\\\/ubirataonline.com.br\\\/#website\"},\"primaryImageOfPage\":{\"@id\":\"https:\\\/\\\/ubirataonline.com.br\\\/2026-fiba-hall-of-fame-dirk-nowitzki\\\/#primaryimage\"},\"image\":{\"@id\":\"https:\\\/\\\/ubirataonline.com.br\\\/2026-fiba-hall-of-fame-dirk-nowitzki\\\/#primaryimage\"},\"thumbnailUrl\":\"https:\\\/\\\/ubirataonline.com.br\\\/wp-content\\\/uploads\\\/2026\\\/04\\\/2026-FIBA-Hall-of-Fame-Dirk-Nowitzki.png\",\"datePublished\":\"2026-04-18T23:36:43+00:00\",\"dateModified\":\"2026-04-18T23:36:47+00:00\",\"description\":\"MIES (Switzerland) - Dirk Nowitzki, who represented Germany for two decades and was MVP of the FIBA Basketball World Cup in 2002 and at FIBA EuroBasket\",\"breadcrumb\":{\"@id\":\"https:\\\/\\\/ubirataonline.com.br\\\/2026-fiba-hall-of-fame-dirk-nowitzki\\\/#breadcrumb\"},\"inLanguage\":\"en-US\",\"potentialAction\":[{\"@type\":\"ReadAction\",\"target\":[\"https:\\\/\\\/ubirataonline.com.br\\\/2026-fiba-hall-of-fame-dirk-nowitzki\\\/\"]}]},{\"@type\":\"ImageObject\",\"inLanguage\":\"en-US\",\"@id\":\"https:\\\/\\\/ubirataonline.com.br\\\/2026-fiba-hall-of-fame-dirk-nowitzki\\\/#primaryimage\",\"url\":\"https:\\\/\\\/ubirataonline.com.br\\\/wp-content\\\/uploads\\\/2026\\\/04\\\/2026-FIBA-Hall-of-Fame-Dirk-Nowitzki.png\",\"contentUrl\":\"https:\\\/\\\/ubirataonline.com.br\\\/wp-content\\\/uploads\\\/2026\\\/04\\\/2026-FIBA-Hall-of-Fame-Dirk-Nowitzki.png\",\"width\":2000,\"height\":1125,\"caption\":\"Nowitzki had a long career with Germany\"},{\"@type\":\"BreadcrumbList\",\"@id\":\"https:\\\/\\\/ubirataonline.com.br\\\/2026-fiba-hall-of-fame-dirk-nowitzki\\\/#breadcrumb\",\"itemListElement\":[{\"@type\":\"ListItem\",\"position\":1,\"name\":\"In\u00edcio\",\"item\":\"https:\\\/\\\/ubirataonline.com.br\\\/\"},{\"@type\":\"ListItem\",\"position\":2,\"name\":\"2026 FIBA Hall of Fame: Dirk Nowitzki\"}]},{\"@type\":\"WebSite\",\"@id\":\"https:\\\/\\\/ubirataonline.com.br\\\/#website\",\"url\":\"https:\\\/\\\/ubirataonline.com.br\\\/\",\"name\":\"Ubirat\u00e3 Online Not\u00edcias\",\"description\":\"Not\u00edcias de Ubirat\u00e3, regi\u00e3o, Brasil e mundo, com informa\u00e7\u00e3o atualizada e compromisso com o leitor.\",\"publisher\":{\"@id\":\"https:\\\/\\\/ubirataonline.com.br\\\/#organization\"},\"alternateName\":\"Ubirat\u00e3 Online\",\"potentialAction\":[{\"@type\":\"SearchAction\",\"target\":{\"@type\":\"EntryPoint\",\"urlTemplate\":\"https:\\\/\\\/ubirataonline.com.br\\\/?s={search_term_string}\"},\"query-input\":{\"@type\":\"PropertyValueSpecification\",\"valueRequired\":true,\"valueName\":\"search_term_string\"}}],\"inLanguage\":\"en-US\"},{\"@type\":[\"Organization\",\"Place\"],\"@id\":\"https:\\\/\\\/ubirataonline.com.br\\\/#organization\",\"name\":\"Ubirat\u00e3 Online Not\u00edcias\",\"alternateName\":\"Ubirat\u00e3 Online\",\"url\":\"https:\\\/\\\/ubirataonline.com.br\\\/\",\"logo\":{\"@id\":\"https:\\\/\\\/ubirataonline.com.br\\\/2026-fiba-hall-of-fame-dirk-nowitzki\\\/#local-main-organization-logo\"},\"image\":{\"@id\":\"https:\\\/\\\/ubirataonline.com.br\\\/2026-fiba-hall-of-fame-dirk-nowitzki\\\/#local-main-organization-logo\"},\"sameAs\":[\"https:\\\/\\\/www.facebook.com\\\/portalubirataonline\",\"https:\\\/\\\/x.com\\\/ubirataonline\",\"https:\\\/\\\/mastodon.social\\\/@ubirataonline\",\"https:\\\/\\\/www.facebook.com\\\/groups\\\/311144672285604\",\"https:\\\/\\\/www.facebook.com\\\/UBTAOnline\",\"https:\\\/\\\/www.instagram.com\\\/portalubirataonline\\\/\",\"https:\\\/\\\/twitter.com\\\/ubirataonline\"],\"description\":\"Somos um portal de not\u00edcias independente, criado em 5 de janeiro de 2009, com o objetivo de informar, conectar e valorizar a nossa comunidade de Ubirat\u00e3 e toda aregi\u00e3o. Com conte\u00fado atualizado, confi\u00e1vel e relevante, o Ubirat\u00e3 Online \u00e9 o seu espa\u00e7o para ficar por dentro dos principais acontecimentos locais, regionais, Brasil, Mundo e de interesse geral. Nosso compromisso \u00e9 com a verdade, a transpar\u00eancia e o respeito ao leitor.\",\"legalName\":\"UBIRATA ONLINE NOT\u00cdCIAS\",\"foundingDate\":\"2009-01-05\",\"numberOfEmployees\":{\"@type\":\"QuantitativeValue\",\"minValue\":\"1\",\"maxValue\":\"10\"},\"publishingPrinciples\":\"https:\\\/\\\/ubirataonline.com.br\\\/faq\\\/\",\"address\":{\"@id\":\"https:\\\/\\\/ubirataonline.com.br\\\/2026-fiba-hall-of-fame-dirk-nowitzki\\\/#local-main-place-address\"},\"geo\":{\"@type\":\"GeoCoordinates\",\"latitude\":\"-24.5361401\",\"longitude\":\"-52.9921776\"},\"telephone\":[\"+5544998308235\"],\"contactPoint\":{\"@type\":\"ContactPoint\",\"email\":\"contato@ubirataonline.com.br\"},\"openingHoursSpecification\":{\"@type\":\"OpeningHoursSpecification\",\"dayOfWeek\":[\"Monday\",\"Tuesday\",\"Wednesday\",\"Thursday\",\"Friday\",\"Saturday\",\"Sunday\"],\"opens\":\"00:00\",\"closes\":\"23:59\"},\"email\":\"contato@ubirataonline.com.br\",\"vatID\":\"47.621.418\\\/0001-80\"},{\"@type\":\"Person\",\"@id\":\"https:\\\/\\\/ubirataonline.com.br\\\/#\\\/schema\\\/person\\\/372f87bbd3fdd79b8556b84c98d0bc1c\",\"name\":\"REDA\u00c7\u00c3O: UBIRAT\u00c3 ONLINE - F\u00c1BIO AUGUSTO CELESTINO\",\"pronouns\":\"Ele\",\"description\":\"Desde 2003 trabalhando com not\u00edcias.\",\"sameAs\":[\"http:\\\/\\\/ubirataoline.com.br\",\"https:\\\/\\\/www.facebook.com\\\/portalubirataonline\",\"https:\\\/\\\/www.instagram.com\\\/ubirataonline_oficial\",\"https:\\\/\\\/x.com\\\/x.com\\\/ubirataonline\"],\"honorificPrefix\":\"Mr.\",\"honorificSuffix\":\"MD\",\"birthDate\":\"1980-06-16\",\"gender\":\"masculino\",\"award\":[\"V\u00e1rios pr\u00eamios de melhor portal da cidade\"],\"jobTitle\":\"Diretor\",\"url\":\"https:\\\/\\\/ubirataonline.com.br\\\/en\\\/author\\\/ubirataonline\\\/\"},{\"@type\":\"PostalAddress\",\"@id\":\"https:\\\/\\\/ubirataonline.com.br\\\/2026-fiba-hall-of-fame-dirk-nowitzki\\\/#local-main-place-address\",\"streetAddress\":\"Rua dos Coqueiros, 104 - Bairro Boa Vista, Rua dos Coqueiros, 104 Bairro Boa Vista\",\"addressLocality\":\"UBIRATA\",\"postalCode\":\"85440-000\",\"addressRegion\":\"PR\",\"addressCountry\":\"BR\"},{\"@type\":\"ImageObject\",\"inLanguage\":\"en-US\",\"@id\":\"https:\\\/\\\/ubirataonline.com.br\\\/2026-fiba-hall-of-fame-dirk-nowitzki\\\/#local-main-organization-logo\",\"url\":\"https:\\\/\\\/ubirataonline.com.br\\\/wp-content\\\/uploads\\\/2026\\\/06\\\/logoubirataonline-1.webp\",\"contentUrl\":\"https:\\\/\\\/ubirataonline.com.br\\\/wp-content\\\/uploads\\\/2026\\\/06\\\/logoubirataonline-1.webp\",\"width\":500,\"height\":500,\"caption\":\"Ubirat\u00e3 Online Not\u00edcias\"}]}<\/script>\n<meta name=\"geo.placename\" content=\"UBIRATA\" \/>\n<meta name=\"geo.position\" content=\"-24.5361401;-52.9921776\" \/>\n<meta name=\"geo.region\" content=\"Brazil\" \/>\n<!-- \/ Yoast SEO Premium plugin. -->","yoast_head_json":{"title":"2026 FIBA Hall of Fame: Dirk Nowitzki - Ubirat\u00e3 Online Not\u00edcias - A realidade ao seu alcance!","description":"MIES (Switzerland) - Dirk Nowitzki, who represented Germany for two decades and was MVP of the FIBA Basketball World Cup in 2002 and at FIBA EuroBasket","robots":{"index":"index","follow":"follow","max-snippet":"max-snippet:-1","max-image-preview":"max-image-preview:large","max-video-preview":"max-video-preview:-1"},"canonical":"https:\/\/ubirataonline.com.br\/en\/2026-fiba-hall-of-fame-dirk-nowitzki\/","og_locale":"en_US","og_type":"article","og_title":"2026 FIBA Hall of Fame: Dirk Nowitzki","og_description":"MIES (Switzerland) - Dirk Nowitzki, who represented Germany for two decades and was MVP of the FIBA Basketball World Cup in 2002 and at FIBA EuroBasket","og_url":"https:\/\/ubirataonline.com.br\/en\/2026-fiba-hall-of-fame-dirk-nowitzki\/","og_site_name":"Ubirat\u00e3 Online Not\u00edcias - A realidade ao seu alcance!","article_publisher":"https:\/\/www.facebook.com\/portalubirataonline","article_author":"https:\/\/www.facebook.com\/portalubirataonline","article_published_time":"2026-04-18T23:36:43+00:00","article_modified_time":"2026-04-18T23:36:47+00:00","og_image":[{"width":2000,"height":1125,"url":"https:\/\/ubirataonline.com.br\/wp-content\/uploads\/2026\/04\/2026-FIBA-Hall-of-Fame-Dirk-Nowitzki.png","type":"image\/png"}],"author":"REDA\u00c7\u00c3O: UBIRAT\u00c3 ONLINE - F\u00c1BIO AUGUSTO CELESTINO","twitter_card":"summary_large_image","twitter_creator":"@x.com\/ubirataonline","twitter_site":"@ubirataonline","twitter_misc":{"Written by":"REDA\u00c7\u00c3O: UBIRAT\u00c3 ONLINE - F\u00c1BIO AUGUSTO CELESTINO","Est. reading time":"4 minutes"},"schema":{"@context":"https:\/\/schema.org","@graph":[{"@type":"NewsArticle","@id":"https:\/\/ubirataonline.com.br\/2026-fiba-hall-of-fame-dirk-nowitzki\/#article","isPartOf":{"@id":"https:\/\/ubirataonline.com.br\/2026-fiba-hall-of-fame-dirk-nowitzki\/"},"author":{"name":"REDA\u00c7\u00c3O: UBIRAT\u00c3 ONLINE - F\u00c1BIO AUGUSTO CELESTINO","@id":"https:\/\/ubirataonline.com.br\/#\/schema\/person\/372f87bbd3fdd79b8556b84c98d0bc1c"},"headline":"2026 FIBA Hall of Fame: Dirk Nowitzki","datePublished":"2026-04-18T23:36:43+00:00","dateModified":"2026-04-18T23:36:47+00:00","mainEntityOfPage":{"@id":"https:\/\/ubirataonline.com.br\/2026-fiba-hall-of-fame-dirk-nowitzki\/"},"wordCount":885,"publisher":{"@id":"https:\/\/ubirataonline.com.br\/#organization"},"image":{"@id":"https:\/\/ubirataonline.com.br\/2026-fiba-hall-of-fame-dirk-nowitzki\/#primaryimage"},"thumbnailUrl":"https:\/\/ubirataonline.com.br\/wp-content\/uploads\/2026\/04\/2026-FIBA-Hall-of-Fame-Dirk-Nowitzki.png","keywords":["Dirk","fame","FIBA","Hall","Nowitzki"],"articleSection":["Europe"],"inLanguage":"en-US","copyrightYear":"2026","copyrightHolder":{"@id":"https:\/\/ubirataonline.com.br\/en\/#organization"}},{"@type":"WebPage","@id":"https:\/\/ubirataonline.com.br\/2026-fiba-hall-of-fame-dirk-nowitzki\/","url":"https:\/\/ubirataonline.com.br\/2026-fiba-hall-of-fame-dirk-nowitzki\/","name":"2026 FIBA Hall of Fame: Dirk Nowitzki - Ubirat\u00e3 Online Not\u00edcias - A realidade ao seu alcance!","isPartOf":{"@id":"https:\/\/ubirataonline.com.br\/#website"},"primaryImageOfPage":{"@id":"https:\/\/ubirataonline.com.br\/2026-fiba-hall-of-fame-dirk-nowitzki\/#primaryimage"},"image":{"@id":"https:\/\/ubirataonline.com.br\/2026-fiba-hall-of-fame-dirk-nowitzki\/#primaryimage"},"thumbnailUrl":"https:\/\/ubirataonline.com.br\/wp-content\/uploads\/2026\/04\/2026-FIBA-Hall-of-Fame-Dirk-Nowitzki.png","datePublished":"2026-04-18T23:36:43+00:00","dateModified":"2026-04-18T23:36:47+00:00","description":"MIES (Switzerland) - Dirk Nowitzki, who represented Germany for two decades and was MVP of the FIBA Basketball World Cup in 2002 and at FIBA EuroBasket","breadcrumb":{"@id":"https:\/\/ubirataonline.com.br\/2026-fiba-hall-of-fame-dirk-nowitzki\/#breadcrumb"},"inLanguage":"en-US","potentialAction":[{"@type":"ReadAction","target":["https:\/\/ubirataonline.com.br\/2026-fiba-hall-of-fame-dirk-nowitzki\/"]}]},{"@type":"ImageObject","inLanguage":"en-US","@id":"https:\/\/ubirataonline.com.br\/2026-fiba-hall-of-fame-dirk-nowitzki\/#primaryimage","url":"https:\/\/ubirataonline.com.br\/wp-content\/uploads\/2026\/04\/2026-FIBA-Hall-of-Fame-Dirk-Nowitzki.png","contentUrl":"https:\/\/ubirataonline.com.br\/wp-content\/uploads\/2026\/04\/2026-FIBA-Hall-of-Fame-Dirk-Nowitzki.png","width":2000,"height":1125,"caption":"Nowitzki had a long career with Germany"},{"@type":"BreadcrumbList","@id":"https:\/\/ubirataonline.com.br\/2026-fiba-hall-of-fame-dirk-nowitzki\/#breadcrumb","itemListElement":[{"@type":"ListItem","position":1,"name":"In\u00edcio","item":"https:\/\/ubirataonline.com.br\/"},{"@type":"ListItem","position":2,"name":"2026 FIBA Hall of Fame: Dirk Nowitzki"}]},{"@type":"WebSite","@id":"https:\/\/ubirataonline.com.br\/#website","url":"https:\/\/ubirataonline.com.br\/","name":"Ubirat\u00e3 Online Not\u00edcias","description":"Not\u00edcias de Ubirat\u00e3, regi\u00e3o, Brasil e mundo, com informa\u00e7\u00e3o atualizada e compromisso com o leitor.","publisher":{"@id":"https:\/\/ubirataonline.com.br\/#organization"},"alternateName":"Ubirat\u00e3 Online","potentialAction":[{"@type":"SearchAction","target":{"@type":"EntryPoint","urlTemplate":"https:\/\/ubirataonline.com.br\/?s={search_term_string}"},"query-input":{"@type":"PropertyValueSpecification","valueRequired":true,"valueName":"search_term_string"}}],"inLanguage":"en-US"},{"@type":["Organization","Place"],"@id":"https:\/\/ubirataonline.com.br\/#organization","name":"Ubirat\u00e3 Online Not\u00edcias","alternateName":"Ubirat\u00e3 Online","url":"https:\/\/ubirataonline.com.br\/","logo":{"@id":"https:\/\/ubirataonline.com.br\/2026-fiba-hall-of-fame-dirk-nowitzki\/#local-main-organization-logo"},"image":{"@id":"https:\/\/ubirataonline.com.br\/2026-fiba-hall-of-fame-dirk-nowitzki\/#local-main-organization-logo"},"sameAs":["https:\/\/www.facebook.com\/portalubirataonline","https:\/\/x.com\/ubirataonline","https:\/\/mastodon.social\/@ubirataonline","https:\/\/www.facebook.com\/groups\/311144672285604","https:\/\/www.facebook.com\/UBTAOnline","https:\/\/www.instagram.com\/portalubirataonline\/","https:\/\/twitter.com\/ubirataonline"],"description":"Somos um portal de not\u00edcias independente, criado em 5 de janeiro de 2009, com o objetivo de informar, conectar e valorizar a nossa comunidade de Ubirat\u00e3 e toda aregi\u00e3o. Com conte\u00fado atualizado, confi\u00e1vel e relevante, o Ubirat\u00e3 Online \u00e9 o seu espa\u00e7o para ficar por dentro dos principais acontecimentos locais, regionais, Brasil, Mundo e de interesse geral. Nosso compromisso \u00e9 com a verdade, a transpar\u00eancia e o respeito ao leitor.","legalName":"UBIRATA ONLINE NOT\u00cdCIAS","foundingDate":"2009-01-05","numberOfEmployees":{"@type":"QuantitativeValue","minValue":"1","maxValue":"10"},"publishingPrinciples":"https:\/\/ubirataonline.com.br\/faq\/","address":{"@id":"https:\/\/ubirataonline.com.br\/2026-fiba-hall-of-fame-dirk-nowitzki\/#local-main-place-address"},"geo":{"@type":"GeoCoordinates","latitude":"-24.5361401","longitude":"-52.9921776"},"telephone":["+5544998308235"],"contactPoint":{"@type":"ContactPoint","email":"contato@ubirataonline.com.br"},"openingHoursSpecification":{"@type":"OpeningHoursSpecification","dayOfWeek":["Monday","Tuesday","Wednesday","Thursday","Friday","Saturday","Sunday"],"opens":"00:00","closes":"23:59"},"email":"contato@ubirataonline.com.br","vatID":"47.621.418\/0001-80"},{"@type":"Person","@id":"https:\/\/ubirataonline.com.br\/#\/schema\/person\/372f87bbd3fdd79b8556b84c98d0bc1c","name":"REDA\u00c7\u00c3O: UBIRAT\u00c3 ONLINE - F\u00c1BIO AUGUSTO CELESTINO","pronouns":"Ele","description":"Desde 2003 trabalhando com not\u00edcias.","sameAs":["http:\/\/ubirataoline.com.br","https:\/\/www.facebook.com\/portalubirataonline","https:\/\/www.instagram.com\/ubirataonline_oficial","https:\/\/x.com\/x.com\/ubirataonline"],"honorificPrefix":"Mr.","honorificSuffix":"MD","birthDate":"1980-06-16","gender":"masculino","award":["V\u00e1rios pr\u00eamios de melhor portal da cidade"],"jobTitle":"Diretor","url":"https:\/\/ubirataonline.com.br\/en\/author\/ubirataonline\/"},{"@type":"PostalAddress","@id":"https:\/\/ubirataonline.com.br\/2026-fiba-hall-of-fame-dirk-nowitzki\/#local-main-place-address","streetAddress":"Rua dos Coqueiros, 104 - Bairro Boa Vista, Rua dos Coqueiros, 104 Bairro Boa Vista","addressLocality":"UBIRATA","postalCode":"85440-000","addressRegion":"PR","addressCountry":"BR"},{"@type":"ImageObject","inLanguage":"en-US","@id":"https:\/\/ubirataonline.com.br\/2026-fiba-hall-of-fame-dirk-nowitzki\/#local-main-organization-logo","url":"https:\/\/ubirataonline.com.br\/wp-content\/uploads\/2026\/06\/logoubirataonline-1.webp","contentUrl":"https:\/\/ubirataonline.com.br\/wp-content\/uploads\/2026\/06\/logoubirataonline-1.webp","width":500,"height":500,"caption":"Ubirat\u00e3 Online Not\u00edcias"}]},"geo.placename":"UBIRATA","geo.position":{"lat":"-24.5361401","long":"-52.9921776"},"geo.region":"Brazil"},"_links":{"self":[{"href":"https:\/\/ubirataonline.com.br\/en\/wp-json\/wp\/v2\/posts\/111350","targetHints":{"allow":["GET"]}}],"collection":[{"href":"https:\/\/ubirataonline.com.br\/en\/wp-json\/wp\/v2\/posts"}],"about":[{"href":"https:\/\/ubirataonline.com.br\/en\/wp-json\/wp\/v2\/types\/post"}],"author":[{"embeddable":true,"href":"https:\/\/ubirataonline.com.br\/en\/wp-json\/wp\/v2\/users\/1"}],"replies":[{"embeddable":true,"href":"https:\/\/ubirataonline.com.br\/en\/wp-json\/wp\/v2\/comments?post=111350"}],"version-history":[{"count":0,"href":"https:\/\/ubirataonline.com.br\/en\/wp-json\/wp\/v2\/posts\/111350\/revisions"}],"wp:featuredmedia":[{"embeddable":true,"href":"https:\/\/ubirataonline.com.br\/en\/wp-json\/wp\/v2\/media\/111351"}],"wp:attachment":[{"href":"https:\/\/ubirataonline.com.br\/en\/wp-json\/wp\/v2\/media?parent=111350"}],"wp:term":[{"taxonomy":"category","embeddable":true,"href":"https:\/\/ubirataonline.com.br\/en\/wp-json\/wp\/v2\/categories?post=111350"},{"taxonomy":"post_tag","embeddable":true,"href":"https:\/\/ubirataonline.com.br\/en\/wp-json\/wp\/v2\/tags?post=111350"}],"curies":[{"name":"wp","href":"https:\/\/api.w.org\/{rel}","templated":true}]}}