{"id":111372,"date":"2026-04-18T21:04:40","date_gmt":"2026-04-19T00:04:40","guid":{"rendered":"https:\/\/ubirataonline.com.br\/its-an-ongoing-issue-eddie-hearn-reacts-to-conor-benns-new-deal-with-zuffa-boxing\/"},"modified":"2026-04-18T21:04:42","modified_gmt":"2026-04-19T00:04:42","slug":"its-an-ongoing-issue-eddie-hearn-reacts-to-conor-benns-new-deal-with-zuffa-boxing","status":"publish","type":"post","link":"https:\/\/ubirataonline.com.br\/en\/its-an-ongoing-issue-eddie-hearn-reacts-to-conor-benns-new-deal-with-zuffa-boxing\/","title":{"rendered":"\u2018It\u2019s an ongoing issue\u2019: Eddie Hearn reacts to Conor Benn\u2019s new deal with Zuffa Boxing"},"content":{"rendered":"<p><br \/>\n<\/p>\n<div>\n<p class=\"\"><a href=\"https:\/\/www.badlefthook.com\/boxing-news\/114671\/conor-benn-signs-five-fight-deal-with-zuffa-boxing-news-2026\" rel=\"nofollow noopener\" target=\"_blank\" data-ylk=\"slk:As prophesied by yours truly;elm:context_link;itc:0;sec:content-canvas\" data-yga=\"{&quot;yLinkElement&quot;:&quot;context_link&quot;,&quot;yModuleName&quot;:&quot;content-canvas&quot;,&quot;yLinkText&quot;:&quot;As prophesied by yours truly&quot;}\" class=\"link \">As prophesied by yours truly<\/a>, Matchroom promoter <strong>Eddie Hearn<\/strong> has given his immediate reaction to the news of <strong>Conor Benn<\/strong> signing an extended deal with with Zuffa Boxing, and needless to say, he\u2019s not too happy about it with his true feelings leaking through a thin facade.<\/p>\n<p class=\"\">\u201cYeah, some people aren\u2019t as smart as they think,\u201d Hearn said of Benn\u2019s new deal. \u201cI can\u2019t really comment on it too much at the moment, it\u2019s an ongoing issue\u2026The lack of honesty all around has been beaming throughout, so, you know, it\u2019s just funny how people want to dress it up and the lengths that they\u2019ll go to to dress it up. But we shall get to the bottom of it.\u201d<\/p>\n<p>Advertisement<\/p>\n<p class=\"\">Hearn was then asked about Benn\u2019s comments about wanting to see him in the post-fight of his most recent match and whether their relationship is now irreparably damaged.<\/p>\n<p class=\"\">\u201cYes. Without doubt. Listen, I wish him all the best but when you think someone was someone and they show you they\u2019re really not, it makes you question everything they\u2019ve told you throughout the whole time,\u201d He said. \u201cAnd I\u2019m learning more as I go along now, things are coming back to me [in my mind], but I shall say no more.\u201d<\/p>\n<p class=\"\">Reading between the lines, it seems that Hearn still believes there\u2019s some business left to be settled between Benn and himself, but that should make itself apparent one way or another in the near future.<\/p>\n<\/div>\n<p><br \/>\n<br \/><a href=\"https:\/\/sports.yahoo.com\/articles\/ongoing-issue-eddie-hearn-reacts-234756709.html\">Source link <\/a><\/p>\n","protected":false},"excerpt":{"rendered":"<p>As prophesied by yours truly, Matchroom promoter Eddie Hearn has given his immediate reaction to the news of Conor Benn signing an extended deal with with Zuffa Boxing, and needless to say, he\u2019s not too happy about it with his true feelings leaking through a thin facade. \u201cYeah, some people aren\u2019t as smart as they [&hellip;]<\/p>\n","protected":false},"author":1,"featured_media":111373,"comment_status":"closed","ping_status":"","sticky":false,"template":"","format":"standard","meta":{"googlesitekit_rrm_CAow2JLhCw:productID":"","_gspb_post_css":"","maa_idioma":"","maa_pais":"","footnotes":""},"categories":[1],"tags":[29794,11837,9345,5236,8112,8113,4669,10301,7535,15658],"class_list":["post-111372","post","type-post","status-publish","format-standard","has-post-thumbnail","hentry","category-ubirata","tag-benns","tag-boxing","tag-conor","tag-deal","tag-eddie","tag-hearn","tag-issue","tag-ongoing","tag-reacts","tag-zuffa"],"blocksy_meta":[],"yoast_head":"<!-- This site is optimized with the Yoast SEO Premium plugin v27.6 (Yoast SEO v27.6) - https:\/\/yoast.com\/product\/yoast-seo-premium-wordpress\/ -->\n<title>\u2018It\u2019s an ongoing issue\u2019: Eddie Hearn reacts to Conor Benn\u2019s new deal with Zuffa Boxing - Ubirat\u00e3 Online Not\u00edcias - A realidade ao seu alcance!<\/title>\n<meta name=\"description\" content=\"As prophesied by yours truly, Matchroom promoter Eddie Hearn has given his immediate reaction to the news of Conor Benn signing an extended deal with with\" \/>\n<meta name=\"robots\" content=\"index, follow, max-snippet:-1, max-image-preview:large, max-video-preview:-1\" \/>\n<link rel=\"canonical\" href=\"https:\/\/ubirataonline.com.br\/en\/its-an-ongoing-issue-eddie-hearn-reacts-to-conor-benns-new-deal-with-zuffa-boxing\/\" \/>\n<meta property=\"og:locale\" content=\"en_US\" \/>\n<meta property=\"og:type\" content=\"article\" \/>\n<meta property=\"og:title\" content=\"\u2018It\u2019s an ongoing issue\u2019: Eddie Hearn reacts to Conor Benn\u2019s new deal with Zuffa Boxing\" \/>\n<meta property=\"og:description\" content=\"As prophesied by yours truly, Matchroom promoter Eddie Hearn has given his immediate reaction to the news of Conor Benn signing an extended deal with with\" \/>\n<meta property=\"og:url\" content=\"https:\/\/ubirataonline.com.br\/en\/its-an-ongoing-issue-eddie-hearn-reacts-to-conor-benns-new-deal-with-zuffa-boxing\/\" \/>\n<meta property=\"og:site_name\" content=\"Ubirat\u00e3 Online Not\u00edcias - A realidade ao seu alcance!\" \/>\n<meta property=\"article:publisher\" content=\"https:\/\/www.facebook.com\/portalubirataonline\" \/>\n<meta property=\"article:author\" content=\"https:\/\/www.facebook.com\/portalubirataonline\" \/>\n<meta property=\"article:published_time\" content=\"2026-04-19T00:04:40+00:00\" \/>\n<meta property=\"article:modified_time\" content=\"2026-04-19T00:04:42+00:00\" \/>\n<meta property=\"og:image\" content=\"https:\/\/ubirataonline.com.br\/wp-content\/uploads\/2026\/04\/\u2018Its-an-ongoing-issue-Eddie-Hearn-reacts-to-Conor-Benns.jpeg\" \/>\n\t<meta property=\"og:image:width\" content=\"1200\" \/>\n\t<meta property=\"og:image:height\" content=\"800\" \/>\n\t<meta property=\"og:image:type\" content=\"image\/jpeg\" \/>\n<meta name=\"author\" content=\"REDA\u00c7\u00c3O: UBIRAT\u00c3 ONLINE - F\u00c1BIO AUGUSTO CELESTINO\" \/>\n<meta name=\"twitter:card\" content=\"summary_large_image\" \/>\n<meta name=\"twitter:creator\" content=\"@x.com\/ubirataonline\" \/>\n<meta name=\"twitter:site\" content=\"@ubirataonline\" \/>\n<meta name=\"twitter:label1\" content=\"Written by\" \/>\n\t<meta name=\"twitter:data1\" content=\"REDA\u00c7\u00c3O: UBIRAT\u00c3 ONLINE - F\u00c1BIO AUGUSTO CELESTINO\" \/>\n\t<meta name=\"twitter:label2\" content=\"Est. reading time\" \/>\n\t<meta name=\"twitter:data2\" content=\"1 minute\" \/>\n<script type=\"application\/ld+json\" class=\"yoast-schema-graph\">{\"@context\":\"https:\\\/\\\/schema.org\",\"@graph\":[{\"@type\":\"NewsArticle\",\"@id\":\"https:\\\/\\\/ubirataonline.com.br\\\/its-an-ongoing-issue-eddie-hearn-reacts-to-conor-benns-new-deal-with-zuffa-boxing\\\/#article\",\"isPartOf\":{\"@id\":\"https:\\\/\\\/ubirataonline.com.br\\\/its-an-ongoing-issue-eddie-hearn-reacts-to-conor-benns-new-deal-with-zuffa-boxing\\\/\"},\"author\":{\"name\":\"REDA\u00c7\u00c3O: UBIRAT\u00c3 ONLINE - F\u00c1BIO AUGUSTO CELESTINO\",\"@id\":\"https:\\\/\\\/ubirataonline.com.br\\\/#\\\/schema\\\/person\\\/372f87bbd3fdd79b8556b84c98d0bc1c\"},\"headline\":\"\u2018It\u2019s an ongoing issue\u2019: Eddie Hearn reacts to Conor Benn\u2019s new deal with Zuffa Boxing\",\"datePublished\":\"2026-04-19T00:04:40+00:00\",\"dateModified\":\"2026-04-19T00:04:42+00:00\",\"mainEntityOfPage\":{\"@id\":\"https:\\\/\\\/ubirataonline.com.br\\\/its-an-ongoing-issue-eddie-hearn-reacts-to-conor-benns-new-deal-with-zuffa-boxing\\\/\"},\"wordCount\":279,\"publisher\":{\"@id\":\"https:\\\/\\\/ubirataonline.com.br\\\/#organization\"},\"image\":{\"@id\":\"https:\\\/\\\/ubirataonline.com.br\\\/its-an-ongoing-issue-eddie-hearn-reacts-to-conor-benns-new-deal-with-zuffa-boxing\\\/#primaryimage\"},\"thumbnailUrl\":\"https:\\\/\\\/ubirataonline.com.br\\\/wp-content\\\/uploads\\\/2026\\\/04\\\/\u2018Its-an-ongoing-issue-Eddie-Hearn-reacts-to-Conor-Benns.jpeg\",\"keywords\":[\"Benns\",\"boxing\",\"Conor\",\"Deal\",\"Eddie\",\"Hearn\",\"issue\",\"ongoing\",\"reacts\",\"Zuffa\"],\"articleSection\":[\"Ubirat\u00e3\"],\"inLanguage\":\"en-US\",\"copyrightYear\":\"2026\",\"copyrightHolder\":{\"@id\":\"https:\\\/\\\/ubirataonline.com.br\\\/en\\\/#organization\"}},{\"@type\":\"WebPage\",\"@id\":\"https:\\\/\\\/ubirataonline.com.br\\\/its-an-ongoing-issue-eddie-hearn-reacts-to-conor-benns-new-deal-with-zuffa-boxing\\\/\",\"url\":\"https:\\\/\\\/ubirataonline.com.br\\\/its-an-ongoing-issue-eddie-hearn-reacts-to-conor-benns-new-deal-with-zuffa-boxing\\\/\",\"name\":\"\u2018It\u2019s an ongoing issue\u2019: Eddie Hearn reacts to Conor Benn\u2019s new deal with Zuffa Boxing - Ubirat\u00e3 Online Not\u00edcias - A realidade ao seu alcance!\",\"isPartOf\":{\"@id\":\"https:\\\/\\\/ubirataonline.com.br\\\/#website\"},\"primaryImageOfPage\":{\"@id\":\"https:\\\/\\\/ubirataonline.com.br\\\/its-an-ongoing-issue-eddie-hearn-reacts-to-conor-benns-new-deal-with-zuffa-boxing\\\/#primaryimage\"},\"image\":{\"@id\":\"https:\\\/\\\/ubirataonline.com.br\\\/its-an-ongoing-issue-eddie-hearn-reacts-to-conor-benns-new-deal-with-zuffa-boxing\\\/#primaryimage\"},\"thumbnailUrl\":\"https:\\\/\\\/ubirataonline.com.br\\\/wp-content\\\/uploads\\\/2026\\\/04\\\/\u2018Its-an-ongoing-issue-Eddie-Hearn-reacts-to-Conor-Benns.jpeg\",\"datePublished\":\"2026-04-19T00:04:40+00:00\",\"dateModified\":\"2026-04-19T00:04:42+00:00\",\"description\":\"As prophesied by yours truly, Matchroom promoter Eddie Hearn has given his immediate reaction to the news of Conor Benn signing an extended deal with with\",\"breadcrumb\":{\"@id\":\"https:\\\/\\\/ubirataonline.com.br\\\/its-an-ongoing-issue-eddie-hearn-reacts-to-conor-benns-new-deal-with-zuffa-boxing\\\/#breadcrumb\"},\"inLanguage\":\"en-US\",\"potentialAction\":[{\"@type\":\"ReadAction\",\"target\":[\"https:\\\/\\\/ubirataonline.com.br\\\/its-an-ongoing-issue-eddie-hearn-reacts-to-conor-benns-new-deal-with-zuffa-boxing\\\/\"]}]},{\"@type\":\"ImageObject\",\"inLanguage\":\"en-US\",\"@id\":\"https:\\\/\\\/ubirataonline.com.br\\\/its-an-ongoing-issue-eddie-hearn-reacts-to-conor-benns-new-deal-with-zuffa-boxing\\\/#primaryimage\",\"url\":\"https:\\\/\\\/ubirataonline.com.br\\\/wp-content\\\/uploads\\\/2026\\\/04\\\/\u2018Its-an-ongoing-issue-Eddie-Hearn-reacts-to-Conor-Benns.jpeg\",\"contentUrl\":\"https:\\\/\\\/ubirataonline.com.br\\\/wp-content\\\/uploads\\\/2026\\\/04\\\/\u2018Its-an-ongoing-issue-Eddie-Hearn-reacts-to-Conor-Benns.jpeg\",\"width\":1200,\"height\":800,\"caption\":\"LIVERPOOL, ENGLAND - APRIL 18: Eddie Hearn, Chairperson of Matchroom Sports, looks on during the Matchroom Sport fight card at M&S Bank Arena on April 18, 2026 in Liverpool, England. (Photo by Lewis Storey\\\/Getty Images) | Getty Images\"},{\"@type\":\"BreadcrumbList\",\"@id\":\"https:\\\/\\\/ubirataonline.com.br\\\/its-an-ongoing-issue-eddie-hearn-reacts-to-conor-benns-new-deal-with-zuffa-boxing\\\/#breadcrumb\",\"itemListElement\":[{\"@type\":\"ListItem\",\"position\":1,\"name\":\"In\u00edcio\",\"item\":\"https:\\\/\\\/ubirataonline.com.br\\\/\"},{\"@type\":\"ListItem\",\"position\":2,\"name\":\"\u2018It\u2019s an ongoing issue\u2019: Eddie Hearn reacts to Conor Benn\u2019s new deal with Zuffa Boxing\"}]},{\"@type\":\"WebSite\",\"@id\":\"https:\\\/\\\/ubirataonline.com.br\\\/#website\",\"url\":\"https:\\\/\\\/ubirataonline.com.br\\\/\",\"name\":\"Ubirat\u00e3 Online Not\u00edcias\",\"description\":\"Not\u00edcias de Ubirat\u00e3, regi\u00e3o, Brasil e mundo, com informa\u00e7\u00e3o atualizada e compromisso com o leitor.\",\"publisher\":{\"@id\":\"https:\\\/\\\/ubirataonline.com.br\\\/#organization\"},\"alternateName\":\"Ubirat\u00e3 Online\",\"potentialAction\":[{\"@type\":\"SearchAction\",\"target\":{\"@type\":\"EntryPoint\",\"urlTemplate\":\"https:\\\/\\\/ubirataonline.com.br\\\/?s={search_term_string}\"},\"query-input\":{\"@type\":\"PropertyValueSpecification\",\"valueRequired\":true,\"valueName\":\"search_term_string\"}}],\"inLanguage\":\"en-US\"},{\"@type\":[\"Organization\",\"Place\"],\"@id\":\"https:\\\/\\\/ubirataonline.com.br\\\/#organization\",\"name\":\"Ubirat\u00e3 Online Not\u00edcias\",\"alternateName\":\"Ubirat\u00e3 Online\",\"url\":\"https:\\\/\\\/ubirataonline.com.br\\\/\",\"logo\":{\"@id\":\"https:\\\/\\\/ubirataonline.com.br\\\/its-an-ongoing-issue-eddie-hearn-reacts-to-conor-benns-new-deal-with-zuffa-boxing\\\/#local-main-organization-logo\"},\"image\":{\"@id\":\"https:\\\/\\\/ubirataonline.com.br\\\/its-an-ongoing-issue-eddie-hearn-reacts-to-conor-benns-new-deal-with-zuffa-boxing\\\/#local-main-organization-logo\"},\"sameAs\":[\"https:\\\/\\\/www.facebook.com\\\/portalubirataonline\",\"https:\\\/\\\/x.com\\\/ubirataonline\",\"https:\\\/\\\/mastodon.social\\\/@ubirataonline\",\"https:\\\/\\\/www.facebook.com\\\/groups\\\/311144672285604\",\"https:\\\/\\\/www.facebook.com\\\/UBTAOnline\",\"https:\\\/\\\/www.instagram.com\\\/portalubirataonline\\\/\",\"https:\\\/\\\/twitter.com\\\/ubirataonline\"],\"description\":\"Somos um portal de not\u00edcias independente, criado em 5 de janeiro de 2009, com o objetivo de informar, conectar e valorizar a nossa comunidade de Ubirat\u00e3 e toda aregi\u00e3o. Com conte\u00fado atualizado, confi\u00e1vel e relevante, o Ubirat\u00e3 Online \u00e9 o seu espa\u00e7o para ficar por dentro dos principais acontecimentos locais, regionais, Brasil, Mundo e de interesse geral. Nosso compromisso \u00e9 com a verdade, a transpar\u00eancia e o respeito ao leitor.\",\"legalName\":\"UBIRATA ONLINE NOT\u00cdCIAS\",\"foundingDate\":\"2009-01-05\",\"numberOfEmployees\":{\"@type\":\"QuantitativeValue\",\"minValue\":\"1\",\"maxValue\":\"10\"},\"publishingPrinciples\":\"https:\\\/\\\/ubirataonline.com.br\\\/faq\\\/\",\"address\":{\"@id\":\"https:\\\/\\\/ubirataonline.com.br\\\/its-an-ongoing-issue-eddie-hearn-reacts-to-conor-benns-new-deal-with-zuffa-boxing\\\/#local-main-place-address\"},\"geo\":{\"@type\":\"GeoCoordinates\",\"latitude\":\"-24.5361401\",\"longitude\":\"-52.9921776\"},\"telephone\":[\"+5544998308235\"],\"contactPoint\":{\"@type\":\"ContactPoint\",\"email\":\"contato@ubirataonline.com.br\"},\"openingHoursSpecification\":{\"@type\":\"OpeningHoursSpecification\",\"dayOfWeek\":[\"Monday\",\"Tuesday\",\"Wednesday\",\"Thursday\",\"Friday\",\"Saturday\",\"Sunday\"],\"opens\":\"00:00\",\"closes\":\"23:59\"},\"email\":\"contato@ubirataonline.com.br\",\"vatID\":\"47.621.418\\\/0001-80\"},{\"@type\":\"Person\",\"@id\":\"https:\\\/\\\/ubirataonline.com.br\\\/#\\\/schema\\\/person\\\/372f87bbd3fdd79b8556b84c98d0bc1c\",\"name\":\"REDA\u00c7\u00c3O: UBIRAT\u00c3 ONLINE - F\u00c1BIO AUGUSTO CELESTINO\",\"pronouns\":\"Ele\",\"description\":\"Desde 2003 trabalhando com not\u00edcias.\",\"sameAs\":[\"http:\\\/\\\/ubirataoline.com.br\",\"https:\\\/\\\/www.facebook.com\\\/portalubirataonline\",\"https:\\\/\\\/www.instagram.com\\\/ubirataonline_oficial\",\"https:\\\/\\\/x.com\\\/x.com\\\/ubirataonline\"],\"honorificPrefix\":\"Mr.\",\"honorificSuffix\":\"MD\",\"birthDate\":\"1980-06-16\",\"gender\":\"masculino\",\"award\":[\"V\u00e1rios pr\u00eamios de melhor portal da cidade\"],\"jobTitle\":\"Diretor\",\"url\":\"https:\\\/\\\/ubirataonline.com.br\\\/en\\\/author\\\/ubirataonline\\\/\"},{\"@type\":\"PostalAddress\",\"@id\":\"https:\\\/\\\/ubirataonline.com.br\\\/its-an-ongoing-issue-eddie-hearn-reacts-to-conor-benns-new-deal-with-zuffa-boxing\\\/#local-main-place-address\",\"streetAddress\":\"Rua dos Coqueiros, 104 - Bairro Boa Vista, Rua dos Coqueiros, 104 Bairro Boa Vista\",\"addressLocality\":\"UBIRATA\",\"postalCode\":\"85440-000\",\"addressRegion\":\"PR\",\"addressCountry\":\"BR\"},{\"@type\":\"ImageObject\",\"inLanguage\":\"en-US\",\"@id\":\"https:\\\/\\\/ubirataonline.com.br\\\/its-an-ongoing-issue-eddie-hearn-reacts-to-conor-benns-new-deal-with-zuffa-boxing\\\/#local-main-organization-logo\",\"url\":\"https:\\\/\\\/ubirataonline.com.br\\\/wp-content\\\/uploads\\\/2026\\\/06\\\/logoubirataonline-1.webp\",\"contentUrl\":\"https:\\\/\\\/ubirataonline.com.br\\\/wp-content\\\/uploads\\\/2026\\\/06\\\/logoubirataonline-1.webp\",\"width\":500,\"height\":500,\"caption\":\"Ubirat\u00e3 Online Not\u00edcias\"}]}<\/script>\n<meta name=\"geo.placename\" content=\"UBIRATA\" \/>\n<meta name=\"geo.position\" content=\"-24.5361401;-52.9921776\" \/>\n<meta name=\"geo.region\" content=\"Brazil\" \/>\n<!-- \/ Yoast SEO Premium plugin. -->","yoast_head_json":{"title":"\u2018It\u2019s an ongoing issue\u2019: Eddie Hearn reacts to Conor Benn\u2019s new deal with Zuffa Boxing - Ubirat\u00e3 Online Not\u00edcias - A realidade ao seu alcance!","description":"As prophesied by yours truly, Matchroom promoter Eddie Hearn has given his immediate reaction to the news of Conor Benn signing an extended deal with with","robots":{"index":"index","follow":"follow","max-snippet":"max-snippet:-1","max-image-preview":"max-image-preview:large","max-video-preview":"max-video-preview:-1"},"canonical":"https:\/\/ubirataonline.com.br\/en\/its-an-ongoing-issue-eddie-hearn-reacts-to-conor-benns-new-deal-with-zuffa-boxing\/","og_locale":"en_US","og_type":"article","og_title":"\u2018It\u2019s an ongoing issue\u2019: Eddie Hearn reacts to Conor Benn\u2019s new deal with Zuffa Boxing","og_description":"As prophesied by yours truly, Matchroom promoter Eddie Hearn has given his immediate reaction to the news of Conor Benn signing an extended deal with with","og_url":"https:\/\/ubirataonline.com.br\/en\/its-an-ongoing-issue-eddie-hearn-reacts-to-conor-benns-new-deal-with-zuffa-boxing\/","og_site_name":"Ubirat\u00e3 Online Not\u00edcias - A realidade ao seu alcance!","article_publisher":"https:\/\/www.facebook.com\/portalubirataonline","article_author":"https:\/\/www.facebook.com\/portalubirataonline","article_published_time":"2026-04-19T00:04:40+00:00","article_modified_time":"2026-04-19T00:04:42+00:00","og_image":[{"width":1200,"height":800,"url":"https:\/\/ubirataonline.com.br\/wp-content\/uploads\/2026\/04\/\u2018Its-an-ongoing-issue-Eddie-Hearn-reacts-to-Conor-Benns.jpeg","type":"image\/jpeg"}],"author":"REDA\u00c7\u00c3O: UBIRAT\u00c3 ONLINE - F\u00c1BIO AUGUSTO CELESTINO","twitter_card":"summary_large_image","twitter_creator":"@x.com\/ubirataonline","twitter_site":"@ubirataonline","twitter_misc":{"Written by":"REDA\u00c7\u00c3O: UBIRAT\u00c3 ONLINE - F\u00c1BIO AUGUSTO CELESTINO","Est. reading time":"1 minute"},"schema":{"@context":"https:\/\/schema.org","@graph":[{"@type":"NewsArticle","@id":"https:\/\/ubirataonline.com.br\/its-an-ongoing-issue-eddie-hearn-reacts-to-conor-benns-new-deal-with-zuffa-boxing\/#article","isPartOf":{"@id":"https:\/\/ubirataonline.com.br\/its-an-ongoing-issue-eddie-hearn-reacts-to-conor-benns-new-deal-with-zuffa-boxing\/"},"author":{"name":"REDA\u00c7\u00c3O: UBIRAT\u00c3 ONLINE - F\u00c1BIO AUGUSTO CELESTINO","@id":"https:\/\/ubirataonline.com.br\/#\/schema\/person\/372f87bbd3fdd79b8556b84c98d0bc1c"},"headline":"\u2018It\u2019s an ongoing issue\u2019: Eddie Hearn reacts to Conor Benn\u2019s new deal with Zuffa Boxing","datePublished":"2026-04-19T00:04:40+00:00","dateModified":"2026-04-19T00:04:42+00:00","mainEntityOfPage":{"@id":"https:\/\/ubirataonline.com.br\/its-an-ongoing-issue-eddie-hearn-reacts-to-conor-benns-new-deal-with-zuffa-boxing\/"},"wordCount":279,"publisher":{"@id":"https:\/\/ubirataonline.com.br\/#organization"},"image":{"@id":"https:\/\/ubirataonline.com.br\/its-an-ongoing-issue-eddie-hearn-reacts-to-conor-benns-new-deal-with-zuffa-boxing\/#primaryimage"},"thumbnailUrl":"https:\/\/ubirataonline.com.br\/wp-content\/uploads\/2026\/04\/\u2018Its-an-ongoing-issue-Eddie-Hearn-reacts-to-Conor-Benns.jpeg","keywords":["Benns","boxing","Conor","Deal","Eddie","Hearn","issue","ongoing","reacts","Zuffa"],"articleSection":["Ubirat\u00e3"],"inLanguage":"en-US","copyrightYear":"2026","copyrightHolder":{"@id":"https:\/\/ubirataonline.com.br\/en\/#organization"}},{"@type":"WebPage","@id":"https:\/\/ubirataonline.com.br\/its-an-ongoing-issue-eddie-hearn-reacts-to-conor-benns-new-deal-with-zuffa-boxing\/","url":"https:\/\/ubirataonline.com.br\/its-an-ongoing-issue-eddie-hearn-reacts-to-conor-benns-new-deal-with-zuffa-boxing\/","name":"\u2018It\u2019s an ongoing issue\u2019: Eddie Hearn reacts to Conor Benn\u2019s new deal with Zuffa Boxing - Ubirat\u00e3 Online Not\u00edcias - A realidade ao seu alcance!","isPartOf":{"@id":"https:\/\/ubirataonline.com.br\/#website"},"primaryImageOfPage":{"@id":"https:\/\/ubirataonline.com.br\/its-an-ongoing-issue-eddie-hearn-reacts-to-conor-benns-new-deal-with-zuffa-boxing\/#primaryimage"},"image":{"@id":"https:\/\/ubirataonline.com.br\/its-an-ongoing-issue-eddie-hearn-reacts-to-conor-benns-new-deal-with-zuffa-boxing\/#primaryimage"},"thumbnailUrl":"https:\/\/ubirataonline.com.br\/wp-content\/uploads\/2026\/04\/\u2018Its-an-ongoing-issue-Eddie-Hearn-reacts-to-Conor-Benns.jpeg","datePublished":"2026-04-19T00:04:40+00:00","dateModified":"2026-04-19T00:04:42+00:00","description":"As prophesied by yours truly, Matchroom promoter Eddie Hearn has given his immediate reaction to the news of Conor Benn signing an extended deal with with","breadcrumb":{"@id":"https:\/\/ubirataonline.com.br\/its-an-ongoing-issue-eddie-hearn-reacts-to-conor-benns-new-deal-with-zuffa-boxing\/#breadcrumb"},"inLanguage":"en-US","potentialAction":[{"@type":"ReadAction","target":["https:\/\/ubirataonline.com.br\/its-an-ongoing-issue-eddie-hearn-reacts-to-conor-benns-new-deal-with-zuffa-boxing\/"]}]},{"@type":"ImageObject","inLanguage":"en-US","@id":"https:\/\/ubirataonline.com.br\/its-an-ongoing-issue-eddie-hearn-reacts-to-conor-benns-new-deal-with-zuffa-boxing\/#primaryimage","url":"https:\/\/ubirataonline.com.br\/wp-content\/uploads\/2026\/04\/\u2018Its-an-ongoing-issue-Eddie-Hearn-reacts-to-Conor-Benns.jpeg","contentUrl":"https:\/\/ubirataonline.com.br\/wp-content\/uploads\/2026\/04\/\u2018Its-an-ongoing-issue-Eddie-Hearn-reacts-to-Conor-Benns.jpeg","width":1200,"height":800,"caption":"LIVERPOOL, ENGLAND - APRIL 18: Eddie Hearn, Chairperson of Matchroom Sports, looks on during the Matchroom Sport fight card at M&S Bank Arena on April 18, 2026 in Liverpool, England. (Photo by Lewis Storey\/Getty Images) | Getty Images"},{"@type":"BreadcrumbList","@id":"https:\/\/ubirataonline.com.br\/its-an-ongoing-issue-eddie-hearn-reacts-to-conor-benns-new-deal-with-zuffa-boxing\/#breadcrumb","itemListElement":[{"@type":"ListItem","position":1,"name":"In\u00edcio","item":"https:\/\/ubirataonline.com.br\/"},{"@type":"ListItem","position":2,"name":"\u2018It\u2019s an ongoing issue\u2019: Eddie Hearn reacts to Conor Benn\u2019s new deal with Zuffa Boxing"}]},{"@type":"WebSite","@id":"https:\/\/ubirataonline.com.br\/#website","url":"https:\/\/ubirataonline.com.br\/","name":"Ubirat\u00e3 Online Not\u00edcias","description":"Not\u00edcias de Ubirat\u00e3, regi\u00e3o, Brasil e mundo, com informa\u00e7\u00e3o atualizada e compromisso com o leitor.","publisher":{"@id":"https:\/\/ubirataonline.com.br\/#organization"},"alternateName":"Ubirat\u00e3 Online","potentialAction":[{"@type":"SearchAction","target":{"@type":"EntryPoint","urlTemplate":"https:\/\/ubirataonline.com.br\/?s={search_term_string}"},"query-input":{"@type":"PropertyValueSpecification","valueRequired":true,"valueName":"search_term_string"}}],"inLanguage":"en-US"},{"@type":["Organization","Place"],"@id":"https:\/\/ubirataonline.com.br\/#organization","name":"Ubirat\u00e3 Online Not\u00edcias","alternateName":"Ubirat\u00e3 Online","url":"https:\/\/ubirataonline.com.br\/","logo":{"@id":"https:\/\/ubirataonline.com.br\/its-an-ongoing-issue-eddie-hearn-reacts-to-conor-benns-new-deal-with-zuffa-boxing\/#local-main-organization-logo"},"image":{"@id":"https:\/\/ubirataonline.com.br\/its-an-ongoing-issue-eddie-hearn-reacts-to-conor-benns-new-deal-with-zuffa-boxing\/#local-main-organization-logo"},"sameAs":["https:\/\/www.facebook.com\/portalubirataonline","https:\/\/x.com\/ubirataonline","https:\/\/mastodon.social\/@ubirataonline","https:\/\/www.facebook.com\/groups\/311144672285604","https:\/\/www.facebook.com\/UBTAOnline","https:\/\/www.instagram.com\/portalubirataonline\/","https:\/\/twitter.com\/ubirataonline"],"description":"Somos um portal de not\u00edcias independente, criado em 5 de janeiro de 2009, com o objetivo de informar, conectar e valorizar a nossa comunidade de Ubirat\u00e3 e toda aregi\u00e3o. Com conte\u00fado atualizado, confi\u00e1vel e relevante, o Ubirat\u00e3 Online \u00e9 o seu espa\u00e7o para ficar por dentro dos principais acontecimentos locais, regionais, Brasil, Mundo e de interesse geral. Nosso compromisso \u00e9 com a verdade, a transpar\u00eancia e o respeito ao leitor.","legalName":"UBIRATA ONLINE NOT\u00cdCIAS","foundingDate":"2009-01-05","numberOfEmployees":{"@type":"QuantitativeValue","minValue":"1","maxValue":"10"},"publishingPrinciples":"https:\/\/ubirataonline.com.br\/faq\/","address":{"@id":"https:\/\/ubirataonline.com.br\/its-an-ongoing-issue-eddie-hearn-reacts-to-conor-benns-new-deal-with-zuffa-boxing\/#local-main-place-address"},"geo":{"@type":"GeoCoordinates","latitude":"-24.5361401","longitude":"-52.9921776"},"telephone":["+5544998308235"],"contactPoint":{"@type":"ContactPoint","email":"contato@ubirataonline.com.br"},"openingHoursSpecification":{"@type":"OpeningHoursSpecification","dayOfWeek":["Monday","Tuesday","Wednesday","Thursday","Friday","Saturday","Sunday"],"opens":"00:00","closes":"23:59"},"email":"contato@ubirataonline.com.br","vatID":"47.621.418\/0001-80"},{"@type":"Person","@id":"https:\/\/ubirataonline.com.br\/#\/schema\/person\/372f87bbd3fdd79b8556b84c98d0bc1c","name":"REDA\u00c7\u00c3O: UBIRAT\u00c3 ONLINE - F\u00c1BIO AUGUSTO CELESTINO","pronouns":"Ele","description":"Desde 2003 trabalhando com not\u00edcias.","sameAs":["http:\/\/ubirataoline.com.br","https:\/\/www.facebook.com\/portalubirataonline","https:\/\/www.instagram.com\/ubirataonline_oficial","https:\/\/x.com\/x.com\/ubirataonline"],"honorificPrefix":"Mr.","honorificSuffix":"MD","birthDate":"1980-06-16","gender":"masculino","award":["V\u00e1rios pr\u00eamios de melhor portal da cidade"],"jobTitle":"Diretor","url":"https:\/\/ubirataonline.com.br\/en\/author\/ubirataonline\/"},{"@type":"PostalAddress","@id":"https:\/\/ubirataonline.com.br\/its-an-ongoing-issue-eddie-hearn-reacts-to-conor-benns-new-deal-with-zuffa-boxing\/#local-main-place-address","streetAddress":"Rua dos Coqueiros, 104 - Bairro Boa Vista, Rua dos Coqueiros, 104 Bairro Boa Vista","addressLocality":"UBIRATA","postalCode":"85440-000","addressRegion":"PR","addressCountry":"BR"},{"@type":"ImageObject","inLanguage":"en-US","@id":"https:\/\/ubirataonline.com.br\/its-an-ongoing-issue-eddie-hearn-reacts-to-conor-benns-new-deal-with-zuffa-boxing\/#local-main-organization-logo","url":"https:\/\/ubirataonline.com.br\/wp-content\/uploads\/2026\/06\/logoubirataonline-1.webp","contentUrl":"https:\/\/ubirataonline.com.br\/wp-content\/uploads\/2026\/06\/logoubirataonline-1.webp","width":500,"height":500,"caption":"Ubirat\u00e3 Online Not\u00edcias"}]},"geo.placename":"UBIRATA","geo.position":{"lat":"-24.5361401","long":"-52.9921776"},"geo.region":"Brazil"},"_links":{"self":[{"href":"https:\/\/ubirataonline.com.br\/en\/wp-json\/wp\/v2\/posts\/111372","targetHints":{"allow":["GET"]}}],"collection":[{"href":"https:\/\/ubirataonline.com.br\/en\/wp-json\/wp\/v2\/posts"}],"about":[{"href":"https:\/\/ubirataonline.com.br\/en\/wp-json\/wp\/v2\/types\/post"}],"author":[{"embeddable":true,"href":"https:\/\/ubirataonline.com.br\/en\/wp-json\/wp\/v2\/users\/1"}],"replies":[{"embeddable":true,"href":"https:\/\/ubirataonline.com.br\/en\/wp-json\/wp\/v2\/comments?post=111372"}],"version-history":[{"count":0,"href":"https:\/\/ubirataonline.com.br\/en\/wp-json\/wp\/v2\/posts\/111372\/revisions"}],"wp:featuredmedia":[{"embeddable":true,"href":"https:\/\/ubirataonline.com.br\/en\/wp-json\/wp\/v2\/media\/111373"}],"wp:attachment":[{"href":"https:\/\/ubirataonline.com.br\/en\/wp-json\/wp\/v2\/media?parent=111372"}],"wp:term":[{"taxonomy":"category","embeddable":true,"href":"https:\/\/ubirataonline.com.br\/en\/wp-json\/wp\/v2\/categories?post=111372"},{"taxonomy":"post_tag","embeddable":true,"href":"https:\/\/ubirataonline.com.br\/en\/wp-json\/wp\/v2\/tags?post=111372"}],"curies":[{"name":"wp","href":"https:\/\/api.w.org\/{rel}","templated":true}]}}