{"id":111378,"date":"2026-04-18T21:07:51","date_gmt":"2026-04-19T00:07:51","guid":{"rendered":"https:\/\/ubirataonline.com.br\/conor-benn-signs-multi-fight-deal-with-zuffa-boxing-and-dana-white\/"},"modified":"2026-04-18T21:07:53","modified_gmt":"2026-04-19T00:07:53","slug":"conor-benn-signs-multi-fight-deal-with-zuffa-boxing-and-dana-white","status":"publish","type":"post","link":"https:\/\/ubirataonline.com.br\/en\/conor-benn-signs-multi-fight-deal-with-zuffa-boxing-and-dana-white\/","title":{"rendered":"Conor Benn signs multi-fight deal with Zuffa Boxing and Dana White"},"content":{"rendered":"<p><\/p>\n<div>\n<div id=\"beyondwords-wrapper\" class=\"beyondwords-wrapper\">\n<p><span class=\"label-bg\">NEW<\/span>You can now listen to Fox News articles!\n  <\/p>\n<\/div>\n<p class=\"speakable\"><span class=\"dateline\">LAS VEGAS \u2013 <\/span>Dana White\u2019s boxing organization made a splash signing Friday during <a href=\"https:\/\/www.foxnews.com\/category\/organization\/wwe\" target=\"_blank\" rel=\"noopener\">WrestleMania week<\/a> in Las Vegas.<\/p>\n<p class=\"speakable\">Conor Benn agreed to a <a href=\"https:\/\/www.foxnews.com\/category\/sports\/boxing\" target=\"_blank\" rel=\"noopener\">multi-fight deal with Zuffa Boxing<\/a> just days after appearing on Netflix against Regis Prograis as part of the co-main event with Tyson Fury and Arslanbek Makhmudov.\u00a0<\/p>\n<p>Benn defeated Prograis via unanimous decision and moved to 24-1 in his career.<\/p>\n<p><a href=\"https:\/\/www.foxnews.com\/sports\" target=\"_blank\" rel=\"noopener\"><strong><u>CLICK HERE FOR MORE SPORTS COVERAGE ON FOXNEWS.COM<\/u><\/strong><\/a><\/p>\n<div class=\"image-ct inline\">\n<div class=\"m\"><picture><source media=\"(max-width: 767px)\" srcset=\"https:\/\/a57.foxnews.com\/static.foxnews.com\/foxnews.com\/content\/uploads\/2026\/04\/343\/192\/conor-benn-regis-prograis-boxing-fox-news-001.jpeg?ve=1&amp;tl=1, https:\/\/a57.foxnews.com\/static.foxnews.com\/foxnews.com\/content\/uploads\/2026\/04\/686\/384\/conor-benn-regis-prograis-boxing-fox-news-001.jpeg?ve=1&amp;tl=1 2x\" height=\"192\" width=\"343\"><source media=\"(min-width: 768px) and (max-width: 1023px)\" srcset=\"https:\/\/a57.foxnews.com\/static.foxnews.com\/foxnews.com\/content\/uploads\/2026\/04\/672\/378\/conor-benn-regis-prograis-boxing-fox-news-001.jpeg?ve=1&amp;tl=1, https:\/\/a57.foxnews.com\/static.foxnews.com\/foxnews.com\/content\/uploads\/2026\/04\/1344\/756\/conor-benn-regis-prograis-boxing-fox-news-001.jpeg?ve=1&amp;tl=1 2x\" height=\"378\" width=\"672\"><source media=\"(min-width: 1024px) and (max-width: 1279px)\" srcset=\"https:\/\/a57.foxnews.com\/static.foxnews.com\/foxnews.com\/content\/uploads\/2026\/04\/931\/523\/conor-benn-regis-prograis-boxing-fox-news-001.jpeg?ve=1&amp;tl=1, https:\/\/a57.foxnews.com\/static.foxnews.com\/foxnews.com\/content\/uploads\/2026\/04\/1862\/1046\/conor-benn-regis-prograis-boxing-fox-news-001.jpeg?ve=1&amp;tl=1 2x\" height=\"523\" width=\"931\"><source media=\"(min-width: 1280px)\" srcset=\"https:\/\/a57.foxnews.com\/static.foxnews.com\/foxnews.com\/content\/uploads\/2026\/04\/720\/405\/conor-benn-regis-prograis-boxing-fox-news-001.jpeg?ve=1&amp;tl=1, https:\/\/a57.foxnews.com\/static.foxnews.com\/foxnews.com\/content\/uploads\/2026\/04\/1440\/810\/conor-benn-regis-prograis-boxing-fox-news-001.jpeg?ve=1&amp;tl=1 2x\" height=\"405\" width=\"720\"><\/source><\/source><\/source><\/source><\/picture><\/div>\n<div class=\"info\">\n<div class=\"caption\">\n<p><span>Conor Benn punches Regis Prograis during their super welterweight fight at Tottenham Hotspur Stadium in London April 11, 2026.<\/span> <span>(Richard Pelham\/Getty Images for Netflix)<\/span><\/p>\n<\/div>\n<\/div>\n<\/div>\n<p>Benn suggested UFC President Dana White and WWE President Nick Khan were big reasons he decided to join Zuffa Boxing. UFC, WWE and Zuffa Boxing are properties under TKO Group Holdings.<\/p>\n<p>&#8220;When you look at what he\u2019s done with <a href=\"https:\/\/www.foxnews.com\/category\/sports\/ufc\" target=\"_blank\" rel=\"noopener\">UFC<\/a> and what Nick Khan has done with WWE, it\u2019s absolutely phenomenal,&#8221; Benn said. &#8220;I plan on taking over, and it\u2019s absolutely a privilege for me to be a part of that journey.&#8221;<\/p>\n<p>Benn is the mandatory challenger for Ryan Garcia\u2019s WBC welterweight title. There has been speculation the two will fight at some point during the summer.<\/p>\n<div class=\"image-ct inline\">\n<div class=\"m\"><picture><source media=\"(max-width: 767px)\" srcset=\"https:\/\/a57.foxnews.com\/static.foxnews.com\/foxnews.com\/content\/uploads\/2026\/04\/343\/192\/conor-benn-blood-tottenham-fox-news-001.jpeg?ve=1&amp;tl=1, https:\/\/a57.foxnews.com\/static.foxnews.com\/foxnews.com\/content\/uploads\/2026\/04\/686\/384\/conor-benn-blood-tottenham-fox-news-001.jpeg?ve=1&amp;tl=1 2x\" height=\"192\" width=\"343\"><source media=\"(min-width: 768px) and (max-width: 1023px)\" srcset=\"https:\/\/a57.foxnews.com\/static.foxnews.com\/foxnews.com\/content\/uploads\/2026\/04\/672\/378\/conor-benn-blood-tottenham-fox-news-001.jpeg?ve=1&amp;tl=1, https:\/\/a57.foxnews.com\/static.foxnews.com\/foxnews.com\/content\/uploads\/2026\/04\/1344\/756\/conor-benn-blood-tottenham-fox-news-001.jpeg?ve=1&amp;tl=1 2x\" height=\"378\" width=\"672\"><source media=\"(min-width: 1024px) and (max-width: 1279px)\" srcset=\"https:\/\/a57.foxnews.com\/static.foxnews.com\/foxnews.com\/content\/uploads\/2026\/04\/931\/523\/conor-benn-blood-tottenham-fox-news-001.jpeg?ve=1&amp;tl=1, https:\/\/a57.foxnews.com\/static.foxnews.com\/foxnews.com\/content\/uploads\/2026\/04\/1862\/1046\/conor-benn-blood-tottenham-fox-news-001.jpeg?ve=1&amp;tl=1 2x\" height=\"523\" width=\"931\"><source media=\"(min-width: 1280px)\" srcset=\"https:\/\/a57.foxnews.com\/static.foxnews.com\/foxnews.com\/content\/uploads\/2026\/04\/720\/405\/conor-benn-blood-tottenham-fox-news-001.jpeg?ve=1&amp;tl=1, https:\/\/a57.foxnews.com\/static.foxnews.com\/foxnews.com\/content\/uploads\/2026\/04\/1440\/810\/conor-benn-blood-tottenham-fox-news-001.jpeg?ve=1&amp;tl=1 2x\" height=\"405\" width=\"720\"><img loading=\"lazy\" decoding=\"async\" src=\"https:\/\/a57.foxnews.com\/static.foxnews.com\/foxnews.com\/content\/uploads\/2026\/04\/1200\/675\/conor-benn-blood-tottenham-fox-news-001.jpeg?ve=1&amp;tl=1\" alt=\"Conor Benn with blood running down his cheek during a boxing match at Tottenham Hotspur Stadium\" width=\"1200\" height=\"675\"\/><\/source><\/source><\/source><\/source><\/picture><\/div>\n<div class=\"info\">\n<div class=\"caption\">\n<p><span>Conor Benn has blood running down his cheek during a super welterweight fight against Regis Prograis at Tottenham Hotspur Stadium in London April 11, 2026.<\/span> <span>(Richard Pelham\/Getty Images for Netflix)<\/span><\/p>\n<\/div>\n<\/div>\n<\/div>\n<p><a href=\"https:\/\/www.foxbusiness.com\/sports\/wwes-wrestlemania-41-generated-historic-economic-numbers-las-vegas-tko-group-says\" target=\"_blank\" rel=\"noopener\"><strong>WWE&#8217;S WRESTLEMANIA 41 GENERATED HISTORIC ECONOMIC NUMBERS FOR LAS VEGAS, TKO GROUP SAYS<\/strong><\/a><\/p>\n<p>&#8220;Ultimately, you want to give the fans the biggest fight, the biggest night that\u2019s possible,&#8221; Ben told Fox News Digital.<\/p>\n<p>An American audience may want to get ready for Benn\u2019s rise to the top. He vowed that he will be the reason fight fans will get the biggest bang for their buck.<\/p>\n<p>&#8220;Conor Benn is an exciting boxer who likes to give people value for their money,&#8221; he said.<\/p>\n<p>Benn\u2019s only loss came against Chris Eubank Jr. last April via unanimous decision. But he got revenge on Eubank in November with his own unanimous decision win.<\/p>\n<div class=\"image-ct inline\">\n<div class=\"m\"><picture><source media=\"(max-width: 767px)\" srcset=\"https:\/\/a57.foxnews.com\/static.foxnews.com\/foxnews.com\/content\/uploads\/2026\/04\/343\/192\/conor-benn-victory-london-fox-news-001.jpeg?ve=1&amp;tl=1, https:\/\/a57.foxnews.com\/static.foxnews.com\/foxnews.com\/content\/uploads\/2026\/04\/686\/384\/conor-benn-victory-london-fox-news-001.jpeg?ve=1&amp;tl=1 2x\" height=\"192\" width=\"343\"><source media=\"(min-width: 768px) and (max-width: 1023px)\" srcset=\"https:\/\/a57.foxnews.com\/static.foxnews.com\/foxnews.com\/content\/uploads\/2026\/04\/672\/378\/conor-benn-victory-london-fox-news-001.jpeg?ve=1&amp;tl=1, https:\/\/a57.foxnews.com\/static.foxnews.com\/foxnews.com\/content\/uploads\/2026\/04\/1344\/756\/conor-benn-victory-london-fox-news-001.jpeg?ve=1&amp;tl=1 2x\" height=\"378\" width=\"672\"><source media=\"(min-width: 1024px) and (max-width: 1279px)\" srcset=\"https:\/\/a57.foxnews.com\/static.foxnews.com\/foxnews.com\/content\/uploads\/2026\/04\/931\/523\/conor-benn-victory-london-fox-news-001.jpeg?ve=1&amp;tl=1, https:\/\/a57.foxnews.com\/static.foxnews.com\/foxnews.com\/content\/uploads\/2026\/04\/1862\/1046\/conor-benn-victory-london-fox-news-001.jpeg?ve=1&amp;tl=1 2x\" height=\"523\" width=\"931\"><source media=\"(min-width: 1280px)\" srcset=\"https:\/\/a57.foxnews.com\/static.foxnews.com\/foxnews.com\/content\/uploads\/2026\/04\/720\/405\/conor-benn-victory-london-fox-news-001.jpeg?ve=1&amp;tl=1, https:\/\/a57.foxnews.com\/static.foxnews.com\/foxnews.com\/content\/uploads\/2026\/04\/1440\/810\/conor-benn-victory-london-fox-news-001.jpeg?ve=1&amp;tl=1 2x\" height=\"405\" width=\"720\"><img loading=\"lazy\" decoding=\"async\" src=\"https:\/\/a57.foxnews.com\/static.foxnews.com\/foxnews.com\/content\/uploads\/2026\/04\/1200\/675\/conor-benn-victory-london-fox-news-001.jpeg?ve=1&amp;tl=1\" alt=\"Conor Benn raising his hand in victory at Tottenham Hotspur Stadium in London\" width=\"1200\" height=\"675\"\/><\/source><\/source><\/source><\/source><\/picture><\/div>\n<div class=\"info\">\n<div class=\"caption\">\n<p><span>Conor Benn raises his hand after winning a super welterweight fight against Regis Prograis at Tottenham Hotspur Stadium in London on April 11, 2026.<\/span> <span>(Richard Pelham\/Getty Images for Netflix)<\/span><\/p>\n<\/div>\n<\/div>\n<\/div>\n<p><a href=\"https:\/\/foxnews.onelink.me\/xLDS?pid=AppArticleLink&amp;af_dp=foxnewsaf%3A%2F%2F&amp;af_web_dp=https%3A%2F%2Fwww.foxnews.com%2Fapps-products\" target=\"_blank\" rel=\"noopener\"><strong>CLICK HERE TO DOWNLOAD THE FOX NEWS APP<\/strong><\/a><\/p>\n<p>Benn has 14 knockout victories and will be looking for more.<\/p>\n<p> <!----> <!----> <\/p>\n<div class=\"article-meta\">\n<div class=\"author-bio\">\n<p>Ryan Gaydos is a senior editor for Fox News Digital.<\/p>\n<\/div>\n<\/div>\n<\/div>\n<p><a href=\"https:\/\/www.foxnews.com\/sports\/dana-whites-boxing-outfit-makes-splash-conor-benn-signing-las-vegas-amid-wrestlemania-week\">Source link <\/a><\/p>","protected":false},"excerpt":{"rendered":"<p>NEWYou can now listen to Fox News articles! LAS VEGAS \u2013 Dana White\u2019s boxing organization made a splash signing Friday during WrestleMania week in Las Vegas. Conor Benn agreed to a multi-fight deal with Zuffa Boxing just days after appearing on Netflix against Regis Prograis as part of the co-main event with Tyson Fury and [&hellip;]<\/p>\n","protected":false},"author":1,"featured_media":111379,"comment_status":"closed","ping_status":"","sticky":false,"template":"","format":"standard","meta":{"googlesitekit_rrm_CAow2JLhCw:productID":"","_gspb_post_css":"","maa_idioma":"","maa_pais":"","footnotes":""},"categories":[1],"tags":[29796,11837,9345,15655,5236,29797,5195,6220,15658],"class_list":["post-111378","post","type-post","status-publish","format-standard","has-post-thumbnail","hentry","category-ubirata","tag-benn","tag-boxing","tag-conor","tag-dana","tag-deal","tag-multifight","tag-signs","tag-white","tag-zuffa"],"blocksy_meta":[],"yoast_head":"<!-- This site is optimized with the Yoast SEO Premium plugin v27.6 (Yoast SEO v27.6) - https:\/\/yoast.com\/product\/yoast-seo-premium-wordpress\/ -->\n<title>Conor Benn signs multi-fight deal with Zuffa Boxing and Dana White - Ubirat\u00e3 Online Not\u00edcias - A realidade ao seu alcance!<\/title>\n<meta name=\"description\" content=\"NEWYou can now listen to Fox News articles! LAS VEGAS \u2013 Dana White\u2019s boxing organization made a splash signing Friday during WrestleMania week in Las\" \/>\n<meta name=\"robots\" content=\"index, follow, max-snippet:-1, max-image-preview:large, max-video-preview:-1\" \/>\n<link rel=\"canonical\" href=\"https:\/\/ubirataonline.com.br\/en\/conor-benn-signs-multi-fight-deal-with-zuffa-boxing-and-dana-white\/\" \/>\n<meta property=\"og:locale\" content=\"en_US\" \/>\n<meta property=\"og:type\" content=\"article\" \/>\n<meta property=\"og:title\" content=\"Conor Benn signs multi-fight deal with Zuffa Boxing and Dana White\" \/>\n<meta property=\"og:description\" content=\"NEWYou can now listen to Fox News articles! LAS VEGAS \u2013 Dana White\u2019s boxing organization made a splash signing Friday during WrestleMania week in Las\" \/>\n<meta property=\"og:url\" content=\"https:\/\/ubirataonline.com.br\/en\/conor-benn-signs-multi-fight-deal-with-zuffa-boxing-and-dana-white\/\" \/>\n<meta property=\"og:site_name\" content=\"Ubirat\u00e3 Online Not\u00edcias - A realidade ao seu alcance!\" \/>\n<meta property=\"article:publisher\" content=\"https:\/\/www.facebook.com\/portalubirataonline\" \/>\n<meta property=\"article:author\" content=\"https:\/\/www.facebook.com\/portalubirataonline\" \/>\n<meta property=\"article:published_time\" content=\"2026-04-19T00:07:51+00:00\" \/>\n<meta property=\"article:modified_time\" content=\"2026-04-19T00:07:53+00:00\" \/>\n<meta property=\"og:image\" content=\"https:\/\/ubirataonline.com.br\/wp-content\/uploads\/2026\/04\/Conor-Benn-signs-multi-fight-deal-with-Zuffa-Boxing-and-Dana.jpeg\" \/>\n\t<meta property=\"og:image:width\" content=\"1280\" \/>\n\t<meta property=\"og:image:height\" content=\"720\" \/>\n\t<meta property=\"og:image:type\" content=\"image\/jpeg\" \/>\n<meta name=\"author\" content=\"REDA\u00c7\u00c3O: UBIRAT\u00c3 ONLINE - F\u00c1BIO AUGUSTO CELESTINO\" \/>\n<meta name=\"twitter:card\" content=\"summary_large_image\" \/>\n<meta name=\"twitter:creator\" content=\"@x.com\/ubirataonline\" \/>\n<meta name=\"twitter:site\" content=\"@ubirataonline\" \/>\n<meta name=\"twitter:label1\" content=\"Written by\" \/>\n\t<meta name=\"twitter:data1\" content=\"REDA\u00c7\u00c3O: UBIRAT\u00c3 ONLINE - F\u00c1BIO AUGUSTO CELESTINO\" \/>\n\t<meta name=\"twitter:label2\" content=\"Est. reading time\" \/>\n\t<meta name=\"twitter:data2\" content=\"2 minutes\" \/>\n<script type=\"application\/ld+json\" class=\"yoast-schema-graph\">{\"@context\":\"https:\\\/\\\/schema.org\",\"@graph\":[{\"@type\":\"NewsArticle\",\"@id\":\"https:\\\/\\\/ubirataonline.com.br\\\/conor-benn-signs-multi-fight-deal-with-zuffa-boxing-and-dana-white\\\/#article\",\"isPartOf\":{\"@id\":\"https:\\\/\\\/ubirataonline.com.br\\\/conor-benn-signs-multi-fight-deal-with-zuffa-boxing-and-dana-white\\\/\"},\"author\":{\"name\":\"REDA\u00c7\u00c3O: UBIRAT\u00c3 ONLINE - F\u00c1BIO AUGUSTO CELESTINO\",\"@id\":\"https:\\\/\\\/ubirataonline.com.br\\\/#\\\/schema\\\/person\\\/372f87bbd3fdd79b8556b84c98d0bc1c\"},\"headline\":\"Conor Benn signs multi-fight deal with Zuffa Boxing and Dana White\",\"datePublished\":\"2026-04-19T00:07:51+00:00\",\"dateModified\":\"2026-04-19T00:07:53+00:00\",\"mainEntityOfPage\":{\"@id\":\"https:\\\/\\\/ubirataonline.com.br\\\/conor-benn-signs-multi-fight-deal-with-zuffa-boxing-and-dana-white\\\/\"},\"wordCount\":413,\"publisher\":{\"@id\":\"https:\\\/\\\/ubirataonline.com.br\\\/#organization\"},\"image\":{\"@id\":\"https:\\\/\\\/ubirataonline.com.br\\\/conor-benn-signs-multi-fight-deal-with-zuffa-boxing-and-dana-white\\\/#primaryimage\"},\"thumbnailUrl\":\"https:\\\/\\\/ubirataonline.com.br\\\/wp-content\\\/uploads\\\/2026\\\/04\\\/Conor-Benn-signs-multi-fight-deal-with-Zuffa-Boxing-and-Dana.jpeg\",\"keywords\":[\"Benn\",\"boxing\",\"Conor\",\"Dana\",\"Deal\",\"multifight\",\"signs\",\"White\",\"Zuffa\"],\"articleSection\":[\"Ubirat\u00e3\"],\"inLanguage\":\"en-US\",\"copyrightYear\":\"2026\",\"copyrightHolder\":{\"@id\":\"https:\\\/\\\/ubirataonline.com.br\\\/en\\\/#organization\"}},{\"@type\":\"WebPage\",\"@id\":\"https:\\\/\\\/ubirataonline.com.br\\\/conor-benn-signs-multi-fight-deal-with-zuffa-boxing-and-dana-white\\\/\",\"url\":\"https:\\\/\\\/ubirataonline.com.br\\\/conor-benn-signs-multi-fight-deal-with-zuffa-boxing-and-dana-white\\\/\",\"name\":\"Conor Benn signs multi-fight deal with Zuffa Boxing and Dana White - Ubirat\u00e3 Online Not\u00edcias - A realidade ao seu alcance!\",\"isPartOf\":{\"@id\":\"https:\\\/\\\/ubirataonline.com.br\\\/#website\"},\"primaryImageOfPage\":{\"@id\":\"https:\\\/\\\/ubirataonline.com.br\\\/conor-benn-signs-multi-fight-deal-with-zuffa-boxing-and-dana-white\\\/#primaryimage\"},\"image\":{\"@id\":\"https:\\\/\\\/ubirataonline.com.br\\\/conor-benn-signs-multi-fight-deal-with-zuffa-boxing-and-dana-white\\\/#primaryimage\"},\"thumbnailUrl\":\"https:\\\/\\\/ubirataonline.com.br\\\/wp-content\\\/uploads\\\/2026\\\/04\\\/Conor-Benn-signs-multi-fight-deal-with-Zuffa-Boxing-and-Dana.jpeg\",\"datePublished\":\"2026-04-19T00:07:51+00:00\",\"dateModified\":\"2026-04-19T00:07:53+00:00\",\"description\":\"NEWYou can now listen to Fox News articles! LAS VEGAS \u2013 Dana White\u2019s boxing organization made a splash signing Friday during WrestleMania week in Las\",\"breadcrumb\":{\"@id\":\"https:\\\/\\\/ubirataonline.com.br\\\/conor-benn-signs-multi-fight-deal-with-zuffa-boxing-and-dana-white\\\/#breadcrumb\"},\"inLanguage\":\"en-US\",\"potentialAction\":[{\"@type\":\"ReadAction\",\"target\":[\"https:\\\/\\\/ubirataonline.com.br\\\/conor-benn-signs-multi-fight-deal-with-zuffa-boxing-and-dana-white\\\/\"]}]},{\"@type\":\"ImageObject\",\"inLanguage\":\"en-US\",\"@id\":\"https:\\\/\\\/ubirataonline.com.br\\\/conor-benn-signs-multi-fight-deal-with-zuffa-boxing-and-dana-white\\\/#primaryimage\",\"url\":\"https:\\\/\\\/ubirataonline.com.br\\\/wp-content\\\/uploads\\\/2026\\\/04\\\/Conor-Benn-signs-multi-fight-deal-with-Zuffa-Boxing-and-Dana.jpeg\",\"contentUrl\":\"https:\\\/\\\/ubirataonline.com.br\\\/wp-content\\\/uploads\\\/2026\\\/04\\\/Conor-Benn-signs-multi-fight-deal-with-Zuffa-Boxing-and-Dana.jpeg\",\"width\":1280,\"height\":720,\"caption\":\"Conor Benn signs multi-fight deal with Zuffa Boxing and Dana White\"},{\"@type\":\"BreadcrumbList\",\"@id\":\"https:\\\/\\\/ubirataonline.com.br\\\/conor-benn-signs-multi-fight-deal-with-zuffa-boxing-and-dana-white\\\/#breadcrumb\",\"itemListElement\":[{\"@type\":\"ListItem\",\"position\":1,\"name\":\"In\u00edcio\",\"item\":\"https:\\\/\\\/ubirataonline.com.br\\\/\"},{\"@type\":\"ListItem\",\"position\":2,\"name\":\"Conor Benn signs multi-fight deal with Zuffa Boxing and Dana White\"}]},{\"@type\":\"WebSite\",\"@id\":\"https:\\\/\\\/ubirataonline.com.br\\\/#website\",\"url\":\"https:\\\/\\\/ubirataonline.com.br\\\/\",\"name\":\"Ubirat\u00e3 Online Not\u00edcias\",\"description\":\"Not\u00edcias de Ubirat\u00e3, regi\u00e3o, Brasil e mundo, com informa\u00e7\u00e3o atualizada e compromisso com o leitor.\",\"publisher\":{\"@id\":\"https:\\\/\\\/ubirataonline.com.br\\\/#organization\"},\"alternateName\":\"Ubirat\u00e3 Online\",\"potentialAction\":[{\"@type\":\"SearchAction\",\"target\":{\"@type\":\"EntryPoint\",\"urlTemplate\":\"https:\\\/\\\/ubirataonline.com.br\\\/?s={search_term_string}\"},\"query-input\":{\"@type\":\"PropertyValueSpecification\",\"valueRequired\":true,\"valueName\":\"search_term_string\"}}],\"inLanguage\":\"en-US\"},{\"@type\":[\"Organization\",\"Place\"],\"@id\":\"https:\\\/\\\/ubirataonline.com.br\\\/#organization\",\"name\":\"Ubirat\u00e3 Online Not\u00edcias\",\"alternateName\":\"Ubirat\u00e3 Online\",\"url\":\"https:\\\/\\\/ubirataonline.com.br\\\/\",\"logo\":{\"@id\":\"https:\\\/\\\/ubirataonline.com.br\\\/conor-benn-signs-multi-fight-deal-with-zuffa-boxing-and-dana-white\\\/#local-main-organization-logo\"},\"image\":{\"@id\":\"https:\\\/\\\/ubirataonline.com.br\\\/conor-benn-signs-multi-fight-deal-with-zuffa-boxing-and-dana-white\\\/#local-main-organization-logo\"},\"sameAs\":[\"https:\\\/\\\/www.facebook.com\\\/portalubirataonline\",\"https:\\\/\\\/x.com\\\/ubirataonline\",\"https:\\\/\\\/mastodon.social\\\/@ubirataonline\",\"https:\\\/\\\/www.facebook.com\\\/groups\\\/311144672285604\",\"https:\\\/\\\/www.facebook.com\\\/UBTAOnline\",\"https:\\\/\\\/www.instagram.com\\\/portalubirataonline\\\/\",\"https:\\\/\\\/twitter.com\\\/ubirataonline\"],\"description\":\"Somos um portal de not\u00edcias independente, criado em 5 de janeiro de 2009, com o objetivo de informar, conectar e valorizar a nossa comunidade de Ubirat\u00e3 e toda aregi\u00e3o. Com conte\u00fado atualizado, confi\u00e1vel e relevante, o Ubirat\u00e3 Online \u00e9 o seu espa\u00e7o para ficar por dentro dos principais acontecimentos locais, regionais, Brasil, Mundo e de interesse geral. Nosso compromisso \u00e9 com a verdade, a transpar\u00eancia e o respeito ao leitor.\",\"legalName\":\"UBIRATA ONLINE NOT\u00cdCIAS\",\"foundingDate\":\"2009-01-05\",\"numberOfEmployees\":{\"@type\":\"QuantitativeValue\",\"minValue\":\"1\",\"maxValue\":\"10\"},\"publishingPrinciples\":\"https:\\\/\\\/ubirataonline.com.br\\\/faq\\\/\",\"address\":{\"@id\":\"https:\\\/\\\/ubirataonline.com.br\\\/conor-benn-signs-multi-fight-deal-with-zuffa-boxing-and-dana-white\\\/#local-main-place-address\"},\"geo\":{\"@type\":\"GeoCoordinates\",\"latitude\":\"-24.5361401\",\"longitude\":\"-52.9921776\"},\"telephone\":[\"+5544998308235\"],\"contactPoint\":{\"@type\":\"ContactPoint\",\"email\":\"contato@ubirataonline.com.br\"},\"openingHoursSpecification\":{\"@type\":\"OpeningHoursSpecification\",\"dayOfWeek\":[\"Monday\",\"Tuesday\",\"Wednesday\",\"Thursday\",\"Friday\",\"Saturday\",\"Sunday\"],\"opens\":\"00:00\",\"closes\":\"23:59\"},\"email\":\"contato@ubirataonline.com.br\",\"vatID\":\"47.621.418\\\/0001-80\"},{\"@type\":\"Person\",\"@id\":\"https:\\\/\\\/ubirataonline.com.br\\\/#\\\/schema\\\/person\\\/372f87bbd3fdd79b8556b84c98d0bc1c\",\"name\":\"REDA\u00c7\u00c3O: UBIRAT\u00c3 ONLINE - F\u00c1BIO AUGUSTO CELESTINO\",\"pronouns\":\"Ele\",\"description\":\"Desde 2003 trabalhando com not\u00edcias.\",\"sameAs\":[\"http:\\\/\\\/ubirataoline.com.br\",\"https:\\\/\\\/www.facebook.com\\\/portalubirataonline\",\"https:\\\/\\\/www.instagram.com\\\/ubirataonline_oficial\",\"https:\\\/\\\/x.com\\\/x.com\\\/ubirataonline\"],\"honorificPrefix\":\"Mr.\",\"honorificSuffix\":\"MD\",\"birthDate\":\"1980-06-16\",\"gender\":\"masculino\",\"award\":[\"V\u00e1rios pr\u00eamios de melhor portal da cidade\"],\"jobTitle\":\"Diretor\",\"url\":\"https:\\\/\\\/ubirataonline.com.br\\\/en\\\/author\\\/ubirataonline\\\/\"},{\"@type\":\"PostalAddress\",\"@id\":\"https:\\\/\\\/ubirataonline.com.br\\\/conor-benn-signs-multi-fight-deal-with-zuffa-boxing-and-dana-white\\\/#local-main-place-address\",\"streetAddress\":\"Rua dos Coqueiros, 104 - Bairro Boa Vista, Rua dos Coqueiros, 104 Bairro Boa Vista\",\"addressLocality\":\"UBIRATA\",\"postalCode\":\"85440-000\",\"addressRegion\":\"PR\",\"addressCountry\":\"BR\"},{\"@type\":\"ImageObject\",\"inLanguage\":\"en-US\",\"@id\":\"https:\\\/\\\/ubirataonline.com.br\\\/conor-benn-signs-multi-fight-deal-with-zuffa-boxing-and-dana-white\\\/#local-main-organization-logo\",\"url\":\"https:\\\/\\\/ubirataonline.com.br\\\/wp-content\\\/uploads\\\/2026\\\/06\\\/logoubirataonline-1.webp\",\"contentUrl\":\"https:\\\/\\\/ubirataonline.com.br\\\/wp-content\\\/uploads\\\/2026\\\/06\\\/logoubirataonline-1.webp\",\"width\":500,\"height\":500,\"caption\":\"Ubirat\u00e3 Online Not\u00edcias\"}]}<\/script>\n<meta name=\"geo.placename\" content=\"UBIRATA\" \/>\n<meta name=\"geo.position\" content=\"-24.5361401;-52.9921776\" \/>\n<meta name=\"geo.region\" content=\"Brazil\" \/>\n<!-- \/ Yoast SEO Premium plugin. -->","yoast_head_json":{"title":"Conor Benn signs multi-fight deal with Zuffa Boxing and Dana White - Ubirat\u00e3 Online Not\u00edcias - A realidade ao seu alcance!","description":"NEWYou can now listen to Fox News articles! LAS VEGAS \u2013 Dana White\u2019s boxing organization made a splash signing Friday during WrestleMania week in Las","robots":{"index":"index","follow":"follow","max-snippet":"max-snippet:-1","max-image-preview":"max-image-preview:large","max-video-preview":"max-video-preview:-1"},"canonical":"https:\/\/ubirataonline.com.br\/en\/conor-benn-signs-multi-fight-deal-with-zuffa-boxing-and-dana-white\/","og_locale":"en_US","og_type":"article","og_title":"Conor Benn signs multi-fight deal with Zuffa Boxing and Dana White","og_description":"NEWYou can now listen to Fox News articles! LAS VEGAS \u2013 Dana White\u2019s boxing organization made a splash signing Friday during WrestleMania week in Las","og_url":"https:\/\/ubirataonline.com.br\/en\/conor-benn-signs-multi-fight-deal-with-zuffa-boxing-and-dana-white\/","og_site_name":"Ubirat\u00e3 Online Not\u00edcias - A realidade ao seu alcance!","article_publisher":"https:\/\/www.facebook.com\/portalubirataonline","article_author":"https:\/\/www.facebook.com\/portalubirataonline","article_published_time":"2026-04-19T00:07:51+00:00","article_modified_time":"2026-04-19T00:07:53+00:00","og_image":[{"width":1280,"height":720,"url":"https:\/\/ubirataonline.com.br\/wp-content\/uploads\/2026\/04\/Conor-Benn-signs-multi-fight-deal-with-Zuffa-Boxing-and-Dana.jpeg","type":"image\/jpeg"}],"author":"REDA\u00c7\u00c3O: UBIRAT\u00c3 ONLINE - F\u00c1BIO AUGUSTO CELESTINO","twitter_card":"summary_large_image","twitter_creator":"@x.com\/ubirataonline","twitter_site":"@ubirataonline","twitter_misc":{"Written by":"REDA\u00c7\u00c3O: UBIRAT\u00c3 ONLINE - F\u00c1BIO AUGUSTO CELESTINO","Est. reading time":"2 minutes"},"schema":{"@context":"https:\/\/schema.org","@graph":[{"@type":"NewsArticle","@id":"https:\/\/ubirataonline.com.br\/conor-benn-signs-multi-fight-deal-with-zuffa-boxing-and-dana-white\/#article","isPartOf":{"@id":"https:\/\/ubirataonline.com.br\/conor-benn-signs-multi-fight-deal-with-zuffa-boxing-and-dana-white\/"},"author":{"name":"REDA\u00c7\u00c3O: UBIRAT\u00c3 ONLINE - F\u00c1BIO AUGUSTO CELESTINO","@id":"https:\/\/ubirataonline.com.br\/#\/schema\/person\/372f87bbd3fdd79b8556b84c98d0bc1c"},"headline":"Conor Benn signs multi-fight deal with Zuffa Boxing and Dana White","datePublished":"2026-04-19T00:07:51+00:00","dateModified":"2026-04-19T00:07:53+00:00","mainEntityOfPage":{"@id":"https:\/\/ubirataonline.com.br\/conor-benn-signs-multi-fight-deal-with-zuffa-boxing-and-dana-white\/"},"wordCount":413,"publisher":{"@id":"https:\/\/ubirataonline.com.br\/#organization"},"image":{"@id":"https:\/\/ubirataonline.com.br\/conor-benn-signs-multi-fight-deal-with-zuffa-boxing-and-dana-white\/#primaryimage"},"thumbnailUrl":"https:\/\/ubirataonline.com.br\/wp-content\/uploads\/2026\/04\/Conor-Benn-signs-multi-fight-deal-with-Zuffa-Boxing-and-Dana.jpeg","keywords":["Benn","boxing","Conor","Dana","Deal","multifight","signs","White","Zuffa"],"articleSection":["Ubirat\u00e3"],"inLanguage":"en-US","copyrightYear":"2026","copyrightHolder":{"@id":"https:\/\/ubirataonline.com.br\/en\/#organization"}},{"@type":"WebPage","@id":"https:\/\/ubirataonline.com.br\/conor-benn-signs-multi-fight-deal-with-zuffa-boxing-and-dana-white\/","url":"https:\/\/ubirataonline.com.br\/conor-benn-signs-multi-fight-deal-with-zuffa-boxing-and-dana-white\/","name":"Conor Benn signs multi-fight deal with Zuffa Boxing and Dana White - Ubirat\u00e3 Online Not\u00edcias - A realidade ao seu alcance!","isPartOf":{"@id":"https:\/\/ubirataonline.com.br\/#website"},"primaryImageOfPage":{"@id":"https:\/\/ubirataonline.com.br\/conor-benn-signs-multi-fight-deal-with-zuffa-boxing-and-dana-white\/#primaryimage"},"image":{"@id":"https:\/\/ubirataonline.com.br\/conor-benn-signs-multi-fight-deal-with-zuffa-boxing-and-dana-white\/#primaryimage"},"thumbnailUrl":"https:\/\/ubirataonline.com.br\/wp-content\/uploads\/2026\/04\/Conor-Benn-signs-multi-fight-deal-with-Zuffa-Boxing-and-Dana.jpeg","datePublished":"2026-04-19T00:07:51+00:00","dateModified":"2026-04-19T00:07:53+00:00","description":"NEWYou can now listen to Fox News articles! LAS VEGAS \u2013 Dana White\u2019s boxing organization made a splash signing Friday during WrestleMania week in Las","breadcrumb":{"@id":"https:\/\/ubirataonline.com.br\/conor-benn-signs-multi-fight-deal-with-zuffa-boxing-and-dana-white\/#breadcrumb"},"inLanguage":"en-US","potentialAction":[{"@type":"ReadAction","target":["https:\/\/ubirataonline.com.br\/conor-benn-signs-multi-fight-deal-with-zuffa-boxing-and-dana-white\/"]}]},{"@type":"ImageObject","inLanguage":"en-US","@id":"https:\/\/ubirataonline.com.br\/conor-benn-signs-multi-fight-deal-with-zuffa-boxing-and-dana-white\/#primaryimage","url":"https:\/\/ubirataonline.com.br\/wp-content\/uploads\/2026\/04\/Conor-Benn-signs-multi-fight-deal-with-Zuffa-Boxing-and-Dana.jpeg","contentUrl":"https:\/\/ubirataonline.com.br\/wp-content\/uploads\/2026\/04\/Conor-Benn-signs-multi-fight-deal-with-Zuffa-Boxing-and-Dana.jpeg","width":1280,"height":720,"caption":"Conor Benn signs multi-fight deal with Zuffa Boxing and Dana White"},{"@type":"BreadcrumbList","@id":"https:\/\/ubirataonline.com.br\/conor-benn-signs-multi-fight-deal-with-zuffa-boxing-and-dana-white\/#breadcrumb","itemListElement":[{"@type":"ListItem","position":1,"name":"In\u00edcio","item":"https:\/\/ubirataonline.com.br\/"},{"@type":"ListItem","position":2,"name":"Conor Benn signs multi-fight deal with Zuffa Boxing and Dana White"}]},{"@type":"WebSite","@id":"https:\/\/ubirataonline.com.br\/#website","url":"https:\/\/ubirataonline.com.br\/","name":"Ubirat\u00e3 Online Not\u00edcias","description":"Not\u00edcias de Ubirat\u00e3, regi\u00e3o, Brasil e mundo, com informa\u00e7\u00e3o atualizada e compromisso com o leitor.","publisher":{"@id":"https:\/\/ubirataonline.com.br\/#organization"},"alternateName":"Ubirat\u00e3 Online","potentialAction":[{"@type":"SearchAction","target":{"@type":"EntryPoint","urlTemplate":"https:\/\/ubirataonline.com.br\/?s={search_term_string}"},"query-input":{"@type":"PropertyValueSpecification","valueRequired":true,"valueName":"search_term_string"}}],"inLanguage":"en-US"},{"@type":["Organization","Place"],"@id":"https:\/\/ubirataonline.com.br\/#organization","name":"Ubirat\u00e3 Online Not\u00edcias","alternateName":"Ubirat\u00e3 Online","url":"https:\/\/ubirataonline.com.br\/","logo":{"@id":"https:\/\/ubirataonline.com.br\/conor-benn-signs-multi-fight-deal-with-zuffa-boxing-and-dana-white\/#local-main-organization-logo"},"image":{"@id":"https:\/\/ubirataonline.com.br\/conor-benn-signs-multi-fight-deal-with-zuffa-boxing-and-dana-white\/#local-main-organization-logo"},"sameAs":["https:\/\/www.facebook.com\/portalubirataonline","https:\/\/x.com\/ubirataonline","https:\/\/mastodon.social\/@ubirataonline","https:\/\/www.facebook.com\/groups\/311144672285604","https:\/\/www.facebook.com\/UBTAOnline","https:\/\/www.instagram.com\/portalubirataonline\/","https:\/\/twitter.com\/ubirataonline"],"description":"Somos um portal de not\u00edcias independente, criado em 5 de janeiro de 2009, com o objetivo de informar, conectar e valorizar a nossa comunidade de Ubirat\u00e3 e toda aregi\u00e3o. Com conte\u00fado atualizado, confi\u00e1vel e relevante, o Ubirat\u00e3 Online \u00e9 o seu espa\u00e7o para ficar por dentro dos principais acontecimentos locais, regionais, Brasil, Mundo e de interesse geral. Nosso compromisso \u00e9 com a verdade, a transpar\u00eancia e o respeito ao leitor.","legalName":"UBIRATA ONLINE NOT\u00cdCIAS","foundingDate":"2009-01-05","numberOfEmployees":{"@type":"QuantitativeValue","minValue":"1","maxValue":"10"},"publishingPrinciples":"https:\/\/ubirataonline.com.br\/faq\/","address":{"@id":"https:\/\/ubirataonline.com.br\/conor-benn-signs-multi-fight-deal-with-zuffa-boxing-and-dana-white\/#local-main-place-address"},"geo":{"@type":"GeoCoordinates","latitude":"-24.5361401","longitude":"-52.9921776"},"telephone":["+5544998308235"],"contactPoint":{"@type":"ContactPoint","email":"contato@ubirataonline.com.br"},"openingHoursSpecification":{"@type":"OpeningHoursSpecification","dayOfWeek":["Monday","Tuesday","Wednesday","Thursday","Friday","Saturday","Sunday"],"opens":"00:00","closes":"23:59"},"email":"contato@ubirataonline.com.br","vatID":"47.621.418\/0001-80"},{"@type":"Person","@id":"https:\/\/ubirataonline.com.br\/#\/schema\/person\/372f87bbd3fdd79b8556b84c98d0bc1c","name":"REDA\u00c7\u00c3O: UBIRAT\u00c3 ONLINE - F\u00c1BIO AUGUSTO CELESTINO","pronouns":"Ele","description":"Desde 2003 trabalhando com not\u00edcias.","sameAs":["http:\/\/ubirataoline.com.br","https:\/\/www.facebook.com\/portalubirataonline","https:\/\/www.instagram.com\/ubirataonline_oficial","https:\/\/x.com\/x.com\/ubirataonline"],"honorificPrefix":"Mr.","honorificSuffix":"MD","birthDate":"1980-06-16","gender":"masculino","award":["V\u00e1rios pr\u00eamios de melhor portal da cidade"],"jobTitle":"Diretor","url":"https:\/\/ubirataonline.com.br\/en\/author\/ubirataonline\/"},{"@type":"PostalAddress","@id":"https:\/\/ubirataonline.com.br\/conor-benn-signs-multi-fight-deal-with-zuffa-boxing-and-dana-white\/#local-main-place-address","streetAddress":"Rua dos Coqueiros, 104 - Bairro Boa Vista, Rua dos Coqueiros, 104 Bairro Boa Vista","addressLocality":"UBIRATA","postalCode":"85440-000","addressRegion":"PR","addressCountry":"BR"},{"@type":"ImageObject","inLanguage":"en-US","@id":"https:\/\/ubirataonline.com.br\/conor-benn-signs-multi-fight-deal-with-zuffa-boxing-and-dana-white\/#local-main-organization-logo","url":"https:\/\/ubirataonline.com.br\/wp-content\/uploads\/2026\/06\/logoubirataonline-1.webp","contentUrl":"https:\/\/ubirataonline.com.br\/wp-content\/uploads\/2026\/06\/logoubirataonline-1.webp","width":500,"height":500,"caption":"Ubirat\u00e3 Online Not\u00edcias"}]},"geo.placename":"UBIRATA","geo.position":{"lat":"-24.5361401","long":"-52.9921776"},"geo.region":"Brazil"},"_links":{"self":[{"href":"https:\/\/ubirataonline.com.br\/en\/wp-json\/wp\/v2\/posts\/111378","targetHints":{"allow":["GET"]}}],"collection":[{"href":"https:\/\/ubirataonline.com.br\/en\/wp-json\/wp\/v2\/posts"}],"about":[{"href":"https:\/\/ubirataonline.com.br\/en\/wp-json\/wp\/v2\/types\/post"}],"author":[{"embeddable":true,"href":"https:\/\/ubirataonline.com.br\/en\/wp-json\/wp\/v2\/users\/1"}],"replies":[{"embeddable":true,"href":"https:\/\/ubirataonline.com.br\/en\/wp-json\/wp\/v2\/comments?post=111378"}],"version-history":[{"count":0,"href":"https:\/\/ubirataonline.com.br\/en\/wp-json\/wp\/v2\/posts\/111378\/revisions"}],"wp:featuredmedia":[{"embeddable":true,"href":"https:\/\/ubirataonline.com.br\/en\/wp-json\/wp\/v2\/media\/111379"}],"wp:attachment":[{"href":"https:\/\/ubirataonline.com.br\/en\/wp-json\/wp\/v2\/media?parent=111378"}],"wp:term":[{"taxonomy":"category","embeddable":true,"href":"https:\/\/ubirataonline.com.br\/en\/wp-json\/wp\/v2\/categories?post=111378"},{"taxonomy":"post_tag","embeddable":true,"href":"https:\/\/ubirataonline.com.br\/en\/wp-json\/wp\/v2\/tags?post=111378"}],"curies":[{"name":"wp","href":"https:\/\/api.w.org\/{rel}","templated":true}]}}