{"id":111400,"date":"2026-04-18T21:37:40","date_gmt":"2026-04-19T00:37:40","guid":{"rendered":"https:\/\/ubirataonline.com.br\/quienes-son-los-convocados-de-chivas-que-buscaran-los-records-ante-puebla\/"},"modified":"2026-04-18T21:37:43","modified_gmt":"2026-04-19T00:37:43","slug":"quienes-son-los-convocados-de-chivas-que-buscaran-los-records-ante-puebla","status":"publish","type":"post","link":"https:\/\/ubirataonline.com.br\/en\/quienes-son-los-convocados-de-chivas-que-buscaran-los-records-ante-puebla\/","title":{"rendered":"\u00bfQui\u00e9nes son los convocados de Chivas que buscar\u00e1n los r\u00e9cords ante Puebla?"},"content":{"rendered":"<p><br \/>\n<\/p>\n<div>\n<p>El <em>Guadalajara<\/em> est\u00e1 de vuelta en el <em>Estadio AKRON<\/em>, donde ha consolidado una aduana insuperable de la mano de la <em>Naci\u00f3n Rojiblanca<\/em> a lo largo del Clausura 2026. Esta noche medir\u00e1 fuerzas con el Puebla en la fecha 15 del Clausura 2026, con el objetivo de regresar a la senda del triunfo y tomar un impulso fuerte hacia el cierre del torneo.<\/p>\n<p>Para <strong>Gabriel Milito<\/strong>, su plantel y todos los <em>Chivahermanos,<\/em> brindar un gran papel ante La Franja es prioridad, por lo que el estratega del Reba\u00f1o consider\u00f3 a 21 jugadores, que ir\u00e1n en busca del partido 12 sin derrota en la <em>Fortaleza Rojiblanca<\/em> y de la victoria 11 en el certamen para establecer dos nuevas marcas para el club.<\/p>\n<p><span style=\"text-decoration: underline;\">\u00bfHay novedades?<\/span><\/p>\n<p>&#8211; <strong>Sergio Aguayo<\/strong> fue incluido en la convocatoria y podr\u00eda tener participaci\u00f3n ante los poblanos. <br \/>&#8211; <strong>Omar Govea<\/strong> mantiene su proceso de recuperaci\u00f3n por la molestia en su pantorrilla izquierda.<br \/>&#8211; <strong>Richard Ledezma y \u00c1ngel Sep\u00falveda<\/strong> tampoco fueron considerados por presentar molestias musculares.<\/p>\n<p><span style=\"text-decoration: underline;\">Los convocados de Chivas para enfrentar a Tigres<\/span><\/p>\n<p>&#8211; Ra\u00fal Rangel<br \/>&#8211; \u00d3scar Whalley<br \/>&#8211; Gilberto Sep\u00falveda<br \/>&#8211; Miguel Tapias<br \/>&#8211; Bryan Gonz\u00e1lez<br \/>&#8211; Jos\u00e9 Castillo<br \/>&#8211; Miguel G\u00f3mez<br \/>&#8211; Daniel Aguirre<br \/>&#8211; Diego Campillo<br \/>&#8211; Brian Guti\u00e9rrez<br \/>&#8211; Efra\u00edn \u00c1lvarez<br \/>&#8211; Rub\u00e9n Gonz\u00e1lez<br \/>&#8211; Luis Romo<br \/>&#8211; Ricardo Mar\u00edn<br \/>&#8211; Yael Padilla<br \/>&#8211; Sergio Aguayo<br \/>&#8211; Hugo Camberos<br \/>&#8211; Roberto Alvarado<br \/>&#8211; Jonathan P\u00e9rez<br \/>&#8211; Armando Gonz\u00e1lez<br \/>&#8211; Santiago Sandoval<\/p>\n<\/p><\/div>\n<p><script>\n  !function(f,b,e,v,n,t,s)\n  {if(f.fbq)return;n=f.fbq=function(){n.callMethod?\n  n.callMethod.apply(n,arguments):n.queue.push(arguments)};\n  if(!f._fbq)f._fbq=n;n.push=n;n.loaded=!0;n.version='2.0';\n  n.queue=[];t=b.createElement(e);t.async=!0;\n  t.src=v;s=b.getElementsByTagName(e)[0];\n  s.parentNode.insertBefore(t,s)}(window, document,'script',\n  'https:\/\/connect.facebook.net\/en_US\/fbevents.js');\n  fbq('init', '874449412699242');\n  fbq('track', 'PageView');\n<\/script><br \/>\n<br \/><br \/>\n<br \/><a href=\"https:\/\/www.chivasdecorazon.com.mx\/es\/noticias\/40803\/Quines-son-los-convocados-de-Chivas-que-buscarn-los-rcords-ante-Puebla\">Source link <\/a><\/p>\n","protected":false},"excerpt":{"rendered":"<p>El Guadalajara est\u00e1 de vuelta en el Estadio AKRON, donde ha consolidado una aduana insuperable de la mano de la Naci\u00f3n Rojiblanca a lo largo del Clausura 2026. Esta noche medir\u00e1 fuerzas con el Puebla en la fecha 15 del Clausura 2026, con el objetivo de regresar a la senda del triunfo y tomar un [&hellip;]<\/p>\n","protected":false},"author":1,"featured_media":111401,"comment_status":"closed","ping_status":"","sticky":false,"template":"","format":"standard","meta":{"googlesitekit_rrm_CAow2JLhCw:productID":"","_gspb_post_css":"","maa_idioma":"","maa_pais":"","footnotes":""},"categories":[1],"tags":[4405,29804,12942,3733,2979,13705,27515,10985,5296],"class_list":["post-111400","post","type-post","status-publish","format-standard","has-post-thumbnail","hentry","category-ubirata","tag-ante","tag-buscaran","tag-chivas","tag-convocados","tag-los","tag-puebla","tag-quienes","tag-records","tag-son"],"blocksy_meta":[],"yoast_head":"<!-- This site is optimized with the Yoast SEO Premium plugin v27.6 (Yoast SEO v27.6) - https:\/\/yoast.com\/product\/yoast-seo-premium-wordpress\/ -->\n<title>\u00bfQui\u00e9nes son los convocados de Chivas que buscar\u00e1n los r\u00e9cords ante Puebla? - Ubirat\u00e3 Online Not\u00edcias - A realidade ao seu alcance!<\/title>\n<meta name=\"description\" content=\"El Guadalajara est\u00e1 de vuelta en el Estadio AKRON, donde ha consolidado una aduana insuperable de la mano de la Naci\u00f3n Rojiblanca a lo largo del Clausura\" \/>\n<meta name=\"robots\" content=\"index, follow, max-snippet:-1, max-image-preview:large, max-video-preview:-1\" \/>\n<link rel=\"canonical\" href=\"https:\/\/ubirataonline.com.br\/en\/quienes-son-los-convocados-de-chivas-que-buscaran-los-records-ante-puebla\/\" \/>\n<meta property=\"og:locale\" content=\"en_US\" \/>\n<meta property=\"og:type\" content=\"article\" \/>\n<meta property=\"og:title\" content=\"\u00bfQui\u00e9nes son los convocados de Chivas que buscar\u00e1n los r\u00e9cords ante Puebla?\" \/>\n<meta property=\"og:description\" content=\"El Guadalajara est\u00e1 de vuelta en el Estadio AKRON, donde ha consolidado una aduana insuperable de la mano de la Naci\u00f3n Rojiblanca a lo largo del Clausura\" \/>\n<meta property=\"og:url\" content=\"https:\/\/ubirataonline.com.br\/en\/quienes-son-los-convocados-de-chivas-que-buscaran-los-records-ante-puebla\/\" \/>\n<meta property=\"og:site_name\" content=\"Ubirat\u00e3 Online Not\u00edcias - A realidade ao seu alcance!\" \/>\n<meta property=\"article:publisher\" content=\"https:\/\/www.facebook.com\/portalubirataonline\" \/>\n<meta property=\"article:author\" content=\"https:\/\/www.facebook.com\/portalubirataonline\" \/>\n<meta property=\"article:published_time\" content=\"2026-04-19T00:37:40+00:00\" \/>\n<meta property=\"article:modified_time\" content=\"2026-04-19T00:37:43+00:00\" \/>\n<meta property=\"og:image\" content=\"https:\/\/ubirataonline.com.br\/wp-content\/uploads\/2026\/04\/\u00bfQuienes-son-los-convocados-de-Chivas-que-buscaran-los-records.jpg\" \/>\n\t<meta property=\"og:image:width\" content=\"1250\" \/>\n\t<meta property=\"og:image:height\" content=\"600\" \/>\n\t<meta property=\"og:image:type\" content=\"image\/jpeg\" \/>\n<meta name=\"author\" content=\"REDA\u00c7\u00c3O: UBIRAT\u00c3 ONLINE - F\u00c1BIO AUGUSTO CELESTINO\" \/>\n<meta name=\"twitter:card\" content=\"summary_large_image\" \/>\n<meta name=\"twitter:creator\" content=\"@x.com\/ubirataonline\" \/>\n<meta name=\"twitter:site\" content=\"@ubirataonline\" \/>\n<meta name=\"twitter:label1\" content=\"Written by\" \/>\n\t<meta name=\"twitter:data1\" content=\"REDA\u00c7\u00c3O: UBIRAT\u00c3 ONLINE - F\u00c1BIO AUGUSTO CELESTINO\" \/>\n\t<meta name=\"twitter:label2\" content=\"Est. reading time\" \/>\n\t<meta name=\"twitter:data2\" content=\"1 minute\" \/>\n<script type=\"application\/ld+json\" class=\"yoast-schema-graph\">{\"@context\":\"https:\\\/\\\/schema.org\",\"@graph\":[{\"@type\":\"NewsArticle\",\"@id\":\"https:\\\/\\\/ubirataonline.com.br\\\/quienes-son-los-convocados-de-chivas-que-buscaran-los-records-ante-puebla\\\/#article\",\"isPartOf\":{\"@id\":\"https:\\\/\\\/ubirataonline.com.br\\\/quienes-son-los-convocados-de-chivas-que-buscaran-los-records-ante-puebla\\\/\"},\"author\":{\"name\":\"REDA\u00c7\u00c3O: UBIRAT\u00c3 ONLINE - F\u00c1BIO AUGUSTO CELESTINO\",\"@id\":\"https:\\\/\\\/ubirataonline.com.br\\\/#\\\/schema\\\/person\\\/372f87bbd3fdd79b8556b84c98d0bc1c\"},\"headline\":\"\u00bfQui\u00e9nes son los convocados de Chivas que buscar\u00e1n los r\u00e9cords ante Puebla?\",\"datePublished\":\"2026-04-19T00:37:40+00:00\",\"dateModified\":\"2026-04-19T00:37:43+00:00\",\"mainEntityOfPage\":{\"@id\":\"https:\\\/\\\/ubirataonline.com.br\\\/quienes-son-los-convocados-de-chivas-que-buscaran-los-records-ante-puebla\\\/\"},\"wordCount\":247,\"publisher\":{\"@id\":\"https:\\\/\\\/ubirataonline.com.br\\\/#organization\"},\"image\":{\"@id\":\"https:\\\/\\\/ubirataonline.com.br\\\/quienes-son-los-convocados-de-chivas-que-buscaran-los-records-ante-puebla\\\/#primaryimage\"},\"thumbnailUrl\":\"https:\\\/\\\/ubirataonline.com.br\\\/wp-content\\\/uploads\\\/2026\\\/04\\\/\u00bfQuienes-son-los-convocados-de-Chivas-que-buscaran-los-records.jpg\",\"keywords\":[\"ante\",\"buscar\u00e1n\",\"Chivas\",\"convocados\",\"Los\",\"Puebla\",\"Qui\u00e9nes\",\"Records\",\"Son\"],\"articleSection\":[\"Ubirat\u00e3\"],\"inLanguage\":\"en-US\",\"copyrightYear\":\"2026\",\"copyrightHolder\":{\"@id\":\"https:\\\/\\\/ubirataonline.com.br\\\/en\\\/#organization\"}},{\"@type\":\"WebPage\",\"@id\":\"https:\\\/\\\/ubirataonline.com.br\\\/quienes-son-los-convocados-de-chivas-que-buscaran-los-records-ante-puebla\\\/\",\"url\":\"https:\\\/\\\/ubirataonline.com.br\\\/quienes-son-los-convocados-de-chivas-que-buscaran-los-records-ante-puebla\\\/\",\"name\":\"\u00bfQui\u00e9nes son los convocados de Chivas que buscar\u00e1n los r\u00e9cords ante Puebla? - Ubirat\u00e3 Online Not\u00edcias - A realidade ao seu alcance!\",\"isPartOf\":{\"@id\":\"https:\\\/\\\/ubirataonline.com.br\\\/#website\"},\"primaryImageOfPage\":{\"@id\":\"https:\\\/\\\/ubirataonline.com.br\\\/quienes-son-los-convocados-de-chivas-que-buscaran-los-records-ante-puebla\\\/#primaryimage\"},\"image\":{\"@id\":\"https:\\\/\\\/ubirataonline.com.br\\\/quienes-son-los-convocados-de-chivas-que-buscaran-los-records-ante-puebla\\\/#primaryimage\"},\"thumbnailUrl\":\"https:\\\/\\\/ubirataonline.com.br\\\/wp-content\\\/uploads\\\/2026\\\/04\\\/\u00bfQuienes-son-los-convocados-de-Chivas-que-buscaran-los-records.jpg\",\"datePublished\":\"2026-04-19T00:37:40+00:00\",\"dateModified\":\"2026-04-19T00:37:43+00:00\",\"description\":\"El Guadalajara est\u00e1 de vuelta en el Estadio AKRON, donde ha consolidado una aduana insuperable de la mano de la Naci\u00f3n Rojiblanca a lo largo del Clausura\",\"breadcrumb\":{\"@id\":\"https:\\\/\\\/ubirataonline.com.br\\\/quienes-son-los-convocados-de-chivas-que-buscaran-los-records-ante-puebla\\\/#breadcrumb\"},\"inLanguage\":\"en-US\",\"potentialAction\":[{\"@type\":\"ReadAction\",\"target\":[\"https:\\\/\\\/ubirataonline.com.br\\\/quienes-son-los-convocados-de-chivas-que-buscaran-los-records-ante-puebla\\\/\"]}]},{\"@type\":\"ImageObject\",\"inLanguage\":\"en-US\",\"@id\":\"https:\\\/\\\/ubirataonline.com.br\\\/quienes-son-los-convocados-de-chivas-que-buscaran-los-records-ante-puebla\\\/#primaryimage\",\"url\":\"https:\\\/\\\/ubirataonline.com.br\\\/wp-content\\\/uploads\\\/2026\\\/04\\\/\u00bfQuienes-son-los-convocados-de-Chivas-que-buscaran-los-records.jpg\",\"contentUrl\":\"https:\\\/\\\/ubirataonline.com.br\\\/wp-content\\\/uploads\\\/2026\\\/04\\\/\u00bfQuienes-son-los-convocados-de-Chivas-que-buscaran-los-records.jpg\",\"width\":1250,\"height\":600,\"caption\":\"\u00bfQui\u00e9nes son los convocados de Chivas que buscar\u00e1n los r\u00e9cords ante Puebla?\"},{\"@type\":\"BreadcrumbList\",\"@id\":\"https:\\\/\\\/ubirataonline.com.br\\\/quienes-son-los-convocados-de-chivas-que-buscaran-los-records-ante-puebla\\\/#breadcrumb\",\"itemListElement\":[{\"@type\":\"ListItem\",\"position\":1,\"name\":\"In\u00edcio\",\"item\":\"https:\\\/\\\/ubirataonline.com.br\\\/\"},{\"@type\":\"ListItem\",\"position\":2,\"name\":\"\u00bfQui\u00e9nes son los convocados de Chivas que buscar\u00e1n los r\u00e9cords ante Puebla?\"}]},{\"@type\":\"WebSite\",\"@id\":\"https:\\\/\\\/ubirataonline.com.br\\\/#website\",\"url\":\"https:\\\/\\\/ubirataonline.com.br\\\/\",\"name\":\"Ubirat\u00e3 Online Not\u00edcias\",\"description\":\"Not\u00edcias de Ubirat\u00e3, regi\u00e3o, Brasil e mundo, com informa\u00e7\u00e3o atualizada e compromisso com o leitor.\",\"publisher\":{\"@id\":\"https:\\\/\\\/ubirataonline.com.br\\\/#organization\"},\"alternateName\":\"Ubirat\u00e3 Online\",\"potentialAction\":[{\"@type\":\"SearchAction\",\"target\":{\"@type\":\"EntryPoint\",\"urlTemplate\":\"https:\\\/\\\/ubirataonline.com.br\\\/?s={search_term_string}\"},\"query-input\":{\"@type\":\"PropertyValueSpecification\",\"valueRequired\":true,\"valueName\":\"search_term_string\"}}],\"inLanguage\":\"en-US\"},{\"@type\":[\"Organization\",\"Place\"],\"@id\":\"https:\\\/\\\/ubirataonline.com.br\\\/#organization\",\"name\":\"Ubirat\u00e3 Online Not\u00edcias\",\"alternateName\":\"Ubirat\u00e3 Online\",\"url\":\"https:\\\/\\\/ubirataonline.com.br\\\/\",\"logo\":{\"@id\":\"https:\\\/\\\/ubirataonline.com.br\\\/quienes-son-los-convocados-de-chivas-que-buscaran-los-records-ante-puebla\\\/#local-main-organization-logo\"},\"image\":{\"@id\":\"https:\\\/\\\/ubirataonline.com.br\\\/quienes-son-los-convocados-de-chivas-que-buscaran-los-records-ante-puebla\\\/#local-main-organization-logo\"},\"sameAs\":[\"https:\\\/\\\/www.facebook.com\\\/portalubirataonline\",\"https:\\\/\\\/x.com\\\/ubirataonline\",\"https:\\\/\\\/mastodon.social\\\/@ubirataonline\",\"https:\\\/\\\/www.facebook.com\\\/groups\\\/311144672285604\",\"https:\\\/\\\/www.facebook.com\\\/UBTAOnline\",\"https:\\\/\\\/www.instagram.com\\\/portalubirataonline\\\/\",\"https:\\\/\\\/twitter.com\\\/ubirataonline\"],\"description\":\"Somos um portal de not\u00edcias independente, criado em 5 de janeiro de 2009, com o objetivo de informar, conectar e valorizar a nossa comunidade de Ubirat\u00e3 e toda aregi\u00e3o. Com conte\u00fado atualizado, confi\u00e1vel e relevante, o Ubirat\u00e3 Online \u00e9 o seu espa\u00e7o para ficar por dentro dos principais acontecimentos locais, regionais, Brasil, Mundo e de interesse geral. Nosso compromisso \u00e9 com a verdade, a transpar\u00eancia e o respeito ao leitor.\",\"legalName\":\"UBIRATA ONLINE NOT\u00cdCIAS\",\"foundingDate\":\"2009-01-05\",\"numberOfEmployees\":{\"@type\":\"QuantitativeValue\",\"minValue\":\"1\",\"maxValue\":\"10\"},\"publishingPrinciples\":\"https:\\\/\\\/ubirataonline.com.br\\\/faq\\\/\",\"address\":{\"@id\":\"https:\\\/\\\/ubirataonline.com.br\\\/quienes-son-los-convocados-de-chivas-que-buscaran-los-records-ante-puebla\\\/#local-main-place-address\"},\"geo\":{\"@type\":\"GeoCoordinates\",\"latitude\":\"-24.5361401\",\"longitude\":\"-52.9921776\"},\"telephone\":[\"+5544998308235\"],\"contactPoint\":{\"@type\":\"ContactPoint\",\"email\":\"contato@ubirataonline.com.br\"},\"openingHoursSpecification\":{\"@type\":\"OpeningHoursSpecification\",\"dayOfWeek\":[\"Monday\",\"Tuesday\",\"Wednesday\",\"Thursday\",\"Friday\",\"Saturday\",\"Sunday\"],\"opens\":\"00:00\",\"closes\":\"23:59\"},\"email\":\"contato@ubirataonline.com.br\",\"vatID\":\"47.621.418\\\/0001-80\"},{\"@type\":\"Person\",\"@id\":\"https:\\\/\\\/ubirataonline.com.br\\\/#\\\/schema\\\/person\\\/372f87bbd3fdd79b8556b84c98d0bc1c\",\"name\":\"REDA\u00c7\u00c3O: UBIRAT\u00c3 ONLINE - F\u00c1BIO AUGUSTO CELESTINO\",\"pronouns\":\"Ele\",\"description\":\"Desde 2003 trabalhando com not\u00edcias.\",\"sameAs\":[\"http:\\\/\\\/ubirataoline.com.br\",\"https:\\\/\\\/www.facebook.com\\\/portalubirataonline\",\"https:\\\/\\\/www.instagram.com\\\/ubirataonline_oficial\",\"https:\\\/\\\/x.com\\\/x.com\\\/ubirataonline\"],\"honorificPrefix\":\"Mr.\",\"honorificSuffix\":\"MD\",\"birthDate\":\"1980-06-16\",\"gender\":\"masculino\",\"award\":[\"V\u00e1rios pr\u00eamios de melhor portal da cidade\"],\"jobTitle\":\"Diretor\",\"url\":\"https:\\\/\\\/ubirataonline.com.br\\\/en\\\/author\\\/ubirataonline\\\/\"},{\"@type\":\"PostalAddress\",\"@id\":\"https:\\\/\\\/ubirataonline.com.br\\\/quienes-son-los-convocados-de-chivas-que-buscaran-los-records-ante-puebla\\\/#local-main-place-address\",\"streetAddress\":\"Rua dos Coqueiros, 104 - Bairro Boa Vista, Rua dos Coqueiros, 104 Bairro Boa Vista\",\"addressLocality\":\"UBIRATA\",\"postalCode\":\"85440-000\",\"addressRegion\":\"PR\",\"addressCountry\":\"BR\"},{\"@type\":\"ImageObject\",\"inLanguage\":\"en-US\",\"@id\":\"https:\\\/\\\/ubirataonline.com.br\\\/quienes-son-los-convocados-de-chivas-que-buscaran-los-records-ante-puebla\\\/#local-main-organization-logo\",\"url\":\"https:\\\/\\\/ubirataonline.com.br\\\/wp-content\\\/uploads\\\/2026\\\/06\\\/logoubirataonline-1.webp\",\"contentUrl\":\"https:\\\/\\\/ubirataonline.com.br\\\/wp-content\\\/uploads\\\/2026\\\/06\\\/logoubirataonline-1.webp\",\"width\":500,\"height\":500,\"caption\":\"Ubirat\u00e3 Online Not\u00edcias\"}]}<\/script>\n<meta name=\"geo.placename\" content=\"UBIRATA\" \/>\n<meta name=\"geo.position\" content=\"-24.5361401;-52.9921776\" \/>\n<meta name=\"geo.region\" content=\"Brazil\" \/>\n<!-- \/ Yoast SEO Premium plugin. -->","yoast_head_json":{"title":"\u00bfQui\u00e9nes son los convocados de Chivas que buscar\u00e1n los r\u00e9cords ante Puebla? - Ubirat\u00e3 Online Not\u00edcias - A realidade ao seu alcance!","description":"El Guadalajara est\u00e1 de vuelta en el Estadio AKRON, donde ha consolidado una aduana insuperable de la mano de la Naci\u00f3n Rojiblanca a lo largo del Clausura","robots":{"index":"index","follow":"follow","max-snippet":"max-snippet:-1","max-image-preview":"max-image-preview:large","max-video-preview":"max-video-preview:-1"},"canonical":"https:\/\/ubirataonline.com.br\/en\/quienes-son-los-convocados-de-chivas-que-buscaran-los-records-ante-puebla\/","og_locale":"en_US","og_type":"article","og_title":"\u00bfQui\u00e9nes son los convocados de Chivas que buscar\u00e1n los r\u00e9cords ante Puebla?","og_description":"El Guadalajara est\u00e1 de vuelta en el Estadio AKRON, donde ha consolidado una aduana insuperable de la mano de la Naci\u00f3n Rojiblanca a lo largo del Clausura","og_url":"https:\/\/ubirataonline.com.br\/en\/quienes-son-los-convocados-de-chivas-que-buscaran-los-records-ante-puebla\/","og_site_name":"Ubirat\u00e3 Online Not\u00edcias - A realidade ao seu alcance!","article_publisher":"https:\/\/www.facebook.com\/portalubirataonline","article_author":"https:\/\/www.facebook.com\/portalubirataonline","article_published_time":"2026-04-19T00:37:40+00:00","article_modified_time":"2026-04-19T00:37:43+00:00","og_image":[{"width":1250,"height":600,"url":"https:\/\/ubirataonline.com.br\/wp-content\/uploads\/2026\/04\/\u00bfQuienes-son-los-convocados-de-Chivas-que-buscaran-los-records.jpg","type":"image\/jpeg"}],"author":"REDA\u00c7\u00c3O: UBIRAT\u00c3 ONLINE - F\u00c1BIO AUGUSTO CELESTINO","twitter_card":"summary_large_image","twitter_creator":"@x.com\/ubirataonline","twitter_site":"@ubirataonline","twitter_misc":{"Written by":"REDA\u00c7\u00c3O: UBIRAT\u00c3 ONLINE - F\u00c1BIO AUGUSTO CELESTINO","Est. reading time":"1 minute"},"schema":{"@context":"https:\/\/schema.org","@graph":[{"@type":"NewsArticle","@id":"https:\/\/ubirataonline.com.br\/quienes-son-los-convocados-de-chivas-que-buscaran-los-records-ante-puebla\/#article","isPartOf":{"@id":"https:\/\/ubirataonline.com.br\/quienes-son-los-convocados-de-chivas-que-buscaran-los-records-ante-puebla\/"},"author":{"name":"REDA\u00c7\u00c3O: UBIRAT\u00c3 ONLINE - F\u00c1BIO AUGUSTO CELESTINO","@id":"https:\/\/ubirataonline.com.br\/#\/schema\/person\/372f87bbd3fdd79b8556b84c98d0bc1c"},"headline":"\u00bfQui\u00e9nes son los convocados de Chivas que buscar\u00e1n los r\u00e9cords ante Puebla?","datePublished":"2026-04-19T00:37:40+00:00","dateModified":"2026-04-19T00:37:43+00:00","mainEntityOfPage":{"@id":"https:\/\/ubirataonline.com.br\/quienes-son-los-convocados-de-chivas-que-buscaran-los-records-ante-puebla\/"},"wordCount":247,"publisher":{"@id":"https:\/\/ubirataonline.com.br\/#organization"},"image":{"@id":"https:\/\/ubirataonline.com.br\/quienes-son-los-convocados-de-chivas-que-buscaran-los-records-ante-puebla\/#primaryimage"},"thumbnailUrl":"https:\/\/ubirataonline.com.br\/wp-content\/uploads\/2026\/04\/\u00bfQuienes-son-los-convocados-de-Chivas-que-buscaran-los-records.jpg","keywords":["ante","buscar\u00e1n","Chivas","convocados","Los","Puebla","Qui\u00e9nes","Records","Son"],"articleSection":["Ubirat\u00e3"],"inLanguage":"en-US","copyrightYear":"2026","copyrightHolder":{"@id":"https:\/\/ubirataonline.com.br\/en\/#organization"}},{"@type":"WebPage","@id":"https:\/\/ubirataonline.com.br\/quienes-son-los-convocados-de-chivas-que-buscaran-los-records-ante-puebla\/","url":"https:\/\/ubirataonline.com.br\/quienes-son-los-convocados-de-chivas-que-buscaran-los-records-ante-puebla\/","name":"\u00bfQui\u00e9nes son los convocados de Chivas que buscar\u00e1n los r\u00e9cords ante Puebla? - Ubirat\u00e3 Online Not\u00edcias - A realidade ao seu alcance!","isPartOf":{"@id":"https:\/\/ubirataonline.com.br\/#website"},"primaryImageOfPage":{"@id":"https:\/\/ubirataonline.com.br\/quienes-son-los-convocados-de-chivas-que-buscaran-los-records-ante-puebla\/#primaryimage"},"image":{"@id":"https:\/\/ubirataonline.com.br\/quienes-son-los-convocados-de-chivas-que-buscaran-los-records-ante-puebla\/#primaryimage"},"thumbnailUrl":"https:\/\/ubirataonline.com.br\/wp-content\/uploads\/2026\/04\/\u00bfQuienes-son-los-convocados-de-Chivas-que-buscaran-los-records.jpg","datePublished":"2026-04-19T00:37:40+00:00","dateModified":"2026-04-19T00:37:43+00:00","description":"El Guadalajara est\u00e1 de vuelta en el Estadio AKRON, donde ha consolidado una aduana insuperable de la mano de la Naci\u00f3n Rojiblanca a lo largo del Clausura","breadcrumb":{"@id":"https:\/\/ubirataonline.com.br\/quienes-son-los-convocados-de-chivas-que-buscaran-los-records-ante-puebla\/#breadcrumb"},"inLanguage":"en-US","potentialAction":[{"@type":"ReadAction","target":["https:\/\/ubirataonline.com.br\/quienes-son-los-convocados-de-chivas-que-buscaran-los-records-ante-puebla\/"]}]},{"@type":"ImageObject","inLanguage":"en-US","@id":"https:\/\/ubirataonline.com.br\/quienes-son-los-convocados-de-chivas-que-buscaran-los-records-ante-puebla\/#primaryimage","url":"https:\/\/ubirataonline.com.br\/wp-content\/uploads\/2026\/04\/\u00bfQuienes-son-los-convocados-de-Chivas-que-buscaran-los-records.jpg","contentUrl":"https:\/\/ubirataonline.com.br\/wp-content\/uploads\/2026\/04\/\u00bfQuienes-son-los-convocados-de-Chivas-que-buscaran-los-records.jpg","width":1250,"height":600,"caption":"\u00bfQui\u00e9nes son los convocados de Chivas que buscar\u00e1n los r\u00e9cords ante Puebla?"},{"@type":"BreadcrumbList","@id":"https:\/\/ubirataonline.com.br\/quienes-son-los-convocados-de-chivas-que-buscaran-los-records-ante-puebla\/#breadcrumb","itemListElement":[{"@type":"ListItem","position":1,"name":"In\u00edcio","item":"https:\/\/ubirataonline.com.br\/"},{"@type":"ListItem","position":2,"name":"\u00bfQui\u00e9nes son los convocados de Chivas que buscar\u00e1n los r\u00e9cords ante Puebla?"}]},{"@type":"WebSite","@id":"https:\/\/ubirataonline.com.br\/#website","url":"https:\/\/ubirataonline.com.br\/","name":"Ubirat\u00e3 Online Not\u00edcias","description":"Not\u00edcias de Ubirat\u00e3, regi\u00e3o, Brasil e mundo, com informa\u00e7\u00e3o atualizada e compromisso com o leitor.","publisher":{"@id":"https:\/\/ubirataonline.com.br\/#organization"},"alternateName":"Ubirat\u00e3 Online","potentialAction":[{"@type":"SearchAction","target":{"@type":"EntryPoint","urlTemplate":"https:\/\/ubirataonline.com.br\/?s={search_term_string}"},"query-input":{"@type":"PropertyValueSpecification","valueRequired":true,"valueName":"search_term_string"}}],"inLanguage":"en-US"},{"@type":["Organization","Place"],"@id":"https:\/\/ubirataonline.com.br\/#organization","name":"Ubirat\u00e3 Online Not\u00edcias","alternateName":"Ubirat\u00e3 Online","url":"https:\/\/ubirataonline.com.br\/","logo":{"@id":"https:\/\/ubirataonline.com.br\/quienes-son-los-convocados-de-chivas-que-buscaran-los-records-ante-puebla\/#local-main-organization-logo"},"image":{"@id":"https:\/\/ubirataonline.com.br\/quienes-son-los-convocados-de-chivas-que-buscaran-los-records-ante-puebla\/#local-main-organization-logo"},"sameAs":["https:\/\/www.facebook.com\/portalubirataonline","https:\/\/x.com\/ubirataonline","https:\/\/mastodon.social\/@ubirataonline","https:\/\/www.facebook.com\/groups\/311144672285604","https:\/\/www.facebook.com\/UBTAOnline","https:\/\/www.instagram.com\/portalubirataonline\/","https:\/\/twitter.com\/ubirataonline"],"description":"Somos um portal de not\u00edcias independente, criado em 5 de janeiro de 2009, com o objetivo de informar, conectar e valorizar a nossa comunidade de Ubirat\u00e3 e toda aregi\u00e3o. Com conte\u00fado atualizado, confi\u00e1vel e relevante, o Ubirat\u00e3 Online \u00e9 o seu espa\u00e7o para ficar por dentro dos principais acontecimentos locais, regionais, Brasil, Mundo e de interesse geral. Nosso compromisso \u00e9 com a verdade, a transpar\u00eancia e o respeito ao leitor.","legalName":"UBIRATA ONLINE NOT\u00cdCIAS","foundingDate":"2009-01-05","numberOfEmployees":{"@type":"QuantitativeValue","minValue":"1","maxValue":"10"},"publishingPrinciples":"https:\/\/ubirataonline.com.br\/faq\/","address":{"@id":"https:\/\/ubirataonline.com.br\/quienes-son-los-convocados-de-chivas-que-buscaran-los-records-ante-puebla\/#local-main-place-address"},"geo":{"@type":"GeoCoordinates","latitude":"-24.5361401","longitude":"-52.9921776"},"telephone":["+5544998308235"],"contactPoint":{"@type":"ContactPoint","email":"contato@ubirataonline.com.br"},"openingHoursSpecification":{"@type":"OpeningHoursSpecification","dayOfWeek":["Monday","Tuesday","Wednesday","Thursday","Friday","Saturday","Sunday"],"opens":"00:00","closes":"23:59"},"email":"contato@ubirataonline.com.br","vatID":"47.621.418\/0001-80"},{"@type":"Person","@id":"https:\/\/ubirataonline.com.br\/#\/schema\/person\/372f87bbd3fdd79b8556b84c98d0bc1c","name":"REDA\u00c7\u00c3O: UBIRAT\u00c3 ONLINE - F\u00c1BIO AUGUSTO CELESTINO","pronouns":"Ele","description":"Desde 2003 trabalhando com not\u00edcias.","sameAs":["http:\/\/ubirataoline.com.br","https:\/\/www.facebook.com\/portalubirataonline","https:\/\/www.instagram.com\/ubirataonline_oficial","https:\/\/x.com\/x.com\/ubirataonline"],"honorificPrefix":"Mr.","honorificSuffix":"MD","birthDate":"1980-06-16","gender":"masculino","award":["V\u00e1rios pr\u00eamios de melhor portal da cidade"],"jobTitle":"Diretor","url":"https:\/\/ubirataonline.com.br\/en\/author\/ubirataonline\/"},{"@type":"PostalAddress","@id":"https:\/\/ubirataonline.com.br\/quienes-son-los-convocados-de-chivas-que-buscaran-los-records-ante-puebla\/#local-main-place-address","streetAddress":"Rua dos Coqueiros, 104 - Bairro Boa Vista, Rua dos Coqueiros, 104 Bairro Boa Vista","addressLocality":"UBIRATA","postalCode":"85440-000","addressRegion":"PR","addressCountry":"BR"},{"@type":"ImageObject","inLanguage":"en-US","@id":"https:\/\/ubirataonline.com.br\/quienes-son-los-convocados-de-chivas-que-buscaran-los-records-ante-puebla\/#local-main-organization-logo","url":"https:\/\/ubirataonline.com.br\/wp-content\/uploads\/2026\/06\/logoubirataonline-1.webp","contentUrl":"https:\/\/ubirataonline.com.br\/wp-content\/uploads\/2026\/06\/logoubirataonline-1.webp","width":500,"height":500,"caption":"Ubirat\u00e3 Online Not\u00edcias"}]},"geo.placename":"UBIRATA","geo.position":{"lat":"-24.5361401","long":"-52.9921776"},"geo.region":"Brazil"},"_links":{"self":[{"href":"https:\/\/ubirataonline.com.br\/en\/wp-json\/wp\/v2\/posts\/111400","targetHints":{"allow":["GET"]}}],"collection":[{"href":"https:\/\/ubirataonline.com.br\/en\/wp-json\/wp\/v2\/posts"}],"about":[{"href":"https:\/\/ubirataonline.com.br\/en\/wp-json\/wp\/v2\/types\/post"}],"author":[{"embeddable":true,"href":"https:\/\/ubirataonline.com.br\/en\/wp-json\/wp\/v2\/users\/1"}],"replies":[{"embeddable":true,"href":"https:\/\/ubirataonline.com.br\/en\/wp-json\/wp\/v2\/comments?post=111400"}],"version-history":[{"count":0,"href":"https:\/\/ubirataonline.com.br\/en\/wp-json\/wp\/v2\/posts\/111400\/revisions"}],"wp:featuredmedia":[{"embeddable":true,"href":"https:\/\/ubirataonline.com.br\/en\/wp-json\/wp\/v2\/media\/111401"}],"wp:attachment":[{"href":"https:\/\/ubirataonline.com.br\/en\/wp-json\/wp\/v2\/media?parent=111400"}],"wp:term":[{"taxonomy":"category","embeddable":true,"href":"https:\/\/ubirataonline.com.br\/en\/wp-json\/wp\/v2\/categories?post=111400"},{"taxonomy":"post_tag","embeddable":true,"href":"https:\/\/ubirataonline.com.br\/en\/wp-json\/wp\/v2\/tags?post=111400"}],"curies":[{"name":"wp","href":"https:\/\/api.w.org\/{rel}","templated":true}]}}