{"id":111417,"date":"2026-04-18T21:58:20","date_gmt":"2026-04-19T00:58:20","guid":{"rendered":"https:\/\/ubirataonline.com.br\/shakira-y-beele-lanzan-video-algo-tu-grabado-en-barranquilla\/"},"modified":"2026-04-18T21:58:23","modified_gmt":"2026-04-19T00:58:23","slug":"shakira-y-beele-lanzan-video-algo-tu-grabado-en-barranquilla","status":"publish","type":"post","link":"https:\/\/ubirataonline.com.br\/en\/shakira-y-beele-lanzan-video-algo-tu-grabado-en-barranquilla\/","title":{"rendered":"Shakira y Be\u00e9le lanzan video &#8216;ALGO T\u00da&#8217;, grabado en Barranquilla"},"content":{"rendered":"<p><\/p>\n<div>\n<p>Bogot\u00e1 (EFE).- Los cantantes colombianos Shakira y Be\u00e9le lanzaron este jueves el videoclip de \u2018ALGO T\u00da\u2019, que fue grabado en la ciudad caribe\u00f1a de Barranquilla, de la que ambos artistas son oriundos, inform\u00f3 Sony Music.<\/p>\n<p>\u00abEl video muestra a Shakira y a Be\u00e9le perfectamente sincronizados mientras bailan por las calles de Barranquilla, ciudad natal de ambos artistas. Uno de los principales escenarios del video es el ic\u00f3nico Museo a Cielo Abierto de Barrio Abajo, un sitio emblem\u00e1tico del reconocido Carnaval de la ciudad, rico en arte, cultura, gastronom\u00eda e historia, que refleja la identidad local\u00bb, se\u00f1al\u00f3 la disquera en un comunicado.<\/p>\n<p>En la producci\u00f3n, dirigida por Shakira y el espa\u00f1ol Jaume De Laiguana, tambi\u00e9n aparecen otros sitios reconocidos de Barranquilla como el Gran Malec\u00f3n a lo largo del r\u00edo Magdalena, la rueda de la fortuna Luna del R\u00edo y el Centro de Convenciones y Eventos Puerta de Oro.<\/p>\n<p>Igualmente figuran comparsas del Carnaval de Barranquilla, como Rumb\u00f3n Normalista, Son Kalimba y el Congo Grande de Barranquilla, \u00ablo que aporta una atm\u00f3sfera festiva y aut\u00e9ntica que conecta la canci\u00f3n con las ra\u00edces culturales y la identidad de la regi\u00f3n\u00bb, agreg\u00f3 la informaci\u00f3n.<\/p>\n<figure class=\"wp-block-embed is-type-video is-provider-youtube wp-block-embed-youtube wp-embed-aspect-16-9 wp-has-aspect-ratio\">\n<p>\n<iframe loading=\"lazy\" title=\"Shakira &amp; Be\u00e9le - ALGO T\u00da (Official Video)\" width=\"1366\" height=\"768\" src=\"https:\/\/www.youtube.com\/embed\/mXz8F1Yjy9I?feature=oembed\" frameborder=\"0\" allow=\"accelerometer; autoplay; clipboard-write; encrypted-media; gyroscope; picture-in-picture; web-share\" referrerpolicy=\"strict-origin-when-cross-origin\" allowfullscreen><\/iframe>\n<\/p>\n<\/figure>\n<h2 class=\"wp-block-heading\" id=\"h-lanzamiento-de-un-ep\">Lanzamiento de un EP<\/h2>\n<p>Shakira y Be\u00e9le tambi\u00e9n publicar\u00e1n el viernes un EP con tres versiones, incluidas dos nuevas con el sudafricano Shimza y la espa\u00f1ola Indira Paganotto.<\/p>\n<p>Esta es la segunda colaboraci\u00f3n entre Shakira y Be\u00e9le, tras trabajar juntos en 2025 en la versi\u00f3n \u2018Hips Don\u2019t Lie\u2019 junto a Ed Sheeran.<\/p>\n<p>Justamente en febrero pasado, Shakira tatu\u00f3 a Be\u00e9le cuando estaban grabando el video musical de \u2018ALGO T\u00da\u2019 en Barranquilla.<\/p>\n<p>Aunque no revelaron cu\u00e1l fue el tatuaje, el video estuvo acompa\u00f1ado de la frase \u2018coletera para toda la vida\u2019, en referencia al t\u00e9rmino \u2018coleto\u2019, que anteriormente ten\u00eda una connotaci\u00f3n negativa al referirse a una persona de mal vestir y sumida en los vicios, pero ha sido resignificada en el contexto de la m\u00fasica urbana y ahora se utiliza para describir a alguien aut\u00e9ntico, popular y emprendedor.<\/p>\n<p>En otro video divulgado por Be\u00e9le, ambos aparecen sobre el cap\u00f3 de un antiguo autob\u00fas. \u00c9l, con una gorra en la cual se lee \u2018la coletica nos har\u00e1 libres\u2019, le dice a Shakira: \u2018Estoy aqu\u00ed con mi coletica\u2019, mientras ella se maquilla y saluda a la c\u00e1mara.<\/p>\n<\/p><\/div>\n<p><a href=\"https:\/\/efe.com\/cultura\/2026-04-17\/shakira-beele-video-algo-tu\/\">Fonte do Artigo <\/a><\/p>","protected":false},"excerpt":{"rendered":"<p>Bogot\u00e1 (EFE).- Los cantantes colombianos Shakira y Be\u00e9le lanzaron este jueves el videoclip de \u2018ALGO T\u00da\u2019, que fue grabado en la ciudad caribe\u00f1a de Barranquilla, de la que ambos artistas son oriundos, inform\u00f3 Sony Music. \u00abEl video muestra a Shakira y a Be\u00e9le perfectamente sincronizados mientras bailan por las calles de Barranquilla, ciudad natal de [&hellip;]<\/p>\n","protected":false},"author":1,"featured_media":111418,"comment_status":"closed","ping_status":"","sticky":false,"template":"","format":"standard","meta":{"googlesitekit_rrm_CAow2JLhCw:productID":"","_gspb_post_css":"","maa_idioma":"","maa_pais":"","footnotes":""},"categories":[4],"tags":[29811,7986,29809,29813,29810,7534,29812,2738],"class_list":["post-111417","post","type-post","status-publish","format-standard","has-post-thumbnail","hentry","category-brasil","tag-algo","tag-barranquilla","tag-beele","tag-grabado","tag-lanzan","tag-shakira","tag-tu","tag-video"],"blocksy_meta":[],"yoast_head":"<!-- This site is optimized with the Yoast SEO Premium plugin v27.6 (Yoast SEO v27.6) - https:\/\/yoast.com\/product\/yoast-seo-premium-wordpress\/ -->\n<title>Shakira y Be\u00e9le lanzan video &#039;ALGO T\u00da&#039;, grabado en Barranquilla - Ubirat\u00e3 Online Not\u00edcias - A realidade ao seu alcance!<\/title>\n<meta name=\"description\" content=\"Bogot\u00e1 (EFE).- Los cantantes colombianos Shakira y Be\u00e9le lanzaron este jueves el videoclip de \u2018ALGO T\u00da\u2019, que fue grabado en la ciudad caribe\u00f1a de\" \/>\n<meta name=\"robots\" content=\"index, follow, max-snippet:-1, max-image-preview:large, max-video-preview:-1\" \/>\n<link rel=\"canonical\" href=\"https:\/\/ubirataonline.com.br\/en\/shakira-y-beele-lanzan-video-algo-tu-grabado-en-barranquilla\/\" \/>\n<meta property=\"og:locale\" content=\"en_US\" \/>\n<meta property=\"og:type\" content=\"article\" \/>\n<meta property=\"og:title\" content=\"Shakira y Be\u00e9le lanzan video &#039;ALGO T\u00da&#039;, grabado en Barranquilla\" \/>\n<meta property=\"og:description\" content=\"Bogot\u00e1 (EFE).- Los cantantes colombianos Shakira y Be\u00e9le lanzaron este jueves el videoclip de \u2018ALGO T\u00da\u2019, que fue grabado en la ciudad caribe\u00f1a de\" \/>\n<meta property=\"og:url\" content=\"https:\/\/ubirataonline.com.br\/en\/shakira-y-beele-lanzan-video-algo-tu-grabado-en-barranquilla\/\" \/>\n<meta property=\"og:site_name\" content=\"Ubirat\u00e3 Online Not\u00edcias - A realidade ao seu alcance!\" \/>\n<meta property=\"article:publisher\" content=\"https:\/\/www.facebook.com\/portalubirataonline\" \/>\n<meta property=\"article:author\" content=\"https:\/\/www.facebook.com\/portalubirataonline\" \/>\n<meta property=\"article:published_time\" content=\"2026-04-19T00:58:20+00:00\" \/>\n<meta property=\"article:modified_time\" content=\"2026-04-19T00:58:23+00:00\" \/>\n<meta property=\"og:image\" content=\"https:\/\/ubirataonline.com.br\/wp-content\/uploads\/2026\/04\/Shakira-y-Beele-lanzan-video-ALGO-TU-grabado-en-Barranquilla.webp.webp\" \/>\n\t<meta property=\"og:image:width\" content=\"900\" \/>\n\t<meta property=\"og:image:height\" content=\"600\" \/>\n\t<meta property=\"og:image:type\" content=\"image\/webp\" \/>\n<meta name=\"author\" content=\"REDA\u00c7\u00c3O: UBIRAT\u00c3 ONLINE - F\u00c1BIO AUGUSTO CELESTINO\" \/>\n<meta name=\"twitter:card\" content=\"summary_large_image\" \/>\n<meta name=\"twitter:creator\" content=\"@x.com\/ubirataonline\" \/>\n<meta name=\"twitter:site\" content=\"@ubirataonline\" \/>\n<meta name=\"twitter:label1\" content=\"Written by\" \/>\n\t<meta name=\"twitter:data1\" content=\"REDA\u00c7\u00c3O: UBIRAT\u00c3 ONLINE - F\u00c1BIO AUGUSTO CELESTINO\" \/>\n\t<meta name=\"twitter:label2\" content=\"Est. reading time\" \/>\n\t<meta name=\"twitter:data2\" content=\"2 minutes\" \/>\n<script type=\"application\/ld+json\" class=\"yoast-schema-graph\">{\"@context\":\"https:\\\/\\\/schema.org\",\"@graph\":[{\"@type\":\"NewsArticle\",\"@id\":\"https:\\\/\\\/ubirataonline.com.br\\\/shakira-y-beele-lanzan-video-algo-tu-grabado-en-barranquilla\\\/#article\",\"isPartOf\":{\"@id\":\"https:\\\/\\\/ubirataonline.com.br\\\/shakira-y-beele-lanzan-video-algo-tu-grabado-en-barranquilla\\\/\"},\"author\":{\"name\":\"REDA\u00c7\u00c3O: UBIRAT\u00c3 ONLINE - F\u00c1BIO AUGUSTO CELESTINO\",\"@id\":\"https:\\\/\\\/ubirataonline.com.br\\\/#\\\/schema\\\/person\\\/372f87bbd3fdd79b8556b84c98d0bc1c\"},\"headline\":\"Shakira y Be\u00e9le lanzan video &#8216;ALGO T\u00da&#8217;, grabado en Barranquilla\",\"datePublished\":\"2026-04-19T00:58:20+00:00\",\"dateModified\":\"2026-04-19T00:58:23+00:00\",\"mainEntityOfPage\":{\"@id\":\"https:\\\/\\\/ubirataonline.com.br\\\/shakira-y-beele-lanzan-video-algo-tu-grabado-en-barranquilla\\\/\"},\"wordCount\":440,\"publisher\":{\"@id\":\"https:\\\/\\\/ubirataonline.com.br\\\/#organization\"},\"image\":{\"@id\":\"https:\\\/\\\/ubirataonline.com.br\\\/shakira-y-beele-lanzan-video-algo-tu-grabado-en-barranquilla\\\/#primaryimage\"},\"thumbnailUrl\":\"https:\\\/\\\/ubirataonline.com.br\\\/wp-content\\\/uploads\\\/2026\\\/04\\\/Shakira-y-Beele-lanzan-video-ALGO-TU-grabado-en-Barranquilla.webp.webp\",\"keywords\":[\"ALGO\",\"Barranquilla\",\"Be\u00e9le\",\"grabado\",\"lanzan\",\"Shakira\",\"T\u00da\",\"Video\"],\"articleSection\":[\"Brasil\"],\"inLanguage\":\"en-US\",\"copyrightYear\":\"2026\",\"copyrightHolder\":{\"@id\":\"https:\\\/\\\/ubirataonline.com.br\\\/en\\\/#organization\"}},{\"@type\":\"WebPage\",\"@id\":\"https:\\\/\\\/ubirataonline.com.br\\\/shakira-y-beele-lanzan-video-algo-tu-grabado-en-barranquilla\\\/\",\"url\":\"https:\\\/\\\/ubirataonline.com.br\\\/shakira-y-beele-lanzan-video-algo-tu-grabado-en-barranquilla\\\/\",\"name\":\"Shakira y Be\u00e9le lanzan video 'ALGO T\u00da', grabado en Barranquilla - Ubirat\u00e3 Online Not\u00edcias - A realidade ao seu alcance!\",\"isPartOf\":{\"@id\":\"https:\\\/\\\/ubirataonline.com.br\\\/#website\"},\"primaryImageOfPage\":{\"@id\":\"https:\\\/\\\/ubirataonline.com.br\\\/shakira-y-beele-lanzan-video-algo-tu-grabado-en-barranquilla\\\/#primaryimage\"},\"image\":{\"@id\":\"https:\\\/\\\/ubirataonline.com.br\\\/shakira-y-beele-lanzan-video-algo-tu-grabado-en-barranquilla\\\/#primaryimage\"},\"thumbnailUrl\":\"https:\\\/\\\/ubirataonline.com.br\\\/wp-content\\\/uploads\\\/2026\\\/04\\\/Shakira-y-Beele-lanzan-video-ALGO-TU-grabado-en-Barranquilla.webp.webp\",\"datePublished\":\"2026-04-19T00:58:20+00:00\",\"dateModified\":\"2026-04-19T00:58:23+00:00\",\"description\":\"Bogot\u00e1 (EFE).- Los cantantes colombianos Shakira y Be\u00e9le lanzaron este jueves el videoclip de \u2018ALGO T\u00da\u2019, que fue grabado en la ciudad caribe\u00f1a de\",\"breadcrumb\":{\"@id\":\"https:\\\/\\\/ubirataonline.com.br\\\/shakira-y-beele-lanzan-video-algo-tu-grabado-en-barranquilla\\\/#breadcrumb\"},\"inLanguage\":\"en-US\",\"potentialAction\":[{\"@type\":\"ReadAction\",\"target\":[\"https:\\\/\\\/ubirataonline.com.br\\\/shakira-y-beele-lanzan-video-algo-tu-grabado-en-barranquilla\\\/\"]}]},{\"@type\":\"ImageObject\",\"inLanguage\":\"en-US\",\"@id\":\"https:\\\/\\\/ubirataonline.com.br\\\/shakira-y-beele-lanzan-video-algo-tu-grabado-en-barranquilla\\\/#primaryimage\",\"url\":\"https:\\\/\\\/ubirataonline.com.br\\\/wp-content\\\/uploads\\\/2026\\\/04\\\/Shakira-y-Beele-lanzan-video-ALGO-TU-grabado-en-Barranquilla.webp.webp\",\"contentUrl\":\"https:\\\/\\\/ubirataonline.com.br\\\/wp-content\\\/uploads\\\/2026\\\/04\\\/Shakira-y-Beele-lanzan-video-ALGO-TU-grabado-en-Barranquilla.webp.webp\",\"width\":900,\"height\":600,\"caption\":\"Fotograf\u00eda de archivo de la colombiana Shakira canta durante un concierto de su gira \\\"Las Mujeres Ya No Lloran World Tour\\\" en el estadio nacional Jorge M\u00e1gico Gonz\u00e1lez, en San Salvador (El Salvador). EFE\\\/ Rodrigo Sura\"},{\"@type\":\"BreadcrumbList\",\"@id\":\"https:\\\/\\\/ubirataonline.com.br\\\/shakira-y-beele-lanzan-video-algo-tu-grabado-en-barranquilla\\\/#breadcrumb\",\"itemListElement\":[{\"@type\":\"ListItem\",\"position\":1,\"name\":\"In\u00edcio\",\"item\":\"https:\\\/\\\/ubirataonline.com.br\\\/\"},{\"@type\":\"ListItem\",\"position\":2,\"name\":\"Shakira y Be\u00e9le lanzan video &#8216;ALGO T\u00da&#8217;, grabado en Barranquilla\"}]},{\"@type\":\"WebSite\",\"@id\":\"https:\\\/\\\/ubirataonline.com.br\\\/#website\",\"url\":\"https:\\\/\\\/ubirataonline.com.br\\\/\",\"name\":\"Ubirat\u00e3 Online Not\u00edcias\",\"description\":\"Not\u00edcias de Ubirat\u00e3, regi\u00e3o, Brasil e mundo, com informa\u00e7\u00e3o atualizada e compromisso com o leitor.\",\"publisher\":{\"@id\":\"https:\\\/\\\/ubirataonline.com.br\\\/#organization\"},\"alternateName\":\"Ubirat\u00e3 Online\",\"potentialAction\":[{\"@type\":\"SearchAction\",\"target\":{\"@type\":\"EntryPoint\",\"urlTemplate\":\"https:\\\/\\\/ubirataonline.com.br\\\/?s={search_term_string}\"},\"query-input\":{\"@type\":\"PropertyValueSpecification\",\"valueRequired\":true,\"valueName\":\"search_term_string\"}}],\"inLanguage\":\"en-US\"},{\"@type\":[\"Organization\",\"Place\"],\"@id\":\"https:\\\/\\\/ubirataonline.com.br\\\/#organization\",\"name\":\"Ubirat\u00e3 Online Not\u00edcias\",\"alternateName\":\"Ubirat\u00e3 Online\",\"url\":\"https:\\\/\\\/ubirataonline.com.br\\\/\",\"logo\":{\"@id\":\"https:\\\/\\\/ubirataonline.com.br\\\/shakira-y-beele-lanzan-video-algo-tu-grabado-en-barranquilla\\\/#local-main-organization-logo\"},\"image\":{\"@id\":\"https:\\\/\\\/ubirataonline.com.br\\\/shakira-y-beele-lanzan-video-algo-tu-grabado-en-barranquilla\\\/#local-main-organization-logo\"},\"sameAs\":[\"https:\\\/\\\/www.facebook.com\\\/portalubirataonline\",\"https:\\\/\\\/x.com\\\/ubirataonline\",\"https:\\\/\\\/mastodon.social\\\/@ubirataonline\",\"https:\\\/\\\/www.facebook.com\\\/groups\\\/311144672285604\",\"https:\\\/\\\/www.facebook.com\\\/UBTAOnline\",\"https:\\\/\\\/www.instagram.com\\\/portalubirataonline\\\/\",\"https:\\\/\\\/twitter.com\\\/ubirataonline\"],\"description\":\"Somos um portal de not\u00edcias independente, criado em 5 de janeiro de 2009, com o objetivo de informar, conectar e valorizar a nossa comunidade de Ubirat\u00e3 e toda aregi\u00e3o. Com conte\u00fado atualizado, confi\u00e1vel e relevante, o Ubirat\u00e3 Online \u00e9 o seu espa\u00e7o para ficar por dentro dos principais acontecimentos locais, regionais, Brasil, Mundo e de interesse geral. Nosso compromisso \u00e9 com a verdade, a transpar\u00eancia e o respeito ao leitor.\",\"legalName\":\"UBIRATA ONLINE NOT\u00cdCIAS\",\"foundingDate\":\"2009-01-05\",\"numberOfEmployees\":{\"@type\":\"QuantitativeValue\",\"minValue\":\"1\",\"maxValue\":\"10\"},\"publishingPrinciples\":\"https:\\\/\\\/ubirataonline.com.br\\\/faq\\\/\",\"address\":{\"@id\":\"https:\\\/\\\/ubirataonline.com.br\\\/shakira-y-beele-lanzan-video-algo-tu-grabado-en-barranquilla\\\/#local-main-place-address\"},\"geo\":{\"@type\":\"GeoCoordinates\",\"latitude\":\"-24.5361401\",\"longitude\":\"-52.9921776\"},\"telephone\":[\"+5544998308235\"],\"contactPoint\":{\"@type\":\"ContactPoint\",\"email\":\"contato@ubirataonline.com.br\"},\"openingHoursSpecification\":{\"@type\":\"OpeningHoursSpecification\",\"dayOfWeek\":[\"Monday\",\"Tuesday\",\"Wednesday\",\"Thursday\",\"Friday\",\"Saturday\",\"Sunday\"],\"opens\":\"00:00\",\"closes\":\"23:59\"},\"email\":\"contato@ubirataonline.com.br\",\"vatID\":\"47.621.418\\\/0001-80\"},{\"@type\":\"Person\",\"@id\":\"https:\\\/\\\/ubirataonline.com.br\\\/#\\\/schema\\\/person\\\/372f87bbd3fdd79b8556b84c98d0bc1c\",\"name\":\"REDA\u00c7\u00c3O: UBIRAT\u00c3 ONLINE - F\u00c1BIO AUGUSTO CELESTINO\",\"pronouns\":\"Ele\",\"description\":\"Desde 2003 trabalhando com not\u00edcias.\",\"sameAs\":[\"http:\\\/\\\/ubirataoline.com.br\",\"https:\\\/\\\/www.facebook.com\\\/portalubirataonline\",\"https:\\\/\\\/www.instagram.com\\\/ubirataonline_oficial\",\"https:\\\/\\\/x.com\\\/x.com\\\/ubirataonline\"],\"honorificPrefix\":\"Mr.\",\"honorificSuffix\":\"MD\",\"birthDate\":\"1980-06-16\",\"gender\":\"masculino\",\"award\":[\"V\u00e1rios pr\u00eamios de melhor portal da cidade\"],\"jobTitle\":\"Diretor\",\"url\":\"https:\\\/\\\/ubirataonline.com.br\\\/en\\\/author\\\/ubirataonline\\\/\"},{\"@type\":\"PostalAddress\",\"@id\":\"https:\\\/\\\/ubirataonline.com.br\\\/shakira-y-beele-lanzan-video-algo-tu-grabado-en-barranquilla\\\/#local-main-place-address\",\"streetAddress\":\"Rua dos Coqueiros, 104 - Bairro Boa Vista, Rua dos Coqueiros, 104 Bairro Boa Vista\",\"addressLocality\":\"UBIRATA\",\"postalCode\":\"85440-000\",\"addressRegion\":\"PR\",\"addressCountry\":\"BR\"},{\"@type\":\"ImageObject\",\"inLanguage\":\"en-US\",\"@id\":\"https:\\\/\\\/ubirataonline.com.br\\\/shakira-y-beele-lanzan-video-algo-tu-grabado-en-barranquilla\\\/#local-main-organization-logo\",\"url\":\"https:\\\/\\\/ubirataonline.com.br\\\/wp-content\\\/uploads\\\/2026\\\/06\\\/logoubirataonline-1.webp\",\"contentUrl\":\"https:\\\/\\\/ubirataonline.com.br\\\/wp-content\\\/uploads\\\/2026\\\/06\\\/logoubirataonline-1.webp\",\"width\":500,\"height\":500,\"caption\":\"Ubirat\u00e3 Online Not\u00edcias\"}]}<\/script>\n<meta name=\"geo.placename\" content=\"UBIRATA\" \/>\n<meta name=\"geo.position\" content=\"-24.5361401;-52.9921776\" \/>\n<meta name=\"geo.region\" content=\"Brazil\" \/>\n<!-- \/ Yoast SEO Premium plugin. -->","yoast_head_json":{"title":"Shakira y Be\u00e9le lanzan video 'ALGO T\u00da', grabado en Barranquilla - Ubirat\u00e3 Online Not\u00edcias - A realidade ao seu alcance!","description":"Bogot\u00e1 (EFE).- Los cantantes colombianos Shakira y Be\u00e9le lanzaron este jueves el videoclip de \u2018ALGO T\u00da\u2019, que fue grabado en la ciudad caribe\u00f1a de","robots":{"index":"index","follow":"follow","max-snippet":"max-snippet:-1","max-image-preview":"max-image-preview:large","max-video-preview":"max-video-preview:-1"},"canonical":"https:\/\/ubirataonline.com.br\/en\/shakira-y-beele-lanzan-video-algo-tu-grabado-en-barranquilla\/","og_locale":"en_US","og_type":"article","og_title":"Shakira y Be\u00e9le lanzan video 'ALGO T\u00da', grabado en Barranquilla","og_description":"Bogot\u00e1 (EFE).- Los cantantes colombianos Shakira y Be\u00e9le lanzaron este jueves el videoclip de \u2018ALGO T\u00da\u2019, que fue grabado en la ciudad caribe\u00f1a de","og_url":"https:\/\/ubirataonline.com.br\/en\/shakira-y-beele-lanzan-video-algo-tu-grabado-en-barranquilla\/","og_site_name":"Ubirat\u00e3 Online Not\u00edcias - A realidade ao seu alcance!","article_publisher":"https:\/\/www.facebook.com\/portalubirataonline","article_author":"https:\/\/www.facebook.com\/portalubirataonline","article_published_time":"2026-04-19T00:58:20+00:00","article_modified_time":"2026-04-19T00:58:23+00:00","og_image":[{"width":900,"height":600,"url":"https:\/\/ubirataonline.com.br\/wp-content\/uploads\/2026\/04\/Shakira-y-Beele-lanzan-video-ALGO-TU-grabado-en-Barranquilla.webp.webp","type":"image\/webp"}],"author":"REDA\u00c7\u00c3O: UBIRAT\u00c3 ONLINE - F\u00c1BIO AUGUSTO CELESTINO","twitter_card":"summary_large_image","twitter_creator":"@x.com\/ubirataonline","twitter_site":"@ubirataonline","twitter_misc":{"Written by":"REDA\u00c7\u00c3O: UBIRAT\u00c3 ONLINE - F\u00c1BIO AUGUSTO CELESTINO","Est. reading time":"2 minutes"},"schema":{"@context":"https:\/\/schema.org","@graph":[{"@type":"NewsArticle","@id":"https:\/\/ubirataonline.com.br\/shakira-y-beele-lanzan-video-algo-tu-grabado-en-barranquilla\/#article","isPartOf":{"@id":"https:\/\/ubirataonline.com.br\/shakira-y-beele-lanzan-video-algo-tu-grabado-en-barranquilla\/"},"author":{"name":"REDA\u00c7\u00c3O: UBIRAT\u00c3 ONLINE - F\u00c1BIO AUGUSTO CELESTINO","@id":"https:\/\/ubirataonline.com.br\/#\/schema\/person\/372f87bbd3fdd79b8556b84c98d0bc1c"},"headline":"Shakira y Be\u00e9le lanzan video &#8216;ALGO T\u00da&#8217;, grabado en Barranquilla","datePublished":"2026-04-19T00:58:20+00:00","dateModified":"2026-04-19T00:58:23+00:00","mainEntityOfPage":{"@id":"https:\/\/ubirataonline.com.br\/shakira-y-beele-lanzan-video-algo-tu-grabado-en-barranquilla\/"},"wordCount":440,"publisher":{"@id":"https:\/\/ubirataonline.com.br\/#organization"},"image":{"@id":"https:\/\/ubirataonline.com.br\/shakira-y-beele-lanzan-video-algo-tu-grabado-en-barranquilla\/#primaryimage"},"thumbnailUrl":"https:\/\/ubirataonline.com.br\/wp-content\/uploads\/2026\/04\/Shakira-y-Beele-lanzan-video-ALGO-TU-grabado-en-Barranquilla.webp.webp","keywords":["ALGO","Barranquilla","Be\u00e9le","grabado","lanzan","Shakira","T\u00da","Video"],"articleSection":["Brasil"],"inLanguage":"en-US","copyrightYear":"2026","copyrightHolder":{"@id":"https:\/\/ubirataonline.com.br\/en\/#organization"}},{"@type":"WebPage","@id":"https:\/\/ubirataonline.com.br\/shakira-y-beele-lanzan-video-algo-tu-grabado-en-barranquilla\/","url":"https:\/\/ubirataonline.com.br\/shakira-y-beele-lanzan-video-algo-tu-grabado-en-barranquilla\/","name":"Shakira y Be\u00e9le lanzan video 'ALGO T\u00da', grabado en Barranquilla - Ubirat\u00e3 Online Not\u00edcias - A realidade ao seu alcance!","isPartOf":{"@id":"https:\/\/ubirataonline.com.br\/#website"},"primaryImageOfPage":{"@id":"https:\/\/ubirataonline.com.br\/shakira-y-beele-lanzan-video-algo-tu-grabado-en-barranquilla\/#primaryimage"},"image":{"@id":"https:\/\/ubirataonline.com.br\/shakira-y-beele-lanzan-video-algo-tu-grabado-en-barranquilla\/#primaryimage"},"thumbnailUrl":"https:\/\/ubirataonline.com.br\/wp-content\/uploads\/2026\/04\/Shakira-y-Beele-lanzan-video-ALGO-TU-grabado-en-Barranquilla.webp.webp","datePublished":"2026-04-19T00:58:20+00:00","dateModified":"2026-04-19T00:58:23+00:00","description":"Bogot\u00e1 (EFE).- Los cantantes colombianos Shakira y Be\u00e9le lanzaron este jueves el videoclip de \u2018ALGO T\u00da\u2019, que fue grabado en la ciudad caribe\u00f1a de","breadcrumb":{"@id":"https:\/\/ubirataonline.com.br\/shakira-y-beele-lanzan-video-algo-tu-grabado-en-barranquilla\/#breadcrumb"},"inLanguage":"en-US","potentialAction":[{"@type":"ReadAction","target":["https:\/\/ubirataonline.com.br\/shakira-y-beele-lanzan-video-algo-tu-grabado-en-barranquilla\/"]}]},{"@type":"ImageObject","inLanguage":"en-US","@id":"https:\/\/ubirataonline.com.br\/shakira-y-beele-lanzan-video-algo-tu-grabado-en-barranquilla\/#primaryimage","url":"https:\/\/ubirataonline.com.br\/wp-content\/uploads\/2026\/04\/Shakira-y-Beele-lanzan-video-ALGO-TU-grabado-en-Barranquilla.webp.webp","contentUrl":"https:\/\/ubirataonline.com.br\/wp-content\/uploads\/2026\/04\/Shakira-y-Beele-lanzan-video-ALGO-TU-grabado-en-Barranquilla.webp.webp","width":900,"height":600,"caption":"Fotograf\u00eda de archivo de la colombiana Shakira canta durante un concierto de su gira \"Las Mujeres Ya No Lloran World Tour\" en el estadio nacional Jorge M\u00e1gico Gonz\u00e1lez, en San Salvador (El Salvador). EFE\/ Rodrigo Sura"},{"@type":"BreadcrumbList","@id":"https:\/\/ubirataonline.com.br\/shakira-y-beele-lanzan-video-algo-tu-grabado-en-barranquilla\/#breadcrumb","itemListElement":[{"@type":"ListItem","position":1,"name":"In\u00edcio","item":"https:\/\/ubirataonline.com.br\/"},{"@type":"ListItem","position":2,"name":"Shakira y Be\u00e9le lanzan video &#8216;ALGO T\u00da&#8217;, grabado en Barranquilla"}]},{"@type":"WebSite","@id":"https:\/\/ubirataonline.com.br\/#website","url":"https:\/\/ubirataonline.com.br\/","name":"Ubirat\u00e3 Online Not\u00edcias","description":"Not\u00edcias de Ubirat\u00e3, regi\u00e3o, Brasil e mundo, com informa\u00e7\u00e3o atualizada e compromisso com o leitor.","publisher":{"@id":"https:\/\/ubirataonline.com.br\/#organization"},"alternateName":"Ubirat\u00e3 Online","potentialAction":[{"@type":"SearchAction","target":{"@type":"EntryPoint","urlTemplate":"https:\/\/ubirataonline.com.br\/?s={search_term_string}"},"query-input":{"@type":"PropertyValueSpecification","valueRequired":true,"valueName":"search_term_string"}}],"inLanguage":"en-US"},{"@type":["Organization","Place"],"@id":"https:\/\/ubirataonline.com.br\/#organization","name":"Ubirat\u00e3 Online Not\u00edcias","alternateName":"Ubirat\u00e3 Online","url":"https:\/\/ubirataonline.com.br\/","logo":{"@id":"https:\/\/ubirataonline.com.br\/shakira-y-beele-lanzan-video-algo-tu-grabado-en-barranquilla\/#local-main-organization-logo"},"image":{"@id":"https:\/\/ubirataonline.com.br\/shakira-y-beele-lanzan-video-algo-tu-grabado-en-barranquilla\/#local-main-organization-logo"},"sameAs":["https:\/\/www.facebook.com\/portalubirataonline","https:\/\/x.com\/ubirataonline","https:\/\/mastodon.social\/@ubirataonline","https:\/\/www.facebook.com\/groups\/311144672285604","https:\/\/www.facebook.com\/UBTAOnline","https:\/\/www.instagram.com\/portalubirataonline\/","https:\/\/twitter.com\/ubirataonline"],"description":"Somos um portal de not\u00edcias independente, criado em 5 de janeiro de 2009, com o objetivo de informar, conectar e valorizar a nossa comunidade de Ubirat\u00e3 e toda aregi\u00e3o. Com conte\u00fado atualizado, confi\u00e1vel e relevante, o Ubirat\u00e3 Online \u00e9 o seu espa\u00e7o para ficar por dentro dos principais acontecimentos locais, regionais, Brasil, Mundo e de interesse geral. Nosso compromisso \u00e9 com a verdade, a transpar\u00eancia e o respeito ao leitor.","legalName":"UBIRATA ONLINE NOT\u00cdCIAS","foundingDate":"2009-01-05","numberOfEmployees":{"@type":"QuantitativeValue","minValue":"1","maxValue":"10"},"publishingPrinciples":"https:\/\/ubirataonline.com.br\/faq\/","address":{"@id":"https:\/\/ubirataonline.com.br\/shakira-y-beele-lanzan-video-algo-tu-grabado-en-barranquilla\/#local-main-place-address"},"geo":{"@type":"GeoCoordinates","latitude":"-24.5361401","longitude":"-52.9921776"},"telephone":["+5544998308235"],"contactPoint":{"@type":"ContactPoint","email":"contato@ubirataonline.com.br"},"openingHoursSpecification":{"@type":"OpeningHoursSpecification","dayOfWeek":["Monday","Tuesday","Wednesday","Thursday","Friday","Saturday","Sunday"],"opens":"00:00","closes":"23:59"},"email":"contato@ubirataonline.com.br","vatID":"47.621.418\/0001-80"},{"@type":"Person","@id":"https:\/\/ubirataonline.com.br\/#\/schema\/person\/372f87bbd3fdd79b8556b84c98d0bc1c","name":"REDA\u00c7\u00c3O: UBIRAT\u00c3 ONLINE - F\u00c1BIO AUGUSTO CELESTINO","pronouns":"Ele","description":"Desde 2003 trabalhando com not\u00edcias.","sameAs":["http:\/\/ubirataoline.com.br","https:\/\/www.facebook.com\/portalubirataonline","https:\/\/www.instagram.com\/ubirataonline_oficial","https:\/\/x.com\/x.com\/ubirataonline"],"honorificPrefix":"Mr.","honorificSuffix":"MD","birthDate":"1980-06-16","gender":"masculino","award":["V\u00e1rios pr\u00eamios de melhor portal da cidade"],"jobTitle":"Diretor","url":"https:\/\/ubirataonline.com.br\/en\/author\/ubirataonline\/"},{"@type":"PostalAddress","@id":"https:\/\/ubirataonline.com.br\/shakira-y-beele-lanzan-video-algo-tu-grabado-en-barranquilla\/#local-main-place-address","streetAddress":"Rua dos Coqueiros, 104 - Bairro Boa Vista, Rua dos Coqueiros, 104 Bairro Boa Vista","addressLocality":"UBIRATA","postalCode":"85440-000","addressRegion":"PR","addressCountry":"BR"},{"@type":"ImageObject","inLanguage":"en-US","@id":"https:\/\/ubirataonline.com.br\/shakira-y-beele-lanzan-video-algo-tu-grabado-en-barranquilla\/#local-main-organization-logo","url":"https:\/\/ubirataonline.com.br\/wp-content\/uploads\/2026\/06\/logoubirataonline-1.webp","contentUrl":"https:\/\/ubirataonline.com.br\/wp-content\/uploads\/2026\/06\/logoubirataonline-1.webp","width":500,"height":500,"caption":"Ubirat\u00e3 Online Not\u00edcias"}]},"geo.placename":"UBIRATA","geo.position":{"lat":"-24.5361401","long":"-52.9921776"},"geo.region":"Brazil"},"_links":{"self":[{"href":"https:\/\/ubirataonline.com.br\/en\/wp-json\/wp\/v2\/posts\/111417","targetHints":{"allow":["GET"]}}],"collection":[{"href":"https:\/\/ubirataonline.com.br\/en\/wp-json\/wp\/v2\/posts"}],"about":[{"href":"https:\/\/ubirataonline.com.br\/en\/wp-json\/wp\/v2\/types\/post"}],"author":[{"embeddable":true,"href":"https:\/\/ubirataonline.com.br\/en\/wp-json\/wp\/v2\/users\/1"}],"replies":[{"embeddable":true,"href":"https:\/\/ubirataonline.com.br\/en\/wp-json\/wp\/v2\/comments?post=111417"}],"version-history":[{"count":0,"href":"https:\/\/ubirataonline.com.br\/en\/wp-json\/wp\/v2\/posts\/111417\/revisions"}],"wp:featuredmedia":[{"embeddable":true,"href":"https:\/\/ubirataonline.com.br\/en\/wp-json\/wp\/v2\/media\/111418"}],"wp:attachment":[{"href":"https:\/\/ubirataonline.com.br\/en\/wp-json\/wp\/v2\/media?parent=111417"}],"wp:term":[{"taxonomy":"category","embeddable":true,"href":"https:\/\/ubirataonline.com.br\/en\/wp-json\/wp\/v2\/categories?post=111417"},{"taxonomy":"post_tag","embeddable":true,"href":"https:\/\/ubirataonline.com.br\/en\/wp-json\/wp\/v2\/tags?post=111417"}],"curies":[{"name":"wp","href":"https:\/\/api.w.org\/{rel}","templated":true}]}}