{"id":111437,"date":"2026-04-18T22:23:48","date_gmt":"2026-04-19T01:23:48","guid":{"rendered":"https:\/\/ubirataonline.com.br\/mel-raro-do-interior-do-parana-nasce-de-floradas-especiais\/"},"modified":"2026-04-18T22:23:50","modified_gmt":"2026-04-19T01:23:50","slug":"mel-raro-do-interior-do-parana-nasce-de-floradas-especiais","status":"publish","type":"post","link":"https:\/\/ubirataonline.com.br\/en\/mel-raro-do-interior-do-parana-nasce-de-floradas-especiais\/","title":{"rendered":"Mel raro do interior do Paran\u00e1 nasce de floradas especiais"},"content":{"rendered":"<p><\/p>\n<div id=\"post-content\">\n<p>Com 14,6% da produ\u00e7\u00e3o nacional, o <strong>Paran\u00e1 \u00e9 o maior produtor de mel do Brasil. <\/strong>Conforme o \u00faltimo levantamento do Instituto Brasileiro de Geografia e Estat\u00edstica (IBGE), divulgado no ano passado, o estado produziu <strong>9,8 mil toneladas<\/strong> do produto em 2024. Al\u00e9m de ser um importante fornecedor nacional, o munic\u00edpio de Ortigueira, na regi\u00e3o central, \u00e9 destaque por ter um mel especial. <\/p>\n<p>De colora\u00e7\u00e3o clara, sabor suave \u2013 um pouco mais adocicado e com aroma marcante, o <strong>mel de Ortigueira<\/strong> conquistou em 2015 o selo de <strong>Denomina\u00e7\u00e3o de Origem (DO)<\/strong>, um tipo de <strong>Indica\u00e7\u00e3o Geogr\u00e1fica (IG) <\/strong>concedida pelo Instituto Nacional da Propriedade Industrial (INPI). O produto foi <strong>o primeiro do pa\u00eds a ser reconhecido por DO.<\/strong><\/p>\n<p>O Brasil possui dois tipos de IGs: Indica\u00e7\u00e3o de Proced\u00eancia (IP) e Denomina\u00e7\u00e3o de Origem (DO). A primeira \u00e9 quando o INPI confere que um produto \u00e9 diferenciado e possui um significado cultural para determinada regi\u00e3o. J\u00e1 a DO envolve fatores geogr\u00e1ficos, como solo e clima, que garantem um sabor \u00fanico para o item.<\/p>\n<p>O que faz o mel da regi\u00e3o ser especial s\u00e3o justamente essas caracter\u00edsticas de cor, sabor e a <strong>flor de capixingui<\/strong>, que garantem um produto de sabor \u00fanico. Na cidade, o mel monofloral \u00e9 feito do n\u00e9ctar das principais floradas, como capixingui, eucalipto e assa-peixe. J\u00e1 o mel silvestre mistura v\u00e1rios n\u00e9ctares devido ao acesso que as abelhas possuem de diferentes flores da regi\u00e3o.<\/p>\n<figure class=\"wp-block-image size-post_image\"><figcaption class=\"wp-element-caption\">Foto: Jairo Siqueira | Arquivo Pessoal<\/figcaption><\/figure>\n<p>Para fortalecer o trabalho feito com as abelhas, desde 1988 existe a <strong>Associa\u00e7\u00e3o dos Produtores Ortigueirenses de Mel (Apomel)<\/strong>, que conta com cerca de 40 produtores. Presidente da Apomel, <strong>Cristiano Gon\u00e7alves Nascimento<\/strong>, revela que grande parte dos neg\u00f3cios acontece no meio familiar. <\/p>\n<p>\u201cMeu sogro \u00e9 apicultor do munic\u00edpio h\u00e1 40 anos. Agora n\u00f3s estamos levando para frente. Meu filho j\u00e1 faz parte tamb\u00e9m, estamos na terceira gera\u00e7\u00e3o. A maioria dos produtores s\u00e3o agricultores familiares\u201d.<\/p>\n<h2 class=\"wp-block-heading\" id=\"h-um-legado-que-comecou-nos-anos-de-1920\">Um legado que come\u00e7ou nos anos de 1920<\/h2>\n<p>Com 63 anos, <strong>Jairo Siqueira<\/strong> \u00e9 prova de que o trabalho atravessa gera\u00e7\u00f5es. O apicultor conta que foi o av\u00f4 que come\u00e7ou com a cria\u00e7\u00e3o de abelhas em Ortigueira, com documentos registrando a atividade j\u00e1 em <strong>1927.<\/strong> S\u00f3 que naquela \u00e9poca a produ\u00e7\u00e3o do mel era feita para o pr\u00f3prio consumo e n\u00e3o para o com\u00e9rcio.<\/p>\n<p>\u201cO a\u00e7\u00facar vinha de Pernambuco e por causa de uma revolu\u00e7\u00e3o parou de vir. Ent\u00e3o o mel foi um substituto do a\u00e7\u00facar. Mas antigamente todas as pessoas tinham abelhas em Ortigueira, n\u00e3o era uma exclusividade do meu av\u00f4\u201d.<\/p>\n<figure class=\"wp-block-image size-post_image\"><img loading=\"lazy\" decoding=\"async\" width=\"770\" height=\"440\" src=\"https:\/\/www.tribunapr.com.br\/wp-content\/uploads\/2026\/04\/06165756\/mel-ortigueira-jairo-2-770x440.jpg\" alt=\"\" class=\"wp-image-3713936\" srcset=\"https:\/\/www.tribunapr.com.br\/wp-content\/uploads\/2026\/04\/06165756\/mel-ortigueira-jairo-2-770x440.jpg 770w, https:\/\/www.tribunapr.com.br\/wp-content\/uploads\/2026\/04\/06165756\/mel-ortigueira-jairo-2-370x210.jpg 370w, https:\/\/www.tribunapr.com.br\/wp-content\/uploads\/2026\/04\/06165756\/mel-ortigueira-jairo-2-570x325.jpg 570w\" sizes=\"auto, (max-width: 770px) 100vw, 770px\"\/><figcaption class=\"wp-element-caption\">Foto antiga do av\u00f4 de Jairo. Foto: Jairo Siqueira | Arquivo Pessoal<\/figcaption><\/figure>\n<p>A retirada do mel acontece em duas \u00e9pocas do ano: entre outubro e novembro, e fevereiro e mar\u00e7o. No fim do ano \u00e9 quando \u00e9 feito o <strong>mel capixingui<\/strong>, detentor da IG e que garante o sabor \u00fanico do produto. \u201c\u00c9 gostoso, suave, claro e bom de exporta\u00e7\u00e3o\u201d, descreve o apicultor.<\/p>\n<p>\u201cMel a gente divide por cor. [<em>Refer\u00eancia \u00e0 escala Pfund, um padr\u00e3o internacional que classifica a cor do mel entre 0 a 140 mil\u00edmetros (mm). Os valores mais baixos indicam cores claras, enquanto os n\u00fameros mais altos representam cores escuras<\/em>.] O Mel de Ortigueira d\u00e1 30 mm, 33 mm de cor. \u00c9 considerado um mel bom de pre\u00e7o no exterior por conta disso. Por exemplo, o <strong>melato da Bracatinga<\/strong> \u00e9 100 mil\u00edmetros de cor\u201d, detalha Jairo.<\/p>\n<p>Embora exista um bom mercado de exporta\u00e7\u00e3o, o propriet\u00e1rio da loja Casa do Mel afirma que desde 2019 trabalha voltado para o mercado regional.<\/p>\n<figure class=\"wp-block-gallery has-nested-images columns-default is-cropped wp-block-gallery-1 is-layout-flex wp-block-gallery-is-layout-flex\">\n<figure class=\"wp-block-image size-large\"><img loading=\"lazy\" decoding=\"async\" width=\"1200\" height=\"795\" data-id=\"3713938\" src=\"https:\/\/www.tribunapr.com.br\/wp-content\/uploads\/2026\/04\/06165925\/mel-ortigueira-jairo-4-1.jpg\" alt=\"\" class=\"wp-image-3713938\" srcset=\"https:\/\/www.tribunapr.com.br\/wp-content\/uploads\/2026\/04\/06165925\/mel-ortigueira-jairo-4-1.jpg 1200w, https:\/\/www.tribunapr.com.br\/wp-content\/uploads\/2026\/04\/06165925\/mel-ortigueira-jairo-4-1-257x171.jpg 257w, https:\/\/www.tribunapr.com.br\/wp-content\/uploads\/2026\/04\/06165925\/mel-ortigueira-jairo-4-1-869x576.jpg 869w, https:\/\/www.tribunapr.com.br\/wp-content\/uploads\/2026\/04\/06165925\/mel-ortigueira-jairo-4-1-150x99.jpg 150w\" sizes=\"auto, (max-width: 1200px) 100vw, 1200px\"\/><figcaption class=\"wp-element-caption\">Foto: Jairo Siqueira | Arquivo Pessoal<\/figcaption><\/figure>\n<figure class=\"wp-block-image size-large\"><img loading=\"lazy\" decoding=\"async\" width=\"1200\" height=\"800\" data-id=\"3713940\" src=\"https:\/\/www.tribunapr.com.br\/wp-content\/uploads\/2026\/04\/06165925\/mel-ortigueira-jairo-3.jpg\" alt=\"\" class=\"wp-image-3713940\" srcset=\"https:\/\/www.tribunapr.com.br\/wp-content\/uploads\/2026\/04\/06165925\/mel-ortigueira-jairo-3.jpg 1200w, https:\/\/www.tribunapr.com.br\/wp-content\/uploads\/2026\/04\/06165925\/mel-ortigueira-jairo-3-257x171.jpg 257w, https:\/\/www.tribunapr.com.br\/wp-content\/uploads\/2026\/04\/06165925\/mel-ortigueira-jairo-3-864x576.jpg 864w, https:\/\/www.tribunapr.com.br\/wp-content\/uploads\/2026\/04\/06165925\/mel-ortigueira-jairo-3-150x100.jpg 150w\" sizes=\"auto, (max-width: 1200px) 100vw, 1200px\"\/><figcaption class=\"wp-element-caption\">Foto: Jairo Siqueira | Arquivo Pessoal<\/figcaption><\/figure>\n<figure class=\"wp-block-image size-large\"><img loading=\"lazy\" decoding=\"async\" width=\"800\" height=\"669\" data-id=\"3713939\" src=\"https:\/\/www.tribunapr.com.br\/wp-content\/uploads\/2026\/04\/06165925\/mel-ortigueira-jairo-6.jpg\" alt=\"\" class=\"wp-image-3713939\" srcset=\"https:\/\/www.tribunapr.com.br\/wp-content\/uploads\/2026\/04\/06165925\/mel-ortigueira-jairo-6.jpg 800w, https:\/\/www.tribunapr.com.br\/wp-content\/uploads\/2026\/04\/06165925\/mel-ortigueira-jairo-6-204x171.jpg 204w, https:\/\/www.tribunapr.com.br\/wp-content\/uploads\/2026\/04\/06165925\/mel-ortigueira-jairo-6-689x576.jpg 689w, https:\/\/www.tribunapr.com.br\/wp-content\/uploads\/2026\/04\/06165925\/mel-ortigueira-jairo-6-150x125.jpg 150w\" sizes=\"auto, (max-width: 800px) 100vw, 800px\"\/><figcaption class=\"wp-element-caption\">Foto: Jairo Siqueira | Arquivo Pessoal<\/figcaption><\/figure>\n<\/figure>\n<p>Sobre as quantidades retiradas, Jairo diz que depende do ano. Ele, por exemplo, j\u00e1 registrou anos com produ\u00e7\u00e3o de 35 quilos de mel por colmeia e de dez quilos por colmeia. Contudo, o valor mais alto da produ\u00e7\u00e3o atual dele \u00e9 bastante diferente de quando Jairo era crian\u00e7a, quando a retirada alcan\u00e7ava 100 quilos de mel. O produtor se preocupa com o futuro da apicultura e acredita que a quantidade de abelhas diminuiu ao longo dos anos.<\/p>\n<p>\u201cQuando eu era crian\u00e7a j\u00e1 lidava com abelha e tinha muita mata, tinha muito tudo. Hoje tem muito nada. Um monte de coisa que tinha quando eu era crian\u00e7a n\u00e3o existe mais, inclusive algumas esp\u00e9cies de \u00e1rvores. O mundo \u00e9 um rel\u00f3gio daqueles antigos, cheio de engrenagens. Foram tirando as engrenagens e querem que funcione, como funciona? N\u00e3o funciona mais\u201d, diz.<\/p>\n<h2 class=\"wp-block-heading\" id=\"h-silencio-nas-colmeias-o-futuro-das-abelhas\">Sil\u00eancio nas colmeias: o futuro das abelhas<\/h2>\n<p>A percep\u00e7\u00e3o de Jairo sobre a quantidade de abelhas n\u00e3o \u00e9 isolada. O professor da Universidade Federal do Paran\u00e1 (UFPR) e coordenador do Laborat\u00f3rio de Apicultura e Meliponicultura (LAM), <strong>Tomaz Longhi Santos<\/strong>, confirma que h\u00e1 relatos que apontam para a diminui\u00e7\u00e3o do inseto e que a situa\u00e7\u00e3o pode estar associada a diversos fatores, como mudan\u00e7a clim\u00e1tica, fragmenta\u00e7\u00e3o das florestas e utiliza\u00e7\u00e3o desenfreada de agrot\u00f3xicos.<\/p>\n<p>\u201cA <strong>mudan\u00e7a clim\u00e1tica<\/strong> \u00e9 um fator que pode estar alterando a din\u00e2mica das abelhas. Temos visto a redu\u00e7\u00e3o dos fragmentos de <strong>vegeta\u00e7\u00e3o nativa<\/strong> e isso tem impactado diretamente na diversidade de abelhas. Outro fator que tamb\u00e9m limita ou que pode estar impactando na quantidade de abelhas \u00e9 a utiliza\u00e7\u00e3o desenfreada de <strong>agrot\u00f3xicos<\/strong>, produtos que s\u00e3o altamente prejudiciais ao desenvolvimento das col\u00f4nias. \u00c0s vezes a aplica\u00e7\u00e3o n\u00e3o vai direta sobre o api\u00e1rio, mas em \u00e1reas onde elas est\u00e3o fazendo o forrageamento das plantas para buscar n\u00e9ctar e p\u00f3len. Ent\u00e3o ela acaba levando esses res\u00edduos de agrot\u00f3xico para a col\u00f4nia e prejudica todo o enxame\u201d, explica.<\/p>\n<p>Mas por que as abelhas s\u00e3o t\u00e3o importantes? Santos explica que a maior parte dos alimentos que o ser humano consegue depende da poliniza\u00e7\u00e3o das abelhas. \u201cAlguns alimentos dependem exclusivamente dessa poliniza\u00e7\u00e3o das abelhas, outros se beneficiam da presen\u00e7a delas, que melhoram a qualidade do fruto, e outros as plantas n\u00e3o precisam dessa poliniza\u00e7\u00e3o, mas a presen\u00e7a das abelhas aumenta a produtividade. Ent\u00e3o elas s\u00e3o fundamentais para a garantia do nosso alimento\u201d.<\/p>\n<figure class=\"wp-block-image size-post_image\"><img loading=\"lazy\" decoding=\"async\" width=\"770\" height=\"440\" src=\"https:\/\/www.tribunapr.com.br\/wp-content\/uploads\/2026\/04\/06170019\/mel-ortigueira-jairo-1-770x440.jpg\" alt=\"\" class=\"wp-image-3713942\" srcset=\"https:\/\/www.tribunapr.com.br\/wp-content\/uploads\/2026\/04\/06170019\/mel-ortigueira-jairo-1-770x440.jpg 770w, https:\/\/www.tribunapr.com.br\/wp-content\/uploads\/2026\/04\/06170019\/mel-ortigueira-jairo-1-370x210.jpg 370w, https:\/\/www.tribunapr.com.br\/wp-content\/uploads\/2026\/04\/06170019\/mel-ortigueira-jairo-1-570x325.jpg 570w\" sizes=\"auto, (max-width: 770px) 100vw, 770px\"\/><figcaption class=\"wp-element-caption\">Foto: Jairo Siqueira | Arquivo Pessoal<\/figcaption><\/figure>\n<p>Portanto, a falta de abelhas pode desencadear uma s\u00e9rie de problemas que envolvem a produ\u00e7\u00e3o de alimentos. Pensando em formas de frear o impacto negativo para esses seres, o professor acredita que s\u00e3o necess\u00e1rias a\u00e7\u00f5es para tentar reduzir os impactos das mudan\u00e7as clim\u00e1ticas.<\/p>\n<p>\u201cO manejo correto de agrot\u00f3xico \u00e9 um fator, redu\u00e7\u00e3o do desmatamento e manuten\u00e7\u00e3o de \u00e1reas verdes para que as abelhas estejam ainda dispon\u00edveis e continuem fazendo os servi\u00e7os ecossist\u00eamicos que prestam. S\u00e3o a\u00e7\u00f5es que n\u00e3o dependem s\u00f3 da vontade dos agricultores, dos apicultores e polinicultores, mas depende tamb\u00e9m de pol\u00edticas p\u00fablicas nacionais e de espectro mundial, pensando que a mudan\u00e7a clim\u00e1tica atinge a todos\u201d.<\/p>\n<section class=\"virals\">\n<article class=\"cardnews cardnews--post cardnews--has-thumbnail cardnews--editorial-noticias\"> <a href=\"https:\/\/www.tribunapr.com.br\/noticias\/curitiba-regiao\/vereador-perdeu-pia-e-investigado-por-usar-gm-para-se-autopromove?utm_source=noticias-virais-rodape&amp;utm_medium=internal-tribuna&amp;utm_campaign=tribuna\" class=\"cardnews__postlink\"> <\/p>\n<div class=\"cardnews__image\" is-api-thumb=\"\"><img decoding=\"async\" src=\"https:\/\/www.tribunapr.com.br\/wp-content\/uploads\/2026\/03\/27182231\/perdeu-pia-GM-370x210.jpeg\" loading=\"lazy\" alt=\"Vereador Perdeu Pi\u00e1 \u00e9 investigado por usar GM para se autopromover\"\/><\/div>\n<div class=\"cardnews__content cardhome__content\">\n<div class=\"cardnews__content-wrapper\">\n<p> <span style=\"\"> De olho! <\/span> <\/p>\n<p>Vereador Perdeu Pi\u00e1 \u00e9 investigado por usar GM para se autopromover<\/p>\n<\/p><\/div>\n<\/p><\/div>\n<p> <\/a> <\/article>\n<article class=\"cardnews cardnews--post cardnews--has-thumbnail cardnews--editorial-noticias\"> <a href=\"https:\/\/www.tribunapr.com.br\/noticias\/parana\/parana-pode-sentir-efeitos-do-el-nino-a-partir-de-julho-o-que-esperar\/?utm_source=noticias-virais-rodape&amp;utm_medium=internal-tribuna&amp;utm_campaign=tribuna\" class=\"cardnews__postlink\"> <\/p>\n<div class=\"cardnews__image\" is-api-thumb=\"\"><img decoding=\"async\" src=\"https:\/\/www.tribunapr.com.br\/wp-content\/uploads\/2026\/02\/20182305\/chuvas-370x210.jpg\" loading=\"lazy\" alt=\"Paran\u00e1 pode sentir efeitos do El Ni\u00f1o a partir de julho; o que esperar\"\/><\/div>\n<div class=\"cardnews__content cardhome__content\">\n<div class=\"cardnews__content-wrapper\">\n<p> <span style=\"\"> Alerta <\/span> <\/p>\n<p>Paran\u00e1 pode sentir efeitos do El Ni\u00f1o a partir de julho; o que esperar<\/p>\n<\/p><\/div>\n<\/p><\/div>\n<p> <\/a> <\/article>\n<article class=\"cardnews cardnews--post cardnews--has-thumbnail cardnews--editorial-noticias\"> <a href=\"https:\/\/www.tribunapr.com.br\/noticias\/parana\/roteiro-inusitado-parana-coleciona-estatuas-peculiares-pelo-interior\/?utm_source=noticias-virais-rodape&amp;utm_medium=internal-tribuna&amp;utm_campaign=tribuna\" class=\"cardnews__postlink\"> <\/p>\n<div class=\"cardnews__image\" is-api-thumb=\"\"><img decoding=\"async\" src=\"https:\/\/www.tribunapr.com.br\/wp-content\/uploads\/2026\/03\/26165528\/monumento_ao_bone_carrossel_1-prefeitura-de-apucarana-370x210.webp\" loading=\"lazy\" alt=\"Roteiro inusitado: Paran\u00e1 coleciona est\u00e1tuas peculiares pelo interior \"\/><\/div>\n<div class=\"cardnews__content cardhome__content\">\n<div class=\"cardnews__content-wrapper\">\n<p> <span style=\"\"> Belezas do Paran\u00e1 <\/span> <\/p>\n<p>Roteiro inusitado: Paran\u00e1 coleciona est\u00e1tuas peculiares pelo interior <\/p>\n<\/p><\/div>\n<\/p><\/div>\n<p> <\/a> <\/article>\n<\/section>\n<div id=\"tribuna-follow-cta\">\n<p> <span class=\"cta-title\">Siga a <span class=\"tribuna-color\">Tribuna<\/span> no Google, e acompanhe as \u00faltimas not\u00edcias de Curitiba e regi\u00e3o!<\/span> <\/p>\n<p> <a href=\"https:\/\/profile.google.com\/cp\/CgwvZy8xMmxxajUzM3Mac2h0dHBzOi8vd3d3LnRyaWJ1bmFwci5jb20uYnIvdml2YS92aXRyaW5lL2dpZ2FudGUtZG8tdmVzdHVhcmlvLXJlaW5hdWd1cmEtbG9qYS1lbS1zaG9wcGluZy10cmFkaWNpb25hbC1kZS1jdXJpdGliYS8iElRyaWJ1bmEgZG8gUGFyYW7DoSqAAwrHAWh0dHBzOi8vZW5jcnlwdGVkLXRibjIuZ3N0YXRpYy5jb20vZmF2aWNvbi10Ym4_cT10Ym46QU5kOUdjUVJPbjVDRjR6TzJPbkUwTXZrRlRCRTY2U0g1bGlaVDRaZTV3bWNKeU5GRm1BSnluM01nNU9PR3BXY1pYMzZwYU5HUWtsZ09JVEFLTTNNZVNGbTc1aWp6M3k2ajUtQ3M2b25kX2JUcFFQQkVLd3RsUjBsTmJESnUtVHhrNXQtbFlCNlVpOWZSVVFjT2cSswFodHRwczovL2VuY3J5cHRlZC10Ym4zLmdzdGF0aWMuY29tL2Zhdmljb24tdGJuP3E9dGJuJTNBQU5kOUdjU0FMaWJ2eFF0YXdFMFRueVdWWmVKRS1MZEdRZjVTUi1OZ2RMazhyZzIwVy1nM0JuQ1F4VDNKZFBjRXR2THdBeVRxUDJEdHVycEdVR29CQkxpYzM5al9wSmFxRERaMHNCYW05WEVhSGVsMmZTQmdKdlF4WWVyMw\" target=\"_blank\" title=\"Seguir a Tribuna no Google\">  <\/a> <\/div>\n<\/p><\/div>\n<p><a href=\"https:\/\/www.tribunapr.com.br\/noticias\/parana\/conheca-mel-raro-interior-parana-floradas-especiais-sabor-suave\/\">Fonte do Artigo <\/a><\/p>\n","protected":false},"excerpt":{"rendered":"<p>Com 14,6% da produ\u00e7\u00e3o nacional, o Paran\u00e1 \u00e9 o maior produtor de mel do Brasil. Conforme o \u00faltimo levantamento do Instituto Brasileiro de Geografia e Estat\u00edstica (IBGE), divulgado no ano passado, o estado produziu 9,8 mil toneladas do produto em 2024. Al\u00e9m de ser um importante fornecedor nacional, o munic\u00edpio de Ortigueira, na regi\u00e3o central, [&hellip;]<\/p>\n","protected":false},"author":1,"featured_media":111438,"comment_status":"closed","ping_status":"","sticky":false,"template":"","format":"standard","meta":{"googlesitekit_rrm_CAow2JLhCw:productID":"","_gspb_post_css":"","maa_idioma":"","maa_pais":"","footnotes":""},"categories":[1],"tags":[8475,29817,3310,13560,23321,90,4719],"class_list":["post-111437","post","type-post","status-publish","format-standard","has-post-thumbnail","hentry","category-ubirata","tag-especiais","tag-floradas","tag-interior","tag-mel","tag-nasce","tag-parana","tag-raro"],"blocksy_meta":[],"yoast_head":"<!-- This site is optimized with the Yoast SEO Premium plugin v27.6 (Yoast SEO v27.6) - https:\/\/yoast.com\/product\/yoast-seo-premium-wordpress\/ -->\n<title>Mel raro do interior do Paran\u00e1 nasce de floradas especiais - Ubirat\u00e3 Online Not\u00edcias - A realidade ao seu alcance!<\/title>\n<meta name=\"description\" content=\"Com 14,6% da produ\u00e7\u00e3o nacional, o Paran\u00e1 \u00e9 o maior produtor de mel do Brasil. Conforme o \u00faltimo levantamento do Instituto Brasileiro de Geografia e\" \/>\n<meta name=\"robots\" content=\"index, follow, max-snippet:-1, max-image-preview:large, max-video-preview:-1\" \/>\n<link rel=\"canonical\" href=\"https:\/\/ubirataonline.com.br\/en\/mel-raro-do-interior-do-parana-nasce-de-floradas-especiais\/\" \/>\n<meta property=\"og:locale\" content=\"en_US\" \/>\n<meta property=\"og:type\" content=\"article\" \/>\n<meta property=\"og:title\" content=\"Mel raro do interior do Paran\u00e1 nasce de floradas especiais\" \/>\n<meta property=\"og:description\" content=\"Com 14,6% da produ\u00e7\u00e3o nacional, o Paran\u00e1 \u00e9 o maior produtor de mel do Brasil. Conforme o \u00faltimo levantamento do Instituto Brasileiro de Geografia e\" \/>\n<meta property=\"og:url\" content=\"https:\/\/ubirataonline.com.br\/en\/mel-raro-do-interior-do-parana-nasce-de-floradas-especiais\/\" \/>\n<meta property=\"og:site_name\" content=\"Ubirat\u00e3 Online Not\u00edcias - A realidade ao seu alcance!\" \/>\n<meta property=\"article:publisher\" content=\"https:\/\/www.facebook.com\/portalubirataonline\" \/>\n<meta property=\"article:author\" content=\"https:\/\/www.facebook.com\/portalubirataonline\" \/>\n<meta property=\"article:published_time\" content=\"2026-04-19T01:23:48+00:00\" \/>\n<meta property=\"article:modified_time\" content=\"2026-04-19T01:23:50+00:00\" \/>\n<meta property=\"og:image\" content=\"https:\/\/ubirataonline.com.br\/wp-content\/uploads\/2026\/04\/Mel-raro-do-interior-do-Parana-nasce-de-floradas-especiais.jpg\" \/>\n\t<meta property=\"og:image:width\" content=\"1200\" \/>\n\t<meta property=\"og:image:height\" content=\"800\" \/>\n\t<meta property=\"og:image:type\" content=\"image\/jpeg\" \/>\n<meta name=\"author\" content=\"REDA\u00c7\u00c3O: UBIRAT\u00c3 ONLINE - F\u00c1BIO AUGUSTO CELESTINO\" \/>\n<meta name=\"twitter:card\" content=\"summary_large_image\" \/>\n<meta name=\"twitter:creator\" content=\"@x.com\/ubirataonline\" \/>\n<meta name=\"twitter:site\" content=\"@ubirataonline\" \/>\n<meta name=\"twitter:label1\" content=\"Written by\" \/>\n\t<meta name=\"twitter:data1\" content=\"REDA\u00c7\u00c3O: UBIRAT\u00c3 ONLINE - F\u00c1BIO AUGUSTO CELESTINO\" \/>\n\t<meta name=\"twitter:label2\" content=\"Est. reading time\" \/>\n\t<meta name=\"twitter:data2\" content=\"6 minutes\" \/>\n<script type=\"application\/ld+json\" class=\"yoast-schema-graph\">{\"@context\":\"https:\\\/\\\/schema.org\",\"@graph\":[{\"@type\":\"NewsArticle\",\"@id\":\"https:\\\/\\\/ubirataonline.com.br\\\/mel-raro-do-interior-do-parana-nasce-de-floradas-especiais\\\/#article\",\"isPartOf\":{\"@id\":\"https:\\\/\\\/ubirataonline.com.br\\\/mel-raro-do-interior-do-parana-nasce-de-floradas-especiais\\\/\"},\"author\":{\"name\":\"REDA\u00c7\u00c3O: UBIRAT\u00c3 ONLINE - F\u00c1BIO AUGUSTO CELESTINO\",\"@id\":\"https:\\\/\\\/ubirataonline.com.br\\\/#\\\/schema\\\/person\\\/372f87bbd3fdd79b8556b84c98d0bc1c\"},\"headline\":\"Mel raro do interior do Paran\u00e1 nasce de floradas especiais\",\"datePublished\":\"2026-04-19T01:23:48+00:00\",\"dateModified\":\"2026-04-19T01:23:50+00:00\",\"mainEntityOfPage\":{\"@id\":\"https:\\\/\\\/ubirataonline.com.br\\\/mel-raro-do-interior-do-parana-nasce-de-floradas-especiais\\\/\"},\"wordCount\":1245,\"publisher\":{\"@id\":\"https:\\\/\\\/ubirataonline.com.br\\\/#organization\"},\"image\":{\"@id\":\"https:\\\/\\\/ubirataonline.com.br\\\/mel-raro-do-interior-do-parana-nasce-de-floradas-especiais\\\/#primaryimage\"},\"thumbnailUrl\":\"https:\\\/\\\/ubirataonline.com.br\\\/wp-content\\\/uploads\\\/2026\\\/04\\\/Mel-raro-do-interior-do-Parana-nasce-de-floradas-especiais.jpg\",\"keywords\":[\"especiais\",\"floradas\",\"interior\",\"Mel\",\"nasce\",\"paran\u00e1\",\"raro\"],\"articleSection\":[\"Ubirat\u00e3\"],\"inLanguage\":\"en-US\",\"copyrightYear\":\"2026\",\"copyrightHolder\":{\"@id\":\"https:\\\/\\\/ubirataonline.com.br\\\/en\\\/#organization\"}},{\"@type\":\"WebPage\",\"@id\":\"https:\\\/\\\/ubirataonline.com.br\\\/mel-raro-do-interior-do-parana-nasce-de-floradas-especiais\\\/\",\"url\":\"https:\\\/\\\/ubirataonline.com.br\\\/mel-raro-do-interior-do-parana-nasce-de-floradas-especiais\\\/\",\"name\":\"Mel raro do interior do Paran\u00e1 nasce de floradas especiais - Ubirat\u00e3 Online Not\u00edcias - A realidade ao seu alcance!\",\"isPartOf\":{\"@id\":\"https:\\\/\\\/ubirataonline.com.br\\\/#website\"},\"primaryImageOfPage\":{\"@id\":\"https:\\\/\\\/ubirataonline.com.br\\\/mel-raro-do-interior-do-parana-nasce-de-floradas-especiais\\\/#primaryimage\"},\"image\":{\"@id\":\"https:\\\/\\\/ubirataonline.com.br\\\/mel-raro-do-interior-do-parana-nasce-de-floradas-especiais\\\/#primaryimage\"},\"thumbnailUrl\":\"https:\\\/\\\/ubirataonline.com.br\\\/wp-content\\\/uploads\\\/2026\\\/04\\\/Mel-raro-do-interior-do-Parana-nasce-de-floradas-especiais.jpg\",\"datePublished\":\"2026-04-19T01:23:48+00:00\",\"dateModified\":\"2026-04-19T01:23:50+00:00\",\"description\":\"Com 14,6% da produ\u00e7\u00e3o nacional, o Paran\u00e1 \u00e9 o maior produtor de mel do Brasil. Conforme o \u00faltimo levantamento do Instituto Brasileiro de Geografia e\",\"breadcrumb\":{\"@id\":\"https:\\\/\\\/ubirataonline.com.br\\\/mel-raro-do-interior-do-parana-nasce-de-floradas-especiais\\\/#breadcrumb\"},\"inLanguage\":\"en-US\",\"potentialAction\":[{\"@type\":\"ReadAction\",\"target\":[\"https:\\\/\\\/ubirataonline.com.br\\\/mel-raro-do-interior-do-parana-nasce-de-floradas-especiais\\\/\"]}]},{\"@type\":\"ImageObject\",\"inLanguage\":\"en-US\",\"@id\":\"https:\\\/\\\/ubirataonline.com.br\\\/mel-raro-do-interior-do-parana-nasce-de-floradas-especiais\\\/#primaryimage\",\"url\":\"https:\\\/\\\/ubirataonline.com.br\\\/wp-content\\\/uploads\\\/2026\\\/04\\\/Mel-raro-do-interior-do-Parana-nasce-de-floradas-especiais.jpg\",\"contentUrl\":\"https:\\\/\\\/ubirataonline.com.br\\\/wp-content\\\/uploads\\\/2026\\\/04\\\/Mel-raro-do-interior-do-Parana-nasce-de-floradas-especiais.jpg\",\"width\":1200,\"height\":800,\"caption\":\"Produ\u00e7\u00e3o de mel Ortigueira. Foto: Gilson Abreu \\\/ Arquivo AEN\"},{\"@type\":\"BreadcrumbList\",\"@id\":\"https:\\\/\\\/ubirataonline.com.br\\\/mel-raro-do-interior-do-parana-nasce-de-floradas-especiais\\\/#breadcrumb\",\"itemListElement\":[{\"@type\":\"ListItem\",\"position\":1,\"name\":\"In\u00edcio\",\"item\":\"https:\\\/\\\/ubirataonline.com.br\\\/\"},{\"@type\":\"ListItem\",\"position\":2,\"name\":\"Mel raro do interior do Paran\u00e1 nasce de floradas especiais\"}]},{\"@type\":\"WebSite\",\"@id\":\"https:\\\/\\\/ubirataonline.com.br\\\/#website\",\"url\":\"https:\\\/\\\/ubirataonline.com.br\\\/\",\"name\":\"Ubirat\u00e3 Online Not\u00edcias\",\"description\":\"Not\u00edcias de Ubirat\u00e3, regi\u00e3o, Brasil e mundo, com informa\u00e7\u00e3o atualizada e compromisso com o leitor.\",\"publisher\":{\"@id\":\"https:\\\/\\\/ubirataonline.com.br\\\/#organization\"},\"alternateName\":\"Ubirat\u00e3 Online\",\"potentialAction\":[{\"@type\":\"SearchAction\",\"target\":{\"@type\":\"EntryPoint\",\"urlTemplate\":\"https:\\\/\\\/ubirataonline.com.br\\\/?s={search_term_string}\"},\"query-input\":{\"@type\":\"PropertyValueSpecification\",\"valueRequired\":true,\"valueName\":\"search_term_string\"}}],\"inLanguage\":\"en-US\"},{\"@type\":[\"Organization\",\"Place\"],\"@id\":\"https:\\\/\\\/ubirataonline.com.br\\\/#organization\",\"name\":\"Ubirat\u00e3 Online Not\u00edcias\",\"alternateName\":\"Ubirat\u00e3 Online\",\"url\":\"https:\\\/\\\/ubirataonline.com.br\\\/\",\"logo\":{\"@id\":\"https:\\\/\\\/ubirataonline.com.br\\\/mel-raro-do-interior-do-parana-nasce-de-floradas-especiais\\\/#local-main-organization-logo\"},\"image\":{\"@id\":\"https:\\\/\\\/ubirataonline.com.br\\\/mel-raro-do-interior-do-parana-nasce-de-floradas-especiais\\\/#local-main-organization-logo\"},\"sameAs\":[\"https:\\\/\\\/www.facebook.com\\\/portalubirataonline\",\"https:\\\/\\\/x.com\\\/ubirataonline\",\"https:\\\/\\\/mastodon.social\\\/@ubirataonline\",\"https:\\\/\\\/www.facebook.com\\\/groups\\\/311144672285604\",\"https:\\\/\\\/www.facebook.com\\\/UBTAOnline\",\"https:\\\/\\\/www.instagram.com\\\/portalubirataonline\\\/\",\"https:\\\/\\\/twitter.com\\\/ubirataonline\"],\"description\":\"Somos um portal de not\u00edcias independente, criado em 5 de janeiro de 2009, com o objetivo de informar, conectar e valorizar a nossa comunidade de Ubirat\u00e3 e toda aregi\u00e3o. Com conte\u00fado atualizado, confi\u00e1vel e relevante, o Ubirat\u00e3 Online \u00e9 o seu espa\u00e7o para ficar por dentro dos principais acontecimentos locais, regionais, Brasil, Mundo e de interesse geral. Nosso compromisso \u00e9 com a verdade, a transpar\u00eancia e o respeito ao leitor.\",\"legalName\":\"UBIRATA ONLINE NOT\u00cdCIAS\",\"foundingDate\":\"2009-01-05\",\"numberOfEmployees\":{\"@type\":\"QuantitativeValue\",\"minValue\":\"1\",\"maxValue\":\"10\"},\"publishingPrinciples\":\"https:\\\/\\\/ubirataonline.com.br\\\/faq\\\/\",\"address\":{\"@id\":\"https:\\\/\\\/ubirataonline.com.br\\\/mel-raro-do-interior-do-parana-nasce-de-floradas-especiais\\\/#local-main-place-address\"},\"geo\":{\"@type\":\"GeoCoordinates\",\"latitude\":\"-24.5361401\",\"longitude\":\"-52.9921776\"},\"telephone\":[\"+5544998308235\"],\"contactPoint\":{\"@type\":\"ContactPoint\",\"email\":\"contato@ubirataonline.com.br\"},\"openingHoursSpecification\":{\"@type\":\"OpeningHoursSpecification\",\"dayOfWeek\":[\"Monday\",\"Tuesday\",\"Wednesday\",\"Thursday\",\"Friday\",\"Saturday\",\"Sunday\"],\"opens\":\"00:00\",\"closes\":\"23:59\"},\"email\":\"contato@ubirataonline.com.br\",\"vatID\":\"47.621.418\\\/0001-80\"},{\"@type\":\"Person\",\"@id\":\"https:\\\/\\\/ubirataonline.com.br\\\/#\\\/schema\\\/person\\\/372f87bbd3fdd79b8556b84c98d0bc1c\",\"name\":\"REDA\u00c7\u00c3O: UBIRAT\u00c3 ONLINE - F\u00c1BIO AUGUSTO CELESTINO\",\"pronouns\":\"Ele\",\"description\":\"Desde 2003 trabalhando com not\u00edcias.\",\"sameAs\":[\"http:\\\/\\\/ubirataoline.com.br\",\"https:\\\/\\\/www.facebook.com\\\/portalubirataonline\",\"https:\\\/\\\/www.instagram.com\\\/ubirataonline_oficial\",\"https:\\\/\\\/x.com\\\/x.com\\\/ubirataonline\"],\"honorificPrefix\":\"Mr.\",\"honorificSuffix\":\"MD\",\"birthDate\":\"1980-06-16\",\"gender\":\"masculino\",\"award\":[\"V\u00e1rios pr\u00eamios de melhor portal da cidade\"],\"jobTitle\":\"Diretor\",\"url\":\"https:\\\/\\\/ubirataonline.com.br\\\/en\\\/author\\\/ubirataonline\\\/\"},{\"@type\":\"PostalAddress\",\"@id\":\"https:\\\/\\\/ubirataonline.com.br\\\/mel-raro-do-interior-do-parana-nasce-de-floradas-especiais\\\/#local-main-place-address\",\"streetAddress\":\"Rua dos Coqueiros, 104 - Bairro Boa Vista, Rua dos Coqueiros, 104 Bairro Boa Vista\",\"addressLocality\":\"UBIRATA\",\"postalCode\":\"85440-000\",\"addressRegion\":\"PR\",\"addressCountry\":\"BR\"},{\"@type\":\"ImageObject\",\"inLanguage\":\"en-US\",\"@id\":\"https:\\\/\\\/ubirataonline.com.br\\\/mel-raro-do-interior-do-parana-nasce-de-floradas-especiais\\\/#local-main-organization-logo\",\"url\":\"https:\\\/\\\/ubirataonline.com.br\\\/wp-content\\\/uploads\\\/2026\\\/06\\\/logoubirataonline-1.webp\",\"contentUrl\":\"https:\\\/\\\/ubirataonline.com.br\\\/wp-content\\\/uploads\\\/2026\\\/06\\\/logoubirataonline-1.webp\",\"width\":500,\"height\":500,\"caption\":\"Ubirat\u00e3 Online Not\u00edcias\"}]}<\/script>\n<meta name=\"geo.placename\" content=\"UBIRATA\" \/>\n<meta name=\"geo.position\" content=\"-24.5361401;-52.9921776\" \/>\n<meta name=\"geo.region\" content=\"Brazil\" \/>\n<!-- \/ Yoast SEO Premium plugin. -->","yoast_head_json":{"title":"Mel raro do interior do Paran\u00e1 nasce de floradas especiais - Ubirat\u00e3 Online Not\u00edcias - A realidade ao seu alcance!","description":"Com 14,6% da produ\u00e7\u00e3o nacional, o Paran\u00e1 \u00e9 o maior produtor de mel do Brasil. Conforme o \u00faltimo levantamento do Instituto Brasileiro de Geografia e","robots":{"index":"index","follow":"follow","max-snippet":"max-snippet:-1","max-image-preview":"max-image-preview:large","max-video-preview":"max-video-preview:-1"},"canonical":"https:\/\/ubirataonline.com.br\/en\/mel-raro-do-interior-do-parana-nasce-de-floradas-especiais\/","og_locale":"en_US","og_type":"article","og_title":"Mel raro do interior do Paran\u00e1 nasce de floradas especiais","og_description":"Com 14,6% da produ\u00e7\u00e3o nacional, o Paran\u00e1 \u00e9 o maior produtor de mel do Brasil. Conforme o \u00faltimo levantamento do Instituto Brasileiro de Geografia e","og_url":"https:\/\/ubirataonline.com.br\/en\/mel-raro-do-interior-do-parana-nasce-de-floradas-especiais\/","og_site_name":"Ubirat\u00e3 Online Not\u00edcias - A realidade ao seu alcance!","article_publisher":"https:\/\/www.facebook.com\/portalubirataonline","article_author":"https:\/\/www.facebook.com\/portalubirataonline","article_published_time":"2026-04-19T01:23:48+00:00","article_modified_time":"2026-04-19T01:23:50+00:00","og_image":[{"width":1200,"height":800,"url":"https:\/\/ubirataonline.com.br\/wp-content\/uploads\/2026\/04\/Mel-raro-do-interior-do-Parana-nasce-de-floradas-especiais.jpg","type":"image\/jpeg"}],"author":"REDA\u00c7\u00c3O: UBIRAT\u00c3 ONLINE - F\u00c1BIO AUGUSTO CELESTINO","twitter_card":"summary_large_image","twitter_creator":"@x.com\/ubirataonline","twitter_site":"@ubirataonline","twitter_misc":{"Written by":"REDA\u00c7\u00c3O: UBIRAT\u00c3 ONLINE - F\u00c1BIO AUGUSTO CELESTINO","Est. reading time":"6 minutes"},"schema":{"@context":"https:\/\/schema.org","@graph":[{"@type":"NewsArticle","@id":"https:\/\/ubirataonline.com.br\/mel-raro-do-interior-do-parana-nasce-de-floradas-especiais\/#article","isPartOf":{"@id":"https:\/\/ubirataonline.com.br\/mel-raro-do-interior-do-parana-nasce-de-floradas-especiais\/"},"author":{"name":"REDA\u00c7\u00c3O: UBIRAT\u00c3 ONLINE - F\u00c1BIO AUGUSTO CELESTINO","@id":"https:\/\/ubirataonline.com.br\/#\/schema\/person\/372f87bbd3fdd79b8556b84c98d0bc1c"},"headline":"Mel raro do interior do Paran\u00e1 nasce de floradas especiais","datePublished":"2026-04-19T01:23:48+00:00","dateModified":"2026-04-19T01:23:50+00:00","mainEntityOfPage":{"@id":"https:\/\/ubirataonline.com.br\/mel-raro-do-interior-do-parana-nasce-de-floradas-especiais\/"},"wordCount":1245,"publisher":{"@id":"https:\/\/ubirataonline.com.br\/#organization"},"image":{"@id":"https:\/\/ubirataonline.com.br\/mel-raro-do-interior-do-parana-nasce-de-floradas-especiais\/#primaryimage"},"thumbnailUrl":"https:\/\/ubirataonline.com.br\/wp-content\/uploads\/2026\/04\/Mel-raro-do-interior-do-Parana-nasce-de-floradas-especiais.jpg","keywords":["especiais","floradas","interior","Mel","nasce","paran\u00e1","raro"],"articleSection":["Ubirat\u00e3"],"inLanguage":"en-US","copyrightYear":"2026","copyrightHolder":{"@id":"https:\/\/ubirataonline.com.br\/en\/#organization"}},{"@type":"WebPage","@id":"https:\/\/ubirataonline.com.br\/mel-raro-do-interior-do-parana-nasce-de-floradas-especiais\/","url":"https:\/\/ubirataonline.com.br\/mel-raro-do-interior-do-parana-nasce-de-floradas-especiais\/","name":"Mel raro do interior do Paran\u00e1 nasce de floradas especiais - Ubirat\u00e3 Online Not\u00edcias - A realidade ao seu alcance!","isPartOf":{"@id":"https:\/\/ubirataonline.com.br\/#website"},"primaryImageOfPage":{"@id":"https:\/\/ubirataonline.com.br\/mel-raro-do-interior-do-parana-nasce-de-floradas-especiais\/#primaryimage"},"image":{"@id":"https:\/\/ubirataonline.com.br\/mel-raro-do-interior-do-parana-nasce-de-floradas-especiais\/#primaryimage"},"thumbnailUrl":"https:\/\/ubirataonline.com.br\/wp-content\/uploads\/2026\/04\/Mel-raro-do-interior-do-Parana-nasce-de-floradas-especiais.jpg","datePublished":"2026-04-19T01:23:48+00:00","dateModified":"2026-04-19T01:23:50+00:00","description":"Com 14,6% da produ\u00e7\u00e3o nacional, o Paran\u00e1 \u00e9 o maior produtor de mel do Brasil. Conforme o \u00faltimo levantamento do Instituto Brasileiro de Geografia e","breadcrumb":{"@id":"https:\/\/ubirataonline.com.br\/mel-raro-do-interior-do-parana-nasce-de-floradas-especiais\/#breadcrumb"},"inLanguage":"en-US","potentialAction":[{"@type":"ReadAction","target":["https:\/\/ubirataonline.com.br\/mel-raro-do-interior-do-parana-nasce-de-floradas-especiais\/"]}]},{"@type":"ImageObject","inLanguage":"en-US","@id":"https:\/\/ubirataonline.com.br\/mel-raro-do-interior-do-parana-nasce-de-floradas-especiais\/#primaryimage","url":"https:\/\/ubirataonline.com.br\/wp-content\/uploads\/2026\/04\/Mel-raro-do-interior-do-Parana-nasce-de-floradas-especiais.jpg","contentUrl":"https:\/\/ubirataonline.com.br\/wp-content\/uploads\/2026\/04\/Mel-raro-do-interior-do-Parana-nasce-de-floradas-especiais.jpg","width":1200,"height":800,"caption":"Produ\u00e7\u00e3o de mel Ortigueira. Foto: Gilson Abreu \/ Arquivo AEN"},{"@type":"BreadcrumbList","@id":"https:\/\/ubirataonline.com.br\/mel-raro-do-interior-do-parana-nasce-de-floradas-especiais\/#breadcrumb","itemListElement":[{"@type":"ListItem","position":1,"name":"In\u00edcio","item":"https:\/\/ubirataonline.com.br\/"},{"@type":"ListItem","position":2,"name":"Mel raro do interior do Paran\u00e1 nasce de floradas especiais"}]},{"@type":"WebSite","@id":"https:\/\/ubirataonline.com.br\/#website","url":"https:\/\/ubirataonline.com.br\/","name":"Ubirat\u00e3 Online Not\u00edcias","description":"Not\u00edcias de Ubirat\u00e3, regi\u00e3o, Brasil e mundo, com informa\u00e7\u00e3o atualizada e compromisso com o leitor.","publisher":{"@id":"https:\/\/ubirataonline.com.br\/#organization"},"alternateName":"Ubirat\u00e3 Online","potentialAction":[{"@type":"SearchAction","target":{"@type":"EntryPoint","urlTemplate":"https:\/\/ubirataonline.com.br\/?s={search_term_string}"},"query-input":{"@type":"PropertyValueSpecification","valueRequired":true,"valueName":"search_term_string"}}],"inLanguage":"en-US"},{"@type":["Organization","Place"],"@id":"https:\/\/ubirataonline.com.br\/#organization","name":"Ubirat\u00e3 Online Not\u00edcias","alternateName":"Ubirat\u00e3 Online","url":"https:\/\/ubirataonline.com.br\/","logo":{"@id":"https:\/\/ubirataonline.com.br\/mel-raro-do-interior-do-parana-nasce-de-floradas-especiais\/#local-main-organization-logo"},"image":{"@id":"https:\/\/ubirataonline.com.br\/mel-raro-do-interior-do-parana-nasce-de-floradas-especiais\/#local-main-organization-logo"},"sameAs":["https:\/\/www.facebook.com\/portalubirataonline","https:\/\/x.com\/ubirataonline","https:\/\/mastodon.social\/@ubirataonline","https:\/\/www.facebook.com\/groups\/311144672285604","https:\/\/www.facebook.com\/UBTAOnline","https:\/\/www.instagram.com\/portalubirataonline\/","https:\/\/twitter.com\/ubirataonline"],"description":"Somos um portal de not\u00edcias independente, criado em 5 de janeiro de 2009, com o objetivo de informar, conectar e valorizar a nossa comunidade de Ubirat\u00e3 e toda aregi\u00e3o. Com conte\u00fado atualizado, confi\u00e1vel e relevante, o Ubirat\u00e3 Online \u00e9 o seu espa\u00e7o para ficar por dentro dos principais acontecimentos locais, regionais, Brasil, Mundo e de interesse geral. Nosso compromisso \u00e9 com a verdade, a transpar\u00eancia e o respeito ao leitor.","legalName":"UBIRATA ONLINE NOT\u00cdCIAS","foundingDate":"2009-01-05","numberOfEmployees":{"@type":"QuantitativeValue","minValue":"1","maxValue":"10"},"publishingPrinciples":"https:\/\/ubirataonline.com.br\/faq\/","address":{"@id":"https:\/\/ubirataonline.com.br\/mel-raro-do-interior-do-parana-nasce-de-floradas-especiais\/#local-main-place-address"},"geo":{"@type":"GeoCoordinates","latitude":"-24.5361401","longitude":"-52.9921776"},"telephone":["+5544998308235"],"contactPoint":{"@type":"ContactPoint","email":"contato@ubirataonline.com.br"},"openingHoursSpecification":{"@type":"OpeningHoursSpecification","dayOfWeek":["Monday","Tuesday","Wednesday","Thursday","Friday","Saturday","Sunday"],"opens":"00:00","closes":"23:59"},"email":"contato@ubirataonline.com.br","vatID":"47.621.418\/0001-80"},{"@type":"Person","@id":"https:\/\/ubirataonline.com.br\/#\/schema\/person\/372f87bbd3fdd79b8556b84c98d0bc1c","name":"REDA\u00c7\u00c3O: UBIRAT\u00c3 ONLINE - F\u00c1BIO AUGUSTO CELESTINO","pronouns":"Ele","description":"Desde 2003 trabalhando com not\u00edcias.","sameAs":["http:\/\/ubirataoline.com.br","https:\/\/www.facebook.com\/portalubirataonline","https:\/\/www.instagram.com\/ubirataonline_oficial","https:\/\/x.com\/x.com\/ubirataonline"],"honorificPrefix":"Mr.","honorificSuffix":"MD","birthDate":"1980-06-16","gender":"masculino","award":["V\u00e1rios pr\u00eamios de melhor portal da cidade"],"jobTitle":"Diretor","url":"https:\/\/ubirataonline.com.br\/en\/author\/ubirataonline\/"},{"@type":"PostalAddress","@id":"https:\/\/ubirataonline.com.br\/mel-raro-do-interior-do-parana-nasce-de-floradas-especiais\/#local-main-place-address","streetAddress":"Rua dos Coqueiros, 104 - Bairro Boa Vista, Rua dos Coqueiros, 104 Bairro Boa Vista","addressLocality":"UBIRATA","postalCode":"85440-000","addressRegion":"PR","addressCountry":"BR"},{"@type":"ImageObject","inLanguage":"en-US","@id":"https:\/\/ubirataonline.com.br\/mel-raro-do-interior-do-parana-nasce-de-floradas-especiais\/#local-main-organization-logo","url":"https:\/\/ubirataonline.com.br\/wp-content\/uploads\/2026\/06\/logoubirataonline-1.webp","contentUrl":"https:\/\/ubirataonline.com.br\/wp-content\/uploads\/2026\/06\/logoubirataonline-1.webp","width":500,"height":500,"caption":"Ubirat\u00e3 Online Not\u00edcias"}]},"geo.placename":"UBIRATA","geo.position":{"lat":"-24.5361401","long":"-52.9921776"},"geo.region":"Brazil"},"_links":{"self":[{"href":"https:\/\/ubirataonline.com.br\/en\/wp-json\/wp\/v2\/posts\/111437","targetHints":{"allow":["GET"]}}],"collection":[{"href":"https:\/\/ubirataonline.com.br\/en\/wp-json\/wp\/v2\/posts"}],"about":[{"href":"https:\/\/ubirataonline.com.br\/en\/wp-json\/wp\/v2\/types\/post"}],"author":[{"embeddable":true,"href":"https:\/\/ubirataonline.com.br\/en\/wp-json\/wp\/v2\/users\/1"}],"replies":[{"embeddable":true,"href":"https:\/\/ubirataonline.com.br\/en\/wp-json\/wp\/v2\/comments?post=111437"}],"version-history":[{"count":0,"href":"https:\/\/ubirataonline.com.br\/en\/wp-json\/wp\/v2\/posts\/111437\/revisions"}],"wp:featuredmedia":[{"embeddable":true,"href":"https:\/\/ubirataonline.com.br\/en\/wp-json\/wp\/v2\/media\/111438"}],"wp:attachment":[{"href":"https:\/\/ubirataonline.com.br\/en\/wp-json\/wp\/v2\/media?parent=111437"}],"wp:term":[{"taxonomy":"category","embeddable":true,"href":"https:\/\/ubirataonline.com.br\/en\/wp-json\/wp\/v2\/categories?post=111437"},{"taxonomy":"post_tag","embeddable":true,"href":"https:\/\/ubirataonline.com.br\/en\/wp-json\/wp\/v2\/tags?post=111437"}],"curies":[{"name":"wp","href":"https:\/\/api.w.org\/{rel}","templated":true}]}}