{"id":111492,"date":"2026-04-18T23:39:40","date_gmt":"2026-04-19T02:39:40","guid":{"rendered":"https:\/\/ubirataonline.com.br\/america-vs-toluca-alineaciones-de-la-jornada-15\/"},"modified":"2026-04-18T23:39:44","modified_gmt":"2026-04-19T02:39:44","slug":"america-vs-toluca-alineaciones-de-la-jornada-15","status":"publish","type":"post","link":"https:\/\/ubirataonline.com.br\/en\/america-vs-toluca-alineaciones-de-la-jornada-15\/","title":{"rendered":"Am\u00e9rica vs Toluca: alineaciones de la Jornada 15"},"content":{"rendered":"<p><\/p>\n<div>\n<div class=\"article-meta\"><span class=\"timestamp\">18  de  abr, 2026, 22:33 ET<\/span><\/div>\n<h2>Despu\u00e9s de la eliminaci\u00f3n en Concacaf, Am\u00e9rica se concentra en la pelea por Liguilla y recibe a Toluca en busca de una victoria.<\/h2>\n<hr\/>\n<p><b><a href=\"https:\/\/espndeportes.espn.com\/futbol\/mexico\/nota?_slug_=america-andre-jardien-no-renunciara-fracaso-concacaf&amp;id=16576375\">Am\u00e9rica<\/a><\/b> recibe en esta Jornada 15 a <b>Toluca<\/b> en busca de una victoria que levante al equipo despu\u00e9s de un nuevo fracaso en la <b>Concacaf Champions Cup<\/b> y con la mente puesta en conseguir un boleto a la Liguilla del <b><a href=\"https:\/\/espndeportes.espn.com\/futbol\/mexico\/nota\/_\/id\/16524002\/liga-mx-equipos-posiciones-liguilla-al-momento-clausura-2026\">Torneo Clausura 2026.<\/a><\/b><\/p>\n<p>El conjunto azulcrema dej\u00f3 escapar importantes puntos en el duelo ante <b>Cruz Azul<\/b> en la fecha 14, un partido que termin\u00f3 con un empate de 1-1. Las \u00c1guilas requieren de una victoria en esta jornada para escapar de la presi\u00f3n de <b>Atlas<\/b> y <b><a href=\"https:\/\/espndeportes.espn.com\/futbol\/equipo\/_\/id\/228\/leon\">Le\u00f3n<\/a><\/b> en la tabla, dos equipos que ser\u00e1n sus \u00faltimos dos rivales en la Fase Regular.<\/p>\n<aside class=\"inline inline-photo full\">\n<figure><picture><source data-srcset=\"https:\/\/a4.espncdn.com\/combiner\/i?img=%2Fphoto%2F2026%2F0416%2Fr1644666_1296x729_16%2D9.jpg&amp;w=570&amp;format=jpg, https:\/\/a4.espncdn.com\/combiner\/i?img=%2Fphoto%2F2026%2F0416%2Fr1644666_1296x729_16%2D9.jpg&amp;w=1140&amp;cquality=40&amp;format=jpg 2x\" media=\"(min-width: 376px)\"><source data-srcset=\"https:\/\/a4.espncdn.com\/combiner\/i?img=%2Fphoto%2F2026%2F0416%2Fr1644666_1296x729_16%2D9.jpg&amp;w=375, https:\/\/a4.espncdn.com\/combiner\/i?img=%2Fphoto%2F2026%2F0416%2Fr1644666_1296x729_16%2D9.jpg&amp;w=750&amp;cquality=40&amp;format=jpg 2x\" media=\"(max-width: 375px)\"><img class=\"lazyload lazyload\" data-image-container=\".inline-photo\" height=\"320\" width=\"570\"\/><\/source><\/source><\/picture><figcaption class=\"photoCaption\">Am\u00e9rica pelea por un puesto en Liguilla con Atlas y Le\u00f3n pis\u00e1ndole los talones en la tabla general.\u00a0<cite>Imago7\/Manlio Contreras Reyes<\/cite><\/figcaption><\/figure>\n<\/aside>\n<p><b>Am\u00e9rica, Atlas<\/b> y <b>Le\u00f3n<\/b> empatan a 19 puntos en la clasificaci\u00f3n, al momento, la diferencia de goles es la que tiene a los de Copa en la s\u00e9ptima posici\u00f3n de la tabla general. Adem\u00e1s de luchar por entrar en Liguilla, el equipo dirigido por <b>Andr\u00e9 Jardine<\/b> llega a esta Jornada 15 despu\u00e9s de caer ante <b>Nashville<\/b> en la <b><a href=\"https:\/\/espndeportes.espn.com\/futbol\/norte-centro-america\/nota?_slug_=concacaf-champions-cup-2026-asi-quedan-semifinales-cruces-clasificados&amp;id=16542807\">Concacaf Champions Cup<\/a><\/b> y quedar eliminados en la fase de Cuartos de Final.<\/p>\n<aside class=\"inline editorial float-r\" data-behavior=\"article_related\">\n<h2 class=\"editorial-title\">Selecciones Editoriales<\/h2>\n<ul>\n<li><a name=\"&amp;lpos=story:editorspicks:inline:1\" href=\"https:\/\/espndeportes.espn.com\/futbol\/mexico\/nota\/_\/id\/16588898\/america-que-sabemos-adeudo-palmeiras-raphael-veiga\" class=\"img-link\"><\/a><\/li>\n<\/ul>\n<\/aside>\n<p><b>Toluca<\/b> pinta para ser un rival que complique m\u00e1s las cosas al <b>Am\u00e9rica<\/b>. Los Diablos Rojos ocupan la quinta posici\u00f3n de la tabla y con una victoria en esta fecha asegurar\u00eda su lugar en la Liguilla.<\/p>\n<p>Los actuales campeones de la <b><a href=\"https:\/\/espndeportes.espn.com\/futbol\/mexico\/nota?_slug_=mexicanos-hormiga-gonzalez-gil-mora-levantan-mano-mas-valiosos-liga-mx&amp;id=16552557\">Liga MX<\/a><\/b> llegan a la Jornada 15 despu\u00e9s de empatar por un marcador de 1-1 ante el <b>Atl\u00e9tico San<\/b> Luis en la fecha 14. Esta semana, <b><a href=\"https:\/\/espndeportes.espn.com\/futbol\/norte-centro-america\/nota?_slug_=galaxy-vs-toluca-champions-cup-2026-resultado-goles-resumen&amp;id=16581092\">Toluca<\/a><\/b> asegur\u00f3 su lugar en las semifinales de la <b>Concacaf Champions Cup<\/b> ganando con un global de 2-7 al <b>LA Galaxy.<\/b><\/p>\n<h2>Alineaciones de Am\u00e9rica vs Toluca<\/h2>\n<p><b><a href=\"https:\/\/espndeportes.espn.com\/futbol\/equipo\/_\/id\/227\/america\">Am\u00e9rica:<\/a><\/b> R. Cota; S. C\u00e1ceres, R. Ju\u00e1rez, I. Reyes, C. Borja; J. Dos Santos, I. Violante, R. Dourado; A. Zendejas, B. Rodr\u00edguez y R. Veiga.<\/p>\n<p><b><a href=\"https:\/\/espndeportes.espn.com\/futbol\/equipo\/_\/id\/223\/toluca\">Toluca:<\/a><\/b> L. Garc\u00eda; D. Barbosa, B. Mendez, E. L\u00f3pez, J.Gallardo; F. Romero; A. Vega, N. Castro, S. Sim\u00f3n; Paulinho, R. Angulo.<\/p>\n<h2>Fecha, horario y c\u00f3mo ver el partido<\/h2>\n<ul>\n<li>\n<p>Fecha: s\u00e1bado 18 de abril<\/p>\n<\/li>\n<li>\n<p>Horario: 9:00 pm CDMX | 11:00 pm E.T.<\/p>\n<\/li>\n<li>\n<p>Lugar: Estadio Ciudad de los Deportes<\/p>\n<\/li>\n<li>\n<p>\u00bfD\u00f3nde ver?: TUDN, ViX Premium, Canal Cinco en M\u00e9xico; CBS Sports en USA<\/p>\n<\/li>\n<\/ul>\n<h2>\u00daltimos cinco partidos entre Toluca y Am\u00e9rica<\/h2>\n<ul>\n<li>\n<p><b>Toluca<\/b> 2-0 Am\u00e9rica &#8211; Liga MX, noviembre 2025<\/p>\n<\/li>\n<li>\n<p>Am\u00e9rica 1-3 <b>Toluca<\/b> &#8211; Campe\u00f3n de Campeones, julio 2025<\/p>\n<\/li>\n<li>\n<p><b>Toluca<\/b> 2-0 Am\u00e9rica &#8211; Liga MX, mayo 2025<\/p>\n<\/li>\n<li>\n<p><b>Am\u00e9rica 0-0 Toluca<\/b> &#8211; Liga MX, mayo 20255<\/p>\n<\/li>\n<li>\n<p><b>Am\u00e9rica<\/b> 3-0 Toluca &#8211; Liga MX, marzo 2025<\/p>\n<\/li>\n<\/ul>\n<\/div>\n<p><a href=\"https:\/\/espndeportes.espn.com\/futbol\/mexico\/nota\/_\/id\/16583700\/america-va-toluca-alineaciones-jornada-15-clausura-2026-liga-mx\">Source link <\/a><\/p>","protected":false},"excerpt":{"rendered":"<p>18 de abr, 2026, 22:33 ET Despu\u00e9s de la eliminaci\u00f3n en Concacaf, Am\u00e9rica se concentra en la pelea por Liguilla y recibe a Toluca en busca de una victoria. Am\u00e9rica recibe en esta Jornada 15 a Toluca en busca de una victoria que levante al equipo despu\u00e9s de un nuevo fracaso en la Concacaf Champions [&hellip;]<\/p>\n","protected":false},"author":1,"featured_media":111493,"comment_status":"closed","ping_status":"","sticky":false,"template":"","format":"standard","meta":{"googlesitekit_rrm_CAow2JLhCw:productID":"","_gspb_post_css":"","maa_idioma":"","maa_pais":"","footnotes":""},"categories":[1],"tags":[6780,7626,4321,14428],"class_list":["post-111492","post","type-post","status-publish","format-standard","has-post-thumbnail","hentry","category-ubirata","tag-alineaciones","tag-america","tag-jornada","tag-toluca"],"blocksy_meta":[],"yoast_head":"<!-- This site is optimized with the Yoast SEO Premium plugin v27.6 (Yoast SEO v27.6) - https:\/\/yoast.com\/product\/yoast-seo-premium-wordpress\/ -->\n<title>Am\u00e9rica vs Toluca: alineaciones de la Jornada 15 - Ubirat\u00e3 Online Not\u00edcias - A realidade ao seu alcance!<\/title>\n<meta name=\"description\" content=\"18 de abr, 2026, 22:33 ETDespu\u00e9s de la eliminaci\u00f3n en Concacaf, Am\u00e9rica se concentra en la pelea por Liguilla y recibe a Toluca en busca de una\" \/>\n<meta name=\"robots\" content=\"index, follow, max-snippet:-1, max-image-preview:large, max-video-preview:-1\" \/>\n<link rel=\"canonical\" href=\"https:\/\/ubirataonline.com.br\/en\/america-vs-toluca-alineaciones-de-la-jornada-15\/\" \/>\n<meta property=\"og:locale\" content=\"en_US\" \/>\n<meta property=\"og:type\" content=\"article\" \/>\n<meta property=\"og:title\" content=\"Am\u00e9rica vs Toluca: alineaciones de la Jornada 15\" \/>\n<meta property=\"og:description\" content=\"18 de abr, 2026, 22:33 ETDespu\u00e9s de la eliminaci\u00f3n en Concacaf, Am\u00e9rica se concentra en la pelea por Liguilla y recibe a Toluca en busca de una\" \/>\n<meta property=\"og:url\" content=\"https:\/\/ubirataonline.com.br\/en\/america-vs-toluca-alineaciones-de-la-jornada-15\/\" \/>\n<meta property=\"og:site_name\" content=\"Ubirat\u00e3 Online Not\u00edcias - A realidade ao seu alcance!\" \/>\n<meta property=\"article:publisher\" content=\"https:\/\/www.facebook.com\/portalubirataonline\" \/>\n<meta property=\"article:author\" content=\"https:\/\/www.facebook.com\/portalubirataonline\" \/>\n<meta property=\"article:published_time\" content=\"2026-04-19T02:39:40+00:00\" \/>\n<meta property=\"article:modified_time\" content=\"2026-04-19T02:39:44+00:00\" \/>\n<meta property=\"og:image\" content=\"https:\/\/ubirataonline.com.br\/wp-content\/uploads\/2026\/04\/America-vs-Toluca-alineaciones-de-la-Jornada-15.jpeg\" \/>\n\t<meta property=\"og:image:width\" content=\"1296\" \/>\n\t<meta property=\"og:image:height\" content=\"730\" \/>\n\t<meta property=\"og:image:type\" content=\"image\/jpeg\" \/>\n<meta name=\"author\" content=\"REDA\u00c7\u00c3O: UBIRAT\u00c3 ONLINE - F\u00c1BIO AUGUSTO CELESTINO\" \/>\n<meta name=\"twitter:card\" content=\"summary_large_image\" \/>\n<meta name=\"twitter:creator\" content=\"@x.com\/ubirataonline\" \/>\n<meta name=\"twitter:site\" content=\"@ubirataonline\" \/>\n<meta name=\"twitter:label1\" content=\"Written by\" \/>\n\t<meta name=\"twitter:data1\" content=\"REDA\u00c7\u00c3O: UBIRAT\u00c3 ONLINE - F\u00c1BIO AUGUSTO CELESTINO\" \/>\n\t<meta name=\"twitter:label2\" content=\"Est. reading time\" \/>\n\t<meta name=\"twitter:data2\" content=\"2 minutes\" \/>\n<script type=\"application\/ld+json\" class=\"yoast-schema-graph\">{\"@context\":\"https:\\\/\\\/schema.org\",\"@graph\":[{\"@type\":\"NewsArticle\",\"@id\":\"https:\\\/\\\/ubirataonline.com.br\\\/america-vs-toluca-alineaciones-de-la-jornada-15\\\/#article\",\"isPartOf\":{\"@id\":\"https:\\\/\\\/ubirataonline.com.br\\\/america-vs-toluca-alineaciones-de-la-jornada-15\\\/\"},\"author\":{\"name\":\"REDA\u00c7\u00c3O: UBIRAT\u00c3 ONLINE - F\u00c1BIO AUGUSTO CELESTINO\",\"@id\":\"https:\\\/\\\/ubirataonline.com.br\\\/#\\\/schema\\\/person\\\/372f87bbd3fdd79b8556b84c98d0bc1c\"},\"headline\":\"Am\u00e9rica vs Toluca: alineaciones de la Jornada 15\",\"datePublished\":\"2026-04-19T02:39:40+00:00\",\"dateModified\":\"2026-04-19T02:39:44+00:00\",\"mainEntityOfPage\":{\"@id\":\"https:\\\/\\\/ubirataonline.com.br\\\/america-vs-toluca-alineaciones-de-la-jornada-15\\\/\"},\"wordCount\":488,\"publisher\":{\"@id\":\"https:\\\/\\\/ubirataonline.com.br\\\/#organization\"},\"image\":{\"@id\":\"https:\\\/\\\/ubirataonline.com.br\\\/america-vs-toluca-alineaciones-de-la-jornada-15\\\/#primaryimage\"},\"thumbnailUrl\":\"https:\\\/\\\/ubirataonline.com.br\\\/wp-content\\\/uploads\\\/2026\\\/04\\\/America-vs-Toluca-alineaciones-de-la-Jornada-15.jpeg\",\"keywords\":[\"alineaciones\",\"Am\u00e9rica\",\"jornada\",\"Toluca\"],\"articleSection\":[\"Ubirat\u00e3\"],\"inLanguage\":\"en-US\",\"copyrightYear\":\"2026\",\"copyrightHolder\":{\"@id\":\"https:\\\/\\\/ubirataonline.com.br\\\/en\\\/#organization\"}},{\"@type\":\"WebPage\",\"@id\":\"https:\\\/\\\/ubirataonline.com.br\\\/america-vs-toluca-alineaciones-de-la-jornada-15\\\/\",\"url\":\"https:\\\/\\\/ubirataonline.com.br\\\/america-vs-toluca-alineaciones-de-la-jornada-15\\\/\",\"name\":\"Am\u00e9rica vs Toluca: alineaciones de la Jornada 15 - Ubirat\u00e3 Online Not\u00edcias - A realidade ao seu alcance!\",\"isPartOf\":{\"@id\":\"https:\\\/\\\/ubirataonline.com.br\\\/#website\"},\"primaryImageOfPage\":{\"@id\":\"https:\\\/\\\/ubirataonline.com.br\\\/america-vs-toluca-alineaciones-de-la-jornada-15\\\/#primaryimage\"},\"image\":{\"@id\":\"https:\\\/\\\/ubirataonline.com.br\\\/america-vs-toluca-alineaciones-de-la-jornada-15\\\/#primaryimage\"},\"thumbnailUrl\":\"https:\\\/\\\/ubirataonline.com.br\\\/wp-content\\\/uploads\\\/2026\\\/04\\\/America-vs-Toluca-alineaciones-de-la-Jornada-15.jpeg\",\"datePublished\":\"2026-04-19T02:39:40+00:00\",\"dateModified\":\"2026-04-19T02:39:44+00:00\",\"description\":\"18 de abr, 2026, 22:33 ETDespu\u00e9s de la eliminaci\u00f3n en Concacaf, Am\u00e9rica se concentra en la pelea por Liguilla y recibe a Toluca en busca de una\",\"breadcrumb\":{\"@id\":\"https:\\\/\\\/ubirataonline.com.br\\\/america-vs-toluca-alineaciones-de-la-jornada-15\\\/#breadcrumb\"},\"inLanguage\":\"en-US\",\"potentialAction\":[{\"@type\":\"ReadAction\",\"target\":[\"https:\\\/\\\/ubirataonline.com.br\\\/america-vs-toluca-alineaciones-de-la-jornada-15\\\/\"]}]},{\"@type\":\"ImageObject\",\"inLanguage\":\"en-US\",\"@id\":\"https:\\\/\\\/ubirataonline.com.br\\\/america-vs-toluca-alineaciones-de-la-jornada-15\\\/#primaryimage\",\"url\":\"https:\\\/\\\/ubirataonline.com.br\\\/wp-content\\\/uploads\\\/2026\\\/04\\\/America-vs-Toluca-alineaciones-de-la-Jornada-15.jpeg\",\"contentUrl\":\"https:\\\/\\\/ubirataonline.com.br\\\/wp-content\\\/uploads\\\/2026\\\/04\\\/America-vs-Toluca-alineaciones-de-la-Jornada-15.jpeg\",\"width\":1296,\"height\":730,\"caption\":\"Am\u00e9rica tendr\u00eda hasta 10 bajas en el verano (4:35)A falta de tres jornadas del Clausura 2026, Am\u00e9rica ya piensa en hacer una limpia y reestructurar al plantel. (4:35)\"},{\"@type\":\"BreadcrumbList\",\"@id\":\"https:\\\/\\\/ubirataonline.com.br\\\/america-vs-toluca-alineaciones-de-la-jornada-15\\\/#breadcrumb\",\"itemListElement\":[{\"@type\":\"ListItem\",\"position\":1,\"name\":\"In\u00edcio\",\"item\":\"https:\\\/\\\/ubirataonline.com.br\\\/\"},{\"@type\":\"ListItem\",\"position\":2,\"name\":\"Am\u00e9rica vs Toluca: alineaciones de la Jornada 15\"}]},{\"@type\":\"WebSite\",\"@id\":\"https:\\\/\\\/ubirataonline.com.br\\\/#website\",\"url\":\"https:\\\/\\\/ubirataonline.com.br\\\/\",\"name\":\"Ubirat\u00e3 Online Not\u00edcias\",\"description\":\"Not\u00edcias de Ubirat\u00e3, regi\u00e3o, Brasil e mundo, com informa\u00e7\u00e3o atualizada e compromisso com o leitor.\",\"publisher\":{\"@id\":\"https:\\\/\\\/ubirataonline.com.br\\\/#organization\"},\"alternateName\":\"Ubirat\u00e3 Online\",\"potentialAction\":[{\"@type\":\"SearchAction\",\"target\":{\"@type\":\"EntryPoint\",\"urlTemplate\":\"https:\\\/\\\/ubirataonline.com.br\\\/?s={search_term_string}\"},\"query-input\":{\"@type\":\"PropertyValueSpecification\",\"valueRequired\":true,\"valueName\":\"search_term_string\"}}],\"inLanguage\":\"en-US\"},{\"@type\":[\"Organization\",\"Place\"],\"@id\":\"https:\\\/\\\/ubirataonline.com.br\\\/#organization\",\"name\":\"Ubirat\u00e3 Online Not\u00edcias\",\"alternateName\":\"Ubirat\u00e3 Online\",\"url\":\"https:\\\/\\\/ubirataonline.com.br\\\/\",\"logo\":{\"@id\":\"https:\\\/\\\/ubirataonline.com.br\\\/america-vs-toluca-alineaciones-de-la-jornada-15\\\/#local-main-organization-logo\"},\"image\":{\"@id\":\"https:\\\/\\\/ubirataonline.com.br\\\/america-vs-toluca-alineaciones-de-la-jornada-15\\\/#local-main-organization-logo\"},\"sameAs\":[\"https:\\\/\\\/www.facebook.com\\\/portalubirataonline\",\"https:\\\/\\\/x.com\\\/ubirataonline\",\"https:\\\/\\\/mastodon.social\\\/@ubirataonline\",\"https:\\\/\\\/www.facebook.com\\\/groups\\\/311144672285604\",\"https:\\\/\\\/www.facebook.com\\\/UBTAOnline\",\"https:\\\/\\\/www.instagram.com\\\/portalubirataonline\\\/\",\"https:\\\/\\\/twitter.com\\\/ubirataonline\"],\"description\":\"Somos um portal de not\u00edcias independente, criado em 5 de janeiro de 2009, com o objetivo de informar, conectar e valorizar a nossa comunidade de Ubirat\u00e3 e toda aregi\u00e3o. Com conte\u00fado atualizado, confi\u00e1vel e relevante, o Ubirat\u00e3 Online \u00e9 o seu espa\u00e7o para ficar por dentro dos principais acontecimentos locais, regionais, Brasil, Mundo e de interesse geral. Nosso compromisso \u00e9 com a verdade, a transpar\u00eancia e o respeito ao leitor.\",\"legalName\":\"UBIRATA ONLINE NOT\u00cdCIAS\",\"foundingDate\":\"2009-01-05\",\"numberOfEmployees\":{\"@type\":\"QuantitativeValue\",\"minValue\":\"1\",\"maxValue\":\"10\"},\"publishingPrinciples\":\"https:\\\/\\\/ubirataonline.com.br\\\/faq\\\/\",\"address\":{\"@id\":\"https:\\\/\\\/ubirataonline.com.br\\\/america-vs-toluca-alineaciones-de-la-jornada-15\\\/#local-main-place-address\"},\"geo\":{\"@type\":\"GeoCoordinates\",\"latitude\":\"-24.5361401\",\"longitude\":\"-52.9921776\"},\"telephone\":[\"+5544998308235\"],\"contactPoint\":{\"@type\":\"ContactPoint\",\"email\":\"contato@ubirataonline.com.br\"},\"openingHoursSpecification\":{\"@type\":\"OpeningHoursSpecification\",\"dayOfWeek\":[\"Monday\",\"Tuesday\",\"Wednesday\",\"Thursday\",\"Friday\",\"Saturday\",\"Sunday\"],\"opens\":\"00:00\",\"closes\":\"23:59\"},\"email\":\"contato@ubirataonline.com.br\",\"vatID\":\"47.621.418\\\/0001-80\"},{\"@type\":\"Person\",\"@id\":\"https:\\\/\\\/ubirataonline.com.br\\\/#\\\/schema\\\/person\\\/372f87bbd3fdd79b8556b84c98d0bc1c\",\"name\":\"REDA\u00c7\u00c3O: UBIRAT\u00c3 ONLINE - F\u00c1BIO AUGUSTO CELESTINO\",\"pronouns\":\"Ele\",\"description\":\"Desde 2003 trabalhando com not\u00edcias.\",\"sameAs\":[\"http:\\\/\\\/ubirataoline.com.br\",\"https:\\\/\\\/www.facebook.com\\\/portalubirataonline\",\"https:\\\/\\\/www.instagram.com\\\/ubirataonline_oficial\",\"https:\\\/\\\/x.com\\\/x.com\\\/ubirataonline\"],\"honorificPrefix\":\"Mr.\",\"honorificSuffix\":\"MD\",\"birthDate\":\"1980-06-16\",\"gender\":\"masculino\",\"award\":[\"V\u00e1rios pr\u00eamios de melhor portal da cidade\"],\"jobTitle\":\"Diretor\",\"url\":\"https:\\\/\\\/ubirataonline.com.br\\\/en\\\/author\\\/ubirataonline\\\/\"},{\"@type\":\"PostalAddress\",\"@id\":\"https:\\\/\\\/ubirataonline.com.br\\\/america-vs-toluca-alineaciones-de-la-jornada-15\\\/#local-main-place-address\",\"streetAddress\":\"Rua dos Coqueiros, 104 - Bairro Boa Vista, Rua dos Coqueiros, 104 Bairro Boa Vista\",\"addressLocality\":\"UBIRATA\",\"postalCode\":\"85440-000\",\"addressRegion\":\"PR\",\"addressCountry\":\"BR\"},{\"@type\":\"ImageObject\",\"inLanguage\":\"en-US\",\"@id\":\"https:\\\/\\\/ubirataonline.com.br\\\/america-vs-toluca-alineaciones-de-la-jornada-15\\\/#local-main-organization-logo\",\"url\":\"https:\\\/\\\/ubirataonline.com.br\\\/wp-content\\\/uploads\\\/2026\\\/06\\\/logoubirataonline-1.webp\",\"contentUrl\":\"https:\\\/\\\/ubirataonline.com.br\\\/wp-content\\\/uploads\\\/2026\\\/06\\\/logoubirataonline-1.webp\",\"width\":500,\"height\":500,\"caption\":\"Ubirat\u00e3 Online Not\u00edcias\"}]}<\/script>\n<meta name=\"geo.placename\" content=\"UBIRATA\" \/>\n<meta name=\"geo.position\" content=\"-24.5361401;-52.9921776\" \/>\n<meta name=\"geo.region\" content=\"Brazil\" \/>\n<!-- \/ Yoast SEO Premium plugin. -->","yoast_head_json":{"title":"Am\u00e9rica vs Toluca: alineaciones de la Jornada 15 - Ubirat\u00e3 Online Not\u00edcias - A realidade ao seu alcance!","description":"18 de abr, 2026, 22:33 ETDespu\u00e9s de la eliminaci\u00f3n en Concacaf, Am\u00e9rica se concentra en la pelea por Liguilla y recibe a Toluca en busca de una","robots":{"index":"index","follow":"follow","max-snippet":"max-snippet:-1","max-image-preview":"max-image-preview:large","max-video-preview":"max-video-preview:-1"},"canonical":"https:\/\/ubirataonline.com.br\/en\/america-vs-toluca-alineaciones-de-la-jornada-15\/","og_locale":"en_US","og_type":"article","og_title":"Am\u00e9rica vs Toluca: alineaciones de la Jornada 15","og_description":"18 de abr, 2026, 22:33 ETDespu\u00e9s de la eliminaci\u00f3n en Concacaf, Am\u00e9rica se concentra en la pelea por Liguilla y recibe a Toluca en busca de una","og_url":"https:\/\/ubirataonline.com.br\/en\/america-vs-toluca-alineaciones-de-la-jornada-15\/","og_site_name":"Ubirat\u00e3 Online Not\u00edcias - A realidade ao seu alcance!","article_publisher":"https:\/\/www.facebook.com\/portalubirataonline","article_author":"https:\/\/www.facebook.com\/portalubirataonline","article_published_time":"2026-04-19T02:39:40+00:00","article_modified_time":"2026-04-19T02:39:44+00:00","og_image":[{"width":1296,"height":730,"url":"https:\/\/ubirataonline.com.br\/wp-content\/uploads\/2026\/04\/America-vs-Toluca-alineaciones-de-la-Jornada-15.jpeg","type":"image\/jpeg"}],"author":"REDA\u00c7\u00c3O: UBIRAT\u00c3 ONLINE - F\u00c1BIO AUGUSTO CELESTINO","twitter_card":"summary_large_image","twitter_creator":"@x.com\/ubirataonline","twitter_site":"@ubirataonline","twitter_misc":{"Written by":"REDA\u00c7\u00c3O: UBIRAT\u00c3 ONLINE - F\u00c1BIO AUGUSTO CELESTINO","Est. reading time":"2 minutes"},"schema":{"@context":"https:\/\/schema.org","@graph":[{"@type":"NewsArticle","@id":"https:\/\/ubirataonline.com.br\/america-vs-toluca-alineaciones-de-la-jornada-15\/#article","isPartOf":{"@id":"https:\/\/ubirataonline.com.br\/america-vs-toluca-alineaciones-de-la-jornada-15\/"},"author":{"name":"REDA\u00c7\u00c3O: UBIRAT\u00c3 ONLINE - F\u00c1BIO AUGUSTO CELESTINO","@id":"https:\/\/ubirataonline.com.br\/#\/schema\/person\/372f87bbd3fdd79b8556b84c98d0bc1c"},"headline":"Am\u00e9rica vs Toluca: alineaciones de la Jornada 15","datePublished":"2026-04-19T02:39:40+00:00","dateModified":"2026-04-19T02:39:44+00:00","mainEntityOfPage":{"@id":"https:\/\/ubirataonline.com.br\/america-vs-toluca-alineaciones-de-la-jornada-15\/"},"wordCount":488,"publisher":{"@id":"https:\/\/ubirataonline.com.br\/#organization"},"image":{"@id":"https:\/\/ubirataonline.com.br\/america-vs-toluca-alineaciones-de-la-jornada-15\/#primaryimage"},"thumbnailUrl":"https:\/\/ubirataonline.com.br\/wp-content\/uploads\/2026\/04\/America-vs-Toluca-alineaciones-de-la-Jornada-15.jpeg","keywords":["alineaciones","Am\u00e9rica","jornada","Toluca"],"articleSection":["Ubirat\u00e3"],"inLanguage":"en-US","copyrightYear":"2026","copyrightHolder":{"@id":"https:\/\/ubirataonline.com.br\/en\/#organization"}},{"@type":"WebPage","@id":"https:\/\/ubirataonline.com.br\/america-vs-toluca-alineaciones-de-la-jornada-15\/","url":"https:\/\/ubirataonline.com.br\/america-vs-toluca-alineaciones-de-la-jornada-15\/","name":"Am\u00e9rica vs Toluca: alineaciones de la Jornada 15 - Ubirat\u00e3 Online Not\u00edcias - A realidade ao seu alcance!","isPartOf":{"@id":"https:\/\/ubirataonline.com.br\/#website"},"primaryImageOfPage":{"@id":"https:\/\/ubirataonline.com.br\/america-vs-toluca-alineaciones-de-la-jornada-15\/#primaryimage"},"image":{"@id":"https:\/\/ubirataonline.com.br\/america-vs-toluca-alineaciones-de-la-jornada-15\/#primaryimage"},"thumbnailUrl":"https:\/\/ubirataonline.com.br\/wp-content\/uploads\/2026\/04\/America-vs-Toluca-alineaciones-de-la-Jornada-15.jpeg","datePublished":"2026-04-19T02:39:40+00:00","dateModified":"2026-04-19T02:39:44+00:00","description":"18 de abr, 2026, 22:33 ETDespu\u00e9s de la eliminaci\u00f3n en Concacaf, Am\u00e9rica se concentra en la pelea por Liguilla y recibe a Toluca en busca de una","breadcrumb":{"@id":"https:\/\/ubirataonline.com.br\/america-vs-toluca-alineaciones-de-la-jornada-15\/#breadcrumb"},"inLanguage":"en-US","potentialAction":[{"@type":"ReadAction","target":["https:\/\/ubirataonline.com.br\/america-vs-toluca-alineaciones-de-la-jornada-15\/"]}]},{"@type":"ImageObject","inLanguage":"en-US","@id":"https:\/\/ubirataonline.com.br\/america-vs-toluca-alineaciones-de-la-jornada-15\/#primaryimage","url":"https:\/\/ubirataonline.com.br\/wp-content\/uploads\/2026\/04\/America-vs-Toluca-alineaciones-de-la-Jornada-15.jpeg","contentUrl":"https:\/\/ubirataonline.com.br\/wp-content\/uploads\/2026\/04\/America-vs-Toluca-alineaciones-de-la-Jornada-15.jpeg","width":1296,"height":730,"caption":"Am\u00e9rica tendr\u00eda hasta 10 bajas en el verano (4:35)A falta de tres jornadas del Clausura 2026, Am\u00e9rica ya piensa en hacer una limpia y reestructurar al plantel. (4:35)"},{"@type":"BreadcrumbList","@id":"https:\/\/ubirataonline.com.br\/america-vs-toluca-alineaciones-de-la-jornada-15\/#breadcrumb","itemListElement":[{"@type":"ListItem","position":1,"name":"In\u00edcio","item":"https:\/\/ubirataonline.com.br\/"},{"@type":"ListItem","position":2,"name":"Am\u00e9rica vs Toluca: alineaciones de la Jornada 15"}]},{"@type":"WebSite","@id":"https:\/\/ubirataonline.com.br\/#website","url":"https:\/\/ubirataonline.com.br\/","name":"Ubirat\u00e3 Online Not\u00edcias","description":"Not\u00edcias de Ubirat\u00e3, regi\u00e3o, Brasil e mundo, com informa\u00e7\u00e3o atualizada e compromisso com o leitor.","publisher":{"@id":"https:\/\/ubirataonline.com.br\/#organization"},"alternateName":"Ubirat\u00e3 Online","potentialAction":[{"@type":"SearchAction","target":{"@type":"EntryPoint","urlTemplate":"https:\/\/ubirataonline.com.br\/?s={search_term_string}"},"query-input":{"@type":"PropertyValueSpecification","valueRequired":true,"valueName":"search_term_string"}}],"inLanguage":"en-US"},{"@type":["Organization","Place"],"@id":"https:\/\/ubirataonline.com.br\/#organization","name":"Ubirat\u00e3 Online Not\u00edcias","alternateName":"Ubirat\u00e3 Online","url":"https:\/\/ubirataonline.com.br\/","logo":{"@id":"https:\/\/ubirataonline.com.br\/america-vs-toluca-alineaciones-de-la-jornada-15\/#local-main-organization-logo"},"image":{"@id":"https:\/\/ubirataonline.com.br\/america-vs-toluca-alineaciones-de-la-jornada-15\/#local-main-organization-logo"},"sameAs":["https:\/\/www.facebook.com\/portalubirataonline","https:\/\/x.com\/ubirataonline","https:\/\/mastodon.social\/@ubirataonline","https:\/\/www.facebook.com\/groups\/311144672285604","https:\/\/www.facebook.com\/UBTAOnline","https:\/\/www.instagram.com\/portalubirataonline\/","https:\/\/twitter.com\/ubirataonline"],"description":"Somos um portal de not\u00edcias independente, criado em 5 de janeiro de 2009, com o objetivo de informar, conectar e valorizar a nossa comunidade de Ubirat\u00e3 e toda aregi\u00e3o. Com conte\u00fado atualizado, confi\u00e1vel e relevante, o Ubirat\u00e3 Online \u00e9 o seu espa\u00e7o para ficar por dentro dos principais acontecimentos locais, regionais, Brasil, Mundo e de interesse geral. Nosso compromisso \u00e9 com a verdade, a transpar\u00eancia e o respeito ao leitor.","legalName":"UBIRATA ONLINE NOT\u00cdCIAS","foundingDate":"2009-01-05","numberOfEmployees":{"@type":"QuantitativeValue","minValue":"1","maxValue":"10"},"publishingPrinciples":"https:\/\/ubirataonline.com.br\/faq\/","address":{"@id":"https:\/\/ubirataonline.com.br\/america-vs-toluca-alineaciones-de-la-jornada-15\/#local-main-place-address"},"geo":{"@type":"GeoCoordinates","latitude":"-24.5361401","longitude":"-52.9921776"},"telephone":["+5544998308235"],"contactPoint":{"@type":"ContactPoint","email":"contato@ubirataonline.com.br"},"openingHoursSpecification":{"@type":"OpeningHoursSpecification","dayOfWeek":["Monday","Tuesday","Wednesday","Thursday","Friday","Saturday","Sunday"],"opens":"00:00","closes":"23:59"},"email":"contato@ubirataonline.com.br","vatID":"47.621.418\/0001-80"},{"@type":"Person","@id":"https:\/\/ubirataonline.com.br\/#\/schema\/person\/372f87bbd3fdd79b8556b84c98d0bc1c","name":"REDA\u00c7\u00c3O: UBIRAT\u00c3 ONLINE - F\u00c1BIO AUGUSTO CELESTINO","pronouns":"Ele","description":"Desde 2003 trabalhando com not\u00edcias.","sameAs":["http:\/\/ubirataoline.com.br","https:\/\/www.facebook.com\/portalubirataonline","https:\/\/www.instagram.com\/ubirataonline_oficial","https:\/\/x.com\/x.com\/ubirataonline"],"honorificPrefix":"Mr.","honorificSuffix":"MD","birthDate":"1980-06-16","gender":"masculino","award":["V\u00e1rios pr\u00eamios de melhor portal da cidade"],"jobTitle":"Diretor","url":"https:\/\/ubirataonline.com.br\/en\/author\/ubirataonline\/"},{"@type":"PostalAddress","@id":"https:\/\/ubirataonline.com.br\/america-vs-toluca-alineaciones-de-la-jornada-15\/#local-main-place-address","streetAddress":"Rua dos Coqueiros, 104 - Bairro Boa Vista, Rua dos Coqueiros, 104 Bairro Boa Vista","addressLocality":"UBIRATA","postalCode":"85440-000","addressRegion":"PR","addressCountry":"BR"},{"@type":"ImageObject","inLanguage":"en-US","@id":"https:\/\/ubirataonline.com.br\/america-vs-toluca-alineaciones-de-la-jornada-15\/#local-main-organization-logo","url":"https:\/\/ubirataonline.com.br\/wp-content\/uploads\/2026\/06\/logoubirataonline-1.webp","contentUrl":"https:\/\/ubirataonline.com.br\/wp-content\/uploads\/2026\/06\/logoubirataonline-1.webp","width":500,"height":500,"caption":"Ubirat\u00e3 Online Not\u00edcias"}]},"geo.placename":"UBIRATA","geo.position":{"lat":"-24.5361401","long":"-52.9921776"},"geo.region":"Brazil"},"_links":{"self":[{"href":"https:\/\/ubirataonline.com.br\/en\/wp-json\/wp\/v2\/posts\/111492","targetHints":{"allow":["GET"]}}],"collection":[{"href":"https:\/\/ubirataonline.com.br\/en\/wp-json\/wp\/v2\/posts"}],"about":[{"href":"https:\/\/ubirataonline.com.br\/en\/wp-json\/wp\/v2\/types\/post"}],"author":[{"embeddable":true,"href":"https:\/\/ubirataonline.com.br\/en\/wp-json\/wp\/v2\/users\/1"}],"replies":[{"embeddable":true,"href":"https:\/\/ubirataonline.com.br\/en\/wp-json\/wp\/v2\/comments?post=111492"}],"version-history":[{"count":0,"href":"https:\/\/ubirataonline.com.br\/en\/wp-json\/wp\/v2\/posts\/111492\/revisions"}],"wp:featuredmedia":[{"embeddable":true,"href":"https:\/\/ubirataonline.com.br\/en\/wp-json\/wp\/v2\/media\/111493"}],"wp:attachment":[{"href":"https:\/\/ubirataonline.com.br\/en\/wp-json\/wp\/v2\/media?parent=111492"}],"wp:term":[{"taxonomy":"category","embeddable":true,"href":"https:\/\/ubirataonline.com.br\/en\/wp-json\/wp\/v2\/categories?post=111492"},{"taxonomy":"post_tag","embeddable":true,"href":"https:\/\/ubirataonline.com.br\/en\/wp-json\/wp\/v2\/tags?post=111492"}],"curies":[{"name":"wp","href":"https:\/\/api.w.org\/{rel}","templated":true}]}}