{"id":111581,"date":"2026-04-19T02:02:40","date_gmt":"2026-04-19T05:02:40","guid":{"rendered":"https:\/\/ubirataonline.com.br\/domingo-19-de-abril-de-2026\/"},"modified":"2026-04-19T02:02:43","modified_gmt":"2026-04-19T05:02:43","slug":"domingo-19-de-abril-de-2026","status":"publish","type":"post","link":"https:\/\/ubirataonline.com.br\/en\/domingo-19-de-abril-de-2026\/","title":{"rendered":"domingo, 19 de abril de 2026"},"content":{"rendered":"<p><\/p>\n<div id=\"mvp-content-main\" itemprop=\"articleBody\">\n<div id=\"mvp-post-feat-img\" class=\"left relative\" itemprop=\"image\" itemscope=\"\" itemtype=\"https:\/\/schema.org\/ImageObject\">\n\t\t\t\t\t\t\t\t\t\t\t\t\t\t\t\t\t\t\t\t\t\t\t\t\t\t\t\t\t\t\t\t\t\t\t\t\t\t\t\t\t\t<meta itemprop=\"url\" content=\"https:\/\/www.olimpiadatododia.com.br\/wp-content\/uploads\/2026\/04\/FOTO-SITE-2026-04-11T200901.610-1000x600.png\"\/><br \/>\n\t\t\t\t\t\t\t\t\t\t\t\t\t\t<meta itemprop=\"width\" content=\"1000\"\/><br \/>\n\t\t\t\t\t\t\t\t\t\t\t\t\t\t<meta itemprop=\"height\" content=\"600\"\/>\n\t\t\t\t\t\t\t\t\t\t\t\t\t<\/div>\n<p><!--mvp-post-feat-img--><br \/>\n\t\t\t\t\t\t\t\t\t\t\t\t\t\t\t\t\t\t\t\t\t\t\t\t\t\t\t<span class=\"mvp-feat-caption\">Gabi Guimar\u00e3es pode ser campe\u00e3 neste domingo na It\u00e1lia (Foto: foto Rubin\/LVF)<\/span><\/p>\n<p id=\"h-o-domingo-19-reune-uma-agenda-esportiva-cheia-para-o-brasil-com-destaque-para-o-campeonato-pan-americano-de-judo-para-a-final-de-joao-lucas-reis-da-silva-no-challenger-de-tallahassee-e-tambem-para-a-possibilidade-de-titulo-de-gabi-guimaraes-no-campeonato-italiano-de-volei-o-conegliano-lidera-a-serie-final-contra-o-vero-volley-por-2-a-0-e-pode-fechar-a-decisao-neste-domingo\">O domingo (19) re\u00fane uma agenda esportiva cheia para o Brasil, com destaque para o <strong>Campeonato Pan-Americano de jud\u00f4<\/strong>, para a <strong>final de Jo\u00e3o Lucas Reis da Silva no Challenger de Tallahassee<\/strong> e tamb\u00e9m para a possibilidade de <strong>t\u00edtulo de Gabi Guimar\u00e3es no Campeonato Italiano de v\u00f4lei<\/strong>. O Conegliano lidera a s\u00e9rie final contra o Vero Volley por 2 a 0 e pode fechar a decis\u00e3o neste domingo.<\/p>\n<p>No surfe, a etapa de <strong>Margaret River<\/strong> segue com brasileiros nas oitavas e Luana Silva nas quartas de final femininas. O dia ainda tem finais no <strong>parabadminton<\/strong> da Tch\u00e9quia, disputa de bronze do Brasil no <strong>Sul-Americano Sub-17<\/strong>, semifinais no <strong>flag football<\/strong> dos Jogos Sul-Americanos da Juventude e uma programa\u00e7\u00e3o extensa no r\u00fagbi, no t\u00eanis de mesa paral\u00edmpico e no v\u00f4lei internacional.<\/p>\n<p>Confira a agenda completa deste domingo com atletas brasileiros em a\u00e7\u00e3o:<\/p>\n<div class=\"wp-block-yoast-seo-table-of-contents yoast-table-of-contents\">\n<h2>Agenda esportiva do Brasil: domingo, 19 de abril de 2026<\/h2>\n<\/div>\n<h3 class=\"wp-block-heading\" id=\"h-badminton\">&#x1f3f8; Badminton<\/h3>\n<p>Internacional de Malta<br \/>6h \u2013 Ygor Coelho (BRA) x Mikolaj Szymanowski (POL) \u2013 Semifinal<\/p>\n<h3 class=\"wp-block-heading\" id=\"h-basquete\">&#x1f3c0; Basquete<\/h3>\n<p>&#x1f1ef;&#x1f1f5; Campeonato Japon\u00eas masculino<br \/>02:05 \u2014 Yokohama x Sun Rockers Shibuya (Didi Louzada)<\/p>\n<p>&#x1f1f1;&#x1f1f9; Campeonato Lituano feminino \u2013 Playoffs<br \/>08:05 \u2014 Kibirkstis Vilnius x Klaipedos Neptunas (Alana Gon\u00e7alo)<\/p>\n<p>&#x1f1f5;&#x1f1f9; Campeonato Portugu\u00eas feminino \u2013 Playoffs<br \/>10:30 \u2014 Barcelos x Benfica (Let\u00edcia Soares, Emanuely de Oliveira)<\/p>\n<p>&#x1f1e7;&#x1f1f7; LBF<br \/>11:00 \u2014 SESI Araraquara x Santo Andr\u00e9<br \/>17:00 \u2014 Cerrado x Sampaio<\/p>\n<p>&#x1f1ee;&#x1f1f9; Campeonato Italiano masculino<br \/>11:00 \u2014 Tortona x Virtus Bologna (Yago Santos)<\/p>\n<p>&#x1f1ea;&#x1f1f8; Campeonato Espanhol masculino<br \/>12:00 \u2014 San Pablo Burgos (Raulzinho, Leo Meindl) x Breogan<br \/>14:00 \u2014 Real Madrid x Tenerife (Marcelinho Huertas)<\/p>\n<p>&#x1f1f9;&#x1f1f7; Campeonato Turco masculino<br \/>12:00 \u2014 Petkim Spor x Manisa (M\u00e3ozinha)<\/p>\n<p>&#x1f1fa;&#x1f1f8; NBA \u2013 Playoffs<br \/>22:00 \u2014 San Antonio Spurs x Portland Trail Blazers (t\u00e9cnico: Tiago Splitter)<\/p>\n<h3 class=\"wp-block-heading\" id=\"h-ciclismo-estrada\">&#x1f6b4; Ciclismo Estrada<\/h3>\n<p>Gold Race Ladies<br \/>Etapa \u00danica \u2013 Maastricht \u203a Valkenburg \u2013 158,1 km<br \/>6h13 \u2013 Ana Vit\u00f3ria Magalh\u00e3es \u2013 Movistar Team<\/p>\n<h3 class=\"wp-block-heading\" id=\"h-ciclismo-mtb\">&#x1f6b5; Ciclismo MTB<\/h3>\n<p>Campeonato Pan-Americano<br \/>9h \u2013 Luiza Cocuzzi e Gabriela Ferolla \u2013 Cross-Country Ol\u00edmpico Sub-23 Feminino<br \/>11h \u2013 Eiki Leoncio e Vinicius Howe \u2013 Cross-Country Ol\u00edmpico Sub-23 Feminino<br \/>13h \u2013 Karen Olimpio, Raiza Goul\u00e3o e Giuliana Morgen \u2013 Cross-Country Ol\u00edmpico Elite Feminino<br \/>15h \u2013 Ulan Galinski, Alex Malacarne e Gustavo Xavier \u2013 Cross-Country Ol\u00edmpico Elite Masculino<\/p>\n<h3 class=\"wp-block-heading\" id=\"h-escalada\">&#x1f9d7; Escalada<\/h3>\n<p>Campeonato Brasileiro de Boulder<br \/>10h \u2013 Semifinal Masculino<br \/>17h \u2013 Final Masculino<\/p>\n<h3 class=\"wp-block-heading\" id=\"h-esgrima\">&#x1f93a; Esgrima<\/h3>\n<p>Etapa do Cairo da Copa do Mundo de Florete<br \/>3h30 \u2013 Brasil x Taipei \u2013 Feminino (Bia Bulc\u00e3o, Mariana Pistoia e Ana Toldo) \u2013 Rodada dos 64<br \/>3h30 \u2013 Brasil x Gr\u00e3 Bretanha \u2013 Masculino (Dominic de Almeida, Lorenzo Mion, Paulo Morais e Guilherme Toldo) \u2013 Rodada dos 64<br \/>4h30 \u2013 Rodada dos 32<br \/>A seguir \u2013 Oitavas de Final<br \/>A seguir \u2013 Quartas de Final<br \/>10h30 \u2013 Semifinal<br \/>14h \u2013 Final<\/p>\n<p>Grand Prix de Budapeste de Espada<br \/>5h \u2013 Vit\u00f3ria Vizeu (BRA) x Alessandra Bozza (ITA) \u2013 Rodada dos 64<br \/>7h30 \u2013 Rodada dos 32<br \/>9h30 \u2013 Oitavas de Final<br \/>11h \u2013 Quartas de Final<br \/>13h \u2013 Semifinal<br \/>14h \u2013 Final<\/p>\n<p>Jogos Sul-Americanos da Juventude<br \/>15h \u2013 Argentina x Brasil \u2013 Semifinal masculina<br \/>16h15 \u2013 Venezuela x Brasil \u2013 Semifinal feminina<br \/>17h30 \u2013 Bronze feminino<br \/>18h45 \u2013 Final masculina<br \/>20h \u2013 Panam\u00e1 x (vencedor de Brasil x Venezuela) \u2013 Final feminina<\/p>\n<h3 class=\"wp-block-heading\" id=\"h-futebol\">&#x26bd; Futebol<\/h3>\n<p>Sul-Americano Sub-17 \u2013 Disputa do bronze<br \/>17:00 \u2014 Equador x Brasil<\/p>\n<p>&#x1f1e7;&#x1f1f7; Brasileir\u00e3o Feminino A2<br \/>15:00 \u2014 Doce Mel x Atletico-PI<br \/>15:30 \u2014 Vila Nova x Itabirito<br \/>16:00 \u2014 Minas Bras\u00edlia x A\u00e7\u00e3o<\/p>\n<p>&#x1f1e7;&#x1f1f7; Brasileir\u00e3o A3 Feminino<br \/>15:00 \u2014 Brasil de Farroupilha x Coritiba<br \/>15:00 \u2014 Guarani de Paripueira x Atl\u00e9tico de Alagoinhas<br \/>15:00 \u2014 Realidade Jovem x S\u00e3o Jos\u00e9<br \/>15:00 \u2014 Sampaio Corr\u00eaa x S\u00e3o Jo\u00e3o<br \/>16:00 \u2014 Mixto PB x Uni\u00e3o RN<br \/>16:00 \u2014 V\u00e1rzea Grande x Cresspom<\/p>\n<h3 class=\"wp-block-heading\" id=\"h-ginastica-ritmica\">&#x1f938; Gin\u00e1stica R\u00edtmica<\/h3>\n<p>Etapa de Baku da Copa do Mundo<br \/>Individual<br \/>5h42 \u2013 Bola \u2013 Maria Alexandre<br \/>8h25 \u2013 Fita \u2013 Maria Alexandre<\/p>\n<p>Equipes<br \/>6h25 \u2013 S\u00e9rie simples (5 bolas) \u2013 Brasil<br \/>9h07 \u2013 S\u00e9rie mista (3 arcos e dois pares de ma\u00e7as) \u2013 Brasil<\/p>\n<h3 class=\"wp-block-heading\" id=\"h-handebol\">&#x1f93e; Handebol<\/h3>\n<p>&#x1f1ea;&#x1f1fa; Copa Europeia feminina<br \/>07:00 \u2014 M\u00e1laga (Isabelle Medeiros) x Guard\u00e9s<br \/>11:00 \u2014 Bursa BB x Michalovce (Aline Bieger, Ligia Silva, Juliana Pereira)<\/p>\n<p>&#x1f1ea;&#x1f1fa; Champions League Feminina \u2013 Playoffs<br \/>09:00 \u2014 Ferencvaros x Metz (Manu Navarro)<br \/>11:00 \u2014 Odense x Gy\u0151r (Bruna de Paula)<\/p>\n<p>&#x1f1ea;&#x1f1f8; Campeonato Espanhol masculino<br \/>07:30 \u2014 Granollers (Tarc\u00edsio Oliveira, Renan Pinheiros) x Atl\u00e9tico Valladolid<\/p>\n<p>&#x1f1ed;&#x1f1fa; Copa da Hungria masculina<br \/>11:00 \u2014 Tatabanya x Veszprem (Thiagus Petrus)<\/p>\n<p>&#x1f1eb;&#x1f1f7; Campeonato Franc\u00eas masculino<br \/>12:00 \u2014 Istres (Guilherme Santista) x Nimes<br \/>12:00 \u2014 Nantes x Montpellier (Bryan Monte, Rog\u00e9rio Moraes)<\/p>\n<p>&#x1f1f7;&#x1f1f4; Copa da Rom\u00eania masculina<br \/>12:00 \u2014 Dinamo Bucareste (Haniel Langaro) x Timisoara<br \/>12:00 \u2014 Minaur Baia Mare (Anderson Mollino) x Steaua Bucareste<\/p>\n<p>&#x1f1f5;&#x1f1f1; Campeonato Polon\u00eas feminino<br \/>13:00 \u2014 Zaglebie Lubin (Mariane Fernandes, Patr\u00edcia Matieli, Adriana Cardoso) x Gniezno<\/p>\n<h3 class=\"wp-block-heading\" id=\"h-hipismo\">&#x1f40e; Hipismo<\/h3>\n<p>CSI5* LGCT da Cidade do M\u00e9xico<br \/>16h \u2013 Grande Pr\u00eamio do M\u00e9xico \u2013 Jump-Off 1m60 \u2013 Eduardo de Menezes (BRA)<\/p>\n<h3 class=\"wp-block-heading\" id=\"h-hoquei-sobre-a-grama\">&#x1f3d1; H\u00f3quei sobre a Grama<\/h3>\n<p>Campeonato Brasileiro<br \/>Feminino<br \/>9h \u2013 Sesi-SP x S\u00e3o Jos\u00e9 \u2013 Fase de Grupos<br \/>11h \u2013 Gr\u00eamio Interlagos x Germ\u00e2nia \u2013 Fase de Grupos<\/p>\n<h3 class=\"wp-block-heading\" id=\"h-judo\">&#x1f94b; Jud\u00f4<\/h3>\n<p>Campeonato Pan-Americano<br \/>11h \u2013 Classificat\u00f3rias<br \/>Clarice Ribeiro (BRA) \u2013 48 kg<br \/>Larissa Pimenta (BRA) \u2013 52 kg<br \/>Sarah Souza (BRA) e Shirlen Nascimento \u2013 57 kg<br \/>David Lima (BRA) \u2013 81 kg<br \/>Rafael Macedo (BRA) \u2013 90 kg<br \/>Leonardo Gon\u00e7alves (BRA) \u2013 100 kg<br \/>Andrey Coelho (BRA) e Lucas Lima (BRA) \u2013 acima de 100 kg<br \/>17h30 \u2013 Finais<\/p>\n<h3 class=\"wp-block-heading\" id=\"h-natacao\">&#x1f3ca; Nata\u00e7\u00e3o<\/h3>\n<p>Jogos Sul-Americanos da Juventude<br \/>11h30 \u2013 Eliminat\u00f3rias<br \/>20h \u2013 Finais<\/p>\n<h3 class=\"wp-block-heading\" id=\"h-parabadminton\">&#x1f3f8; Parabadminton<\/h3>\n<p>Internacional da Tch\u00e9quia<br \/>Duplas mistas \u2013 SL3 \u2013 SU5 \u2013 Final<br \/>4h \u2013 Jatin Azad (IND)\/Sanjana Kumari (IND) x David Lima (BRA)\/Halime Yildiz (TUR)<\/p>\n<p>Simples masculino \u2013 SL3 \u2013 Final<br \/>5h \u2013 Dinesh Rajaiah (IND) x Jonathan Cardoso (BRA)<\/p>\n<p>Simples feminino \u2013 SL4 \u2013 SU5 \u2013 Final<br \/>5h \u2013 Bruna Vasconcellos (BRA) x Maelle Guiot (FRA)<\/p>\n<p>Duplas mistas \u2013 SH6 \u2013 Final<br \/>5h30 \u2013 Alin Baican (ROM)\/Maria Eduarda Leite (BRA) x Maxime Greboval (FRA)\/Pauline Pelle (FRA)<\/p>\n<p>Duplas masculinas \u2013 SL3-SU5<br \/>6h \u2013 Murilo Silva (BRA)\/David Lima (BRA) x A definir<\/p>\n<h3 class=\"wp-block-heading\" id=\"h-rugbi\">&#x1f3c9; R\u00fagbi<\/h3>\n<p>Mundial Feminino de Sevens \u2013 Hong Kong<br \/>0h32 \u2013 Brasil x Gr\u00e3-Bretanha \u2013 Disputa do 9\u00ba lugar<\/p>\n<p>Super Rugby Americas<br \/>19h \u2013 Cobras (BRA) x Dogos (ARG) \u2013 Fase de Grupos<\/p>\n<p>Brasil Sevens<br \/>Fase Final \u2013 Masculino<br \/>8h \u2013 Disputa do 9\u00ba ao 11\u00ba lugar<br \/>8h20 \u2013 Disputa do 9\u00ba ao 11\u00ba lugar<br \/>8h40 \u2013 Quartas de Final<br \/>9h \u2013 Quartas de Final<br \/>9h20 \u2013 Quartas de Final<br \/>9h40 \u2013 Quartas de Final<br \/>11h20 \u2013 Disputa do 11\u00ba lugar<br \/>11h42 \u2013 Disputa do 9\u00ba lugar<br \/>12h04 \u2013 Semifinal<br \/>12h26 \u2013 Semifinal<br \/>13h32 \u2013 Disputa do 5\u00ba ao 8\u00ba lugar<br \/>13h54 \u2013 Disputa do 5\u00ba ao 8\u00ba lugar<br \/>15h22 \u2013 Disputa do 3\u00ba lugar<br \/>16h06 \u2013 Final<\/p>\n<p>Fase Final \u2013 Feminino<br \/>10h \u2013 Quartas de Final<br \/>10h20 \u2013 Quartas de Final<br \/>10h40 \u2013 Quartas de Final<br \/>11h \u2013 Quartas de Final<br \/>12h48 \u2013 Semifinal<br \/>13h10 \u2013 Semifinal<br \/>14h16 \u2013 Disputa do 13\u00ba lugar<br \/>14h38 \u2013 Disputa do 11\u00ba lugar<br \/>15h \u2013 Disputa do 9\u00ba lugar<br \/>15h44 \u2013 Disputa do 3\u00ba lugar<br \/>16h28 \u2013 Final<\/p>\n<h3 class=\"wp-block-heading\" id=\"h-rugbi-em-cadeira-de-rodas\">&#x267f; R\u00fagbi em Cadeira de Rodas<\/h3>\n<p>Regional Nordeste<br \/>9h \u2013 Avalanche x Lampi\u00f5es<br \/>11h \u2013 Arretados RG5 x Avalanche RG5<br \/>14h \u2013 Arretados x Avalanche<br \/>16h \u2013 Avalanche RG5 x Arretados RG5<br \/>17h \u2013 Arretados x Lampi\u00f5es<\/p>\n<h3 class=\"wp-block-heading\" id=\"h-squash\">&#x1f94e; Squash<\/h3>\n<p>Copa Brasil<br \/>12h \u00e0s 19h \u2013 Quartas de Final Masculino e Feminino<\/p>\n<h3 class=\"wp-block-heading\" id=\"h-surfe\">&#x1f3c4; Surfe<\/h3>\n<p>Etapa de Margaret River do circuito WSL<br \/>Oitavas de Final masculina<br \/>0h05 \u2013 Samuel Pupo (BRA) x Kanoa Igarashi (JAP)<br \/>1h05 \u2013 Gabriel Medina (BRA) x Jack Robinson (AUS)<br \/>1h25 \u2013 Yago Dora (BRA) x Connor O\u2019Leary (JAP)<br \/>2h05 \u2013 \u00cdtalo Ferreira (BRA) x Jo\u00e3o Chianca (BRA)<br \/>2h25 \u2013 Ethan Ewing (AUS) x Miguel Pupo (BRA)<\/p>\n<p>Quartas de Final Feminina<br \/>A definir \u2013 Molly Picklum (AUS) x Luana Silva (BRA)<\/p>\n<p>Pr\u00f3xima chamada \u2013 20h<\/p>\n<h3 class=\"wp-block-heading\" id=\"h-taekwondo\">&#x1f94b; Taekwondo<\/h3>\n<p>Aberto da Espanha<br \/>5h \u2013 Luiz Aquino (BRA) \u2013 At\u00e9 63 kg<\/p>\n<h3 class=\"wp-block-heading\" id=\"h-tenis\">&#x1f3be; T\u00eanis<\/h3>\n<p>Challenger 75 de Tallahassee<br \/>13h30 \u2013 Jo\u00e3o Lucas Reis da Silva (BRA) x Clement Tabur (FRA) \u2013 Final<\/p>\n<h3 class=\"wp-block-heading\" id=\"h-tenis-de-mesa-paralimpico\">&#x1f3d3; T\u00eanis de Mesa Paral\u00edmpico<\/h3>\n<p>Future de Santiago<br \/>Classe 10 masculina<br \/>10h30 \u2013 Marlon Lopez (ESP) x Ryan Victor Santos (BRA) \u2013 Quartas de Final<br \/>10h30 \u2013 Santiago Abarca (CHI) x Cl\u00e1udio Massad (BRA) \u2013 Quartas de Final<br \/>12h30 \u2013 Semifinais<br \/>14h39 \u2013 Final<\/p>\n<p>Classe 4-5 masculino<br \/>10h30 \u2013 Carlos Eduardo Moraes (BRA) x Isak Nyholm (SUE) \u2013 Oitavas de Final<br \/>10h30 \u2013 Arthur Costa Branco (BRA) x Genki Saito (JAP) \u2013 Oitavas de Final<br \/>12h \u2013 Quartas de Final<br \/>14h \u2013 Semifinais<br \/>15h \u2013 Final<\/p>\n<p>Classe 9 masculina<br \/>11h \u2013 Lucas Carvalho (BRA) x Thal Leibovitz (EUA) \u2013 Quartas de Final<br \/>14h \u2013 Semifinais<br \/>15h \u2013 Final<\/p>\n<p>Classe 8 masculina<br \/>11h30 \u2013 Fausto Barrientos (ARG) x Luiz Filipe Guarnieri (BRA) \u2013 Quartas de Final<br \/>14h \u2013 Semifinais<br \/>15h \u2013 Final<\/p>\n<p>Classe 1-2 masculina<br \/>11h30 \u2013 Iranildo Esp\u00ednola (BRA) x Guilherme Costa (BRA) \u2013 Semifinal<br \/>14h30 \u2013 Final<\/p>\n<p>Classe 9 feminina \u2013 Grupo 1<br \/>11h30 \u2013 Joseline Yevenes (CHI) x Karina Moura (BRA)<br \/>11h30 \u2013 Danielle Rauen (BRA) x Jessica Mejia (COL)<br \/>14h30 \u2013 Joseline Yevenes (CHI) x Danielle Rauen (BRA)<br \/>14h30 \u2013 Jessica Mejia (COL) x Jennyfer Parinos (BRA)<\/p>\n<p>Classe 11 masculina<br \/>12h \u2013 Thiago Gomes (BRA) x Denisos Barreto (VEN) \u2013 Semifinal<br \/>15h \u2013 Final<\/p>\n<p>Classe 6-7 feminina<br \/>12h30 \u2013 Aline Ferreira (BRA) x A definir \u2013 Semifinal<br \/>15h \u2013 Final<\/p>\n<p>Classe 1-3 feminina<br \/>12h30 \u2013 Marliane Santos (BRA) x Coty Garrone (ARG) \u2013 Semifinal<br \/>12h30 \u2013 Manuela Guzman (COL) x Tha\u00eds Severo (BRA) \u2013 Semifinal<br \/>14h30 \u2013 Final<\/p>\n<p>Classe 10 feminina \u2013 Grupo 1<br \/>12h30 \u2013 Marlene Reeg (ALE) x Manuela Lima (BRA)<\/p>\n<p>Classe 3 masculina<br \/>14h \u2013 F\u00e1bio Silva x A definir \u2013 Semifinal<br \/>15h \u2013 Final<\/p>\n<p>Duplas masculinas \u2013 Classe 18<br \/>18h \u2013 Manuel Echaverguren (CHI)\/Andres Beroiza (CHI) x Anael Duarte (BRA)\/Tiago Freitas (BRA)<br \/>18h \u2013 Marlon Lopez (ESP)\/Yehonatan Levi (ISR) x Ryan Santos (BRA) x Jo\u00e3o Pedro Narvais (BRA)<br \/>18h \u2013 Cl\u00e1udio Massad (BRA)\/Luiz Filipe Guarnieri (BRA) x Santiago Ramirez (COL)\/David Vargas (COL)<br \/>18h \u2013 Hayuma Abe (JAP)\/Koyo Iwabuchi (JAP) x Gustavo Rossi (BRA)\/Matthew Britz (NZL)<br \/>18h \u2013 Guilherme Costa (BRA)\/Iranildo Esp\u00ednola (BRA) x Samir Ishani (AUS)\/Edwin Casta\u00f1eda (COL)<br \/>20h \u2013 Tahl Leibovitz (EUA)\/Logan Watson (EUA) x Lucas Carvalho (BRA)\/Takumi Tsujimura (JAP)<br \/>20h \u2013 Claudio Massad (BRA)\/Luiz Filipe Guarnieri (BRA) x Henrik Meier (ALE)\/Jan Reinig (ALE)<br \/>20h \u2013 Anael Duarte (BRA)\/Tiago Freitas (BRA) x Steven Chinchilla (CRC)\/Nixon Reyes (CRC)<\/p>\n<p>Duplas masculinas \u2013 Classe 4-8<br \/>18h \u2013 Carlos Eduardo Moraes (BRA)\/F\u00e1bio Silva (BRA) x Luis Alberto Henao (COL)\/Esteban Jimenez (COL)<br \/>18h \u2013 Vicente Leiva (CHI)\/Luis Flores (CHI) x Ecildo Oliveira (BRA)\/Jos\u00e9 Eduardo Filho (BRA)<br \/>18h30 \u2013 Gabriel Copola (ARG)\/Elias Romero (ARG) x Arthir Branco (BRA)\/Gabriel Assump\u00e7\u00e3o (BRA)<br \/>20h \u2013 Guilherme Costa (BRA)\/Iranildo Esp\u00edndola (BRA) x Maximiliano Rodriguez (CHI)\/Iranildo Esp\u00ednola (CHI)<br \/>20h \u2013 Ecildo Oliveira (BRA)\/Jos\u00e9 Eduardo Filho (BRA) x Jos\u00e9 Melo (COL)\/Kevin Mesa (COL)<br \/>20h30 \u2013 Carlos Eduardo Moraes (BRA)\/F\u00e1bio Silva (BRA) x Jan Guertler (ALE)\/Nikolai Sommer (ALE)<\/p>\n<p>Duplas masculina \u2013 Classe 14<br \/>18h30 \u2013 Matias Pino (CHI)\/Ignacio Torres (CHI) x Gabriel Takeshi (BRA)\/Charles Vieira (BRA)<\/p>\n<p>Duplas femininas \u2013 Classe 14-20<br \/>18h30 \u2013 Danielle Rauen (BRA)\/Jennyfer Parinos (BRA) x Mariana Castilho (BRA)\/Maria Clara Peralta (BRA)<br \/>18h30 \u2013 Nina Reck (ALE)\/Marlene Reeg (ALE) x Manuela Lima (BRA)\/Karina Moura (BRA)<br \/>18h30 \u2013 Aline Ferreira (BRA)\/Setsu Tsunoda (JAP) x Maria Garcia (COL)\/Tamano Yamazaki (JAP)<br \/>20h30 \u2013 Danielle Rauen (BRA)\/Jennyfer Parinos (BRA) x Aline Ferreira (BRA)\/Setsu Tsunoda (JAP)<br \/>20h30 \u2013 Mariana Castilho (BRA)\/Maria Clara Peralta (BRA) x Maria Garcia (COL)\/Tamano Yamazaki (JAP)<br \/>20h30 \u2013 Manuela Lima (BRA)\/Karina Moura (BRA) x Jessica Mejia (COL)\/Sara Gomez (COL)<\/p>\n<p>Duplas femininas \u2013 Classe 10<br \/>18h30 \u2013 Tha\u00eds Severo (BRA)\/Marliane Santos (BRA) x Manuela Guzman (COL)\/Sara Darabos (COL)<br \/>20h30 \u2013 Tha\u00eds Severo (BRA)\/Marliane Santos (BRA) x Toamra Leonelli (CHI)\/Belen Parada (CHI)<\/p>\n<p>Duplas mistas \u2013 Classe 7-10<br \/>19h \u2013 Carlos Eduardo Moraes (BRA)\/Marliane Santos (BRA) x Cristian Astete (CHI)\/Aylin Collin (CHI)<br \/>q9h \u2013 Fabio Silva (BRA)\/Thais Severo (BRA) x Luis Henao (COL)\/Manuela Guzman (COL)<\/p>\n<p>Duplas mistas \u2013 Classe 14<br \/>19h \u2013 Cristian Dettoni (CHI)\/Liliana Silva (CHI) x Gabriel Takeshi (BRA)\/Mariana Castilho (BRA)<br \/>19h \u2013 Charles Vieira (BRA)\/Aline Ferreira (BRA) x Tiago Freitas (BRA)\/Maria Clara Peralta (BRA)<\/p>\n<p>Duplas mistas \u2013 Classe 20<br \/>19h \u2013 Lucas Carvalho (BRA)\/Jennyfer Parinos (BRA) x Ryan Santos (BRA)\/Karina Moura (BRA)<\/p>\n<p>Duplas mistas \u2013 Classe 17<br \/>19h30 \u2013 Henrik Meyer (ALE)\/Nina Reck (ALE) x Jo\u00e3o Pedro Narvais (BRA)\/Manuela Lima (BRA)<br \/>19h30 \u2013 Luiz Filipe Guarnieri (BRA)\/Danielle Rauen (BRA) x Santiago Ramirez (COL)\/Maria Garcia (COL)<\/p>\n<h3 class=\"wp-block-heading\" id=\"h-triatlo\">&#x1f3ca;&#x200d;&#x2642;&#xfe0f; Triatlo<\/h3>\n<p>Jogos Sul-Americanos da Juventude<br \/>10h \u2013 Revezamento misto \u2013 Brasil<\/p>\n<h3 class=\"wp-block-heading\" id=\"h-volei\">&#x1f3d0; V\u00f4lei<\/h3>\n<p>&#x1f1ef;&#x1f1f5; Campeonato Japon\u00eas masculino<br \/>01:05 \u2014 JT Thunders (Felipe Roque) x Osaka Blueton<br \/>02:05 \u2014 JTEKT (Lucarelli) x Nagano<\/p>\n<p>&#x1f1f5;&#x1f1f1; Campeonato Polon\u00eas feminino \u2013 Playoffs<br \/>09:45 \u2014 Budowlani Lodz (Bruna Hon\u00f3rio) x Rzeszow<\/p>\n<p>&#x1f1ee;&#x1f1f9; Campeonato Italiano masculino \u2013 5\u00ba-10\u00ba lugares<br \/>13:00 \u2014 Modena (Arthur Bento) x Milano (Cachopa)<br \/>13:00 \u2014 Trentino (Fl\u00e1vio) x Monza<\/p>\n<p>&#x1f1f9;&#x1f1f7; Campeonato Turco feminino \u2013 Playoffs<br \/>13:00 \u2014 Vakifbank (Ana Cristina) x Fenerbahce<\/p>\n<p>&#x1f1ea;&#x1f1f8; Campeonato Espanhol masculino \u2013 Playoffs<br \/>13:00 \u2014 Guaguas (Walla) x Almer\u00eda<\/p>\n<p>&#x1f1ee;&#x1f1f9; Campeonato Italiano feminino \u2013 Playoffs<br \/>13:05 \u2014 Conegliano (Gabi Guimar\u00e3es) x Vero Volley<\/p>\n<p>&#x1f1ec;&#x1f1f7; Campeonato Grego feminino \u2013 Playoffs<br \/>14:30 \u2014 ZAON Kifissia (Lorenne) x Panathinaikos<\/p>\n<p>\t\t\t\t\t\t\t\t\t\t\t\t\t\t\t\t\t\t\t<!--mvp-post-tags--><br \/>\n\t\t\t\t\t\t\t\t\t\t\t\t\t\t\t\t\t\t<!--posts-nav-link--><\/p>\n<div id=\"mvp-author-box-wrap\" class=\"left relative\">\n<div class=\"mvp-author-box-out right relative\">\n<div id=\"mvp-author-box-img\" class=\"left relative\">\n\t\t\t\t\t\t\t\t\t\t\t\t\t<img loading=\"lazy\" alt=\"\" src=\"https:\/\/secure.gravatar.com\/avatar\/e18294bf46ff2fd87a38b32645ae6fbfda3dde7109fadece8cf743d5f35210fa?s=60&amp;d=mm&amp;r=g\" srcset=\"https:\/\/secure.gravatar.com\/avatar\/e18294bf46ff2fd87a38b32645ae6fbfda3dde7109fadece8cf743d5f35210fa?s=120&amp;d=mm&amp;r=g 2x\" class=\"avatar avatar-60 photo\" height=\"60\" width=\"60\" decoding=\"async\"\/>\t\t\t\t\t\t\t\t\t\t\t\t<\/div>\n<p><!--mvp-author-box-img--><br \/>\n\t\t\t\t\t\t\t\t\t\t\t\t<!--mvp-author-box-in-->\n\t\t\t\t\t\t\t\t\t\t\t<\/div>\n<p><!--mvp-author-box-out--><\/p>\n<div id=\"mvp-author-box-text\" class=\"left relative\">\n<p>Fundador e diretor de conte\u00fado do Olimp\u00edada Todo Dia&#13;<br \/>\nJornalista esportivo desde 1997 com experi\u00eancia em coberturas de Jogos Ol\u00edmpicos, Copas do Mundo, Mundiais, Jogos Pan-Americanos e muito mais. Teve passagens por ESPN, Portal Terra, TV Gazeta, Gazeta Esportiva, Agora S\u00e3o Paulo e Ag\u00eancia Estado<\/p>\n<\/p><\/div>\n<p><!--mvp-author-box-text-->\n\t\t\t\t\t\t\t\t\t\t<\/div>\n<p><!--mvp-author-box-wrap--><\/p>\n<div class=\"mvp-org-wrap\" itemprop=\"publisher\" itemscope=\"\" itemtype=\"https:\/\/schema.org\/Organization\">\n<div class=\"mvp-org-logo\" itemprop=\"logo\" itemscope=\"\" itemtype=\"https:\/\/schema.org\/ImageObject\">\n\t\t\t\t\t\t\t\t\t\t\t\t\t\t\t\t\t\t\t\t\t\t\t<img decoding=\"async\" src=\"https:\/\/www.olimpiadatododia.com.br\/wp-content\/uploads\/2021\/12\/logo.png\"\/><br \/>\n\t\t\t\t\t\t\t\t\t\t\t\t<meta itemprop=\"url\" content=\"https:\/\/www.olimpiadatododia.com.br\/wp-content\/uploads\/2021\/12\/logo.png\"\/>\n\t\t\t\t\t\t\t\t\t\t\t\t\t\t\t\t\t\t\t\t\t<\/div>\n<p><!--mvp-org-logo--><br \/>\n\t\t\t\t\t\t\t\t\t\t<meta itemprop=\"name\" content=\"Olimp\u00edada Todo Dia\"\/>\n\t\t\t\t\t\t\t\t\t<\/div>\n<p><!--mvp-org-wrap-->\n\t\t\t\t\t\t\t\t<\/div>\n<p><a href=\"https:\/\/www.olimpiadatododia.com.br\/agenda-esportiva\/738198-agenda-esportiva-do-brasil-domingo-19-de-abril-de-2026\/\">Fonte do Artigo <\/a><\/p>","protected":false},"excerpt":{"rendered":"<p>Gabi Guimar\u00e3es pode ser campe\u00e3 neste domingo na It\u00e1lia (Foto: foto Rubin\/LVF) O domingo (19) re\u00fane uma agenda esportiva cheia para o Brasil, com destaque para o Campeonato Pan-Americano de jud\u00f4, para a final de Jo\u00e3o Lucas Reis da Silva no Challenger de Tallahassee e tamb\u00e9m para a possibilidade de t\u00edtulo de Gabi Guimar\u00e3es no [&hellip;]<\/p>\n","protected":false},"author":1,"featured_media":111582,"comment_status":"closed","ping_status":"","sticky":false,"template":"","format":"standard","meta":{"googlesitekit_rrm_CAow2JLhCw:productID":"","_gspb_post_css":"","maa_idioma":"","maa_pais":"","footnotes":""},"categories":[4],"tags":[17277,3174],"class_list":["post-111581","post","type-post","status-publish","format-standard","has-post-thumbnail","hentry","category-brasil","tag-abril","tag-domingo"],"blocksy_meta":[],"yoast_head":"<!-- This site is optimized with the Yoast SEO Premium plugin v27.6 (Yoast SEO v27.6) - https:\/\/yoast.com\/product\/yoast-seo-premium-wordpress\/ -->\n<title>domingo, 19 de abril de 2026 - Ubirat\u00e3 Online Not\u00edcias - A realidade ao seu alcance!<\/title>\n<meta name=\"description\" content=\"Gabi Guimar\u00e3es pode ser campe\u00e3 neste domingo na It\u00e1lia (Foto: foto Rubin\/LVF) O domingo (19) re\u00fane uma agenda esportiva cheia para o Brasil, com destaque\" \/>\n<meta name=\"robots\" content=\"index, follow, max-snippet:-1, max-image-preview:large, max-video-preview:-1\" \/>\n<link rel=\"canonical\" href=\"https:\/\/ubirataonline.com.br\/en\/domingo-19-de-abril-de-2026\/\" \/>\n<meta property=\"og:locale\" content=\"en_US\" \/>\n<meta property=\"og:type\" content=\"article\" \/>\n<meta property=\"og:title\" content=\"domingo, 19 de abril de 2026\" \/>\n<meta property=\"og:description\" content=\"Gabi Guimar\u00e3es pode ser campe\u00e3 neste domingo na It\u00e1lia (Foto: foto Rubin\/LVF) O domingo (19) re\u00fane uma agenda esportiva cheia para o Brasil, com destaque\" \/>\n<meta property=\"og:url\" content=\"https:\/\/ubirataonline.com.br\/en\/domingo-19-de-abril-de-2026\/\" \/>\n<meta property=\"og:site_name\" content=\"Ubirat\u00e3 Online Not\u00edcias - A realidade ao seu alcance!\" \/>\n<meta property=\"article:publisher\" content=\"https:\/\/www.facebook.com\/portalubirataonline\" \/>\n<meta property=\"article:author\" content=\"https:\/\/www.facebook.com\/portalubirataonline\" \/>\n<meta property=\"article:published_time\" content=\"2026-04-19T05:02:40+00:00\" \/>\n<meta property=\"article:modified_time\" content=\"2026-04-19T05:02:43+00:00\" \/>\n<meta property=\"og:image\" content=\"https:\/\/ubirataonline.com.br\/wp-content\/uploads\/2026\/04\/domingo-19-de-abril-de-2026.png\" \/>\n\t<meta property=\"og:image:width\" content=\"1200\" \/>\n\t<meta property=\"og:image:height\" content=\"720\" \/>\n\t<meta property=\"og:image:type\" content=\"image\/png\" \/>\n<meta name=\"author\" content=\"REDA\u00c7\u00c3O: UBIRAT\u00c3 ONLINE - F\u00c1BIO AUGUSTO CELESTINO\" \/>\n<meta name=\"twitter:card\" content=\"summary_large_image\" \/>\n<meta name=\"twitter:creator\" content=\"@x.com\/ubirataonline\" \/>\n<meta name=\"twitter:site\" content=\"@ubirataonline\" \/>\n<meta name=\"twitter:label1\" content=\"Written by\" \/>\n\t<meta name=\"twitter:data1\" content=\"REDA\u00c7\u00c3O: UBIRAT\u00c3 ONLINE - F\u00c1BIO AUGUSTO CELESTINO\" \/>\n\t<meta name=\"twitter:label2\" content=\"Est. reading time\" \/>\n\t<meta name=\"twitter:data2\" content=\"11 minutes\" \/>\n<script type=\"application\/ld+json\" class=\"yoast-schema-graph\">{\"@context\":\"https:\\\/\\\/schema.org\",\"@graph\":[{\"@type\":\"NewsArticle\",\"@id\":\"https:\\\/\\\/ubirataonline.com.br\\\/domingo-19-de-abril-de-2026\\\/#article\",\"isPartOf\":{\"@id\":\"https:\\\/\\\/ubirataonline.com.br\\\/domingo-19-de-abril-de-2026\\\/\"},\"author\":{\"name\":\"REDA\u00c7\u00c3O: UBIRAT\u00c3 ONLINE - F\u00c1BIO AUGUSTO CELESTINO\",\"@id\":\"https:\\\/\\\/ubirataonline.com.br\\\/#\\\/schema\\\/person\\\/372f87bbd3fdd79b8556b84c98d0bc1c\"},\"headline\":\"domingo, 19 de abril de 2026\",\"datePublished\":\"2026-04-19T05:02:40+00:00\",\"dateModified\":\"2026-04-19T05:02:43+00:00\",\"mainEntityOfPage\":{\"@id\":\"https:\\\/\\\/ubirataonline.com.br\\\/domingo-19-de-abril-de-2026\\\/\"},\"wordCount\":2225,\"publisher\":{\"@id\":\"https:\\\/\\\/ubirataonline.com.br\\\/#organization\"},\"image\":{\"@id\":\"https:\\\/\\\/ubirataonline.com.br\\\/domingo-19-de-abril-de-2026\\\/#primaryimage\"},\"thumbnailUrl\":\"https:\\\/\\\/ubirataonline.com.br\\\/wp-content\\\/uploads\\\/2026\\\/04\\\/domingo-19-de-abril-de-2026.png\",\"keywords\":[\"abril\",\"domingo\"],\"articleSection\":[\"Brasil\"],\"inLanguage\":\"en-US\",\"copyrightYear\":\"2026\",\"copyrightHolder\":{\"@id\":\"https:\\\/\\\/ubirataonline.com.br\\\/en\\\/#organization\"}},{\"@type\":\"WebPage\",\"@id\":\"https:\\\/\\\/ubirataonline.com.br\\\/domingo-19-de-abril-de-2026\\\/\",\"url\":\"https:\\\/\\\/ubirataonline.com.br\\\/domingo-19-de-abril-de-2026\\\/\",\"name\":\"domingo, 19 de abril de 2026 - Ubirat\u00e3 Online Not\u00edcias - A realidade ao seu alcance!\",\"isPartOf\":{\"@id\":\"https:\\\/\\\/ubirataonline.com.br\\\/#website\"},\"primaryImageOfPage\":{\"@id\":\"https:\\\/\\\/ubirataonline.com.br\\\/domingo-19-de-abril-de-2026\\\/#primaryimage\"},\"image\":{\"@id\":\"https:\\\/\\\/ubirataonline.com.br\\\/domingo-19-de-abril-de-2026\\\/#primaryimage\"},\"thumbnailUrl\":\"https:\\\/\\\/ubirataonline.com.br\\\/wp-content\\\/uploads\\\/2026\\\/04\\\/domingo-19-de-abril-de-2026.png\",\"datePublished\":\"2026-04-19T05:02:40+00:00\",\"dateModified\":\"2026-04-19T05:02:43+00:00\",\"description\":\"Gabi Guimar\u00e3es pode ser campe\u00e3 neste domingo na It\u00e1lia (Foto: foto Rubin\\\/LVF) O domingo (19) re\u00fane uma agenda esportiva cheia para o Brasil, com destaque\",\"breadcrumb\":{\"@id\":\"https:\\\/\\\/ubirataonline.com.br\\\/domingo-19-de-abril-de-2026\\\/#breadcrumb\"},\"inLanguage\":\"en-US\",\"potentialAction\":[{\"@type\":\"ReadAction\",\"target\":[\"https:\\\/\\\/ubirataonline.com.br\\\/domingo-19-de-abril-de-2026\\\/\"]}]},{\"@type\":\"ImageObject\",\"inLanguage\":\"en-US\",\"@id\":\"https:\\\/\\\/ubirataonline.com.br\\\/domingo-19-de-abril-de-2026\\\/#primaryimage\",\"url\":\"https:\\\/\\\/ubirataonline.com.br\\\/wp-content\\\/uploads\\\/2026\\\/04\\\/domingo-19-de-abril-de-2026.png\",\"contentUrl\":\"https:\\\/\\\/ubirataonline.com.br\\\/wp-content\\\/uploads\\\/2026\\\/04\\\/domingo-19-de-abril-de-2026.png\",\"width\":1200,\"height\":720,\"caption\":\"domingo, 19 de abril de 2026\"},{\"@type\":\"BreadcrumbList\",\"@id\":\"https:\\\/\\\/ubirataonline.com.br\\\/domingo-19-de-abril-de-2026\\\/#breadcrumb\",\"itemListElement\":[{\"@type\":\"ListItem\",\"position\":1,\"name\":\"In\u00edcio\",\"item\":\"https:\\\/\\\/ubirataonline.com.br\\\/\"},{\"@type\":\"ListItem\",\"position\":2,\"name\":\"domingo, 19 de abril de 2026\"}]},{\"@type\":\"WebSite\",\"@id\":\"https:\\\/\\\/ubirataonline.com.br\\\/#website\",\"url\":\"https:\\\/\\\/ubirataonline.com.br\\\/\",\"name\":\"Ubirat\u00e3 Online Not\u00edcias\",\"description\":\"Not\u00edcias de Ubirat\u00e3, regi\u00e3o, Brasil e mundo, com informa\u00e7\u00e3o atualizada e compromisso com o leitor.\",\"publisher\":{\"@id\":\"https:\\\/\\\/ubirataonline.com.br\\\/#organization\"},\"alternateName\":\"Ubirat\u00e3 Online\",\"potentialAction\":[{\"@type\":\"SearchAction\",\"target\":{\"@type\":\"EntryPoint\",\"urlTemplate\":\"https:\\\/\\\/ubirataonline.com.br\\\/?s={search_term_string}\"},\"query-input\":{\"@type\":\"PropertyValueSpecification\",\"valueRequired\":true,\"valueName\":\"search_term_string\"}}],\"inLanguage\":\"en-US\"},{\"@type\":[\"Organization\",\"Place\"],\"@id\":\"https:\\\/\\\/ubirataonline.com.br\\\/#organization\",\"name\":\"Ubirat\u00e3 Online Not\u00edcias\",\"alternateName\":\"Ubirat\u00e3 Online\",\"url\":\"https:\\\/\\\/ubirataonline.com.br\\\/\",\"logo\":{\"@id\":\"https:\\\/\\\/ubirataonline.com.br\\\/domingo-19-de-abril-de-2026\\\/#local-main-organization-logo\"},\"image\":{\"@id\":\"https:\\\/\\\/ubirataonline.com.br\\\/domingo-19-de-abril-de-2026\\\/#local-main-organization-logo\"},\"sameAs\":[\"https:\\\/\\\/www.facebook.com\\\/portalubirataonline\",\"https:\\\/\\\/x.com\\\/ubirataonline\",\"https:\\\/\\\/mastodon.social\\\/@ubirataonline\",\"https:\\\/\\\/www.facebook.com\\\/groups\\\/311144672285604\",\"https:\\\/\\\/www.facebook.com\\\/UBTAOnline\",\"https:\\\/\\\/www.instagram.com\\\/portalubirataonline\\\/\",\"https:\\\/\\\/twitter.com\\\/ubirataonline\"],\"description\":\"Somos um portal de not\u00edcias independente, criado em 5 de janeiro de 2009, com o objetivo de informar, conectar e valorizar a nossa comunidade de Ubirat\u00e3 e toda aregi\u00e3o. Com conte\u00fado atualizado, confi\u00e1vel e relevante, o Ubirat\u00e3 Online \u00e9 o seu espa\u00e7o para ficar por dentro dos principais acontecimentos locais, regionais, Brasil, Mundo e de interesse geral. Nosso compromisso \u00e9 com a verdade, a transpar\u00eancia e o respeito ao leitor.\",\"legalName\":\"UBIRATA ONLINE NOT\u00cdCIAS\",\"foundingDate\":\"2009-01-05\",\"numberOfEmployees\":{\"@type\":\"QuantitativeValue\",\"minValue\":\"1\",\"maxValue\":\"10\"},\"publishingPrinciples\":\"https:\\\/\\\/ubirataonline.com.br\\\/faq\\\/\",\"address\":{\"@id\":\"https:\\\/\\\/ubirataonline.com.br\\\/domingo-19-de-abril-de-2026\\\/#local-main-place-address\"},\"geo\":{\"@type\":\"GeoCoordinates\",\"latitude\":\"-24.5361401\",\"longitude\":\"-52.9921776\"},\"telephone\":[\"+5544998308235\"],\"contactPoint\":{\"@type\":\"ContactPoint\",\"email\":\"contato@ubirataonline.com.br\"},\"openingHoursSpecification\":{\"@type\":\"OpeningHoursSpecification\",\"dayOfWeek\":[\"Monday\",\"Tuesday\",\"Wednesday\",\"Thursday\",\"Friday\",\"Saturday\",\"Sunday\"],\"opens\":\"00:00\",\"closes\":\"23:59\"},\"email\":\"contato@ubirataonline.com.br\",\"vatID\":\"47.621.418\\\/0001-80\"},{\"@type\":\"Person\",\"@id\":\"https:\\\/\\\/ubirataonline.com.br\\\/#\\\/schema\\\/person\\\/372f87bbd3fdd79b8556b84c98d0bc1c\",\"name\":\"REDA\u00c7\u00c3O: UBIRAT\u00c3 ONLINE - F\u00c1BIO AUGUSTO CELESTINO\",\"pronouns\":\"Ele\",\"description\":\"Desde 2003 trabalhando com not\u00edcias.\",\"sameAs\":[\"http:\\\/\\\/ubirataoline.com.br\",\"https:\\\/\\\/www.facebook.com\\\/portalubirataonline\",\"https:\\\/\\\/www.instagram.com\\\/ubirataonline_oficial\",\"https:\\\/\\\/x.com\\\/x.com\\\/ubirataonline\"],\"honorificPrefix\":\"Mr.\",\"honorificSuffix\":\"MD\",\"birthDate\":\"1980-06-16\",\"gender\":\"masculino\",\"award\":[\"V\u00e1rios pr\u00eamios de melhor portal da cidade\"],\"jobTitle\":\"Diretor\",\"url\":\"https:\\\/\\\/ubirataonline.com.br\\\/en\\\/author\\\/ubirataonline\\\/\"},{\"@type\":\"PostalAddress\",\"@id\":\"https:\\\/\\\/ubirataonline.com.br\\\/domingo-19-de-abril-de-2026\\\/#local-main-place-address\",\"streetAddress\":\"Rua dos Coqueiros, 104 - Bairro Boa Vista, Rua dos Coqueiros, 104 Bairro Boa Vista\",\"addressLocality\":\"UBIRATA\",\"postalCode\":\"85440-000\",\"addressRegion\":\"PR\",\"addressCountry\":\"BR\"},{\"@type\":\"ImageObject\",\"inLanguage\":\"en-US\",\"@id\":\"https:\\\/\\\/ubirataonline.com.br\\\/domingo-19-de-abril-de-2026\\\/#local-main-organization-logo\",\"url\":\"https:\\\/\\\/ubirataonline.com.br\\\/wp-content\\\/uploads\\\/2026\\\/06\\\/logoubirataonline-1.webp\",\"contentUrl\":\"https:\\\/\\\/ubirataonline.com.br\\\/wp-content\\\/uploads\\\/2026\\\/06\\\/logoubirataonline-1.webp\",\"width\":500,\"height\":500,\"caption\":\"Ubirat\u00e3 Online Not\u00edcias\"}]}<\/script>\n<meta name=\"geo.placename\" content=\"UBIRATA\" \/>\n<meta name=\"geo.position\" content=\"-24.5361401;-52.9921776\" \/>\n<meta name=\"geo.region\" content=\"Brazil\" \/>\n<!-- \/ Yoast SEO Premium plugin. -->","yoast_head_json":{"title":"domingo, 19 de abril de 2026 - Ubirat\u00e3 Online Not\u00edcias - A realidade ao seu alcance!","description":"Gabi Guimar\u00e3es pode ser campe\u00e3 neste domingo na It\u00e1lia (Foto: foto Rubin\/LVF) O domingo (19) re\u00fane uma agenda esportiva cheia para o Brasil, com destaque","robots":{"index":"index","follow":"follow","max-snippet":"max-snippet:-1","max-image-preview":"max-image-preview:large","max-video-preview":"max-video-preview:-1"},"canonical":"https:\/\/ubirataonline.com.br\/en\/domingo-19-de-abril-de-2026\/","og_locale":"en_US","og_type":"article","og_title":"domingo, 19 de abril de 2026","og_description":"Gabi Guimar\u00e3es pode ser campe\u00e3 neste domingo na It\u00e1lia (Foto: foto Rubin\/LVF) O domingo (19) re\u00fane uma agenda esportiva cheia para o Brasil, com destaque","og_url":"https:\/\/ubirataonline.com.br\/en\/domingo-19-de-abril-de-2026\/","og_site_name":"Ubirat\u00e3 Online Not\u00edcias - A realidade ao seu alcance!","article_publisher":"https:\/\/www.facebook.com\/portalubirataonline","article_author":"https:\/\/www.facebook.com\/portalubirataonline","article_published_time":"2026-04-19T05:02:40+00:00","article_modified_time":"2026-04-19T05:02:43+00:00","og_image":[{"width":1200,"height":720,"url":"https:\/\/ubirataonline.com.br\/wp-content\/uploads\/2026\/04\/domingo-19-de-abril-de-2026.png","type":"image\/png"}],"author":"REDA\u00c7\u00c3O: UBIRAT\u00c3 ONLINE - F\u00c1BIO AUGUSTO CELESTINO","twitter_card":"summary_large_image","twitter_creator":"@x.com\/ubirataonline","twitter_site":"@ubirataonline","twitter_misc":{"Written by":"REDA\u00c7\u00c3O: UBIRAT\u00c3 ONLINE - F\u00c1BIO AUGUSTO CELESTINO","Est. reading time":"11 minutes"},"schema":{"@context":"https:\/\/schema.org","@graph":[{"@type":"NewsArticle","@id":"https:\/\/ubirataonline.com.br\/domingo-19-de-abril-de-2026\/#article","isPartOf":{"@id":"https:\/\/ubirataonline.com.br\/domingo-19-de-abril-de-2026\/"},"author":{"name":"REDA\u00c7\u00c3O: UBIRAT\u00c3 ONLINE - F\u00c1BIO AUGUSTO CELESTINO","@id":"https:\/\/ubirataonline.com.br\/#\/schema\/person\/372f87bbd3fdd79b8556b84c98d0bc1c"},"headline":"domingo, 19 de abril de 2026","datePublished":"2026-04-19T05:02:40+00:00","dateModified":"2026-04-19T05:02:43+00:00","mainEntityOfPage":{"@id":"https:\/\/ubirataonline.com.br\/domingo-19-de-abril-de-2026\/"},"wordCount":2225,"publisher":{"@id":"https:\/\/ubirataonline.com.br\/#organization"},"image":{"@id":"https:\/\/ubirataonline.com.br\/domingo-19-de-abril-de-2026\/#primaryimage"},"thumbnailUrl":"https:\/\/ubirataonline.com.br\/wp-content\/uploads\/2026\/04\/domingo-19-de-abril-de-2026.png","keywords":["abril","domingo"],"articleSection":["Brasil"],"inLanguage":"en-US","copyrightYear":"2026","copyrightHolder":{"@id":"https:\/\/ubirataonline.com.br\/en\/#organization"}},{"@type":"WebPage","@id":"https:\/\/ubirataonline.com.br\/domingo-19-de-abril-de-2026\/","url":"https:\/\/ubirataonline.com.br\/domingo-19-de-abril-de-2026\/","name":"domingo, 19 de abril de 2026 - Ubirat\u00e3 Online Not\u00edcias - A realidade ao seu alcance!","isPartOf":{"@id":"https:\/\/ubirataonline.com.br\/#website"},"primaryImageOfPage":{"@id":"https:\/\/ubirataonline.com.br\/domingo-19-de-abril-de-2026\/#primaryimage"},"image":{"@id":"https:\/\/ubirataonline.com.br\/domingo-19-de-abril-de-2026\/#primaryimage"},"thumbnailUrl":"https:\/\/ubirataonline.com.br\/wp-content\/uploads\/2026\/04\/domingo-19-de-abril-de-2026.png","datePublished":"2026-04-19T05:02:40+00:00","dateModified":"2026-04-19T05:02:43+00:00","description":"Gabi Guimar\u00e3es pode ser campe\u00e3 neste domingo na It\u00e1lia (Foto: foto Rubin\/LVF) O domingo (19) re\u00fane uma agenda esportiva cheia para o Brasil, com destaque","breadcrumb":{"@id":"https:\/\/ubirataonline.com.br\/domingo-19-de-abril-de-2026\/#breadcrumb"},"inLanguage":"en-US","potentialAction":[{"@type":"ReadAction","target":["https:\/\/ubirataonline.com.br\/domingo-19-de-abril-de-2026\/"]}]},{"@type":"ImageObject","inLanguage":"en-US","@id":"https:\/\/ubirataonline.com.br\/domingo-19-de-abril-de-2026\/#primaryimage","url":"https:\/\/ubirataonline.com.br\/wp-content\/uploads\/2026\/04\/domingo-19-de-abril-de-2026.png","contentUrl":"https:\/\/ubirataonline.com.br\/wp-content\/uploads\/2026\/04\/domingo-19-de-abril-de-2026.png","width":1200,"height":720,"caption":"domingo, 19 de abril de 2026"},{"@type":"BreadcrumbList","@id":"https:\/\/ubirataonline.com.br\/domingo-19-de-abril-de-2026\/#breadcrumb","itemListElement":[{"@type":"ListItem","position":1,"name":"In\u00edcio","item":"https:\/\/ubirataonline.com.br\/"},{"@type":"ListItem","position":2,"name":"domingo, 19 de abril de 2026"}]},{"@type":"WebSite","@id":"https:\/\/ubirataonline.com.br\/#website","url":"https:\/\/ubirataonline.com.br\/","name":"Ubirat\u00e3 Online Not\u00edcias","description":"Not\u00edcias de Ubirat\u00e3, regi\u00e3o, Brasil e mundo, com informa\u00e7\u00e3o atualizada e compromisso com o leitor.","publisher":{"@id":"https:\/\/ubirataonline.com.br\/#organization"},"alternateName":"Ubirat\u00e3 Online","potentialAction":[{"@type":"SearchAction","target":{"@type":"EntryPoint","urlTemplate":"https:\/\/ubirataonline.com.br\/?s={search_term_string}"},"query-input":{"@type":"PropertyValueSpecification","valueRequired":true,"valueName":"search_term_string"}}],"inLanguage":"en-US"},{"@type":["Organization","Place"],"@id":"https:\/\/ubirataonline.com.br\/#organization","name":"Ubirat\u00e3 Online Not\u00edcias","alternateName":"Ubirat\u00e3 Online","url":"https:\/\/ubirataonline.com.br\/","logo":{"@id":"https:\/\/ubirataonline.com.br\/domingo-19-de-abril-de-2026\/#local-main-organization-logo"},"image":{"@id":"https:\/\/ubirataonline.com.br\/domingo-19-de-abril-de-2026\/#local-main-organization-logo"},"sameAs":["https:\/\/www.facebook.com\/portalubirataonline","https:\/\/x.com\/ubirataonline","https:\/\/mastodon.social\/@ubirataonline","https:\/\/www.facebook.com\/groups\/311144672285604","https:\/\/www.facebook.com\/UBTAOnline","https:\/\/www.instagram.com\/portalubirataonline\/","https:\/\/twitter.com\/ubirataonline"],"description":"Somos um portal de not\u00edcias independente, criado em 5 de janeiro de 2009, com o objetivo de informar, conectar e valorizar a nossa comunidade de Ubirat\u00e3 e toda aregi\u00e3o. Com conte\u00fado atualizado, confi\u00e1vel e relevante, o Ubirat\u00e3 Online \u00e9 o seu espa\u00e7o para ficar por dentro dos principais acontecimentos locais, regionais, Brasil, Mundo e de interesse geral. Nosso compromisso \u00e9 com a verdade, a transpar\u00eancia e o respeito ao leitor.","legalName":"UBIRATA ONLINE NOT\u00cdCIAS","foundingDate":"2009-01-05","numberOfEmployees":{"@type":"QuantitativeValue","minValue":"1","maxValue":"10"},"publishingPrinciples":"https:\/\/ubirataonline.com.br\/faq\/","address":{"@id":"https:\/\/ubirataonline.com.br\/domingo-19-de-abril-de-2026\/#local-main-place-address"},"geo":{"@type":"GeoCoordinates","latitude":"-24.5361401","longitude":"-52.9921776"},"telephone":["+5544998308235"],"contactPoint":{"@type":"ContactPoint","email":"contato@ubirataonline.com.br"},"openingHoursSpecification":{"@type":"OpeningHoursSpecification","dayOfWeek":["Monday","Tuesday","Wednesday","Thursday","Friday","Saturday","Sunday"],"opens":"00:00","closes":"23:59"},"email":"contato@ubirataonline.com.br","vatID":"47.621.418\/0001-80"},{"@type":"Person","@id":"https:\/\/ubirataonline.com.br\/#\/schema\/person\/372f87bbd3fdd79b8556b84c98d0bc1c","name":"REDA\u00c7\u00c3O: UBIRAT\u00c3 ONLINE - F\u00c1BIO AUGUSTO CELESTINO","pronouns":"Ele","description":"Desde 2003 trabalhando com not\u00edcias.","sameAs":["http:\/\/ubirataoline.com.br","https:\/\/www.facebook.com\/portalubirataonline","https:\/\/www.instagram.com\/ubirataonline_oficial","https:\/\/x.com\/x.com\/ubirataonline"],"honorificPrefix":"Mr.","honorificSuffix":"MD","birthDate":"1980-06-16","gender":"masculino","award":["V\u00e1rios pr\u00eamios de melhor portal da cidade"],"jobTitle":"Diretor","url":"https:\/\/ubirataonline.com.br\/en\/author\/ubirataonline\/"},{"@type":"PostalAddress","@id":"https:\/\/ubirataonline.com.br\/domingo-19-de-abril-de-2026\/#local-main-place-address","streetAddress":"Rua dos Coqueiros, 104 - Bairro Boa Vista, Rua dos Coqueiros, 104 Bairro Boa Vista","addressLocality":"UBIRATA","postalCode":"85440-000","addressRegion":"PR","addressCountry":"BR"},{"@type":"ImageObject","inLanguage":"en-US","@id":"https:\/\/ubirataonline.com.br\/domingo-19-de-abril-de-2026\/#local-main-organization-logo","url":"https:\/\/ubirataonline.com.br\/wp-content\/uploads\/2026\/06\/logoubirataonline-1.webp","contentUrl":"https:\/\/ubirataonline.com.br\/wp-content\/uploads\/2026\/06\/logoubirataonline-1.webp","width":500,"height":500,"caption":"Ubirat\u00e3 Online Not\u00edcias"}]},"geo.placename":"UBIRATA","geo.position":{"lat":"-24.5361401","long":"-52.9921776"},"geo.region":"Brazil"},"_links":{"self":[{"href":"https:\/\/ubirataonline.com.br\/en\/wp-json\/wp\/v2\/posts\/111581","targetHints":{"allow":["GET"]}}],"collection":[{"href":"https:\/\/ubirataonline.com.br\/en\/wp-json\/wp\/v2\/posts"}],"about":[{"href":"https:\/\/ubirataonline.com.br\/en\/wp-json\/wp\/v2\/types\/post"}],"author":[{"embeddable":true,"href":"https:\/\/ubirataonline.com.br\/en\/wp-json\/wp\/v2\/users\/1"}],"replies":[{"embeddable":true,"href":"https:\/\/ubirataonline.com.br\/en\/wp-json\/wp\/v2\/comments?post=111581"}],"version-history":[{"count":0,"href":"https:\/\/ubirataonline.com.br\/en\/wp-json\/wp\/v2\/posts\/111581\/revisions"}],"wp:featuredmedia":[{"embeddable":true,"href":"https:\/\/ubirataonline.com.br\/en\/wp-json\/wp\/v2\/media\/111582"}],"wp:attachment":[{"href":"https:\/\/ubirataonline.com.br\/en\/wp-json\/wp\/v2\/media?parent=111581"}],"wp:term":[{"taxonomy":"category","embeddable":true,"href":"https:\/\/ubirataonline.com.br\/en\/wp-json\/wp\/v2\/categories?post=111581"},{"taxonomy":"post_tag","embeddable":true,"href":"https:\/\/ubirataonline.com.br\/en\/wp-json\/wp\/v2\/tags?post=111581"}],"curies":[{"name":"wp","href":"https:\/\/api.w.org\/{rel}","templated":true}]}}