{"id":111693,"date":"2026-04-19T05:12:44","date_gmt":"2026-04-19T08:12:44","guid":{"rendered":"https:\/\/ubirataonline.com.br\/trump-to-read-bible-verse-from-oval-office-after-feud-with-pope-and-deleted-ai-image\/"},"modified":"2026-04-19T05:12:46","modified_gmt":"2026-04-19T08:12:46","slug":"trump-to-read-bible-verse-from-oval-office-after-feud-with-pope-and-deleted-ai-image","status":"publish","type":"post","link":"https:\/\/ubirataonline.com.br\/en\/trump-to-read-bible-verse-from-oval-office-after-feud-with-pope-and-deleted-ai-image\/","title":{"rendered":"Trump to read Bible verse from Oval Office after feud with Pope and deleted AI image"},"content":{"rendered":"<p><\/p>\n<div data-editable=\"content\" itemprop=\"articleBody\" data-reorderable=\"content\">\n<p class=\"paragraph-elevate inline-placeholder vossi-paragraph_elevate\" data-uri=\"cms.cnn.com\/_components\/paragraph\/instances\/cmo4m9ufr004r27p24vkpf6d2@published\" data-editable=\"text\" data-component-name=\"paragraph\" data-article-gutter=\"true\">\n            President Donald Trump will participate in a public Bible reading this week as the administration continues to integrate religion, particularly Christianity, into official business.\n    <\/p>\n<p class=\"paragraph-elevate inline-placeholder vossi-paragraph_elevate\" data-uri=\"cms.cnn.com\/_components\/paragraph\/instances\/cmo4n9032000i3b6qtdjyife5@published\" data-editable=\"text\" data-component-name=\"paragraph\" data-article-gutter=\"true\">\n            \u201cOn April 21, President Trump is scheduled to read Scripture via video message from the Oval Office during the 6 p.m. EST hour,\u201d a press release from organizers reads. The event is called \u201cAmerica Reads The Bible.\u201d\n    <\/p>\n<p class=\"paragraph-elevate inline-placeholder vossi-paragraph_elevate\" data-uri=\"cms.cnn.com\/_components\/paragraph\/instances\/cmo4mhm2b00073b6qnph6s22w@published\" data-editable=\"text\" data-component-name=\"paragraph\" data-article-gutter=\"true\">\n            Trump\u2019s participation in the <a href=\"https:\/\/www.americareadsthebible.com\/about\" target=\"_blank\">weeklong reading<\/a> is particularly notable given his recent <a href=\"https:\/\/www.cnn.com\/2026\/04\/17\/americas\/trump-pope-us-vatican-iran-war-intl\">feud with Pope Leo<\/a> over the Iran conflict and the backlash he received earlier this week for posting \u2013 and then deleting \u2013 an <a href=\"https:\/\/www.cnn.com\/2026\/04\/13\/politics\/trump-jesus-post-pope-feud\">AI-generated image depicting himself as Jesus.<\/a>\n    <\/p>\n<p class=\"paragraph-elevate inline-placeholder vossi-paragraph_elevate\" data-uri=\"cms.cnn.com\/_components\/paragraph\/instances\/cmo4nb4uv000k3b6qspmcl6a2@published\" data-editable=\"text\" data-component-name=\"paragraph\" data-article-gutter=\"true\">\n            In the video message, Trump, according to organizers, will read a passage from 2 Chronicles 7:11-22, which includes the frequently quoted verse 14: \u201cIf my people, which are called by my name, shall humble themselves, and pray, and seek my face, and turn from their wicked ways; then will I hear from heaven, and will forgive their sin, and will heal their land.\u201d\n    <\/p>\n<p class=\"paragraph-elevate inline-placeholder vossi-paragraph_elevate\" data-uri=\"cms.cnn.com\/_components\/paragraph\/instances\/cmo52qb3300093b6qqly8ymvn@published\" data-editable=\"text\" data-component-name=\"paragraph\" data-article-gutter=\"true\">\n            The verse also gained public attention when the founder of \u201cCowboys for Trump,\u201d <a href=\"https:\/\/www.cnn.com\/2024\/10\/22\/politics\/cowboys-for-trump-january-6-capitol-riot\">Couy Griffin<\/a>, prayed over the crowd at the January 6, 2021, US Capitol riot.\n    <\/p>\n<p class=\"paragraph-elevate inline-placeholder vossi-paragraph_elevate\" data-uri=\"cms.cnn.com\/_components\/paragraph\/instances\/cmo53509h00003b6qztzazve9@published\" data-editable=\"text\" data-component-name=\"paragraph\" data-article-gutter=\"true\">\n            But Trump\u2019s ties to the verse go back even further, according to the <a href=\"https:\/\/www.christianpost.com\/news\/donald-trumps-election-gods-answer-prayers-anne-graham-lotz.html\" target=\"_blank\">Christian Post<\/a>. Soon after his 2016 victory, evangelist Anne Graham Lotz, Billy Graham\u2019s daughter, said it was a sign that God was answering the prayer of his people, just like in 2 Chronicles 7:14.\n    <\/p>\n<p class=\"paragraph-elevate inline-placeholder vossi-paragraph_elevate\" data-uri=\"cms.cnn.com\/_components\/paragraph\/instances\/cmo51dy0r00023b6qquj0e5s6@published\" data-editable=\"text\" data-component-name=\"paragraph\" data-article-gutter=\"true\">\n            Founder and president of Christians Engaged, Bunni Pounds, who helped organize the event, told <a href=\"https:\/\/www.foxnews.com\/politics\/trump-set-read-scripture-oval-office-america-reads-bible-event-starting-sunday\" target=\"_blank\">Fox News <\/a>that they \u201cneeded someone special to read Second Chronicles, chapter seven\u201d and that they set aside the passage for Trump to read.\n    <\/p>\n<p class=\"paragraph-elevate inline-placeholder vossi-paragraph_elevate\" data-uri=\"cms.cnn.com\/_components\/paragraph\/instances\/cmo51dy0r00033b6qwsymeq34@published\" data-editable=\"text\" data-component-name=\"paragraph\" data-article-gutter=\"true\">\n            Margaret Susan Thompson, professor of history and political science in the Maxwell School at Syracuse University, told CNN the verse has been seen by many Evangelical Christians as a \u201cjustification of calling upon God to bless their nation.\u201d\n    <\/p>\n<p class=\"paragraph-elevate inline-placeholder vossi-paragraph_elevate\" data-uri=\"cms.cnn.com\/_components\/paragraph\/instances\/cmo51dy0r00043b6qy2ywvehr@published\" data-editable=\"text\" data-component-name=\"paragraph\" data-article-gutter=\"true\">\n            While the Trump administration has recently invoked Christian language in public affairs, Thompson noted that previously American leaders from former President Jimmy Carter to former President George W. Bush have integrated their religious convictions into a mindset that shapes their goals for the nation, but that individual public leaders have not made their faith a mandate.\n    <\/p>\n<p class=\"paragraph-elevate inline-placeholder vossi-paragraph_elevate\" data-uri=\"cms.cnn.com\/_components\/paragraph\/instances\/cmo51dy0r00053b6qzto1w1tw@published\" data-editable=\"text\" data-component-name=\"paragraph\" data-article-gutter=\"true\">\n            \u201cThe problem is when it is prescribed for the entire nation as normative or as mandatory as a religious kind of doctrine,\u201d Thompson said.\n    <\/p>\n<p class=\"paragraph-elevate inline-placeholder vossi-paragraph_elevate\" data-uri=\"cms.cnn.com\/_components\/paragraph\/instances\/cmo51dwqo00003b6qsr8fxbxn@published\" data-editable=\"text\" data-component-name=\"paragraph\" data-article-gutter=\"true\">\n            Many administration officials will join the president during the reading, according to the press release, including Secretary of State Marco Rubio, Defense Secretary Pete Hegseth and chief of staff Susie Wiles.\n    <\/p>\n<p class=\"paragraph-elevate inline-placeholder vossi-paragraph_elevate\" data-uri=\"cms.cnn.com\/_components\/paragraph\/instances\/cmo4nj7go000p3b6qm1ex1qtc@published\" data-editable=\"text\" data-component-name=\"paragraph\" data-article-gutter=\"true\">\n            Trump found himself at the center of two religious matters last week, which began with a <a href=\"https:\/\/www.cnn.com\/2026\/04\/12\/politics\/trump-pope-leo-criticism-hnk-intl\">feud<\/a> with Pope Leo, who has spoken out against the war with Iran.\n    <\/p>\n<p class=\"paragraph-elevate inline-placeholder vossi-paragraph_elevate\" data-uri=\"cms.cnn.com\/_components\/paragraph\/instances\/cmo4nt7q0000w3b6qs4eadq9f@published\" data-editable=\"text\" data-component-name=\"paragraph\" data-article-gutter=\"true\">\n            The president criticized the pope, telling reporters, \u201cWe don\u2019t like a pope that\u2019s going to say that it\u2019s OK to have a nuclear weapon,\u201d adding, \u201cI\u2019m not a fan of Pope Leo.\u201d\n    <\/p>\n<p class=\"paragraph-elevate inline-placeholder vossi-paragraph_elevate\" data-uri=\"cms.cnn.com\/_components\/paragraph\/instances\/cmo4mtgf7000b3b6qwaj08jo4@published\" data-editable=\"text\" data-component-name=\"paragraph\" data-article-gutter=\"true\">\n            The pope said in response that he has \u201cno fear of the Trump administration.\u201d\n    <\/p>\n<div data-uri=\"cms.cnn.com\/_components\/image\/instances\/cmo4r5qj200023b6qi1c6gb48@published\" class=\"image_large-elevate vossi-image_large-elevate  image_large__hide-placeholder\" data-image-variation=\"image_large\" data-name=\"AP26108348355602.jpg\" data-component-name=\"image\" data-observe-resizes=\"\" data-breakpoints=\"{\" image_large--eq-extra-small=\"\" data-original-ratio=\"0.6666666666666666\" data-original-height=\"2000\" data-original-width=\"3000\" data-url=\"https:\/\/media.cnn.com\/api\/v1\/images\/stellar\/prod\/ap26108348355602.jpg?c=original\" data-editable=\"settings\" data-article-gutter=\"true\">\n<div class=\"image_large__container\" data-image-variation=\"image_large\" data-breakpoints=\"{\" image_large--eq-extra-small=\"\">\n       <picture class=\"image_large__picture\"><source height=\"undefined\" width=\"679\" media=\"(max-width: 479px)\" srcset=\"https:\/\/media.cnn.com\/api\/v1\/images\/stellar\/prod\/ap26108348355602.jpg?c=original&amp;q=w_679,c_fill\/f_webp\" type=\"image\/webp\"><source height=\"undefined\" width=\"967\" media=\"(min-width: 480px) and (max-width: 767px)\" srcset=\"https:\/\/media.cnn.com\/api\/v1\/images\/stellar\/prod\/ap26108348355602.jpg?c=original&amp;q=w_967,c_fill\/f_webp\" type=\"image\/webp\"><source height=\"undefined\" width=\"860\" media=\"(min-width: 768px) and (max-width: 1023px)\" srcset=\"https:\/\/media.cnn.com\/api\/v1\/images\/stellar\/prod\/ap26108348355602.jpg?c=original&amp;q=w_860,c_fill\/f_webp\" type=\"image\/webp\"><source height=\"undefined\" width=\"860\" media=\"(min-width: 1024px) and (max-width: 1279px)\" srcset=\"https:\/\/media.cnn.com\/api\/v1\/images\/stellar\/prod\/ap26108348355602.jpg?c=original&amp;q=w_860,c_fill\/f_webp\" type=\"image\/webp\"><source height=\"undefined\" width=\"860\" media=\"(min-width: 1280px)\" srcset=\"https:\/\/media.cnn.com\/api\/v1\/images\/stellar\/prod\/ap26108348355602.jpg?c=original&amp;q=w_860,c_fill\/f_webp\" type=\"image\/webp\"><\/source><\/source><\/source><\/source><\/source><\/picture>\n    <\/div>\n<\/div>\n<p class=\"paragraph-elevate inline-placeholder vossi-paragraph_elevate\" data-uri=\"cms.cnn.com\/_components\/paragraph\/instances\/cmo4n1kze000f3b6qb8t0uvo8@published\" data-editable=\"text\" data-component-name=\"paragraph\" data-article-gutter=\"true\">\n            The president then had to defend himself after <a href=\"https:\/\/www.cnn.com\/2026\/04\/13\/politics\/trump-jesus-post-pope-feud\">posting<\/a> an AI image of himself as Jesus, which drew the ire of some within his own base.\n    <\/p>\n<p class=\"paragraph-elevate inline-placeholder vossi-paragraph_elevate\" data-uri=\"cms.cnn.com\/_components\/paragraph\/instances\/cmo4noov9000r3b6q438kreae@published\" data-editable=\"text\" data-component-name=\"paragraph\" data-article-gutter=\"true\">\n            \u201cI thought it was me as a doctor and had to do with Red Cross,\u201d he told reporters outside the West Wing. \u201cIt\u2019s supposed to be me as a doctor making people better. And I do make people better.\u201d\n    <\/p>\n<p class=\"paragraph-elevate inline-placeholder vossi-paragraph_elevate\" data-uri=\"cms.cnn.com\/_components\/paragraph\/instances\/cmo4np8up000t3b6qhiem4bre@published\" data-editable=\"text\" data-component-name=\"paragraph\" data-article-gutter=\"true\">\n            Since Trump returned to office last year, the administration has chipped away at the separation between church and state.\n    <\/p>\n<p class=\"paragraph-elevate inline-placeholder vossi-paragraph_elevate\" data-uri=\"cms.cnn.com\/_components\/paragraph\/instances\/cmo4pmeye00013b6q9kbxwfvs@published\" data-editable=\"text\" data-component-name=\"paragraph\" data-article-gutter=\"true\">\n            The White House has <a href=\"https:\/\/www.whitehouse.gov\/freedom250\/america-prays\/\" target=\"_blank\">asked Americans to pray<\/a> for an hour a week, <a href=\"https:\/\/www.facebook.com\/homelandsecurity\/videos\/here-am-i-send-me-\/573034619213993\/\" target=\"_blank\">Bible verses<\/a> and Christian imagery have appeared on <a href=\"https:\/\/x.com\/DOWResponse\/status\/1964681120483864908\" target=\"_blank\">official government<\/a> social <a href=\"https:\/\/x.com\/DOWResponse\/status\/1954535471125569913\" target=\"_blank\">media accounts<\/a>, and federal agencies have hosted prayer service.\n    <\/p>\n<p class=\"paragraph-elevate inline-placeholder vossi-paragraph_elevate\" data-uri=\"cms.cnn.com\/_components\/paragraph\/instances\/cmo4pr0th00033b6q96so5oxe@published\" data-editable=\"text\" data-component-name=\"paragraph\" data-article-gutter=\"true\">\n            Earlier this year, Hegseth \u2013 who has particularly sought to infuse religion into official Pentagon business and regularly evokes scripture \u2013 <a href=\"https:\/\/www.cnn.com\/2026\/02\/19\/politics\/douglas-wilson-pastor-pentagon-service-christian-nationalism\">invited a pastor with controversial views<\/a> to lead prayer service at the Pentagon. The pastor, Douglas Wilson, <a href=\"https:\/\/www.cnn.com\/2025\/08\/07\/politics\/pastor-doug-wilson-christian-domination-trump\">supports repealing women\u2019s right to vote<\/a>, believes homosexuality should be a crime and calls for Christian theocracy.\n    <\/p>\n<p class=\"paragraph-elevate inline-placeholder vossi-paragraph_elevate\" data-uri=\"cms.cnn.com\/_components\/paragraph\/instances\/cmo4psh1100053b6q63j8r75z@published\" data-editable=\"text\" data-component-name=\"paragraph\" data-article-gutter=\"true\">\n            At a <a href=\"https:\/\/www.war.gov\/News\/Transcripts\/Transcript\/Article\/4462029\/secretary-of-war-pete-hegseth-and-chairman-of-the-joint-chiefs-of-staff-gen-dan\/\" target=\"_blank\">Pentagon briefing<\/a> on the Iran war earlier this week, Hegseth compared reporters to Pharisees, \u201cthe self-appointed elites of their time\u201d who doubted Jesus\u2019 \u201cgoodness.\u201d\n    <\/p>\n<\/p><\/div>\n<p><a href=\"https:\/\/www.cnn.com\/2026\/04\/19\/politics\/trump-bible-reading-oval-office\">Source link <\/a><\/p>","protected":false},"excerpt":{"rendered":"<p>President Donald Trump will participate in a public Bible reading this week as the administration continues to integrate religion, particularly Christianity, into official business. \u201cOn April 21, President Trump is scheduled to read Scripture via video message from the Oval Office during the 6 p.m. EST hour,\u201d a press release from organizers reads. The event [&hellip;]<\/p>\n","protected":false},"author":1,"featured_media":111694,"comment_status":"closed","ping_status":"","sticky":false,"template":"","format":"standard","meta":{"googlesitekit_rrm_CAow2JLhCw:productID":"","_gspb_post_css":"","maa_idioma":"","maa_pais":"","footnotes":""},"categories":[1],"tags":[23505,19149,7304,19078,6229,29918,8984,9598,1603,29917],"class_list":["post-111693","post","type-post","status-publish","format-standard","has-post-thumbnail","hentry","category-ubirata","tag-bible","tag-deleted","tag-feud","tag-image","tag-office","tag-oval","tag-pope","tag-read","tag-trump","tag-verse"],"blocksy_meta":[],"yoast_head":"<!-- This site is optimized with the Yoast SEO Premium plugin v27.6 (Yoast SEO v27.6) - https:\/\/yoast.com\/product\/yoast-seo-premium-wordpress\/ -->\n<title>Trump to read Bible verse from Oval Office after feud with Pope and deleted AI image - Ubirat\u00e3 Online Not\u00edcias - A realidade ao seu alcance!<\/title>\n<meta name=\"description\" content=\"President Donald Trump will participate in a public Bible reading this week as the administration continues to integrate religion, particularly\" \/>\n<meta name=\"robots\" content=\"index, follow, max-snippet:-1, max-image-preview:large, max-video-preview:-1\" \/>\n<link rel=\"canonical\" href=\"https:\/\/ubirataonline.com.br\/en\/trump-to-read-bible-verse-from-oval-office-after-feud-with-pope-and-deleted-ai-image\/\" \/>\n<meta property=\"og:locale\" content=\"en_US\" \/>\n<meta property=\"og:type\" content=\"article\" \/>\n<meta property=\"og:title\" content=\"Trump to read Bible verse from Oval Office after feud with Pope and deleted AI image\" \/>\n<meta property=\"og:description\" content=\"President Donald Trump will participate in a public Bible reading this week as the administration continues to integrate religion, particularly\" \/>\n<meta property=\"og:url\" content=\"https:\/\/ubirataonline.com.br\/en\/trump-to-read-bible-verse-from-oval-office-after-feud-with-pope-and-deleted-ai-image\/\" \/>\n<meta property=\"og:site_name\" content=\"Ubirat\u00e3 Online Not\u00edcias - A realidade ao seu alcance!\" \/>\n<meta property=\"article:publisher\" content=\"https:\/\/www.facebook.com\/portalubirataonline\" \/>\n<meta property=\"article:author\" content=\"https:\/\/www.facebook.com\/portalubirataonline\" \/>\n<meta property=\"article:published_time\" content=\"2026-04-19T08:12:44+00:00\" \/>\n<meta property=\"article:modified_time\" content=\"2026-04-19T08:12:46+00:00\" \/>\n<meta property=\"og:image\" content=\"https:\/\/ubirataonline.com.br\/wp-content\/uploads\/2026\/04\/Trump-to-read-Bible-verse-from-Oval-Office-after-feud.jpg\" \/>\n\t<meta property=\"og:image:width\" content=\"800\" \/>\n\t<meta property=\"og:image:height\" content=\"450\" \/>\n\t<meta property=\"og:image:type\" content=\"image\/jpeg\" \/>\n<meta name=\"author\" content=\"REDA\u00c7\u00c3O: UBIRAT\u00c3 ONLINE - F\u00c1BIO AUGUSTO CELESTINO\" \/>\n<meta name=\"twitter:card\" content=\"summary_large_image\" \/>\n<meta name=\"twitter:creator\" content=\"@x.com\/ubirataonline\" \/>\n<meta name=\"twitter:site\" content=\"@ubirataonline\" \/>\n<meta name=\"twitter:label1\" content=\"Written by\" \/>\n\t<meta name=\"twitter:data1\" content=\"REDA\u00c7\u00c3O: UBIRAT\u00c3 ONLINE - F\u00c1BIO AUGUSTO CELESTINO\" \/>\n\t<meta name=\"twitter:label2\" content=\"Est. reading time\" \/>\n\t<meta name=\"twitter:data2\" content=\"3 minutes\" \/>\n<script type=\"application\/ld+json\" class=\"yoast-schema-graph\">{\"@context\":\"https:\\\/\\\/schema.org\",\"@graph\":[{\"@type\":\"NewsArticle\",\"@id\":\"https:\\\/\\\/ubirataonline.com.br\\\/trump-to-read-bible-verse-from-oval-office-after-feud-with-pope-and-deleted-ai-image\\\/#article\",\"isPartOf\":{\"@id\":\"https:\\\/\\\/ubirataonline.com.br\\\/trump-to-read-bible-verse-from-oval-office-after-feud-with-pope-and-deleted-ai-image\\\/\"},\"author\":{\"name\":\"REDA\u00c7\u00c3O: UBIRAT\u00c3 ONLINE - F\u00c1BIO AUGUSTO CELESTINO\",\"@id\":\"https:\\\/\\\/ubirataonline.com.br\\\/#\\\/schema\\\/person\\\/372f87bbd3fdd79b8556b84c98d0bc1c\"},\"headline\":\"Trump to read Bible verse from Oval Office after feud with Pope and deleted AI image\",\"datePublished\":\"2026-04-19T08:12:44+00:00\",\"dateModified\":\"2026-04-19T08:12:46+00:00\",\"mainEntityOfPage\":{\"@id\":\"https:\\\/\\\/ubirataonline.com.br\\\/trump-to-read-bible-verse-from-oval-office-after-feud-with-pope-and-deleted-ai-image\\\/\"},\"wordCount\":715,\"publisher\":{\"@id\":\"https:\\\/\\\/ubirataonline.com.br\\\/#organization\"},\"image\":{\"@id\":\"https:\\\/\\\/ubirataonline.com.br\\\/trump-to-read-bible-verse-from-oval-office-after-feud-with-pope-and-deleted-ai-image\\\/#primaryimage\"},\"thumbnailUrl\":\"https:\\\/\\\/ubirataonline.com.br\\\/wp-content\\\/uploads\\\/2026\\\/04\\\/Trump-to-read-Bible-verse-from-Oval-Office-after-feud.jpg\",\"keywords\":[\"Bible\",\"deleted\",\"feud\",\"Image\",\"Office\",\"Oval\",\"Pope\",\"Read\",\"Trump\",\"verse\"],\"articleSection\":[\"Ubirat\u00e3\"],\"inLanguage\":\"en-US\",\"copyrightYear\":\"2026\",\"copyrightHolder\":{\"@id\":\"https:\\\/\\\/ubirataonline.com.br\\\/en\\\/#organization\"}},{\"@type\":\"WebPage\",\"@id\":\"https:\\\/\\\/ubirataonline.com.br\\\/trump-to-read-bible-verse-from-oval-office-after-feud-with-pope-and-deleted-ai-image\\\/\",\"url\":\"https:\\\/\\\/ubirataonline.com.br\\\/trump-to-read-bible-verse-from-oval-office-after-feud-with-pope-and-deleted-ai-image\\\/\",\"name\":\"Trump to read Bible verse from Oval Office after feud with Pope and deleted AI image - Ubirat\u00e3 Online Not\u00edcias - A realidade ao seu alcance!\",\"isPartOf\":{\"@id\":\"https:\\\/\\\/ubirataonline.com.br\\\/#website\"},\"primaryImageOfPage\":{\"@id\":\"https:\\\/\\\/ubirataonline.com.br\\\/trump-to-read-bible-verse-from-oval-office-after-feud-with-pope-and-deleted-ai-image\\\/#primaryimage\"},\"image\":{\"@id\":\"https:\\\/\\\/ubirataonline.com.br\\\/trump-to-read-bible-verse-from-oval-office-after-feud-with-pope-and-deleted-ai-image\\\/#primaryimage\"},\"thumbnailUrl\":\"https:\\\/\\\/ubirataonline.com.br\\\/wp-content\\\/uploads\\\/2026\\\/04\\\/Trump-to-read-Bible-verse-from-Oval-Office-after-feud.jpg\",\"datePublished\":\"2026-04-19T08:12:44+00:00\",\"dateModified\":\"2026-04-19T08:12:46+00:00\",\"description\":\"President Donald Trump will participate in a public Bible reading this week as the administration continues to integrate religion, particularly\",\"breadcrumb\":{\"@id\":\"https:\\\/\\\/ubirataonline.com.br\\\/trump-to-read-bible-verse-from-oval-office-after-feud-with-pope-and-deleted-ai-image\\\/#breadcrumb\"},\"inLanguage\":\"en-US\",\"potentialAction\":[{\"@type\":\"ReadAction\",\"target\":[\"https:\\\/\\\/ubirataonline.com.br\\\/trump-to-read-bible-verse-from-oval-office-after-feud-with-pope-and-deleted-ai-image\\\/\"]}]},{\"@type\":\"ImageObject\",\"inLanguage\":\"en-US\",\"@id\":\"https:\\\/\\\/ubirataonline.com.br\\\/trump-to-read-bible-verse-from-oval-office-after-feud-with-pope-and-deleted-ai-image\\\/#primaryimage\",\"url\":\"https:\\\/\\\/ubirataonline.com.br\\\/wp-content\\\/uploads\\\/2026\\\/04\\\/Trump-to-read-Bible-verse-from-Oval-Office-after-feud.jpg\",\"contentUrl\":\"https:\\\/\\\/ubirataonline.com.br\\\/wp-content\\\/uploads\\\/2026\\\/04\\\/Trump-to-read-Bible-verse-from-Oval-Office-after-feud.jpg\",\"width\":800,\"height\":450,\"caption\":\"Chandan Khanna\\\/AFP\\\/Getty Images\"},{\"@type\":\"BreadcrumbList\",\"@id\":\"https:\\\/\\\/ubirataonline.com.br\\\/trump-to-read-bible-verse-from-oval-office-after-feud-with-pope-and-deleted-ai-image\\\/#breadcrumb\",\"itemListElement\":[{\"@type\":\"ListItem\",\"position\":1,\"name\":\"In\u00edcio\",\"item\":\"https:\\\/\\\/ubirataonline.com.br\\\/\"},{\"@type\":\"ListItem\",\"position\":2,\"name\":\"Trump to read Bible verse from Oval Office after feud with Pope and deleted AI image\"}]},{\"@type\":\"WebSite\",\"@id\":\"https:\\\/\\\/ubirataonline.com.br\\\/#website\",\"url\":\"https:\\\/\\\/ubirataonline.com.br\\\/\",\"name\":\"Ubirat\u00e3 Online Not\u00edcias\",\"description\":\"Not\u00edcias de Ubirat\u00e3, regi\u00e3o, Brasil e mundo, com informa\u00e7\u00e3o atualizada e compromisso com o leitor.\",\"publisher\":{\"@id\":\"https:\\\/\\\/ubirataonline.com.br\\\/#organization\"},\"alternateName\":\"Ubirat\u00e3 Online\",\"potentialAction\":[{\"@type\":\"SearchAction\",\"target\":{\"@type\":\"EntryPoint\",\"urlTemplate\":\"https:\\\/\\\/ubirataonline.com.br\\\/?s={search_term_string}\"},\"query-input\":{\"@type\":\"PropertyValueSpecification\",\"valueRequired\":true,\"valueName\":\"search_term_string\"}}],\"inLanguage\":\"en-US\"},{\"@type\":[\"Organization\",\"Place\"],\"@id\":\"https:\\\/\\\/ubirataonline.com.br\\\/#organization\",\"name\":\"Ubirat\u00e3 Online Not\u00edcias\",\"alternateName\":\"Ubirat\u00e3 Online\",\"url\":\"https:\\\/\\\/ubirataonline.com.br\\\/\",\"logo\":{\"@id\":\"https:\\\/\\\/ubirataonline.com.br\\\/trump-to-read-bible-verse-from-oval-office-after-feud-with-pope-and-deleted-ai-image\\\/#local-main-organization-logo\"},\"image\":{\"@id\":\"https:\\\/\\\/ubirataonline.com.br\\\/trump-to-read-bible-verse-from-oval-office-after-feud-with-pope-and-deleted-ai-image\\\/#local-main-organization-logo\"},\"sameAs\":[\"https:\\\/\\\/www.facebook.com\\\/portalubirataonline\",\"https:\\\/\\\/x.com\\\/ubirataonline\",\"https:\\\/\\\/mastodon.social\\\/@ubirataonline\",\"https:\\\/\\\/www.facebook.com\\\/groups\\\/311144672285604\",\"https:\\\/\\\/www.facebook.com\\\/UBTAOnline\",\"https:\\\/\\\/www.instagram.com\\\/portalubirataonline\\\/\",\"https:\\\/\\\/twitter.com\\\/ubirataonline\"],\"description\":\"Somos um portal de not\u00edcias independente, criado em 5 de janeiro de 2009, com o objetivo de informar, conectar e valorizar a nossa comunidade de Ubirat\u00e3 e toda aregi\u00e3o. Com conte\u00fado atualizado, confi\u00e1vel e relevante, o Ubirat\u00e3 Online \u00e9 o seu espa\u00e7o para ficar por dentro dos principais acontecimentos locais, regionais, Brasil, Mundo e de interesse geral. Nosso compromisso \u00e9 com a verdade, a transpar\u00eancia e o respeito ao leitor.\",\"legalName\":\"UBIRATA ONLINE NOT\u00cdCIAS\",\"foundingDate\":\"2009-01-05\",\"numberOfEmployees\":{\"@type\":\"QuantitativeValue\",\"minValue\":\"1\",\"maxValue\":\"10\"},\"publishingPrinciples\":\"https:\\\/\\\/ubirataonline.com.br\\\/faq\\\/\",\"address\":{\"@id\":\"https:\\\/\\\/ubirataonline.com.br\\\/trump-to-read-bible-verse-from-oval-office-after-feud-with-pope-and-deleted-ai-image\\\/#local-main-place-address\"},\"geo\":{\"@type\":\"GeoCoordinates\",\"latitude\":\"-24.5361401\",\"longitude\":\"-52.9921776\"},\"telephone\":[\"+5544998308235\"],\"contactPoint\":{\"@type\":\"ContactPoint\",\"email\":\"contato@ubirataonline.com.br\"},\"openingHoursSpecification\":{\"@type\":\"OpeningHoursSpecification\",\"dayOfWeek\":[\"Monday\",\"Tuesday\",\"Wednesday\",\"Thursday\",\"Friday\",\"Saturday\",\"Sunday\"],\"opens\":\"00:00\",\"closes\":\"23:59\"},\"email\":\"contato@ubirataonline.com.br\",\"vatID\":\"47.621.418\\\/0001-80\"},{\"@type\":\"Person\",\"@id\":\"https:\\\/\\\/ubirataonline.com.br\\\/#\\\/schema\\\/person\\\/372f87bbd3fdd79b8556b84c98d0bc1c\",\"name\":\"REDA\u00c7\u00c3O: UBIRAT\u00c3 ONLINE - F\u00c1BIO AUGUSTO CELESTINO\",\"pronouns\":\"Ele\",\"description\":\"Desde 2003 trabalhando com not\u00edcias.\",\"sameAs\":[\"http:\\\/\\\/ubirataoline.com.br\",\"https:\\\/\\\/www.facebook.com\\\/portalubirataonline\",\"https:\\\/\\\/www.instagram.com\\\/ubirataonline_oficial\",\"https:\\\/\\\/x.com\\\/x.com\\\/ubirataonline\"],\"honorificPrefix\":\"Mr.\",\"honorificSuffix\":\"MD\",\"birthDate\":\"1980-06-16\",\"gender\":\"masculino\",\"award\":[\"V\u00e1rios pr\u00eamios de melhor portal da cidade\"],\"jobTitle\":\"Diretor\",\"url\":\"https:\\\/\\\/ubirataonline.com.br\\\/en\\\/author\\\/ubirataonline\\\/\"},{\"@type\":\"PostalAddress\",\"@id\":\"https:\\\/\\\/ubirataonline.com.br\\\/trump-to-read-bible-verse-from-oval-office-after-feud-with-pope-and-deleted-ai-image\\\/#local-main-place-address\",\"streetAddress\":\"Rua dos Coqueiros, 104 - Bairro Boa Vista, Rua dos Coqueiros, 104 Bairro Boa Vista\",\"addressLocality\":\"UBIRATA\",\"postalCode\":\"85440-000\",\"addressRegion\":\"PR\",\"addressCountry\":\"BR\"},{\"@type\":\"ImageObject\",\"inLanguage\":\"en-US\",\"@id\":\"https:\\\/\\\/ubirataonline.com.br\\\/trump-to-read-bible-verse-from-oval-office-after-feud-with-pope-and-deleted-ai-image\\\/#local-main-organization-logo\",\"url\":\"https:\\\/\\\/ubirataonline.com.br\\\/wp-content\\\/uploads\\\/2026\\\/06\\\/logoubirataonline-1.webp\",\"contentUrl\":\"https:\\\/\\\/ubirataonline.com.br\\\/wp-content\\\/uploads\\\/2026\\\/06\\\/logoubirataonline-1.webp\",\"width\":500,\"height\":500,\"caption\":\"Ubirat\u00e3 Online Not\u00edcias\"}]}<\/script>\n<meta name=\"geo.placename\" content=\"UBIRATA\" \/>\n<meta name=\"geo.position\" content=\"-24.5361401;-52.9921776\" \/>\n<meta name=\"geo.region\" content=\"Brazil\" \/>\n<!-- \/ Yoast SEO Premium plugin. -->","yoast_head_json":{"title":"Trump to read Bible verse from Oval Office after feud with Pope and deleted AI image - Ubirat\u00e3 Online Not\u00edcias - A realidade ao seu alcance!","description":"President Donald Trump will participate in a public Bible reading this week as the administration continues to integrate religion, particularly","robots":{"index":"index","follow":"follow","max-snippet":"max-snippet:-1","max-image-preview":"max-image-preview:large","max-video-preview":"max-video-preview:-1"},"canonical":"https:\/\/ubirataonline.com.br\/en\/trump-to-read-bible-verse-from-oval-office-after-feud-with-pope-and-deleted-ai-image\/","og_locale":"en_US","og_type":"article","og_title":"Trump to read Bible verse from Oval Office after feud with Pope and deleted AI image","og_description":"President Donald Trump will participate in a public Bible reading this week as the administration continues to integrate religion, particularly","og_url":"https:\/\/ubirataonline.com.br\/en\/trump-to-read-bible-verse-from-oval-office-after-feud-with-pope-and-deleted-ai-image\/","og_site_name":"Ubirat\u00e3 Online Not\u00edcias - A realidade ao seu alcance!","article_publisher":"https:\/\/www.facebook.com\/portalubirataonline","article_author":"https:\/\/www.facebook.com\/portalubirataonline","article_published_time":"2026-04-19T08:12:44+00:00","article_modified_time":"2026-04-19T08:12:46+00:00","og_image":[{"width":800,"height":450,"url":"https:\/\/ubirataonline.com.br\/wp-content\/uploads\/2026\/04\/Trump-to-read-Bible-verse-from-Oval-Office-after-feud.jpg","type":"image\/jpeg"}],"author":"REDA\u00c7\u00c3O: UBIRAT\u00c3 ONLINE - F\u00c1BIO AUGUSTO CELESTINO","twitter_card":"summary_large_image","twitter_creator":"@x.com\/ubirataonline","twitter_site":"@ubirataonline","twitter_misc":{"Written by":"REDA\u00c7\u00c3O: UBIRAT\u00c3 ONLINE - F\u00c1BIO AUGUSTO CELESTINO","Est. reading time":"3 minutes"},"schema":{"@context":"https:\/\/schema.org","@graph":[{"@type":"NewsArticle","@id":"https:\/\/ubirataonline.com.br\/trump-to-read-bible-verse-from-oval-office-after-feud-with-pope-and-deleted-ai-image\/#article","isPartOf":{"@id":"https:\/\/ubirataonline.com.br\/trump-to-read-bible-verse-from-oval-office-after-feud-with-pope-and-deleted-ai-image\/"},"author":{"name":"REDA\u00c7\u00c3O: UBIRAT\u00c3 ONLINE - F\u00c1BIO AUGUSTO CELESTINO","@id":"https:\/\/ubirataonline.com.br\/#\/schema\/person\/372f87bbd3fdd79b8556b84c98d0bc1c"},"headline":"Trump to read Bible verse from Oval Office after feud with Pope and deleted AI image","datePublished":"2026-04-19T08:12:44+00:00","dateModified":"2026-04-19T08:12:46+00:00","mainEntityOfPage":{"@id":"https:\/\/ubirataonline.com.br\/trump-to-read-bible-verse-from-oval-office-after-feud-with-pope-and-deleted-ai-image\/"},"wordCount":715,"publisher":{"@id":"https:\/\/ubirataonline.com.br\/#organization"},"image":{"@id":"https:\/\/ubirataonline.com.br\/trump-to-read-bible-verse-from-oval-office-after-feud-with-pope-and-deleted-ai-image\/#primaryimage"},"thumbnailUrl":"https:\/\/ubirataonline.com.br\/wp-content\/uploads\/2026\/04\/Trump-to-read-Bible-verse-from-Oval-Office-after-feud.jpg","keywords":["Bible","deleted","feud","Image","Office","Oval","Pope","Read","Trump","verse"],"articleSection":["Ubirat\u00e3"],"inLanguage":"en-US","copyrightYear":"2026","copyrightHolder":{"@id":"https:\/\/ubirataonline.com.br\/en\/#organization"}},{"@type":"WebPage","@id":"https:\/\/ubirataonline.com.br\/trump-to-read-bible-verse-from-oval-office-after-feud-with-pope-and-deleted-ai-image\/","url":"https:\/\/ubirataonline.com.br\/trump-to-read-bible-verse-from-oval-office-after-feud-with-pope-and-deleted-ai-image\/","name":"Trump to read Bible verse from Oval Office after feud with Pope and deleted AI image - Ubirat\u00e3 Online Not\u00edcias - A realidade ao seu alcance!","isPartOf":{"@id":"https:\/\/ubirataonline.com.br\/#website"},"primaryImageOfPage":{"@id":"https:\/\/ubirataonline.com.br\/trump-to-read-bible-verse-from-oval-office-after-feud-with-pope-and-deleted-ai-image\/#primaryimage"},"image":{"@id":"https:\/\/ubirataonline.com.br\/trump-to-read-bible-verse-from-oval-office-after-feud-with-pope-and-deleted-ai-image\/#primaryimage"},"thumbnailUrl":"https:\/\/ubirataonline.com.br\/wp-content\/uploads\/2026\/04\/Trump-to-read-Bible-verse-from-Oval-Office-after-feud.jpg","datePublished":"2026-04-19T08:12:44+00:00","dateModified":"2026-04-19T08:12:46+00:00","description":"President Donald Trump will participate in a public Bible reading this week as the administration continues to integrate religion, particularly","breadcrumb":{"@id":"https:\/\/ubirataonline.com.br\/trump-to-read-bible-verse-from-oval-office-after-feud-with-pope-and-deleted-ai-image\/#breadcrumb"},"inLanguage":"en-US","potentialAction":[{"@type":"ReadAction","target":["https:\/\/ubirataonline.com.br\/trump-to-read-bible-verse-from-oval-office-after-feud-with-pope-and-deleted-ai-image\/"]}]},{"@type":"ImageObject","inLanguage":"en-US","@id":"https:\/\/ubirataonline.com.br\/trump-to-read-bible-verse-from-oval-office-after-feud-with-pope-and-deleted-ai-image\/#primaryimage","url":"https:\/\/ubirataonline.com.br\/wp-content\/uploads\/2026\/04\/Trump-to-read-Bible-verse-from-Oval-Office-after-feud.jpg","contentUrl":"https:\/\/ubirataonline.com.br\/wp-content\/uploads\/2026\/04\/Trump-to-read-Bible-verse-from-Oval-Office-after-feud.jpg","width":800,"height":450,"caption":"Chandan Khanna\/AFP\/Getty Images"},{"@type":"BreadcrumbList","@id":"https:\/\/ubirataonline.com.br\/trump-to-read-bible-verse-from-oval-office-after-feud-with-pope-and-deleted-ai-image\/#breadcrumb","itemListElement":[{"@type":"ListItem","position":1,"name":"In\u00edcio","item":"https:\/\/ubirataonline.com.br\/"},{"@type":"ListItem","position":2,"name":"Trump to read Bible verse from Oval Office after feud with Pope and deleted AI image"}]},{"@type":"WebSite","@id":"https:\/\/ubirataonline.com.br\/#website","url":"https:\/\/ubirataonline.com.br\/","name":"Ubirat\u00e3 Online Not\u00edcias","description":"Not\u00edcias de Ubirat\u00e3, regi\u00e3o, Brasil e mundo, com informa\u00e7\u00e3o atualizada e compromisso com o leitor.","publisher":{"@id":"https:\/\/ubirataonline.com.br\/#organization"},"alternateName":"Ubirat\u00e3 Online","potentialAction":[{"@type":"SearchAction","target":{"@type":"EntryPoint","urlTemplate":"https:\/\/ubirataonline.com.br\/?s={search_term_string}"},"query-input":{"@type":"PropertyValueSpecification","valueRequired":true,"valueName":"search_term_string"}}],"inLanguage":"en-US"},{"@type":["Organization","Place"],"@id":"https:\/\/ubirataonline.com.br\/#organization","name":"Ubirat\u00e3 Online Not\u00edcias","alternateName":"Ubirat\u00e3 Online","url":"https:\/\/ubirataonline.com.br\/","logo":{"@id":"https:\/\/ubirataonline.com.br\/trump-to-read-bible-verse-from-oval-office-after-feud-with-pope-and-deleted-ai-image\/#local-main-organization-logo"},"image":{"@id":"https:\/\/ubirataonline.com.br\/trump-to-read-bible-verse-from-oval-office-after-feud-with-pope-and-deleted-ai-image\/#local-main-organization-logo"},"sameAs":["https:\/\/www.facebook.com\/portalubirataonline","https:\/\/x.com\/ubirataonline","https:\/\/mastodon.social\/@ubirataonline","https:\/\/www.facebook.com\/groups\/311144672285604","https:\/\/www.facebook.com\/UBTAOnline","https:\/\/www.instagram.com\/portalubirataonline\/","https:\/\/twitter.com\/ubirataonline"],"description":"Somos um portal de not\u00edcias independente, criado em 5 de janeiro de 2009, com o objetivo de informar, conectar e valorizar a nossa comunidade de Ubirat\u00e3 e toda aregi\u00e3o. Com conte\u00fado atualizado, confi\u00e1vel e relevante, o Ubirat\u00e3 Online \u00e9 o seu espa\u00e7o para ficar por dentro dos principais acontecimentos locais, regionais, Brasil, Mundo e de interesse geral. Nosso compromisso \u00e9 com a verdade, a transpar\u00eancia e o respeito ao leitor.","legalName":"UBIRATA ONLINE NOT\u00cdCIAS","foundingDate":"2009-01-05","numberOfEmployees":{"@type":"QuantitativeValue","minValue":"1","maxValue":"10"},"publishingPrinciples":"https:\/\/ubirataonline.com.br\/faq\/","address":{"@id":"https:\/\/ubirataonline.com.br\/trump-to-read-bible-verse-from-oval-office-after-feud-with-pope-and-deleted-ai-image\/#local-main-place-address"},"geo":{"@type":"GeoCoordinates","latitude":"-24.5361401","longitude":"-52.9921776"},"telephone":["+5544998308235"],"contactPoint":{"@type":"ContactPoint","email":"contato@ubirataonline.com.br"},"openingHoursSpecification":{"@type":"OpeningHoursSpecification","dayOfWeek":["Monday","Tuesday","Wednesday","Thursday","Friday","Saturday","Sunday"],"opens":"00:00","closes":"23:59"},"email":"contato@ubirataonline.com.br","vatID":"47.621.418\/0001-80"},{"@type":"Person","@id":"https:\/\/ubirataonline.com.br\/#\/schema\/person\/372f87bbd3fdd79b8556b84c98d0bc1c","name":"REDA\u00c7\u00c3O: UBIRAT\u00c3 ONLINE - F\u00c1BIO AUGUSTO CELESTINO","pronouns":"Ele","description":"Desde 2003 trabalhando com not\u00edcias.","sameAs":["http:\/\/ubirataoline.com.br","https:\/\/www.facebook.com\/portalubirataonline","https:\/\/www.instagram.com\/ubirataonline_oficial","https:\/\/x.com\/x.com\/ubirataonline"],"honorificPrefix":"Mr.","honorificSuffix":"MD","birthDate":"1980-06-16","gender":"masculino","award":["V\u00e1rios pr\u00eamios de melhor portal da cidade"],"jobTitle":"Diretor","url":"https:\/\/ubirataonline.com.br\/en\/author\/ubirataonline\/"},{"@type":"PostalAddress","@id":"https:\/\/ubirataonline.com.br\/trump-to-read-bible-verse-from-oval-office-after-feud-with-pope-and-deleted-ai-image\/#local-main-place-address","streetAddress":"Rua dos Coqueiros, 104 - Bairro Boa Vista, Rua dos Coqueiros, 104 Bairro Boa Vista","addressLocality":"UBIRATA","postalCode":"85440-000","addressRegion":"PR","addressCountry":"BR"},{"@type":"ImageObject","inLanguage":"en-US","@id":"https:\/\/ubirataonline.com.br\/trump-to-read-bible-verse-from-oval-office-after-feud-with-pope-and-deleted-ai-image\/#local-main-organization-logo","url":"https:\/\/ubirataonline.com.br\/wp-content\/uploads\/2026\/06\/logoubirataonline-1.webp","contentUrl":"https:\/\/ubirataonline.com.br\/wp-content\/uploads\/2026\/06\/logoubirataonline-1.webp","width":500,"height":500,"caption":"Ubirat\u00e3 Online Not\u00edcias"}]},"geo.placename":"UBIRATA","geo.position":{"lat":"-24.5361401","long":"-52.9921776"},"geo.region":"Brazil"},"_links":{"self":[{"href":"https:\/\/ubirataonline.com.br\/en\/wp-json\/wp\/v2\/posts\/111693","targetHints":{"allow":["GET"]}}],"collection":[{"href":"https:\/\/ubirataonline.com.br\/en\/wp-json\/wp\/v2\/posts"}],"about":[{"href":"https:\/\/ubirataonline.com.br\/en\/wp-json\/wp\/v2\/types\/post"}],"author":[{"embeddable":true,"href":"https:\/\/ubirataonline.com.br\/en\/wp-json\/wp\/v2\/users\/1"}],"replies":[{"embeddable":true,"href":"https:\/\/ubirataonline.com.br\/en\/wp-json\/wp\/v2\/comments?post=111693"}],"version-history":[{"count":0,"href":"https:\/\/ubirataonline.com.br\/en\/wp-json\/wp\/v2\/posts\/111693\/revisions"}],"wp:featuredmedia":[{"embeddable":true,"href":"https:\/\/ubirataonline.com.br\/en\/wp-json\/wp\/v2\/media\/111694"}],"wp:attachment":[{"href":"https:\/\/ubirataonline.com.br\/en\/wp-json\/wp\/v2\/media?parent=111693"}],"wp:term":[{"taxonomy":"category","embeddable":true,"href":"https:\/\/ubirataonline.com.br\/en\/wp-json\/wp\/v2\/categories?post=111693"},{"taxonomy":"post_tag","embeddable":true,"href":"https:\/\/ubirataonline.com.br\/en\/wp-json\/wp\/v2\/tags?post=111693"}],"curies":[{"name":"wp","href":"https:\/\/api.w.org\/{rel}","templated":true}]}}