{"id":111696,"date":"2026-04-19T05:35:53","date_gmt":"2026-04-19T08:35:53","guid":{"rendered":"https:\/\/ubirataonline.com.br\/annonce-service-civique-sengager-pour-les-seniors-avec-le-ccas-de-villefranche\/"},"modified":"2026-04-19T05:35:53","modified_gmt":"2026-04-19T08:35:53","slug":"annonce-service-civique-sengager-pour-les-seniors-avec-le-ccas-de-villefranche","status":"publish","type":"post","link":"https:\/\/ubirataonline.com.br\/en\/annonce-service-civique-sengager-pour-les-seniors-avec-le-ccas-de-villefranche\/","title":{"rendered":"Annonce service civique &#8211; S&#8217;engager pour les s\u00e9niors avec le CCAS de Villefranche"},"content":{"rendered":"<p><\/p>\n<div>\n<p>Pour offrir les meilleures exp\u00e9riences, nous utilisons des technologies telles que les cookies pour stocker et\/ou acc\u00e9der aux informations des appareils. Le fait de consentir \u00e0 ces technologies nous permettra de traiter des donn\u00e9es telles que le comportement de navigation ou les ID uniques sur ce site. Le fait de ne pas consentir ou de retirer son consentement peut avoir un effet n\u00e9gatif sur certaines caract\u00e9ristiques et fonctions.<\/p>\n<p>\t\t<!-- categories start --><\/p>\n<div class=\"cmplz-categories\">\n<details class=\"cmplz-category cmplz-functional\">\n<summary>\n<\/summary>\n<p>\n\t\t\t\t\t<span class=\"cmplz-description-functional\">Le stockage ou l\u2019acc\u00e8s technique est strictement n\u00e9cessaire dans la finalit\u00e9 d\u2019int\u00e9r\u00eat l\u00e9gitime de permettre l\u2019utilisation d\u2019un service sp\u00e9cifique explicitement demand\u00e9 par l\u2019abonn\u00e9 ou l\u2019internaute, ou dans le seul but d\u2019effectuer la transmission d\u2019une communication sur un r\u00e9seau de communications \u00e9lectroniques.<\/span>\n\t\t\t\t<\/p>\n<\/details>\n<details class=\"cmplz-category cmplz-preferences\">\n<summary>\n<\/summary>\n<p>\n\t\t\t\t\t<span class=\"cmplz-description-preferences\">L\u2019acc\u00e8s ou le stockage technique est n\u00e9cessaire dans la finalit\u00e9 d\u2019int\u00e9r\u00eat l\u00e9gitime de stocker des pr\u00e9f\u00e9rences qui ne sont pas demand\u00e9es par l\u2019abonn\u00e9 ou l\u2019internaute.<\/span>\n\t\t\t\t<\/p>\n<\/details>\n<details class=\"cmplz-category cmplz-statistics\">\n<summary>\n<\/summary>\n<p>\n\t\t\t\t\t<span class=\"cmplz-description-statistics\">Le stockage ou l\u2019acc\u00e8s technique qui est utilis\u00e9 exclusivement \u00e0 des fins statistiques.<\/span><br \/>\n\t\t\t\t\t<span class=\"cmplz-description-statistics-anonymous\">Le stockage ou l\u2019acc\u00e8s technique qui est utilis\u00e9 exclusivement dans des finalit\u00e9s statistiques anonymes. En l\u2019absence d\u2019une assignation \u00e0 compara\u00eetre, d\u2019une conformit\u00e9 volontaire de la part de votre fournisseur d\u2019acc\u00e8s \u00e0 internet ou d\u2019enregistrements suppl\u00e9mentaires provenant d\u2019une tierce partie, les informations stock\u00e9es ou extraites \u00e0 cette seule fin ne peuvent g\u00e9n\u00e9ralement pas \u00eatre utilis\u00e9es pour vous identifier.<\/span>\n\t\t\t\t<\/p>\n<\/details>\n<details class=\"cmplz-category cmplz-marketing\">\n<summary>\n<\/summary>\n<p>\n\t\t\t\t\t<span class=\"cmplz-description-marketing\">L\u2019acc\u00e8s ou le stockage technique est n\u00e9cessaire pour cr\u00e9er des profils d\u2019internautes afin d\u2019envoyer des publicit\u00e9s, ou pour suivre l\u2019utilisateur sur un site web ou sur plusieurs sites web ayant des finalit\u00e9s marketing similaires.<\/span>\n\t\t\t\t<\/p>\n<\/details><\/div>\n<p><!-- categories end -->\n\t\t\t<\/div>\n<p><a href=\"https:\/\/villefranche-de-rouergue.fr\/annonce-service-civique-sengager-pour-les-seniors-avec-le-ccas-de-villefranche\/\">Source link <\/a><br \/>\nSee more https:\/\/theglobaltrack.com\/<\/p>","protected":false},"excerpt":{"rendered":"<p>Pour offrir les meilleures exp\u00e9riences, nous utilisons des technologies telles que les cookies pour stocker et\/ou acc\u00e9der aux informations des appareils. Le fait de consentir \u00e0 ces technologies nous permettra de traiter des donn\u00e9es telles que le comportement de navigation ou les ID uniques sur ce site. Le fait de ne pas consentir ou de [&hellip;]<\/p>\n","protected":false},"author":1,"featured_media":111697,"comment_status":"","ping_status":"","sticky":false,"template":"","format":"standard","meta":{"googlesitekit_rrm_CAow2JLhCw:productID":"","_gspb_post_css":"","maa_idioma":"","maa_pais":"","footnotes":""},"categories":[1],"tags":[29919,8126,29923,29920,3586,16872,29921,29922,5489,29924],"class_list":["post-111696","post","type-post","status-publish","format-standard","has-post-thumbnail","hentry","category-ubirata","tag-annonce","tag-avec","tag-ccas","tag-civique","tag-les","tag-pour","tag-sengager","tag-seniors","tag-service","tag-villefranche"],"blocksy_meta":[],"yoast_head":"<!-- This site is optimized with the Yoast SEO Premium plugin v27.6 (Yoast SEO v27.6) - https:\/\/yoast.com\/product\/yoast-seo-premium-wordpress\/ -->\n<title>Annonce service civique - S&#039;engager pour les s\u00e9niors avec le CCAS de Villefranche - Ubirat\u00e3 Online Not\u00edcias - A realidade ao seu alcance!<\/title>\n<meta name=\"description\" content=\"Pour offrir les meilleures exp\u00e9riences, nous utilisons des technologies telles que les cookies pour stocker et\/ou acc\u00e9der aux informations des appareils.\" \/>\n<meta name=\"robots\" content=\"index, follow, max-snippet:-1, max-image-preview:large, max-video-preview:-1\" \/>\n<link rel=\"canonical\" href=\"https:\/\/ubirataonline.com.br\/en\/annonce-service-civique-sengager-pour-les-seniors-avec-le-ccas-de-villefranche\/\" \/>\n<meta property=\"og:locale\" content=\"en_US\" \/>\n<meta property=\"og:type\" content=\"article\" \/>\n<meta property=\"og:title\" content=\"Annonce service civique - S&#039;engager pour les s\u00e9niors avec le CCAS de Villefranche\" \/>\n<meta property=\"og:description\" content=\"Pour offrir les meilleures exp\u00e9riences, nous utilisons des technologies telles que les cookies pour stocker et\/ou acc\u00e9der aux informations des appareils.\" \/>\n<meta property=\"og:url\" content=\"https:\/\/ubirataonline.com.br\/en\/annonce-service-civique-sengager-pour-les-seniors-avec-le-ccas-de-villefranche\/\" \/>\n<meta property=\"og:site_name\" content=\"Ubirat\u00e3 Online Not\u00edcias - A realidade ao seu alcance!\" \/>\n<meta property=\"article:publisher\" content=\"https:\/\/www.facebook.com\/portalubirataonline\" \/>\n<meta property=\"article:author\" content=\"https:\/\/www.facebook.com\/portalubirataonline\" \/>\n<meta property=\"article:published_time\" content=\"2026-04-19T08:35:53+00:00\" \/>\n<meta property=\"og:image\" content=\"https:\/\/ubirataonline.com.br\/wp-content\/uploads\/2026\/05\/logo2026.webp\" \/>\n\t<meta property=\"og:image:width\" content=\"1531\" \/>\n\t<meta property=\"og:image:height\" content=\"418\" \/>\n\t<meta property=\"og:image:type\" content=\"image\/webp\" \/>\n<meta name=\"author\" content=\"REDA\u00c7\u00c3O: UBIRAT\u00c3 ONLINE - F\u00c1BIO AUGUSTO CELESTINO\" \/>\n<meta name=\"twitter:card\" content=\"summary_large_image\" \/>\n<meta name=\"twitter:creator\" content=\"@x.com\/ubirataonline\" \/>\n<meta name=\"twitter:site\" content=\"@ubirataonline\" \/>\n<meta name=\"twitter:label1\" content=\"Written by\" \/>\n\t<meta name=\"twitter:data1\" content=\"REDA\u00c7\u00c3O: UBIRAT\u00c3 ONLINE - F\u00c1BIO AUGUSTO CELESTINO\" \/>\n\t<meta name=\"twitter:label2\" content=\"Est. reading time\" \/>\n\t<meta name=\"twitter:data2\" content=\"2 minutes\" \/>\n<script type=\"application\/ld+json\" class=\"yoast-schema-graph\">{\"@context\":\"https:\\\/\\\/schema.org\",\"@graph\":[{\"@type\":\"NewsArticle\",\"@id\":\"https:\\\/\\\/ubirataonline.com.br\\\/annonce-service-civique-sengager-pour-les-seniors-avec-le-ccas-de-villefranche\\\/#article\",\"isPartOf\":{\"@id\":\"https:\\\/\\\/ubirataonline.com.br\\\/annonce-service-civique-sengager-pour-les-seniors-avec-le-ccas-de-villefranche\\\/\"},\"author\":{\"name\":\"REDA\u00c7\u00c3O: UBIRAT\u00c3 ONLINE - F\u00c1BIO AUGUSTO CELESTINO\",\"@id\":\"https:\\\/\\\/ubirataonline.com.br\\\/#\\\/schema\\\/person\\\/372f87bbd3fdd79b8556b84c98d0bc1c\"},\"headline\":\"Annonce service civique &#8211; S&#8217;engager pour les s\u00e9niors avec le CCAS de Villefranche\",\"datePublished\":\"2026-04-19T08:35:53+00:00\",\"mainEntityOfPage\":{\"@id\":\"https:\\\/\\\/ubirataonline.com.br\\\/annonce-service-civique-sengager-pour-les-seniors-avec-le-ccas-de-villefranche\\\/\"},\"wordCount\":315,\"publisher\":{\"@id\":\"https:\\\/\\\/ubirataonline.com.br\\\/#organization\"},\"image\":{\"@id\":\"https:\\\/\\\/ubirataonline.com.br\\\/annonce-service-civique-sengager-pour-les-seniors-avec-le-ccas-de-villefranche\\\/#primaryimage\"},\"thumbnailUrl\":\"https:\\\/\\\/ubirataonline.com.br\\\/wp-content\\\/uploads\\\/2026\\\/04\\\/Annonce-service-civique-Sengager-pour-les-seniors-avec-le.png\",\"keywords\":[\"Annonce\",\"avec\",\"CCAS\",\"civique\",\"les\",\"pour\",\"Sengager\",\"s\u00e9niors\",\"service\",\"Villefranche\"],\"articleSection\":[\"Ubirat\u00e3\"],\"inLanguage\":\"en-US\",\"copyrightYear\":\"2026\",\"copyrightHolder\":{\"@id\":\"https:\\\/\\\/ubirataonline.com.br\\\/en\\\/#organization\"}},{\"@type\":\"WebPage\",\"@id\":\"https:\\\/\\\/ubirataonline.com.br\\\/annonce-service-civique-sengager-pour-les-seniors-avec-le-ccas-de-villefranche\\\/\",\"url\":\"https:\\\/\\\/ubirataonline.com.br\\\/annonce-service-civique-sengager-pour-les-seniors-avec-le-ccas-de-villefranche\\\/\",\"name\":\"Annonce service civique - S'engager pour les s\u00e9niors avec le CCAS de Villefranche - Ubirat\u00e3 Online Not\u00edcias - A realidade ao seu alcance!\",\"isPartOf\":{\"@id\":\"https:\\\/\\\/ubirataonline.com.br\\\/#website\"},\"primaryImageOfPage\":{\"@id\":\"https:\\\/\\\/ubirataonline.com.br\\\/annonce-service-civique-sengager-pour-les-seniors-avec-le-ccas-de-villefranche\\\/#primaryimage\"},\"image\":{\"@id\":\"https:\\\/\\\/ubirataonline.com.br\\\/annonce-service-civique-sengager-pour-les-seniors-avec-le-ccas-de-villefranche\\\/#primaryimage\"},\"thumbnailUrl\":\"https:\\\/\\\/ubirataonline.com.br\\\/wp-content\\\/uploads\\\/2026\\\/04\\\/Annonce-service-civique-Sengager-pour-les-seniors-avec-le.png\",\"datePublished\":\"2026-04-19T08:35:53+00:00\",\"description\":\"Pour offrir les meilleures exp\u00e9riences, nous utilisons des technologies telles que les cookies pour stocker et\\\/ou acc\u00e9der aux informations des appareils.\",\"breadcrumb\":{\"@id\":\"https:\\\/\\\/ubirataonline.com.br\\\/annonce-service-civique-sengager-pour-les-seniors-avec-le-ccas-de-villefranche\\\/#breadcrumb\"},\"inLanguage\":\"en-US\",\"potentialAction\":[{\"@type\":\"ReadAction\",\"target\":[\"https:\\\/\\\/ubirataonline.com.br\\\/annonce-service-civique-sengager-pour-les-seniors-avec-le-ccas-de-villefranche\\\/\"]}]},{\"@type\":\"ImageObject\",\"inLanguage\":\"en-US\",\"@id\":\"https:\\\/\\\/ubirataonline.com.br\\\/annonce-service-civique-sengager-pour-les-seniors-avec-le-ccas-de-villefranche\\\/#primaryimage\",\"url\":\"https:\\\/\\\/ubirataonline.com.br\\\/wp-content\\\/uploads\\\/2026\\\/04\\\/Annonce-service-civique-Sengager-pour-les-seniors-avec-le.png\",\"contentUrl\":\"https:\\\/\\\/ubirataonline.com.br\\\/wp-content\\\/uploads\\\/2026\\\/04\\\/Annonce-service-civique-Sengager-pour-les-seniors-avec-le.png\",\"width\":870,\"height\":580,\"caption\":\"Annonce service civique - S'engager pour les s\u00e9niors avec le CCAS de Villefranche\"},{\"@type\":\"BreadcrumbList\",\"@id\":\"https:\\\/\\\/ubirataonline.com.br\\\/annonce-service-civique-sengager-pour-les-seniors-avec-le-ccas-de-villefranche\\\/#breadcrumb\",\"itemListElement\":[{\"@type\":\"ListItem\",\"position\":1,\"name\":\"In\u00edcio\",\"item\":\"https:\\\/\\\/ubirataonline.com.br\\\/\"},{\"@type\":\"ListItem\",\"position\":2,\"name\":\"Annonce service civique &#8211; S&#8217;engager pour les s\u00e9niors avec le CCAS de Villefranche\"}]},{\"@type\":\"WebSite\",\"@id\":\"https:\\\/\\\/ubirataonline.com.br\\\/#website\",\"url\":\"https:\\\/\\\/ubirataonline.com.br\\\/\",\"name\":\"Ubirat\u00e3 Online Not\u00edcias\",\"description\":\"Not\u00edcias de Ubirat\u00e3, regi\u00e3o, Brasil e mundo, com informa\u00e7\u00e3o atualizada e compromisso com o leitor.\",\"publisher\":{\"@id\":\"https:\\\/\\\/ubirataonline.com.br\\\/#organization\"},\"alternateName\":\"Ubirat\u00e3 Online\",\"potentialAction\":[{\"@type\":\"SearchAction\",\"target\":{\"@type\":\"EntryPoint\",\"urlTemplate\":\"https:\\\/\\\/ubirataonline.com.br\\\/?s={search_term_string}\"},\"query-input\":{\"@type\":\"PropertyValueSpecification\",\"valueRequired\":true,\"valueName\":\"search_term_string\"}}],\"inLanguage\":\"en-US\"},{\"@type\":[\"Organization\",\"Place\"],\"@id\":\"https:\\\/\\\/ubirataonline.com.br\\\/#organization\",\"name\":\"Ubirat\u00e3 Online Not\u00edcias\",\"alternateName\":\"Ubirat\u00e3 Online\",\"url\":\"https:\\\/\\\/ubirataonline.com.br\\\/\",\"logo\":{\"@id\":\"https:\\\/\\\/ubirataonline.com.br\\\/annonce-service-civique-sengager-pour-les-seniors-avec-le-ccas-de-villefranche\\\/#local-main-organization-logo\"},\"image\":{\"@id\":\"https:\\\/\\\/ubirataonline.com.br\\\/annonce-service-civique-sengager-pour-les-seniors-avec-le-ccas-de-villefranche\\\/#local-main-organization-logo\"},\"sameAs\":[\"https:\\\/\\\/www.facebook.com\\\/portalubirataonline\",\"https:\\\/\\\/x.com\\\/ubirataonline\",\"https:\\\/\\\/mastodon.social\\\/@ubirataonline\",\"https:\\\/\\\/www.facebook.com\\\/groups\\\/311144672285604\",\"https:\\\/\\\/www.facebook.com\\\/UBTAOnline\",\"https:\\\/\\\/www.instagram.com\\\/portalubirataonline\\\/\",\"https:\\\/\\\/twitter.com\\\/ubirataonline\"],\"description\":\"Somos um portal de not\u00edcias independente, criado em 5 de janeiro de 2009, com o objetivo de informar, conectar e valorizar a nossa comunidade de Ubirat\u00e3 e toda aregi\u00e3o. Com conte\u00fado atualizado, confi\u00e1vel e relevante, o Ubirat\u00e3 Online \u00e9 o seu espa\u00e7o para ficar por dentro dos principais acontecimentos locais, regionais, Brasil, Mundo e de interesse geral. Nosso compromisso \u00e9 com a verdade, a transpar\u00eancia e o respeito ao leitor.\",\"legalName\":\"UBIRATA ONLINE NOT\u00cdCIAS\",\"foundingDate\":\"2009-01-05\",\"numberOfEmployees\":{\"@type\":\"QuantitativeValue\",\"minValue\":\"1\",\"maxValue\":\"10\"},\"publishingPrinciples\":\"https:\\\/\\\/ubirataonline.com.br\\\/faq\\\/\",\"address\":{\"@id\":\"https:\\\/\\\/ubirataonline.com.br\\\/annonce-service-civique-sengager-pour-les-seniors-avec-le-ccas-de-villefranche\\\/#local-main-place-address\"},\"geo\":{\"@type\":\"GeoCoordinates\",\"latitude\":\"-24.5361401\",\"longitude\":\"-52.9921776\"},\"telephone\":[\"+5544998308235\"],\"contactPoint\":{\"@type\":\"ContactPoint\",\"email\":\"contato@ubirataonline.com.br\"},\"openingHoursSpecification\":{\"@type\":\"OpeningHoursSpecification\",\"dayOfWeek\":[\"Monday\",\"Tuesday\",\"Wednesday\",\"Thursday\",\"Friday\",\"Saturday\",\"Sunday\"],\"opens\":\"00:00\",\"closes\":\"23:59\"},\"email\":\"contato@ubirataonline.com.br\",\"vatID\":\"47.621.418\\\/0001-80\"},{\"@type\":\"Person\",\"@id\":\"https:\\\/\\\/ubirataonline.com.br\\\/#\\\/schema\\\/person\\\/372f87bbd3fdd79b8556b84c98d0bc1c\",\"name\":\"REDA\u00c7\u00c3O: UBIRAT\u00c3 ONLINE - F\u00c1BIO AUGUSTO CELESTINO\",\"pronouns\":\"Ele\",\"description\":\"Desde 2003 trabalhando com not\u00edcias.\",\"sameAs\":[\"http:\\\/\\\/ubirataoline.com.br\",\"https:\\\/\\\/www.facebook.com\\\/portalubirataonline\",\"https:\\\/\\\/www.instagram.com\\\/ubirataonline_oficial\",\"https:\\\/\\\/x.com\\\/x.com\\\/ubirataonline\"],\"honorificPrefix\":\"Mr.\",\"honorificSuffix\":\"MD\",\"birthDate\":\"1980-06-16\",\"gender\":\"masculino\",\"award\":[\"V\u00e1rios pr\u00eamios de melhor portal da cidade\"],\"jobTitle\":\"Diretor\",\"url\":\"https:\\\/\\\/ubirataonline.com.br\\\/en\\\/author\\\/ubirataonline\\\/\"},{\"@type\":\"PostalAddress\",\"@id\":\"https:\\\/\\\/ubirataonline.com.br\\\/annonce-service-civique-sengager-pour-les-seniors-avec-le-ccas-de-villefranche\\\/#local-main-place-address\",\"streetAddress\":\"Rua dos Coqueiros, 104 - Bairro Boa Vista, Rua dos Coqueiros, 104 Bairro Boa Vista\",\"addressLocality\":\"UBIRATA\",\"postalCode\":\"85440-000\",\"addressRegion\":\"PR\",\"addressCountry\":\"BR\"},{\"@type\":\"ImageObject\",\"inLanguage\":\"en-US\",\"@id\":\"https:\\\/\\\/ubirataonline.com.br\\\/annonce-service-civique-sengager-pour-les-seniors-avec-le-ccas-de-villefranche\\\/#local-main-organization-logo\",\"url\":\"https:\\\/\\\/ubirataonline.com.br\\\/wp-content\\\/uploads\\\/2026\\\/06\\\/logoubirataonline-1.webp\",\"contentUrl\":\"https:\\\/\\\/ubirataonline.com.br\\\/wp-content\\\/uploads\\\/2026\\\/06\\\/logoubirataonline-1.webp\",\"width\":500,\"height\":500,\"caption\":\"Ubirat\u00e3 Online Not\u00edcias\"}]}<\/script>\n<meta name=\"geo.placename\" content=\"UBIRATA\" \/>\n<meta name=\"geo.position\" content=\"-24.5361401;-52.9921776\" \/>\n<meta name=\"geo.region\" content=\"Brazil\" \/>\n<!-- \/ Yoast SEO Premium plugin. -->","yoast_head_json":{"title":"Annonce service civique - S'engager pour les s\u00e9niors avec le CCAS de Villefranche - Ubirat\u00e3 Online Not\u00edcias - A realidade ao seu alcance!","description":"Pour offrir les meilleures exp\u00e9riences, nous utilisons des technologies telles que les cookies pour stocker et\/ou acc\u00e9der aux informations des appareils.","robots":{"index":"index","follow":"follow","max-snippet":"max-snippet:-1","max-image-preview":"max-image-preview:large","max-video-preview":"max-video-preview:-1"},"canonical":"https:\/\/ubirataonline.com.br\/en\/annonce-service-civique-sengager-pour-les-seniors-avec-le-ccas-de-villefranche\/","og_locale":"en_US","og_type":"article","og_title":"Annonce service civique - S'engager pour les s\u00e9niors avec le CCAS de Villefranche","og_description":"Pour offrir les meilleures exp\u00e9riences, nous utilisons des technologies telles que les cookies pour stocker et\/ou acc\u00e9der aux informations des appareils.","og_url":"https:\/\/ubirataonline.com.br\/en\/annonce-service-civique-sengager-pour-les-seniors-avec-le-ccas-de-villefranche\/","og_site_name":"Ubirat\u00e3 Online Not\u00edcias - A realidade ao seu alcance!","article_publisher":"https:\/\/www.facebook.com\/portalubirataonline","article_author":"https:\/\/www.facebook.com\/portalubirataonline","article_published_time":"2026-04-19T08:35:53+00:00","og_image":[{"width":1531,"height":418,"url":"https:\/\/ubirataonline.com.br\/wp-content\/uploads\/2026\/05\/logo2026.webp","type":"image\/webp"}],"author":"REDA\u00c7\u00c3O: UBIRAT\u00c3 ONLINE - F\u00c1BIO AUGUSTO CELESTINO","twitter_card":"summary_large_image","twitter_creator":"@x.com\/ubirataonline","twitter_site":"@ubirataonline","twitter_misc":{"Written by":"REDA\u00c7\u00c3O: UBIRAT\u00c3 ONLINE - F\u00c1BIO AUGUSTO CELESTINO","Est. reading time":"2 minutes"},"schema":{"@context":"https:\/\/schema.org","@graph":[{"@type":"NewsArticle","@id":"https:\/\/ubirataonline.com.br\/annonce-service-civique-sengager-pour-les-seniors-avec-le-ccas-de-villefranche\/#article","isPartOf":{"@id":"https:\/\/ubirataonline.com.br\/annonce-service-civique-sengager-pour-les-seniors-avec-le-ccas-de-villefranche\/"},"author":{"name":"REDA\u00c7\u00c3O: UBIRAT\u00c3 ONLINE - F\u00c1BIO AUGUSTO CELESTINO","@id":"https:\/\/ubirataonline.com.br\/#\/schema\/person\/372f87bbd3fdd79b8556b84c98d0bc1c"},"headline":"Annonce service civique &#8211; S&#8217;engager pour les s\u00e9niors avec le CCAS de Villefranche","datePublished":"2026-04-19T08:35:53+00:00","mainEntityOfPage":{"@id":"https:\/\/ubirataonline.com.br\/annonce-service-civique-sengager-pour-les-seniors-avec-le-ccas-de-villefranche\/"},"wordCount":315,"publisher":{"@id":"https:\/\/ubirataonline.com.br\/#organization"},"image":{"@id":"https:\/\/ubirataonline.com.br\/annonce-service-civique-sengager-pour-les-seniors-avec-le-ccas-de-villefranche\/#primaryimage"},"thumbnailUrl":"https:\/\/ubirataonline.com.br\/wp-content\/uploads\/2026\/04\/Annonce-service-civique-Sengager-pour-les-seniors-avec-le.png","keywords":["Annonce","avec","CCAS","civique","les","pour","Sengager","s\u00e9niors","service","Villefranche"],"articleSection":["Ubirat\u00e3"],"inLanguage":"en-US","copyrightYear":"2026","copyrightHolder":{"@id":"https:\/\/ubirataonline.com.br\/en\/#organization"}},{"@type":"WebPage","@id":"https:\/\/ubirataonline.com.br\/annonce-service-civique-sengager-pour-les-seniors-avec-le-ccas-de-villefranche\/","url":"https:\/\/ubirataonline.com.br\/annonce-service-civique-sengager-pour-les-seniors-avec-le-ccas-de-villefranche\/","name":"Annonce service civique - S'engager pour les s\u00e9niors avec le CCAS de Villefranche - Ubirat\u00e3 Online Not\u00edcias - A realidade ao seu alcance!","isPartOf":{"@id":"https:\/\/ubirataonline.com.br\/#website"},"primaryImageOfPage":{"@id":"https:\/\/ubirataonline.com.br\/annonce-service-civique-sengager-pour-les-seniors-avec-le-ccas-de-villefranche\/#primaryimage"},"image":{"@id":"https:\/\/ubirataonline.com.br\/annonce-service-civique-sengager-pour-les-seniors-avec-le-ccas-de-villefranche\/#primaryimage"},"thumbnailUrl":"https:\/\/ubirataonline.com.br\/wp-content\/uploads\/2026\/04\/Annonce-service-civique-Sengager-pour-les-seniors-avec-le.png","datePublished":"2026-04-19T08:35:53+00:00","description":"Pour offrir les meilleures exp\u00e9riences, nous utilisons des technologies telles que les cookies pour stocker et\/ou acc\u00e9der aux informations des appareils.","breadcrumb":{"@id":"https:\/\/ubirataonline.com.br\/annonce-service-civique-sengager-pour-les-seniors-avec-le-ccas-de-villefranche\/#breadcrumb"},"inLanguage":"en-US","potentialAction":[{"@type":"ReadAction","target":["https:\/\/ubirataonline.com.br\/annonce-service-civique-sengager-pour-les-seniors-avec-le-ccas-de-villefranche\/"]}]},{"@type":"ImageObject","inLanguage":"en-US","@id":"https:\/\/ubirataonline.com.br\/annonce-service-civique-sengager-pour-les-seniors-avec-le-ccas-de-villefranche\/#primaryimage","url":"https:\/\/ubirataonline.com.br\/wp-content\/uploads\/2026\/04\/Annonce-service-civique-Sengager-pour-les-seniors-avec-le.png","contentUrl":"https:\/\/ubirataonline.com.br\/wp-content\/uploads\/2026\/04\/Annonce-service-civique-Sengager-pour-les-seniors-avec-le.png","width":870,"height":580,"caption":"Annonce service civique - S'engager pour les s\u00e9niors avec le CCAS de Villefranche"},{"@type":"BreadcrumbList","@id":"https:\/\/ubirataonline.com.br\/annonce-service-civique-sengager-pour-les-seniors-avec-le-ccas-de-villefranche\/#breadcrumb","itemListElement":[{"@type":"ListItem","position":1,"name":"In\u00edcio","item":"https:\/\/ubirataonline.com.br\/"},{"@type":"ListItem","position":2,"name":"Annonce service civique &#8211; S&#8217;engager pour les s\u00e9niors avec le CCAS de Villefranche"}]},{"@type":"WebSite","@id":"https:\/\/ubirataonline.com.br\/#website","url":"https:\/\/ubirataonline.com.br\/","name":"Ubirat\u00e3 Online Not\u00edcias","description":"Not\u00edcias de Ubirat\u00e3, regi\u00e3o, Brasil e mundo, com informa\u00e7\u00e3o atualizada e compromisso com o leitor.","publisher":{"@id":"https:\/\/ubirataonline.com.br\/#organization"},"alternateName":"Ubirat\u00e3 Online","potentialAction":[{"@type":"SearchAction","target":{"@type":"EntryPoint","urlTemplate":"https:\/\/ubirataonline.com.br\/?s={search_term_string}"},"query-input":{"@type":"PropertyValueSpecification","valueRequired":true,"valueName":"search_term_string"}}],"inLanguage":"en-US"},{"@type":["Organization","Place"],"@id":"https:\/\/ubirataonline.com.br\/#organization","name":"Ubirat\u00e3 Online Not\u00edcias","alternateName":"Ubirat\u00e3 Online","url":"https:\/\/ubirataonline.com.br\/","logo":{"@id":"https:\/\/ubirataonline.com.br\/annonce-service-civique-sengager-pour-les-seniors-avec-le-ccas-de-villefranche\/#local-main-organization-logo"},"image":{"@id":"https:\/\/ubirataonline.com.br\/annonce-service-civique-sengager-pour-les-seniors-avec-le-ccas-de-villefranche\/#local-main-organization-logo"},"sameAs":["https:\/\/www.facebook.com\/portalubirataonline","https:\/\/x.com\/ubirataonline","https:\/\/mastodon.social\/@ubirataonline","https:\/\/www.facebook.com\/groups\/311144672285604","https:\/\/www.facebook.com\/UBTAOnline","https:\/\/www.instagram.com\/portalubirataonline\/","https:\/\/twitter.com\/ubirataonline"],"description":"Somos um portal de not\u00edcias independente, criado em 5 de janeiro de 2009, com o objetivo de informar, conectar e valorizar a nossa comunidade de Ubirat\u00e3 e toda aregi\u00e3o. Com conte\u00fado atualizado, confi\u00e1vel e relevante, o Ubirat\u00e3 Online \u00e9 o seu espa\u00e7o para ficar por dentro dos principais acontecimentos locais, regionais, Brasil, Mundo e de interesse geral. Nosso compromisso \u00e9 com a verdade, a transpar\u00eancia e o respeito ao leitor.","legalName":"UBIRATA ONLINE NOT\u00cdCIAS","foundingDate":"2009-01-05","numberOfEmployees":{"@type":"QuantitativeValue","minValue":"1","maxValue":"10"},"publishingPrinciples":"https:\/\/ubirataonline.com.br\/faq\/","address":{"@id":"https:\/\/ubirataonline.com.br\/annonce-service-civique-sengager-pour-les-seniors-avec-le-ccas-de-villefranche\/#local-main-place-address"},"geo":{"@type":"GeoCoordinates","latitude":"-24.5361401","longitude":"-52.9921776"},"telephone":["+5544998308235"],"contactPoint":{"@type":"ContactPoint","email":"contato@ubirataonline.com.br"},"openingHoursSpecification":{"@type":"OpeningHoursSpecification","dayOfWeek":["Monday","Tuesday","Wednesday","Thursday","Friday","Saturday","Sunday"],"opens":"00:00","closes":"23:59"},"email":"contato@ubirataonline.com.br","vatID":"47.621.418\/0001-80"},{"@type":"Person","@id":"https:\/\/ubirataonline.com.br\/#\/schema\/person\/372f87bbd3fdd79b8556b84c98d0bc1c","name":"REDA\u00c7\u00c3O: UBIRAT\u00c3 ONLINE - F\u00c1BIO AUGUSTO CELESTINO","pronouns":"Ele","description":"Desde 2003 trabalhando com not\u00edcias.","sameAs":["http:\/\/ubirataoline.com.br","https:\/\/www.facebook.com\/portalubirataonline","https:\/\/www.instagram.com\/ubirataonline_oficial","https:\/\/x.com\/x.com\/ubirataonline"],"honorificPrefix":"Mr.","honorificSuffix":"MD","birthDate":"1980-06-16","gender":"masculino","award":["V\u00e1rios pr\u00eamios de melhor portal da cidade"],"jobTitle":"Diretor","url":"https:\/\/ubirataonline.com.br\/en\/author\/ubirataonline\/"},{"@type":"PostalAddress","@id":"https:\/\/ubirataonline.com.br\/annonce-service-civique-sengager-pour-les-seniors-avec-le-ccas-de-villefranche\/#local-main-place-address","streetAddress":"Rua dos Coqueiros, 104 - Bairro Boa Vista, Rua dos Coqueiros, 104 Bairro Boa Vista","addressLocality":"UBIRATA","postalCode":"85440-000","addressRegion":"PR","addressCountry":"BR"},{"@type":"ImageObject","inLanguage":"en-US","@id":"https:\/\/ubirataonline.com.br\/annonce-service-civique-sengager-pour-les-seniors-avec-le-ccas-de-villefranche\/#local-main-organization-logo","url":"https:\/\/ubirataonline.com.br\/wp-content\/uploads\/2026\/06\/logoubirataonline-1.webp","contentUrl":"https:\/\/ubirataonline.com.br\/wp-content\/uploads\/2026\/06\/logoubirataonline-1.webp","width":500,"height":500,"caption":"Ubirat\u00e3 Online Not\u00edcias"}]},"geo.placename":"UBIRATA","geo.position":{"lat":"-24.5361401","long":"-52.9921776"},"geo.region":"Brazil"},"_links":{"self":[{"href":"https:\/\/ubirataonline.com.br\/en\/wp-json\/wp\/v2\/posts\/111696","targetHints":{"allow":["GET"]}}],"collection":[{"href":"https:\/\/ubirataonline.com.br\/en\/wp-json\/wp\/v2\/posts"}],"about":[{"href":"https:\/\/ubirataonline.com.br\/en\/wp-json\/wp\/v2\/types\/post"}],"author":[{"embeddable":true,"href":"https:\/\/ubirataonline.com.br\/en\/wp-json\/wp\/v2\/users\/1"}],"replies":[{"embeddable":true,"href":"https:\/\/ubirataonline.com.br\/en\/wp-json\/wp\/v2\/comments?post=111696"}],"version-history":[{"count":0,"href":"https:\/\/ubirataonline.com.br\/en\/wp-json\/wp\/v2\/posts\/111696\/revisions"}],"wp:featuredmedia":[{"embeddable":true,"href":"https:\/\/ubirataonline.com.br\/en\/wp-json\/wp\/v2\/media\/111697"}],"wp:attachment":[{"href":"https:\/\/ubirataonline.com.br\/en\/wp-json\/wp\/v2\/media?parent=111696"}],"wp:term":[{"taxonomy":"category","embeddable":true,"href":"https:\/\/ubirataonline.com.br\/en\/wp-json\/wp\/v2\/categories?post=111696"},{"taxonomy":"post_tag","embeddable":true,"href":"https:\/\/ubirataonline.com.br\/en\/wp-json\/wp\/v2\/tags?post=111696"}],"curies":[{"name":"wp","href":"https:\/\/api.w.org\/{rel}","templated":true}]}}