{"id":111710,"date":"2026-04-19T06:06:42","date_gmt":"2026-04-19T09:06:42","guid":{"rendered":"https:\/\/ubirataonline.com.br\/eua-ameacam-peru-apos-governo-sugerir-pausa-em-compra-de-avioes-de-combate-blogs-cnn-brasil\/"},"modified":"2026-04-19T06:06:45","modified_gmt":"2026-04-19T09:06:45","slug":"eua-ameacam-peru-apos-governo-sugerir-pausa-em-compra-de-avioes-de-combate-blogs-cnn-brasil","status":"publish","type":"post","link":"https:\/\/ubirataonline.com.br\/en\/eua-ameacam-peru-apos-governo-sugerir-pausa-em-compra-de-avioes-de-combate-blogs-cnn-brasil\/","title":{"rendered":"EUA amea\u00e7am Peru ap\u00f3s governo sugerir pausa em compra de avi\u00f5es de combate |\u00a0Blogs\u00a0|\u00a0CNN Brasil"},"content":{"rendered":"<p><\/p>\n<div data-single-content=\"true\">\n<p class=\"my-5 break-words group-[.isActiveSource]:text-xl\">O embaixador dos Estados Unidos no Peru, Bernie Navarro, amea\u00e7ou na sexta-feira (17) o presidente interino do pa\u00eds sul-americano, Jos\u00e9 Mar\u00eda Balc\u00e1zar, ap\u00f3s ele indicar que pode pausar a compra de avi\u00f5es de combate para renovar a frota da For\u00e7a A\u00e9rea.<\/p>\n<p class=\"my-5 break-words group-[.isActiveSource]:text-xl\">\u201cSe negociarem de m\u00e1-f\u00e9 com os EUA e prejudicarem os interesses norte-americanos, tenham certeza de que, como representante da administra\u00e7\u00e3o Trump, utilizarei todas as ferramentas dispon\u00edveis para proteger e promover a prosperidade e a seguran\u00e7a do nosso pa\u00eds e da regi\u00e3o\u201d, escreveu Navarro na rede social X.<\/p>\n<blockquote class=\"twitter-tweet !mx-auto\">\n<p dir=\"ltr\" lang=\"es\" class=\"my-5 break-words group-[.isActiveSource]:text-xl\">Si negocian de mala fe con EE.UU. y socavan los intereses estadounidenses, tengan la certeza de que como representante de la Administraci\u00f3n Trump utilizar\u00e9 todas las herramientas disponibles para proteger y promover la prosperidad y la seguridad de nuestro pa\u00eds y la regi\u00f3n.<\/p>\n<p class=\"my-5 break-words group-[.isActiveSource]:text-xl\">\u2014 Embajador Navarro (@USAmbPeru) <a href=\"https:\/\/twitter.com\/USAmbPeru\/status\/2045205481019277680?ref_src=twsrc%5Etfw\" class=\"text-red-600 underline hover:text-red-500 font-medium break-words group-[.isActiveSource]:text-xl\" target=\"_blank\" rel=\"noopener noreferrer\">April 17, 2026<\/a><\/p>\n<\/blockquote>\n<p class=\"my-5 break-words group-[.isActiveSource]:text-xl\"><a href=\"https:\/\/www.cnnbrasil.com.br\/internacional\/jose-balcazar-e-eleito-presidente-interino-do-peru\/\" class=\"text-red-600 underline hover:text-red-500 font-medium break-words group-[.isActiveSource]:text-xl\" target=\"_self\" rel=\"\">Balc\u00e1zar, que assumiu em fevereiro<\/a> ap\u00f3s a destitui\u00e7\u00e3o do tamb\u00e9m interino Jos\u00e9 Jer\u00ed, afirmou que est\u00e1 \u201cavaliando\u201d e que falar\u00e1 com seus ministros na pr\u00f3xima semana para definir se tomar\u00e1 a decis\u00e3o.<\/p>\n<p class=\"my-5 break-words group-[.isActiveSource]:text-xl\">O governo peruano ainda n\u00e3o informou se escolheu um modelo para a compra de 24 avi\u00f5es de combate. A expectativa \u00e9 que o pa\u00eds opte por ca\u00e7as F-16 dos Estados Unidos.<\/p>\n<p class=\"my-5 break-words group-[.isActiveSource]:text-xl\">Mas Balc\u00e1zar afirmou que a aquisi\u00e7\u00e3o implicaria um endividamento \u201cenorme\u201d e deveria ser decidida pelo pr\u00f3ximo governo, cujo mandato come\u00e7a em 28 de julho.<\/p>\n<p class=\"my-5 break-words group-[.isActiveSource]:text-xl\">\u201cMeu governo \u00e9 transit\u00f3rio e termina em julho. Acho que dever\u00edamos deixar [a decis\u00e3o] para o novo governo, <a href=\"https:\/\/www.cnnbrasil.com.br\/internacional\/apuracao-no-peru-chega-ao-4o-dia-sem-definicao-de-adversario-de-fujimori\/\" class=\"text-red-600 underline hover:text-red-500 font-medium break-words group-[.isActiveSource]:text-xl\" target=\"_self\" rel=\"\">ap\u00f3s a elei\u00e7\u00e3o<\/a> e [conforme] a vontade dos cidad\u00e3os\u201d, disse ele \u00e0 r\u00e1dio peruana Exitosa.<\/p>\n<p class=\"my-5 break-words group-[.isActiveSource]:text-xl\">O processo de compra das aeronaves para a For\u00e7a A\u00e9rea do Peru come\u00e7ou, de acordo com a presid\u00eancia peruana, no governo da ex-presidente Dina Boluarte, destitu\u00edda em outubro do ano passado.<\/p>\n<p class=\"my-5 break-words group-[.isActiveSource]:text-xl\">Em mar\u00e7o, a presid\u00eancia peruana informou em comunicado que a aquisi\u00e7\u00e3o ainda n\u00e3o estava conclu\u00edda.<\/p>\n<\/div>\n<p><script async src=\"\/\/platform.twitter.com\/widgets.js\" charset=\"utf-8\"><\/script><br \/>\n<br \/><a href=\"https:\/\/www.cnnbrasil.com.br\/blogs\/luciana-taddeo\/internacional\/eua-ameacam-peru-apos-governo-sugerir-pausa-em-compra-de-avioes-de-combate\/\">Fonte do Artigo <\/a><\/p>\n","protected":false},"excerpt":{"rendered":"<p>O embaixador dos Estados Unidos no Peru, Bernie Navarro, amea\u00e7ou na sexta-feira (17) o presidente interino do pa\u00eds sul-americano, Jos\u00e9 Mar\u00eda Balc\u00e1zar, ap\u00f3s ele indicar que pode pausar a compra de avi\u00f5es de combate para renovar a frota da For\u00e7a A\u00e9rea. \u201cSe negociarem de m\u00e1-f\u00e9 com os EUA e prejudicarem os interesses norte-americanos, tenham certeza [&hellip;]<\/p>\n","protected":false},"author":1,"featured_media":111711,"comment_status":"closed","ping_status":"","sticky":false,"template":"","format":"standard","meta":{"googlesitekit_rrm_CAow2JLhCw:productID":"","_gspb_post_css":"","maa_idioma":"","maa_pais":"","footnotes":""},"categories":[4],"tags":[29928,3140,28929,22966,272,3843,11223,1604,1646,29930,5793,29929],"class_list":["post-111710","post","type-post","status-publish","format-standard","has-post-thumbnail","hentry","category-brasil","tag-ameacam","tag-apos","tag-avioes","tag-blogscnn","tag-brasil","tag-combate","tag-compra","tag-eua","tag-governo","tag-pausa","tag-peru","tag-sugerir"],"blocksy_meta":[],"yoast_head":"<!-- This site is optimized with the Yoast SEO Premium plugin v27.6 (Yoast SEO v27.6) - https:\/\/yoast.com\/product\/yoast-seo-premium-wordpress\/ -->\n<title>EUA amea\u00e7am Peru ap\u00f3s governo sugerir pausa em compra de avi\u00f5es de combate |\u00a0Blogs\u00a0|\u00a0CNN Brasil - Ubirat\u00e3 Online Not\u00edcias - A realidade ao seu alcance!<\/title>\n<meta name=\"description\" content=\"O embaixador dos Estados Unidos no Peru, Bernie Navarro, amea\u00e7ou na sexta-feira (17) o presidente interino do pa\u00eds sul-americano, Jos\u00e9 Mar\u00eda Balc\u00e1zar,\" \/>\n<meta name=\"robots\" content=\"index, follow, max-snippet:-1, max-image-preview:large, max-video-preview:-1\" \/>\n<link rel=\"canonical\" href=\"https:\/\/ubirataonline.com.br\/en\/eua-ameacam-peru-apos-governo-sugerir-pausa-em-compra-de-avioes-de-combate-blogs-cnn-brasil\/\" \/>\n<meta property=\"og:locale\" content=\"en_US\" \/>\n<meta property=\"og:type\" content=\"article\" \/>\n<meta property=\"og:title\" content=\"EUA amea\u00e7am Peru ap\u00f3s governo sugerir pausa em compra de avi\u00f5es de combate |\u00a0Blogs\u00a0|\u00a0CNN Brasil\" \/>\n<meta property=\"og:description\" content=\"O embaixador dos Estados Unidos no Peru, Bernie Navarro, amea\u00e7ou na sexta-feira (17) o presidente interino do pa\u00eds sul-americano, Jos\u00e9 Mar\u00eda Balc\u00e1zar,\" \/>\n<meta property=\"og:url\" content=\"https:\/\/ubirataonline.com.br\/en\/eua-ameacam-peru-apos-governo-sugerir-pausa-em-compra-de-avioes-de-combate-blogs-cnn-brasil\/\" \/>\n<meta property=\"og:site_name\" content=\"Ubirat\u00e3 Online Not\u00edcias - A realidade ao seu alcance!\" \/>\n<meta property=\"article:publisher\" content=\"https:\/\/www.facebook.com\/portalubirataonline\" \/>\n<meta property=\"article:author\" content=\"https:\/\/www.facebook.com\/portalubirataonline\" \/>\n<meta property=\"article:published_time\" content=\"2026-04-19T09:06:42+00:00\" \/>\n<meta property=\"article:modified_time\" content=\"2026-04-19T09:06:45+00:00\" \/>\n<meta property=\"og:image\" content=\"https:\/\/ubirataonline.com.br\/wp-content\/uploads\/2026\/04\/EUA-ameacam-Peru-apos-governo-sugerir-pausa-em-compra-de.jpg\" \/>\n\t<meta property=\"og:image:width\" content=\"1200\" \/>\n\t<meta property=\"og:image:height\" content=\"630\" \/>\n\t<meta property=\"og:image:type\" content=\"image\/jpeg\" \/>\n<meta name=\"author\" content=\"REDA\u00c7\u00c3O: UBIRAT\u00c3 ONLINE - F\u00c1BIO AUGUSTO CELESTINO\" \/>\n<meta name=\"twitter:card\" content=\"summary_large_image\" \/>\n<meta name=\"twitter:creator\" content=\"@x.com\/ubirataonline\" \/>\n<meta name=\"twitter:site\" content=\"@ubirataonline\" \/>\n<meta name=\"twitter:label1\" content=\"Written by\" \/>\n\t<meta name=\"twitter:data1\" content=\"REDA\u00c7\u00c3O: UBIRAT\u00c3 ONLINE - F\u00c1BIO AUGUSTO CELESTINO\" \/>\n\t<meta name=\"twitter:label2\" content=\"Est. reading time\" \/>\n\t<meta name=\"twitter:data2\" content=\"2 minutes\" \/>\n<script type=\"application\/ld+json\" class=\"yoast-schema-graph\">{\"@context\":\"https:\\\/\\\/schema.org\",\"@graph\":[{\"@type\":\"NewsArticle\",\"@id\":\"https:\\\/\\\/ubirataonline.com.br\\\/eua-ameacam-peru-apos-governo-sugerir-pausa-em-compra-de-avioes-de-combate-blogs-cnn-brasil\\\/#article\",\"isPartOf\":{\"@id\":\"https:\\\/\\\/ubirataonline.com.br\\\/eua-ameacam-peru-apos-governo-sugerir-pausa-em-compra-de-avioes-de-combate-blogs-cnn-brasil\\\/\"},\"author\":{\"name\":\"REDA\u00c7\u00c3O: UBIRAT\u00c3 ONLINE - F\u00c1BIO AUGUSTO CELESTINO\",\"@id\":\"https:\\\/\\\/ubirataonline.com.br\\\/#\\\/schema\\\/person\\\/372f87bbd3fdd79b8556b84c98d0bc1c\"},\"headline\":\"EUA amea\u00e7am Peru ap\u00f3s governo sugerir pausa em compra de avi\u00f5es de combate |\u00a0Blogs\u00a0|\u00a0CNN Brasil\",\"datePublished\":\"2026-04-19T09:06:42+00:00\",\"dateModified\":\"2026-04-19T09:06:45+00:00\",\"mainEntityOfPage\":{\"@id\":\"https:\\\/\\\/ubirataonline.com.br\\\/eua-ameacam-peru-apos-governo-sugerir-pausa-em-compra-de-avioes-de-combate-blogs-cnn-brasil\\\/\"},\"wordCount\":366,\"publisher\":{\"@id\":\"https:\\\/\\\/ubirataonline.com.br\\\/#organization\"},\"image\":{\"@id\":\"https:\\\/\\\/ubirataonline.com.br\\\/eua-ameacam-peru-apos-governo-sugerir-pausa-em-compra-de-avioes-de-combate-blogs-cnn-brasil\\\/#primaryimage\"},\"thumbnailUrl\":\"https:\\\/\\\/ubirataonline.com.br\\\/wp-content\\\/uploads\\\/2026\\\/04\\\/EUA-ameacam-Peru-apos-governo-sugerir-pausa-em-compra-de.jpg\",\"keywords\":[\"amea\u00e7am\",\"ap\u00f3s\",\"avi\u00f5es\",\"BlogsCNN\",\"Brasil\",\"Combate\",\"compra\",\"EUA\",\"Governo\",\"pausa\",\"Peru\",\"sugerir\"],\"articleSection\":[\"Brasil\"],\"inLanguage\":\"en-US\",\"copyrightYear\":\"2026\",\"copyrightHolder\":{\"@id\":\"https:\\\/\\\/ubirataonline.com.br\\\/en\\\/#organization\"}},{\"@type\":\"WebPage\",\"@id\":\"https:\\\/\\\/ubirataonline.com.br\\\/eua-ameacam-peru-apos-governo-sugerir-pausa-em-compra-de-avioes-de-combate-blogs-cnn-brasil\\\/\",\"url\":\"https:\\\/\\\/ubirataonline.com.br\\\/eua-ameacam-peru-apos-governo-sugerir-pausa-em-compra-de-avioes-de-combate-blogs-cnn-brasil\\\/\",\"name\":\"EUA amea\u00e7am Peru ap\u00f3s governo sugerir pausa em compra de avi\u00f5es de combate |\u00a0Blogs\u00a0|\u00a0CNN Brasil - Ubirat\u00e3 Online Not\u00edcias - A realidade ao seu alcance!\",\"isPartOf\":{\"@id\":\"https:\\\/\\\/ubirataonline.com.br\\\/#website\"},\"primaryImageOfPage\":{\"@id\":\"https:\\\/\\\/ubirataonline.com.br\\\/eua-ameacam-peru-apos-governo-sugerir-pausa-em-compra-de-avioes-de-combate-blogs-cnn-brasil\\\/#primaryimage\"},\"image\":{\"@id\":\"https:\\\/\\\/ubirataonline.com.br\\\/eua-ameacam-peru-apos-governo-sugerir-pausa-em-compra-de-avioes-de-combate-blogs-cnn-brasil\\\/#primaryimage\"},\"thumbnailUrl\":\"https:\\\/\\\/ubirataonline.com.br\\\/wp-content\\\/uploads\\\/2026\\\/04\\\/EUA-ameacam-Peru-apos-governo-sugerir-pausa-em-compra-de.jpg\",\"datePublished\":\"2026-04-19T09:06:42+00:00\",\"dateModified\":\"2026-04-19T09:06:45+00:00\",\"description\":\"O embaixador dos Estados Unidos no Peru, Bernie Navarro, amea\u00e7ou na sexta-feira (17) o presidente interino do pa\u00eds sul-americano, Jos\u00e9 Mar\u00eda Balc\u00e1zar,\",\"breadcrumb\":{\"@id\":\"https:\\\/\\\/ubirataonline.com.br\\\/eua-ameacam-peru-apos-governo-sugerir-pausa-em-compra-de-avioes-de-combate-blogs-cnn-brasil\\\/#breadcrumb\"},\"inLanguage\":\"en-US\",\"potentialAction\":[{\"@type\":\"ReadAction\",\"target\":[\"https:\\\/\\\/ubirataonline.com.br\\\/eua-ameacam-peru-apos-governo-sugerir-pausa-em-compra-de-avioes-de-combate-blogs-cnn-brasil\\\/\"]}]},{\"@type\":\"ImageObject\",\"inLanguage\":\"en-US\",\"@id\":\"https:\\\/\\\/ubirataonline.com.br\\\/eua-ameacam-peru-apos-governo-sugerir-pausa-em-compra-de-avioes-de-combate-blogs-cnn-brasil\\\/#primaryimage\",\"url\":\"https:\\\/\\\/ubirataonline.com.br\\\/wp-content\\\/uploads\\\/2026\\\/04\\\/EUA-ameacam-Peru-apos-governo-sugerir-pausa-em-compra-de.jpg\",\"contentUrl\":\"https:\\\/\\\/ubirataonline.com.br\\\/wp-content\\\/uploads\\\/2026\\\/04\\\/EUA-ameacam-Peru-apos-governo-sugerir-pausa-em-compra-de.jpg\",\"width\":1200,\"height\":630,\"caption\":\"Ca\u00e7as F16 dos EUA voam em forma\u00e7\u00e3o sobre a Base A\u00e9rea Schleswig-Jagel em Jagel, Alemanha, em 3 de junho\u00a0 \u2022 Georg Wendt\\\/picture Alliance\\\/Getty Images\\\/File\"},{\"@type\":\"BreadcrumbList\",\"@id\":\"https:\\\/\\\/ubirataonline.com.br\\\/eua-ameacam-peru-apos-governo-sugerir-pausa-em-compra-de-avioes-de-combate-blogs-cnn-brasil\\\/#breadcrumb\",\"itemListElement\":[{\"@type\":\"ListItem\",\"position\":1,\"name\":\"In\u00edcio\",\"item\":\"https:\\\/\\\/ubirataonline.com.br\\\/\"},{\"@type\":\"ListItem\",\"position\":2,\"name\":\"EUA amea\u00e7am Peru ap\u00f3s governo sugerir pausa em compra de avi\u00f5es de combate |\u00a0Blogs\u00a0|\u00a0CNN Brasil\"}]},{\"@type\":\"WebSite\",\"@id\":\"https:\\\/\\\/ubirataonline.com.br\\\/#website\",\"url\":\"https:\\\/\\\/ubirataonline.com.br\\\/\",\"name\":\"Ubirat\u00e3 Online Not\u00edcias\",\"description\":\"Not\u00edcias de Ubirat\u00e3, regi\u00e3o, Brasil e mundo, com informa\u00e7\u00e3o atualizada e compromisso com o leitor.\",\"publisher\":{\"@id\":\"https:\\\/\\\/ubirataonline.com.br\\\/#organization\"},\"alternateName\":\"Ubirat\u00e3 Online\",\"potentialAction\":[{\"@type\":\"SearchAction\",\"target\":{\"@type\":\"EntryPoint\",\"urlTemplate\":\"https:\\\/\\\/ubirataonline.com.br\\\/?s={search_term_string}\"},\"query-input\":{\"@type\":\"PropertyValueSpecification\",\"valueRequired\":true,\"valueName\":\"search_term_string\"}}],\"inLanguage\":\"en-US\"},{\"@type\":[\"Organization\",\"Place\"],\"@id\":\"https:\\\/\\\/ubirataonline.com.br\\\/#organization\",\"name\":\"Ubirat\u00e3 Online Not\u00edcias\",\"alternateName\":\"Ubirat\u00e3 Online\",\"url\":\"https:\\\/\\\/ubirataonline.com.br\\\/\",\"logo\":{\"@id\":\"https:\\\/\\\/ubirataonline.com.br\\\/eua-ameacam-peru-apos-governo-sugerir-pausa-em-compra-de-avioes-de-combate-blogs-cnn-brasil\\\/#local-main-organization-logo\"},\"image\":{\"@id\":\"https:\\\/\\\/ubirataonline.com.br\\\/eua-ameacam-peru-apos-governo-sugerir-pausa-em-compra-de-avioes-de-combate-blogs-cnn-brasil\\\/#local-main-organization-logo\"},\"sameAs\":[\"https:\\\/\\\/www.facebook.com\\\/portalubirataonline\",\"https:\\\/\\\/x.com\\\/ubirataonline\",\"https:\\\/\\\/mastodon.social\\\/@ubirataonline\",\"https:\\\/\\\/www.facebook.com\\\/groups\\\/311144672285604\",\"https:\\\/\\\/www.facebook.com\\\/UBTAOnline\",\"https:\\\/\\\/www.instagram.com\\\/portalubirataonline\\\/\",\"https:\\\/\\\/twitter.com\\\/ubirataonline\"],\"description\":\"Somos um portal de not\u00edcias independente, criado em 5 de janeiro de 2009, com o objetivo de informar, conectar e valorizar a nossa comunidade de Ubirat\u00e3 e toda aregi\u00e3o. Com conte\u00fado atualizado, confi\u00e1vel e relevante, o Ubirat\u00e3 Online \u00e9 o seu espa\u00e7o para ficar por dentro dos principais acontecimentos locais, regionais, Brasil, Mundo e de interesse geral. Nosso compromisso \u00e9 com a verdade, a transpar\u00eancia e o respeito ao leitor.\",\"legalName\":\"UBIRATA ONLINE NOT\u00cdCIAS\",\"foundingDate\":\"2009-01-05\",\"numberOfEmployees\":{\"@type\":\"QuantitativeValue\",\"minValue\":\"1\",\"maxValue\":\"10\"},\"publishingPrinciples\":\"https:\\\/\\\/ubirataonline.com.br\\\/faq\\\/\",\"address\":{\"@id\":\"https:\\\/\\\/ubirataonline.com.br\\\/eua-ameacam-peru-apos-governo-sugerir-pausa-em-compra-de-avioes-de-combate-blogs-cnn-brasil\\\/#local-main-place-address\"},\"geo\":{\"@type\":\"GeoCoordinates\",\"latitude\":\"-24.5361401\",\"longitude\":\"-52.9921776\"},\"telephone\":[\"+5544998308235\"],\"contactPoint\":{\"@type\":\"ContactPoint\",\"email\":\"contato@ubirataonline.com.br\"},\"openingHoursSpecification\":{\"@type\":\"OpeningHoursSpecification\",\"dayOfWeek\":[\"Monday\",\"Tuesday\",\"Wednesday\",\"Thursday\",\"Friday\",\"Saturday\",\"Sunday\"],\"opens\":\"00:00\",\"closes\":\"23:59\"},\"email\":\"contato@ubirataonline.com.br\",\"vatID\":\"47.621.418\\\/0001-80\"},{\"@type\":\"Person\",\"@id\":\"https:\\\/\\\/ubirataonline.com.br\\\/#\\\/schema\\\/person\\\/372f87bbd3fdd79b8556b84c98d0bc1c\",\"name\":\"REDA\u00c7\u00c3O: UBIRAT\u00c3 ONLINE - F\u00c1BIO AUGUSTO CELESTINO\",\"pronouns\":\"Ele\",\"description\":\"Desde 2003 trabalhando com not\u00edcias.\",\"sameAs\":[\"http:\\\/\\\/ubirataoline.com.br\",\"https:\\\/\\\/www.facebook.com\\\/portalubirataonline\",\"https:\\\/\\\/www.instagram.com\\\/ubirataonline_oficial\",\"https:\\\/\\\/x.com\\\/x.com\\\/ubirataonline\"],\"honorificPrefix\":\"Mr.\",\"honorificSuffix\":\"MD\",\"birthDate\":\"1980-06-16\",\"gender\":\"masculino\",\"award\":[\"V\u00e1rios pr\u00eamios de melhor portal da cidade\"],\"jobTitle\":\"Diretor\",\"url\":\"https:\\\/\\\/ubirataonline.com.br\\\/en\\\/author\\\/ubirataonline\\\/\"},{\"@type\":\"PostalAddress\",\"@id\":\"https:\\\/\\\/ubirataonline.com.br\\\/eua-ameacam-peru-apos-governo-sugerir-pausa-em-compra-de-avioes-de-combate-blogs-cnn-brasil\\\/#local-main-place-address\",\"streetAddress\":\"Rua dos Coqueiros, 104 - Bairro Boa Vista, Rua dos Coqueiros, 104 Bairro Boa Vista\",\"addressLocality\":\"UBIRATA\",\"postalCode\":\"85440-000\",\"addressRegion\":\"PR\",\"addressCountry\":\"BR\"},{\"@type\":\"ImageObject\",\"inLanguage\":\"en-US\",\"@id\":\"https:\\\/\\\/ubirataonline.com.br\\\/eua-ameacam-peru-apos-governo-sugerir-pausa-em-compra-de-avioes-de-combate-blogs-cnn-brasil\\\/#local-main-organization-logo\",\"url\":\"https:\\\/\\\/ubirataonline.com.br\\\/wp-content\\\/uploads\\\/2026\\\/06\\\/logoubirataonline-1.webp\",\"contentUrl\":\"https:\\\/\\\/ubirataonline.com.br\\\/wp-content\\\/uploads\\\/2026\\\/06\\\/logoubirataonline-1.webp\",\"width\":500,\"height\":500,\"caption\":\"Ubirat\u00e3 Online Not\u00edcias\"}]}<\/script>\n<meta name=\"geo.placename\" content=\"UBIRATA\" \/>\n<meta name=\"geo.position\" content=\"-24.5361401;-52.9921776\" \/>\n<meta name=\"geo.region\" content=\"Brazil\" \/>\n<!-- \/ Yoast SEO Premium plugin. -->","yoast_head_json":{"title":"EUA amea\u00e7am Peru ap\u00f3s governo sugerir pausa em compra de avi\u00f5es de combate |\u00a0Blogs\u00a0|\u00a0CNN Brasil - Ubirat\u00e3 Online Not\u00edcias - A realidade ao seu alcance!","description":"O embaixador dos Estados Unidos no Peru, Bernie Navarro, amea\u00e7ou na sexta-feira (17) o presidente interino do pa\u00eds sul-americano, Jos\u00e9 Mar\u00eda Balc\u00e1zar,","robots":{"index":"index","follow":"follow","max-snippet":"max-snippet:-1","max-image-preview":"max-image-preview:large","max-video-preview":"max-video-preview:-1"},"canonical":"https:\/\/ubirataonline.com.br\/en\/eua-ameacam-peru-apos-governo-sugerir-pausa-em-compra-de-avioes-de-combate-blogs-cnn-brasil\/","og_locale":"en_US","og_type":"article","og_title":"EUA amea\u00e7am Peru ap\u00f3s governo sugerir pausa em compra de avi\u00f5es de combate |\u00a0Blogs\u00a0|\u00a0CNN Brasil","og_description":"O embaixador dos Estados Unidos no Peru, Bernie Navarro, amea\u00e7ou na sexta-feira (17) o presidente interino do pa\u00eds sul-americano, Jos\u00e9 Mar\u00eda Balc\u00e1zar,","og_url":"https:\/\/ubirataonline.com.br\/en\/eua-ameacam-peru-apos-governo-sugerir-pausa-em-compra-de-avioes-de-combate-blogs-cnn-brasil\/","og_site_name":"Ubirat\u00e3 Online Not\u00edcias - A realidade ao seu alcance!","article_publisher":"https:\/\/www.facebook.com\/portalubirataonline","article_author":"https:\/\/www.facebook.com\/portalubirataonline","article_published_time":"2026-04-19T09:06:42+00:00","article_modified_time":"2026-04-19T09:06:45+00:00","og_image":[{"width":1200,"height":630,"url":"https:\/\/ubirataonline.com.br\/wp-content\/uploads\/2026\/04\/EUA-ameacam-Peru-apos-governo-sugerir-pausa-em-compra-de.jpg","type":"image\/jpeg"}],"author":"REDA\u00c7\u00c3O: UBIRAT\u00c3 ONLINE - F\u00c1BIO AUGUSTO CELESTINO","twitter_card":"summary_large_image","twitter_creator":"@x.com\/ubirataonline","twitter_site":"@ubirataonline","twitter_misc":{"Written by":"REDA\u00c7\u00c3O: UBIRAT\u00c3 ONLINE - F\u00c1BIO AUGUSTO CELESTINO","Est. reading time":"2 minutes"},"schema":{"@context":"https:\/\/schema.org","@graph":[{"@type":"NewsArticle","@id":"https:\/\/ubirataonline.com.br\/eua-ameacam-peru-apos-governo-sugerir-pausa-em-compra-de-avioes-de-combate-blogs-cnn-brasil\/#article","isPartOf":{"@id":"https:\/\/ubirataonline.com.br\/eua-ameacam-peru-apos-governo-sugerir-pausa-em-compra-de-avioes-de-combate-blogs-cnn-brasil\/"},"author":{"name":"REDA\u00c7\u00c3O: UBIRAT\u00c3 ONLINE - F\u00c1BIO AUGUSTO CELESTINO","@id":"https:\/\/ubirataonline.com.br\/#\/schema\/person\/372f87bbd3fdd79b8556b84c98d0bc1c"},"headline":"EUA amea\u00e7am Peru ap\u00f3s governo sugerir pausa em compra de avi\u00f5es de combate |\u00a0Blogs\u00a0|\u00a0CNN Brasil","datePublished":"2026-04-19T09:06:42+00:00","dateModified":"2026-04-19T09:06:45+00:00","mainEntityOfPage":{"@id":"https:\/\/ubirataonline.com.br\/eua-ameacam-peru-apos-governo-sugerir-pausa-em-compra-de-avioes-de-combate-blogs-cnn-brasil\/"},"wordCount":366,"publisher":{"@id":"https:\/\/ubirataonline.com.br\/#organization"},"image":{"@id":"https:\/\/ubirataonline.com.br\/eua-ameacam-peru-apos-governo-sugerir-pausa-em-compra-de-avioes-de-combate-blogs-cnn-brasil\/#primaryimage"},"thumbnailUrl":"https:\/\/ubirataonline.com.br\/wp-content\/uploads\/2026\/04\/EUA-ameacam-Peru-apos-governo-sugerir-pausa-em-compra-de.jpg","keywords":["amea\u00e7am","ap\u00f3s","avi\u00f5es","BlogsCNN","Brasil","Combate","compra","EUA","Governo","pausa","Peru","sugerir"],"articleSection":["Brasil"],"inLanguage":"en-US","copyrightYear":"2026","copyrightHolder":{"@id":"https:\/\/ubirataonline.com.br\/en\/#organization"}},{"@type":"WebPage","@id":"https:\/\/ubirataonline.com.br\/eua-ameacam-peru-apos-governo-sugerir-pausa-em-compra-de-avioes-de-combate-blogs-cnn-brasil\/","url":"https:\/\/ubirataonline.com.br\/eua-ameacam-peru-apos-governo-sugerir-pausa-em-compra-de-avioes-de-combate-blogs-cnn-brasil\/","name":"EUA amea\u00e7am Peru ap\u00f3s governo sugerir pausa em compra de avi\u00f5es de combate |\u00a0Blogs\u00a0|\u00a0CNN Brasil - Ubirat\u00e3 Online Not\u00edcias - A realidade ao seu alcance!","isPartOf":{"@id":"https:\/\/ubirataonline.com.br\/#website"},"primaryImageOfPage":{"@id":"https:\/\/ubirataonline.com.br\/eua-ameacam-peru-apos-governo-sugerir-pausa-em-compra-de-avioes-de-combate-blogs-cnn-brasil\/#primaryimage"},"image":{"@id":"https:\/\/ubirataonline.com.br\/eua-ameacam-peru-apos-governo-sugerir-pausa-em-compra-de-avioes-de-combate-blogs-cnn-brasil\/#primaryimage"},"thumbnailUrl":"https:\/\/ubirataonline.com.br\/wp-content\/uploads\/2026\/04\/EUA-ameacam-Peru-apos-governo-sugerir-pausa-em-compra-de.jpg","datePublished":"2026-04-19T09:06:42+00:00","dateModified":"2026-04-19T09:06:45+00:00","description":"O embaixador dos Estados Unidos no Peru, Bernie Navarro, amea\u00e7ou na sexta-feira (17) o presidente interino do pa\u00eds sul-americano, Jos\u00e9 Mar\u00eda Balc\u00e1zar,","breadcrumb":{"@id":"https:\/\/ubirataonline.com.br\/eua-ameacam-peru-apos-governo-sugerir-pausa-em-compra-de-avioes-de-combate-blogs-cnn-brasil\/#breadcrumb"},"inLanguage":"en-US","potentialAction":[{"@type":"ReadAction","target":["https:\/\/ubirataonline.com.br\/eua-ameacam-peru-apos-governo-sugerir-pausa-em-compra-de-avioes-de-combate-blogs-cnn-brasil\/"]}]},{"@type":"ImageObject","inLanguage":"en-US","@id":"https:\/\/ubirataonline.com.br\/eua-ameacam-peru-apos-governo-sugerir-pausa-em-compra-de-avioes-de-combate-blogs-cnn-brasil\/#primaryimage","url":"https:\/\/ubirataonline.com.br\/wp-content\/uploads\/2026\/04\/EUA-ameacam-Peru-apos-governo-sugerir-pausa-em-compra-de.jpg","contentUrl":"https:\/\/ubirataonline.com.br\/wp-content\/uploads\/2026\/04\/EUA-ameacam-Peru-apos-governo-sugerir-pausa-em-compra-de.jpg","width":1200,"height":630,"caption":"Ca\u00e7as F16 dos EUA voam em forma\u00e7\u00e3o sobre a Base A\u00e9rea Schleswig-Jagel em Jagel, Alemanha, em 3 de junho\u00a0 \u2022 Georg Wendt\/picture Alliance\/Getty Images\/File"},{"@type":"BreadcrumbList","@id":"https:\/\/ubirataonline.com.br\/eua-ameacam-peru-apos-governo-sugerir-pausa-em-compra-de-avioes-de-combate-blogs-cnn-brasil\/#breadcrumb","itemListElement":[{"@type":"ListItem","position":1,"name":"In\u00edcio","item":"https:\/\/ubirataonline.com.br\/"},{"@type":"ListItem","position":2,"name":"EUA amea\u00e7am Peru ap\u00f3s governo sugerir pausa em compra de avi\u00f5es de combate |\u00a0Blogs\u00a0|\u00a0CNN Brasil"}]},{"@type":"WebSite","@id":"https:\/\/ubirataonline.com.br\/#website","url":"https:\/\/ubirataonline.com.br\/","name":"Ubirat\u00e3 Online Not\u00edcias","description":"Not\u00edcias de Ubirat\u00e3, regi\u00e3o, Brasil e mundo, com informa\u00e7\u00e3o atualizada e compromisso com o leitor.","publisher":{"@id":"https:\/\/ubirataonline.com.br\/#organization"},"alternateName":"Ubirat\u00e3 Online","potentialAction":[{"@type":"SearchAction","target":{"@type":"EntryPoint","urlTemplate":"https:\/\/ubirataonline.com.br\/?s={search_term_string}"},"query-input":{"@type":"PropertyValueSpecification","valueRequired":true,"valueName":"search_term_string"}}],"inLanguage":"en-US"},{"@type":["Organization","Place"],"@id":"https:\/\/ubirataonline.com.br\/#organization","name":"Ubirat\u00e3 Online Not\u00edcias","alternateName":"Ubirat\u00e3 Online","url":"https:\/\/ubirataonline.com.br\/","logo":{"@id":"https:\/\/ubirataonline.com.br\/eua-ameacam-peru-apos-governo-sugerir-pausa-em-compra-de-avioes-de-combate-blogs-cnn-brasil\/#local-main-organization-logo"},"image":{"@id":"https:\/\/ubirataonline.com.br\/eua-ameacam-peru-apos-governo-sugerir-pausa-em-compra-de-avioes-de-combate-blogs-cnn-brasil\/#local-main-organization-logo"},"sameAs":["https:\/\/www.facebook.com\/portalubirataonline","https:\/\/x.com\/ubirataonline","https:\/\/mastodon.social\/@ubirataonline","https:\/\/www.facebook.com\/groups\/311144672285604","https:\/\/www.facebook.com\/UBTAOnline","https:\/\/www.instagram.com\/portalubirataonline\/","https:\/\/twitter.com\/ubirataonline"],"description":"Somos um portal de not\u00edcias independente, criado em 5 de janeiro de 2009, com o objetivo de informar, conectar e valorizar a nossa comunidade de Ubirat\u00e3 e toda aregi\u00e3o. Com conte\u00fado atualizado, confi\u00e1vel e relevante, o Ubirat\u00e3 Online \u00e9 o seu espa\u00e7o para ficar por dentro dos principais acontecimentos locais, regionais, Brasil, Mundo e de interesse geral. Nosso compromisso \u00e9 com a verdade, a transpar\u00eancia e o respeito ao leitor.","legalName":"UBIRATA ONLINE NOT\u00cdCIAS","foundingDate":"2009-01-05","numberOfEmployees":{"@type":"QuantitativeValue","minValue":"1","maxValue":"10"},"publishingPrinciples":"https:\/\/ubirataonline.com.br\/faq\/","address":{"@id":"https:\/\/ubirataonline.com.br\/eua-ameacam-peru-apos-governo-sugerir-pausa-em-compra-de-avioes-de-combate-blogs-cnn-brasil\/#local-main-place-address"},"geo":{"@type":"GeoCoordinates","latitude":"-24.5361401","longitude":"-52.9921776"},"telephone":["+5544998308235"],"contactPoint":{"@type":"ContactPoint","email":"contato@ubirataonline.com.br"},"openingHoursSpecification":{"@type":"OpeningHoursSpecification","dayOfWeek":["Monday","Tuesday","Wednesday","Thursday","Friday","Saturday","Sunday"],"opens":"00:00","closes":"23:59"},"email":"contato@ubirataonline.com.br","vatID":"47.621.418\/0001-80"},{"@type":"Person","@id":"https:\/\/ubirataonline.com.br\/#\/schema\/person\/372f87bbd3fdd79b8556b84c98d0bc1c","name":"REDA\u00c7\u00c3O: UBIRAT\u00c3 ONLINE - F\u00c1BIO AUGUSTO CELESTINO","pronouns":"Ele","description":"Desde 2003 trabalhando com not\u00edcias.","sameAs":["http:\/\/ubirataoline.com.br","https:\/\/www.facebook.com\/portalubirataonline","https:\/\/www.instagram.com\/ubirataonline_oficial","https:\/\/x.com\/x.com\/ubirataonline"],"honorificPrefix":"Mr.","honorificSuffix":"MD","birthDate":"1980-06-16","gender":"masculino","award":["V\u00e1rios pr\u00eamios de melhor portal da cidade"],"jobTitle":"Diretor","url":"https:\/\/ubirataonline.com.br\/en\/author\/ubirataonline\/"},{"@type":"PostalAddress","@id":"https:\/\/ubirataonline.com.br\/eua-ameacam-peru-apos-governo-sugerir-pausa-em-compra-de-avioes-de-combate-blogs-cnn-brasil\/#local-main-place-address","streetAddress":"Rua dos Coqueiros, 104 - Bairro Boa Vista, Rua dos Coqueiros, 104 Bairro Boa Vista","addressLocality":"UBIRATA","postalCode":"85440-000","addressRegion":"PR","addressCountry":"BR"},{"@type":"ImageObject","inLanguage":"en-US","@id":"https:\/\/ubirataonline.com.br\/eua-ameacam-peru-apos-governo-sugerir-pausa-em-compra-de-avioes-de-combate-blogs-cnn-brasil\/#local-main-organization-logo","url":"https:\/\/ubirataonline.com.br\/wp-content\/uploads\/2026\/06\/logoubirataonline-1.webp","contentUrl":"https:\/\/ubirataonline.com.br\/wp-content\/uploads\/2026\/06\/logoubirataonline-1.webp","width":500,"height":500,"caption":"Ubirat\u00e3 Online Not\u00edcias"}]},"geo.placename":"UBIRATA","geo.position":{"lat":"-24.5361401","long":"-52.9921776"},"geo.region":"Brazil"},"_links":{"self":[{"href":"https:\/\/ubirataonline.com.br\/en\/wp-json\/wp\/v2\/posts\/111710","targetHints":{"allow":["GET"]}}],"collection":[{"href":"https:\/\/ubirataonline.com.br\/en\/wp-json\/wp\/v2\/posts"}],"about":[{"href":"https:\/\/ubirataonline.com.br\/en\/wp-json\/wp\/v2\/types\/post"}],"author":[{"embeddable":true,"href":"https:\/\/ubirataonline.com.br\/en\/wp-json\/wp\/v2\/users\/1"}],"replies":[{"embeddable":true,"href":"https:\/\/ubirataonline.com.br\/en\/wp-json\/wp\/v2\/comments?post=111710"}],"version-history":[{"count":0,"href":"https:\/\/ubirataonline.com.br\/en\/wp-json\/wp\/v2\/posts\/111710\/revisions"}],"wp:featuredmedia":[{"embeddable":true,"href":"https:\/\/ubirataonline.com.br\/en\/wp-json\/wp\/v2\/media\/111711"}],"wp:attachment":[{"href":"https:\/\/ubirataonline.com.br\/en\/wp-json\/wp\/v2\/media?parent=111710"}],"wp:term":[{"taxonomy":"category","embeddable":true,"href":"https:\/\/ubirataonline.com.br\/en\/wp-json\/wp\/v2\/categories?post=111710"},{"taxonomy":"post_tag","embeddable":true,"href":"https:\/\/ubirataonline.com.br\/en\/wp-json\/wp\/v2\/tags?post=111710"}],"curies":[{"name":"wp","href":"https:\/\/api.w.org\/{rel}","templated":true}]}}