{"id":111730,"date":"2026-04-19T07:08:44","date_gmt":"2026-04-19T10:08:44","guid":{"rendered":"https:\/\/ubirataonline.com.br\/saude-temi-que-meu-filho-tivesse-cancer-cerebral-mas-ele-havia-sido-envenenado-com-vitamina-d\/"},"modified":"2026-04-19T07:08:47","modified_gmt":"2026-04-19T10:08:47","slug":"saude-temi-que-meu-filho-tivesse-cancer-cerebral-mas-ele-havia-sido-envenenado-com-vitamina-d","status":"publish","type":"post","link":"https:\/\/ubirataonline.com.br\/en\/saude-temi-que-meu-filho-tivesse-cancer-cerebral-mas-ele-havia-sido-envenenado-com-vitamina-d\/","title":{"rendered":"Sa\u00fade: &#8216;Temi que meu filho tivesse c\u00e2ncer cerebral, mas ele havia sido envenenado com vitamina D&#8217;"},"content":{"rendered":"<p><\/p>\n<div id=\"\">\n<figure class=\"css-1qn0xuy\">\n<div class=\"css-1avk5os\" style=\"padding-bottom:56.22%\">\n<p class=\"css-by8ykd\" role=\"text\"><span class=\"css-2ozlq5\">Cr\u00e9dito, <\/span><span lang=\"en-GB\">Carys Hobbs-Sargeant<\/span><\/p>\n<\/div><figcaption class=\"css-15f1ujd\" dir=\"ltr\"><span role=\"text\"><span class=\"css-2ozlq5\">Legenda da foto, <\/span><span data-testid=\"caption-paragraph\">Roo foi acidentalmente envenenado com uma dose t\u00f3xica de vitamina D<\/span><\/span><\/figcaption><\/figure>\n<section role=\"region\" aria-labelledby=\"article-byline\" data-testid=\"byline\"><strong id=\"article-byline\" aria-hidden=\"true\" class=\"css-2ozlq5\">Article Information<\/strong><\/p>\n<ul class=\"css-1a8g4ww\">\n<li class=\"css-1kx8vrb\">\n<ul role=\"list\" class=\"css-1micfon\">\n<li class=\"css-k1irjw\"><span role=\"text\"><span class=\"css-2ozlq5\">Author, <\/span><span class=\"css-1cubxkz\">Hazel Martin<\/span><\/span><span aria-hidden=\"true\" class=\"css-edi8se\"\/><\/li>\n<li class=\"css-k1irjw\"><span role=\"text\"><span class=\"css-2ozlq5\">Role, <!-- --> <\/span><span class=\"css-1md42u7\">BBC News<\/span><\/span><\/li>\n<\/ul>\n<ul role=\"list\" class=\"css-1micfon\"><span aria-hidden=\"true\"><span class=\"css-en59ly\"> e <\/span><\/span><\/p>\n<li class=\"css-k1irjw\"><span role=\"text\"><span class=\"css-2ozlq5\">Author, <\/span><span class=\"css-1cubxkz\">Susie Forrest<\/span><\/span><span aria-hidden=\"true\" class=\"css-edi8se\"\/><\/li>\n<li class=\"css-k1irjw\"><span role=\"text\"><span class=\"css-2ozlq5\">Role, <!-- --> <\/span><span class=\"css-1md42u7\">BBC Esc\u00f3cia<\/span><\/span><\/li>\n<\/ul>\n<\/li>\n<li>\n<p><time datetime=\"2026-04-18\" class=\"css-128bydx expmsel0\">18 abril 2026<\/time><\/p>\n<\/li>\n<li>\n<p><span class=\"css-hsb4jx\">Tempo de leitura: 8 min<\/span><\/p>\n<\/li>\n<\/ul>\n<\/section>\n<div dir=\"ltr\" class=\"css-1k9op6x e17x9cvu0\">\n<p dir=\"ltr\" class=\"css-s4cjt0 eea635z0\">O menino Roo, de sete anos, ficou doente no in\u00edcio do ano passado. Sintomas como sua perda de peso e muita sede levaram seus m\u00e9dicos e seus pais a recear que ele pudesse ter um tumor no c\u00e9rebro.<\/p>\n<\/div>\n<div dir=\"ltr\" class=\"css-1k9op6x e17x9cvu0\">\n<p dir=\"ltr\" class=\"css-s4cjt0 eea635z0\">Mas as investiga\u00e7\u00f5es conclu\u00edram que ele havia sido acidentalmente envenenado com uma overdose de <a href=\"https:\/\/www.bbc.com\/portuguese\/articles\/c4nzzzz407xo\" class=\"focusIndicatorReducedWidth css-n8oauk e1h2ur550\">vitamina D<\/a>, prescrita para tratar das suas dores crescentes.<\/p>\n<\/div>\n<div dir=\"ltr\" class=\"css-1k9op6x e17x9cvu0\">\n<p dir=\"ltr\" class=\"css-s4cjt0 eea635z0\">A concentra\u00e7\u00e3o do frasco de vitamina D3 em gotas consumido por Roo era cerca de sete vezes maior do que o normal. Ele fazia parte de um dentre dois lotes com defeito de produ\u00e7\u00e3o que foram distribu\u00eddos no Reino Unido.<\/p>\n<\/div>\n<div dir=\"ltr\" class=\"css-1k9op6x e17x9cvu0\">\n<p dir=\"ltr\" class=\"css-s4cjt0 eea635z0\">A dosagem levou Roo a sofrer les\u00e3o renal aguda e um especialista contou \u00e0 BBC que a crian\u00e7a teria morrido, se tivesse levado o tratamento prescrito at\u00e9 o fim.<\/p>\n<\/div>\n<figure class=\"css-1qn0xuy\">\n<div class=\"css-1avk5os\" style=\"padding-bottom:56.25%\"><img decoding=\"async\" srcset=\"https:\/\/ichef.bbci.co.uk\/ace\/ws\/240\/cpsprodpb\/b209\/live\/25292840-335f-11f1-b7b4-87efdc434f2b.jpg.webp 240w, https:\/\/ichef.bbci.co.uk\/ace\/ws\/320\/cpsprodpb\/b209\/live\/25292840-335f-11f1-b7b4-87efdc434f2b.jpg.webp 320w, https:\/\/ichef.bbci.co.uk\/ace\/ws\/480\/cpsprodpb\/b209\/live\/25292840-335f-11f1-b7b4-87efdc434f2b.jpg.webp 480w, https:\/\/ichef.bbci.co.uk\/ace\/ws\/624\/cpsprodpb\/b209\/live\/25292840-335f-11f1-b7b4-87efdc434f2b.jpg.webp 624w, https:\/\/ichef.bbci.co.uk\/ace\/ws\/800\/cpsprodpb\/b209\/live\/25292840-335f-11f1-b7b4-87efdc434f2b.jpg.webp 800w\" sizes=\"auto, (min-width: 1008px) 760px, 100vw\" alt=\"Mulher adulto e crian\u00e7a sentados pr\u00f3ximos, com uma estante de livros ao fundo\" loading=\"lazy\" width=\"1920\" height=\"1080\" src=\"aspect-ratio:1920 \/ 1080\" class=\"css-1seqhu9\"\/><\/div><figcaption class=\"css-15f1ujd\" dir=\"ltr\"><span role=\"text\"><span class=\"css-2ozlq5\">Legenda da foto, <\/span><span data-testid=\"caption-paragraph\">Carys Hobbs-Sargeant conta que seu filho Roo, um ano depois, ainda n\u00e3o estava totalmente recuperado<\/span><\/span><\/figcaption><\/figure>\n<div dir=\"ltr\" class=\"css-1k9op6x e17x9cvu0\">\n<p dir=\"ltr\" class=\"css-s4cjt0 eea635z0\">A vitamina D \u00e9 um nutriente vital que regula o c\u00e1lcio e o fosfato, mantendo a sa\u00fade dos ossos, dentes e m\u00fasculos. Milh\u00f5es de adultos a consomem na forma de <a href=\"https:\/\/www.bbc.com\/portuguese\/articles\/c5y33zlvv9wo\" class=\"focusIndicatorReducedWidth css-n8oauk e1h2ur550\">suplementos<\/a>, que s\u00e3o <a href=\"https:\/\/www.bbc.com\/portuguese\/vert-fut-46128405\" class=\"focusIndicatorReducedWidth css-n8oauk e1h2ur550\">vendidos nas farm\u00e1cias<\/a>.<\/p>\n<\/div>\n<section aria-label=\"Publicidade 2\" aria-hidden=\"true\" role=\"region\" data-e2e=\"advertisement\" class=\"css-1s6hekm\"\/>\n<div dir=\"ltr\" class=\"css-1k9op6x e17x9cvu0\">\n<p dir=\"ltr\" class=\"css-s4cjt0 eea635z0\">Mas, no Reino Unido, a vitamina D em dosagem mais alta, receitada pelos m\u00e9dicos, ainda \u00e9 classificada como suplemento alimentar e n\u00e3o \u00e9 regulamentada pelo \u00f3rg\u00e3o regulador brit\u00e2nico, a MHRA (Ag\u00eancia Reguladora de Rem\u00e9dios e Produtos para Assist\u00eancia M\u00e9dica, na sigla em ingl\u00eas).<\/p>\n<\/div>\n<div dir=\"ltr\" class=\"css-1k9op6x e17x9cvu0\">\n<p dir=\"ltr\" class=\"css-s4cjt0 eea635z0\">O \u00f3rg\u00e3o brit\u00e2nico respons\u00e1vel pelo acompanhamento das vitaminas e suplementos alimentares \u00e9 a Ag\u00eancia de Padr\u00f5es Alimentares (FSA, na sigla em ingl\u00eas). <\/p>\n<\/div>\n<div dir=\"ltr\" class=\"css-1k9op6x e17x9cvu0\">\n<p dir=\"ltr\" class=\"css-s4cjt0 eea635z0\">A MHRA afirma que trabalha em conjunto com a FSA para manter a seguran\u00e7a do p\u00fablico. Mas um especialista contou \u00e0 BBC que o \u00f3rg\u00e3o regulador de rem\u00e9dios deveria buscar mudan\u00e7as na forma de regulamenta\u00e7\u00e3o dos suplementos vitam\u00ednicos.<\/p>\n<\/div>\n<section data-e2e=\"recommendations-heading\" role=\"region\" aria-labelledby=\"recommendations-heading\" class=\"css-1o3v5ug\"\/>\n<figure class=\"css-1qn0xuy\">\n<div class=\"css-1avk5os\" style=\"padding-bottom:100%\"><img decoding=\"async\" srcset=\"https:\/\/ichef.bbci.co.uk\/ace\/ws\/240\/cpsprodpb\/6dc8\/live\/b149ec20-38f9-11f1-88f0-7d03c2035921.jpg.webp 240w, https:\/\/ichef.bbci.co.uk\/ace\/ws\/320\/cpsprodpb\/6dc8\/live\/b149ec20-38f9-11f1-88f0-7d03c2035921.jpg.webp 320w, https:\/\/ichef.bbci.co.uk\/ace\/ws\/480\/cpsprodpb\/6dc8\/live\/b149ec20-38f9-11f1-88f0-7d03c2035921.jpg.webp 480w, https:\/\/ichef.bbci.co.uk\/ace\/ws\/624\/cpsprodpb\/6dc8\/live\/b149ec20-38f9-11f1-88f0-7d03c2035921.jpg.webp 624w, https:\/\/ichef.bbci.co.uk\/ace\/ws\/800\/cpsprodpb\/6dc8\/live\/b149ec20-38f9-11f1-88f0-7d03c2035921.jpg.webp 800w\" sizes=\"auto, (min-width: 1008px) 760px, 100vw\" alt=\"Crian\u00e7a dormindo em uma cama\" loading=\"lazy\" width=\"900\" height=\"900\" src=\"aspect-ratio:900 \/ 900\" class=\"css-1seqhu9\"\/><\/p>\n<p class=\"css-by8ykd\" role=\"text\"><span class=\"css-2ozlq5\">Cr\u00e9dito, <\/span><span lang=\"en-GB\">Carys Hobbs-Sargeant<\/span><\/p>\n<\/div><figcaption class=\"css-15f1ujd\" dir=\"ltr\"><span role=\"text\"><span class=\"css-2ozlq5\">Legenda da foto, <\/span><span data-testid=\"caption-paragraph\">Roo foi internado no hospital ap\u00f3s consumir a vitamina D em gotas<\/span><\/span><\/figcaption><\/figure>\n<div dir=\"ltr\" class=\"css-1k9op6x e17x9cvu0\">\n<p dir=\"ltr\" class=\"css-s4cjt0 eea635z0\">Em dezembro de 2024, Roo recebeu prescri\u00e7\u00e3o de uma alta dose de vitamina D3 em gotas por 12 semanas, para tentar diminuir a sua intensa dor nas pernas.<\/p>\n<\/div>\n<div dir=\"ltr\" class=\"css-1k9op6x e17x9cvu0\">\n<p dir=\"ltr\" class=\"css-s4cjt0 eea635z0\">A receita veio ap\u00f3s o menino ter sido encaminhado para a pediatria do hospital Crosshouse, perto de sua casa em Kilmarnock, no condado de Ayrshire (sudoeste da Esc\u00f3cia).<\/p>\n<\/div>\n<div dir=\"ltr\" class=\"css-1k9op6x e17x9cvu0\">\n<p dir=\"ltr\" class=\"css-s4cjt0 eea635z0\">Exames de sangue demonstraram que ele estava bem e saud\u00e1vel, exceto por um n\u00edvel levemente mais baixo de vitamina D. Ele recebeu suplementos contendo vitamina D3, tamb\u00e9m conhecida como colecalciferol, para elevar o n\u00edvel da subst\u00e2ncia no sangue.<\/p>\n<\/div>\n<div dir=\"ltr\" class=\"css-1k9op6x e17x9cvu0\">\n<p dir=\"ltr\" class=\"css-s4cjt0 eea635z0\">Nas semanas seguintes, Roo ficou sonolento e sem apetite. Ele come\u00e7ou a perder peso e beber \u00e1gua &#8220;como se estivesse no deserto&#8221;, segundo sua m\u00e3e, Carys Hobbs-Sargeant.<\/p>\n<\/div>\n<div dir=\"ltr\" class=\"css-1k9op6x e17x9cvu0\">\n<p dir=\"ltr\" class=\"css-s4cjt0 eea635z0\">Roo tamb\u00e9m teve crises de v\u00f4mito durante todo o m\u00eas de janeiro e dificuldades para comer.<\/p>\n<\/div>\n<div dir=\"ltr\" class=\"css-1k9op6x e17x9cvu0\">\n<p dir=\"ltr\" class=\"css-s4cjt0 eea635z0\">&#8220;Ele estava muito doente&#8221;, conta Carys. &#8220;Ele perdeu mais de 10% do peso do corpo em seis semanas. Tinha os olhos enormes e estava t\u00e3o cansado que simplesmente n\u00e3o conseguia comer.&#8221;<\/p>\n<\/div>\n<div dir=\"ltr\" class=\"css-1k9op6x e17x9cvu0\">\n<p dir=\"ltr\" class=\"css-s4cjt0 eea635z0\">Roo se consultou novamente com o pediatra e foi imediatamente internado.<\/p>\n<\/div>\n<figure class=\"css-1qn0xuy\">\n<div class=\"css-1avk5os\" style=\"padding-bottom:56.25%\"><img decoding=\"async\" srcset=\"https:\/\/ichef.bbci.co.uk\/ace\/ws\/240\/cpsprodpb\/ee5e\/live\/5157c470-3351-11f1-879d-1b2f5c3919b8.jpg.webp 240w, https:\/\/ichef.bbci.co.uk\/ace\/ws\/320\/cpsprodpb\/ee5e\/live\/5157c470-3351-11f1-879d-1b2f5c3919b8.jpg.webp 320w, https:\/\/ichef.bbci.co.uk\/ace\/ws\/480\/cpsprodpb\/ee5e\/live\/5157c470-3351-11f1-879d-1b2f5c3919b8.jpg.webp 480w, https:\/\/ichef.bbci.co.uk\/ace\/ws\/624\/cpsprodpb\/ee5e\/live\/5157c470-3351-11f1-879d-1b2f5c3919b8.jpg.webp 624w, https:\/\/ichef.bbci.co.uk\/ace\/ws\/800\/cpsprodpb\/ee5e\/live\/5157c470-3351-11f1-879d-1b2f5c3919b8.jpg.webp 800w\" sizes=\"auto, (min-width: 1008px) 760px, 100vw\" alt=\"Frasco de vitamina D3 em gotas para uso oral, com sua embalagem e bula sobre uma mesa\" loading=\"lazy\" width=\"2000\" height=\"1125\" src=\"aspect-ratio:2000 \/ 1125\" class=\"css-1seqhu9\"\/><\/div><figcaption class=\"css-15f1ujd\" dir=\"ltr\"><span role=\"text\"><span class=\"css-2ozlq5\">Legenda da foto, <\/span><span data-testid=\"caption-paragraph\">As gotas de vitamina D3 s\u00e3o receitadas para aumentar os seus n\u00edveis no sangue<\/span><\/span><\/figcaption><\/figure>\n<div dir=\"ltr\" class=\"css-1k9op6x e17x9cvu0\">\n<p dir=\"ltr\" class=\"css-s4cjt0 eea635z0\">Os exames de sangue iniciais demonstraram que Roo tinha uma les\u00e3o renal aguda. Seus rins estavam extremamente desidratados e os m\u00e9dicos come\u00e7aram a busca a causa.<\/p>\n<\/div>\n<div dir=\"ltr\" class=\"css-1k9op6x e17x9cvu0\">\n<p dir=\"ltr\" class=\"css-s4cjt0 eea635z0\">Inicialmente, eles n\u00e3o se preocuparam com a receita de vitamina D, pois o menino havia cumprido apenas dois ter\u00e7os do tratamento com a dose recomendada. Mas sua condi\u00e7\u00e3o continuou a se deteriorar.<\/p>\n<\/div>\n<div dir=\"ltr\" class=\"css-1k9op6x e17x9cvu0\">\n<p dir=\"ltr\" class=\"css-s4cjt0 eea635z0\">&#8220;Ele teve hipercalcemia e os m\u00e9dicos ficaram muito preocupados com esse n\u00edvel t\u00e3o alto de c\u00e1lcio no sangue&#8221;, conta a m\u00e3e.<\/p>\n<\/div>\n<div dir=\"ltr\" class=\"css-1k9op6x e17x9cvu0\">\n<p dir=\"ltr\" class=\"css-s4cjt0 eea635z0\">&#8220;Eles examinavam se poderia ser um tumor cerebral e est\u00e1vamos meio que nos preparando para que ele fizesse uma resson\u00e2ncia magn\u00e9tica do c\u00e9rebro.&#8221;<\/p>\n<\/div>\n<figure class=\"css-1qn0xuy\">\n<div class=\"css-1avk5os\" style=\"padding-bottom:100%\"><img decoding=\"async\" srcset=\"https:\/\/ichef.bbci.co.uk\/ace\/ws\/240\/cpsprodpb\/6543\/live\/39e6f4b0-3355-11f1-8079-85791470d942.jpg.webp 240w, https:\/\/ichef.bbci.co.uk\/ace\/ws\/320\/cpsprodpb\/6543\/live\/39e6f4b0-3355-11f1-8079-85791470d942.jpg.webp 320w, https:\/\/ichef.bbci.co.uk\/ace\/ws\/480\/cpsprodpb\/6543\/live\/39e6f4b0-3355-11f1-8079-85791470d942.jpg.webp 480w, https:\/\/ichef.bbci.co.uk\/ace\/ws\/624\/cpsprodpb\/6543\/live\/39e6f4b0-3355-11f1-8079-85791470d942.jpg.webp 624w, https:\/\/ichef.bbci.co.uk\/ace\/ws\/800\/cpsprodpb\/6543\/live\/39e6f4b0-3355-11f1-8079-85791470d942.jpg.webp 800w\" sizes=\"auto, (min-width: 1008px) 760px, 100vw\" alt=\"Crian\u00e7a sentada na cama, com uma m\u00e3o enfaixada e um tubo m\u00e9dico, segurando um pequeno swab\" loading=\"lazy\" width=\"900\" height=\"900\" src=\"aspect-ratio:900 \/ 900\" class=\"css-1seqhu9\"\/><\/p>\n<p class=\"css-by8ykd\" role=\"text\"><span class=\"css-2ozlq5\">Cr\u00e9dito, <\/span><span lang=\"en-GB\">Carys Hobbs-Sargeant<\/span><\/p>\n<\/div><figcaption class=\"css-15f1ujd\" dir=\"ltr\"><span role=\"text\"><span class=\"css-2ozlq5\">Legenda da foto, <\/span><span data-testid=\"caption-paragraph\">O caso de Roo foi resolvido ao acaso<\/span><\/span><\/figcaption><\/figure>\n<div dir=\"ltr\" class=\"css-1k9op6x e17x9cvu0\">\n<p dir=\"ltr\" class=\"css-s4cjt0 eea635z0\">O misterioso caso de Roo tamb\u00e9m foi analisado por equipes do Hospital Real Infantil de Glasgow, na Esc\u00f3cia. E uma liga\u00e7\u00e3o telef\u00f4nica casual com um endocrinologista forneceu a pe\u00e7a que faltava no quebra-cabe\u00e7a.<\/p>\n<\/div>\n<div dir=\"ltr\" class=\"css-1k9op6x e17x9cvu0\">\n<p dir=\"ltr\" class=\"css-s4cjt0 eea635z0\">Um colega de Manchester, na Inglaterra, havia perguntado se ele sabia de algum &#8220;lote ruim&#8221; de vitamina D3. E, com os detalhes do lote, a equipe que cuidava de Roo conseguiu identificar o frasco que o menino ainda usava para tomar as gotas todos os dias.<\/p>\n<\/div>\n<div dir=\"ltr\" class=\"css-1k9op6x e17x9cvu0\">\n<p dir=\"ltr\" class=\"css-s4cjt0 eea635z0\">&#8220;Deduzimos dali que era o seu corpo fazendo algo estranho porque, basicamente, ele foi envenenado por aquele lote ruim&#8221;, conta Hobbs-Sargeant.<\/p>\n<\/div>\n<div dir=\"ltr\" class=\"css-1k9op6x e17x9cvu0\">\n<p dir=\"ltr\" class=\"css-s4cjt0 eea635z0\">&#8220;Voc\u00ea se sente aliviada, sortuda e furiosa ao mesmo tempo, por n\u00e3o ser c\u00e2ncer, mas por aquilo ter acontecido com ele. \u00c9 basicamente envenenamento.&#8221;<\/p>\n<\/div>\n<div dir=\"ltr\" class=\"css-1k9op6x e17x9cvu0\">\n<p dir=\"ltr\" class=\"css-s4cjt0 eea635z0\">O frasco de vitamina de Roo foi identificado como pertencente a um dentre dois lotes com defeito de suplementos Aactive D3 da empresa TriOn Pharma, que foram distribu\u00eddos pelo Reino Unido.<\/p>\n<\/div>\n<div dir=\"ltr\" class=\"css-1k9op6x e17x9cvu0\">\n<p dir=\"ltr\" class=\"css-s4cjt0 eea635z0\">O suplemento tinha concentra\u00e7\u00e3o sete vezes maior do que o normal.<\/p>\n<\/div>\n<div dir=\"ltr\" class=\"css-1k9op6x e17x9cvu0\">\n<p dir=\"ltr\" class=\"css-s4cjt0 eea635z0\">Os lotes irregulares sofreram recall da FSA no dia 9 de janeiro, mas a sua filial escocesa (a FSS, na sigla em ingl\u00eas), respons\u00e1vel pelo recall local, declarou que o alerta n\u00e3o chegou aos departamentos corretos.<\/p>\n<\/div>\n<div dir=\"ltr\" class=\"css-1k9op6x e17x9cvu0\">\n<p dir=\"ltr\" class=\"css-s4cjt0 eea635z0\">A investiga\u00e7\u00e3o tamb\u00e9m descobriu que a farm\u00e1cia de Ayrshire que forneceu o frasco s\u00f3 recebeu o e-mail sobre o recall do fabricante cerca de tr\u00eas meses depois do envio.<\/p>\n<\/div>\n<div dir=\"ltr\" class=\"css-1k9op6x e17x9cvu0\">\n<p dir=\"ltr\" class=\"css-s4cjt0 eea635z0\">Os alertas sobre rem\u00e9dios, enviados pela MHRA, teriam seguido para a caixa de entrada cl\u00ednica de alta prioridade das farm\u00e1cias, para que fossem lidos imediatamente.<\/p>\n<\/div>\n<figure class=\"css-1qn0xuy\">\n<div class=\"css-1avk5os\" style=\"padding-bottom:56.25%\"><img decoding=\"async\" srcset=\"https:\/\/ichef.bbci.co.uk\/ace\/ws\/240\/cpsprodpb\/6dfd\/live\/e78c5510-3350-11f1-9d5c-8ba507d7dbde.jpg.webp 240w, https:\/\/ichef.bbci.co.uk\/ace\/ws\/320\/cpsprodpb\/6dfd\/live\/e78c5510-3350-11f1-9d5c-8ba507d7dbde.jpg.webp 320w, https:\/\/ichef.bbci.co.uk\/ace\/ws\/480\/cpsprodpb\/6dfd\/live\/e78c5510-3350-11f1-9d5c-8ba507d7dbde.jpg.webp 480w, https:\/\/ichef.bbci.co.uk\/ace\/ws\/624\/cpsprodpb\/6dfd\/live\/e78c5510-3350-11f1-9d5c-8ba507d7dbde.jpg.webp 624w, https:\/\/ichef.bbci.co.uk\/ace\/ws\/800\/cpsprodpb\/6dfd\/live\/e78c5510-3350-11f1-9d5c-8ba507d7dbde.jpg.webp 800w\" sizes=\"auto, (min-width: 1008px) 760px, 100vw\" alt=\"Stuart Ralston, com casaco branco, em p\u00e9 no laborat\u00f3rio com equipamentos ao fundo\" loading=\"lazy\" width=\"2000\" height=\"1125\" src=\"aspect-ratio:2000 \/ 1125\" class=\"css-1seqhu9\"\/><\/div><figcaption class=\"css-15f1ujd\" dir=\"ltr\"><span role=\"text\"><span class=\"css-2ozlq5\">Legenda da foto, <\/span><span data-testid=\"caption-paragraph\">O professor Stuart Ralston conta que foi por sorte que Roo n\u00e3o levou o tratamento prescrito at\u00e9 o final<\/span><\/span><\/figcaption><\/figure>\n<div dir=\"ltr\" class=\"css-1k9op6x e17x9cvu0\">\n<p dir=\"ltr\" class=\"css-s4cjt0 eea635z0\">O professor Stuart Ralston, da Universidade de Edimburgo, na Esc\u00f3cia, \u00e9 ex-presidente da Comiss\u00e3o de Rem\u00e9dios Humanos da MHRA. Ele afirma que o caso de Roo exemplifica por que o mesmo organismo respons\u00e1vel pelos rem\u00e9dios deveria considerar a possibilidade de assumir a regulamenta\u00e7\u00e3o dos suplementos vitam\u00ednicos.<\/p>\n<\/div>\n<div dir=\"ltr\" class=\"css-1k9op6x e17x9cvu0\">\n<p dir=\"ltr\" class=\"css-s4cjt0 eea635z0\">&#8220;Estima-se que o produto tivesse sete vezes a quantidade de vitamina D indicada no r\u00f3tulo&#8221;, comenta ele. &#8220;Eu n\u00e3o havia visto um caso destes em mais de 40 anos de carreira.&#8221;<\/p>\n<\/div>\n<div dir=\"ltr\" class=\"css-1k9op6x e17x9cvu0\">\n<p dir=\"ltr\" class=\"css-s4cjt0 eea635z0\">&#8220;O tratamento prescrito era de 12 semanas. Se ele tivesse seguido at\u00e9 o fim, seriam 3,5 milh\u00f5es de unidades, o que por sorte n\u00e3o aconteceu. Porque, se ele tivesse feito, sem d\u00favida teria morrido.&#8221;<\/p>\n<\/div>\n<div dir=\"ltr\" class=\"css-1k9op6x e17x9cvu0\">\n<p dir=\"ltr\" class=\"css-s4cjt0 eea635z0\">Ralston afirma que, se o suplemento fosse regulamentado como rem\u00e9dio, o m\u00e9dico de Roo provavelmente teria recebido um alerta urgente.<\/p>\n<\/div>\n<div dir=\"ltr\" class=\"css-1k9op6x e17x9cvu0\">\n<p dir=\"ltr\" class=\"css-s4cjt0 eea635z0\">A MHRA declarou que a regulamenta\u00e7\u00e3o de suplementos alimentares \u00e9 atribui\u00e7\u00e3o da FSA e que as duas ag\u00eancias trabalham juntas para manter a seguran\u00e7a dos consumidores.<\/p>\n<\/div>\n<div dir=\"ltr\" class=\"css-1k9op6x e17x9cvu0\">\n<p dir=\"ltr\" class=\"css-s4cjt0 eea635z0\">A FSS afirma que trabalha em conjunto com a Ag\u00eancia de Padr\u00f5es Alimentares e as autoridades locais para garantir a comunica\u00e7\u00e3o correta dos recalls de produtos.<\/p>\n<\/div>\n<div dir=\"ltr\" class=\"css-1k9op6x e17x9cvu0\">\n<p dir=\"ltr\" class=\"css-s4cjt0 eea635z0\">O governo escoc\u00eas informou Hobbs-Sargeant que encaminhou a quest\u00e3o da regulamenta\u00e7\u00e3o e dos recalls de suplementos para o Departamento de Sa\u00fade e Assist\u00eancia Social do Reino Unido.<\/p>\n<\/div>\n<figure class=\"css-1qn0xuy\">\n<div class=\"css-1avk5os\" style=\"padding-bottom:56.25%\"><img decoding=\"async\" srcset=\"https:\/\/ichef.bbci.co.uk\/ace\/ws\/240\/cpsprodpb\/4960\/live\/1ad8f630-3351-11f1-879d-1b2f5c3919b8.jpg.webp 240w, https:\/\/ichef.bbci.co.uk\/ace\/ws\/320\/cpsprodpb\/4960\/live\/1ad8f630-3351-11f1-879d-1b2f5c3919b8.jpg.webp 320w, https:\/\/ichef.bbci.co.uk\/ace\/ws\/480\/cpsprodpb\/4960\/live\/1ad8f630-3351-11f1-879d-1b2f5c3919b8.jpg.webp 480w, https:\/\/ichef.bbci.co.uk\/ace\/ws\/624\/cpsprodpb\/4960\/live\/1ad8f630-3351-11f1-879d-1b2f5c3919b8.jpg.webp 624w, https:\/\/ichef.bbci.co.uk\/ace\/ws\/800\/cpsprodpb\/4960\/live\/1ad8f630-3351-11f1-879d-1b2f5c3919b8.jpg.webp 800w\" sizes=\"auto, (min-width: 1008px) 760px, 100vw\" alt=\"Mulher adulta sentada no ch\u00e3o com uma crian\u00e7a ao lado de um sof\u00e1, com um brinquedo \u00e0 frente deles na sala de estar\" loading=\"lazy\" width=\"1600\" height=\"900\" src=\"aspect-ratio:1600 \/ 900\" class=\"css-1seqhu9\"\/><\/div><figcaption class=\"css-15f1ujd\" dir=\"ltr\"><span role=\"text\"><span class=\"css-2ozlq5\">Legenda da foto, <\/span><span data-testid=\"caption-paragraph\">Kayan Khan recebeu a mesma marca de suplementos<\/span><\/span><\/figcaption><\/figure>\n<div dir=\"ltr\" class=\"css-1k9op6x e17x9cvu0\">\n<p dir=\"ltr\" class=\"css-s4cjt0 eea635z0\">Um m\u00eas antes de Roo come\u00e7ar seu tratamento com a vitamina D3 em gotas, Kayan Khan, de Sheffield, na Inglaterra, tamb\u00e9m recebeu prescri\u00e7\u00e3o da mesma marca de suplementos.<\/p>\n<\/div>\n<div dir=\"ltr\" class=\"css-1k9op6x e17x9cvu0\">\n<p dir=\"ltr\" class=\"css-s4cjt0 eea635z0\">Kayan tem 13 anos e enfrenta diversas condi\u00e7\u00f5es m\u00e9dicas complexas, incluindo doen\u00e7a renal cr\u00f4nica. E o tratamento de oito semanas com vitamina D receitado pelo seu m\u00e9dico estava de acordo com as recomenda\u00e7\u00f5es.<\/p>\n<\/div>\n<div dir=\"ltr\" class=\"css-1k9op6x e17x9cvu0\">\n<p dir=\"ltr\" class=\"css-s4cjt0 eea635z0\">Em fevereiro de 2025, o menino foi internado no hospital em Sheffield, com altos n\u00edveis de c\u00e1lcio e redu\u00e7\u00e3o da fun\u00e7\u00e3o renal.<\/p>\n<\/div>\n<div dir=\"ltr\" class=\"css-1k9op6x e17x9cvu0\">\n<p dir=\"ltr\" class=\"css-s4cjt0 eea635z0\">Uma carta enviada pela Funda\u00e7\u00e3o do Servi\u00e7o Nacional de Sa\u00fade brit\u00e2nico (NHS, na sigla em ingl\u00eas) do Hospital Infantil de Sheffield para a m\u00e3e de Kayan, Alaina, informou que os m\u00e9dicos tiveram dificuldade para controlar seus n\u00edveis de c\u00e1lcio e conclu\u00edram que ele estava intoxicado com vitamina D em n\u00edveis &#8220;muito acima do esperado com a suplementa\u00e7\u00e3o padr\u00e3o&#8221;.<\/p>\n<\/div>\n<div dir=\"ltr\" class=\"css-1k9op6x e17x9cvu0\">\n<p dir=\"ltr\" class=\"css-s4cjt0 eea635z0\">Ela n\u00e3o guardou o frasco da vitamina em gotas, de forma que n\u00e3o foi poss\u00edvel confirmar exatamente o n\u00famero de lote. Mas a carta afirmava que a &#8220;explica\u00e7\u00e3o l\u00f3gica&#8221; para o seu n\u00edvel de toxicidade era a ingest\u00e3o elevada de vitamina D.<\/p>\n<\/div>\n<div dir=\"ltr\" class=\"css-1k9op6x e17x9cvu0\">\n<p dir=\"ltr\" class=\"css-s4cjt0 eea635z0\">Mais uma vez, a not\u00edcia do recall da FSA n\u00e3o chegou, mesmo tendo sido transmitida para os m\u00e9dicos do hospital e para a as farm\u00e1cias locais. A m\u00e3e conta que s\u00f3 ficou sabendo do recall em abril de 2025.<\/p>\n<\/div>\n<div dir=\"ltr\" class=\"css-1k9op6x e17x9cvu0\">\n<p dir=\"ltr\" class=\"css-s4cjt0 eea635z0\">Kayan sofreu deteriora\u00e7\u00e3o significativa da sua fun\u00e7\u00e3o renal e, embora j\u00e1 tenha se recuperado levemente, ele pode precisar de um transplante no futuro.<\/p>\n<\/div>\n<div dir=\"ltr\" class=\"css-1k9op6x e17x9cvu0\">\n<p dir=\"ltr\" class=\"css-s4cjt0 eea635z0\">&#8220;Como m\u00e3e, fiquei desamparada&#8221;, lamenta ela. &#8220;N\u00e3o posso deixar de sentir que, por oito semanas, eu vinha lentamente envenenando meu filho.&#8221;<\/p>\n<\/div>\n<div dir=\"ltr\" class=\"css-1k9op6x e17x9cvu0\">\n<p dir=\"ltr\" class=\"css-s4cjt0 eea635z0\">O diretor m\u00e9dico executivo da Funda\u00e7\u00e3o do NHS do Hospital Infantil de Sheffield, Jeff Perring, declarou que a pr\u00e1tica padr\u00e3o \u00e9 pedir aos m\u00e9dicos que prescrevam a medica\u00e7\u00e3o, seguindo procedimentos rigorosos para informar aos pacientes e \u00e0s fam\u00edlias sobre recalls de medicamentos receitados diretamente.<\/p>\n<\/div>\n<div dir=\"ltr\" class=\"css-1k9op6x e17x9cvu0\">\n<p dir=\"ltr\" class=\"css-s4cjt0 eea635z0\">O fabricante das gotas, a empresa TriOn Pharma, afirmou ter iniciado o recall imediatamente ap\u00f3s a identifica\u00e7\u00e3o do problema e notificado a FSA e a MHRA, seguindo os procedimentos estabelecidos.<\/p>\n<\/div>\n<div dir=\"ltr\" class=\"css-1k9op6x e17x9cvu0\">\n<p dir=\"ltr\" class=\"css-s4cjt0 eea635z0\">&#8220;As notifica\u00e7\u00f5es do recall foram enviadas a todos os consumidores diretos por meio de canais estabelecidos para comunica\u00e7\u00e3o em toda a cadeia de abastecimento&#8221;, afirma a empresa. &#8220;Continuamos trabalhando com as autoridades para garantir a seguran\u00e7a dos pacientes.&#8221;<\/p>\n<\/div>\n<figure class=\"css-1qn0xuy\">\n<div class=\"css-1avk5os\" style=\"padding-bottom:56.25%\"><img decoding=\"async\" srcset=\"https:\/\/ichef.bbci.co.uk\/ace\/ws\/240\/cpsprodpb\/592a\/live\/e2c94dc0-335b-11f1-8606-05fe34b06e1b.jpg.webp 240w, https:\/\/ichef.bbci.co.uk\/ace\/ws\/320\/cpsprodpb\/592a\/live\/e2c94dc0-335b-11f1-8606-05fe34b06e1b.jpg.webp 320w, https:\/\/ichef.bbci.co.uk\/ace\/ws\/480\/cpsprodpb\/592a\/live\/e2c94dc0-335b-11f1-8606-05fe34b06e1b.jpg.webp 480w, https:\/\/ichef.bbci.co.uk\/ace\/ws\/624\/cpsprodpb\/592a\/live\/e2c94dc0-335b-11f1-8606-05fe34b06e1b.jpg.webp 624w, https:\/\/ichef.bbci.co.uk\/ace\/ws\/800\/cpsprodpb\/592a\/live\/e2c94dc0-335b-11f1-8606-05fe34b06e1b.jpg.webp 800w\" sizes=\"auto, (min-width: 1008px) 760px, 100vw\" alt=\"Crian\u00e7a em p\u00e9, em frente a uma estante de livros e brinquedos de madeira\" loading=\"lazy\" width=\"1920\" height=\"1080\" src=\"aspect-ratio:1920 \/ 1080\" class=\"css-1seqhu9\"\/><\/div><figcaption class=\"css-15f1ujd\" dir=\"ltr\"><span role=\"text\"><span class=\"css-2ozlq5\">Legenda da foto, <\/span><span data-testid=\"caption-paragraph\">Os n\u00edveis de vitamina D de Roo levaram cerca de um ano para retornar \u00e0 faixa de seguran\u00e7a<\/span><\/span><\/figcaption><\/figure>\n<div dir=\"ltr\" class=\"css-1k9op6x e17x9cvu0\">\n<p dir=\"ltr\" class=\"css-s4cjt0 eea635z0\">Os n\u00edveis de vitamina D de Roo levaram cerca de um ano para voltar \u00e0 faixa de seguran\u00e7a. E Carys Hobbs-Sargeant conta que ainda n\u00e3o se sabe ao certo quais ser\u00e3o os efeitos a longo prazo.<\/p>\n<\/div>\n<div dir=\"ltr\" class=\"css-1k9op6x e17x9cvu0\">\n<p dir=\"ltr\" class=\"css-s4cjt0 eea635z0\">&#8220;Ele deixou de ser um aluno de uma escola florestal, em ambiente externo, e agora precisa de uma cadeira de rodas para sair por dist\u00e2ncias mais longas&#8221;, lamenta ela.<\/p>\n<\/div>\n<div dir=\"ltr\" class=\"css-1k9op6x e17x9cvu0\">\n<p dir=\"ltr\" class=\"css-s4cjt0 eea635z0\">&#8220;Ele n\u00e3o voltou imediatamente a ser quem ele era e ainda enfrenta dificuldades todos os dias.&#8221;<\/p>\n<\/div>\n<\/div>\n<p><a href=\"https:\/\/www.bbc.com\/portuguese\/articles\/c9vl3g72rkwo\">Fonte do Artigo <\/a><\/p>","protected":false},"excerpt":{"rendered":"<p>Cr\u00e9dito, Carys Hobbs-Sargeant Legenda da foto, Roo foi acidentalmente envenenado com uma dose t\u00f3xica de vitamina D Article Information Author, Hazel Martin Role, BBC News e Author, Susie Forrest Role, BBC Esc\u00f3cia 18 abril 2026 Tempo de leitura: 8 min O menino Roo, de sete anos, ficou doente no in\u00edcio do ano passado. Sintomas como [&hellip;]<\/p>\n","protected":false},"author":1,"featured_media":111731,"comment_status":"closed","ping_status":"","sticky":false,"template":"","format":"standard","meta":{"googlesitekit_rrm_CAow2JLhCw:productID":"","_gspb_post_css":"","maa_idioma":"","maa_pais":"","footnotes":""},"categories":[4],"tags":[3968,96,12858,29937,3169,24906,3234,11720,78,5670,29936,12114,3916],"class_list":["post-111730","post","type-post","status-publish","format-standard","has-post-thumbnail","hentry","category-brasil","tag-cancer","tag-cerebral","tag-ele","tag-envenenado","tag-filho","tag-havia","tag-mas","tag-meu","tag-saude","tag-sido","tag-temi","tag-tivesse","tag-vitamina"],"blocksy_meta":[],"yoast_head":"<!-- This site is optimized with the Yoast SEO Premium plugin v27.6 (Yoast SEO v27.6) - https:\/\/yoast.com\/product\/yoast-seo-premium-wordpress\/ -->\n<title>Sa\u00fade: &#039;Temi que meu filho tivesse c\u00e2ncer cerebral, mas ele havia sido envenenado com vitamina D&#039; - Ubirat\u00e3 Online Not\u00edcias - A realidade ao seu alcance!<\/title>\n<meta name=\"description\" content=\"Cr\u00e9dito, Carys Hobbs-SargeantLegenda da foto, Roo foi acidentalmente envenenado com uma dose t\u00f3xica de vitamina DArticle InformationAuthor, Hazel\" \/>\n<meta name=\"robots\" content=\"index, follow, max-snippet:-1, max-image-preview:large, max-video-preview:-1\" \/>\n<link rel=\"canonical\" href=\"https:\/\/ubirataonline.com.br\/en\/saude-temi-que-meu-filho-tivesse-cancer-cerebral-mas-ele-havia-sido-envenenado-com-vitamina-d\/\" \/>\n<meta property=\"og:locale\" content=\"en_US\" \/>\n<meta property=\"og:type\" content=\"article\" \/>\n<meta property=\"og:title\" content=\"Sa\u00fade: &#039;Temi que meu filho tivesse c\u00e2ncer cerebral, mas ele havia sido envenenado com vitamina D&#039;\" \/>\n<meta property=\"og:description\" content=\"Cr\u00e9dito, Carys Hobbs-SargeantLegenda da foto, Roo foi acidentalmente envenenado com uma dose t\u00f3xica de vitamina DArticle InformationAuthor, Hazel\" \/>\n<meta property=\"og:url\" content=\"https:\/\/ubirataonline.com.br\/en\/saude-temi-que-meu-filho-tivesse-cancer-cerebral-mas-ele-havia-sido-envenenado-com-vitamina-d\/\" \/>\n<meta property=\"og:site_name\" content=\"Ubirat\u00e3 Online Not\u00edcias - A realidade ao seu alcance!\" \/>\n<meta property=\"article:publisher\" content=\"https:\/\/www.facebook.com\/portalubirataonline\" \/>\n<meta property=\"article:author\" content=\"https:\/\/www.facebook.com\/portalubirataonline\" \/>\n<meta property=\"article:published_time\" content=\"2026-04-19T10:08:44+00:00\" \/>\n<meta property=\"article:modified_time\" content=\"2026-04-19T10:08:47+00:00\" \/>\n<meta property=\"og:image\" content=\"https:\/\/ubirataonline.com.br\/wp-content\/uploads\/2026\/04\/Saude-Temi-que-meu-filho-tivesse-cancer-cerebral-mas-ele.jpg\" \/>\n\t<meta property=\"og:image:width\" content=\"1024\" \/>\n\t<meta property=\"og:image:height\" content=\"576\" \/>\n\t<meta property=\"og:image:type\" content=\"image\/jpeg\" \/>\n<meta name=\"author\" content=\"REDA\u00c7\u00c3O: UBIRAT\u00c3 ONLINE - F\u00c1BIO AUGUSTO CELESTINO\" \/>\n<meta name=\"twitter:card\" content=\"summary_large_image\" \/>\n<meta name=\"twitter:creator\" content=\"@x.com\/ubirataonline\" \/>\n<meta name=\"twitter:site\" content=\"@ubirataonline\" \/>\n<meta name=\"twitter:label1\" content=\"Written by\" \/>\n\t<meta name=\"twitter:data1\" content=\"REDA\u00c7\u00c3O: UBIRAT\u00c3 ONLINE - F\u00c1BIO AUGUSTO CELESTINO\" \/>\n\t<meta name=\"twitter:label2\" content=\"Est. reading time\" \/>\n\t<meta name=\"twitter:data2\" content=\"9 minutes\" \/>\n<script type=\"application\/ld+json\" class=\"yoast-schema-graph\">{\"@context\":\"https:\\\/\\\/schema.org\",\"@graph\":[{\"@type\":\"NewsArticle\",\"@id\":\"https:\\\/\\\/ubirataonline.com.br\\\/saude-temi-que-meu-filho-tivesse-cancer-cerebral-mas-ele-havia-sido-envenenado-com-vitamina-d\\\/#article\",\"isPartOf\":{\"@id\":\"https:\\\/\\\/ubirataonline.com.br\\\/saude-temi-que-meu-filho-tivesse-cancer-cerebral-mas-ele-havia-sido-envenenado-com-vitamina-d\\\/\"},\"author\":{\"name\":\"REDA\u00c7\u00c3O: UBIRAT\u00c3 ONLINE - F\u00c1BIO AUGUSTO CELESTINO\",\"@id\":\"https:\\\/\\\/ubirataonline.com.br\\\/#\\\/schema\\\/person\\\/372f87bbd3fdd79b8556b84c98d0bc1c\"},\"headline\":\"Sa\u00fade: &#8216;Temi que meu filho tivesse c\u00e2ncer cerebral, mas ele havia sido envenenado com vitamina D&#8217;\",\"datePublished\":\"2026-04-19T10:08:44+00:00\",\"dateModified\":\"2026-04-19T10:08:47+00:00\",\"mainEntityOfPage\":{\"@id\":\"https:\\\/\\\/ubirataonline.com.br\\\/saude-temi-que-meu-filho-tivesse-cancer-cerebral-mas-ele-havia-sido-envenenado-com-vitamina-d\\\/\"},\"wordCount\":1820,\"publisher\":{\"@id\":\"https:\\\/\\\/ubirataonline.com.br\\\/#organization\"},\"image\":{\"@id\":\"https:\\\/\\\/ubirataonline.com.br\\\/saude-temi-que-meu-filho-tivesse-cancer-cerebral-mas-ele-havia-sido-envenenado-com-vitamina-d\\\/#primaryimage\"},\"thumbnailUrl\":\"https:\\\/\\\/ubirataonline.com.br\\\/wp-content\\\/uploads\\\/2026\\\/04\\\/Saude-Temi-que-meu-filho-tivesse-cancer-cerebral-mas-ele.jpg\",\"keywords\":[\"c\u00e2ncer\",\"Cerebral\",\"ele\",\"envenenado\",\"filho\",\"havia\",\"mas\",\"Meu\",\"sa\u00fade\",\"sido\",\"Temi\",\"Tivesse\",\"vitamina\"],\"articleSection\":[\"Brasil\"],\"inLanguage\":\"en-US\",\"copyrightYear\":\"2026\",\"copyrightHolder\":{\"@id\":\"https:\\\/\\\/ubirataonline.com.br\\\/en\\\/#organization\"}},{\"@type\":\"WebPage\",\"@id\":\"https:\\\/\\\/ubirataonline.com.br\\\/saude-temi-que-meu-filho-tivesse-cancer-cerebral-mas-ele-havia-sido-envenenado-com-vitamina-d\\\/\",\"url\":\"https:\\\/\\\/ubirataonline.com.br\\\/saude-temi-que-meu-filho-tivesse-cancer-cerebral-mas-ele-havia-sido-envenenado-com-vitamina-d\\\/\",\"name\":\"Sa\u00fade: 'Temi que meu filho tivesse c\u00e2ncer cerebral, mas ele havia sido envenenado com vitamina D' - Ubirat\u00e3 Online Not\u00edcias - A realidade ao seu alcance!\",\"isPartOf\":{\"@id\":\"https:\\\/\\\/ubirataonline.com.br\\\/#website\"},\"primaryImageOfPage\":{\"@id\":\"https:\\\/\\\/ubirataonline.com.br\\\/saude-temi-que-meu-filho-tivesse-cancer-cerebral-mas-ele-havia-sido-envenenado-com-vitamina-d\\\/#primaryimage\"},\"image\":{\"@id\":\"https:\\\/\\\/ubirataonline.com.br\\\/saude-temi-que-meu-filho-tivesse-cancer-cerebral-mas-ele-havia-sido-envenenado-com-vitamina-d\\\/#primaryimage\"},\"thumbnailUrl\":\"https:\\\/\\\/ubirataonline.com.br\\\/wp-content\\\/uploads\\\/2026\\\/04\\\/Saude-Temi-que-meu-filho-tivesse-cancer-cerebral-mas-ele.jpg\",\"datePublished\":\"2026-04-19T10:08:44+00:00\",\"dateModified\":\"2026-04-19T10:08:47+00:00\",\"description\":\"Cr\u00e9dito, Carys Hobbs-SargeantLegenda da foto, Roo foi acidentalmente envenenado com uma dose t\u00f3xica de vitamina DArticle InformationAuthor, Hazel\",\"breadcrumb\":{\"@id\":\"https:\\\/\\\/ubirataonline.com.br\\\/saude-temi-que-meu-filho-tivesse-cancer-cerebral-mas-ele-havia-sido-envenenado-com-vitamina-d\\\/#breadcrumb\"},\"inLanguage\":\"en-US\",\"potentialAction\":[{\"@type\":\"ReadAction\",\"target\":[\"https:\\\/\\\/ubirataonline.com.br\\\/saude-temi-que-meu-filho-tivesse-cancer-cerebral-mas-ele-havia-sido-envenenado-com-vitamina-d\\\/\"]}]},{\"@type\":\"ImageObject\",\"inLanguage\":\"en-US\",\"@id\":\"https:\\\/\\\/ubirataonline.com.br\\\/saude-temi-que-meu-filho-tivesse-cancer-cerebral-mas-ele-havia-sido-envenenado-com-vitamina-d\\\/#primaryimage\",\"url\":\"https:\\\/\\\/ubirataonline.com.br\\\/wp-content\\\/uploads\\\/2026\\\/04\\\/Saude-Temi-que-meu-filho-tivesse-cancer-cerebral-mas-ele.jpg\",\"contentUrl\":\"https:\\\/\\\/ubirataonline.com.br\\\/wp-content\\\/uploads\\\/2026\\\/04\\\/Saude-Temi-que-meu-filho-tivesse-cancer-cerebral-mas-ele.jpg\",\"width\":1024,\"height\":576,\"caption\":\"Legenda da foto, Roo foi acidentalmente envenenado com uma dose t\u00f3xica de vitamina D\"},{\"@type\":\"BreadcrumbList\",\"@id\":\"https:\\\/\\\/ubirataonline.com.br\\\/saude-temi-que-meu-filho-tivesse-cancer-cerebral-mas-ele-havia-sido-envenenado-com-vitamina-d\\\/#breadcrumb\",\"itemListElement\":[{\"@type\":\"ListItem\",\"position\":1,\"name\":\"In\u00edcio\",\"item\":\"https:\\\/\\\/ubirataonline.com.br\\\/\"},{\"@type\":\"ListItem\",\"position\":2,\"name\":\"Sa\u00fade: &#8216;Temi que meu filho tivesse c\u00e2ncer cerebral, mas ele havia sido envenenado com vitamina D&#8217;\"}]},{\"@type\":\"WebSite\",\"@id\":\"https:\\\/\\\/ubirataonline.com.br\\\/#website\",\"url\":\"https:\\\/\\\/ubirataonline.com.br\\\/\",\"name\":\"Ubirat\u00e3 Online Not\u00edcias\",\"description\":\"Not\u00edcias de Ubirat\u00e3, regi\u00e3o, Brasil e mundo, com informa\u00e7\u00e3o atualizada e compromisso com o leitor.\",\"publisher\":{\"@id\":\"https:\\\/\\\/ubirataonline.com.br\\\/#organization\"},\"alternateName\":\"Ubirat\u00e3 Online\",\"potentialAction\":[{\"@type\":\"SearchAction\",\"target\":{\"@type\":\"EntryPoint\",\"urlTemplate\":\"https:\\\/\\\/ubirataonline.com.br\\\/?s={search_term_string}\"},\"query-input\":{\"@type\":\"PropertyValueSpecification\",\"valueRequired\":true,\"valueName\":\"search_term_string\"}}],\"inLanguage\":\"en-US\"},{\"@type\":[\"Organization\",\"Place\"],\"@id\":\"https:\\\/\\\/ubirataonline.com.br\\\/#organization\",\"name\":\"Ubirat\u00e3 Online Not\u00edcias\",\"alternateName\":\"Ubirat\u00e3 Online\",\"url\":\"https:\\\/\\\/ubirataonline.com.br\\\/\",\"logo\":{\"@id\":\"https:\\\/\\\/ubirataonline.com.br\\\/saude-temi-que-meu-filho-tivesse-cancer-cerebral-mas-ele-havia-sido-envenenado-com-vitamina-d\\\/#local-main-organization-logo\"},\"image\":{\"@id\":\"https:\\\/\\\/ubirataonline.com.br\\\/saude-temi-que-meu-filho-tivesse-cancer-cerebral-mas-ele-havia-sido-envenenado-com-vitamina-d\\\/#local-main-organization-logo\"},\"sameAs\":[\"https:\\\/\\\/www.facebook.com\\\/portalubirataonline\",\"https:\\\/\\\/x.com\\\/ubirataonline\",\"https:\\\/\\\/mastodon.social\\\/@ubirataonline\",\"https:\\\/\\\/www.facebook.com\\\/groups\\\/311144672285604\",\"https:\\\/\\\/www.facebook.com\\\/UBTAOnline\",\"https:\\\/\\\/www.instagram.com\\\/portalubirataonline\\\/\",\"https:\\\/\\\/twitter.com\\\/ubirataonline\"],\"description\":\"Somos um portal de not\u00edcias independente, criado em 5 de janeiro de 2009, com o objetivo de informar, conectar e valorizar a nossa comunidade de Ubirat\u00e3 e toda aregi\u00e3o. Com conte\u00fado atualizado, confi\u00e1vel e relevante, o Ubirat\u00e3 Online \u00e9 o seu espa\u00e7o para ficar por dentro dos principais acontecimentos locais, regionais, Brasil, Mundo e de interesse geral. Nosso compromisso \u00e9 com a verdade, a transpar\u00eancia e o respeito ao leitor.\",\"legalName\":\"UBIRATA ONLINE NOT\u00cdCIAS\",\"foundingDate\":\"2009-01-05\",\"numberOfEmployees\":{\"@type\":\"QuantitativeValue\",\"minValue\":\"1\",\"maxValue\":\"10\"},\"publishingPrinciples\":\"https:\\\/\\\/ubirataonline.com.br\\\/faq\\\/\",\"address\":{\"@id\":\"https:\\\/\\\/ubirataonline.com.br\\\/saude-temi-que-meu-filho-tivesse-cancer-cerebral-mas-ele-havia-sido-envenenado-com-vitamina-d\\\/#local-main-place-address\"},\"geo\":{\"@type\":\"GeoCoordinates\",\"latitude\":\"-24.5361401\",\"longitude\":\"-52.9921776\"},\"telephone\":[\"+5544998308235\"],\"contactPoint\":{\"@type\":\"ContactPoint\",\"email\":\"contato@ubirataonline.com.br\"},\"openingHoursSpecification\":{\"@type\":\"OpeningHoursSpecification\",\"dayOfWeek\":[\"Monday\",\"Tuesday\",\"Wednesday\",\"Thursday\",\"Friday\",\"Saturday\",\"Sunday\"],\"opens\":\"00:00\",\"closes\":\"23:59\"},\"email\":\"contato@ubirataonline.com.br\",\"vatID\":\"47.621.418\\\/0001-80\"},{\"@type\":\"Person\",\"@id\":\"https:\\\/\\\/ubirataonline.com.br\\\/#\\\/schema\\\/person\\\/372f87bbd3fdd79b8556b84c98d0bc1c\",\"name\":\"REDA\u00c7\u00c3O: UBIRAT\u00c3 ONLINE - F\u00c1BIO AUGUSTO CELESTINO\",\"pronouns\":\"Ele\",\"description\":\"Desde 2003 trabalhando com not\u00edcias.\",\"sameAs\":[\"http:\\\/\\\/ubirataoline.com.br\",\"https:\\\/\\\/www.facebook.com\\\/portalubirataonline\",\"https:\\\/\\\/www.instagram.com\\\/ubirataonline_oficial\",\"https:\\\/\\\/x.com\\\/x.com\\\/ubirataonline\"],\"honorificPrefix\":\"Mr.\",\"honorificSuffix\":\"MD\",\"birthDate\":\"1980-06-16\",\"gender\":\"masculino\",\"award\":[\"V\u00e1rios pr\u00eamios de melhor portal da cidade\"],\"jobTitle\":\"Diretor\",\"url\":\"https:\\\/\\\/ubirataonline.com.br\\\/en\\\/author\\\/ubirataonline\\\/\"},{\"@type\":\"PostalAddress\",\"@id\":\"https:\\\/\\\/ubirataonline.com.br\\\/saude-temi-que-meu-filho-tivesse-cancer-cerebral-mas-ele-havia-sido-envenenado-com-vitamina-d\\\/#local-main-place-address\",\"streetAddress\":\"Rua dos Coqueiros, 104 - Bairro Boa Vista, Rua dos Coqueiros, 104 Bairro Boa Vista\",\"addressLocality\":\"UBIRATA\",\"postalCode\":\"85440-000\",\"addressRegion\":\"PR\",\"addressCountry\":\"BR\"},{\"@type\":\"ImageObject\",\"inLanguage\":\"en-US\",\"@id\":\"https:\\\/\\\/ubirataonline.com.br\\\/saude-temi-que-meu-filho-tivesse-cancer-cerebral-mas-ele-havia-sido-envenenado-com-vitamina-d\\\/#local-main-organization-logo\",\"url\":\"https:\\\/\\\/ubirataonline.com.br\\\/wp-content\\\/uploads\\\/2026\\\/06\\\/logoubirataonline-1.webp\",\"contentUrl\":\"https:\\\/\\\/ubirataonline.com.br\\\/wp-content\\\/uploads\\\/2026\\\/06\\\/logoubirataonline-1.webp\",\"width\":500,\"height\":500,\"caption\":\"Ubirat\u00e3 Online Not\u00edcias\"}]}<\/script>\n<meta name=\"geo.placename\" content=\"UBIRATA\" \/>\n<meta name=\"geo.position\" content=\"-24.5361401;-52.9921776\" \/>\n<meta name=\"geo.region\" content=\"Brazil\" \/>\n<!-- \/ Yoast SEO Premium plugin. -->","yoast_head_json":{"title":"Sa\u00fade: 'Temi que meu filho tivesse c\u00e2ncer cerebral, mas ele havia sido envenenado com vitamina D' - Ubirat\u00e3 Online Not\u00edcias - A realidade ao seu alcance!","description":"Cr\u00e9dito, Carys Hobbs-SargeantLegenda da foto, Roo foi acidentalmente envenenado com uma dose t\u00f3xica de vitamina DArticle InformationAuthor, Hazel","robots":{"index":"index","follow":"follow","max-snippet":"max-snippet:-1","max-image-preview":"max-image-preview:large","max-video-preview":"max-video-preview:-1"},"canonical":"https:\/\/ubirataonline.com.br\/en\/saude-temi-que-meu-filho-tivesse-cancer-cerebral-mas-ele-havia-sido-envenenado-com-vitamina-d\/","og_locale":"en_US","og_type":"article","og_title":"Sa\u00fade: 'Temi que meu filho tivesse c\u00e2ncer cerebral, mas ele havia sido envenenado com vitamina D'","og_description":"Cr\u00e9dito, Carys Hobbs-SargeantLegenda da foto, Roo foi acidentalmente envenenado com uma dose t\u00f3xica de vitamina DArticle InformationAuthor, Hazel","og_url":"https:\/\/ubirataonline.com.br\/en\/saude-temi-que-meu-filho-tivesse-cancer-cerebral-mas-ele-havia-sido-envenenado-com-vitamina-d\/","og_site_name":"Ubirat\u00e3 Online Not\u00edcias - A realidade ao seu alcance!","article_publisher":"https:\/\/www.facebook.com\/portalubirataonline","article_author":"https:\/\/www.facebook.com\/portalubirataonline","article_published_time":"2026-04-19T10:08:44+00:00","article_modified_time":"2026-04-19T10:08:47+00:00","og_image":[{"width":1024,"height":576,"url":"https:\/\/ubirataonline.com.br\/wp-content\/uploads\/2026\/04\/Saude-Temi-que-meu-filho-tivesse-cancer-cerebral-mas-ele.jpg","type":"image\/jpeg"}],"author":"REDA\u00c7\u00c3O: UBIRAT\u00c3 ONLINE - F\u00c1BIO AUGUSTO CELESTINO","twitter_card":"summary_large_image","twitter_creator":"@x.com\/ubirataonline","twitter_site":"@ubirataonline","twitter_misc":{"Written by":"REDA\u00c7\u00c3O: UBIRAT\u00c3 ONLINE - F\u00c1BIO AUGUSTO CELESTINO","Est. reading time":"9 minutes"},"schema":{"@context":"https:\/\/schema.org","@graph":[{"@type":"NewsArticle","@id":"https:\/\/ubirataonline.com.br\/saude-temi-que-meu-filho-tivesse-cancer-cerebral-mas-ele-havia-sido-envenenado-com-vitamina-d\/#article","isPartOf":{"@id":"https:\/\/ubirataonline.com.br\/saude-temi-que-meu-filho-tivesse-cancer-cerebral-mas-ele-havia-sido-envenenado-com-vitamina-d\/"},"author":{"name":"REDA\u00c7\u00c3O: UBIRAT\u00c3 ONLINE - F\u00c1BIO AUGUSTO CELESTINO","@id":"https:\/\/ubirataonline.com.br\/#\/schema\/person\/372f87bbd3fdd79b8556b84c98d0bc1c"},"headline":"Sa\u00fade: &#8216;Temi que meu filho tivesse c\u00e2ncer cerebral, mas ele havia sido envenenado com vitamina D&#8217;","datePublished":"2026-04-19T10:08:44+00:00","dateModified":"2026-04-19T10:08:47+00:00","mainEntityOfPage":{"@id":"https:\/\/ubirataonline.com.br\/saude-temi-que-meu-filho-tivesse-cancer-cerebral-mas-ele-havia-sido-envenenado-com-vitamina-d\/"},"wordCount":1820,"publisher":{"@id":"https:\/\/ubirataonline.com.br\/#organization"},"image":{"@id":"https:\/\/ubirataonline.com.br\/saude-temi-que-meu-filho-tivesse-cancer-cerebral-mas-ele-havia-sido-envenenado-com-vitamina-d\/#primaryimage"},"thumbnailUrl":"https:\/\/ubirataonline.com.br\/wp-content\/uploads\/2026\/04\/Saude-Temi-que-meu-filho-tivesse-cancer-cerebral-mas-ele.jpg","keywords":["c\u00e2ncer","Cerebral","ele","envenenado","filho","havia","mas","Meu","sa\u00fade","sido","Temi","Tivesse","vitamina"],"articleSection":["Brasil"],"inLanguage":"en-US","copyrightYear":"2026","copyrightHolder":{"@id":"https:\/\/ubirataonline.com.br\/en\/#organization"}},{"@type":"WebPage","@id":"https:\/\/ubirataonline.com.br\/saude-temi-que-meu-filho-tivesse-cancer-cerebral-mas-ele-havia-sido-envenenado-com-vitamina-d\/","url":"https:\/\/ubirataonline.com.br\/saude-temi-que-meu-filho-tivesse-cancer-cerebral-mas-ele-havia-sido-envenenado-com-vitamina-d\/","name":"Sa\u00fade: 'Temi que meu filho tivesse c\u00e2ncer cerebral, mas ele havia sido envenenado com vitamina D' - Ubirat\u00e3 Online Not\u00edcias - A realidade ao seu alcance!","isPartOf":{"@id":"https:\/\/ubirataonline.com.br\/#website"},"primaryImageOfPage":{"@id":"https:\/\/ubirataonline.com.br\/saude-temi-que-meu-filho-tivesse-cancer-cerebral-mas-ele-havia-sido-envenenado-com-vitamina-d\/#primaryimage"},"image":{"@id":"https:\/\/ubirataonline.com.br\/saude-temi-que-meu-filho-tivesse-cancer-cerebral-mas-ele-havia-sido-envenenado-com-vitamina-d\/#primaryimage"},"thumbnailUrl":"https:\/\/ubirataonline.com.br\/wp-content\/uploads\/2026\/04\/Saude-Temi-que-meu-filho-tivesse-cancer-cerebral-mas-ele.jpg","datePublished":"2026-04-19T10:08:44+00:00","dateModified":"2026-04-19T10:08:47+00:00","description":"Cr\u00e9dito, Carys Hobbs-SargeantLegenda da foto, Roo foi acidentalmente envenenado com uma dose t\u00f3xica de vitamina DArticle InformationAuthor, Hazel","breadcrumb":{"@id":"https:\/\/ubirataonline.com.br\/saude-temi-que-meu-filho-tivesse-cancer-cerebral-mas-ele-havia-sido-envenenado-com-vitamina-d\/#breadcrumb"},"inLanguage":"en-US","potentialAction":[{"@type":"ReadAction","target":["https:\/\/ubirataonline.com.br\/saude-temi-que-meu-filho-tivesse-cancer-cerebral-mas-ele-havia-sido-envenenado-com-vitamina-d\/"]}]},{"@type":"ImageObject","inLanguage":"en-US","@id":"https:\/\/ubirataonline.com.br\/saude-temi-que-meu-filho-tivesse-cancer-cerebral-mas-ele-havia-sido-envenenado-com-vitamina-d\/#primaryimage","url":"https:\/\/ubirataonline.com.br\/wp-content\/uploads\/2026\/04\/Saude-Temi-que-meu-filho-tivesse-cancer-cerebral-mas-ele.jpg","contentUrl":"https:\/\/ubirataonline.com.br\/wp-content\/uploads\/2026\/04\/Saude-Temi-que-meu-filho-tivesse-cancer-cerebral-mas-ele.jpg","width":1024,"height":576,"caption":"Legenda da foto, Roo foi acidentalmente envenenado com uma dose t\u00f3xica de vitamina D"},{"@type":"BreadcrumbList","@id":"https:\/\/ubirataonline.com.br\/saude-temi-que-meu-filho-tivesse-cancer-cerebral-mas-ele-havia-sido-envenenado-com-vitamina-d\/#breadcrumb","itemListElement":[{"@type":"ListItem","position":1,"name":"In\u00edcio","item":"https:\/\/ubirataonline.com.br\/"},{"@type":"ListItem","position":2,"name":"Sa\u00fade: &#8216;Temi que meu filho tivesse c\u00e2ncer cerebral, mas ele havia sido envenenado com vitamina D&#8217;"}]},{"@type":"WebSite","@id":"https:\/\/ubirataonline.com.br\/#website","url":"https:\/\/ubirataonline.com.br\/","name":"Ubirat\u00e3 Online Not\u00edcias","description":"Not\u00edcias de Ubirat\u00e3, regi\u00e3o, Brasil e mundo, com informa\u00e7\u00e3o atualizada e compromisso com o leitor.","publisher":{"@id":"https:\/\/ubirataonline.com.br\/#organization"},"alternateName":"Ubirat\u00e3 Online","potentialAction":[{"@type":"SearchAction","target":{"@type":"EntryPoint","urlTemplate":"https:\/\/ubirataonline.com.br\/?s={search_term_string}"},"query-input":{"@type":"PropertyValueSpecification","valueRequired":true,"valueName":"search_term_string"}}],"inLanguage":"en-US"},{"@type":["Organization","Place"],"@id":"https:\/\/ubirataonline.com.br\/#organization","name":"Ubirat\u00e3 Online Not\u00edcias","alternateName":"Ubirat\u00e3 Online","url":"https:\/\/ubirataonline.com.br\/","logo":{"@id":"https:\/\/ubirataonline.com.br\/saude-temi-que-meu-filho-tivesse-cancer-cerebral-mas-ele-havia-sido-envenenado-com-vitamina-d\/#local-main-organization-logo"},"image":{"@id":"https:\/\/ubirataonline.com.br\/saude-temi-que-meu-filho-tivesse-cancer-cerebral-mas-ele-havia-sido-envenenado-com-vitamina-d\/#local-main-organization-logo"},"sameAs":["https:\/\/www.facebook.com\/portalubirataonline","https:\/\/x.com\/ubirataonline","https:\/\/mastodon.social\/@ubirataonline","https:\/\/www.facebook.com\/groups\/311144672285604","https:\/\/www.facebook.com\/UBTAOnline","https:\/\/www.instagram.com\/portalubirataonline\/","https:\/\/twitter.com\/ubirataonline"],"description":"Somos um portal de not\u00edcias independente, criado em 5 de janeiro de 2009, com o objetivo de informar, conectar e valorizar a nossa comunidade de Ubirat\u00e3 e toda aregi\u00e3o. Com conte\u00fado atualizado, confi\u00e1vel e relevante, o Ubirat\u00e3 Online \u00e9 o seu espa\u00e7o para ficar por dentro dos principais acontecimentos locais, regionais, Brasil, Mundo e de interesse geral. Nosso compromisso \u00e9 com a verdade, a transpar\u00eancia e o respeito ao leitor.","legalName":"UBIRATA ONLINE NOT\u00cdCIAS","foundingDate":"2009-01-05","numberOfEmployees":{"@type":"QuantitativeValue","minValue":"1","maxValue":"10"},"publishingPrinciples":"https:\/\/ubirataonline.com.br\/faq\/","address":{"@id":"https:\/\/ubirataonline.com.br\/saude-temi-que-meu-filho-tivesse-cancer-cerebral-mas-ele-havia-sido-envenenado-com-vitamina-d\/#local-main-place-address"},"geo":{"@type":"GeoCoordinates","latitude":"-24.5361401","longitude":"-52.9921776"},"telephone":["+5544998308235"],"contactPoint":{"@type":"ContactPoint","email":"contato@ubirataonline.com.br"},"openingHoursSpecification":{"@type":"OpeningHoursSpecification","dayOfWeek":["Monday","Tuesday","Wednesday","Thursday","Friday","Saturday","Sunday"],"opens":"00:00","closes":"23:59"},"email":"contato@ubirataonline.com.br","vatID":"47.621.418\/0001-80"},{"@type":"Person","@id":"https:\/\/ubirataonline.com.br\/#\/schema\/person\/372f87bbd3fdd79b8556b84c98d0bc1c","name":"REDA\u00c7\u00c3O: UBIRAT\u00c3 ONLINE - F\u00c1BIO AUGUSTO CELESTINO","pronouns":"Ele","description":"Desde 2003 trabalhando com not\u00edcias.","sameAs":["http:\/\/ubirataoline.com.br","https:\/\/www.facebook.com\/portalubirataonline","https:\/\/www.instagram.com\/ubirataonline_oficial","https:\/\/x.com\/x.com\/ubirataonline"],"honorificPrefix":"Mr.","honorificSuffix":"MD","birthDate":"1980-06-16","gender":"masculino","award":["V\u00e1rios pr\u00eamios de melhor portal da cidade"],"jobTitle":"Diretor","url":"https:\/\/ubirataonline.com.br\/en\/author\/ubirataonline\/"},{"@type":"PostalAddress","@id":"https:\/\/ubirataonline.com.br\/saude-temi-que-meu-filho-tivesse-cancer-cerebral-mas-ele-havia-sido-envenenado-com-vitamina-d\/#local-main-place-address","streetAddress":"Rua dos Coqueiros, 104 - Bairro Boa Vista, Rua dos Coqueiros, 104 Bairro Boa Vista","addressLocality":"UBIRATA","postalCode":"85440-000","addressRegion":"PR","addressCountry":"BR"},{"@type":"ImageObject","inLanguage":"en-US","@id":"https:\/\/ubirataonline.com.br\/saude-temi-que-meu-filho-tivesse-cancer-cerebral-mas-ele-havia-sido-envenenado-com-vitamina-d\/#local-main-organization-logo","url":"https:\/\/ubirataonline.com.br\/wp-content\/uploads\/2026\/06\/logoubirataonline-1.webp","contentUrl":"https:\/\/ubirataonline.com.br\/wp-content\/uploads\/2026\/06\/logoubirataonline-1.webp","width":500,"height":500,"caption":"Ubirat\u00e3 Online Not\u00edcias"}]},"geo.placename":"UBIRATA","geo.position":{"lat":"-24.5361401","long":"-52.9921776"},"geo.region":"Brazil"},"_links":{"self":[{"href":"https:\/\/ubirataonline.com.br\/en\/wp-json\/wp\/v2\/posts\/111730","targetHints":{"allow":["GET"]}}],"collection":[{"href":"https:\/\/ubirataonline.com.br\/en\/wp-json\/wp\/v2\/posts"}],"about":[{"href":"https:\/\/ubirataonline.com.br\/en\/wp-json\/wp\/v2\/types\/post"}],"author":[{"embeddable":true,"href":"https:\/\/ubirataonline.com.br\/en\/wp-json\/wp\/v2\/users\/1"}],"replies":[{"embeddable":true,"href":"https:\/\/ubirataonline.com.br\/en\/wp-json\/wp\/v2\/comments?post=111730"}],"version-history":[{"count":0,"href":"https:\/\/ubirataonline.com.br\/en\/wp-json\/wp\/v2\/posts\/111730\/revisions"}],"wp:featuredmedia":[{"embeddable":true,"href":"https:\/\/ubirataonline.com.br\/en\/wp-json\/wp\/v2\/media\/111731"}],"wp:attachment":[{"href":"https:\/\/ubirataonline.com.br\/en\/wp-json\/wp\/v2\/media?parent=111730"}],"wp:term":[{"taxonomy":"category","embeddable":true,"href":"https:\/\/ubirataonline.com.br\/en\/wp-json\/wp\/v2\/categories?post=111730"},{"taxonomy":"post_tag","embeddable":true,"href":"https:\/\/ubirataonline.com.br\/en\/wp-json\/wp\/v2\/tags?post=111730"}],"curies":[{"name":"wp","href":"https:\/\/api.w.org\/{rel}","templated":true}]}}