{"id":111781,"date":"2026-04-19T09:10:39","date_gmt":"2026-04-19T12:10:39","guid":{"rendered":"https:\/\/ubirataonline.com.br\/vorfreude-auf-schalke-preusens-schwartz-hat-gutes-gefuhl-sport\/"},"modified":"2026-04-19T09:10:45","modified_gmt":"2026-04-19T12:10:45","slug":"vorfreude-auf-schalke-preusens-schwartz-hat-gutes-gefuhl-sport","status":"publish","type":"post","link":"https:\/\/ubirataonline.com.br\/en\/vorfreude-auf-schalke-preusens-schwartz-hat-gutes-gefuhl-sport\/","title":{"rendered":"Vorfreude auf Schalke: Preu\u00dfens Schwartz hat gutes Gef\u00fchl | Sport"},"content":{"rendered":"<p><\/p>\n<div><!--[--><!--[--><a class=\"skip-content skip-content--link\" href=\"#in-content-skip-link-target-v-0-0\"><span>TTS-Player \u00fcberspringen<\/span><span aria-hidden=\"true\">\u21b5<\/span><\/a><!--[--><!--]--><a id=\"in-content-skip-link-target-v-0-0\" class=\"skip-content--target-link-hidden skip-content skip-content--target-link\" href=\"#in-content-skip-link-target-v-0-0\">Artikel weiterlesen<\/a><!--]--><\/p>\n<p><!--[--><!--[-->Viermal musste Alois Schwartz (59) in seiner bisherigen Trainerlaufbahn gegen die K\u00f6nigsblauen ran \u2013 und kassierte mit Sandhausen (1:2\/2:5), Hansa Rostock (0:2) und N\u00fcrnberg (2:3) jeweils Pleiten. Trotzdem tritt  M\u00fcnsters Neu-Coach am Sonntag (13:30 Uhr\/live auf Sky) mit positiven Erinnerungen in  Gelsenkirchen an. Weil er dort zumindest als Spieler einen seiner gr\u00f6\u00dften Erfolge feierte\u2026<!--]--><!--]--><\/p>\n<p><!--[--><!--[--><b>Vorfreude auf Schalke. Preu\u00dfens Schwartz hat gutes Gef\u00fchl!<\/b><!--]--><!--]--><\/p>\n<p><!--[--><!--[-->Die Niederlagen sind l\u00e4ngst aus seinem Ged\u00e4chtnis gestrichen. Geblieben ist dagegen ein Ereignis aus dem Jahr 1991. Damals kickte Schwartz selbst noch erfolgreich als Zweitliga-Profi f\u00fcr die Stuttgarter Kickers. Mit ihnen schaffte er am Saisonende sogar die Relegation zur Bundesliga gegen St. Pauli. Nach einem 1:1 in Hamburg gab\u2018s auch daheim im  \u201eDegerloch\u201c dasselbe Ergebnis. Wobei Schwartz (85 Erst- und 128 Zweitliga-Eins\u00e4tze) sogar die F\u00fchrung der Schwaben erzielte. \u201eEin echtes Traumtor,\u201c sagt er noch immer mit leuchtenden Augen, \u201ezumal ich als defensiver Mittelfeldspieler ansonsten eher selten getroffen habe.\u201c<!--]--><!--]--><\/p>\n<p><!--[--><!--[--><b>Das Entscheidungsspiel wurde schlie\u00dflich auf neutralen Boden \u2013 ins Parkstadion \u2013 verlegt. Und endete mit einem 3:1-Sieg der Kickers. Bundesliga-Aufstieg perfekt. Auf Schalke!<\/b><!--]--><!--]--><\/p>\n<div class=\"float-container\"><!--[--><\/p>\n<figure class=\"fig fig--landscape\"><!--[--><!--[--><figcaption class=\"fig__caption\">\n<p class=\"fig__caption__text\"><!--[--><!--[--><!--[--><!--[-->Nicht zu vergessen! Nach dem Erstliga-Aufstieg mit den Stuttgarter Kickers gewann Alois Schwartz (l.), hier im Duell mit Schalkes Ingo Anderbr\u00fcgge (r.), 1992 auch das Meisterschaftsspiel bei den K\u00f6nigsblauen mit 2:1<!--]--><!--]--><!--]--><!--]--><\/p>\n<p><span class=\"fig__caption__meta__credits\"><!--[-->Foto: picture alliance\/dpa<!--]--><\/span><!----><\/p>\n<\/figcaption><!--]--><!--]--><\/figure>\n<p><!--]--><\/div>\n<p><!--[--><!--[-->Schwartz: \u201eEs ist wichtig, immer die positiven Dinge im Kopf zu behalten. Genau deshalb ist meine Vorfreude auch so gro\u00df.\u201c Wohl wissend, wie schwer die Aufgabe f\u00fcr seinen taumelnden \u201eAdlertr\u00e4ger\u201c beim Spitzenreiter werden wird. \u201eEs gibt keine gr\u00f6\u00dfere Diskrepanz, als wenn das Liga-Schlusslicht beim Tabellenf\u00fchrer antritt,\u201c sagt Schwartz, \u201eaber im Fu\u00dfball ist nichts unm\u00f6glich.\u201c<!--]--><!--]--><\/p>\n<p><!--[--><!--[-->So konnten sich die Preu\u00dfen bereits in der Hinrunde \u2013 damals noch unter Vorg\u00e4nger Alexander Ende (46\/inzwischen Fortuna D\u00fcsseldorf) \u2013 ein verdientes 0:0 erk\u00e4mpfen. Obwohl sie nach Rot f\u00fcr Keeper Johannes \u201eJojo\u201c Schenk (23) wegen Notbremse gegen Schalke-Knipser Moussa Sylla (26\/55.) eine gute halbe Stunde in Unterzahl waren.<!--]--><!--]--><\/p>\n<div class=\"float-container\"><!--[--><\/p>\n<figure class=\"fig fig--landscape\"><!--[--><!--[--><img decoding=\"async\" width=\"992\" height=\"558\" alt=\"Beim Hinspiel-0:0 rammte Preu\u00dfen-Keeper Johannes \u201eJojo\u201c Schenk den Schalke-Knipser Moussa Sylla weg, sah daf\u00fcr die Rote Karte\" src=\"https:\/\/images.bild.de\/69e3691c8a212bc0a08d3fea\/a0dc3ab9204c55b691c4b90e619c8d56,b6a2057b?w=992\" sizes=\"auto, (max-width: 599px) 656px, 992px\" srcset=\"https:\/\/images.bild.de\/69e3691c8a212bc0a08d3fea\/a0dc3ab9204c55b691c4b90e619c8d56,b6a2057b?w=656 656w, https:\/\/images.bild.de\/69e3691c8a212bc0a08d3fea\/a0dc3ab9204c55b691c4b90e619c8d56,b6a2057b?w=992 992w\" class=\"landscape\" loading=\"lazy\"\/><figcaption class=\"fig__caption\">\n<p class=\"fig__caption__text\"><!--[--><!--[--><!--[--><!--[-->Beim Hinspiel-0:0 rammte Preu\u00dfen-Keeper Johannes \u201eJojo\u201c Schenk den Schalke-Knipser Moussa Sylla weg, sah daf\u00fcr die Rote Karte<!--]--><!--]--><!--]--><!--]--><\/p>\n<p><span class=\"fig__caption__meta__credits\"><!--[-->Foto: sky<!--]--><\/span><!----><\/p>\n<\/figcaption><!--]--><!--]--><\/figure>\n<p><!--]--><\/div>\n<p><!--[--><!--[--><b>Schenk, der zuletzt zweimal ohne Gegentor (jeweils 0:0 in Kiel und gegen F\u00fcrth) blieb, steht erneut zwischen den Pfosten. Und ist hei\u00df aufs \u201eGegentorlos-Triple\u201c. Die System-Umstellung unter Schwartz, der gr\u00f6\u00dften Wert auf eine stabile Defensive legt, kommt ihm auf jeden Fall entgegen. Schenk: \u201eIch f\u00fchl\u2018 mich gut und sicher damit. Auch, weil die Jungs vor mir zuletzt alles konsequent wegverteidigt haben.<\/b><!--]--><!--]--><\/p>\n<p><!--[--><!--[--> Vielleicht klappt das ja auch vor 60.000 Fans \u2013 darunter rund 7000 aus M\u00fcnster \u2013 in der Arena. Zumal die Gastgeber weiter auf ihren verletzten Top-Knipser Edin Dzeko (40) verzichten m\u00fcssen. Regisseur Kenan Karaman (32), der unter der Woche noch angeschlagen war, meldete sich dagegen am Freitag hundertprozentig fit.<!--]--><!--]--><\/p>\n<div class=\"float-container\"><!--[--><\/p>\n<figure class=\"fig fig--landscape\"><!--[--><!--[--><img decoding=\"async\" width=\"992\" height=\"558\" alt=\"Auch f\u00fcr Schalke keine Option: Preu\u00dfens verletzter Schweden-St\u00fcrmer Oscar Vilhelmsson (l.), hier mit Simon Scherder, Etienne Amenyido und Charalambos \u201eBabis\u201c Makridis (v.l.)\" src=\"https:\/\/images.bild.de\/69e3691c8a212bc0a08d3fea\/eb0968cef1390fc04f8734dabd0ee3c8,47c6be61?w=992\" sizes=\"auto, (max-width: 599px) 656px, 992px\" srcset=\"https:\/\/images.bild.de\/69e3691c8a212bc0a08d3fea\/eb0968cef1390fc04f8734dabd0ee3c8,47c6be61?w=656 656w, https:\/\/images.bild.de\/69e3691c8a212bc0a08d3fea\/eb0968cef1390fc04f8734dabd0ee3c8,47c6be61?w=992 992w\" class=\"landscape\" loading=\"lazy\"\/><figcaption class=\"fig__caption\">\n<p class=\"fig__caption__text\"><!--[--><!--[--><!--[--><!--[-->Auch f\u00fcr Schalke keine Option: Preu\u00dfens verletzter Schweden-St\u00fcrmer Oscar Vilhelmsson (l.), hier mit Simon Scherder, Etienne Amenyido und Charalambos \u201eBabis\u201c Makridis (v.l.)<!--]--><!--]--><!--]--><!--]--><\/p>\n<p><span class=\"fig__caption__meta__credits\"><!--[-->Foto: J\u00fcrgen Fromme\/firo Sportphoto<!--]--><\/span><!----><\/p>\n<\/figcaption><!--]--><!--]--><\/figure>\n<p><!--]--><\/div>\n<p><!--[--><!--[-->Die Preu\u00dfen reisen nicht nur ohne ihre \u201eKreuzband-Opfer\u201c Malik \u201eBatman\u201c Batmaz (25), Antonio Tikvic (22) und Simon Scherder (32) an, sondern m\u00fcssen erneut auf \u201eSchweden-Oscar\u201c Vilhelmsson (22\/Adduktoren-Probleme) verzichten. Ob Offensivspieler Joshua Mees (29), der zuletzt im Training wegen leichter muskul\u00e4rer Beschwerden) etwas k\u00fcrzertrat, zumindest eine Kader-Option ist, entscheidet sich wom\u00f6glich erst kurz vorm Anpfiff.<!--]--><!--]--><\/p>\n<p><!--]--><\/div>\n<p><a href=\"https:\/\/www.bild.de\/sport\/fussball\/vorfreude-auf-schalke-preussens-schwartz-hat-gutes-gefuehl-69e3691c8a212bc0a08d3fea\">Fonte do Artigo <\/a><\/p>\n","protected":false},"excerpt":{"rendered":"<p>TTS-Player \u00fcberspringen\u21b5Artikel weiterlesen Viermal musste Alois Schwartz (59) in seiner bisherigen Trainerlaufbahn gegen die K\u00f6nigsblauen ran \u2013 und kassierte mit Sandhausen (1:2\/2:5), Hansa Rostock (0:2) und N\u00fcrnberg (2:3) jeweils Pleiten. Trotzdem tritt M\u00fcnsters Neu-Coach am Sonntag (13:30 Uhr\/live auf Sky) mit positiven Erinnerungen in Gelsenkirchen an. Weil er dort zumindest als Spieler einen seiner gr\u00f6\u00dften [&hellip;]<\/p>\n","protected":false},"author":1,"featured_media":111782,"comment_status":"closed","ping_status":"","sticky":false,"template":"","format":"standard","meta":{"googlesitekit_rrm_CAow2JLhCw:productID":"","_gspb_post_css":"","maa_idioma":"","maa_pais":"","footnotes":""},"categories":[4],"tags":[7012,29954,29953,5610,29952,18908,17495,3901,29951],"class_list":["post-111781","post","type-post","status-publish","format-standard","has-post-thumbnail","hentry","category-brasil","tag-auf","tag-gefuhl","tag-gutes","tag-hat","tag-preusens","tag-schalke","tag-schwartz","tag-sport","tag-vorfreude"],"blocksy_meta":[],"yoast_head":"<!-- This site is optimized with the Yoast SEO Premium plugin v27.6 (Yoast SEO v27.6) - https:\/\/yoast.com\/product\/yoast-seo-premium-wordpress\/ -->\n<title>Vorfreude auf Schalke: Preu\u00dfens Schwartz hat gutes Gef\u00fchl | Sport - Ubirat\u00e3 Online Not\u00edcias - A realidade ao seu alcance!<\/title>\n<meta name=\"description\" content=\"Artikel weiterlesen Fonte do Artigo\" \/>\n<meta name=\"robots\" content=\"index, follow, max-snippet:-1, max-image-preview:large, max-video-preview:-1\" \/>\n<link rel=\"canonical\" href=\"https:\/\/ubirataonline.com.br\/en\/vorfreude-auf-schalke-preusens-schwartz-hat-gutes-gefuhl-sport\/\" \/>\n<meta property=\"og:locale\" content=\"en_US\" \/>\n<meta property=\"og:type\" content=\"article\" \/>\n<meta property=\"og:title\" content=\"Vorfreude auf Schalke: Preu\u00dfens Schwartz hat gutes Gef\u00fchl | Sport\" \/>\n<meta property=\"og:description\" content=\"Artikel weiterlesen Fonte do Artigo\" \/>\n<meta property=\"og:url\" content=\"https:\/\/ubirataonline.com.br\/en\/vorfreude-auf-schalke-preusens-schwartz-hat-gutes-gefuhl-sport\/\" \/>\n<meta property=\"og:site_name\" content=\"Ubirat\u00e3 Online Not\u00edcias - A realidade ao seu alcance!\" \/>\n<meta property=\"article:publisher\" content=\"https:\/\/www.facebook.com\/portalubirataonline\" \/>\n<meta property=\"article:author\" content=\"https:\/\/www.facebook.com\/portalubirataonline\" \/>\n<meta property=\"article:published_time\" content=\"2026-04-19T12:10:39+00:00\" \/>\n<meta property=\"article:modified_time\" content=\"2026-04-19T12:10:45+00:00\" \/>\n<meta property=\"og:image\" content=\"https:\/\/ubirataonline.com.br\/wp-content\/uploads\/2026\/04\/Vorfreude-auf-Schalke-Preusens-Schwartz-hat-gutes-Gefuhl-Sport.jpeg\" \/>\n\t<meta property=\"og:image:width\" content=\"1280\" \/>\n\t<meta property=\"og:image:height\" content=\"720\" \/>\n\t<meta property=\"og:image:type\" content=\"image\/jpeg\" \/>\n<meta name=\"author\" content=\"REDA\u00c7\u00c3O: UBIRAT\u00c3 ONLINE - F\u00c1BIO AUGUSTO CELESTINO\" \/>\n<meta name=\"twitter:card\" content=\"summary_large_image\" \/>\n<meta name=\"twitter:creator\" content=\"@x.com\/ubirataonline\" \/>\n<meta name=\"twitter:site\" content=\"@ubirataonline\" \/>\n<meta name=\"twitter:label1\" content=\"Written by\" \/>\n\t<meta name=\"twitter:data1\" content=\"REDA\u00c7\u00c3O: UBIRAT\u00c3 ONLINE - F\u00c1BIO AUGUSTO CELESTINO\" \/>\n\t<meta name=\"twitter:label2\" content=\"Est. reading time\" \/>\n\t<meta name=\"twitter:data2\" content=\"3 minutes\" \/>\n<script type=\"application\/ld+json\" class=\"yoast-schema-graph\">{\"@context\":\"https:\\\/\\\/schema.org\",\"@graph\":[{\"@type\":\"NewsArticle\",\"@id\":\"https:\\\/\\\/ubirataonline.com.br\\\/vorfreude-auf-schalke-preusens-schwartz-hat-gutes-gefuhl-sport\\\/#article\",\"isPartOf\":{\"@id\":\"https:\\\/\\\/ubirataonline.com.br\\\/vorfreude-auf-schalke-preusens-schwartz-hat-gutes-gefuhl-sport\\\/\"},\"author\":{\"name\":\"REDA\u00c7\u00c3O: UBIRAT\u00c3 ONLINE - F\u00c1BIO AUGUSTO CELESTINO\",\"@id\":\"https:\\\/\\\/ubirataonline.com.br\\\/#\\\/schema\\\/person\\\/372f87bbd3fdd79b8556b84c98d0bc1c\"},\"headline\":\"Vorfreude auf Schalke: Preu\u00dfens Schwartz hat gutes Gef\u00fchl | Sport\",\"datePublished\":\"2026-04-19T12:10:39+00:00\",\"dateModified\":\"2026-04-19T12:10:45+00:00\",\"mainEntityOfPage\":{\"@id\":\"https:\\\/\\\/ubirataonline.com.br\\\/vorfreude-auf-schalke-preusens-schwartz-hat-gutes-gefuhl-sport\\\/\"},\"wordCount\":552,\"publisher\":{\"@id\":\"https:\\\/\\\/ubirataonline.com.br\\\/#organization\"},\"image\":{\"@id\":\"https:\\\/\\\/ubirataonline.com.br\\\/vorfreude-auf-schalke-preusens-schwartz-hat-gutes-gefuhl-sport\\\/#primaryimage\"},\"thumbnailUrl\":\"https:\\\/\\\/ubirataonline.com.br\\\/wp-content\\\/uploads\\\/2026\\\/04\\\/Vorfreude-auf-Schalke-Preusens-Schwartz-hat-gutes-Gefuhl-Sport.jpeg\",\"keywords\":[\"auf\",\"Gef\u00fchl\",\"gutes\",\"hat\",\"Preu\u00dfens\",\"Schalke\",\"Schwartz\",\"Sport\",\"Vorfreude\"],\"articleSection\":[\"Brasil\"],\"inLanguage\":\"en-US\",\"copyrightYear\":\"2026\",\"copyrightHolder\":{\"@id\":\"https:\\\/\\\/ubirataonline.com.br\\\/en\\\/#organization\"}},{\"@type\":\"WebPage\",\"@id\":\"https:\\\/\\\/ubirataonline.com.br\\\/vorfreude-auf-schalke-preusens-schwartz-hat-gutes-gefuhl-sport\\\/\",\"url\":\"https:\\\/\\\/ubirataonline.com.br\\\/vorfreude-auf-schalke-preusens-schwartz-hat-gutes-gefuhl-sport\\\/\",\"name\":\"Vorfreude auf Schalke: Preu\u00dfens Schwartz hat gutes Gef\u00fchl | Sport - Ubirat\u00e3 Online Not\u00edcias - A realidade ao seu alcance!\",\"isPartOf\":{\"@id\":\"https:\\\/\\\/ubirataonline.com.br\\\/#website\"},\"primaryImageOfPage\":{\"@id\":\"https:\\\/\\\/ubirataonline.com.br\\\/vorfreude-auf-schalke-preusens-schwartz-hat-gutes-gefuhl-sport\\\/#primaryimage\"},\"image\":{\"@id\":\"https:\\\/\\\/ubirataonline.com.br\\\/vorfreude-auf-schalke-preusens-schwartz-hat-gutes-gefuhl-sport\\\/#primaryimage\"},\"thumbnailUrl\":\"https:\\\/\\\/ubirataonline.com.br\\\/wp-content\\\/uploads\\\/2026\\\/04\\\/Vorfreude-auf-Schalke-Preusens-Schwartz-hat-gutes-Gefuhl-Sport.jpeg\",\"datePublished\":\"2026-04-19T12:10:39+00:00\",\"dateModified\":\"2026-04-19T12:10:45+00:00\",\"description\":\"Artikel weiterlesen Fonte do Artigo\",\"breadcrumb\":{\"@id\":\"https:\\\/\\\/ubirataonline.com.br\\\/vorfreude-auf-schalke-preusens-schwartz-hat-gutes-gefuhl-sport\\\/#breadcrumb\"},\"inLanguage\":\"en-US\",\"potentialAction\":[{\"@type\":\"ReadAction\",\"target\":[\"https:\\\/\\\/ubirataonline.com.br\\\/vorfreude-auf-schalke-preusens-schwartz-hat-gutes-gefuhl-sport\\\/\"]}]},{\"@type\":\"ImageObject\",\"inLanguage\":\"en-US\",\"@id\":\"https:\\\/\\\/ubirataonline.com.br\\\/vorfreude-auf-schalke-preusens-schwartz-hat-gutes-gefuhl-sport\\\/#primaryimage\",\"url\":\"https:\\\/\\\/ubirataonline.com.br\\\/wp-content\\\/uploads\\\/2026\\\/04\\\/Vorfreude-auf-Schalke-Preusens-Schwartz-hat-gutes-Gefuhl-Sport.jpeg\",\"contentUrl\":\"https:\\\/\\\/ubirataonline.com.br\\\/wp-content\\\/uploads\\\/2026\\\/04\\\/Vorfreude-auf-Schalke-Preusens-Schwartz-hat-gutes-Gefuhl-Sport.jpeg\",\"width\":1280,\"height\":720,\"caption\":\"F\u00e4hrt mit einem positiven Gef\u00fchl und guter Laube zum Zweitliga-Kracher mit Spitzenreiter Schalke nach Gelsenkirchen: Preu\u00dfens Neu-Coach Alois Schwartz Foto: picture alliance\\\/Sportfoto Zink\\\/Wolfgang Zink\"},{\"@type\":\"BreadcrumbList\",\"@id\":\"https:\\\/\\\/ubirataonline.com.br\\\/vorfreude-auf-schalke-preusens-schwartz-hat-gutes-gefuhl-sport\\\/#breadcrumb\",\"itemListElement\":[{\"@type\":\"ListItem\",\"position\":1,\"name\":\"In\u00edcio\",\"item\":\"https:\\\/\\\/ubirataonline.com.br\\\/\"},{\"@type\":\"ListItem\",\"position\":2,\"name\":\"Vorfreude auf Schalke: Preu\u00dfens Schwartz hat gutes Gef\u00fchl | Sport\"}]},{\"@type\":\"WebSite\",\"@id\":\"https:\\\/\\\/ubirataonline.com.br\\\/#website\",\"url\":\"https:\\\/\\\/ubirataonline.com.br\\\/\",\"name\":\"Ubirat\u00e3 Online Not\u00edcias\",\"description\":\"Not\u00edcias de Ubirat\u00e3, regi\u00e3o, Brasil e mundo, com informa\u00e7\u00e3o atualizada e compromisso com o leitor.\",\"publisher\":{\"@id\":\"https:\\\/\\\/ubirataonline.com.br\\\/#organization\"},\"alternateName\":\"Ubirat\u00e3 Online\",\"potentialAction\":[{\"@type\":\"SearchAction\",\"target\":{\"@type\":\"EntryPoint\",\"urlTemplate\":\"https:\\\/\\\/ubirataonline.com.br\\\/?s={search_term_string}\"},\"query-input\":{\"@type\":\"PropertyValueSpecification\",\"valueRequired\":true,\"valueName\":\"search_term_string\"}}],\"inLanguage\":\"en-US\"},{\"@type\":[\"Organization\",\"Place\"],\"@id\":\"https:\\\/\\\/ubirataonline.com.br\\\/#organization\",\"name\":\"Ubirat\u00e3 Online Not\u00edcias\",\"alternateName\":\"Ubirat\u00e3 Online\",\"url\":\"https:\\\/\\\/ubirataonline.com.br\\\/\",\"logo\":{\"@id\":\"https:\\\/\\\/ubirataonline.com.br\\\/vorfreude-auf-schalke-preusens-schwartz-hat-gutes-gefuhl-sport\\\/#local-main-organization-logo\"},\"image\":{\"@id\":\"https:\\\/\\\/ubirataonline.com.br\\\/vorfreude-auf-schalke-preusens-schwartz-hat-gutes-gefuhl-sport\\\/#local-main-organization-logo\"},\"sameAs\":[\"https:\\\/\\\/www.facebook.com\\\/portalubirataonline\",\"https:\\\/\\\/x.com\\\/ubirataonline\",\"https:\\\/\\\/mastodon.social\\\/@ubirataonline\",\"https:\\\/\\\/www.facebook.com\\\/groups\\\/311144672285604\",\"https:\\\/\\\/www.facebook.com\\\/UBTAOnline\",\"https:\\\/\\\/www.instagram.com\\\/portalubirataonline\\\/\",\"https:\\\/\\\/twitter.com\\\/ubirataonline\"],\"description\":\"Somos um portal de not\u00edcias independente, criado em 5 de janeiro de 2009, com o objetivo de informar, conectar e valorizar a nossa comunidade de Ubirat\u00e3 e toda aregi\u00e3o. Com conte\u00fado atualizado, confi\u00e1vel e relevante, o Ubirat\u00e3 Online \u00e9 o seu espa\u00e7o para ficar por dentro dos principais acontecimentos locais, regionais, Brasil, Mundo e de interesse geral. Nosso compromisso \u00e9 com a verdade, a transpar\u00eancia e o respeito ao leitor.\",\"legalName\":\"UBIRATA ONLINE NOT\u00cdCIAS\",\"foundingDate\":\"2009-01-05\",\"numberOfEmployees\":{\"@type\":\"QuantitativeValue\",\"minValue\":\"1\",\"maxValue\":\"10\"},\"publishingPrinciples\":\"https:\\\/\\\/ubirataonline.com.br\\\/faq\\\/\",\"address\":{\"@id\":\"https:\\\/\\\/ubirataonline.com.br\\\/vorfreude-auf-schalke-preusens-schwartz-hat-gutes-gefuhl-sport\\\/#local-main-place-address\"},\"geo\":{\"@type\":\"GeoCoordinates\",\"latitude\":\"-24.5361401\",\"longitude\":\"-52.9921776\"},\"telephone\":[\"+5544998308235\"],\"contactPoint\":{\"@type\":\"ContactPoint\",\"email\":\"contato@ubirataonline.com.br\"},\"openingHoursSpecification\":{\"@type\":\"OpeningHoursSpecification\",\"dayOfWeek\":[\"Monday\",\"Tuesday\",\"Wednesday\",\"Thursday\",\"Friday\",\"Saturday\",\"Sunday\"],\"opens\":\"00:00\",\"closes\":\"23:59\"},\"email\":\"contato@ubirataonline.com.br\",\"vatID\":\"47.621.418\\\/0001-80\"},{\"@type\":\"Person\",\"@id\":\"https:\\\/\\\/ubirataonline.com.br\\\/#\\\/schema\\\/person\\\/372f87bbd3fdd79b8556b84c98d0bc1c\",\"name\":\"REDA\u00c7\u00c3O: UBIRAT\u00c3 ONLINE - F\u00c1BIO AUGUSTO CELESTINO\",\"pronouns\":\"Ele\",\"description\":\"Desde 2003 trabalhando com not\u00edcias.\",\"sameAs\":[\"http:\\\/\\\/ubirataoline.com.br\",\"https:\\\/\\\/www.facebook.com\\\/portalubirataonline\",\"https:\\\/\\\/www.instagram.com\\\/ubirataonline_oficial\",\"https:\\\/\\\/x.com\\\/x.com\\\/ubirataonline\"],\"honorificPrefix\":\"Mr.\",\"honorificSuffix\":\"MD\",\"birthDate\":\"1980-06-16\",\"gender\":\"masculino\",\"award\":[\"V\u00e1rios pr\u00eamios de melhor portal da cidade\"],\"jobTitle\":\"Diretor\",\"url\":\"https:\\\/\\\/ubirataonline.com.br\\\/en\\\/author\\\/ubirataonline\\\/\"},{\"@type\":\"PostalAddress\",\"@id\":\"https:\\\/\\\/ubirataonline.com.br\\\/vorfreude-auf-schalke-preusens-schwartz-hat-gutes-gefuhl-sport\\\/#local-main-place-address\",\"streetAddress\":\"Rua dos Coqueiros, 104 - Bairro Boa Vista, Rua dos Coqueiros, 104 Bairro Boa Vista\",\"addressLocality\":\"UBIRATA\",\"postalCode\":\"85440-000\",\"addressRegion\":\"PR\",\"addressCountry\":\"BR\"},{\"@type\":\"ImageObject\",\"inLanguage\":\"en-US\",\"@id\":\"https:\\\/\\\/ubirataonline.com.br\\\/vorfreude-auf-schalke-preusens-schwartz-hat-gutes-gefuhl-sport\\\/#local-main-organization-logo\",\"url\":\"https:\\\/\\\/ubirataonline.com.br\\\/wp-content\\\/uploads\\\/2026\\\/06\\\/logoubirataonline-1.webp\",\"contentUrl\":\"https:\\\/\\\/ubirataonline.com.br\\\/wp-content\\\/uploads\\\/2026\\\/06\\\/logoubirataonline-1.webp\",\"width\":500,\"height\":500,\"caption\":\"Ubirat\u00e3 Online Not\u00edcias\"}]}<\/script>\n<meta name=\"geo.placename\" content=\"UBIRATA\" \/>\n<meta name=\"geo.position\" content=\"-24.5361401;-52.9921776\" \/>\n<meta name=\"geo.region\" content=\"Brazil\" \/>\n<!-- \/ Yoast SEO Premium plugin. -->","yoast_head_json":{"title":"Vorfreude auf Schalke: Preu\u00dfens Schwartz hat gutes Gef\u00fchl | Sport - Ubirat\u00e3 Online Not\u00edcias - A realidade ao seu alcance!","description":"Artikel weiterlesen Fonte do Artigo","robots":{"index":"index","follow":"follow","max-snippet":"max-snippet:-1","max-image-preview":"max-image-preview:large","max-video-preview":"max-video-preview:-1"},"canonical":"https:\/\/ubirataonline.com.br\/en\/vorfreude-auf-schalke-preusens-schwartz-hat-gutes-gefuhl-sport\/","og_locale":"en_US","og_type":"article","og_title":"Vorfreude auf Schalke: Preu\u00dfens Schwartz hat gutes Gef\u00fchl | Sport","og_description":"Artikel weiterlesen Fonte do Artigo","og_url":"https:\/\/ubirataonline.com.br\/en\/vorfreude-auf-schalke-preusens-schwartz-hat-gutes-gefuhl-sport\/","og_site_name":"Ubirat\u00e3 Online Not\u00edcias - A realidade ao seu alcance!","article_publisher":"https:\/\/www.facebook.com\/portalubirataonline","article_author":"https:\/\/www.facebook.com\/portalubirataonline","article_published_time":"2026-04-19T12:10:39+00:00","article_modified_time":"2026-04-19T12:10:45+00:00","og_image":[{"width":1280,"height":720,"url":"https:\/\/ubirataonline.com.br\/wp-content\/uploads\/2026\/04\/Vorfreude-auf-Schalke-Preusens-Schwartz-hat-gutes-Gefuhl-Sport.jpeg","type":"image\/jpeg"}],"author":"REDA\u00c7\u00c3O: UBIRAT\u00c3 ONLINE - F\u00c1BIO AUGUSTO CELESTINO","twitter_card":"summary_large_image","twitter_creator":"@x.com\/ubirataonline","twitter_site":"@ubirataonline","twitter_misc":{"Written by":"REDA\u00c7\u00c3O: UBIRAT\u00c3 ONLINE - F\u00c1BIO AUGUSTO CELESTINO","Est. reading time":"3 minutes"},"schema":{"@context":"https:\/\/schema.org","@graph":[{"@type":"NewsArticle","@id":"https:\/\/ubirataonline.com.br\/vorfreude-auf-schalke-preusens-schwartz-hat-gutes-gefuhl-sport\/#article","isPartOf":{"@id":"https:\/\/ubirataonline.com.br\/vorfreude-auf-schalke-preusens-schwartz-hat-gutes-gefuhl-sport\/"},"author":{"name":"REDA\u00c7\u00c3O: UBIRAT\u00c3 ONLINE - F\u00c1BIO AUGUSTO CELESTINO","@id":"https:\/\/ubirataonline.com.br\/#\/schema\/person\/372f87bbd3fdd79b8556b84c98d0bc1c"},"headline":"Vorfreude auf Schalke: Preu\u00dfens Schwartz hat gutes Gef\u00fchl | Sport","datePublished":"2026-04-19T12:10:39+00:00","dateModified":"2026-04-19T12:10:45+00:00","mainEntityOfPage":{"@id":"https:\/\/ubirataonline.com.br\/vorfreude-auf-schalke-preusens-schwartz-hat-gutes-gefuhl-sport\/"},"wordCount":552,"publisher":{"@id":"https:\/\/ubirataonline.com.br\/#organization"},"image":{"@id":"https:\/\/ubirataonline.com.br\/vorfreude-auf-schalke-preusens-schwartz-hat-gutes-gefuhl-sport\/#primaryimage"},"thumbnailUrl":"https:\/\/ubirataonline.com.br\/wp-content\/uploads\/2026\/04\/Vorfreude-auf-Schalke-Preusens-Schwartz-hat-gutes-Gefuhl-Sport.jpeg","keywords":["auf","Gef\u00fchl","gutes","hat","Preu\u00dfens","Schalke","Schwartz","Sport","Vorfreude"],"articleSection":["Brasil"],"inLanguage":"en-US","copyrightYear":"2026","copyrightHolder":{"@id":"https:\/\/ubirataonline.com.br\/en\/#organization"}},{"@type":"WebPage","@id":"https:\/\/ubirataonline.com.br\/vorfreude-auf-schalke-preusens-schwartz-hat-gutes-gefuhl-sport\/","url":"https:\/\/ubirataonline.com.br\/vorfreude-auf-schalke-preusens-schwartz-hat-gutes-gefuhl-sport\/","name":"Vorfreude auf Schalke: Preu\u00dfens Schwartz hat gutes Gef\u00fchl | Sport - Ubirat\u00e3 Online Not\u00edcias - A realidade ao seu alcance!","isPartOf":{"@id":"https:\/\/ubirataonline.com.br\/#website"},"primaryImageOfPage":{"@id":"https:\/\/ubirataonline.com.br\/vorfreude-auf-schalke-preusens-schwartz-hat-gutes-gefuhl-sport\/#primaryimage"},"image":{"@id":"https:\/\/ubirataonline.com.br\/vorfreude-auf-schalke-preusens-schwartz-hat-gutes-gefuhl-sport\/#primaryimage"},"thumbnailUrl":"https:\/\/ubirataonline.com.br\/wp-content\/uploads\/2026\/04\/Vorfreude-auf-Schalke-Preusens-Schwartz-hat-gutes-Gefuhl-Sport.jpeg","datePublished":"2026-04-19T12:10:39+00:00","dateModified":"2026-04-19T12:10:45+00:00","description":"Artikel weiterlesen Fonte do Artigo","breadcrumb":{"@id":"https:\/\/ubirataonline.com.br\/vorfreude-auf-schalke-preusens-schwartz-hat-gutes-gefuhl-sport\/#breadcrumb"},"inLanguage":"en-US","potentialAction":[{"@type":"ReadAction","target":["https:\/\/ubirataonline.com.br\/vorfreude-auf-schalke-preusens-schwartz-hat-gutes-gefuhl-sport\/"]}]},{"@type":"ImageObject","inLanguage":"en-US","@id":"https:\/\/ubirataonline.com.br\/vorfreude-auf-schalke-preusens-schwartz-hat-gutes-gefuhl-sport\/#primaryimage","url":"https:\/\/ubirataonline.com.br\/wp-content\/uploads\/2026\/04\/Vorfreude-auf-Schalke-Preusens-Schwartz-hat-gutes-Gefuhl-Sport.jpeg","contentUrl":"https:\/\/ubirataonline.com.br\/wp-content\/uploads\/2026\/04\/Vorfreude-auf-Schalke-Preusens-Schwartz-hat-gutes-Gefuhl-Sport.jpeg","width":1280,"height":720,"caption":"F\u00e4hrt mit einem positiven Gef\u00fchl und guter Laube zum Zweitliga-Kracher mit Spitzenreiter Schalke nach Gelsenkirchen: Preu\u00dfens Neu-Coach Alois Schwartz Foto: picture alliance\/Sportfoto Zink\/Wolfgang Zink"},{"@type":"BreadcrumbList","@id":"https:\/\/ubirataonline.com.br\/vorfreude-auf-schalke-preusens-schwartz-hat-gutes-gefuhl-sport\/#breadcrumb","itemListElement":[{"@type":"ListItem","position":1,"name":"In\u00edcio","item":"https:\/\/ubirataonline.com.br\/"},{"@type":"ListItem","position":2,"name":"Vorfreude auf Schalke: Preu\u00dfens Schwartz hat gutes Gef\u00fchl | Sport"}]},{"@type":"WebSite","@id":"https:\/\/ubirataonline.com.br\/#website","url":"https:\/\/ubirataonline.com.br\/","name":"Ubirat\u00e3 Online Not\u00edcias","description":"Not\u00edcias de Ubirat\u00e3, regi\u00e3o, Brasil e mundo, com informa\u00e7\u00e3o atualizada e compromisso com o leitor.","publisher":{"@id":"https:\/\/ubirataonline.com.br\/#organization"},"alternateName":"Ubirat\u00e3 Online","potentialAction":[{"@type":"SearchAction","target":{"@type":"EntryPoint","urlTemplate":"https:\/\/ubirataonline.com.br\/?s={search_term_string}"},"query-input":{"@type":"PropertyValueSpecification","valueRequired":true,"valueName":"search_term_string"}}],"inLanguage":"en-US"},{"@type":["Organization","Place"],"@id":"https:\/\/ubirataonline.com.br\/#organization","name":"Ubirat\u00e3 Online Not\u00edcias","alternateName":"Ubirat\u00e3 Online","url":"https:\/\/ubirataonline.com.br\/","logo":{"@id":"https:\/\/ubirataonline.com.br\/vorfreude-auf-schalke-preusens-schwartz-hat-gutes-gefuhl-sport\/#local-main-organization-logo"},"image":{"@id":"https:\/\/ubirataonline.com.br\/vorfreude-auf-schalke-preusens-schwartz-hat-gutes-gefuhl-sport\/#local-main-organization-logo"},"sameAs":["https:\/\/www.facebook.com\/portalubirataonline","https:\/\/x.com\/ubirataonline","https:\/\/mastodon.social\/@ubirataonline","https:\/\/www.facebook.com\/groups\/311144672285604","https:\/\/www.facebook.com\/UBTAOnline","https:\/\/www.instagram.com\/portalubirataonline\/","https:\/\/twitter.com\/ubirataonline"],"description":"Somos um portal de not\u00edcias independente, criado em 5 de janeiro de 2009, com o objetivo de informar, conectar e valorizar a nossa comunidade de Ubirat\u00e3 e toda aregi\u00e3o. Com conte\u00fado atualizado, confi\u00e1vel e relevante, o Ubirat\u00e3 Online \u00e9 o seu espa\u00e7o para ficar por dentro dos principais acontecimentos locais, regionais, Brasil, Mundo e de interesse geral. Nosso compromisso \u00e9 com a verdade, a transpar\u00eancia e o respeito ao leitor.","legalName":"UBIRATA ONLINE NOT\u00cdCIAS","foundingDate":"2009-01-05","numberOfEmployees":{"@type":"QuantitativeValue","minValue":"1","maxValue":"10"},"publishingPrinciples":"https:\/\/ubirataonline.com.br\/faq\/","address":{"@id":"https:\/\/ubirataonline.com.br\/vorfreude-auf-schalke-preusens-schwartz-hat-gutes-gefuhl-sport\/#local-main-place-address"},"geo":{"@type":"GeoCoordinates","latitude":"-24.5361401","longitude":"-52.9921776"},"telephone":["+5544998308235"],"contactPoint":{"@type":"ContactPoint","email":"contato@ubirataonline.com.br"},"openingHoursSpecification":{"@type":"OpeningHoursSpecification","dayOfWeek":["Monday","Tuesday","Wednesday","Thursday","Friday","Saturday","Sunday"],"opens":"00:00","closes":"23:59"},"email":"contato@ubirataonline.com.br","vatID":"47.621.418\/0001-80"},{"@type":"Person","@id":"https:\/\/ubirataonline.com.br\/#\/schema\/person\/372f87bbd3fdd79b8556b84c98d0bc1c","name":"REDA\u00c7\u00c3O: UBIRAT\u00c3 ONLINE - F\u00c1BIO AUGUSTO CELESTINO","pronouns":"Ele","description":"Desde 2003 trabalhando com not\u00edcias.","sameAs":["http:\/\/ubirataoline.com.br","https:\/\/www.facebook.com\/portalubirataonline","https:\/\/www.instagram.com\/ubirataonline_oficial","https:\/\/x.com\/x.com\/ubirataonline"],"honorificPrefix":"Mr.","honorificSuffix":"MD","birthDate":"1980-06-16","gender":"masculino","award":["V\u00e1rios pr\u00eamios de melhor portal da cidade"],"jobTitle":"Diretor","url":"https:\/\/ubirataonline.com.br\/en\/author\/ubirataonline\/"},{"@type":"PostalAddress","@id":"https:\/\/ubirataonline.com.br\/vorfreude-auf-schalke-preusens-schwartz-hat-gutes-gefuhl-sport\/#local-main-place-address","streetAddress":"Rua dos Coqueiros, 104 - Bairro Boa Vista, Rua dos Coqueiros, 104 Bairro Boa Vista","addressLocality":"UBIRATA","postalCode":"85440-000","addressRegion":"PR","addressCountry":"BR"},{"@type":"ImageObject","inLanguage":"en-US","@id":"https:\/\/ubirataonline.com.br\/vorfreude-auf-schalke-preusens-schwartz-hat-gutes-gefuhl-sport\/#local-main-organization-logo","url":"https:\/\/ubirataonline.com.br\/wp-content\/uploads\/2026\/06\/logoubirataonline-1.webp","contentUrl":"https:\/\/ubirataonline.com.br\/wp-content\/uploads\/2026\/06\/logoubirataonline-1.webp","width":500,"height":500,"caption":"Ubirat\u00e3 Online Not\u00edcias"}]},"geo.placename":"UBIRATA","geo.position":{"lat":"-24.5361401","long":"-52.9921776"},"geo.region":"Brazil"},"_links":{"self":[{"href":"https:\/\/ubirataonline.com.br\/en\/wp-json\/wp\/v2\/posts\/111781","targetHints":{"allow":["GET"]}}],"collection":[{"href":"https:\/\/ubirataonline.com.br\/en\/wp-json\/wp\/v2\/posts"}],"about":[{"href":"https:\/\/ubirataonline.com.br\/en\/wp-json\/wp\/v2\/types\/post"}],"author":[{"embeddable":true,"href":"https:\/\/ubirataonline.com.br\/en\/wp-json\/wp\/v2\/users\/1"}],"replies":[{"embeddable":true,"href":"https:\/\/ubirataonline.com.br\/en\/wp-json\/wp\/v2\/comments?post=111781"}],"version-history":[{"count":0,"href":"https:\/\/ubirataonline.com.br\/en\/wp-json\/wp\/v2\/posts\/111781\/revisions"}],"wp:featuredmedia":[{"embeddable":true,"href":"https:\/\/ubirataonline.com.br\/en\/wp-json\/wp\/v2\/media\/111782"}],"wp:attachment":[{"href":"https:\/\/ubirataonline.com.br\/en\/wp-json\/wp\/v2\/media?parent=111781"}],"wp:term":[{"taxonomy":"category","embeddable":true,"href":"https:\/\/ubirataonline.com.br\/en\/wp-json\/wp\/v2\/categories?post=111781"},{"taxonomy":"post_tag","embeddable":true,"href":"https:\/\/ubirataonline.com.br\/en\/wp-json\/wp\/v2\/tags?post=111781"}],"curies":[{"name":"wp","href":"https:\/\/api.w.org\/{rel}","templated":true}]}}