{"id":111797,"date":"2026-04-19T09:24:59","date_gmt":"2026-04-19T12:24:59","guid":{"rendered":"https:\/\/ubirataonline.com.br\/allegri-pre-verona-milan-conferenza-gazzetta-it\/"},"modified":"2026-04-19T09:25:04","modified_gmt":"2026-04-19T12:25:04","slug":"allegri-pre-verona-milan-conferenza-gazzetta-it","status":"publish","type":"post","link":"https:\/\/ubirataonline.com.br\/en\/allegri-pre-verona-milan-conferenza-gazzetta-it\/","title":{"rendered":"Allegri pre Verona-Milan conferenza | Gazzetta.it"},"content":{"rendered":"<p><br \/>\n<\/p>\n<div id=\"m18352-18351-18353\">\n<p class=\"paragraph\" spellcheck=\"true\">Ripartire. Vincere per mantenere il vantaggio Champions sulla quinta e reagire alla sconfitta contro l\u2019Udinese. &#8220;Veniamo da due sconfitte esterne senza gol. Dobbiamo tornare a vincere con una partita di squadra. Sar\u00e0 importante per l&#8217;obiettivo da raggiungere: servono ordine e serenit\u00e0&#8221;.<\/p>\n<\/div>\n<div id=\"m18378-18377-18379\">\n<h2 class=\"is-h5 is-inline is-uppercase is-mr-r-4\" spellcheck=\"true\" id=\"m18520-18519-18521\">vai rafa<\/h2>\n<p>\u2014 \u00a0<\/p>\n<p class=\"paragraph is-inline\" spellcheck=\"true\">Max schierer\u00e0 gli stessi uomini del \u201cprimo\u201d Milan: 3-5-2 con la coppia Leao Pulisic davanti, Tomori (e Gabbia) in difesa, Fofana in mezzo: &#8220;I fischi a Rafa? Magari gli sono serviti a ricordare che ci sono momenti di difficolt\u00e0, sapr\u00e0 reagire. Resto convinto che gli attaccanti torneranno a segnare. La settimana \u00e8 stata positiva: non deve succedere di perdere le nostre certezze&#8221;.<\/p>\n<\/div>\n<div id=\"m18383-18382-18384\">\n<h2 class=\"is-h5 is-inline is-uppercase is-mr-r-4\" spellcheck=\"true\" id=\"m18526-18525-18527\">dna<\/h2>\n<p>\u2014 \u00a0<\/p>\n<p class=\"paragraph is-inline\" spellcheck=\"true\">Il futuro \u00e8 adesso. Ad Allegri interessa la conquista dell\u2019obiettivo sportivo, unico orizzonte rossonero. Sul resto il discorso \u00e8 chiaro: &#8220;Siamo arrivati a questo punto tutti insieme. La societ\u00e0 ci \u00e8 vicina, come tutti i finali di stagione il momento \u00e8 importante. Questo gruppo ha valori tecnici e morali, nel finale deve prevalere l&#8217;obiettivo del gruppo e non quello personale. Tutte le forze vanno concentrate sul traguardo da raggiungere. Tutti lavoriamo per il club, che \u00e8 sopra tutti noi. La societ\u00e0 ha lavorato bene in estate, abbiamo ottimi giocatori, qualcuno straordinario: per rinforzare la base dobbiamo arrivare in Champions, il secondo step sar\u00e0 programmare il futuro&#8221;. A domanda precisa, va in dribbling: &#8220;Se rester\u00f2? Parlano tutti, tranne i miei amici di Livorno: succede sempre. Ma quello che conta sono i risultati: la mia storia parla chiaramente, tanti cambiamenti non sono nel mio Dna, tra Milano e Torino ho lavorato con grandissimi dirigenti. Mi piace lavorare e vedere i progressi: per crescere dobbiamo lavorare sui nostri limiti. Non possiamo vincere la Champions in due anni, ma l&#8217;ambizione dobbiamo averla: se non pensi al futuro resti indietro. Con la societ\u00e0 parliamo tanto, prima per\u00f2 ci sono gli obiettivi da raggiungere. Sul mercato io do indicazioni, poi ci pensa la societ\u00e0, parlarne ora \u00e8 inutile. Il prossimo raduno? Il 12 luglio&#8230;&#8221;. Max d\u00e0 l&#8217;appuntamento.<\/p>\n<\/div>\n<p><br \/>\n<br \/><a href=\"https:\/\/www.gazzetta.it\/Calcio\/Serie-A\/Milan\/18-04-2026\/allegri-pre-verona-milan-conferenza.shtml\">Source link <\/a><\/p>","protected":false},"excerpt":{"rendered":"<p>Ripartire. Vincere per mantenere il vantaggio Champions sulla quinta e reagire alla sconfitta contro l\u2019Udinese. &#8220;Veniamo da due sconfitte esterne senza gol. Dobbiamo tornare a vincere con una partita di squadra. Sar\u00e0 importante per l&#8217;obiettivo da raggiungere: servono ordine e serenit\u00e0&#8221;. vai rafa \u2014 \u00a0 Max schierer\u00e0 gli stessi uomini del \u201cprimo\u201d Milan: 3-5-2 con [&hellip;]<\/p>\n","protected":false},"author":1,"featured_media":111798,"comment_status":"closed","ping_status":"","sticky":false,"template":"","format":"standard","meta":{"googlesitekit_rrm_CAow2JLhCw:productID":"","_gspb_post_css":"","maa_idioma":"","maa_pais":"","footnotes":""},"categories":[1],"tags":[8259,20333,29957,19301,29956],"class_list":["post-111797","post","type-post","status-publish","format-standard","has-post-thumbnail","hentry","category-ubirata","tag-allegri","tag-conferenza","tag-gazzetta-it","tag-pre","tag-veronamilan"],"blocksy_meta":[],"yoast_head":"<!-- This site is optimized with the Yoast SEO Premium plugin v27.6 (Yoast SEO v27.6) - https:\/\/yoast.com\/product\/yoast-seo-premium-wordpress\/ -->\n<title>Allegri pre Verona-Milan conferenza | Gazzetta.it - Ubirat\u00e3 Online Not\u00edcias - A realidade ao seu alcance!<\/title>\n<meta name=\"description\" content=\"Ripartire. Vincere per mantenere il vantaggio Champions sulla quinta e reagire alla sconfitta contro l\u2019Udinese. &quot;Veniamo da due sconfitte esterne senza\" \/>\n<meta name=\"robots\" content=\"index, follow, max-snippet:-1, max-image-preview:large, max-video-preview:-1\" \/>\n<link rel=\"canonical\" href=\"https:\/\/ubirataonline.com.br\/en\/allegri-pre-verona-milan-conferenza-gazzetta-it\/\" \/>\n<meta property=\"og:locale\" content=\"en_US\" \/>\n<meta property=\"og:type\" content=\"article\" \/>\n<meta property=\"og:title\" content=\"Allegri pre Verona-Milan conferenza | Gazzetta.it\" \/>\n<meta property=\"og:description\" content=\"Ripartire. Vincere per mantenere il vantaggio Champions sulla quinta e reagire alla sconfitta contro l\u2019Udinese. &quot;Veniamo da due sconfitte esterne senza\" \/>\n<meta property=\"og:url\" content=\"https:\/\/ubirataonline.com.br\/en\/allegri-pre-verona-milan-conferenza-gazzetta-it\/\" \/>\n<meta property=\"og:site_name\" content=\"Ubirat\u00e3 Online Not\u00edcias - A realidade ao seu alcance!\" \/>\n<meta property=\"article:publisher\" content=\"https:\/\/www.facebook.com\/portalubirataonline\" \/>\n<meta property=\"article:author\" content=\"https:\/\/www.facebook.com\/portalubirataonline\" \/>\n<meta property=\"article:published_time\" content=\"2026-04-19T12:24:59+00:00\" \/>\n<meta property=\"article:modified_time\" content=\"2026-04-19T12:25:04+00:00\" \/>\n<meta property=\"og:image\" content=\"https:\/\/ubirataonline.com.br\/wp-content\/uploads\/2026\/04\/Allegri-pre-Verona-Milan-conferenza-Gazzettait.jpeg\" \/>\n\t<meta property=\"og:image:width\" content=\"1200\" \/>\n\t<meta property=\"og:image:height\" content=\"675\" \/>\n\t<meta property=\"og:image:type\" content=\"image\/jpeg\" \/>\n<meta name=\"author\" content=\"REDA\u00c7\u00c3O: UBIRAT\u00c3 ONLINE - F\u00c1BIO AUGUSTO CELESTINO\" \/>\n<meta name=\"twitter:card\" content=\"summary_large_image\" \/>\n<meta name=\"twitter:creator\" content=\"@x.com\/ubirataonline\" \/>\n<meta name=\"twitter:site\" content=\"@ubirataonline\" \/>\n<meta name=\"twitter:label1\" content=\"Written by\" \/>\n\t<meta name=\"twitter:data1\" content=\"REDA\u00c7\u00c3O: UBIRAT\u00c3 ONLINE - F\u00c1BIO AUGUSTO CELESTINO\" \/>\n\t<meta name=\"twitter:label2\" content=\"Est. reading time\" \/>\n\t<meta name=\"twitter:data2\" content=\"2 minutes\" \/>\n<script type=\"application\/ld+json\" class=\"yoast-schema-graph\">{\"@context\":\"https:\\\/\\\/schema.org\",\"@graph\":[{\"@type\":\"NewsArticle\",\"@id\":\"https:\\\/\\\/ubirataonline.com.br\\\/allegri-pre-verona-milan-conferenza-gazzetta-it\\\/#article\",\"isPartOf\":{\"@id\":\"https:\\\/\\\/ubirataonline.com.br\\\/allegri-pre-verona-milan-conferenza-gazzetta-it\\\/\"},\"author\":{\"name\":\"REDA\u00c7\u00c3O: UBIRAT\u00c3 ONLINE - F\u00c1BIO AUGUSTO CELESTINO\",\"@id\":\"https:\\\/\\\/ubirataonline.com.br\\\/#\\\/schema\\\/person\\\/372f87bbd3fdd79b8556b84c98d0bc1c\"},\"headline\":\"Allegri pre Verona-Milan conferenza | Gazzetta.it\",\"datePublished\":\"2026-04-19T12:24:59+00:00\",\"dateModified\":\"2026-04-19T12:25:04+00:00\",\"mainEntityOfPage\":{\"@id\":\"https:\\\/\\\/ubirataonline.com.br\\\/allegri-pre-verona-milan-conferenza-gazzetta-it\\\/\"},\"wordCount\":336,\"publisher\":{\"@id\":\"https:\\\/\\\/ubirataonline.com.br\\\/#organization\"},\"image\":{\"@id\":\"https:\\\/\\\/ubirataonline.com.br\\\/allegri-pre-verona-milan-conferenza-gazzetta-it\\\/#primaryimage\"},\"thumbnailUrl\":\"https:\\\/\\\/ubirataonline.com.br\\\/wp-content\\\/uploads\\\/2026\\\/04\\\/Allegri-pre-Verona-Milan-conferenza-Gazzettait.jpeg\",\"keywords\":[\"Allegri\",\"conferenza\",\"Gazzetta.it\",\"PRE\",\"VeronaMilan\"],\"articleSection\":[\"Ubirat\u00e3\"],\"inLanguage\":\"en-US\",\"copyrightYear\":\"2026\",\"copyrightHolder\":{\"@id\":\"https:\\\/\\\/ubirataonline.com.br\\\/en\\\/#organization\"}},{\"@type\":\"WebPage\",\"@id\":\"https:\\\/\\\/ubirataonline.com.br\\\/allegri-pre-verona-milan-conferenza-gazzetta-it\\\/\",\"url\":\"https:\\\/\\\/ubirataonline.com.br\\\/allegri-pre-verona-milan-conferenza-gazzetta-it\\\/\",\"name\":\"Allegri pre Verona-Milan conferenza | Gazzetta.it - Ubirat\u00e3 Online Not\u00edcias - A realidade ao seu alcance!\",\"isPartOf\":{\"@id\":\"https:\\\/\\\/ubirataonline.com.br\\\/#website\"},\"primaryImageOfPage\":{\"@id\":\"https:\\\/\\\/ubirataonline.com.br\\\/allegri-pre-verona-milan-conferenza-gazzetta-it\\\/#primaryimage\"},\"image\":{\"@id\":\"https:\\\/\\\/ubirataonline.com.br\\\/allegri-pre-verona-milan-conferenza-gazzetta-it\\\/#primaryimage\"},\"thumbnailUrl\":\"https:\\\/\\\/ubirataonline.com.br\\\/wp-content\\\/uploads\\\/2026\\\/04\\\/Allegri-pre-Verona-Milan-conferenza-Gazzettait.jpeg\",\"datePublished\":\"2026-04-19T12:24:59+00:00\",\"dateModified\":\"2026-04-19T12:25:04+00:00\",\"description\":\"Ripartire. Vincere per mantenere il vantaggio Champions sulla quinta e reagire alla sconfitta contro l\u2019Udinese. \\\"Veniamo da due sconfitte esterne senza\",\"breadcrumb\":{\"@id\":\"https:\\\/\\\/ubirataonline.com.br\\\/allegri-pre-verona-milan-conferenza-gazzetta-it\\\/#breadcrumb\"},\"inLanguage\":\"en-US\",\"potentialAction\":[{\"@type\":\"ReadAction\",\"target\":[\"https:\\\/\\\/ubirataonline.com.br\\\/allegri-pre-verona-milan-conferenza-gazzetta-it\\\/\"]}]},{\"@type\":\"ImageObject\",\"inLanguage\":\"en-US\",\"@id\":\"https:\\\/\\\/ubirataonline.com.br\\\/allegri-pre-verona-milan-conferenza-gazzetta-it\\\/#primaryimage\",\"url\":\"https:\\\/\\\/ubirataonline.com.br\\\/wp-content\\\/uploads\\\/2026\\\/04\\\/Allegri-pre-Verona-Milan-conferenza-Gazzettait.jpeg\",\"contentUrl\":\"https:\\\/\\\/ubirataonline.com.br\\\/wp-content\\\/uploads\\\/2026\\\/04\\\/Allegri-pre-Verona-Milan-conferenza-Gazzettait.jpeg\",\"width\":1200,\"height\":675,\"caption\":\"Allegri pre Verona-Milan conferenza | Gazzetta.it\"},{\"@type\":\"BreadcrumbList\",\"@id\":\"https:\\\/\\\/ubirataonline.com.br\\\/allegri-pre-verona-milan-conferenza-gazzetta-it\\\/#breadcrumb\",\"itemListElement\":[{\"@type\":\"ListItem\",\"position\":1,\"name\":\"In\u00edcio\",\"item\":\"https:\\\/\\\/ubirataonline.com.br\\\/\"},{\"@type\":\"ListItem\",\"position\":2,\"name\":\"Allegri pre Verona-Milan conferenza | Gazzetta.it\"}]},{\"@type\":\"WebSite\",\"@id\":\"https:\\\/\\\/ubirataonline.com.br\\\/#website\",\"url\":\"https:\\\/\\\/ubirataonline.com.br\\\/\",\"name\":\"Ubirat\u00e3 Online Not\u00edcias\",\"description\":\"Not\u00edcias de Ubirat\u00e3, regi\u00e3o, Brasil e mundo, com informa\u00e7\u00e3o atualizada e compromisso com o leitor.\",\"publisher\":{\"@id\":\"https:\\\/\\\/ubirataonline.com.br\\\/#organization\"},\"alternateName\":\"Ubirat\u00e3 Online\",\"potentialAction\":[{\"@type\":\"SearchAction\",\"target\":{\"@type\":\"EntryPoint\",\"urlTemplate\":\"https:\\\/\\\/ubirataonline.com.br\\\/?s={search_term_string}\"},\"query-input\":{\"@type\":\"PropertyValueSpecification\",\"valueRequired\":true,\"valueName\":\"search_term_string\"}}],\"inLanguage\":\"en-US\"},{\"@type\":[\"Organization\",\"Place\"],\"@id\":\"https:\\\/\\\/ubirataonline.com.br\\\/#organization\",\"name\":\"Ubirat\u00e3 Online Not\u00edcias\",\"alternateName\":\"Ubirat\u00e3 Online\",\"url\":\"https:\\\/\\\/ubirataonline.com.br\\\/\",\"logo\":{\"@id\":\"https:\\\/\\\/ubirataonline.com.br\\\/allegri-pre-verona-milan-conferenza-gazzetta-it\\\/#local-main-organization-logo\"},\"image\":{\"@id\":\"https:\\\/\\\/ubirataonline.com.br\\\/allegri-pre-verona-milan-conferenza-gazzetta-it\\\/#local-main-organization-logo\"},\"sameAs\":[\"https:\\\/\\\/www.facebook.com\\\/portalubirataonline\",\"https:\\\/\\\/x.com\\\/ubirataonline\",\"https:\\\/\\\/mastodon.social\\\/@ubirataonline\",\"https:\\\/\\\/www.facebook.com\\\/groups\\\/311144672285604\",\"https:\\\/\\\/www.facebook.com\\\/UBTAOnline\",\"https:\\\/\\\/www.instagram.com\\\/portalubirataonline\\\/\",\"https:\\\/\\\/twitter.com\\\/ubirataonline\"],\"description\":\"Somos um portal de not\u00edcias independente, criado em 5 de janeiro de 2009, com o objetivo de informar, conectar e valorizar a nossa comunidade de Ubirat\u00e3 e toda aregi\u00e3o. Com conte\u00fado atualizado, confi\u00e1vel e relevante, o Ubirat\u00e3 Online \u00e9 o seu espa\u00e7o para ficar por dentro dos principais acontecimentos locais, regionais, Brasil, Mundo e de interesse geral. Nosso compromisso \u00e9 com a verdade, a transpar\u00eancia e o respeito ao leitor.\",\"legalName\":\"UBIRATA ONLINE NOT\u00cdCIAS\",\"foundingDate\":\"2009-01-05\",\"numberOfEmployees\":{\"@type\":\"QuantitativeValue\",\"minValue\":\"1\",\"maxValue\":\"10\"},\"publishingPrinciples\":\"https:\\\/\\\/ubirataonline.com.br\\\/faq\\\/\",\"address\":{\"@id\":\"https:\\\/\\\/ubirataonline.com.br\\\/allegri-pre-verona-milan-conferenza-gazzetta-it\\\/#local-main-place-address\"},\"geo\":{\"@type\":\"GeoCoordinates\",\"latitude\":\"-24.5361401\",\"longitude\":\"-52.9921776\"},\"telephone\":[\"+5544998308235\"],\"contactPoint\":{\"@type\":\"ContactPoint\",\"email\":\"contato@ubirataonline.com.br\"},\"openingHoursSpecification\":{\"@type\":\"OpeningHoursSpecification\",\"dayOfWeek\":[\"Monday\",\"Tuesday\",\"Wednesday\",\"Thursday\",\"Friday\",\"Saturday\",\"Sunday\"],\"opens\":\"00:00\",\"closes\":\"23:59\"},\"email\":\"contato@ubirataonline.com.br\",\"vatID\":\"47.621.418\\\/0001-80\"},{\"@type\":\"Person\",\"@id\":\"https:\\\/\\\/ubirataonline.com.br\\\/#\\\/schema\\\/person\\\/372f87bbd3fdd79b8556b84c98d0bc1c\",\"name\":\"REDA\u00c7\u00c3O: UBIRAT\u00c3 ONLINE - F\u00c1BIO AUGUSTO CELESTINO\",\"pronouns\":\"Ele\",\"description\":\"Desde 2003 trabalhando com not\u00edcias.\",\"sameAs\":[\"http:\\\/\\\/ubirataoline.com.br\",\"https:\\\/\\\/www.facebook.com\\\/portalubirataonline\",\"https:\\\/\\\/www.instagram.com\\\/ubirataonline_oficial\",\"https:\\\/\\\/x.com\\\/x.com\\\/ubirataonline\"],\"honorificPrefix\":\"Mr.\",\"honorificSuffix\":\"MD\",\"birthDate\":\"1980-06-16\",\"gender\":\"masculino\",\"award\":[\"V\u00e1rios pr\u00eamios de melhor portal da cidade\"],\"jobTitle\":\"Diretor\",\"url\":\"https:\\\/\\\/ubirataonline.com.br\\\/en\\\/author\\\/ubirataonline\\\/\"},{\"@type\":\"PostalAddress\",\"@id\":\"https:\\\/\\\/ubirataonline.com.br\\\/allegri-pre-verona-milan-conferenza-gazzetta-it\\\/#local-main-place-address\",\"streetAddress\":\"Rua dos Coqueiros, 104 - Bairro Boa Vista, Rua dos Coqueiros, 104 Bairro Boa Vista\",\"addressLocality\":\"UBIRATA\",\"postalCode\":\"85440-000\",\"addressRegion\":\"PR\",\"addressCountry\":\"BR\"},{\"@type\":\"ImageObject\",\"inLanguage\":\"en-US\",\"@id\":\"https:\\\/\\\/ubirataonline.com.br\\\/allegri-pre-verona-milan-conferenza-gazzetta-it\\\/#local-main-organization-logo\",\"url\":\"https:\\\/\\\/ubirataonline.com.br\\\/wp-content\\\/uploads\\\/2026\\\/06\\\/logoubirataonline-1.webp\",\"contentUrl\":\"https:\\\/\\\/ubirataonline.com.br\\\/wp-content\\\/uploads\\\/2026\\\/06\\\/logoubirataonline-1.webp\",\"width\":500,\"height\":500,\"caption\":\"Ubirat\u00e3 Online Not\u00edcias\"}]}<\/script>\n<meta name=\"geo.placename\" content=\"UBIRATA\" \/>\n<meta name=\"geo.position\" content=\"-24.5361401;-52.9921776\" \/>\n<meta name=\"geo.region\" content=\"Brazil\" \/>\n<!-- \/ Yoast SEO Premium plugin. -->","yoast_head_json":{"title":"Allegri pre Verona-Milan conferenza | Gazzetta.it - Ubirat\u00e3 Online Not\u00edcias - A realidade ao seu alcance!","description":"Ripartire. Vincere per mantenere il vantaggio Champions sulla quinta e reagire alla sconfitta contro l\u2019Udinese. \"Veniamo da due sconfitte esterne senza","robots":{"index":"index","follow":"follow","max-snippet":"max-snippet:-1","max-image-preview":"max-image-preview:large","max-video-preview":"max-video-preview:-1"},"canonical":"https:\/\/ubirataonline.com.br\/en\/allegri-pre-verona-milan-conferenza-gazzetta-it\/","og_locale":"en_US","og_type":"article","og_title":"Allegri pre Verona-Milan conferenza | Gazzetta.it","og_description":"Ripartire. Vincere per mantenere il vantaggio Champions sulla quinta e reagire alla sconfitta contro l\u2019Udinese. \"Veniamo da due sconfitte esterne senza","og_url":"https:\/\/ubirataonline.com.br\/en\/allegri-pre-verona-milan-conferenza-gazzetta-it\/","og_site_name":"Ubirat\u00e3 Online Not\u00edcias - A realidade ao seu alcance!","article_publisher":"https:\/\/www.facebook.com\/portalubirataonline","article_author":"https:\/\/www.facebook.com\/portalubirataonline","article_published_time":"2026-04-19T12:24:59+00:00","article_modified_time":"2026-04-19T12:25:04+00:00","og_image":[{"width":1200,"height":675,"url":"https:\/\/ubirataonline.com.br\/wp-content\/uploads\/2026\/04\/Allegri-pre-Verona-Milan-conferenza-Gazzettait.jpeg","type":"image\/jpeg"}],"author":"REDA\u00c7\u00c3O: UBIRAT\u00c3 ONLINE - F\u00c1BIO AUGUSTO CELESTINO","twitter_card":"summary_large_image","twitter_creator":"@x.com\/ubirataonline","twitter_site":"@ubirataonline","twitter_misc":{"Written by":"REDA\u00c7\u00c3O: UBIRAT\u00c3 ONLINE - F\u00c1BIO AUGUSTO CELESTINO","Est. reading time":"2 minutes"},"schema":{"@context":"https:\/\/schema.org","@graph":[{"@type":"NewsArticle","@id":"https:\/\/ubirataonline.com.br\/allegri-pre-verona-milan-conferenza-gazzetta-it\/#article","isPartOf":{"@id":"https:\/\/ubirataonline.com.br\/allegri-pre-verona-milan-conferenza-gazzetta-it\/"},"author":{"name":"REDA\u00c7\u00c3O: UBIRAT\u00c3 ONLINE - F\u00c1BIO AUGUSTO CELESTINO","@id":"https:\/\/ubirataonline.com.br\/#\/schema\/person\/372f87bbd3fdd79b8556b84c98d0bc1c"},"headline":"Allegri pre Verona-Milan conferenza | Gazzetta.it","datePublished":"2026-04-19T12:24:59+00:00","dateModified":"2026-04-19T12:25:04+00:00","mainEntityOfPage":{"@id":"https:\/\/ubirataonline.com.br\/allegri-pre-verona-milan-conferenza-gazzetta-it\/"},"wordCount":336,"publisher":{"@id":"https:\/\/ubirataonline.com.br\/#organization"},"image":{"@id":"https:\/\/ubirataonline.com.br\/allegri-pre-verona-milan-conferenza-gazzetta-it\/#primaryimage"},"thumbnailUrl":"https:\/\/ubirataonline.com.br\/wp-content\/uploads\/2026\/04\/Allegri-pre-Verona-Milan-conferenza-Gazzettait.jpeg","keywords":["Allegri","conferenza","Gazzetta.it","PRE","VeronaMilan"],"articleSection":["Ubirat\u00e3"],"inLanguage":"en-US","copyrightYear":"2026","copyrightHolder":{"@id":"https:\/\/ubirataonline.com.br\/en\/#organization"}},{"@type":"WebPage","@id":"https:\/\/ubirataonline.com.br\/allegri-pre-verona-milan-conferenza-gazzetta-it\/","url":"https:\/\/ubirataonline.com.br\/allegri-pre-verona-milan-conferenza-gazzetta-it\/","name":"Allegri pre Verona-Milan conferenza | Gazzetta.it - Ubirat\u00e3 Online Not\u00edcias - A realidade ao seu alcance!","isPartOf":{"@id":"https:\/\/ubirataonline.com.br\/#website"},"primaryImageOfPage":{"@id":"https:\/\/ubirataonline.com.br\/allegri-pre-verona-milan-conferenza-gazzetta-it\/#primaryimage"},"image":{"@id":"https:\/\/ubirataonline.com.br\/allegri-pre-verona-milan-conferenza-gazzetta-it\/#primaryimage"},"thumbnailUrl":"https:\/\/ubirataonline.com.br\/wp-content\/uploads\/2026\/04\/Allegri-pre-Verona-Milan-conferenza-Gazzettait.jpeg","datePublished":"2026-04-19T12:24:59+00:00","dateModified":"2026-04-19T12:25:04+00:00","description":"Ripartire. Vincere per mantenere il vantaggio Champions sulla quinta e reagire alla sconfitta contro l\u2019Udinese. \"Veniamo da due sconfitte esterne senza","breadcrumb":{"@id":"https:\/\/ubirataonline.com.br\/allegri-pre-verona-milan-conferenza-gazzetta-it\/#breadcrumb"},"inLanguage":"en-US","potentialAction":[{"@type":"ReadAction","target":["https:\/\/ubirataonline.com.br\/allegri-pre-verona-milan-conferenza-gazzetta-it\/"]}]},{"@type":"ImageObject","inLanguage":"en-US","@id":"https:\/\/ubirataonline.com.br\/allegri-pre-verona-milan-conferenza-gazzetta-it\/#primaryimage","url":"https:\/\/ubirataonline.com.br\/wp-content\/uploads\/2026\/04\/Allegri-pre-Verona-Milan-conferenza-Gazzettait.jpeg","contentUrl":"https:\/\/ubirataonline.com.br\/wp-content\/uploads\/2026\/04\/Allegri-pre-Verona-Milan-conferenza-Gazzettait.jpeg","width":1200,"height":675,"caption":"Allegri pre Verona-Milan conferenza | Gazzetta.it"},{"@type":"BreadcrumbList","@id":"https:\/\/ubirataonline.com.br\/allegri-pre-verona-milan-conferenza-gazzetta-it\/#breadcrumb","itemListElement":[{"@type":"ListItem","position":1,"name":"In\u00edcio","item":"https:\/\/ubirataonline.com.br\/"},{"@type":"ListItem","position":2,"name":"Allegri pre Verona-Milan conferenza | Gazzetta.it"}]},{"@type":"WebSite","@id":"https:\/\/ubirataonline.com.br\/#website","url":"https:\/\/ubirataonline.com.br\/","name":"Ubirat\u00e3 Online Not\u00edcias","description":"Not\u00edcias de Ubirat\u00e3, regi\u00e3o, Brasil e mundo, com informa\u00e7\u00e3o atualizada e compromisso com o leitor.","publisher":{"@id":"https:\/\/ubirataonline.com.br\/#organization"},"alternateName":"Ubirat\u00e3 Online","potentialAction":[{"@type":"SearchAction","target":{"@type":"EntryPoint","urlTemplate":"https:\/\/ubirataonline.com.br\/?s={search_term_string}"},"query-input":{"@type":"PropertyValueSpecification","valueRequired":true,"valueName":"search_term_string"}}],"inLanguage":"en-US"},{"@type":["Organization","Place"],"@id":"https:\/\/ubirataonline.com.br\/#organization","name":"Ubirat\u00e3 Online Not\u00edcias","alternateName":"Ubirat\u00e3 Online","url":"https:\/\/ubirataonline.com.br\/","logo":{"@id":"https:\/\/ubirataonline.com.br\/allegri-pre-verona-milan-conferenza-gazzetta-it\/#local-main-organization-logo"},"image":{"@id":"https:\/\/ubirataonline.com.br\/allegri-pre-verona-milan-conferenza-gazzetta-it\/#local-main-organization-logo"},"sameAs":["https:\/\/www.facebook.com\/portalubirataonline","https:\/\/x.com\/ubirataonline","https:\/\/mastodon.social\/@ubirataonline","https:\/\/www.facebook.com\/groups\/311144672285604","https:\/\/www.facebook.com\/UBTAOnline","https:\/\/www.instagram.com\/portalubirataonline\/","https:\/\/twitter.com\/ubirataonline"],"description":"Somos um portal de not\u00edcias independente, criado em 5 de janeiro de 2009, com o objetivo de informar, conectar e valorizar a nossa comunidade de Ubirat\u00e3 e toda aregi\u00e3o. Com conte\u00fado atualizado, confi\u00e1vel e relevante, o Ubirat\u00e3 Online \u00e9 o seu espa\u00e7o para ficar por dentro dos principais acontecimentos locais, regionais, Brasil, Mundo e de interesse geral. Nosso compromisso \u00e9 com a verdade, a transpar\u00eancia e o respeito ao leitor.","legalName":"UBIRATA ONLINE NOT\u00cdCIAS","foundingDate":"2009-01-05","numberOfEmployees":{"@type":"QuantitativeValue","minValue":"1","maxValue":"10"},"publishingPrinciples":"https:\/\/ubirataonline.com.br\/faq\/","address":{"@id":"https:\/\/ubirataonline.com.br\/allegri-pre-verona-milan-conferenza-gazzetta-it\/#local-main-place-address"},"geo":{"@type":"GeoCoordinates","latitude":"-24.5361401","longitude":"-52.9921776"},"telephone":["+5544998308235"],"contactPoint":{"@type":"ContactPoint","email":"contato@ubirataonline.com.br"},"openingHoursSpecification":{"@type":"OpeningHoursSpecification","dayOfWeek":["Monday","Tuesday","Wednesday","Thursday","Friday","Saturday","Sunday"],"opens":"00:00","closes":"23:59"},"email":"contato@ubirataonline.com.br","vatID":"47.621.418\/0001-80"},{"@type":"Person","@id":"https:\/\/ubirataonline.com.br\/#\/schema\/person\/372f87bbd3fdd79b8556b84c98d0bc1c","name":"REDA\u00c7\u00c3O: UBIRAT\u00c3 ONLINE - F\u00c1BIO AUGUSTO CELESTINO","pronouns":"Ele","description":"Desde 2003 trabalhando com not\u00edcias.","sameAs":["http:\/\/ubirataoline.com.br","https:\/\/www.facebook.com\/portalubirataonline","https:\/\/www.instagram.com\/ubirataonline_oficial","https:\/\/x.com\/x.com\/ubirataonline"],"honorificPrefix":"Mr.","honorificSuffix":"MD","birthDate":"1980-06-16","gender":"masculino","award":["V\u00e1rios pr\u00eamios de melhor portal da cidade"],"jobTitle":"Diretor","url":"https:\/\/ubirataonline.com.br\/en\/author\/ubirataonline\/"},{"@type":"PostalAddress","@id":"https:\/\/ubirataonline.com.br\/allegri-pre-verona-milan-conferenza-gazzetta-it\/#local-main-place-address","streetAddress":"Rua dos Coqueiros, 104 - Bairro Boa Vista, Rua dos Coqueiros, 104 Bairro Boa Vista","addressLocality":"UBIRATA","postalCode":"85440-000","addressRegion":"PR","addressCountry":"BR"},{"@type":"ImageObject","inLanguage":"en-US","@id":"https:\/\/ubirataonline.com.br\/allegri-pre-verona-milan-conferenza-gazzetta-it\/#local-main-organization-logo","url":"https:\/\/ubirataonline.com.br\/wp-content\/uploads\/2026\/06\/logoubirataonline-1.webp","contentUrl":"https:\/\/ubirataonline.com.br\/wp-content\/uploads\/2026\/06\/logoubirataonline-1.webp","width":500,"height":500,"caption":"Ubirat\u00e3 Online Not\u00edcias"}]},"geo.placename":"UBIRATA","geo.position":{"lat":"-24.5361401","long":"-52.9921776"},"geo.region":"Brazil"},"_links":{"self":[{"href":"https:\/\/ubirataonline.com.br\/en\/wp-json\/wp\/v2\/posts\/111797","targetHints":{"allow":["GET"]}}],"collection":[{"href":"https:\/\/ubirataonline.com.br\/en\/wp-json\/wp\/v2\/posts"}],"about":[{"href":"https:\/\/ubirataonline.com.br\/en\/wp-json\/wp\/v2\/types\/post"}],"author":[{"embeddable":true,"href":"https:\/\/ubirataonline.com.br\/en\/wp-json\/wp\/v2\/users\/1"}],"replies":[{"embeddable":true,"href":"https:\/\/ubirataonline.com.br\/en\/wp-json\/wp\/v2\/comments?post=111797"}],"version-history":[{"count":0,"href":"https:\/\/ubirataonline.com.br\/en\/wp-json\/wp\/v2\/posts\/111797\/revisions"}],"wp:featuredmedia":[{"embeddable":true,"href":"https:\/\/ubirataonline.com.br\/en\/wp-json\/wp\/v2\/media\/111798"}],"wp:attachment":[{"href":"https:\/\/ubirataonline.com.br\/en\/wp-json\/wp\/v2\/media?parent=111797"}],"wp:term":[{"taxonomy":"category","embeddable":true,"href":"https:\/\/ubirataonline.com.br\/en\/wp-json\/wp\/v2\/categories?post=111797"},{"taxonomy":"post_tag","embeddable":true,"href":"https:\/\/ubirataonline.com.br\/en\/wp-json\/wp\/v2\/tags?post=111797"}],"curies":[{"name":"wp","href":"https:\/\/api.w.org\/{rel}","templated":true}]}}