{"id":111822,"date":"2026-04-19T09:59:41","date_gmt":"2026-04-19T12:59:41","guid":{"rendered":"https:\/\/ubirataonline.com.br\/cuadro-del-torneo-fechas-y-horarios\/"},"modified":"2026-04-19T09:59:41","modified_gmt":"2026-04-19T12:59:41","slug":"cuadro-del-torneo-fechas-y-horarios","status":"publish","type":"post","link":"https:\/\/ubirataonline.com.br\/en\/cuadro-del-torneo-fechas-y-horarios\/","title":{"rendered":"cuadro del torneo, fechas y horarios"},"content":{"rendered":"<p><\/p>\n<div id=\"news-body-cc\">\n<ul class=\"bodyList bodyList--unordered\">\n<li class=\"bodyList__item\"><a href=\"https:\/\/www.elconfidencial.com\/deportes\/tenis\/2026-04-18\/yannick-noah-extenista-sinner-alcaraz_4340108\/\" target=\"_self\">Noah, sobre Sinner: &#8220;Tengo la impresi\u00f3n de que se desgasta menos que Alcaraz en pista&#8221;<\/a><\/li>\n<li class=\"bodyList__item\"><a href=\"https:\/\/www.elconfidencial.com\/deportes\/tenis\/2026-04-16\/juanjo-lopez-medico-alcaraz-sueno-infravalorado_4339177\/\" target=\"_self\">Juanjo L\u00f3pez, m\u00e9dico de Carlos Alcaraz: &#8220;El sue\u00f1o est\u00e1 muy infravalorado; es tan importante como el ejercicio o la alimentaci\u00f3n&#8221;<\/a><\/li>\n<\/ul>\n<p> Espa\u00f1a se ha convertido en las \u00faltimas semanas en el <strong>escenario principal del tenis mundial<\/strong>. Mientras se celebra la final del torneo <a href=\"https:\/\/www.elconfidencial.com\/deportes\/tenis\/2026-04-17\/rafa-jodar-cameron-norrie-conde-godo-cuartos-final-cronica_4340325\/\" target=\"_self\">Conde de God\u00f3<\/a> en Barcelona, ya se encuentran ultimando detalles para trasladar la acci\u00f3n <strong>al Mutua Madrid Open<\/strong>, continuando con la temporada de tierra batida en la que se reunir\u00e1n varios de los mejores competidores <strong>del deporte de raqueta del momento.<\/strong> <\/p>\n<p> El evento, que tendr\u00e1 lugar desde el pr\u00f3ximo<strong> martes 21 de abril hasta el 3 de mayo<\/strong>, presenta algunas bajas importantes ya confirmadas, como son las de <a href=\"https:\/\/www.elconfidencial.com\/deportes\/2026-04-17\/carlos-alcaraz-lesion-baja-mutua-madrid-open_4340382\/\" target=\"_self\">Carlos Alcaraz<\/a> <strong>y Novak Djokovic<\/strong> por sus respectivas lesiones. Por otro lado, otros contendientes a\u00fan mantienen en duda su participaci\u00f3n, siendo el de <strong>Jannik Sinner<\/strong> el caso m\u00e1s claro. <\/p>\n<section class=\"bodyObject inTextNews\">\n<figure class=\"inTextNews__imgWrapper\">   <\/figure>\n<div class=\"inTextNews__text\">\n<p>TE PUEDE INTERESAR<\/p>\n<header> <span>    <a class=\"inTextNews__title\" href=\"https:\/\/www.elconfidencial.com\/deportes\/tenis\/2026-04-15\/extenista-mas-dificil-ganar-sinner-que-alcaraz_4338624\/\" onclick=\"window.ECCO.emit('amplitude', { dataEventName: 'click_related_article_module', data: { related_article_url: 'https:\/\/www.elconfidencial.com\/deportes\/tenis\/2026-04-15\/extenista-mas-dificil-ganar-sinner-que-alcaraz_4338624\/', related_article_author: 'Pablo Mart\u00edn', related_article_section: 'tenis' } })\"> Greg Rusedski, extenista: \u201cCreo que es mucho m\u00e1s dif\u00edcil ganar a Sinner que a Alcaraz\u201d <\/a> <\/span> <\/header>\n<p>    <span class=\"inTextNews__itemSignature\">P. M.<\/span>   <\/p>\n<\/p><\/div>\n<\/section>\n<p> Por otro lado, la categor\u00eda femenina contar\u00e1 con<strong> Aryna Sabalenka<\/strong> como la competidora m\u00e1s especial entre los aficionados. Si bien ostenta el t\u00edtulo de campeona del torneo, podr\u00eda ser la oportunidad para lograr<strong> el primer puesto de manera consecutiva<\/strong> por primera vez en la capital, prop\u00f3sito que puede ser complicado debido<strong> al alto nivel<\/strong> que rebosa la competici\u00f3n. <\/p>\n<section class=\"htmlWrapper\">   <template type=\"lazy\"> <iframe loading=\"lazy\" height=\"350px\" data-layout=\"fixed-height\" scrolling=\"auto\" src=\"https:\/\/datos.elconfidencial.com\/pildoras-subsecciones\/?section=cta-seo\" vspace=\"0\" width=\"100%\"><\/iframe><\/template><\/section>\n<h2 class=\"bodyTitle\">Fechas y horario del Mutua Madrid Open<\/h2>\n<p> El programa completo del Madrid Open 2026, que incluye el <strong>torneo Masters 1.000 y WTA 1.000 en categor\u00eda femenina<\/strong>, tendr\u00e1 su fase previa el pr\u00f3ximo<strong> lunes, 20 de abril<\/strong>. Al d\u00eda siguiente,<strong> martes, 21 de abril<\/strong>, se celebrar\u00e1 la <strong>primera ronda individual femenina <\/strong>sobre las 11:00 en horario peninsular. Posteriormente, el <strong>mi\u00e9rcoles 22 de abril <\/strong>es el d\u00eda concertado para la <strong>primera ronda individual masculina<\/strong>. Esta continuar\u00e1 hasta el<strong> jueves 23 de abril<\/strong>, d\u00eda en que tambi\u00e9n comenzar\u00e1 la<strong> segunda ronda individual femenina,<\/strong> as\u00ed como <strong>su primera ronda a dobles<\/strong>. <\/p>\n<section class=\"bodyObject inTextNews\">\n<figure class=\"inTextNews__imgWrapper\"> <img decoding=\"async\" class=\"inTextNews__img\" alt=\"Foto: toni-nadal-exentrenador-rafa-nadal-jodar-fuerte-alcaraz\" src=\"https:\/\/images.ecestaticos.com\/DDAQX3h5hZujJBj3B14u5aitGjo=\/0x0:2272x1514\/1200x900\/filters:fill(white):format(jpg)\/f.elconfidencial.com%2Foriginal%2Fbb2%2F061%2F263%2Fbb2061263946df2993fb71b6205dafed.jpg\" srcset=\" https:\/\/images.ecestaticos.com\/N-zE7KKr84DwhdhHSX1jFA49-18=\/0x0:2272x1514\/202x152\/filters:fill(white):format(jpg)\/f.elconfidencial.com%2Foriginal%2Fbb2%2F061%2F263%2Fbb2061263946df2993fb71b6205dafed.jpg 202w, https:\/\/images.ecestaticos.com\/T6-1UUK8ykJNNsw2rfsk0sCSXlY=\/0x0:2272x1514\/144x108\/filters:fill(white):format(jpg)\/f.elconfidencial.com%2Foriginal%2Fbb2%2F061%2F263%2Fbb2061263946df2993fb71b6205dafed.jpg 144w, https:\/\/images.ecestaticos.com\/2ocrD3sU_xs3kcvPDmrRnKOtInI=\/0x0:2272x1514\/128x96\/filters:fill(white):format(jpg)\/f.elconfidencial.com%2Foriginal%2Fbb2%2F061%2F263%2Fbb2061263946df2993fb71b6205dafed.jpg 128w\" sizes=\" (min-width: 996px) 202px, (min-width: 768px) 144px, 128px\"\/>  <\/figure>\n<div class=\"inTextNews__text\">\n<p>TE PUEDE INTERESAR<\/p>\n<header> <span>    <a class=\"inTextNews__title\" href=\"https:\/\/www.elconfidencial.com\/deportes\/tenis\/2026-04-14\/toni-nadal-exentrenador-rafa-nadal-jodar-fuerte-alcaraz_4338314\/\" onclick=\"window.ECCO.emit('amplitude', { dataEventName: 'click_related_article_module', data: { related_article_url: 'https:\/\/www.elconfidencial.com\/deportes\/tenis\/2026-04-14\/toni-nadal-exentrenador-rafa-nadal-jodar-fuerte-alcaraz_4338314\/', related_article_author: 'Pablo Mart\u00edn', related_article_section: 'tenis' } })\"> Toni Nadal, exentrenador de Rafa Nadal: \u201cRafa J\u00f3dar le pega m\u00e1s fuerte que Alcaraz\u201d <\/a> <\/span> <\/header>\n<p>    <span class=\"inTextNews__itemSignature\">P. M.<\/span>   <\/p>\n<\/p><\/div>\n<\/section>\n<p> El <strong>viernes, 24 de abril<\/strong>, se iniciar\u00e1 la <strong>segunda ronda individual masculina a las 11:00 horas<\/strong>, al igual que continuar\u00e1 la segunda ronda individual y la primera a dobles, ambas en categor\u00eda femenina. En cuanto al <strong>s\u00e1bado 25 de abril<\/strong>, todo seguir\u00e1 su curso, adem\u00e1s de iniciarse la <strong>tercera ronda individual femenina<\/strong>. En cuanto a la <strong>tercera ronda individual masculina<\/strong>, su comienzo estar\u00e1 previsto para el<strong> domingo 26 de abril<\/strong>, as\u00ed como la <strong>primera ronda de dobles masculino y la segunda en categor\u00eda femenina<\/strong>. <\/p>\n<p> El <strong>lunes, 27 de abril<\/strong>, la semana dar\u00e1 inicio con los<strong> octavos de final de individual femenino<\/strong>, mientras que, para <strong>el martes, 28 de abril<\/strong>, llegar\u00e1 la <strong>misma fase para la categor\u00eda masculina<\/strong>, as\u00ed como su<strong> segunda ronda a dobles<\/strong>. Tambi\u00e9n ser\u00e1 la jornada en que se jueguen la <strong>fase de cuartos en categor\u00eda femenina<\/strong>, tanto de<strong> dobles como individual<\/strong>. El mi\u00e9rcoles, <strong>29 de abril<\/strong>, llegan los cuartos de<strong> final individual masculino<\/strong>, todos ellos a partir de las 13:00. <\/p>\n<p> Para el <strong>jueves 30 de abril <\/strong>se espera la <strong>semifinal individual femenina y los cuartos de final de dobles masculino<\/strong>. Ya para el<strong> viernes, 1 de mayo<\/strong>, se celebrar\u00e1n las <strong>semifinales individuales masculinas<\/strong> <strong>y de dobles masculinas y femeninas<\/strong> a las 13:30 horas. El <strong>s\u00e1bado, 2 de mayo<\/strong>, ser\u00e1 el d\u00eda de la <strong>final de dobles masculina e individual femenina<\/strong>, concluyendo el torneo el <strong>domingo, 3 de mayo<\/strong>, con la final de<strong> dobles femenina y la final individual masculina<\/strong>. <\/p>\n<\/p><\/div>\n<p><a href=\"https:\/\/www.elconfidencial.com\/deportes\/tenis\/2026-04-19\/masters-madrid-cuadro-torneo-fechas-horarios_4340931\/\">Source link <\/a><br \/>\nSee more https:\/\/theglobaltrack.com\/<\/p>","protected":false},"excerpt":{"rendered":"<p>Noah, sobre Sinner: &#8220;Tengo la impresi\u00f3n de que se desgasta menos que Alcaraz en pista&#8221; Juanjo L\u00f3pez, m\u00e9dico de Carlos Alcaraz: &#8220;El sue\u00f1o est\u00e1 muy infravalorado; es tan importante como el ejercicio o la alimentaci\u00f3n&#8221; Espa\u00f1a se ha convertido en las \u00faltimas semanas en el escenario principal del tenis mundial. Mientras se celebra la final [&hellip;]<\/p>\n","protected":false},"author":1,"featured_media":111823,"comment_status":"","ping_status":"","sticky":false,"template":"","format":"standard","meta":{"googlesitekit_rrm_CAow2JLhCw:productID":"","_gspb_post_css":"","maa_idioma":"","maa_pais":"","footnotes":""},"categories":[1],"tags":[20256,4161,8479,4580,17724],"class_list":["post-111822","post","type-post","status-publish","format-standard","has-post-thumbnail","hentry","category-ubirata","tag-cuadro","tag-del","tag-fechas","tag-horarios","tag-torneo"],"blocksy_meta":[],"yoast_head":"<!-- This site is optimized with the Yoast SEO Premium plugin v27.6 (Yoast SEO v27.6) - https:\/\/yoast.com\/product\/yoast-seo-premium-wordpress\/ -->\n<title>cuadro del torneo, fechas y horarios - Ubirat\u00e3 Online Not\u00edcias - A realidade ao seu alcance!<\/title>\n<meta name=\"description\" content=\"La temporada de tierra batida contin\u00faa en la capital con ausencias importantes, como Alcaraz y Djokovic, y la participaci\u00f3n a\u00fan en duda de Sinner\" \/>\n<meta name=\"robots\" content=\"index, follow, max-snippet:-1, max-image-preview:large, max-video-preview:-1\" \/>\n<link rel=\"canonical\" href=\"https:\/\/ubirataonline.com.br\/en\/cuadro-del-torneo-fechas-y-horarios\/\" \/>\n<meta property=\"og:locale\" content=\"en_US\" \/>\n<meta property=\"og:type\" content=\"article\" \/>\n<meta property=\"og:title\" content=\"cuadro del torneo, fechas y horarios\" \/>\n<meta property=\"og:description\" content=\"La temporada de tierra batida contin\u00faa en la capital con ausencias importantes, como Alcaraz y Djokovic, y la participaci\u00f3n a\u00fan en duda de Sinner\" \/>\n<meta property=\"og:url\" content=\"https:\/\/ubirataonline.com.br\/en\/cuadro-del-torneo-fechas-y-horarios\/\" \/>\n<meta property=\"og:site_name\" content=\"Ubirat\u00e3 Online Not\u00edcias - A realidade ao seu alcance!\" \/>\n<meta property=\"article:publisher\" content=\"https:\/\/www.facebook.com\/portalubirataonline\" \/>\n<meta property=\"article:author\" content=\"https:\/\/www.facebook.com\/portalubirataonline\" \/>\n<meta property=\"article:published_time\" content=\"2026-04-19T12:59:41+00:00\" \/>\n<meta property=\"og:image\" content=\"https:\/\/ubirataonline.com.br\/wp-content\/uploads\/2026\/04\/cuadro-del-torneo-fechas-y-horarios.jpg\" \/>\n\t<meta property=\"og:image:width\" content=\"600\" \/>\n\t<meta property=\"og:image:height\" content=\"315\" \/>\n\t<meta property=\"og:image:type\" content=\"image\/jpeg\" \/>\n<meta name=\"author\" content=\"REDA\u00c7\u00c3O: UBIRAT\u00c3 ONLINE - F\u00c1BIO AUGUSTO CELESTINO\" \/>\n<meta name=\"twitter:card\" content=\"summary_large_image\" \/>\n<meta name=\"twitter:creator\" content=\"@x.com\/ubirataonline\" \/>\n<meta name=\"twitter:site\" content=\"@ubirataonline\" \/>\n<meta name=\"twitter:label1\" content=\"Written by\" \/>\n\t<meta name=\"twitter:data1\" content=\"REDA\u00c7\u00c3O: UBIRAT\u00c3 ONLINE - F\u00c1BIO AUGUSTO CELESTINO\" \/>\n\t<meta name=\"twitter:label2\" content=\"Est. reading time\" \/>\n\t<meta name=\"twitter:data2\" content=\"3 minutes\" \/>\n<script type=\"application\/ld+json\" class=\"yoast-schema-graph\">{\"@context\":\"https:\\\/\\\/schema.org\",\"@graph\":[{\"@type\":\"NewsArticle\",\"@id\":\"https:\\\/\\\/ubirataonline.com.br\\\/cuadro-del-torneo-fechas-y-horarios\\\/#article\",\"isPartOf\":{\"@id\":\"https:\\\/\\\/ubirataonline.com.br\\\/cuadro-del-torneo-fechas-y-horarios\\\/\"},\"author\":{\"name\":\"REDA\u00c7\u00c3O: UBIRAT\u00c3 ONLINE - F\u00c1BIO AUGUSTO CELESTINO\",\"@id\":\"https:\\\/\\\/ubirataonline.com.br\\\/#\\\/schema\\\/person\\\/372f87bbd3fdd79b8556b84c98d0bc1c\"},\"headline\":\"cuadro del torneo, fechas y horarios\",\"datePublished\":\"2026-04-19T12:59:41+00:00\",\"mainEntityOfPage\":{\"@id\":\"https:\\\/\\\/ubirataonline.com.br\\\/cuadro-del-torneo-fechas-y-horarios\\\/\"},\"wordCount\":620,\"publisher\":{\"@id\":\"https:\\\/\\\/ubirataonline.com.br\\\/#organization\"},\"image\":{\"@id\":\"https:\\\/\\\/ubirataonline.com.br\\\/cuadro-del-torneo-fechas-y-horarios\\\/#primaryimage\"},\"thumbnailUrl\":\"https:\\\/\\\/ubirataonline.com.br\\\/wp-content\\\/uploads\\\/2026\\\/04\\\/cuadro-del-torneo-fechas-y-horarios.jpg\",\"keywords\":[\"cuadro\",\"del\",\"fechas\",\"hor\u00e1rios\",\"Torneo\"],\"articleSection\":[\"Ubirat\u00e3\"],\"inLanguage\":\"en-US\",\"copyrightYear\":\"2026\",\"copyrightHolder\":{\"@id\":\"https:\\\/\\\/ubirataonline.com.br\\\/en\\\/#organization\"}},{\"@type\":\"WebPage\",\"@id\":\"https:\\\/\\\/ubirataonline.com.br\\\/cuadro-del-torneo-fechas-y-horarios\\\/\",\"url\":\"https:\\\/\\\/ubirataonline.com.br\\\/cuadro-del-torneo-fechas-y-horarios\\\/\",\"name\":\"cuadro del torneo, fechas y horarios - Ubirat\u00e3 Online Not\u00edcias - A realidade ao seu alcance!\",\"isPartOf\":{\"@id\":\"https:\\\/\\\/ubirataonline.com.br\\\/#website\"},\"primaryImageOfPage\":{\"@id\":\"https:\\\/\\\/ubirataonline.com.br\\\/cuadro-del-torneo-fechas-y-horarios\\\/#primaryimage\"},\"image\":{\"@id\":\"https:\\\/\\\/ubirataonline.com.br\\\/cuadro-del-torneo-fechas-y-horarios\\\/#primaryimage\"},\"thumbnailUrl\":\"https:\\\/\\\/ubirataonline.com.br\\\/wp-content\\\/uploads\\\/2026\\\/04\\\/cuadro-del-torneo-fechas-y-horarios.jpg\",\"datePublished\":\"2026-04-19T12:59:41+00:00\",\"description\":\"La temporada de tierra batida contin\u00faa en la capital con ausencias importantes, como Alcaraz y Djokovic, y la participaci\u00f3n a\u00fan en duda de Sinner\",\"breadcrumb\":{\"@id\":\"https:\\\/\\\/ubirataonline.com.br\\\/cuadro-del-torneo-fechas-y-horarios\\\/#breadcrumb\"},\"inLanguage\":\"en-US\",\"potentialAction\":[{\"@type\":\"ReadAction\",\"target\":[\"https:\\\/\\\/ubirataonline.com.br\\\/cuadro-del-torneo-fechas-y-horarios\\\/\"]}]},{\"@type\":\"ImageObject\",\"inLanguage\":\"en-US\",\"@id\":\"https:\\\/\\\/ubirataonline.com.br\\\/cuadro-del-torneo-fechas-y-horarios\\\/#primaryimage\",\"url\":\"https:\\\/\\\/ubirataonline.com.br\\\/wp-content\\\/uploads\\\/2026\\\/04\\\/cuadro-del-torneo-fechas-y-horarios.jpg\",\"contentUrl\":\"https:\\\/\\\/ubirataonline.com.br\\\/wp-content\\\/uploads\\\/2026\\\/04\\\/cuadro-del-torneo-fechas-y-horarios.jpg\",\"width\":600,\"height\":315,\"caption\":\"Horarios y fechas del Masters 1.000 de Madrid. (Pinterest)\"},{\"@type\":\"BreadcrumbList\",\"@id\":\"https:\\\/\\\/ubirataonline.com.br\\\/cuadro-del-torneo-fechas-y-horarios\\\/#breadcrumb\",\"itemListElement\":[{\"@type\":\"ListItem\",\"position\":1,\"name\":\"In\u00edcio\",\"item\":\"https:\\\/\\\/ubirataonline.com.br\\\/\"},{\"@type\":\"ListItem\",\"position\":2,\"name\":\"cuadro del torneo, fechas y horarios\"}]},{\"@type\":\"WebSite\",\"@id\":\"https:\\\/\\\/ubirataonline.com.br\\\/#website\",\"url\":\"https:\\\/\\\/ubirataonline.com.br\\\/\",\"name\":\"Ubirat\u00e3 Online Not\u00edcias\",\"description\":\"Not\u00edcias de Ubirat\u00e3, regi\u00e3o, Brasil e mundo, com informa\u00e7\u00e3o atualizada e compromisso com o leitor.\",\"publisher\":{\"@id\":\"https:\\\/\\\/ubirataonline.com.br\\\/#organization\"},\"alternateName\":\"Ubirat\u00e3 Online\",\"potentialAction\":[{\"@type\":\"SearchAction\",\"target\":{\"@type\":\"EntryPoint\",\"urlTemplate\":\"https:\\\/\\\/ubirataonline.com.br\\\/?s={search_term_string}\"},\"query-input\":{\"@type\":\"PropertyValueSpecification\",\"valueRequired\":true,\"valueName\":\"search_term_string\"}}],\"inLanguage\":\"en-US\"},{\"@type\":[\"Organization\",\"Place\"],\"@id\":\"https:\\\/\\\/ubirataonline.com.br\\\/#organization\",\"name\":\"Ubirat\u00e3 Online Not\u00edcias\",\"alternateName\":\"Ubirat\u00e3 Online\",\"url\":\"https:\\\/\\\/ubirataonline.com.br\\\/\",\"logo\":{\"@id\":\"https:\\\/\\\/ubirataonline.com.br\\\/cuadro-del-torneo-fechas-y-horarios\\\/#local-main-organization-logo\"},\"image\":{\"@id\":\"https:\\\/\\\/ubirataonline.com.br\\\/cuadro-del-torneo-fechas-y-horarios\\\/#local-main-organization-logo\"},\"sameAs\":[\"https:\\\/\\\/www.facebook.com\\\/portalubirataonline\",\"https:\\\/\\\/x.com\\\/ubirataonline\",\"https:\\\/\\\/mastodon.social\\\/@ubirataonline\",\"https:\\\/\\\/www.facebook.com\\\/groups\\\/311144672285604\",\"https:\\\/\\\/www.facebook.com\\\/UBTAOnline\",\"https:\\\/\\\/www.instagram.com\\\/portalubirataonline\\\/\",\"https:\\\/\\\/twitter.com\\\/ubirataonline\"],\"description\":\"Somos um portal de not\u00edcias independente, criado em 5 de janeiro de 2009, com o objetivo de informar, conectar e valorizar a nossa comunidade de Ubirat\u00e3 e toda aregi\u00e3o. Com conte\u00fado atualizado, confi\u00e1vel e relevante, o Ubirat\u00e3 Online \u00e9 o seu espa\u00e7o para ficar por dentro dos principais acontecimentos locais, regionais, Brasil, Mundo e de interesse geral. Nosso compromisso \u00e9 com a verdade, a transpar\u00eancia e o respeito ao leitor.\",\"legalName\":\"UBIRATA ONLINE NOT\u00cdCIAS\",\"foundingDate\":\"2009-01-05\",\"numberOfEmployees\":{\"@type\":\"QuantitativeValue\",\"minValue\":\"1\",\"maxValue\":\"10\"},\"publishingPrinciples\":\"https:\\\/\\\/ubirataonline.com.br\\\/faq\\\/\",\"address\":{\"@id\":\"https:\\\/\\\/ubirataonline.com.br\\\/cuadro-del-torneo-fechas-y-horarios\\\/#local-main-place-address\"},\"geo\":{\"@type\":\"GeoCoordinates\",\"latitude\":\"-24.5361401\",\"longitude\":\"-52.9921776\"},\"telephone\":[\"+5544998308235\"],\"contactPoint\":{\"@type\":\"ContactPoint\",\"email\":\"contato@ubirataonline.com.br\"},\"openingHoursSpecification\":{\"@type\":\"OpeningHoursSpecification\",\"dayOfWeek\":[\"Monday\",\"Tuesday\",\"Wednesday\",\"Thursday\",\"Friday\",\"Saturday\",\"Sunday\"],\"opens\":\"00:00\",\"closes\":\"23:59\"},\"email\":\"contato@ubirataonline.com.br\",\"vatID\":\"47.621.418\\\/0001-80\"},{\"@type\":\"Person\",\"@id\":\"https:\\\/\\\/ubirataonline.com.br\\\/#\\\/schema\\\/person\\\/372f87bbd3fdd79b8556b84c98d0bc1c\",\"name\":\"REDA\u00c7\u00c3O: UBIRAT\u00c3 ONLINE - F\u00c1BIO AUGUSTO CELESTINO\",\"pronouns\":\"Ele\",\"description\":\"Desde 2003 trabalhando com not\u00edcias.\",\"sameAs\":[\"http:\\\/\\\/ubirataoline.com.br\",\"https:\\\/\\\/www.facebook.com\\\/portalubirataonline\",\"https:\\\/\\\/www.instagram.com\\\/ubirataonline_oficial\",\"https:\\\/\\\/x.com\\\/x.com\\\/ubirataonline\"],\"honorificPrefix\":\"Mr.\",\"honorificSuffix\":\"MD\",\"birthDate\":\"1980-06-16\",\"gender\":\"masculino\",\"award\":[\"V\u00e1rios pr\u00eamios de melhor portal da cidade\"],\"jobTitle\":\"Diretor\",\"url\":\"https:\\\/\\\/ubirataonline.com.br\\\/en\\\/author\\\/ubirataonline\\\/\"},{\"@type\":\"PostalAddress\",\"@id\":\"https:\\\/\\\/ubirataonline.com.br\\\/cuadro-del-torneo-fechas-y-horarios\\\/#local-main-place-address\",\"streetAddress\":\"Rua dos Coqueiros, 104 - Bairro Boa Vista, Rua dos Coqueiros, 104 Bairro Boa Vista\",\"addressLocality\":\"UBIRATA\",\"postalCode\":\"85440-000\",\"addressRegion\":\"PR\",\"addressCountry\":\"BR\"},{\"@type\":\"ImageObject\",\"inLanguage\":\"en-US\",\"@id\":\"https:\\\/\\\/ubirataonline.com.br\\\/cuadro-del-torneo-fechas-y-horarios\\\/#local-main-organization-logo\",\"url\":\"https:\\\/\\\/ubirataonline.com.br\\\/wp-content\\\/uploads\\\/2026\\\/06\\\/logoubirataonline-1.webp\",\"contentUrl\":\"https:\\\/\\\/ubirataonline.com.br\\\/wp-content\\\/uploads\\\/2026\\\/06\\\/logoubirataonline-1.webp\",\"width\":500,\"height\":500,\"caption\":\"Ubirat\u00e3 Online Not\u00edcias\"}]}<\/script>\n<meta name=\"geo.placename\" content=\"UBIRATA\" \/>\n<meta name=\"geo.position\" content=\"-24.5361401;-52.9921776\" \/>\n<meta name=\"geo.region\" content=\"Brazil\" \/>\n<!-- \/ Yoast SEO Premium plugin. -->","yoast_head_json":{"title":"cuadro del torneo, fechas y horarios - Ubirat\u00e3 Online Not\u00edcias - A realidade ao seu alcance!","description":"La temporada de tierra batida contin\u00faa en la capital con ausencias importantes, como Alcaraz y Djokovic, y la participaci\u00f3n a\u00fan en duda de Sinner","robots":{"index":"index","follow":"follow","max-snippet":"max-snippet:-1","max-image-preview":"max-image-preview:large","max-video-preview":"max-video-preview:-1"},"canonical":"https:\/\/ubirataonline.com.br\/en\/cuadro-del-torneo-fechas-y-horarios\/","og_locale":"en_US","og_type":"article","og_title":"cuadro del torneo, fechas y horarios","og_description":"La temporada de tierra batida contin\u00faa en la capital con ausencias importantes, como Alcaraz y Djokovic, y la participaci\u00f3n a\u00fan en duda de Sinner","og_url":"https:\/\/ubirataonline.com.br\/en\/cuadro-del-torneo-fechas-y-horarios\/","og_site_name":"Ubirat\u00e3 Online Not\u00edcias - A realidade ao seu alcance!","article_publisher":"https:\/\/www.facebook.com\/portalubirataonline","article_author":"https:\/\/www.facebook.com\/portalubirataonline","article_published_time":"2026-04-19T12:59:41+00:00","og_image":[{"width":600,"height":315,"url":"https:\/\/ubirataonline.com.br\/wp-content\/uploads\/2026\/04\/cuadro-del-torneo-fechas-y-horarios.jpg","type":"image\/jpeg"}],"author":"REDA\u00c7\u00c3O: UBIRAT\u00c3 ONLINE - F\u00c1BIO AUGUSTO CELESTINO","twitter_card":"summary_large_image","twitter_creator":"@x.com\/ubirataonline","twitter_site":"@ubirataonline","twitter_misc":{"Written by":"REDA\u00c7\u00c3O: UBIRAT\u00c3 ONLINE - F\u00c1BIO AUGUSTO CELESTINO","Est. reading time":"3 minutes"},"schema":{"@context":"https:\/\/schema.org","@graph":[{"@type":"NewsArticle","@id":"https:\/\/ubirataonline.com.br\/cuadro-del-torneo-fechas-y-horarios\/#article","isPartOf":{"@id":"https:\/\/ubirataonline.com.br\/cuadro-del-torneo-fechas-y-horarios\/"},"author":{"name":"REDA\u00c7\u00c3O: UBIRAT\u00c3 ONLINE - F\u00c1BIO AUGUSTO CELESTINO","@id":"https:\/\/ubirataonline.com.br\/#\/schema\/person\/372f87bbd3fdd79b8556b84c98d0bc1c"},"headline":"cuadro del torneo, fechas y horarios","datePublished":"2026-04-19T12:59:41+00:00","mainEntityOfPage":{"@id":"https:\/\/ubirataonline.com.br\/cuadro-del-torneo-fechas-y-horarios\/"},"wordCount":620,"publisher":{"@id":"https:\/\/ubirataonline.com.br\/#organization"},"image":{"@id":"https:\/\/ubirataonline.com.br\/cuadro-del-torneo-fechas-y-horarios\/#primaryimage"},"thumbnailUrl":"https:\/\/ubirataonline.com.br\/wp-content\/uploads\/2026\/04\/cuadro-del-torneo-fechas-y-horarios.jpg","keywords":["cuadro","del","fechas","hor\u00e1rios","Torneo"],"articleSection":["Ubirat\u00e3"],"inLanguage":"en-US","copyrightYear":"2026","copyrightHolder":{"@id":"https:\/\/ubirataonline.com.br\/en\/#organization"}},{"@type":"WebPage","@id":"https:\/\/ubirataonline.com.br\/cuadro-del-torneo-fechas-y-horarios\/","url":"https:\/\/ubirataonline.com.br\/cuadro-del-torneo-fechas-y-horarios\/","name":"cuadro del torneo, fechas y horarios - Ubirat\u00e3 Online Not\u00edcias - A realidade ao seu alcance!","isPartOf":{"@id":"https:\/\/ubirataonline.com.br\/#website"},"primaryImageOfPage":{"@id":"https:\/\/ubirataonline.com.br\/cuadro-del-torneo-fechas-y-horarios\/#primaryimage"},"image":{"@id":"https:\/\/ubirataonline.com.br\/cuadro-del-torneo-fechas-y-horarios\/#primaryimage"},"thumbnailUrl":"https:\/\/ubirataonline.com.br\/wp-content\/uploads\/2026\/04\/cuadro-del-torneo-fechas-y-horarios.jpg","datePublished":"2026-04-19T12:59:41+00:00","description":"La temporada de tierra batida contin\u00faa en la capital con ausencias importantes, como Alcaraz y Djokovic, y la participaci\u00f3n a\u00fan en duda de Sinner","breadcrumb":{"@id":"https:\/\/ubirataonline.com.br\/cuadro-del-torneo-fechas-y-horarios\/#breadcrumb"},"inLanguage":"en-US","potentialAction":[{"@type":"ReadAction","target":["https:\/\/ubirataonline.com.br\/cuadro-del-torneo-fechas-y-horarios\/"]}]},{"@type":"ImageObject","inLanguage":"en-US","@id":"https:\/\/ubirataonline.com.br\/cuadro-del-torneo-fechas-y-horarios\/#primaryimage","url":"https:\/\/ubirataonline.com.br\/wp-content\/uploads\/2026\/04\/cuadro-del-torneo-fechas-y-horarios.jpg","contentUrl":"https:\/\/ubirataonline.com.br\/wp-content\/uploads\/2026\/04\/cuadro-del-torneo-fechas-y-horarios.jpg","width":600,"height":315,"caption":"Horarios y fechas del Masters 1.000 de Madrid. (Pinterest)"},{"@type":"BreadcrumbList","@id":"https:\/\/ubirataonline.com.br\/cuadro-del-torneo-fechas-y-horarios\/#breadcrumb","itemListElement":[{"@type":"ListItem","position":1,"name":"In\u00edcio","item":"https:\/\/ubirataonline.com.br\/"},{"@type":"ListItem","position":2,"name":"cuadro del torneo, fechas y horarios"}]},{"@type":"WebSite","@id":"https:\/\/ubirataonline.com.br\/#website","url":"https:\/\/ubirataonline.com.br\/","name":"Ubirat\u00e3 Online Not\u00edcias","description":"Not\u00edcias de Ubirat\u00e3, regi\u00e3o, Brasil e mundo, com informa\u00e7\u00e3o atualizada e compromisso com o leitor.","publisher":{"@id":"https:\/\/ubirataonline.com.br\/#organization"},"alternateName":"Ubirat\u00e3 Online","potentialAction":[{"@type":"SearchAction","target":{"@type":"EntryPoint","urlTemplate":"https:\/\/ubirataonline.com.br\/?s={search_term_string}"},"query-input":{"@type":"PropertyValueSpecification","valueRequired":true,"valueName":"search_term_string"}}],"inLanguage":"en-US"},{"@type":["Organization","Place"],"@id":"https:\/\/ubirataonline.com.br\/#organization","name":"Ubirat\u00e3 Online Not\u00edcias","alternateName":"Ubirat\u00e3 Online","url":"https:\/\/ubirataonline.com.br\/","logo":{"@id":"https:\/\/ubirataonline.com.br\/cuadro-del-torneo-fechas-y-horarios\/#local-main-organization-logo"},"image":{"@id":"https:\/\/ubirataonline.com.br\/cuadro-del-torneo-fechas-y-horarios\/#local-main-organization-logo"},"sameAs":["https:\/\/www.facebook.com\/portalubirataonline","https:\/\/x.com\/ubirataonline","https:\/\/mastodon.social\/@ubirataonline","https:\/\/www.facebook.com\/groups\/311144672285604","https:\/\/www.facebook.com\/UBTAOnline","https:\/\/www.instagram.com\/portalubirataonline\/","https:\/\/twitter.com\/ubirataonline"],"description":"Somos um portal de not\u00edcias independente, criado em 5 de janeiro de 2009, com o objetivo de informar, conectar e valorizar a nossa comunidade de Ubirat\u00e3 e toda aregi\u00e3o. Com conte\u00fado atualizado, confi\u00e1vel e relevante, o Ubirat\u00e3 Online \u00e9 o seu espa\u00e7o para ficar por dentro dos principais acontecimentos locais, regionais, Brasil, Mundo e de interesse geral. Nosso compromisso \u00e9 com a verdade, a transpar\u00eancia e o respeito ao leitor.","legalName":"UBIRATA ONLINE NOT\u00cdCIAS","foundingDate":"2009-01-05","numberOfEmployees":{"@type":"QuantitativeValue","minValue":"1","maxValue":"10"},"publishingPrinciples":"https:\/\/ubirataonline.com.br\/faq\/","address":{"@id":"https:\/\/ubirataonline.com.br\/cuadro-del-torneo-fechas-y-horarios\/#local-main-place-address"},"geo":{"@type":"GeoCoordinates","latitude":"-24.5361401","longitude":"-52.9921776"},"telephone":["+5544998308235"],"contactPoint":{"@type":"ContactPoint","email":"contato@ubirataonline.com.br"},"openingHoursSpecification":{"@type":"OpeningHoursSpecification","dayOfWeek":["Monday","Tuesday","Wednesday","Thursday","Friday","Saturday","Sunday"],"opens":"00:00","closes":"23:59"},"email":"contato@ubirataonline.com.br","vatID":"47.621.418\/0001-80"},{"@type":"Person","@id":"https:\/\/ubirataonline.com.br\/#\/schema\/person\/372f87bbd3fdd79b8556b84c98d0bc1c","name":"REDA\u00c7\u00c3O: UBIRAT\u00c3 ONLINE - F\u00c1BIO AUGUSTO CELESTINO","pronouns":"Ele","description":"Desde 2003 trabalhando com not\u00edcias.","sameAs":["http:\/\/ubirataoline.com.br","https:\/\/www.facebook.com\/portalubirataonline","https:\/\/www.instagram.com\/ubirataonline_oficial","https:\/\/x.com\/x.com\/ubirataonline"],"honorificPrefix":"Mr.","honorificSuffix":"MD","birthDate":"1980-06-16","gender":"masculino","award":["V\u00e1rios pr\u00eamios de melhor portal da cidade"],"jobTitle":"Diretor","url":"https:\/\/ubirataonline.com.br\/en\/author\/ubirataonline\/"},{"@type":"PostalAddress","@id":"https:\/\/ubirataonline.com.br\/cuadro-del-torneo-fechas-y-horarios\/#local-main-place-address","streetAddress":"Rua dos Coqueiros, 104 - Bairro Boa Vista, Rua dos Coqueiros, 104 Bairro Boa Vista","addressLocality":"UBIRATA","postalCode":"85440-000","addressRegion":"PR","addressCountry":"BR"},{"@type":"ImageObject","inLanguage":"en-US","@id":"https:\/\/ubirataonline.com.br\/cuadro-del-torneo-fechas-y-horarios\/#local-main-organization-logo","url":"https:\/\/ubirataonline.com.br\/wp-content\/uploads\/2026\/06\/logoubirataonline-1.webp","contentUrl":"https:\/\/ubirataonline.com.br\/wp-content\/uploads\/2026\/06\/logoubirataonline-1.webp","width":500,"height":500,"caption":"Ubirat\u00e3 Online Not\u00edcias"}]},"geo.placename":"UBIRATA","geo.position":{"lat":"-24.5361401","long":"-52.9921776"},"geo.region":"Brazil"},"_links":{"self":[{"href":"https:\/\/ubirataonline.com.br\/en\/wp-json\/wp\/v2\/posts\/111822","targetHints":{"allow":["GET"]}}],"collection":[{"href":"https:\/\/ubirataonline.com.br\/en\/wp-json\/wp\/v2\/posts"}],"about":[{"href":"https:\/\/ubirataonline.com.br\/en\/wp-json\/wp\/v2\/types\/post"}],"author":[{"embeddable":true,"href":"https:\/\/ubirataonline.com.br\/en\/wp-json\/wp\/v2\/users\/1"}],"replies":[{"embeddable":true,"href":"https:\/\/ubirataonline.com.br\/en\/wp-json\/wp\/v2\/comments?post=111822"}],"version-history":[{"count":0,"href":"https:\/\/ubirataonline.com.br\/en\/wp-json\/wp\/v2\/posts\/111822\/revisions"}],"wp:featuredmedia":[{"embeddable":true,"href":"https:\/\/ubirataonline.com.br\/en\/wp-json\/wp\/v2\/media\/111823"}],"wp:attachment":[{"href":"https:\/\/ubirataonline.com.br\/en\/wp-json\/wp\/v2\/media?parent=111822"}],"wp:term":[{"taxonomy":"category","embeddable":true,"href":"https:\/\/ubirataonline.com.br\/en\/wp-json\/wp\/v2\/categories?post=111822"},{"taxonomy":"post_tag","embeddable":true,"href":"https:\/\/ubirataonline.com.br\/en\/wp-json\/wp\/v2\/tags?post=111822"}],"curies":[{"name":"wp","href":"https:\/\/api.w.org\/{rel}","templated":true}]}}