{"id":111847,"date":"2026-04-19T10:33:39","date_gmt":"2026-04-19T13:33:39","guid":{"rendered":"https:\/\/ubirataonline.com.br\/warren-rallies-for-real-fighter-graham-platner-in-maine\/"},"modified":"2026-04-19T10:33:46","modified_gmt":"2026-04-19T13:33:46","slug":"warren-rallies-for-real-fighter-graham-platner-in-maine","status":"publish","type":"post","link":"https:\/\/ubirataonline.com.br\/en\/warren-rallies-for-real-fighter-graham-platner-in-maine\/","title":{"rendered":"Warren rallies for &#8216;real fighter&#8217; Graham Platner in Maine"},"content":{"rendered":"<p><br \/>\n<\/p>\n<div>\n<p class=\"paragraph | gutter_20_0\"><span class=\"html-render\">A large crowd came out to see the two Democrats: over 1,000 chairs were put out in a ballroom at the Holiday Inn in downtown Portland, and most of them appeared full as the event began.<\/span><\/p>\n<div class=\"newsletter | align_items_center border_bottom border_gray border_top border_1 container font_primary width_full margin_vertical_32 padding_vertical_24 is_article\">\n<div class=\"newsletter_cta | border_box width_full no_image\">\n<p><span class=\"title | bold font_secondary margin_bottom\">Get Starting Point<\/span><\/p>\n<p><span class=\"newsletter_widget_description\">A guide through the most important stories of the morning, delivered Monday through Friday.<\/span><\/p>\n<\/div>\n<\/div>\n<p class=\"paragraph | gutter_20_0\"><span class=\"html-render\"><a href=\"https:\/\/www.bostonglobe.com\/2026\/01\/17\/nation\/democratic-senators-primaries-party-identity\/\" target=\"_blank\" rel=\"\" title=\"https:\/\/www.bostonglobe.com\/2026\/01\/17\/nation\/democratic-senators-primaries-party-identity\/\">During her roughly 20 minute speech,<\/a> Warren didn\u2019t mention Platner\u2019s opponent, two-term Governor Janet Mills, who has a more moderate record and is the establishment\u2019s choice for the nomination. But the senator offered broader critiques of those in Washington who \u201cgo along to get along, who have ideas at the margins, who want to think it all through and make just maybe a little change here, a little change there.\u201d<\/span><\/p>\n<p class=\"paragraph | gutter_20_0\"><span class=\"html-render\">\u201cThen there are people who realize that when the system is this broken, when there are this many billionaires who have this much control over our nation, it\u2019s no longer time to make little changes at the margins,\u201d Warren said.<\/span><\/p>\n<p class=\"paragraph | gutter_20_0\"><span class=\"html-render\">With the primary election less than two months away,<a href=\"https:\/\/www.bostonglobe.com\/2025\/10\/24\/nation\/graham-platner-democrats-chuck-schumer\/\" target=\"_blank\" rel=\"\" title=\"https:\/\/www.bostonglobe.com\/2025\/10\/24\/nation\/graham-platner-democrats-chuck-schumer\/\"> Platner<\/a> \u2014 an Iraq War veteran and oyster farmer who was largely unknown a year ago \u2014 may currently be the front-runner in the race. <\/span><\/p>\n<p class=\"paragraph | gutter_20_0\"><span class=\"html-render\">Despite <a href=\"https:\/\/www.bostonglobe.com\/2025\/11\/03\/nation\/graham-platner-maine-janet-mills\/\" target=\"_blank\" rel=\"\">scrutiny of his past social media comments<\/a>, and revelations he had a Nazi symbol tattooed on his chest as a young infantryman, Platner is leading in recent public polls of the race, often by large margins. And he has outpaced Mills on fundraising, bringing in $4.6 million in the last quarter to her $2.6 million.<\/span><\/p>\n<p class=\"paragraph | gutter_20_0\"><span class=\"html-render\">The winner will take on Senator Susan Collins, the longtime Republican incumbent, who is a formidable foe. Warren didn\u2019t attack Collins directly, but made clear there was great hope for a change in the seat.<\/span><\/p>\n<p class=\"paragraph | gutter_20_0\"><span class=\"html-render\">A strategic factor behind Warren\u2019s appearance was clear: cutting into Mills\u2019 most reliable voters. The ballroom was decorated with signs saying \u201cWomen for Graham\u201d and \u201cGrahamas for Platner.\u201d Many of the attendees behind them on stage were women, and all three of their introductory speakers were women, including Platner\u2019s wife, Amy Gertner. <\/span><\/p>\n<p class=\"paragraph | gutter_20_0\"><span class=\"html-render\">Older women, in particular, have been the backbone of Mills\u2019 support and also happen to be among the most active voters in Maine; Platner is a gruff military veteran whose past comments on a variety of issues \u2014 and apologies for them \u2014 have invited national debates about masculinity and politics. (However, many of his recent rally crowds feature more older women than younger men.)<\/span><\/p>\n<p class=\"paragraph | gutter_20_0\"><span class=\"html-render\">The alignment between Warren and Platner on policy is considerable. Platner\u2019s left-wing populist message, heavy on criticism of billionaires, corporations, and their impact on policy and politics, shares much of the underpinnings of Warren\u2019s longtime crusades.<\/span><\/p>\n<p class=\"paragraph | gutter_20_0\"><span class=\"html-render\">During her speech, the senator said she immediately liked Platner after hearing him say in an early interview that he understood the system was \u201crigged\u201d when no bankers went to jail after the 2008 financial crisis.<\/span><\/p>\n<p class=\"paragraph | gutter_20_0\"><span class=\"html-render\">\u201cI said to myself, \u2018that\u2019s my kind of man,\u2019\u201d Warren said.<\/span><\/p>\n<p class=\"paragraph | gutter_20_0\"><span class=\"html-render\">As Democrats begin hoping the Senate majority is within reach, the Massachusetts senator has made several endorsements this primary season, which has proven an especially contentious one for a party that is hungry for fresh messages and new leadership. <\/span><\/p>\n<p class=\"paragraph | gutter_20_0\"><span class=\"html-render\">Rarely have so many individual Democratic senators <a href=\"https:\/\/www.bostonglobe.com\/2026\/01\/17\/nation\/democratic-senators-primaries-party-identity\/\" target=\"_blank\" rel=\"\">waded into competitive primaries<\/a>; Warren, along with like-minded colleagues, has endorsed progressive candidates who are competing in primaries against rivals aligned with the party establishment.<\/span><\/p>\n<p class=\"paragraph | gutter_20_0\"><span class=\"html-render\">Elsewhere, Warren has also gotten behind Mallory McMorrow, who\u2019s running for Michigan\u2019s open Senate seat, and backed Illinois Lieutenant Gov. Julianna Stratton, who won that state\u2019s contested primary last month over more moderate opponents.<\/span><\/p>\n<p class=\"paragraph | gutter_20_0\"><span class=\"html-render\">Maine\u2019s contest reflects some of the rank-and-file frustration with Senate Minority Leader Chuck Schumer and his candidate recruitment in this election. Schumer and the official Senate Democratic campaign arm are openly backing Mills, while Warren and others, including Vermont Independent Senator Bernie Sanders, are behind Platner.<\/span><\/p>\n<p class=\"paragraph | gutter_20_0\"><span class=\"html-render\">In Portland, Warren cast Platner\u2019s race as an inflection point for Democrats as they seek to win back power following the 2024 election.<\/span><\/p>\n<p class=\"paragraph | gutter_20_0\"><span class=\"html-render\">\u201cWe have a decision to make: what kind of a party do we want to be as Democrats, how do we win as Democrats, and take back our country,\u201d Warren said. \u201cWe win when we back candidates who have the courage,\u201d she added, to take on billionaires, corporations, and political corruption.<\/span><\/p>\n<p class=\"paragraph | gutter_20_0\"><span class=\"html-render\">Platner echoed those points. \u201cWe all want to get rid of Susan Collins. We all want to turn Maine blue,\u201d he said. \u201cBut it very much matters what kind of Democrats we turn the Senate blue with.\u201d<\/span><\/p>\n<p class=\"paragraph | gutter_20_0\"><span class=\"html-render\">\u201cWhen we beat Susan Collins with this kind of politics, when we beat someone that the Democratic establishment has failed to beat for 30 years with this kind of campaign,\u201d he said, \u201cwe will show this is the politics of the future.\u201d<\/span><\/p>\n<p class=\"paragraph | gutter_20_0\"><span class=\"html-render\">Speaking to reporters in South Portland on Friday, Mills expressed respect for Warren \u2014 and showed little concern that she was weighing in the race.<\/span><\/p>\n<p class=\"paragraph | gutter_20_0\"><span class=\"html-render\">\u201cThere\u2019s a reason that Maine left Massachusetts 206 years ago,\u201d Mills quipped, adding it was \u201cironic\u201d that Platner was making an issue of Mills\u2019 age while campaigning with Warren, who is 76, and Sanders, who is 84. \u201cHe\u2019s not asking her to get out of the U.S. Senate\u2026 so why is my age an issue and theirs is not?\u201d<\/span><\/p>\n<hr class=\"tagline_hr | border_foreground border_half gutter_20_28--mobile&#10;               margin_none text_align_left width_100px\"\/>\n<p class=\"tagline | font_primary inline_block  margin_top_32\">Sam Brodey can be reached at <a href=\"https:\/\/www.bostonglobe.com\/2026\/04\/18\/nation\/elizabeth-warren-graham-platner-maine\/mailto:sam.brodey@globe.com\" class=\"\" target=\"_blank\" style=\"font-size:inherit;letter-spacing:.5px\">sam.brodey@globe.com<\/a>. Follow him <a href=\"https:\/\/www.twitter.com\/sambrodey\" class=\"\" target=\"_blank\" style=\"font-size:inherit;letter-spacing:.5px\">@sambrodey<\/a>.<\/p>\n<\/div>\n<p><script async src=\"\/\/platform.twitter.com\/widgets.js\" charset=\"utf-8\"><\/script><script type=\"text\/javascript\">\nvar oneTrustActive = true;\nvar oneTrustConsentObj;\ntry {\n oneTrustConsentObj = JSON.parse(window.localStorage.getItem('consent_one_trust_bgmp') || '{}');\n} catch (err) {\n oneTrustConsentObj = {};\n}\n\/\/ Default to granted consent\nvar consent=\"grant\"\n\/\/ FB script decleration\n!function(f,b,e,v,n,t,s) {\n  if(f.fbq)return;n=f.fbq=function(){n.callMethod?n.callMethod.apply(n,arguments):n.queue.push(arguments)};\n  if(!f._fbq)f._fbq=n;n.push=n;n.loaded=!0;n.version='2.0';\n  n.queue=[];t=b.createElement(e);t.async=!0;\n  t.src=v;s=b.getElementsByTagName(e)[0];\n  s.parentNode.insertBefore(t,s);\n}\n(window,document,'script', 'https:\/\/connect.facebook.net\/en_US\/fbevents.js');\nif (oneTrustActive && oneTrustConsentObj && oneTrustConsentObj.C0004 === false) {\n  consent=\"revoke\";\n}\n\/\/ We need to call consent before we run init and track\nfbq('consent', consent);\nfbq('set', 'autoConfig', 'false', '884869448226452');\nfbq('set', 'autoConfig', 'false', '493062270895851');\nfbq('init', '884869448226452');\nfbq('track', 'PageView');\n<\/script><br \/>\n<br \/><br \/>\n<br \/><a href=\"https:\/\/www.bostonglobe.com\/2026\/04\/18\/nation\/elizabeth-warren-graham-platner-maine\/\">Source link <\/a><\/p>\n","protected":false},"excerpt":{"rendered":"<p>A large crowd came out to see the two Democrats: over 1,000 chairs were put out in a ballroom at the Holiday Inn in downtown Portland, and most of them appeared full as the event began. Get Starting Point A guide through the most important stories of the morning, delivered Monday through Friday. During her [&hellip;]<\/p>\n","protected":false},"author":1,"featured_media":111848,"comment_status":"closed","ping_status":"","sticky":false,"template":"","format":"standard","meta":{"googlesitekit_rrm_CAow2JLhCw:productID":"","_gspb_post_css":"","maa_idioma":"","maa_pais":"","footnotes":""},"categories":[1],"tags":[7933,10228,28178,29976,12073,2969,6149],"class_list":["post-111847","post","type-post","status-publish","format-standard","has-post-thumbnail","hentry","category-ubirata","tag-fighter","tag-graham","tag-maine","tag-platner","tag-rallies","tag-real","tag-warren"],"blocksy_meta":[],"yoast_head":"<!-- This site is optimized with the Yoast SEO Premium plugin v27.6 (Yoast SEO v27.6) - https:\/\/yoast.com\/product\/yoast-seo-premium-wordpress\/ -->\n<title>Warren rallies for &#039;real fighter&#039; Graham Platner in Maine - Ubirat\u00e3 Online Not\u00edcias - A realidade ao seu alcance!<\/title>\n<meta name=\"description\" content=\"A large crowd came out to see the two Democrats: over 1,000 chairs were put out in a ballroom at the Holiday Inn in downtown Portland, and most of them\" \/>\n<meta name=\"robots\" content=\"index, follow, max-snippet:-1, max-image-preview:large, max-video-preview:-1\" \/>\n<link rel=\"canonical\" href=\"https:\/\/ubirataonline.com.br\/en\/warren-rallies-for-real-fighter-graham-platner-in-maine\/\" \/>\n<meta property=\"og:locale\" content=\"en_US\" \/>\n<meta property=\"og:type\" content=\"article\" \/>\n<meta property=\"og:title\" content=\"Warren rallies for &#039;real fighter&#039; Graham Platner in Maine\" \/>\n<meta property=\"og:description\" content=\"A large crowd came out to see the two Democrats: over 1,000 chairs were put out in a ballroom at the Holiday Inn in downtown Portland, and most of them\" \/>\n<meta property=\"og:url\" content=\"https:\/\/ubirataonline.com.br\/en\/warren-rallies-for-real-fighter-graham-platner-in-maine\/\" \/>\n<meta property=\"og:site_name\" content=\"Ubirat\u00e3 Online Not\u00edcias - A realidade ao seu alcance!\" \/>\n<meta property=\"article:publisher\" content=\"https:\/\/www.facebook.com\/portalubirataonline\" \/>\n<meta property=\"article:author\" content=\"https:\/\/www.facebook.com\/portalubirataonline\" \/>\n<meta property=\"article:published_time\" content=\"2026-04-19T13:33:39+00:00\" \/>\n<meta property=\"article:modified_time\" content=\"2026-04-19T13:33:46+00:00\" \/>\n<meta property=\"og:image\" content=\"https:\/\/ubirataonline.com.br\/wp-content\/uploads\/2026\/04\/Warren-rallies-for-real-fighter-Graham-Platner-in-Maine.jpg\" \/>\n\t<meta property=\"og:image:width\" content=\"1440\" \/>\n\t<meta property=\"og:image:height\" content=\"926\" \/>\n\t<meta property=\"og:image:type\" content=\"image\/jpeg\" \/>\n<meta name=\"author\" content=\"REDA\u00c7\u00c3O: UBIRAT\u00c3 ONLINE - F\u00c1BIO AUGUSTO CELESTINO\" \/>\n<meta name=\"twitter:card\" content=\"summary_large_image\" \/>\n<meta name=\"twitter:creator\" content=\"@x.com\/ubirataonline\" \/>\n<meta name=\"twitter:site\" content=\"@ubirataonline\" \/>\n<meta name=\"twitter:label1\" content=\"Written by\" \/>\n\t<meta name=\"twitter:data1\" content=\"REDA\u00c7\u00c3O: UBIRAT\u00c3 ONLINE - F\u00c1BIO AUGUSTO CELESTINO\" \/>\n\t<meta name=\"twitter:label2\" content=\"Est. reading time\" \/>\n\t<meta name=\"twitter:data2\" content=\"4 minutes\" \/>\n<script type=\"application\/ld+json\" class=\"yoast-schema-graph\">{\"@context\":\"https:\\\/\\\/schema.org\",\"@graph\":[{\"@type\":\"NewsArticle\",\"@id\":\"https:\\\/\\\/ubirataonline.com.br\\\/warren-rallies-for-real-fighter-graham-platner-in-maine\\\/#article\",\"isPartOf\":{\"@id\":\"https:\\\/\\\/ubirataonline.com.br\\\/warren-rallies-for-real-fighter-graham-platner-in-maine\\\/\"},\"author\":{\"name\":\"REDA\u00c7\u00c3O: UBIRAT\u00c3 ONLINE - F\u00c1BIO AUGUSTO CELESTINO\",\"@id\":\"https:\\\/\\\/ubirataonline.com.br\\\/#\\\/schema\\\/person\\\/372f87bbd3fdd79b8556b84c98d0bc1c\"},\"headline\":\"Warren rallies for &#8216;real fighter&#8217; Graham Platner in Maine\",\"datePublished\":\"2026-04-19T13:33:39+00:00\",\"dateModified\":\"2026-04-19T13:33:46+00:00\",\"mainEntityOfPage\":{\"@id\":\"https:\\\/\\\/ubirataonline.com.br\\\/warren-rallies-for-real-fighter-graham-platner-in-maine\\\/\"},\"wordCount\":905,\"publisher\":{\"@id\":\"https:\\\/\\\/ubirataonline.com.br\\\/#organization\"},\"image\":{\"@id\":\"https:\\\/\\\/ubirataonline.com.br\\\/warren-rallies-for-real-fighter-graham-platner-in-maine\\\/#primaryimage\"},\"thumbnailUrl\":\"https:\\\/\\\/ubirataonline.com.br\\\/wp-content\\\/uploads\\\/2026\\\/04\\\/Warren-rallies-for-real-fighter-Graham-Platner-in-Maine.jpg\",\"keywords\":[\"Fighter\",\"Graham\",\"Maine\",\"Platner\",\"Rallies\",\"real\",\"Warren\"],\"articleSection\":[\"Ubirat\u00e3\"],\"inLanguage\":\"en-US\",\"copyrightYear\":\"2026\",\"copyrightHolder\":{\"@id\":\"https:\\\/\\\/ubirataonline.com.br\\\/en\\\/#organization\"}},{\"@type\":\"WebPage\",\"@id\":\"https:\\\/\\\/ubirataonline.com.br\\\/warren-rallies-for-real-fighter-graham-platner-in-maine\\\/\",\"url\":\"https:\\\/\\\/ubirataonline.com.br\\\/warren-rallies-for-real-fighter-graham-platner-in-maine\\\/\",\"name\":\"Warren rallies for 'real fighter' Graham Platner in Maine - Ubirat\u00e3 Online Not\u00edcias - A realidade ao seu alcance!\",\"isPartOf\":{\"@id\":\"https:\\\/\\\/ubirataonline.com.br\\\/#website\"},\"primaryImageOfPage\":{\"@id\":\"https:\\\/\\\/ubirataonline.com.br\\\/warren-rallies-for-real-fighter-graham-platner-in-maine\\\/#primaryimage\"},\"image\":{\"@id\":\"https:\\\/\\\/ubirataonline.com.br\\\/warren-rallies-for-real-fighter-graham-platner-in-maine\\\/#primaryimage\"},\"thumbnailUrl\":\"https:\\\/\\\/ubirataonline.com.br\\\/wp-content\\\/uploads\\\/2026\\\/04\\\/Warren-rallies-for-real-fighter-Graham-Platner-in-Maine.jpg\",\"datePublished\":\"2026-04-19T13:33:39+00:00\",\"dateModified\":\"2026-04-19T13:33:46+00:00\",\"description\":\"A large crowd came out to see the two Democrats: over 1,000 chairs were put out in a ballroom at the Holiday Inn in downtown Portland, and most of them\",\"breadcrumb\":{\"@id\":\"https:\\\/\\\/ubirataonline.com.br\\\/warren-rallies-for-real-fighter-graham-platner-in-maine\\\/#breadcrumb\"},\"inLanguage\":\"en-US\",\"potentialAction\":[{\"@type\":\"ReadAction\",\"target\":[\"https:\\\/\\\/ubirataonline.com.br\\\/warren-rallies-for-real-fighter-graham-platner-in-maine\\\/\"]}]},{\"@type\":\"ImageObject\",\"inLanguage\":\"en-US\",\"@id\":\"https:\\\/\\\/ubirataonline.com.br\\\/warren-rallies-for-real-fighter-graham-platner-in-maine\\\/#primaryimage\",\"url\":\"https:\\\/\\\/ubirataonline.com.br\\\/wp-content\\\/uploads\\\/2026\\\/04\\\/Warren-rallies-for-real-fighter-Graham-Platner-in-Maine.jpg\",\"contentUrl\":\"https:\\\/\\\/ubirataonline.com.br\\\/wp-content\\\/uploads\\\/2026\\\/04\\\/Warren-rallies-for-real-fighter-Graham-Platner-in-Maine.jpg\",\"width\":1440,\"height\":926,\"caption\":\"Composite image of Graham Platner and Elizabeth Warren.Sophie Park and Heather Diehl\\\/Getty\"},{\"@type\":\"BreadcrumbList\",\"@id\":\"https:\\\/\\\/ubirataonline.com.br\\\/warren-rallies-for-real-fighter-graham-platner-in-maine\\\/#breadcrumb\",\"itemListElement\":[{\"@type\":\"ListItem\",\"position\":1,\"name\":\"In\u00edcio\",\"item\":\"https:\\\/\\\/ubirataonline.com.br\\\/\"},{\"@type\":\"ListItem\",\"position\":2,\"name\":\"Warren rallies for &#8216;real fighter&#8217; Graham Platner in Maine\"}]},{\"@type\":\"WebSite\",\"@id\":\"https:\\\/\\\/ubirataonline.com.br\\\/#website\",\"url\":\"https:\\\/\\\/ubirataonline.com.br\\\/\",\"name\":\"Ubirat\u00e3 Online Not\u00edcias\",\"description\":\"Not\u00edcias de Ubirat\u00e3, regi\u00e3o, Brasil e mundo, com informa\u00e7\u00e3o atualizada e compromisso com o leitor.\",\"publisher\":{\"@id\":\"https:\\\/\\\/ubirataonline.com.br\\\/#organization\"},\"alternateName\":\"Ubirat\u00e3 Online\",\"potentialAction\":[{\"@type\":\"SearchAction\",\"target\":{\"@type\":\"EntryPoint\",\"urlTemplate\":\"https:\\\/\\\/ubirataonline.com.br\\\/?s={search_term_string}\"},\"query-input\":{\"@type\":\"PropertyValueSpecification\",\"valueRequired\":true,\"valueName\":\"search_term_string\"}}],\"inLanguage\":\"en-US\"},{\"@type\":[\"Organization\",\"Place\"],\"@id\":\"https:\\\/\\\/ubirataonline.com.br\\\/#organization\",\"name\":\"Ubirat\u00e3 Online Not\u00edcias\",\"alternateName\":\"Ubirat\u00e3 Online\",\"url\":\"https:\\\/\\\/ubirataonline.com.br\\\/\",\"logo\":{\"@id\":\"https:\\\/\\\/ubirataonline.com.br\\\/warren-rallies-for-real-fighter-graham-platner-in-maine\\\/#local-main-organization-logo\"},\"image\":{\"@id\":\"https:\\\/\\\/ubirataonline.com.br\\\/warren-rallies-for-real-fighter-graham-platner-in-maine\\\/#local-main-organization-logo\"},\"sameAs\":[\"https:\\\/\\\/www.facebook.com\\\/portalubirataonline\",\"https:\\\/\\\/x.com\\\/ubirataonline\",\"https:\\\/\\\/mastodon.social\\\/@ubirataonline\",\"https:\\\/\\\/www.facebook.com\\\/groups\\\/311144672285604\",\"https:\\\/\\\/www.facebook.com\\\/UBTAOnline\",\"https:\\\/\\\/www.instagram.com\\\/portalubirataonline\\\/\",\"https:\\\/\\\/twitter.com\\\/ubirataonline\"],\"description\":\"Somos um portal de not\u00edcias independente, criado em 5 de janeiro de 2009, com o objetivo de informar, conectar e valorizar a nossa comunidade de Ubirat\u00e3 e toda aregi\u00e3o. Com conte\u00fado atualizado, confi\u00e1vel e relevante, o Ubirat\u00e3 Online \u00e9 o seu espa\u00e7o para ficar por dentro dos principais acontecimentos locais, regionais, Brasil, Mundo e de interesse geral. Nosso compromisso \u00e9 com a verdade, a transpar\u00eancia e o respeito ao leitor.\",\"legalName\":\"UBIRATA ONLINE NOT\u00cdCIAS\",\"foundingDate\":\"2009-01-05\",\"numberOfEmployees\":{\"@type\":\"QuantitativeValue\",\"minValue\":\"1\",\"maxValue\":\"10\"},\"publishingPrinciples\":\"https:\\\/\\\/ubirataonline.com.br\\\/faq\\\/\",\"address\":{\"@id\":\"https:\\\/\\\/ubirataonline.com.br\\\/warren-rallies-for-real-fighter-graham-platner-in-maine\\\/#local-main-place-address\"},\"geo\":{\"@type\":\"GeoCoordinates\",\"latitude\":\"-24.5361401\",\"longitude\":\"-52.9921776\"},\"telephone\":[\"+5544998308235\"],\"contactPoint\":{\"@type\":\"ContactPoint\",\"email\":\"contato@ubirataonline.com.br\"},\"openingHoursSpecification\":{\"@type\":\"OpeningHoursSpecification\",\"dayOfWeek\":[\"Monday\",\"Tuesday\",\"Wednesday\",\"Thursday\",\"Friday\",\"Saturday\",\"Sunday\"],\"opens\":\"00:00\",\"closes\":\"23:59\"},\"email\":\"contato@ubirataonline.com.br\",\"vatID\":\"47.621.418\\\/0001-80\"},{\"@type\":\"Person\",\"@id\":\"https:\\\/\\\/ubirataonline.com.br\\\/#\\\/schema\\\/person\\\/372f87bbd3fdd79b8556b84c98d0bc1c\",\"name\":\"REDA\u00c7\u00c3O: UBIRAT\u00c3 ONLINE - F\u00c1BIO AUGUSTO CELESTINO\",\"pronouns\":\"Ele\",\"description\":\"Desde 2003 trabalhando com not\u00edcias.\",\"sameAs\":[\"http:\\\/\\\/ubirataoline.com.br\",\"https:\\\/\\\/www.facebook.com\\\/portalubirataonline\",\"https:\\\/\\\/www.instagram.com\\\/ubirataonline_oficial\",\"https:\\\/\\\/x.com\\\/x.com\\\/ubirataonline\"],\"honorificPrefix\":\"Mr.\",\"honorificSuffix\":\"MD\",\"birthDate\":\"1980-06-16\",\"gender\":\"masculino\",\"award\":[\"V\u00e1rios pr\u00eamios de melhor portal da cidade\"],\"jobTitle\":\"Diretor\",\"url\":\"https:\\\/\\\/ubirataonline.com.br\\\/en\\\/author\\\/ubirataonline\\\/\"},{\"@type\":\"PostalAddress\",\"@id\":\"https:\\\/\\\/ubirataonline.com.br\\\/warren-rallies-for-real-fighter-graham-platner-in-maine\\\/#local-main-place-address\",\"streetAddress\":\"Rua dos Coqueiros, 104 - Bairro Boa Vista, Rua dos Coqueiros, 104 Bairro Boa Vista\",\"addressLocality\":\"UBIRATA\",\"postalCode\":\"85440-000\",\"addressRegion\":\"PR\",\"addressCountry\":\"BR\"},{\"@type\":\"ImageObject\",\"inLanguage\":\"en-US\",\"@id\":\"https:\\\/\\\/ubirataonline.com.br\\\/warren-rallies-for-real-fighter-graham-platner-in-maine\\\/#local-main-organization-logo\",\"url\":\"https:\\\/\\\/ubirataonline.com.br\\\/wp-content\\\/uploads\\\/2026\\\/06\\\/logoubirataonline-1.webp\",\"contentUrl\":\"https:\\\/\\\/ubirataonline.com.br\\\/wp-content\\\/uploads\\\/2026\\\/06\\\/logoubirataonline-1.webp\",\"width\":500,\"height\":500,\"caption\":\"Ubirat\u00e3 Online Not\u00edcias\"}]}<\/script>\n<meta name=\"geo.placename\" content=\"UBIRATA\" \/>\n<meta name=\"geo.position\" content=\"-24.5361401;-52.9921776\" \/>\n<meta name=\"geo.region\" content=\"Brazil\" \/>\n<!-- \/ Yoast SEO Premium plugin. -->","yoast_head_json":{"title":"Warren rallies for 'real fighter' Graham Platner in Maine - Ubirat\u00e3 Online Not\u00edcias - A realidade ao seu alcance!","description":"A large crowd came out to see the two Democrats: over 1,000 chairs were put out in a ballroom at the Holiday Inn in downtown Portland, and most of them","robots":{"index":"index","follow":"follow","max-snippet":"max-snippet:-1","max-image-preview":"max-image-preview:large","max-video-preview":"max-video-preview:-1"},"canonical":"https:\/\/ubirataonline.com.br\/en\/warren-rallies-for-real-fighter-graham-platner-in-maine\/","og_locale":"en_US","og_type":"article","og_title":"Warren rallies for 'real fighter' Graham Platner in Maine","og_description":"A large crowd came out to see the two Democrats: over 1,000 chairs were put out in a ballroom at the Holiday Inn in downtown Portland, and most of them","og_url":"https:\/\/ubirataonline.com.br\/en\/warren-rallies-for-real-fighter-graham-platner-in-maine\/","og_site_name":"Ubirat\u00e3 Online Not\u00edcias - A realidade ao seu alcance!","article_publisher":"https:\/\/www.facebook.com\/portalubirataonline","article_author":"https:\/\/www.facebook.com\/portalubirataonline","article_published_time":"2026-04-19T13:33:39+00:00","article_modified_time":"2026-04-19T13:33:46+00:00","og_image":[{"width":1440,"height":926,"url":"https:\/\/ubirataonline.com.br\/wp-content\/uploads\/2026\/04\/Warren-rallies-for-real-fighter-Graham-Platner-in-Maine.jpg","type":"image\/jpeg"}],"author":"REDA\u00c7\u00c3O: UBIRAT\u00c3 ONLINE - F\u00c1BIO AUGUSTO CELESTINO","twitter_card":"summary_large_image","twitter_creator":"@x.com\/ubirataonline","twitter_site":"@ubirataonline","twitter_misc":{"Written by":"REDA\u00c7\u00c3O: UBIRAT\u00c3 ONLINE - F\u00c1BIO AUGUSTO CELESTINO","Est. reading time":"4 minutes"},"schema":{"@context":"https:\/\/schema.org","@graph":[{"@type":"NewsArticle","@id":"https:\/\/ubirataonline.com.br\/warren-rallies-for-real-fighter-graham-platner-in-maine\/#article","isPartOf":{"@id":"https:\/\/ubirataonline.com.br\/warren-rallies-for-real-fighter-graham-platner-in-maine\/"},"author":{"name":"REDA\u00c7\u00c3O: UBIRAT\u00c3 ONLINE - F\u00c1BIO AUGUSTO CELESTINO","@id":"https:\/\/ubirataonline.com.br\/#\/schema\/person\/372f87bbd3fdd79b8556b84c98d0bc1c"},"headline":"Warren rallies for &#8216;real fighter&#8217; Graham Platner in Maine","datePublished":"2026-04-19T13:33:39+00:00","dateModified":"2026-04-19T13:33:46+00:00","mainEntityOfPage":{"@id":"https:\/\/ubirataonline.com.br\/warren-rallies-for-real-fighter-graham-platner-in-maine\/"},"wordCount":905,"publisher":{"@id":"https:\/\/ubirataonline.com.br\/#organization"},"image":{"@id":"https:\/\/ubirataonline.com.br\/warren-rallies-for-real-fighter-graham-platner-in-maine\/#primaryimage"},"thumbnailUrl":"https:\/\/ubirataonline.com.br\/wp-content\/uploads\/2026\/04\/Warren-rallies-for-real-fighter-Graham-Platner-in-Maine.jpg","keywords":["Fighter","Graham","Maine","Platner","Rallies","real","Warren"],"articleSection":["Ubirat\u00e3"],"inLanguage":"en-US","copyrightYear":"2026","copyrightHolder":{"@id":"https:\/\/ubirataonline.com.br\/en\/#organization"}},{"@type":"WebPage","@id":"https:\/\/ubirataonline.com.br\/warren-rallies-for-real-fighter-graham-platner-in-maine\/","url":"https:\/\/ubirataonline.com.br\/warren-rallies-for-real-fighter-graham-platner-in-maine\/","name":"Warren rallies for 'real fighter' Graham Platner in Maine - Ubirat\u00e3 Online Not\u00edcias - A realidade ao seu alcance!","isPartOf":{"@id":"https:\/\/ubirataonline.com.br\/#website"},"primaryImageOfPage":{"@id":"https:\/\/ubirataonline.com.br\/warren-rallies-for-real-fighter-graham-platner-in-maine\/#primaryimage"},"image":{"@id":"https:\/\/ubirataonline.com.br\/warren-rallies-for-real-fighter-graham-platner-in-maine\/#primaryimage"},"thumbnailUrl":"https:\/\/ubirataonline.com.br\/wp-content\/uploads\/2026\/04\/Warren-rallies-for-real-fighter-Graham-Platner-in-Maine.jpg","datePublished":"2026-04-19T13:33:39+00:00","dateModified":"2026-04-19T13:33:46+00:00","description":"A large crowd came out to see the two Democrats: over 1,000 chairs were put out in a ballroom at the Holiday Inn in downtown Portland, and most of them","breadcrumb":{"@id":"https:\/\/ubirataonline.com.br\/warren-rallies-for-real-fighter-graham-platner-in-maine\/#breadcrumb"},"inLanguage":"en-US","potentialAction":[{"@type":"ReadAction","target":["https:\/\/ubirataonline.com.br\/warren-rallies-for-real-fighter-graham-platner-in-maine\/"]}]},{"@type":"ImageObject","inLanguage":"en-US","@id":"https:\/\/ubirataonline.com.br\/warren-rallies-for-real-fighter-graham-platner-in-maine\/#primaryimage","url":"https:\/\/ubirataonline.com.br\/wp-content\/uploads\/2026\/04\/Warren-rallies-for-real-fighter-Graham-Platner-in-Maine.jpg","contentUrl":"https:\/\/ubirataonline.com.br\/wp-content\/uploads\/2026\/04\/Warren-rallies-for-real-fighter-Graham-Platner-in-Maine.jpg","width":1440,"height":926,"caption":"Composite image of Graham Platner and Elizabeth Warren.Sophie Park and Heather Diehl\/Getty"},{"@type":"BreadcrumbList","@id":"https:\/\/ubirataonline.com.br\/warren-rallies-for-real-fighter-graham-platner-in-maine\/#breadcrumb","itemListElement":[{"@type":"ListItem","position":1,"name":"In\u00edcio","item":"https:\/\/ubirataonline.com.br\/"},{"@type":"ListItem","position":2,"name":"Warren rallies for &#8216;real fighter&#8217; Graham Platner in Maine"}]},{"@type":"WebSite","@id":"https:\/\/ubirataonline.com.br\/#website","url":"https:\/\/ubirataonline.com.br\/","name":"Ubirat\u00e3 Online Not\u00edcias","description":"Not\u00edcias de Ubirat\u00e3, regi\u00e3o, Brasil e mundo, com informa\u00e7\u00e3o atualizada e compromisso com o leitor.","publisher":{"@id":"https:\/\/ubirataonline.com.br\/#organization"},"alternateName":"Ubirat\u00e3 Online","potentialAction":[{"@type":"SearchAction","target":{"@type":"EntryPoint","urlTemplate":"https:\/\/ubirataonline.com.br\/?s={search_term_string}"},"query-input":{"@type":"PropertyValueSpecification","valueRequired":true,"valueName":"search_term_string"}}],"inLanguage":"en-US"},{"@type":["Organization","Place"],"@id":"https:\/\/ubirataonline.com.br\/#organization","name":"Ubirat\u00e3 Online Not\u00edcias","alternateName":"Ubirat\u00e3 Online","url":"https:\/\/ubirataonline.com.br\/","logo":{"@id":"https:\/\/ubirataonline.com.br\/warren-rallies-for-real-fighter-graham-platner-in-maine\/#local-main-organization-logo"},"image":{"@id":"https:\/\/ubirataonline.com.br\/warren-rallies-for-real-fighter-graham-platner-in-maine\/#local-main-organization-logo"},"sameAs":["https:\/\/www.facebook.com\/portalubirataonline","https:\/\/x.com\/ubirataonline","https:\/\/mastodon.social\/@ubirataonline","https:\/\/www.facebook.com\/groups\/311144672285604","https:\/\/www.facebook.com\/UBTAOnline","https:\/\/www.instagram.com\/portalubirataonline\/","https:\/\/twitter.com\/ubirataonline"],"description":"Somos um portal de not\u00edcias independente, criado em 5 de janeiro de 2009, com o objetivo de informar, conectar e valorizar a nossa comunidade de Ubirat\u00e3 e toda aregi\u00e3o. Com conte\u00fado atualizado, confi\u00e1vel e relevante, o Ubirat\u00e3 Online \u00e9 o seu espa\u00e7o para ficar por dentro dos principais acontecimentos locais, regionais, Brasil, Mundo e de interesse geral. Nosso compromisso \u00e9 com a verdade, a transpar\u00eancia e o respeito ao leitor.","legalName":"UBIRATA ONLINE NOT\u00cdCIAS","foundingDate":"2009-01-05","numberOfEmployees":{"@type":"QuantitativeValue","minValue":"1","maxValue":"10"},"publishingPrinciples":"https:\/\/ubirataonline.com.br\/faq\/","address":{"@id":"https:\/\/ubirataonline.com.br\/warren-rallies-for-real-fighter-graham-platner-in-maine\/#local-main-place-address"},"geo":{"@type":"GeoCoordinates","latitude":"-24.5361401","longitude":"-52.9921776"},"telephone":["+5544998308235"],"contactPoint":{"@type":"ContactPoint","email":"contato@ubirataonline.com.br"},"openingHoursSpecification":{"@type":"OpeningHoursSpecification","dayOfWeek":["Monday","Tuesday","Wednesday","Thursday","Friday","Saturday","Sunday"],"opens":"00:00","closes":"23:59"},"email":"contato@ubirataonline.com.br","vatID":"47.621.418\/0001-80"},{"@type":"Person","@id":"https:\/\/ubirataonline.com.br\/#\/schema\/person\/372f87bbd3fdd79b8556b84c98d0bc1c","name":"REDA\u00c7\u00c3O: UBIRAT\u00c3 ONLINE - F\u00c1BIO AUGUSTO CELESTINO","pronouns":"Ele","description":"Desde 2003 trabalhando com not\u00edcias.","sameAs":["http:\/\/ubirataoline.com.br","https:\/\/www.facebook.com\/portalubirataonline","https:\/\/www.instagram.com\/ubirataonline_oficial","https:\/\/x.com\/x.com\/ubirataonline"],"honorificPrefix":"Mr.","honorificSuffix":"MD","birthDate":"1980-06-16","gender":"masculino","award":["V\u00e1rios pr\u00eamios de melhor portal da cidade"],"jobTitle":"Diretor","url":"https:\/\/ubirataonline.com.br\/en\/author\/ubirataonline\/"},{"@type":"PostalAddress","@id":"https:\/\/ubirataonline.com.br\/warren-rallies-for-real-fighter-graham-platner-in-maine\/#local-main-place-address","streetAddress":"Rua dos Coqueiros, 104 - Bairro Boa Vista, Rua dos Coqueiros, 104 Bairro Boa Vista","addressLocality":"UBIRATA","postalCode":"85440-000","addressRegion":"PR","addressCountry":"BR"},{"@type":"ImageObject","inLanguage":"en-US","@id":"https:\/\/ubirataonline.com.br\/warren-rallies-for-real-fighter-graham-platner-in-maine\/#local-main-organization-logo","url":"https:\/\/ubirataonline.com.br\/wp-content\/uploads\/2026\/06\/logoubirataonline-1.webp","contentUrl":"https:\/\/ubirataonline.com.br\/wp-content\/uploads\/2026\/06\/logoubirataonline-1.webp","width":500,"height":500,"caption":"Ubirat\u00e3 Online Not\u00edcias"}]},"geo.placename":"UBIRATA","geo.position":{"lat":"-24.5361401","long":"-52.9921776"},"geo.region":"Brazil"},"_links":{"self":[{"href":"https:\/\/ubirataonline.com.br\/en\/wp-json\/wp\/v2\/posts\/111847","targetHints":{"allow":["GET"]}}],"collection":[{"href":"https:\/\/ubirataonline.com.br\/en\/wp-json\/wp\/v2\/posts"}],"about":[{"href":"https:\/\/ubirataonline.com.br\/en\/wp-json\/wp\/v2\/types\/post"}],"author":[{"embeddable":true,"href":"https:\/\/ubirataonline.com.br\/en\/wp-json\/wp\/v2\/users\/1"}],"replies":[{"embeddable":true,"href":"https:\/\/ubirataonline.com.br\/en\/wp-json\/wp\/v2\/comments?post=111847"}],"version-history":[{"count":0,"href":"https:\/\/ubirataonline.com.br\/en\/wp-json\/wp\/v2\/posts\/111847\/revisions"}],"wp:featuredmedia":[{"embeddable":true,"href":"https:\/\/ubirataonline.com.br\/en\/wp-json\/wp\/v2\/media\/111848"}],"wp:attachment":[{"href":"https:\/\/ubirataonline.com.br\/en\/wp-json\/wp\/v2\/media?parent=111847"}],"wp:term":[{"taxonomy":"category","embeddable":true,"href":"https:\/\/ubirataonline.com.br\/en\/wp-json\/wp\/v2\/categories?post=111847"},{"taxonomy":"post_tag","embeddable":true,"href":"https:\/\/ubirataonline.com.br\/en\/wp-json\/wp\/v2\/tags?post=111847"}],"curies":[{"name":"wp","href":"https:\/\/api.w.org\/{rel}","templated":true}]}}