{"id":111867,"date":"2026-04-19T10:57:51","date_gmt":"2026-04-19T13:57:51","guid":{"rendered":"https:\/\/ubirataonline.com.br\/falecimentos-em-curitiba-obituario-deste-domingo-19-04-2026\/"},"modified":"2026-04-19T10:57:53","modified_gmt":"2026-04-19T13:57:53","slug":"falecimentos-em-curitiba-obituario-deste-domingo-19-04-2026","status":"publish","type":"post","link":"https:\/\/ubirataonline.com.br\/en\/falecimentos-em-curitiba-obituario-deste-domingo-19-04-2026\/","title":{"rendered":"Falecimentos em Curitiba; Obitu\u00e1rio deste domingo, 19\/04\/2026"},"content":{"rendered":"<p><\/p>\n<div id=\"post-content\">\n<p>Lista dos falecimentos e sepultamentos das \u00faltimas horas em Curitiba e regi\u00e3o. <\/p>\n<p><strong>ALVARO ALBERTO RIBEIRO DA SILVA, <\/strong>76 ano(s). Profiss\u00e3o: T\u00c9CNICO. C\u00f4njuge: CELIA MARIA RIBEIRO DA SILVA. Filia\u00e7\u00e3o: PAULO SOARES DA SILVA e ANTONINA RIBEIRO DA SILVA. Sepultamento: (CAMPO LARGO) CEMITERIO SANTO EXPEDITO, domingo, 19 de abril de 2026 \u00e0s 16:00h. Data do Falecimento: 18\/04\/2026.<\/p>\n<p><strong>ALVARO LEAL, <\/strong>76 ano(s). Profiss\u00e3o: TAXISTA. Filia\u00e7\u00e3o: JULIO LEAL e DELZIA DA SILVA LEAL. Sepultamento: (CURITIBA) PARQUE S\u00c3O PEDRO, segunda-feira, 20 de abril de 2026 \u00e0s 10:00h. Data do Falecimento: 18\/04\/2026.<\/p>\n<p><strong>AMELIA LOPES CORDEIRO, <\/strong>77 ano(s). Profiss\u00e3o: JUIZ DE DIREITO. Filia\u00e7\u00e3o: JOSE LOPES CORDEIRO e MARIA MOREIRA CORDEIRO. Sepultamento: CREMAT\u00d3RIO VATICANO (ALMIRANTE TAMANDAR\u00c9-PR), domingo, 19 de abril de 2026 \u00e0s 17:00h. Data do Falecimento: 18\/04\/2026.<\/p>\n<p><strong>ANA MARIA KUREKI GREGORIO, <\/strong>82 ano(s). Profiss\u00e3o: DO LAR. Filia\u00e7\u00e3o: MANOEL CANDIDO GREGORIO e OTILIA KUREKI. Sepultamento: MUNICIPAL DA CIDADE DE ORIGEM, domingo, 19 de abril de 2026. Data do Falecimento: 18\/04\/2026.<\/p>\n<p><strong>ANA PAULA VEIGA DOS SANTOS, <\/strong>37 ano(s). Filia\u00e7\u00e3o: OSNI VEIGA DOS SANTOS e MIRIAM ROSALI SIMM. Sepultamento: MUNICIPAL \u00c1GUA VERDE, domingo, 19 de abril de 2026 \u00e0s 16:00h. Data do Falecimento: 18\/04\/2026.<\/p>\n<p><strong>ARI MARIANO, <\/strong>72 ano(s). Profiss\u00e3o: BANC\u00c1RIO(A). Filia\u00e7\u00e3o: PEDRO ANTONIO MARIANO e AMELIA VALESIA. Sepultamento: CEMIT\u00c9RIO MUNICIPAL DE TERRA BOA PR, domingo, 19 de abril de 2026. Data do Falecimento: 19\/04\/2026.<\/p>\n<p><strong>ARLETE RIGONI, <\/strong>79 ano(s). Profiss\u00e3o: ENFERMEIRO(A). Filia\u00e7\u00e3o: ANGELO RIGONI e EDELZIRA TRINDADE RIGONI. Sepultamento: (CAMPO LARGO) CEMIT\u00c9RIO MUNICIPAL DE CAMPO LARGO, domingo, 19 de abril de 2026 \u00e0s 11:00h. Data do Falecimento: 18\/04\/2026.<\/p>\n<p><strong>CARLOS DA COSTA, <\/strong>87 ano(s). Profiss\u00e3o: AUTONOMO. Filia\u00e7\u00e3o: PEDRO DA COSTA e MERCEDES GONCALVES DA COSTA. Sepultamento: A DEFINIR, domingo, 19 de abril de 2026 \u00e0s 16:00h. Data do Falecimento: 18\/04\/2026.<\/p>\n<p><strong>CECILIA ORCHEL, <\/strong>78 ano(s). Profiss\u00e3o: DO LAR. Filia\u00e7\u00e3o: JACOB ORCHEL e JADWIGA SCHNEIDER ORCHEL. Sepultamento: (CURITIBA) VERTICAL, domingo, 19 de abril de 2026 \u00e0s 17:00h. Data do Falecimento: 19\/04\/2026.<\/p>\n<p><strong>CLARICE DE LIMA TEIXEIRA, <\/strong>72 ano(s). Profiss\u00e3o: DO LAR. C\u00f4njuge: ANTONIO CELESTINO TEIXEIRA LIMA. Filia\u00e7\u00e3o: ANTONIO CARLOS DE LIMA e FRANCISCA CASTILHO DE LIMA. Sepultamento: (CURITIBA) VERTICAL, domingo, 19 de abril de 2026 \u00e0s 10:00h. Data do Falecimento: 18\/04\/2026.<\/p>\n<p><strong>DILMAR ALBINO MUNDEL, <\/strong>58 ano(s). Profiss\u00e3o: BANC\u00c1RIO(A). C\u00f4njuge: ROSEANI MARIA WISTUBA. Filia\u00e7\u00e3o: DIEDRICH AUGUSTO MUNDEL e LADY HANNEMANN MUNDEL. Sepultamento: (ALMIRANTE TAMANDAR\u00c9) PAROQUIAL COLONIA ANTONIO PRADO, domingo, 19 de abril de 2026 \u00e0s 16:30h. Data do Falecimento: 18\/04\/2026.<\/p>\n<p><strong>EGIDIO MAIZING, <\/strong>89 ano(s). Profiss\u00e3o: FISCAL. Filia\u00e7\u00e3o: ADOLFO MAIZING e JESUS FERNANDES ANTUNES. Sepultamento: (CURITIBA) VERTICAL, domingo, 19 de abril de 2026 \u00e0s 09:00h. Data do Falecimento: 18\/04\/2026.<\/p>\n<p><strong>ELEAZAR DOROSARIO SANTOS, <\/strong>69 ano(s). Profiss\u00e3o: PROJETISTA. C\u00f4njuge: CARLA PATRICIA NASCIMENTO DAS NEVES. Filia\u00e7\u00e3o: JOSE SANTOS DO CARMO e DOLORES DO ROSARIO SANTOS. Sepultamento: CREMATORIO A DEFINIR, domingo, 19 de abril de 2026 \u00e0s 14:00h. Data do Falecimento: 18\/04\/2026.<\/p>\n<p><strong>ELIZABETH MONLEVADE COSTA, <\/strong>71 ano(s). C\u00f4njuge: WILSON ZANDIR GENERO. Filia\u00e7\u00e3o: DOMICIO DA COSTA E SILVA e BENEDITA MONLEVADE COSTA. Sepultamento: A DEFINIR, s\u00e1bado, 18 de abril de 2026. Data do Falecimento: 18\/04\/2026.<\/p>\n<p><strong>ELOI MARIO SIMOES, <\/strong>76 ano(s). Profiss\u00e3o: LATOEIRO. C\u00f4njuge: THEREZA SIMOES. Filia\u00e7\u00e3o: JOAO MARIO SIMOES e PAULINA SIMOES. Sepultamento: (CURITIBA) VERTICAL, domingo, 19 de abril de 2026 \u00e0s 09:30h. Data do Falecimento: 18\/04\/2026.<\/p>\n<p><strong>ERONDINA FELIS FERREIRA, <\/strong>76 ano(s). Profiss\u00e3o: DO LAR. C\u00f4njuge: ANTONIO FERREIRA DA LUZ. Filia\u00e7\u00e3o: JOSE FELIS MACHADO e ERMINIA NUNES CAMARGO. Sepultamento: (S.J.DOS PINHAIS) CEMITERIO PEDRO FUSS, domingo, 19 de abril de 2026 \u00e0s 16:00h. Data do Falecimento: 18\/04\/2026.<\/p>\n<p><strong>ESMERALDA KFFURI OLIVEIRA DE SOUZA BORN, <\/strong>57 ano(s). Profiss\u00e3o: ARTES\u00c3O(\u00c3). Filia\u00e7\u00e3o: ANTONIO OLIVEIRA DE SOUZA e ANGELICA KFFURI OLIVEIRA DE SOUZA. Sepultamento: CREMAT\u00d3RIO VATICANO (ALMIRANTE TAMANDAR\u00c9-PR), domingo, 19 de abril de 2026 \u00e0s 12:00h. Data do Falecimento: 18\/04\/2026.<\/p>\n<p><strong>FLORENTINA LERIDES DE MELLO, <\/strong>86 ano(s). Profiss\u00e3o: DO LAR. Filia\u00e7\u00e3o: LEOPOLDO THURKE e ZENEIDA THURKE. Sepultamento: JD DA LUZ, domingo, 19 de abril de 2026 \u00e0s 10:00h. Data do Falecimento: 18\/04\/2026.<\/p>\n<p><strong>FRANCISCO NADIR DE ABREU, <\/strong>70 ano(s). Profiss\u00e3o: MEC\u00c2NICO. Filia\u00e7\u00e3o: GALDINO FERREIRA DE ABREU e ALICE FERREIRA DE ABREU. Sepultamento: (FAZENDA RIO GRANDE) CEM PARQUE METROPOLITANO, domingo, 19 de abril de 2026 \u00e0s 14:00h. Data do Falecimento: 18\/04\/2026.<\/p>\n<p><strong>GILSON RIBEIRO PAGANELLI, <\/strong>56 ano(s). Profiss\u00e3o: GERENTE. C\u00f4njuge: CLEMACIR PINHEIRO. Filia\u00e7\u00e3o: ANTONIO PAGANELLI e DAMARIS RIBEIRO PAGANELLI. Sepultamento: (PINHAIS) CREMAT\u00d3RIO JARDIM DA SAUDADE, domingo, 19 de abril de 2026 \u00e0s 11:00h. Data do Falecimento: 18\/04\/2026.<\/p>\n<p><strong>GLACI MACEDO NEIVA DE MACEDO, <\/strong>93 ano(s). Profiss\u00e3o: PEDAGOGO(A). C\u00f4njuge: ANTONIO NEIVA DE MACEDO. Filia\u00e7\u00e3o: ALCIDES RIBEIRO DE MACEDO e DURVINA SILVEIRA DE MACEDO. Sepultamento: MUNICIPAL S\u00c3O FRANCISCO DE PAULA, domingo, 19 de abril de 2026 \u00e0s 17:00h. Data do Falecimento: 19\/04\/2026.<\/p>\n<p><strong>HILDA DREHER, <\/strong>88 ano(s). Profiss\u00e3o: COSTUREIRO(A). Filia\u00e7\u00e3o: DIALMO DREHER e LYDIA SEMKE DREHER. Sepultamento: MUNICIPAL \u00c1GUA VERDE, domingo, 19 de abril de 2026 \u00e0s 11:30h. Data do Falecimento: 18\/04\/2026.<\/p>\n<p><strong>IOLANDA BUDEL ALBERTI, <\/strong>96 ano(s). C\u00f4njuge: VIRMOND ALBERTI. Filia\u00e7\u00e3o: JACOB BUDEL e EMA BENATO BUDEL. Sepultamento: (CURITIBA) PARQUE IGUA\u00c7U, domingo, 19 de abril de 2026 \u00e0s 11:00h. Data do Falecimento: 18\/04\/2026.<\/p>\n<p><strong>ISRAEL DIAS SENE, <\/strong>70 ano(s). Profiss\u00e3o: AUTONOMO. C\u00f4njuge: SARITA MARIA PANSERA SENE. Filia\u00e7\u00e3o: PEDRO SENE e JANDIRA DIAS SENE. Sepultamento: (S.J.DOS PINHAIS) CEMIT\u00c9RIO PQ SR DO BONFIM, domingo, 19 de abril de 2026. Data do Falecimento: 18\/04\/2026.<\/p>\n<p><strong>IZAURA DO ROCIO FERMINO DE FRANCA, <\/strong>70 ano(s). Profiss\u00e3o: DO LAR. C\u00f4njuge: ALICINDRO DE FRANCA. Filia\u00e7\u00e3o: LAUDELINO FERMINO e MARIA FERMINO. Sepultamento: (CURITIBA) PAROQUIAL S\u00c3O MARCOS, domingo, 19 de abril de 2026 \u00e0s 16:30h. Data do Falecimento: 18\/04\/2026.<\/p>\n<p><strong>JOAO ANTONIO RIBEIRO GASTALDON SILVA, <\/strong>1 ano(s). Filia\u00e7\u00e3o: MURILO APARECIDO GASTALDON DA SILVA e DEBORA CAROLINE RIBEIRO DOS SANTOS SILVA. Sepultamento: MUNICIPAL DA CIDADE DE ORIGEM, s\u00e1bado, 18 de abril de 2026 \u00e0s 17:00h. Data do Falecimento: 18\/04\/2026.<\/p>\n<p><strong>JOSE SEBASTIAO DE ARAUJO, <\/strong>76 ano(s). Profiss\u00e3o: ELETRICISTA. C\u00f4njuge: NEUSA MARIA DE CARVALHO DE ARAUJO. Filia\u00e7\u00e3o: PEDRO ARAUJO e ISABEL MENDES DE OLIVEIRA. Sepultamento: CREMAT\u00d3RIO VERTICAL (CURITIBA), domingo, 19 de abril de 2026 \u00e0s 14:30h. Data do Falecimento: 18\/04\/2026.<\/p>\n<p><strong>JOSEFINA DA SILVA OLIVEIRA, <\/strong>72 ano(s). Profiss\u00e3o: DO LAR. C\u00f4njuge: RAIMUNDO LIMA DE OLIVEIRA. Filia\u00e7\u00e3o: ARNALDO DA SILVA e MARIA PLACIDA DA SILVA. Sepultamento: (CAMPO LARGO) CEMIT\u00c9RIO TIMBOTUVA, domingo, 19 de abril de 2026 \u00e0s 16:00h. Data do Falecimento: 18\/04\/2026.<\/p>\n<p><strong>KARINE BARRETO DE MELLO, <\/strong>30 ano(s). Profiss\u00e3o: AUXILIAR CONFEC\u00c7\u00c3O. Filia\u00e7\u00e3o: ADAO BARRETO DE MELLO e NOELI SALETE DE MELLO. Sepultamento: CEMIT\u00c9RIO DE CA\u00c7ADOR \/SANTA CATRINA, domingo, 19 de abril de 2026. Data do Falecimento: 18\/04\/2026.<\/p>\n<p><strong>LEONICE KOTOVSKI MILEK, <\/strong>84 ano(s). Profiss\u00e3o: DO LAR. C\u00f4njuge: ALBINO MILEK. Filia\u00e7\u00e3o: PEDRO JORGE KOTOVSKI e NOEMIA DE PAULA CORDEIRO KOTOVSKI. Sepultamento: (AL.TAMANDAR\u00c9) CEMIT\u00c9RIO DA SEDE, domingo, 19 de abril de 2026. Data do Falecimento: 18\/04\/2026.<\/p>\n<p><strong>LOUISE VAN BLARCUM DE GRAAFF ROS, <\/strong>85 ano(s). Profiss\u00e3o: ENFERMEIRO(A). Filia\u00e7\u00e3o: GEORGE VAN BLARCUM DE GRAAFF e LUISE ANNIE MATHILDE CAROLINE B DE GRAFF. Sepultamento: (PINHAIS) COMPLEXO CERIMONIAL DE PINHAIS, domingo, 19 de abril de 2026 \u00e0s 17:00h. Data do Falecimento: 18\/04\/2026.<\/p>\n<p><strong>LOURENCO ROSA DO NASCIMENTO, <\/strong>83 ano(s). Profiss\u00e3o: MESTRE OBRAS. Filia\u00e7\u00e3o: MANOEL ROSA DO NASCIMENTO e ANA ROSA DO PRADO. Sepultamento: (CURITIBA) VERTICAL, domingo, 19 de abril de 2026 \u00e0s 14:30h. Data do Falecimento: 18\/04\/2026.<\/p>\n<p><strong>LUISA HOLLER LEE, <\/strong>27 ano(s). Profiss\u00e3o: ESTUDANTE. Filia\u00e7\u00e3o: JOAO BOSCO LEE e ELIZABETH SOUZA HOLLER LEE. Sepultamento: CREMAT\u00d3RIO VATICANO (ALMIRANTE TAMANDAR\u00c9-PR), domingo, 19 de abril de 2026. Data do Falecimento: 18\/04\/2026.<\/p>\n<p><strong>LUIZ ADIR CHICOVIS, <\/strong>78 ano(s). C\u00f4njuge: VILMA MILCHAVSKI CHICOVIS. Filia\u00e7\u00e3o: RAMIRO CHICOVIS e EUDOXIA PEREIRA CHICOVIS. Sepultamento: (S.J.DOS PINHAIS) CEMITERIO PEDRO FUSS, domingo, 19 de abril de 2026 \u00e0s 11:30h. Data do Falecimento: 18\/04\/2026.<\/p>\n<p><strong>LUZIA NEDOCHETKO, <\/strong>90 ano(s). C\u00f4njuge: MIGUEL NEDOCHETKO. Filia\u00e7\u00e3o: ESTANISLAU ZANGISKI e ANNA ZANGISKI. Sepultamento: (CURITIBA) CEMIT\u00c9RIO PAROQUIAL SANTA C\u00c2NDIDA, domingo, 19 de abril de 2026 \u00e0s 16:30h. Data do Falecimento: 18\/04\/2026.<\/p>\n<p><strong>MARGARETH FERREIRA ROCHA, <\/strong>72 ano(s). Profiss\u00e3o: FUNCION\u00c1RIO P\u00daBLICO MUNICIPAL. C\u00f4njuge: GERALDO EVANGELO ROCHA. Filia\u00e7\u00e3o: TEODOLINA FERREIRA TEMPONI. Sepultamento: CREMAT\u00d3RIO BERTI (S.J.DOS PINHAIS), domingo, 19 de abril de 2026 \u00e0s 16:00h. Data do Falecimento: 18\/04\/2026.<\/p>\n<p><strong>MARIA SOARES PIMPAO, <\/strong>80 ano(s). Profiss\u00e3o: DIARISTA. C\u00f4njuge: ANTONIO CARLOS PIMPAO. Filia\u00e7\u00e3o: WALFRIDO BATISTA SOARES e CLEMENTINA DOS SANTOS SOARES. Sepultamento: (CURITIBA) VERTICAL, domingo, 19 de abril de 2026 \u00e0s 11:00h. Data do Falecimento: 18\/04\/2026.<\/p>\n<p><strong>MATHEUS GABRIELL CAMPOS FUENTES, <\/strong>1 ano(s). Filia\u00e7\u00e3o: BRYAN ISIDRO CAMPOS LEIVA e DAVIELIS VANESSA FUENTES AGUILAR. Sepultamento: MUNICIPAL BOQUEIR\u00c3O, domingo, 19 de abril de 2026 \u00e0s 16:30h. Data do Falecimento: 18\/04\/2026.<\/p>\n<p><strong>NILTON CESAR OESHSLER, <\/strong>56 ano(s). Profiss\u00e3o: AUXILIAR SERVI\u00c7OS GERAIS. Filia\u00e7\u00e3o: DANIEL OESHSLER e JACY MARIA OESHSLER. Sepultamento: (CURITIBA) VERTICAL, domingo, 19 de abril de 2026 \u00e0s 15:00h. Data do Falecimento: 18\/04\/2026.<\/p>\n<p><strong>ROBERTO CISZ, <\/strong>66 ano(s). Profiss\u00e3o: MEC\u00c2NICO. C\u00f4njuge: TERESA BEATRIZ OSSOVSKI CISZ. Filia\u00e7\u00e3o: EDMUNDO CISZ e MARIA VALDELINA CISZ. Sepultamento: CREMAT\u00d3RIO PERPETUO SOCORRO (CAMPO LARGO-PR), domingo, 19 de abril de 2026. Data do Falecimento: 18\/04\/2026.<\/p>\n<p><strong>VALNEY BANDEIRA, <\/strong>59 ano(s). Profiss\u00e3o: T\u00c9CNICO INFORM\u00c1TICA. C\u00f4njuge: KATIA PETRELLI CORREA. Filia\u00e7\u00e3o: ARMANDO ALVARO ALVES BANDEIRA e OSNIRA OLIVEIRA BANDEIRA. Sepultamento: MUNICIPAL \u00c1GUA VERDE, domingo, 19 de abril de 2026 \u00e0s 17:00h. Data do Falecimento: 18\/04\/2026.<\/p>\n<p><strong>VERA OLIVIA CATTANI GARCIA, <\/strong>85 ano(s). Filia\u00e7\u00e3o: JOSE CATTANI e MARIA IZABEL TEIXEIRA. Sepultamento: MUNICIPAL BOQUEIR\u00c3O, domingo, 19 de abril de 2026 \u00e0s 11:00h. Data do Falecimento: 18\/04\/2026.<\/p>\n<p><strong>VIRGULINA CHALEGRE DE SOUZA, <\/strong>91 ano(s). Profiss\u00e3o: DO LAR. C\u00f4njuge: VALDEMAR FRANCISCO DE SOUZA. Filia\u00e7\u00e3o: HONORIO CHALEGRE DOS SANTOS e ANA FELIX CHALEGRE. Sepultamento: (S.J.DOS PINHAIS) CEMIT\u00c9RIO PQ SR DO BONFIM, domingo, 19 de abril de 2026 \u00e0s 16:30h. Data do Falecimento: 18\/04\/2026.<\/p>\n<p><strong>WILSON DOS SANTOS DIAS, <\/strong>33 ano(s). Profiss\u00e3o: BORRACHEIRO(A). Filia\u00e7\u00e3o: WILSON DIAS e JOELMA DOS SANTOS. Sepultamento: (PINHAIS) COMPLEXO CERIMONIAL DE PINHAIS, domingo, 19 de abril de 2026 \u00e0s 18:00h. Data do Falecimento: 18\/04\/2026.<\/p>\n<section class=\"virals\">\n<article class=\"cardnews cardnews--post cardnews--has-thumbnail cardnews--editorial-noticias\"> <a href=\"https:\/\/www.tribunapr.com.br\/noticias\/curitiba-regiao\/vereador-perdeu-pia-e-investigado-por-usar-gm-para-se-autopromove?utm_source=noticias-virais-rodape&amp;utm_medium=internal-tribuna&amp;utm_campaign=tribuna\" class=\"cardnews__postlink\"> <\/p>\n<div class=\"cardnews__image\" is-api-thumb=\"\"><\/div>\n<div class=\"cardnews__content cardhome__content\">\n<div class=\"cardnews__content-wrapper\">\n<p> <span style=\"\"> De olho! <\/span> <\/p>\n<p>Vereador Perdeu Pi\u00e1 \u00e9 investigado por usar GM para se autopromover<\/p>\n<\/p><\/div>\n<\/p><\/div>\n<p> <\/a> <\/article>\n<article class=\"cardnews cardnews--post cardnews--has-thumbnail cardnews--editorial-noticias\"> <a href=\"https:\/\/www.tribunapr.com.br\/noticias\/parana\/parana-pode-sentir-efeitos-do-el-nino-a-partir-de-julho-o-que-esperar\/?utm_source=noticias-virais-rodape&amp;utm_medium=internal-tribuna&amp;utm_campaign=tribuna\" class=\"cardnews__postlink\"> <\/p>\n<div class=\"cardnews__image\" is-api-thumb=\"\"><img decoding=\"async\" src=\"https:\/\/www.tribunapr.com.br\/wp-content\/uploads\/2026\/02\/20182305\/chuvas-370x210.jpg\" loading=\"lazy\" alt=\"Paran\u00e1 pode sentir efeitos do El Ni\u00f1o a partir de julho; o que esperar\"\/><\/div>\n<div class=\"cardnews__content cardhome__content\">\n<div class=\"cardnews__content-wrapper\">\n<p> <span style=\"\"> Alerta <\/span> <\/p>\n<p>Paran\u00e1 pode sentir efeitos do El Ni\u00f1o a partir de julho; o que esperar<\/p>\n<\/p><\/div>\n<\/p><\/div>\n<p> <\/a> <\/article>\n<article class=\"cardnews cardnews--post cardnews--has-thumbnail cardnews--editorial-noticias\"> <a href=\"https:\/\/www.tribunapr.com.br\/noticias\/parana\/roteiro-inusitado-parana-coleciona-estatuas-peculiares-pelo-interior\/?utm_source=noticias-virais-rodape&amp;utm_medium=internal-tribuna&amp;utm_campaign=tribuna\" class=\"cardnews__postlink\"> <\/p>\n<div class=\"cardnews__image\" is-api-thumb=\"\"><img decoding=\"async\" src=\"https:\/\/www.tribunapr.com.br\/wp-content\/uploads\/2026\/03\/26165528\/monumento_ao_bone_carrossel_1-prefeitura-de-apucarana-370x210.webp\" loading=\"lazy\" alt=\"Roteiro inusitado: Paran\u00e1 coleciona est\u00e1tuas peculiares pelo interior \"\/><\/div>\n<div class=\"cardnews__content cardhome__content\">\n<div class=\"cardnews__content-wrapper\">\n<p> <span style=\"\"> Belezas do Paran\u00e1 <\/span> <\/p>\n<p>Roteiro inusitado: Paran\u00e1 coleciona est\u00e1tuas peculiares pelo interior <\/p>\n<\/p><\/div>\n<\/p><\/div>\n<p> <\/a> <\/article>\n<\/section>\n<div id=\"tribuna-follow-cta\">\n<p> <span class=\"cta-title\">Siga a <span class=\"tribuna-color\">Tribuna<\/span> no Google, e acompanhe as \u00faltimas not\u00edcias de Curitiba e regi\u00e3o!<\/span> <\/p>\n<p> <a href=\"https:\/\/profile.google.com\/cp\/CgwvZy8xMmxxajUzM3Mac2h0dHBzOi8vd3d3LnRyaWJ1bmFwci5jb20uYnIvdml2YS92aXRyaW5lL2dpZ2FudGUtZG8tdmVzdHVhcmlvLXJlaW5hdWd1cmEtbG9qYS1lbS1zaG9wcGluZy10cmFkaWNpb25hbC1kZS1jdXJpdGliYS8iElRyaWJ1bmEgZG8gUGFyYW7DoSqAAwrHAWh0dHBzOi8vZW5jcnlwdGVkLXRibjIuZ3N0YXRpYy5jb20vZmF2aWNvbi10Ym4_cT10Ym46QU5kOUdjUVJPbjVDRjR6TzJPbkUwTXZrRlRCRTY2U0g1bGlaVDRaZTV3bWNKeU5GRm1BSnluM01nNU9PR3BXY1pYMzZwYU5HUWtsZ09JVEFLTTNNZVNGbTc1aWp6M3k2ajUtQ3M2b25kX2JUcFFQQkVLd3RsUjBsTmJESnUtVHhrNXQtbFlCNlVpOWZSVVFjT2cSswFodHRwczovL2VuY3J5cHRlZC10Ym4zLmdzdGF0aWMuY29tL2Zhdmljb24tdGJuP3E9dGJuJTNBQU5kOUdjU0FMaWJ2eFF0YXdFMFRueVdWWmVKRS1MZEdRZjVTUi1OZ2RMazhyZzIwVy1nM0JuQ1F4VDNKZFBjRXR2THdBeVRxUDJEdHVycEdVR29CQkxpYzM5al9wSmFxRERaMHNCYW05WEVhSGVsMmZTQmdKdlF4WWVyMw\" target=\"_blank\" title=\"Seguir a Tribuna no Google\">  <\/a> <\/div>\n<\/p><\/div>\n<p><a href=\"https:\/\/www.tribunapr.com.br\/noticias\/falecimentos\/falecimentos-em-curitiba-obituario-deste-domingo-19-04-2026\/\">Fonte do Artigo <\/a><\/p>","protected":false},"excerpt":{"rendered":"<p>Lista dos falecimentos e sepultamentos das \u00faltimas horas em Curitiba e regi\u00e3o. ALVARO ALBERTO RIBEIRO DA SILVA, 76 ano(s). Profiss\u00e3o: T\u00c9CNICO. C\u00f4njuge: CELIA MARIA RIBEIRO DA SILVA. Filia\u00e7\u00e3o: PAULO SOARES DA SILVA e ANTONINA RIBEIRO DA SILVA. Sepultamento: (CAMPO LARGO) CEMITERIO SANTO EXPEDITO, domingo, 19 de abril de 2026 \u00e0s 16:00h. Data do Falecimento: 18\/04\/2026. [&hellip;]<\/p>\n","protected":false},"author":1,"featured_media":111868,"comment_status":"closed","ping_status":"","sticky":false,"template":"","format":"standard","meta":{"googlesitekit_rrm_CAow2JLhCw:productID":"","_gspb_post_css":"","maa_idioma":"","maa_pais":"","footnotes":""},"categories":[1],"tags":[151,2974,3174,2985,2983],"class_list":["post-111867","post","type-post","status-publish","format-standard","has-post-thumbnail","hentry","category-ubirata","tag-curitiba","tag-deste","tag-domingo","tag-falecimentos","tag-obituario"],"blocksy_meta":[],"yoast_head":"<!-- This site is optimized with the Yoast SEO Premium plugin v27.6 (Yoast SEO v27.6) - https:\/\/yoast.com\/product\/yoast-seo-premium-wordpress\/ -->\n<title>Falecimentos em Curitiba; Obitu\u00e1rio deste domingo, 19\/04\/2026 - Ubirat\u00e3 Online Not\u00edcias - A realidade ao seu alcance!<\/title>\n<meta name=\"description\" content=\"Lista dos falecimentos e sepultamentos das \u00faltimas horas em Curitiba e regi\u00e3o. ALVARO ALBERTO RIBEIRO DA SILVA, 76 ano(s). Profiss\u00e3o: T\u00c9CNICO. C\u00f4njuge:\" \/>\n<meta name=\"robots\" content=\"index, follow, max-snippet:-1, max-image-preview:large, max-video-preview:-1\" \/>\n<link rel=\"canonical\" href=\"https:\/\/ubirataonline.com.br\/en\/falecimentos-em-curitiba-obituario-deste-domingo-19-04-2026\/\" \/>\n<meta property=\"og:locale\" content=\"en_US\" \/>\n<meta property=\"og:type\" content=\"article\" \/>\n<meta property=\"og:title\" content=\"Falecimentos em Curitiba; Obitu\u00e1rio deste domingo, 19\/04\/2026\" \/>\n<meta property=\"og:description\" content=\"Lista dos falecimentos e sepultamentos das \u00faltimas horas em Curitiba e regi\u00e3o. ALVARO ALBERTO RIBEIRO DA SILVA, 76 ano(s). Profiss\u00e3o: T\u00c9CNICO. C\u00f4njuge:\" \/>\n<meta property=\"og:url\" content=\"https:\/\/ubirataonline.com.br\/en\/falecimentos-em-curitiba-obituario-deste-domingo-19-04-2026\/\" \/>\n<meta property=\"og:site_name\" content=\"Ubirat\u00e3 Online Not\u00edcias - A realidade ao seu alcance!\" \/>\n<meta property=\"article:publisher\" content=\"https:\/\/www.facebook.com\/portalubirataonline\" \/>\n<meta property=\"article:author\" content=\"https:\/\/www.facebook.com\/portalubirataonline\" \/>\n<meta property=\"article:published_time\" content=\"2026-04-19T13:57:51+00:00\" \/>\n<meta property=\"article:modified_time\" content=\"2026-04-19T13:57:53+00:00\" \/>\n<meta property=\"og:image\" content=\"https:\/\/ubirataonline.com.br\/wp-content\/uploads\/2026\/04\/Falecimentos-em-Curitiba-Obituario-deste-domingo-19042026.jpg\" \/>\n\t<meta property=\"og:image:width\" content=\"1280\" \/>\n\t<meta property=\"og:image:height\" content=\"960\" \/>\n\t<meta property=\"og:image:type\" content=\"image\/jpeg\" \/>\n<meta name=\"author\" content=\"REDA\u00c7\u00c3O: UBIRAT\u00c3 ONLINE - F\u00c1BIO AUGUSTO CELESTINO\" \/>\n<meta name=\"twitter:card\" content=\"summary_large_image\" \/>\n<meta name=\"twitter:creator\" content=\"@x.com\/ubirataonline\" \/>\n<meta name=\"twitter:site\" content=\"@ubirataonline\" \/>\n<meta name=\"twitter:label1\" content=\"Written by\" \/>\n\t<meta name=\"twitter:data1\" content=\"REDA\u00c7\u00c3O: UBIRAT\u00c3 ONLINE - F\u00c1BIO AUGUSTO CELESTINO\" \/>\n\t<meta name=\"twitter:label2\" content=\"Est. reading time\" \/>\n\t<meta name=\"twitter:data2\" content=\"8 minutes\" \/>\n<script type=\"application\/ld+json\" class=\"yoast-schema-graph\">{\"@context\":\"https:\\\/\\\/schema.org\",\"@graph\":[{\"@type\":\"NewsArticle\",\"@id\":\"https:\\\/\\\/ubirataonline.com.br\\\/falecimentos-em-curitiba-obituario-deste-domingo-19-04-2026\\\/#article\",\"isPartOf\":{\"@id\":\"https:\\\/\\\/ubirataonline.com.br\\\/falecimentos-em-curitiba-obituario-deste-domingo-19-04-2026\\\/\"},\"author\":{\"name\":\"REDA\u00c7\u00c3O: UBIRAT\u00c3 ONLINE - F\u00c1BIO AUGUSTO CELESTINO\",\"@id\":\"https:\\\/\\\/ubirataonline.com.br\\\/#\\\/schema\\\/person\\\/372f87bbd3fdd79b8556b84c98d0bc1c\"},\"headline\":\"Falecimentos em Curitiba; Obitu\u00e1rio deste domingo, 19\\\/04\\\/2026\",\"datePublished\":\"2026-04-19T13:57:51+00:00\",\"dateModified\":\"2026-04-19T13:57:53+00:00\",\"mainEntityOfPage\":{\"@id\":\"https:\\\/\\\/ubirataonline.com.br\\\/falecimentos-em-curitiba-obituario-deste-domingo-19-04-2026\\\/\"},\"wordCount\":1632,\"publisher\":{\"@id\":\"https:\\\/\\\/ubirataonline.com.br\\\/#organization\"},\"image\":{\"@id\":\"https:\\\/\\\/ubirataonline.com.br\\\/falecimentos-em-curitiba-obituario-deste-domingo-19-04-2026\\\/#primaryimage\"},\"thumbnailUrl\":\"https:\\\/\\\/ubirataonline.com.br\\\/wp-content\\\/uploads\\\/2026\\\/04\\\/Falecimentos-em-Curitiba-Obituario-deste-domingo-19042026.jpg\",\"keywords\":[\"Curitiba\",\"deste\",\"domingo\",\"falecimentos\",\"Obitu\u00e1rio\"],\"articleSection\":[\"Ubirat\u00e3\"],\"inLanguage\":\"en-US\",\"copyrightYear\":\"2026\",\"copyrightHolder\":{\"@id\":\"https:\\\/\\\/ubirataonline.com.br\\\/en\\\/#organization\"}},{\"@type\":\"WebPage\",\"@id\":\"https:\\\/\\\/ubirataonline.com.br\\\/falecimentos-em-curitiba-obituario-deste-domingo-19-04-2026\\\/\",\"url\":\"https:\\\/\\\/ubirataonline.com.br\\\/falecimentos-em-curitiba-obituario-deste-domingo-19-04-2026\\\/\",\"name\":\"Falecimentos em Curitiba; Obitu\u00e1rio deste domingo, 19\\\/04\\\/2026 - Ubirat\u00e3 Online Not\u00edcias - A realidade ao seu alcance!\",\"isPartOf\":{\"@id\":\"https:\\\/\\\/ubirataonline.com.br\\\/#website\"},\"primaryImageOfPage\":{\"@id\":\"https:\\\/\\\/ubirataonline.com.br\\\/falecimentos-em-curitiba-obituario-deste-domingo-19-04-2026\\\/#primaryimage\"},\"image\":{\"@id\":\"https:\\\/\\\/ubirataonline.com.br\\\/falecimentos-em-curitiba-obituario-deste-domingo-19-04-2026\\\/#primaryimage\"},\"thumbnailUrl\":\"https:\\\/\\\/ubirataonline.com.br\\\/wp-content\\\/uploads\\\/2026\\\/04\\\/Falecimentos-em-Curitiba-Obituario-deste-domingo-19042026.jpg\",\"datePublished\":\"2026-04-19T13:57:51+00:00\",\"dateModified\":\"2026-04-19T13:57:53+00:00\",\"description\":\"Lista dos falecimentos e sepultamentos das \u00faltimas horas em Curitiba e regi\u00e3o. ALVARO ALBERTO RIBEIRO DA SILVA, 76 ano(s). Profiss\u00e3o: T\u00c9CNICO. C\u00f4njuge:\",\"breadcrumb\":{\"@id\":\"https:\\\/\\\/ubirataonline.com.br\\\/falecimentos-em-curitiba-obituario-deste-domingo-19-04-2026\\\/#breadcrumb\"},\"inLanguage\":\"en-US\",\"potentialAction\":[{\"@type\":\"ReadAction\",\"target\":[\"https:\\\/\\\/ubirataonline.com.br\\\/falecimentos-em-curitiba-obituario-deste-domingo-19-04-2026\\\/\"]}]},{\"@type\":\"ImageObject\",\"inLanguage\":\"en-US\",\"@id\":\"https:\\\/\\\/ubirataonline.com.br\\\/falecimentos-em-curitiba-obituario-deste-domingo-19-04-2026\\\/#primaryimage\",\"url\":\"https:\\\/\\\/ubirataonline.com.br\\\/wp-content\\\/uploads\\\/2026\\\/04\\\/Falecimentos-em-Curitiba-Obituario-deste-domingo-19042026.jpg\",\"contentUrl\":\"https:\\\/\\\/ubirataonline.com.br\\\/wp-content\\\/uploads\\\/2026\\\/04\\\/Falecimentos-em-Curitiba-Obituario-deste-domingo-19042026.jpg\",\"width\":1280,\"height\":960,\"caption\":\"Foto: Eduardo Luiz Klisiewicz \\\/ Tribuna do Paran\u00e1\"},{\"@type\":\"BreadcrumbList\",\"@id\":\"https:\\\/\\\/ubirataonline.com.br\\\/falecimentos-em-curitiba-obituario-deste-domingo-19-04-2026\\\/#breadcrumb\",\"itemListElement\":[{\"@type\":\"ListItem\",\"position\":1,\"name\":\"In\u00edcio\",\"item\":\"https:\\\/\\\/ubirataonline.com.br\\\/\"},{\"@type\":\"ListItem\",\"position\":2,\"name\":\"Falecimentos em Curitiba; Obitu\u00e1rio deste domingo, 19\\\/04\\\/2026\"}]},{\"@type\":\"WebSite\",\"@id\":\"https:\\\/\\\/ubirataonline.com.br\\\/#website\",\"url\":\"https:\\\/\\\/ubirataonline.com.br\\\/\",\"name\":\"Ubirat\u00e3 Online Not\u00edcias\",\"description\":\"Not\u00edcias de Ubirat\u00e3, regi\u00e3o, Brasil e mundo, com informa\u00e7\u00e3o atualizada e compromisso com o leitor.\",\"publisher\":{\"@id\":\"https:\\\/\\\/ubirataonline.com.br\\\/#organization\"},\"alternateName\":\"Ubirat\u00e3 Online\",\"potentialAction\":[{\"@type\":\"SearchAction\",\"target\":{\"@type\":\"EntryPoint\",\"urlTemplate\":\"https:\\\/\\\/ubirataonline.com.br\\\/?s={search_term_string}\"},\"query-input\":{\"@type\":\"PropertyValueSpecification\",\"valueRequired\":true,\"valueName\":\"search_term_string\"}}],\"inLanguage\":\"en-US\"},{\"@type\":[\"Organization\",\"Place\"],\"@id\":\"https:\\\/\\\/ubirataonline.com.br\\\/#organization\",\"name\":\"Ubirat\u00e3 Online Not\u00edcias\",\"alternateName\":\"Ubirat\u00e3 Online\",\"url\":\"https:\\\/\\\/ubirataonline.com.br\\\/\",\"logo\":{\"@id\":\"https:\\\/\\\/ubirataonline.com.br\\\/falecimentos-em-curitiba-obituario-deste-domingo-19-04-2026\\\/#local-main-organization-logo\"},\"image\":{\"@id\":\"https:\\\/\\\/ubirataonline.com.br\\\/falecimentos-em-curitiba-obituario-deste-domingo-19-04-2026\\\/#local-main-organization-logo\"},\"sameAs\":[\"https:\\\/\\\/www.facebook.com\\\/portalubirataonline\",\"https:\\\/\\\/x.com\\\/ubirataonline\",\"https:\\\/\\\/mastodon.social\\\/@ubirataonline\",\"https:\\\/\\\/www.facebook.com\\\/groups\\\/311144672285604\",\"https:\\\/\\\/www.facebook.com\\\/UBTAOnline\",\"https:\\\/\\\/www.instagram.com\\\/portalubirataonline\\\/\",\"https:\\\/\\\/twitter.com\\\/ubirataonline\"],\"description\":\"Somos um portal de not\u00edcias independente, criado em 5 de janeiro de 2009, com o objetivo de informar, conectar e valorizar a nossa comunidade de Ubirat\u00e3 e toda aregi\u00e3o. Com conte\u00fado atualizado, confi\u00e1vel e relevante, o Ubirat\u00e3 Online \u00e9 o seu espa\u00e7o para ficar por dentro dos principais acontecimentos locais, regionais, Brasil, Mundo e de interesse geral. Nosso compromisso \u00e9 com a verdade, a transpar\u00eancia e o respeito ao leitor.\",\"legalName\":\"UBIRATA ONLINE NOT\u00cdCIAS\",\"foundingDate\":\"2009-01-05\",\"numberOfEmployees\":{\"@type\":\"QuantitativeValue\",\"minValue\":\"1\",\"maxValue\":\"10\"},\"publishingPrinciples\":\"https:\\\/\\\/ubirataonline.com.br\\\/faq\\\/\",\"address\":{\"@id\":\"https:\\\/\\\/ubirataonline.com.br\\\/falecimentos-em-curitiba-obituario-deste-domingo-19-04-2026\\\/#local-main-place-address\"},\"geo\":{\"@type\":\"GeoCoordinates\",\"latitude\":\"-24.5361401\",\"longitude\":\"-52.9921776\"},\"telephone\":[\"+5544998308235\"],\"contactPoint\":{\"@type\":\"ContactPoint\",\"email\":\"contato@ubirataonline.com.br\"},\"openingHoursSpecification\":{\"@type\":\"OpeningHoursSpecification\",\"dayOfWeek\":[\"Monday\",\"Tuesday\",\"Wednesday\",\"Thursday\",\"Friday\",\"Saturday\",\"Sunday\"],\"opens\":\"00:00\",\"closes\":\"23:59\"},\"email\":\"contato@ubirataonline.com.br\",\"vatID\":\"47.621.418\\\/0001-80\"},{\"@type\":\"Person\",\"@id\":\"https:\\\/\\\/ubirataonline.com.br\\\/#\\\/schema\\\/person\\\/372f87bbd3fdd79b8556b84c98d0bc1c\",\"name\":\"REDA\u00c7\u00c3O: UBIRAT\u00c3 ONLINE - F\u00c1BIO AUGUSTO CELESTINO\",\"pronouns\":\"Ele\",\"description\":\"Desde 2003 trabalhando com not\u00edcias.\",\"sameAs\":[\"http:\\\/\\\/ubirataoline.com.br\",\"https:\\\/\\\/www.facebook.com\\\/portalubirataonline\",\"https:\\\/\\\/www.instagram.com\\\/ubirataonline_oficial\",\"https:\\\/\\\/x.com\\\/x.com\\\/ubirataonline\"],\"honorificPrefix\":\"Mr.\",\"honorificSuffix\":\"MD\",\"birthDate\":\"1980-06-16\",\"gender\":\"masculino\",\"award\":[\"V\u00e1rios pr\u00eamios de melhor portal da cidade\"],\"jobTitle\":\"Diretor\",\"url\":\"https:\\\/\\\/ubirataonline.com.br\\\/en\\\/author\\\/ubirataonline\\\/\"},{\"@type\":\"PostalAddress\",\"@id\":\"https:\\\/\\\/ubirataonline.com.br\\\/falecimentos-em-curitiba-obituario-deste-domingo-19-04-2026\\\/#local-main-place-address\",\"streetAddress\":\"Rua dos Coqueiros, 104 - Bairro Boa Vista, Rua dos Coqueiros, 104 Bairro Boa Vista\",\"addressLocality\":\"UBIRATA\",\"postalCode\":\"85440-000\",\"addressRegion\":\"PR\",\"addressCountry\":\"BR\"},{\"@type\":\"ImageObject\",\"inLanguage\":\"en-US\",\"@id\":\"https:\\\/\\\/ubirataonline.com.br\\\/falecimentos-em-curitiba-obituario-deste-domingo-19-04-2026\\\/#local-main-organization-logo\",\"url\":\"https:\\\/\\\/ubirataonline.com.br\\\/wp-content\\\/uploads\\\/2026\\\/06\\\/logoubirataonline-1.webp\",\"contentUrl\":\"https:\\\/\\\/ubirataonline.com.br\\\/wp-content\\\/uploads\\\/2026\\\/06\\\/logoubirataonline-1.webp\",\"width\":500,\"height\":500,\"caption\":\"Ubirat\u00e3 Online Not\u00edcias\"}]}<\/script>\n<meta name=\"geo.placename\" content=\"UBIRATA\" \/>\n<meta name=\"geo.position\" content=\"-24.5361401;-52.9921776\" \/>\n<meta name=\"geo.region\" content=\"Brazil\" \/>\n<!-- \/ Yoast SEO Premium plugin. -->","yoast_head_json":{"title":"Falecimentos em Curitiba; Obitu\u00e1rio deste domingo, 19\/04\/2026 - Ubirat\u00e3 Online Not\u00edcias - A realidade ao seu alcance!","description":"Lista dos falecimentos e sepultamentos das \u00faltimas horas em Curitiba e regi\u00e3o. ALVARO ALBERTO RIBEIRO DA SILVA, 76 ano(s). Profiss\u00e3o: T\u00c9CNICO. C\u00f4njuge:","robots":{"index":"index","follow":"follow","max-snippet":"max-snippet:-1","max-image-preview":"max-image-preview:large","max-video-preview":"max-video-preview:-1"},"canonical":"https:\/\/ubirataonline.com.br\/en\/falecimentos-em-curitiba-obituario-deste-domingo-19-04-2026\/","og_locale":"en_US","og_type":"article","og_title":"Falecimentos em Curitiba; Obitu\u00e1rio deste domingo, 19\/04\/2026","og_description":"Lista dos falecimentos e sepultamentos das \u00faltimas horas em Curitiba e regi\u00e3o. ALVARO ALBERTO RIBEIRO DA SILVA, 76 ano(s). Profiss\u00e3o: T\u00c9CNICO. C\u00f4njuge:","og_url":"https:\/\/ubirataonline.com.br\/en\/falecimentos-em-curitiba-obituario-deste-domingo-19-04-2026\/","og_site_name":"Ubirat\u00e3 Online Not\u00edcias - A realidade ao seu alcance!","article_publisher":"https:\/\/www.facebook.com\/portalubirataonline","article_author":"https:\/\/www.facebook.com\/portalubirataonline","article_published_time":"2026-04-19T13:57:51+00:00","article_modified_time":"2026-04-19T13:57:53+00:00","og_image":[{"width":1280,"height":960,"url":"https:\/\/ubirataonline.com.br\/wp-content\/uploads\/2026\/04\/Falecimentos-em-Curitiba-Obituario-deste-domingo-19042026.jpg","type":"image\/jpeg"}],"author":"REDA\u00c7\u00c3O: UBIRAT\u00c3 ONLINE - F\u00c1BIO AUGUSTO CELESTINO","twitter_card":"summary_large_image","twitter_creator":"@x.com\/ubirataonline","twitter_site":"@ubirataonline","twitter_misc":{"Written by":"REDA\u00c7\u00c3O: UBIRAT\u00c3 ONLINE - F\u00c1BIO AUGUSTO CELESTINO","Est. reading time":"8 minutes"},"schema":{"@context":"https:\/\/schema.org","@graph":[{"@type":"NewsArticle","@id":"https:\/\/ubirataonline.com.br\/falecimentos-em-curitiba-obituario-deste-domingo-19-04-2026\/#article","isPartOf":{"@id":"https:\/\/ubirataonline.com.br\/falecimentos-em-curitiba-obituario-deste-domingo-19-04-2026\/"},"author":{"name":"REDA\u00c7\u00c3O: UBIRAT\u00c3 ONLINE - F\u00c1BIO AUGUSTO CELESTINO","@id":"https:\/\/ubirataonline.com.br\/#\/schema\/person\/372f87bbd3fdd79b8556b84c98d0bc1c"},"headline":"Falecimentos em Curitiba; Obitu\u00e1rio deste domingo, 19\/04\/2026","datePublished":"2026-04-19T13:57:51+00:00","dateModified":"2026-04-19T13:57:53+00:00","mainEntityOfPage":{"@id":"https:\/\/ubirataonline.com.br\/falecimentos-em-curitiba-obituario-deste-domingo-19-04-2026\/"},"wordCount":1632,"publisher":{"@id":"https:\/\/ubirataonline.com.br\/#organization"},"image":{"@id":"https:\/\/ubirataonline.com.br\/falecimentos-em-curitiba-obituario-deste-domingo-19-04-2026\/#primaryimage"},"thumbnailUrl":"https:\/\/ubirataonline.com.br\/wp-content\/uploads\/2026\/04\/Falecimentos-em-Curitiba-Obituario-deste-domingo-19042026.jpg","keywords":["Curitiba","deste","domingo","falecimentos","Obitu\u00e1rio"],"articleSection":["Ubirat\u00e3"],"inLanguage":"en-US","copyrightYear":"2026","copyrightHolder":{"@id":"https:\/\/ubirataonline.com.br\/en\/#organization"}},{"@type":"WebPage","@id":"https:\/\/ubirataonline.com.br\/falecimentos-em-curitiba-obituario-deste-domingo-19-04-2026\/","url":"https:\/\/ubirataonline.com.br\/falecimentos-em-curitiba-obituario-deste-domingo-19-04-2026\/","name":"Falecimentos em Curitiba; Obitu\u00e1rio deste domingo, 19\/04\/2026 - Ubirat\u00e3 Online Not\u00edcias - A realidade ao seu alcance!","isPartOf":{"@id":"https:\/\/ubirataonline.com.br\/#website"},"primaryImageOfPage":{"@id":"https:\/\/ubirataonline.com.br\/falecimentos-em-curitiba-obituario-deste-domingo-19-04-2026\/#primaryimage"},"image":{"@id":"https:\/\/ubirataonline.com.br\/falecimentos-em-curitiba-obituario-deste-domingo-19-04-2026\/#primaryimage"},"thumbnailUrl":"https:\/\/ubirataonline.com.br\/wp-content\/uploads\/2026\/04\/Falecimentos-em-Curitiba-Obituario-deste-domingo-19042026.jpg","datePublished":"2026-04-19T13:57:51+00:00","dateModified":"2026-04-19T13:57:53+00:00","description":"Lista dos falecimentos e sepultamentos das \u00faltimas horas em Curitiba e regi\u00e3o. ALVARO ALBERTO RIBEIRO DA SILVA, 76 ano(s). Profiss\u00e3o: T\u00c9CNICO. C\u00f4njuge:","breadcrumb":{"@id":"https:\/\/ubirataonline.com.br\/falecimentos-em-curitiba-obituario-deste-domingo-19-04-2026\/#breadcrumb"},"inLanguage":"en-US","potentialAction":[{"@type":"ReadAction","target":["https:\/\/ubirataonline.com.br\/falecimentos-em-curitiba-obituario-deste-domingo-19-04-2026\/"]}]},{"@type":"ImageObject","inLanguage":"en-US","@id":"https:\/\/ubirataonline.com.br\/falecimentos-em-curitiba-obituario-deste-domingo-19-04-2026\/#primaryimage","url":"https:\/\/ubirataonline.com.br\/wp-content\/uploads\/2026\/04\/Falecimentos-em-Curitiba-Obituario-deste-domingo-19042026.jpg","contentUrl":"https:\/\/ubirataonline.com.br\/wp-content\/uploads\/2026\/04\/Falecimentos-em-Curitiba-Obituario-deste-domingo-19042026.jpg","width":1280,"height":960,"caption":"Foto: Eduardo Luiz Klisiewicz \/ Tribuna do Paran\u00e1"},{"@type":"BreadcrumbList","@id":"https:\/\/ubirataonline.com.br\/falecimentos-em-curitiba-obituario-deste-domingo-19-04-2026\/#breadcrumb","itemListElement":[{"@type":"ListItem","position":1,"name":"In\u00edcio","item":"https:\/\/ubirataonline.com.br\/"},{"@type":"ListItem","position":2,"name":"Falecimentos em Curitiba; Obitu\u00e1rio deste domingo, 19\/04\/2026"}]},{"@type":"WebSite","@id":"https:\/\/ubirataonline.com.br\/#website","url":"https:\/\/ubirataonline.com.br\/","name":"Ubirat\u00e3 Online Not\u00edcias","description":"Not\u00edcias de Ubirat\u00e3, regi\u00e3o, Brasil e mundo, com informa\u00e7\u00e3o atualizada e compromisso com o leitor.","publisher":{"@id":"https:\/\/ubirataonline.com.br\/#organization"},"alternateName":"Ubirat\u00e3 Online","potentialAction":[{"@type":"SearchAction","target":{"@type":"EntryPoint","urlTemplate":"https:\/\/ubirataonline.com.br\/?s={search_term_string}"},"query-input":{"@type":"PropertyValueSpecification","valueRequired":true,"valueName":"search_term_string"}}],"inLanguage":"en-US"},{"@type":["Organization","Place"],"@id":"https:\/\/ubirataonline.com.br\/#organization","name":"Ubirat\u00e3 Online Not\u00edcias","alternateName":"Ubirat\u00e3 Online","url":"https:\/\/ubirataonline.com.br\/","logo":{"@id":"https:\/\/ubirataonline.com.br\/falecimentos-em-curitiba-obituario-deste-domingo-19-04-2026\/#local-main-organization-logo"},"image":{"@id":"https:\/\/ubirataonline.com.br\/falecimentos-em-curitiba-obituario-deste-domingo-19-04-2026\/#local-main-organization-logo"},"sameAs":["https:\/\/www.facebook.com\/portalubirataonline","https:\/\/x.com\/ubirataonline","https:\/\/mastodon.social\/@ubirataonline","https:\/\/www.facebook.com\/groups\/311144672285604","https:\/\/www.facebook.com\/UBTAOnline","https:\/\/www.instagram.com\/portalubirataonline\/","https:\/\/twitter.com\/ubirataonline"],"description":"Somos um portal de not\u00edcias independente, criado em 5 de janeiro de 2009, com o objetivo de informar, conectar e valorizar a nossa comunidade de Ubirat\u00e3 e toda aregi\u00e3o. Com conte\u00fado atualizado, confi\u00e1vel e relevante, o Ubirat\u00e3 Online \u00e9 o seu espa\u00e7o para ficar por dentro dos principais acontecimentos locais, regionais, Brasil, Mundo e de interesse geral. Nosso compromisso \u00e9 com a verdade, a transpar\u00eancia e o respeito ao leitor.","legalName":"UBIRATA ONLINE NOT\u00cdCIAS","foundingDate":"2009-01-05","numberOfEmployees":{"@type":"QuantitativeValue","minValue":"1","maxValue":"10"},"publishingPrinciples":"https:\/\/ubirataonline.com.br\/faq\/","address":{"@id":"https:\/\/ubirataonline.com.br\/falecimentos-em-curitiba-obituario-deste-domingo-19-04-2026\/#local-main-place-address"},"geo":{"@type":"GeoCoordinates","latitude":"-24.5361401","longitude":"-52.9921776"},"telephone":["+5544998308235"],"contactPoint":{"@type":"ContactPoint","email":"contato@ubirataonline.com.br"},"openingHoursSpecification":{"@type":"OpeningHoursSpecification","dayOfWeek":["Monday","Tuesday","Wednesday","Thursday","Friday","Saturday","Sunday"],"opens":"00:00","closes":"23:59"},"email":"contato@ubirataonline.com.br","vatID":"47.621.418\/0001-80"},{"@type":"Person","@id":"https:\/\/ubirataonline.com.br\/#\/schema\/person\/372f87bbd3fdd79b8556b84c98d0bc1c","name":"REDA\u00c7\u00c3O: UBIRAT\u00c3 ONLINE - F\u00c1BIO AUGUSTO CELESTINO","pronouns":"Ele","description":"Desde 2003 trabalhando com not\u00edcias.","sameAs":["http:\/\/ubirataoline.com.br","https:\/\/www.facebook.com\/portalubirataonline","https:\/\/www.instagram.com\/ubirataonline_oficial","https:\/\/x.com\/x.com\/ubirataonline"],"honorificPrefix":"Mr.","honorificSuffix":"MD","birthDate":"1980-06-16","gender":"masculino","award":["V\u00e1rios pr\u00eamios de melhor portal da cidade"],"jobTitle":"Diretor","url":"https:\/\/ubirataonline.com.br\/en\/author\/ubirataonline\/"},{"@type":"PostalAddress","@id":"https:\/\/ubirataonline.com.br\/falecimentos-em-curitiba-obituario-deste-domingo-19-04-2026\/#local-main-place-address","streetAddress":"Rua dos Coqueiros, 104 - Bairro Boa Vista, Rua dos Coqueiros, 104 Bairro Boa Vista","addressLocality":"UBIRATA","postalCode":"85440-000","addressRegion":"PR","addressCountry":"BR"},{"@type":"ImageObject","inLanguage":"en-US","@id":"https:\/\/ubirataonline.com.br\/falecimentos-em-curitiba-obituario-deste-domingo-19-04-2026\/#local-main-organization-logo","url":"https:\/\/ubirataonline.com.br\/wp-content\/uploads\/2026\/06\/logoubirataonline-1.webp","contentUrl":"https:\/\/ubirataonline.com.br\/wp-content\/uploads\/2026\/06\/logoubirataonline-1.webp","width":500,"height":500,"caption":"Ubirat\u00e3 Online Not\u00edcias"}]},"geo.placename":"UBIRATA","geo.position":{"lat":"-24.5361401","long":"-52.9921776"},"geo.region":"Brazil"},"_links":{"self":[{"href":"https:\/\/ubirataonline.com.br\/en\/wp-json\/wp\/v2\/posts\/111867","targetHints":{"allow":["GET"]}}],"collection":[{"href":"https:\/\/ubirataonline.com.br\/en\/wp-json\/wp\/v2\/posts"}],"about":[{"href":"https:\/\/ubirataonline.com.br\/en\/wp-json\/wp\/v2\/types\/post"}],"author":[{"embeddable":true,"href":"https:\/\/ubirataonline.com.br\/en\/wp-json\/wp\/v2\/users\/1"}],"replies":[{"embeddable":true,"href":"https:\/\/ubirataonline.com.br\/en\/wp-json\/wp\/v2\/comments?post=111867"}],"version-history":[{"count":0,"href":"https:\/\/ubirataonline.com.br\/en\/wp-json\/wp\/v2\/posts\/111867\/revisions"}],"wp:featuredmedia":[{"embeddable":true,"href":"https:\/\/ubirataonline.com.br\/en\/wp-json\/wp\/v2\/media\/111868"}],"wp:attachment":[{"href":"https:\/\/ubirataonline.com.br\/en\/wp-json\/wp\/v2\/media?parent=111867"}],"wp:term":[{"taxonomy":"category","embeddable":true,"href":"https:\/\/ubirataonline.com.br\/en\/wp-json\/wp\/v2\/categories?post=111867"},{"taxonomy":"post_tag","embeddable":true,"href":"https:\/\/ubirataonline.com.br\/en\/wp-json\/wp\/v2\/tags?post=111867"}],"curies":[{"name":"wp","href":"https:\/\/api.w.org\/{rel}","templated":true}]}}