{"id":112351,"date":"2026-04-19T21:23:49","date_gmt":"2026-04-20T00:23:49","guid":{"rendered":"https:\/\/ubirataonline.com.br\/a-solidao-do-clero-o-sofrimento-de-padres-e-bispos-no-brasil\/"},"modified":"2026-04-19T21:23:52","modified_gmt":"2026-04-20T00:23:52","slug":"a-solidao-do-clero-o-sofrimento-de-padres-e-bispos-no-brasil","status":"publish","type":"post","link":"https:\/\/ubirataonline.com.br\/en\/a-solidao-do-clero-o-sofrimento-de-padres-e-bispos-no-brasil\/","title":{"rendered":"A solid\u00e3o do clero: o sofrimento de padres e bispos no Brasil"},"content":{"rendered":"<p><\/p>\n<p>O texto de padre Wladimir, da Diocese de S\u00e3o Jo\u00e3o da Boa Vista (SP), revela um quadro claro: a solid\u00e3o clerical \u00e9 real, profunda e tem impacto direto na sa\u00fade mental do clero. A falta de apoio institucional, psicol\u00f3gico e comunit\u00e1rio agrava o sofrimento e aumenta a vulnerabilidade emocional. <\/p>\n<div>\n<p>Ele anima e administra a Par\u00f3quia\/Diocese, celebra os sacramentos, cuida e aconselha fam\u00edlias\/padres, assume o compromisso evang\u00e9lico de cuidar do \u201cpovo de Deus\u201d. Est\u00e1 sempre cercado de gente. Mas, quando fecha a porta da sua resid\u00eancia, o sil\u00eancio pode pesar. Essa \u00e9 a realidade de muitos padres e bispos brasileiros, cuja solid\u00e3o raramente chega ao conhecimento p\u00fablico. O padre Wladimir Porreca, psic\u00f3logo e pesquisador da UnB, decidiu investigar esse fen\u00f4meno que cresce dentro da Igreja.<\/p>\n<p>A solid\u00e3o, reconhecida pela Organiza\u00e7\u00e3o Mundial da Sa\u00fade (OMS) como um problema global de sa\u00fade p\u00fablica, atinge uma em cada seis pessoas no mundo e est\u00e1 associada a mais de 871 mil mortes anuais. No Brasil, metade da popula\u00e7\u00e3o afirma sentir-se solit\u00e1ria. Entre padres e bispos, essa realidade assume contornos ainda mais complexos \u2014 e silenciosos.<\/p>\n<p>Segundo a OMS, a solid\u00e3o \u00e9 \u201cuma experi\u00eancia subjetiva de desconex\u00e3o emocional ou social, marcada pela percep\u00e7\u00e3o de que os v\u00ednculos dispon\u00edveis s\u00e3o insuficientes em qualidade, profundidade ou significado\u201d. N\u00e3o se trata da aus\u00eancia de pessoas, mas da falta de pertencimento. E \u00e9 justamente essa sensa\u00e7\u00e3o que tem atravessado a vida de muitos ministros ordenados.<\/p>\n<p>Uma solid\u00e3o que \u201cveste batina\u201d<\/p>\n<p>Pesquisas recentes mostram que a solid\u00e3o clerical nasce da combina\u00e7\u00e3o de fatores pessoais, espirituais, pastorais e estruturais. Ela est\u00e1 ligada \u00e0 hist\u00f3ria de vida, \u00e0s necessidades afetivas e \u00e0 maturidade emocional do ministro ordenado mas tamb\u00e9m ao estilo de vida exigido pelo minist\u00e9rio, \u00e0 estrutura hier\u00e1rquica r\u00edgida e \u00e0 falta de v\u00ednculos comunit\u00e1rios s\u00f3lidos.<\/p>\n<p>Estudos apontam que padres e bispos experimentam diferentes formas de solid\u00e3o: afetiva, espiritual, institucional e pastoral. Ocorre uma desconex\u00e3o emocional aparece quando o ministro \u201cescuta todos, mas n\u00e3o encontra quem o escute\u201d. A cultura de sil\u00eancio sobre fragilidades e a expectativa de fortaleza constante impedem a partilha de vulnerabilidades. Bem como, uma desconex\u00e3o social que se manifesta na percep\u00e7\u00e3o de n\u00e3o pertencer a lugar algum. Muitos vivem isolados em casas e \u201cpal\u00e1cios episcopais\u201d, sem conviv\u00eancia cotidiana com outros padres e bispos. \u201cEssa experi\u00eancia pode ocorrer tanto por isolamento geogr\u00e1fico quanto emocional\u201d, afirma um trecho do documento analisado.<\/p>\n<p>Transfer\u00eancias que ferem<\/p>\n<p>Mudan\u00e7as de par\u00f3quia ou diocese, comuns na vida do clero, podem intensificar a solid\u00e3o quando conduzidas sem di\u00e1logo ou sensibilidade pastoral. Transfer\u00eancias abruptas geram ressentimento, sensa\u00e7\u00e3o de desvaloriza\u00e7\u00e3o e at\u00e9 percep\u00e7\u00e3o de persegui\u00e7\u00e3o.<\/p>\n<p>Quando o padre ou o bispo n\u00e3o participa do discernimento, sente-se tratado como \u201crecurso humano\u201d, e n\u00e3o como sujeito pastoral. A sa\u00edda de uma comunidade implica abandonar v\u00ednculos constru\u00eddos ao longo de anos \u2014 e isso pode pesar e comprometer a sa\u00fade mental. A adapta\u00e7\u00e3o ao novo local tamb\u00e9m \u00e9 desafiadora. Cada par\u00f3quia \/diocese tem sua pr\u00f3pria cultura e expectativas. Sem apoio emocional, espiritual e institucional, o ministro pode viver a transi\u00e7\u00e3o com inseguran\u00e7a e isolamento.<\/p>\n<p>Celibato: escolha espiritual, risco emocional<\/p>\n<p>O celibato, embora teologicamente fundamentado, pode favorecer a solid\u00e3o quando n\u00e3o \u00e9 sustentado por v\u00ednculos fraternos e comunit\u00e1rios. Sem uma rede de apoio, o ministro ordenado corre o risco de viver o celibato como priva\u00e7\u00e3o afetiva, e n\u00e3o como escolha fecunda. A aus\u00eancia de intimidade emocional cont\u00ednua, de partilha de vulnerabilidades e de apoio cotidiano pode gerar vazio afetivo e abrir espa\u00e7o para compensa\u00e7\u00f5es inadequadas ou v\u00ednculos pouco saud\u00e1veis.<\/p>\n<p>Entre sofrimento e amadurecimento<\/p>\n<p>A solid\u00e3o clerical pode ser emocional, social, institucional, espiritual ou pastoral. E se agrava quando o ministro vive sozinho, n\u00e3o tem fraternidade, \u00e9 transferido sem di\u00e1logo ou carrega expectativas irreais de perfei\u00e7\u00e3o.<\/p>\n<p>Mas a solid\u00e3o tamb\u00e9m pode ser caminho de crescimento. Quando bem elaborada, tornase espa\u00e7o de autoconhecimento, liberdade interior e encontro com o transcendente. Como lembra Edith Stein (1017), citada no documento, a interioridade pode ser lugar de integra\u00e7\u00e3o e maturidade espiritual.<\/p>\n<p>Um chamado urgente ao cuidado<\/p>\n<p>O texto de padre Wladimir, Diocese de S\u00e3o Jo\u00e3o da Boa Vista\/SP\/Brasil revela um quadro claro: a solid\u00e3o clerical \u00e9 real, profunda e tem impacto direto na sa\u00fade mental do clero. A falta de apoio institucional, psicol\u00f3gico e comunit\u00e1rio agrava o sofrimento e aumenta a vulnerabilidade emocional. Especialistas defendem que a Igreja precisa ampliar o investimento em estruturas e din\u00e2micas de cuidado integral, acompanhamento psicol\u00f3gico, fraternidade clerical e processos de transfer\u00eancia mais humanos e transparentes.<\/p>\n<p>A sa\u00fade mental dos ministros ordenados n\u00e3o \u00e9 apenas uma quest\u00e3o individual \u2014 \u00e9 um desafio pastoral, institucional e comunit\u00e1rio. E, como mostram os dados, um desafio urgente e evang\u00e9lico.<\/p>\n<\/div>\n<p><a href=\"https:\/\/www.vaticannews.va\/pt\/igreja\/news\/2026-04\/brasil-solidao-sofrimento-padres-bispos.html\">Fonte do Artigo <\/a><\/p>","protected":false},"excerpt":{"rendered":"<p>O texto de padre Wladimir, da Diocese de S\u00e3o Jo\u00e3o da Boa Vista (SP), revela um quadro claro: a solid\u00e3o clerical \u00e9 real, profunda e tem impacto direto na sa\u00fade mental do clero. A falta de apoio institucional, psicol\u00f3gico e comunit\u00e1rio agrava o sofrimento e aumenta a vulnerabilidade emocional. Ele anima e administra a Par\u00f3quia\/Diocese, [&hellip;]<\/p>\n","protected":false},"author":1,"featured_media":112352,"comment_status":"closed","ping_status":"","sticky":false,"template":"","format":"standard","meta":{"googlesitekit_rrm_CAow2JLhCw:productID":"","_gspb_post_css":"","maa_idioma":"","maa_pais":"","footnotes":""},"categories":[4],"tags":[30178,272,30176,3432,30177,30175],"class_list":["post-112351","post","type-post","status-publish","format-standard","has-post-thumbnail","hentry","category-brasil","tag-bispos","tag-brasil","tag-clero","tag-padres","tag-sofrimento","tag-solidao"],"blocksy_meta":[],"yoast_head":"<!-- This site is optimized with the Yoast SEO Premium plugin v27.6 (Yoast SEO v27.6) - https:\/\/yoast.com\/product\/yoast-seo-premium-wordpress\/ -->\n<title>A solid\u00e3o do clero: o sofrimento de padres e bispos no Brasil - Ubirat\u00e3 Online Not\u00edcias - A realidade ao seu alcance!<\/title>\n<meta name=\"description\" content=\"O texto de padre Wladimir, da Diocese de S\u00e3o Jo\u00e3o da Boa Vista (SP), revela um quadro claro: a solid\u00e3o clerical \u00e9 real, profunda e tem impacto direto na\" \/>\n<meta name=\"robots\" content=\"index, follow, max-snippet:-1, max-image-preview:large, max-video-preview:-1\" \/>\n<link rel=\"canonical\" href=\"https:\/\/ubirataonline.com.br\/en\/a-solidao-do-clero-o-sofrimento-de-padres-e-bispos-no-brasil\/\" \/>\n<meta property=\"og:locale\" content=\"en_US\" \/>\n<meta property=\"og:type\" content=\"article\" \/>\n<meta property=\"og:title\" content=\"A solid\u00e3o do clero: o sofrimento de padres e bispos no Brasil\" \/>\n<meta property=\"og:description\" content=\"O texto de padre Wladimir, da Diocese de S\u00e3o Jo\u00e3o da Boa Vista (SP), revela um quadro claro: a solid\u00e3o clerical \u00e9 real, profunda e tem impacto direto na\" \/>\n<meta property=\"og:url\" content=\"https:\/\/ubirataonline.com.br\/en\/a-solidao-do-clero-o-sofrimento-de-padres-e-bispos-no-brasil\/\" \/>\n<meta property=\"og:site_name\" content=\"Ubirat\u00e3 Online Not\u00edcias - A realidade ao seu alcance!\" \/>\n<meta property=\"article:publisher\" content=\"https:\/\/www.facebook.com\/portalubirataonline\" \/>\n<meta property=\"article:author\" content=\"https:\/\/www.facebook.com\/portalubirataonline\" \/>\n<meta property=\"article:published_time\" content=\"2026-04-20T00:23:49+00:00\" \/>\n<meta property=\"article:modified_time\" content=\"2026-04-20T00:23:52+00:00\" \/>\n<meta property=\"og:image\" content=\"https:\/\/ubirataonline.com.br\/wp-content\/uploads\/2026\/04\/A-solidao-do-clero-o-sofrimento-de-padres-e-bispos.jpeg\" \/>\n\t<meta property=\"og:image:width\" content=\"1500\" \/>\n\t<meta property=\"og:image:height\" content=\"844\" \/>\n\t<meta property=\"og:image:type\" content=\"image\/jpeg\" \/>\n<meta name=\"author\" content=\"REDA\u00c7\u00c3O: UBIRAT\u00c3 ONLINE - F\u00c1BIO AUGUSTO CELESTINO\" \/>\n<meta name=\"twitter:card\" content=\"summary_large_image\" \/>\n<meta name=\"twitter:creator\" content=\"@x.com\/ubirataonline\" \/>\n<meta name=\"twitter:site\" content=\"@ubirataonline\" \/>\n<meta name=\"twitter:label1\" content=\"Written by\" \/>\n\t<meta name=\"twitter:data1\" content=\"REDA\u00c7\u00c3O: UBIRAT\u00c3 ONLINE - F\u00c1BIO AUGUSTO CELESTINO\" \/>\n\t<meta name=\"twitter:label2\" content=\"Est. reading time\" \/>\n\t<meta name=\"twitter:data2\" content=\"4 minutes\" \/>\n<script type=\"application\/ld+json\" class=\"yoast-schema-graph\">{\"@context\":\"https:\\\/\\\/schema.org\",\"@graph\":[{\"@type\":\"NewsArticle\",\"@id\":\"https:\\\/\\\/ubirataonline.com.br\\\/a-solidao-do-clero-o-sofrimento-de-padres-e-bispos-no-brasil\\\/#article\",\"isPartOf\":{\"@id\":\"https:\\\/\\\/ubirataonline.com.br\\\/a-solidao-do-clero-o-sofrimento-de-padres-e-bispos-no-brasil\\\/\"},\"author\":{\"name\":\"REDA\u00c7\u00c3O: UBIRAT\u00c3 ONLINE - F\u00c1BIO AUGUSTO CELESTINO\",\"@id\":\"https:\\\/\\\/ubirataonline.com.br\\\/#\\\/schema\\\/person\\\/372f87bbd3fdd79b8556b84c98d0bc1c\"},\"headline\":\"A solid\u00e3o do clero: o sofrimento de padres e bispos no Brasil\",\"datePublished\":\"2026-04-20T00:23:49+00:00\",\"dateModified\":\"2026-04-20T00:23:52+00:00\",\"mainEntityOfPage\":{\"@id\":\"https:\\\/\\\/ubirataonline.com.br\\\/a-solidao-do-clero-o-sofrimento-de-padres-e-bispos-no-brasil\\\/\"},\"wordCount\":875,\"publisher\":{\"@id\":\"https:\\\/\\\/ubirataonline.com.br\\\/#organization\"},\"image\":{\"@id\":\"https:\\\/\\\/ubirataonline.com.br\\\/a-solidao-do-clero-o-sofrimento-de-padres-e-bispos-no-brasil\\\/#primaryimage\"},\"thumbnailUrl\":\"https:\\\/\\\/ubirataonline.com.br\\\/wp-content\\\/uploads\\\/2026\\\/04\\\/A-solidao-do-clero-o-sofrimento-de-padres-e-bispos.jpeg\",\"keywords\":[\"bispos\",\"Brasil\",\"clero\",\"Padres\",\"sofrimento\",\"solid\u00e3o\"],\"articleSection\":[\"Brasil\"],\"inLanguage\":\"en-US\",\"copyrightYear\":\"2026\",\"copyrightHolder\":{\"@id\":\"https:\\\/\\\/ubirataonline.com.br\\\/en\\\/#organization\"}},{\"@type\":\"WebPage\",\"@id\":\"https:\\\/\\\/ubirataonline.com.br\\\/a-solidao-do-clero-o-sofrimento-de-padres-e-bispos-no-brasil\\\/\",\"url\":\"https:\\\/\\\/ubirataonline.com.br\\\/a-solidao-do-clero-o-sofrimento-de-padres-e-bispos-no-brasil\\\/\",\"name\":\"A solid\u00e3o do clero: o sofrimento de padres e bispos no Brasil - Ubirat\u00e3 Online Not\u00edcias - A realidade ao seu alcance!\",\"isPartOf\":{\"@id\":\"https:\\\/\\\/ubirataonline.com.br\\\/#website\"},\"primaryImageOfPage\":{\"@id\":\"https:\\\/\\\/ubirataonline.com.br\\\/a-solidao-do-clero-o-sofrimento-de-padres-e-bispos-no-brasil\\\/#primaryimage\"},\"image\":{\"@id\":\"https:\\\/\\\/ubirataonline.com.br\\\/a-solidao-do-clero-o-sofrimento-de-padres-e-bispos-no-brasil\\\/#primaryimage\"},\"thumbnailUrl\":\"https:\\\/\\\/ubirataonline.com.br\\\/wp-content\\\/uploads\\\/2026\\\/04\\\/A-solidao-do-clero-o-sofrimento-de-padres-e-bispos.jpeg\",\"datePublished\":\"2026-04-20T00:23:49+00:00\",\"dateModified\":\"2026-04-20T00:23:52+00:00\",\"description\":\"O texto de padre Wladimir, da Diocese de S\u00e3o Jo\u00e3o da Boa Vista (SP), revela um quadro claro: a solid\u00e3o clerical \u00e9 real, profunda e tem impacto direto na\",\"breadcrumb\":{\"@id\":\"https:\\\/\\\/ubirataonline.com.br\\\/a-solidao-do-clero-o-sofrimento-de-padres-e-bispos-no-brasil\\\/#breadcrumb\"},\"inLanguage\":\"en-US\",\"potentialAction\":[{\"@type\":\"ReadAction\",\"target\":[\"https:\\\/\\\/ubirataonline.com.br\\\/a-solidao-do-clero-o-sofrimento-de-padres-e-bispos-no-brasil\\\/\"]}]},{\"@type\":\"ImageObject\",\"inLanguage\":\"en-US\",\"@id\":\"https:\\\/\\\/ubirataonline.com.br\\\/a-solidao-do-clero-o-sofrimento-de-padres-e-bispos-no-brasil\\\/#primaryimage\",\"url\":\"https:\\\/\\\/ubirataonline.com.br\\\/wp-content\\\/uploads\\\/2026\\\/04\\\/A-solidao-do-clero-o-sofrimento-de-padres-e-bispos.jpeg\",\"contentUrl\":\"https:\\\/\\\/ubirataonline.com.br\\\/wp-content\\\/uploads\\\/2026\\\/04\\\/A-solidao-do-clero-o-sofrimento-de-padres-e-bispos.jpeg\",\"width\":1500,\"height\":844,\"caption\":\"A solid\u00e3o do clero: o sofrimento de padres e bispos no Brasil\"},{\"@type\":\"BreadcrumbList\",\"@id\":\"https:\\\/\\\/ubirataonline.com.br\\\/a-solidao-do-clero-o-sofrimento-de-padres-e-bispos-no-brasil\\\/#breadcrumb\",\"itemListElement\":[{\"@type\":\"ListItem\",\"position\":1,\"name\":\"In\u00edcio\",\"item\":\"https:\\\/\\\/ubirataonline.com.br\\\/\"},{\"@type\":\"ListItem\",\"position\":2,\"name\":\"A solid\u00e3o do clero: o sofrimento de padres e bispos no Brasil\"}]},{\"@type\":\"WebSite\",\"@id\":\"https:\\\/\\\/ubirataonline.com.br\\\/#website\",\"url\":\"https:\\\/\\\/ubirataonline.com.br\\\/\",\"name\":\"Ubirat\u00e3 Online Not\u00edcias\",\"description\":\"Not\u00edcias de Ubirat\u00e3, regi\u00e3o, Brasil e mundo, com informa\u00e7\u00e3o atualizada e compromisso com o leitor.\",\"publisher\":{\"@id\":\"https:\\\/\\\/ubirataonline.com.br\\\/#organization\"},\"alternateName\":\"Ubirat\u00e3 Online\",\"potentialAction\":[{\"@type\":\"SearchAction\",\"target\":{\"@type\":\"EntryPoint\",\"urlTemplate\":\"https:\\\/\\\/ubirataonline.com.br\\\/?s={search_term_string}\"},\"query-input\":{\"@type\":\"PropertyValueSpecification\",\"valueRequired\":true,\"valueName\":\"search_term_string\"}}],\"inLanguage\":\"en-US\"},{\"@type\":[\"Organization\",\"Place\"],\"@id\":\"https:\\\/\\\/ubirataonline.com.br\\\/#organization\",\"name\":\"Ubirat\u00e3 Online Not\u00edcias\",\"alternateName\":\"Ubirat\u00e3 Online\",\"url\":\"https:\\\/\\\/ubirataonline.com.br\\\/\",\"logo\":{\"@id\":\"https:\\\/\\\/ubirataonline.com.br\\\/a-solidao-do-clero-o-sofrimento-de-padres-e-bispos-no-brasil\\\/#local-main-organization-logo\"},\"image\":{\"@id\":\"https:\\\/\\\/ubirataonline.com.br\\\/a-solidao-do-clero-o-sofrimento-de-padres-e-bispos-no-brasil\\\/#local-main-organization-logo\"},\"sameAs\":[\"https:\\\/\\\/www.facebook.com\\\/portalubirataonline\",\"https:\\\/\\\/x.com\\\/ubirataonline\",\"https:\\\/\\\/mastodon.social\\\/@ubirataonline\",\"https:\\\/\\\/www.facebook.com\\\/groups\\\/311144672285604\",\"https:\\\/\\\/www.facebook.com\\\/UBTAOnline\",\"https:\\\/\\\/www.instagram.com\\\/portalubirataonline\\\/\",\"https:\\\/\\\/twitter.com\\\/ubirataonline\"],\"description\":\"Somos um portal de not\u00edcias independente, criado em 5 de janeiro de 2009, com o objetivo de informar, conectar e valorizar a nossa comunidade de Ubirat\u00e3 e toda aregi\u00e3o. Com conte\u00fado atualizado, confi\u00e1vel e relevante, o Ubirat\u00e3 Online \u00e9 o seu espa\u00e7o para ficar por dentro dos principais acontecimentos locais, regionais, Brasil, Mundo e de interesse geral. Nosso compromisso \u00e9 com a verdade, a transpar\u00eancia e o respeito ao leitor.\",\"legalName\":\"UBIRATA ONLINE NOT\u00cdCIAS\",\"foundingDate\":\"2009-01-05\",\"numberOfEmployees\":{\"@type\":\"QuantitativeValue\",\"minValue\":\"1\",\"maxValue\":\"10\"},\"publishingPrinciples\":\"https:\\\/\\\/ubirataonline.com.br\\\/faq\\\/\",\"address\":{\"@id\":\"https:\\\/\\\/ubirataonline.com.br\\\/a-solidao-do-clero-o-sofrimento-de-padres-e-bispos-no-brasil\\\/#local-main-place-address\"},\"geo\":{\"@type\":\"GeoCoordinates\",\"latitude\":\"-24.5361401\",\"longitude\":\"-52.9921776\"},\"telephone\":[\"+5544998308235\"],\"contactPoint\":{\"@type\":\"ContactPoint\",\"email\":\"contato@ubirataonline.com.br\"},\"openingHoursSpecification\":{\"@type\":\"OpeningHoursSpecification\",\"dayOfWeek\":[\"Monday\",\"Tuesday\",\"Wednesday\",\"Thursday\",\"Friday\",\"Saturday\",\"Sunday\"],\"opens\":\"00:00\",\"closes\":\"23:59\"},\"email\":\"contato@ubirataonline.com.br\",\"vatID\":\"47.621.418\\\/0001-80\"},{\"@type\":\"Person\",\"@id\":\"https:\\\/\\\/ubirataonline.com.br\\\/#\\\/schema\\\/person\\\/372f87bbd3fdd79b8556b84c98d0bc1c\",\"name\":\"REDA\u00c7\u00c3O: UBIRAT\u00c3 ONLINE - F\u00c1BIO AUGUSTO CELESTINO\",\"pronouns\":\"Ele\",\"description\":\"Desde 2003 trabalhando com not\u00edcias.\",\"sameAs\":[\"http:\\\/\\\/ubirataoline.com.br\",\"https:\\\/\\\/www.facebook.com\\\/portalubirataonline\",\"https:\\\/\\\/www.instagram.com\\\/ubirataonline_oficial\",\"https:\\\/\\\/x.com\\\/x.com\\\/ubirataonline\"],\"honorificPrefix\":\"Mr.\",\"honorificSuffix\":\"MD\",\"birthDate\":\"1980-06-16\",\"gender\":\"masculino\",\"award\":[\"V\u00e1rios pr\u00eamios de melhor portal da cidade\"],\"jobTitle\":\"Diretor\",\"url\":\"https:\\\/\\\/ubirataonline.com.br\\\/en\\\/author\\\/ubirataonline\\\/\"},{\"@type\":\"PostalAddress\",\"@id\":\"https:\\\/\\\/ubirataonline.com.br\\\/a-solidao-do-clero-o-sofrimento-de-padres-e-bispos-no-brasil\\\/#local-main-place-address\",\"streetAddress\":\"Rua dos Coqueiros, 104 - Bairro Boa Vista, Rua dos Coqueiros, 104 Bairro Boa Vista\",\"addressLocality\":\"UBIRATA\",\"postalCode\":\"85440-000\",\"addressRegion\":\"PR\",\"addressCountry\":\"BR\"},{\"@type\":\"ImageObject\",\"inLanguage\":\"en-US\",\"@id\":\"https:\\\/\\\/ubirataonline.com.br\\\/a-solidao-do-clero-o-sofrimento-de-padres-e-bispos-no-brasil\\\/#local-main-organization-logo\",\"url\":\"https:\\\/\\\/ubirataonline.com.br\\\/wp-content\\\/uploads\\\/2026\\\/06\\\/logoubirataonline-1.webp\",\"contentUrl\":\"https:\\\/\\\/ubirataonline.com.br\\\/wp-content\\\/uploads\\\/2026\\\/06\\\/logoubirataonline-1.webp\",\"width\":500,\"height\":500,\"caption\":\"Ubirat\u00e3 Online Not\u00edcias\"}]}<\/script>\n<meta name=\"geo.placename\" content=\"UBIRATA\" \/>\n<meta name=\"geo.position\" content=\"-24.5361401;-52.9921776\" \/>\n<meta name=\"geo.region\" content=\"Brazil\" \/>\n<!-- \/ Yoast SEO Premium plugin. -->","yoast_head_json":{"title":"A solid\u00e3o do clero: o sofrimento de padres e bispos no Brasil - Ubirat\u00e3 Online Not\u00edcias - A realidade ao seu alcance!","description":"O texto de padre Wladimir, da Diocese de S\u00e3o Jo\u00e3o da Boa Vista (SP), revela um quadro claro: a solid\u00e3o clerical \u00e9 real, profunda e tem impacto direto na","robots":{"index":"index","follow":"follow","max-snippet":"max-snippet:-1","max-image-preview":"max-image-preview:large","max-video-preview":"max-video-preview:-1"},"canonical":"https:\/\/ubirataonline.com.br\/en\/a-solidao-do-clero-o-sofrimento-de-padres-e-bispos-no-brasil\/","og_locale":"en_US","og_type":"article","og_title":"A solid\u00e3o do clero: o sofrimento de padres e bispos no Brasil","og_description":"O texto de padre Wladimir, da Diocese de S\u00e3o Jo\u00e3o da Boa Vista (SP), revela um quadro claro: a solid\u00e3o clerical \u00e9 real, profunda e tem impacto direto na","og_url":"https:\/\/ubirataonline.com.br\/en\/a-solidao-do-clero-o-sofrimento-de-padres-e-bispos-no-brasil\/","og_site_name":"Ubirat\u00e3 Online Not\u00edcias - A realidade ao seu alcance!","article_publisher":"https:\/\/www.facebook.com\/portalubirataonline","article_author":"https:\/\/www.facebook.com\/portalubirataonline","article_published_time":"2026-04-20T00:23:49+00:00","article_modified_time":"2026-04-20T00:23:52+00:00","og_image":[{"width":1500,"height":844,"url":"https:\/\/ubirataonline.com.br\/wp-content\/uploads\/2026\/04\/A-solidao-do-clero-o-sofrimento-de-padres-e-bispos.jpeg","type":"image\/jpeg"}],"author":"REDA\u00c7\u00c3O: UBIRAT\u00c3 ONLINE - F\u00c1BIO AUGUSTO CELESTINO","twitter_card":"summary_large_image","twitter_creator":"@x.com\/ubirataonline","twitter_site":"@ubirataonline","twitter_misc":{"Written by":"REDA\u00c7\u00c3O: UBIRAT\u00c3 ONLINE - F\u00c1BIO AUGUSTO CELESTINO","Est. reading time":"4 minutes"},"schema":{"@context":"https:\/\/schema.org","@graph":[{"@type":"NewsArticle","@id":"https:\/\/ubirataonline.com.br\/a-solidao-do-clero-o-sofrimento-de-padres-e-bispos-no-brasil\/#article","isPartOf":{"@id":"https:\/\/ubirataonline.com.br\/a-solidao-do-clero-o-sofrimento-de-padres-e-bispos-no-brasil\/"},"author":{"name":"REDA\u00c7\u00c3O: UBIRAT\u00c3 ONLINE - F\u00c1BIO AUGUSTO CELESTINO","@id":"https:\/\/ubirataonline.com.br\/#\/schema\/person\/372f87bbd3fdd79b8556b84c98d0bc1c"},"headline":"A solid\u00e3o do clero: o sofrimento de padres e bispos no Brasil","datePublished":"2026-04-20T00:23:49+00:00","dateModified":"2026-04-20T00:23:52+00:00","mainEntityOfPage":{"@id":"https:\/\/ubirataonline.com.br\/a-solidao-do-clero-o-sofrimento-de-padres-e-bispos-no-brasil\/"},"wordCount":875,"publisher":{"@id":"https:\/\/ubirataonline.com.br\/#organization"},"image":{"@id":"https:\/\/ubirataonline.com.br\/a-solidao-do-clero-o-sofrimento-de-padres-e-bispos-no-brasil\/#primaryimage"},"thumbnailUrl":"https:\/\/ubirataonline.com.br\/wp-content\/uploads\/2026\/04\/A-solidao-do-clero-o-sofrimento-de-padres-e-bispos.jpeg","keywords":["bispos","Brasil","clero","Padres","sofrimento","solid\u00e3o"],"articleSection":["Brasil"],"inLanguage":"en-US","copyrightYear":"2026","copyrightHolder":{"@id":"https:\/\/ubirataonline.com.br\/en\/#organization"}},{"@type":"WebPage","@id":"https:\/\/ubirataonline.com.br\/a-solidao-do-clero-o-sofrimento-de-padres-e-bispos-no-brasil\/","url":"https:\/\/ubirataonline.com.br\/a-solidao-do-clero-o-sofrimento-de-padres-e-bispos-no-brasil\/","name":"A solid\u00e3o do clero: o sofrimento de padres e bispos no Brasil - Ubirat\u00e3 Online Not\u00edcias - A realidade ao seu alcance!","isPartOf":{"@id":"https:\/\/ubirataonline.com.br\/#website"},"primaryImageOfPage":{"@id":"https:\/\/ubirataonline.com.br\/a-solidao-do-clero-o-sofrimento-de-padres-e-bispos-no-brasil\/#primaryimage"},"image":{"@id":"https:\/\/ubirataonline.com.br\/a-solidao-do-clero-o-sofrimento-de-padres-e-bispos-no-brasil\/#primaryimage"},"thumbnailUrl":"https:\/\/ubirataonline.com.br\/wp-content\/uploads\/2026\/04\/A-solidao-do-clero-o-sofrimento-de-padres-e-bispos.jpeg","datePublished":"2026-04-20T00:23:49+00:00","dateModified":"2026-04-20T00:23:52+00:00","description":"O texto de padre Wladimir, da Diocese de S\u00e3o Jo\u00e3o da Boa Vista (SP), revela um quadro claro: a solid\u00e3o clerical \u00e9 real, profunda e tem impacto direto na","breadcrumb":{"@id":"https:\/\/ubirataonline.com.br\/a-solidao-do-clero-o-sofrimento-de-padres-e-bispos-no-brasil\/#breadcrumb"},"inLanguage":"en-US","potentialAction":[{"@type":"ReadAction","target":["https:\/\/ubirataonline.com.br\/a-solidao-do-clero-o-sofrimento-de-padres-e-bispos-no-brasil\/"]}]},{"@type":"ImageObject","inLanguage":"en-US","@id":"https:\/\/ubirataonline.com.br\/a-solidao-do-clero-o-sofrimento-de-padres-e-bispos-no-brasil\/#primaryimage","url":"https:\/\/ubirataonline.com.br\/wp-content\/uploads\/2026\/04\/A-solidao-do-clero-o-sofrimento-de-padres-e-bispos.jpeg","contentUrl":"https:\/\/ubirataonline.com.br\/wp-content\/uploads\/2026\/04\/A-solidao-do-clero-o-sofrimento-de-padres-e-bispos.jpeg","width":1500,"height":844,"caption":"A solid\u00e3o do clero: o sofrimento de padres e bispos no Brasil"},{"@type":"BreadcrumbList","@id":"https:\/\/ubirataonline.com.br\/a-solidao-do-clero-o-sofrimento-de-padres-e-bispos-no-brasil\/#breadcrumb","itemListElement":[{"@type":"ListItem","position":1,"name":"In\u00edcio","item":"https:\/\/ubirataonline.com.br\/"},{"@type":"ListItem","position":2,"name":"A solid\u00e3o do clero: o sofrimento de padres e bispos no Brasil"}]},{"@type":"WebSite","@id":"https:\/\/ubirataonline.com.br\/#website","url":"https:\/\/ubirataonline.com.br\/","name":"Ubirat\u00e3 Online Not\u00edcias","description":"Not\u00edcias de Ubirat\u00e3, regi\u00e3o, Brasil e mundo, com informa\u00e7\u00e3o atualizada e compromisso com o leitor.","publisher":{"@id":"https:\/\/ubirataonline.com.br\/#organization"},"alternateName":"Ubirat\u00e3 Online","potentialAction":[{"@type":"SearchAction","target":{"@type":"EntryPoint","urlTemplate":"https:\/\/ubirataonline.com.br\/?s={search_term_string}"},"query-input":{"@type":"PropertyValueSpecification","valueRequired":true,"valueName":"search_term_string"}}],"inLanguage":"en-US"},{"@type":["Organization","Place"],"@id":"https:\/\/ubirataonline.com.br\/#organization","name":"Ubirat\u00e3 Online Not\u00edcias","alternateName":"Ubirat\u00e3 Online","url":"https:\/\/ubirataonline.com.br\/","logo":{"@id":"https:\/\/ubirataonline.com.br\/a-solidao-do-clero-o-sofrimento-de-padres-e-bispos-no-brasil\/#local-main-organization-logo"},"image":{"@id":"https:\/\/ubirataonline.com.br\/a-solidao-do-clero-o-sofrimento-de-padres-e-bispos-no-brasil\/#local-main-organization-logo"},"sameAs":["https:\/\/www.facebook.com\/portalubirataonline","https:\/\/x.com\/ubirataonline","https:\/\/mastodon.social\/@ubirataonline","https:\/\/www.facebook.com\/groups\/311144672285604","https:\/\/www.facebook.com\/UBTAOnline","https:\/\/www.instagram.com\/portalubirataonline\/","https:\/\/twitter.com\/ubirataonline"],"description":"Somos um portal de not\u00edcias independente, criado em 5 de janeiro de 2009, com o objetivo de informar, conectar e valorizar a nossa comunidade de Ubirat\u00e3 e toda aregi\u00e3o. Com conte\u00fado atualizado, confi\u00e1vel e relevante, o Ubirat\u00e3 Online \u00e9 o seu espa\u00e7o para ficar por dentro dos principais acontecimentos locais, regionais, Brasil, Mundo e de interesse geral. Nosso compromisso \u00e9 com a verdade, a transpar\u00eancia e o respeito ao leitor.","legalName":"UBIRATA ONLINE NOT\u00cdCIAS","foundingDate":"2009-01-05","numberOfEmployees":{"@type":"QuantitativeValue","minValue":"1","maxValue":"10"},"publishingPrinciples":"https:\/\/ubirataonline.com.br\/faq\/","address":{"@id":"https:\/\/ubirataonline.com.br\/a-solidao-do-clero-o-sofrimento-de-padres-e-bispos-no-brasil\/#local-main-place-address"},"geo":{"@type":"GeoCoordinates","latitude":"-24.5361401","longitude":"-52.9921776"},"telephone":["+5544998308235"],"contactPoint":{"@type":"ContactPoint","email":"contato@ubirataonline.com.br"},"openingHoursSpecification":{"@type":"OpeningHoursSpecification","dayOfWeek":["Monday","Tuesday","Wednesday","Thursday","Friday","Saturday","Sunday"],"opens":"00:00","closes":"23:59"},"email":"contato@ubirataonline.com.br","vatID":"47.621.418\/0001-80"},{"@type":"Person","@id":"https:\/\/ubirataonline.com.br\/#\/schema\/person\/372f87bbd3fdd79b8556b84c98d0bc1c","name":"REDA\u00c7\u00c3O: UBIRAT\u00c3 ONLINE - F\u00c1BIO AUGUSTO CELESTINO","pronouns":"Ele","description":"Desde 2003 trabalhando com not\u00edcias.","sameAs":["http:\/\/ubirataoline.com.br","https:\/\/www.facebook.com\/portalubirataonline","https:\/\/www.instagram.com\/ubirataonline_oficial","https:\/\/x.com\/x.com\/ubirataonline"],"honorificPrefix":"Mr.","honorificSuffix":"MD","birthDate":"1980-06-16","gender":"masculino","award":["V\u00e1rios pr\u00eamios de melhor portal da cidade"],"jobTitle":"Diretor","url":"https:\/\/ubirataonline.com.br\/en\/author\/ubirataonline\/"},{"@type":"PostalAddress","@id":"https:\/\/ubirataonline.com.br\/a-solidao-do-clero-o-sofrimento-de-padres-e-bispos-no-brasil\/#local-main-place-address","streetAddress":"Rua dos Coqueiros, 104 - Bairro Boa Vista, Rua dos Coqueiros, 104 Bairro Boa Vista","addressLocality":"UBIRATA","postalCode":"85440-000","addressRegion":"PR","addressCountry":"BR"},{"@type":"ImageObject","inLanguage":"en-US","@id":"https:\/\/ubirataonline.com.br\/a-solidao-do-clero-o-sofrimento-de-padres-e-bispos-no-brasil\/#local-main-organization-logo","url":"https:\/\/ubirataonline.com.br\/wp-content\/uploads\/2026\/06\/logoubirataonline-1.webp","contentUrl":"https:\/\/ubirataonline.com.br\/wp-content\/uploads\/2026\/06\/logoubirataonline-1.webp","width":500,"height":500,"caption":"Ubirat\u00e3 Online Not\u00edcias"}]},"geo.placename":"UBIRATA","geo.position":{"lat":"-24.5361401","long":"-52.9921776"},"geo.region":"Brazil"},"_links":{"self":[{"href":"https:\/\/ubirataonline.com.br\/en\/wp-json\/wp\/v2\/posts\/112351","targetHints":{"allow":["GET"]}}],"collection":[{"href":"https:\/\/ubirataonline.com.br\/en\/wp-json\/wp\/v2\/posts"}],"about":[{"href":"https:\/\/ubirataonline.com.br\/en\/wp-json\/wp\/v2\/types\/post"}],"author":[{"embeddable":true,"href":"https:\/\/ubirataonline.com.br\/en\/wp-json\/wp\/v2\/users\/1"}],"replies":[{"embeddable":true,"href":"https:\/\/ubirataonline.com.br\/en\/wp-json\/wp\/v2\/comments?post=112351"}],"version-history":[{"count":0,"href":"https:\/\/ubirataonline.com.br\/en\/wp-json\/wp\/v2\/posts\/112351\/revisions"}],"wp:featuredmedia":[{"embeddable":true,"href":"https:\/\/ubirataonline.com.br\/en\/wp-json\/wp\/v2\/media\/112352"}],"wp:attachment":[{"href":"https:\/\/ubirataonline.com.br\/en\/wp-json\/wp\/v2\/media?parent=112351"}],"wp:term":[{"taxonomy":"category","embeddable":true,"href":"https:\/\/ubirataonline.com.br\/en\/wp-json\/wp\/v2\/categories?post=112351"},{"taxonomy":"post_tag","embeddable":true,"href":"https:\/\/ubirataonline.com.br\/en\/wp-json\/wp\/v2\/tags?post=112351"}],"curies":[{"name":"wp","href":"https:\/\/api.w.org\/{rel}","templated":true}]}}