{"id":112575,"date":"2026-04-20T03:35:48","date_gmt":"2026-04-20T06:35:48","guid":{"rendered":"https:\/\/ubirataonline.com.br\/oficialmente-hay-nuevo-embajador-del-guaro-en-antioquia-conozca-de-quien-se-trata\/"},"modified":"2026-04-20T03:35:50","modified_gmt":"2026-04-20T06:35:50","slug":"oficialmente-hay-nuevo-embajador-del-guaro-en-antioquia-conozca-de-quien-se-trata","status":"publish","type":"post","link":"https:\/\/ubirataonline.com.br\/en\/oficialmente-hay-nuevo-embajador-del-guaro-en-antioquia-conozca-de-quien-se-trata\/","title":{"rendered":"Oficialmente hay nuevo embajador del guaro en Antioquia: conozca de qui\u00e9n se trata"},"content":{"rendered":"<p><\/p>\n<div>\n<h2>La alianza busca conectar la tradici\u00f3n con nuevas audiencias a trav\u00e9s de la m\u00fasica urbana<\/h2>\n<p>La F\u00e1brica de Licores de Antioquia confirm\u00f3 que el cantante Ryan Castro es el nuevo embajador oficial del Aguardiente Antioque\u00f1o, en una estrategia para fortalecer la presencia de la marca dentro y fuera del pa\u00eds.<\/p>\n<p>Desde la entidad explicaron que esta alianza busca integrar la tradici\u00f3n del producto con el alcance global del artista, uno de los exponentes m\u00e1s influyentes de la m\u00fasica urbana.<\/p>\n<p>El gerente de la FLA, Esteban Ramos, destac\u00f3 el significado de esta vinculaci\u00f3n para la marca <strong>\u201cEsta alianza en la que el artista ser\u00e1 la imagen oficial de campa\u00f1as, activaciones y otras actividades de nuestro producto insignia, integra la tradici\u00f3n y el legado del Aguardiente Antioque\u00f1o, con la fuerza cultural y el alcance de uno de los artistas m\u00e1s influyentes del momento\u201d, <\/strong>se\u00f1al\u00f3 el directivo.<\/p>\n<p>Finalmente, Ramos tambi\u00e9n resalt\u00f3 que el artista representa valores como el talento y la disciplina, con los que buscan seguir posicionando el producto en nuevos p\u00fablicos. Como parte del acuerdo, el cantante participar\u00e1 en campa\u00f1as, experiencias de marca y contenidos enfocados en resaltar la identidad antioque\u00f1a y colombiana.<\/p>\n<blockquote class=\"instagram-media\" style=\"background: #FFF; border: 0; border-radius: 3px; box-shadow: 0 0 1px 0 rgba(0,0,0,0.5),0 1px 10px 0 rgba(0,0,0,0.15); margin: 1px; max-width: 540px; min-width: 326px; padding: 0; width: calc(100% - 2px);\" data-instgrm-captioned=\"\" data-instgrm-permalink=\"https:\/\/www.instagram.com\/reel\/DXNknohDAel\/?utm_source=ig_embed&amp;utm_campaign=loading\" data-instgrm-version=\"14\">\n<\/blockquote>\n<p><b>Ahora puede seguirnos en nuestro\u00a0<\/b><a href=\"https:\/\/whatsapp.com\/channel\/0029Va5j8yQ1XquTDOQZ2i3y\" target=\"_blank\" rel=\"nofollow noopener\"><b><i>canal de noticias en WhatsApp<\/i><\/b><\/a><\/p>\n<p><strong>Lea tambi\u00e9n:\u00a0<\/strong><\/p>\n<blockquote class=\"twitter-tweet\">\n<p dir=\"ltr\" lang=\"es\">Dos volquetas robadas y un homicidio se registraron en zona rural de T\u00e1mesis <a href=\"https:\/\/t.co\/lcVjQLMrIB\" rel=\"nofollow\">https:\/\/t.co\/lcVjQLMrIB<\/a><\/p>\n<p>\u2014 Hora13 Noticias (@hora13noticias) <a href=\"https:\/\/twitter.com\/hora13noticias\/status\/2045184113036927122?ref_src=twsrc%5Etfw\" rel=\"nofollow noopener\" target=\"_blank\">April 17, 2026<\/a><\/p>\n<\/blockquote>\n<p><!-- CONTENT END 1 --><\/p><\/div>\n<p><script async src=\"\/\/platform.twitter.com\/widgets.js\" charset=\"utf-8\"><\/script><script async src=\"\/\/www.instagram.com\/embed.js\"><\/script><\/p>\n<p><a href=\"https:\/\/h13n.com\/oficialmente-hay-nuevo-embajador-del-guaro-en-antioquia-conozca-de-quien-se-trata\/\">Source link <\/a><\/p>","protected":false},"excerpt":{"rendered":"<p>La alianza busca conectar la tradici\u00f3n con nuevas audiencias a trav\u00e9s de la m\u00fasica urbana La F\u00e1brica de Licores de Antioquia confirm\u00f3 que el cantante Ryan Castro es el nuevo embajador oficial del Aguardiente Antioque\u00f1o, en una estrategia para fortalecer la presencia de la marca dentro y fuera del pa\u00eds. Desde la entidad explicaron que [&hellip;]<\/p>\n","protected":false},"author":1,"featured_media":112576,"comment_status":"closed","ping_status":"","sticky":false,"template":"","format":"standard","meta":{"googlesitekit_rrm_CAow2JLhCw:productID":"","_gspb_post_css":"","maa_idioma":"","maa_pais":"","footnotes":""},"categories":[1],"tags":[30255,30256,4161,30253,30254,11366,4876,21626,3785,3636],"class_list":["post-112575","post","type-post","status-publish","format-standard","has-post-thumbnail","hentry","category-ubirata","tag-antioquia","tag-conozca","tag-del","tag-embajador","tag-guaro","tag-hay","tag-nuevo","tag-oficialmente","tag-quien","tag-trata"],"blocksy_meta":[],"yoast_head":"<!-- This site is optimized with the Yoast SEO Premium plugin v27.6 (Yoast SEO v27.6) - https:\/\/yoast.com\/product\/yoast-seo-premium-wordpress\/ -->\n<title>Oficialmente hay nuevo embajador del guaro en Antioquia: conozca de qui\u00e9n se trata - Ubirat\u00e3 Online Not\u00edcias - A realidade ao seu alcance!<\/title>\n<meta name=\"description\" content=\"La alianza busca conectar la tradici\u00f3n con nuevas audiencias a trav\u00e9s de la m\u00fasica urbana La F\u00e1brica de Licores de Antioquia confirm\u00f3 que el cantante Ryan\" \/>\n<meta name=\"robots\" content=\"index, follow, max-snippet:-1, max-image-preview:large, max-video-preview:-1\" \/>\n<link rel=\"canonical\" href=\"https:\/\/ubirataonline.com.br\/en\/oficialmente-hay-nuevo-embajador-del-guaro-en-antioquia-conozca-de-quien-se-trata\/\" \/>\n<meta property=\"og:locale\" content=\"en_US\" \/>\n<meta property=\"og:type\" content=\"article\" \/>\n<meta property=\"og:title\" content=\"Oficialmente hay nuevo embajador del guaro en Antioquia: conozca de qui\u00e9n se trata\" \/>\n<meta property=\"og:description\" content=\"La alianza busca conectar la tradici\u00f3n con nuevas audiencias a trav\u00e9s de la m\u00fasica urbana La F\u00e1brica de Licores de Antioquia confirm\u00f3 que el cantante Ryan\" \/>\n<meta property=\"og:url\" content=\"https:\/\/ubirataonline.com.br\/en\/oficialmente-hay-nuevo-embajador-del-guaro-en-antioquia-conozca-de-quien-se-trata\/\" \/>\n<meta property=\"og:site_name\" content=\"Ubirat\u00e3 Online Not\u00edcias - A realidade ao seu alcance!\" \/>\n<meta property=\"article:publisher\" content=\"https:\/\/www.facebook.com\/portalubirataonline\" \/>\n<meta property=\"article:author\" content=\"https:\/\/www.facebook.com\/portalubirataonline\" \/>\n<meta property=\"article:published_time\" content=\"2026-04-20T06:35:48+00:00\" \/>\n<meta property=\"article:modified_time\" content=\"2026-04-20T06:35:50+00:00\" \/>\n<meta property=\"og:image\" content=\"https:\/\/ubirataonline.com.br\/wp-content\/uploads\/2026\/04\/Oficialmente-hay-nuevo-embajador-del-guaro-en-Antioquia-conozca-de.jpg\" \/>\n\t<meta property=\"og:image:width\" content=\"1280\" \/>\n\t<meta property=\"og:image:height\" content=\"720\" \/>\n\t<meta property=\"og:image:type\" content=\"image\/jpeg\" \/>\n<meta name=\"author\" content=\"REDA\u00c7\u00c3O: UBIRAT\u00c3 ONLINE - F\u00c1BIO AUGUSTO CELESTINO\" \/>\n<meta name=\"twitter:card\" content=\"summary_large_image\" \/>\n<meta name=\"twitter:creator\" content=\"@x.com\/ubirataonline\" \/>\n<meta name=\"twitter:site\" content=\"@ubirataonline\" \/>\n<meta name=\"twitter:label1\" content=\"Written by\" \/>\n\t<meta name=\"twitter:data1\" content=\"REDA\u00c7\u00c3O: UBIRAT\u00c3 ONLINE - F\u00c1BIO AUGUSTO CELESTINO\" \/>\n\t<meta name=\"twitter:label2\" content=\"Est. reading time\" \/>\n\t<meta name=\"twitter:data2\" content=\"1 minute\" \/>\n<script type=\"application\/ld+json\" class=\"yoast-schema-graph\">{\"@context\":\"https:\\\/\\\/schema.org\",\"@graph\":[{\"@type\":\"NewsArticle\",\"@id\":\"https:\\\/\\\/ubirataonline.com.br\\\/oficialmente-hay-nuevo-embajador-del-guaro-en-antioquia-conozca-de-quien-se-trata\\\/#article\",\"isPartOf\":{\"@id\":\"https:\\\/\\\/ubirataonline.com.br\\\/oficialmente-hay-nuevo-embajador-del-guaro-en-antioquia-conozca-de-quien-se-trata\\\/\"},\"author\":{\"name\":\"REDA\u00c7\u00c3O: UBIRAT\u00c3 ONLINE - F\u00c1BIO AUGUSTO CELESTINO\",\"@id\":\"https:\\\/\\\/ubirataonline.com.br\\\/#\\\/schema\\\/person\\\/372f87bbd3fdd79b8556b84c98d0bc1c\"},\"headline\":\"Oficialmente hay nuevo embajador del guaro en Antioquia: conozca de qui\u00e9n se trata\",\"datePublished\":\"2026-04-20T06:35:48+00:00\",\"dateModified\":\"2026-04-20T06:35:50+00:00\",\"mainEntityOfPage\":{\"@id\":\"https:\\\/\\\/ubirataonline.com.br\\\/oficialmente-hay-nuevo-embajador-del-guaro-en-antioquia-conozca-de-quien-se-trata\\\/\"},\"wordCount\":263,\"publisher\":{\"@id\":\"https:\\\/\\\/ubirataonline.com.br\\\/#organization\"},\"image\":{\"@id\":\"https:\\\/\\\/ubirataonline.com.br\\\/oficialmente-hay-nuevo-embajador-del-guaro-en-antioquia-conozca-de-quien-se-trata\\\/#primaryimage\"},\"thumbnailUrl\":\"https:\\\/\\\/ubirataonline.com.br\\\/wp-content\\\/uploads\\\/2026\\\/04\\\/Oficialmente-hay-nuevo-embajador-del-guaro-en-Antioquia-conozca-de.jpg\",\"keywords\":[\"Antioquia\",\"conozca\",\"del\",\"embajador\",\"guaro\",\"Hay\",\"nuevo\",\"oficialmente\",\"Qui\u00e9n\",\"trata\"],\"articleSection\":[\"Ubirat\u00e3\"],\"inLanguage\":\"en-US\",\"copyrightYear\":\"2026\",\"copyrightHolder\":{\"@id\":\"https:\\\/\\\/ubirataonline.com.br\\\/en\\\/#organization\"}},{\"@type\":\"WebPage\",\"@id\":\"https:\\\/\\\/ubirataonline.com.br\\\/oficialmente-hay-nuevo-embajador-del-guaro-en-antioquia-conozca-de-quien-se-trata\\\/\",\"url\":\"https:\\\/\\\/ubirataonline.com.br\\\/oficialmente-hay-nuevo-embajador-del-guaro-en-antioquia-conozca-de-quien-se-trata\\\/\",\"name\":\"Oficialmente hay nuevo embajador del guaro en Antioquia: conozca de qui\u00e9n se trata - Ubirat\u00e3 Online Not\u00edcias - A realidade ao seu alcance!\",\"isPartOf\":{\"@id\":\"https:\\\/\\\/ubirataonline.com.br\\\/#website\"},\"primaryImageOfPage\":{\"@id\":\"https:\\\/\\\/ubirataonline.com.br\\\/oficialmente-hay-nuevo-embajador-del-guaro-en-antioquia-conozca-de-quien-se-trata\\\/#primaryimage\"},\"image\":{\"@id\":\"https:\\\/\\\/ubirataonline.com.br\\\/oficialmente-hay-nuevo-embajador-del-guaro-en-antioquia-conozca-de-quien-se-trata\\\/#primaryimage\"},\"thumbnailUrl\":\"https:\\\/\\\/ubirataonline.com.br\\\/wp-content\\\/uploads\\\/2026\\\/04\\\/Oficialmente-hay-nuevo-embajador-del-guaro-en-Antioquia-conozca-de.jpg\",\"datePublished\":\"2026-04-20T06:35:48+00:00\",\"dateModified\":\"2026-04-20T06:35:50+00:00\",\"description\":\"La alianza busca conectar la tradici\u00f3n con nuevas audiencias a trav\u00e9s de la m\u00fasica urbana La F\u00e1brica de Licores de Antioquia confirm\u00f3 que el cantante Ryan\",\"breadcrumb\":{\"@id\":\"https:\\\/\\\/ubirataonline.com.br\\\/oficialmente-hay-nuevo-embajador-del-guaro-en-antioquia-conozca-de-quien-se-trata\\\/#breadcrumb\"},\"inLanguage\":\"en-US\",\"potentialAction\":[{\"@type\":\"ReadAction\",\"target\":[\"https:\\\/\\\/ubirataonline.com.br\\\/oficialmente-hay-nuevo-embajador-del-guaro-en-antioquia-conozca-de-quien-se-trata\\\/\"]}]},{\"@type\":\"ImageObject\",\"inLanguage\":\"en-US\",\"@id\":\"https:\\\/\\\/ubirataonline.com.br\\\/oficialmente-hay-nuevo-embajador-del-guaro-en-antioquia-conozca-de-quien-se-trata\\\/#primaryimage\",\"url\":\"https:\\\/\\\/ubirataonline.com.br\\\/wp-content\\\/uploads\\\/2026\\\/04\\\/Oficialmente-hay-nuevo-embajador-del-guaro-en-Antioquia-conozca-de.jpg\",\"contentUrl\":\"https:\\\/\\\/ubirataonline.com.br\\\/wp-content\\\/uploads\\\/2026\\\/04\\\/Oficialmente-hay-nuevo-embajador-del-guaro-en-Antioquia-conozca-de.jpg\",\"width\":1280,\"height\":720,\"caption\":\"Oficialmente hay nuevo embajador del guaro en Antioquia: conozca de qui\u00e9n se trata\"},{\"@type\":\"BreadcrumbList\",\"@id\":\"https:\\\/\\\/ubirataonline.com.br\\\/oficialmente-hay-nuevo-embajador-del-guaro-en-antioquia-conozca-de-quien-se-trata\\\/#breadcrumb\",\"itemListElement\":[{\"@type\":\"ListItem\",\"position\":1,\"name\":\"In\u00edcio\",\"item\":\"https:\\\/\\\/ubirataonline.com.br\\\/\"},{\"@type\":\"ListItem\",\"position\":2,\"name\":\"Oficialmente hay nuevo embajador del guaro en Antioquia: conozca de qui\u00e9n se trata\"}]},{\"@type\":\"WebSite\",\"@id\":\"https:\\\/\\\/ubirataonline.com.br\\\/#website\",\"url\":\"https:\\\/\\\/ubirataonline.com.br\\\/\",\"name\":\"Ubirat\u00e3 Online Not\u00edcias\",\"description\":\"Not\u00edcias de Ubirat\u00e3, regi\u00e3o, Brasil e mundo, com informa\u00e7\u00e3o atualizada e compromisso com o leitor.\",\"publisher\":{\"@id\":\"https:\\\/\\\/ubirataonline.com.br\\\/#organization\"},\"alternateName\":\"Ubirat\u00e3 Online\",\"potentialAction\":[{\"@type\":\"SearchAction\",\"target\":{\"@type\":\"EntryPoint\",\"urlTemplate\":\"https:\\\/\\\/ubirataonline.com.br\\\/?s={search_term_string}\"},\"query-input\":{\"@type\":\"PropertyValueSpecification\",\"valueRequired\":true,\"valueName\":\"search_term_string\"}}],\"inLanguage\":\"en-US\"},{\"@type\":[\"Organization\",\"Place\"],\"@id\":\"https:\\\/\\\/ubirataonline.com.br\\\/#organization\",\"name\":\"Ubirat\u00e3 Online Not\u00edcias\",\"alternateName\":\"Ubirat\u00e3 Online\",\"url\":\"https:\\\/\\\/ubirataonline.com.br\\\/\",\"logo\":{\"@id\":\"https:\\\/\\\/ubirataonline.com.br\\\/oficialmente-hay-nuevo-embajador-del-guaro-en-antioquia-conozca-de-quien-se-trata\\\/#local-main-organization-logo\"},\"image\":{\"@id\":\"https:\\\/\\\/ubirataonline.com.br\\\/oficialmente-hay-nuevo-embajador-del-guaro-en-antioquia-conozca-de-quien-se-trata\\\/#local-main-organization-logo\"},\"sameAs\":[\"https:\\\/\\\/www.facebook.com\\\/portalubirataonline\",\"https:\\\/\\\/x.com\\\/ubirataonline\",\"https:\\\/\\\/mastodon.social\\\/@ubirataonline\",\"https:\\\/\\\/www.facebook.com\\\/groups\\\/311144672285604\",\"https:\\\/\\\/www.facebook.com\\\/UBTAOnline\",\"https:\\\/\\\/www.instagram.com\\\/portalubirataonline\\\/\",\"https:\\\/\\\/twitter.com\\\/ubirataonline\"],\"description\":\"Somos um portal de not\u00edcias independente, criado em 5 de janeiro de 2009, com o objetivo de informar, conectar e valorizar a nossa comunidade de Ubirat\u00e3 e toda aregi\u00e3o. Com conte\u00fado atualizado, confi\u00e1vel e relevante, o Ubirat\u00e3 Online \u00e9 o seu espa\u00e7o para ficar por dentro dos principais acontecimentos locais, regionais, Brasil, Mundo e de interesse geral. Nosso compromisso \u00e9 com a verdade, a transpar\u00eancia e o respeito ao leitor.\",\"legalName\":\"UBIRATA ONLINE NOT\u00cdCIAS\",\"foundingDate\":\"2009-01-05\",\"numberOfEmployees\":{\"@type\":\"QuantitativeValue\",\"minValue\":\"1\",\"maxValue\":\"10\"},\"publishingPrinciples\":\"https:\\\/\\\/ubirataonline.com.br\\\/faq\\\/\",\"address\":{\"@id\":\"https:\\\/\\\/ubirataonline.com.br\\\/oficialmente-hay-nuevo-embajador-del-guaro-en-antioquia-conozca-de-quien-se-trata\\\/#local-main-place-address\"},\"geo\":{\"@type\":\"GeoCoordinates\",\"latitude\":\"-24.5361401\",\"longitude\":\"-52.9921776\"},\"telephone\":[\"+5544998308235\"],\"contactPoint\":{\"@type\":\"ContactPoint\",\"email\":\"contato@ubirataonline.com.br\"},\"openingHoursSpecification\":{\"@type\":\"OpeningHoursSpecification\",\"dayOfWeek\":[\"Monday\",\"Tuesday\",\"Wednesday\",\"Thursday\",\"Friday\",\"Saturday\",\"Sunday\"],\"opens\":\"00:00\",\"closes\":\"23:59\"},\"email\":\"contato@ubirataonline.com.br\",\"vatID\":\"47.621.418\\\/0001-80\"},{\"@type\":\"Person\",\"@id\":\"https:\\\/\\\/ubirataonline.com.br\\\/#\\\/schema\\\/person\\\/372f87bbd3fdd79b8556b84c98d0bc1c\",\"name\":\"REDA\u00c7\u00c3O: UBIRAT\u00c3 ONLINE - F\u00c1BIO AUGUSTO CELESTINO\",\"pronouns\":\"Ele\",\"description\":\"Desde 2003 trabalhando com not\u00edcias.\",\"sameAs\":[\"http:\\\/\\\/ubirataoline.com.br\",\"https:\\\/\\\/www.facebook.com\\\/portalubirataonline\",\"https:\\\/\\\/www.instagram.com\\\/ubirataonline_oficial\",\"https:\\\/\\\/x.com\\\/x.com\\\/ubirataonline\"],\"honorificPrefix\":\"Mr.\",\"honorificSuffix\":\"MD\",\"birthDate\":\"1980-06-16\",\"gender\":\"masculino\",\"award\":[\"V\u00e1rios pr\u00eamios de melhor portal da cidade\"],\"jobTitle\":\"Diretor\",\"url\":\"https:\\\/\\\/ubirataonline.com.br\\\/en\\\/author\\\/ubirataonline\\\/\"},{\"@type\":\"PostalAddress\",\"@id\":\"https:\\\/\\\/ubirataonline.com.br\\\/oficialmente-hay-nuevo-embajador-del-guaro-en-antioquia-conozca-de-quien-se-trata\\\/#local-main-place-address\",\"streetAddress\":\"Rua dos Coqueiros, 104 - Bairro Boa Vista, Rua dos Coqueiros, 104 Bairro Boa Vista\",\"addressLocality\":\"UBIRATA\",\"postalCode\":\"85440-000\",\"addressRegion\":\"PR\",\"addressCountry\":\"BR\"},{\"@type\":\"ImageObject\",\"inLanguage\":\"en-US\",\"@id\":\"https:\\\/\\\/ubirataonline.com.br\\\/oficialmente-hay-nuevo-embajador-del-guaro-en-antioquia-conozca-de-quien-se-trata\\\/#local-main-organization-logo\",\"url\":\"https:\\\/\\\/ubirataonline.com.br\\\/wp-content\\\/uploads\\\/2026\\\/06\\\/logoubirataonline-1.webp\",\"contentUrl\":\"https:\\\/\\\/ubirataonline.com.br\\\/wp-content\\\/uploads\\\/2026\\\/06\\\/logoubirataonline-1.webp\",\"width\":500,\"height\":500,\"caption\":\"Ubirat\u00e3 Online Not\u00edcias\"}]}<\/script>\n<meta name=\"geo.placename\" content=\"UBIRATA\" \/>\n<meta name=\"geo.position\" content=\"-24.5361401;-52.9921776\" \/>\n<meta name=\"geo.region\" content=\"Brazil\" \/>\n<!-- \/ Yoast SEO Premium plugin. -->","yoast_head_json":{"title":"Oficialmente hay nuevo embajador del guaro en Antioquia: conozca de qui\u00e9n se trata - Ubirat\u00e3 Online Not\u00edcias - A realidade ao seu alcance!","description":"La alianza busca conectar la tradici\u00f3n con nuevas audiencias a trav\u00e9s de la m\u00fasica urbana La F\u00e1brica de Licores de Antioquia confirm\u00f3 que el cantante Ryan","robots":{"index":"index","follow":"follow","max-snippet":"max-snippet:-1","max-image-preview":"max-image-preview:large","max-video-preview":"max-video-preview:-1"},"canonical":"https:\/\/ubirataonline.com.br\/en\/oficialmente-hay-nuevo-embajador-del-guaro-en-antioquia-conozca-de-quien-se-trata\/","og_locale":"en_US","og_type":"article","og_title":"Oficialmente hay nuevo embajador del guaro en Antioquia: conozca de qui\u00e9n se trata","og_description":"La alianza busca conectar la tradici\u00f3n con nuevas audiencias a trav\u00e9s de la m\u00fasica urbana La F\u00e1brica de Licores de Antioquia confirm\u00f3 que el cantante Ryan","og_url":"https:\/\/ubirataonline.com.br\/en\/oficialmente-hay-nuevo-embajador-del-guaro-en-antioquia-conozca-de-quien-se-trata\/","og_site_name":"Ubirat\u00e3 Online Not\u00edcias - A realidade ao seu alcance!","article_publisher":"https:\/\/www.facebook.com\/portalubirataonline","article_author":"https:\/\/www.facebook.com\/portalubirataonline","article_published_time":"2026-04-20T06:35:48+00:00","article_modified_time":"2026-04-20T06:35:50+00:00","og_image":[{"width":1280,"height":720,"url":"https:\/\/ubirataonline.com.br\/wp-content\/uploads\/2026\/04\/Oficialmente-hay-nuevo-embajador-del-guaro-en-Antioquia-conozca-de.jpg","type":"image\/jpeg"}],"author":"REDA\u00c7\u00c3O: UBIRAT\u00c3 ONLINE - F\u00c1BIO AUGUSTO CELESTINO","twitter_card":"summary_large_image","twitter_creator":"@x.com\/ubirataonline","twitter_site":"@ubirataonline","twitter_misc":{"Written by":"REDA\u00c7\u00c3O: UBIRAT\u00c3 ONLINE - F\u00c1BIO AUGUSTO CELESTINO","Est. reading time":"1 minute"},"schema":{"@context":"https:\/\/schema.org","@graph":[{"@type":"NewsArticle","@id":"https:\/\/ubirataonline.com.br\/oficialmente-hay-nuevo-embajador-del-guaro-en-antioquia-conozca-de-quien-se-trata\/#article","isPartOf":{"@id":"https:\/\/ubirataonline.com.br\/oficialmente-hay-nuevo-embajador-del-guaro-en-antioquia-conozca-de-quien-se-trata\/"},"author":{"name":"REDA\u00c7\u00c3O: UBIRAT\u00c3 ONLINE - F\u00c1BIO AUGUSTO CELESTINO","@id":"https:\/\/ubirataonline.com.br\/#\/schema\/person\/372f87bbd3fdd79b8556b84c98d0bc1c"},"headline":"Oficialmente hay nuevo embajador del guaro en Antioquia: conozca de qui\u00e9n se trata","datePublished":"2026-04-20T06:35:48+00:00","dateModified":"2026-04-20T06:35:50+00:00","mainEntityOfPage":{"@id":"https:\/\/ubirataonline.com.br\/oficialmente-hay-nuevo-embajador-del-guaro-en-antioquia-conozca-de-quien-se-trata\/"},"wordCount":263,"publisher":{"@id":"https:\/\/ubirataonline.com.br\/#organization"},"image":{"@id":"https:\/\/ubirataonline.com.br\/oficialmente-hay-nuevo-embajador-del-guaro-en-antioquia-conozca-de-quien-se-trata\/#primaryimage"},"thumbnailUrl":"https:\/\/ubirataonline.com.br\/wp-content\/uploads\/2026\/04\/Oficialmente-hay-nuevo-embajador-del-guaro-en-Antioquia-conozca-de.jpg","keywords":["Antioquia","conozca","del","embajador","guaro","Hay","nuevo","oficialmente","Qui\u00e9n","trata"],"articleSection":["Ubirat\u00e3"],"inLanguage":"en-US","copyrightYear":"2026","copyrightHolder":{"@id":"https:\/\/ubirataonline.com.br\/en\/#organization"}},{"@type":"WebPage","@id":"https:\/\/ubirataonline.com.br\/oficialmente-hay-nuevo-embajador-del-guaro-en-antioquia-conozca-de-quien-se-trata\/","url":"https:\/\/ubirataonline.com.br\/oficialmente-hay-nuevo-embajador-del-guaro-en-antioquia-conozca-de-quien-se-trata\/","name":"Oficialmente hay nuevo embajador del guaro en Antioquia: conozca de qui\u00e9n se trata - Ubirat\u00e3 Online Not\u00edcias - A realidade ao seu alcance!","isPartOf":{"@id":"https:\/\/ubirataonline.com.br\/#website"},"primaryImageOfPage":{"@id":"https:\/\/ubirataonline.com.br\/oficialmente-hay-nuevo-embajador-del-guaro-en-antioquia-conozca-de-quien-se-trata\/#primaryimage"},"image":{"@id":"https:\/\/ubirataonline.com.br\/oficialmente-hay-nuevo-embajador-del-guaro-en-antioquia-conozca-de-quien-se-trata\/#primaryimage"},"thumbnailUrl":"https:\/\/ubirataonline.com.br\/wp-content\/uploads\/2026\/04\/Oficialmente-hay-nuevo-embajador-del-guaro-en-Antioquia-conozca-de.jpg","datePublished":"2026-04-20T06:35:48+00:00","dateModified":"2026-04-20T06:35:50+00:00","description":"La alianza busca conectar la tradici\u00f3n con nuevas audiencias a trav\u00e9s de la m\u00fasica urbana La F\u00e1brica de Licores de Antioquia confirm\u00f3 que el cantante Ryan","breadcrumb":{"@id":"https:\/\/ubirataonline.com.br\/oficialmente-hay-nuevo-embajador-del-guaro-en-antioquia-conozca-de-quien-se-trata\/#breadcrumb"},"inLanguage":"en-US","potentialAction":[{"@type":"ReadAction","target":["https:\/\/ubirataonline.com.br\/oficialmente-hay-nuevo-embajador-del-guaro-en-antioquia-conozca-de-quien-se-trata\/"]}]},{"@type":"ImageObject","inLanguage":"en-US","@id":"https:\/\/ubirataonline.com.br\/oficialmente-hay-nuevo-embajador-del-guaro-en-antioquia-conozca-de-quien-se-trata\/#primaryimage","url":"https:\/\/ubirataonline.com.br\/wp-content\/uploads\/2026\/04\/Oficialmente-hay-nuevo-embajador-del-guaro-en-Antioquia-conozca-de.jpg","contentUrl":"https:\/\/ubirataonline.com.br\/wp-content\/uploads\/2026\/04\/Oficialmente-hay-nuevo-embajador-del-guaro-en-Antioquia-conozca-de.jpg","width":1280,"height":720,"caption":"Oficialmente hay nuevo embajador del guaro en Antioquia: conozca de qui\u00e9n se trata"},{"@type":"BreadcrumbList","@id":"https:\/\/ubirataonline.com.br\/oficialmente-hay-nuevo-embajador-del-guaro-en-antioquia-conozca-de-quien-se-trata\/#breadcrumb","itemListElement":[{"@type":"ListItem","position":1,"name":"In\u00edcio","item":"https:\/\/ubirataonline.com.br\/"},{"@type":"ListItem","position":2,"name":"Oficialmente hay nuevo embajador del guaro en Antioquia: conozca de qui\u00e9n se trata"}]},{"@type":"WebSite","@id":"https:\/\/ubirataonline.com.br\/#website","url":"https:\/\/ubirataonline.com.br\/","name":"Ubirat\u00e3 Online Not\u00edcias","description":"Not\u00edcias de Ubirat\u00e3, regi\u00e3o, Brasil e mundo, com informa\u00e7\u00e3o atualizada e compromisso com o leitor.","publisher":{"@id":"https:\/\/ubirataonline.com.br\/#organization"},"alternateName":"Ubirat\u00e3 Online","potentialAction":[{"@type":"SearchAction","target":{"@type":"EntryPoint","urlTemplate":"https:\/\/ubirataonline.com.br\/?s={search_term_string}"},"query-input":{"@type":"PropertyValueSpecification","valueRequired":true,"valueName":"search_term_string"}}],"inLanguage":"en-US"},{"@type":["Organization","Place"],"@id":"https:\/\/ubirataonline.com.br\/#organization","name":"Ubirat\u00e3 Online Not\u00edcias","alternateName":"Ubirat\u00e3 Online","url":"https:\/\/ubirataonline.com.br\/","logo":{"@id":"https:\/\/ubirataonline.com.br\/oficialmente-hay-nuevo-embajador-del-guaro-en-antioquia-conozca-de-quien-se-trata\/#local-main-organization-logo"},"image":{"@id":"https:\/\/ubirataonline.com.br\/oficialmente-hay-nuevo-embajador-del-guaro-en-antioquia-conozca-de-quien-se-trata\/#local-main-organization-logo"},"sameAs":["https:\/\/www.facebook.com\/portalubirataonline","https:\/\/x.com\/ubirataonline","https:\/\/mastodon.social\/@ubirataonline","https:\/\/www.facebook.com\/groups\/311144672285604","https:\/\/www.facebook.com\/UBTAOnline","https:\/\/www.instagram.com\/portalubirataonline\/","https:\/\/twitter.com\/ubirataonline"],"description":"Somos um portal de not\u00edcias independente, criado em 5 de janeiro de 2009, com o objetivo de informar, conectar e valorizar a nossa comunidade de Ubirat\u00e3 e toda aregi\u00e3o. Com conte\u00fado atualizado, confi\u00e1vel e relevante, o Ubirat\u00e3 Online \u00e9 o seu espa\u00e7o para ficar por dentro dos principais acontecimentos locais, regionais, Brasil, Mundo e de interesse geral. Nosso compromisso \u00e9 com a verdade, a transpar\u00eancia e o respeito ao leitor.","legalName":"UBIRATA ONLINE NOT\u00cdCIAS","foundingDate":"2009-01-05","numberOfEmployees":{"@type":"QuantitativeValue","minValue":"1","maxValue":"10"},"publishingPrinciples":"https:\/\/ubirataonline.com.br\/faq\/","address":{"@id":"https:\/\/ubirataonline.com.br\/oficialmente-hay-nuevo-embajador-del-guaro-en-antioquia-conozca-de-quien-se-trata\/#local-main-place-address"},"geo":{"@type":"GeoCoordinates","latitude":"-24.5361401","longitude":"-52.9921776"},"telephone":["+5544998308235"],"contactPoint":{"@type":"ContactPoint","email":"contato@ubirataonline.com.br"},"openingHoursSpecification":{"@type":"OpeningHoursSpecification","dayOfWeek":["Monday","Tuesday","Wednesday","Thursday","Friday","Saturday","Sunday"],"opens":"00:00","closes":"23:59"},"email":"contato@ubirataonline.com.br","vatID":"47.621.418\/0001-80"},{"@type":"Person","@id":"https:\/\/ubirataonline.com.br\/#\/schema\/person\/372f87bbd3fdd79b8556b84c98d0bc1c","name":"REDA\u00c7\u00c3O: UBIRAT\u00c3 ONLINE - F\u00c1BIO AUGUSTO CELESTINO","pronouns":"Ele","description":"Desde 2003 trabalhando com not\u00edcias.","sameAs":["http:\/\/ubirataoline.com.br","https:\/\/www.facebook.com\/portalubirataonline","https:\/\/www.instagram.com\/ubirataonline_oficial","https:\/\/x.com\/x.com\/ubirataonline"],"honorificPrefix":"Mr.","honorificSuffix":"MD","birthDate":"1980-06-16","gender":"masculino","award":["V\u00e1rios pr\u00eamios de melhor portal da cidade"],"jobTitle":"Diretor","url":"https:\/\/ubirataonline.com.br\/en\/author\/ubirataonline\/"},{"@type":"PostalAddress","@id":"https:\/\/ubirataonline.com.br\/oficialmente-hay-nuevo-embajador-del-guaro-en-antioquia-conozca-de-quien-se-trata\/#local-main-place-address","streetAddress":"Rua dos Coqueiros, 104 - Bairro Boa Vista, Rua dos Coqueiros, 104 Bairro Boa Vista","addressLocality":"UBIRATA","postalCode":"85440-000","addressRegion":"PR","addressCountry":"BR"},{"@type":"ImageObject","inLanguage":"en-US","@id":"https:\/\/ubirataonline.com.br\/oficialmente-hay-nuevo-embajador-del-guaro-en-antioquia-conozca-de-quien-se-trata\/#local-main-organization-logo","url":"https:\/\/ubirataonline.com.br\/wp-content\/uploads\/2026\/06\/logoubirataonline-1.webp","contentUrl":"https:\/\/ubirataonline.com.br\/wp-content\/uploads\/2026\/06\/logoubirataonline-1.webp","width":500,"height":500,"caption":"Ubirat\u00e3 Online Not\u00edcias"}]},"geo.placename":"UBIRATA","geo.position":{"lat":"-24.5361401","long":"-52.9921776"},"geo.region":"Brazil"},"_links":{"self":[{"href":"https:\/\/ubirataonline.com.br\/en\/wp-json\/wp\/v2\/posts\/112575","targetHints":{"allow":["GET"]}}],"collection":[{"href":"https:\/\/ubirataonline.com.br\/en\/wp-json\/wp\/v2\/posts"}],"about":[{"href":"https:\/\/ubirataonline.com.br\/en\/wp-json\/wp\/v2\/types\/post"}],"author":[{"embeddable":true,"href":"https:\/\/ubirataonline.com.br\/en\/wp-json\/wp\/v2\/users\/1"}],"replies":[{"embeddable":true,"href":"https:\/\/ubirataonline.com.br\/en\/wp-json\/wp\/v2\/comments?post=112575"}],"version-history":[{"count":0,"href":"https:\/\/ubirataonline.com.br\/en\/wp-json\/wp\/v2\/posts\/112575\/revisions"}],"wp:featuredmedia":[{"embeddable":true,"href":"https:\/\/ubirataonline.com.br\/en\/wp-json\/wp\/v2\/media\/112576"}],"wp:attachment":[{"href":"https:\/\/ubirataonline.com.br\/en\/wp-json\/wp\/v2\/media?parent=112575"}],"wp:term":[{"taxonomy":"category","embeddable":true,"href":"https:\/\/ubirataonline.com.br\/en\/wp-json\/wp\/v2\/categories?post=112575"},{"taxonomy":"post_tag","embeddable":true,"href":"https:\/\/ubirataonline.com.br\/en\/wp-json\/wp\/v2\/tags?post=112575"}],"curies":[{"name":"wp","href":"https:\/\/api.w.org\/{rel}","templated":true}]}}