{"id":112584,"date":"2026-04-20T04:28:45","date_gmt":"2026-04-20T07:28:45","guid":{"rendered":"https:\/\/ubirataonline.com.br\/ratinho-junior-lidera-ranking-de-aprovacao-entre-governadores\/"},"modified":"2026-04-20T04:28:49","modified_gmt":"2026-04-20T07:28:49","slug":"ratinho-junior-lidera-ranking-de-aprovacao-entre-governadores","status":"publish","type":"post","link":"https:\/\/ubirataonline.com.br\/en\/ratinho-junior-lidera-ranking-de-aprovacao-entre-governadores\/","title":{"rendered":"Ratinho J\u00fanior lidera ranking de aprova\u00e7\u00e3o entre governadores"},"content":{"rendered":"<p><\/p>\n<div id=\"post-content\">\n<p>Uma <strong>pesquisa<\/strong> divulgada pelo <strong>Instituto Verit<\/strong>\u00e1 neste domingo (19\/4) apontou <strong>Ratinho J\u00fanior<\/strong> como o <strong>governador mais bem avaliado<\/strong> do Brasil. O levantamento, realizado entre 13 de mar\u00e7o e 4 de abril, ouviu 40 mil pessoas, o maior n\u00famero de entrevistas j\u00e1 registrado em uma pesquisa desse tipo. No ranking, Ratinho J\u00fanior aparece com 84% de aprova\u00e7\u00e3o. <\/p>\n<p>Em seguida est\u00e1 Ronaldo Caiado, de Goi\u00e1s, com 83%, e Jorginho Mello, de Santa Catarina, com 80%, completando as tr\u00eas primeiras posi\u00e7\u00f5es.<\/p>\n<p>Entre os demais governadores mais bem avaliados est\u00e3o Mauro Mendes, de Mato Grosso, com 79%; Renato Casagrande, do Esp\u00edrito Santo, com 77%; e Jo\u00e3o Azev\u00eado, da Para\u00edba, com 70%. Na outra ponta, Wilson Lima, do Amazonas, aparece na \u00faltima posi\u00e7\u00e3o, com 74% de rejei\u00e7\u00e3o.<\/p>\n<p>Segundo o instituto, a alta aprova\u00e7\u00e3o no Paran\u00e1 est\u00e1 ligada, entre outros fatores, aos investimentos em infraestrutura. Entre as obras citadas est\u00e3o a Ponte de Guaratuba, com entrega prevista para os pr\u00f3ximos dias, e a Ponte da Integra\u00e7\u00e3o, que conecta Foz do Igua\u00e7u ao Paraguai.<\/p>\n<p>Em seu segundo mandato, Ratinho J\u00fanior n\u00e3o pode disputar a reelei\u00e7\u00e3o. Como poss\u00edvel sucessor, o grupo pol\u00edtico do governador indicou Sandro Alex como pr\u00e9-candidato. Tamb\u00e9m j\u00e1 anunciaram pr\u00e9-candidaturas Sergio Moro, Rafael Greca e Requi\u00e3o Filho.<\/p>\n<h2 class=\"wp-block-heading\" id=\"h-veja-o-ranking-completo\">Veja o ranking completo<\/h2>\n<figure class=\"wp-block-table\">\n<table class=\"has-fixed-layout\">\n<tbody>\n<tr>\n<td><strong>Nome (Estado)<\/strong><\/td>\n<td><strong>Aprova\u00e7\u00e3o<\/strong><\/td>\n<td><strong>Desaprova\u00e7\u00e3o<\/strong><\/td>\n<\/tr>\n<tr>\n<td>RATINHO J\u00daNIOR (PR)<\/td>\n<td>84%<\/td>\n<td>16%<\/td>\n<\/tr>\n<tr>\n<td>RONALDO CAIADO (GO)<\/td>\n<td>83%<\/td>\n<td>17%<\/td>\n<\/tr>\n<tr>\n<td>JORGINHO MELLO (SC)<\/td>\n<td>80%<\/td>\n<td>20%<\/td>\n<\/tr>\n<tr>\n<td>MAURO MENDES (MT)<\/td>\n<td>79%<\/td>\n<td>21%<\/td>\n<\/tr>\n<tr>\n<td>RENATO CASAGRANDE (ES)<\/td>\n<td>77%<\/td>\n<td>23%<\/td>\n<\/tr>\n<tr>\n<td>JO\u00c3O AZEV\u00caDO (PB)<\/td>\n<td>70%<\/td>\n<td>30%<\/td>\n<\/tr>\n<tr>\n<td>ANT\u00d4NIO DENARIUM (RR)<\/td>\n<td>69%<\/td>\n<td>31%<\/td>\n<\/tr>\n<tr>\n<td>RAQUEL LYRA (PE)<\/td>\n<td>62%<\/td>\n<td>38%<\/td>\n<\/tr>\n<tr>\n<td>WANDERLEI BARBOSA (TO)<\/td>\n<td>61%<\/td>\n<td>39%<\/td>\n<\/tr>\n<tr>\n<td>TARC\u00cdSIO DE FREITAS (SP)<\/td>\n<td>57%<\/td>\n<td>43%<\/td>\n<\/tr>\n<tr>\n<td>ROMEU ZEMA (MG)<\/td>\n<td>56%<\/td>\n<td>44%<\/td>\n<\/tr>\n<tr>\n<td>F\u00c1BIO MITIDIERI (SE)<\/td>\n<td>56%<\/td>\n<td>44%<\/td>\n<\/tr>\n<tr>\n<td>EDUARDO RIEDEL (MS)<\/td>\n<td>55%<\/td>\n<td>45%<\/td>\n<\/tr>\n<tr>\n<td>GLADSON CAMELI (AC)<\/td>\n<td>54%<\/td>\n<td>46%<\/td>\n<\/tr>\n<tr>\n<td>CARLOS BRAND\u00c3O (MA)<\/td>\n<td>47%<\/td>\n<td>53%<\/td>\n<\/tr>\n<tr>\n<td>RAFAEL FONTELES (PI)<\/td>\n<td>46%<\/td>\n<td>54%<\/td>\n<\/tr>\n<tr>\n<td>CL\u00c1UDIO CASTRO (RJ)<\/td>\n<td>45%<\/td>\n<td>55%<\/td>\n<\/tr>\n<tr>\n<td>CL\u00c9CIO LU\u00cdS (AP)<\/td>\n<td>44%<\/td>\n<td>56%<\/td>\n<\/tr>\n<tr>\n<td>HELDER BARBALHO (PA)<\/td>\n<td>43%<\/td>\n<td>57%<\/td>\n<\/tr>\n<tr>\n<td>PAULO DANTAS (AL)<\/td>\n<td>39%<\/td>\n<td>61%<\/td>\n<\/tr>\n<tr>\n<td>ELMANO DE FREITAS (CE)<\/td>\n<td>39%<\/td>\n<td>61%<\/td>\n<\/tr>\n<tr>\n<td>MARCOS ROCHA (RO)<\/td>\n<td>38%<\/td>\n<td>62%<\/td>\n<\/tr>\n<tr>\n<td>JER\u00d4NIMO RODRIGUES (BA)<\/td>\n<td>37%<\/td>\n<td>63%<\/td>\n<\/tr>\n<tr>\n<td>EDUARDO LEITE (RS)<\/td>\n<td>35%<\/td>\n<td>65%<\/td>\n<\/tr>\n<tr>\n<td>IBANEIS ROCHA (DF)<\/td>\n<td>34%<\/td>\n<td>66%<\/td>\n<\/tr>\n<tr>\n<td>F\u00c1TIMA BEZERRA (RN)<\/td>\n<td>29%<\/td>\n<td>71%<\/td>\n<\/tr>\n<tr>\n<td>WILSON LIMA (AM)<\/td>\n<td>26%<\/td>\n<td>74%<\/td>\n<\/tr>\n<\/tbody>\n<\/table>\n<\/figure>\n<section class=\"virals\">\n<article class=\"cardnews cardnews--post cardnews--has-thumbnail cardnews--editorial-noticias\"> <a href=\"https:\/\/www.tribunapr.com.br\/noticias\/curitiba-regiao\/vereador-perdeu-pia-e-investigado-por-usar-gm-para-se-autopromove?utm_source=noticias-virais-rodape&amp;utm_medium=internal-tribuna&amp;utm_campaign=tribuna\" class=\"cardnews__postlink\"> <\/p>\n<div class=\"cardnews__image\" is-api-thumb=\"\"><\/div>\n<div class=\"cardnews__content cardhome__content\">\n<div class=\"cardnews__content-wrapper\">\n<p> <span style=\"\"> De olho! <\/span> <\/p>\n<p>Vereador Perdeu Pi\u00e1 \u00e9 investigado por usar GM para se autopromover<\/p>\n<\/p><\/div>\n<\/p><\/div>\n<p> <\/a> <\/article>\n<article class=\"cardnews cardnews--post cardnews--has-thumbnail cardnews--editorial-noticias\"> <a href=\"https:\/\/www.tribunapr.com.br\/noticias\/parana\/parana-pode-sentir-efeitos-do-el-nino-a-partir-de-julho-o-que-esperar\/?utm_source=noticias-virais-rodape&amp;utm_medium=internal-tribuna&amp;utm_campaign=tribuna\" class=\"cardnews__postlink\"> <\/p>\n<div class=\"cardnews__image\" is-api-thumb=\"\"><img decoding=\"async\" src=\"https:\/\/www.tribunapr.com.br\/wp-content\/uploads\/2026\/02\/20182305\/chuvas-370x210.jpg\" loading=\"lazy\" alt=\"Paran\u00e1 pode sentir efeitos do El Ni\u00f1o a partir de julho; o que esperar\"\/><\/div>\n<div class=\"cardnews__content cardhome__content\">\n<div class=\"cardnews__content-wrapper\">\n<p> <span style=\"\"> Alerta <\/span> <\/p>\n<p>Paran\u00e1 pode sentir efeitos do El Ni\u00f1o a partir de julho; o que esperar<\/p>\n<\/p><\/div>\n<\/p><\/div>\n<p> <\/a> <\/article>\n<article class=\"cardnews cardnews--post cardnews--has-thumbnail cardnews--editorial-noticias\"> <a href=\"https:\/\/www.tribunapr.com.br\/noticias\/parana\/roteiro-inusitado-parana-coleciona-estatuas-peculiares-pelo-interior\/?utm_source=noticias-virais-rodape&amp;utm_medium=internal-tribuna&amp;utm_campaign=tribuna\" class=\"cardnews__postlink\"> <\/p>\n<div class=\"cardnews__image\" is-api-thumb=\"\"><img decoding=\"async\" src=\"https:\/\/www.tribunapr.com.br\/wp-content\/uploads\/2026\/03\/26165528\/monumento_ao_bone_carrossel_1-prefeitura-de-apucarana-370x210.webp\" loading=\"lazy\" alt=\"Roteiro inusitado: Paran\u00e1 coleciona est\u00e1tuas peculiares pelo interior \"\/><\/div>\n<div class=\"cardnews__content cardhome__content\">\n<div class=\"cardnews__content-wrapper\">\n<p> <span style=\"\"> Belezas do Paran\u00e1 <\/span> <\/p>\n<p>Roteiro inusitado: Paran\u00e1 coleciona est\u00e1tuas peculiares pelo interior <\/p>\n<\/p><\/div>\n<\/p><\/div>\n<p> <\/a> <\/article>\n<\/section>\n<div id=\"tribuna-follow-cta\">\n<p> <span class=\"cta-title\">Siga a <span class=\"tribuna-color\">Tribuna<\/span> no Google, e acompanhe as \u00faltimas not\u00edcias de Curitiba e regi\u00e3o!<\/span> <\/p>\n<p> <a href=\"https:\/\/profile.google.com\/cp\/CgwvZy8xMmxxajUzM3Mac2h0dHBzOi8vd3d3LnRyaWJ1bmFwci5jb20uYnIvdml2YS92aXRyaW5lL2dpZ2FudGUtZG8tdmVzdHVhcmlvLXJlaW5hdWd1cmEtbG9qYS1lbS1zaG9wcGluZy10cmFkaWNpb25hbC1kZS1jdXJpdGliYS8iElRyaWJ1bmEgZG8gUGFyYW7DoSqAAwrHAWh0dHBzOi8vZW5jcnlwdGVkLXRibjIuZ3N0YXRpYy5jb20vZmF2aWNvbi10Ym4_cT10Ym46QU5kOUdjUVJPbjVDRjR6TzJPbkUwTXZrRlRCRTY2U0g1bGlaVDRaZTV3bWNKeU5GRm1BSnluM01nNU9PR3BXY1pYMzZwYU5HUWtsZ09JVEFLTTNNZVNGbTc1aWp6M3k2ajUtQ3M2b25kX2JUcFFQQkVLd3RsUjBsTmJESnUtVHhrNXQtbFlCNlVpOWZSVVFjT2cSswFodHRwczovL2VuY3J5cHRlZC10Ym4zLmdzdGF0aWMuY29tL2Zhdmljb24tdGJuP3E9dGJuJTNBQU5kOUdjU0FMaWJ2eFF0YXdFMFRueVdWWmVKRS1MZEdRZjVTUi1OZ2RMazhyZzIwVy1nM0JuQ1F4VDNKZFBjRXR2THdBeVRxUDJEdHVycEdVR29CQkxpYzM5al9wSmFxRERaMHNCYW05WEVhSGVsMmZTQmdKdlF4WWVyMw\" target=\"_blank\" title=\"Seguir a Tribuna no Google\">  <\/a> <\/div>\n<\/p><\/div>\n<p><a href=\"https:\/\/www.tribunapr.com.br\/noticias\/parana\/ratinho-junior-lidera-ranking-como-governador-mais-bem-avaliado-do-brasil\/\">Fonte do Artigo <\/a><\/p>","protected":false},"excerpt":{"rendered":"<p>Uma pesquisa divulgada pelo Instituto Verit\u00e1 neste domingo (19\/4) apontou Ratinho J\u00fanior como o governador mais bem avaliado do Brasil. O levantamento, realizado entre 13 de mar\u00e7o e 4 de abril, ouviu 40 mil pessoas, o maior n\u00famero de entrevistas j\u00e1 registrado em uma pesquisa desse tipo. No ranking, Ratinho J\u00fanior aparece com 84% de [&hellip;]<\/p>\n","protected":false},"author":1,"featured_media":94226,"comment_status":"closed","ping_status":"","sticky":false,"template":"","format":"standard","meta":{"googlesitekit_rrm_CAow2JLhCw:productID":"","_gspb_post_css":"","maa_idioma":"","maa_pais":"","footnotes":""},"categories":[1],"tags":[11415,4676,8207,5083,4002,218,5082],"class_list":["post-112584","post","type-post","status-publish","format-standard","has-post-thumbnail","hentry","category-ubirata","tag-aprovacao","tag-entre","tag-governadores","tag-junior","tag-lidera","tag-ranking","tag-ratinho"],"blocksy_meta":[],"yoast_head":"<!-- This site is optimized with the Yoast SEO Premium plugin v27.6 (Yoast SEO v27.6) - https:\/\/yoast.com\/product\/yoast-seo-premium-wordpress\/ -->\n<title>Ratinho J\u00fanior lidera ranking de aprova\u00e7\u00e3o entre governadores - Ubirat\u00e3 Online Not\u00edcias - A realidade ao seu alcance!<\/title>\n<meta name=\"description\" content=\"Uma pesquisa divulgada pelo Instituto Verit\u00e1 neste domingo (19\/4) apontou Ratinho J\u00fanior como o governador mais bem avaliado do Brasil. O levantamento,\" \/>\n<meta name=\"robots\" content=\"index, follow, max-snippet:-1, max-image-preview:large, max-video-preview:-1\" \/>\n<link rel=\"canonical\" href=\"https:\/\/ubirataonline.com.br\/en\/ratinho-junior-lidera-ranking-de-aprovacao-entre-governadores\/\" \/>\n<meta property=\"og:locale\" content=\"en_US\" \/>\n<meta property=\"og:type\" content=\"article\" \/>\n<meta property=\"og:title\" content=\"Ratinho J\u00fanior lidera ranking de aprova\u00e7\u00e3o entre governadores\" \/>\n<meta property=\"og:description\" content=\"Uma pesquisa divulgada pelo Instituto Verit\u00e1 neste domingo (19\/4) apontou Ratinho J\u00fanior como o governador mais bem avaliado do Brasil. O levantamento,\" \/>\n<meta property=\"og:url\" content=\"https:\/\/ubirataonline.com.br\/en\/ratinho-junior-lidera-ranking-de-aprovacao-entre-governadores\/\" \/>\n<meta property=\"og:site_name\" content=\"Ubirat\u00e3 Online Not\u00edcias - A realidade ao seu alcance!\" \/>\n<meta property=\"article:publisher\" content=\"https:\/\/www.facebook.com\/portalubirataonline\" \/>\n<meta property=\"article:author\" content=\"https:\/\/www.facebook.com\/portalubirataonline\" \/>\n<meta property=\"article:published_time\" content=\"2026-04-20T07:28:45+00:00\" \/>\n<meta property=\"article:modified_time\" content=\"2026-04-20T07:28:49+00:00\" \/>\n<meta property=\"og:image\" content=\"https:\/\/ubirataonline.com.br\/wp-content\/uploads\/2026\/03\/PL-chama-Ratinho-Junior-para-vice-em-chapa-de-Flavio.jpg\" \/>\n\t<meta property=\"og:image:width\" content=\"1200\" \/>\n\t<meta property=\"og:image:height\" content=\"800\" \/>\n\t<meta property=\"og:image:type\" content=\"image\/jpeg\" \/>\n<meta name=\"author\" content=\"REDA\u00c7\u00c3O: UBIRAT\u00c3 ONLINE - F\u00c1BIO AUGUSTO CELESTINO\" \/>\n<meta name=\"twitter:card\" content=\"summary_large_image\" \/>\n<meta name=\"twitter:creator\" content=\"@x.com\/ubirataonline\" \/>\n<meta name=\"twitter:site\" content=\"@ubirataonline\" \/>\n<meta name=\"twitter:label1\" content=\"Written by\" \/>\n\t<meta name=\"twitter:data1\" content=\"REDA\u00c7\u00c3O: UBIRAT\u00c3 ONLINE - F\u00c1BIO AUGUSTO CELESTINO\" \/>\n\t<meta name=\"twitter:label2\" content=\"Est. reading time\" \/>\n\t<meta name=\"twitter:data2\" content=\"2 minutes\" \/>\n<script type=\"application\/ld+json\" class=\"yoast-schema-graph\">{\"@context\":\"https:\\\/\\\/schema.org\",\"@graph\":[{\"@type\":\"NewsArticle\",\"@id\":\"https:\\\/\\\/ubirataonline.com.br\\\/ratinho-junior-lidera-ranking-de-aprovacao-entre-governadores\\\/#article\",\"isPartOf\":{\"@id\":\"https:\\\/\\\/ubirataonline.com.br\\\/ratinho-junior-lidera-ranking-de-aprovacao-entre-governadores\\\/\"},\"author\":{\"name\":\"REDA\u00c7\u00c3O: UBIRAT\u00c3 ONLINE - F\u00c1BIO AUGUSTO CELESTINO\",\"@id\":\"https:\\\/\\\/ubirataonline.com.br\\\/#\\\/schema\\\/person\\\/372f87bbd3fdd79b8556b84c98d0bc1c\"},\"headline\":\"Ratinho J\u00fanior lidera ranking de aprova\u00e7\u00e3o entre governadores\",\"datePublished\":\"2026-04-20T07:28:45+00:00\",\"dateModified\":\"2026-04-20T07:28:49+00:00\",\"mainEntityOfPage\":{\"@id\":\"https:\\\/\\\/ubirataonline.com.br\\\/ratinho-junior-lidera-ranking-de-aprovacao-entre-governadores\\\/\"},\"wordCount\":394,\"publisher\":{\"@id\":\"https:\\\/\\\/ubirataonline.com.br\\\/#organization\"},\"image\":{\"@id\":\"https:\\\/\\\/ubirataonline.com.br\\\/ratinho-junior-lidera-ranking-de-aprovacao-entre-governadores\\\/#primaryimage\"},\"thumbnailUrl\":\"https:\\\/\\\/ubirataonline.com.br\\\/wp-content\\\/uploads\\\/2026\\\/03\\\/PL-chama-Ratinho-Junior-para-vice-em-chapa-de-Flavio.jpg\",\"keywords\":[\"aprova\u00e7\u00e3o\",\"entre\",\"governadores\",\"J\u00fanior\",\"lidera\",\"ranking\",\"Ratinho\"],\"articleSection\":[\"Ubirat\u00e3\"],\"inLanguage\":\"en-US\",\"copyrightYear\":\"2026\",\"copyrightHolder\":{\"@id\":\"https:\\\/\\\/ubirataonline.com.br\\\/en\\\/#organization\"}},{\"@type\":\"WebPage\",\"@id\":\"https:\\\/\\\/ubirataonline.com.br\\\/ratinho-junior-lidera-ranking-de-aprovacao-entre-governadores\\\/\",\"url\":\"https:\\\/\\\/ubirataonline.com.br\\\/ratinho-junior-lidera-ranking-de-aprovacao-entre-governadores\\\/\",\"name\":\"Ratinho J\u00fanior lidera ranking de aprova\u00e7\u00e3o entre governadores - Ubirat\u00e3 Online Not\u00edcias - A realidade ao seu alcance!\",\"isPartOf\":{\"@id\":\"https:\\\/\\\/ubirataonline.com.br\\\/#website\"},\"primaryImageOfPage\":{\"@id\":\"https:\\\/\\\/ubirataonline.com.br\\\/ratinho-junior-lidera-ranking-de-aprovacao-entre-governadores\\\/#primaryimage\"},\"image\":{\"@id\":\"https:\\\/\\\/ubirataonline.com.br\\\/ratinho-junior-lidera-ranking-de-aprovacao-entre-governadores\\\/#primaryimage\"},\"thumbnailUrl\":\"https:\\\/\\\/ubirataonline.com.br\\\/wp-content\\\/uploads\\\/2026\\\/03\\\/PL-chama-Ratinho-Junior-para-vice-em-chapa-de-Flavio.jpg\",\"datePublished\":\"2026-04-20T07:28:45+00:00\",\"dateModified\":\"2026-04-20T07:28:49+00:00\",\"description\":\"Uma pesquisa divulgada pelo Instituto Verit\u00e1 neste domingo (19\\\/4) apontou Ratinho J\u00fanior como o governador mais bem avaliado do Brasil. O levantamento,\",\"breadcrumb\":{\"@id\":\"https:\\\/\\\/ubirataonline.com.br\\\/ratinho-junior-lidera-ranking-de-aprovacao-entre-governadores\\\/#breadcrumb\"},\"inLanguage\":\"en-US\",\"potentialAction\":[{\"@type\":\"ReadAction\",\"target\":[\"https:\\\/\\\/ubirataonline.com.br\\\/ratinho-junior-lidera-ranking-de-aprovacao-entre-governadores\\\/\"]}]},{\"@type\":\"ImageObject\",\"inLanguage\":\"en-US\",\"@id\":\"https:\\\/\\\/ubirataonline.com.br\\\/ratinho-junior-lidera-ranking-de-aprovacao-entre-governadores\\\/#primaryimage\",\"url\":\"https:\\\/\\\/ubirataonline.com.br\\\/wp-content\\\/uploads\\\/2026\\\/03\\\/PL-chama-Ratinho-Junior-para-vice-em-chapa-de-Flavio.jpg\",\"contentUrl\":\"https:\\\/\\\/ubirataonline.com.br\\\/wp-content\\\/uploads\\\/2026\\\/03\\\/PL-chama-Ratinho-Junior-para-vice-em-chapa-de-Flavio.jpg\",\"width\":1200,\"height\":800,\"caption\":\"Foto: Reprodu\u00e7\u00e3o\\\/Geraldo Bubniak\\\/AEN\"},{\"@type\":\"BreadcrumbList\",\"@id\":\"https:\\\/\\\/ubirataonline.com.br\\\/ratinho-junior-lidera-ranking-de-aprovacao-entre-governadores\\\/#breadcrumb\",\"itemListElement\":[{\"@type\":\"ListItem\",\"position\":1,\"name\":\"In\u00edcio\",\"item\":\"https:\\\/\\\/ubirataonline.com.br\\\/\"},{\"@type\":\"ListItem\",\"position\":2,\"name\":\"Ratinho J\u00fanior lidera ranking de aprova\u00e7\u00e3o entre governadores\"}]},{\"@type\":\"WebSite\",\"@id\":\"https:\\\/\\\/ubirataonline.com.br\\\/#website\",\"url\":\"https:\\\/\\\/ubirataonline.com.br\\\/\",\"name\":\"Ubirat\u00e3 Online Not\u00edcias\",\"description\":\"Not\u00edcias de Ubirat\u00e3, regi\u00e3o, Brasil e mundo, com informa\u00e7\u00e3o atualizada e compromisso com o leitor.\",\"publisher\":{\"@id\":\"https:\\\/\\\/ubirataonline.com.br\\\/#organization\"},\"alternateName\":\"Ubirat\u00e3 Online\",\"potentialAction\":[{\"@type\":\"SearchAction\",\"target\":{\"@type\":\"EntryPoint\",\"urlTemplate\":\"https:\\\/\\\/ubirataonline.com.br\\\/?s={search_term_string}\"},\"query-input\":{\"@type\":\"PropertyValueSpecification\",\"valueRequired\":true,\"valueName\":\"search_term_string\"}}],\"inLanguage\":\"en-US\"},{\"@type\":[\"Organization\",\"Place\"],\"@id\":\"https:\\\/\\\/ubirataonline.com.br\\\/#organization\",\"name\":\"Ubirat\u00e3 Online Not\u00edcias\",\"alternateName\":\"Ubirat\u00e3 Online\",\"url\":\"https:\\\/\\\/ubirataonline.com.br\\\/\",\"logo\":{\"@id\":\"https:\\\/\\\/ubirataonline.com.br\\\/ratinho-junior-lidera-ranking-de-aprovacao-entre-governadores\\\/#local-main-organization-logo\"},\"image\":{\"@id\":\"https:\\\/\\\/ubirataonline.com.br\\\/ratinho-junior-lidera-ranking-de-aprovacao-entre-governadores\\\/#local-main-organization-logo\"},\"sameAs\":[\"https:\\\/\\\/www.facebook.com\\\/portalubirataonline\",\"https:\\\/\\\/x.com\\\/ubirataonline\",\"https:\\\/\\\/mastodon.social\\\/@ubirataonline\",\"https:\\\/\\\/www.facebook.com\\\/groups\\\/311144672285604\",\"https:\\\/\\\/www.facebook.com\\\/UBTAOnline\",\"https:\\\/\\\/www.instagram.com\\\/portalubirataonline\\\/\",\"https:\\\/\\\/twitter.com\\\/ubirataonline\"],\"description\":\"Somos um portal de not\u00edcias independente, criado em 5 de janeiro de 2009, com o objetivo de informar, conectar e valorizar a nossa comunidade de Ubirat\u00e3 e toda aregi\u00e3o. Com conte\u00fado atualizado, confi\u00e1vel e relevante, o Ubirat\u00e3 Online \u00e9 o seu espa\u00e7o para ficar por dentro dos principais acontecimentos locais, regionais, Brasil, Mundo e de interesse geral. Nosso compromisso \u00e9 com a verdade, a transpar\u00eancia e o respeito ao leitor.\",\"legalName\":\"UBIRATA ONLINE NOT\u00cdCIAS\",\"foundingDate\":\"2009-01-05\",\"numberOfEmployees\":{\"@type\":\"QuantitativeValue\",\"minValue\":\"1\",\"maxValue\":\"10\"},\"publishingPrinciples\":\"https:\\\/\\\/ubirataonline.com.br\\\/faq\\\/\",\"address\":{\"@id\":\"https:\\\/\\\/ubirataonline.com.br\\\/ratinho-junior-lidera-ranking-de-aprovacao-entre-governadores\\\/#local-main-place-address\"},\"geo\":{\"@type\":\"GeoCoordinates\",\"latitude\":\"-24.5361401\",\"longitude\":\"-52.9921776\"},\"telephone\":[\"+5544998308235\"],\"contactPoint\":{\"@type\":\"ContactPoint\",\"email\":\"contato@ubirataonline.com.br\"},\"openingHoursSpecification\":{\"@type\":\"OpeningHoursSpecification\",\"dayOfWeek\":[\"Monday\",\"Tuesday\",\"Wednesday\",\"Thursday\",\"Friday\",\"Saturday\",\"Sunday\"],\"opens\":\"00:00\",\"closes\":\"23:59\"},\"email\":\"contato@ubirataonline.com.br\",\"vatID\":\"47.621.418\\\/0001-80\"},{\"@type\":\"Person\",\"@id\":\"https:\\\/\\\/ubirataonline.com.br\\\/#\\\/schema\\\/person\\\/372f87bbd3fdd79b8556b84c98d0bc1c\",\"name\":\"REDA\u00c7\u00c3O: UBIRAT\u00c3 ONLINE - F\u00c1BIO AUGUSTO CELESTINO\",\"pronouns\":\"Ele\",\"description\":\"Desde 2003 trabalhando com not\u00edcias.\",\"sameAs\":[\"http:\\\/\\\/ubirataoline.com.br\",\"https:\\\/\\\/www.facebook.com\\\/portalubirataonline\",\"https:\\\/\\\/www.instagram.com\\\/ubirataonline_oficial\",\"https:\\\/\\\/x.com\\\/x.com\\\/ubirataonline\"],\"honorificPrefix\":\"Mr.\",\"honorificSuffix\":\"MD\",\"birthDate\":\"1980-06-16\",\"gender\":\"masculino\",\"award\":[\"V\u00e1rios pr\u00eamios de melhor portal da cidade\"],\"jobTitle\":\"Diretor\",\"url\":\"https:\\\/\\\/ubirataonline.com.br\\\/en\\\/author\\\/ubirataonline\\\/\"},{\"@type\":\"PostalAddress\",\"@id\":\"https:\\\/\\\/ubirataonline.com.br\\\/ratinho-junior-lidera-ranking-de-aprovacao-entre-governadores\\\/#local-main-place-address\",\"streetAddress\":\"Rua dos Coqueiros, 104 - Bairro Boa Vista, Rua dos Coqueiros, 104 Bairro Boa Vista\",\"addressLocality\":\"UBIRATA\",\"postalCode\":\"85440-000\",\"addressRegion\":\"PR\",\"addressCountry\":\"BR\"},{\"@type\":\"ImageObject\",\"inLanguage\":\"en-US\",\"@id\":\"https:\\\/\\\/ubirataonline.com.br\\\/ratinho-junior-lidera-ranking-de-aprovacao-entre-governadores\\\/#local-main-organization-logo\",\"url\":\"https:\\\/\\\/ubirataonline.com.br\\\/wp-content\\\/uploads\\\/2026\\\/06\\\/logoubirataonline-1.webp\",\"contentUrl\":\"https:\\\/\\\/ubirataonline.com.br\\\/wp-content\\\/uploads\\\/2026\\\/06\\\/logoubirataonline-1.webp\",\"width\":500,\"height\":500,\"caption\":\"Ubirat\u00e3 Online Not\u00edcias\"}]}<\/script>\n<meta name=\"geo.placename\" content=\"UBIRATA\" \/>\n<meta name=\"geo.position\" content=\"-24.5361401;-52.9921776\" \/>\n<meta name=\"geo.region\" content=\"Brazil\" \/>\n<!-- \/ Yoast SEO Premium plugin. -->","yoast_head_json":{"title":"Ratinho J\u00fanior lidera ranking de aprova\u00e7\u00e3o entre governadores - Ubirat\u00e3 Online Not\u00edcias - A realidade ao seu alcance!","description":"Uma pesquisa divulgada pelo Instituto Verit\u00e1 neste domingo (19\/4) apontou Ratinho J\u00fanior como o governador mais bem avaliado do Brasil. O levantamento,","robots":{"index":"index","follow":"follow","max-snippet":"max-snippet:-1","max-image-preview":"max-image-preview:large","max-video-preview":"max-video-preview:-1"},"canonical":"https:\/\/ubirataonline.com.br\/en\/ratinho-junior-lidera-ranking-de-aprovacao-entre-governadores\/","og_locale":"en_US","og_type":"article","og_title":"Ratinho J\u00fanior lidera ranking de aprova\u00e7\u00e3o entre governadores","og_description":"Uma pesquisa divulgada pelo Instituto Verit\u00e1 neste domingo (19\/4) apontou Ratinho J\u00fanior como o governador mais bem avaliado do Brasil. O levantamento,","og_url":"https:\/\/ubirataonline.com.br\/en\/ratinho-junior-lidera-ranking-de-aprovacao-entre-governadores\/","og_site_name":"Ubirat\u00e3 Online Not\u00edcias - A realidade ao seu alcance!","article_publisher":"https:\/\/www.facebook.com\/portalubirataonline","article_author":"https:\/\/www.facebook.com\/portalubirataonline","article_published_time":"2026-04-20T07:28:45+00:00","article_modified_time":"2026-04-20T07:28:49+00:00","og_image":[{"width":1200,"height":800,"url":"https:\/\/ubirataonline.com.br\/wp-content\/uploads\/2026\/03\/PL-chama-Ratinho-Junior-para-vice-em-chapa-de-Flavio.jpg","type":"image\/jpeg"}],"author":"REDA\u00c7\u00c3O: UBIRAT\u00c3 ONLINE - F\u00c1BIO AUGUSTO CELESTINO","twitter_card":"summary_large_image","twitter_creator":"@x.com\/ubirataonline","twitter_site":"@ubirataonline","twitter_misc":{"Written by":"REDA\u00c7\u00c3O: UBIRAT\u00c3 ONLINE - F\u00c1BIO AUGUSTO CELESTINO","Est. reading time":"2 minutes"},"schema":{"@context":"https:\/\/schema.org","@graph":[{"@type":"NewsArticle","@id":"https:\/\/ubirataonline.com.br\/ratinho-junior-lidera-ranking-de-aprovacao-entre-governadores\/#article","isPartOf":{"@id":"https:\/\/ubirataonline.com.br\/ratinho-junior-lidera-ranking-de-aprovacao-entre-governadores\/"},"author":{"name":"REDA\u00c7\u00c3O: UBIRAT\u00c3 ONLINE - F\u00c1BIO AUGUSTO CELESTINO","@id":"https:\/\/ubirataonline.com.br\/#\/schema\/person\/372f87bbd3fdd79b8556b84c98d0bc1c"},"headline":"Ratinho J\u00fanior lidera ranking de aprova\u00e7\u00e3o entre governadores","datePublished":"2026-04-20T07:28:45+00:00","dateModified":"2026-04-20T07:28:49+00:00","mainEntityOfPage":{"@id":"https:\/\/ubirataonline.com.br\/ratinho-junior-lidera-ranking-de-aprovacao-entre-governadores\/"},"wordCount":394,"publisher":{"@id":"https:\/\/ubirataonline.com.br\/#organization"},"image":{"@id":"https:\/\/ubirataonline.com.br\/ratinho-junior-lidera-ranking-de-aprovacao-entre-governadores\/#primaryimage"},"thumbnailUrl":"https:\/\/ubirataonline.com.br\/wp-content\/uploads\/2026\/03\/PL-chama-Ratinho-Junior-para-vice-em-chapa-de-Flavio.jpg","keywords":["aprova\u00e7\u00e3o","entre","governadores","J\u00fanior","lidera","ranking","Ratinho"],"articleSection":["Ubirat\u00e3"],"inLanguage":"en-US","copyrightYear":"2026","copyrightHolder":{"@id":"https:\/\/ubirataonline.com.br\/en\/#organization"}},{"@type":"WebPage","@id":"https:\/\/ubirataonline.com.br\/ratinho-junior-lidera-ranking-de-aprovacao-entre-governadores\/","url":"https:\/\/ubirataonline.com.br\/ratinho-junior-lidera-ranking-de-aprovacao-entre-governadores\/","name":"Ratinho J\u00fanior lidera ranking de aprova\u00e7\u00e3o entre governadores - Ubirat\u00e3 Online Not\u00edcias - A realidade ao seu alcance!","isPartOf":{"@id":"https:\/\/ubirataonline.com.br\/#website"},"primaryImageOfPage":{"@id":"https:\/\/ubirataonline.com.br\/ratinho-junior-lidera-ranking-de-aprovacao-entre-governadores\/#primaryimage"},"image":{"@id":"https:\/\/ubirataonline.com.br\/ratinho-junior-lidera-ranking-de-aprovacao-entre-governadores\/#primaryimage"},"thumbnailUrl":"https:\/\/ubirataonline.com.br\/wp-content\/uploads\/2026\/03\/PL-chama-Ratinho-Junior-para-vice-em-chapa-de-Flavio.jpg","datePublished":"2026-04-20T07:28:45+00:00","dateModified":"2026-04-20T07:28:49+00:00","description":"Uma pesquisa divulgada pelo Instituto Verit\u00e1 neste domingo (19\/4) apontou Ratinho J\u00fanior como o governador mais bem avaliado do Brasil. O levantamento,","breadcrumb":{"@id":"https:\/\/ubirataonline.com.br\/ratinho-junior-lidera-ranking-de-aprovacao-entre-governadores\/#breadcrumb"},"inLanguage":"en-US","potentialAction":[{"@type":"ReadAction","target":["https:\/\/ubirataonline.com.br\/ratinho-junior-lidera-ranking-de-aprovacao-entre-governadores\/"]}]},{"@type":"ImageObject","inLanguage":"en-US","@id":"https:\/\/ubirataonline.com.br\/ratinho-junior-lidera-ranking-de-aprovacao-entre-governadores\/#primaryimage","url":"https:\/\/ubirataonline.com.br\/wp-content\/uploads\/2026\/03\/PL-chama-Ratinho-Junior-para-vice-em-chapa-de-Flavio.jpg","contentUrl":"https:\/\/ubirataonline.com.br\/wp-content\/uploads\/2026\/03\/PL-chama-Ratinho-Junior-para-vice-em-chapa-de-Flavio.jpg","width":1200,"height":800,"caption":"Foto: Reprodu\u00e7\u00e3o\/Geraldo Bubniak\/AEN"},{"@type":"BreadcrumbList","@id":"https:\/\/ubirataonline.com.br\/ratinho-junior-lidera-ranking-de-aprovacao-entre-governadores\/#breadcrumb","itemListElement":[{"@type":"ListItem","position":1,"name":"In\u00edcio","item":"https:\/\/ubirataonline.com.br\/"},{"@type":"ListItem","position":2,"name":"Ratinho J\u00fanior lidera ranking de aprova\u00e7\u00e3o entre governadores"}]},{"@type":"WebSite","@id":"https:\/\/ubirataonline.com.br\/#website","url":"https:\/\/ubirataonline.com.br\/","name":"Ubirat\u00e3 Online Not\u00edcias","description":"Not\u00edcias de Ubirat\u00e3, regi\u00e3o, Brasil e mundo, com informa\u00e7\u00e3o atualizada e compromisso com o leitor.","publisher":{"@id":"https:\/\/ubirataonline.com.br\/#organization"},"alternateName":"Ubirat\u00e3 Online","potentialAction":[{"@type":"SearchAction","target":{"@type":"EntryPoint","urlTemplate":"https:\/\/ubirataonline.com.br\/?s={search_term_string}"},"query-input":{"@type":"PropertyValueSpecification","valueRequired":true,"valueName":"search_term_string"}}],"inLanguage":"en-US"},{"@type":["Organization","Place"],"@id":"https:\/\/ubirataonline.com.br\/#organization","name":"Ubirat\u00e3 Online Not\u00edcias","alternateName":"Ubirat\u00e3 Online","url":"https:\/\/ubirataonline.com.br\/","logo":{"@id":"https:\/\/ubirataonline.com.br\/ratinho-junior-lidera-ranking-de-aprovacao-entre-governadores\/#local-main-organization-logo"},"image":{"@id":"https:\/\/ubirataonline.com.br\/ratinho-junior-lidera-ranking-de-aprovacao-entre-governadores\/#local-main-organization-logo"},"sameAs":["https:\/\/www.facebook.com\/portalubirataonline","https:\/\/x.com\/ubirataonline","https:\/\/mastodon.social\/@ubirataonline","https:\/\/www.facebook.com\/groups\/311144672285604","https:\/\/www.facebook.com\/UBTAOnline","https:\/\/www.instagram.com\/portalubirataonline\/","https:\/\/twitter.com\/ubirataonline"],"description":"Somos um portal de not\u00edcias independente, criado em 5 de janeiro de 2009, com o objetivo de informar, conectar e valorizar a nossa comunidade de Ubirat\u00e3 e toda aregi\u00e3o. Com conte\u00fado atualizado, confi\u00e1vel e relevante, o Ubirat\u00e3 Online \u00e9 o seu espa\u00e7o para ficar por dentro dos principais acontecimentos locais, regionais, Brasil, Mundo e de interesse geral. Nosso compromisso \u00e9 com a verdade, a transpar\u00eancia e o respeito ao leitor.","legalName":"UBIRATA ONLINE NOT\u00cdCIAS","foundingDate":"2009-01-05","numberOfEmployees":{"@type":"QuantitativeValue","minValue":"1","maxValue":"10"},"publishingPrinciples":"https:\/\/ubirataonline.com.br\/faq\/","address":{"@id":"https:\/\/ubirataonline.com.br\/ratinho-junior-lidera-ranking-de-aprovacao-entre-governadores\/#local-main-place-address"},"geo":{"@type":"GeoCoordinates","latitude":"-24.5361401","longitude":"-52.9921776"},"telephone":["+5544998308235"],"contactPoint":{"@type":"ContactPoint","email":"contato@ubirataonline.com.br"},"openingHoursSpecification":{"@type":"OpeningHoursSpecification","dayOfWeek":["Monday","Tuesday","Wednesday","Thursday","Friday","Saturday","Sunday"],"opens":"00:00","closes":"23:59"},"email":"contato@ubirataonline.com.br","vatID":"47.621.418\/0001-80"},{"@type":"Person","@id":"https:\/\/ubirataonline.com.br\/#\/schema\/person\/372f87bbd3fdd79b8556b84c98d0bc1c","name":"REDA\u00c7\u00c3O: UBIRAT\u00c3 ONLINE - F\u00c1BIO AUGUSTO CELESTINO","pronouns":"Ele","description":"Desde 2003 trabalhando com not\u00edcias.","sameAs":["http:\/\/ubirataoline.com.br","https:\/\/www.facebook.com\/portalubirataonline","https:\/\/www.instagram.com\/ubirataonline_oficial","https:\/\/x.com\/x.com\/ubirataonline"],"honorificPrefix":"Mr.","honorificSuffix":"MD","birthDate":"1980-06-16","gender":"masculino","award":["V\u00e1rios pr\u00eamios de melhor portal da cidade"],"jobTitle":"Diretor","url":"https:\/\/ubirataonline.com.br\/en\/author\/ubirataonline\/"},{"@type":"PostalAddress","@id":"https:\/\/ubirataonline.com.br\/ratinho-junior-lidera-ranking-de-aprovacao-entre-governadores\/#local-main-place-address","streetAddress":"Rua dos Coqueiros, 104 - Bairro Boa Vista, Rua dos Coqueiros, 104 Bairro Boa Vista","addressLocality":"UBIRATA","postalCode":"85440-000","addressRegion":"PR","addressCountry":"BR"},{"@type":"ImageObject","inLanguage":"en-US","@id":"https:\/\/ubirataonline.com.br\/ratinho-junior-lidera-ranking-de-aprovacao-entre-governadores\/#local-main-organization-logo","url":"https:\/\/ubirataonline.com.br\/wp-content\/uploads\/2026\/06\/logoubirataonline-1.webp","contentUrl":"https:\/\/ubirataonline.com.br\/wp-content\/uploads\/2026\/06\/logoubirataonline-1.webp","width":500,"height":500,"caption":"Ubirat\u00e3 Online Not\u00edcias"}]},"geo.placename":"UBIRATA","geo.position":{"lat":"-24.5361401","long":"-52.9921776"},"geo.region":"Brazil"},"_links":{"self":[{"href":"https:\/\/ubirataonline.com.br\/en\/wp-json\/wp\/v2\/posts\/112584","targetHints":{"allow":["GET"]}}],"collection":[{"href":"https:\/\/ubirataonline.com.br\/en\/wp-json\/wp\/v2\/posts"}],"about":[{"href":"https:\/\/ubirataonline.com.br\/en\/wp-json\/wp\/v2\/types\/post"}],"author":[{"embeddable":true,"href":"https:\/\/ubirataonline.com.br\/en\/wp-json\/wp\/v2\/users\/1"}],"replies":[{"embeddable":true,"href":"https:\/\/ubirataonline.com.br\/en\/wp-json\/wp\/v2\/comments?post=112584"}],"version-history":[{"count":0,"href":"https:\/\/ubirataonline.com.br\/en\/wp-json\/wp\/v2\/posts\/112584\/revisions"}],"wp:featuredmedia":[{"embeddable":true,"href":"https:\/\/ubirataonline.com.br\/en\/wp-json\/wp\/v2\/media\/94226"}],"wp:attachment":[{"href":"https:\/\/ubirataonline.com.br\/en\/wp-json\/wp\/v2\/media?parent=112584"}],"wp:term":[{"taxonomy":"category","embeddable":true,"href":"https:\/\/ubirataonline.com.br\/en\/wp-json\/wp\/v2\/categories?post=112584"},{"taxonomy":"post_tag","embeddable":true,"href":"https:\/\/ubirataonline.com.br\/en\/wp-json\/wp\/v2\/tags?post=112584"}],"curies":[{"name":"wp","href":"https:\/\/api.w.org\/{rel}","templated":true}]}}