{"id":112592,"date":"2026-04-20T04:36:03","date_gmt":"2026-04-20T07:36:03","guid":{"rendered":"https:\/\/ubirataonline.com.br\/maluma-nos-desempolva-este-clasico-junto-a-shakira-te-acuerdas-de-el\/"},"modified":"2026-04-20T04:36:06","modified_gmt":"2026-04-20T07:36:06","slug":"maluma-nos-desempolva-este-clasico-junto-a-shakira-te-acuerdas-de-el","status":"publish","type":"post","link":"https:\/\/ubirataonline.com.br\/en\/maluma-nos-desempolva-este-clasico-junto-a-shakira-te-acuerdas-de-el\/","title":{"rendered":"Maluma nos desempolva este cl\u00e1sico junto a Shakira: \u00bfTe acuerdas de \u00e9l?"},"content":{"rendered":"<p><\/p>\n<div id=\"cuerpo_noticia\">\n<p>Han pasado varios a\u00f1os desde que <strong><a href=\"https:\/\/www.cadenadial.com\/2026\/maluma-comparte-una-reflexion-llena-de-valentia-el-mundo-se-le-viene-encima-448411.html\">Maluma<\/a> y <a href=\"https:\/\/www.cadenadial.com\/2026\/shakira-y-las-de-la-imperfeccion-por-que-las-mujeres-no-tenemos-que-ser-lindas-guapas-y-perfectas-448275.html\">Shakira<\/a><\/strong> unieron fuerzas por \u00faltima vez, pero basta un peque\u00f1o v\u00eddeo para reactivar la memoria de sus seguidores. El int\u00e9rprete de <em>Haw\u00e1i<\/em> <strong>ha compartido recientemente en <a href=\"https:\/\/www.tiktok.com\/\" target=\"_blank\" rel=\"false noopener\">TikTok<\/a> un breve fragmento de <em>Clandestino<\/em><\/strong>, un tema que, aunque no es de los m\u00e1s recientes, sigue muy presente en el pop latino.<\/p>\n<p>La publicaci\u00f3n, sencilla pero cargada de intenci\u00f3n, ha servido para desempolvar este \u00e9xito lanzado en 2018. Una canci\u00f3n que, con su ritmo veraniego y su letra sugerente, <strong>conquist\u00f3 r\u00e1pidamente las listas y se convirti\u00f3 en una de las colaboraciones<\/strong> <strong>m\u00e1s destacadas<\/strong> entre ambos artistas.<\/p>\n<blockquote class=\"tiktok-embed\" style=\"max-width: 605px; min-width: 325px;\" cite=\"https:\/\/www.tiktok.com\/@maluma\/video\/7627481721684069640\" data-video-id=\"7627481721684069640\">\n<section><a title=\"@maluma\" href=\"https:\/\/www.tiktok.com\/@maluma?refer=embed\" target=\"_blank\" rel=\"noopener\">@maluma<\/a>Temazooooo !!!<a title=\"\u266c sonido original - Shakiro\" href=\"https:\/\/www.tiktok.com\/music\/sonido-original-7341623744824347398?refer=embed\" target=\"_blank\" rel=\"noopener\">\u266c sonido original \u2013 Shakiro<\/a><\/section>\n<\/blockquote>\n<h2>Un tr\u00edo de colaboraciones muy recordado por los seguidores de Shakira y Maluma<\/h2>\n<p><em>Clandestino<\/em> recuperaba ese aire pegadizo y directo, con <strong>una historia de amor secreta que conect\u00f3 r\u00e1pido con el p\u00fablico<\/strong> y que termin\u00f3 de consolidar ese tr\u00edo de canciones entre los dos tan reconocible.<\/p>\n<p>Este tema fue el cierre, al menos por ahora, de una etapa muy concreta entre ambos artistas. Antes ya hab\u00edan probado suerte juntos con <strong><em>Chantaje<\/em><\/strong>, que marc\u00f3 un antes y un despu\u00e9s en la carrera internacional de Maluma y se convirti\u00f3 en <strong>uno de los mayores \u00e9xitos de Shakira en la \u00faltima d\u00e9cada<\/strong>.<\/p>\n<p><iframe loading=\"lazy\" title=\"Shakira - Chantaje (Official Video) ft. Maluma\" width=\"1366\" height=\"768\" src=\"https:\/\/www.youtube.com\/embed\/6Mgqbai3fKo?feature=oembed\" frameborder=\"0\" allow=\"accelerometer; autoplay; clipboard-write; encrypted-media; gyroscope; picture-in-picture; web-share\" referrerpolicy=\"strict-origin-when-cross-origin\" allowfullscreen><\/iframe><\/p>\n<p><noscript><iframe loading=\"lazy\" title=\"Shakira - Chantaje (Official Video) ft. Maluma\" width=\"1366\" height=\"768\" src=\"https:\/\/www.youtube.com\/embed\/6Mgqbai3fKo?feature=oembed\" frameborder=\"0\" allow=\"accelerometer; autoplay; clipboard-write; encrypted-media; gyroscope; picture-in-picture; web-share\" referrerpolicy=\"strict-origin-when-cross-origin\" allowfullscreen><\/iframe><\/noscript><\/p>\n<p>Con <strong><em>Trap<\/em> <\/strong>llegar\u00eda un tono completamente distinto: <strong>m\u00e1s pausado, m\u00e1s \u00edntimo y con una est\u00e9tica mucho m\u00e1s oscura<\/strong>. Una colaboraci\u00f3n que sorprendi\u00f3 precisamente por eso, por alejarse del sonido m\u00e1s comercial que hab\u00edan mostrado antes.<\/p>\n<p><iframe loading=\"lazy\" title=\"Shakira - Trap (Official Video) ft. Maluma\" width=\"1366\" height=\"768\" src=\"https:\/\/www.youtube.com\/embed\/zkG4Xpz6t68?feature=oembed\" frameborder=\"0\" allow=\"accelerometer; autoplay; clipboard-write; encrypted-media; gyroscope; picture-in-picture; web-share\" referrerpolicy=\"strict-origin-when-cross-origin\" allowfullscreen><\/iframe><\/p>\n<p><noscript><iframe loading=\"lazy\" title=\"Shakira - Trap (Official Video) ft. Maluma\" width=\"1366\" height=\"768\" src=\"https:\/\/www.youtube.com\/embed\/zkG4Xpz6t68?feature=oembed\" frameborder=\"0\" allow=\"accelerometer; autoplay; clipboard-write; encrypted-media; gyroscope; picture-in-picture; web-share\" referrerpolicy=\"strict-origin-when-cross-origin\" allowfullscreen><\/iframe><\/noscript><\/p>\n<h2>Un recuerdo que podr\u00eda dar lugar a\u2026 \u00bfuna futura colaboraci\u00f3n?<\/h2>\n<p>Lo llamativo no es solo la canci\u00f3n, sino el momento en el que Maluma decide rescatarla. Sin anuncio, sin contexto y sin pistas claras de nada m\u00e1s, pero con suficiente impacto como para que muchos se hagan la misma pregunta: <strong>\u00bfpor qu\u00e9 ahora?<\/strong><\/p>\n<p>Y es que el colombiano <strong>est\u00e1 atravesando una etapa especialmente abierta a colaboraciones<\/strong>. En los \u00faltimos meses ha ido enlazando proyectos con distintos artistas, explorando nuevos sonidos y saliendo de su zona habitual. Ah\u00ed est\u00e1n temas recientes como<strong><em> 1+1<\/em> <\/strong>junto a <a href=\"https:\/\/www.cadenadial.com\/2026\/exclusiva-de-kany-garcia-en-dial-tal-cual-me-tiene-loca-la-colaboracion-con-juan-luis-guerra-en-mi-disco-447706.html\"><strong>Kany Garc\u00eda<\/strong><\/a>, donde se acerca a la salsa rom\u00e1ntica, o su uni\u00f3n con Yeison Jim\u00e9nez en una propuesta m\u00e1s emocional. <strong>\u00bfSe atrever\u00e1 a sacar algo con la cantante barranquillera?<\/strong><\/p>\n<\/p><\/div>\n<p><script async src=\"\/\/www.tiktok.com\/embed.js\"><\/script><\/p>\n<p><a href=\"https:\/\/www.cadenadial.com\/2026\/maluma-nos-desempolva-este-clasico-junto-a-shakira-te-acuerdas-de-el-448844.html\">Source link <\/a><\/p>","protected":false},"excerpt":{"rendered":"<p>Han pasado varios a\u00f1os desde que Maluma y Shakira unieron fuerzas por \u00faltima vez, pero basta un peque\u00f1o v\u00eddeo para reactivar la memoria de sus seguidores. El int\u00e9rprete de Haw\u00e1i ha compartido recientemente en TikTok un breve fragmento de Clandestino, un tema que, aunque no es de los m\u00e1s recientes, sigue muy presente en el [&hellip;]<\/p>\n","protected":false},"author":1,"featured_media":112593,"comment_status":"closed","ping_status":"","sticky":false,"template":"","format":"standard","meta":{"googlesitekit_rrm_CAow2JLhCw:productID":"","_gspb_post_css":"","maa_idioma":"","maa_pais":"","footnotes":""},"categories":[1],"tags":[30261,7619,30260,13397,7445,20483,30247,3054,7534],"class_list":["post-112592","post","type-post","status-publish","format-standard","has-post-thumbnail","hentry","category-ubirata","tag-acuerdas","tag-clasico","tag-desempolva","tag-el","tag-este","tag-junto","tag-maluma","tag-nos","tag-shakira"],"blocksy_meta":[],"yoast_head":"<!-- This site is optimized with the Yoast SEO Premium plugin v27.6 (Yoast SEO v27.6) - https:\/\/yoast.com\/product\/yoast-seo-premium-wordpress\/ -->\n<title>Maluma nos desempolva este cl\u00e1sico junto a Shakira: \u00bfTe acuerdas de \u00e9l? - Ubirat\u00e3 Online Not\u00edcias - A realidade ao seu alcance!<\/title>\n<meta name=\"description\" content=\"Han pasado varios a\u00f1os desde que Maluma y Shakira unieron fuerzas por \u00faltima vez, pero basta un peque\u00f1o v\u00eddeo para reactivar la memoria de sus seguidores.\" \/>\n<meta name=\"robots\" content=\"index, follow, max-snippet:-1, max-image-preview:large, max-video-preview:-1\" \/>\n<link rel=\"canonical\" href=\"https:\/\/ubirataonline.com.br\/en\/maluma-nos-desempolva-este-clasico-junto-a-shakira-te-acuerdas-de-el\/\" \/>\n<meta property=\"og:locale\" content=\"en_US\" \/>\n<meta property=\"og:type\" content=\"article\" \/>\n<meta property=\"og:title\" content=\"Maluma nos desempolva este cl\u00e1sico junto a Shakira: \u00bfTe acuerdas de \u00e9l?\" \/>\n<meta property=\"og:description\" content=\"Han pasado varios a\u00f1os desde que Maluma y Shakira unieron fuerzas por \u00faltima vez, pero basta un peque\u00f1o v\u00eddeo para reactivar la memoria de sus seguidores.\" \/>\n<meta property=\"og:url\" content=\"https:\/\/ubirataonline.com.br\/en\/maluma-nos-desempolva-este-clasico-junto-a-shakira-te-acuerdas-de-el\/\" \/>\n<meta property=\"og:site_name\" content=\"Ubirat\u00e3 Online Not\u00edcias - A realidade ao seu alcance!\" \/>\n<meta property=\"article:publisher\" content=\"https:\/\/www.facebook.com\/portalubirataonline\" \/>\n<meta property=\"article:author\" content=\"https:\/\/www.facebook.com\/portalubirataonline\" \/>\n<meta property=\"article:published_time\" content=\"2026-04-20T07:36:03+00:00\" \/>\n<meta property=\"article:modified_time\" content=\"2026-04-20T07:36:06+00:00\" \/>\n<meta property=\"og:image\" content=\"https:\/\/ubirataonline.com.br\/wp-content\/uploads\/2026\/04\/Maluma-nos-desempolva-este-clasico-junto-a-Shakira-\u00bfTe-acuerdas.jpg\" \/>\n\t<meta property=\"og:image:width\" content=\"1200\" \/>\n\t<meta property=\"og:image:height\" content=\"675\" \/>\n\t<meta property=\"og:image:type\" content=\"image\/jpeg\" \/>\n<meta name=\"author\" content=\"REDA\u00c7\u00c3O: UBIRAT\u00c3 ONLINE - F\u00c1BIO AUGUSTO CELESTINO\" \/>\n<meta name=\"twitter:card\" content=\"summary_large_image\" \/>\n<meta name=\"twitter:creator\" content=\"@x.com\/ubirataonline\" \/>\n<meta name=\"twitter:site\" content=\"@ubirataonline\" \/>\n<meta name=\"twitter:label1\" content=\"Written by\" \/>\n\t<meta name=\"twitter:data1\" content=\"REDA\u00c7\u00c3O: UBIRAT\u00c3 ONLINE - F\u00c1BIO AUGUSTO CELESTINO\" \/>\n\t<meta name=\"twitter:label2\" content=\"Est. reading time\" \/>\n\t<meta name=\"twitter:data2\" content=\"2 minutes\" \/>\n<script type=\"application\/ld+json\" class=\"yoast-schema-graph\">{\"@context\":\"https:\\\/\\\/schema.org\",\"@graph\":[{\"@type\":\"NewsArticle\",\"@id\":\"https:\\\/\\\/ubirataonline.com.br\\\/maluma-nos-desempolva-este-clasico-junto-a-shakira-te-acuerdas-de-el\\\/#article\",\"isPartOf\":{\"@id\":\"https:\\\/\\\/ubirataonline.com.br\\\/maluma-nos-desempolva-este-clasico-junto-a-shakira-te-acuerdas-de-el\\\/\"},\"author\":{\"name\":\"REDA\u00c7\u00c3O: UBIRAT\u00c3 ONLINE - F\u00c1BIO AUGUSTO CELESTINO\",\"@id\":\"https:\\\/\\\/ubirataonline.com.br\\\/#\\\/schema\\\/person\\\/372f87bbd3fdd79b8556b84c98d0bc1c\"},\"headline\":\"Maluma nos desempolva este cl\u00e1sico junto a Shakira: \u00bfTe acuerdas de \u00e9l?\",\"datePublished\":\"2026-04-20T07:36:03+00:00\",\"dateModified\":\"2026-04-20T07:36:06+00:00\",\"mainEntityOfPage\":{\"@id\":\"https:\\\/\\\/ubirataonline.com.br\\\/maluma-nos-desempolva-este-clasico-junto-a-shakira-te-acuerdas-de-el\\\/\"},\"wordCount\":453,\"publisher\":{\"@id\":\"https:\\\/\\\/ubirataonline.com.br\\\/#organization\"},\"image\":{\"@id\":\"https:\\\/\\\/ubirataonline.com.br\\\/maluma-nos-desempolva-este-clasico-junto-a-shakira-te-acuerdas-de-el\\\/#primaryimage\"},\"thumbnailUrl\":\"https:\\\/\\\/ubirataonline.com.br\\\/wp-content\\\/uploads\\\/2026\\\/04\\\/Maluma-nos-desempolva-este-clasico-junto-a-Shakira-\u00bfTe-acuerdas.jpg\",\"keywords\":[\"acuerdas\",\"cl\u00e1sico\",\"desempolva\",\"\u00e9l\",\"este\",\"junto\",\"Maluma\",\"nos\",\"Shakira\"],\"articleSection\":[\"Ubirat\u00e3\"],\"inLanguage\":\"en-US\",\"copyrightYear\":\"2026\",\"copyrightHolder\":{\"@id\":\"https:\\\/\\\/ubirataonline.com.br\\\/en\\\/#organization\"}},{\"@type\":\"WebPage\",\"@id\":\"https:\\\/\\\/ubirataonline.com.br\\\/maluma-nos-desempolva-este-clasico-junto-a-shakira-te-acuerdas-de-el\\\/\",\"url\":\"https:\\\/\\\/ubirataonline.com.br\\\/maluma-nos-desempolva-este-clasico-junto-a-shakira-te-acuerdas-de-el\\\/\",\"name\":\"Maluma nos desempolva este cl\u00e1sico junto a Shakira: \u00bfTe acuerdas de \u00e9l? - Ubirat\u00e3 Online Not\u00edcias - A realidade ao seu alcance!\",\"isPartOf\":{\"@id\":\"https:\\\/\\\/ubirataonline.com.br\\\/#website\"},\"primaryImageOfPage\":{\"@id\":\"https:\\\/\\\/ubirataonline.com.br\\\/maluma-nos-desempolva-este-clasico-junto-a-shakira-te-acuerdas-de-el\\\/#primaryimage\"},\"image\":{\"@id\":\"https:\\\/\\\/ubirataonline.com.br\\\/maluma-nos-desempolva-este-clasico-junto-a-shakira-te-acuerdas-de-el\\\/#primaryimage\"},\"thumbnailUrl\":\"https:\\\/\\\/ubirataonline.com.br\\\/wp-content\\\/uploads\\\/2026\\\/04\\\/Maluma-nos-desempolva-este-clasico-junto-a-Shakira-\u00bfTe-acuerdas.jpg\",\"datePublished\":\"2026-04-20T07:36:03+00:00\",\"dateModified\":\"2026-04-20T07:36:06+00:00\",\"description\":\"Han pasado varios a\u00f1os desde que Maluma y Shakira unieron fuerzas por \u00faltima vez, pero basta un peque\u00f1o v\u00eddeo para reactivar la memoria de sus seguidores.\",\"breadcrumb\":{\"@id\":\"https:\\\/\\\/ubirataonline.com.br\\\/maluma-nos-desempolva-este-clasico-junto-a-shakira-te-acuerdas-de-el\\\/#breadcrumb\"},\"inLanguage\":\"en-US\",\"potentialAction\":[{\"@type\":\"ReadAction\",\"target\":[\"https:\\\/\\\/ubirataonline.com.br\\\/maluma-nos-desempolva-este-clasico-junto-a-shakira-te-acuerdas-de-el\\\/\"]}]},{\"@type\":\"ImageObject\",\"inLanguage\":\"en-US\",\"@id\":\"https:\\\/\\\/ubirataonline.com.br\\\/maluma-nos-desempolva-este-clasico-junto-a-shakira-te-acuerdas-de-el\\\/#primaryimage\",\"url\":\"https:\\\/\\\/ubirataonline.com.br\\\/wp-content\\\/uploads\\\/2026\\\/04\\\/Maluma-nos-desempolva-este-clasico-junto-a-Shakira-\u00bfTe-acuerdas.jpg\",\"contentUrl\":\"https:\\\/\\\/ubirataonline.com.br\\\/wp-content\\\/uploads\\\/2026\\\/04\\\/Maluma-nos-desempolva-este-clasico-junto-a-Shakira-\u00bfTe-acuerdas.jpg\",\"width\":1200,\"height\":675,\"caption\":\"Maluma nos desempolva este cl\u00e1sico junto a Shakira: \u00bfTe acuerdas de \u00e9l?\"},{\"@type\":\"BreadcrumbList\",\"@id\":\"https:\\\/\\\/ubirataonline.com.br\\\/maluma-nos-desempolva-este-clasico-junto-a-shakira-te-acuerdas-de-el\\\/#breadcrumb\",\"itemListElement\":[{\"@type\":\"ListItem\",\"position\":1,\"name\":\"In\u00edcio\",\"item\":\"https:\\\/\\\/ubirataonline.com.br\\\/\"},{\"@type\":\"ListItem\",\"position\":2,\"name\":\"Maluma nos desempolva este cl\u00e1sico junto a Shakira: \u00bfTe acuerdas de \u00e9l?\"}]},{\"@type\":\"WebSite\",\"@id\":\"https:\\\/\\\/ubirataonline.com.br\\\/#website\",\"url\":\"https:\\\/\\\/ubirataonline.com.br\\\/\",\"name\":\"Ubirat\u00e3 Online Not\u00edcias\",\"description\":\"Not\u00edcias de Ubirat\u00e3, regi\u00e3o, Brasil e mundo, com informa\u00e7\u00e3o atualizada e compromisso com o leitor.\",\"publisher\":{\"@id\":\"https:\\\/\\\/ubirataonline.com.br\\\/#organization\"},\"alternateName\":\"Ubirat\u00e3 Online\",\"potentialAction\":[{\"@type\":\"SearchAction\",\"target\":{\"@type\":\"EntryPoint\",\"urlTemplate\":\"https:\\\/\\\/ubirataonline.com.br\\\/?s={search_term_string}\"},\"query-input\":{\"@type\":\"PropertyValueSpecification\",\"valueRequired\":true,\"valueName\":\"search_term_string\"}}],\"inLanguage\":\"en-US\"},{\"@type\":[\"Organization\",\"Place\"],\"@id\":\"https:\\\/\\\/ubirataonline.com.br\\\/#organization\",\"name\":\"Ubirat\u00e3 Online Not\u00edcias\",\"alternateName\":\"Ubirat\u00e3 Online\",\"url\":\"https:\\\/\\\/ubirataonline.com.br\\\/\",\"logo\":{\"@id\":\"https:\\\/\\\/ubirataonline.com.br\\\/maluma-nos-desempolva-este-clasico-junto-a-shakira-te-acuerdas-de-el\\\/#local-main-organization-logo\"},\"image\":{\"@id\":\"https:\\\/\\\/ubirataonline.com.br\\\/maluma-nos-desempolva-este-clasico-junto-a-shakira-te-acuerdas-de-el\\\/#local-main-organization-logo\"},\"sameAs\":[\"https:\\\/\\\/www.facebook.com\\\/portalubirataonline\",\"https:\\\/\\\/x.com\\\/ubirataonline\",\"https:\\\/\\\/mastodon.social\\\/@ubirataonline\",\"https:\\\/\\\/www.facebook.com\\\/groups\\\/311144672285604\",\"https:\\\/\\\/www.facebook.com\\\/UBTAOnline\",\"https:\\\/\\\/www.instagram.com\\\/portalubirataonline\\\/\",\"https:\\\/\\\/twitter.com\\\/ubirataonline\"],\"description\":\"Somos um portal de not\u00edcias independente, criado em 5 de janeiro de 2009, com o objetivo de informar, conectar e valorizar a nossa comunidade de Ubirat\u00e3 e toda aregi\u00e3o. Com conte\u00fado atualizado, confi\u00e1vel e relevante, o Ubirat\u00e3 Online \u00e9 o seu espa\u00e7o para ficar por dentro dos principais acontecimentos locais, regionais, Brasil, Mundo e de interesse geral. Nosso compromisso \u00e9 com a verdade, a transpar\u00eancia e o respeito ao leitor.\",\"legalName\":\"UBIRATA ONLINE NOT\u00cdCIAS\",\"foundingDate\":\"2009-01-05\",\"numberOfEmployees\":{\"@type\":\"QuantitativeValue\",\"minValue\":\"1\",\"maxValue\":\"10\"},\"publishingPrinciples\":\"https:\\\/\\\/ubirataonline.com.br\\\/faq\\\/\",\"address\":{\"@id\":\"https:\\\/\\\/ubirataonline.com.br\\\/maluma-nos-desempolva-este-clasico-junto-a-shakira-te-acuerdas-de-el\\\/#local-main-place-address\"},\"geo\":{\"@type\":\"GeoCoordinates\",\"latitude\":\"-24.5361401\",\"longitude\":\"-52.9921776\"},\"telephone\":[\"+5544998308235\"],\"contactPoint\":{\"@type\":\"ContactPoint\",\"email\":\"contato@ubirataonline.com.br\"},\"openingHoursSpecification\":{\"@type\":\"OpeningHoursSpecification\",\"dayOfWeek\":[\"Monday\",\"Tuesday\",\"Wednesday\",\"Thursday\",\"Friday\",\"Saturday\",\"Sunday\"],\"opens\":\"00:00\",\"closes\":\"23:59\"},\"email\":\"contato@ubirataonline.com.br\",\"vatID\":\"47.621.418\\\/0001-80\"},{\"@type\":\"Person\",\"@id\":\"https:\\\/\\\/ubirataonline.com.br\\\/#\\\/schema\\\/person\\\/372f87bbd3fdd79b8556b84c98d0bc1c\",\"name\":\"REDA\u00c7\u00c3O: UBIRAT\u00c3 ONLINE - F\u00c1BIO AUGUSTO CELESTINO\",\"pronouns\":\"Ele\",\"description\":\"Desde 2003 trabalhando com not\u00edcias.\",\"sameAs\":[\"http:\\\/\\\/ubirataoline.com.br\",\"https:\\\/\\\/www.facebook.com\\\/portalubirataonline\",\"https:\\\/\\\/www.instagram.com\\\/ubirataonline_oficial\",\"https:\\\/\\\/x.com\\\/x.com\\\/ubirataonline\"],\"honorificPrefix\":\"Mr.\",\"honorificSuffix\":\"MD\",\"birthDate\":\"1980-06-16\",\"gender\":\"masculino\",\"award\":[\"V\u00e1rios pr\u00eamios de melhor portal da cidade\"],\"jobTitle\":\"Diretor\",\"url\":\"https:\\\/\\\/ubirataonline.com.br\\\/en\\\/author\\\/ubirataonline\\\/\"},{\"@type\":\"PostalAddress\",\"@id\":\"https:\\\/\\\/ubirataonline.com.br\\\/maluma-nos-desempolva-este-clasico-junto-a-shakira-te-acuerdas-de-el\\\/#local-main-place-address\",\"streetAddress\":\"Rua dos Coqueiros, 104 - Bairro Boa Vista, Rua dos Coqueiros, 104 Bairro Boa Vista\",\"addressLocality\":\"UBIRATA\",\"postalCode\":\"85440-000\",\"addressRegion\":\"PR\",\"addressCountry\":\"BR\"},{\"@type\":\"ImageObject\",\"inLanguage\":\"en-US\",\"@id\":\"https:\\\/\\\/ubirataonline.com.br\\\/maluma-nos-desempolva-este-clasico-junto-a-shakira-te-acuerdas-de-el\\\/#local-main-organization-logo\",\"url\":\"https:\\\/\\\/ubirataonline.com.br\\\/wp-content\\\/uploads\\\/2026\\\/06\\\/logoubirataonline-1.webp\",\"contentUrl\":\"https:\\\/\\\/ubirataonline.com.br\\\/wp-content\\\/uploads\\\/2026\\\/06\\\/logoubirataonline-1.webp\",\"width\":500,\"height\":500,\"caption\":\"Ubirat\u00e3 Online Not\u00edcias\"}]}<\/script>\n<meta name=\"geo.placename\" content=\"UBIRATA\" \/>\n<meta name=\"geo.position\" content=\"-24.5361401;-52.9921776\" \/>\n<meta name=\"geo.region\" content=\"Brazil\" \/>\n<!-- \/ Yoast SEO Premium plugin. -->","yoast_head_json":{"title":"Maluma nos desempolva este cl\u00e1sico junto a Shakira: \u00bfTe acuerdas de \u00e9l? - Ubirat\u00e3 Online Not\u00edcias - A realidade ao seu alcance!","description":"Han pasado varios a\u00f1os desde que Maluma y Shakira unieron fuerzas por \u00faltima vez, pero basta un peque\u00f1o v\u00eddeo para reactivar la memoria de sus seguidores.","robots":{"index":"index","follow":"follow","max-snippet":"max-snippet:-1","max-image-preview":"max-image-preview:large","max-video-preview":"max-video-preview:-1"},"canonical":"https:\/\/ubirataonline.com.br\/en\/maluma-nos-desempolva-este-clasico-junto-a-shakira-te-acuerdas-de-el\/","og_locale":"en_US","og_type":"article","og_title":"Maluma nos desempolva este cl\u00e1sico junto a Shakira: \u00bfTe acuerdas de \u00e9l?","og_description":"Han pasado varios a\u00f1os desde que Maluma y Shakira unieron fuerzas por \u00faltima vez, pero basta un peque\u00f1o v\u00eddeo para reactivar la memoria de sus seguidores.","og_url":"https:\/\/ubirataonline.com.br\/en\/maluma-nos-desempolva-este-clasico-junto-a-shakira-te-acuerdas-de-el\/","og_site_name":"Ubirat\u00e3 Online Not\u00edcias - A realidade ao seu alcance!","article_publisher":"https:\/\/www.facebook.com\/portalubirataonline","article_author":"https:\/\/www.facebook.com\/portalubirataonline","article_published_time":"2026-04-20T07:36:03+00:00","article_modified_time":"2026-04-20T07:36:06+00:00","og_image":[{"width":1200,"height":675,"url":"https:\/\/ubirataonline.com.br\/wp-content\/uploads\/2026\/04\/Maluma-nos-desempolva-este-clasico-junto-a-Shakira-\u00bfTe-acuerdas.jpg","type":"image\/jpeg"}],"author":"REDA\u00c7\u00c3O: UBIRAT\u00c3 ONLINE - F\u00c1BIO AUGUSTO CELESTINO","twitter_card":"summary_large_image","twitter_creator":"@x.com\/ubirataonline","twitter_site":"@ubirataonline","twitter_misc":{"Written by":"REDA\u00c7\u00c3O: UBIRAT\u00c3 ONLINE - F\u00c1BIO AUGUSTO CELESTINO","Est. reading time":"2 minutes"},"schema":{"@context":"https:\/\/schema.org","@graph":[{"@type":"NewsArticle","@id":"https:\/\/ubirataonline.com.br\/maluma-nos-desempolva-este-clasico-junto-a-shakira-te-acuerdas-de-el\/#article","isPartOf":{"@id":"https:\/\/ubirataonline.com.br\/maluma-nos-desempolva-este-clasico-junto-a-shakira-te-acuerdas-de-el\/"},"author":{"name":"REDA\u00c7\u00c3O: UBIRAT\u00c3 ONLINE - F\u00c1BIO AUGUSTO CELESTINO","@id":"https:\/\/ubirataonline.com.br\/#\/schema\/person\/372f87bbd3fdd79b8556b84c98d0bc1c"},"headline":"Maluma nos desempolva este cl\u00e1sico junto a Shakira: \u00bfTe acuerdas de \u00e9l?","datePublished":"2026-04-20T07:36:03+00:00","dateModified":"2026-04-20T07:36:06+00:00","mainEntityOfPage":{"@id":"https:\/\/ubirataonline.com.br\/maluma-nos-desempolva-este-clasico-junto-a-shakira-te-acuerdas-de-el\/"},"wordCount":453,"publisher":{"@id":"https:\/\/ubirataonline.com.br\/#organization"},"image":{"@id":"https:\/\/ubirataonline.com.br\/maluma-nos-desempolva-este-clasico-junto-a-shakira-te-acuerdas-de-el\/#primaryimage"},"thumbnailUrl":"https:\/\/ubirataonline.com.br\/wp-content\/uploads\/2026\/04\/Maluma-nos-desempolva-este-clasico-junto-a-Shakira-\u00bfTe-acuerdas.jpg","keywords":["acuerdas","cl\u00e1sico","desempolva","\u00e9l","este","junto","Maluma","nos","Shakira"],"articleSection":["Ubirat\u00e3"],"inLanguage":"en-US","copyrightYear":"2026","copyrightHolder":{"@id":"https:\/\/ubirataonline.com.br\/en\/#organization"}},{"@type":"WebPage","@id":"https:\/\/ubirataonline.com.br\/maluma-nos-desempolva-este-clasico-junto-a-shakira-te-acuerdas-de-el\/","url":"https:\/\/ubirataonline.com.br\/maluma-nos-desempolva-este-clasico-junto-a-shakira-te-acuerdas-de-el\/","name":"Maluma nos desempolva este cl\u00e1sico junto a Shakira: \u00bfTe acuerdas de \u00e9l? - Ubirat\u00e3 Online Not\u00edcias - A realidade ao seu alcance!","isPartOf":{"@id":"https:\/\/ubirataonline.com.br\/#website"},"primaryImageOfPage":{"@id":"https:\/\/ubirataonline.com.br\/maluma-nos-desempolva-este-clasico-junto-a-shakira-te-acuerdas-de-el\/#primaryimage"},"image":{"@id":"https:\/\/ubirataonline.com.br\/maluma-nos-desempolva-este-clasico-junto-a-shakira-te-acuerdas-de-el\/#primaryimage"},"thumbnailUrl":"https:\/\/ubirataonline.com.br\/wp-content\/uploads\/2026\/04\/Maluma-nos-desempolva-este-clasico-junto-a-Shakira-\u00bfTe-acuerdas.jpg","datePublished":"2026-04-20T07:36:03+00:00","dateModified":"2026-04-20T07:36:06+00:00","description":"Han pasado varios a\u00f1os desde que Maluma y Shakira unieron fuerzas por \u00faltima vez, pero basta un peque\u00f1o v\u00eddeo para reactivar la memoria de sus seguidores.","breadcrumb":{"@id":"https:\/\/ubirataonline.com.br\/maluma-nos-desempolva-este-clasico-junto-a-shakira-te-acuerdas-de-el\/#breadcrumb"},"inLanguage":"en-US","potentialAction":[{"@type":"ReadAction","target":["https:\/\/ubirataonline.com.br\/maluma-nos-desempolva-este-clasico-junto-a-shakira-te-acuerdas-de-el\/"]}]},{"@type":"ImageObject","inLanguage":"en-US","@id":"https:\/\/ubirataonline.com.br\/maluma-nos-desempolva-este-clasico-junto-a-shakira-te-acuerdas-de-el\/#primaryimage","url":"https:\/\/ubirataonline.com.br\/wp-content\/uploads\/2026\/04\/Maluma-nos-desempolva-este-clasico-junto-a-Shakira-\u00bfTe-acuerdas.jpg","contentUrl":"https:\/\/ubirataonline.com.br\/wp-content\/uploads\/2026\/04\/Maluma-nos-desempolva-este-clasico-junto-a-Shakira-\u00bfTe-acuerdas.jpg","width":1200,"height":675,"caption":"Maluma nos desempolva este cl\u00e1sico junto a Shakira: \u00bfTe acuerdas de \u00e9l?"},{"@type":"BreadcrumbList","@id":"https:\/\/ubirataonline.com.br\/maluma-nos-desempolva-este-clasico-junto-a-shakira-te-acuerdas-de-el\/#breadcrumb","itemListElement":[{"@type":"ListItem","position":1,"name":"In\u00edcio","item":"https:\/\/ubirataonline.com.br\/"},{"@type":"ListItem","position":2,"name":"Maluma nos desempolva este cl\u00e1sico junto a Shakira: \u00bfTe acuerdas de \u00e9l?"}]},{"@type":"WebSite","@id":"https:\/\/ubirataonline.com.br\/#website","url":"https:\/\/ubirataonline.com.br\/","name":"Ubirat\u00e3 Online Not\u00edcias","description":"Not\u00edcias de Ubirat\u00e3, regi\u00e3o, Brasil e mundo, com informa\u00e7\u00e3o atualizada e compromisso com o leitor.","publisher":{"@id":"https:\/\/ubirataonline.com.br\/#organization"},"alternateName":"Ubirat\u00e3 Online","potentialAction":[{"@type":"SearchAction","target":{"@type":"EntryPoint","urlTemplate":"https:\/\/ubirataonline.com.br\/?s={search_term_string}"},"query-input":{"@type":"PropertyValueSpecification","valueRequired":true,"valueName":"search_term_string"}}],"inLanguage":"en-US"},{"@type":["Organization","Place"],"@id":"https:\/\/ubirataonline.com.br\/#organization","name":"Ubirat\u00e3 Online Not\u00edcias","alternateName":"Ubirat\u00e3 Online","url":"https:\/\/ubirataonline.com.br\/","logo":{"@id":"https:\/\/ubirataonline.com.br\/maluma-nos-desempolva-este-clasico-junto-a-shakira-te-acuerdas-de-el\/#local-main-organization-logo"},"image":{"@id":"https:\/\/ubirataonline.com.br\/maluma-nos-desempolva-este-clasico-junto-a-shakira-te-acuerdas-de-el\/#local-main-organization-logo"},"sameAs":["https:\/\/www.facebook.com\/portalubirataonline","https:\/\/x.com\/ubirataonline","https:\/\/mastodon.social\/@ubirataonline","https:\/\/www.facebook.com\/groups\/311144672285604","https:\/\/www.facebook.com\/UBTAOnline","https:\/\/www.instagram.com\/portalubirataonline\/","https:\/\/twitter.com\/ubirataonline"],"description":"Somos um portal de not\u00edcias independente, criado em 5 de janeiro de 2009, com o objetivo de informar, conectar e valorizar a nossa comunidade de Ubirat\u00e3 e toda aregi\u00e3o. Com conte\u00fado atualizado, confi\u00e1vel e relevante, o Ubirat\u00e3 Online \u00e9 o seu espa\u00e7o para ficar por dentro dos principais acontecimentos locais, regionais, Brasil, Mundo e de interesse geral. Nosso compromisso \u00e9 com a verdade, a transpar\u00eancia e o respeito ao leitor.","legalName":"UBIRATA ONLINE NOT\u00cdCIAS","foundingDate":"2009-01-05","numberOfEmployees":{"@type":"QuantitativeValue","minValue":"1","maxValue":"10"},"publishingPrinciples":"https:\/\/ubirataonline.com.br\/faq\/","address":{"@id":"https:\/\/ubirataonline.com.br\/maluma-nos-desempolva-este-clasico-junto-a-shakira-te-acuerdas-de-el\/#local-main-place-address"},"geo":{"@type":"GeoCoordinates","latitude":"-24.5361401","longitude":"-52.9921776"},"telephone":["+5544998308235"],"contactPoint":{"@type":"ContactPoint","email":"contato@ubirataonline.com.br"},"openingHoursSpecification":{"@type":"OpeningHoursSpecification","dayOfWeek":["Monday","Tuesday","Wednesday","Thursday","Friday","Saturday","Sunday"],"opens":"00:00","closes":"23:59"},"email":"contato@ubirataonline.com.br","vatID":"47.621.418\/0001-80"},{"@type":"Person","@id":"https:\/\/ubirataonline.com.br\/#\/schema\/person\/372f87bbd3fdd79b8556b84c98d0bc1c","name":"REDA\u00c7\u00c3O: UBIRAT\u00c3 ONLINE - F\u00c1BIO AUGUSTO CELESTINO","pronouns":"Ele","description":"Desde 2003 trabalhando com not\u00edcias.","sameAs":["http:\/\/ubirataoline.com.br","https:\/\/www.facebook.com\/portalubirataonline","https:\/\/www.instagram.com\/ubirataonline_oficial","https:\/\/x.com\/x.com\/ubirataonline"],"honorificPrefix":"Mr.","honorificSuffix":"MD","birthDate":"1980-06-16","gender":"masculino","award":["V\u00e1rios pr\u00eamios de melhor portal da cidade"],"jobTitle":"Diretor","url":"https:\/\/ubirataonline.com.br\/en\/author\/ubirataonline\/"},{"@type":"PostalAddress","@id":"https:\/\/ubirataonline.com.br\/maluma-nos-desempolva-este-clasico-junto-a-shakira-te-acuerdas-de-el\/#local-main-place-address","streetAddress":"Rua dos Coqueiros, 104 - Bairro Boa Vista, Rua dos Coqueiros, 104 Bairro Boa Vista","addressLocality":"UBIRATA","postalCode":"85440-000","addressRegion":"PR","addressCountry":"BR"},{"@type":"ImageObject","inLanguage":"en-US","@id":"https:\/\/ubirataonline.com.br\/maluma-nos-desempolva-este-clasico-junto-a-shakira-te-acuerdas-de-el\/#local-main-organization-logo","url":"https:\/\/ubirataonline.com.br\/wp-content\/uploads\/2026\/06\/logoubirataonline-1.webp","contentUrl":"https:\/\/ubirataonline.com.br\/wp-content\/uploads\/2026\/06\/logoubirataonline-1.webp","width":500,"height":500,"caption":"Ubirat\u00e3 Online Not\u00edcias"}]},"geo.placename":"UBIRATA","geo.position":{"lat":"-24.5361401","long":"-52.9921776"},"geo.region":"Brazil"},"_links":{"self":[{"href":"https:\/\/ubirataonline.com.br\/en\/wp-json\/wp\/v2\/posts\/112592","targetHints":{"allow":["GET"]}}],"collection":[{"href":"https:\/\/ubirataonline.com.br\/en\/wp-json\/wp\/v2\/posts"}],"about":[{"href":"https:\/\/ubirataonline.com.br\/en\/wp-json\/wp\/v2\/types\/post"}],"author":[{"embeddable":true,"href":"https:\/\/ubirataonline.com.br\/en\/wp-json\/wp\/v2\/users\/1"}],"replies":[{"embeddable":true,"href":"https:\/\/ubirataonline.com.br\/en\/wp-json\/wp\/v2\/comments?post=112592"}],"version-history":[{"count":0,"href":"https:\/\/ubirataonline.com.br\/en\/wp-json\/wp\/v2\/posts\/112592\/revisions"}],"wp:featuredmedia":[{"embeddable":true,"href":"https:\/\/ubirataonline.com.br\/en\/wp-json\/wp\/v2\/media\/112593"}],"wp:attachment":[{"href":"https:\/\/ubirataonline.com.br\/en\/wp-json\/wp\/v2\/media?parent=112592"}],"wp:term":[{"taxonomy":"category","embeddable":true,"href":"https:\/\/ubirataonline.com.br\/en\/wp-json\/wp\/v2\/categories?post=112592"},{"taxonomy":"post_tag","embeddable":true,"href":"https:\/\/ubirataonline.com.br\/en\/wp-json\/wp\/v2\/tags?post=112592"}],"curies":[{"name":"wp","href":"https:\/\/api.w.org\/{rel}","templated":true}]}}