{"id":112600,"date":"2026-04-20T05:12:48","date_gmt":"2026-04-20T08:12:48","guid":{"rendered":"https:\/\/ubirataonline.com.br\/eminems-daughter-alaina-scott-welcomes-1st-child\/"},"modified":"2026-04-20T05:12:52","modified_gmt":"2026-04-20T08:12:52","slug":"eminems-daughter-alaina-scott-welcomes-1st-child","status":"publish","type":"post","link":"https:\/\/ubirataonline.com.br\/en\/eminems-daughter-alaina-scott-welcomes-1st-child\/","title":{"rendered":"Eminem\u2019s Daughter Alaina Scott Welcomes 1st Child"},"content":{"rendered":"<p><br \/>\n<\/p>\n<div>\n<p id=\"anchor-b68dab\" class=\"body-graf\">Eminem\u2019s daughter Alaina Scott has announced that she has given birth to her first child, a baby girl. <\/p>\n<p id=\"anchor-36bfa6\" class=\"body-graf\">Scott and her husband, Matt Moeller, whom she has been <a href=\"https:\/\/www.today.com\/popculture\/news\/eminems-daughter-alaina-scott-gets-married-sister-hailie-mathers-bride-rcna89186\" target=\"_blank\">married to since June 2023<\/a>, welcomed their daughter on April 14. She shared pictures of the adorable newborn and revealed her special name in an <a href=\"https:\/\/www.instagram.com\/p\/DXNy36DEV-F\/?img_index=1\" target=\"_blank\">Instagram<\/a> post two days after her arrival.<\/p>\n<p id=\"anchor-f6c995\" class=\"body-graf\">\u201cMy heart outside my body,\u201d Scott gushed in the caption. \u201cShe\u2019s everything and more.\u201d <\/p>\n<section id=\"anchor-e76442\" class=\"embed-widget embedWidget embed-widget--medium\" data-testid=\"embed-widget\"\/>\n<p id=\"anchor-21d11c\" class=\"body-graf\">She added, \u201cScottie Marie Moeller born 4\/14\/26 welcome to the world my sweet darling,\u201d and included a white dove. <\/p>\n<p id=\"anchor-5ef2bf\" class=\"body-graf\">Scott then explained the significance of her daughter\u2019s name, writing that it honors the \u201cScott sisters.\u201d<\/p>\n<p id=\"anchor-5d9979\" class=\"body-graf\">She described her sisters as \u201cwomen who have given the name and my life so much meaning.\u201d<\/p>\n<p id=\"anchor-0ae9b9\" class=\"body-graf\">\u201cMay she now give it a meaning of her own and always know how loved she is, by mom + dad, and her aunties,\u201d Scott continued. <\/p>\n<p id=\"anchor-e85a52\" class=\"body-graf\">At the end of her post, she expressed her gratitude for Moeller and their growing family. <\/p>\n<p id=\"anchor-657d16\" class=\"body-graf\">\u201cTo my husband, I can\u2019t believe she\u2019s ours. Thank you for giving me the greatest gift of my life. I love you endlessly,\u201d she said. <\/p>\n<p id=\"anchor-63b91c\" class=\"body-graf\">The post included a sweet photo of Scott and Moeller holding their baby girl\u2019s tiny hand. In the snap, the newborn wore a white onesie that had her name written on it in gold letters. The second picture showed Scottie lying beside a sign that read \u201cHello World.\u201d For the final snap, Scott and Moeller smiled wide while cradling Scottie. Scott placed a white heart over Scottie\u2019s face in each of the pictures. <\/p>\n<p id=\"anchor-69f280\" class=\"body-graf\">The couple first announced they were expecting in October 2025. Scott uploaded a <a href=\"https:\/\/www.instagram.com\/p\/DPtoD5akZgM\/?img_index=9\" target=\"_blank\">carousel of pictures<\/a> that showed her surprising her husband with the news. <\/p>\n<p id=\"anchor-53dc8f\" class=\"body-graf\">\u201cTHE BEST OF YOU + ME,\u201d she cheered in the caption. \u201cFor months, I\u2019ve carried a tiny heartbeat inside me, one that has already changed mine in every possible way.\u201d<\/p>\n<p id=\"anchor-c1db92\" class=\"body-graf\">She added, in part, \u201cI\u2019ve never felt more grateful for this gift and to grow our family, something we\u2019ve wanted for so long.\u201d <\/p>\n<p id=\"anchor-67c7c5\" class=\"body-graf\">At the time, younger sister Hailie Jade Mathers commented, \u201cSooo happy for you guys can\u2019t wait to be this little ones auntie &amp; elliot is so excited to meet his cousin.\u201d <\/p>\n<p id=\"anchor-511542\" class=\"body-graf\">Scott is Eminem\u2019s oldest daughter who was adopted by the rapper when she was a child. She is the daughter of Dawn Scott, the sister of Eminem\u2019s ex-wife, Kim Scott. Dawn Scott died in 2016 at the age of 41. <\/p>\n<p id=\"anchor-f620cc\" class=\"body-graf\">Hailie Jade Mathers, whom Eminem shares with Kim Scott, welcomed her first child, <a href=\"https:\/\/www.today.com\/parents\/celebrity\/eminem-daughter-hailie-jade-baby-rcna199736\" target=\"_blank\">a baby boy<\/a>, with husband Evan McClintock in April 2025. <\/p>\n<p id=\"anchor-f873d8\" class=\"endmark body-graf\">In addition to his two older children, Eminem is also a dad to Stevie Laine Mathers, whom he also adopted.<\/p>\n<\/div>\n<p><script async src=\"\/\/www.instagram.com\/embed.js\"><\/script><br \/>\n<br \/><br \/>\n<br \/><a href=\"https:\/\/www.today.com\/parents\/celebrity\/eminem-daughter-alaina-scott-baby-girl-name-rcna332379\">Source link <\/a><\/p>","protected":false},"excerpt":{"rendered":"<p>Eminem\u2019s daughter Alaina Scott has announced that she has given birth to her first child, a baby girl. Scott and her husband, Matt Moeller, whom she has been married to since June 2023, welcomed their daughter on April 14. She shared pictures of the adorable newborn and revealed her special name in an Instagram post [&hellip;]<\/p>\n","protected":false},"author":1,"featured_media":112601,"comment_status":"closed","ping_status":"","sticky":false,"template":"","format":"standard","meta":{"googlesitekit_rrm_CAow2JLhCw:productID":"","_gspb_post_css":"","maa_idioma":"","maa_pais":"","footnotes":""},"categories":[2725],"tags":[10290,30269,6166,6598,30268,7923,12381],"class_list":["post-112600","post","type-post","status-publish","format-standard","has-post-thumbnail","hentry","category-europe","tag-1st","tag-alaina","tag-child","tag-daughter","tag-eminems","tag-scott","tag-welcomes"],"blocksy_meta":[],"yoast_head":"<!-- This site is optimized with the Yoast SEO Premium plugin v27.6 (Yoast SEO v27.6) - https:\/\/yoast.com\/product\/yoast-seo-premium-wordpress\/ -->\n<title>Eminem\u2019s Daughter Alaina Scott Welcomes 1st Child - Ubirat\u00e3 Online Not\u00edcias - A realidade ao seu alcance!<\/title>\n<meta name=\"description\" content=\"Eminem\u2019s daughter Alaina Scott has announced that she has given birth to her first child, a baby girl. Scott and her husband, Matt Moeller, whom she has\" \/>\n<meta name=\"robots\" content=\"index, follow, max-snippet:-1, max-image-preview:large, max-video-preview:-1\" \/>\n<link rel=\"canonical\" href=\"https:\/\/ubirataonline.com.br\/en\/eminems-daughter-alaina-scott-welcomes-1st-child\/\" \/>\n<meta property=\"og:locale\" content=\"en_US\" \/>\n<meta property=\"og:type\" content=\"article\" \/>\n<meta property=\"og:title\" content=\"Eminem\u2019s Daughter Alaina Scott Welcomes 1st Child\" \/>\n<meta property=\"og:description\" content=\"Eminem\u2019s daughter Alaina Scott has announced that she has given birth to her first child, a baby girl. Scott and her husband, Matt Moeller, whom she has\" \/>\n<meta property=\"og:url\" content=\"https:\/\/ubirataonline.com.br\/en\/eminems-daughter-alaina-scott-welcomes-1st-child\/\" \/>\n<meta property=\"og:site_name\" content=\"Ubirat\u00e3 Online Not\u00edcias - A realidade ao seu alcance!\" \/>\n<meta property=\"article:publisher\" content=\"https:\/\/www.facebook.com\/portalubirataonline\" \/>\n<meta property=\"article:author\" content=\"https:\/\/www.facebook.com\/portalubirataonline\" \/>\n<meta property=\"article:published_time\" content=\"2026-04-20T08:12:48+00:00\" \/>\n<meta property=\"article:modified_time\" content=\"2026-04-20T08:12:52+00:00\" \/>\n<meta property=\"og:image\" content=\"https:\/\/ubirataonline.com.br\/wp-content\/uploads\/2026\/04\/Eminems-Daughter-Alaina-Scott-Welcomes-1st-Child.png\" \/>\n\t<meta property=\"og:image:width\" content=\"1200\" \/>\n\t<meta property=\"og:image:height\" content=\"630\" \/>\n\t<meta property=\"og:image:type\" content=\"image\/png\" \/>\n<meta name=\"author\" content=\"REDA\u00c7\u00c3O: UBIRAT\u00c3 ONLINE - F\u00c1BIO AUGUSTO CELESTINO\" \/>\n<meta name=\"twitter:card\" content=\"summary_large_image\" \/>\n<meta name=\"twitter:creator\" content=\"@x.com\/ubirataonline\" \/>\n<meta name=\"twitter:site\" content=\"@ubirataonline\" \/>\n<meta name=\"twitter:label1\" content=\"Written by\" \/>\n\t<meta name=\"twitter:data1\" content=\"REDA\u00c7\u00c3O: UBIRAT\u00c3 ONLINE - F\u00c1BIO AUGUSTO CELESTINO\" \/>\n\t<meta name=\"twitter:label2\" content=\"Est. reading time\" \/>\n\t<meta name=\"twitter:data2\" content=\"2 minutes\" \/>\n<script type=\"application\/ld+json\" class=\"yoast-schema-graph\">{\"@context\":\"https:\\\/\\\/schema.org\",\"@graph\":[{\"@type\":\"NewsArticle\",\"@id\":\"https:\\\/\\\/ubirataonline.com.br\\\/eminems-daughter-alaina-scott-welcomes-1st-child\\\/#article\",\"isPartOf\":{\"@id\":\"https:\\\/\\\/ubirataonline.com.br\\\/eminems-daughter-alaina-scott-welcomes-1st-child\\\/\"},\"author\":{\"name\":\"REDA\u00c7\u00c3O: UBIRAT\u00c3 ONLINE - F\u00c1BIO AUGUSTO CELESTINO\",\"@id\":\"https:\\\/\\\/ubirataonline.com.br\\\/#\\\/schema\\\/person\\\/372f87bbd3fdd79b8556b84c98d0bc1c\"},\"headline\":\"Eminem\u2019s Daughter Alaina Scott Welcomes 1st Child\",\"datePublished\":\"2026-04-20T08:12:48+00:00\",\"dateModified\":\"2026-04-20T08:12:52+00:00\",\"mainEntityOfPage\":{\"@id\":\"https:\\\/\\\/ubirataonline.com.br\\\/eminems-daughter-alaina-scott-welcomes-1st-child\\\/\"},\"wordCount\":474,\"publisher\":{\"@id\":\"https:\\\/\\\/ubirataonline.com.br\\\/#organization\"},\"image\":{\"@id\":\"https:\\\/\\\/ubirataonline.com.br\\\/eminems-daughter-alaina-scott-welcomes-1st-child\\\/#primaryimage\"},\"thumbnailUrl\":\"https:\\\/\\\/ubirataonline.com.br\\\/wp-content\\\/uploads\\\/2026\\\/04\\\/Eminems-Daughter-Alaina-Scott-Welcomes-1st-Child.png\",\"keywords\":[\"1st\",\"Alaina\",\"Child\",\"daughter\",\"Eminems\",\"Scott\",\"welcomes\"],\"articleSection\":[\"Europe\"],\"inLanguage\":\"en-US\",\"copyrightYear\":\"2026\",\"copyrightHolder\":{\"@id\":\"https:\\\/\\\/ubirataonline.com.br\\\/en\\\/#organization\"}},{\"@type\":\"WebPage\",\"@id\":\"https:\\\/\\\/ubirataonline.com.br\\\/eminems-daughter-alaina-scott-welcomes-1st-child\\\/\",\"url\":\"https:\\\/\\\/ubirataonline.com.br\\\/eminems-daughter-alaina-scott-welcomes-1st-child\\\/\",\"name\":\"Eminem\u2019s Daughter Alaina Scott Welcomes 1st Child - Ubirat\u00e3 Online Not\u00edcias - A realidade ao seu alcance!\",\"isPartOf\":{\"@id\":\"https:\\\/\\\/ubirataonline.com.br\\\/#website\"},\"primaryImageOfPage\":{\"@id\":\"https:\\\/\\\/ubirataonline.com.br\\\/eminems-daughter-alaina-scott-welcomes-1st-child\\\/#primaryimage\"},\"image\":{\"@id\":\"https:\\\/\\\/ubirataonline.com.br\\\/eminems-daughter-alaina-scott-welcomes-1st-child\\\/#primaryimage\"},\"thumbnailUrl\":\"https:\\\/\\\/ubirataonline.com.br\\\/wp-content\\\/uploads\\\/2026\\\/04\\\/Eminems-Daughter-Alaina-Scott-Welcomes-1st-Child.png\",\"datePublished\":\"2026-04-20T08:12:48+00:00\",\"dateModified\":\"2026-04-20T08:12:52+00:00\",\"description\":\"Eminem\u2019s daughter Alaina Scott has announced that she has given birth to her first child, a baby girl. Scott and her husband, Matt Moeller, whom she has\",\"breadcrumb\":{\"@id\":\"https:\\\/\\\/ubirataonline.com.br\\\/eminems-daughter-alaina-scott-welcomes-1st-child\\\/#breadcrumb\"},\"inLanguage\":\"en-US\",\"potentialAction\":[{\"@type\":\"ReadAction\",\"target\":[\"https:\\\/\\\/ubirataonline.com.br\\\/eminems-daughter-alaina-scott-welcomes-1st-child\\\/\"]}]},{\"@type\":\"ImageObject\",\"inLanguage\":\"en-US\",\"@id\":\"https:\\\/\\\/ubirataonline.com.br\\\/eminems-daughter-alaina-scott-welcomes-1st-child\\\/#primaryimage\",\"url\":\"https:\\\/\\\/ubirataonline.com.br\\\/wp-content\\\/uploads\\\/2026\\\/04\\\/Eminems-Daughter-Alaina-Scott-Welcomes-1st-Child.png\",\"contentUrl\":\"https:\\\/\\\/ubirataonline.com.br\\\/wp-content\\\/uploads\\\/2026\\\/04\\\/Eminems-Daughter-Alaina-Scott-Welcomes-1st-Child.png\",\"width\":1200,\"height\":630,\"caption\":\"Eminem\u2019s Daughter Alaina Scott Welcomes 1st Child\"},{\"@type\":\"BreadcrumbList\",\"@id\":\"https:\\\/\\\/ubirataonline.com.br\\\/eminems-daughter-alaina-scott-welcomes-1st-child\\\/#breadcrumb\",\"itemListElement\":[{\"@type\":\"ListItem\",\"position\":1,\"name\":\"In\u00edcio\",\"item\":\"https:\\\/\\\/ubirataonline.com.br\\\/\"},{\"@type\":\"ListItem\",\"position\":2,\"name\":\"Eminem\u2019s Daughter Alaina Scott Welcomes 1st Child\"}]},{\"@type\":\"WebSite\",\"@id\":\"https:\\\/\\\/ubirataonline.com.br\\\/#website\",\"url\":\"https:\\\/\\\/ubirataonline.com.br\\\/\",\"name\":\"Ubirat\u00e3 Online Not\u00edcias\",\"description\":\"Not\u00edcias de Ubirat\u00e3, regi\u00e3o, Brasil e mundo, com informa\u00e7\u00e3o atualizada e compromisso com o leitor.\",\"publisher\":{\"@id\":\"https:\\\/\\\/ubirataonline.com.br\\\/#organization\"},\"alternateName\":\"Ubirat\u00e3 Online\",\"potentialAction\":[{\"@type\":\"SearchAction\",\"target\":{\"@type\":\"EntryPoint\",\"urlTemplate\":\"https:\\\/\\\/ubirataonline.com.br\\\/?s={search_term_string}\"},\"query-input\":{\"@type\":\"PropertyValueSpecification\",\"valueRequired\":true,\"valueName\":\"search_term_string\"}}],\"inLanguage\":\"en-US\"},{\"@type\":[\"Organization\",\"Place\"],\"@id\":\"https:\\\/\\\/ubirataonline.com.br\\\/#organization\",\"name\":\"Ubirat\u00e3 Online Not\u00edcias\",\"alternateName\":\"Ubirat\u00e3 Online\",\"url\":\"https:\\\/\\\/ubirataonline.com.br\\\/\",\"logo\":{\"@id\":\"https:\\\/\\\/ubirataonline.com.br\\\/eminems-daughter-alaina-scott-welcomes-1st-child\\\/#local-main-organization-logo\"},\"image\":{\"@id\":\"https:\\\/\\\/ubirataonline.com.br\\\/eminems-daughter-alaina-scott-welcomes-1st-child\\\/#local-main-organization-logo\"},\"sameAs\":[\"https:\\\/\\\/www.facebook.com\\\/portalubirataonline\",\"https:\\\/\\\/x.com\\\/ubirataonline\",\"https:\\\/\\\/mastodon.social\\\/@ubirataonline\",\"https:\\\/\\\/www.facebook.com\\\/groups\\\/311144672285604\",\"https:\\\/\\\/www.facebook.com\\\/UBTAOnline\",\"https:\\\/\\\/www.instagram.com\\\/portalubirataonline\\\/\",\"https:\\\/\\\/twitter.com\\\/ubirataonline\"],\"description\":\"Somos um portal de not\u00edcias independente, criado em 5 de janeiro de 2009, com o objetivo de informar, conectar e valorizar a nossa comunidade de Ubirat\u00e3 e toda aregi\u00e3o. Com conte\u00fado atualizado, confi\u00e1vel e relevante, o Ubirat\u00e3 Online \u00e9 o seu espa\u00e7o para ficar por dentro dos principais acontecimentos locais, regionais, Brasil, Mundo e de interesse geral. Nosso compromisso \u00e9 com a verdade, a transpar\u00eancia e o respeito ao leitor.\",\"legalName\":\"UBIRATA ONLINE NOT\u00cdCIAS\",\"foundingDate\":\"2009-01-05\",\"numberOfEmployees\":{\"@type\":\"QuantitativeValue\",\"minValue\":\"1\",\"maxValue\":\"10\"},\"publishingPrinciples\":\"https:\\\/\\\/ubirataonline.com.br\\\/faq\\\/\",\"address\":{\"@id\":\"https:\\\/\\\/ubirataonline.com.br\\\/eminems-daughter-alaina-scott-welcomes-1st-child\\\/#local-main-place-address\"},\"geo\":{\"@type\":\"GeoCoordinates\",\"latitude\":\"-24.5361401\",\"longitude\":\"-52.9921776\"},\"telephone\":[\"+5544998308235\"],\"contactPoint\":{\"@type\":\"ContactPoint\",\"email\":\"contato@ubirataonline.com.br\"},\"openingHoursSpecification\":{\"@type\":\"OpeningHoursSpecification\",\"dayOfWeek\":[\"Monday\",\"Tuesday\",\"Wednesday\",\"Thursday\",\"Friday\",\"Saturday\",\"Sunday\"],\"opens\":\"00:00\",\"closes\":\"23:59\"},\"email\":\"contato@ubirataonline.com.br\",\"vatID\":\"47.621.418\\\/0001-80\"},{\"@type\":\"Person\",\"@id\":\"https:\\\/\\\/ubirataonline.com.br\\\/#\\\/schema\\\/person\\\/372f87bbd3fdd79b8556b84c98d0bc1c\",\"name\":\"REDA\u00c7\u00c3O: UBIRAT\u00c3 ONLINE - F\u00c1BIO AUGUSTO CELESTINO\",\"pronouns\":\"Ele\",\"description\":\"Desde 2003 trabalhando com not\u00edcias.\",\"sameAs\":[\"http:\\\/\\\/ubirataoline.com.br\",\"https:\\\/\\\/www.facebook.com\\\/portalubirataonline\",\"https:\\\/\\\/www.instagram.com\\\/ubirataonline_oficial\",\"https:\\\/\\\/x.com\\\/x.com\\\/ubirataonline\"],\"honorificPrefix\":\"Mr.\",\"honorificSuffix\":\"MD\",\"birthDate\":\"1980-06-16\",\"gender\":\"masculino\",\"award\":[\"V\u00e1rios pr\u00eamios de melhor portal da cidade\"],\"jobTitle\":\"Diretor\",\"url\":\"https:\\\/\\\/ubirataonline.com.br\\\/en\\\/author\\\/ubirataonline\\\/\"},{\"@type\":\"PostalAddress\",\"@id\":\"https:\\\/\\\/ubirataonline.com.br\\\/eminems-daughter-alaina-scott-welcomes-1st-child\\\/#local-main-place-address\",\"streetAddress\":\"Rua dos Coqueiros, 104 - Bairro Boa Vista, Rua dos Coqueiros, 104 Bairro Boa Vista\",\"addressLocality\":\"UBIRATA\",\"postalCode\":\"85440-000\",\"addressRegion\":\"PR\",\"addressCountry\":\"BR\"},{\"@type\":\"ImageObject\",\"inLanguage\":\"en-US\",\"@id\":\"https:\\\/\\\/ubirataonline.com.br\\\/eminems-daughter-alaina-scott-welcomes-1st-child\\\/#local-main-organization-logo\",\"url\":\"https:\\\/\\\/ubirataonline.com.br\\\/wp-content\\\/uploads\\\/2026\\\/06\\\/logoubirataonline-1.webp\",\"contentUrl\":\"https:\\\/\\\/ubirataonline.com.br\\\/wp-content\\\/uploads\\\/2026\\\/06\\\/logoubirataonline-1.webp\",\"width\":500,\"height\":500,\"caption\":\"Ubirat\u00e3 Online Not\u00edcias\"}]}<\/script>\n<meta name=\"geo.placename\" content=\"UBIRATA\" \/>\n<meta name=\"geo.position\" content=\"-24.5361401;-52.9921776\" \/>\n<meta name=\"geo.region\" content=\"Brazil\" \/>\n<!-- \/ Yoast SEO Premium plugin. -->","yoast_head_json":{"title":"Eminem\u2019s Daughter Alaina Scott Welcomes 1st Child - Ubirat\u00e3 Online Not\u00edcias - A realidade ao seu alcance!","description":"Eminem\u2019s daughter Alaina Scott has announced that she has given birth to her first child, a baby girl. Scott and her husband, Matt Moeller, whom she has","robots":{"index":"index","follow":"follow","max-snippet":"max-snippet:-1","max-image-preview":"max-image-preview:large","max-video-preview":"max-video-preview:-1"},"canonical":"https:\/\/ubirataonline.com.br\/en\/eminems-daughter-alaina-scott-welcomes-1st-child\/","og_locale":"en_US","og_type":"article","og_title":"Eminem\u2019s Daughter Alaina Scott Welcomes 1st Child","og_description":"Eminem\u2019s daughter Alaina Scott has announced that she has given birth to her first child, a baby girl. Scott and her husband, Matt Moeller, whom she has","og_url":"https:\/\/ubirataonline.com.br\/en\/eminems-daughter-alaina-scott-welcomes-1st-child\/","og_site_name":"Ubirat\u00e3 Online Not\u00edcias - A realidade ao seu alcance!","article_publisher":"https:\/\/www.facebook.com\/portalubirataonline","article_author":"https:\/\/www.facebook.com\/portalubirataonline","article_published_time":"2026-04-20T08:12:48+00:00","article_modified_time":"2026-04-20T08:12:52+00:00","og_image":[{"width":1200,"height":630,"url":"https:\/\/ubirataonline.com.br\/wp-content\/uploads\/2026\/04\/Eminems-Daughter-Alaina-Scott-Welcomes-1st-Child.png","type":"image\/png"}],"author":"REDA\u00c7\u00c3O: UBIRAT\u00c3 ONLINE - F\u00c1BIO AUGUSTO CELESTINO","twitter_card":"summary_large_image","twitter_creator":"@x.com\/ubirataonline","twitter_site":"@ubirataonline","twitter_misc":{"Written by":"REDA\u00c7\u00c3O: UBIRAT\u00c3 ONLINE - F\u00c1BIO AUGUSTO CELESTINO","Est. reading time":"2 minutes"},"schema":{"@context":"https:\/\/schema.org","@graph":[{"@type":"NewsArticle","@id":"https:\/\/ubirataonline.com.br\/eminems-daughter-alaina-scott-welcomes-1st-child\/#article","isPartOf":{"@id":"https:\/\/ubirataonline.com.br\/eminems-daughter-alaina-scott-welcomes-1st-child\/"},"author":{"name":"REDA\u00c7\u00c3O: UBIRAT\u00c3 ONLINE - F\u00c1BIO AUGUSTO CELESTINO","@id":"https:\/\/ubirataonline.com.br\/#\/schema\/person\/372f87bbd3fdd79b8556b84c98d0bc1c"},"headline":"Eminem\u2019s Daughter Alaina Scott Welcomes 1st Child","datePublished":"2026-04-20T08:12:48+00:00","dateModified":"2026-04-20T08:12:52+00:00","mainEntityOfPage":{"@id":"https:\/\/ubirataonline.com.br\/eminems-daughter-alaina-scott-welcomes-1st-child\/"},"wordCount":474,"publisher":{"@id":"https:\/\/ubirataonline.com.br\/#organization"},"image":{"@id":"https:\/\/ubirataonline.com.br\/eminems-daughter-alaina-scott-welcomes-1st-child\/#primaryimage"},"thumbnailUrl":"https:\/\/ubirataonline.com.br\/wp-content\/uploads\/2026\/04\/Eminems-Daughter-Alaina-Scott-Welcomes-1st-Child.png","keywords":["1st","Alaina","Child","daughter","Eminems","Scott","welcomes"],"articleSection":["Europe"],"inLanguage":"en-US","copyrightYear":"2026","copyrightHolder":{"@id":"https:\/\/ubirataonline.com.br\/en\/#organization"}},{"@type":"WebPage","@id":"https:\/\/ubirataonline.com.br\/eminems-daughter-alaina-scott-welcomes-1st-child\/","url":"https:\/\/ubirataonline.com.br\/eminems-daughter-alaina-scott-welcomes-1st-child\/","name":"Eminem\u2019s Daughter Alaina Scott Welcomes 1st Child - Ubirat\u00e3 Online Not\u00edcias - A realidade ao seu alcance!","isPartOf":{"@id":"https:\/\/ubirataonline.com.br\/#website"},"primaryImageOfPage":{"@id":"https:\/\/ubirataonline.com.br\/eminems-daughter-alaina-scott-welcomes-1st-child\/#primaryimage"},"image":{"@id":"https:\/\/ubirataonline.com.br\/eminems-daughter-alaina-scott-welcomes-1st-child\/#primaryimage"},"thumbnailUrl":"https:\/\/ubirataonline.com.br\/wp-content\/uploads\/2026\/04\/Eminems-Daughter-Alaina-Scott-Welcomes-1st-Child.png","datePublished":"2026-04-20T08:12:48+00:00","dateModified":"2026-04-20T08:12:52+00:00","description":"Eminem\u2019s daughter Alaina Scott has announced that she has given birth to her first child, a baby girl. Scott and her husband, Matt Moeller, whom she has","breadcrumb":{"@id":"https:\/\/ubirataonline.com.br\/eminems-daughter-alaina-scott-welcomes-1st-child\/#breadcrumb"},"inLanguage":"en-US","potentialAction":[{"@type":"ReadAction","target":["https:\/\/ubirataonline.com.br\/eminems-daughter-alaina-scott-welcomes-1st-child\/"]}]},{"@type":"ImageObject","inLanguage":"en-US","@id":"https:\/\/ubirataonline.com.br\/eminems-daughter-alaina-scott-welcomes-1st-child\/#primaryimage","url":"https:\/\/ubirataonline.com.br\/wp-content\/uploads\/2026\/04\/Eminems-Daughter-Alaina-Scott-Welcomes-1st-Child.png","contentUrl":"https:\/\/ubirataonline.com.br\/wp-content\/uploads\/2026\/04\/Eminems-Daughter-Alaina-Scott-Welcomes-1st-Child.png","width":1200,"height":630,"caption":"Eminem\u2019s Daughter Alaina Scott Welcomes 1st Child"},{"@type":"BreadcrumbList","@id":"https:\/\/ubirataonline.com.br\/eminems-daughter-alaina-scott-welcomes-1st-child\/#breadcrumb","itemListElement":[{"@type":"ListItem","position":1,"name":"In\u00edcio","item":"https:\/\/ubirataonline.com.br\/"},{"@type":"ListItem","position":2,"name":"Eminem\u2019s Daughter Alaina Scott Welcomes 1st Child"}]},{"@type":"WebSite","@id":"https:\/\/ubirataonline.com.br\/#website","url":"https:\/\/ubirataonline.com.br\/","name":"Ubirat\u00e3 Online Not\u00edcias","description":"Not\u00edcias de Ubirat\u00e3, regi\u00e3o, Brasil e mundo, com informa\u00e7\u00e3o atualizada e compromisso com o leitor.","publisher":{"@id":"https:\/\/ubirataonline.com.br\/#organization"},"alternateName":"Ubirat\u00e3 Online","potentialAction":[{"@type":"SearchAction","target":{"@type":"EntryPoint","urlTemplate":"https:\/\/ubirataonline.com.br\/?s={search_term_string}"},"query-input":{"@type":"PropertyValueSpecification","valueRequired":true,"valueName":"search_term_string"}}],"inLanguage":"en-US"},{"@type":["Organization","Place"],"@id":"https:\/\/ubirataonline.com.br\/#organization","name":"Ubirat\u00e3 Online Not\u00edcias","alternateName":"Ubirat\u00e3 Online","url":"https:\/\/ubirataonline.com.br\/","logo":{"@id":"https:\/\/ubirataonline.com.br\/eminems-daughter-alaina-scott-welcomes-1st-child\/#local-main-organization-logo"},"image":{"@id":"https:\/\/ubirataonline.com.br\/eminems-daughter-alaina-scott-welcomes-1st-child\/#local-main-organization-logo"},"sameAs":["https:\/\/www.facebook.com\/portalubirataonline","https:\/\/x.com\/ubirataonline","https:\/\/mastodon.social\/@ubirataonline","https:\/\/www.facebook.com\/groups\/311144672285604","https:\/\/www.facebook.com\/UBTAOnline","https:\/\/www.instagram.com\/portalubirataonline\/","https:\/\/twitter.com\/ubirataonline"],"description":"Somos um portal de not\u00edcias independente, criado em 5 de janeiro de 2009, com o objetivo de informar, conectar e valorizar a nossa comunidade de Ubirat\u00e3 e toda aregi\u00e3o. Com conte\u00fado atualizado, confi\u00e1vel e relevante, o Ubirat\u00e3 Online \u00e9 o seu espa\u00e7o para ficar por dentro dos principais acontecimentos locais, regionais, Brasil, Mundo e de interesse geral. Nosso compromisso \u00e9 com a verdade, a transpar\u00eancia e o respeito ao leitor.","legalName":"UBIRATA ONLINE NOT\u00cdCIAS","foundingDate":"2009-01-05","numberOfEmployees":{"@type":"QuantitativeValue","minValue":"1","maxValue":"10"},"publishingPrinciples":"https:\/\/ubirataonline.com.br\/faq\/","address":{"@id":"https:\/\/ubirataonline.com.br\/eminems-daughter-alaina-scott-welcomes-1st-child\/#local-main-place-address"},"geo":{"@type":"GeoCoordinates","latitude":"-24.5361401","longitude":"-52.9921776"},"telephone":["+5544998308235"],"contactPoint":{"@type":"ContactPoint","email":"contato@ubirataonline.com.br"},"openingHoursSpecification":{"@type":"OpeningHoursSpecification","dayOfWeek":["Monday","Tuesday","Wednesday","Thursday","Friday","Saturday","Sunday"],"opens":"00:00","closes":"23:59"},"email":"contato@ubirataonline.com.br","vatID":"47.621.418\/0001-80"},{"@type":"Person","@id":"https:\/\/ubirataonline.com.br\/#\/schema\/person\/372f87bbd3fdd79b8556b84c98d0bc1c","name":"REDA\u00c7\u00c3O: UBIRAT\u00c3 ONLINE - F\u00c1BIO AUGUSTO CELESTINO","pronouns":"Ele","description":"Desde 2003 trabalhando com not\u00edcias.","sameAs":["http:\/\/ubirataoline.com.br","https:\/\/www.facebook.com\/portalubirataonline","https:\/\/www.instagram.com\/ubirataonline_oficial","https:\/\/x.com\/x.com\/ubirataonline"],"honorificPrefix":"Mr.","honorificSuffix":"MD","birthDate":"1980-06-16","gender":"masculino","award":["V\u00e1rios pr\u00eamios de melhor portal da cidade"],"jobTitle":"Diretor","url":"https:\/\/ubirataonline.com.br\/en\/author\/ubirataonline\/"},{"@type":"PostalAddress","@id":"https:\/\/ubirataonline.com.br\/eminems-daughter-alaina-scott-welcomes-1st-child\/#local-main-place-address","streetAddress":"Rua dos Coqueiros, 104 - Bairro Boa Vista, Rua dos Coqueiros, 104 Bairro Boa Vista","addressLocality":"UBIRATA","postalCode":"85440-000","addressRegion":"PR","addressCountry":"BR"},{"@type":"ImageObject","inLanguage":"en-US","@id":"https:\/\/ubirataonline.com.br\/eminems-daughter-alaina-scott-welcomes-1st-child\/#local-main-organization-logo","url":"https:\/\/ubirataonline.com.br\/wp-content\/uploads\/2026\/06\/logoubirataonline-1.webp","contentUrl":"https:\/\/ubirataonline.com.br\/wp-content\/uploads\/2026\/06\/logoubirataonline-1.webp","width":500,"height":500,"caption":"Ubirat\u00e3 Online Not\u00edcias"}]},"geo.placename":"UBIRATA","geo.position":{"lat":"-24.5361401","long":"-52.9921776"},"geo.region":"Brazil"},"_links":{"self":[{"href":"https:\/\/ubirataonline.com.br\/en\/wp-json\/wp\/v2\/posts\/112600","targetHints":{"allow":["GET"]}}],"collection":[{"href":"https:\/\/ubirataonline.com.br\/en\/wp-json\/wp\/v2\/posts"}],"about":[{"href":"https:\/\/ubirataonline.com.br\/en\/wp-json\/wp\/v2\/types\/post"}],"author":[{"embeddable":true,"href":"https:\/\/ubirataonline.com.br\/en\/wp-json\/wp\/v2\/users\/1"}],"replies":[{"embeddable":true,"href":"https:\/\/ubirataonline.com.br\/en\/wp-json\/wp\/v2\/comments?post=112600"}],"version-history":[{"count":0,"href":"https:\/\/ubirataonline.com.br\/en\/wp-json\/wp\/v2\/posts\/112600\/revisions"}],"wp:featuredmedia":[{"embeddable":true,"href":"https:\/\/ubirataonline.com.br\/en\/wp-json\/wp\/v2\/media\/112601"}],"wp:attachment":[{"href":"https:\/\/ubirataonline.com.br\/en\/wp-json\/wp\/v2\/media?parent=112600"}],"wp:term":[{"taxonomy":"category","embeddable":true,"href":"https:\/\/ubirataonline.com.br\/en\/wp-json\/wp\/v2\/categories?post=112600"},{"taxonomy":"post_tag","embeddable":true,"href":"https:\/\/ubirataonline.com.br\/en\/wp-json\/wp\/v2\/tags?post=112600"}],"curies":[{"name":"wp","href":"https:\/\/api.w.org\/{rel}","templated":true}]}}