{"id":112615,"date":"2026-04-20T05:43:47","date_gmt":"2026-04-20T08:43:47","guid":{"rendered":"https:\/\/ubirataonline.com.br\/ele-nao-voltou-a-ser-mais-o-mesmo\/"},"modified":"2026-04-20T05:43:52","modified_gmt":"2026-04-20T08:43:52","slug":"ele-nao-voltou-a-ser-mais-o-mesmo","status":"publish","type":"post","link":"https:\/\/ubirataonline.com.br\/en\/ele-nao-voltou-a-ser-mais-o-mesmo\/","title":{"rendered":"&#8216;Ele n\u00e3o voltou a ser mais o mesmo&#8217;"},"content":{"rendered":"<p><\/p>\n<div id=\"texto\">\n<p>Oscar Schmidt, morto sexta-feira ap\u00f3s uma parada cardiorrespirat\u00f3ria, lutou contra um novo tumor desde o ano passado e que o levou a uma terceira cirurgia. A revela\u00e7\u00e3o foi de Felipe, filho do lend\u00e1rio jogador de basquete, em entrevista ao Fant\u00e1stico, da TV Globo.<\/p>\n<p>\u201cComo voc\u00eas todos acompanharam, ele passou por duas cirurgias na cabe\u00e7a, aqui passou por muitos anos de quimioterapia, r\u00e1dio\u0085 O ano passado a gente descobriu uma nova massa, muito pequena, um tumor n\u00edvel 4, grau 4. J\u00e1 de imediato a gente decidiu operar, n\u00e9, meu pai decidiu\u201d, disse Felipe.<\/p>\n<p>Segundo o filho, Oscar, que sofreu com o c\u00e2ncer desde 2011, ficou com muitas sequelas. \u201cDesde ent\u00e3o ele n\u00e3o voltou a ser mais muito o mesmo, por conta que a terceira opera\u00e7\u00e3o foi do outro lado do c\u00e9rebro, ent\u00e3o o c\u00e9rebro n\u00e3o conseguia muito compensar. Ele passou por algumas sequelas. Mas ele estava ali, ele estava muito presente.\u201d<\/p>\n<p>Felipe revelou tamb\u00e9m todos os problemas pelos quais a fam\u00edlia e principalmente a mulher Maria Cristina passou no per\u00edodo do tratamento. \u201cEsse \u00faltimo ano foi muito dif\u00edcil, principalmente para minha m\u00e3e, que sempre esteve do lado dele. Esse \u00faltimo ano foi muito forte para minha m\u00e3e.\u201d<\/p>\n<p>Apesar do sofrimento, Felipe disse que Oscar jamais se entregou. \u201cEle lutou demais, dava para ver que ele estava tentando. S\u00f3 que essa \u00e9 uma doen\u00e7a infeliz. Quando chega nesse n\u00edvel a gente n\u00e3o tem como determinar o tempo e, infelizmente, ele veio a falecer sexta-feira.\u201d<\/p>\n<p>Segundo Felipe, a decis\u00e3o de uma despedida reservada foi da fam\u00edlia para evitar maior desgaste emocional para Maria Cristina. \u201cA piora do meu pai foi muito, muito dr\u00e1stica. Quando aconteceu, a gente se reuniu e viu o quanto minha m\u00e3e estava sofrendo. Pra ela ia ser muito mais dif\u00edcil se expor assim e ter que passar por isso. Ent\u00e3o foi uma decis\u00e3o dela.\u201d <\/p>\n<\/p><\/div>\n<p><a href=\"https:\/\/cgn.inf.br\/noticia\/2088215\/filho-de-oscar-revela-luta-contra-novo-tumor-desde-2025-ele-nao-voltou-a-ser-mais-o-mesmo\">Fonte do Artigo <\/a><\/p>","protected":false},"excerpt":{"rendered":"<p>Oscar Schmidt, morto sexta-feira ap\u00f3s uma parada cardiorrespirat\u00f3ria, lutou contra um novo tumor desde o ano passado e que o levou a uma terceira cirurgia. A revela\u00e7\u00e3o foi de Felipe, filho do lend\u00e1rio jogador de basquete, em entrevista ao Fant\u00e1stico, da TV Globo. \u201cComo voc\u00eas todos acompanharam, ele passou por duas cirurgias na cabe\u00e7a, aqui [&hellip;]<\/p>\n","protected":false},"author":1,"featured_media":92994,"comment_status":"closed","ping_status":"","sticky":false,"template":"","format":"standard","meta":{"googlesitekit_rrm_CAow2JLhCw:productID":"","_gspb_post_css":"","maa_idioma":"","maa_pais":"","footnotes":""},"categories":[1],"tags":[12858,2926,6366,3255,3307,23266],"class_list":["post-112615","post","type-post","status-publish","format-standard","has-post-thumbnail","hentry","category-ubirata","tag-ele","tag-mais","tag-mesmo","tag-nao","tag-ser","tag-voltou"],"blocksy_meta":[],"yoast_head":"<!-- This site is optimized with the Yoast SEO Premium plugin v27.6 (Yoast SEO v27.6) - https:\/\/yoast.com\/product\/yoast-seo-premium-wordpress\/ -->\n<title>&#039;Ele n\u00e3o voltou a ser mais o mesmo&#039; - Ubirat\u00e3 Online Not\u00edcias - A realidade ao seu alcance!<\/title>\n<meta name=\"description\" content=\"Oscar Schmidt, morto sexta-feira ap\u00f3s uma parada cardiorrespirat\u00f3ria, lutou contra um novo tumor desde o ano passado e que o levou a uma terceira\" \/>\n<meta name=\"robots\" content=\"index, follow, max-snippet:-1, max-image-preview:large, max-video-preview:-1\" \/>\n<link rel=\"canonical\" href=\"https:\/\/ubirataonline.com.br\/en\/ele-nao-voltou-a-ser-mais-o-mesmo\/\" \/>\n<meta property=\"og:locale\" content=\"en_US\" \/>\n<meta property=\"og:type\" content=\"article\" \/>\n<meta property=\"og:title\" content=\"&#039;Ele n\u00e3o voltou a ser mais o mesmo&#039;\" \/>\n<meta property=\"og:description\" content=\"Oscar Schmidt, morto sexta-feira ap\u00f3s uma parada cardiorrespirat\u00f3ria, lutou contra um novo tumor desde o ano passado e que o levou a uma terceira\" \/>\n<meta property=\"og:url\" content=\"https:\/\/ubirataonline.com.br\/en\/ele-nao-voltou-a-ser-mais-o-mesmo\/\" \/>\n<meta property=\"og:site_name\" content=\"Ubirat\u00e3 Online Not\u00edcias - A realidade ao seu alcance!\" \/>\n<meta property=\"article:publisher\" content=\"https:\/\/www.facebook.com\/portalubirataonline\" \/>\n<meta property=\"article:author\" content=\"https:\/\/www.facebook.com\/portalubirataonline\" \/>\n<meta property=\"article:published_time\" content=\"2026-04-20T08:43:47+00:00\" \/>\n<meta property=\"article:modified_time\" content=\"2026-04-20T08:43:52+00:00\" \/>\n<meta property=\"og:image\" content=\"https:\/\/ubirataonline.com.br\/wp-content\/uploads\/2026\/03\/Gilmar-ve-explicacao-insuficiente-e-da-72-horas-para-MPRJ.gif\" \/>\n\t<meta property=\"og:image:width\" content=\"768\" \/>\n\t<meta property=\"og:image:height\" content=\"461\" \/>\n\t<meta property=\"og:image:type\" content=\"image\/gif\" \/>\n<meta name=\"author\" content=\"REDA\u00c7\u00c3O: UBIRAT\u00c3 ONLINE - F\u00c1BIO AUGUSTO CELESTINO\" \/>\n<meta name=\"twitter:card\" content=\"summary_large_image\" \/>\n<meta name=\"twitter:creator\" content=\"@x.com\/ubirataonline\" \/>\n<meta name=\"twitter:site\" content=\"@ubirataonline\" \/>\n<meta name=\"twitter:label1\" content=\"Written by\" \/>\n\t<meta name=\"twitter:data1\" content=\"REDA\u00c7\u00c3O: UBIRAT\u00c3 ONLINE - F\u00c1BIO AUGUSTO CELESTINO\" \/>\n\t<meta name=\"twitter:label2\" content=\"Est. reading time\" \/>\n\t<meta name=\"twitter:data2\" content=\"2 minutes\" \/>\n<script type=\"application\/ld+json\" class=\"yoast-schema-graph\">{\"@context\":\"https:\\\/\\\/schema.org\",\"@graph\":[{\"@type\":\"NewsArticle\",\"@id\":\"https:\\\/\\\/ubirataonline.com.br\\\/ele-nao-voltou-a-ser-mais-o-mesmo\\\/#article\",\"isPartOf\":{\"@id\":\"https:\\\/\\\/ubirataonline.com.br\\\/ele-nao-voltou-a-ser-mais-o-mesmo\\\/\"},\"author\":{\"name\":\"REDA\u00c7\u00c3O: UBIRAT\u00c3 ONLINE - F\u00c1BIO AUGUSTO CELESTINO\",\"@id\":\"https:\\\/\\\/ubirataonline.com.br\\\/#\\\/schema\\\/person\\\/372f87bbd3fdd79b8556b84c98d0bc1c\"},\"headline\":\"&#8216;Ele n\u00e3o voltou a ser mais o mesmo&#8217;\",\"datePublished\":\"2026-04-20T08:43:47+00:00\",\"dateModified\":\"2026-04-20T08:43:52+00:00\",\"mainEntityOfPage\":{\"@id\":\"https:\\\/\\\/ubirataonline.com.br\\\/ele-nao-voltou-a-ser-mais-o-mesmo\\\/\"},\"wordCount\":346,\"publisher\":{\"@id\":\"https:\\\/\\\/ubirataonline.com.br\\\/#organization\"},\"image\":{\"@id\":\"https:\\\/\\\/ubirataonline.com.br\\\/ele-nao-voltou-a-ser-mais-o-mesmo\\\/#primaryimage\"},\"thumbnailUrl\":\"https:\\\/\\\/ubirataonline.com.br\\\/wp-content\\\/uploads\\\/2026\\\/03\\\/Gilmar-ve-explicacao-insuficiente-e-da-72-horas-para-MPRJ.gif\",\"keywords\":[\"ele\",\"mais\",\"mesmo\",\"n\u00e3o\",\"ser\",\"voltou\"],\"articleSection\":[\"Ubirat\u00e3\"],\"inLanguage\":\"en-US\",\"copyrightYear\":\"2026\",\"copyrightHolder\":{\"@id\":\"https:\\\/\\\/ubirataonline.com.br\\\/en\\\/#organization\"}},{\"@type\":\"WebPage\",\"@id\":\"https:\\\/\\\/ubirataonline.com.br\\\/ele-nao-voltou-a-ser-mais-o-mesmo\\\/\",\"url\":\"https:\\\/\\\/ubirataonline.com.br\\\/ele-nao-voltou-a-ser-mais-o-mesmo\\\/\",\"name\":\"'Ele n\u00e3o voltou a ser mais o mesmo' - Ubirat\u00e3 Online Not\u00edcias - A realidade ao seu alcance!\",\"isPartOf\":{\"@id\":\"https:\\\/\\\/ubirataonline.com.br\\\/#website\"},\"primaryImageOfPage\":{\"@id\":\"https:\\\/\\\/ubirataonline.com.br\\\/ele-nao-voltou-a-ser-mais-o-mesmo\\\/#primaryimage\"},\"image\":{\"@id\":\"https:\\\/\\\/ubirataonline.com.br\\\/ele-nao-voltou-a-ser-mais-o-mesmo\\\/#primaryimage\"},\"thumbnailUrl\":\"https:\\\/\\\/ubirataonline.com.br\\\/wp-content\\\/uploads\\\/2026\\\/03\\\/Gilmar-ve-explicacao-insuficiente-e-da-72-horas-para-MPRJ.gif\",\"datePublished\":\"2026-04-20T08:43:47+00:00\",\"dateModified\":\"2026-04-20T08:43:52+00:00\",\"description\":\"Oscar Schmidt, morto sexta-feira ap\u00f3s uma parada cardiorrespirat\u00f3ria, lutou contra um novo tumor desde o ano passado e que o levou a uma terceira\",\"breadcrumb\":{\"@id\":\"https:\\\/\\\/ubirataonline.com.br\\\/ele-nao-voltou-a-ser-mais-o-mesmo\\\/#breadcrumb\"},\"inLanguage\":\"en-US\",\"potentialAction\":[{\"@type\":\"ReadAction\",\"target\":[\"https:\\\/\\\/ubirataonline.com.br\\\/ele-nao-voltou-a-ser-mais-o-mesmo\\\/\"]}]},{\"@type\":\"ImageObject\",\"inLanguage\":\"en-US\",\"@id\":\"https:\\\/\\\/ubirataonline.com.br\\\/ele-nao-voltou-a-ser-mais-o-mesmo\\\/#primaryimage\",\"url\":\"https:\\\/\\\/ubirataonline.com.br\\\/wp-content\\\/uploads\\\/2026\\\/03\\\/Gilmar-ve-explicacao-insuficiente-e-da-72-horas-para-MPRJ.gif\",\"contentUrl\":\"https:\\\/\\\/ubirataonline.com.br\\\/wp-content\\\/uploads\\\/2026\\\/03\\\/Gilmar-ve-explicacao-insuficiente-e-da-72-horas-para-MPRJ.gif\",\"width\":768,\"height\":461,\"caption\":\"Gilmar v\u00ea explica\u00e7\u00e3o insuficiente e d\u00e1 72 horas para MPRJ explicar pagamento de penduricalhos\"},{\"@type\":\"BreadcrumbList\",\"@id\":\"https:\\\/\\\/ubirataonline.com.br\\\/ele-nao-voltou-a-ser-mais-o-mesmo\\\/#breadcrumb\",\"itemListElement\":[{\"@type\":\"ListItem\",\"position\":1,\"name\":\"In\u00edcio\",\"item\":\"https:\\\/\\\/ubirataonline.com.br\\\/\"},{\"@type\":\"ListItem\",\"position\":2,\"name\":\"&#8216;Ele n\u00e3o voltou a ser mais o mesmo&#8217;\"}]},{\"@type\":\"WebSite\",\"@id\":\"https:\\\/\\\/ubirataonline.com.br\\\/#website\",\"url\":\"https:\\\/\\\/ubirataonline.com.br\\\/\",\"name\":\"Ubirat\u00e3 Online Not\u00edcias\",\"description\":\"Not\u00edcias de Ubirat\u00e3, regi\u00e3o, Brasil e mundo, com informa\u00e7\u00e3o atualizada e compromisso com o leitor.\",\"publisher\":{\"@id\":\"https:\\\/\\\/ubirataonline.com.br\\\/#organization\"},\"alternateName\":\"Ubirat\u00e3 Online\",\"potentialAction\":[{\"@type\":\"SearchAction\",\"target\":{\"@type\":\"EntryPoint\",\"urlTemplate\":\"https:\\\/\\\/ubirataonline.com.br\\\/?s={search_term_string}\"},\"query-input\":{\"@type\":\"PropertyValueSpecification\",\"valueRequired\":true,\"valueName\":\"search_term_string\"}}],\"inLanguage\":\"en-US\"},{\"@type\":[\"Organization\",\"Place\"],\"@id\":\"https:\\\/\\\/ubirataonline.com.br\\\/#organization\",\"name\":\"Ubirat\u00e3 Online Not\u00edcias\",\"alternateName\":\"Ubirat\u00e3 Online\",\"url\":\"https:\\\/\\\/ubirataonline.com.br\\\/\",\"logo\":{\"@id\":\"https:\\\/\\\/ubirataonline.com.br\\\/ele-nao-voltou-a-ser-mais-o-mesmo\\\/#local-main-organization-logo\"},\"image\":{\"@id\":\"https:\\\/\\\/ubirataonline.com.br\\\/ele-nao-voltou-a-ser-mais-o-mesmo\\\/#local-main-organization-logo\"},\"sameAs\":[\"https:\\\/\\\/www.facebook.com\\\/portalubirataonline\",\"https:\\\/\\\/x.com\\\/ubirataonline\",\"https:\\\/\\\/mastodon.social\\\/@ubirataonline\",\"https:\\\/\\\/www.facebook.com\\\/groups\\\/311144672285604\",\"https:\\\/\\\/www.facebook.com\\\/UBTAOnline\",\"https:\\\/\\\/www.instagram.com\\\/portalubirataonline\\\/\",\"https:\\\/\\\/twitter.com\\\/ubirataonline\"],\"description\":\"Somos um portal de not\u00edcias independente, criado em 5 de janeiro de 2009, com o objetivo de informar, conectar e valorizar a nossa comunidade de Ubirat\u00e3 e toda aregi\u00e3o. Com conte\u00fado atualizado, confi\u00e1vel e relevante, o Ubirat\u00e3 Online \u00e9 o seu espa\u00e7o para ficar por dentro dos principais acontecimentos locais, regionais, Brasil, Mundo e de interesse geral. Nosso compromisso \u00e9 com a verdade, a transpar\u00eancia e o respeito ao leitor.\",\"legalName\":\"UBIRATA ONLINE NOT\u00cdCIAS\",\"foundingDate\":\"2009-01-05\",\"numberOfEmployees\":{\"@type\":\"QuantitativeValue\",\"minValue\":\"1\",\"maxValue\":\"10\"},\"publishingPrinciples\":\"https:\\\/\\\/ubirataonline.com.br\\\/faq\\\/\",\"address\":{\"@id\":\"https:\\\/\\\/ubirataonline.com.br\\\/ele-nao-voltou-a-ser-mais-o-mesmo\\\/#local-main-place-address\"},\"geo\":{\"@type\":\"GeoCoordinates\",\"latitude\":\"-24.5361401\",\"longitude\":\"-52.9921776\"},\"telephone\":[\"+5544998308235\"],\"contactPoint\":{\"@type\":\"ContactPoint\",\"email\":\"contato@ubirataonline.com.br\"},\"openingHoursSpecification\":{\"@type\":\"OpeningHoursSpecification\",\"dayOfWeek\":[\"Monday\",\"Tuesday\",\"Wednesday\",\"Thursday\",\"Friday\",\"Saturday\",\"Sunday\"],\"opens\":\"00:00\",\"closes\":\"23:59\"},\"email\":\"contato@ubirataonline.com.br\",\"vatID\":\"47.621.418\\\/0001-80\"},{\"@type\":\"Person\",\"@id\":\"https:\\\/\\\/ubirataonline.com.br\\\/#\\\/schema\\\/person\\\/372f87bbd3fdd79b8556b84c98d0bc1c\",\"name\":\"REDA\u00c7\u00c3O: UBIRAT\u00c3 ONLINE - F\u00c1BIO AUGUSTO CELESTINO\",\"pronouns\":\"Ele\",\"description\":\"Desde 2003 trabalhando com not\u00edcias.\",\"sameAs\":[\"http:\\\/\\\/ubirataoline.com.br\",\"https:\\\/\\\/www.facebook.com\\\/portalubirataonline\",\"https:\\\/\\\/www.instagram.com\\\/ubirataonline_oficial\",\"https:\\\/\\\/x.com\\\/x.com\\\/ubirataonline\"],\"honorificPrefix\":\"Mr.\",\"honorificSuffix\":\"MD\",\"birthDate\":\"1980-06-16\",\"gender\":\"masculino\",\"award\":[\"V\u00e1rios pr\u00eamios de melhor portal da cidade\"],\"jobTitle\":\"Diretor\",\"url\":\"https:\\\/\\\/ubirataonline.com.br\\\/en\\\/author\\\/ubirataonline\\\/\"},{\"@type\":\"PostalAddress\",\"@id\":\"https:\\\/\\\/ubirataonline.com.br\\\/ele-nao-voltou-a-ser-mais-o-mesmo\\\/#local-main-place-address\",\"streetAddress\":\"Rua dos Coqueiros, 104 - Bairro Boa Vista, Rua dos Coqueiros, 104 Bairro Boa Vista\",\"addressLocality\":\"UBIRATA\",\"postalCode\":\"85440-000\",\"addressRegion\":\"PR\",\"addressCountry\":\"BR\"},{\"@type\":\"ImageObject\",\"inLanguage\":\"en-US\",\"@id\":\"https:\\\/\\\/ubirataonline.com.br\\\/ele-nao-voltou-a-ser-mais-o-mesmo\\\/#local-main-organization-logo\",\"url\":\"https:\\\/\\\/ubirataonline.com.br\\\/wp-content\\\/uploads\\\/2026\\\/06\\\/logoubirataonline-1.webp\",\"contentUrl\":\"https:\\\/\\\/ubirataonline.com.br\\\/wp-content\\\/uploads\\\/2026\\\/06\\\/logoubirataonline-1.webp\",\"width\":500,\"height\":500,\"caption\":\"Ubirat\u00e3 Online Not\u00edcias\"}]}<\/script>\n<meta name=\"geo.placename\" content=\"UBIRATA\" \/>\n<meta name=\"geo.position\" content=\"-24.5361401;-52.9921776\" \/>\n<meta name=\"geo.region\" content=\"Brazil\" \/>\n<!-- \/ Yoast SEO Premium plugin. -->","yoast_head_json":{"title":"'Ele n\u00e3o voltou a ser mais o mesmo' - Ubirat\u00e3 Online Not\u00edcias - A realidade ao seu alcance!","description":"Oscar Schmidt, morto sexta-feira ap\u00f3s uma parada cardiorrespirat\u00f3ria, lutou contra um novo tumor desde o ano passado e que o levou a uma terceira","robots":{"index":"index","follow":"follow","max-snippet":"max-snippet:-1","max-image-preview":"max-image-preview:large","max-video-preview":"max-video-preview:-1"},"canonical":"https:\/\/ubirataonline.com.br\/en\/ele-nao-voltou-a-ser-mais-o-mesmo\/","og_locale":"en_US","og_type":"article","og_title":"'Ele n\u00e3o voltou a ser mais o mesmo'","og_description":"Oscar Schmidt, morto sexta-feira ap\u00f3s uma parada cardiorrespirat\u00f3ria, lutou contra um novo tumor desde o ano passado e que o levou a uma terceira","og_url":"https:\/\/ubirataonline.com.br\/en\/ele-nao-voltou-a-ser-mais-o-mesmo\/","og_site_name":"Ubirat\u00e3 Online Not\u00edcias - A realidade ao seu alcance!","article_publisher":"https:\/\/www.facebook.com\/portalubirataonline","article_author":"https:\/\/www.facebook.com\/portalubirataonline","article_published_time":"2026-04-20T08:43:47+00:00","article_modified_time":"2026-04-20T08:43:52+00:00","og_image":[{"width":768,"height":461,"url":"https:\/\/ubirataonline.com.br\/wp-content\/uploads\/2026\/03\/Gilmar-ve-explicacao-insuficiente-e-da-72-horas-para-MPRJ.gif","type":"image\/gif"}],"author":"REDA\u00c7\u00c3O: UBIRAT\u00c3 ONLINE - F\u00c1BIO AUGUSTO CELESTINO","twitter_card":"summary_large_image","twitter_creator":"@x.com\/ubirataonline","twitter_site":"@ubirataonline","twitter_misc":{"Written by":"REDA\u00c7\u00c3O: UBIRAT\u00c3 ONLINE - F\u00c1BIO AUGUSTO CELESTINO","Est. reading time":"2 minutes"},"schema":{"@context":"https:\/\/schema.org","@graph":[{"@type":"NewsArticle","@id":"https:\/\/ubirataonline.com.br\/ele-nao-voltou-a-ser-mais-o-mesmo\/#article","isPartOf":{"@id":"https:\/\/ubirataonline.com.br\/ele-nao-voltou-a-ser-mais-o-mesmo\/"},"author":{"name":"REDA\u00c7\u00c3O: UBIRAT\u00c3 ONLINE - F\u00c1BIO AUGUSTO CELESTINO","@id":"https:\/\/ubirataonline.com.br\/#\/schema\/person\/372f87bbd3fdd79b8556b84c98d0bc1c"},"headline":"&#8216;Ele n\u00e3o voltou a ser mais o mesmo&#8217;","datePublished":"2026-04-20T08:43:47+00:00","dateModified":"2026-04-20T08:43:52+00:00","mainEntityOfPage":{"@id":"https:\/\/ubirataonline.com.br\/ele-nao-voltou-a-ser-mais-o-mesmo\/"},"wordCount":346,"publisher":{"@id":"https:\/\/ubirataonline.com.br\/#organization"},"image":{"@id":"https:\/\/ubirataonline.com.br\/ele-nao-voltou-a-ser-mais-o-mesmo\/#primaryimage"},"thumbnailUrl":"https:\/\/ubirataonline.com.br\/wp-content\/uploads\/2026\/03\/Gilmar-ve-explicacao-insuficiente-e-da-72-horas-para-MPRJ.gif","keywords":["ele","mais","mesmo","n\u00e3o","ser","voltou"],"articleSection":["Ubirat\u00e3"],"inLanguage":"en-US","copyrightYear":"2026","copyrightHolder":{"@id":"https:\/\/ubirataonline.com.br\/en\/#organization"}},{"@type":"WebPage","@id":"https:\/\/ubirataonline.com.br\/ele-nao-voltou-a-ser-mais-o-mesmo\/","url":"https:\/\/ubirataonline.com.br\/ele-nao-voltou-a-ser-mais-o-mesmo\/","name":"'Ele n\u00e3o voltou a ser mais o mesmo' - Ubirat\u00e3 Online Not\u00edcias - A realidade ao seu alcance!","isPartOf":{"@id":"https:\/\/ubirataonline.com.br\/#website"},"primaryImageOfPage":{"@id":"https:\/\/ubirataonline.com.br\/ele-nao-voltou-a-ser-mais-o-mesmo\/#primaryimage"},"image":{"@id":"https:\/\/ubirataonline.com.br\/ele-nao-voltou-a-ser-mais-o-mesmo\/#primaryimage"},"thumbnailUrl":"https:\/\/ubirataonline.com.br\/wp-content\/uploads\/2026\/03\/Gilmar-ve-explicacao-insuficiente-e-da-72-horas-para-MPRJ.gif","datePublished":"2026-04-20T08:43:47+00:00","dateModified":"2026-04-20T08:43:52+00:00","description":"Oscar Schmidt, morto sexta-feira ap\u00f3s uma parada cardiorrespirat\u00f3ria, lutou contra um novo tumor desde o ano passado e que o levou a uma terceira","breadcrumb":{"@id":"https:\/\/ubirataonline.com.br\/ele-nao-voltou-a-ser-mais-o-mesmo\/#breadcrumb"},"inLanguage":"en-US","potentialAction":[{"@type":"ReadAction","target":["https:\/\/ubirataonline.com.br\/ele-nao-voltou-a-ser-mais-o-mesmo\/"]}]},{"@type":"ImageObject","inLanguage":"en-US","@id":"https:\/\/ubirataonline.com.br\/ele-nao-voltou-a-ser-mais-o-mesmo\/#primaryimage","url":"https:\/\/ubirataonline.com.br\/wp-content\/uploads\/2026\/03\/Gilmar-ve-explicacao-insuficiente-e-da-72-horas-para-MPRJ.gif","contentUrl":"https:\/\/ubirataonline.com.br\/wp-content\/uploads\/2026\/03\/Gilmar-ve-explicacao-insuficiente-e-da-72-horas-para-MPRJ.gif","width":768,"height":461,"caption":"Gilmar v\u00ea explica\u00e7\u00e3o insuficiente e d\u00e1 72 horas para MPRJ explicar pagamento de penduricalhos"},{"@type":"BreadcrumbList","@id":"https:\/\/ubirataonline.com.br\/ele-nao-voltou-a-ser-mais-o-mesmo\/#breadcrumb","itemListElement":[{"@type":"ListItem","position":1,"name":"In\u00edcio","item":"https:\/\/ubirataonline.com.br\/"},{"@type":"ListItem","position":2,"name":"&#8216;Ele n\u00e3o voltou a ser mais o mesmo&#8217;"}]},{"@type":"WebSite","@id":"https:\/\/ubirataonline.com.br\/#website","url":"https:\/\/ubirataonline.com.br\/","name":"Ubirat\u00e3 Online Not\u00edcias","description":"Not\u00edcias de Ubirat\u00e3, regi\u00e3o, Brasil e mundo, com informa\u00e7\u00e3o atualizada e compromisso com o leitor.","publisher":{"@id":"https:\/\/ubirataonline.com.br\/#organization"},"alternateName":"Ubirat\u00e3 Online","potentialAction":[{"@type":"SearchAction","target":{"@type":"EntryPoint","urlTemplate":"https:\/\/ubirataonline.com.br\/?s={search_term_string}"},"query-input":{"@type":"PropertyValueSpecification","valueRequired":true,"valueName":"search_term_string"}}],"inLanguage":"en-US"},{"@type":["Organization","Place"],"@id":"https:\/\/ubirataonline.com.br\/#organization","name":"Ubirat\u00e3 Online Not\u00edcias","alternateName":"Ubirat\u00e3 Online","url":"https:\/\/ubirataonline.com.br\/","logo":{"@id":"https:\/\/ubirataonline.com.br\/ele-nao-voltou-a-ser-mais-o-mesmo\/#local-main-organization-logo"},"image":{"@id":"https:\/\/ubirataonline.com.br\/ele-nao-voltou-a-ser-mais-o-mesmo\/#local-main-organization-logo"},"sameAs":["https:\/\/www.facebook.com\/portalubirataonline","https:\/\/x.com\/ubirataonline","https:\/\/mastodon.social\/@ubirataonline","https:\/\/www.facebook.com\/groups\/311144672285604","https:\/\/www.facebook.com\/UBTAOnline","https:\/\/www.instagram.com\/portalubirataonline\/","https:\/\/twitter.com\/ubirataonline"],"description":"Somos um portal de not\u00edcias independente, criado em 5 de janeiro de 2009, com o objetivo de informar, conectar e valorizar a nossa comunidade de Ubirat\u00e3 e toda aregi\u00e3o. Com conte\u00fado atualizado, confi\u00e1vel e relevante, o Ubirat\u00e3 Online \u00e9 o seu espa\u00e7o para ficar por dentro dos principais acontecimentos locais, regionais, Brasil, Mundo e de interesse geral. Nosso compromisso \u00e9 com a verdade, a transpar\u00eancia e o respeito ao leitor.","legalName":"UBIRATA ONLINE NOT\u00cdCIAS","foundingDate":"2009-01-05","numberOfEmployees":{"@type":"QuantitativeValue","minValue":"1","maxValue":"10"},"publishingPrinciples":"https:\/\/ubirataonline.com.br\/faq\/","address":{"@id":"https:\/\/ubirataonline.com.br\/ele-nao-voltou-a-ser-mais-o-mesmo\/#local-main-place-address"},"geo":{"@type":"GeoCoordinates","latitude":"-24.5361401","longitude":"-52.9921776"},"telephone":["+5544998308235"],"contactPoint":{"@type":"ContactPoint","email":"contato@ubirataonline.com.br"},"openingHoursSpecification":{"@type":"OpeningHoursSpecification","dayOfWeek":["Monday","Tuesday","Wednesday","Thursday","Friday","Saturday","Sunday"],"opens":"00:00","closes":"23:59"},"email":"contato@ubirataonline.com.br","vatID":"47.621.418\/0001-80"},{"@type":"Person","@id":"https:\/\/ubirataonline.com.br\/#\/schema\/person\/372f87bbd3fdd79b8556b84c98d0bc1c","name":"REDA\u00c7\u00c3O: UBIRAT\u00c3 ONLINE - F\u00c1BIO AUGUSTO CELESTINO","pronouns":"Ele","description":"Desde 2003 trabalhando com not\u00edcias.","sameAs":["http:\/\/ubirataoline.com.br","https:\/\/www.facebook.com\/portalubirataonline","https:\/\/www.instagram.com\/ubirataonline_oficial","https:\/\/x.com\/x.com\/ubirataonline"],"honorificPrefix":"Mr.","honorificSuffix":"MD","birthDate":"1980-06-16","gender":"masculino","award":["V\u00e1rios pr\u00eamios de melhor portal da cidade"],"jobTitle":"Diretor","url":"https:\/\/ubirataonline.com.br\/en\/author\/ubirataonline\/"},{"@type":"PostalAddress","@id":"https:\/\/ubirataonline.com.br\/ele-nao-voltou-a-ser-mais-o-mesmo\/#local-main-place-address","streetAddress":"Rua dos Coqueiros, 104 - Bairro Boa Vista, Rua dos Coqueiros, 104 Bairro Boa Vista","addressLocality":"UBIRATA","postalCode":"85440-000","addressRegion":"PR","addressCountry":"BR"},{"@type":"ImageObject","inLanguage":"en-US","@id":"https:\/\/ubirataonline.com.br\/ele-nao-voltou-a-ser-mais-o-mesmo\/#local-main-organization-logo","url":"https:\/\/ubirataonline.com.br\/wp-content\/uploads\/2026\/06\/logoubirataonline-1.webp","contentUrl":"https:\/\/ubirataonline.com.br\/wp-content\/uploads\/2026\/06\/logoubirataonline-1.webp","width":500,"height":500,"caption":"Ubirat\u00e3 Online Not\u00edcias"}]},"geo.placename":"UBIRATA","geo.position":{"lat":"-24.5361401","long":"-52.9921776"},"geo.region":"Brazil"},"_links":{"self":[{"href":"https:\/\/ubirataonline.com.br\/en\/wp-json\/wp\/v2\/posts\/112615","targetHints":{"allow":["GET"]}}],"collection":[{"href":"https:\/\/ubirataonline.com.br\/en\/wp-json\/wp\/v2\/posts"}],"about":[{"href":"https:\/\/ubirataonline.com.br\/en\/wp-json\/wp\/v2\/types\/post"}],"author":[{"embeddable":true,"href":"https:\/\/ubirataonline.com.br\/en\/wp-json\/wp\/v2\/users\/1"}],"replies":[{"embeddable":true,"href":"https:\/\/ubirataonline.com.br\/en\/wp-json\/wp\/v2\/comments?post=112615"}],"version-history":[{"count":0,"href":"https:\/\/ubirataonline.com.br\/en\/wp-json\/wp\/v2\/posts\/112615\/revisions"}],"wp:featuredmedia":[{"embeddable":true,"href":"https:\/\/ubirataonline.com.br\/en\/wp-json\/wp\/v2\/media\/92994"}],"wp:attachment":[{"href":"https:\/\/ubirataonline.com.br\/en\/wp-json\/wp\/v2\/media?parent=112615"}],"wp:term":[{"taxonomy":"category","embeddable":true,"href":"https:\/\/ubirataonline.com.br\/en\/wp-json\/wp\/v2\/categories?post=112615"},{"taxonomy":"post_tag","embeddable":true,"href":"https:\/\/ubirataonline.com.br\/en\/wp-json\/wp\/v2\/tags?post=112615"}],"curies":[{"name":"wp","href":"https:\/\/api.w.org\/{rel}","templated":true}]}}