{"id":112642,"date":"2026-04-20T06:58:44","date_gmt":"2026-04-20T09:58:44","guid":{"rendered":"https:\/\/ubirataonline.com.br\/projeto-de-oscar-niemeyer-no-parana-sai-do-papel-apos-decadas\/"},"modified":"2026-04-20T06:58:48","modified_gmt":"2026-04-20T09:58:48","slug":"projeto-de-oscar-niemeyer-no-parana-sai-do-papel-apos-decadas","status":"publish","type":"post","link":"https:\/\/ubirataonline.com.br\/en\/projeto-de-oscar-niemeyer-no-parana-sai-do-papel-apos-decadas\/","title":{"rendered":"Projeto de Oscar Niemeyer no Paran\u00e1 sai do papel ap\u00f3s d\u00e9cadas"},"content":{"rendered":"<p><\/p>\n<div id=\"post-content\">\n<p>Uma obra assinada por <strong>Oscar Niemeyer <\/strong>est\u00e1 sendo constru\u00edda no <strong>Paran\u00e1<\/strong> ap\u00f3s quase quatro d\u00e9cadas fora do papel. Em <strong>Maring\u00e1<\/strong>, o novo centro de eventos j\u00e1 alcan\u00e7ou 43,38% de execu\u00e7\u00e3o, segundo a prefeitura. A entrega est\u00e1 prevista para <strong>mar\u00e7o de 2027<\/strong>.<\/p>\n<p>A <strong>\u00d3pera Oscar Niemeyer<\/strong> come\u00e7ou a ser erguida em janeiro de 2024, mas o projeto original foi desenhado ainda em 1986, como parte do plano do Novo Centro da cidade. Localizado no cruzamento das avenidas Jo\u00e3o Paulino Vieira Filho e Hor\u00e1cio Raccanello, o edif\u00edcio ter\u00e1 formato de \u201c<strong>livro aberto<\/strong>\u201d.<\/p>\n<p>Quando conclu\u00edda, a estrutura ter\u00e1 11 mil metros quadrados e altura equivalente a um <strong>pr\u00e9dio de oito andares<\/strong>. O espa\u00e7o vai abrigar <strong>biblioteca<\/strong> municipal, \u00e1reas de estudo, salas multiuso, espa\u00e7os expositivos e um <strong>audit\u00f3rio<\/strong> com capacidade para 630 pessoas, al\u00e9m de palco revers\u00edvel para apresenta\u00e7\u00f5es externas. Al\u00e9m disso, o projeto tamb\u00e9m inclui estacionamento com 141 vagas.<\/p>\n<p>Com investimento de R$ 75 milh\u00f5es, a obra j\u00e1 consumiu mais de 6.900 metros c\u00fabicos de concreto e 616 toneladas de a\u00e7o. Segundo a Secretaria Municipal de Obras P\u00fablicas, est\u00e3o em execu\u00e7\u00e3o a constru\u00e7\u00e3o de pilares, vigas e a montagem de formas para a <strong>concretagem do teto curvo<\/strong>.\u00a0<\/p>\n<h2 class=\"wp-block-heading\" id=\"h-complexo-esta-parado-ha-quase-35-anos\">Complexo est\u00e1 parado h\u00e1 quase 35 anos<\/h2>\n<p>A proposta de transformar a <strong>antiga esta\u00e7\u00e3o de manobras de trens<\/strong> em um novo espa\u00e7o urbano surgiu nos anos 1970 e avan\u00e7ou em 1985 com a<a href=\"https:\/\/www.livrosabertos.abcd.usp.br\/portaldelivrosUSP\/catalog\/view\/1021\/932\/3456\"> cria\u00e7\u00e3o da Urbaniza\u00e7\u00e3o de Maring\u00e1 (Urbamar)<\/a>. No ano seguinte, Oscar Niemeyer foi contratado para desenvolver o Novo Centro de Maring\u00e1, apresentado em 1986, que previa uma grande pra\u00e7a integrada a edifica\u00e7\u00f5es de estilo modernista.<\/p>\n<p>Apesar da repercuss\u00e3o, o<strong> Projeto \u00c1gora<\/strong> enfrentou resist\u00eancia pol\u00edtica na C\u00e2mara, principalmente pelo alto custo e pela dimens\u00e3o do investimento p\u00fablico necess\u00e1rio. Em 1991, o ent\u00e3o prefeito Ricardo Barros tentou retomar a iniciativa e solicitou uma vers\u00e3o mais enxuta do projeto.<\/p>\n<figure class=\"wp-block-image size-full\"><figcaption class=\"wp-element-caption\">Rascunho do projeto do Complexo \u00c1gora de 1991. Foto: Reprodu\u00e7\u00e3o\/Urbamar.<\/figcaption><\/figure>\n<p>A proposta chegou a avan\u00e7ar at\u00e9 a fase de licita\u00e7\u00e3o, em 1992, mas novamente n\u00e3o vingou. Ao longo das d\u00e9cadas seguintes, a ideia permaneceu arquivada. A retomada ocorreu apenas nos \u00faltimos anos ap\u00f3s a morte de Niemeyer, mas com adapta\u00e7\u00e3o do projeto \u00e0 realidade atual. A obra da \u00f3pera, em vers\u00e3o atualizada, come\u00e7ou efetivamente em 2024.<\/p>\n<p>No Paran\u00e1, o principal projeto que se assemelha \u00e0 \u00f3pera \u00e9 o<strong> Museu Oscar Niemeyer<\/strong>, em Curitiba. Tamb\u00e9m fazem parte do <a href=\"https:\/\/niemeyerinstituto.com.br\/projetos\/#em-execucao\">legado no estado<\/a> o terminal rodovi\u00e1rio de Londrina, o obelisco em homenagem \u00e0 Coluna Prestes, em Santa Helena, o Obelisco da Uni\u00e3o dos Povos, em Foz do Igua\u00e7u, e o monumento Ant\u00f4nio Tavares, em Campo Largo.<\/p>\n<section class=\"virals\">\n<article class=\"cardnews cardnews--post cardnews--has-thumbnail cardnews--editorial-noticias\"> <a href=\"https:\/\/www.tribunapr.com.br\/noticias\/curitiba-regiao\/vereador-perdeu-pia-e-investigado-por-usar-gm-para-se-autopromove?utm_source=noticias-virais-rodape&amp;utm_medium=internal-tribuna&amp;utm_campaign=tribuna\" class=\"cardnews__postlink\"> <\/p>\n<div class=\"cardnews__image\" is-api-thumb=\"\"><img decoding=\"async\" src=\"https:\/\/www.tribunapr.com.br\/wp-content\/uploads\/2026\/03\/27182231\/perdeu-pia-GM-370x210.jpeg\" loading=\"lazy\" alt=\"Vereador Perdeu Pi\u00e1 \u00e9 investigado por usar GM para se autopromover\"\/><\/div>\n<div class=\"cardnews__content cardhome__content\">\n<div class=\"cardnews__content-wrapper\">\n<p> <span style=\"\"> De olho! <\/span> <\/p>\n<p>Vereador Perdeu Pi\u00e1 \u00e9 investigado por usar GM para se autopromover<\/p>\n<\/p><\/div>\n<\/p><\/div>\n<p> <\/a> <\/article>\n<article class=\"cardnews cardnews--post cardnews--has-thumbnail cardnews--editorial-noticias\"> <a href=\"https:\/\/www.tribunapr.com.br\/noticias\/parana\/parana-pode-sentir-efeitos-do-el-nino-a-partir-de-julho-o-que-esperar\/?utm_source=noticias-virais-rodape&amp;utm_medium=internal-tribuna&amp;utm_campaign=tribuna\" class=\"cardnews__postlink\"> <\/p>\n<div class=\"cardnews__image\" is-api-thumb=\"\"><img decoding=\"async\" src=\"https:\/\/www.tribunapr.com.br\/wp-content\/uploads\/2026\/02\/20182305\/chuvas-370x210.jpg\" loading=\"lazy\" alt=\"Paran\u00e1 pode sentir efeitos do El Ni\u00f1o a partir de julho; o que esperar\"\/><\/div>\n<div class=\"cardnews__content cardhome__content\">\n<div class=\"cardnews__content-wrapper\">\n<p> <span style=\"\"> Alerta <\/span> <\/p>\n<p>Paran\u00e1 pode sentir efeitos do El Ni\u00f1o a partir de julho; o que esperar<\/p>\n<\/p><\/div>\n<\/p><\/div>\n<p> <\/a> <\/article>\n<article class=\"cardnews cardnews--post cardnews--has-thumbnail cardnews--editorial-noticias\"> <a href=\"https:\/\/www.tribunapr.com.br\/noticias\/parana\/roteiro-inusitado-parana-coleciona-estatuas-peculiares-pelo-interior\/?utm_source=noticias-virais-rodape&amp;utm_medium=internal-tribuna&amp;utm_campaign=tribuna\" class=\"cardnews__postlink\"> <\/p>\n<div class=\"cardnews__image\" is-api-thumb=\"\"><img decoding=\"async\" src=\"https:\/\/www.tribunapr.com.br\/wp-content\/uploads\/2026\/03\/26165528\/monumento_ao_bone_carrossel_1-prefeitura-de-apucarana-370x210.webp\" loading=\"lazy\" alt=\"Roteiro inusitado: Paran\u00e1 coleciona est\u00e1tuas peculiares pelo interior \"\/><\/div>\n<div class=\"cardnews__content cardhome__content\">\n<div class=\"cardnews__content-wrapper\">\n<p> <span style=\"\"> Belezas do Paran\u00e1 <\/span> <\/p>\n<p>Roteiro inusitado: Paran\u00e1 coleciona est\u00e1tuas peculiares pelo interior <\/p>\n<\/p><\/div>\n<\/p><\/div>\n<p> <\/a> <\/article>\n<\/section>\n<div id=\"tribuna-follow-cta\">\n<p> <span class=\"cta-title\">Siga a <span class=\"tribuna-color\">Tribuna<\/span> no Google, e acompanhe as \u00faltimas not\u00edcias de Curitiba e regi\u00e3o!<\/span> <\/p>\n<p> <a href=\"https:\/\/profile.google.com\/cp\/CgwvZy8xMmxxajUzM3Mac2h0dHBzOi8vd3d3LnRyaWJ1bmFwci5jb20uYnIvdml2YS92aXRyaW5lL2dpZ2FudGUtZG8tdmVzdHVhcmlvLXJlaW5hdWd1cmEtbG9qYS1lbS1zaG9wcGluZy10cmFkaWNpb25hbC1kZS1jdXJpdGliYS8iElRyaWJ1bmEgZG8gUGFyYW7DoSqAAwrHAWh0dHBzOi8vZW5jcnlwdGVkLXRibjIuZ3N0YXRpYy5jb20vZmF2aWNvbi10Ym4_cT10Ym46QU5kOUdjUVJPbjVDRjR6TzJPbkUwTXZrRlRCRTY2U0g1bGlaVDRaZTV3bWNKeU5GRm1BSnluM01nNU9PR3BXY1pYMzZwYU5HUWtsZ09JVEFLTTNNZVNGbTc1aWp6M3k2ajUtQ3M2b25kX2JUcFFQQkVLd3RsUjBsTmJESnUtVHhrNXQtbFlCNlVpOWZSVVFjT2cSswFodHRwczovL2VuY3J5cHRlZC10Ym4zLmdzdGF0aWMuY29tL2Zhdmljb24tdGJuP3E9dGJuJTNBQU5kOUdjU0FMaWJ2eFF0YXdFMFRueVdWWmVKRS1MZEdRZjVTUi1OZ2RMazhyZzIwVy1nM0JuQ1F4VDNKZFBjRXR2THdBeVRxUDJEdHVycEdVR29CQkxpYzM5al9wSmFxRERaMHNCYW05WEVhSGVsMmZTQmdKdlF4WWVyMw\" target=\"_blank\" title=\"Seguir a Tribuna no Google\">  <\/a> <\/div>\n<\/p><\/div>\n<p><a href=\"https:\/\/www.tribunapr.com.br\/noticias\/parana\/apos-40-anos-projeto-de-oscar-niemeyer-sai-do-papel-e-ganha-data-de-inauguracao\/\">Fonte do Artigo <\/a><\/p>","protected":false},"excerpt":{"rendered":"<p>Uma obra assinada por Oscar Niemeyer est\u00e1 sendo constru\u00edda no Paran\u00e1 ap\u00f3s quase quatro d\u00e9cadas fora do papel. Em Maring\u00e1, o novo centro de eventos j\u00e1 alcan\u00e7ou 43,38% de execu\u00e7\u00e3o, segundo a prefeitura. A entrega est\u00e1 prevista para mar\u00e7o de 2027. A \u00d3pera Oscar Niemeyer come\u00e7ou a ser erguida em janeiro de 2024, mas o [&hellip;]<\/p>\n","protected":false},"author":1,"featured_media":112643,"comment_status":"closed","ping_status":"","sticky":false,"template":"","format":"standard","meta":{"googlesitekit_rrm_CAow2JLhCw:productID":"","_gspb_post_css":"","maa_idioma":"","maa_pais":"","footnotes":""},"categories":[1],"tags":[3140,20912,21218,5921,5383,90,4216,10759],"class_list":["post-112642","post","type-post","status-publish","format-standard","has-post-thumbnail","hentry","category-ubirata","tag-apos","tag-decadas","tag-niemeyer","tag-oscar","tag-papel","tag-parana","tag-projeto","tag-sai"],"blocksy_meta":[],"yoast_head":"<!-- This site is optimized with the Yoast SEO Premium plugin v27.6 (Yoast SEO v27.6) - https:\/\/yoast.com\/product\/yoast-seo-premium-wordpress\/ -->\n<title>Projeto de Oscar Niemeyer no Paran\u00e1 sai do papel ap\u00f3s d\u00e9cadas - Ubirat\u00e3 Online Not\u00edcias - A realidade ao seu alcance!<\/title>\n<meta name=\"description\" content=\"Uma obra assinada por Oscar Niemeyer est\u00e1 sendo constru\u00edda no Paran\u00e1 ap\u00f3s quase quatro d\u00e9cadas fora do papel. Em Maring\u00e1, o novo centro de eventos j\u00e1\" \/>\n<meta name=\"robots\" content=\"index, follow, max-snippet:-1, max-image-preview:large, max-video-preview:-1\" \/>\n<link rel=\"canonical\" href=\"https:\/\/ubirataonline.com.br\/en\/projeto-de-oscar-niemeyer-no-parana-sai-do-papel-apos-decadas\/\" \/>\n<meta property=\"og:locale\" content=\"en_US\" \/>\n<meta property=\"og:type\" content=\"article\" \/>\n<meta property=\"og:title\" content=\"Projeto de Oscar Niemeyer no Paran\u00e1 sai do papel ap\u00f3s d\u00e9cadas\" \/>\n<meta property=\"og:description\" content=\"Uma obra assinada por Oscar Niemeyer est\u00e1 sendo constru\u00edda no Paran\u00e1 ap\u00f3s quase quatro d\u00e9cadas fora do papel. Em Maring\u00e1, o novo centro de eventos j\u00e1\" \/>\n<meta property=\"og:url\" content=\"https:\/\/ubirataonline.com.br\/en\/projeto-de-oscar-niemeyer-no-parana-sai-do-papel-apos-decadas\/\" \/>\n<meta property=\"og:site_name\" content=\"Ubirat\u00e3 Online Not\u00edcias - A realidade ao seu alcance!\" \/>\n<meta property=\"article:publisher\" content=\"https:\/\/www.facebook.com\/portalubirataonline\" \/>\n<meta property=\"article:author\" content=\"https:\/\/www.facebook.com\/portalubirataonline\" \/>\n<meta property=\"article:published_time\" content=\"2026-04-20T09:58:44+00:00\" \/>\n<meta property=\"article:modified_time\" content=\"2026-04-20T09:58:48+00:00\" \/>\n<meta property=\"og:image\" content=\"https:\/\/ubirataonline.com.br\/wp-content\/uploads\/2026\/04\/Projeto-de-Oscar-Niemeyer-no-Parana-sai-do-papel-apos.jpg\" \/>\n\t<meta property=\"og:image:width\" content=\"2560\" \/>\n\t<meta property=\"og:image:height\" content=\"1920\" \/>\n\t<meta property=\"og:image:type\" content=\"image\/jpeg\" \/>\n<meta name=\"author\" content=\"REDA\u00c7\u00c3O: UBIRAT\u00c3 ONLINE - F\u00c1BIO AUGUSTO CELESTINO\" \/>\n<meta name=\"twitter:card\" content=\"summary_large_image\" \/>\n<meta name=\"twitter:creator\" content=\"@x.com\/ubirataonline\" \/>\n<meta name=\"twitter:site\" content=\"@ubirataonline\" \/>\n<meta name=\"twitter:label1\" content=\"Written by\" \/>\n\t<meta name=\"twitter:data1\" content=\"REDA\u00c7\u00c3O: UBIRAT\u00c3 ONLINE - F\u00c1BIO AUGUSTO CELESTINO\" \/>\n\t<meta name=\"twitter:label2\" content=\"Est. reading time\" \/>\n\t<meta name=\"twitter:data2\" content=\"3 minutes\" \/>\n<script type=\"application\/ld+json\" class=\"yoast-schema-graph\">{\"@context\":\"https:\\\/\\\/schema.org\",\"@graph\":[{\"@type\":\"NewsArticle\",\"@id\":\"https:\\\/\\\/ubirataonline.com.br\\\/projeto-de-oscar-niemeyer-no-parana-sai-do-papel-apos-decadas\\\/#article\",\"isPartOf\":{\"@id\":\"https:\\\/\\\/ubirataonline.com.br\\\/projeto-de-oscar-niemeyer-no-parana-sai-do-papel-apos-decadas\\\/\"},\"author\":{\"name\":\"REDA\u00c7\u00c3O: UBIRAT\u00c3 ONLINE - F\u00c1BIO AUGUSTO CELESTINO\",\"@id\":\"https:\\\/\\\/ubirataonline.com.br\\\/#\\\/schema\\\/person\\\/372f87bbd3fdd79b8556b84c98d0bc1c\"},\"headline\":\"Projeto de Oscar Niemeyer no Paran\u00e1 sai do papel ap\u00f3s d\u00e9cadas\",\"datePublished\":\"2026-04-20T09:58:44+00:00\",\"dateModified\":\"2026-04-20T09:58:48+00:00\",\"mainEntityOfPage\":{\"@id\":\"https:\\\/\\\/ubirataonline.com.br\\\/projeto-de-oscar-niemeyer-no-parana-sai-do-papel-apos-decadas\\\/\"},\"wordCount\":533,\"publisher\":{\"@id\":\"https:\\\/\\\/ubirataonline.com.br\\\/#organization\"},\"image\":{\"@id\":\"https:\\\/\\\/ubirataonline.com.br\\\/projeto-de-oscar-niemeyer-no-parana-sai-do-papel-apos-decadas\\\/#primaryimage\"},\"thumbnailUrl\":\"https:\\\/\\\/ubirataonline.com.br\\\/wp-content\\\/uploads\\\/2026\\\/04\\\/Projeto-de-Oscar-Niemeyer-no-Parana-sai-do-papel-apos.jpg\",\"keywords\":[\"ap\u00f3s\",\"d\u00e9cadas\",\"Niemeyer\",\"Oscar\",\"Papel\",\"paran\u00e1\",\"projeto\",\"sai\"],\"articleSection\":[\"Ubirat\u00e3\"],\"inLanguage\":\"en-US\",\"copyrightYear\":\"2026\",\"copyrightHolder\":{\"@id\":\"https:\\\/\\\/ubirataonline.com.br\\\/en\\\/#organization\"}},{\"@type\":\"WebPage\",\"@id\":\"https:\\\/\\\/ubirataonline.com.br\\\/projeto-de-oscar-niemeyer-no-parana-sai-do-papel-apos-decadas\\\/\",\"url\":\"https:\\\/\\\/ubirataonline.com.br\\\/projeto-de-oscar-niemeyer-no-parana-sai-do-papel-apos-decadas\\\/\",\"name\":\"Projeto de Oscar Niemeyer no Paran\u00e1 sai do papel ap\u00f3s d\u00e9cadas - Ubirat\u00e3 Online Not\u00edcias - A realidade ao seu alcance!\",\"isPartOf\":{\"@id\":\"https:\\\/\\\/ubirataonline.com.br\\\/#website\"},\"primaryImageOfPage\":{\"@id\":\"https:\\\/\\\/ubirataonline.com.br\\\/projeto-de-oscar-niemeyer-no-parana-sai-do-papel-apos-decadas\\\/#primaryimage\"},\"image\":{\"@id\":\"https:\\\/\\\/ubirataonline.com.br\\\/projeto-de-oscar-niemeyer-no-parana-sai-do-papel-apos-decadas\\\/#primaryimage\"},\"thumbnailUrl\":\"https:\\\/\\\/ubirataonline.com.br\\\/wp-content\\\/uploads\\\/2026\\\/04\\\/Projeto-de-Oscar-Niemeyer-no-Parana-sai-do-papel-apos.jpg\",\"datePublished\":\"2026-04-20T09:58:44+00:00\",\"dateModified\":\"2026-04-20T09:58:48+00:00\",\"description\":\"Uma obra assinada por Oscar Niemeyer est\u00e1 sendo constru\u00edda no Paran\u00e1 ap\u00f3s quase quatro d\u00e9cadas fora do papel. Em Maring\u00e1, o novo centro de eventos j\u00e1\",\"breadcrumb\":{\"@id\":\"https:\\\/\\\/ubirataonline.com.br\\\/projeto-de-oscar-niemeyer-no-parana-sai-do-papel-apos-decadas\\\/#breadcrumb\"},\"inLanguage\":\"en-US\",\"potentialAction\":[{\"@type\":\"ReadAction\",\"target\":[\"https:\\\/\\\/ubirataonline.com.br\\\/projeto-de-oscar-niemeyer-no-parana-sai-do-papel-apos-decadas\\\/\"]}]},{\"@type\":\"ImageObject\",\"inLanguage\":\"en-US\",\"@id\":\"https:\\\/\\\/ubirataonline.com.br\\\/projeto-de-oscar-niemeyer-no-parana-sai-do-papel-apos-decadas\\\/#primaryimage\",\"url\":\"https:\\\/\\\/ubirataonline.com.br\\\/wp-content\\\/uploads\\\/2026\\\/04\\\/Projeto-de-Oscar-Niemeyer-no-Parana-sai-do-papel-apos.jpg\",\"contentUrl\":\"https:\\\/\\\/ubirataonline.com.br\\\/wp-content\\\/uploads\\\/2026\\\/04\\\/Projeto-de-Oscar-Niemeyer-no-Parana-sai-do-papel-apos.jpg\",\"width\":2560,\"height\":1920,\"caption\":\"Ap\u00f3s conclu\u00edda, a \u00f3pera ter\u00e1 o formato de um livro aberto. Foto: Prefeitura de Maring\u00e1.\"},{\"@type\":\"BreadcrumbList\",\"@id\":\"https:\\\/\\\/ubirataonline.com.br\\\/projeto-de-oscar-niemeyer-no-parana-sai-do-papel-apos-decadas\\\/#breadcrumb\",\"itemListElement\":[{\"@type\":\"ListItem\",\"position\":1,\"name\":\"In\u00edcio\",\"item\":\"https:\\\/\\\/ubirataonline.com.br\\\/\"},{\"@type\":\"ListItem\",\"position\":2,\"name\":\"Projeto de Oscar Niemeyer no Paran\u00e1 sai do papel ap\u00f3s d\u00e9cadas\"}]},{\"@type\":\"WebSite\",\"@id\":\"https:\\\/\\\/ubirataonline.com.br\\\/#website\",\"url\":\"https:\\\/\\\/ubirataonline.com.br\\\/\",\"name\":\"Ubirat\u00e3 Online Not\u00edcias\",\"description\":\"Not\u00edcias de Ubirat\u00e3, regi\u00e3o, Brasil e mundo, com informa\u00e7\u00e3o atualizada e compromisso com o leitor.\",\"publisher\":{\"@id\":\"https:\\\/\\\/ubirataonline.com.br\\\/#organization\"},\"alternateName\":\"Ubirat\u00e3 Online\",\"potentialAction\":[{\"@type\":\"SearchAction\",\"target\":{\"@type\":\"EntryPoint\",\"urlTemplate\":\"https:\\\/\\\/ubirataonline.com.br\\\/?s={search_term_string}\"},\"query-input\":{\"@type\":\"PropertyValueSpecification\",\"valueRequired\":true,\"valueName\":\"search_term_string\"}}],\"inLanguage\":\"en-US\"},{\"@type\":[\"Organization\",\"Place\"],\"@id\":\"https:\\\/\\\/ubirataonline.com.br\\\/#organization\",\"name\":\"Ubirat\u00e3 Online Not\u00edcias\",\"alternateName\":\"Ubirat\u00e3 Online\",\"url\":\"https:\\\/\\\/ubirataonline.com.br\\\/\",\"logo\":{\"@id\":\"https:\\\/\\\/ubirataonline.com.br\\\/projeto-de-oscar-niemeyer-no-parana-sai-do-papel-apos-decadas\\\/#local-main-organization-logo\"},\"image\":{\"@id\":\"https:\\\/\\\/ubirataonline.com.br\\\/projeto-de-oscar-niemeyer-no-parana-sai-do-papel-apos-decadas\\\/#local-main-organization-logo\"},\"sameAs\":[\"https:\\\/\\\/www.facebook.com\\\/portalubirataonline\",\"https:\\\/\\\/x.com\\\/ubirataonline\",\"https:\\\/\\\/mastodon.social\\\/@ubirataonline\",\"https:\\\/\\\/www.facebook.com\\\/groups\\\/311144672285604\",\"https:\\\/\\\/www.facebook.com\\\/UBTAOnline\",\"https:\\\/\\\/www.instagram.com\\\/portalubirataonline\\\/\",\"https:\\\/\\\/twitter.com\\\/ubirataonline\"],\"description\":\"Somos um portal de not\u00edcias independente, criado em 5 de janeiro de 2009, com o objetivo de informar, conectar e valorizar a nossa comunidade de Ubirat\u00e3 e toda aregi\u00e3o. Com conte\u00fado atualizado, confi\u00e1vel e relevante, o Ubirat\u00e3 Online \u00e9 o seu espa\u00e7o para ficar por dentro dos principais acontecimentos locais, regionais, Brasil, Mundo e de interesse geral. Nosso compromisso \u00e9 com a verdade, a transpar\u00eancia e o respeito ao leitor.\",\"legalName\":\"UBIRATA ONLINE NOT\u00cdCIAS\",\"foundingDate\":\"2009-01-05\",\"numberOfEmployees\":{\"@type\":\"QuantitativeValue\",\"minValue\":\"1\",\"maxValue\":\"10\"},\"publishingPrinciples\":\"https:\\\/\\\/ubirataonline.com.br\\\/faq\\\/\",\"address\":{\"@id\":\"https:\\\/\\\/ubirataonline.com.br\\\/projeto-de-oscar-niemeyer-no-parana-sai-do-papel-apos-decadas\\\/#local-main-place-address\"},\"geo\":{\"@type\":\"GeoCoordinates\",\"latitude\":\"-24.5361401\",\"longitude\":\"-52.9921776\"},\"telephone\":[\"+5544998308235\"],\"contactPoint\":{\"@type\":\"ContactPoint\",\"email\":\"contato@ubirataonline.com.br\"},\"openingHoursSpecification\":{\"@type\":\"OpeningHoursSpecification\",\"dayOfWeek\":[\"Monday\",\"Tuesday\",\"Wednesday\",\"Thursday\",\"Friday\",\"Saturday\",\"Sunday\"],\"opens\":\"00:00\",\"closes\":\"23:59\"},\"email\":\"contato@ubirataonline.com.br\",\"vatID\":\"47.621.418\\\/0001-80\"},{\"@type\":\"Person\",\"@id\":\"https:\\\/\\\/ubirataonline.com.br\\\/#\\\/schema\\\/person\\\/372f87bbd3fdd79b8556b84c98d0bc1c\",\"name\":\"REDA\u00c7\u00c3O: UBIRAT\u00c3 ONLINE - F\u00c1BIO AUGUSTO CELESTINO\",\"pronouns\":\"Ele\",\"description\":\"Desde 2003 trabalhando com not\u00edcias.\",\"sameAs\":[\"http:\\\/\\\/ubirataoline.com.br\",\"https:\\\/\\\/www.facebook.com\\\/portalubirataonline\",\"https:\\\/\\\/www.instagram.com\\\/ubirataonline_oficial\",\"https:\\\/\\\/x.com\\\/x.com\\\/ubirataonline\"],\"honorificPrefix\":\"Mr.\",\"honorificSuffix\":\"MD\",\"birthDate\":\"1980-06-16\",\"gender\":\"masculino\",\"award\":[\"V\u00e1rios pr\u00eamios de melhor portal da cidade\"],\"jobTitle\":\"Diretor\",\"url\":\"https:\\\/\\\/ubirataonline.com.br\\\/en\\\/author\\\/ubirataonline\\\/\"},{\"@type\":\"PostalAddress\",\"@id\":\"https:\\\/\\\/ubirataonline.com.br\\\/projeto-de-oscar-niemeyer-no-parana-sai-do-papel-apos-decadas\\\/#local-main-place-address\",\"streetAddress\":\"Rua dos Coqueiros, 104 - Bairro Boa Vista, Rua dos Coqueiros, 104 Bairro Boa Vista\",\"addressLocality\":\"UBIRATA\",\"postalCode\":\"85440-000\",\"addressRegion\":\"PR\",\"addressCountry\":\"BR\"},{\"@type\":\"ImageObject\",\"inLanguage\":\"en-US\",\"@id\":\"https:\\\/\\\/ubirataonline.com.br\\\/projeto-de-oscar-niemeyer-no-parana-sai-do-papel-apos-decadas\\\/#local-main-organization-logo\",\"url\":\"https:\\\/\\\/ubirataonline.com.br\\\/wp-content\\\/uploads\\\/2026\\\/06\\\/logoubirataonline-1.webp\",\"contentUrl\":\"https:\\\/\\\/ubirataonline.com.br\\\/wp-content\\\/uploads\\\/2026\\\/06\\\/logoubirataonline-1.webp\",\"width\":500,\"height\":500,\"caption\":\"Ubirat\u00e3 Online Not\u00edcias\"}]}<\/script>\n<meta name=\"geo.placename\" content=\"UBIRATA\" \/>\n<meta name=\"geo.position\" content=\"-24.5361401;-52.9921776\" \/>\n<meta name=\"geo.region\" content=\"Brazil\" \/>\n<!-- \/ Yoast SEO Premium plugin. -->","yoast_head_json":{"title":"Projeto de Oscar Niemeyer no Paran\u00e1 sai do papel ap\u00f3s d\u00e9cadas - Ubirat\u00e3 Online Not\u00edcias - A realidade ao seu alcance!","description":"Uma obra assinada por Oscar Niemeyer est\u00e1 sendo constru\u00edda no Paran\u00e1 ap\u00f3s quase quatro d\u00e9cadas fora do papel. Em Maring\u00e1, o novo centro de eventos j\u00e1","robots":{"index":"index","follow":"follow","max-snippet":"max-snippet:-1","max-image-preview":"max-image-preview:large","max-video-preview":"max-video-preview:-1"},"canonical":"https:\/\/ubirataonline.com.br\/en\/projeto-de-oscar-niemeyer-no-parana-sai-do-papel-apos-decadas\/","og_locale":"en_US","og_type":"article","og_title":"Projeto de Oscar Niemeyer no Paran\u00e1 sai do papel ap\u00f3s d\u00e9cadas","og_description":"Uma obra assinada por Oscar Niemeyer est\u00e1 sendo constru\u00edda no Paran\u00e1 ap\u00f3s quase quatro d\u00e9cadas fora do papel. Em Maring\u00e1, o novo centro de eventos j\u00e1","og_url":"https:\/\/ubirataonline.com.br\/en\/projeto-de-oscar-niemeyer-no-parana-sai-do-papel-apos-decadas\/","og_site_name":"Ubirat\u00e3 Online Not\u00edcias - A realidade ao seu alcance!","article_publisher":"https:\/\/www.facebook.com\/portalubirataonline","article_author":"https:\/\/www.facebook.com\/portalubirataonline","article_published_time":"2026-04-20T09:58:44+00:00","article_modified_time":"2026-04-20T09:58:48+00:00","og_image":[{"width":2560,"height":1920,"url":"https:\/\/ubirataonline.com.br\/wp-content\/uploads\/2026\/04\/Projeto-de-Oscar-Niemeyer-no-Parana-sai-do-papel-apos.jpg","type":"image\/jpeg"}],"author":"REDA\u00c7\u00c3O: UBIRAT\u00c3 ONLINE - F\u00c1BIO AUGUSTO CELESTINO","twitter_card":"summary_large_image","twitter_creator":"@x.com\/ubirataonline","twitter_site":"@ubirataonline","twitter_misc":{"Written by":"REDA\u00c7\u00c3O: UBIRAT\u00c3 ONLINE - F\u00c1BIO AUGUSTO CELESTINO","Est. reading time":"3 minutes"},"schema":{"@context":"https:\/\/schema.org","@graph":[{"@type":"NewsArticle","@id":"https:\/\/ubirataonline.com.br\/projeto-de-oscar-niemeyer-no-parana-sai-do-papel-apos-decadas\/#article","isPartOf":{"@id":"https:\/\/ubirataonline.com.br\/projeto-de-oscar-niemeyer-no-parana-sai-do-papel-apos-decadas\/"},"author":{"name":"REDA\u00c7\u00c3O: UBIRAT\u00c3 ONLINE - F\u00c1BIO AUGUSTO CELESTINO","@id":"https:\/\/ubirataonline.com.br\/#\/schema\/person\/372f87bbd3fdd79b8556b84c98d0bc1c"},"headline":"Projeto de Oscar Niemeyer no Paran\u00e1 sai do papel ap\u00f3s d\u00e9cadas","datePublished":"2026-04-20T09:58:44+00:00","dateModified":"2026-04-20T09:58:48+00:00","mainEntityOfPage":{"@id":"https:\/\/ubirataonline.com.br\/projeto-de-oscar-niemeyer-no-parana-sai-do-papel-apos-decadas\/"},"wordCount":533,"publisher":{"@id":"https:\/\/ubirataonline.com.br\/#organization"},"image":{"@id":"https:\/\/ubirataonline.com.br\/projeto-de-oscar-niemeyer-no-parana-sai-do-papel-apos-decadas\/#primaryimage"},"thumbnailUrl":"https:\/\/ubirataonline.com.br\/wp-content\/uploads\/2026\/04\/Projeto-de-Oscar-Niemeyer-no-Parana-sai-do-papel-apos.jpg","keywords":["ap\u00f3s","d\u00e9cadas","Niemeyer","Oscar","Papel","paran\u00e1","projeto","sai"],"articleSection":["Ubirat\u00e3"],"inLanguage":"en-US","copyrightYear":"2026","copyrightHolder":{"@id":"https:\/\/ubirataonline.com.br\/en\/#organization"}},{"@type":"WebPage","@id":"https:\/\/ubirataonline.com.br\/projeto-de-oscar-niemeyer-no-parana-sai-do-papel-apos-decadas\/","url":"https:\/\/ubirataonline.com.br\/projeto-de-oscar-niemeyer-no-parana-sai-do-papel-apos-decadas\/","name":"Projeto de Oscar Niemeyer no Paran\u00e1 sai do papel ap\u00f3s d\u00e9cadas - Ubirat\u00e3 Online Not\u00edcias - A realidade ao seu alcance!","isPartOf":{"@id":"https:\/\/ubirataonline.com.br\/#website"},"primaryImageOfPage":{"@id":"https:\/\/ubirataonline.com.br\/projeto-de-oscar-niemeyer-no-parana-sai-do-papel-apos-decadas\/#primaryimage"},"image":{"@id":"https:\/\/ubirataonline.com.br\/projeto-de-oscar-niemeyer-no-parana-sai-do-papel-apos-decadas\/#primaryimage"},"thumbnailUrl":"https:\/\/ubirataonline.com.br\/wp-content\/uploads\/2026\/04\/Projeto-de-Oscar-Niemeyer-no-Parana-sai-do-papel-apos.jpg","datePublished":"2026-04-20T09:58:44+00:00","dateModified":"2026-04-20T09:58:48+00:00","description":"Uma obra assinada por Oscar Niemeyer est\u00e1 sendo constru\u00edda no Paran\u00e1 ap\u00f3s quase quatro d\u00e9cadas fora do papel. Em Maring\u00e1, o novo centro de eventos j\u00e1","breadcrumb":{"@id":"https:\/\/ubirataonline.com.br\/projeto-de-oscar-niemeyer-no-parana-sai-do-papel-apos-decadas\/#breadcrumb"},"inLanguage":"en-US","potentialAction":[{"@type":"ReadAction","target":["https:\/\/ubirataonline.com.br\/projeto-de-oscar-niemeyer-no-parana-sai-do-papel-apos-decadas\/"]}]},{"@type":"ImageObject","inLanguage":"en-US","@id":"https:\/\/ubirataonline.com.br\/projeto-de-oscar-niemeyer-no-parana-sai-do-papel-apos-decadas\/#primaryimage","url":"https:\/\/ubirataonline.com.br\/wp-content\/uploads\/2026\/04\/Projeto-de-Oscar-Niemeyer-no-Parana-sai-do-papel-apos.jpg","contentUrl":"https:\/\/ubirataonline.com.br\/wp-content\/uploads\/2026\/04\/Projeto-de-Oscar-Niemeyer-no-Parana-sai-do-papel-apos.jpg","width":2560,"height":1920,"caption":"Ap\u00f3s conclu\u00edda, a \u00f3pera ter\u00e1 o formato de um livro aberto. Foto: Prefeitura de Maring\u00e1."},{"@type":"BreadcrumbList","@id":"https:\/\/ubirataonline.com.br\/projeto-de-oscar-niemeyer-no-parana-sai-do-papel-apos-decadas\/#breadcrumb","itemListElement":[{"@type":"ListItem","position":1,"name":"In\u00edcio","item":"https:\/\/ubirataonline.com.br\/"},{"@type":"ListItem","position":2,"name":"Projeto de Oscar Niemeyer no Paran\u00e1 sai do papel ap\u00f3s d\u00e9cadas"}]},{"@type":"WebSite","@id":"https:\/\/ubirataonline.com.br\/#website","url":"https:\/\/ubirataonline.com.br\/","name":"Ubirat\u00e3 Online Not\u00edcias","description":"Not\u00edcias de Ubirat\u00e3, regi\u00e3o, Brasil e mundo, com informa\u00e7\u00e3o atualizada e compromisso com o leitor.","publisher":{"@id":"https:\/\/ubirataonline.com.br\/#organization"},"alternateName":"Ubirat\u00e3 Online","potentialAction":[{"@type":"SearchAction","target":{"@type":"EntryPoint","urlTemplate":"https:\/\/ubirataonline.com.br\/?s={search_term_string}"},"query-input":{"@type":"PropertyValueSpecification","valueRequired":true,"valueName":"search_term_string"}}],"inLanguage":"en-US"},{"@type":["Organization","Place"],"@id":"https:\/\/ubirataonline.com.br\/#organization","name":"Ubirat\u00e3 Online Not\u00edcias","alternateName":"Ubirat\u00e3 Online","url":"https:\/\/ubirataonline.com.br\/","logo":{"@id":"https:\/\/ubirataonline.com.br\/projeto-de-oscar-niemeyer-no-parana-sai-do-papel-apos-decadas\/#local-main-organization-logo"},"image":{"@id":"https:\/\/ubirataonline.com.br\/projeto-de-oscar-niemeyer-no-parana-sai-do-papel-apos-decadas\/#local-main-organization-logo"},"sameAs":["https:\/\/www.facebook.com\/portalubirataonline","https:\/\/x.com\/ubirataonline","https:\/\/mastodon.social\/@ubirataonline","https:\/\/www.facebook.com\/groups\/311144672285604","https:\/\/www.facebook.com\/UBTAOnline","https:\/\/www.instagram.com\/portalubirataonline\/","https:\/\/twitter.com\/ubirataonline"],"description":"Somos um portal de not\u00edcias independente, criado em 5 de janeiro de 2009, com o objetivo de informar, conectar e valorizar a nossa comunidade de Ubirat\u00e3 e toda aregi\u00e3o. Com conte\u00fado atualizado, confi\u00e1vel e relevante, o Ubirat\u00e3 Online \u00e9 o seu espa\u00e7o para ficar por dentro dos principais acontecimentos locais, regionais, Brasil, Mundo e de interesse geral. Nosso compromisso \u00e9 com a verdade, a transpar\u00eancia e o respeito ao leitor.","legalName":"UBIRATA ONLINE NOT\u00cdCIAS","foundingDate":"2009-01-05","numberOfEmployees":{"@type":"QuantitativeValue","minValue":"1","maxValue":"10"},"publishingPrinciples":"https:\/\/ubirataonline.com.br\/faq\/","address":{"@id":"https:\/\/ubirataonline.com.br\/projeto-de-oscar-niemeyer-no-parana-sai-do-papel-apos-decadas\/#local-main-place-address"},"geo":{"@type":"GeoCoordinates","latitude":"-24.5361401","longitude":"-52.9921776"},"telephone":["+5544998308235"],"contactPoint":{"@type":"ContactPoint","email":"contato@ubirataonline.com.br"},"openingHoursSpecification":{"@type":"OpeningHoursSpecification","dayOfWeek":["Monday","Tuesday","Wednesday","Thursday","Friday","Saturday","Sunday"],"opens":"00:00","closes":"23:59"},"email":"contato@ubirataonline.com.br","vatID":"47.621.418\/0001-80"},{"@type":"Person","@id":"https:\/\/ubirataonline.com.br\/#\/schema\/person\/372f87bbd3fdd79b8556b84c98d0bc1c","name":"REDA\u00c7\u00c3O: UBIRAT\u00c3 ONLINE - F\u00c1BIO AUGUSTO CELESTINO","pronouns":"Ele","description":"Desde 2003 trabalhando com not\u00edcias.","sameAs":["http:\/\/ubirataoline.com.br","https:\/\/www.facebook.com\/portalubirataonline","https:\/\/www.instagram.com\/ubirataonline_oficial","https:\/\/x.com\/x.com\/ubirataonline"],"honorificPrefix":"Mr.","honorificSuffix":"MD","birthDate":"1980-06-16","gender":"masculino","award":["V\u00e1rios pr\u00eamios de melhor portal da cidade"],"jobTitle":"Diretor","url":"https:\/\/ubirataonline.com.br\/en\/author\/ubirataonline\/"},{"@type":"PostalAddress","@id":"https:\/\/ubirataonline.com.br\/projeto-de-oscar-niemeyer-no-parana-sai-do-papel-apos-decadas\/#local-main-place-address","streetAddress":"Rua dos Coqueiros, 104 - Bairro Boa Vista, Rua dos Coqueiros, 104 Bairro Boa Vista","addressLocality":"UBIRATA","postalCode":"85440-000","addressRegion":"PR","addressCountry":"BR"},{"@type":"ImageObject","inLanguage":"en-US","@id":"https:\/\/ubirataonline.com.br\/projeto-de-oscar-niemeyer-no-parana-sai-do-papel-apos-decadas\/#local-main-organization-logo","url":"https:\/\/ubirataonline.com.br\/wp-content\/uploads\/2026\/06\/logoubirataonline-1.webp","contentUrl":"https:\/\/ubirataonline.com.br\/wp-content\/uploads\/2026\/06\/logoubirataonline-1.webp","width":500,"height":500,"caption":"Ubirat\u00e3 Online Not\u00edcias"}]},"geo.placename":"UBIRATA","geo.position":{"lat":"-24.5361401","long":"-52.9921776"},"geo.region":"Brazil"},"_links":{"self":[{"href":"https:\/\/ubirataonline.com.br\/en\/wp-json\/wp\/v2\/posts\/112642","targetHints":{"allow":["GET"]}}],"collection":[{"href":"https:\/\/ubirataonline.com.br\/en\/wp-json\/wp\/v2\/posts"}],"about":[{"href":"https:\/\/ubirataonline.com.br\/en\/wp-json\/wp\/v2\/types\/post"}],"author":[{"embeddable":true,"href":"https:\/\/ubirataonline.com.br\/en\/wp-json\/wp\/v2\/users\/1"}],"replies":[{"embeddable":true,"href":"https:\/\/ubirataonline.com.br\/en\/wp-json\/wp\/v2\/comments?post=112642"}],"version-history":[{"count":0,"href":"https:\/\/ubirataonline.com.br\/en\/wp-json\/wp\/v2\/posts\/112642\/revisions"}],"wp:featuredmedia":[{"embeddable":true,"href":"https:\/\/ubirataonline.com.br\/en\/wp-json\/wp\/v2\/media\/112643"}],"wp:attachment":[{"href":"https:\/\/ubirataonline.com.br\/en\/wp-json\/wp\/v2\/media?parent=112642"}],"wp:term":[{"taxonomy":"category","embeddable":true,"href":"https:\/\/ubirataonline.com.br\/en\/wp-json\/wp\/v2\/categories?post=112642"},{"taxonomy":"post_tag","embeddable":true,"href":"https:\/\/ubirataonline.com.br\/en\/wp-json\/wp\/v2\/tags?post=112642"}],"curies":[{"name":"wp","href":"https:\/\/api.w.org\/{rel}","templated":true}]}}