{"id":112657,"date":"2026-04-20T07:28:52","date_gmt":"2026-04-20T10:28:52","guid":{"rendered":"https:\/\/ubirataonline.com.br\/elizabeth-warren-rallies-with-graham-platner-in-maines-democratic-senate-primary\/"},"modified":"2026-04-20T07:28:52","modified_gmt":"2026-04-20T10:28:52","slug":"elizabeth-warren-rallies-with-graham-platner-in-maines-democratic-senate-primary","status":"publish","type":"post","link":"https:\/\/ubirataonline.com.br\/en\/elizabeth-warren-rallies-with-graham-platner-in-maines-democratic-senate-primary\/","title":{"rendered":"Elizabeth Warren rallies with Graham Platner in Maine&#8217;s Democratic Senate primary"},"content":{"rendered":"<p><\/p>\n<div>\n<p id=\"anchor-cd5f7c\" class=\"body-graf\">PORTLAND, Maine \u2014 At a packed rally Saturday, Sen. Elizabeth Warren, D-Mass., called on voters to support political newcomer Graham Platner in a closely watched Democratic primary to challenge longtime Republican Sen. Susan Collins.<\/p>\n<p><button class=\"styles_subscriptionCTA__LOUeY\" id=\"subscriptionCTA\" type=\"button\"><\/p>\n<div class=\"styles_textWrapper__vxvko\">\n<p class=\"styles_text__daaVB styles_textLarge__qlzwu\">Subscribe to read this story ad-free    <\/p>\n<p class=\"styles_text__daaVB\">Get unlimited access to ad-free articles and exclusive content.<\/p>\n<\/div>\n<p><img decoding=\"async\" src=\"https:\/\/media-cldnry.s-nbcnews.com\/image\/upload\/rockcms\/2026-01\/arrow-f55fa5.svg\" alt=\"arrow\" class=\"styles_arrow__tnruW\" aria-hidden=\"true\"\/><\/button><\/p>\n<p id=\"anchor-5f9144\" class=\"body-graf\">\u201cI\u2019m here because Washington needs fighters, and Graham Platner is the fighter we need,\u201d Warren told the crowd. \u201cGraham is a combat veteran. He\u2019s an oyster farmer, he is an organizer, and he is the person who is going to beat Susan Collins.\u201d<\/p>\n<p id=\"anchor-3c7b0a\" class=\"body-graf\">The primary has divided the party: Warren and Sen. Bernie Sanders, I-Vt., are backing Platner, but Senate Minority Leader Chuck Schumer, D-N.Y., is supporting two-term Gov. Janet Mills.<\/p>\n<p id=\"anchor-2fed5e\" class=\"body-graf\">The winner will take on Collins in November in a must-win race for Democrats in their battle for Senate control this fall.<\/p>\n<p id=\"anchor-292ebe\" class=\"body-graf\">Platner leads Mills by 33 points in a recent poll of likely voters taken by <a href=\"https:\/\/static.notus.org\/0b\/9f\/97515a054eaa89882d18ab798388\/poll.pdf\" target=\"_blank\">Maine People\u2019s Resource Center<\/a>. He leads by 27 points in a recent <a href=\"https:\/\/emersoncollegepolling.com\/maine-2026-poll-platner-leads-gov-mills-democrats-lead-sen-collins-in-maine\/\" target=\"_blank\">Emerson College<\/a> poll.<\/p>\n<p id=\"anchor-ffd1b2\" class=\"body-graf\">He told the crowd that voters \u201cmust dream big\u201d and organize to upend modern politics, arguing that the existing system has exacerbated economic inequality and harmed the working class.<\/p>\n<figure class=\"styles_inlineImage__FvnTh styles_medium__MEKii\" id=\"anchor-3c08fb\"><picture class=\"styles_image__i32F7\" data-testid=\"picture\" data-flavor=\"fit\" data-original-height=\"1667\" data-original-width=\"2500\"><source media=\"(min-width: 1000px)\" srcset=\"https:\/\/media-cldnry.s-nbcnews.com\/image\/upload\/t_fit-560w,f_avif,q_auto:eco,dpr_2\/rockcms\/2026-04\/260418-platner-warren-maine-ww-1831-2f484b.jpg 2x, https:\/\/media-cldnry.s-nbcnews.com\/image\/upload\/t_fit-560w,f_auto,q_auto:best\/rockcms\/2026-04\/260418-platner-warren-maine-ww-1831-2f484b.jpg 1x\"\/><source media=\"(min-width: 320px)\" srcset=\"https:\/\/media-cldnry.s-nbcnews.com\/image\/upload\/t_fit-760w,f_avif,q_auto:eco,dpr_2\/rockcms\/2026-04\/260418-platner-warren-maine-ww-1831-2f484b.jpg 2x, https:\/\/media-cldnry.s-nbcnews.com\/image\/upload\/t_fit-760w,f_auto,q_auto:best\/rockcms\/2026-04\/260418-platner-warren-maine-ww-1831-2f484b.jpg 1x\"\/><img decoding=\"async\" loading=\"lazy\" src=\"https:\/\/media-cldnry.s-nbcnews.com\/image\/upload\/t_fit-760w,f_auto,q_auto:best\/rockcms\/2026-04\/260418-platner-warren-maine-ww-1831-2f484b.jpg\" alt=\"Graham Platner is seen from behind while standing on a temporary stage in front of a large audience.\" height=\"1667\" width=\"2500\"\/><\/picture><figcaption class=\"caption styles_caption__TCewG\" data-testid=\"caption\"><span class=\"caption__container\" data-testid=\"caption__container\">Platner, a combat veteran, was critical of President Donald Trump and his recent military actions at the rally in Portland.<\/span><span class=\"caption__source\" data-testid=\"caption__source\">Sofia Aldinio for NBC News<\/span><\/figcaption><\/figure>\n<p id=\"anchor-efdc89\" class=\"body-graf\">\u201cWe continue to do the hard work that we and those before us have been so proud of for generations, but it ceased being enough. And all of it happened when we watched the largest transfer of wealth from the working class to the ruling class in the history of this nation,\u201d Platner said. \u201cThe money went somewhere, and it wasn\u2019t down here. It was stolen from us, stolen from us in a system that was built by establishment politicians like Susan Collins.\u201d<\/p>\n<p id=\"anchor-5b7f27\" class=\"body-graf\">\u201cWe need to be willing to understand that we\u2019re all being exploited by the exact same people,\u201d he said. \u201cAnd it\u2019s not immigrants, it is not trans kids, it\u2019s billionaires.\u201d<\/p>\n<section class=\"inline-video inline-video--in-body\" data-testid=\"inline-video\" id=\"anchor-4c05ba\">\n<div class=\"inline-video__background\">\n<div class=\"inline-video__player\">\n<div class=\"styles_gridStackWrapper__Z_AMc styles_videoContainer___xc7B video-container paused\" data-testid=\"gamma-video-player\">\n<div class=\"styles_gridStackWrapper__Z_AMc videoSlate styles_videoSlate__IvkAP\"><picture class=\"\" data-testid=\"picture\" data-flavor=\"focal\"><source media=\"(min-width: 1240px)\" srcset=\"https:\/\/media-cldnry.s-nbcnews.com\/image\/upload\/t_focal-860x484,f_auto,q_auto:best\/mpx\/2704722219\/2026_04\/1775768691197_now_mtp_clip_demfocusgroup_260409_S3_1920x1080-hsf2ro.jpg\"\/><source media=\"(min-width: 758px)\" srcset=\"https:\/\/media-cldnry.s-nbcnews.com\/image\/upload\/t_focal-1000x563,f_auto,q_auto:best\/mpx\/2704722219\/2026_04\/1775768691197_now_mtp_clip_demfocusgroup_260409_S3_1920x1080-hsf2ro.jpg\"\/><source media=\"(min-width: 320px)\" srcset=\"https:\/\/media-cldnry.s-nbcnews.com\/image\/upload\/t_focal-760x428,f_auto,q_auto:best\/mpx\/2704722219\/2026_04\/1775768691197_now_mtp_clip_demfocusgroup_260409_S3_1920x1080-hsf2ro.jpg\"\/><img decoding=\"async\" src=\"https:\/\/media-cldnry.s-nbcnews.com\/image\/upload\/t_focal-760x428,f_auto,q_auto:best\/mpx\/2704722219\/2026_04\/1775768691197_now_mtp_clip_demfocusgroup_260409_S3_1920x1080-hsf2ro.jpg\" alt=\"\"\/><\/picture><\/div>\n<\/div>\n<\/div>\n<\/div>\n<\/section>\n<p id=\"anchor-22839d\" class=\"body-graf\">Some Democrats worry about Platner\u2019s history of controversial and offensive remarks, including a series of Reddit posts years ago downplaying sexual assault. He has apologized for those comments and said he\u2019s changed his outlook. His skeptics also cite one of his tattoos, which Platner <a href=\"https:\/\/www.nbcnews.com\/politics\/2026-election\/maine-senate-candidate-graham-platner-cover-up-tattoo-nazi-imagery-rcna239145\" target=\"_blank\">recently had covered<\/a> after saying he just learned that it had Nazi associations.<\/p>\n<p id=\"anchor-c1ab43\" class=\"body-graf\">The National Republican Senatorial Committee, which is supporting Collins, responded to Warren&#8217;s visit by comparing Platner to New York Mayor Zohran Mamdani.<\/p>\n<p id=\"anchor-e50e63\" class=\"body-graf\">\u201cRadical Democrats like Elizabeth Warren are desperate to make Graham Platner Maine\u2019s Mamdani in order to push their extremist agenda and cost taxpayers trillions of dollars,\u201d NRSC spokesperson Samantha Cantrell said. \u201cBut it doesn\u2019t matter how hard they try because Susan Collins beats them every time.\u201d<\/p>\n<p id=\"anchor-ffc468\" class=\"body-graf\">Platner, a combat veteran, took aim at President Donald Trump and his recent military actions.<\/p>\n<p id=\"anchor-f2de71\" class=\"body-graf\">\u201cThe war in Iran and Venezuela \u2014 these things were uniquely stupid,\u201d he said. \u201cSomehow, Donald Trump and Pete Hegseth might be the dumbest people to ever run a war \u2014 which is saying something, because throughout history, many wars have been done, have been run by monumentally dumb people.\u201d<\/p>\n<p id=\"anchor-fc455f\" class=\"body-graf\">Warren, a former presidential candidate, has defended Platner and said he has learned from his mistakes. She told the crowd here that he won\u2019t \u201cbend a knee to the big corporate donors, to the billionaires who don\u2019t want to have to pay\u201d higher taxes to fund Social Security and build a safety net.<\/p>\n<p id=\"anchor-2267e5\" class=\"body-graf\">\u201cThe path to the majority for Democrats in the United States Senate runs right through Maine,\u201d Warren said. \u201cThis is it. This is the all-hands-on-deck moment from now until November.\u201d<\/p>\n<p id=\"anchor-19c3dc\" class=\"body-graf\">Platner\u2019s wife, Amy Gertner, introduced Warren and Platner.<\/p>\n<p id=\"anchor-c8c267\" class=\"body-graf\">\u201cIf you had told me one year ago that I would be onstage where Elizabeth Warren is about to speak and say that she wants to serve in the United States Senate with my husband, I would have laughed you out of the room,\u201d Gertner, a teacher, told the crowd.<\/p>\n<p id=\"anchor-cf0670\" class=\"body-graf\">Platner, for his part, said it\u2019s not enough just to flip the Senate.<\/p>\n<p id=\"anchor-e9a752\" class=\"endmark body-graf\">\u201cWe all want to get rid of Susan Collins. We all want to turn Maine blue,\u201d he said. \u201cBut it very much matters what kind of Democrats we turn the Senate blue with.\u201d<\/p>\n<\/div>\n<p><a href=\"https:\/\/www.nbcnews.com\/politics\/2026-election\/elizabeth-warren-graham-platner-maine-democratic-senate-primary-rcna340795\">Source link <\/a><br \/>\nSee more https:\/\/theglobaltrack.com\/<\/p>","protected":false},"excerpt":{"rendered":"<p>PORTLAND, Maine \u2014 At a packed rally Saturday, Sen. Elizabeth Warren, D-Mass., called on voters to support political newcomer Graham Platner in a closely watched Democratic primary to challenge longtime Republican Sen. Susan Collins. Subscribe to read this story ad-free Get unlimited access to ad-free articles and exclusive content. \u201cI\u2019m here because Washington needs fighters, [&hellip;]<\/p>\n","protected":false},"author":1,"featured_media":112658,"comment_status":"","ping_status":"","sticky":false,"template":"","format":"standard","meta":{"googlesitekit_rrm_CAow2JLhCw:productID":"","_gspb_post_css":"","maa_idioma":"","maa_pais":"","footnotes":""},"categories":[1],"tags":[23299,13981,10228,30276,29976,20520,12073,8591,6149],"class_list":["post-112657","post","type-post","status-publish","format-standard","has-post-thumbnail","hentry","category-ubirata","tag-democratic","tag-elizabeth","tag-graham","tag-maines","tag-platner","tag-primary","tag-rallies","tag-senate","tag-warren"],"blocksy_meta":[],"yoast_head":"<!-- This site is optimized with the Yoast SEO Premium plugin v27.6 (Yoast SEO v27.6) - https:\/\/yoast.com\/product\/yoast-seo-premium-wordpress\/ -->\n<title>Elizabeth Warren rallies with Graham Platner in Maine&#039;s Democratic Senate primary - Ubirat\u00e3 Online Not\u00edcias - A realidade ao seu alcance!<\/title>\n<meta name=\"description\" content=\"At a packed rally in Maine, Sen. Elizabeth Warren, D-Mass., called on voters to support political newcomer Graham Platner in a closely watched Democratic primary to challenge longtime Republican Sen. Susan Collins.\" \/>\n<meta name=\"robots\" content=\"index, follow, max-snippet:-1, max-image-preview:large, max-video-preview:-1\" \/>\n<link rel=\"canonical\" href=\"https:\/\/ubirataonline.com.br\/en\/elizabeth-warren-rallies-with-graham-platner-in-maines-democratic-senate-primary\/\" \/>\n<meta property=\"og:locale\" content=\"en_US\" \/>\n<meta property=\"og:type\" content=\"article\" \/>\n<meta property=\"og:title\" content=\"Elizabeth Warren rallies with Graham Platner in Maine&#039;s Democratic Senate primary\" \/>\n<meta property=\"og:description\" content=\"At a packed rally in Maine, Sen. Elizabeth Warren, D-Mass., called on voters to support political newcomer Graham Platner in a closely watched Democratic primary to challenge longtime Republican Sen. Susan Collins.\" \/>\n<meta property=\"og:url\" content=\"https:\/\/ubirataonline.com.br\/en\/elizabeth-warren-rallies-with-graham-platner-in-maines-democratic-senate-primary\/\" \/>\n<meta property=\"og:site_name\" content=\"Ubirat\u00e3 Online Not\u00edcias - A realidade ao seu alcance!\" \/>\n<meta property=\"article:publisher\" content=\"https:\/\/www.facebook.com\/portalubirataonline\" \/>\n<meta property=\"article:author\" content=\"https:\/\/www.facebook.com\/portalubirataonline\" \/>\n<meta property=\"article:published_time\" content=\"2026-04-20T10:28:52+00:00\" \/>\n<meta property=\"og:image\" content=\"https:\/\/ubirataonline.com.br\/wp-content\/uploads\/2026\/04\/Elizabeth-Warren-rallies-with-Graham-Platner-in-Maines-Democratic-Senate.jpg\" \/>\n\t<meta property=\"og:image:width\" content=\"1200\" \/>\n\t<meta property=\"og:image:height\" content=\"630\" \/>\n\t<meta property=\"og:image:type\" content=\"image\/jpeg\" \/>\n<meta name=\"author\" content=\"REDA\u00c7\u00c3O: UBIRAT\u00c3 ONLINE - F\u00c1BIO AUGUSTO CELESTINO\" \/>\n<meta name=\"twitter:card\" content=\"summary_large_image\" \/>\n<meta name=\"twitter:creator\" content=\"@x.com\/ubirataonline\" \/>\n<meta name=\"twitter:site\" content=\"@ubirataonline\" \/>\n<meta name=\"twitter:label1\" content=\"Written by\" \/>\n\t<meta name=\"twitter:data1\" content=\"REDA\u00c7\u00c3O: UBIRAT\u00c3 ONLINE - F\u00c1BIO AUGUSTO CELESTINO\" \/>\n\t<meta name=\"twitter:label2\" content=\"Est. reading time\" \/>\n\t<meta name=\"twitter:data2\" content=\"4 minutes\" \/>\n<script type=\"application\/ld+json\" class=\"yoast-schema-graph\">{\"@context\":\"https:\\\/\\\/schema.org\",\"@graph\":[{\"@type\":\"NewsArticle\",\"@id\":\"https:\\\/\\\/ubirataonline.com.br\\\/elizabeth-warren-rallies-with-graham-platner-in-maines-democratic-senate-primary\\\/#article\",\"isPartOf\":{\"@id\":\"https:\\\/\\\/ubirataonline.com.br\\\/elizabeth-warren-rallies-with-graham-platner-in-maines-democratic-senate-primary\\\/\"},\"author\":{\"name\":\"REDA\u00c7\u00c3O: UBIRAT\u00c3 ONLINE - F\u00c1BIO AUGUSTO CELESTINO\",\"@id\":\"https:\\\/\\\/ubirataonline.com.br\\\/#\\\/schema\\\/person\\\/372f87bbd3fdd79b8556b84c98d0bc1c\"},\"headline\":\"Elizabeth Warren rallies with Graham Platner in Maine&#8217;s Democratic Senate primary\",\"datePublished\":\"2026-04-20T10:28:52+00:00\",\"mainEntityOfPage\":{\"@id\":\"https:\\\/\\\/ubirataonline.com.br\\\/elizabeth-warren-rallies-with-graham-platner-in-maines-democratic-senate-primary\\\/\"},\"wordCount\":747,\"publisher\":{\"@id\":\"https:\\\/\\\/ubirataonline.com.br\\\/#organization\"},\"image\":{\"@id\":\"https:\\\/\\\/ubirataonline.com.br\\\/elizabeth-warren-rallies-with-graham-platner-in-maines-democratic-senate-primary\\\/#primaryimage\"},\"thumbnailUrl\":\"https:\\\/\\\/ubirataonline.com.br\\\/wp-content\\\/uploads\\\/2026\\\/04\\\/Elizabeth-Warren-rallies-with-Graham-Platner-in-Maines-Democratic-Senate.jpg\",\"keywords\":[\"Democratic\",\"Elizabeth\",\"Graham\",\"Maines\",\"Platner\",\"primary\",\"Rallies\",\"Senate\",\"Warren\"],\"articleSection\":[\"Ubirat\u00e3\"],\"inLanguage\":\"en-US\",\"copyrightYear\":\"2026\",\"copyrightHolder\":{\"@id\":\"https:\\\/\\\/ubirataonline.com.br\\\/en\\\/#organization\"}},{\"@type\":\"WebPage\",\"@id\":\"https:\\\/\\\/ubirataonline.com.br\\\/elizabeth-warren-rallies-with-graham-platner-in-maines-democratic-senate-primary\\\/\",\"url\":\"https:\\\/\\\/ubirataonline.com.br\\\/elizabeth-warren-rallies-with-graham-platner-in-maines-democratic-senate-primary\\\/\",\"name\":\"Elizabeth Warren rallies with Graham Platner in Maine's Democratic Senate primary - Ubirat\u00e3 Online Not\u00edcias - A realidade ao seu alcance!\",\"isPartOf\":{\"@id\":\"https:\\\/\\\/ubirataonline.com.br\\\/#website\"},\"primaryImageOfPage\":{\"@id\":\"https:\\\/\\\/ubirataonline.com.br\\\/elizabeth-warren-rallies-with-graham-platner-in-maines-democratic-senate-primary\\\/#primaryimage\"},\"image\":{\"@id\":\"https:\\\/\\\/ubirataonline.com.br\\\/elizabeth-warren-rallies-with-graham-platner-in-maines-democratic-senate-primary\\\/#primaryimage\"},\"thumbnailUrl\":\"https:\\\/\\\/ubirataonline.com.br\\\/wp-content\\\/uploads\\\/2026\\\/04\\\/Elizabeth-Warren-rallies-with-Graham-Platner-in-Maines-Democratic-Senate.jpg\",\"datePublished\":\"2026-04-20T10:28:52+00:00\",\"description\":\"At a packed rally in Maine, Sen. Elizabeth Warren, D-Mass., called on voters to support political newcomer Graham Platner in a closely watched Democratic primary to challenge longtime Republican Sen. Susan Collins.\",\"breadcrumb\":{\"@id\":\"https:\\\/\\\/ubirataonline.com.br\\\/elizabeth-warren-rallies-with-graham-platner-in-maines-democratic-senate-primary\\\/#breadcrumb\"},\"inLanguage\":\"en-US\",\"potentialAction\":[{\"@type\":\"ReadAction\",\"target\":[\"https:\\\/\\\/ubirataonline.com.br\\\/elizabeth-warren-rallies-with-graham-platner-in-maines-democratic-senate-primary\\\/\"]}]},{\"@type\":\"ImageObject\",\"inLanguage\":\"en-US\",\"@id\":\"https:\\\/\\\/ubirataonline.com.br\\\/elizabeth-warren-rallies-with-graham-platner-in-maines-democratic-senate-primary\\\/#primaryimage\",\"url\":\"https:\\\/\\\/ubirataonline.com.br\\\/wp-content\\\/uploads\\\/2026\\\/04\\\/Elizabeth-Warren-rallies-with-Graham-Platner-in-Maines-Democratic-Senate.jpg\",\"contentUrl\":\"https:\\\/\\\/ubirataonline.com.br\\\/wp-content\\\/uploads\\\/2026\\\/04\\\/Elizabeth-Warren-rallies-with-Graham-Platner-in-Maines-Democratic-Senate.jpg\",\"width\":1200,\"height\":630,\"caption\":\"Graham Platner, a Democratic Senate candidate in Maine, and Sen. Elizabeth Warren, D-Mass., at a campaign rally in Portland, Maine, on Saturday.Sofia Aldinio for NBC News\"},{\"@type\":\"BreadcrumbList\",\"@id\":\"https:\\\/\\\/ubirataonline.com.br\\\/elizabeth-warren-rallies-with-graham-platner-in-maines-democratic-senate-primary\\\/#breadcrumb\",\"itemListElement\":[{\"@type\":\"ListItem\",\"position\":1,\"name\":\"In\u00edcio\",\"item\":\"https:\\\/\\\/ubirataonline.com.br\\\/\"},{\"@type\":\"ListItem\",\"position\":2,\"name\":\"Elizabeth Warren rallies with Graham Platner in Maine&#8217;s Democratic Senate primary\"}]},{\"@type\":\"WebSite\",\"@id\":\"https:\\\/\\\/ubirataonline.com.br\\\/#website\",\"url\":\"https:\\\/\\\/ubirataonline.com.br\\\/\",\"name\":\"Ubirat\u00e3 Online Not\u00edcias\",\"description\":\"Not\u00edcias de Ubirat\u00e3, regi\u00e3o, Brasil e mundo, com informa\u00e7\u00e3o atualizada e compromisso com o leitor.\",\"publisher\":{\"@id\":\"https:\\\/\\\/ubirataonline.com.br\\\/#organization\"},\"alternateName\":\"Ubirat\u00e3 Online\",\"potentialAction\":[{\"@type\":\"SearchAction\",\"target\":{\"@type\":\"EntryPoint\",\"urlTemplate\":\"https:\\\/\\\/ubirataonline.com.br\\\/?s={search_term_string}\"},\"query-input\":{\"@type\":\"PropertyValueSpecification\",\"valueRequired\":true,\"valueName\":\"search_term_string\"}}],\"inLanguage\":\"en-US\"},{\"@type\":[\"Organization\",\"Place\"],\"@id\":\"https:\\\/\\\/ubirataonline.com.br\\\/#organization\",\"name\":\"Ubirat\u00e3 Online Not\u00edcias\",\"alternateName\":\"Ubirat\u00e3 Online\",\"url\":\"https:\\\/\\\/ubirataonline.com.br\\\/\",\"logo\":{\"@id\":\"https:\\\/\\\/ubirataonline.com.br\\\/elizabeth-warren-rallies-with-graham-platner-in-maines-democratic-senate-primary\\\/#local-main-organization-logo\"},\"image\":{\"@id\":\"https:\\\/\\\/ubirataonline.com.br\\\/elizabeth-warren-rallies-with-graham-platner-in-maines-democratic-senate-primary\\\/#local-main-organization-logo\"},\"sameAs\":[\"https:\\\/\\\/www.facebook.com\\\/portalubirataonline\",\"https:\\\/\\\/x.com\\\/ubirataonline\",\"https:\\\/\\\/mastodon.social\\\/@ubirataonline\",\"https:\\\/\\\/www.facebook.com\\\/groups\\\/311144672285604\",\"https:\\\/\\\/www.facebook.com\\\/UBTAOnline\",\"https:\\\/\\\/www.instagram.com\\\/portalubirataonline\\\/\",\"https:\\\/\\\/twitter.com\\\/ubirataonline\"],\"description\":\"Somos um portal de not\u00edcias independente, criado em 5 de janeiro de 2009, com o objetivo de informar, conectar e valorizar a nossa comunidade de Ubirat\u00e3 e toda aregi\u00e3o. Com conte\u00fado atualizado, confi\u00e1vel e relevante, o Ubirat\u00e3 Online \u00e9 o seu espa\u00e7o para ficar por dentro dos principais acontecimentos locais, regionais, Brasil, Mundo e de interesse geral. Nosso compromisso \u00e9 com a verdade, a transpar\u00eancia e o respeito ao leitor.\",\"legalName\":\"UBIRATA ONLINE NOT\u00cdCIAS\",\"foundingDate\":\"2009-01-05\",\"numberOfEmployees\":{\"@type\":\"QuantitativeValue\",\"minValue\":\"1\",\"maxValue\":\"10\"},\"publishingPrinciples\":\"https:\\\/\\\/ubirataonline.com.br\\\/faq\\\/\",\"address\":{\"@id\":\"https:\\\/\\\/ubirataonline.com.br\\\/elizabeth-warren-rallies-with-graham-platner-in-maines-democratic-senate-primary\\\/#local-main-place-address\"},\"geo\":{\"@type\":\"GeoCoordinates\",\"latitude\":\"-24.5361401\",\"longitude\":\"-52.9921776\"},\"telephone\":[\"+5544998308235\"],\"contactPoint\":{\"@type\":\"ContactPoint\",\"email\":\"contato@ubirataonline.com.br\"},\"openingHoursSpecification\":{\"@type\":\"OpeningHoursSpecification\",\"dayOfWeek\":[\"Monday\",\"Tuesday\",\"Wednesday\",\"Thursday\",\"Friday\",\"Saturday\",\"Sunday\"],\"opens\":\"00:00\",\"closes\":\"23:59\"},\"email\":\"contato@ubirataonline.com.br\",\"vatID\":\"47.621.418\\\/0001-80\"},{\"@type\":\"Person\",\"@id\":\"https:\\\/\\\/ubirataonline.com.br\\\/#\\\/schema\\\/person\\\/372f87bbd3fdd79b8556b84c98d0bc1c\",\"name\":\"REDA\u00c7\u00c3O: UBIRAT\u00c3 ONLINE - F\u00c1BIO AUGUSTO CELESTINO\",\"pronouns\":\"Ele\",\"description\":\"Desde 2003 trabalhando com not\u00edcias.\",\"sameAs\":[\"http:\\\/\\\/ubirataoline.com.br\",\"https:\\\/\\\/www.facebook.com\\\/portalubirataonline\",\"https:\\\/\\\/www.instagram.com\\\/ubirataonline_oficial\",\"https:\\\/\\\/x.com\\\/x.com\\\/ubirataonline\"],\"honorificPrefix\":\"Mr.\",\"honorificSuffix\":\"MD\",\"birthDate\":\"1980-06-16\",\"gender\":\"masculino\",\"award\":[\"V\u00e1rios pr\u00eamios de melhor portal da cidade\"],\"jobTitle\":\"Diretor\",\"url\":\"https:\\\/\\\/ubirataonline.com.br\\\/en\\\/author\\\/ubirataonline\\\/\"},{\"@type\":\"PostalAddress\",\"@id\":\"https:\\\/\\\/ubirataonline.com.br\\\/elizabeth-warren-rallies-with-graham-platner-in-maines-democratic-senate-primary\\\/#local-main-place-address\",\"streetAddress\":\"Rua dos Coqueiros, 104 - Bairro Boa Vista, Rua dos Coqueiros, 104 Bairro Boa Vista\",\"addressLocality\":\"UBIRATA\",\"postalCode\":\"85440-000\",\"addressRegion\":\"PR\",\"addressCountry\":\"BR\"},{\"@type\":\"ImageObject\",\"inLanguage\":\"en-US\",\"@id\":\"https:\\\/\\\/ubirataonline.com.br\\\/elizabeth-warren-rallies-with-graham-platner-in-maines-democratic-senate-primary\\\/#local-main-organization-logo\",\"url\":\"https:\\\/\\\/ubirataonline.com.br\\\/wp-content\\\/uploads\\\/2026\\\/06\\\/logoubirataonline-1.webp\",\"contentUrl\":\"https:\\\/\\\/ubirataonline.com.br\\\/wp-content\\\/uploads\\\/2026\\\/06\\\/logoubirataonline-1.webp\",\"width\":500,\"height\":500,\"caption\":\"Ubirat\u00e3 Online Not\u00edcias\"}]}<\/script>\n<meta name=\"geo.placename\" content=\"UBIRATA\" \/>\n<meta name=\"geo.position\" content=\"-24.5361401;-52.9921776\" \/>\n<meta name=\"geo.region\" content=\"Brazil\" \/>\n<!-- \/ Yoast SEO Premium plugin. -->","yoast_head_json":{"title":"Elizabeth Warren rallies with Graham Platner in Maine's Democratic Senate primary - Ubirat\u00e3 Online Not\u00edcias - A realidade ao seu alcance!","description":"At a packed rally in Maine, Sen. Elizabeth Warren, D-Mass., called on voters to support political newcomer Graham Platner in a closely watched Democratic primary to challenge longtime Republican Sen. Susan Collins.","robots":{"index":"index","follow":"follow","max-snippet":"max-snippet:-1","max-image-preview":"max-image-preview:large","max-video-preview":"max-video-preview:-1"},"canonical":"https:\/\/ubirataonline.com.br\/en\/elizabeth-warren-rallies-with-graham-platner-in-maines-democratic-senate-primary\/","og_locale":"en_US","og_type":"article","og_title":"Elizabeth Warren rallies with Graham Platner in Maine's Democratic Senate primary","og_description":"At a packed rally in Maine, Sen. Elizabeth Warren, D-Mass., called on voters to support political newcomer Graham Platner in a closely watched Democratic primary to challenge longtime Republican Sen. Susan Collins.","og_url":"https:\/\/ubirataonline.com.br\/en\/elizabeth-warren-rallies-with-graham-platner-in-maines-democratic-senate-primary\/","og_site_name":"Ubirat\u00e3 Online Not\u00edcias - A realidade ao seu alcance!","article_publisher":"https:\/\/www.facebook.com\/portalubirataonline","article_author":"https:\/\/www.facebook.com\/portalubirataonline","article_published_time":"2026-04-20T10:28:52+00:00","og_image":[{"width":1200,"height":630,"url":"https:\/\/ubirataonline.com.br\/wp-content\/uploads\/2026\/04\/Elizabeth-Warren-rallies-with-Graham-Platner-in-Maines-Democratic-Senate.jpg","type":"image\/jpeg"}],"author":"REDA\u00c7\u00c3O: UBIRAT\u00c3 ONLINE - F\u00c1BIO AUGUSTO CELESTINO","twitter_card":"summary_large_image","twitter_creator":"@x.com\/ubirataonline","twitter_site":"@ubirataonline","twitter_misc":{"Written by":"REDA\u00c7\u00c3O: UBIRAT\u00c3 ONLINE - F\u00c1BIO AUGUSTO CELESTINO","Est. reading time":"4 minutes"},"schema":{"@context":"https:\/\/schema.org","@graph":[{"@type":"NewsArticle","@id":"https:\/\/ubirataonline.com.br\/elizabeth-warren-rallies-with-graham-platner-in-maines-democratic-senate-primary\/#article","isPartOf":{"@id":"https:\/\/ubirataonline.com.br\/elizabeth-warren-rallies-with-graham-platner-in-maines-democratic-senate-primary\/"},"author":{"name":"REDA\u00c7\u00c3O: UBIRAT\u00c3 ONLINE - F\u00c1BIO AUGUSTO CELESTINO","@id":"https:\/\/ubirataonline.com.br\/#\/schema\/person\/372f87bbd3fdd79b8556b84c98d0bc1c"},"headline":"Elizabeth Warren rallies with Graham Platner in Maine&#8217;s Democratic Senate primary","datePublished":"2026-04-20T10:28:52+00:00","mainEntityOfPage":{"@id":"https:\/\/ubirataonline.com.br\/elizabeth-warren-rallies-with-graham-platner-in-maines-democratic-senate-primary\/"},"wordCount":747,"publisher":{"@id":"https:\/\/ubirataonline.com.br\/#organization"},"image":{"@id":"https:\/\/ubirataonline.com.br\/elizabeth-warren-rallies-with-graham-platner-in-maines-democratic-senate-primary\/#primaryimage"},"thumbnailUrl":"https:\/\/ubirataonline.com.br\/wp-content\/uploads\/2026\/04\/Elizabeth-Warren-rallies-with-Graham-Platner-in-Maines-Democratic-Senate.jpg","keywords":["Democratic","Elizabeth","Graham","Maines","Platner","primary","Rallies","Senate","Warren"],"articleSection":["Ubirat\u00e3"],"inLanguage":"en-US","copyrightYear":"2026","copyrightHolder":{"@id":"https:\/\/ubirataonline.com.br\/en\/#organization"}},{"@type":"WebPage","@id":"https:\/\/ubirataonline.com.br\/elizabeth-warren-rallies-with-graham-platner-in-maines-democratic-senate-primary\/","url":"https:\/\/ubirataonline.com.br\/elizabeth-warren-rallies-with-graham-platner-in-maines-democratic-senate-primary\/","name":"Elizabeth Warren rallies with Graham Platner in Maine's Democratic Senate primary - Ubirat\u00e3 Online Not\u00edcias - A realidade ao seu alcance!","isPartOf":{"@id":"https:\/\/ubirataonline.com.br\/#website"},"primaryImageOfPage":{"@id":"https:\/\/ubirataonline.com.br\/elizabeth-warren-rallies-with-graham-platner-in-maines-democratic-senate-primary\/#primaryimage"},"image":{"@id":"https:\/\/ubirataonline.com.br\/elizabeth-warren-rallies-with-graham-platner-in-maines-democratic-senate-primary\/#primaryimage"},"thumbnailUrl":"https:\/\/ubirataonline.com.br\/wp-content\/uploads\/2026\/04\/Elizabeth-Warren-rallies-with-Graham-Platner-in-Maines-Democratic-Senate.jpg","datePublished":"2026-04-20T10:28:52+00:00","description":"At a packed rally in Maine, Sen. Elizabeth Warren, D-Mass., called on voters to support political newcomer Graham Platner in a closely watched Democratic primary to challenge longtime Republican Sen. Susan Collins.","breadcrumb":{"@id":"https:\/\/ubirataonline.com.br\/elizabeth-warren-rallies-with-graham-platner-in-maines-democratic-senate-primary\/#breadcrumb"},"inLanguage":"en-US","potentialAction":[{"@type":"ReadAction","target":["https:\/\/ubirataonline.com.br\/elizabeth-warren-rallies-with-graham-platner-in-maines-democratic-senate-primary\/"]}]},{"@type":"ImageObject","inLanguage":"en-US","@id":"https:\/\/ubirataonline.com.br\/elizabeth-warren-rallies-with-graham-platner-in-maines-democratic-senate-primary\/#primaryimage","url":"https:\/\/ubirataonline.com.br\/wp-content\/uploads\/2026\/04\/Elizabeth-Warren-rallies-with-Graham-Platner-in-Maines-Democratic-Senate.jpg","contentUrl":"https:\/\/ubirataonline.com.br\/wp-content\/uploads\/2026\/04\/Elizabeth-Warren-rallies-with-Graham-Platner-in-Maines-Democratic-Senate.jpg","width":1200,"height":630,"caption":"Graham Platner, a Democratic Senate candidate in Maine, and Sen. Elizabeth Warren, D-Mass., at a campaign rally in Portland, Maine, on Saturday.Sofia Aldinio for NBC News"},{"@type":"BreadcrumbList","@id":"https:\/\/ubirataonline.com.br\/elizabeth-warren-rallies-with-graham-platner-in-maines-democratic-senate-primary\/#breadcrumb","itemListElement":[{"@type":"ListItem","position":1,"name":"In\u00edcio","item":"https:\/\/ubirataonline.com.br\/"},{"@type":"ListItem","position":2,"name":"Elizabeth Warren rallies with Graham Platner in Maine&#8217;s Democratic Senate primary"}]},{"@type":"WebSite","@id":"https:\/\/ubirataonline.com.br\/#website","url":"https:\/\/ubirataonline.com.br\/","name":"Ubirat\u00e3 Online Not\u00edcias","description":"Not\u00edcias de Ubirat\u00e3, regi\u00e3o, Brasil e mundo, com informa\u00e7\u00e3o atualizada e compromisso com o leitor.","publisher":{"@id":"https:\/\/ubirataonline.com.br\/#organization"},"alternateName":"Ubirat\u00e3 Online","potentialAction":[{"@type":"SearchAction","target":{"@type":"EntryPoint","urlTemplate":"https:\/\/ubirataonline.com.br\/?s={search_term_string}"},"query-input":{"@type":"PropertyValueSpecification","valueRequired":true,"valueName":"search_term_string"}}],"inLanguage":"en-US"},{"@type":["Organization","Place"],"@id":"https:\/\/ubirataonline.com.br\/#organization","name":"Ubirat\u00e3 Online Not\u00edcias","alternateName":"Ubirat\u00e3 Online","url":"https:\/\/ubirataonline.com.br\/","logo":{"@id":"https:\/\/ubirataonline.com.br\/elizabeth-warren-rallies-with-graham-platner-in-maines-democratic-senate-primary\/#local-main-organization-logo"},"image":{"@id":"https:\/\/ubirataonline.com.br\/elizabeth-warren-rallies-with-graham-platner-in-maines-democratic-senate-primary\/#local-main-organization-logo"},"sameAs":["https:\/\/www.facebook.com\/portalubirataonline","https:\/\/x.com\/ubirataonline","https:\/\/mastodon.social\/@ubirataonline","https:\/\/www.facebook.com\/groups\/311144672285604","https:\/\/www.facebook.com\/UBTAOnline","https:\/\/www.instagram.com\/portalubirataonline\/","https:\/\/twitter.com\/ubirataonline"],"description":"Somos um portal de not\u00edcias independente, criado em 5 de janeiro de 2009, com o objetivo de informar, conectar e valorizar a nossa comunidade de Ubirat\u00e3 e toda aregi\u00e3o. Com conte\u00fado atualizado, confi\u00e1vel e relevante, o Ubirat\u00e3 Online \u00e9 o seu espa\u00e7o para ficar por dentro dos principais acontecimentos locais, regionais, Brasil, Mundo e de interesse geral. Nosso compromisso \u00e9 com a verdade, a transpar\u00eancia e o respeito ao leitor.","legalName":"UBIRATA ONLINE NOT\u00cdCIAS","foundingDate":"2009-01-05","numberOfEmployees":{"@type":"QuantitativeValue","minValue":"1","maxValue":"10"},"publishingPrinciples":"https:\/\/ubirataonline.com.br\/faq\/","address":{"@id":"https:\/\/ubirataonline.com.br\/elizabeth-warren-rallies-with-graham-platner-in-maines-democratic-senate-primary\/#local-main-place-address"},"geo":{"@type":"GeoCoordinates","latitude":"-24.5361401","longitude":"-52.9921776"},"telephone":["+5544998308235"],"contactPoint":{"@type":"ContactPoint","email":"contato@ubirataonline.com.br"},"openingHoursSpecification":{"@type":"OpeningHoursSpecification","dayOfWeek":["Monday","Tuesday","Wednesday","Thursday","Friday","Saturday","Sunday"],"opens":"00:00","closes":"23:59"},"email":"contato@ubirataonline.com.br","vatID":"47.621.418\/0001-80"},{"@type":"Person","@id":"https:\/\/ubirataonline.com.br\/#\/schema\/person\/372f87bbd3fdd79b8556b84c98d0bc1c","name":"REDA\u00c7\u00c3O: UBIRAT\u00c3 ONLINE - F\u00c1BIO AUGUSTO CELESTINO","pronouns":"Ele","description":"Desde 2003 trabalhando com not\u00edcias.","sameAs":["http:\/\/ubirataoline.com.br","https:\/\/www.facebook.com\/portalubirataonline","https:\/\/www.instagram.com\/ubirataonline_oficial","https:\/\/x.com\/x.com\/ubirataonline"],"honorificPrefix":"Mr.","honorificSuffix":"MD","birthDate":"1980-06-16","gender":"masculino","award":["V\u00e1rios pr\u00eamios de melhor portal da cidade"],"jobTitle":"Diretor","url":"https:\/\/ubirataonline.com.br\/en\/author\/ubirataonline\/"},{"@type":"PostalAddress","@id":"https:\/\/ubirataonline.com.br\/elizabeth-warren-rallies-with-graham-platner-in-maines-democratic-senate-primary\/#local-main-place-address","streetAddress":"Rua dos Coqueiros, 104 - Bairro Boa Vista, Rua dos Coqueiros, 104 Bairro Boa Vista","addressLocality":"UBIRATA","postalCode":"85440-000","addressRegion":"PR","addressCountry":"BR"},{"@type":"ImageObject","inLanguage":"en-US","@id":"https:\/\/ubirataonline.com.br\/elizabeth-warren-rallies-with-graham-platner-in-maines-democratic-senate-primary\/#local-main-organization-logo","url":"https:\/\/ubirataonline.com.br\/wp-content\/uploads\/2026\/06\/logoubirataonline-1.webp","contentUrl":"https:\/\/ubirataonline.com.br\/wp-content\/uploads\/2026\/06\/logoubirataonline-1.webp","width":500,"height":500,"caption":"Ubirat\u00e3 Online Not\u00edcias"}]},"geo.placename":"UBIRATA","geo.position":{"lat":"-24.5361401","long":"-52.9921776"},"geo.region":"Brazil"},"_links":{"self":[{"href":"https:\/\/ubirataonline.com.br\/en\/wp-json\/wp\/v2\/posts\/112657","targetHints":{"allow":["GET"]}}],"collection":[{"href":"https:\/\/ubirataonline.com.br\/en\/wp-json\/wp\/v2\/posts"}],"about":[{"href":"https:\/\/ubirataonline.com.br\/en\/wp-json\/wp\/v2\/types\/post"}],"author":[{"embeddable":true,"href":"https:\/\/ubirataonline.com.br\/en\/wp-json\/wp\/v2\/users\/1"}],"replies":[{"embeddable":true,"href":"https:\/\/ubirataonline.com.br\/en\/wp-json\/wp\/v2\/comments?post=112657"}],"version-history":[{"count":0,"href":"https:\/\/ubirataonline.com.br\/en\/wp-json\/wp\/v2\/posts\/112657\/revisions"}],"wp:featuredmedia":[{"embeddable":true,"href":"https:\/\/ubirataonline.com.br\/en\/wp-json\/wp\/v2\/media\/112658"}],"wp:attachment":[{"href":"https:\/\/ubirataonline.com.br\/en\/wp-json\/wp\/v2\/media?parent=112657"}],"wp:term":[{"taxonomy":"category","embeddable":true,"href":"https:\/\/ubirataonline.com.br\/en\/wp-json\/wp\/v2\/categories?post=112657"},{"taxonomy":"post_tag","embeddable":true,"href":"https:\/\/ubirataonline.com.br\/en\/wp-json\/wp\/v2\/tags?post=112657"}],"curies":[{"name":"wp","href":"https:\/\/api.w.org\/{rel}","templated":true}]}}