{"id":112668,"date":"2026-04-20T07:45:49","date_gmt":"2026-04-20T10:45:49","guid":{"rendered":"https:\/\/ubirataonline.com.br\/why-democrats-with-2028-hopes-are-calling-lina-khan-and-what-shes-telling-them-about-remaking-the-economy\/"},"modified":"2026-04-20T07:45:51","modified_gmt":"2026-04-20T10:45:51","slug":"why-democrats-with-2028-hopes-are-calling-lina-khan-and-what-shes-telling-them-about-remaking-the-economy","status":"publish","type":"post","link":"https:\/\/ubirataonline.com.br\/en\/why-democrats-with-2028-hopes-are-calling-lina-khan-and-what-shes-telling-them-about-remaking-the-economy\/","title":{"rendered":"Why Democrats with 2028 hopes are calling Lina Khan \u2013 and what she\u2019s telling them about remaking the economy"},"content":{"rendered":"<p><br \/>\n<\/p>\n<div data-editable=\"content\" itemprop=\"articleBody\" data-reorderable=\"content\">\n<p class=\"paragraph-elevate inline-placeholder vossi-paragraph_elevate\" data-uri=\"cms.cnn.com\/_components\/paragraph\/instances\/cmo30nc1f000x2cp99o8t6ddz@published\" data-editable=\"text\" data-component-name=\"paragraph\" data-article-gutter=\"true\">\n            Elizabeth Warren, Steve Bannon, Pete Buttigieg and \u2014 at least as of a few years ago \u2014 <a href=\"https:\/\/www.cnn.com\/2025\/02\/20\/business\/ftc-merger-guidelines\">JD Vance<\/a> have agreed on this: A short, ultra-private antitrust lawyer plotting a war on tech companies and monopolies from her new office at Columbia Law School understands what Americans are demanding out of their government.\n    <\/p>\n<p class=\"paragraph-elevate inline-placeholder vossi-paragraph_elevate\" data-uri=\"cms.cnn.com\/_components\/paragraph\/instances\/cmo30o4q600033b6qjjw4tvty@published\" data-editable=\"text\" data-component-name=\"paragraph\" data-article-gutter=\"true\">\n            When then-President Joe Biden named her <a href=\"https:\/\/www.cnn.com\/2021\/06\/15\/business\/lina-khan-ftc-chair\">chair of the Federal Trade Commission<\/a>, Lina Khan was too much for many leading Democrats. Senate Democratic Leader Chuck Schumer declined meetings when she was chair, people familiar with the matter tell CNN. Former Vice President Kamala Harris, once she took over as the 2024 nominee, conspicuously didn\u2019t speak about Khan and avoided appearances with her on the campaign trail.\n    <\/p>\n<p class=\"paragraph-elevate inline-placeholder vossi-paragraph_elevate\" data-uri=\"cms.cnn.com\/_components\/paragraph\/instances\/cmo30opdo00053b6qnwwxu7pj@published\" data-editable=\"text\" data-component-name=\"paragraph\" data-article-gutter=\"true\">\n            Now, Khan is getting constant calls from Democrats, many of them thinking about presidential runs, who are sounding out problems or workshopping potential solutions. Schumer headlined a press conference in Washington to introduce a bill that would break up meat processing companies, inspired by Khan\u2019s methods and with her input, but which a Schumer aide noted also drew on years of his own consumer advocacy.\n    <\/p>\n<p class=\"paragraph-elevate inline-placeholder vossi-paragraph_elevate\" data-uri=\"cms.cnn.com\/_components\/paragraph\/instances\/cmo30q85k00073b6qyahfeih2@published\" data-editable=\"text\" data-component-name=\"paragraph\" data-article-gutter=\"true\">\n            Khan, 37, hasn\u2019t changed so much as the world around her has. Many Americans are furious about rising costs, affordability, technological changes and soaring profits for the rich. And President Donald Trump has used federal power in ways that were once considered off-limits in both parties.\n    <\/p>\n<p class=\"paragraph-elevate inline-placeholder vossi-paragraph_elevate\" data-uri=\"cms.cnn.com\/_components\/paragraph\/instances\/cmo30rg2j000b3b6qd6ncmi47@published\" data-editable=\"text\" data-component-name=\"paragraph\" data-article-gutter=\"true\">\n            If Trump could extract a \u201cgolden share\u201d for the government <a href=\"https:\/\/www.cnn.com\/2025\/06\/13\/business\/us-steel-nippon-trump-deal\">from US Steel<\/a>, Khan argues, if he could demand <a href=\"https:\/\/www.cnn.com\/2025\/03\/17\/business\/us-steel-nippon-trump-cfius\">proposed mergers<\/a> and <a href=\"https:\/\/www.cnn.com\/2025\/09\/20\/politics\/trump-justice-department-pam-bondi\">prosecutions<\/a>, and if he could invoke <a href=\"https:\/\/www.cnn.com\/2025\/05\/16\/politics\/supreme-court-alien-enemies-act\">the Alien Enemies Act of 1798<\/a> as legal justification for deportations, just think what a prepared, populist progressive could do.\n    <\/p>\n<p class=\"paragraph-elevate inline-placeholder vossi-paragraph_elevate\" data-uri=\"cms.cnn.com\/_components\/paragraph\/instances\/cmo30rk4z000d3b6qv0ng54jf@published\" data-editable=\"text\" data-component-name=\"paragraph\" data-article-gutter=\"true\">\n            \u201cSometimes there can be a political perception that the Democrats are the nerdier ones who just haven\u2019t been able to figure out how to talk to regular people,\u201d Khan told CNN in an interview at Columbia. \u201cThe way that this administration came in \u2014 with not just having a very clear agenda, but mapping that agenda onto very specific legal authorities that they were ready to hit the ground running with immediately \u2014 just showed a level of mastery over governing authorities and levers that I think, frankly, our side has a lot of catching up to do.\u201d\n    <\/p>\n<p class=\"paragraph-elevate inline-placeholder vossi-paragraph_elevate\" data-uri=\"cms.cnn.com\/_components\/paragraph\/instances\/cmo30qzfk00093b6q7f05krb2@published\" data-editable=\"text\" data-component-name=\"paragraph\" data-article-gutter=\"true\">\n            What Khan has in mind for the next Democrat in the White House isn\u2019t a 1,000-page blueprint like <a href=\"https:\/\/www.cnn.com\/2025\/02\/21\/health\/project-2025-blueprint-kff-health-news\">the Heritage Foundation\u2019s Project 2025<\/a>. It\u2019s more of an overall strategy rooted in her specialty: excavating long-forgotten laws already on the books, then finding ways to apply them to 21st century companies that Khan argues are as much as monopolies like <a href=\"https:\/\/www.cnn.com\/ALLPOLITICS\/1998\/05\/15\/antitrust.jackson\/\">Standard Oil<\/a> ever were.\n    <\/p>\n<p class=\"paragraph-elevate inline-placeholder vossi-paragraph_elevate\" data-uri=\"cms.cnn.com\/_components\/paragraph\/instances\/cmo30rwq4000f3b6qrs5uhqoz@published\" data-editable=\"text\" data-component-name=\"paragraph\" data-article-gutter=\"true\">\n            As Biden\u2019s transportation secretary, Buttigieg found common ground with Khan flexing authorities against <a href=\"https:\/\/www.cnn.com\/2022\/11\/14\/politics\/airlines-ticket-refunds-travel-tsa\">airlines to get refunds<\/a> and pushing back on late flights.\n    <\/p>\n<p class=\"paragraph-elevate inline-placeholder vossi-paragraph_elevate\" data-uri=\"cms.cnn.com\/_components\/paragraph\/instances\/cmo30s2k1000h3b6qf8kcshdi@published\" data-editable=\"text\" data-component-name=\"paragraph\" data-article-gutter=\"true\">\n            \u201cDemocrats\u2019 vision should not be about picking up the shards of what this administration destroyed and try to tape them back together,\u201d he told CNN. \u201cWe should be unsentimental about the things that don\u2019t work and bold in fashioning a new and better way of governing.\u201d\n    <\/p>\n<p class=\"paragraph-elevate inline-placeholder vossi-paragraph_elevate\" data-uri=\"cms.cnn.com\/_components\/paragraph\/instances\/cmo30sc4m000j3b6qnl9qy3dc@published\" data-editable=\"text\" data-component-name=\"paragraph\" data-article-gutter=\"true\">\n            New Jersey Sen. Cory Booker, another potential 2028 contender, also praises her ideas and invokes President Franklin D. Roosevelt.\n    <\/p>\n<p class=\"paragraph-elevate inline-placeholder vossi-paragraph_elevate\" data-uri=\"cms.cnn.com\/_components\/paragraph\/instances\/cmo30sigw000l3b6q4tu0ohvz@published\" data-editable=\"text\" data-component-name=\"paragraph\" data-article-gutter=\"true\">\n            \u201cWe need to get back to the time of FDR, when everybody from farmers to factory workers knew the Democratic Party was fighting for them, that Republicans were the elite party and we were the party of working Americans,\u201d he said.\n    <\/p>\n<p class=\"paragraph-elevate inline-placeholder vossi-paragraph_elevate\" data-uri=\"cms.cnn.com\/_components\/paragraph\/instances\/cmo30sigw000m3b6qp8joo8lb@published\" data-editable=\"text\" data-component-name=\"paragraph\" data-article-gutter=\"true\">\n            In other words: Whomever emerges as the party\u2019s nominee two years from now could be running on Khan\u2019s track, with her influence, indirectly or via a top role she\u2019d have in a future potential administration.\n    <\/p>\n<p class=\"paragraph-elevate inline-placeholder vossi-paragraph_elevate\" data-uri=\"cms.cnn.com\/_components\/paragraph\/instances\/cmo30sigw000n3b6qkbu1cm7h@published\" data-editable=\"text\" data-component-name=\"paragraph\" data-article-gutter=\"true\">\n            Which is why Warren  said part of her time these days is spent giving Khan\u2019s number to the many prospective candidates who come asking.\n    <\/p>\n<p class=\"paragraph-elevate inline-placeholder vossi-paragraph_elevate\" data-uri=\"cms.cnn.com\/_components\/paragraph\/instances\/cmo30sigw000o3b6qn91npmin@published\" data-editable=\"text\" data-component-name=\"paragraph\" data-article-gutter=\"true\">\n            \u201cIf you\u2019re a leader who wants to deliver on affordability, it\u2019s a smart move to call Lina Khan,\u201d Warren said.\n    <\/p>\n<p class=\"paragraph-elevate inline-placeholder vossi-paragraph_elevate\" data-uri=\"cms.cnn.com\/_components\/paragraph\/instances\/cmo30sigw000p3b6qprvwvknz@published\" data-editable=\"text\" data-component-name=\"paragraph\" data-article-gutter=\"true\">\n            \u201cThe array of people that reach out, in terms of not just people who code as progressives,\u201d Khan said, \u201cis encouraging.\u201d\n    <\/p>\n<div data-uri=\"cms.cnn.com\/_components\/image\/instances\/cmo31ibwt00033b6qvbv7hy6h@published\" class=\"image_large-elevate vossi-image_large-elevate  image_large__hide-placeholder\" data-image-variation=\"image_large\" data-name=\"GettyImages-2245176161.jpg\" data-component-name=\"image\" data-observe-resizes=\"\" data-breakpoints=\"{\" image_large--eq-extra-small=\"\" data-original-ratio=\"0.6666666666666666\" data-original-height=\"1600\" data-original-width=\"2400\" data-url=\"https:\/\/media.cnn.com\/api\/v1\/images\/stellar\/prod\/gettyimages-2245176161.jpg?c=original\" data-editable=\"settings\" data-article-gutter=\"true\">\n<div class=\"image_large__container\" data-image-variation=\"image_large\" data-breakpoints=\"{\" image_large--eq-extra-small=\"\">\n       <picture class=\"image_large__picture\"><source height=\"undefined\" width=\"679\" media=\"(max-width: 479px)\" srcset=\"https:\/\/media.cnn.com\/api\/v1\/images\/stellar\/prod\/gettyimages-2245176161.jpg?c=original&amp;q=w_679,c_fill\/f_webp\" type=\"image\/webp\"><source height=\"undefined\" width=\"967\" media=\"(min-width: 480px) and (max-width: 767px)\" srcset=\"https:\/\/media.cnn.com\/api\/v1\/images\/stellar\/prod\/gettyimages-2245176161.jpg?c=original&amp;q=w_967,c_fill\/f_webp\" type=\"image\/webp\"><source height=\"undefined\" width=\"860\" media=\"(min-width: 768px) and (max-width: 1023px)\" srcset=\"https:\/\/media.cnn.com\/api\/v1\/images\/stellar\/prod\/gettyimages-2245176161.jpg?c=original&amp;q=w_860,c_fill\/f_webp\" type=\"image\/webp\"><source height=\"undefined\" width=\"860\" media=\"(min-width: 1024px) and (max-width: 1279px)\" srcset=\"https:\/\/media.cnn.com\/api\/v1\/images\/stellar\/prod\/gettyimages-2245176161.jpg?c=original&amp;q=w_860,c_fill\/f_webp\" type=\"image\/webp\"><source height=\"undefined\" width=\"860\" media=\"(min-width: 1280px)\" srcset=\"https:\/\/media.cnn.com\/api\/v1\/images\/stellar\/prod\/gettyimages-2245176161.jpg?c=original&amp;q=w_860,c_fill\/f_webp\" type=\"image\/webp\"><\/source><\/source><\/source><\/source><\/source><\/picture>\n    <\/div>\n<\/div>\n<p class=\"paragraph-elevate inline-placeholder vossi-paragraph_elevate\" data-uri=\"cms.cnn.com\/_components\/paragraph\/instances\/cmo30t5u2000t3b6qsllnwlpf@published\" data-editable=\"text\" data-component-name=\"paragraph\" data-article-gutter=\"true\">\n            Vermont Sen. Bernie Sanders had already called Khan the best FTC chair in modern history when, backstage at a rally in Queens a week before last year\u2019s New York City mayoral election, he kept asking her for <a href=\"https:\/\/www.cnn.com\/2025\/11\/05\/politics\/how-zohran-mamdani-won\">ideas about what Zohran Mamdani should do in City Hall<\/a>.\n    <\/p>\n<p class=\"paragraph-elevate inline-placeholder vossi-paragraph_elevate\" data-uri=\"cms.cnn.com\/_components\/paragraph\/instances\/cmo30tkyz000v3b6q5jqxmha2@published\" data-editable=\"text\" data-component-name=\"paragraph\" data-article-gutter=\"true\">\n            The morning after he won, <a href=\"https:\/\/www.cnn.com\/2025\/11\/05\/politics\/mamdani-transition-team-nyc\">Mamdani named Khan a transition co-chair<\/a>, but that title sounds more honorary than the direct role she had infusing the administration with her sensibility, setting up groups of lawyers to pore through the city charter and agency codes, helping pick staff and joining nightly calls of top advisers.\n    <\/p>\n<p class=\"paragraph-elevate inline-placeholder vossi-paragraph_elevate\" data-uri=\"cms.cnn.com\/_components\/paragraph\/instances\/cmo30uez4000x3b6qz7pjw0qy@published\" data-editable=\"text\" data-component-name=\"paragraph\" data-article-gutter=\"true\">\n            If they can make her aggressive progressivism work in the financial capital of the world, Khan and Mamdani believe, they\u2019ll be able to make it work anywhere: in cities across the country, but also among those Democratic presidential contenders she\u2019s still trying to convince.\n    <\/p>\n<p class=\"paragraph-elevate inline-placeholder vossi-paragraph_elevate\" data-uri=\"cms.cnn.com\/_components\/paragraph\/instances\/cmo30v60c00113b6qju0sweu8@published\" data-editable=\"text\" data-component-name=\"paragraph\" data-article-gutter=\"true\">\n            \u201cShe is not satisfied with an answer that says, \u2018We have not done this before\u2019 or \u2018This is not how we do things,\u2019\u201d Mamdani told CNN.\n    <\/p>\n<p class=\"paragraph-elevate inline-placeholder vossi-paragraph_elevate\" data-uri=\"cms.cnn.com\/_components\/paragraph\/instances\/cmo30vmoy00133b6qfq6wvwsw@published\" data-editable=\"text\" data-component-name=\"paragraph\" data-article-gutter=\"true\">\n            His first encounter with Khan, Mamdani recalled, was at an event in the Bronx organized by Rep. Alexandria Ocasio-Cortez that he attended as a new assemblyman. Khan     talked about price gouging, he remembers, and what laws she was activating in ways to fight the companies involved.\n    <\/p>\n<p class=\"paragraph-elevate inline-placeholder vossi-paragraph_elevate\" data-uri=\"cms.cnn.com\/_components\/paragraph\/instances\/cmo30vxfa00153b6qqdvlwbcl@published\" data-editable=\"text\" data-component-name=\"paragraph\" data-article-gutter=\"true\">\n            \u201cIn a moment where it feels like so much of this work is abstract, that we struggle to translate it to the needs and interests of working-class Americans, here is an example of how we can do exactly that \u2013 and we can do so by listening to those very people about the ways in which they\u2019re being priced out of their day-to-day lives,\u201d Mamdani said.\n    <\/p>\n<p class=\"paragraph-elevate inline-placeholder vossi-paragraph_elevate\" data-uri=\"cms.cnn.com\/_components\/paragraph\/instances\/cmo30wesx00173b6q6p6mjcfs@published\" data-editable=\"text\" data-component-name=\"paragraph\" data-article-gutter=\"true\">\n            Khan officially wrapped up her role at Mamdani\u2019s 100-day mark but remains involved as an adviser. One of her biggest staff picks was recruiting Sam Levine, the new city consumer and worker protection commissioner, who remembers showing Khan where to get coffee at the FTC when she first arrived as a summer fellow. Levine was the director of the FTC\u2019s Bureau of Consumer Protection while she was chair.\n    <\/p>\n<p class=\"paragraph-elevate inline-placeholder vossi-paragraph_elevate\" data-uri=\"cms.cnn.com\/_components\/paragraph\/instances\/cmo30x5la00193b6q11h4incz@published\" data-editable=\"text\" data-component-name=\"paragraph\" data-article-gutter=\"true\">\n            Now, his creaky office in a nondescript building close to the New York Stock Exchange is the nerve center of making already nervous national companies see an unpleasant future. Mamdani and Levine are going after hidden hotel fees, landing settlements with fast food chains for violating workers\u2019 scheduling rights, and targeting food delivery apps by securing a settlement to give $5 million to delivery workers.\n    <\/p>\n<p class=\"paragraph-elevate inline-placeholder vossi-paragraph_elevate\" data-uri=\"cms.cnn.com\/_components\/paragraph\/instances\/cmo30yawt001b3b6q6f37h7vj@published\" data-editable=\"text\" data-component-name=\"paragraph\" data-article-gutter=\"true\">\n            \u201cPeople should want to go into government to solve problems. And you should go into the government, I think, with a conviction that you are going to find a way to solve them,\u201d Levine told CNN. \u201cAnd you\u2019re either going to find a tool you have, or you\u2019re going to find way to get that tool.\u201d\n    <\/p>\n<h2 class=\"subheader inline-placeholder subheader-elevate vossi-subheader_elevate vossi-subheader_elevate--size-h2\" data-editable=\"text\" data-uri=\"cms.cnn.com\/_components\/subheader\/instances\/cmo30z3gg001f3b6qeyi4eiiu@published\" data-component-name=\"subheader\" id=\"affordability-and-accountability\" data-article-gutter=\"true\">\n        Affordability and \u2018accountability\u2019<br \/>\n<\/h2>\n<div data-uri=\"cms.cnn.com\/_components\/image\/instances\/cmo31j00s00053b6q00v48h1a@published\" class=\"image_large-elevate vossi-image_large-elevate  image_large__hide-placeholder\" data-image-variation=\"image_large\" data-name=\"2021-07-10T004724Z_1600062215_RC27HO946UOZ_RTRMADP_3_USA-BIDEN.jpg\" data-component-name=\"image\" data-observe-resizes=\"\" data-breakpoints=\"{\" image_large--eq-extra-small=\"\" data-original-ratio=\"0.7051564565888057\" data-original-height=\"1600\" data-original-width=\"2269\" data-url=\"https:\/\/media.cnn.com\/api\/v1\/images\/stellar\/prod\/2021-07-10t004724z-1600062215-rc27ho946uoz-rtrmadp-3-usa-biden.jpg?c=original\" data-editable=\"settings\" data-article-gutter=\"true\">\n<div class=\"image_large__container\" data-image-variation=\"image_large\" data-breakpoints=\"{\" image_large--eq-extra-small=\"\">\n       <picture class=\"image_large__picture\"><source height=\"undefined\" width=\"679\" media=\"(max-width: 479px)\" srcset=\"https:\/\/media.cnn.com\/api\/v1\/images\/stellar\/prod\/2021-07-10t004724z-1600062215-rc27ho946uoz-rtrmadp-3-usa-biden.jpg?c=original&amp;q=w_679,c_fill\/f_webp\" type=\"image\/webp\"><source height=\"undefined\" width=\"967\" media=\"(min-width: 480px) and (max-width: 767px)\" srcset=\"https:\/\/media.cnn.com\/api\/v1\/images\/stellar\/prod\/2021-07-10t004724z-1600062215-rc27ho946uoz-rtrmadp-3-usa-biden.jpg?c=original&amp;q=w_967,c_fill\/f_webp\" type=\"image\/webp\"><source height=\"undefined\" width=\"860\" media=\"(min-width: 768px) and (max-width: 1023px)\" srcset=\"https:\/\/media.cnn.com\/api\/v1\/images\/stellar\/prod\/2021-07-10t004724z-1600062215-rc27ho946uoz-rtrmadp-3-usa-biden.jpg?c=original&amp;q=w_860,c_fill\/f_webp\" type=\"image\/webp\"><source height=\"undefined\" width=\"860\" media=\"(min-width: 1024px) and (max-width: 1279px)\" srcset=\"https:\/\/media.cnn.com\/api\/v1\/images\/stellar\/prod\/2021-07-10t004724z-1600062215-rc27ho946uoz-rtrmadp-3-usa-biden.jpg?c=original&amp;q=w_860,c_fill\/f_webp\" type=\"image\/webp\"><source height=\"undefined\" width=\"860\" media=\"(min-width: 1280px)\" srcset=\"https:\/\/media.cnn.com\/api\/v1\/images\/stellar\/prod\/2021-07-10t004724z-1600062215-rc27ho946uoz-rtrmadp-3-usa-biden.jpg?c=original&amp;q=w_860,c_fill\/f_webp\" type=\"image\/webp\"><img decoding=\"async\" src=\"https:\/\/media.cnn.com\/api\/v1\/images\/stellar\/prod\/2021-07-10t004724z-1600062215-rc27ho946uoz-rtrmadp-3-usa-biden.jpg?c=original&amp;q=w_860,c_fill\" alt=\"President Joe Biden hands a pen to Lina Khan while signing an executive order on \" promoting=\"\" competition=\"\" in=\"\" the=\"\" american=\"\" economy=\"\" state=\"\" dining=\"\" room=\"\" of=\"\" white=\"\" house=\"\" on=\"\" july=\"\" class=\"image_large__dam-img image_large__dam-img--loading\" onload=\"this.classList.remove('image_large__dam-img--loading')\" onerror=\"imageLoadError(this)\" height=\"1600\" width=\"2269\" loading=\"lazy\"\/><\/source><\/source><\/source><\/source><\/source><\/picture>\n    <\/div>\n<\/div>\n<p class=\"paragraph-elevate inline-placeholder vossi-paragraph_elevate\" data-uri=\"cms.cnn.com\/_components\/paragraph\/instances\/cmo30ylvy001d3b6qlk2yepbq@published\" data-editable=\"text\" data-component-name=\"paragraph\" data-article-gutter=\"true\">\n            Just 32 years old<strong> <\/strong>when she was confirmed as the youngest FTC chair ever \u2013 going from the intern desk she used as a summer fellow in law school to the leadership suite in under five years \u2013 Khan quickly became known for sending skeptical and sometimes reluctant agency lawyers diving into the archives.\n    <\/p>\n<p class=\"paragraph-elevate inline-placeholder vossi-paragraph_elevate\" data-uri=\"cms.cnn.com\/_components\/paragraph\/instances\/cmo30zmq0001h3b6qtpp5ovmi@published\" data-editable=\"text\" data-component-name=\"paragraph\" data-article-gutter=\"true\">\n            In 2023, the FTC challenged patents it said were improperly listed, pushing drug manufacturers to allow generic, cheaper versions of some asthma inhalers. And Khan dusted off a 1973 rule originally inspired by book-of-the-month club enforcement and tried to use it to require sellers to make it easier for people to <a href=\"https:\/\/www.cnn.com\/2025\/07\/09\/business\/click-to-cancel-ftc\">click to cancel online subscriptions<\/a>.\n    <\/p>\n<p class=\"paragraph-elevate inline-placeholder vossi-paragraph_elevate\" data-uri=\"cms.cnn.com\/_components\/paragraph\/instances\/cmo310737001j3b6q4ma36rwv@published\" data-editable=\"text\" data-component-name=\"paragraph\" data-article-gutter=\"true\">\n            She <a href=\"https:\/\/www.cnn.com\/2025\/09\/25\/tech\/amazon-ftc-prime-settlement\">went after Amazon<\/a> for fees charged to businesses selling on the platform. She also <a href=\"https:\/\/www.cnn.com\/2022\/10\/14\/business\/kroger-albertsons-merger\/index.html:7plyo6sv\">moved to stop<\/a> a $24.6 billion acquisition of the Albertsons grocery chain by Kroger on the grounds that it would raise costs and reduce consumer choice. The <a href=\"https:\/\/www.cnn.com\/2024\/12\/11\/business\/albertsons-calls-off-merger-sues-kroger\">acquisition was eventually abandoned<\/a> after a federal judge blocked the deal.\n    <\/p>\n<p class=\"paragraph-elevate inline-placeholder vossi-paragraph_elevate\" data-uri=\"cms.cnn.com\/_components\/paragraph\/instances\/cmo31080x001l3b6qbg0msd2d@published\" data-editable=\"text\" data-component-name=\"paragraph\" data-article-gutter=\"true\">\n            Today, Khan says the \u201caffordability part of the conversation\u201d inside the Democratic Party must be \u201cpaired with accountability.\u201d\n    <\/p>\n<p class=\"paragraph-elevate inline-placeholder vossi-paragraph_elevate\" data-uri=\"cms.cnn.com\/_components\/paragraph\/instances\/cmo310mxt001n3b6qx2qbopa9@published\" data-editable=\"text\" data-component-name=\"paragraph\" data-article-gutter=\"true\">\n            \u201cWhere delivering affordability is going to require conflict with, or taking on, entrenched powerful interests: Who\u2019s willing to do that?\u201d Khan said. \u201cAnd I think that\u2019s going to be part of both the kind of credibility question, but also: Can you be effective when it is some of the same actors who are hiking up prices?\u201d\n    <\/p>\n<div data-uri=\"cms.cnn.com\/_components\/image\/instances\/cmo31j2jm00073b6q9lycmkz7@published\" class=\"image_large-elevate vossi-image_large-elevate  image_large__hide-placeholder\" data-image-variation=\"image_large\" data-name=\"AP22263793891675.jpg\" data-component-name=\"image\" data-observe-resizes=\"\" data-breakpoints=\"{\" image_large--eq-extra-small=\"\" data-original-ratio=\"0.6666666666666666\" data-original-height=\"1600\" data-original-width=\"2400\" data-url=\"https:\/\/media.cnn.com\/api\/v1\/images\/stellar\/prod\/ap22263793891675.jpg?c=original\" data-editable=\"settings\" data-article-gutter=\"true\">\n<div class=\"image_large__container\" data-image-variation=\"image_large\" data-breakpoints=\"{\" image_large--eq-extra-small=\"\">\n       <picture class=\"image_large__picture\"><source height=\"undefined\" width=\"679\" media=\"(max-width: 479px)\" srcset=\"https:\/\/media.cnn.com\/api\/v1\/images\/stellar\/prod\/ap22263793891675.jpg?c=original&amp;q=w_679,c_fill\/f_webp\" type=\"image\/webp\"><source height=\"undefined\" width=\"967\" media=\"(min-width: 480px) and (max-width: 767px)\" srcset=\"https:\/\/media.cnn.com\/api\/v1\/images\/stellar\/prod\/ap22263793891675.jpg?c=original&amp;q=w_967,c_fill\/f_webp\" type=\"image\/webp\"><source height=\"undefined\" width=\"860\" media=\"(min-width: 768px) and (max-width: 1023px)\" srcset=\"https:\/\/media.cnn.com\/api\/v1\/images\/stellar\/prod\/ap22263793891675.jpg?c=original&amp;q=w_860,c_fill\/f_webp\" type=\"image\/webp\"><source height=\"undefined\" width=\"860\" media=\"(min-width: 1024px) and (max-width: 1279px)\" srcset=\"https:\/\/media.cnn.com\/api\/v1\/images\/stellar\/prod\/ap22263793891675.jpg?c=original&amp;q=w_860,c_fill\/f_webp\" type=\"image\/webp\"><source height=\"undefined\" width=\"860\" media=\"(min-width: 1280px)\" srcset=\"https:\/\/media.cnn.com\/api\/v1\/images\/stellar\/prod\/ap22263793891675.jpg?c=original&amp;q=w_860,c_fill\/f_webp\" type=\"image\/webp\"><img decoding=\"async\" src=\"https:\/\/media.cnn.com\/api\/v1\/images\/stellar\/prod\/ap22263793891675.jpg?c=original&amp;q=w_860,c_fill\" alt=\"Lina Khan testifies during a Senate Judiciary Subcommittee hearing on antitrust laws and enforcement, at the US Capitol, on September 20, 2022.\" class=\"image_large__dam-img image_large__dam-img--loading\" onload=\"this.classList.remove('image_large__dam-img--loading')\" onerror=\"imageLoadError(this)\" height=\"1600\" width=\"2400\" loading=\"lazy\"\/><\/source><\/source><\/source><\/source><\/source><\/picture>\n    <\/div>\n<\/div>\n<p class=\"paragraph-elevate inline-placeholder vossi-paragraph_elevate\" data-uri=\"cms.cnn.com\/_components\/paragraph\/instances\/cmo3121y2001r3b6q6y29jpiz@published\" data-editable=\"text\" data-component-name=\"paragraph\" data-article-gutter=\"true\">\n            These days, Khan has become so popular in a certain hyper-aware corridor of the left that she sometimes gets emails asking for signed photos to be given as wedding presents. Mark Cuban, the billionaire former \u201cShark Tank\u201d investor <a href=\"https:\/\/www.cnn.com\/2021\/07\/22\/tech\/prescription-drug-prices-mark-cuban-goodrx-bettermed\">working on lowering prescription drug prices<\/a>, said in an email that he felt Khan should have been more aggressive against insurance companies but credited her for going \u201cafter scammers who targeted vulnerable people\u201d using images of celebrities.\n    <\/p>\n<p class=\"paragraph-elevate inline-placeholder vossi-paragraph_elevate\" data-uri=\"cms.cnn.com\/_components\/paragraph\/instances\/cmo3123im001t3b6qmzebv2ow@published\" data-editable=\"text\" data-component-name=\"paragraph\" data-article-gutter=\"true\">\n            \u201cThat was a big deal that she didn\u2019t get credit for,\u201d he said in an email.\n    <\/p>\n<p class=\"paragraph-elevate inline-placeholder vossi-paragraph_elevate\" data-uri=\"cms.cnn.com\/_components\/paragraph\/instances\/cmo3123im001x3b6qlmthi55g@published\" data-editable=\"text\" data-component-name=\"paragraph\" data-article-gutter=\"true\">\n            New Jersey Rep. Josh Gottheimer, the vice-chair of the bipartisan Problem Solvers Caucus who works with many business-minded moderates, told CNN that he worries about both the policy and political impact of moving more in Khan\u2019s direction. He\u2019s among the Democratic leaders worried about how many tech leaders <a href=\"https:\/\/www.cnn.com\/2024\/07\/18\/business\/silicon-valley-tech-billionaires-trump\">turned hard against Democrats in 2024<\/a> because of what they felt was too much regulation.\n    <\/p>\n<p class=\"paragraph-elevate inline-placeholder vossi-paragraph_elevate\" data-uri=\"cms.cnn.com\/_components\/paragraph\/instances\/cmo3123im001y3b6qw1eaf3yt@published\" data-editable=\"text\" data-component-name=\"paragraph\" data-article-gutter=\"true\">\n            \u201cYou may fire up some portion of the base, but you\u2019re also going to alienate a lot of people who, while they want competition and success for everybody, they also believe that you can start a business and be successful in America,\u201d Gottheimer said.\n    <\/p>\n<p class=\"paragraph-elevate inline-placeholder vossi-paragraph_elevate\" data-uri=\"cms.cnn.com\/_components\/paragraph\/instances\/cmo6cb5a800003b6qthlpz9qg@published\" data-editable=\"text\" data-component-name=\"paragraph\" data-article-gutter=\"true\">\n            Not every potential 2028 contender is jumping on board with Khan. During Harris\u2019 presidential campaign, Maryland Gov. Wes Moore <a href=\"https:\/\/www.youtube.com\/watch?v=PeSBF5nzZXM\" target=\"_blank\">appeared for an interview with CNBC\u2019s Andrew Ross Sorkin<\/a>, who noted there had been \u201ca lot of calls from the donor class\u201d to move away from Khan. Sorkin then asked Moore if \u201cwe are going to hear about a shift in terms of (Harris\u2019) regulatory views.\u201d\n    <\/p>\n<p class=\"paragraph-elevate inline-placeholder vossi-paragraph_elevate\" data-uri=\"cms.cnn.com\/_components\/paragraph\/instances\/cmo6cgr5i00023b6ql8lexfe7@published\" data-editable=\"text\" data-component-name=\"paragraph\" data-article-gutter=\"true\">\n            \u201cI think we will,\u201d Moore replied. \u201cI think we have to.\u201d\n    <\/p>\n<p class=\"paragraph-elevate inline-placeholder vossi-paragraph_elevate\" data-uri=\"cms.cnn.com\/_components\/paragraph\/instances\/cmo6ch82100043b6qj2bmqals@published\" data-editable=\"text\" data-component-name=\"paragraph\" data-article-gutter=\"true\">\n            Asked recently for Moore\u2019s views about Khan, a spokesman for the governor replied: \u201cHe doesn\u2019t have thoughts about her one way or the other.\u201d\n    <\/p>\n<p class=\"paragraph-elevate inline-placeholder vossi-paragraph_elevate\" data-uri=\"cms.cnn.com\/_components\/paragraph\/instances\/cmo3123im001z3b6qwtc6k06d@published\" data-editable=\"text\" data-component-name=\"paragraph\" data-article-gutter=\"true\">\n            Rahm Emanuel, the former Chicago mayor and chief of staff to former President Barack Obama, said that while he agrees with many of the problems Khan is pointing to, he is less convinced by her proposed solutions.\n    <\/p>\n<p class=\"paragraph-elevate inline-placeholder vossi-paragraph_elevate\" data-uri=\"cms.cnn.com\/_components\/paragraph\/instances\/cmo3123im00203b6qtckiboey@published\" data-editable=\"text\" data-component-name=\"paragraph\" data-article-gutter=\"true\">\n            \u201cIn every period of time in history when we\u2019ve had a concentration of wealth and an economic structure that is only accentuating that, the government has been a countervailing force,\u201d Emanuel told CNN, citing consolidation in health insurance companies and retail especially.\n    <\/p>\n<p class=\"paragraph-elevate inline-placeholder vossi-paragraph_elevate\" data-uri=\"cms.cnn.com\/_components\/paragraph\/instances\/cmo3123im00213b6qktqjl38u@published\" data-editable=\"text\" data-component-name=\"paragraph\" data-article-gutter=\"true\">\n            \u201cRather than say \u2018Lina Khan,\u2019 which has its own explosion, the guiding light should be where Teddy Roosevelt was more about regulation and Woodrow Wilson was more about breaking out: that spirit is important, and that mindset,\u201d he added.\n    <\/p>\n<p class=\"paragraph-elevate inline-placeholder vossi-paragraph_elevate\" data-uri=\"cms.cnn.com\/_components\/paragraph\/instances\/cmo3123im00223b6qw95olxty@published\" data-editable=\"text\" data-component-name=\"paragraph\" data-article-gutter=\"true\">\n            Jim Kessler, the executive vice president of the centrist Democratic think tank Third Way, told CNN that Khan is \u201cvery smart, and she\u2019s very creative, and Democrats with national ambitions should be talking to her and taking her viewpoint into account,\u201d but warned against voters seeing that as going after things they like, such as fast Amazon deliveries.\n    <\/p>\n<p class=\"paragraph-elevate inline-placeholder vossi-paragraph_elevate\" data-uri=\"cms.cnn.com\/_components\/paragraph\/instances\/cmo3123im00233b6qdukyqs16@published\" data-editable=\"text\" data-component-name=\"paragraph\" data-article-gutter=\"true\">\n            \u201cIt is critical that future national Democrats talk about issues that voters care about, not what intellectual elite progressives care about,\u201d Kessler said.\n    <\/p>\n<div data-uri=\"cms.cnn.com\/_components\/image\/instances\/cmo31mioo00093b6qryg9nqf8@published\" class=\"image_large-elevate vossi-image_large-elevate  image_large__hide-placeholder\" data-image-variation=\"image_large\" data-name=\"GettyImages-2135886392.jpg\" data-component-name=\"image\" data-observe-resizes=\"\" data-breakpoints=\"{\" image_large--eq-extra-small=\"\" data-original-ratio=\"0.6666666666666666\" data-original-height=\"1600\" data-original-width=\"2400\" data-url=\"https:\/\/media.cnn.com\/api\/v1\/images\/stellar\/prod\/gettyimages-2135886392.jpg?c=original\" data-editable=\"settings\" data-article-gutter=\"true\">\n<div class=\"image_large__container\" data-image-variation=\"image_large\" data-breakpoints=\"{\" image_large--eq-extra-small=\"\">\n       <picture class=\"image_large__picture\"><source height=\"undefined\" width=\"679\" media=\"(max-width: 479px)\" srcset=\"https:\/\/media.cnn.com\/api\/v1\/images\/stellar\/prod\/gettyimages-2135886392.jpg?c=original&amp;q=w_679,c_fill\/f_webp\" type=\"image\/webp\"><source height=\"undefined\" width=\"967\" media=\"(min-width: 480px) and (max-width: 767px)\" srcset=\"https:\/\/media.cnn.com\/api\/v1\/images\/stellar\/prod\/gettyimages-2135886392.jpg?c=original&amp;q=w_967,c_fill\/f_webp\" type=\"image\/webp\"><source height=\"undefined\" width=\"860\" media=\"(min-width: 768px) and (max-width: 1023px)\" srcset=\"https:\/\/media.cnn.com\/api\/v1\/images\/stellar\/prod\/gettyimages-2135886392.jpg?c=original&amp;q=w_860,c_fill\/f_webp\" type=\"image\/webp\"><source height=\"undefined\" width=\"860\" media=\"(min-width: 1024px) and (max-width: 1279px)\" srcset=\"https:\/\/media.cnn.com\/api\/v1\/images\/stellar\/prod\/gettyimages-2135886392.jpg?c=original&amp;q=w_860,c_fill\/f_webp\" type=\"image\/webp\"><source height=\"undefined\" width=\"860\" media=\"(min-width: 1280px)\" srcset=\"https:\/\/media.cnn.com\/api\/v1\/images\/stellar\/prod\/gettyimages-2135886392.jpg?c=original&amp;q=w_860,c_fill\/f_webp\" type=\"image\/webp\"><img decoding=\"async\" src=\"https:\/\/media.cnn.com\/api\/v1\/images\/stellar\/prod\/gettyimages-2135886392.jpg?c=original&amp;q=w_860,c_fill\" alt=\"Lina Khan talks with guests during an event in the Indian Treaty Room in the Eisenhower Executive Office Building on April 3, 2024.\" class=\"image_large__dam-img image_large__dam-img--loading\" onload=\"this.classList.remove('image_large__dam-img--loading')\" onerror=\"imageLoadError(this)\" height=\"1600\" width=\"2400\" loading=\"lazy\"\/><\/source><\/source><\/source><\/source><\/source><\/picture>\n    <\/div>\n<\/div>\n<p class=\"paragraph-elevate inline-placeholder vossi-paragraph_elevate\" data-uri=\"cms.cnn.com\/_components\/paragraph\/instances\/cmo3156cs002a3b6ql46xm1cl@published\" data-editable=\"text\" data-component-name=\"paragraph\" data-article-gutter=\"true\">\n            Democrats aren\u2019t the only ones with Khan on their minds.\n    <\/p>\n<p class=\"paragraph-elevate inline-placeholder vossi-paragraph_elevate\" data-uri=\"cms.cnn.com\/_components\/paragraph\/instances\/cmo315jdi002c3b6q0tzi33jg@published\" data-editable=\"text\" data-component-name=\"paragraph\" data-article-gutter=\"true\">\n            Last April, Steve Bannon, the outside Trump strategist, called Khan one of the more important political figures in the country and said Democrats might have won in 2024 if they\u2019d listened to her more. There\u2019s even a photo of them standing next to each other, smiling after a tech competition event in Washington.\n    <\/p>\n<p class=\"paragraph-elevate inline-placeholder vossi-paragraph_elevate\" data-uri=\"cms.cnn.com\/_components\/paragraph\/instances\/cmo315p9a002e3b6qs2xuyyjz@published\" data-editable=\"text\" data-component-name=\"paragraph\" data-article-gutter=\"true\">\n            Also on a list of onetime Khan fans: Vance, whom she got to know when he was an Ohio senator.\n    <\/p>\n<p class=\"paragraph-elevate inline-placeholder vossi-paragraph_elevate\" data-uri=\"cms.cnn.com\/_components\/paragraph\/instances\/cmo315p9a002f3b6qxbaewiyb@published\" data-editable=\"text\" data-component-name=\"paragraph\" data-article-gutter=\"true\">\n            \u201cAt that time, he was very focused on issues of corporate power in the technology sector and he was very substantive,\u201d Khan said.\n    <\/p>\n<p class=\"paragraph-elevate inline-placeholder vossi-paragraph_elevate\" data-uri=\"cms.cnn.com\/_components\/paragraph\/instances\/cmo315p9a002g3b6qpziio593@published\" data-editable=\"text\" data-component-name=\"paragraph\" data-article-gutter=\"true\">\n            She said she couldn\u2019t remember exactly the last time they spoke, but she does remember how Vance came publicly to her defense not long after being put on the ticket in 2024, in those days when Democratic opponents saw a window to come after her and he was eager for the opportunity to turn the screws of populism against Harris.\n    <\/p>\n<p class=\"paragraph-elevate inline-placeholder vossi-paragraph_elevate\" data-uri=\"cms.cnn.com\/_components\/paragraph\/instances\/cmo315p9a002h3b6qyw996buh@published\" data-editable=\"text\" data-component-name=\"paragraph\" data-article-gutter=\"true\">\n            \u201cI don\u2019t agree with Lina Khan on every issue, to be clear, but I think that she\u2019s been very smart about trying to go after some of these big tech companies that monopolize what we\u2019re allowed to say in our own country,\u201d Vance <a href=\"https:\/\/www.cbsnews.com\/news\/transcript-jd-vance-on-face-the-nation-aug-11-2024\/\" target=\"_blank\">told CBS<\/a> in August 2024.\n    <\/p>\n<p class=\"paragraph-elevate inline-placeholder vossi-paragraph_elevate\" data-uri=\"cms.cnn.com\/_components\/paragraph\/instances\/cmo315p9a002i3b6q8ljxg0m4@published\" data-editable=\"text\" data-component-name=\"paragraph\" data-article-gutter=\"true\">\n            It\u2019s unclear where Vance, the likely front-runner for the 2028 Republican nomination, stands these days. Asked whether the vice president stands by that quote or his work with Khan when he was in the Senate, spokesman Buckley Carlson declined comment.\n    <\/p>\n<p class=\"paragraph-elevate inline-placeholder vossi-paragraph_elevate\" data-uri=\"cms.cnn.com\/_components\/paragraph\/instances\/cmo316xyi002n3b6q9smz2p1f@published\" data-editable=\"text\" data-component-name=\"paragraph\" data-article-gutter=\"true\">\n            For her part, Khan said of the current administration that \u201cthe<em> <\/em>campaign platitudes they had about wanting to fight for the working class or gestures to populism, I think, have just been revealed as totally hollow.\u201d\n    <\/p>\n<p class=\"paragraph-elevate inline-placeholder vossi-paragraph_elevate\" data-uri=\"cms.cnn.com\/_components\/paragraph\/instances\/cmo315p9a002j3b6qhusy6xh4@published\" data-editable=\"text\" data-component-name=\"paragraph\" data-article-gutter=\"true\">\n            Khan doesn\u2019t plan to endorse a candidate in the upcoming Democratic primary and deflects when asked if she would serve again in an administration, arguing that her focus remains building up a new center at Columbia Law aimed at training a new generation of antitrust lawyers.\n    <\/p>\n<p class=\"paragraph-elevate inline-placeholder vossi-paragraph_elevate\" data-uri=\"cms.cnn.com\/_components\/paragraph\/instances\/cmo315p9a002l3b6qx73ww3x4@published\" data-editable=\"text\" data-component-name=\"paragraph\" data-article-gutter=\"true\">\n            \u201cIt does seem like a lot of people are now talking about affordability and the cost-of-living crisis, which is important in terms of being focused on, \u2018How do we make sure government is materially making life better for people in ways that is visible?\u2019\u201d Khan said.<strong> \u201c<\/strong>That can help restore trust in what government can do and the purpose government serves.\u201d<em\/>\n    <\/p>\n<\/p><\/div>\n<p><br \/>\n<br \/><a href=\"https:\/\/www.cnn.com\/2026\/04\/20\/politics\/lina-khan-democrats-2028-economy-antitrust\">Source link <\/a><\/p>","protected":false},"excerpt":{"rendered":"<p>Elizabeth Warren, Steve Bannon, Pete Buttigieg and \u2014 at least as of a few years ago \u2014 JD Vance have agreed on this: A short, ultra-private antitrust lawyer plotting a war on tech companies and monopolies from her new office at Columbia Law School understands what Americans are demanding out of their government. When then-President [&hellip;]<\/p>\n","protected":false},"author":1,"featured_media":112669,"comment_status":"closed","ping_status":"","sticky":false,"template":"","format":"standard","meta":{"googlesitekit_rrm_CAow2JLhCw:productID":"","_gspb_post_css":"","maa_idioma":"","maa_pais":"","footnotes":""},"categories":[2725],"tags":[14958,6888,4671,10212,17106,30279,30280,11947,14449],"class_list":["post-112668","post","type-post","status-publish","format-standard","has-post-thumbnail","hentry","category-europe","tag-calling","tag-democrats","tag-economy","tag-hopes","tag-khan","tag-lina","tag-remaking","tag-shes","tag-telling"],"blocksy_meta":[],"yoast_head":"<!-- This site is optimized with the Yoast SEO Premium plugin v27.6 (Yoast SEO v27.6) - https:\/\/yoast.com\/product\/yoast-seo-premium-wordpress\/ -->\n<title>Why Democrats with 2028 hopes are calling Lina Khan \u2013 and what she\u2019s telling them about remaking the economy - Ubirat\u00e3 Online Not\u00edcias - A realidade ao seu alcance!<\/title>\n<meta name=\"description\" content=\"Elizabeth Warren, Steve Bannon, Pete Buttigieg and \u2014 at least as of a few years ago \u2014 JD Vance have agreed on this: A short, ultra-private antitrust\" \/>\n<meta name=\"robots\" content=\"index, follow, max-snippet:-1, max-image-preview:large, max-video-preview:-1\" \/>\n<link rel=\"canonical\" href=\"https:\/\/ubirataonline.com.br\/en\/why-democrats-with-2028-hopes-are-calling-lina-khan-and-what-shes-telling-them-about-remaking-the-economy\/\" \/>\n<meta property=\"og:locale\" content=\"en_US\" \/>\n<meta property=\"og:type\" content=\"article\" \/>\n<meta property=\"og:title\" content=\"Why Democrats with 2028 hopes are calling Lina Khan \u2013 and what she\u2019s telling them about remaking the economy\" \/>\n<meta property=\"og:description\" content=\"Elizabeth Warren, Steve Bannon, Pete Buttigieg and \u2014 at least as of a few years ago \u2014 JD Vance have agreed on this: A short, ultra-private antitrust\" \/>\n<meta property=\"og:url\" content=\"https:\/\/ubirataonline.com.br\/en\/why-democrats-with-2028-hopes-are-calling-lina-khan-and-what-shes-telling-them-about-remaking-the-economy\/\" \/>\n<meta property=\"og:site_name\" content=\"Ubirat\u00e3 Online Not\u00edcias - A realidade ao seu alcance!\" \/>\n<meta property=\"article:publisher\" content=\"https:\/\/www.facebook.com\/portalubirataonline\" \/>\n<meta property=\"article:author\" content=\"https:\/\/www.facebook.com\/portalubirataonline\" \/>\n<meta property=\"article:published_time\" content=\"2026-04-20T10:45:49+00:00\" \/>\n<meta property=\"article:modified_time\" content=\"2026-04-20T10:45:51+00:00\" \/>\n<meta property=\"og:image\" content=\"https:\/\/ubirataonline.com.br\/wp-content\/uploads\/2026\/04\/Why-Democrats-with-2028-hopes-are-calling-Lina-Khan-\u2013.jpg\" \/>\n\t<meta property=\"og:image:width\" content=\"800\" \/>\n\t<meta property=\"og:image:height\" content=\"450\" \/>\n\t<meta property=\"og:image:type\" content=\"image\/jpeg\" \/>\n<meta name=\"author\" content=\"REDA\u00c7\u00c3O: UBIRAT\u00c3 ONLINE - F\u00c1BIO AUGUSTO CELESTINO\" \/>\n<meta name=\"twitter:card\" content=\"summary_large_image\" \/>\n<meta name=\"twitter:creator\" content=\"@x.com\/ubirataonline\" \/>\n<meta name=\"twitter:site\" content=\"@ubirataonline\" \/>\n<meta name=\"twitter:label1\" content=\"Written by\" \/>\n\t<meta name=\"twitter:data1\" content=\"REDA\u00c7\u00c3O: UBIRAT\u00c3 ONLINE - F\u00c1BIO AUGUSTO CELESTINO\" \/>\n\t<meta name=\"twitter:label2\" content=\"Est. reading time\" \/>\n\t<meta name=\"twitter:data2\" content=\"11 minutes\" \/>\n<script type=\"application\/ld+json\" class=\"yoast-schema-graph\">{\"@context\":\"https:\\\/\\\/schema.org\",\"@graph\":[{\"@type\":\"NewsArticle\",\"@id\":\"https:\\\/\\\/ubirataonline.com.br\\\/why-democrats-with-2028-hopes-are-calling-lina-khan-and-what-shes-telling-them-about-remaking-the-economy\\\/#article\",\"isPartOf\":{\"@id\":\"https:\\\/\\\/ubirataonline.com.br\\\/why-democrats-with-2028-hopes-are-calling-lina-khan-and-what-shes-telling-them-about-remaking-the-economy\\\/\"},\"author\":{\"name\":\"REDA\u00c7\u00c3O: UBIRAT\u00c3 ONLINE - F\u00c1BIO AUGUSTO CELESTINO\",\"@id\":\"https:\\\/\\\/ubirataonline.com.br\\\/#\\\/schema\\\/person\\\/372f87bbd3fdd79b8556b84c98d0bc1c\"},\"headline\":\"Why Democrats with 2028 hopes are calling Lina Khan \u2013 and what she\u2019s telling them about remaking the economy\",\"datePublished\":\"2026-04-20T10:45:49+00:00\",\"dateModified\":\"2026-04-20T10:45:51+00:00\",\"mainEntityOfPage\":{\"@id\":\"https:\\\/\\\/ubirataonline.com.br\\\/why-democrats-with-2028-hopes-are-calling-lina-khan-and-what-shes-telling-them-about-remaking-the-economy\\\/\"},\"wordCount\":2315,\"publisher\":{\"@id\":\"https:\\\/\\\/ubirataonline.com.br\\\/#organization\"},\"image\":{\"@id\":\"https:\\\/\\\/ubirataonline.com.br\\\/why-democrats-with-2028-hopes-are-calling-lina-khan-and-what-shes-telling-them-about-remaking-the-economy\\\/#primaryimage\"},\"thumbnailUrl\":\"https:\\\/\\\/ubirataonline.com.br\\\/wp-content\\\/uploads\\\/2026\\\/04\\\/Why-Democrats-with-2028-hopes-are-calling-Lina-Khan-\u2013.jpg\",\"keywords\":[\"calling\",\"Democrats\",\"economy\",\"hopes\",\"Khan\",\"Lina\",\"remaking\",\"Shes\",\"telling\"],\"articleSection\":[\"Europe\"],\"inLanguage\":\"en-US\",\"copyrightYear\":\"2026\",\"copyrightHolder\":{\"@id\":\"https:\\\/\\\/ubirataonline.com.br\\\/en\\\/#organization\"}},{\"@type\":\"WebPage\",\"@id\":\"https:\\\/\\\/ubirataonline.com.br\\\/why-democrats-with-2028-hopes-are-calling-lina-khan-and-what-shes-telling-them-about-remaking-the-economy\\\/\",\"url\":\"https:\\\/\\\/ubirataonline.com.br\\\/why-democrats-with-2028-hopes-are-calling-lina-khan-and-what-shes-telling-them-about-remaking-the-economy\\\/\",\"name\":\"Why Democrats with 2028 hopes are calling Lina Khan \u2013 and what she\u2019s telling them about remaking the economy - Ubirat\u00e3 Online Not\u00edcias - A realidade ao seu alcance!\",\"isPartOf\":{\"@id\":\"https:\\\/\\\/ubirataonline.com.br\\\/#website\"},\"primaryImageOfPage\":{\"@id\":\"https:\\\/\\\/ubirataonline.com.br\\\/why-democrats-with-2028-hopes-are-calling-lina-khan-and-what-shes-telling-them-about-remaking-the-economy\\\/#primaryimage\"},\"image\":{\"@id\":\"https:\\\/\\\/ubirataonline.com.br\\\/why-democrats-with-2028-hopes-are-calling-lina-khan-and-what-shes-telling-them-about-remaking-the-economy\\\/#primaryimage\"},\"thumbnailUrl\":\"https:\\\/\\\/ubirataonline.com.br\\\/wp-content\\\/uploads\\\/2026\\\/04\\\/Why-Democrats-with-2028-hopes-are-calling-Lina-Khan-\u2013.jpg\",\"datePublished\":\"2026-04-20T10:45:49+00:00\",\"dateModified\":\"2026-04-20T10:45:51+00:00\",\"description\":\"Elizabeth Warren, Steve Bannon, Pete Buttigieg and \u2014 at least as of a few years ago \u2014 JD Vance have agreed on this: A short, ultra-private antitrust\",\"breadcrumb\":{\"@id\":\"https:\\\/\\\/ubirataonline.com.br\\\/why-democrats-with-2028-hopes-are-calling-lina-khan-and-what-shes-telling-them-about-remaking-the-economy\\\/#breadcrumb\"},\"inLanguage\":\"en-US\",\"potentialAction\":[{\"@type\":\"ReadAction\",\"target\":[\"https:\\\/\\\/ubirataonline.com.br\\\/why-democrats-with-2028-hopes-are-calling-lina-khan-and-what-shes-telling-them-about-remaking-the-economy\\\/\"]}]},{\"@type\":\"ImageObject\",\"inLanguage\":\"en-US\",\"@id\":\"https:\\\/\\\/ubirataonline.com.br\\\/why-democrats-with-2028-hopes-are-calling-lina-khan-and-what-shes-telling-them-about-remaking-the-economy\\\/#primaryimage\",\"url\":\"https:\\\/\\\/ubirataonline.com.br\\\/wp-content\\\/uploads\\\/2026\\\/04\\\/Why-Democrats-with-2028-hopes-are-calling-Lina-Khan-\u2013.jpg\",\"contentUrl\":\"https:\\\/\\\/ubirataonline.com.br\\\/wp-content\\\/uploads\\\/2026\\\/04\\\/Why-Democrats-with-2028-hopes-are-calling-Lina-Khan-\u2013.jpg\",\"width\":800,\"height\":450,\"caption\":\"Kevin Dietsch\\\/Getty Images\"},{\"@type\":\"BreadcrumbList\",\"@id\":\"https:\\\/\\\/ubirataonline.com.br\\\/why-democrats-with-2028-hopes-are-calling-lina-khan-and-what-shes-telling-them-about-remaking-the-economy\\\/#breadcrumb\",\"itemListElement\":[{\"@type\":\"ListItem\",\"position\":1,\"name\":\"In\u00edcio\",\"item\":\"https:\\\/\\\/ubirataonline.com.br\\\/\"},{\"@type\":\"ListItem\",\"position\":2,\"name\":\"Why Democrats with 2028 hopes are calling Lina Khan \u2013 and what she\u2019s telling them about remaking the economy\"}]},{\"@type\":\"WebSite\",\"@id\":\"https:\\\/\\\/ubirataonline.com.br\\\/#website\",\"url\":\"https:\\\/\\\/ubirataonline.com.br\\\/\",\"name\":\"Ubirat\u00e3 Online Not\u00edcias\",\"description\":\"Not\u00edcias de Ubirat\u00e3, regi\u00e3o, Brasil e mundo, com informa\u00e7\u00e3o atualizada e compromisso com o leitor.\",\"publisher\":{\"@id\":\"https:\\\/\\\/ubirataonline.com.br\\\/#organization\"},\"alternateName\":\"Ubirat\u00e3 Online\",\"potentialAction\":[{\"@type\":\"SearchAction\",\"target\":{\"@type\":\"EntryPoint\",\"urlTemplate\":\"https:\\\/\\\/ubirataonline.com.br\\\/?s={search_term_string}\"},\"query-input\":{\"@type\":\"PropertyValueSpecification\",\"valueRequired\":true,\"valueName\":\"search_term_string\"}}],\"inLanguage\":\"en-US\"},{\"@type\":[\"Organization\",\"Place\"],\"@id\":\"https:\\\/\\\/ubirataonline.com.br\\\/#organization\",\"name\":\"Ubirat\u00e3 Online Not\u00edcias\",\"alternateName\":\"Ubirat\u00e3 Online\",\"url\":\"https:\\\/\\\/ubirataonline.com.br\\\/\",\"logo\":{\"@id\":\"https:\\\/\\\/ubirataonline.com.br\\\/why-democrats-with-2028-hopes-are-calling-lina-khan-and-what-shes-telling-them-about-remaking-the-economy\\\/#local-main-organization-logo\"},\"image\":{\"@id\":\"https:\\\/\\\/ubirataonline.com.br\\\/why-democrats-with-2028-hopes-are-calling-lina-khan-and-what-shes-telling-them-about-remaking-the-economy\\\/#local-main-organization-logo\"},\"sameAs\":[\"https:\\\/\\\/www.facebook.com\\\/portalubirataonline\",\"https:\\\/\\\/x.com\\\/ubirataonline\",\"https:\\\/\\\/mastodon.social\\\/@ubirataonline\",\"https:\\\/\\\/www.facebook.com\\\/groups\\\/311144672285604\",\"https:\\\/\\\/www.facebook.com\\\/UBTAOnline\",\"https:\\\/\\\/www.instagram.com\\\/portalubirataonline\\\/\",\"https:\\\/\\\/twitter.com\\\/ubirataonline\"],\"description\":\"Somos um portal de not\u00edcias independente, criado em 5 de janeiro de 2009, com o objetivo de informar, conectar e valorizar a nossa comunidade de Ubirat\u00e3 e toda aregi\u00e3o. Com conte\u00fado atualizado, confi\u00e1vel e relevante, o Ubirat\u00e3 Online \u00e9 o seu espa\u00e7o para ficar por dentro dos principais acontecimentos locais, regionais, Brasil, Mundo e de interesse geral. Nosso compromisso \u00e9 com a verdade, a transpar\u00eancia e o respeito ao leitor.\",\"legalName\":\"UBIRATA ONLINE NOT\u00cdCIAS\",\"foundingDate\":\"2009-01-05\",\"numberOfEmployees\":{\"@type\":\"QuantitativeValue\",\"minValue\":\"1\",\"maxValue\":\"10\"},\"publishingPrinciples\":\"https:\\\/\\\/ubirataonline.com.br\\\/faq\\\/\",\"address\":{\"@id\":\"https:\\\/\\\/ubirataonline.com.br\\\/why-democrats-with-2028-hopes-are-calling-lina-khan-and-what-shes-telling-them-about-remaking-the-economy\\\/#local-main-place-address\"},\"geo\":{\"@type\":\"GeoCoordinates\",\"latitude\":\"-24.5361401\",\"longitude\":\"-52.9921776\"},\"telephone\":[\"+5544998308235\"],\"contactPoint\":{\"@type\":\"ContactPoint\",\"email\":\"contato@ubirataonline.com.br\"},\"openingHoursSpecification\":{\"@type\":\"OpeningHoursSpecification\",\"dayOfWeek\":[\"Monday\",\"Tuesday\",\"Wednesday\",\"Thursday\",\"Friday\",\"Saturday\",\"Sunday\"],\"opens\":\"00:00\",\"closes\":\"23:59\"},\"email\":\"contato@ubirataonline.com.br\",\"vatID\":\"47.621.418\\\/0001-80\"},{\"@type\":\"Person\",\"@id\":\"https:\\\/\\\/ubirataonline.com.br\\\/#\\\/schema\\\/person\\\/372f87bbd3fdd79b8556b84c98d0bc1c\",\"name\":\"REDA\u00c7\u00c3O: UBIRAT\u00c3 ONLINE - F\u00c1BIO AUGUSTO CELESTINO\",\"pronouns\":\"Ele\",\"description\":\"Desde 2003 trabalhando com not\u00edcias.\",\"sameAs\":[\"http:\\\/\\\/ubirataoline.com.br\",\"https:\\\/\\\/www.facebook.com\\\/portalubirataonline\",\"https:\\\/\\\/www.instagram.com\\\/ubirataonline_oficial\",\"https:\\\/\\\/x.com\\\/x.com\\\/ubirataonline\"],\"honorificPrefix\":\"Mr.\",\"honorificSuffix\":\"MD\",\"birthDate\":\"1980-06-16\",\"gender\":\"masculino\",\"award\":[\"V\u00e1rios pr\u00eamios de melhor portal da cidade\"],\"jobTitle\":\"Diretor\",\"url\":\"https:\\\/\\\/ubirataonline.com.br\\\/en\\\/author\\\/ubirataonline\\\/\"},{\"@type\":\"PostalAddress\",\"@id\":\"https:\\\/\\\/ubirataonline.com.br\\\/why-democrats-with-2028-hopes-are-calling-lina-khan-and-what-shes-telling-them-about-remaking-the-economy\\\/#local-main-place-address\",\"streetAddress\":\"Rua dos Coqueiros, 104 - Bairro Boa Vista, Rua dos Coqueiros, 104 Bairro Boa Vista\",\"addressLocality\":\"UBIRATA\",\"postalCode\":\"85440-000\",\"addressRegion\":\"PR\",\"addressCountry\":\"BR\"},{\"@type\":\"ImageObject\",\"inLanguage\":\"en-US\",\"@id\":\"https:\\\/\\\/ubirataonline.com.br\\\/why-democrats-with-2028-hopes-are-calling-lina-khan-and-what-shes-telling-them-about-remaking-the-economy\\\/#local-main-organization-logo\",\"url\":\"https:\\\/\\\/ubirataonline.com.br\\\/wp-content\\\/uploads\\\/2026\\\/06\\\/logoubirataonline-1.webp\",\"contentUrl\":\"https:\\\/\\\/ubirataonline.com.br\\\/wp-content\\\/uploads\\\/2026\\\/06\\\/logoubirataonline-1.webp\",\"width\":500,\"height\":500,\"caption\":\"Ubirat\u00e3 Online Not\u00edcias\"}]}<\/script>\n<meta name=\"geo.placename\" content=\"UBIRATA\" \/>\n<meta name=\"geo.position\" content=\"-24.5361401;-52.9921776\" \/>\n<meta name=\"geo.region\" content=\"Brazil\" \/>\n<!-- \/ Yoast SEO Premium plugin. -->","yoast_head_json":{"title":"Why Democrats with 2028 hopes are calling Lina Khan \u2013 and what she\u2019s telling them about remaking the economy - Ubirat\u00e3 Online Not\u00edcias - A realidade ao seu alcance!","description":"Elizabeth Warren, Steve Bannon, Pete Buttigieg and \u2014 at least as of a few years ago \u2014 JD Vance have agreed on this: A short, ultra-private antitrust","robots":{"index":"index","follow":"follow","max-snippet":"max-snippet:-1","max-image-preview":"max-image-preview:large","max-video-preview":"max-video-preview:-1"},"canonical":"https:\/\/ubirataonline.com.br\/en\/why-democrats-with-2028-hopes-are-calling-lina-khan-and-what-shes-telling-them-about-remaking-the-economy\/","og_locale":"en_US","og_type":"article","og_title":"Why Democrats with 2028 hopes are calling Lina Khan \u2013 and what she\u2019s telling them about remaking the economy","og_description":"Elizabeth Warren, Steve Bannon, Pete Buttigieg and \u2014 at least as of a few years ago \u2014 JD Vance have agreed on this: A short, ultra-private antitrust","og_url":"https:\/\/ubirataonline.com.br\/en\/why-democrats-with-2028-hopes-are-calling-lina-khan-and-what-shes-telling-them-about-remaking-the-economy\/","og_site_name":"Ubirat\u00e3 Online Not\u00edcias - A realidade ao seu alcance!","article_publisher":"https:\/\/www.facebook.com\/portalubirataonline","article_author":"https:\/\/www.facebook.com\/portalubirataonline","article_published_time":"2026-04-20T10:45:49+00:00","article_modified_time":"2026-04-20T10:45:51+00:00","og_image":[{"width":800,"height":450,"url":"https:\/\/ubirataonline.com.br\/wp-content\/uploads\/2026\/04\/Why-Democrats-with-2028-hopes-are-calling-Lina-Khan-\u2013.jpg","type":"image\/jpeg"}],"author":"REDA\u00c7\u00c3O: UBIRAT\u00c3 ONLINE - F\u00c1BIO AUGUSTO CELESTINO","twitter_card":"summary_large_image","twitter_creator":"@x.com\/ubirataonline","twitter_site":"@ubirataonline","twitter_misc":{"Written by":"REDA\u00c7\u00c3O: UBIRAT\u00c3 ONLINE - F\u00c1BIO AUGUSTO CELESTINO","Est. reading time":"11 minutes"},"schema":{"@context":"https:\/\/schema.org","@graph":[{"@type":"NewsArticle","@id":"https:\/\/ubirataonline.com.br\/why-democrats-with-2028-hopes-are-calling-lina-khan-and-what-shes-telling-them-about-remaking-the-economy\/#article","isPartOf":{"@id":"https:\/\/ubirataonline.com.br\/why-democrats-with-2028-hopes-are-calling-lina-khan-and-what-shes-telling-them-about-remaking-the-economy\/"},"author":{"name":"REDA\u00c7\u00c3O: UBIRAT\u00c3 ONLINE - F\u00c1BIO AUGUSTO CELESTINO","@id":"https:\/\/ubirataonline.com.br\/#\/schema\/person\/372f87bbd3fdd79b8556b84c98d0bc1c"},"headline":"Why Democrats with 2028 hopes are calling Lina Khan \u2013 and what she\u2019s telling them about remaking the economy","datePublished":"2026-04-20T10:45:49+00:00","dateModified":"2026-04-20T10:45:51+00:00","mainEntityOfPage":{"@id":"https:\/\/ubirataonline.com.br\/why-democrats-with-2028-hopes-are-calling-lina-khan-and-what-shes-telling-them-about-remaking-the-economy\/"},"wordCount":2315,"publisher":{"@id":"https:\/\/ubirataonline.com.br\/#organization"},"image":{"@id":"https:\/\/ubirataonline.com.br\/why-democrats-with-2028-hopes-are-calling-lina-khan-and-what-shes-telling-them-about-remaking-the-economy\/#primaryimage"},"thumbnailUrl":"https:\/\/ubirataonline.com.br\/wp-content\/uploads\/2026\/04\/Why-Democrats-with-2028-hopes-are-calling-Lina-Khan-\u2013.jpg","keywords":["calling","Democrats","economy","hopes","Khan","Lina","remaking","Shes","telling"],"articleSection":["Europe"],"inLanguage":"en-US","copyrightYear":"2026","copyrightHolder":{"@id":"https:\/\/ubirataonline.com.br\/en\/#organization"}},{"@type":"WebPage","@id":"https:\/\/ubirataonline.com.br\/why-democrats-with-2028-hopes-are-calling-lina-khan-and-what-shes-telling-them-about-remaking-the-economy\/","url":"https:\/\/ubirataonline.com.br\/why-democrats-with-2028-hopes-are-calling-lina-khan-and-what-shes-telling-them-about-remaking-the-economy\/","name":"Why Democrats with 2028 hopes are calling Lina Khan \u2013 and what she\u2019s telling them about remaking the economy - Ubirat\u00e3 Online Not\u00edcias - A realidade ao seu alcance!","isPartOf":{"@id":"https:\/\/ubirataonline.com.br\/#website"},"primaryImageOfPage":{"@id":"https:\/\/ubirataonline.com.br\/why-democrats-with-2028-hopes-are-calling-lina-khan-and-what-shes-telling-them-about-remaking-the-economy\/#primaryimage"},"image":{"@id":"https:\/\/ubirataonline.com.br\/why-democrats-with-2028-hopes-are-calling-lina-khan-and-what-shes-telling-them-about-remaking-the-economy\/#primaryimage"},"thumbnailUrl":"https:\/\/ubirataonline.com.br\/wp-content\/uploads\/2026\/04\/Why-Democrats-with-2028-hopes-are-calling-Lina-Khan-\u2013.jpg","datePublished":"2026-04-20T10:45:49+00:00","dateModified":"2026-04-20T10:45:51+00:00","description":"Elizabeth Warren, Steve Bannon, Pete Buttigieg and \u2014 at least as of a few years ago \u2014 JD Vance have agreed on this: A short, ultra-private antitrust","breadcrumb":{"@id":"https:\/\/ubirataonline.com.br\/why-democrats-with-2028-hopes-are-calling-lina-khan-and-what-shes-telling-them-about-remaking-the-economy\/#breadcrumb"},"inLanguage":"en-US","potentialAction":[{"@type":"ReadAction","target":["https:\/\/ubirataonline.com.br\/why-democrats-with-2028-hopes-are-calling-lina-khan-and-what-shes-telling-them-about-remaking-the-economy\/"]}]},{"@type":"ImageObject","inLanguage":"en-US","@id":"https:\/\/ubirataonline.com.br\/why-democrats-with-2028-hopes-are-calling-lina-khan-and-what-shes-telling-them-about-remaking-the-economy\/#primaryimage","url":"https:\/\/ubirataonline.com.br\/wp-content\/uploads\/2026\/04\/Why-Democrats-with-2028-hopes-are-calling-Lina-Khan-\u2013.jpg","contentUrl":"https:\/\/ubirataonline.com.br\/wp-content\/uploads\/2026\/04\/Why-Democrats-with-2028-hopes-are-calling-Lina-Khan-\u2013.jpg","width":800,"height":450,"caption":"Kevin Dietsch\/Getty Images"},{"@type":"BreadcrumbList","@id":"https:\/\/ubirataonline.com.br\/why-democrats-with-2028-hopes-are-calling-lina-khan-and-what-shes-telling-them-about-remaking-the-economy\/#breadcrumb","itemListElement":[{"@type":"ListItem","position":1,"name":"In\u00edcio","item":"https:\/\/ubirataonline.com.br\/"},{"@type":"ListItem","position":2,"name":"Why Democrats with 2028 hopes are calling Lina Khan \u2013 and what she\u2019s telling them about remaking the economy"}]},{"@type":"WebSite","@id":"https:\/\/ubirataonline.com.br\/#website","url":"https:\/\/ubirataonline.com.br\/","name":"Ubirat\u00e3 Online Not\u00edcias","description":"Not\u00edcias de Ubirat\u00e3, regi\u00e3o, Brasil e mundo, com informa\u00e7\u00e3o atualizada e compromisso com o leitor.","publisher":{"@id":"https:\/\/ubirataonline.com.br\/#organization"},"alternateName":"Ubirat\u00e3 Online","potentialAction":[{"@type":"SearchAction","target":{"@type":"EntryPoint","urlTemplate":"https:\/\/ubirataonline.com.br\/?s={search_term_string}"},"query-input":{"@type":"PropertyValueSpecification","valueRequired":true,"valueName":"search_term_string"}}],"inLanguage":"en-US"},{"@type":["Organization","Place"],"@id":"https:\/\/ubirataonline.com.br\/#organization","name":"Ubirat\u00e3 Online Not\u00edcias","alternateName":"Ubirat\u00e3 Online","url":"https:\/\/ubirataonline.com.br\/","logo":{"@id":"https:\/\/ubirataonline.com.br\/why-democrats-with-2028-hopes-are-calling-lina-khan-and-what-shes-telling-them-about-remaking-the-economy\/#local-main-organization-logo"},"image":{"@id":"https:\/\/ubirataonline.com.br\/why-democrats-with-2028-hopes-are-calling-lina-khan-and-what-shes-telling-them-about-remaking-the-economy\/#local-main-organization-logo"},"sameAs":["https:\/\/www.facebook.com\/portalubirataonline","https:\/\/x.com\/ubirataonline","https:\/\/mastodon.social\/@ubirataonline","https:\/\/www.facebook.com\/groups\/311144672285604","https:\/\/www.facebook.com\/UBTAOnline","https:\/\/www.instagram.com\/portalubirataonline\/","https:\/\/twitter.com\/ubirataonline"],"description":"Somos um portal de not\u00edcias independente, criado em 5 de janeiro de 2009, com o objetivo de informar, conectar e valorizar a nossa comunidade de Ubirat\u00e3 e toda aregi\u00e3o. Com conte\u00fado atualizado, confi\u00e1vel e relevante, o Ubirat\u00e3 Online \u00e9 o seu espa\u00e7o para ficar por dentro dos principais acontecimentos locais, regionais, Brasil, Mundo e de interesse geral. Nosso compromisso \u00e9 com a verdade, a transpar\u00eancia e o respeito ao leitor.","legalName":"UBIRATA ONLINE NOT\u00cdCIAS","foundingDate":"2009-01-05","numberOfEmployees":{"@type":"QuantitativeValue","minValue":"1","maxValue":"10"},"publishingPrinciples":"https:\/\/ubirataonline.com.br\/faq\/","address":{"@id":"https:\/\/ubirataonline.com.br\/why-democrats-with-2028-hopes-are-calling-lina-khan-and-what-shes-telling-them-about-remaking-the-economy\/#local-main-place-address"},"geo":{"@type":"GeoCoordinates","latitude":"-24.5361401","longitude":"-52.9921776"},"telephone":["+5544998308235"],"contactPoint":{"@type":"ContactPoint","email":"contato@ubirataonline.com.br"},"openingHoursSpecification":{"@type":"OpeningHoursSpecification","dayOfWeek":["Monday","Tuesday","Wednesday","Thursday","Friday","Saturday","Sunday"],"opens":"00:00","closes":"23:59"},"email":"contato@ubirataonline.com.br","vatID":"47.621.418\/0001-80"},{"@type":"Person","@id":"https:\/\/ubirataonline.com.br\/#\/schema\/person\/372f87bbd3fdd79b8556b84c98d0bc1c","name":"REDA\u00c7\u00c3O: UBIRAT\u00c3 ONLINE - F\u00c1BIO AUGUSTO CELESTINO","pronouns":"Ele","description":"Desde 2003 trabalhando com not\u00edcias.","sameAs":["http:\/\/ubirataoline.com.br","https:\/\/www.facebook.com\/portalubirataonline","https:\/\/www.instagram.com\/ubirataonline_oficial","https:\/\/x.com\/x.com\/ubirataonline"],"honorificPrefix":"Mr.","honorificSuffix":"MD","birthDate":"1980-06-16","gender":"masculino","award":["V\u00e1rios pr\u00eamios de melhor portal da cidade"],"jobTitle":"Diretor","url":"https:\/\/ubirataonline.com.br\/en\/author\/ubirataonline\/"},{"@type":"PostalAddress","@id":"https:\/\/ubirataonline.com.br\/why-democrats-with-2028-hopes-are-calling-lina-khan-and-what-shes-telling-them-about-remaking-the-economy\/#local-main-place-address","streetAddress":"Rua dos Coqueiros, 104 - Bairro Boa Vista, Rua dos Coqueiros, 104 Bairro Boa Vista","addressLocality":"UBIRATA","postalCode":"85440-000","addressRegion":"PR","addressCountry":"BR"},{"@type":"ImageObject","inLanguage":"en-US","@id":"https:\/\/ubirataonline.com.br\/why-democrats-with-2028-hopes-are-calling-lina-khan-and-what-shes-telling-them-about-remaking-the-economy\/#local-main-organization-logo","url":"https:\/\/ubirataonline.com.br\/wp-content\/uploads\/2026\/06\/logoubirataonline-1.webp","contentUrl":"https:\/\/ubirataonline.com.br\/wp-content\/uploads\/2026\/06\/logoubirataonline-1.webp","width":500,"height":500,"caption":"Ubirat\u00e3 Online Not\u00edcias"}]},"geo.placename":"UBIRATA","geo.position":{"lat":"-24.5361401","long":"-52.9921776"},"geo.region":"Brazil"},"_links":{"self":[{"href":"https:\/\/ubirataonline.com.br\/en\/wp-json\/wp\/v2\/posts\/112668","targetHints":{"allow":["GET"]}}],"collection":[{"href":"https:\/\/ubirataonline.com.br\/en\/wp-json\/wp\/v2\/posts"}],"about":[{"href":"https:\/\/ubirataonline.com.br\/en\/wp-json\/wp\/v2\/types\/post"}],"author":[{"embeddable":true,"href":"https:\/\/ubirataonline.com.br\/en\/wp-json\/wp\/v2\/users\/1"}],"replies":[{"embeddable":true,"href":"https:\/\/ubirataonline.com.br\/en\/wp-json\/wp\/v2\/comments?post=112668"}],"version-history":[{"count":0,"href":"https:\/\/ubirataonline.com.br\/en\/wp-json\/wp\/v2\/posts\/112668\/revisions"}],"wp:featuredmedia":[{"embeddable":true,"href":"https:\/\/ubirataonline.com.br\/en\/wp-json\/wp\/v2\/media\/112669"}],"wp:attachment":[{"href":"https:\/\/ubirataonline.com.br\/en\/wp-json\/wp\/v2\/media?parent=112668"}],"wp:term":[{"taxonomy":"category","embeddable":true,"href":"https:\/\/ubirataonline.com.br\/en\/wp-json\/wp\/v2\/categories?post=112668"},{"taxonomy":"post_tag","embeddable":true,"href":"https:\/\/ubirataonline.com.br\/en\/wp-json\/wp\/v2\/tags?post=112668"}],"curies":[{"name":"wp","href":"https:\/\/api.w.org\/{rel}","templated":true}]}}