{"id":112673,"date":"2026-04-20T07:54:49","date_gmt":"2026-04-20T10:54:49","guid":{"rendered":"https:\/\/ubirataonline.com.br\/jessica-chastain-says-apple-tv-will-finally-release-the-savant\/"},"modified":"2026-04-20T07:54:52","modified_gmt":"2026-04-20T10:54:52","slug":"jessica-chastain-says-apple-tv-will-finally-release-the-savant","status":"publish","type":"post","link":"https:\/\/ubirataonline.com.br\/en\/jessica-chastain-says-apple-tv-will-finally-release-the-savant\/","title":{"rendered":"Jessica Chastain Says Apple TV Will Finally Release The Savant"},"content":{"rendered":"<p><\/p>\n<div>\n<p class=\"paragraph larva \/\/ lrv-u-margin-lr-auto  lrv-a-font-body-m\">\n\t<a href=\"https:\/\/variety.com\/t\/jessica-chastain\/\" id=\"auto-tag_jessica-chastain\" data-tag=\"jessica-chastain\">Jessica Chastain<\/a> says <a href=\"https:\/\/variety.com\/t\/apple-tv\/\" id=\"auto-tag_apple-tv\" data-tag=\"apple-tv\">Apple TV<\/a> is finally going to release her political thriller series \u201c<a href=\"https:\/\/variety.com\/t\/the-savant\/\" id=\"auto-tag_the-savant\" data-tag=\"the-savant\">The Savant<\/a>.\u201d<\/p>\n<p class=\"paragraph larva \/\/ lrv-u-margin-lr-auto  lrv-a-font-body-m\">\n\tIt was supposed to premiere in September 2025 but was postponed following the assassination of Charlie Kirk. The Oscar winner stars in the series as an investigator who goes undercover on the dark web to try to find hate groups and prevent domestic terrorism. <\/p>\n<p class=\"paragraph larva \/\/ lrv-u-margin-lr-auto  lrv-a-font-body-m\">\n\t\u201cBefore it was like, \u2018I don\u2019t know if we\u2019re going to see it,\u2019 but now I can say, \u2018We\u2019re going to see it,\u201d Chastain told me exclusively on Saturday at the Breakthrough Prize ceremony in Santa Monica.<\/p>\n<p class=\"paragraph larva \/\/ lrv-u-margin-lr-auto  lrv-a-font-body-m\">\n\tAs for when, sources tell me that Apple is planning for a July release. <\/p>\n<figure class=\"wp-block-embed is-type-rich is-provider-twitter wp-block-embed-twitter\">\n<div class=\"wp-block-embed__wrapper\">\n<blockquote class=\"twitter-tweet\" data-width=\"500\" data-dnt=\"true\">\n<p lang=\"en\" dir=\"ltr\">EXCLUSIVE: Jessica Chastain tells me that Apple TV will finally release her political thriller series &#8220;The Savant&#8221; after it was postponed in September following the assassination of Charlie Kirk. Sources now tell it will likely premiere in July.<br \/>I spoke with Jessica at tonight&#8217;s\u2026 <a href=\"https:\/\/t.co\/dJYbWaU3iD\" rel=\"nofollow\" target=\"_blank\">pic.twitter.com\/dJYbWaU3iD<\/a><\/p>\n<p>\u2014 Marc Malkin (@marcmalkin) <a href=\"https:\/\/twitter.com\/marcmalkin\/status\/2045699289452785779?ref_src=twsrc%5Etfw\" rel=\"nofollow\" target=\"_blank\">April 19, 2026<\/a><\/p><\/blockquote>\n<\/div>\n<\/figure>\n<p class=\"paragraph larva \/\/ lrv-u-margin-lr-auto  lrv-a-font-body-m\">\n\tWhen Apple TV announced the postponement on Sept. 23, it said in a statement, \u201cAfter careful consideration, we have made the decision to postpone\u00a0\u2018The Savant.\u2019 We appreciate your understanding and look forward to releasing the series at a future date.\u201d<\/p>\n<p class=\"paragraph larva \/\/ lrv-u-margin-lr-auto  lrv-a-font-body-m\">\n\tA day later, Chastain, who also serves as an executive producer on \u201cThe Savant,\u201d said in her own statement posted on Instagram that <a href=\"https:\/\/variety.com\/2025\/tv\/news\/jessica-chastain-disagrees-apple-delaying-the-savant-1236528051\/\">she disagreed with Apple\u2019s decision<\/a>. \u201cI\u2019ve never shied away from difficult subjects, and while I wish this show wasn\u2019t so relevant, unfortunately it is,\u201d <a href=\"https:\/\/www.instagram.com\/p\/DO_V2EyEZmj\/\" rel=\"nofollow\" target=\"_blank\">she wrote, in part<\/a>. \u201c\u2018The Savant\u2019 is about the heroes who work every day to stop violence before it happens, and honoring their courage feels more urgent than ever. While I respect Apple\u2019s decision to pause the release for now, I remain hopeful the show will reach audiences soon. Until then, I\u2019m wishing safety and strength for everyone, and I\u2019ll let you know if and when \u2018The Savant\u2019 is released.\u201d<\/p>\n<p class=\"paragraph larva \/\/ lrv-u-margin-lr-auto  lrv-a-font-body-m\">\n\tThe cast of the show also includes\u00a0Nnamdi Asomugha, Pablo Schreiber, James Badge Dale, Cole Doman, Michael Mosley, Dagmara Domi\u0144cczyk, Jordana Spiro, Trinity Lee Shirley, Toussaint Francois Battiste, Hannah Gross and David Wilson Barnes.<\/p>\n<\/p>\n<\/div>\n<p><script async src=\"\/\/platform.twitter.com\/widgets.js\" charset=\"utf-8\"><\/script><script async src=\"\/\/www.instagram.com\/embed.js\"><\/script><\/p>\n<p><a href=\"https:\/\/variety.com\/2026\/tv\/columns\/jessica-chastain-apple-tv-finally-release-the-savant-after-postponement-charlie-kirk-assassination-1236725384\/\">Source link <\/a><\/p>","protected":false},"excerpt":{"rendered":"<p>Jessica Chastain says Apple TV is finally going to release her political thriller series \u201cThe Savant.\u201d It was supposed to premiere in September 2025 but was postponed following the assassination of Charlie Kirk. The Oscar winner stars in the series as an investigator who goes undercover on the dark web to try to find hate [&hellip;]<\/p>\n","protected":false},"author":1,"featured_media":112674,"comment_status":"closed","ping_status":"","sticky":false,"template":"","format":"standard","meta":{"googlesitekit_rrm_CAow2JLhCw:productID":"","_gspb_post_css":"","maa_idioma":"","maa_pais":"","footnotes":""},"categories":[1],"tags":[3294,30282,12489,5804,5663,30283],"class_list":["post-112673","post","type-post","status-publish","format-standard","has-post-thumbnail","hentry","category-ubirata","tag-apple","tag-chastain","tag-finally","tag-jessica","tag-release","tag-savant"],"blocksy_meta":[],"yoast_head":"<!-- This site is optimized with the Yoast SEO Premium plugin v27.6 (Yoast SEO v27.6) - https:\/\/yoast.com\/product\/yoast-seo-premium-wordpress\/ -->\n<title>Jessica Chastain Says Apple TV Will Finally Release The Savant - Ubirat\u00e3 Online Not\u00edcias - A realidade ao seu alcance!<\/title>\n<meta name=\"description\" content=\"Jessica Chastain says Apple TV is finally going to release her political thriller series \u201cThe Savant.\u201d It was supposed to premiere in September 2025 but\" \/>\n<meta name=\"robots\" content=\"index, follow, max-snippet:-1, max-image-preview:large, max-video-preview:-1\" \/>\n<link rel=\"canonical\" href=\"https:\/\/ubirataonline.com.br\/en\/jessica-chastain-says-apple-tv-will-finally-release-the-savant\/\" \/>\n<meta property=\"og:locale\" content=\"en_US\" \/>\n<meta property=\"og:type\" content=\"article\" \/>\n<meta property=\"og:title\" content=\"Jessica Chastain Says Apple TV Will Finally Release The Savant\" \/>\n<meta property=\"og:description\" content=\"Jessica Chastain says Apple TV is finally going to release her political thriller series \u201cThe Savant.\u201d It was supposed to premiere in September 2025 but\" \/>\n<meta property=\"og:url\" content=\"https:\/\/ubirataonline.com.br\/en\/jessica-chastain-says-apple-tv-will-finally-release-the-savant\/\" \/>\n<meta property=\"og:site_name\" content=\"Ubirat\u00e3 Online Not\u00edcias - A realidade ao seu alcance!\" \/>\n<meta property=\"article:publisher\" content=\"https:\/\/www.facebook.com\/portalubirataonline\" \/>\n<meta property=\"article:author\" content=\"https:\/\/www.facebook.com\/portalubirataonline\" \/>\n<meta property=\"article:published_time\" content=\"2026-04-20T10:54:49+00:00\" \/>\n<meta property=\"article:modified_time\" content=\"2026-04-20T10:54:52+00:00\" \/>\n<meta property=\"og:image\" content=\"https:\/\/ubirataonline.com.br\/wp-content\/uploads\/2026\/04\/Jessica-Chastain-Says-Apple-TV-Will-Finally-Release-The-Savant.jpg\" \/>\n\t<meta property=\"og:image:width\" content=\"1000\" \/>\n\t<meta property=\"og:image:height\" content=\"563\" \/>\n\t<meta property=\"og:image:type\" content=\"image\/jpeg\" \/>\n<meta name=\"author\" content=\"REDA\u00c7\u00c3O: UBIRAT\u00c3 ONLINE - F\u00c1BIO AUGUSTO CELESTINO\" \/>\n<meta name=\"twitter:card\" content=\"summary_large_image\" \/>\n<meta name=\"twitter:creator\" content=\"@x.com\/ubirataonline\" \/>\n<meta name=\"twitter:site\" content=\"@ubirataonline\" \/>\n<meta name=\"twitter:label1\" content=\"Written by\" \/>\n\t<meta name=\"twitter:data1\" content=\"REDA\u00c7\u00c3O: UBIRAT\u00c3 ONLINE - F\u00c1BIO AUGUSTO CELESTINO\" \/>\n\t<meta name=\"twitter:label2\" content=\"Est. reading time\" \/>\n\t<meta name=\"twitter:data2\" content=\"2 minutes\" \/>\n<script type=\"application\/ld+json\" class=\"yoast-schema-graph\">{\"@context\":\"https:\\\/\\\/schema.org\",\"@graph\":[{\"@type\":\"NewsArticle\",\"@id\":\"https:\\\/\\\/ubirataonline.com.br\\\/jessica-chastain-says-apple-tv-will-finally-release-the-savant\\\/#article\",\"isPartOf\":{\"@id\":\"https:\\\/\\\/ubirataonline.com.br\\\/jessica-chastain-says-apple-tv-will-finally-release-the-savant\\\/\"},\"author\":{\"name\":\"REDA\u00c7\u00c3O: UBIRAT\u00c3 ONLINE - F\u00c1BIO AUGUSTO CELESTINO\",\"@id\":\"https:\\\/\\\/ubirataonline.com.br\\\/#\\\/schema\\\/person\\\/372f87bbd3fdd79b8556b84c98d0bc1c\"},\"headline\":\"Jessica Chastain Says Apple TV Will Finally Release The Savant\",\"datePublished\":\"2026-04-20T10:54:49+00:00\",\"dateModified\":\"2026-04-20T10:54:52+00:00\",\"mainEntityOfPage\":{\"@id\":\"https:\\\/\\\/ubirataonline.com.br\\\/jessica-chastain-says-apple-tv-will-finally-release-the-savant\\\/\"},\"wordCount\":377,\"publisher\":{\"@id\":\"https:\\\/\\\/ubirataonline.com.br\\\/#organization\"},\"image\":{\"@id\":\"https:\\\/\\\/ubirataonline.com.br\\\/jessica-chastain-says-apple-tv-will-finally-release-the-savant\\\/#primaryimage\"},\"thumbnailUrl\":\"https:\\\/\\\/ubirataonline.com.br\\\/wp-content\\\/uploads\\\/2026\\\/04\\\/Jessica-Chastain-Says-Apple-TV-Will-Finally-Release-The-Savant.jpg\",\"keywords\":[\"Apple\",\"Chastain\",\"finally\",\"Jessica\",\"Release\",\"Savant\"],\"articleSection\":[\"Ubirat\u00e3\"],\"inLanguage\":\"en-US\",\"copyrightYear\":\"2026\",\"copyrightHolder\":{\"@id\":\"https:\\\/\\\/ubirataonline.com.br\\\/en\\\/#organization\"}},{\"@type\":\"WebPage\",\"@id\":\"https:\\\/\\\/ubirataonline.com.br\\\/jessica-chastain-says-apple-tv-will-finally-release-the-savant\\\/\",\"url\":\"https:\\\/\\\/ubirataonline.com.br\\\/jessica-chastain-says-apple-tv-will-finally-release-the-savant\\\/\",\"name\":\"Jessica Chastain Says Apple TV Will Finally Release The Savant - Ubirat\u00e3 Online Not\u00edcias - A realidade ao seu alcance!\",\"isPartOf\":{\"@id\":\"https:\\\/\\\/ubirataonline.com.br\\\/#website\"},\"primaryImageOfPage\":{\"@id\":\"https:\\\/\\\/ubirataonline.com.br\\\/jessica-chastain-says-apple-tv-will-finally-release-the-savant\\\/#primaryimage\"},\"image\":{\"@id\":\"https:\\\/\\\/ubirataonline.com.br\\\/jessica-chastain-says-apple-tv-will-finally-release-the-savant\\\/#primaryimage\"},\"thumbnailUrl\":\"https:\\\/\\\/ubirataonline.com.br\\\/wp-content\\\/uploads\\\/2026\\\/04\\\/Jessica-Chastain-Says-Apple-TV-Will-Finally-Release-The-Savant.jpg\",\"datePublished\":\"2026-04-20T10:54:49+00:00\",\"dateModified\":\"2026-04-20T10:54:52+00:00\",\"description\":\"Jessica Chastain says Apple TV is finally going to release her political thriller series \u201cThe Savant.\u201d It was supposed to premiere in September 2025 but\",\"breadcrumb\":{\"@id\":\"https:\\\/\\\/ubirataonline.com.br\\\/jessica-chastain-says-apple-tv-will-finally-release-the-savant\\\/#breadcrumb\"},\"inLanguage\":\"en-US\",\"potentialAction\":[{\"@type\":\"ReadAction\",\"target\":[\"https:\\\/\\\/ubirataonline.com.br\\\/jessica-chastain-says-apple-tv-will-finally-release-the-savant\\\/\"]}]},{\"@type\":\"ImageObject\",\"inLanguage\":\"en-US\",\"@id\":\"https:\\\/\\\/ubirataonline.com.br\\\/jessica-chastain-says-apple-tv-will-finally-release-the-savant\\\/#primaryimage\",\"url\":\"https:\\\/\\\/ubirataonline.com.br\\\/wp-content\\\/uploads\\\/2026\\\/04\\\/Jessica-Chastain-Says-Apple-TV-Will-Finally-Release-The-Savant.jpg\",\"contentUrl\":\"https:\\\/\\\/ubirataonline.com.br\\\/wp-content\\\/uploads\\\/2026\\\/04\\\/Jessica-Chastain-Says-Apple-TV-Will-Finally-Release-The-Savant.jpg\",\"width\":1000,\"height\":563,\"caption\":\"Gilbert Flores\\\/Variety\"},{\"@type\":\"BreadcrumbList\",\"@id\":\"https:\\\/\\\/ubirataonline.com.br\\\/jessica-chastain-says-apple-tv-will-finally-release-the-savant\\\/#breadcrumb\",\"itemListElement\":[{\"@type\":\"ListItem\",\"position\":1,\"name\":\"In\u00edcio\",\"item\":\"https:\\\/\\\/ubirataonline.com.br\\\/\"},{\"@type\":\"ListItem\",\"position\":2,\"name\":\"Jessica Chastain Says Apple TV Will Finally Release The Savant\"}]},{\"@type\":\"WebSite\",\"@id\":\"https:\\\/\\\/ubirataonline.com.br\\\/#website\",\"url\":\"https:\\\/\\\/ubirataonline.com.br\\\/\",\"name\":\"Ubirat\u00e3 Online Not\u00edcias\",\"description\":\"Not\u00edcias de Ubirat\u00e3, regi\u00e3o, Brasil e mundo, com informa\u00e7\u00e3o atualizada e compromisso com o leitor.\",\"publisher\":{\"@id\":\"https:\\\/\\\/ubirataonline.com.br\\\/#organization\"},\"alternateName\":\"Ubirat\u00e3 Online\",\"potentialAction\":[{\"@type\":\"SearchAction\",\"target\":{\"@type\":\"EntryPoint\",\"urlTemplate\":\"https:\\\/\\\/ubirataonline.com.br\\\/?s={search_term_string}\"},\"query-input\":{\"@type\":\"PropertyValueSpecification\",\"valueRequired\":true,\"valueName\":\"search_term_string\"}}],\"inLanguage\":\"en-US\"},{\"@type\":[\"Organization\",\"Place\"],\"@id\":\"https:\\\/\\\/ubirataonline.com.br\\\/#organization\",\"name\":\"Ubirat\u00e3 Online Not\u00edcias\",\"alternateName\":\"Ubirat\u00e3 Online\",\"url\":\"https:\\\/\\\/ubirataonline.com.br\\\/\",\"logo\":{\"@id\":\"https:\\\/\\\/ubirataonline.com.br\\\/jessica-chastain-says-apple-tv-will-finally-release-the-savant\\\/#local-main-organization-logo\"},\"image\":{\"@id\":\"https:\\\/\\\/ubirataonline.com.br\\\/jessica-chastain-says-apple-tv-will-finally-release-the-savant\\\/#local-main-organization-logo\"},\"sameAs\":[\"https:\\\/\\\/www.facebook.com\\\/portalubirataonline\",\"https:\\\/\\\/x.com\\\/ubirataonline\",\"https:\\\/\\\/mastodon.social\\\/@ubirataonline\",\"https:\\\/\\\/www.facebook.com\\\/groups\\\/311144672285604\",\"https:\\\/\\\/www.facebook.com\\\/UBTAOnline\",\"https:\\\/\\\/www.instagram.com\\\/portalubirataonline\\\/\",\"https:\\\/\\\/twitter.com\\\/ubirataonline\"],\"description\":\"Somos um portal de not\u00edcias independente, criado em 5 de janeiro de 2009, com o objetivo de informar, conectar e valorizar a nossa comunidade de Ubirat\u00e3 e toda aregi\u00e3o. Com conte\u00fado atualizado, confi\u00e1vel e relevante, o Ubirat\u00e3 Online \u00e9 o seu espa\u00e7o para ficar por dentro dos principais acontecimentos locais, regionais, Brasil, Mundo e de interesse geral. Nosso compromisso \u00e9 com a verdade, a transpar\u00eancia e o respeito ao leitor.\",\"legalName\":\"UBIRATA ONLINE NOT\u00cdCIAS\",\"foundingDate\":\"2009-01-05\",\"numberOfEmployees\":{\"@type\":\"QuantitativeValue\",\"minValue\":\"1\",\"maxValue\":\"10\"},\"publishingPrinciples\":\"https:\\\/\\\/ubirataonline.com.br\\\/faq\\\/\",\"address\":{\"@id\":\"https:\\\/\\\/ubirataonline.com.br\\\/jessica-chastain-says-apple-tv-will-finally-release-the-savant\\\/#local-main-place-address\"},\"geo\":{\"@type\":\"GeoCoordinates\",\"latitude\":\"-24.5361401\",\"longitude\":\"-52.9921776\"},\"telephone\":[\"+5544998308235\"],\"contactPoint\":{\"@type\":\"ContactPoint\",\"email\":\"contato@ubirataonline.com.br\"},\"openingHoursSpecification\":{\"@type\":\"OpeningHoursSpecification\",\"dayOfWeek\":[\"Monday\",\"Tuesday\",\"Wednesday\",\"Thursday\",\"Friday\",\"Saturday\",\"Sunday\"],\"opens\":\"00:00\",\"closes\":\"23:59\"},\"email\":\"contato@ubirataonline.com.br\",\"vatID\":\"47.621.418\\\/0001-80\"},{\"@type\":\"Person\",\"@id\":\"https:\\\/\\\/ubirataonline.com.br\\\/#\\\/schema\\\/person\\\/372f87bbd3fdd79b8556b84c98d0bc1c\",\"name\":\"REDA\u00c7\u00c3O: UBIRAT\u00c3 ONLINE - F\u00c1BIO AUGUSTO CELESTINO\",\"pronouns\":\"Ele\",\"description\":\"Desde 2003 trabalhando com not\u00edcias.\",\"sameAs\":[\"http:\\\/\\\/ubirataoline.com.br\",\"https:\\\/\\\/www.facebook.com\\\/portalubirataonline\",\"https:\\\/\\\/www.instagram.com\\\/ubirataonline_oficial\",\"https:\\\/\\\/x.com\\\/x.com\\\/ubirataonline\"],\"honorificPrefix\":\"Mr.\",\"honorificSuffix\":\"MD\",\"birthDate\":\"1980-06-16\",\"gender\":\"masculino\",\"award\":[\"V\u00e1rios pr\u00eamios de melhor portal da cidade\"],\"jobTitle\":\"Diretor\",\"url\":\"https:\\\/\\\/ubirataonline.com.br\\\/en\\\/author\\\/ubirataonline\\\/\"},{\"@type\":\"PostalAddress\",\"@id\":\"https:\\\/\\\/ubirataonline.com.br\\\/jessica-chastain-says-apple-tv-will-finally-release-the-savant\\\/#local-main-place-address\",\"streetAddress\":\"Rua dos Coqueiros, 104 - Bairro Boa Vista, Rua dos Coqueiros, 104 Bairro Boa Vista\",\"addressLocality\":\"UBIRATA\",\"postalCode\":\"85440-000\",\"addressRegion\":\"PR\",\"addressCountry\":\"BR\"},{\"@type\":\"ImageObject\",\"inLanguage\":\"en-US\",\"@id\":\"https:\\\/\\\/ubirataonline.com.br\\\/jessica-chastain-says-apple-tv-will-finally-release-the-savant\\\/#local-main-organization-logo\",\"url\":\"https:\\\/\\\/ubirataonline.com.br\\\/wp-content\\\/uploads\\\/2026\\\/06\\\/logoubirataonline-1.webp\",\"contentUrl\":\"https:\\\/\\\/ubirataonline.com.br\\\/wp-content\\\/uploads\\\/2026\\\/06\\\/logoubirataonline-1.webp\",\"width\":500,\"height\":500,\"caption\":\"Ubirat\u00e3 Online Not\u00edcias\"}]}<\/script>\n<meta name=\"geo.placename\" content=\"UBIRATA\" \/>\n<meta name=\"geo.position\" content=\"-24.5361401;-52.9921776\" \/>\n<meta name=\"geo.region\" content=\"Brazil\" \/>\n<!-- \/ Yoast SEO Premium plugin. -->","yoast_head_json":{"title":"Jessica Chastain Says Apple TV Will Finally Release The Savant - Ubirat\u00e3 Online Not\u00edcias - A realidade ao seu alcance!","description":"Jessica Chastain says Apple TV is finally going to release her political thriller series \u201cThe Savant.\u201d It was supposed to premiere in September 2025 but","robots":{"index":"index","follow":"follow","max-snippet":"max-snippet:-1","max-image-preview":"max-image-preview:large","max-video-preview":"max-video-preview:-1"},"canonical":"https:\/\/ubirataonline.com.br\/en\/jessica-chastain-says-apple-tv-will-finally-release-the-savant\/","og_locale":"en_US","og_type":"article","og_title":"Jessica Chastain Says Apple TV Will Finally Release The Savant","og_description":"Jessica Chastain says Apple TV is finally going to release her political thriller series \u201cThe Savant.\u201d It was supposed to premiere in September 2025 but","og_url":"https:\/\/ubirataonline.com.br\/en\/jessica-chastain-says-apple-tv-will-finally-release-the-savant\/","og_site_name":"Ubirat\u00e3 Online Not\u00edcias - A realidade ao seu alcance!","article_publisher":"https:\/\/www.facebook.com\/portalubirataonline","article_author":"https:\/\/www.facebook.com\/portalubirataonline","article_published_time":"2026-04-20T10:54:49+00:00","article_modified_time":"2026-04-20T10:54:52+00:00","og_image":[{"width":1000,"height":563,"url":"https:\/\/ubirataonline.com.br\/wp-content\/uploads\/2026\/04\/Jessica-Chastain-Says-Apple-TV-Will-Finally-Release-The-Savant.jpg","type":"image\/jpeg"}],"author":"REDA\u00c7\u00c3O: UBIRAT\u00c3 ONLINE - F\u00c1BIO AUGUSTO CELESTINO","twitter_card":"summary_large_image","twitter_creator":"@x.com\/ubirataonline","twitter_site":"@ubirataonline","twitter_misc":{"Written by":"REDA\u00c7\u00c3O: UBIRAT\u00c3 ONLINE - F\u00c1BIO AUGUSTO CELESTINO","Est. reading time":"2 minutes"},"schema":{"@context":"https:\/\/schema.org","@graph":[{"@type":"NewsArticle","@id":"https:\/\/ubirataonline.com.br\/jessica-chastain-says-apple-tv-will-finally-release-the-savant\/#article","isPartOf":{"@id":"https:\/\/ubirataonline.com.br\/jessica-chastain-says-apple-tv-will-finally-release-the-savant\/"},"author":{"name":"REDA\u00c7\u00c3O: UBIRAT\u00c3 ONLINE - F\u00c1BIO AUGUSTO CELESTINO","@id":"https:\/\/ubirataonline.com.br\/#\/schema\/person\/372f87bbd3fdd79b8556b84c98d0bc1c"},"headline":"Jessica Chastain Says Apple TV Will Finally Release The Savant","datePublished":"2026-04-20T10:54:49+00:00","dateModified":"2026-04-20T10:54:52+00:00","mainEntityOfPage":{"@id":"https:\/\/ubirataonline.com.br\/jessica-chastain-says-apple-tv-will-finally-release-the-savant\/"},"wordCount":377,"publisher":{"@id":"https:\/\/ubirataonline.com.br\/#organization"},"image":{"@id":"https:\/\/ubirataonline.com.br\/jessica-chastain-says-apple-tv-will-finally-release-the-savant\/#primaryimage"},"thumbnailUrl":"https:\/\/ubirataonline.com.br\/wp-content\/uploads\/2026\/04\/Jessica-Chastain-Says-Apple-TV-Will-Finally-Release-The-Savant.jpg","keywords":["Apple","Chastain","finally","Jessica","Release","Savant"],"articleSection":["Ubirat\u00e3"],"inLanguage":"en-US","copyrightYear":"2026","copyrightHolder":{"@id":"https:\/\/ubirataonline.com.br\/en\/#organization"}},{"@type":"WebPage","@id":"https:\/\/ubirataonline.com.br\/jessica-chastain-says-apple-tv-will-finally-release-the-savant\/","url":"https:\/\/ubirataonline.com.br\/jessica-chastain-says-apple-tv-will-finally-release-the-savant\/","name":"Jessica Chastain Says Apple TV Will Finally Release The Savant - Ubirat\u00e3 Online Not\u00edcias - A realidade ao seu alcance!","isPartOf":{"@id":"https:\/\/ubirataonline.com.br\/#website"},"primaryImageOfPage":{"@id":"https:\/\/ubirataonline.com.br\/jessica-chastain-says-apple-tv-will-finally-release-the-savant\/#primaryimage"},"image":{"@id":"https:\/\/ubirataonline.com.br\/jessica-chastain-says-apple-tv-will-finally-release-the-savant\/#primaryimage"},"thumbnailUrl":"https:\/\/ubirataonline.com.br\/wp-content\/uploads\/2026\/04\/Jessica-Chastain-Says-Apple-TV-Will-Finally-Release-The-Savant.jpg","datePublished":"2026-04-20T10:54:49+00:00","dateModified":"2026-04-20T10:54:52+00:00","description":"Jessica Chastain says Apple TV is finally going to release her political thriller series \u201cThe Savant.\u201d It was supposed to premiere in September 2025 but","breadcrumb":{"@id":"https:\/\/ubirataonline.com.br\/jessica-chastain-says-apple-tv-will-finally-release-the-savant\/#breadcrumb"},"inLanguage":"en-US","potentialAction":[{"@type":"ReadAction","target":["https:\/\/ubirataonline.com.br\/jessica-chastain-says-apple-tv-will-finally-release-the-savant\/"]}]},{"@type":"ImageObject","inLanguage":"en-US","@id":"https:\/\/ubirataonline.com.br\/jessica-chastain-says-apple-tv-will-finally-release-the-savant\/#primaryimage","url":"https:\/\/ubirataonline.com.br\/wp-content\/uploads\/2026\/04\/Jessica-Chastain-Says-Apple-TV-Will-Finally-Release-The-Savant.jpg","contentUrl":"https:\/\/ubirataonline.com.br\/wp-content\/uploads\/2026\/04\/Jessica-Chastain-Says-Apple-TV-Will-Finally-Release-The-Savant.jpg","width":1000,"height":563,"caption":"Gilbert Flores\/Variety"},{"@type":"BreadcrumbList","@id":"https:\/\/ubirataonline.com.br\/jessica-chastain-says-apple-tv-will-finally-release-the-savant\/#breadcrumb","itemListElement":[{"@type":"ListItem","position":1,"name":"In\u00edcio","item":"https:\/\/ubirataonline.com.br\/"},{"@type":"ListItem","position":2,"name":"Jessica Chastain Says Apple TV Will Finally Release The Savant"}]},{"@type":"WebSite","@id":"https:\/\/ubirataonline.com.br\/#website","url":"https:\/\/ubirataonline.com.br\/","name":"Ubirat\u00e3 Online Not\u00edcias","description":"Not\u00edcias de Ubirat\u00e3, regi\u00e3o, Brasil e mundo, com informa\u00e7\u00e3o atualizada e compromisso com o leitor.","publisher":{"@id":"https:\/\/ubirataonline.com.br\/#organization"},"alternateName":"Ubirat\u00e3 Online","potentialAction":[{"@type":"SearchAction","target":{"@type":"EntryPoint","urlTemplate":"https:\/\/ubirataonline.com.br\/?s={search_term_string}"},"query-input":{"@type":"PropertyValueSpecification","valueRequired":true,"valueName":"search_term_string"}}],"inLanguage":"en-US"},{"@type":["Organization","Place"],"@id":"https:\/\/ubirataonline.com.br\/#organization","name":"Ubirat\u00e3 Online Not\u00edcias","alternateName":"Ubirat\u00e3 Online","url":"https:\/\/ubirataonline.com.br\/","logo":{"@id":"https:\/\/ubirataonline.com.br\/jessica-chastain-says-apple-tv-will-finally-release-the-savant\/#local-main-organization-logo"},"image":{"@id":"https:\/\/ubirataonline.com.br\/jessica-chastain-says-apple-tv-will-finally-release-the-savant\/#local-main-organization-logo"},"sameAs":["https:\/\/www.facebook.com\/portalubirataonline","https:\/\/x.com\/ubirataonline","https:\/\/mastodon.social\/@ubirataonline","https:\/\/www.facebook.com\/groups\/311144672285604","https:\/\/www.facebook.com\/UBTAOnline","https:\/\/www.instagram.com\/portalubirataonline\/","https:\/\/twitter.com\/ubirataonline"],"description":"Somos um portal de not\u00edcias independente, criado em 5 de janeiro de 2009, com o objetivo de informar, conectar e valorizar a nossa comunidade de Ubirat\u00e3 e toda aregi\u00e3o. Com conte\u00fado atualizado, confi\u00e1vel e relevante, o Ubirat\u00e3 Online \u00e9 o seu espa\u00e7o para ficar por dentro dos principais acontecimentos locais, regionais, Brasil, Mundo e de interesse geral. Nosso compromisso \u00e9 com a verdade, a transpar\u00eancia e o respeito ao leitor.","legalName":"UBIRATA ONLINE NOT\u00cdCIAS","foundingDate":"2009-01-05","numberOfEmployees":{"@type":"QuantitativeValue","minValue":"1","maxValue":"10"},"publishingPrinciples":"https:\/\/ubirataonline.com.br\/faq\/","address":{"@id":"https:\/\/ubirataonline.com.br\/jessica-chastain-says-apple-tv-will-finally-release-the-savant\/#local-main-place-address"},"geo":{"@type":"GeoCoordinates","latitude":"-24.5361401","longitude":"-52.9921776"},"telephone":["+5544998308235"],"contactPoint":{"@type":"ContactPoint","email":"contato@ubirataonline.com.br"},"openingHoursSpecification":{"@type":"OpeningHoursSpecification","dayOfWeek":["Monday","Tuesday","Wednesday","Thursday","Friday","Saturday","Sunday"],"opens":"00:00","closes":"23:59"},"email":"contato@ubirataonline.com.br","vatID":"47.621.418\/0001-80"},{"@type":"Person","@id":"https:\/\/ubirataonline.com.br\/#\/schema\/person\/372f87bbd3fdd79b8556b84c98d0bc1c","name":"REDA\u00c7\u00c3O: UBIRAT\u00c3 ONLINE - F\u00c1BIO AUGUSTO CELESTINO","pronouns":"Ele","description":"Desde 2003 trabalhando com not\u00edcias.","sameAs":["http:\/\/ubirataoline.com.br","https:\/\/www.facebook.com\/portalubirataonline","https:\/\/www.instagram.com\/ubirataonline_oficial","https:\/\/x.com\/x.com\/ubirataonline"],"honorificPrefix":"Mr.","honorificSuffix":"MD","birthDate":"1980-06-16","gender":"masculino","award":["V\u00e1rios pr\u00eamios de melhor portal da cidade"],"jobTitle":"Diretor","url":"https:\/\/ubirataonline.com.br\/en\/author\/ubirataonline\/"},{"@type":"PostalAddress","@id":"https:\/\/ubirataonline.com.br\/jessica-chastain-says-apple-tv-will-finally-release-the-savant\/#local-main-place-address","streetAddress":"Rua dos Coqueiros, 104 - Bairro Boa Vista, Rua dos Coqueiros, 104 Bairro Boa Vista","addressLocality":"UBIRATA","postalCode":"85440-000","addressRegion":"PR","addressCountry":"BR"},{"@type":"ImageObject","inLanguage":"en-US","@id":"https:\/\/ubirataonline.com.br\/jessica-chastain-says-apple-tv-will-finally-release-the-savant\/#local-main-organization-logo","url":"https:\/\/ubirataonline.com.br\/wp-content\/uploads\/2026\/06\/logoubirataonline-1.webp","contentUrl":"https:\/\/ubirataonline.com.br\/wp-content\/uploads\/2026\/06\/logoubirataonline-1.webp","width":500,"height":500,"caption":"Ubirat\u00e3 Online Not\u00edcias"}]},"geo.placename":"UBIRATA","geo.position":{"lat":"-24.5361401","long":"-52.9921776"},"geo.region":"Brazil"},"_links":{"self":[{"href":"https:\/\/ubirataonline.com.br\/en\/wp-json\/wp\/v2\/posts\/112673","targetHints":{"allow":["GET"]}}],"collection":[{"href":"https:\/\/ubirataonline.com.br\/en\/wp-json\/wp\/v2\/posts"}],"about":[{"href":"https:\/\/ubirataonline.com.br\/en\/wp-json\/wp\/v2\/types\/post"}],"author":[{"embeddable":true,"href":"https:\/\/ubirataonline.com.br\/en\/wp-json\/wp\/v2\/users\/1"}],"replies":[{"embeddable":true,"href":"https:\/\/ubirataonline.com.br\/en\/wp-json\/wp\/v2\/comments?post=112673"}],"version-history":[{"count":0,"href":"https:\/\/ubirataonline.com.br\/en\/wp-json\/wp\/v2\/posts\/112673\/revisions"}],"wp:featuredmedia":[{"embeddable":true,"href":"https:\/\/ubirataonline.com.br\/en\/wp-json\/wp\/v2\/media\/112674"}],"wp:attachment":[{"href":"https:\/\/ubirataonline.com.br\/en\/wp-json\/wp\/v2\/media?parent=112673"}],"wp:term":[{"taxonomy":"category","embeddable":true,"href":"https:\/\/ubirataonline.com.br\/en\/wp-json\/wp\/v2\/categories?post=112673"},{"taxonomy":"post_tag","embeddable":true,"href":"https:\/\/ubirataonline.com.br\/en\/wp-json\/wp\/v2\/tags?post=112673"}],"curies":[{"name":"wp","href":"https:\/\/api.w.org\/{rel}","templated":true}]}}