{"id":112679,"date":"2026-04-20T07:58:52","date_gmt":"2026-04-20T10:58:52","guid":{"rendered":"https:\/\/ubirataonline.com.br\/mark-carney-says-canadas-economic-ties-with-u-s-are-a-weakness-that-must-be-corrected\/"},"modified":"2026-04-20T07:58:55","modified_gmt":"2026-04-20T10:58:55","slug":"mark-carney-says-canadas-economic-ties-with-u-s-are-a-weakness-that-must-be-corrected","status":"publish","type":"post","link":"https:\/\/ubirataonline.com.br\/en\/mark-carney-says-canadas-economic-ties-with-u-s-are-a-weakness-that-must-be-corrected\/","title":{"rendered":"Mark Carney says Canada&#8217;s economic ties with U.S. are a weakness that must be corrected"},"content":{"rendered":"<p><br \/>\n<\/p>\n<div>\n<p id=\"anchor-d2e769\" class=\"body-graf\">VANCOUVER, British Columbia \u2014 Canadian Prime Minister Mark Carney said in a video address released Sunday that Canada\u2019s strong economic ties to the United States were once a strength but are now a weakness that must be corrected.<\/p>\n<p><button class=\"styles_subscriptionCTA__LOUeY\" id=\"subscriptionCTA\" type=\"button\"><\/p>\n<div class=\"styles_textWrapper__vxvko\">\n<p class=\"styles_text__daaVB styles_textLarge__qlzwu\">Subscribe to read this story ad-free    <\/p>\n<p class=\"styles_text__daaVB\">Get unlimited access to ad-free articles and exclusive content.<\/p>\n<\/div>\n<p><img decoding=\"async\" src=\"https:\/\/media-cldnry.s-nbcnews.com\/image\/upload\/rockcms\/2026-01\/arrow-f55fa5.svg\" alt=\"arrow\" class=\"styles_arrow__tnruW\" aria-hidden=\"true\"\/><\/button><\/p>\n<p id=\"anchor-fc59c8\" class=\"body-graf\">In the 10-minute address, Carney spoke about his government\u2019s efforts to strengthen the Canadian economy by attracting new investments and signing trade deals with other countries.<\/p>\n<p id=\"anchor-f5f2fb\" class=\"body-graf\">\u201cThe world is more dangerous and divided,\u201d Carney said. \u201cThe U.S. has fundamentally changed its approach to trade, raising its tariffs to levels last seen during the Great Depression.<\/p>\n<p id=\"anchor-c55172\" class=\"body-graf\">\u201cMany of our former strengths, based on our close ties to America, have become weaknesses. Weaknesses that we must correct.\u201d<\/p>\n<p id=\"anchor-24d7ba\" class=\"body-graf\">Carney said <a href=\"https:\/\/apnews.com\/article\/congress-tariffs-trump-canada-db591b69fbc3d867a82c7ae22d7e308b\">tariffs<\/a> imposed by U.S. President Donald Trump have affected workers in the auto and steel industries. He added that businesses are holding back investments \u201crestrained by the pall of uncertainty that\u2019s hanging over all of us.\u201d<\/p>\n<p id=\"anchor-3953c8\" class=\"body-graf\">Many Canadians have also been angered by Trumps comments suggesting Canada become the 51st state.<\/p>\n<p id=\"anchor-181721\" class=\"body-graf\">Carney said he plans to give Canadians regular updates on his government\u2019s efforts to diversify away from the U.S.<\/p>\n<p id=\"anchor-031c89\" class=\"body-graf\">\u201cSecurity can\u2019t be achieved by ignoring the obvious or downplaying the very real threats that we Canadians face,\u201d he said. \u201cI promise you I will never sugarcoat our challenges.\u201d<\/p>\n<p id=\"anchor-e21d28\" class=\"body-graf\">It\u2019s not the first time Carney, who served as a central bank governor, first at the Bank of Canada and later with the Bank of England, has spoken about a shift in world power.<\/p>\n<p id=\"anchor-13b28d\" class=\"body-graf\">During a speech in January at the World Economic Forum in Davos, Switzerland, he received widespread praise for condemning economic coercion by great powers against small countries.<\/p>\n<p id=\"anchor-7dadb7\" class=\"body-graf\">His remarks brought a <a href=\"https:\/\/apnews.com\/article\/carney-canada-davos-trump-eee151f749f35c8b30a9ff4a9525d0be\">rebuke from Trump<\/a>.<\/p>\n<p id=\"anchor-4562c2\" class=\"body-graf\">\u201cCanada lives because of the United States,\u201d Trump said after the speech. \u201cRemember that, Mark, the next time you make your statements.\u201d<\/p>\n<p id=\"anchor-c5737e\" class=\"body-graf\">There was no immediate White House reaction Sunday to the address.<\/p>\n<p id=\"anchor-cedd0f\" class=\"body-graf\">Carney\u2019s comments came days after securing a majority government following special election wins and as the opposition Conservatives push him to deliver a U.S. trade deal, which was among his promises in last year\u2019s election.<\/p>\n<p id=\"anchor-41832d\" class=\"body-graf\">A review of the current version of the <a href=\"https:\/\/apnews.com\/article\/canada-us-trade-minister-trump-510b229da16a7796482f456d87e2671a\">North American Free Trade Agreement<\/a> between Canada, the U.S. and Mexico is scheduled for July.<\/p>\n<p id=\"anchor-3462b0\" class=\"body-graf\">In his address, Carney said he wants to attract new investments into Canada, double the size of clean energy capacity and reduce trade barriers within the country. He also emphasized Canada\u2019s increased defense spending, reduction in taxes and efforts to make housing more affordable.<\/p>\n<p id=\"anchor-ed280c\" class=\"body-graf\">\u201cWe have to take care of ourselves because we can\u2019t rely on one foreign partner,\u201d he said. \u201cWe can\u2019t control the disruption coming from our neighbors. We can\u2019t control our future on the hope it will suddenly stop.<\/p>\n<p id=\"anchor-14f12a\" class=\"body-graf\">\u201cWe can control what happens here. We can build a stronger country that can withstand disruptions from aboard.\u201d<\/p>\n<p id=\"anchor-52cb3b\" class=\"body-graf\">Carney said simply hoping the \u201cUnited States will return to normal\u201d is not a feasible strategy.<\/p>\n<p id=\"anchor-8c639f\" class=\"body-graf\">\u201cHope isn\u2019t a plan and nostalgia is not a strategy,\u201d he said.<\/p>\n<p id=\"anchor-3916f4\" class=\"body-graf\">Carney said Canada has \u201cbeen a great neighbor\u201d standing with the U.S. in conflicts including Afghanistan, plus two World Wars.<\/p>\n<p id=\"anchor-862ce2\" class=\"endmark body-graf\">\u201cThe U.S. has changed and we must respond,\u201d he said. \u201cIt\u2019s about taking back control of our security, our borders and our future.\u201d<\/p>\n<\/div>\n<p><br \/>\n<br \/><a href=\"https:\/\/www.nbcnews.com\/world\/canada\/mark-carney-says-canadas-economic-ties-us-are-weakness-must-corrected-rcna340935\">Source link <\/a><\/p>","protected":false},"excerpt":{"rendered":"<p>VANCOUVER, British Columbia \u2014 Canadian Prime Minister Mark Carney said in a video address released Sunday that Canada\u2019s strong economic ties to the United States were once a strength but are now a weakness that must be corrected. Subscribe to read this story ad-free Get unlimited access to ad-free articles and exclusive content. In the [&hellip;]<\/p>\n","protected":false},"author":1,"featured_media":112680,"comment_status":"closed","ping_status":"","sticky":false,"template":"","format":"standard","meta":{"googlesitekit_rrm_CAow2JLhCw:productID":"","_gspb_post_css":"","maa_idioma":"","maa_pais":"","footnotes":""},"categories":[1],"tags":[19590,14909,30286,16301,6949,7647,4670,7783],"class_list":["post-112679","post","type-post","status-publish","format-standard","has-post-thumbnail","hentry","category-ubirata","tag-canadas","tag-carney","tag-corrected","tag-economic","tag-mark","tag-ties","tag-u-s","tag-weakness"],"blocksy_meta":[],"yoast_head":"<!-- This site is optimized with the Yoast SEO Premium plugin v27.6 (Yoast SEO v27.6) - https:\/\/yoast.com\/product\/yoast-seo-premium-wordpress\/ -->\n<title>Mark Carney says Canada&#039;s economic ties with U.S. are a weakness that must be corrected - Ubirat\u00e3 Online Not\u00edcias - A realidade ao seu alcance!<\/title>\n<meta name=\"description\" content=\"VANCOUVER, British Columbia \u2014 Canadian Prime Minister Mark Carney said in a video address released Sunday that Canada\u2019s strong economic ties to the United\" \/>\n<meta name=\"robots\" content=\"index, follow, max-snippet:-1, max-image-preview:large, max-video-preview:-1\" \/>\n<link rel=\"canonical\" href=\"https:\/\/ubirataonline.com.br\/en\/mark-carney-says-canadas-economic-ties-with-u-s-are-a-weakness-that-must-be-corrected\/\" \/>\n<meta property=\"og:locale\" content=\"en_US\" \/>\n<meta property=\"og:type\" content=\"article\" \/>\n<meta property=\"og:title\" content=\"Mark Carney says Canada&#039;s economic ties with U.S. are a weakness that must be corrected\" \/>\n<meta property=\"og:description\" content=\"VANCOUVER, British Columbia \u2014 Canadian Prime Minister Mark Carney said in a video address released Sunday that Canada\u2019s strong economic ties to the United\" \/>\n<meta property=\"og:url\" content=\"https:\/\/ubirataonline.com.br\/en\/mark-carney-says-canadas-economic-ties-with-u-s-are-a-weakness-that-must-be-corrected\/\" \/>\n<meta property=\"og:site_name\" content=\"Ubirat\u00e3 Online Not\u00edcias - A realidade ao seu alcance!\" \/>\n<meta property=\"article:publisher\" content=\"https:\/\/www.facebook.com\/portalubirataonline\" \/>\n<meta property=\"article:author\" content=\"https:\/\/www.facebook.com\/portalubirataonline\" \/>\n<meta property=\"article:published_time\" content=\"2026-04-20T10:58:52+00:00\" \/>\n<meta property=\"article:modified_time\" content=\"2026-04-20T10:58:55+00:00\" \/>\n<meta property=\"og:image\" content=\"https:\/\/ubirataonline.com.br\/wp-content\/uploads\/2026\/04\/Mark-Carney-says-Canadas-economic-ties-with-US-are-a.jpg\" \/>\n\t<meta property=\"og:image:width\" content=\"1200\" \/>\n\t<meta property=\"og:image:height\" content=\"630\" \/>\n\t<meta property=\"og:image:type\" content=\"image\/jpeg\" \/>\n<meta name=\"author\" content=\"REDA\u00c7\u00c3O: UBIRAT\u00c3 ONLINE - F\u00c1BIO AUGUSTO CELESTINO\" \/>\n<meta name=\"twitter:card\" content=\"summary_large_image\" \/>\n<meta name=\"twitter:creator\" content=\"@x.com\/ubirataonline\" \/>\n<meta name=\"twitter:site\" content=\"@ubirataonline\" \/>\n<meta name=\"twitter:label1\" content=\"Written by\" \/>\n\t<meta name=\"twitter:data1\" content=\"REDA\u00c7\u00c3O: UBIRAT\u00c3 ONLINE - F\u00c1BIO AUGUSTO CELESTINO\" \/>\n\t<meta name=\"twitter:label2\" content=\"Est. reading time\" \/>\n\t<meta name=\"twitter:data2\" content=\"3 minutes\" \/>\n<script type=\"application\/ld+json\" class=\"yoast-schema-graph\">{\"@context\":\"https:\\\/\\\/schema.org\",\"@graph\":[{\"@type\":\"NewsArticle\",\"@id\":\"https:\\\/\\\/ubirataonline.com.br\\\/mark-carney-says-canadas-economic-ties-with-u-s-are-a-weakness-that-must-be-corrected\\\/#article\",\"isPartOf\":{\"@id\":\"https:\\\/\\\/ubirataonline.com.br\\\/mark-carney-says-canadas-economic-ties-with-u-s-are-a-weakness-that-must-be-corrected\\\/\"},\"author\":{\"name\":\"REDA\u00c7\u00c3O: UBIRAT\u00c3 ONLINE - F\u00c1BIO AUGUSTO CELESTINO\",\"@id\":\"https:\\\/\\\/ubirataonline.com.br\\\/#\\\/schema\\\/person\\\/372f87bbd3fdd79b8556b84c98d0bc1c\"},\"headline\":\"Mark Carney says Canada&#8217;s economic ties with U.S. are a weakness that must be corrected\",\"datePublished\":\"2026-04-20T10:58:52+00:00\",\"dateModified\":\"2026-04-20T10:58:55+00:00\",\"mainEntityOfPage\":{\"@id\":\"https:\\\/\\\/ubirataonline.com.br\\\/mark-carney-says-canadas-economic-ties-with-u-s-are-a-weakness-that-must-be-corrected\\\/\"},\"wordCount\":600,\"publisher\":{\"@id\":\"https:\\\/\\\/ubirataonline.com.br\\\/#organization\"},\"image\":{\"@id\":\"https:\\\/\\\/ubirataonline.com.br\\\/mark-carney-says-canadas-economic-ties-with-u-s-are-a-weakness-that-must-be-corrected\\\/#primaryimage\"},\"thumbnailUrl\":\"https:\\\/\\\/ubirataonline.com.br\\\/wp-content\\\/uploads\\\/2026\\\/04\\\/Mark-Carney-says-Canadas-economic-ties-with-US-are-a.jpg\",\"keywords\":[\"Canadas\",\"Carney\",\"corrected\",\"economic\",\"Mark\",\"Ties\",\"U.S\",\"weakness\"],\"articleSection\":[\"Ubirat\u00e3\"],\"inLanguage\":\"en-US\",\"copyrightYear\":\"2026\",\"copyrightHolder\":{\"@id\":\"https:\\\/\\\/ubirataonline.com.br\\\/en\\\/#organization\"}},{\"@type\":\"WebPage\",\"@id\":\"https:\\\/\\\/ubirataonline.com.br\\\/mark-carney-says-canadas-economic-ties-with-u-s-are-a-weakness-that-must-be-corrected\\\/\",\"url\":\"https:\\\/\\\/ubirataonline.com.br\\\/mark-carney-says-canadas-economic-ties-with-u-s-are-a-weakness-that-must-be-corrected\\\/\",\"name\":\"Mark Carney says Canada's economic ties with U.S. are a weakness that must be corrected - Ubirat\u00e3 Online Not\u00edcias - A realidade ao seu alcance!\",\"isPartOf\":{\"@id\":\"https:\\\/\\\/ubirataonline.com.br\\\/#website\"},\"primaryImageOfPage\":{\"@id\":\"https:\\\/\\\/ubirataonline.com.br\\\/mark-carney-says-canadas-economic-ties-with-u-s-are-a-weakness-that-must-be-corrected\\\/#primaryimage\"},\"image\":{\"@id\":\"https:\\\/\\\/ubirataonline.com.br\\\/mark-carney-says-canadas-economic-ties-with-u-s-are-a-weakness-that-must-be-corrected\\\/#primaryimage\"},\"thumbnailUrl\":\"https:\\\/\\\/ubirataonline.com.br\\\/wp-content\\\/uploads\\\/2026\\\/04\\\/Mark-Carney-says-Canadas-economic-ties-with-US-are-a.jpg\",\"datePublished\":\"2026-04-20T10:58:52+00:00\",\"dateModified\":\"2026-04-20T10:58:55+00:00\",\"description\":\"VANCOUVER, British Columbia \u2014 Canadian Prime Minister Mark Carney said in a video address released Sunday that Canada\u2019s strong economic ties to the United\",\"breadcrumb\":{\"@id\":\"https:\\\/\\\/ubirataonline.com.br\\\/mark-carney-says-canadas-economic-ties-with-u-s-are-a-weakness-that-must-be-corrected\\\/#breadcrumb\"},\"inLanguage\":\"en-US\",\"potentialAction\":[{\"@type\":\"ReadAction\",\"target\":[\"https:\\\/\\\/ubirataonline.com.br\\\/mark-carney-says-canadas-economic-ties-with-u-s-are-a-weakness-that-must-be-corrected\\\/\"]}]},{\"@type\":\"ImageObject\",\"inLanguage\":\"en-US\",\"@id\":\"https:\\\/\\\/ubirataonline.com.br\\\/mark-carney-says-canadas-economic-ties-with-u-s-are-a-weakness-that-must-be-corrected\\\/#primaryimage\",\"url\":\"https:\\\/\\\/ubirataonline.com.br\\\/wp-content\\\/uploads\\\/2026\\\/04\\\/Mark-Carney-says-Canadas-economic-ties-with-US-are-a.jpg\",\"contentUrl\":\"https:\\\/\\\/ubirataonline.com.br\\\/wp-content\\\/uploads\\\/2026\\\/04\\\/Mark-Carney-says-Canadas-economic-ties-with-US-are-a.jpg\",\"width\":1200,\"height\":630,\"caption\":\"Canadian Prime Minister Mark Carney in Ottawa on Tuesday.Andrej Ivanov \\\/ AFP via Getty Images\"},{\"@type\":\"BreadcrumbList\",\"@id\":\"https:\\\/\\\/ubirataonline.com.br\\\/mark-carney-says-canadas-economic-ties-with-u-s-are-a-weakness-that-must-be-corrected\\\/#breadcrumb\",\"itemListElement\":[{\"@type\":\"ListItem\",\"position\":1,\"name\":\"In\u00edcio\",\"item\":\"https:\\\/\\\/ubirataonline.com.br\\\/\"},{\"@type\":\"ListItem\",\"position\":2,\"name\":\"Mark Carney says Canada&#8217;s economic ties with U.S. are a weakness that must be corrected\"}]},{\"@type\":\"WebSite\",\"@id\":\"https:\\\/\\\/ubirataonline.com.br\\\/#website\",\"url\":\"https:\\\/\\\/ubirataonline.com.br\\\/\",\"name\":\"Ubirat\u00e3 Online Not\u00edcias\",\"description\":\"Not\u00edcias de Ubirat\u00e3, regi\u00e3o, Brasil e mundo, com informa\u00e7\u00e3o atualizada e compromisso com o leitor.\",\"publisher\":{\"@id\":\"https:\\\/\\\/ubirataonline.com.br\\\/#organization\"},\"alternateName\":\"Ubirat\u00e3 Online\",\"potentialAction\":[{\"@type\":\"SearchAction\",\"target\":{\"@type\":\"EntryPoint\",\"urlTemplate\":\"https:\\\/\\\/ubirataonline.com.br\\\/?s={search_term_string}\"},\"query-input\":{\"@type\":\"PropertyValueSpecification\",\"valueRequired\":true,\"valueName\":\"search_term_string\"}}],\"inLanguage\":\"en-US\"},{\"@type\":[\"Organization\",\"Place\"],\"@id\":\"https:\\\/\\\/ubirataonline.com.br\\\/#organization\",\"name\":\"Ubirat\u00e3 Online Not\u00edcias\",\"alternateName\":\"Ubirat\u00e3 Online\",\"url\":\"https:\\\/\\\/ubirataonline.com.br\\\/\",\"logo\":{\"@id\":\"https:\\\/\\\/ubirataonline.com.br\\\/mark-carney-says-canadas-economic-ties-with-u-s-are-a-weakness-that-must-be-corrected\\\/#local-main-organization-logo\"},\"image\":{\"@id\":\"https:\\\/\\\/ubirataonline.com.br\\\/mark-carney-says-canadas-economic-ties-with-u-s-are-a-weakness-that-must-be-corrected\\\/#local-main-organization-logo\"},\"sameAs\":[\"https:\\\/\\\/www.facebook.com\\\/portalubirataonline\",\"https:\\\/\\\/x.com\\\/ubirataonline\",\"https:\\\/\\\/mastodon.social\\\/@ubirataonline\",\"https:\\\/\\\/www.facebook.com\\\/groups\\\/311144672285604\",\"https:\\\/\\\/www.facebook.com\\\/UBTAOnline\",\"https:\\\/\\\/www.instagram.com\\\/portalubirataonline\\\/\",\"https:\\\/\\\/twitter.com\\\/ubirataonline\"],\"description\":\"Somos um portal de not\u00edcias independente, criado em 5 de janeiro de 2009, com o objetivo de informar, conectar e valorizar a nossa comunidade de Ubirat\u00e3 e toda aregi\u00e3o. Com conte\u00fado atualizado, confi\u00e1vel e relevante, o Ubirat\u00e3 Online \u00e9 o seu espa\u00e7o para ficar por dentro dos principais acontecimentos locais, regionais, Brasil, Mundo e de interesse geral. Nosso compromisso \u00e9 com a verdade, a transpar\u00eancia e o respeito ao leitor.\",\"legalName\":\"UBIRATA ONLINE NOT\u00cdCIAS\",\"foundingDate\":\"2009-01-05\",\"numberOfEmployees\":{\"@type\":\"QuantitativeValue\",\"minValue\":\"1\",\"maxValue\":\"10\"},\"publishingPrinciples\":\"https:\\\/\\\/ubirataonline.com.br\\\/faq\\\/\",\"address\":{\"@id\":\"https:\\\/\\\/ubirataonline.com.br\\\/mark-carney-says-canadas-economic-ties-with-u-s-are-a-weakness-that-must-be-corrected\\\/#local-main-place-address\"},\"geo\":{\"@type\":\"GeoCoordinates\",\"latitude\":\"-24.5361401\",\"longitude\":\"-52.9921776\"},\"telephone\":[\"+5544998308235\"],\"contactPoint\":{\"@type\":\"ContactPoint\",\"email\":\"contato@ubirataonline.com.br\"},\"openingHoursSpecification\":{\"@type\":\"OpeningHoursSpecification\",\"dayOfWeek\":[\"Monday\",\"Tuesday\",\"Wednesday\",\"Thursday\",\"Friday\",\"Saturday\",\"Sunday\"],\"opens\":\"00:00\",\"closes\":\"23:59\"},\"email\":\"contato@ubirataonline.com.br\",\"vatID\":\"47.621.418\\\/0001-80\"},{\"@type\":\"Person\",\"@id\":\"https:\\\/\\\/ubirataonline.com.br\\\/#\\\/schema\\\/person\\\/372f87bbd3fdd79b8556b84c98d0bc1c\",\"name\":\"REDA\u00c7\u00c3O: UBIRAT\u00c3 ONLINE - F\u00c1BIO AUGUSTO CELESTINO\",\"pronouns\":\"Ele\",\"description\":\"Desde 2003 trabalhando com not\u00edcias.\",\"sameAs\":[\"http:\\\/\\\/ubirataoline.com.br\",\"https:\\\/\\\/www.facebook.com\\\/portalubirataonline\",\"https:\\\/\\\/www.instagram.com\\\/ubirataonline_oficial\",\"https:\\\/\\\/x.com\\\/x.com\\\/ubirataonline\"],\"honorificPrefix\":\"Mr.\",\"honorificSuffix\":\"MD\",\"birthDate\":\"1980-06-16\",\"gender\":\"masculino\",\"award\":[\"V\u00e1rios pr\u00eamios de melhor portal da cidade\"],\"jobTitle\":\"Diretor\",\"url\":\"https:\\\/\\\/ubirataonline.com.br\\\/en\\\/author\\\/ubirataonline\\\/\"},{\"@type\":\"PostalAddress\",\"@id\":\"https:\\\/\\\/ubirataonline.com.br\\\/mark-carney-says-canadas-economic-ties-with-u-s-are-a-weakness-that-must-be-corrected\\\/#local-main-place-address\",\"streetAddress\":\"Rua dos Coqueiros, 104 - Bairro Boa Vista, Rua dos Coqueiros, 104 Bairro Boa Vista\",\"addressLocality\":\"UBIRATA\",\"postalCode\":\"85440-000\",\"addressRegion\":\"PR\",\"addressCountry\":\"BR\"},{\"@type\":\"ImageObject\",\"inLanguage\":\"en-US\",\"@id\":\"https:\\\/\\\/ubirataonline.com.br\\\/mark-carney-says-canadas-economic-ties-with-u-s-are-a-weakness-that-must-be-corrected\\\/#local-main-organization-logo\",\"url\":\"https:\\\/\\\/ubirataonline.com.br\\\/wp-content\\\/uploads\\\/2026\\\/06\\\/logoubirataonline-1.webp\",\"contentUrl\":\"https:\\\/\\\/ubirataonline.com.br\\\/wp-content\\\/uploads\\\/2026\\\/06\\\/logoubirataonline-1.webp\",\"width\":500,\"height\":500,\"caption\":\"Ubirat\u00e3 Online Not\u00edcias\"}]}<\/script>\n<meta name=\"geo.placename\" content=\"UBIRATA\" \/>\n<meta name=\"geo.position\" content=\"-24.5361401;-52.9921776\" \/>\n<meta name=\"geo.region\" content=\"Brazil\" \/>\n<!-- \/ Yoast SEO Premium plugin. -->","yoast_head_json":{"title":"Mark Carney says Canada's economic ties with U.S. are a weakness that must be corrected - Ubirat\u00e3 Online Not\u00edcias - A realidade ao seu alcance!","description":"VANCOUVER, British Columbia \u2014 Canadian Prime Minister Mark Carney said in a video address released Sunday that Canada\u2019s strong economic ties to the United","robots":{"index":"index","follow":"follow","max-snippet":"max-snippet:-1","max-image-preview":"max-image-preview:large","max-video-preview":"max-video-preview:-1"},"canonical":"https:\/\/ubirataonline.com.br\/en\/mark-carney-says-canadas-economic-ties-with-u-s-are-a-weakness-that-must-be-corrected\/","og_locale":"en_US","og_type":"article","og_title":"Mark Carney says Canada's economic ties with U.S. are a weakness that must be corrected","og_description":"VANCOUVER, British Columbia \u2014 Canadian Prime Minister Mark Carney said in a video address released Sunday that Canada\u2019s strong economic ties to the United","og_url":"https:\/\/ubirataonline.com.br\/en\/mark-carney-says-canadas-economic-ties-with-u-s-are-a-weakness-that-must-be-corrected\/","og_site_name":"Ubirat\u00e3 Online Not\u00edcias - A realidade ao seu alcance!","article_publisher":"https:\/\/www.facebook.com\/portalubirataonline","article_author":"https:\/\/www.facebook.com\/portalubirataonline","article_published_time":"2026-04-20T10:58:52+00:00","article_modified_time":"2026-04-20T10:58:55+00:00","og_image":[{"width":1200,"height":630,"url":"https:\/\/ubirataonline.com.br\/wp-content\/uploads\/2026\/04\/Mark-Carney-says-Canadas-economic-ties-with-US-are-a.jpg","type":"image\/jpeg"}],"author":"REDA\u00c7\u00c3O: UBIRAT\u00c3 ONLINE - F\u00c1BIO AUGUSTO CELESTINO","twitter_card":"summary_large_image","twitter_creator":"@x.com\/ubirataonline","twitter_site":"@ubirataonline","twitter_misc":{"Written by":"REDA\u00c7\u00c3O: UBIRAT\u00c3 ONLINE - F\u00c1BIO AUGUSTO CELESTINO","Est. reading time":"3 minutes"},"schema":{"@context":"https:\/\/schema.org","@graph":[{"@type":"NewsArticle","@id":"https:\/\/ubirataonline.com.br\/mark-carney-says-canadas-economic-ties-with-u-s-are-a-weakness-that-must-be-corrected\/#article","isPartOf":{"@id":"https:\/\/ubirataonline.com.br\/mark-carney-says-canadas-economic-ties-with-u-s-are-a-weakness-that-must-be-corrected\/"},"author":{"name":"REDA\u00c7\u00c3O: UBIRAT\u00c3 ONLINE - F\u00c1BIO AUGUSTO CELESTINO","@id":"https:\/\/ubirataonline.com.br\/#\/schema\/person\/372f87bbd3fdd79b8556b84c98d0bc1c"},"headline":"Mark Carney says Canada&#8217;s economic ties with U.S. are a weakness that must be corrected","datePublished":"2026-04-20T10:58:52+00:00","dateModified":"2026-04-20T10:58:55+00:00","mainEntityOfPage":{"@id":"https:\/\/ubirataonline.com.br\/mark-carney-says-canadas-economic-ties-with-u-s-are-a-weakness-that-must-be-corrected\/"},"wordCount":600,"publisher":{"@id":"https:\/\/ubirataonline.com.br\/#organization"},"image":{"@id":"https:\/\/ubirataonline.com.br\/mark-carney-says-canadas-economic-ties-with-u-s-are-a-weakness-that-must-be-corrected\/#primaryimage"},"thumbnailUrl":"https:\/\/ubirataonline.com.br\/wp-content\/uploads\/2026\/04\/Mark-Carney-says-Canadas-economic-ties-with-US-are-a.jpg","keywords":["Canadas","Carney","corrected","economic","Mark","Ties","U.S","weakness"],"articleSection":["Ubirat\u00e3"],"inLanguage":"en-US","copyrightYear":"2026","copyrightHolder":{"@id":"https:\/\/ubirataonline.com.br\/en\/#organization"}},{"@type":"WebPage","@id":"https:\/\/ubirataonline.com.br\/mark-carney-says-canadas-economic-ties-with-u-s-are-a-weakness-that-must-be-corrected\/","url":"https:\/\/ubirataonline.com.br\/mark-carney-says-canadas-economic-ties-with-u-s-are-a-weakness-that-must-be-corrected\/","name":"Mark Carney says Canada's economic ties with U.S. are a weakness that must be corrected - Ubirat\u00e3 Online Not\u00edcias - A realidade ao seu alcance!","isPartOf":{"@id":"https:\/\/ubirataonline.com.br\/#website"},"primaryImageOfPage":{"@id":"https:\/\/ubirataonline.com.br\/mark-carney-says-canadas-economic-ties-with-u-s-are-a-weakness-that-must-be-corrected\/#primaryimage"},"image":{"@id":"https:\/\/ubirataonline.com.br\/mark-carney-says-canadas-economic-ties-with-u-s-are-a-weakness-that-must-be-corrected\/#primaryimage"},"thumbnailUrl":"https:\/\/ubirataonline.com.br\/wp-content\/uploads\/2026\/04\/Mark-Carney-says-Canadas-economic-ties-with-US-are-a.jpg","datePublished":"2026-04-20T10:58:52+00:00","dateModified":"2026-04-20T10:58:55+00:00","description":"VANCOUVER, British Columbia \u2014 Canadian Prime Minister Mark Carney said in a video address released Sunday that Canada\u2019s strong economic ties to the United","breadcrumb":{"@id":"https:\/\/ubirataonline.com.br\/mark-carney-says-canadas-economic-ties-with-u-s-are-a-weakness-that-must-be-corrected\/#breadcrumb"},"inLanguage":"en-US","potentialAction":[{"@type":"ReadAction","target":["https:\/\/ubirataonline.com.br\/mark-carney-says-canadas-economic-ties-with-u-s-are-a-weakness-that-must-be-corrected\/"]}]},{"@type":"ImageObject","inLanguage":"en-US","@id":"https:\/\/ubirataonline.com.br\/mark-carney-says-canadas-economic-ties-with-u-s-are-a-weakness-that-must-be-corrected\/#primaryimage","url":"https:\/\/ubirataonline.com.br\/wp-content\/uploads\/2026\/04\/Mark-Carney-says-Canadas-economic-ties-with-US-are-a.jpg","contentUrl":"https:\/\/ubirataonline.com.br\/wp-content\/uploads\/2026\/04\/Mark-Carney-says-Canadas-economic-ties-with-US-are-a.jpg","width":1200,"height":630,"caption":"Canadian Prime Minister Mark Carney in Ottawa on Tuesday.Andrej Ivanov \/ AFP via Getty Images"},{"@type":"BreadcrumbList","@id":"https:\/\/ubirataonline.com.br\/mark-carney-says-canadas-economic-ties-with-u-s-are-a-weakness-that-must-be-corrected\/#breadcrumb","itemListElement":[{"@type":"ListItem","position":1,"name":"In\u00edcio","item":"https:\/\/ubirataonline.com.br\/"},{"@type":"ListItem","position":2,"name":"Mark Carney says Canada&#8217;s economic ties with U.S. are a weakness that must be corrected"}]},{"@type":"WebSite","@id":"https:\/\/ubirataonline.com.br\/#website","url":"https:\/\/ubirataonline.com.br\/","name":"Ubirat\u00e3 Online Not\u00edcias","description":"Not\u00edcias de Ubirat\u00e3, regi\u00e3o, Brasil e mundo, com informa\u00e7\u00e3o atualizada e compromisso com o leitor.","publisher":{"@id":"https:\/\/ubirataonline.com.br\/#organization"},"alternateName":"Ubirat\u00e3 Online","potentialAction":[{"@type":"SearchAction","target":{"@type":"EntryPoint","urlTemplate":"https:\/\/ubirataonline.com.br\/?s={search_term_string}"},"query-input":{"@type":"PropertyValueSpecification","valueRequired":true,"valueName":"search_term_string"}}],"inLanguage":"en-US"},{"@type":["Organization","Place"],"@id":"https:\/\/ubirataonline.com.br\/#organization","name":"Ubirat\u00e3 Online Not\u00edcias","alternateName":"Ubirat\u00e3 Online","url":"https:\/\/ubirataonline.com.br\/","logo":{"@id":"https:\/\/ubirataonline.com.br\/mark-carney-says-canadas-economic-ties-with-u-s-are-a-weakness-that-must-be-corrected\/#local-main-organization-logo"},"image":{"@id":"https:\/\/ubirataonline.com.br\/mark-carney-says-canadas-economic-ties-with-u-s-are-a-weakness-that-must-be-corrected\/#local-main-organization-logo"},"sameAs":["https:\/\/www.facebook.com\/portalubirataonline","https:\/\/x.com\/ubirataonline","https:\/\/mastodon.social\/@ubirataonline","https:\/\/www.facebook.com\/groups\/311144672285604","https:\/\/www.facebook.com\/UBTAOnline","https:\/\/www.instagram.com\/portalubirataonline\/","https:\/\/twitter.com\/ubirataonline"],"description":"Somos um portal de not\u00edcias independente, criado em 5 de janeiro de 2009, com o objetivo de informar, conectar e valorizar a nossa comunidade de Ubirat\u00e3 e toda aregi\u00e3o. Com conte\u00fado atualizado, confi\u00e1vel e relevante, o Ubirat\u00e3 Online \u00e9 o seu espa\u00e7o para ficar por dentro dos principais acontecimentos locais, regionais, Brasil, Mundo e de interesse geral. Nosso compromisso \u00e9 com a verdade, a transpar\u00eancia e o respeito ao leitor.","legalName":"UBIRATA ONLINE NOT\u00cdCIAS","foundingDate":"2009-01-05","numberOfEmployees":{"@type":"QuantitativeValue","minValue":"1","maxValue":"10"},"publishingPrinciples":"https:\/\/ubirataonline.com.br\/faq\/","address":{"@id":"https:\/\/ubirataonline.com.br\/mark-carney-says-canadas-economic-ties-with-u-s-are-a-weakness-that-must-be-corrected\/#local-main-place-address"},"geo":{"@type":"GeoCoordinates","latitude":"-24.5361401","longitude":"-52.9921776"},"telephone":["+5544998308235"],"contactPoint":{"@type":"ContactPoint","email":"contato@ubirataonline.com.br"},"openingHoursSpecification":{"@type":"OpeningHoursSpecification","dayOfWeek":["Monday","Tuesday","Wednesday","Thursday","Friday","Saturday","Sunday"],"opens":"00:00","closes":"23:59"},"email":"contato@ubirataonline.com.br","vatID":"47.621.418\/0001-80"},{"@type":"Person","@id":"https:\/\/ubirataonline.com.br\/#\/schema\/person\/372f87bbd3fdd79b8556b84c98d0bc1c","name":"REDA\u00c7\u00c3O: UBIRAT\u00c3 ONLINE - F\u00c1BIO AUGUSTO CELESTINO","pronouns":"Ele","description":"Desde 2003 trabalhando com not\u00edcias.","sameAs":["http:\/\/ubirataoline.com.br","https:\/\/www.facebook.com\/portalubirataonline","https:\/\/www.instagram.com\/ubirataonline_oficial","https:\/\/x.com\/x.com\/ubirataonline"],"honorificPrefix":"Mr.","honorificSuffix":"MD","birthDate":"1980-06-16","gender":"masculino","award":["V\u00e1rios pr\u00eamios de melhor portal da cidade"],"jobTitle":"Diretor","url":"https:\/\/ubirataonline.com.br\/en\/author\/ubirataonline\/"},{"@type":"PostalAddress","@id":"https:\/\/ubirataonline.com.br\/mark-carney-says-canadas-economic-ties-with-u-s-are-a-weakness-that-must-be-corrected\/#local-main-place-address","streetAddress":"Rua dos Coqueiros, 104 - Bairro Boa Vista, Rua dos Coqueiros, 104 Bairro Boa Vista","addressLocality":"UBIRATA","postalCode":"85440-000","addressRegion":"PR","addressCountry":"BR"},{"@type":"ImageObject","inLanguage":"en-US","@id":"https:\/\/ubirataonline.com.br\/mark-carney-says-canadas-economic-ties-with-u-s-are-a-weakness-that-must-be-corrected\/#local-main-organization-logo","url":"https:\/\/ubirataonline.com.br\/wp-content\/uploads\/2026\/06\/logoubirataonline-1.webp","contentUrl":"https:\/\/ubirataonline.com.br\/wp-content\/uploads\/2026\/06\/logoubirataonline-1.webp","width":500,"height":500,"caption":"Ubirat\u00e3 Online Not\u00edcias"}]},"geo.placename":"UBIRATA","geo.position":{"lat":"-24.5361401","long":"-52.9921776"},"geo.region":"Brazil"},"_links":{"self":[{"href":"https:\/\/ubirataonline.com.br\/en\/wp-json\/wp\/v2\/posts\/112679","targetHints":{"allow":["GET"]}}],"collection":[{"href":"https:\/\/ubirataonline.com.br\/en\/wp-json\/wp\/v2\/posts"}],"about":[{"href":"https:\/\/ubirataonline.com.br\/en\/wp-json\/wp\/v2\/types\/post"}],"author":[{"embeddable":true,"href":"https:\/\/ubirataonline.com.br\/en\/wp-json\/wp\/v2\/users\/1"}],"replies":[{"embeddable":true,"href":"https:\/\/ubirataonline.com.br\/en\/wp-json\/wp\/v2\/comments?post=112679"}],"version-history":[{"count":0,"href":"https:\/\/ubirataonline.com.br\/en\/wp-json\/wp\/v2\/posts\/112679\/revisions"}],"wp:featuredmedia":[{"embeddable":true,"href":"https:\/\/ubirataonline.com.br\/en\/wp-json\/wp\/v2\/media\/112680"}],"wp:attachment":[{"href":"https:\/\/ubirataonline.com.br\/en\/wp-json\/wp\/v2\/media?parent=112679"}],"wp:term":[{"taxonomy":"category","embeddable":true,"href":"https:\/\/ubirataonline.com.br\/en\/wp-json\/wp\/v2\/categories?post=112679"},{"taxonomy":"post_tag","embeddable":true,"href":"https:\/\/ubirataonline.com.br\/en\/wp-json\/wp\/v2\/tags?post=112679"}],"curies":[{"name":"wp","href":"https:\/\/api.w.org\/{rel}","templated":true}]}}