{"id":112746,"date":"2026-04-20T09:29:56","date_gmt":"2026-04-20T12:29:56","guid":{"rendered":"https:\/\/ubirataonline.com.br\/evento-oficial-de-pokemon-tem-ultimos-dias-em-shopping-de-sjp\/"},"modified":"2026-04-20T09:29:59","modified_gmt":"2026-04-20T12:29:59","slug":"evento-oficial-de-pokemon-tem-ultimos-dias-em-shopping-de-sjp","status":"publish","type":"post","link":"https:\/\/ubirataonline.com.br\/en\/evento-oficial-de-pokemon-tem-ultimos-dias-em-shopping-de-sjp\/","title":{"rendered":"Evento oficial de Pok\u00e9mon tem \u00faltimos dias em shopping de SJP"},"content":{"rendered":"<p><\/p>\n<div id=\"post-content\">\n<p>F\u00e3s da franquia que ainda n\u00e3o visitaram o <strong>evento oficial de Pok\u00e9mon no Paran\u00e1<\/strong> precisam aproveitar os<strong> \u00faltimos dias da atra\u00e7\u00e3o<\/strong>. Com funcionamento at\u00e9 26 de abril, a <strong>experi\u00eancia gratuita<\/strong> instalada no <strong>Shopping S\u00e3o Jos\u00e9<\/strong>, em S\u00e3o Jos\u00e9 dos PInhais, regi\u00e3o metropolitana de Curitiba, se aproxima do encerramento depois de consolidar sucesso expressivo junto ao p\u00fablico desde a abertura.<\/p>\n<p>O evento em celebra\u00e7\u00e3o aos 30 anos da franquia tem recebido milhares de visitantes, reunindo f\u00e3s, colecionadores e fam\u00edlias em torno de um dos maiores fen\u00f4menos da cultura pop mundial. O shopping \u00e9 o primeiro do Brasil a receber uma a\u00e7\u00e3o oficial da marca nesse formato.<\/p>\n<p>\u201cReceber o \u00fanico evento oficial de comemora\u00e7\u00e3o dos 30 anos de Pok\u00e9mon no Brasil \u00e9 motivo de muito orgulho para n\u00f3s. \u00c9 uma marca que atravessa gera\u00e7\u00f5es e conecta pais e filhos, amigos e colecionadores. Estamos falando de uma experi\u00eancia que vai muito al\u00e9m do entretenimento, \u00e9 algo que mexe com a mem\u00f3ria afetiva de muita gente\u201d, destaca Vin\u00edcio Garcia, gerente de marketing do Shopping S\u00e3o Jos\u00e9.<\/p>\n<h2 class=\"wp-block-heading\" id=\"h-atracoes-do-evento-de-pokemon\">Atra\u00e7\u00f5es do evento de Pok\u00e9mon<\/h2>\n<p>Montado na Pra\u00e7a de Eventos, no Piso L1, o espa\u00e7o oferece \u00e1rea dedicada ao <strong>Pok\u00e9mon Trading Card Game<\/strong> (TCG), com atividades estrat\u00e9gicas e de pintura. H\u00e1 tamb\u00e9m esta\u00e7\u00f5es de videogame com t\u00edtulos oficiais da franquia, pintura digital interativa acessada por QR Code, piscina de bolinhas para o p\u00fablico infantil e um espa\u00e7o cenogr\u00e1fico inspirado no Pok\u00e9mon GO, com cen\u00e1rio para fotos e totens de carregamento para celulares.<\/p>\n<p>Com tr\u00eas d\u00e9cadas de trajet\u00f3ria, Pok\u00e9mon ultrapassou o universo dos games e se consolidou como uma marca que conecta gera\u00e7\u00f5es, reunindo desde crian\u00e7as at\u00e9 adultos que acompanharam a saga desde o in\u00edcio. A proposta da atra\u00e7\u00e3o \u00e9 justamente proporcionar esse encontro, em um ambiente dedicado \u00e0 experi\u00eancia com a marca.<\/p>\n<p>O Shopping S\u00e3o Jos\u00e9 fica na Rua Dona Izabel A Redentora, 1434, Centro de S\u00e3o Jos\u00e9 dos Pinhais. As lojas funcionam de segunda a s\u00e1bado, das 10h \u00e0s 22h, e aos domingos e feriados, das 14h \u00e0s 20h. A pra\u00e7a de alimenta\u00e7\u00e3o e as op\u00e7\u00f5es de lazer abrem de segunda a s\u00e1bado, das 10h \u00e0s 22h, e aos domingos e feriados, das 11h \u00e0s 22h. <strong>A entrada \u00e9 gratuita.<\/strong><\/p>\n<section class=\"virals\">\n<article class=\"cardnews cardnews--post cardnews--has-thumbnail cardnews--editorial-noticias\"> <a href=\"https:\/\/www.tribunapr.com.br\/noticias\/curitiba-regiao\/vereador-perdeu-pia-e-investigado-por-usar-gm-para-se-autopromove?utm_source=noticias-virais-rodape&amp;utm_medium=internal-tribuna&amp;utm_campaign=tribuna\" class=\"cardnews__postlink\"> <\/p>\n<div class=\"cardnews__image\" is-api-thumb=\"\"><\/div>\n<div class=\"cardnews__content cardhome__content\">\n<div class=\"cardnews__content-wrapper\">\n<p> <span style=\"\"> De olho! <\/span> <\/p>\n<p>Vereador Perdeu Pi\u00e1 \u00e9 investigado por usar GM para se autopromover<\/p>\n<\/p><\/div>\n<\/p><\/div>\n<p> <\/a> <\/article>\n<article class=\"cardnews cardnews--post cardnews--has-thumbnail cardnews--editorial-noticias\"> <a href=\"https:\/\/www.tribunapr.com.br\/noticias\/parana\/parana-pode-sentir-efeitos-do-el-nino-a-partir-de-julho-o-que-esperar\/?utm_source=noticias-virais-rodape&amp;utm_medium=internal-tribuna&amp;utm_campaign=tribuna\" class=\"cardnews__postlink\"> <\/p>\n<div class=\"cardnews__image\" is-api-thumb=\"\"><img decoding=\"async\" src=\"https:\/\/www.tribunapr.com.br\/wp-content\/uploads\/2026\/02\/20182305\/chuvas-370x210.jpg\" loading=\"lazy\" alt=\"Paran\u00e1 pode sentir efeitos do El Ni\u00f1o a partir de julho; o que esperar\"\/><\/div>\n<div class=\"cardnews__content cardhome__content\">\n<div class=\"cardnews__content-wrapper\">\n<p> <span style=\"\"> Alerta <\/span> <\/p>\n<p>Paran\u00e1 pode sentir efeitos do El Ni\u00f1o a partir de julho; o que esperar<\/p>\n<\/p><\/div>\n<\/p><\/div>\n<p> <\/a> <\/article>\n<article class=\"cardnews cardnews--post cardnews--has-thumbnail cardnews--editorial-noticias\"> <a href=\"https:\/\/www.tribunapr.com.br\/noticias\/parana\/roteiro-inusitado-parana-coleciona-estatuas-peculiares-pelo-interior\/?utm_source=noticias-virais-rodape&amp;utm_medium=internal-tribuna&amp;utm_campaign=tribuna\" class=\"cardnews__postlink\"> <\/p>\n<div class=\"cardnews__image\" is-api-thumb=\"\"><img decoding=\"async\" src=\"https:\/\/www.tribunapr.com.br\/wp-content\/uploads\/2026\/03\/26165528\/monumento_ao_bone_carrossel_1-prefeitura-de-apucarana-370x210.webp\" loading=\"lazy\" alt=\"Roteiro inusitado: Paran\u00e1 coleciona est\u00e1tuas peculiares pelo interior \"\/><\/div>\n<div class=\"cardnews__content cardhome__content\">\n<div class=\"cardnews__content-wrapper\">\n<p> <span style=\"\"> Belezas do Paran\u00e1 <\/span> <\/p>\n<p>Roteiro inusitado: Paran\u00e1 coleciona est\u00e1tuas peculiares pelo interior <\/p>\n<\/p><\/div>\n<\/p><\/div>\n<p> <\/a> <\/article>\n<\/section>\n<div id=\"tribuna-follow-cta\">\n<p> <span class=\"cta-title\">Siga a <span class=\"tribuna-color\">Tribuna<\/span> no Google, e acompanhe as \u00faltimas not\u00edcias de Curitiba e regi\u00e3o!<\/span> <\/p>\n<p> <a href=\"https:\/\/profile.google.com\/cp\/CgwvZy8xMmxxajUzM3Mac2h0dHBzOi8vd3d3LnRyaWJ1bmFwci5jb20uYnIvdml2YS92aXRyaW5lL2dpZ2FudGUtZG8tdmVzdHVhcmlvLXJlaW5hdWd1cmEtbG9qYS1lbS1zaG9wcGluZy10cmFkaWNpb25hbC1kZS1jdXJpdGliYS8iElRyaWJ1bmEgZG8gUGFyYW7DoSqAAwrHAWh0dHBzOi8vZW5jcnlwdGVkLXRibjIuZ3N0YXRpYy5jb20vZmF2aWNvbi10Ym4_cT10Ym46QU5kOUdjUVJPbjVDRjR6TzJPbkUwTXZrRlRCRTY2U0g1bGlaVDRaZTV3bWNKeU5GRm1BSnluM01nNU9PR3BXY1pYMzZwYU5HUWtsZ09JVEFLTTNNZVNGbTc1aWp6M3k2ajUtQ3M2b25kX2JUcFFQQkVLd3RsUjBsTmJESnUtVHhrNXQtbFlCNlVpOWZSVVFjT2cSswFodHRwczovL2VuY3J5cHRlZC10Ym4zLmdzdGF0aWMuY29tL2Zhdmljb24tdGJuP3E9dGJuJTNBQU5kOUdjU0FMaWJ2eFF0YXdFMFRueVdWWmVKRS1MZEdRZjVTUi1OZ2RMazhyZzIwVy1nM0JuQ1F4VDNKZFBjRXR2THdBeVRxUDJEdHVycEdVR29CQkxpYzM5al9wSmFxRERaMHNCYW05WEVhSGVsMmZTQmdKdlF4WWVyMw\" target=\"_blank\" title=\"Seguir a Tribuna no Google\">  <\/a> <\/div>\n<\/p><\/div>\n<p><a href=\"https:\/\/www.tribunapr.com.br\/viva\/vitrine\/evento-oficial-de-pokemon-tem-ultimos-dias-em-shopping-de-sjp\/\">Fonte do Artigo <\/a><\/p>","protected":false},"excerpt":{"rendered":"<p>F\u00e3s da franquia que ainda n\u00e3o visitaram o evento oficial de Pok\u00e9mon no Paran\u00e1 precisam aproveitar os \u00faltimos dias da atra\u00e7\u00e3o. Com funcionamento at\u00e9 26 de abril, a experi\u00eancia gratuita instalada no Shopping S\u00e3o Jos\u00e9, em S\u00e3o Jos\u00e9 dos PInhais, regi\u00e3o metropolitana de Curitiba, se aproxima do encerramento depois de consolidar sucesso expressivo junto ao [&hellip;]<\/p>\n","protected":false},"author":1,"featured_media":112747,"comment_status":"closed","ping_status":"","sticky":false,"template":"","format":"standard","meta":{"googlesitekit_rrm_CAow2JLhCw:productID":"","_gspb_post_css":"","maa_idioma":"","maa_pais":"","footnotes":""},"categories":[1],"tags":[3381,8213,5493,6325,13414,22396,3208,4399],"class_list":["post-112746","post","type-post","status-publish","format-standard","has-post-thumbnail","hentry","category-ubirata","tag-dias","tag-evento","tag-oficial","tag-pokemon","tag-shopping","tag-sjp","tag-tem","tag-ultimos"],"blocksy_meta":[],"yoast_head":"<!-- This site is optimized with the Yoast SEO Premium plugin v27.6 (Yoast SEO v27.6) - https:\/\/yoast.com\/product\/yoast-seo-premium-wordpress\/ -->\n<title>Evento oficial de Pok\u00e9mon tem \u00faltimos dias em shopping de SJP - Ubirat\u00e3 Online Not\u00edcias - A realidade ao seu alcance!<\/title>\n<meta name=\"description\" content=\"F\u00e3s da franquia que ainda n\u00e3o visitaram o evento oficial de Pok\u00e9mon no Paran\u00e1 precisam aproveitar os \u00faltimos dias da atra\u00e7\u00e3o. Com funcionamento at\u00e9 26 de\" \/>\n<meta name=\"robots\" content=\"index, follow, max-snippet:-1, max-image-preview:large, max-video-preview:-1\" \/>\n<link rel=\"canonical\" href=\"https:\/\/ubirataonline.com.br\/en\/evento-oficial-de-pokemon-tem-ultimos-dias-em-shopping-de-sjp\/\" \/>\n<meta property=\"og:locale\" content=\"en_US\" \/>\n<meta property=\"og:type\" content=\"article\" \/>\n<meta property=\"og:title\" content=\"Evento oficial de Pok\u00e9mon tem \u00faltimos dias em shopping de SJP\" \/>\n<meta property=\"og:description\" content=\"F\u00e3s da franquia que ainda n\u00e3o visitaram o evento oficial de Pok\u00e9mon no Paran\u00e1 precisam aproveitar os \u00faltimos dias da atra\u00e7\u00e3o. Com funcionamento at\u00e9 26 de\" \/>\n<meta property=\"og:url\" content=\"https:\/\/ubirataonline.com.br\/en\/evento-oficial-de-pokemon-tem-ultimos-dias-em-shopping-de-sjp\/\" \/>\n<meta property=\"og:site_name\" content=\"Ubirat\u00e3 Online Not\u00edcias - A realidade ao seu alcance!\" \/>\n<meta property=\"article:publisher\" content=\"https:\/\/www.facebook.com\/portalubirataonline\" \/>\n<meta property=\"article:author\" content=\"https:\/\/www.facebook.com\/portalubirataonline\" \/>\n<meta property=\"article:published_time\" content=\"2026-04-20T12:29:56+00:00\" \/>\n<meta property=\"article:modified_time\" content=\"2026-04-20T12:29:59+00:00\" \/>\n<meta property=\"og:image\" content=\"https:\/\/ubirataonline.com.br\/wp-content\/uploads\/2026\/04\/Evento-oficial-de-Pokemon-tem-ultimos-dias-em-shopping-de.jpg\" \/>\n\t<meta property=\"og:image:width\" content=\"1200\" \/>\n\t<meta property=\"og:image:height\" content=\"856\" \/>\n\t<meta property=\"og:image:type\" content=\"image\/jpeg\" \/>\n<meta name=\"author\" content=\"REDA\u00c7\u00c3O: UBIRAT\u00c3 ONLINE - F\u00c1BIO AUGUSTO CELESTINO\" \/>\n<meta name=\"twitter:card\" content=\"summary_large_image\" \/>\n<meta name=\"twitter:creator\" content=\"@x.com\/ubirataonline\" \/>\n<meta name=\"twitter:site\" content=\"@ubirataonline\" \/>\n<meta name=\"twitter:label1\" content=\"Written by\" \/>\n\t<meta name=\"twitter:data1\" content=\"REDA\u00c7\u00c3O: UBIRAT\u00c3 ONLINE - F\u00c1BIO AUGUSTO CELESTINO\" \/>\n\t<meta name=\"twitter:label2\" content=\"Est. reading time\" \/>\n\t<meta name=\"twitter:data2\" content=\"2 minutes\" \/>\n<script type=\"application\/ld+json\" class=\"yoast-schema-graph\">{\"@context\":\"https:\\\/\\\/schema.org\",\"@graph\":[{\"@type\":\"NewsArticle\",\"@id\":\"https:\\\/\\\/ubirataonline.com.br\\\/evento-oficial-de-pokemon-tem-ultimos-dias-em-shopping-de-sjp\\\/#article\",\"isPartOf\":{\"@id\":\"https:\\\/\\\/ubirataonline.com.br\\\/evento-oficial-de-pokemon-tem-ultimos-dias-em-shopping-de-sjp\\\/\"},\"author\":{\"name\":\"REDA\u00c7\u00c3O: UBIRAT\u00c3 ONLINE - F\u00c1BIO AUGUSTO CELESTINO\",\"@id\":\"https:\\\/\\\/ubirataonline.com.br\\\/#\\\/schema\\\/person\\\/372f87bbd3fdd79b8556b84c98d0bc1c\"},\"headline\":\"Evento oficial de Pok\u00e9mon tem \u00faltimos dias em shopping de SJP\",\"datePublished\":\"2026-04-20T12:29:56+00:00\",\"dateModified\":\"2026-04-20T12:29:59+00:00\",\"mainEntityOfPage\":{\"@id\":\"https:\\\/\\\/ubirataonline.com.br\\\/evento-oficial-de-pokemon-tem-ultimos-dias-em-shopping-de-sjp\\\/\"},\"wordCount\":476,\"publisher\":{\"@id\":\"https:\\\/\\\/ubirataonline.com.br\\\/#organization\"},\"image\":{\"@id\":\"https:\\\/\\\/ubirataonline.com.br\\\/evento-oficial-de-pokemon-tem-ultimos-dias-em-shopping-de-sjp\\\/#primaryimage\"},\"thumbnailUrl\":\"https:\\\/\\\/ubirataonline.com.br\\\/wp-content\\\/uploads\\\/2026\\\/04\\\/Evento-oficial-de-Pokemon-tem-ultimos-dias-em-shopping-de.jpg\",\"keywords\":[\"dias\",\"evento\",\"oficial\",\"Pok\u00e9mon\",\"shopping\",\"SJP\",\"tem\",\"\u00faltimos\"],\"articleSection\":[\"Ubirat\u00e3\"],\"inLanguage\":\"en-US\",\"copyrightYear\":\"2026\",\"copyrightHolder\":{\"@id\":\"https:\\\/\\\/ubirataonline.com.br\\\/en\\\/#organization\"}},{\"@type\":\"WebPage\",\"@id\":\"https:\\\/\\\/ubirataonline.com.br\\\/evento-oficial-de-pokemon-tem-ultimos-dias-em-shopping-de-sjp\\\/\",\"url\":\"https:\\\/\\\/ubirataonline.com.br\\\/evento-oficial-de-pokemon-tem-ultimos-dias-em-shopping-de-sjp\\\/\",\"name\":\"Evento oficial de Pok\u00e9mon tem \u00faltimos dias em shopping de SJP - Ubirat\u00e3 Online Not\u00edcias - A realidade ao seu alcance!\",\"isPartOf\":{\"@id\":\"https:\\\/\\\/ubirataonline.com.br\\\/#website\"},\"primaryImageOfPage\":{\"@id\":\"https:\\\/\\\/ubirataonline.com.br\\\/evento-oficial-de-pokemon-tem-ultimos-dias-em-shopping-de-sjp\\\/#primaryimage\"},\"image\":{\"@id\":\"https:\\\/\\\/ubirataonline.com.br\\\/evento-oficial-de-pokemon-tem-ultimos-dias-em-shopping-de-sjp\\\/#primaryimage\"},\"thumbnailUrl\":\"https:\\\/\\\/ubirataonline.com.br\\\/wp-content\\\/uploads\\\/2026\\\/04\\\/Evento-oficial-de-Pokemon-tem-ultimos-dias-em-shopping-de.jpg\",\"datePublished\":\"2026-04-20T12:29:56+00:00\",\"dateModified\":\"2026-04-20T12:29:59+00:00\",\"description\":\"F\u00e3s da franquia que ainda n\u00e3o visitaram o evento oficial de Pok\u00e9mon no Paran\u00e1 precisam aproveitar os \u00faltimos dias da atra\u00e7\u00e3o. Com funcionamento at\u00e9 26 de\",\"breadcrumb\":{\"@id\":\"https:\\\/\\\/ubirataonline.com.br\\\/evento-oficial-de-pokemon-tem-ultimos-dias-em-shopping-de-sjp\\\/#breadcrumb\"},\"inLanguage\":\"en-US\",\"potentialAction\":[{\"@type\":\"ReadAction\",\"target\":[\"https:\\\/\\\/ubirataonline.com.br\\\/evento-oficial-de-pokemon-tem-ultimos-dias-em-shopping-de-sjp\\\/\"]}]},{\"@type\":\"ImageObject\",\"inLanguage\":\"en-US\",\"@id\":\"https:\\\/\\\/ubirataonline.com.br\\\/evento-oficial-de-pokemon-tem-ultimos-dias-em-shopping-de-sjp\\\/#primaryimage\",\"url\":\"https:\\\/\\\/ubirataonline.com.br\\\/wp-content\\\/uploads\\\/2026\\\/04\\\/Evento-oficial-de-Pokemon-tem-ultimos-dias-em-shopping-de.jpg\",\"contentUrl\":\"https:\\\/\\\/ubirataonline.com.br\\\/wp-content\\\/uploads\\\/2026\\\/04\\\/Evento-oficial-de-Pokemon-tem-ultimos-dias-em-shopping-de.jpg\",\"width\":1200,\"height\":856,\"caption\":\"Atra\u00e7\u00e3o especial do Pokemon tem \u00faltimos dias no Shopping S\u00e3o Jos\u00e9. Foto: Divulga\u00e7\u00e3o\"},{\"@type\":\"BreadcrumbList\",\"@id\":\"https:\\\/\\\/ubirataonline.com.br\\\/evento-oficial-de-pokemon-tem-ultimos-dias-em-shopping-de-sjp\\\/#breadcrumb\",\"itemListElement\":[{\"@type\":\"ListItem\",\"position\":1,\"name\":\"In\u00edcio\",\"item\":\"https:\\\/\\\/ubirataonline.com.br\\\/\"},{\"@type\":\"ListItem\",\"position\":2,\"name\":\"Evento oficial de Pok\u00e9mon tem \u00faltimos dias em shopping de SJP\"}]},{\"@type\":\"WebSite\",\"@id\":\"https:\\\/\\\/ubirataonline.com.br\\\/#website\",\"url\":\"https:\\\/\\\/ubirataonline.com.br\\\/\",\"name\":\"Ubirat\u00e3 Online Not\u00edcias\",\"description\":\"Not\u00edcias de Ubirat\u00e3, regi\u00e3o, Brasil e mundo, com informa\u00e7\u00e3o atualizada e compromisso com o leitor.\",\"publisher\":{\"@id\":\"https:\\\/\\\/ubirataonline.com.br\\\/#organization\"},\"alternateName\":\"Ubirat\u00e3 Online\",\"potentialAction\":[{\"@type\":\"SearchAction\",\"target\":{\"@type\":\"EntryPoint\",\"urlTemplate\":\"https:\\\/\\\/ubirataonline.com.br\\\/?s={search_term_string}\"},\"query-input\":{\"@type\":\"PropertyValueSpecification\",\"valueRequired\":true,\"valueName\":\"search_term_string\"}}],\"inLanguage\":\"en-US\"},{\"@type\":[\"Organization\",\"Place\"],\"@id\":\"https:\\\/\\\/ubirataonline.com.br\\\/#organization\",\"name\":\"Ubirat\u00e3 Online Not\u00edcias\",\"alternateName\":\"Ubirat\u00e3 Online\",\"url\":\"https:\\\/\\\/ubirataonline.com.br\\\/\",\"logo\":{\"@id\":\"https:\\\/\\\/ubirataonline.com.br\\\/evento-oficial-de-pokemon-tem-ultimos-dias-em-shopping-de-sjp\\\/#local-main-organization-logo\"},\"image\":{\"@id\":\"https:\\\/\\\/ubirataonline.com.br\\\/evento-oficial-de-pokemon-tem-ultimos-dias-em-shopping-de-sjp\\\/#local-main-organization-logo\"},\"sameAs\":[\"https:\\\/\\\/www.facebook.com\\\/portalubirataonline\",\"https:\\\/\\\/x.com\\\/ubirataonline\",\"https:\\\/\\\/mastodon.social\\\/@ubirataonline\",\"https:\\\/\\\/www.facebook.com\\\/groups\\\/311144672285604\",\"https:\\\/\\\/www.facebook.com\\\/UBTAOnline\",\"https:\\\/\\\/www.instagram.com\\\/portalubirataonline\\\/\",\"https:\\\/\\\/twitter.com\\\/ubirataonline\"],\"description\":\"Somos um portal de not\u00edcias independente, criado em 5 de janeiro de 2009, com o objetivo de informar, conectar e valorizar a nossa comunidade de Ubirat\u00e3 e toda aregi\u00e3o. Com conte\u00fado atualizado, confi\u00e1vel e relevante, o Ubirat\u00e3 Online \u00e9 o seu espa\u00e7o para ficar por dentro dos principais acontecimentos locais, regionais, Brasil, Mundo e de interesse geral. Nosso compromisso \u00e9 com a verdade, a transpar\u00eancia e o respeito ao leitor.\",\"legalName\":\"UBIRATA ONLINE NOT\u00cdCIAS\",\"foundingDate\":\"2009-01-05\",\"numberOfEmployees\":{\"@type\":\"QuantitativeValue\",\"minValue\":\"1\",\"maxValue\":\"10\"},\"publishingPrinciples\":\"https:\\\/\\\/ubirataonline.com.br\\\/faq\\\/\",\"address\":{\"@id\":\"https:\\\/\\\/ubirataonline.com.br\\\/evento-oficial-de-pokemon-tem-ultimos-dias-em-shopping-de-sjp\\\/#local-main-place-address\"},\"geo\":{\"@type\":\"GeoCoordinates\",\"latitude\":\"-24.5361401\",\"longitude\":\"-52.9921776\"},\"telephone\":[\"+5544998308235\"],\"contactPoint\":{\"@type\":\"ContactPoint\",\"email\":\"contato@ubirataonline.com.br\"},\"openingHoursSpecification\":{\"@type\":\"OpeningHoursSpecification\",\"dayOfWeek\":[\"Monday\",\"Tuesday\",\"Wednesday\",\"Thursday\",\"Friday\",\"Saturday\",\"Sunday\"],\"opens\":\"00:00\",\"closes\":\"23:59\"},\"email\":\"contato@ubirataonline.com.br\",\"vatID\":\"47.621.418\\\/0001-80\"},{\"@type\":\"Person\",\"@id\":\"https:\\\/\\\/ubirataonline.com.br\\\/#\\\/schema\\\/person\\\/372f87bbd3fdd79b8556b84c98d0bc1c\",\"name\":\"REDA\u00c7\u00c3O: UBIRAT\u00c3 ONLINE - F\u00c1BIO AUGUSTO CELESTINO\",\"pronouns\":\"Ele\",\"description\":\"Desde 2003 trabalhando com not\u00edcias.\",\"sameAs\":[\"http:\\\/\\\/ubirataoline.com.br\",\"https:\\\/\\\/www.facebook.com\\\/portalubirataonline\",\"https:\\\/\\\/www.instagram.com\\\/ubirataonline_oficial\",\"https:\\\/\\\/x.com\\\/x.com\\\/ubirataonline\"],\"honorificPrefix\":\"Mr.\",\"honorificSuffix\":\"MD\",\"birthDate\":\"1980-06-16\",\"gender\":\"masculino\",\"award\":[\"V\u00e1rios pr\u00eamios de melhor portal da cidade\"],\"jobTitle\":\"Diretor\",\"url\":\"https:\\\/\\\/ubirataonline.com.br\\\/en\\\/author\\\/ubirataonline\\\/\"},{\"@type\":\"PostalAddress\",\"@id\":\"https:\\\/\\\/ubirataonline.com.br\\\/evento-oficial-de-pokemon-tem-ultimos-dias-em-shopping-de-sjp\\\/#local-main-place-address\",\"streetAddress\":\"Rua dos Coqueiros, 104 - Bairro Boa Vista, Rua dos Coqueiros, 104 Bairro Boa Vista\",\"addressLocality\":\"UBIRATA\",\"postalCode\":\"85440-000\",\"addressRegion\":\"PR\",\"addressCountry\":\"BR\"},{\"@type\":\"ImageObject\",\"inLanguage\":\"en-US\",\"@id\":\"https:\\\/\\\/ubirataonline.com.br\\\/evento-oficial-de-pokemon-tem-ultimos-dias-em-shopping-de-sjp\\\/#local-main-organization-logo\",\"url\":\"https:\\\/\\\/ubirataonline.com.br\\\/wp-content\\\/uploads\\\/2026\\\/06\\\/logoubirataonline-1.webp\",\"contentUrl\":\"https:\\\/\\\/ubirataonline.com.br\\\/wp-content\\\/uploads\\\/2026\\\/06\\\/logoubirataonline-1.webp\",\"width\":500,\"height\":500,\"caption\":\"Ubirat\u00e3 Online Not\u00edcias\"}]}<\/script>\n<meta name=\"geo.placename\" content=\"UBIRATA\" \/>\n<meta name=\"geo.position\" content=\"-24.5361401;-52.9921776\" \/>\n<meta name=\"geo.region\" content=\"Brazil\" \/>\n<!-- \/ Yoast SEO Premium plugin. -->","yoast_head_json":{"title":"Evento oficial de Pok\u00e9mon tem \u00faltimos dias em shopping de SJP - Ubirat\u00e3 Online Not\u00edcias - A realidade ao seu alcance!","description":"F\u00e3s da franquia que ainda n\u00e3o visitaram o evento oficial de Pok\u00e9mon no Paran\u00e1 precisam aproveitar os \u00faltimos dias da atra\u00e7\u00e3o. Com funcionamento at\u00e9 26 de","robots":{"index":"index","follow":"follow","max-snippet":"max-snippet:-1","max-image-preview":"max-image-preview:large","max-video-preview":"max-video-preview:-1"},"canonical":"https:\/\/ubirataonline.com.br\/en\/evento-oficial-de-pokemon-tem-ultimos-dias-em-shopping-de-sjp\/","og_locale":"en_US","og_type":"article","og_title":"Evento oficial de Pok\u00e9mon tem \u00faltimos dias em shopping de SJP","og_description":"F\u00e3s da franquia que ainda n\u00e3o visitaram o evento oficial de Pok\u00e9mon no Paran\u00e1 precisam aproveitar os \u00faltimos dias da atra\u00e7\u00e3o. Com funcionamento at\u00e9 26 de","og_url":"https:\/\/ubirataonline.com.br\/en\/evento-oficial-de-pokemon-tem-ultimos-dias-em-shopping-de-sjp\/","og_site_name":"Ubirat\u00e3 Online Not\u00edcias - A realidade ao seu alcance!","article_publisher":"https:\/\/www.facebook.com\/portalubirataonline","article_author":"https:\/\/www.facebook.com\/portalubirataonline","article_published_time":"2026-04-20T12:29:56+00:00","article_modified_time":"2026-04-20T12:29:59+00:00","og_image":[{"width":1200,"height":856,"url":"https:\/\/ubirataonline.com.br\/wp-content\/uploads\/2026\/04\/Evento-oficial-de-Pokemon-tem-ultimos-dias-em-shopping-de.jpg","type":"image\/jpeg"}],"author":"REDA\u00c7\u00c3O: UBIRAT\u00c3 ONLINE - F\u00c1BIO AUGUSTO CELESTINO","twitter_card":"summary_large_image","twitter_creator":"@x.com\/ubirataonline","twitter_site":"@ubirataonline","twitter_misc":{"Written by":"REDA\u00c7\u00c3O: UBIRAT\u00c3 ONLINE - F\u00c1BIO AUGUSTO CELESTINO","Est. reading time":"2 minutes"},"schema":{"@context":"https:\/\/schema.org","@graph":[{"@type":"NewsArticle","@id":"https:\/\/ubirataonline.com.br\/evento-oficial-de-pokemon-tem-ultimos-dias-em-shopping-de-sjp\/#article","isPartOf":{"@id":"https:\/\/ubirataonline.com.br\/evento-oficial-de-pokemon-tem-ultimos-dias-em-shopping-de-sjp\/"},"author":{"name":"REDA\u00c7\u00c3O: UBIRAT\u00c3 ONLINE - F\u00c1BIO AUGUSTO CELESTINO","@id":"https:\/\/ubirataonline.com.br\/#\/schema\/person\/372f87bbd3fdd79b8556b84c98d0bc1c"},"headline":"Evento oficial de Pok\u00e9mon tem \u00faltimos dias em shopping de SJP","datePublished":"2026-04-20T12:29:56+00:00","dateModified":"2026-04-20T12:29:59+00:00","mainEntityOfPage":{"@id":"https:\/\/ubirataonline.com.br\/evento-oficial-de-pokemon-tem-ultimos-dias-em-shopping-de-sjp\/"},"wordCount":476,"publisher":{"@id":"https:\/\/ubirataonline.com.br\/#organization"},"image":{"@id":"https:\/\/ubirataonline.com.br\/evento-oficial-de-pokemon-tem-ultimos-dias-em-shopping-de-sjp\/#primaryimage"},"thumbnailUrl":"https:\/\/ubirataonline.com.br\/wp-content\/uploads\/2026\/04\/Evento-oficial-de-Pokemon-tem-ultimos-dias-em-shopping-de.jpg","keywords":["dias","evento","oficial","Pok\u00e9mon","shopping","SJP","tem","\u00faltimos"],"articleSection":["Ubirat\u00e3"],"inLanguage":"en-US","copyrightYear":"2026","copyrightHolder":{"@id":"https:\/\/ubirataonline.com.br\/en\/#organization"}},{"@type":"WebPage","@id":"https:\/\/ubirataonline.com.br\/evento-oficial-de-pokemon-tem-ultimos-dias-em-shopping-de-sjp\/","url":"https:\/\/ubirataonline.com.br\/evento-oficial-de-pokemon-tem-ultimos-dias-em-shopping-de-sjp\/","name":"Evento oficial de Pok\u00e9mon tem \u00faltimos dias em shopping de SJP - Ubirat\u00e3 Online Not\u00edcias - A realidade ao seu alcance!","isPartOf":{"@id":"https:\/\/ubirataonline.com.br\/#website"},"primaryImageOfPage":{"@id":"https:\/\/ubirataonline.com.br\/evento-oficial-de-pokemon-tem-ultimos-dias-em-shopping-de-sjp\/#primaryimage"},"image":{"@id":"https:\/\/ubirataonline.com.br\/evento-oficial-de-pokemon-tem-ultimos-dias-em-shopping-de-sjp\/#primaryimage"},"thumbnailUrl":"https:\/\/ubirataonline.com.br\/wp-content\/uploads\/2026\/04\/Evento-oficial-de-Pokemon-tem-ultimos-dias-em-shopping-de.jpg","datePublished":"2026-04-20T12:29:56+00:00","dateModified":"2026-04-20T12:29:59+00:00","description":"F\u00e3s da franquia que ainda n\u00e3o visitaram o evento oficial de Pok\u00e9mon no Paran\u00e1 precisam aproveitar os \u00faltimos dias da atra\u00e7\u00e3o. Com funcionamento at\u00e9 26 de","breadcrumb":{"@id":"https:\/\/ubirataonline.com.br\/evento-oficial-de-pokemon-tem-ultimos-dias-em-shopping-de-sjp\/#breadcrumb"},"inLanguage":"en-US","potentialAction":[{"@type":"ReadAction","target":["https:\/\/ubirataonline.com.br\/evento-oficial-de-pokemon-tem-ultimos-dias-em-shopping-de-sjp\/"]}]},{"@type":"ImageObject","inLanguage":"en-US","@id":"https:\/\/ubirataonline.com.br\/evento-oficial-de-pokemon-tem-ultimos-dias-em-shopping-de-sjp\/#primaryimage","url":"https:\/\/ubirataonline.com.br\/wp-content\/uploads\/2026\/04\/Evento-oficial-de-Pokemon-tem-ultimos-dias-em-shopping-de.jpg","contentUrl":"https:\/\/ubirataonline.com.br\/wp-content\/uploads\/2026\/04\/Evento-oficial-de-Pokemon-tem-ultimos-dias-em-shopping-de.jpg","width":1200,"height":856,"caption":"Atra\u00e7\u00e3o especial do Pokemon tem \u00faltimos dias no Shopping S\u00e3o Jos\u00e9. Foto: Divulga\u00e7\u00e3o"},{"@type":"BreadcrumbList","@id":"https:\/\/ubirataonline.com.br\/evento-oficial-de-pokemon-tem-ultimos-dias-em-shopping-de-sjp\/#breadcrumb","itemListElement":[{"@type":"ListItem","position":1,"name":"In\u00edcio","item":"https:\/\/ubirataonline.com.br\/"},{"@type":"ListItem","position":2,"name":"Evento oficial de Pok\u00e9mon tem \u00faltimos dias em shopping de SJP"}]},{"@type":"WebSite","@id":"https:\/\/ubirataonline.com.br\/#website","url":"https:\/\/ubirataonline.com.br\/","name":"Ubirat\u00e3 Online Not\u00edcias","description":"Not\u00edcias de Ubirat\u00e3, regi\u00e3o, Brasil e mundo, com informa\u00e7\u00e3o atualizada e compromisso com o leitor.","publisher":{"@id":"https:\/\/ubirataonline.com.br\/#organization"},"alternateName":"Ubirat\u00e3 Online","potentialAction":[{"@type":"SearchAction","target":{"@type":"EntryPoint","urlTemplate":"https:\/\/ubirataonline.com.br\/?s={search_term_string}"},"query-input":{"@type":"PropertyValueSpecification","valueRequired":true,"valueName":"search_term_string"}}],"inLanguage":"en-US"},{"@type":["Organization","Place"],"@id":"https:\/\/ubirataonline.com.br\/#organization","name":"Ubirat\u00e3 Online Not\u00edcias","alternateName":"Ubirat\u00e3 Online","url":"https:\/\/ubirataonline.com.br\/","logo":{"@id":"https:\/\/ubirataonline.com.br\/evento-oficial-de-pokemon-tem-ultimos-dias-em-shopping-de-sjp\/#local-main-organization-logo"},"image":{"@id":"https:\/\/ubirataonline.com.br\/evento-oficial-de-pokemon-tem-ultimos-dias-em-shopping-de-sjp\/#local-main-organization-logo"},"sameAs":["https:\/\/www.facebook.com\/portalubirataonline","https:\/\/x.com\/ubirataonline","https:\/\/mastodon.social\/@ubirataonline","https:\/\/www.facebook.com\/groups\/311144672285604","https:\/\/www.facebook.com\/UBTAOnline","https:\/\/www.instagram.com\/portalubirataonline\/","https:\/\/twitter.com\/ubirataonline"],"description":"Somos um portal de not\u00edcias independente, criado em 5 de janeiro de 2009, com o objetivo de informar, conectar e valorizar a nossa comunidade de Ubirat\u00e3 e toda aregi\u00e3o. Com conte\u00fado atualizado, confi\u00e1vel e relevante, o Ubirat\u00e3 Online \u00e9 o seu espa\u00e7o para ficar por dentro dos principais acontecimentos locais, regionais, Brasil, Mundo e de interesse geral. Nosso compromisso \u00e9 com a verdade, a transpar\u00eancia e o respeito ao leitor.","legalName":"UBIRATA ONLINE NOT\u00cdCIAS","foundingDate":"2009-01-05","numberOfEmployees":{"@type":"QuantitativeValue","minValue":"1","maxValue":"10"},"publishingPrinciples":"https:\/\/ubirataonline.com.br\/faq\/","address":{"@id":"https:\/\/ubirataonline.com.br\/evento-oficial-de-pokemon-tem-ultimos-dias-em-shopping-de-sjp\/#local-main-place-address"},"geo":{"@type":"GeoCoordinates","latitude":"-24.5361401","longitude":"-52.9921776"},"telephone":["+5544998308235"],"contactPoint":{"@type":"ContactPoint","email":"contato@ubirataonline.com.br"},"openingHoursSpecification":{"@type":"OpeningHoursSpecification","dayOfWeek":["Monday","Tuesday","Wednesday","Thursday","Friday","Saturday","Sunday"],"opens":"00:00","closes":"23:59"},"email":"contato@ubirataonline.com.br","vatID":"47.621.418\/0001-80"},{"@type":"Person","@id":"https:\/\/ubirataonline.com.br\/#\/schema\/person\/372f87bbd3fdd79b8556b84c98d0bc1c","name":"REDA\u00c7\u00c3O: UBIRAT\u00c3 ONLINE - F\u00c1BIO AUGUSTO CELESTINO","pronouns":"Ele","description":"Desde 2003 trabalhando com not\u00edcias.","sameAs":["http:\/\/ubirataoline.com.br","https:\/\/www.facebook.com\/portalubirataonline","https:\/\/www.instagram.com\/ubirataonline_oficial","https:\/\/x.com\/x.com\/ubirataonline"],"honorificPrefix":"Mr.","honorificSuffix":"MD","birthDate":"1980-06-16","gender":"masculino","award":["V\u00e1rios pr\u00eamios de melhor portal da cidade"],"jobTitle":"Diretor","url":"https:\/\/ubirataonline.com.br\/en\/author\/ubirataonline\/"},{"@type":"PostalAddress","@id":"https:\/\/ubirataonline.com.br\/evento-oficial-de-pokemon-tem-ultimos-dias-em-shopping-de-sjp\/#local-main-place-address","streetAddress":"Rua dos Coqueiros, 104 - Bairro Boa Vista, Rua dos Coqueiros, 104 Bairro Boa Vista","addressLocality":"UBIRATA","postalCode":"85440-000","addressRegion":"PR","addressCountry":"BR"},{"@type":"ImageObject","inLanguage":"en-US","@id":"https:\/\/ubirataonline.com.br\/evento-oficial-de-pokemon-tem-ultimos-dias-em-shopping-de-sjp\/#local-main-organization-logo","url":"https:\/\/ubirataonline.com.br\/wp-content\/uploads\/2026\/06\/logoubirataonline-1.webp","contentUrl":"https:\/\/ubirataonline.com.br\/wp-content\/uploads\/2026\/06\/logoubirataonline-1.webp","width":500,"height":500,"caption":"Ubirat\u00e3 Online Not\u00edcias"}]},"geo.placename":"UBIRATA","geo.position":{"lat":"-24.5361401","long":"-52.9921776"},"geo.region":"Brazil"},"_links":{"self":[{"href":"https:\/\/ubirataonline.com.br\/en\/wp-json\/wp\/v2\/posts\/112746","targetHints":{"allow":["GET"]}}],"collection":[{"href":"https:\/\/ubirataonline.com.br\/en\/wp-json\/wp\/v2\/posts"}],"about":[{"href":"https:\/\/ubirataonline.com.br\/en\/wp-json\/wp\/v2\/types\/post"}],"author":[{"embeddable":true,"href":"https:\/\/ubirataonline.com.br\/en\/wp-json\/wp\/v2\/users\/1"}],"replies":[{"embeddable":true,"href":"https:\/\/ubirataonline.com.br\/en\/wp-json\/wp\/v2\/comments?post=112746"}],"version-history":[{"count":0,"href":"https:\/\/ubirataonline.com.br\/en\/wp-json\/wp\/v2\/posts\/112746\/revisions"}],"wp:featuredmedia":[{"embeddable":true,"href":"https:\/\/ubirataonline.com.br\/en\/wp-json\/wp\/v2\/media\/112747"}],"wp:attachment":[{"href":"https:\/\/ubirataonline.com.br\/en\/wp-json\/wp\/v2\/media?parent=112746"}],"wp:term":[{"taxonomy":"category","embeddable":true,"href":"https:\/\/ubirataonline.com.br\/en\/wp-json\/wp\/v2\/categories?post=112746"},{"taxonomy":"post_tag","embeddable":true,"href":"https:\/\/ubirataonline.com.br\/en\/wp-json\/wp\/v2\/tags?post=112746"}],"curies":[{"name":"wp","href":"https:\/\/api.w.org\/{rel}","templated":true}]}}