{"id":112772,"date":"2026-04-20T10:12:48","date_gmt":"2026-04-20T13:12:48","guid":{"rendered":"https:\/\/ubirataonline.com.br\/jane-fonda-takes-the-stage-at-bams-earth-day-musical-dear-everything\/"},"modified":"2026-04-20T10:12:48","modified_gmt":"2026-04-20T13:12:48","slug":"jane-fonda-takes-the-stage-at-bams-earth-day-musical-dear-everything","status":"publish","type":"post","link":"https:\/\/ubirataonline.com.br\/en\/jane-fonda-takes-the-stage-at-bams-earth-day-musical-dear-everything\/","title":{"rendered":"Jane Fonda takes the stage at BAM&#8217;s Earth Day musical &#8216;Dear Everything&#8217;"},"content":{"rendered":"<p><\/p>\n<div itemprop=\"text\">\n<details class=\"toc\">\n<summary><span class=\"show\">Show summary <\/span><span class=\"hide\">Hide summary <\/span><\/summary>\n<\/details>\n<p style=\"font-size:1.1em;font-weight:500;line-height:1.6;margin-bottom:20px\"><b>Jane Fonda<\/b> takes center stage tonight at <b>BAM\u2019s<\/b> historic theater on <b>April 22<\/b> for Earth Day. The legendary activist narrates <b>Dear Everything<\/b>, a fierce folk-pop musical uprising about young people fighting climate crisis. This one-night-only performance marks a <b>monumental creative milestone<\/b> for one of Hollywood\u2019s most passionate environmental champions.<\/p>\n<div style=\"background:#f9f9f9;padding:20px;border-left:4px solid #e74c3c;margin:25px 0\">\n<h3 style=\"margin-top:0\" id=\"toc-title-1\">&#x1f525; Quick Facts<\/h3>\n<ul style=\"margin:10px 0;padding-left:20px\">\n<li><b>Performance Date<\/b>: Wednesday, <b>April 22, 2026<\/b> at <b>7:30 PM<\/b> (Earth Day)<\/li>\n<li><b>Location<\/b>: <b>Brooklyn Academy of Music<\/b>, Howard Gilman Opera House, NYC<\/li>\n<li><b>Running Time<\/b>: <b>1 hour, 40 minutes<\/b> of electrifying rock performance<\/li>\n<li><b>Creator<\/b>: <b>V (formerly Eve Ensler)<\/b>, Tony Award winner and Vagina Monologues author<\/li>\n<\/ul>\n<\/div>\n<h2 id=\"toc-title-2\">Jane Fonda\u2019s Powerful Voice Amplifies Earth Day Message<\/h2>\n<p><b>Jane Fonda<\/b>, the <b>double Oscar winner<\/b> and tireless climate activist, brings decades of environmental advocacy to this groundbreaking musical. Her narration anchors the story of <b>teenager Sophia<\/b>, a young girl who galvanizes her community to save a local forest threatened by corporate greed. <b>Fonda\u2019s presence<\/b> signals the show\u2019s urgency and demands serious attention from audiences.<\/p>\n<p>The actress has long championed climate justice, founding her <b>Jane Fonda Climate PAC<\/b> to elect environmental leaders across America. Her participation in Dear Everything demonstrates unwavering commitment to youth-led solutions for our planet\u2019s survival.<\/p>\n<h2 id=\"toc-title-3\">A Musical Uprising Born from Collective Vision<\/h2>\n<p><b>Dear Everything<\/b> represents a groundbreaking collaboration between visionary artists. Creator <b>V (formerly Eve Ensler)<\/b>, whose <b>Vagina Monologues<\/b> revolutionized theater activism, pens the book and lyrics. Director <b>Diane Paulus<\/b> (known for <b>Pippin<\/b> and <b>Waitress<\/b>) brings theatrical magic to the stage.<\/p>\n<p>Composer and producer <b>Justin Tranter<\/b>, along with singer-songwriter <b>Caroline Pennell<\/b> and musician <b>Eren Cannata<\/b>, craft an electrifying rock score. This ensemble of <b>American Repertory Theater<\/b> artists birthed a transformational work addressing the climate emergency through youth voices.<\/p>\n<h2 id=\"toc-title-4\">The Story Young People Must Hear<\/h2>\n<p>When greedy adults in a small town threaten to bulldoze nearby forests for profit, teenager <b>Sophia<\/b> refuses to accept defeat. She mobilizes her generation to fight back, discovering unprecedented power in collective action. The musical charts how <b>young people<\/b> navigating climate crisis can transcend individual mindsets to embrace transformational change.<\/p>\n<table style=\"width:100%;border-collapse:collapse;margin:20px 0\">\n<tr style=\"background:#f4f4f4\">\n<td style=\"padding:12px;border:1px solid #ddd;font-weight:bold\">Element<\/td>\n<td style=\"padding:12px;border:1px solid #ddd;font-weight:bold\">Details<\/td>\n<\/tr>\n<tr>\n<td style=\"padding:12px;border:1px solid #ddd\">Book &amp; Lyrics<\/td>\n<td style=\"padding:12px;border:1px solid #ddd\"><b>V (formerly Eve Ensler)<\/b><\/td>\n<\/tr>\n<tr style=\"background:#f9f9f9\">\n<td style=\"padding:12px;border:1px solid #ddd\">Director<\/td>\n<td style=\"padding:12px;border:1px solid #ddd\"><b>Diane Paulus<\/b><\/td>\n<\/tr>\n<tr>\n<td style=\"padding:12px;border:1px solid #ddd\">Music &amp; Score<\/td>\n<td style=\"padding:12px;border:1px solid #ddd\"><b>Justin Tranter<\/b>, <b>Caroline Pennell<\/b>, <b>Eren Cannata<\/b><\/td>\n<\/tr>\n<tr style=\"background:#f9f9f9\">\n<td style=\"padding:12px;border:1px solid #ddd\">Narrator<\/td>\n<td style=\"padding:12px;border:1px solid #ddd\"><b>Jane Fonda<\/b><\/td>\n<\/tr>\n<\/table>\n<blockquote style=\"border-left:4px solid #3498db;padding-left:20px;margin:25px 0;font-style:italic;color:#555\">\n<p>\n\u201cIn the face of a full-blown climate emergency, can we band together and intervene before it\u2019s too late?\u201d\n<\/p>\n<\/blockquote>\n<p style=\"font-size:0.9em;color:#666;margin-top:-15px\">\u2014 <b>Dear Everything<\/b>, Core Question of the Musical<\/p>\n<h2 id=\"toc-title-5\">Ensemble Cast Brings Sophia\u2019s Generation to Life<\/h2>\n<p>The production features a talented ensemble including <b>Bailey Bass<\/b>, <b>Crystal Monee Hall<\/b>, <b>YDE<\/b>, <b>Paravi<\/b>, <b>Luke Ferrari<\/b>, <b>Michael Williams<\/b>, <b>Brittany Campbell<\/b>, <b>Javier Mu\u00f1oz<\/b>, and <b>Terence Archie<\/b>. The cast embodies young activists mobilizing their communities for environmental justice. Supporting performers form an <b>Earth Choir<\/b>, amplifying messages of collective power.<\/p>\n<p>This <b>all-star ensemble<\/b> brings electric energy to every scene, making Young people don\u2019t just exist in their story. They are the heroes who reshape our future.<\/p>\n<h2 id=\"toc-title-6\">What Does Earth Day\u2019s Most Urgent Musical Performance Reveal About Our Future?<\/h2>\n<p>Dear Everything arrives at a critical moment. Climate scientists confirm we face a <b>full-blown emergency<\/b> demanding immediate, transformational action. Young people inherit a planet destabilized by adult decisions, yet they lead the movement for change.<\/p>\n<p>Tonight\u2019s Earth Day performance at BAM asks audiences a fundamental question: Will we join the uprising? Tickets start at <b>$35<\/b> for this one-night-only event. The musical doesn\u2019t offer easy answers, but it offers something more powerful\u2014proof that when people <b>break free from individual mindsets<\/b>, we can achieve the impossible together. Jane Fonda\u2019s presence reminds us: activism isn\u2019t optional. It\u2019s essential.<\/p>\n<h3 id=\"toc-title-7\">Sources<\/h3>\n<ul>\n<li><b>Brooklyn Academy of Music (BAM)<\/b> \u2013 Official Dear Everything page and performance details<\/li>\n<li><b>Playbill<\/b> \u2013 Cast announcement and creative team credentials<\/li>\n<li><b>BroadwayWorld<\/b> \u2013 Jane Fonda performance announcement and musical description<\/li>\n<\/ul>\n<p><!-- CONTENT END 5 -->\n\t\t<\/div>\n<div id=\"rate-content\">\n<h2>Give your feedback<\/h2>\n<p><span class=\"star\" data-rating=\"1\">\u2605<\/span><span class=\"star\" data-rating=\"2\">\u2605<\/span><span class=\"star\" data-rating=\"3\">\u2605<\/span><span class=\"star\" data-rating=\"4\">\u2605<\/span><span class=\"star\" data-rating=\"5\">\u2605<\/span><\/p>\n<p class=\"vote-info\">Be the first to rate this post<br \/>or <a href=\"#comments\">leave a detailed review<\/a><\/p>\n<\/div>\n<p><a href=\"https:\/\/artthreat.net\/23256-44976-jane-fonda-takes-the-stage-at-bam-s-earth-day-musical-dear-everything\/\">Source link <\/a><\/p>","protected":false},"excerpt":{"rendered":"<p>Show summary Hide summary Jane Fonda takes center stage tonight at BAM\u2019s historic theater on April 22 for Earth Day. The legendary activist narrates Dear Everything, a fierce folk-pop musical uprising about young people fighting climate crisis. This one-night-only performance marks a monumental creative milestone for one of Hollywood\u2019s most passionate environmental champions. &#x1f525; Quick [&hellip;]<\/p>\n","protected":false},"author":1,"featured_media":0,"comment_status":"","ping_status":"","sticky":false,"template":"","format":"standard","meta":{"googlesitekit_rrm_CAow2JLhCw:productID":"","_gspb_post_css":"","maa_idioma":"","maa_pais":"","footnotes":""},"categories":[1],"tags":[30314,3064,30315,10022,30313,11376,6135,12148,3042],"class_list":["post-112772","post","type-post","status-publish","format-standard","hentry","category-ubirata","tag-bams","tag-day","tag-dear","tag-earth","tag-fonda","tag-jane","tag-musical","tag-stage","tag-takes"],"blocksy_meta":[],"yoast_head":"<!-- This site is optimized with the Yoast SEO Premium plugin v27.6 (Yoast SEO v27.6) - https:\/\/yoast.com\/product\/yoast-seo-premium-wordpress\/ -->\n<title>Jane Fonda takes the stage at BAM&#039;s Earth Day musical &#039;Dear Everything&#039; - Ubirat\u00e3 Online Not\u00edcias - A realidade ao seu alcance!<\/title>\n<meta name=\"description\" content=\"Show summary Hide summary Jane Fonda takes center stage tonight at BAM\u2019s historic theater on April 22 for Earth Day. The legendary activist narrates Dear\" \/>\n<meta name=\"robots\" content=\"index, follow, max-snippet:-1, max-image-preview:large, max-video-preview:-1\" \/>\n<link rel=\"canonical\" href=\"https:\/\/ubirataonline.com.br\/en\/jane-fonda-takes-the-stage-at-bams-earth-day-musical-dear-everything\/\" \/>\n<meta property=\"og:locale\" content=\"en_US\" \/>\n<meta property=\"og:type\" content=\"article\" \/>\n<meta property=\"og:title\" content=\"Jane Fonda takes the stage at BAM&#039;s Earth Day musical &#039;Dear Everything&#039;\" \/>\n<meta property=\"og:description\" content=\"Show summary Hide summary Jane Fonda takes center stage tonight at BAM\u2019s historic theater on April 22 for Earth Day. The legendary activist narrates Dear\" \/>\n<meta property=\"og:url\" content=\"https:\/\/ubirataonline.com.br\/en\/jane-fonda-takes-the-stage-at-bams-earth-day-musical-dear-everything\/\" \/>\n<meta property=\"og:site_name\" content=\"Ubirat\u00e3 Online Not\u00edcias - A realidade ao seu alcance!\" \/>\n<meta property=\"article:publisher\" content=\"https:\/\/www.facebook.com\/portalubirataonline\" \/>\n<meta property=\"article:author\" content=\"https:\/\/www.facebook.com\/portalubirataonline\" \/>\n<meta property=\"article:published_time\" content=\"2026-04-20T13:12:48+00:00\" \/>\n<meta property=\"og:image\" content=\"https:\/\/ubirataonline.com.br\/wp-content\/uploads\/2026\/05\/logo2026.webp\" \/>\n\t<meta property=\"og:image:width\" content=\"1531\" \/>\n\t<meta property=\"og:image:height\" content=\"418\" \/>\n\t<meta property=\"og:image:type\" content=\"image\/webp\" \/>\n<meta name=\"author\" content=\"REDA\u00c7\u00c3O: UBIRAT\u00c3 ONLINE - F\u00c1BIO AUGUSTO CELESTINO\" \/>\n<meta name=\"twitter:card\" content=\"summary_large_image\" \/>\n<meta name=\"twitter:creator\" content=\"@x.com\/ubirataonline\" \/>\n<meta name=\"twitter:site\" content=\"@ubirataonline\" \/>\n<meta name=\"twitter:label1\" content=\"Written by\" \/>\n\t<meta name=\"twitter:data1\" content=\"REDA\u00c7\u00c3O: UBIRAT\u00c3 ONLINE - F\u00c1BIO AUGUSTO CELESTINO\" \/>\n\t<meta name=\"twitter:label2\" content=\"Est. reading time\" \/>\n\t<meta name=\"twitter:data2\" content=\"3 minutes\" \/>\n<script type=\"application\/ld+json\" class=\"yoast-schema-graph\">{\"@context\":\"https:\\\/\\\/schema.org\",\"@graph\":[{\"@type\":\"NewsArticle\",\"@id\":\"https:\\\/\\\/ubirataonline.com.br\\\/jane-fonda-takes-the-stage-at-bams-earth-day-musical-dear-everything\\\/#article\",\"isPartOf\":{\"@id\":\"https:\\\/\\\/ubirataonline.com.br\\\/jane-fonda-takes-the-stage-at-bams-earth-day-musical-dear-everything\\\/\"},\"author\":{\"name\":\"REDA\u00c7\u00c3O: UBIRAT\u00c3 ONLINE - F\u00c1BIO AUGUSTO CELESTINO\",\"@id\":\"https:\\\/\\\/ubirataonline.com.br\\\/#\\\/schema\\\/person\\\/372f87bbd3fdd79b8556b84c98d0bc1c\"},\"headline\":\"Jane Fonda takes the stage at BAM&#8217;s Earth Day musical &#8216;Dear Everything&#8217;\",\"datePublished\":\"2026-04-20T13:12:48+00:00\",\"mainEntityOfPage\":{\"@id\":\"https:\\\/\\\/ubirataonline.com.br\\\/jane-fonda-takes-the-stage-at-bams-earth-day-musical-dear-everything\\\/\"},\"wordCount\":639,\"publisher\":{\"@id\":\"https:\\\/\\\/ubirataonline.com.br\\\/#organization\"},\"keywords\":[\"BAMs\",\"day\",\"Dear\",\"Earth\",\"Fonda\",\"Jane\",\"Musical\",\"stage\",\"Takes\"],\"articleSection\":[\"Ubirat\u00e3\"],\"inLanguage\":\"en-US\",\"copyrightYear\":\"2026\",\"copyrightHolder\":{\"@id\":\"https:\\\/\\\/ubirataonline.com.br\\\/en\\\/#organization\"}},{\"@type\":\"WebPage\",\"@id\":\"https:\\\/\\\/ubirataonline.com.br\\\/jane-fonda-takes-the-stage-at-bams-earth-day-musical-dear-everything\\\/\",\"url\":\"https:\\\/\\\/ubirataonline.com.br\\\/jane-fonda-takes-the-stage-at-bams-earth-day-musical-dear-everything\\\/\",\"name\":\"Jane Fonda takes the stage at BAM's Earth Day musical 'Dear Everything' - Ubirat\u00e3 Online Not\u00edcias - A realidade ao seu alcance!\",\"isPartOf\":{\"@id\":\"https:\\\/\\\/ubirataonline.com.br\\\/#website\"},\"datePublished\":\"2026-04-20T13:12:48+00:00\",\"description\":\"Show summary Hide summary Jane Fonda takes center stage tonight at BAM\u2019s historic theater on April 22 for Earth Day. The legendary activist narrates Dear\",\"breadcrumb\":{\"@id\":\"https:\\\/\\\/ubirataonline.com.br\\\/jane-fonda-takes-the-stage-at-bams-earth-day-musical-dear-everything\\\/#breadcrumb\"},\"inLanguage\":\"en-US\",\"potentialAction\":[{\"@type\":\"ReadAction\",\"target\":[\"https:\\\/\\\/ubirataonline.com.br\\\/jane-fonda-takes-the-stage-at-bams-earth-day-musical-dear-everything\\\/\"]}]},{\"@type\":\"BreadcrumbList\",\"@id\":\"https:\\\/\\\/ubirataonline.com.br\\\/jane-fonda-takes-the-stage-at-bams-earth-day-musical-dear-everything\\\/#breadcrumb\",\"itemListElement\":[{\"@type\":\"ListItem\",\"position\":1,\"name\":\"In\u00edcio\",\"item\":\"https:\\\/\\\/ubirataonline.com.br\\\/\"},{\"@type\":\"ListItem\",\"position\":2,\"name\":\"Jane Fonda takes the stage at BAM&#8217;s Earth Day musical &#8216;Dear Everything&#8217;\"}]},{\"@type\":\"WebSite\",\"@id\":\"https:\\\/\\\/ubirataonline.com.br\\\/#website\",\"url\":\"https:\\\/\\\/ubirataonline.com.br\\\/\",\"name\":\"Ubirat\u00e3 Online Not\u00edcias\",\"description\":\"Not\u00edcias de Ubirat\u00e3, regi\u00e3o, Brasil e mundo, com informa\u00e7\u00e3o atualizada e compromisso com o leitor.\",\"publisher\":{\"@id\":\"https:\\\/\\\/ubirataonline.com.br\\\/#organization\"},\"alternateName\":\"Ubirat\u00e3 Online\",\"potentialAction\":[{\"@type\":\"SearchAction\",\"target\":{\"@type\":\"EntryPoint\",\"urlTemplate\":\"https:\\\/\\\/ubirataonline.com.br\\\/?s={search_term_string}\"},\"query-input\":{\"@type\":\"PropertyValueSpecification\",\"valueRequired\":true,\"valueName\":\"search_term_string\"}}],\"inLanguage\":\"en-US\"},{\"@type\":[\"Organization\",\"Place\"],\"@id\":\"https:\\\/\\\/ubirataonline.com.br\\\/#organization\",\"name\":\"Ubirat\u00e3 Online Not\u00edcias\",\"alternateName\":\"Ubirat\u00e3 Online\",\"url\":\"https:\\\/\\\/ubirataonline.com.br\\\/\",\"logo\":{\"@id\":\"https:\\\/\\\/ubirataonline.com.br\\\/jane-fonda-takes-the-stage-at-bams-earth-day-musical-dear-everything\\\/#local-main-organization-logo\"},\"image\":{\"@id\":\"https:\\\/\\\/ubirataonline.com.br\\\/jane-fonda-takes-the-stage-at-bams-earth-day-musical-dear-everything\\\/#local-main-organization-logo\"},\"sameAs\":[\"https:\\\/\\\/www.facebook.com\\\/portalubirataonline\",\"https:\\\/\\\/x.com\\\/ubirataonline\",\"https:\\\/\\\/mastodon.social\\\/@ubirataonline\",\"https:\\\/\\\/www.facebook.com\\\/groups\\\/311144672285604\",\"https:\\\/\\\/www.facebook.com\\\/UBTAOnline\",\"https:\\\/\\\/www.instagram.com\\\/portalubirataonline\\\/\",\"https:\\\/\\\/twitter.com\\\/ubirataonline\"],\"description\":\"Somos um portal de not\u00edcias independente, criado em 5 de janeiro de 2009, com o objetivo de informar, conectar e valorizar a nossa comunidade de Ubirat\u00e3 e toda aregi\u00e3o. Com conte\u00fado atualizado, confi\u00e1vel e relevante, o Ubirat\u00e3 Online \u00e9 o seu espa\u00e7o para ficar por dentro dos principais acontecimentos locais, regionais, Brasil, Mundo e de interesse geral. Nosso compromisso \u00e9 com a verdade, a transpar\u00eancia e o respeito ao leitor.\",\"legalName\":\"UBIRATA ONLINE NOT\u00cdCIAS\",\"foundingDate\":\"2009-01-05\",\"numberOfEmployees\":{\"@type\":\"QuantitativeValue\",\"minValue\":\"1\",\"maxValue\":\"10\"},\"publishingPrinciples\":\"https:\\\/\\\/ubirataonline.com.br\\\/faq\\\/\",\"address\":{\"@id\":\"https:\\\/\\\/ubirataonline.com.br\\\/jane-fonda-takes-the-stage-at-bams-earth-day-musical-dear-everything\\\/#local-main-place-address\"},\"geo\":{\"@type\":\"GeoCoordinates\",\"latitude\":\"-24.5361401\",\"longitude\":\"-52.9921776\"},\"telephone\":[\"+5544998308235\"],\"contactPoint\":{\"@type\":\"ContactPoint\",\"email\":\"contato@ubirataonline.com.br\"},\"openingHoursSpecification\":{\"@type\":\"OpeningHoursSpecification\",\"dayOfWeek\":[\"Monday\",\"Tuesday\",\"Wednesday\",\"Thursday\",\"Friday\",\"Saturday\",\"Sunday\"],\"opens\":\"00:00\",\"closes\":\"23:59\"},\"email\":\"contato@ubirataonline.com.br\",\"vatID\":\"47.621.418\\\/0001-80\"},{\"@type\":\"Person\",\"@id\":\"https:\\\/\\\/ubirataonline.com.br\\\/#\\\/schema\\\/person\\\/372f87bbd3fdd79b8556b84c98d0bc1c\",\"name\":\"REDA\u00c7\u00c3O: UBIRAT\u00c3 ONLINE - F\u00c1BIO AUGUSTO CELESTINO\",\"pronouns\":\"Ele\",\"description\":\"Desde 2003 trabalhando com not\u00edcias.\",\"sameAs\":[\"http:\\\/\\\/ubirataoline.com.br\",\"https:\\\/\\\/www.facebook.com\\\/portalubirataonline\",\"https:\\\/\\\/www.instagram.com\\\/ubirataonline_oficial\",\"https:\\\/\\\/x.com\\\/x.com\\\/ubirataonline\"],\"honorificPrefix\":\"Mr.\",\"honorificSuffix\":\"MD\",\"birthDate\":\"1980-06-16\",\"gender\":\"masculino\",\"award\":[\"V\u00e1rios pr\u00eamios de melhor portal da cidade\"],\"jobTitle\":\"Diretor\",\"url\":\"https:\\\/\\\/ubirataonline.com.br\\\/en\\\/author\\\/ubirataonline\\\/\"},{\"@type\":\"PostalAddress\",\"@id\":\"https:\\\/\\\/ubirataonline.com.br\\\/jane-fonda-takes-the-stage-at-bams-earth-day-musical-dear-everything\\\/#local-main-place-address\",\"streetAddress\":\"Rua dos Coqueiros, 104 - Bairro Boa Vista, Rua dos Coqueiros, 104 Bairro Boa Vista\",\"addressLocality\":\"UBIRATA\",\"postalCode\":\"85440-000\",\"addressRegion\":\"PR\",\"addressCountry\":\"BR\"},{\"@type\":\"ImageObject\",\"inLanguage\":\"en-US\",\"@id\":\"https:\\\/\\\/ubirataonline.com.br\\\/jane-fonda-takes-the-stage-at-bams-earth-day-musical-dear-everything\\\/#local-main-organization-logo\",\"url\":\"https:\\\/\\\/ubirataonline.com.br\\\/wp-content\\\/uploads\\\/2026\\\/06\\\/logoubirataonline-1.webp\",\"contentUrl\":\"https:\\\/\\\/ubirataonline.com.br\\\/wp-content\\\/uploads\\\/2026\\\/06\\\/logoubirataonline-1.webp\",\"width\":500,\"height\":500,\"caption\":\"Ubirat\u00e3 Online Not\u00edcias\"}]}<\/script>\n<meta name=\"geo.placename\" content=\"UBIRATA\" \/>\n<meta name=\"geo.position\" content=\"-24.5361401;-52.9921776\" \/>\n<meta name=\"geo.region\" content=\"Brazil\" \/>\n<!-- \/ Yoast SEO Premium plugin. -->","yoast_head_json":{"title":"Jane Fonda takes the stage at BAM's Earth Day musical 'Dear Everything' - Ubirat\u00e3 Online Not\u00edcias - A realidade ao seu alcance!","description":"Show summary Hide summary Jane Fonda takes center stage tonight at BAM\u2019s historic theater on April 22 for Earth Day. The legendary activist narrates Dear","robots":{"index":"index","follow":"follow","max-snippet":"max-snippet:-1","max-image-preview":"max-image-preview:large","max-video-preview":"max-video-preview:-1"},"canonical":"https:\/\/ubirataonline.com.br\/en\/jane-fonda-takes-the-stage-at-bams-earth-day-musical-dear-everything\/","og_locale":"en_US","og_type":"article","og_title":"Jane Fonda takes the stage at BAM's Earth Day musical 'Dear Everything'","og_description":"Show summary Hide summary Jane Fonda takes center stage tonight at BAM\u2019s historic theater on April 22 for Earth Day. The legendary activist narrates Dear","og_url":"https:\/\/ubirataonline.com.br\/en\/jane-fonda-takes-the-stage-at-bams-earth-day-musical-dear-everything\/","og_site_name":"Ubirat\u00e3 Online Not\u00edcias - A realidade ao seu alcance!","article_publisher":"https:\/\/www.facebook.com\/portalubirataonline","article_author":"https:\/\/www.facebook.com\/portalubirataonline","article_published_time":"2026-04-20T13:12:48+00:00","og_image":[{"width":1531,"height":418,"url":"https:\/\/ubirataonline.com.br\/wp-content\/uploads\/2026\/05\/logo2026.webp","type":"image\/webp"}],"author":"REDA\u00c7\u00c3O: UBIRAT\u00c3 ONLINE - F\u00c1BIO AUGUSTO CELESTINO","twitter_card":"summary_large_image","twitter_creator":"@x.com\/ubirataonline","twitter_site":"@ubirataonline","twitter_misc":{"Written by":"REDA\u00c7\u00c3O: UBIRAT\u00c3 ONLINE - F\u00c1BIO AUGUSTO CELESTINO","Est. reading time":"3 minutes"},"schema":{"@context":"https:\/\/schema.org","@graph":[{"@type":"NewsArticle","@id":"https:\/\/ubirataonline.com.br\/jane-fonda-takes-the-stage-at-bams-earth-day-musical-dear-everything\/#article","isPartOf":{"@id":"https:\/\/ubirataonline.com.br\/jane-fonda-takes-the-stage-at-bams-earth-day-musical-dear-everything\/"},"author":{"name":"REDA\u00c7\u00c3O: UBIRAT\u00c3 ONLINE - F\u00c1BIO AUGUSTO CELESTINO","@id":"https:\/\/ubirataonline.com.br\/#\/schema\/person\/372f87bbd3fdd79b8556b84c98d0bc1c"},"headline":"Jane Fonda takes the stage at BAM&#8217;s Earth Day musical &#8216;Dear Everything&#8217;","datePublished":"2026-04-20T13:12:48+00:00","mainEntityOfPage":{"@id":"https:\/\/ubirataonline.com.br\/jane-fonda-takes-the-stage-at-bams-earth-day-musical-dear-everything\/"},"wordCount":639,"publisher":{"@id":"https:\/\/ubirataonline.com.br\/#organization"},"keywords":["BAMs","day","Dear","Earth","Fonda","Jane","Musical","stage","Takes"],"articleSection":["Ubirat\u00e3"],"inLanguage":"en-US","copyrightYear":"2026","copyrightHolder":{"@id":"https:\/\/ubirataonline.com.br\/en\/#organization"}},{"@type":"WebPage","@id":"https:\/\/ubirataonline.com.br\/jane-fonda-takes-the-stage-at-bams-earth-day-musical-dear-everything\/","url":"https:\/\/ubirataonline.com.br\/jane-fonda-takes-the-stage-at-bams-earth-day-musical-dear-everything\/","name":"Jane Fonda takes the stage at BAM's Earth Day musical 'Dear Everything' - Ubirat\u00e3 Online Not\u00edcias - A realidade ao seu alcance!","isPartOf":{"@id":"https:\/\/ubirataonline.com.br\/#website"},"datePublished":"2026-04-20T13:12:48+00:00","description":"Show summary Hide summary Jane Fonda takes center stage tonight at BAM\u2019s historic theater on April 22 for Earth Day. The legendary activist narrates Dear","breadcrumb":{"@id":"https:\/\/ubirataonline.com.br\/jane-fonda-takes-the-stage-at-bams-earth-day-musical-dear-everything\/#breadcrumb"},"inLanguage":"en-US","potentialAction":[{"@type":"ReadAction","target":["https:\/\/ubirataonline.com.br\/jane-fonda-takes-the-stage-at-bams-earth-day-musical-dear-everything\/"]}]},{"@type":"BreadcrumbList","@id":"https:\/\/ubirataonline.com.br\/jane-fonda-takes-the-stage-at-bams-earth-day-musical-dear-everything\/#breadcrumb","itemListElement":[{"@type":"ListItem","position":1,"name":"In\u00edcio","item":"https:\/\/ubirataonline.com.br\/"},{"@type":"ListItem","position":2,"name":"Jane Fonda takes the stage at BAM&#8217;s Earth Day musical &#8216;Dear Everything&#8217;"}]},{"@type":"WebSite","@id":"https:\/\/ubirataonline.com.br\/#website","url":"https:\/\/ubirataonline.com.br\/","name":"Ubirat\u00e3 Online Not\u00edcias","description":"Not\u00edcias de Ubirat\u00e3, regi\u00e3o, Brasil e mundo, com informa\u00e7\u00e3o atualizada e compromisso com o leitor.","publisher":{"@id":"https:\/\/ubirataonline.com.br\/#organization"},"alternateName":"Ubirat\u00e3 Online","potentialAction":[{"@type":"SearchAction","target":{"@type":"EntryPoint","urlTemplate":"https:\/\/ubirataonline.com.br\/?s={search_term_string}"},"query-input":{"@type":"PropertyValueSpecification","valueRequired":true,"valueName":"search_term_string"}}],"inLanguage":"en-US"},{"@type":["Organization","Place"],"@id":"https:\/\/ubirataonline.com.br\/#organization","name":"Ubirat\u00e3 Online Not\u00edcias","alternateName":"Ubirat\u00e3 Online","url":"https:\/\/ubirataonline.com.br\/","logo":{"@id":"https:\/\/ubirataonline.com.br\/jane-fonda-takes-the-stage-at-bams-earth-day-musical-dear-everything\/#local-main-organization-logo"},"image":{"@id":"https:\/\/ubirataonline.com.br\/jane-fonda-takes-the-stage-at-bams-earth-day-musical-dear-everything\/#local-main-organization-logo"},"sameAs":["https:\/\/www.facebook.com\/portalubirataonline","https:\/\/x.com\/ubirataonline","https:\/\/mastodon.social\/@ubirataonline","https:\/\/www.facebook.com\/groups\/311144672285604","https:\/\/www.facebook.com\/UBTAOnline","https:\/\/www.instagram.com\/portalubirataonline\/","https:\/\/twitter.com\/ubirataonline"],"description":"Somos um portal de not\u00edcias independente, criado em 5 de janeiro de 2009, com o objetivo de informar, conectar e valorizar a nossa comunidade de Ubirat\u00e3 e toda aregi\u00e3o. Com conte\u00fado atualizado, confi\u00e1vel e relevante, o Ubirat\u00e3 Online \u00e9 o seu espa\u00e7o para ficar por dentro dos principais acontecimentos locais, regionais, Brasil, Mundo e de interesse geral. Nosso compromisso \u00e9 com a verdade, a transpar\u00eancia e o respeito ao leitor.","legalName":"UBIRATA ONLINE NOT\u00cdCIAS","foundingDate":"2009-01-05","numberOfEmployees":{"@type":"QuantitativeValue","minValue":"1","maxValue":"10"},"publishingPrinciples":"https:\/\/ubirataonline.com.br\/faq\/","address":{"@id":"https:\/\/ubirataonline.com.br\/jane-fonda-takes-the-stage-at-bams-earth-day-musical-dear-everything\/#local-main-place-address"},"geo":{"@type":"GeoCoordinates","latitude":"-24.5361401","longitude":"-52.9921776"},"telephone":["+5544998308235"],"contactPoint":{"@type":"ContactPoint","email":"contato@ubirataonline.com.br"},"openingHoursSpecification":{"@type":"OpeningHoursSpecification","dayOfWeek":["Monday","Tuesday","Wednesday","Thursday","Friday","Saturday","Sunday"],"opens":"00:00","closes":"23:59"},"email":"contato@ubirataonline.com.br","vatID":"47.621.418\/0001-80"},{"@type":"Person","@id":"https:\/\/ubirataonline.com.br\/#\/schema\/person\/372f87bbd3fdd79b8556b84c98d0bc1c","name":"REDA\u00c7\u00c3O: UBIRAT\u00c3 ONLINE - F\u00c1BIO AUGUSTO CELESTINO","pronouns":"Ele","description":"Desde 2003 trabalhando com not\u00edcias.","sameAs":["http:\/\/ubirataoline.com.br","https:\/\/www.facebook.com\/portalubirataonline","https:\/\/www.instagram.com\/ubirataonline_oficial","https:\/\/x.com\/x.com\/ubirataonline"],"honorificPrefix":"Mr.","honorificSuffix":"MD","birthDate":"1980-06-16","gender":"masculino","award":["V\u00e1rios pr\u00eamios de melhor portal da cidade"],"jobTitle":"Diretor","url":"https:\/\/ubirataonline.com.br\/en\/author\/ubirataonline\/"},{"@type":"PostalAddress","@id":"https:\/\/ubirataonline.com.br\/jane-fonda-takes-the-stage-at-bams-earth-day-musical-dear-everything\/#local-main-place-address","streetAddress":"Rua dos Coqueiros, 104 - Bairro Boa Vista, Rua dos Coqueiros, 104 Bairro Boa Vista","addressLocality":"UBIRATA","postalCode":"85440-000","addressRegion":"PR","addressCountry":"BR"},{"@type":"ImageObject","inLanguage":"en-US","@id":"https:\/\/ubirataonline.com.br\/jane-fonda-takes-the-stage-at-bams-earth-day-musical-dear-everything\/#local-main-organization-logo","url":"https:\/\/ubirataonline.com.br\/wp-content\/uploads\/2026\/06\/logoubirataonline-1.webp","contentUrl":"https:\/\/ubirataonline.com.br\/wp-content\/uploads\/2026\/06\/logoubirataonline-1.webp","width":500,"height":500,"caption":"Ubirat\u00e3 Online Not\u00edcias"}]},"geo.placename":"UBIRATA","geo.position":{"lat":"-24.5361401","long":"-52.9921776"},"geo.region":"Brazil"},"_links":{"self":[{"href":"https:\/\/ubirataonline.com.br\/en\/wp-json\/wp\/v2\/posts\/112772","targetHints":{"allow":["GET"]}}],"collection":[{"href":"https:\/\/ubirataonline.com.br\/en\/wp-json\/wp\/v2\/posts"}],"about":[{"href":"https:\/\/ubirataonline.com.br\/en\/wp-json\/wp\/v2\/types\/post"}],"author":[{"embeddable":true,"href":"https:\/\/ubirataonline.com.br\/en\/wp-json\/wp\/v2\/users\/1"}],"replies":[{"embeddable":true,"href":"https:\/\/ubirataonline.com.br\/en\/wp-json\/wp\/v2\/comments?post=112772"}],"version-history":[{"count":0,"href":"https:\/\/ubirataonline.com.br\/en\/wp-json\/wp\/v2\/posts\/112772\/revisions"}],"wp:attachment":[{"href":"https:\/\/ubirataonline.com.br\/en\/wp-json\/wp\/v2\/media?parent=112772"}],"wp:term":[{"taxonomy":"category","embeddable":true,"href":"https:\/\/ubirataonline.com.br\/en\/wp-json\/wp\/v2\/categories?post=112772"},{"taxonomy":"post_tag","embeddable":true,"href":"https:\/\/ubirataonline.com.br\/en\/wp-json\/wp\/v2\/tags?post=112772"}],"curies":[{"name":"wp","href":"https:\/\/api.w.org\/{rel}","templated":true}]}}