{"id":112791,"date":"2026-04-20T10:43:55","date_gmt":"2026-04-20T13:43:55","guid":{"rendered":"https:\/\/ubirataonline.com.br\/tom-burke-to-speak-at-on-sale-live26-marketing-conference\/"},"modified":"2026-04-20T10:44:02","modified_gmt":"2026-04-20T13:44:02","slug":"tom-burke-to-speak-at-on-sale-live26-marketing-conference","status":"publish","type":"post","link":"https:\/\/ubirataonline.com.br\/en\/tom-burke-to-speak-at-on-sale-live26-marketing-conference\/","title":{"rendered":"Tom Burke to speak at On Sale Live&#8217;26 marketing conference"},"content":{"rendered":"<p><\/p>\n<div>\n<p>Actor Tom Burke will appear at <a href=\"https:\/\/www.onsale.live\" target=\"_blank\" rel=\"noreferrer noopener\">On Sale Live\u201926<\/a> on 15 May at King\u2019s Cross, London, in a session titled \u201cBuilding Audiences from the Ground Up: Why Local Communities Matter More Than Ever\u201d.<\/p>\n<p>Burke, who recently starred opposite Cate Blanchett in The Seagull at the Barbican and appeared alongside Anya Taylor-Joy in Furiosa: A Mad Max Saga, will be in conversation with Dawn Farrow, founder of On Sale Group.<\/p>\n<p>The session will explore community first thinking as an audience development and commercial strategy, how to make spaces more accessible to new audiences, and the marketing implications of content sharing and local storytelling.<\/p>\n<p>Burke is founder of Wheelwrights, a theatre company rooted in community first principles, building work based on what communities are actively seeking. His screen work includes Mank, The Wonder, The Souvenir, Living, The Crown and the BBC series Strike. He recently wrapped on Amazon\u2019s Blade Runner 2099 and will appear in Netflix\u2019s Legends.<\/p>\n<p>On Sale Live\u201926 is a conference for sales, marketing and communications professionals in the ticketed experience sector.<\/p>\n<\/div>\n<p><a href=\"https:\/\/www.conference-news.co.uk\/news\/tom-burke-to-speak-at-on-sale-live26-marketing-conference\/\">Source link <\/a><\/p>","protected":false},"excerpt":{"rendered":"<p>Actor Tom Burke will appear at On Sale Live\u201926 on 15 May at King\u2019s Cross, London, in a session titled \u201cBuilding Audiences from the Ground Up: Why Local Communities Matter More Than Ever\u201d. Burke, who recently starred opposite Cate Blanchett in The Seagull at the Barbican and appeared alongside Anya Taylor-Joy in Furiosa: A Mad [&hellip;]<\/p>\n","protected":false},"author":1,"featured_media":112792,"comment_status":"closed","ping_status":"","sticky":false,"template":"","format":"standard","meta":{"googlesitekit_rrm_CAow2JLhCw:productID":"","_gspb_post_css":"","maa_idioma":"","maa_pais":"","footnotes":""},"categories":[1],"tags":[25149,4848,30321,17135,13916,25298,6327],"class_list":["post-112791","post","type-post","status-publish","format-standard","has-post-thumbnail","hentry","category-ubirata","tag-burke","tag-conference","tag-live26","tag-marketing","tag-sale","tag-speak","tag-tom"],"blocksy_meta":[],"yoast_head":"<!-- This site is optimized with the Yoast SEO Premium plugin v27.6 (Yoast SEO v27.6) - https:\/\/yoast.com\/product\/yoast-seo-premium-wordpress\/ -->\n<title>Tom Burke to speak at On Sale Live&#039;26 marketing conference - Ubirat\u00e3 Online Not\u00edcias - A realidade ao seu alcance!<\/title>\n<meta name=\"description\" content=\"Actor Tom Burke will appear at On Sale Live\u201926 on 15 May at King\u2019s Cross, London, in a session titled \u201cBuilding Audiences from the Ground Up: Why Local\" \/>\n<meta name=\"robots\" content=\"index, follow, max-snippet:-1, max-image-preview:large, max-video-preview:-1\" \/>\n<link rel=\"canonical\" href=\"https:\/\/ubirataonline.com.br\/en\/tom-burke-to-speak-at-on-sale-live26-marketing-conference\/\" \/>\n<meta property=\"og:locale\" content=\"en_US\" \/>\n<meta property=\"og:type\" content=\"article\" \/>\n<meta property=\"og:title\" content=\"Tom Burke to speak at On Sale Live&#039;26 marketing conference\" \/>\n<meta property=\"og:description\" content=\"Actor Tom Burke will appear at On Sale Live\u201926 on 15 May at King\u2019s Cross, London, in a session titled \u201cBuilding Audiences from the Ground Up: Why Local\" \/>\n<meta property=\"og:url\" content=\"https:\/\/ubirataonline.com.br\/en\/tom-burke-to-speak-at-on-sale-live26-marketing-conference\/\" \/>\n<meta property=\"og:site_name\" content=\"Ubirat\u00e3 Online Not\u00edcias - A realidade ao seu alcance!\" \/>\n<meta property=\"article:publisher\" content=\"https:\/\/www.facebook.com\/portalubirataonline\" \/>\n<meta property=\"article:author\" content=\"https:\/\/www.facebook.com\/portalubirataonline\" \/>\n<meta property=\"article:published_time\" content=\"2026-04-20T13:43:55+00:00\" \/>\n<meta property=\"article:modified_time\" content=\"2026-04-20T13:44:02+00:00\" \/>\n<meta property=\"og:image\" content=\"https:\/\/ubirataonline.com.br\/wp-content\/uploads\/2026\/04\/Tom-Burke-to-speak-at-On-Sale-Live26-marketing-conference.png\" \/>\n\t<meta property=\"og:image:width\" content=\"1021\" \/>\n\t<meta property=\"og:image:height\" content=\"987\" \/>\n\t<meta property=\"og:image:type\" content=\"image\/png\" \/>\n<meta name=\"author\" content=\"REDA\u00c7\u00c3O: UBIRAT\u00c3 ONLINE - F\u00c1BIO AUGUSTO CELESTINO\" \/>\n<meta name=\"twitter:card\" content=\"summary_large_image\" \/>\n<meta name=\"twitter:creator\" content=\"@x.com\/ubirataonline\" \/>\n<meta name=\"twitter:site\" content=\"@ubirataonline\" \/>\n<meta name=\"twitter:label1\" content=\"Written by\" \/>\n\t<meta name=\"twitter:data1\" content=\"REDA\u00c7\u00c3O: UBIRAT\u00c3 ONLINE - F\u00c1BIO AUGUSTO CELESTINO\" \/>\n\t<meta name=\"twitter:label2\" content=\"Est. reading time\" \/>\n\t<meta name=\"twitter:data2\" content=\"1 minute\" \/>\n<script type=\"application\/ld+json\" class=\"yoast-schema-graph\">{\"@context\":\"https:\\\/\\\/schema.org\",\"@graph\":[{\"@type\":\"NewsArticle\",\"@id\":\"https:\\\/\\\/ubirataonline.com.br\\\/tom-burke-to-speak-at-on-sale-live26-marketing-conference\\\/#article\",\"isPartOf\":{\"@id\":\"https:\\\/\\\/ubirataonline.com.br\\\/tom-burke-to-speak-at-on-sale-live26-marketing-conference\\\/\"},\"author\":{\"name\":\"REDA\u00c7\u00c3O: UBIRAT\u00c3 ONLINE - F\u00c1BIO AUGUSTO CELESTINO\",\"@id\":\"https:\\\/\\\/ubirataonline.com.br\\\/#\\\/schema\\\/person\\\/372f87bbd3fdd79b8556b84c98d0bc1c\"},\"headline\":\"Tom Burke to speak at On Sale Live&#8217;26 marketing conference\",\"datePublished\":\"2026-04-20T13:43:55+00:00\",\"dateModified\":\"2026-04-20T13:44:02+00:00\",\"mainEntityOfPage\":{\"@id\":\"https:\\\/\\\/ubirataonline.com.br\\\/tom-burke-to-speak-at-on-sale-live26-marketing-conference\\\/\"},\"wordCount\":185,\"publisher\":{\"@id\":\"https:\\\/\\\/ubirataonline.com.br\\\/#organization\"},\"image\":{\"@id\":\"https:\\\/\\\/ubirataonline.com.br\\\/tom-burke-to-speak-at-on-sale-live26-marketing-conference\\\/#primaryimage\"},\"thumbnailUrl\":\"https:\\\/\\\/ubirataonline.com.br\\\/wp-content\\\/uploads\\\/2026\\\/04\\\/Tom-Burke-to-speak-at-On-Sale-Live26-marketing-conference.png\",\"keywords\":[\"Burke\",\"Conference\",\"Live26\",\"Marketing\",\"sale\",\"Speak\",\"Tom\"],\"articleSection\":[\"Ubirat\u00e3\"],\"inLanguage\":\"en-US\",\"copyrightYear\":\"2026\",\"copyrightHolder\":{\"@id\":\"https:\\\/\\\/ubirataonline.com.br\\\/en\\\/#organization\"}},{\"@type\":\"WebPage\",\"@id\":\"https:\\\/\\\/ubirataonline.com.br\\\/tom-burke-to-speak-at-on-sale-live26-marketing-conference\\\/\",\"url\":\"https:\\\/\\\/ubirataonline.com.br\\\/tom-burke-to-speak-at-on-sale-live26-marketing-conference\\\/\",\"name\":\"Tom Burke to speak at On Sale Live'26 marketing conference - Ubirat\u00e3 Online Not\u00edcias - A realidade ao seu alcance!\",\"isPartOf\":{\"@id\":\"https:\\\/\\\/ubirataonline.com.br\\\/#website\"},\"primaryImageOfPage\":{\"@id\":\"https:\\\/\\\/ubirataonline.com.br\\\/tom-burke-to-speak-at-on-sale-live26-marketing-conference\\\/#primaryimage\"},\"image\":{\"@id\":\"https:\\\/\\\/ubirataonline.com.br\\\/tom-burke-to-speak-at-on-sale-live26-marketing-conference\\\/#primaryimage\"},\"thumbnailUrl\":\"https:\\\/\\\/ubirataonline.com.br\\\/wp-content\\\/uploads\\\/2026\\\/04\\\/Tom-Burke-to-speak-at-On-Sale-Live26-marketing-conference.png\",\"datePublished\":\"2026-04-20T13:43:55+00:00\",\"dateModified\":\"2026-04-20T13:44:02+00:00\",\"description\":\"Actor Tom Burke will appear at On Sale Live\u201926 on 15 May at King\u2019s Cross, London, in a session titled \u201cBuilding Audiences from the Ground Up: Why Local\",\"breadcrumb\":{\"@id\":\"https:\\\/\\\/ubirataonline.com.br\\\/tom-burke-to-speak-at-on-sale-live26-marketing-conference\\\/#breadcrumb\"},\"inLanguage\":\"en-US\",\"potentialAction\":[{\"@type\":\"ReadAction\",\"target\":[\"https:\\\/\\\/ubirataonline.com.br\\\/tom-burke-to-speak-at-on-sale-live26-marketing-conference\\\/\"]}]},{\"@type\":\"ImageObject\",\"inLanguage\":\"en-US\",\"@id\":\"https:\\\/\\\/ubirataonline.com.br\\\/tom-burke-to-speak-at-on-sale-live26-marketing-conference\\\/#primaryimage\",\"url\":\"https:\\\/\\\/ubirataonline.com.br\\\/wp-content\\\/uploads\\\/2026\\\/04\\\/Tom-Burke-to-speak-at-On-Sale-Live26-marketing-conference.png\",\"contentUrl\":\"https:\\\/\\\/ubirataonline.com.br\\\/wp-content\\\/uploads\\\/2026\\\/04\\\/Tom-Burke-to-speak-at-On-Sale-Live26-marketing-conference.png\",\"width\":1021,\"height\":987,\"caption\":\"Tom Burke to speak at On Sale Live'26 marketing conference\"},{\"@type\":\"BreadcrumbList\",\"@id\":\"https:\\\/\\\/ubirataonline.com.br\\\/tom-burke-to-speak-at-on-sale-live26-marketing-conference\\\/#breadcrumb\",\"itemListElement\":[{\"@type\":\"ListItem\",\"position\":1,\"name\":\"In\u00edcio\",\"item\":\"https:\\\/\\\/ubirataonline.com.br\\\/\"},{\"@type\":\"ListItem\",\"position\":2,\"name\":\"Tom Burke to speak at On Sale Live&#8217;26 marketing conference\"}]},{\"@type\":\"WebSite\",\"@id\":\"https:\\\/\\\/ubirataonline.com.br\\\/#website\",\"url\":\"https:\\\/\\\/ubirataonline.com.br\\\/\",\"name\":\"Ubirat\u00e3 Online Not\u00edcias\",\"description\":\"Not\u00edcias de Ubirat\u00e3, regi\u00e3o, Brasil e mundo, com informa\u00e7\u00e3o atualizada e compromisso com o leitor.\",\"publisher\":{\"@id\":\"https:\\\/\\\/ubirataonline.com.br\\\/#organization\"},\"alternateName\":\"Ubirat\u00e3 Online\",\"potentialAction\":[{\"@type\":\"SearchAction\",\"target\":{\"@type\":\"EntryPoint\",\"urlTemplate\":\"https:\\\/\\\/ubirataonline.com.br\\\/?s={search_term_string}\"},\"query-input\":{\"@type\":\"PropertyValueSpecification\",\"valueRequired\":true,\"valueName\":\"search_term_string\"}}],\"inLanguage\":\"en-US\"},{\"@type\":[\"Organization\",\"Place\"],\"@id\":\"https:\\\/\\\/ubirataonline.com.br\\\/#organization\",\"name\":\"Ubirat\u00e3 Online Not\u00edcias\",\"alternateName\":\"Ubirat\u00e3 Online\",\"url\":\"https:\\\/\\\/ubirataonline.com.br\\\/\",\"logo\":{\"@id\":\"https:\\\/\\\/ubirataonline.com.br\\\/tom-burke-to-speak-at-on-sale-live26-marketing-conference\\\/#local-main-organization-logo\"},\"image\":{\"@id\":\"https:\\\/\\\/ubirataonline.com.br\\\/tom-burke-to-speak-at-on-sale-live26-marketing-conference\\\/#local-main-organization-logo\"},\"sameAs\":[\"https:\\\/\\\/www.facebook.com\\\/portalubirataonline\",\"https:\\\/\\\/x.com\\\/ubirataonline\",\"https:\\\/\\\/mastodon.social\\\/@ubirataonline\",\"https:\\\/\\\/www.facebook.com\\\/groups\\\/311144672285604\",\"https:\\\/\\\/www.facebook.com\\\/UBTAOnline\",\"https:\\\/\\\/www.instagram.com\\\/portalubirataonline\\\/\",\"https:\\\/\\\/twitter.com\\\/ubirataonline\"],\"description\":\"Somos um portal de not\u00edcias independente, criado em 5 de janeiro de 2009, com o objetivo de informar, conectar e valorizar a nossa comunidade de Ubirat\u00e3 e toda aregi\u00e3o. Com conte\u00fado atualizado, confi\u00e1vel e relevante, o Ubirat\u00e3 Online \u00e9 o seu espa\u00e7o para ficar por dentro dos principais acontecimentos locais, regionais, Brasil, Mundo e de interesse geral. Nosso compromisso \u00e9 com a verdade, a transpar\u00eancia e o respeito ao leitor.\",\"legalName\":\"UBIRATA ONLINE NOT\u00cdCIAS\",\"foundingDate\":\"2009-01-05\",\"numberOfEmployees\":{\"@type\":\"QuantitativeValue\",\"minValue\":\"1\",\"maxValue\":\"10\"},\"publishingPrinciples\":\"https:\\\/\\\/ubirataonline.com.br\\\/faq\\\/\",\"address\":{\"@id\":\"https:\\\/\\\/ubirataonline.com.br\\\/tom-burke-to-speak-at-on-sale-live26-marketing-conference\\\/#local-main-place-address\"},\"geo\":{\"@type\":\"GeoCoordinates\",\"latitude\":\"-24.5361401\",\"longitude\":\"-52.9921776\"},\"telephone\":[\"+5544998308235\"],\"contactPoint\":{\"@type\":\"ContactPoint\",\"email\":\"contato@ubirataonline.com.br\"},\"openingHoursSpecification\":{\"@type\":\"OpeningHoursSpecification\",\"dayOfWeek\":[\"Monday\",\"Tuesday\",\"Wednesday\",\"Thursday\",\"Friday\",\"Saturday\",\"Sunday\"],\"opens\":\"00:00\",\"closes\":\"23:59\"},\"email\":\"contato@ubirataonline.com.br\",\"vatID\":\"47.621.418\\\/0001-80\"},{\"@type\":\"Person\",\"@id\":\"https:\\\/\\\/ubirataonline.com.br\\\/#\\\/schema\\\/person\\\/372f87bbd3fdd79b8556b84c98d0bc1c\",\"name\":\"REDA\u00c7\u00c3O: UBIRAT\u00c3 ONLINE - F\u00c1BIO AUGUSTO CELESTINO\",\"pronouns\":\"Ele\",\"description\":\"Desde 2003 trabalhando com not\u00edcias.\",\"sameAs\":[\"http:\\\/\\\/ubirataoline.com.br\",\"https:\\\/\\\/www.facebook.com\\\/portalubirataonline\",\"https:\\\/\\\/www.instagram.com\\\/ubirataonline_oficial\",\"https:\\\/\\\/x.com\\\/x.com\\\/ubirataonline\"],\"honorificPrefix\":\"Mr.\",\"honorificSuffix\":\"MD\",\"birthDate\":\"1980-06-16\",\"gender\":\"masculino\",\"award\":[\"V\u00e1rios pr\u00eamios de melhor portal da cidade\"],\"jobTitle\":\"Diretor\",\"url\":\"https:\\\/\\\/ubirataonline.com.br\\\/en\\\/author\\\/ubirataonline\\\/\"},{\"@type\":\"PostalAddress\",\"@id\":\"https:\\\/\\\/ubirataonline.com.br\\\/tom-burke-to-speak-at-on-sale-live26-marketing-conference\\\/#local-main-place-address\",\"streetAddress\":\"Rua dos Coqueiros, 104 - Bairro Boa Vista, Rua dos Coqueiros, 104 Bairro Boa Vista\",\"addressLocality\":\"UBIRATA\",\"postalCode\":\"85440-000\",\"addressRegion\":\"PR\",\"addressCountry\":\"BR\"},{\"@type\":\"ImageObject\",\"inLanguage\":\"en-US\",\"@id\":\"https:\\\/\\\/ubirataonline.com.br\\\/tom-burke-to-speak-at-on-sale-live26-marketing-conference\\\/#local-main-organization-logo\",\"url\":\"https:\\\/\\\/ubirataonline.com.br\\\/wp-content\\\/uploads\\\/2026\\\/06\\\/logoubirataonline-1.webp\",\"contentUrl\":\"https:\\\/\\\/ubirataonline.com.br\\\/wp-content\\\/uploads\\\/2026\\\/06\\\/logoubirataonline-1.webp\",\"width\":500,\"height\":500,\"caption\":\"Ubirat\u00e3 Online Not\u00edcias\"}]}<\/script>\n<meta name=\"geo.placename\" content=\"UBIRATA\" \/>\n<meta name=\"geo.position\" content=\"-24.5361401;-52.9921776\" \/>\n<meta name=\"geo.region\" content=\"Brazil\" \/>\n<!-- \/ Yoast SEO Premium plugin. -->","yoast_head_json":{"title":"Tom Burke to speak at On Sale Live'26 marketing conference - Ubirat\u00e3 Online Not\u00edcias - A realidade ao seu alcance!","description":"Actor Tom Burke will appear at On Sale Live\u201926 on 15 May at King\u2019s Cross, London, in a session titled \u201cBuilding Audiences from the Ground Up: Why Local","robots":{"index":"index","follow":"follow","max-snippet":"max-snippet:-1","max-image-preview":"max-image-preview:large","max-video-preview":"max-video-preview:-1"},"canonical":"https:\/\/ubirataonline.com.br\/en\/tom-burke-to-speak-at-on-sale-live26-marketing-conference\/","og_locale":"en_US","og_type":"article","og_title":"Tom Burke to speak at On Sale Live'26 marketing conference","og_description":"Actor Tom Burke will appear at On Sale Live\u201926 on 15 May at King\u2019s Cross, London, in a session titled \u201cBuilding Audiences from the Ground Up: Why Local","og_url":"https:\/\/ubirataonline.com.br\/en\/tom-burke-to-speak-at-on-sale-live26-marketing-conference\/","og_site_name":"Ubirat\u00e3 Online Not\u00edcias - A realidade ao seu alcance!","article_publisher":"https:\/\/www.facebook.com\/portalubirataonline","article_author":"https:\/\/www.facebook.com\/portalubirataonline","article_published_time":"2026-04-20T13:43:55+00:00","article_modified_time":"2026-04-20T13:44:02+00:00","og_image":[{"width":1021,"height":987,"url":"https:\/\/ubirataonline.com.br\/wp-content\/uploads\/2026\/04\/Tom-Burke-to-speak-at-On-Sale-Live26-marketing-conference.png","type":"image\/png"}],"author":"REDA\u00c7\u00c3O: UBIRAT\u00c3 ONLINE - F\u00c1BIO AUGUSTO CELESTINO","twitter_card":"summary_large_image","twitter_creator":"@x.com\/ubirataonline","twitter_site":"@ubirataonline","twitter_misc":{"Written by":"REDA\u00c7\u00c3O: UBIRAT\u00c3 ONLINE - F\u00c1BIO AUGUSTO CELESTINO","Est. reading time":"1 minute"},"schema":{"@context":"https:\/\/schema.org","@graph":[{"@type":"NewsArticle","@id":"https:\/\/ubirataonline.com.br\/tom-burke-to-speak-at-on-sale-live26-marketing-conference\/#article","isPartOf":{"@id":"https:\/\/ubirataonline.com.br\/tom-burke-to-speak-at-on-sale-live26-marketing-conference\/"},"author":{"name":"REDA\u00c7\u00c3O: UBIRAT\u00c3 ONLINE - F\u00c1BIO AUGUSTO CELESTINO","@id":"https:\/\/ubirataonline.com.br\/#\/schema\/person\/372f87bbd3fdd79b8556b84c98d0bc1c"},"headline":"Tom Burke to speak at On Sale Live&#8217;26 marketing conference","datePublished":"2026-04-20T13:43:55+00:00","dateModified":"2026-04-20T13:44:02+00:00","mainEntityOfPage":{"@id":"https:\/\/ubirataonline.com.br\/tom-burke-to-speak-at-on-sale-live26-marketing-conference\/"},"wordCount":185,"publisher":{"@id":"https:\/\/ubirataonline.com.br\/#organization"},"image":{"@id":"https:\/\/ubirataonline.com.br\/tom-burke-to-speak-at-on-sale-live26-marketing-conference\/#primaryimage"},"thumbnailUrl":"https:\/\/ubirataonline.com.br\/wp-content\/uploads\/2026\/04\/Tom-Burke-to-speak-at-On-Sale-Live26-marketing-conference.png","keywords":["Burke","Conference","Live26","Marketing","sale","Speak","Tom"],"articleSection":["Ubirat\u00e3"],"inLanguage":"en-US","copyrightYear":"2026","copyrightHolder":{"@id":"https:\/\/ubirataonline.com.br\/en\/#organization"}},{"@type":"WebPage","@id":"https:\/\/ubirataonline.com.br\/tom-burke-to-speak-at-on-sale-live26-marketing-conference\/","url":"https:\/\/ubirataonline.com.br\/tom-burke-to-speak-at-on-sale-live26-marketing-conference\/","name":"Tom Burke to speak at On Sale Live'26 marketing conference - Ubirat\u00e3 Online Not\u00edcias - A realidade ao seu alcance!","isPartOf":{"@id":"https:\/\/ubirataonline.com.br\/#website"},"primaryImageOfPage":{"@id":"https:\/\/ubirataonline.com.br\/tom-burke-to-speak-at-on-sale-live26-marketing-conference\/#primaryimage"},"image":{"@id":"https:\/\/ubirataonline.com.br\/tom-burke-to-speak-at-on-sale-live26-marketing-conference\/#primaryimage"},"thumbnailUrl":"https:\/\/ubirataonline.com.br\/wp-content\/uploads\/2026\/04\/Tom-Burke-to-speak-at-On-Sale-Live26-marketing-conference.png","datePublished":"2026-04-20T13:43:55+00:00","dateModified":"2026-04-20T13:44:02+00:00","description":"Actor Tom Burke will appear at On Sale Live\u201926 on 15 May at King\u2019s Cross, London, in a session titled \u201cBuilding Audiences from the Ground Up: Why Local","breadcrumb":{"@id":"https:\/\/ubirataonline.com.br\/tom-burke-to-speak-at-on-sale-live26-marketing-conference\/#breadcrumb"},"inLanguage":"en-US","potentialAction":[{"@type":"ReadAction","target":["https:\/\/ubirataonline.com.br\/tom-burke-to-speak-at-on-sale-live26-marketing-conference\/"]}]},{"@type":"ImageObject","inLanguage":"en-US","@id":"https:\/\/ubirataonline.com.br\/tom-burke-to-speak-at-on-sale-live26-marketing-conference\/#primaryimage","url":"https:\/\/ubirataonline.com.br\/wp-content\/uploads\/2026\/04\/Tom-Burke-to-speak-at-On-Sale-Live26-marketing-conference.png","contentUrl":"https:\/\/ubirataonline.com.br\/wp-content\/uploads\/2026\/04\/Tom-Burke-to-speak-at-On-Sale-Live26-marketing-conference.png","width":1021,"height":987,"caption":"Tom Burke to speak at On Sale Live'26 marketing conference"},{"@type":"BreadcrumbList","@id":"https:\/\/ubirataonline.com.br\/tom-burke-to-speak-at-on-sale-live26-marketing-conference\/#breadcrumb","itemListElement":[{"@type":"ListItem","position":1,"name":"In\u00edcio","item":"https:\/\/ubirataonline.com.br\/"},{"@type":"ListItem","position":2,"name":"Tom Burke to speak at On Sale Live&#8217;26 marketing conference"}]},{"@type":"WebSite","@id":"https:\/\/ubirataonline.com.br\/#website","url":"https:\/\/ubirataonline.com.br\/","name":"Ubirat\u00e3 Online Not\u00edcias","description":"Not\u00edcias de Ubirat\u00e3, regi\u00e3o, Brasil e mundo, com informa\u00e7\u00e3o atualizada e compromisso com o leitor.","publisher":{"@id":"https:\/\/ubirataonline.com.br\/#organization"},"alternateName":"Ubirat\u00e3 Online","potentialAction":[{"@type":"SearchAction","target":{"@type":"EntryPoint","urlTemplate":"https:\/\/ubirataonline.com.br\/?s={search_term_string}"},"query-input":{"@type":"PropertyValueSpecification","valueRequired":true,"valueName":"search_term_string"}}],"inLanguage":"en-US"},{"@type":["Organization","Place"],"@id":"https:\/\/ubirataonline.com.br\/#organization","name":"Ubirat\u00e3 Online Not\u00edcias","alternateName":"Ubirat\u00e3 Online","url":"https:\/\/ubirataonline.com.br\/","logo":{"@id":"https:\/\/ubirataonline.com.br\/tom-burke-to-speak-at-on-sale-live26-marketing-conference\/#local-main-organization-logo"},"image":{"@id":"https:\/\/ubirataonline.com.br\/tom-burke-to-speak-at-on-sale-live26-marketing-conference\/#local-main-organization-logo"},"sameAs":["https:\/\/www.facebook.com\/portalubirataonline","https:\/\/x.com\/ubirataonline","https:\/\/mastodon.social\/@ubirataonline","https:\/\/www.facebook.com\/groups\/311144672285604","https:\/\/www.facebook.com\/UBTAOnline","https:\/\/www.instagram.com\/portalubirataonline\/","https:\/\/twitter.com\/ubirataonline"],"description":"Somos um portal de not\u00edcias independente, criado em 5 de janeiro de 2009, com o objetivo de informar, conectar e valorizar a nossa comunidade de Ubirat\u00e3 e toda aregi\u00e3o. Com conte\u00fado atualizado, confi\u00e1vel e relevante, o Ubirat\u00e3 Online \u00e9 o seu espa\u00e7o para ficar por dentro dos principais acontecimentos locais, regionais, Brasil, Mundo e de interesse geral. Nosso compromisso \u00e9 com a verdade, a transpar\u00eancia e o respeito ao leitor.","legalName":"UBIRATA ONLINE NOT\u00cdCIAS","foundingDate":"2009-01-05","numberOfEmployees":{"@type":"QuantitativeValue","minValue":"1","maxValue":"10"},"publishingPrinciples":"https:\/\/ubirataonline.com.br\/faq\/","address":{"@id":"https:\/\/ubirataonline.com.br\/tom-burke-to-speak-at-on-sale-live26-marketing-conference\/#local-main-place-address"},"geo":{"@type":"GeoCoordinates","latitude":"-24.5361401","longitude":"-52.9921776"},"telephone":["+5544998308235"],"contactPoint":{"@type":"ContactPoint","email":"contato@ubirataonline.com.br"},"openingHoursSpecification":{"@type":"OpeningHoursSpecification","dayOfWeek":["Monday","Tuesday","Wednesday","Thursday","Friday","Saturday","Sunday"],"opens":"00:00","closes":"23:59"},"email":"contato@ubirataonline.com.br","vatID":"47.621.418\/0001-80"},{"@type":"Person","@id":"https:\/\/ubirataonline.com.br\/#\/schema\/person\/372f87bbd3fdd79b8556b84c98d0bc1c","name":"REDA\u00c7\u00c3O: UBIRAT\u00c3 ONLINE - F\u00c1BIO AUGUSTO CELESTINO","pronouns":"Ele","description":"Desde 2003 trabalhando com not\u00edcias.","sameAs":["http:\/\/ubirataoline.com.br","https:\/\/www.facebook.com\/portalubirataonline","https:\/\/www.instagram.com\/ubirataonline_oficial","https:\/\/x.com\/x.com\/ubirataonline"],"honorificPrefix":"Mr.","honorificSuffix":"MD","birthDate":"1980-06-16","gender":"masculino","award":["V\u00e1rios pr\u00eamios de melhor portal da cidade"],"jobTitle":"Diretor","url":"https:\/\/ubirataonline.com.br\/en\/author\/ubirataonline\/"},{"@type":"PostalAddress","@id":"https:\/\/ubirataonline.com.br\/tom-burke-to-speak-at-on-sale-live26-marketing-conference\/#local-main-place-address","streetAddress":"Rua dos Coqueiros, 104 - Bairro Boa Vista, Rua dos Coqueiros, 104 Bairro Boa Vista","addressLocality":"UBIRATA","postalCode":"85440-000","addressRegion":"PR","addressCountry":"BR"},{"@type":"ImageObject","inLanguage":"en-US","@id":"https:\/\/ubirataonline.com.br\/tom-burke-to-speak-at-on-sale-live26-marketing-conference\/#local-main-organization-logo","url":"https:\/\/ubirataonline.com.br\/wp-content\/uploads\/2026\/06\/logoubirataonline-1.webp","contentUrl":"https:\/\/ubirataonline.com.br\/wp-content\/uploads\/2026\/06\/logoubirataonline-1.webp","width":500,"height":500,"caption":"Ubirat\u00e3 Online Not\u00edcias"}]},"geo.placename":"UBIRATA","geo.position":{"lat":"-24.5361401","long":"-52.9921776"},"geo.region":"Brazil"},"_links":{"self":[{"href":"https:\/\/ubirataonline.com.br\/en\/wp-json\/wp\/v2\/posts\/112791","targetHints":{"allow":["GET"]}}],"collection":[{"href":"https:\/\/ubirataonline.com.br\/en\/wp-json\/wp\/v2\/posts"}],"about":[{"href":"https:\/\/ubirataonline.com.br\/en\/wp-json\/wp\/v2\/types\/post"}],"author":[{"embeddable":true,"href":"https:\/\/ubirataonline.com.br\/en\/wp-json\/wp\/v2\/users\/1"}],"replies":[{"embeddable":true,"href":"https:\/\/ubirataonline.com.br\/en\/wp-json\/wp\/v2\/comments?post=112791"}],"version-history":[{"count":0,"href":"https:\/\/ubirataonline.com.br\/en\/wp-json\/wp\/v2\/posts\/112791\/revisions"}],"wp:featuredmedia":[{"embeddable":true,"href":"https:\/\/ubirataonline.com.br\/en\/wp-json\/wp\/v2\/media\/112792"}],"wp:attachment":[{"href":"https:\/\/ubirataonline.com.br\/en\/wp-json\/wp\/v2\/media?parent=112791"}],"wp:term":[{"taxonomy":"category","embeddable":true,"href":"https:\/\/ubirataonline.com.br\/en\/wp-json\/wp\/v2\/categories?post=112791"},{"taxonomy":"post_tag","embeddable":true,"href":"https:\/\/ubirataonline.com.br\/en\/wp-json\/wp\/v2\/tags?post=112791"}],"curies":[{"name":"wp","href":"https:\/\/api.w.org\/{rel}","templated":true}]}}