{"id":112800,"date":"2026-04-20T10:49:19","date_gmt":"2026-04-20T13:49:19","guid":{"rendered":"https:\/\/ubirataonline.com.br\/bayern-ja-fez-a-festa-de-inglaterra-a-portugal-quem-vai-ser-campeao\/"},"modified":"2026-04-20T10:49:24","modified_gmt":"2026-04-20T13:49:24","slug":"bayern-ja-fez-a-festa-de-inglaterra-a-portugal-quem-vai-ser-campeao","status":"publish","type":"post","link":"https:\/\/ubirataonline.com.br\/en\/bayern-ja-fez-a-festa-de-inglaterra-a-portugal-quem-vai-ser-campeao\/","title":{"rendered":"Bayern j\u00e1 fez a festa. De Inglaterra a Portugal, quem vai ser campe\u00e3o?"},"content":{"rendered":"<p><br \/>\n<\/p>\n<div>\n<p><span class=\"news_capital_letter\">A<\/span> temporada 2025\/26 entrou na fase mais decisiva e o Bayern Munique j\u00e1 deu uso aos primeiros foguetes, celebrando a conquista do 34.\u00ba campeonato alem\u00e3o da sua hist\u00f3ria na tarde de domingo, ao vencer o Estugarda (4-2), c<a href=\"https:\/\/www.noticiasaominuto.com\/desporto\/2975609\/bayern-munique-sagra-se-campeao-com-cambalhota-a-la-guerreiro\" target=\"_blank\" rel=\"noopener\">om direito a reviravolta e um portugu\u00eas em destaque.<\/a> O conjunto b\u00e1varo confirmou um cen\u00e1rio h\u00e1 muito tra\u00e7ado e vai, agora, sentar-se no sof\u00e1 \u00e0 espera que os restantes campeonatos europeus consagrem os respetivos campe\u00f5es.\u00a0<\/p>\n<p>Nesse sentido, o <span class=\"news_bold\">Desporto ao Minuto<\/span> decidiu olhar para o que se passa em Espanha, Inglaterra, It\u00e1lia e Fran\u00e7a, bem como em Portugal, para perceber quem est\u00e1 mais perto de tamb\u00e9m ser campe\u00e3o e terminar a \u00e9poca da melhor forma.\u00a0<\/p>\n<h3 class=\"news_h3\" style=\"font-size: 1.2em; font-weight: bold; color: #006da6;\">Premier League<\/h3>\n<p>Em terras de Sua Majestade este fim de semana trouxe de volta o Manchester City \u00e0 corrida pelo t\u00edtulo ingl\u00eas. O conjunto de Bernardo Silva, Matheus Nunes e R\u00faben Dias parecia, h\u00e1 um par de semanas, arredado destas contas, mas o trope\u00e7\u00e3o do Arsenal, que ao mesmo tempo est\u00e1 a disputar a Liga dos Campe\u00f5es, reavivou uma luta que passou a ser a dois.\u00a0<\/p>\n<p>Por esta altura, s\u00e3o apenas tr\u00eas os pontos que separam Arsenal e Manchester City, sendo que os comandados de Pep Guardiola t\u00eam um jogo em atraso. Caso ven\u00e7am esse mesmo encontro, igualam o Arsenal no topo. O crit\u00e9rio de desempate \u00e9 a diferen\u00e7a de golos, que neste momento \u00e9 favor\u00e1vel \u00e0 equipa de Londres.\u00a0<\/p>\n<p><span class=\"news_bold\">Pr\u00f3ximos jogos do Arsenal:<\/span> Newcastle, Fulham, West Ham, Burnley e Crystal Palace<\/p>\n<p><span class=\"news_bold\">Pr\u00f3ximos jogos do Manchester City:<\/span> Burnley, Everton, Brentford, Bournemouth, Crystal Palace e Aston Villa<\/p>\n<p><span class=\"news_bold news_highlight\" style=\"background-color: #fff1aa;\">Classifica\u00e7\u00e3o atual da Premier League<\/span><\/p>\n<ol>&#13;<\/p>\n<li>Arsenal, 70 pontos (33 jogos)<\/li>\n<p>&#13;<\/p>\n<li>Manchester City, 67 pontos (32 jogos)<\/li>\n<p>&#13;\n                                                    <\/ol>\n<p>\u00a0<\/p>\n<h3 class=\"news_h3\" style=\"font-size: 1.2em; font-weight: bold; color: #006da6;\">La Liga<\/h3>\n<p>Em Espanha o Barcelona parece lan\u00e7ado para revalidar o t\u00edtulo conquistado na temporada passada, contando com nove pontos de vantagem face ao Real Madrid a sete jornadas do fim.\u00a0<\/p>\n<p>Significa isto que h\u00e1 mais 21 pontos em discuss\u00e3o, sendo que muito em breve haver\u00e1 lugar a um El Cl\u00e1ssico, na 35.\u00aa ronda. Sim, o Barcelona at\u00e9 se pode sagrar campe\u00e3o na rece\u00e7\u00e3o ao grande rival.\u00a0<\/p>\n<p>Em caso (improv\u00e1vel) de igualdade pontual, o confronto direto vai ditar o campe\u00e3o, sendo que na primeira volta do campeonato o Real Madrid venceu (2-1).\u00a0<\/p>\n<p><span class=\"news_bold\">Pr\u00f3ximos jogos do Barcelona:<\/span> Celta, Getafe, Osasuna, Real Madrid, Alav\u00e9s, Real Betis e Valencia<\/p>\n<p><span class=\"news_bold\">Pr\u00f3ximos jogos do Real Madrid:<\/span> Alav\u00e9s, Real Betis, Espanyol, Barcelona, Real Oviedo, Sevilla e Athletic Bilbao<\/p>\n<p><span class=\"news_bold news_highlight\" style=\"background-color: #fff1aa;\">Classifica\u00e7\u00e3o atual da La Liga\u00a0<\/span><\/p>\n<ol>&#13;<\/p>\n<li>Barcelona, 79 pontos<\/li>\n<p>&#13;<\/p>\n<li>Real Madrid, 70 pontos<br \/>(&#8230;)<\/li>\n<p>&#13;\n                                                    <\/ol>\n<p>\u00a0<\/p>\n<h3 class=\"news_h3\" style=\"font-size: 1.2em; font-weight: bold; color: #006da6;\">Ligue 1\u00a0<\/h3>\n<p>O \u00faltimo domingo tamb\u00e9m foi palco de o reavivar das contas pelo t\u00edtulo da Ligue 1 gra\u00e7as a Paulo Fonseca. O Lyon surpreendeu ao ir vencer a casa do PSG e fez renascer a esperan\u00e7a do Lens.\u00a0<\/p>\n<p>Para j\u00e1, o PSG mant\u00e9m-se na lideran\u00e7a, com 63 pontos, mais um do que o Lens, sendo que o atual campe\u00e3o franc\u00eas e europeu tem menos um jogo disputado, precisamente contra&#8230; o segundo classificado.\u00a0<\/p>\n<p><span class=\"news_bold\">Pr\u00f3ximos jogos do PSG:<\/span> Nantes, Angers, Lorient, Brest, Lens e Paris FC<\/p>\n<p><span class=\"news_bold\">Pr\u00f3ximos jogos do Lens:<\/span> Brest, Nice, Nantes, PSG e Lyon<\/p>\n<p><span class=\"news_highlight news_bold\" style=\"background-color: #fff1aa;\">Classifica\u00e7\u00e3o atual da Ligue 1<\/span><\/p>\n<ol>&#13;<\/p>\n<li>PSG, 63 pontos (28 jogos)<\/li>\n<p>&#13;<\/p>\n<li>Lens, 62 pontos (29 jogos)<br \/>(&#8230;)<\/li>\n<p>&#13;\n                                                    <\/ol>\n<p>\u00a0<\/p>\n<h3 class=\"news_h3\" style=\"font-size: 1.2em; font-weight: bold; color: #006da6;\">Serie A\u00a0<\/h3>\n<p>Em It\u00e1lia o campeonato parece n\u00e3o fugir ao Inter, que por esta altura soma 78 pontos, mais 12 do que o rival AC Milan, que surge no segundo lugar.<\/p>\n<p>Com mais cinco jornadas pela frente, parece ser uma mera quest\u00e3o de tempo at\u00e9 que a equipa de Chivu fa\u00e7a a festa e destrone o ainda campe\u00e3o Napoli.\u00a0<\/p>\n<p><span class=\"news_bold\">Pr\u00f3ximos jogos do Inter:<\/span> Torino, Parma, Lazio, Hellas Verona e Bologna<\/p>\n<p><span class=\"news_bold\">Pr\u00f3ximos jogos do AC Milan:<\/span> Juventus, Sassuolo, Atalanta, Genoa e Cagliari\u00a0<\/p>\n<p><span class=\"news_bold news_highlight\" style=\"background-color: #fff1aa;\">Classifica\u00e7\u00e3o atual da Serie A<\/span><\/p>\n<ol>&#13;<\/p>\n<li>Inter, 78 pontos<\/li>\n<p>&#13;<\/p>\n<li>AC Milan, 66 pontos<\/li>\n<p>&#13;<\/p>\n<li>Napoli, 66 pontos<br \/>(&#8230;)<\/li>\n<p>&#13;\n                                                    <\/ol>\n<p>\u00a0<\/p>\n<h3 class=\"news_h3\" style=\"font-size: 1.2em; font-weight: bold; color: #006da6;\">I Liga\u00a0<\/h3>\n<p>Resta recordar a luta do campeonato portugu\u00eas, com o FC Porto a dar mais um passo rumo ao t\u00edtulo, tamb\u00e9m no \u00faltimo domingo, retirando frutos do d\u00e9rbi de Lisboa, no qual o Sporting perdeu diante do Benfica, e refor\u00e7ando a lideran\u00e7a com uma vit\u00f3ria caseira contra o aflito Tondela.\u00a0<\/p>\n<p>Os drag\u00f5es t\u00eam 79 pontos, mais sete do que o Benfica e oito do que o Sporting que, refira-se, ainda tem um jogo em atraso. Restam apenas 12 pontos em discuss\u00e3o, mas por esta altura o t\u00edtulo parece estar mesmo a caminho do Drag\u00e3o&#8230;\u00a0<\/p>\n<p><span class=\"news_bold\">Pr\u00f3ximos jogos do FC Porto<\/span>: Estrela da Amadora, Alverca, AVS e Santa Clara<\/p>\n<p><span class=\"news_bold\">Pr\u00f3ximos jogos do Sporting:<\/span> AVS, Tondela, Vit\u00f3ria SC, Rio Ave e Gil Vicente\u00a0<\/p>\n<p><span class=\"news_bold\">Pr\u00f3ximos jogos do Benfica:<\/span> Moreirense, Famalic\u00e3o, Sp. Braga e Estoril\u00a0<\/p>\n<p><span class=\"news_highlight news_bold\" style=\"background-color: #fff1aa;\">Classifica\u00e7\u00e3o atual da I Liga<\/span><\/p>\n<ol>&#13;<\/p>\n<li>FC Porto, 79 pontos (30 jogos)<\/li>\n<p>&#13;<\/p>\n<li>Benfica, 72 pontos (30 jogos)<\/li>\n<p>&#13;<\/p>\n<li>Sporting, 71 pontos (29 jogos)<br \/>(&#8230;)<\/li>\n<p>&#13;\n                                                    <\/ol>\n<p>\u00a0<\/p>\n<div class=\"article-embed\">\n<div class=\"img-div\"><\/div>\n<div class=\"content\">\n<p>Com cinco jornadas por disputar at\u00e9 ao fecho do campeonato portugu\u00eas, e um Sporting com um jogo por disputar, os azuis e brancos seguem na lideran\u00e7a da classifica\u00e7\u00e3o, com le\u00f5es e \u00e1guias ainda com hip\u00f3teses de chegar ao primeiro lugar.<\/p>\n<p>                                                    <small> Rodrigo Querido | 23:02 &#8211; 12\/04\/2026 <\/small><\/div>\n<\/p><\/div>\n<\/p><\/div>\n<p><br \/>\n<br \/><a href=\"https:\/\/www.noticiasaominuto.com\/desporto\/2976020\/bayern-ja-fez-a-festa-de-inglaterra-a-portugal-quem-vai-ser-campeao\">Source link <\/a><\/p>","protected":false},"excerpt":{"rendered":"<p>A temporada 2025\/26 entrou na fase mais decisiva e o Bayern Munique j\u00e1 deu uso aos primeiros foguetes, celebrando a conquista do 34.\u00ba campeonato alem\u00e3o da sua hist\u00f3ria na tarde de domingo, ao vencer o Estugarda (4-2), com direito a reviravolta e um portugu\u00eas em destaque. O conjunto b\u00e1varo confirmou um cen\u00e1rio h\u00e1 muito tra\u00e7ado [&hellip;]<\/p>\n","protected":false},"author":1,"featured_media":112801,"comment_status":"closed","ping_status":"","sticky":false,"template":"","format":"standard","meta":{"googlesitekit_rrm_CAow2JLhCw:productID":"","_gspb_post_css":"","maa_idioma":"","maa_pais":"","footnotes":""},"categories":[1],"tags":[2918,4344,10095,4549,8142,5099,6858,3107,3307,3346],"class_list":["post-112800","post","type-post","status-publish","format-standard","has-post-thumbnail","hentry","category-ubirata","tag-bayern","tag-campeao","tag-festa","tag-fez","tag-inglaterra","tag-ja","tag-portugal","tag-quem","tag-ser","tag-vai"],"blocksy_meta":[],"yoast_head":"<!-- This site is optimized with the Yoast SEO Premium plugin v27.6 (Yoast SEO v27.6) - https:\/\/yoast.com\/product\/yoast-seo-premium-wordpress\/ -->\n<title>Bayern j\u00e1 fez a festa. De Inglaterra a Portugal, quem vai ser campe\u00e3o? - Ubirat\u00e3 Online Not\u00edcias - A realidade ao seu alcance!<\/title>\n<meta name=\"description\" content=\"A temporada 2025\/26 entrou na fase mais decisiva e o Bayern Munique j\u00e1 deu uso aos primeiros foguetes, celebrando a conquista do 34.\u00ba campeonato alem\u00e3o da\" \/>\n<meta name=\"robots\" content=\"index, follow, max-snippet:-1, max-image-preview:large, max-video-preview:-1\" \/>\n<link rel=\"canonical\" href=\"https:\/\/ubirataonline.com.br\/en\/bayern-ja-fez-a-festa-de-inglaterra-a-portugal-quem-vai-ser-campeao\/\" \/>\n<meta property=\"og:locale\" content=\"en_US\" \/>\n<meta property=\"og:type\" content=\"article\" \/>\n<meta property=\"og:title\" content=\"Bayern j\u00e1 fez a festa. De Inglaterra a Portugal, quem vai ser campe\u00e3o?\" \/>\n<meta property=\"og:description\" content=\"A temporada 2025\/26 entrou na fase mais decisiva e o Bayern Munique j\u00e1 deu uso aos primeiros foguetes, celebrando a conquista do 34.\u00ba campeonato alem\u00e3o da\" \/>\n<meta property=\"og:url\" content=\"https:\/\/ubirataonline.com.br\/en\/bayern-ja-fez-a-festa-de-inglaterra-a-portugal-quem-vai-ser-campeao\/\" \/>\n<meta property=\"og:site_name\" content=\"Ubirat\u00e3 Online Not\u00edcias - A realidade ao seu alcance!\" \/>\n<meta property=\"article:publisher\" content=\"https:\/\/www.facebook.com\/portalubirataonline\" \/>\n<meta property=\"article:author\" content=\"https:\/\/www.facebook.com\/portalubirataonline\" \/>\n<meta property=\"article:published_time\" content=\"2026-04-20T13:49:19+00:00\" \/>\n<meta property=\"article:modified_time\" content=\"2026-04-20T13:49:24+00:00\" \/>\n<meta property=\"og:image\" content=\"https:\/\/ubirataonline.com.br\/wp-content\/uploads\/2026\/04\/Bayern-ja-fez-a-festa-De-Inglaterra-a-Portugal-quem.webp.webp\" \/>\n\t<meta property=\"og:image:width\" content=\"960\" \/>\n\t<meta property=\"og:image:height\" content=\"540\" \/>\n\t<meta property=\"og:image:type\" content=\"image\/webp\" \/>\n<meta name=\"author\" content=\"REDA\u00c7\u00c3O: UBIRAT\u00c3 ONLINE - F\u00c1BIO AUGUSTO CELESTINO\" \/>\n<meta name=\"twitter:card\" content=\"summary_large_image\" \/>\n<meta name=\"twitter:creator\" content=\"@x.com\/ubirataonline\" \/>\n<meta name=\"twitter:site\" content=\"@ubirataonline\" \/>\n<meta name=\"twitter:label1\" content=\"Written by\" \/>\n\t<meta name=\"twitter:data1\" content=\"REDA\u00c7\u00c3O: UBIRAT\u00c3 ONLINE - F\u00c1BIO AUGUSTO CELESTINO\" \/>\n\t<meta name=\"twitter:label2\" content=\"Est. reading time\" \/>\n\t<meta name=\"twitter:data2\" content=\"4 minutes\" \/>\n<script type=\"application\/ld+json\" class=\"yoast-schema-graph\">{\"@context\":\"https:\\\/\\\/schema.org\",\"@graph\":[{\"@type\":\"NewsArticle\",\"@id\":\"https:\\\/\\\/ubirataonline.com.br\\\/bayern-ja-fez-a-festa-de-inglaterra-a-portugal-quem-vai-ser-campeao\\\/#article\",\"isPartOf\":{\"@id\":\"https:\\\/\\\/ubirataonline.com.br\\\/bayern-ja-fez-a-festa-de-inglaterra-a-portugal-quem-vai-ser-campeao\\\/\"},\"author\":{\"name\":\"REDA\u00c7\u00c3O: UBIRAT\u00c3 ONLINE - F\u00c1BIO AUGUSTO CELESTINO\",\"@id\":\"https:\\\/\\\/ubirataonline.com.br\\\/#\\\/schema\\\/person\\\/372f87bbd3fdd79b8556b84c98d0bc1c\"},\"headline\":\"Bayern j\u00e1 fez a festa. De Inglaterra a Portugal, quem vai ser campe\u00e3o?\",\"datePublished\":\"2026-04-20T13:49:19+00:00\",\"dateModified\":\"2026-04-20T13:49:24+00:00\",\"mainEntityOfPage\":{\"@id\":\"https:\\\/\\\/ubirataonline.com.br\\\/bayern-ja-fez-a-festa-de-inglaterra-a-portugal-quem-vai-ser-campeao\\\/\"},\"wordCount\":872,\"publisher\":{\"@id\":\"https:\\\/\\\/ubirataonline.com.br\\\/#organization\"},\"image\":{\"@id\":\"https:\\\/\\\/ubirataonline.com.br\\\/bayern-ja-fez-a-festa-de-inglaterra-a-portugal-quem-vai-ser-campeao\\\/#primaryimage\"},\"thumbnailUrl\":\"https:\\\/\\\/ubirataonline.com.br\\\/wp-content\\\/uploads\\\/2026\\\/04\\\/Bayern-ja-fez-a-festa-De-Inglaterra-a-Portugal-quem.webp.webp\",\"keywords\":[\"Bayern\",\"campe\u00e3o\",\"festa\",\"fez\",\"Inglaterra\",\"j\u00e1\",\"Portugal\",\"Quem\",\"ser\",\"vai\"],\"articleSection\":[\"Ubirat\u00e3\"],\"inLanguage\":\"en-US\",\"copyrightYear\":\"2026\",\"copyrightHolder\":{\"@id\":\"https:\\\/\\\/ubirataonline.com.br\\\/en\\\/#organization\"}},{\"@type\":\"WebPage\",\"@id\":\"https:\\\/\\\/ubirataonline.com.br\\\/bayern-ja-fez-a-festa-de-inglaterra-a-portugal-quem-vai-ser-campeao\\\/\",\"url\":\"https:\\\/\\\/ubirataonline.com.br\\\/bayern-ja-fez-a-festa-de-inglaterra-a-portugal-quem-vai-ser-campeao\\\/\",\"name\":\"Bayern j\u00e1 fez a festa. De Inglaterra a Portugal, quem vai ser campe\u00e3o? - Ubirat\u00e3 Online Not\u00edcias - A realidade ao seu alcance!\",\"isPartOf\":{\"@id\":\"https:\\\/\\\/ubirataonline.com.br\\\/#website\"},\"primaryImageOfPage\":{\"@id\":\"https:\\\/\\\/ubirataonline.com.br\\\/bayern-ja-fez-a-festa-de-inglaterra-a-portugal-quem-vai-ser-campeao\\\/#primaryimage\"},\"image\":{\"@id\":\"https:\\\/\\\/ubirataonline.com.br\\\/bayern-ja-fez-a-festa-de-inglaterra-a-portugal-quem-vai-ser-campeao\\\/#primaryimage\"},\"thumbnailUrl\":\"https:\\\/\\\/ubirataonline.com.br\\\/wp-content\\\/uploads\\\/2026\\\/04\\\/Bayern-ja-fez-a-festa-De-Inglaterra-a-Portugal-quem.webp.webp\",\"datePublished\":\"2026-04-20T13:49:19+00:00\",\"dateModified\":\"2026-04-20T13:49:24+00:00\",\"description\":\"A temporada 2025\\\/26 entrou na fase mais decisiva e o Bayern Munique j\u00e1 deu uso aos primeiros foguetes, celebrando a conquista do 34.\u00ba campeonato alem\u00e3o da\",\"breadcrumb\":{\"@id\":\"https:\\\/\\\/ubirataonline.com.br\\\/bayern-ja-fez-a-festa-de-inglaterra-a-portugal-quem-vai-ser-campeao\\\/#breadcrumb\"},\"inLanguage\":\"en-US\",\"potentialAction\":[{\"@type\":\"ReadAction\",\"target\":[\"https:\\\/\\\/ubirataonline.com.br\\\/bayern-ja-fez-a-festa-de-inglaterra-a-portugal-quem-vai-ser-campeao\\\/\"]}]},{\"@type\":\"ImageObject\",\"inLanguage\":\"en-US\",\"@id\":\"https:\\\/\\\/ubirataonline.com.br\\\/bayern-ja-fez-a-festa-de-inglaterra-a-portugal-quem-vai-ser-campeao\\\/#primaryimage\",\"url\":\"https:\\\/\\\/ubirataonline.com.br\\\/wp-content\\\/uploads\\\/2026\\\/04\\\/Bayern-ja-fez-a-festa-De-Inglaterra-a-Portugal-quem.webp.webp\",\"contentUrl\":\"https:\\\/\\\/ubirataonline.com.br\\\/wp-content\\\/uploads\\\/2026\\\/04\\\/Bayern-ja-fez-a-festa-De-Inglaterra-a-Portugal-quem.webp.webp\",\"width\":960,\"height\":540,\"caption\":\"Bayern j\u00e1 fez a festa. De Inglaterra a Portugal, quem vai ser campe\u00e3o?\"},{\"@type\":\"BreadcrumbList\",\"@id\":\"https:\\\/\\\/ubirataonline.com.br\\\/bayern-ja-fez-a-festa-de-inglaterra-a-portugal-quem-vai-ser-campeao\\\/#breadcrumb\",\"itemListElement\":[{\"@type\":\"ListItem\",\"position\":1,\"name\":\"In\u00edcio\",\"item\":\"https:\\\/\\\/ubirataonline.com.br\\\/\"},{\"@type\":\"ListItem\",\"position\":2,\"name\":\"Bayern j\u00e1 fez a festa. De Inglaterra a Portugal, quem vai ser campe\u00e3o?\"}]},{\"@type\":\"WebSite\",\"@id\":\"https:\\\/\\\/ubirataonline.com.br\\\/#website\",\"url\":\"https:\\\/\\\/ubirataonline.com.br\\\/\",\"name\":\"Ubirat\u00e3 Online Not\u00edcias\",\"description\":\"Not\u00edcias de Ubirat\u00e3, regi\u00e3o, Brasil e mundo, com informa\u00e7\u00e3o atualizada e compromisso com o leitor.\",\"publisher\":{\"@id\":\"https:\\\/\\\/ubirataonline.com.br\\\/#organization\"},\"alternateName\":\"Ubirat\u00e3 Online\",\"potentialAction\":[{\"@type\":\"SearchAction\",\"target\":{\"@type\":\"EntryPoint\",\"urlTemplate\":\"https:\\\/\\\/ubirataonline.com.br\\\/?s={search_term_string}\"},\"query-input\":{\"@type\":\"PropertyValueSpecification\",\"valueRequired\":true,\"valueName\":\"search_term_string\"}}],\"inLanguage\":\"en-US\"},{\"@type\":[\"Organization\",\"Place\"],\"@id\":\"https:\\\/\\\/ubirataonline.com.br\\\/#organization\",\"name\":\"Ubirat\u00e3 Online Not\u00edcias\",\"alternateName\":\"Ubirat\u00e3 Online\",\"url\":\"https:\\\/\\\/ubirataonline.com.br\\\/\",\"logo\":{\"@id\":\"https:\\\/\\\/ubirataonline.com.br\\\/bayern-ja-fez-a-festa-de-inglaterra-a-portugal-quem-vai-ser-campeao\\\/#local-main-organization-logo\"},\"image\":{\"@id\":\"https:\\\/\\\/ubirataonline.com.br\\\/bayern-ja-fez-a-festa-de-inglaterra-a-portugal-quem-vai-ser-campeao\\\/#local-main-organization-logo\"},\"sameAs\":[\"https:\\\/\\\/www.facebook.com\\\/portalubirataonline\",\"https:\\\/\\\/x.com\\\/ubirataonline\",\"https:\\\/\\\/mastodon.social\\\/@ubirataonline\",\"https:\\\/\\\/www.facebook.com\\\/groups\\\/311144672285604\",\"https:\\\/\\\/www.facebook.com\\\/UBTAOnline\",\"https:\\\/\\\/www.instagram.com\\\/portalubirataonline\\\/\",\"https:\\\/\\\/twitter.com\\\/ubirataonline\"],\"description\":\"Somos um portal de not\u00edcias independente, criado em 5 de janeiro de 2009, com o objetivo de informar, conectar e valorizar a nossa comunidade de Ubirat\u00e3 e toda aregi\u00e3o. Com conte\u00fado atualizado, confi\u00e1vel e relevante, o Ubirat\u00e3 Online \u00e9 o seu espa\u00e7o para ficar por dentro dos principais acontecimentos locais, regionais, Brasil, Mundo e de interesse geral. Nosso compromisso \u00e9 com a verdade, a transpar\u00eancia e o respeito ao leitor.\",\"legalName\":\"UBIRATA ONLINE NOT\u00cdCIAS\",\"foundingDate\":\"2009-01-05\",\"numberOfEmployees\":{\"@type\":\"QuantitativeValue\",\"minValue\":\"1\",\"maxValue\":\"10\"},\"publishingPrinciples\":\"https:\\\/\\\/ubirataonline.com.br\\\/faq\\\/\",\"address\":{\"@id\":\"https:\\\/\\\/ubirataonline.com.br\\\/bayern-ja-fez-a-festa-de-inglaterra-a-portugal-quem-vai-ser-campeao\\\/#local-main-place-address\"},\"geo\":{\"@type\":\"GeoCoordinates\",\"latitude\":\"-24.5361401\",\"longitude\":\"-52.9921776\"},\"telephone\":[\"+5544998308235\"],\"contactPoint\":{\"@type\":\"ContactPoint\",\"email\":\"contato@ubirataonline.com.br\"},\"openingHoursSpecification\":{\"@type\":\"OpeningHoursSpecification\",\"dayOfWeek\":[\"Monday\",\"Tuesday\",\"Wednesday\",\"Thursday\",\"Friday\",\"Saturday\",\"Sunday\"],\"opens\":\"00:00\",\"closes\":\"23:59\"},\"email\":\"contato@ubirataonline.com.br\",\"vatID\":\"47.621.418\\\/0001-80\"},{\"@type\":\"Person\",\"@id\":\"https:\\\/\\\/ubirataonline.com.br\\\/#\\\/schema\\\/person\\\/372f87bbd3fdd79b8556b84c98d0bc1c\",\"name\":\"REDA\u00c7\u00c3O: UBIRAT\u00c3 ONLINE - F\u00c1BIO AUGUSTO CELESTINO\",\"pronouns\":\"Ele\",\"description\":\"Desde 2003 trabalhando com not\u00edcias.\",\"sameAs\":[\"http:\\\/\\\/ubirataoline.com.br\",\"https:\\\/\\\/www.facebook.com\\\/portalubirataonline\",\"https:\\\/\\\/www.instagram.com\\\/ubirataonline_oficial\",\"https:\\\/\\\/x.com\\\/x.com\\\/ubirataonline\"],\"honorificPrefix\":\"Mr.\",\"honorificSuffix\":\"MD\",\"birthDate\":\"1980-06-16\",\"gender\":\"masculino\",\"award\":[\"V\u00e1rios pr\u00eamios de melhor portal da cidade\"],\"jobTitle\":\"Diretor\",\"url\":\"https:\\\/\\\/ubirataonline.com.br\\\/en\\\/author\\\/ubirataonline\\\/\"},{\"@type\":\"PostalAddress\",\"@id\":\"https:\\\/\\\/ubirataonline.com.br\\\/bayern-ja-fez-a-festa-de-inglaterra-a-portugal-quem-vai-ser-campeao\\\/#local-main-place-address\",\"streetAddress\":\"Rua dos Coqueiros, 104 - Bairro Boa Vista, Rua dos Coqueiros, 104 Bairro Boa Vista\",\"addressLocality\":\"UBIRATA\",\"postalCode\":\"85440-000\",\"addressRegion\":\"PR\",\"addressCountry\":\"BR\"},{\"@type\":\"ImageObject\",\"inLanguage\":\"en-US\",\"@id\":\"https:\\\/\\\/ubirataonline.com.br\\\/bayern-ja-fez-a-festa-de-inglaterra-a-portugal-quem-vai-ser-campeao\\\/#local-main-organization-logo\",\"url\":\"https:\\\/\\\/ubirataonline.com.br\\\/wp-content\\\/uploads\\\/2026\\\/06\\\/logoubirataonline-1.webp\",\"contentUrl\":\"https:\\\/\\\/ubirataonline.com.br\\\/wp-content\\\/uploads\\\/2026\\\/06\\\/logoubirataonline-1.webp\",\"width\":500,\"height\":500,\"caption\":\"Ubirat\u00e3 Online Not\u00edcias\"}]}<\/script>\n<meta name=\"geo.placename\" content=\"UBIRATA\" \/>\n<meta name=\"geo.position\" content=\"-24.5361401;-52.9921776\" \/>\n<meta name=\"geo.region\" content=\"Brazil\" \/>\n<!-- \/ Yoast SEO Premium plugin. -->","yoast_head_json":{"title":"Bayern j\u00e1 fez a festa. De Inglaterra a Portugal, quem vai ser campe\u00e3o? - Ubirat\u00e3 Online Not\u00edcias - A realidade ao seu alcance!","description":"A temporada 2025\/26 entrou na fase mais decisiva e o Bayern Munique j\u00e1 deu uso aos primeiros foguetes, celebrando a conquista do 34.\u00ba campeonato alem\u00e3o da","robots":{"index":"index","follow":"follow","max-snippet":"max-snippet:-1","max-image-preview":"max-image-preview:large","max-video-preview":"max-video-preview:-1"},"canonical":"https:\/\/ubirataonline.com.br\/en\/bayern-ja-fez-a-festa-de-inglaterra-a-portugal-quem-vai-ser-campeao\/","og_locale":"en_US","og_type":"article","og_title":"Bayern j\u00e1 fez a festa. De Inglaterra a Portugal, quem vai ser campe\u00e3o?","og_description":"A temporada 2025\/26 entrou na fase mais decisiva e o Bayern Munique j\u00e1 deu uso aos primeiros foguetes, celebrando a conquista do 34.\u00ba campeonato alem\u00e3o da","og_url":"https:\/\/ubirataonline.com.br\/en\/bayern-ja-fez-a-festa-de-inglaterra-a-portugal-quem-vai-ser-campeao\/","og_site_name":"Ubirat\u00e3 Online Not\u00edcias - A realidade ao seu alcance!","article_publisher":"https:\/\/www.facebook.com\/portalubirataonline","article_author":"https:\/\/www.facebook.com\/portalubirataonline","article_published_time":"2026-04-20T13:49:19+00:00","article_modified_time":"2026-04-20T13:49:24+00:00","og_image":[{"width":960,"height":540,"url":"https:\/\/ubirataonline.com.br\/wp-content\/uploads\/2026\/04\/Bayern-ja-fez-a-festa-De-Inglaterra-a-Portugal-quem.webp.webp","type":"image\/webp"}],"author":"REDA\u00c7\u00c3O: UBIRAT\u00c3 ONLINE - F\u00c1BIO AUGUSTO CELESTINO","twitter_card":"summary_large_image","twitter_creator":"@x.com\/ubirataonline","twitter_site":"@ubirataonline","twitter_misc":{"Written by":"REDA\u00c7\u00c3O: UBIRAT\u00c3 ONLINE - F\u00c1BIO AUGUSTO CELESTINO","Est. reading time":"4 minutes"},"schema":{"@context":"https:\/\/schema.org","@graph":[{"@type":"NewsArticle","@id":"https:\/\/ubirataonline.com.br\/bayern-ja-fez-a-festa-de-inglaterra-a-portugal-quem-vai-ser-campeao\/#article","isPartOf":{"@id":"https:\/\/ubirataonline.com.br\/bayern-ja-fez-a-festa-de-inglaterra-a-portugal-quem-vai-ser-campeao\/"},"author":{"name":"REDA\u00c7\u00c3O: UBIRAT\u00c3 ONLINE - F\u00c1BIO AUGUSTO CELESTINO","@id":"https:\/\/ubirataonline.com.br\/#\/schema\/person\/372f87bbd3fdd79b8556b84c98d0bc1c"},"headline":"Bayern j\u00e1 fez a festa. De Inglaterra a Portugal, quem vai ser campe\u00e3o?","datePublished":"2026-04-20T13:49:19+00:00","dateModified":"2026-04-20T13:49:24+00:00","mainEntityOfPage":{"@id":"https:\/\/ubirataonline.com.br\/bayern-ja-fez-a-festa-de-inglaterra-a-portugal-quem-vai-ser-campeao\/"},"wordCount":872,"publisher":{"@id":"https:\/\/ubirataonline.com.br\/#organization"},"image":{"@id":"https:\/\/ubirataonline.com.br\/bayern-ja-fez-a-festa-de-inglaterra-a-portugal-quem-vai-ser-campeao\/#primaryimage"},"thumbnailUrl":"https:\/\/ubirataonline.com.br\/wp-content\/uploads\/2026\/04\/Bayern-ja-fez-a-festa-De-Inglaterra-a-Portugal-quem.webp.webp","keywords":["Bayern","campe\u00e3o","festa","fez","Inglaterra","j\u00e1","Portugal","Quem","ser","vai"],"articleSection":["Ubirat\u00e3"],"inLanguage":"en-US","copyrightYear":"2026","copyrightHolder":{"@id":"https:\/\/ubirataonline.com.br\/en\/#organization"}},{"@type":"WebPage","@id":"https:\/\/ubirataonline.com.br\/bayern-ja-fez-a-festa-de-inglaterra-a-portugal-quem-vai-ser-campeao\/","url":"https:\/\/ubirataonline.com.br\/bayern-ja-fez-a-festa-de-inglaterra-a-portugal-quem-vai-ser-campeao\/","name":"Bayern j\u00e1 fez a festa. De Inglaterra a Portugal, quem vai ser campe\u00e3o? - Ubirat\u00e3 Online Not\u00edcias - A realidade ao seu alcance!","isPartOf":{"@id":"https:\/\/ubirataonline.com.br\/#website"},"primaryImageOfPage":{"@id":"https:\/\/ubirataonline.com.br\/bayern-ja-fez-a-festa-de-inglaterra-a-portugal-quem-vai-ser-campeao\/#primaryimage"},"image":{"@id":"https:\/\/ubirataonline.com.br\/bayern-ja-fez-a-festa-de-inglaterra-a-portugal-quem-vai-ser-campeao\/#primaryimage"},"thumbnailUrl":"https:\/\/ubirataonline.com.br\/wp-content\/uploads\/2026\/04\/Bayern-ja-fez-a-festa-De-Inglaterra-a-Portugal-quem.webp.webp","datePublished":"2026-04-20T13:49:19+00:00","dateModified":"2026-04-20T13:49:24+00:00","description":"A temporada 2025\/26 entrou na fase mais decisiva e o Bayern Munique j\u00e1 deu uso aos primeiros foguetes, celebrando a conquista do 34.\u00ba campeonato alem\u00e3o da","breadcrumb":{"@id":"https:\/\/ubirataonline.com.br\/bayern-ja-fez-a-festa-de-inglaterra-a-portugal-quem-vai-ser-campeao\/#breadcrumb"},"inLanguage":"en-US","potentialAction":[{"@type":"ReadAction","target":["https:\/\/ubirataonline.com.br\/bayern-ja-fez-a-festa-de-inglaterra-a-portugal-quem-vai-ser-campeao\/"]}]},{"@type":"ImageObject","inLanguage":"en-US","@id":"https:\/\/ubirataonline.com.br\/bayern-ja-fez-a-festa-de-inglaterra-a-portugal-quem-vai-ser-campeao\/#primaryimage","url":"https:\/\/ubirataonline.com.br\/wp-content\/uploads\/2026\/04\/Bayern-ja-fez-a-festa-De-Inglaterra-a-Portugal-quem.webp.webp","contentUrl":"https:\/\/ubirataonline.com.br\/wp-content\/uploads\/2026\/04\/Bayern-ja-fez-a-festa-De-Inglaterra-a-Portugal-quem.webp.webp","width":960,"height":540,"caption":"Bayern j\u00e1 fez a festa. De Inglaterra a Portugal, quem vai ser campe\u00e3o?"},{"@type":"BreadcrumbList","@id":"https:\/\/ubirataonline.com.br\/bayern-ja-fez-a-festa-de-inglaterra-a-portugal-quem-vai-ser-campeao\/#breadcrumb","itemListElement":[{"@type":"ListItem","position":1,"name":"In\u00edcio","item":"https:\/\/ubirataonline.com.br\/"},{"@type":"ListItem","position":2,"name":"Bayern j\u00e1 fez a festa. De Inglaterra a Portugal, quem vai ser campe\u00e3o?"}]},{"@type":"WebSite","@id":"https:\/\/ubirataonline.com.br\/#website","url":"https:\/\/ubirataonline.com.br\/","name":"Ubirat\u00e3 Online Not\u00edcias","description":"Not\u00edcias de Ubirat\u00e3, regi\u00e3o, Brasil e mundo, com informa\u00e7\u00e3o atualizada e compromisso com o leitor.","publisher":{"@id":"https:\/\/ubirataonline.com.br\/#organization"},"alternateName":"Ubirat\u00e3 Online","potentialAction":[{"@type":"SearchAction","target":{"@type":"EntryPoint","urlTemplate":"https:\/\/ubirataonline.com.br\/?s={search_term_string}"},"query-input":{"@type":"PropertyValueSpecification","valueRequired":true,"valueName":"search_term_string"}}],"inLanguage":"en-US"},{"@type":["Organization","Place"],"@id":"https:\/\/ubirataonline.com.br\/#organization","name":"Ubirat\u00e3 Online Not\u00edcias","alternateName":"Ubirat\u00e3 Online","url":"https:\/\/ubirataonline.com.br\/","logo":{"@id":"https:\/\/ubirataonline.com.br\/bayern-ja-fez-a-festa-de-inglaterra-a-portugal-quem-vai-ser-campeao\/#local-main-organization-logo"},"image":{"@id":"https:\/\/ubirataonline.com.br\/bayern-ja-fez-a-festa-de-inglaterra-a-portugal-quem-vai-ser-campeao\/#local-main-organization-logo"},"sameAs":["https:\/\/www.facebook.com\/portalubirataonline","https:\/\/x.com\/ubirataonline","https:\/\/mastodon.social\/@ubirataonline","https:\/\/www.facebook.com\/groups\/311144672285604","https:\/\/www.facebook.com\/UBTAOnline","https:\/\/www.instagram.com\/portalubirataonline\/","https:\/\/twitter.com\/ubirataonline"],"description":"Somos um portal de not\u00edcias independente, criado em 5 de janeiro de 2009, com o objetivo de informar, conectar e valorizar a nossa comunidade de Ubirat\u00e3 e toda aregi\u00e3o. Com conte\u00fado atualizado, confi\u00e1vel e relevante, o Ubirat\u00e3 Online \u00e9 o seu espa\u00e7o para ficar por dentro dos principais acontecimentos locais, regionais, Brasil, Mundo e de interesse geral. Nosso compromisso \u00e9 com a verdade, a transpar\u00eancia e o respeito ao leitor.","legalName":"UBIRATA ONLINE NOT\u00cdCIAS","foundingDate":"2009-01-05","numberOfEmployees":{"@type":"QuantitativeValue","minValue":"1","maxValue":"10"},"publishingPrinciples":"https:\/\/ubirataonline.com.br\/faq\/","address":{"@id":"https:\/\/ubirataonline.com.br\/bayern-ja-fez-a-festa-de-inglaterra-a-portugal-quem-vai-ser-campeao\/#local-main-place-address"},"geo":{"@type":"GeoCoordinates","latitude":"-24.5361401","longitude":"-52.9921776"},"telephone":["+5544998308235"],"contactPoint":{"@type":"ContactPoint","email":"contato@ubirataonline.com.br"},"openingHoursSpecification":{"@type":"OpeningHoursSpecification","dayOfWeek":["Monday","Tuesday","Wednesday","Thursday","Friday","Saturday","Sunday"],"opens":"00:00","closes":"23:59"},"email":"contato@ubirataonline.com.br","vatID":"47.621.418\/0001-80"},{"@type":"Person","@id":"https:\/\/ubirataonline.com.br\/#\/schema\/person\/372f87bbd3fdd79b8556b84c98d0bc1c","name":"REDA\u00c7\u00c3O: UBIRAT\u00c3 ONLINE - F\u00c1BIO AUGUSTO CELESTINO","pronouns":"Ele","description":"Desde 2003 trabalhando com not\u00edcias.","sameAs":["http:\/\/ubirataoline.com.br","https:\/\/www.facebook.com\/portalubirataonline","https:\/\/www.instagram.com\/ubirataonline_oficial","https:\/\/x.com\/x.com\/ubirataonline"],"honorificPrefix":"Mr.","honorificSuffix":"MD","birthDate":"1980-06-16","gender":"masculino","award":["V\u00e1rios pr\u00eamios de melhor portal da cidade"],"jobTitle":"Diretor","url":"https:\/\/ubirataonline.com.br\/en\/author\/ubirataonline\/"},{"@type":"PostalAddress","@id":"https:\/\/ubirataonline.com.br\/bayern-ja-fez-a-festa-de-inglaterra-a-portugal-quem-vai-ser-campeao\/#local-main-place-address","streetAddress":"Rua dos Coqueiros, 104 - Bairro Boa Vista, Rua dos Coqueiros, 104 Bairro Boa Vista","addressLocality":"UBIRATA","postalCode":"85440-000","addressRegion":"PR","addressCountry":"BR"},{"@type":"ImageObject","inLanguage":"en-US","@id":"https:\/\/ubirataonline.com.br\/bayern-ja-fez-a-festa-de-inglaterra-a-portugal-quem-vai-ser-campeao\/#local-main-organization-logo","url":"https:\/\/ubirataonline.com.br\/wp-content\/uploads\/2026\/06\/logoubirataonline-1.webp","contentUrl":"https:\/\/ubirataonline.com.br\/wp-content\/uploads\/2026\/06\/logoubirataonline-1.webp","width":500,"height":500,"caption":"Ubirat\u00e3 Online Not\u00edcias"}]},"geo.placename":"UBIRATA","geo.position":{"lat":"-24.5361401","long":"-52.9921776"},"geo.region":"Brazil"},"_links":{"self":[{"href":"https:\/\/ubirataonline.com.br\/en\/wp-json\/wp\/v2\/posts\/112800","targetHints":{"allow":["GET"]}}],"collection":[{"href":"https:\/\/ubirataonline.com.br\/en\/wp-json\/wp\/v2\/posts"}],"about":[{"href":"https:\/\/ubirataonline.com.br\/en\/wp-json\/wp\/v2\/types\/post"}],"author":[{"embeddable":true,"href":"https:\/\/ubirataonline.com.br\/en\/wp-json\/wp\/v2\/users\/1"}],"replies":[{"embeddable":true,"href":"https:\/\/ubirataonline.com.br\/en\/wp-json\/wp\/v2\/comments?post=112800"}],"version-history":[{"count":0,"href":"https:\/\/ubirataonline.com.br\/en\/wp-json\/wp\/v2\/posts\/112800\/revisions"}],"wp:featuredmedia":[{"embeddable":true,"href":"https:\/\/ubirataonline.com.br\/en\/wp-json\/wp\/v2\/media\/112801"}],"wp:attachment":[{"href":"https:\/\/ubirataonline.com.br\/en\/wp-json\/wp\/v2\/media?parent=112800"}],"wp:term":[{"taxonomy":"category","embeddable":true,"href":"https:\/\/ubirataonline.com.br\/en\/wp-json\/wp\/v2\/categories?post=112800"},{"taxonomy":"post_tag","embeddable":true,"href":"https:\/\/ubirataonline.com.br\/en\/wp-json\/wp\/v2\/tags?post=112800"}],"curies":[{"name":"wp","href":"https:\/\/api.w.org\/{rel}","templated":true}]}}