{"id":112843,"date":"2026-04-20T11:45:12","date_gmt":"2026-04-20T14:45:12","guid":{"rendered":"https:\/\/ubirataonline.com.br\/todays-the-boston-marathon-meet-the-celebrities-running-this-year\/"},"modified":"2026-04-20T11:45:19","modified_gmt":"2026-04-20T14:45:19","slug":"todays-the-boston-marathon-meet-the-celebrities-running-this-year","status":"publish","type":"post","link":"https:\/\/ubirataonline.com.br\/en\/todays-the-boston-marathon-meet-the-celebrities-running-this-year\/","title":{"rendered":"Today&#8217;s the Boston Marathon, meet the celebrities running this year"},"content":{"rendered":"<p><br \/>\n<\/p>\n<div>\n<p class=\"paragraph | gutter_20_0\"><span class=\"html-render\">Clinton, 46, the daughter of former president Bill Clinton and former secretary of state Hillary Clinton, will be taking on the Boston Marathon for the first time. <\/span><\/p>\n<p class=\"paragraph | gutter_20_0\"><span class=\"html-render\">She is an author, advocate, and the vice chair of the Clinton Foundation, a philanthropic organization aimed at addressing global problems. Clinton has run <a href=\"https:\/\/aliontherunblog.com\/2023\/02\/09\/610-chelsea-clinton\/\" target=\"_blank\" rel=\"noreferrer\" title=\"https:\/\/aliontherunblog.com\/2023\/02\/09\/610-chelsea-clinton\/\">several marathons<\/a> and qualified for Boston at the New York City Marathon last year, where she finished with a time of 3:44:22, 38 seconds under the <a href=\"https:\/\/marathonhandbook.com\/boston-marathon-2026-how-tough-will-the-cutoff-be\/\" target=\"_blank\" rel=\"\">qualifying time<\/a> for her age group, according to the <a href=\"https:\/\/marathonhandbook.com\/chelsea-clinton-just-barely-bqs-in-new-york-with-even-splits\/\" target=\"_blank\" rel=\"noreferrer\" title=\"https:\/\/marathonhandbook.com\/chelsea-clinton-just-barely-bqs-in-new-york-with-even-splits\/\">Marathon Handbook<\/a>.<\/span><\/p>\n<div id=\"\" class=\"image | relative margin_bottom_16&#10;          margin_top width_full&#10;          false&#10;          false&#10;          \">\n<figure class=\"font_primary false&#10;               false&#10;              false&#10;            \" style=\"height:auto\" id=\"img-ZMCTSSYSBJVUKOCWYL3IW22MQQ\"><figcaption class=\" img_caption | margin_horizontal_0--mobile margin_horizontal_0--tablet&#10;        \"><span class=\"caption | margin_right_half\">Chelsea Clinton, daughter of former president Bill Clinton, at the finish line of the New York City Marathon on Nov. 2, 2025.<\/span><span class=\"credit uppercase\">Angelina Katsanis\/Associated Press<\/span><\/figcaption><\/figure>\n<\/div>\n<p class=\"paragraph | gutter_20_0\"><span class=\"html-render\">This will be the third time the former Bruins captain and NHL Hall of Famer has taken on Boston. <\/span><\/p>\n<p class=\"paragraph | gutter_20_0\"><span class=\"html-render\">Chara, 49, ran the storied road race for the first time in 2023 \u2014 his first marathon ever \u2014 and again in 2024. Since then, he has run several marathons across the world, and recently became a <a href=\"https:\/\/www.instagram.com\/p\/DVgHQcbgMXn\/?img_index=1\" target=\"_blank\" rel=\"noreferrer\" title=\"https:\/\/www.instagram.com\/p\/DVgHQcbgMXn\/?img_index=1\">World Marathon Major Six Star finisher<\/a>. This year, Chara is running in support of the <a href=\"https:\/\/www.instagram.com\/ThomasESmithFoundation\/\" target=\"_blank\" rel=\"noreferrer\" title=\"https:\/\/www.instagram.com\/ThomasESmithFoundation\/\">Thomas E. Smith Foundation<\/a>, an organization dedicated to advancing comprehensive and compassionate care for people affected by paralysis. <\/span><\/p>\n<div id=\"\" class=\"image | relative margin_bottom_16&#10;          margin_top width_full&#10;          false&#10;          false&#10;          \">\n<figure class=\"font_primary false&#10;               false&#10;              false&#10;            \" style=\"height:auto\" id=\"img-OMGPQBVQBHH4NVOV5NSVLR7DKI\"><img decoding=\"async\" id=\"img-OMGPQBVQBHH4NVOV5NSVLR7DKI-image\" alt=\"Zdeno Chara crosses the finish line during the Boston Marathon in 2024.\" class=\"height_a width_full invisible width_full--mobile width_full--tablet-only\" src=\"https:\/\/bostonglobe-prod.cdn.arcpublishing.com\/resizer\/v2\/OMGPQBVQBHH4NVOV5NSVLR7DKI.JPG?auth=5b399f3bd2855623651c5dfeb3a8c8a646d4bad7167b5f044c1c040444f78945&amp;width=1440\" srcset=\"https:\/\/bostonglobe-prod.cdn.arcpublishing.com\/resizer\/v2\/OMGPQBVQBHH4NVOV5NSVLR7DKI.JPG?auth=5b399f3bd2855623651c5dfeb3a8c8a646d4bad7167b5f044c1c040444f78945&amp;width=1440 1440w, https:\/\/bostonglobe-prod.cdn.arcpublishing.com\/resizer\/v2\/OMGPQBVQBHH4NVOV5NSVLR7DKI.JPG?auth=5b399f3bd2855623651c5dfeb3a8c8a646d4bad7167b5f044c1c040444f78945&amp;width=1440 1280w, https:\/\/bostonglobe-prod.cdn.arcpublishing.com\/resizer\/v2\/OMGPQBVQBHH4NVOV5NSVLR7DKI.JPG?auth=5b399f3bd2855623651c5dfeb3a8c8a646d4bad7167b5f044c1c040444f78945&amp;width=1440 1024w, https:\/\/bostonglobe-prod.cdn.arcpublishing.com\/resizer\/v2\/OMGPQBVQBHH4NVOV5NSVLR7DKI.JPG?auth=5b399f3bd2855623651c5dfeb3a8c8a646d4bad7167b5f044c1c040444f78945&amp;width=1440 820w, https:\/\/bostonglobe-prod.cdn.arcpublishing.com\/resizer\/v2\/OMGPQBVQBHH4NVOV5NSVLR7DKI.JPG?auth=5b399f3bd2855623651c5dfeb3a8c8a646d4bad7167b5f044c1c040444f78945&amp;width=1440 600w, https:\/\/bostonglobe-prod.cdn.arcpublishing.com\/resizer\/v2\/OMGPQBVQBHH4NVOV5NSVLR7DKI.JPG?auth=5b399f3bd2855623651c5dfeb3a8c8a646d4bad7167b5f044c1c040444f78945&amp;width=1440 420w, https:\/\/bostonglobe-prod.cdn.arcpublishing.com\/resizer\/v2\/OMGPQBVQBHH4NVOV5NSVLR7DKI.JPG?auth=5b399f3bd2855623651c5dfeb3a8c8a646d4bad7167b5f044c1c040444f78945&amp;width=1440 240w\" loading=\"lazy\"\/><figcaption class=\" img_caption | margin_horizontal_0--mobile margin_horizontal_0--tablet&#10;        \"><span class=\"caption | margin_right_half\">Zdeno Chara crosses the finish line during the Boston Marathon in 2024.<\/span><span class=\"credit uppercase\">Jessica Rinaldi\/Globe Staff<\/span><\/figcaption><\/figure>\n<\/div>\n<p class=\"paragraph | gutter_20_0\"><span class=\"html-render\">The Needham native and trailblazing astronaut fell in love with the Boston Marathon as a child and has run it multiple times before, including <a href=\"https:\/\/www.runnersworld.com\/news\/a71060736\/suni-williams-boston-marathon\/\" target=\"_blank\" rel=\"noreferrer\" title=\"https:\/\/www.runnersworld.com\/news\/a71060736\/suni-williams-boston-marathon\/\">unofficially as a 17-year-old<\/a>, and on a treadmill while aboard the International Space Station, where she became the <a href=\"https:\/\/www.runnersworld.com\/races-places\/a20787540\/running-boston-in-space\/\" target=\"_blank\" rel=\"noreferrer\" title=\"https:\/\/www.runnersworld.com\/races-places\/a20787540\/running-boston-in-space\/\">first human to complete a marathon in orbit<\/a>. <\/span><\/p>\n<p class=\"paragraph | gutter_20_0\"><span class=\"html-render\">A former Navy captain and longtime runner who now lives in rural Maine, Williams, 60, will be running from Hopkinton to Boston more than a year after her space mission <a href=\"https:\/\/www.bostonglobe.com\/2025\/03\/19\/metro\/suni-williams-nasa-needham\/?p1=Article_Inline_Text_Link\" target=\"_blank\" rel=\"\">unexpectedly stretched from weeks into months<\/a>. Now retired from her nearly three-decade-long career with NASA, <a href=\"https:\/\/www.bostonglobe.com\/2026\/04\/16\/metro\/sunita-williams-astronaut-boston-marathon\/\" target=\"_blank\" rel=\"noreferrer\" title=\"https:\/\/www.bostonglobe.com\/2026\/04\/16\/metro\/sunita-williams-astronaut-boston-marathon\/\">Williams recently spoke with the Globe<\/a> about the race.<\/span><\/p>\n<p class=\"paragraph | gutter_20_0\"><span class=\"html-render\">\u201cI\u2019m a little slow, but I feel good and am happy to get out there to try it,\u201d she said with a laugh.<\/span><\/p>\n<div id=\"\" class=\"image | relative margin_bottom_16&#10;          margin_top width_full&#10;          false&#10;          false&#10;          \">\n<figure class=\"font_primary false&#10;               false&#10;              false&#10;            \" style=\"height:auto\" id=\"img-KKYEO54ZFMZOBGKO7I7EHHKKBY\"><img decoding=\"async\" id=\"img-KKYEO54ZFMZOBGKO7I7EHHKKBY-image\" alt=\"Suni Williams at the Johnson Space Center on March 31, 2025, in Houston. \" class=\"height_a width_full invisible width_full--mobile width_full--tablet-only\" src=\"https:\/\/bostonglobe-prod.cdn.arcpublishing.com\/resizer\/v2\/KKYEO54ZFMZOBGKO7I7EHHKKBY.jpg?auth=a5da47cbcc2cb2a001fcaf2d2039528a1a0a47bece00efe38c9287ccde96e126&amp;width=1440\" srcset=\"https:\/\/bostonglobe-prod.cdn.arcpublishing.com\/resizer\/v2\/KKYEO54ZFMZOBGKO7I7EHHKKBY.jpg?auth=a5da47cbcc2cb2a001fcaf2d2039528a1a0a47bece00efe38c9287ccde96e126&amp;width=1440 1440w, https:\/\/bostonglobe-prod.cdn.arcpublishing.com\/resizer\/v2\/KKYEO54ZFMZOBGKO7I7EHHKKBY.jpg?auth=a5da47cbcc2cb2a001fcaf2d2039528a1a0a47bece00efe38c9287ccde96e126&amp;width=1440 1280w, https:\/\/bostonglobe-prod.cdn.arcpublishing.com\/resizer\/v2\/KKYEO54ZFMZOBGKO7I7EHHKKBY.jpg?auth=a5da47cbcc2cb2a001fcaf2d2039528a1a0a47bece00efe38c9287ccde96e126&amp;width=1440 1024w, https:\/\/bostonglobe-prod.cdn.arcpublishing.com\/resizer\/v2\/KKYEO54ZFMZOBGKO7I7EHHKKBY.jpg?auth=a5da47cbcc2cb2a001fcaf2d2039528a1a0a47bece00efe38c9287ccde96e126&amp;width=1440 820w, https:\/\/bostonglobe-prod.cdn.arcpublishing.com\/resizer\/v2\/KKYEO54ZFMZOBGKO7I7EHHKKBY.jpg?auth=a5da47cbcc2cb2a001fcaf2d2039528a1a0a47bece00efe38c9287ccde96e126&amp;width=1440 600w, https:\/\/bostonglobe-prod.cdn.arcpublishing.com\/resizer\/v2\/KKYEO54ZFMZOBGKO7I7EHHKKBY.jpg?auth=a5da47cbcc2cb2a001fcaf2d2039528a1a0a47bece00efe38c9287ccde96e126&amp;width=1440 420w, https:\/\/bostonglobe-prod.cdn.arcpublishing.com\/resizer\/v2\/KKYEO54ZFMZOBGKO7I7EHHKKBY.jpg?auth=a5da47cbcc2cb2a001fcaf2d2039528a1a0a47bece00efe38c9287ccde96e126&amp;width=1440 240w\" loading=\"lazy\"\/><figcaption class=\" img_caption | margin_horizontal_0--mobile margin_horizontal_0--tablet&#10;        \"><span class=\"caption | margin_right_half\">Suni Williams at the Johnson Space Center on March 31, 2025, in Houston. <\/span><span class=\"credit uppercase\">Ashley Landis\/Associated Press<\/span><\/figcaption><\/figure>\n<\/div>\n<p class=\"paragraph | gutter_20_0\"><span class=\"html-render\">Herren, 50, a Fall River native and promising basketball star whose addiction to heroin <a href=\"https:\/\/www.bostonglobe.com\/metro\/regionals\/south\/2012\/10\/10\/celtic-herren-talks-about-his-past-opiate-addiction-for-scituate-antidrug-gathering\/v5odFLPjyeyh9X21imEghJ\/story.html\" target=\"_blank\" rel=\"noreferrer\" title=\"https:\/\/www.bostonglobe.com\/metro\/regionals\/south\/2012\/10\/10\/celtic-herren-talks-about-his-past-opiate-addiction-for-scituate-antidrug-gathering\/v5odFLPjyeyh9X21imEghJ\/story.html\">derailed his career with the Celtics<\/a>, is running with his wife Heather to honor 15 years of the addiction recovery nonprofit they founded.<\/span><\/p>\n<p class=\"paragraph | gutter_20_0\"><span class=\"html-render\">The <a href=\"https:\/\/www.givengain.com\/project\/chris-raising-funds-for-herren-project-112194\" target=\"_blank\" rel=\"noreferrer\" title=\"https:\/\/www.givengain.com\/project\/chris-raising-funds-for-herren-project-112194\">Herren Project<\/a> was started in 2011, after Herren got sober, and he\u2019s running \u201cto raise money so more people can find recovery, more families can heal, and more stories can come full circle,\u201d <a href=\"https:\/\/www.givengain.com\/project\/chris-raising-funds-for-herren-project-112194\" target=\"_blank\" rel=\"noreferrer\" title=\"https:\/\/www.givengain.com\/project\/chris-raising-funds-for-herren-project-112194\">the couple said<\/a> on their fund-raising website.<\/span><\/p>\n<p class=\"paragraph | gutter_20_0\"><span class=\"html-render\">\u201cIt\u2019s a full circle moment for both of us \u2014 a celebration of healing, love, and the life we\u2019ve worked so hard to reclaim. It\u2019s also about every person still struggling and every family grieving the loss of a loved one,\u201d they said.<\/span><\/p>\n<div id=\"\" class=\"image | relative margin_bottom_16&#10;          margin_top width_full&#10;          false&#10;          false&#10;          \">\n<figure class=\"font_primary false&#10;               false&#10;              false&#10;            \" style=\"height:auto\" id=\"img-LTNCL5QFRUI6DOFQNUT6IR6DKA\"><img decoding=\"async\" id=\"img-LTNCL5QFRUI6DOFQNUT6IR6DKA-image\" alt=\"Chris Herren, former Fall River basketball star, in 2018.\" class=\"height_a width_full invisible width_full--mobile width_full--tablet-only\" src=\"https:\/\/bostonglobe-prod.cdn.arcpublishing.com\/resizer\/v2\/LTNCL5QFRUI6DOFQNUT6IR6DKA.jpg?auth=c767561c816a9bf70e7557db7d29fa42edeb6d1240785eb2ffd658b361598a18&amp;width=1440\" srcset=\"https:\/\/bostonglobe-prod.cdn.arcpublishing.com\/resizer\/v2\/LTNCL5QFRUI6DOFQNUT6IR6DKA.jpg?auth=c767561c816a9bf70e7557db7d29fa42edeb6d1240785eb2ffd658b361598a18&amp;width=1440 1440w, https:\/\/bostonglobe-prod.cdn.arcpublishing.com\/resizer\/v2\/LTNCL5QFRUI6DOFQNUT6IR6DKA.jpg?auth=c767561c816a9bf70e7557db7d29fa42edeb6d1240785eb2ffd658b361598a18&amp;width=1440 1280w, https:\/\/bostonglobe-prod.cdn.arcpublishing.com\/resizer\/v2\/LTNCL5QFRUI6DOFQNUT6IR6DKA.jpg?auth=c767561c816a9bf70e7557db7d29fa42edeb6d1240785eb2ffd658b361598a18&amp;width=1440 1024w, https:\/\/bostonglobe-prod.cdn.arcpublishing.com\/resizer\/v2\/LTNCL5QFRUI6DOFQNUT6IR6DKA.jpg?auth=c767561c816a9bf70e7557db7d29fa42edeb6d1240785eb2ffd658b361598a18&amp;width=1440 820w, https:\/\/bostonglobe-prod.cdn.arcpublishing.com\/resizer\/v2\/LTNCL5QFRUI6DOFQNUT6IR6DKA.jpg?auth=c767561c816a9bf70e7557db7d29fa42edeb6d1240785eb2ffd658b361598a18&amp;width=1440 600w, https:\/\/bostonglobe-prod.cdn.arcpublishing.com\/resizer\/v2\/LTNCL5QFRUI6DOFQNUT6IR6DKA.jpg?auth=c767561c816a9bf70e7557db7d29fa42edeb6d1240785eb2ffd658b361598a18&amp;width=1440 420w, https:\/\/bostonglobe-prod.cdn.arcpublishing.com\/resizer\/v2\/LTNCL5QFRUI6DOFQNUT6IR6DKA.jpg?auth=c767561c816a9bf70e7557db7d29fa42edeb6d1240785eb2ffd658b361598a18&amp;width=1440 240w\" loading=\"lazy\"\/><figcaption class=\" img_caption | margin_horizontal_0--mobile margin_horizontal_0--tablet&#10;        \"><span class=\"caption | margin_right_half\">Chris Herren, former Fall River basketball star, in 2018.<\/span><span class=\"credit uppercase\">Chin, Barry, Globe Staff Photo<\/span><\/figcaption><\/figure>\n<\/div>\n<p class=\"paragraph | gutter_20_0\"><span class=\"html-render\">DaRosa, a multi-instrumentalist for the Dropkick Murphys, the popular Boston-bred Celtic punk band, is running Boston this year <a href=\"https:\/\/www.instagram.com\/p\/DXMZFLcgMI-\/?img_index=1\" target=\"_blank\" rel=\"noreferrer\" title=\"https:\/\/www.instagram.com\/p\/DXMZFLcgMI-\/?img_index=1\">in support of the Claddagh Fund<\/a>, a charitable foundation founded by frontman Ken Casey. <a href=\"https:\/\/www.boston.com\/news\/boston-marathon\/2026\/03\/23\/dropkick-murphys-jeff-darosa-boston-marathon\/\" target=\"_blank\" rel=\"noreferrer\" title=\"https:\/\/www.boston.com\/news\/boston-marathon\/2026\/03\/23\/dropkick-murphys-jeff-darosa-boston-marathon\/\">The 43-year-old told Boston.com<\/a> that, since getting sober several years ago, running has become a form of meditation that has helped him feel more present and grounded. His one lighthearted goal, DaRosa said, is to beat Oprah\u2019s marathon time. He narrowly eclipsed her 4:29:15 mark at the 2024 Mesa Marathon in Arizona.<\/span><\/p>\n<div id=\"\" class=\"image | relative margin_bottom_16&#10;          margin_top width_full&#10;          false&#10;          false&#10;          \">\n<figure class=\"font_primary false&#10;               false&#10;              false&#10;            \" style=\"height:auto\" id=\"img-FINDEJJM5EVIFRZYTEJ73MKQMI\"><img decoding=\"async\" id=\"img-FINDEJJM5EVIFRZYTEJ73MKQMI-image\" alt=\"Guitarist Jeff DaRosa performs with Dropkick Murphys at House of Blues on March 14, 2024.\" class=\"height_a width_full invisible width_full--mobile width_full--tablet-only\" src=\"https:\/\/bostonglobe-prod.cdn.arcpublishing.com\/resizer\/v2\/FINDEJJM5EVIFRZYTEJ73MKQMI.jpg?auth=50aec2247dc5477134a18cfbed63473a0a1706e3b9e031e834b2349420ab192f&amp;width=1440\" srcset=\"https:\/\/bostonglobe-prod.cdn.arcpublishing.com\/resizer\/v2\/FINDEJJM5EVIFRZYTEJ73MKQMI.jpg?auth=50aec2247dc5477134a18cfbed63473a0a1706e3b9e031e834b2349420ab192f&amp;width=1440 1440w, https:\/\/bostonglobe-prod.cdn.arcpublishing.com\/resizer\/v2\/FINDEJJM5EVIFRZYTEJ73MKQMI.jpg?auth=50aec2247dc5477134a18cfbed63473a0a1706e3b9e031e834b2349420ab192f&amp;width=1440 1280w, https:\/\/bostonglobe-prod.cdn.arcpublishing.com\/resizer\/v2\/FINDEJJM5EVIFRZYTEJ73MKQMI.jpg?auth=50aec2247dc5477134a18cfbed63473a0a1706e3b9e031e834b2349420ab192f&amp;width=1440 1024w, https:\/\/bostonglobe-prod.cdn.arcpublishing.com\/resizer\/v2\/FINDEJJM5EVIFRZYTEJ73MKQMI.jpg?auth=50aec2247dc5477134a18cfbed63473a0a1706e3b9e031e834b2349420ab192f&amp;width=1440 820w, https:\/\/bostonglobe-prod.cdn.arcpublishing.com\/resizer\/v2\/FINDEJJM5EVIFRZYTEJ73MKQMI.jpg?auth=50aec2247dc5477134a18cfbed63473a0a1706e3b9e031e834b2349420ab192f&amp;width=1440 600w, https:\/\/bostonglobe-prod.cdn.arcpublishing.com\/resizer\/v2\/FINDEJJM5EVIFRZYTEJ73MKQMI.jpg?auth=50aec2247dc5477134a18cfbed63473a0a1706e3b9e031e834b2349420ab192f&amp;width=1440 420w, https:\/\/bostonglobe-prod.cdn.arcpublishing.com\/resizer\/v2\/FINDEJJM5EVIFRZYTEJ73MKQMI.jpg?auth=50aec2247dc5477134a18cfbed63473a0a1706e3b9e031e834b2349420ab192f&amp;width=1440 240w\" loading=\"lazy\"\/><figcaption class=\" img_caption | margin_horizontal_0--mobile margin_horizontal_0--tablet&#10;        \"><span class=\"caption | margin_right_half\">Guitarist Jeff DaRosa performs with Dropkick Murphys at House of Blues on March 14, 2024.<\/span><span class=\"credit uppercase\">Ben Stas for The Boston Globe<\/span><\/figcaption><\/figure>\n<\/div>\n<p class=\"paragraph | gutter_20_0\"><span class=\"html-render\">For several decades, Dick and Rick Hoyt were a staple of the Boston Marathon. Between 1980 and 2014, Team Hoyt \u2014 the father-son duo \u2014 completed 32 of the prestigious races together, with Dick pushing Rick in his wheelchair through the 26.2-mile course and across the finish line. Together, the two became running legends. Rick, a quadriplegic who had cerebral palsy, <a href=\"https:\/\/www.bostonglobe.com\/2023\/05\/22\/metro\/rick-hoyt-obituary\/?p1=Article_Inline_Text_Link\" target=\"_blank\" rel=\"\">died in May 2023<\/a>, <a href=\"https:\/\/www.bostonglobe.com\/2021\/03\/18\/metro\/dick-hoyt-heart-soul-boston-marathon-dies-80\/?p1=BGSearch_Overlay_Results&amp;p1=Article_Inline_Text_Link\" target=\"_blank\" rel=\"\">two years after his father<\/a>.<\/span><\/p>\n<p class=\"paragraph | gutter_20_0\"><span class=\"html-render\">The Hoyt family has remained dedicated to upholding their legacy. Troy Hoyt, one of Dick\u2019s grandsons, has run the past three Marathons in Dick and Rick\u2019s honor. He has raised money for Team Hoyt, part of the Hoyt Foundation, which was formed with the goal of building \u201cthe individual character, self-confidence, and self-esteem of America\u2019s young people with disabilities through inclusion in all facets of daily life,\u201d its website says.<\/span><\/p>\n<div id=\"\" class=\"image | relative margin_bottom_16&#10;          margin_top width_full&#10;          false&#10;          false&#10;          \">\n<figure class=\"font_primary false&#10;               false&#10;              false&#10;            \" style=\"height:auto\" id=\"img-U47ZEBV6FZARJAJ27GQZPAVG3A\"><img decoding=\"async\" id=\"img-U47ZEBV6FZARJAJ27GQZPAVG3A-image\" alt=\"Rick and Dick Hoyt passed the crowd at Wellesley College during the 1996 100th Boston Marathon.\" class=\"height_a width_full invisible width_full--mobile width_full--tablet-only\" src=\"https:\/\/bostonglobe-prod.cdn.arcpublishing.com\/resizer\/v2\/U47ZEBV6FZARJAJ27GQZPAVG3A.jpg?auth=aadc52fd1bce2b68e283b01948fb2f9db0b9ce276ffd0effbd8fdd93cd582a07&amp;width=1440\" srcset=\"https:\/\/bostonglobe-prod.cdn.arcpublishing.com\/resizer\/v2\/U47ZEBV6FZARJAJ27GQZPAVG3A.jpg?auth=aadc52fd1bce2b68e283b01948fb2f9db0b9ce276ffd0effbd8fdd93cd582a07&amp;width=1440 1440w, https:\/\/bostonglobe-prod.cdn.arcpublishing.com\/resizer\/v2\/U47ZEBV6FZARJAJ27GQZPAVG3A.jpg?auth=aadc52fd1bce2b68e283b01948fb2f9db0b9ce276ffd0effbd8fdd93cd582a07&amp;width=1440 1280w, https:\/\/bostonglobe-prod.cdn.arcpublishing.com\/resizer\/v2\/U47ZEBV6FZARJAJ27GQZPAVG3A.jpg?auth=aadc52fd1bce2b68e283b01948fb2f9db0b9ce276ffd0effbd8fdd93cd582a07&amp;width=1440 1024w, https:\/\/bostonglobe-prod.cdn.arcpublishing.com\/resizer\/v2\/U47ZEBV6FZARJAJ27GQZPAVG3A.jpg?auth=aadc52fd1bce2b68e283b01948fb2f9db0b9ce276ffd0effbd8fdd93cd582a07&amp;width=1440 820w, https:\/\/bostonglobe-prod.cdn.arcpublishing.com\/resizer\/v2\/U47ZEBV6FZARJAJ27GQZPAVG3A.jpg?auth=aadc52fd1bce2b68e283b01948fb2f9db0b9ce276ffd0effbd8fdd93cd582a07&amp;width=1440 600w, https:\/\/bostonglobe-prod.cdn.arcpublishing.com\/resizer\/v2\/U47ZEBV6FZARJAJ27GQZPAVG3A.jpg?auth=aadc52fd1bce2b68e283b01948fb2f9db0b9ce276ffd0effbd8fdd93cd582a07&amp;width=1440 420w, https:\/\/bostonglobe-prod.cdn.arcpublishing.com\/resizer\/v2\/U47ZEBV6FZARJAJ27GQZPAVG3A.jpg?auth=aadc52fd1bce2b68e283b01948fb2f9db0b9ce276ffd0effbd8fdd93cd582a07&amp;width=1440 240w\" loading=\"lazy\"\/><figcaption class=\" img_caption | margin_horizontal_0--mobile margin_horizontal_0--tablet&#10;        \"><span class=\"caption | margin_right_half\">Rick and Dick Hoyt passed the crowd at Wellesley College during the 1996 100th Boston Marathon.<\/span><span class=\"credit uppercase\">BOHN, John GLOBE PHOTO<\/span><\/figcaption><\/figure>\n<\/div>\n<p class=\"paragraph | gutter_20_0\"><span class=\"html-render\">Arenales, <a href=\"https:\/\/www.bostonglobe.com\/2025\/08\/26\/arts\/love-island-usa-reunion\/?p1=BGSearch_Overlay_Results\" target=\"_blank\" rel=\"noreferrer\" title=\"https:\/\/www.bostonglobe.com\/2025\/08\/26\/arts\/love-island-usa-reunion\/?p1=BGSearch_Overlay_Results\">an Everett native and last year\u2019s winner of the reality show \u201cLove Island USA,\u201d<\/a> will be making his Boston debut. While he has run three marathons previously, Arenales, 29, calls Boston his \u201cdream race.\u201d<\/span><\/p>\n<p class=\"paragraph | gutter_20_0\"><span class=\"html-render\">\u201cI can\u2019t wait. It\u2019s literally a dream come true, what that race means to the city and the state of Mass. I\u2019m Boston Strong till I die,\u201d <a href=\"https:\/\/www.instagram.com\/reels\/DW6yJVkFkk3\/\" target=\"_blank\" rel=\"noreferrer\" title=\"https:\/\/www.instagram.com\/reels\/DW6yJVkFkk3\/\">he said on Instagram recently<\/a>, noting it will be his third world major. \u201cI just can\u2019t wait until I get that medal around my neck and just to be able to share that moment with my dad and family and friends.\u201d <\/span><\/p>\n<div id=\"\" class=\"image | relative margin_bottom_16&#10;          margin_top width_full&#10;          false&#10;          false&#10;          \">\n<figure class=\"font_primary false&#10;               false&#10;              false&#10;            \" style=\"height:auto\" id=\"img-434F7WLC2RFRPLMNLJCV3BHX2Q\"><img decoding=\"async\" id=\"img-434F7WLC2RFRPLMNLJCV3BHX2Q-image\" alt=\"Bryan Arenales ran a marathon in Miami.\" class=\"height_a width_full invisible width_full--mobile width_full--tablet-only\" src=\"https:\/\/bostonglobe-prod.cdn.arcpublishing.com\/resizer\/v2\/434F7WLC2RFRPLMNLJCV3BHX2Q.png?auth=4f8d0e2e9fa17b7adb754e5a41b415a730e76915c9b91d53d4d8c85cca7da8fe&amp;width=1440\" srcset=\"https:\/\/bostonglobe-prod.cdn.arcpublishing.com\/resizer\/v2\/434F7WLC2RFRPLMNLJCV3BHX2Q.png?auth=4f8d0e2e9fa17b7adb754e5a41b415a730e76915c9b91d53d4d8c85cca7da8fe&amp;width=1440 1440w, https:\/\/bostonglobe-prod.cdn.arcpublishing.com\/resizer\/v2\/434F7WLC2RFRPLMNLJCV3BHX2Q.png?auth=4f8d0e2e9fa17b7adb754e5a41b415a730e76915c9b91d53d4d8c85cca7da8fe&amp;width=1440 1280w, https:\/\/bostonglobe-prod.cdn.arcpublishing.com\/resizer\/v2\/434F7WLC2RFRPLMNLJCV3BHX2Q.png?auth=4f8d0e2e9fa17b7adb754e5a41b415a730e76915c9b91d53d4d8c85cca7da8fe&amp;width=1440 1024w, https:\/\/bostonglobe-prod.cdn.arcpublishing.com\/resizer\/v2\/434F7WLC2RFRPLMNLJCV3BHX2Q.png?auth=4f8d0e2e9fa17b7adb754e5a41b415a730e76915c9b91d53d4d8c85cca7da8fe&amp;width=1440 820w, https:\/\/bostonglobe-prod.cdn.arcpublishing.com\/resizer\/v2\/434F7WLC2RFRPLMNLJCV3BHX2Q.png?auth=4f8d0e2e9fa17b7adb754e5a41b415a730e76915c9b91d53d4d8c85cca7da8fe&amp;width=1440 600w, https:\/\/bostonglobe-prod.cdn.arcpublishing.com\/resizer\/v2\/434F7WLC2RFRPLMNLJCV3BHX2Q.png?auth=4f8d0e2e9fa17b7adb754e5a41b415a730e76915c9b91d53d4d8c85cca7da8fe&amp;width=1440 420w, https:\/\/bostonglobe-prod.cdn.arcpublishing.com\/resizer\/v2\/434F7WLC2RFRPLMNLJCV3BHX2Q.png?auth=4f8d0e2e9fa17b7adb754e5a41b415a730e76915c9b91d53d4d8c85cca7da8fe&amp;width=1440 240w\" loading=\"lazy\"\/><figcaption class=\" img_caption | margin_horizontal_0--mobile margin_horizontal_0--tablet&#10;        \"><span class=\"caption | margin_right_half\">Bryan Arenales ran a marathon in Miami.<\/span><span class=\"credit uppercase\">Hermann Diehl<\/span><\/figcaption><\/figure>\n<\/div>\n<p class=\"paragraph | gutter_20_0\"><span class=\"html-render\">James, 34, a former star of The Bachelor, has a number of marathons under his belt and is lacing up for Boston for the third time. Last year, he worked as a <a href=\"https:\/\/www.youtube.com\/watch?v=Yxw2al4gOqs&amp;t=2s\" target=\"_blank\" rel=\"noreferrer\" title=\"https:\/\/www.youtube.com\/watch?v=Yxw2al4gOqs&amp;t=2s\">field correspondent for WCVB<\/a>, providing a first-person look of the race as he ran the 26.2-mile course. He told the Globe he chugged about <a href=\"https:\/\/www.bostonglobe.com\/2025\/04\/17\/sports\/boston-marathon-celebrity-runners\/\" target=\"_blank\" rel=\"noreferrer\" title=\"https:\/\/www.bostonglobe.com\/2025\/04\/17\/sports\/boston-marathon-celebrity-runners\/\">\u201cfix or six\u201d<\/a> beers along the way.<\/span><\/p>\n<p class=\"paragraph | gutter_20_0\"><span class=\"html-render\">\u201cWhen you have a little buzz, it\u2019s easier to get up the hill,\u201d he said. \u201cIt was a fun day.\u201d<\/span><\/p>\n<div id=\"\" class=\"image | relative margin_bottom_16&#10;          margin_top width_full&#10;          false&#10;          false&#10;          \">\n<figure class=\"font_primary false&#10;               false&#10;              false&#10;            \" style=\"height:auto\" id=\"img-5CZKKK6G5HZT5AIMEBA3ZBSPTY\"><img decoding=\"async\" id=\"img-5CZKKK6G5HZT5AIMEBA3ZBSPTY-image\" alt=\"Matt James spoke with fans after crossing the finish line during the 129th Boston Marathon on April 21, 2025. \" class=\"height_a width_full invisible width_full--mobile width_full--tablet-only\" src=\"https:\/\/bostonglobe-prod.cdn.arcpublishing.com\/resizer\/v2\/5CZKKK6G5HZT5AIMEBA3ZBSPTY.jpg?auth=cb32a9663b1376802eeb5b894e591073acf3939d65f4cf21dabdea61547b1477&amp;width=1440\" srcset=\"https:\/\/bostonglobe-prod.cdn.arcpublishing.com\/resizer\/v2\/5CZKKK6G5HZT5AIMEBA3ZBSPTY.jpg?auth=cb32a9663b1376802eeb5b894e591073acf3939d65f4cf21dabdea61547b1477&amp;width=1440 1440w, https:\/\/bostonglobe-prod.cdn.arcpublishing.com\/resizer\/v2\/5CZKKK6G5HZT5AIMEBA3ZBSPTY.jpg?auth=cb32a9663b1376802eeb5b894e591073acf3939d65f4cf21dabdea61547b1477&amp;width=1440 1280w, https:\/\/bostonglobe-prod.cdn.arcpublishing.com\/resizer\/v2\/5CZKKK6G5HZT5AIMEBA3ZBSPTY.jpg?auth=cb32a9663b1376802eeb5b894e591073acf3939d65f4cf21dabdea61547b1477&amp;width=1440 1024w, https:\/\/bostonglobe-prod.cdn.arcpublishing.com\/resizer\/v2\/5CZKKK6G5HZT5AIMEBA3ZBSPTY.jpg?auth=cb32a9663b1376802eeb5b894e591073acf3939d65f4cf21dabdea61547b1477&amp;width=1440 820w, https:\/\/bostonglobe-prod.cdn.arcpublishing.com\/resizer\/v2\/5CZKKK6G5HZT5AIMEBA3ZBSPTY.jpg?auth=cb32a9663b1376802eeb5b894e591073acf3939d65f4cf21dabdea61547b1477&amp;width=1440 600w, https:\/\/bostonglobe-prod.cdn.arcpublishing.com\/resizer\/v2\/5CZKKK6G5HZT5AIMEBA3ZBSPTY.jpg?auth=cb32a9663b1376802eeb5b894e591073acf3939d65f4cf21dabdea61547b1477&amp;width=1440 420w, https:\/\/bostonglobe-prod.cdn.arcpublishing.com\/resizer\/v2\/5CZKKK6G5HZT5AIMEBA3ZBSPTY.jpg?auth=cb32a9663b1376802eeb5b894e591073acf3939d65f4cf21dabdea61547b1477&amp;width=1440 240w\" loading=\"lazy\"\/><figcaption class=\" img_caption | margin_horizontal_0--mobile margin_horizontal_0--tablet&#10;        \"><span class=\"caption | margin_right_half\">Matt James spoke with fans after crossing the finish line during the 129th Boston Marathon on April 21, 2025. <\/span><span class=\"credit uppercase\">Brett Phelps for The Boston Globe<\/span><\/figcaption><\/figure>\n<\/div>\n<p class=\"paragraph | gutter_20_0\"><span class=\"html-render\">Green, 40, is among the most popular <a href=\"https:\/\/www.bostonglobe.com\/2025\/04\/16\/sports\/boston-marathon-running-influencers\/?p1=BGSearch_Overlay_Results\" target=\"_blank\" rel=\"noreferrer\" title=\"https:\/\/www.bostonglobe.com\/2025\/04\/16\/sports\/boston-marathon-running-influencers\/?p1=BGSearch_Overlay_Results\">running influencers in the Boston area<\/a>. <a href=\"https:\/\/www.instagram.com\/lauramcgreen\/?hl=en\" target=\"_blank\" rel=\"noreferrer\" title=\"https:\/\/www.instagram.com\/lauramcgreen\/?hl=en\">The Cambridge mom of three injects humor into her clips<\/a>, which feature quick-cut, rapid-fire monologues that poke fun at the sometimes overtly serious attitude with which people approach the sport.<\/span><\/p>\n<div id=\"\" class=\"image | relative margin_bottom_16&#10;          margin_top width_full&#10;          false&#10;          false&#10;          \">\n<figure class=\"font_primary false&#10;               false&#10;              false&#10;            \" style=\"height:auto\" id=\"img-ATCIOFGQIQHJTGP4EW3MMLCC34\"><img decoding=\"async\" id=\"img-ATCIOFGQIQHJTGP4EW3MMLCC34-image\" alt=\"Laura Green is a popular running influencer. She is photographed with her daughter before a run in Cambridge. \" class=\"height_a width_full invisible width_full--mobile width_full--tablet-only\" src=\"https:\/\/bostonglobe-prod.cdn.arcpublishing.com\/resizer\/v2\/ATCIOFGQIQHJTGP4EW3MMLCC34.jpg?auth=2d702d3b2e2d383b0349b9fd8f553c1af2220048b8081f9ca8b0211fa13dc8cb&amp;width=1440\" srcset=\"https:\/\/bostonglobe-prod.cdn.arcpublishing.com\/resizer\/v2\/ATCIOFGQIQHJTGP4EW3MMLCC34.jpg?auth=2d702d3b2e2d383b0349b9fd8f553c1af2220048b8081f9ca8b0211fa13dc8cb&amp;width=1440 1440w, https:\/\/bostonglobe-prod.cdn.arcpublishing.com\/resizer\/v2\/ATCIOFGQIQHJTGP4EW3MMLCC34.jpg?auth=2d702d3b2e2d383b0349b9fd8f553c1af2220048b8081f9ca8b0211fa13dc8cb&amp;width=1440 1280w, https:\/\/bostonglobe-prod.cdn.arcpublishing.com\/resizer\/v2\/ATCIOFGQIQHJTGP4EW3MMLCC34.jpg?auth=2d702d3b2e2d383b0349b9fd8f553c1af2220048b8081f9ca8b0211fa13dc8cb&amp;width=1440 1024w, https:\/\/bostonglobe-prod.cdn.arcpublishing.com\/resizer\/v2\/ATCIOFGQIQHJTGP4EW3MMLCC34.jpg?auth=2d702d3b2e2d383b0349b9fd8f553c1af2220048b8081f9ca8b0211fa13dc8cb&amp;width=1440 820w, https:\/\/bostonglobe-prod.cdn.arcpublishing.com\/resizer\/v2\/ATCIOFGQIQHJTGP4EW3MMLCC34.jpg?auth=2d702d3b2e2d383b0349b9fd8f553c1af2220048b8081f9ca8b0211fa13dc8cb&amp;width=1440 600w, https:\/\/bostonglobe-prod.cdn.arcpublishing.com\/resizer\/v2\/ATCIOFGQIQHJTGP4EW3MMLCC34.jpg?auth=2d702d3b2e2d383b0349b9fd8f553c1af2220048b8081f9ca8b0211fa13dc8cb&amp;width=1440 420w, https:\/\/bostonglobe-prod.cdn.arcpublishing.com\/resizer\/v2\/ATCIOFGQIQHJTGP4EW3MMLCC34.jpg?auth=2d702d3b2e2d383b0349b9fd8f553c1af2220048b8081f9ca8b0211fa13dc8cb&amp;width=1440 240w\" loading=\"lazy\"\/><figcaption class=\" img_caption | margin_horizontal_0--mobile margin_horizontal_0--tablet&#10;        \"><span class=\"caption | margin_right_half\">Laura Green is a popular running influencer. She is photographed with her daughter before a run in Cambridge. <\/span><span class=\"credit uppercase\">Suzanne Kreiter\/Globe Staff<\/span><\/figcaption><\/figure>\n<\/div>\n<p class=\"paragraph | gutter_20_0\"><span class=\"html-render\">Linden is back at it again this year.<\/span><\/p>\n<p class=\"paragraph | gutter_20_0\"><span class=\"html-render\">The two-time Olympian has run the Marathon a dozen times before, including last year, <a href=\"https:\/\/www.bostonglobe.com\/2025\/04\/21\/sports\/des-linden-boston-marathon-retirement\/?p1=BGSearch_Overlay_Results\" target=\"_blank\" rel=\"noreferrer\" title=\"https:\/\/www.bostonglobe.com\/2025\/04\/21\/sports\/des-linden-boston-marathon-retirement\/?p1=BGSearch_Overlay_Results\">which marked her final race as a professional runner<\/a> and where she placed 17th. In 2018, on one of the coldest and most rain-soaked race days in recent memory, Linden became the first American woman to win Boston in more than 30 years.<\/span><\/p>\n<p class=\"paragraph | gutter_20_0\"><span class=\"html-render\">This time around, Linden, 42, a beloved figure in the running world <a href=\"https:\/\/www.irunfar.com\/des-linden-profile\" target=\"_blank\" rel=\"noreferrer\" title=\"https:\/\/www.irunfar.com\/des-linden-profile\">who has turned to trail running and ultrarunning<\/a> since stepping back from professional racing, <a href=\"https:\/\/marathonhandbook.com\/the-remarkable-faces-toeing-the-line-at-the-2026-boston-marathon\/\" target=\"_blank\" rel=\"noreferrer\" title=\"https:\/\/marathonhandbook.com\/the-remarkable-faces-toeing-the-line-at-the-2026-boston-marathon\/\">is returning to Boston to pace her husband<\/a>. <\/span><\/p>\n<p class=\"paragraph | gutter_20_0\"><span class=\"html-render\">She races just a week after finishing third at the <a href=\"https:\/\/run.outsideonline.com\/trail\/trail-racing\/marathon-des-sables-des-linden-in-photos\/\" target=\"_blank\" rel=\"noreferrer\" title=\"https:\/\/run.outsideonline.com\/trail\/trail-racing\/marathon-des-sables-des-linden-in-photos\/\">Marathon Des Sables<\/a>, a six-day, 250-kilometer competition across the Sahara Desert. After that, <a href=\"https:\/\/marathonhandbook.com\/des-linden-just-ran-her-first-100k-and-she-did-it-through-the-sahara\/\" target=\"_blank\" rel=\"noreferrer\" title=\"https:\/\/marathonhandbook.com\/des-linden-just-ran-her-first-100k-and-she-did-it-through-the-sahara\/\">she\u2019ll be taking on the London Marathon<\/a>.<\/span><\/p>\n<div id=\"\" class=\"image | relative margin_bottom_16&#10;          margin_top width_full&#10;          false&#10;          false&#10;          \">\n<figure class=\"font_primary false&#10;               false&#10;              false&#10;            \" style=\"height:auto\" id=\"img-LHHBSSVZAOH6NOSENL53PCIF3U\"><img decoding=\"async\" id=\"img-LHHBSSVZAOH6NOSENL53PCIF3U-image\" alt=\"American Des Linden crosses the finish line during the 2024 race.\" class=\"height_a width_full invisible width_full--mobile width_full--tablet-only\" src=\"https:\/\/bostonglobe-prod.cdn.arcpublishing.com\/resizer\/v2\/LHHBSSVZAOH6NOSENL53PCIF3U.JPG?auth=b0d2cf0c1c0bb5b2fd5ecc68e5304ca4f2d31177f1ec63bb670526b0578fba55&amp;width=1440\" srcset=\"https:\/\/bostonglobe-prod.cdn.arcpublishing.com\/resizer\/v2\/LHHBSSVZAOH6NOSENL53PCIF3U.JPG?auth=b0d2cf0c1c0bb5b2fd5ecc68e5304ca4f2d31177f1ec63bb670526b0578fba55&amp;width=1440 1440w, https:\/\/bostonglobe-prod.cdn.arcpublishing.com\/resizer\/v2\/LHHBSSVZAOH6NOSENL53PCIF3U.JPG?auth=b0d2cf0c1c0bb5b2fd5ecc68e5304ca4f2d31177f1ec63bb670526b0578fba55&amp;width=1440 1280w, https:\/\/bostonglobe-prod.cdn.arcpublishing.com\/resizer\/v2\/LHHBSSVZAOH6NOSENL53PCIF3U.JPG?auth=b0d2cf0c1c0bb5b2fd5ecc68e5304ca4f2d31177f1ec63bb670526b0578fba55&amp;width=1440 1024w, https:\/\/bostonglobe-prod.cdn.arcpublishing.com\/resizer\/v2\/LHHBSSVZAOH6NOSENL53PCIF3U.JPG?auth=b0d2cf0c1c0bb5b2fd5ecc68e5304ca4f2d31177f1ec63bb670526b0578fba55&amp;width=1440 820w, https:\/\/bostonglobe-prod.cdn.arcpublishing.com\/resizer\/v2\/LHHBSSVZAOH6NOSENL53PCIF3U.JPG?auth=b0d2cf0c1c0bb5b2fd5ecc68e5304ca4f2d31177f1ec63bb670526b0578fba55&amp;width=1440 600w, https:\/\/bostonglobe-prod.cdn.arcpublishing.com\/resizer\/v2\/LHHBSSVZAOH6NOSENL53PCIF3U.JPG?auth=b0d2cf0c1c0bb5b2fd5ecc68e5304ca4f2d31177f1ec63bb670526b0578fba55&amp;width=1440 420w, https:\/\/bostonglobe-prod.cdn.arcpublishing.com\/resizer\/v2\/LHHBSSVZAOH6NOSENL53PCIF3U.JPG?auth=b0d2cf0c1c0bb5b2fd5ecc68e5304ca4f2d31177f1ec63bb670526b0578fba55&amp;width=1440 240w\" loading=\"lazy\"\/><figcaption class=\" img_caption | margin_horizontal_0--mobile margin_horizontal_0--tablet&#10;        \"><span class=\"caption | margin_right_half\">American Des Linden crosses the finish line during the 2024 race.<\/span><span class=\"credit uppercase\">Danielle Parhizkaran\/Globe Staff<\/span><\/figcaption><\/figure>\n<\/div>\n<p class=\"paragraph | gutter_20_0\"><span class=\"html-render\">The three-time Olympian and Connecticut native is <a href=\"https:\/\/www.teamusa.com\/hall-of-fame\/hall-of-fame-members\/kristine-lilly\" target=\"_blank\" rel=\"noreferrer\" title=\"https:\/\/www.teamusa.com\/hall-of-fame\/hall-of-fame-members\/kristine-lilly\">one of the most accomplished athletes in the history of women\u2019s soccer<\/a>. <\/span><\/p>\n<p class=\"paragraph | gutter_20_0\"><span class=\"html-render\">Lilly, 54, who holds the world record for the most number of international appearances and last played professionally for the Boston Breakers, is running Boston for fellow soccer legend <a href=\"https:\/\/www.instagram.com\/miahammfoundation\/\" target=\"_blank\" rel=\"noreferrer\" title=\"https:\/\/www.instagram.com\/miahammfoundation\/\">Mia Hamm\u2019s foundation<\/a>, which supports families in need of transplants and advances opportunities for women in sports.<\/span><\/p>\n<div id=\"\" class=\"image | relative margin_bottom_16&#10;          margin_top width_full&#10;          false&#10;          false&#10;          \">\n<figure class=\"font_primary false&#10;               false&#10;              false&#10;            \" style=\"height:auto\" id=\"img-VIYCJPX5SKKIK5AS3DVLFSHQH4\"><img decoding=\"async\" id=\"img-VIYCJPX5SKKIK5AS3DVLFSHQH4-image\" alt=\"Retired soccer player and Olympic gold medal champion Kristine Lilly waved to the crowd at Fenway Park on July 24, 2021.\" class=\"height_a width_full invisible width_full--mobile width_full--tablet-only\" src=\"https:\/\/bostonglobe-prod.cdn.arcpublishing.com\/resizer\/v2\/VIYCJPX5SKKIK5AS3DVLFSHQH4.jpg?auth=e9c693844bef6700f7b0659e5815ce35a5495e73e532f29dc9925fed0d07d023&amp;width=1440\" srcset=\"https:\/\/bostonglobe-prod.cdn.arcpublishing.com\/resizer\/v2\/VIYCJPX5SKKIK5AS3DVLFSHQH4.jpg?auth=e9c693844bef6700f7b0659e5815ce35a5495e73e532f29dc9925fed0d07d023&amp;width=1440 1440w, https:\/\/bostonglobe-prod.cdn.arcpublishing.com\/resizer\/v2\/VIYCJPX5SKKIK5AS3DVLFSHQH4.jpg?auth=e9c693844bef6700f7b0659e5815ce35a5495e73e532f29dc9925fed0d07d023&amp;width=1440 1280w, https:\/\/bostonglobe-prod.cdn.arcpublishing.com\/resizer\/v2\/VIYCJPX5SKKIK5AS3DVLFSHQH4.jpg?auth=e9c693844bef6700f7b0659e5815ce35a5495e73e532f29dc9925fed0d07d023&amp;width=1440 1024w, https:\/\/bostonglobe-prod.cdn.arcpublishing.com\/resizer\/v2\/VIYCJPX5SKKIK5AS3DVLFSHQH4.jpg?auth=e9c693844bef6700f7b0659e5815ce35a5495e73e532f29dc9925fed0d07d023&amp;width=1440 820w, https:\/\/bostonglobe-prod.cdn.arcpublishing.com\/resizer\/v2\/VIYCJPX5SKKIK5AS3DVLFSHQH4.jpg?auth=e9c693844bef6700f7b0659e5815ce35a5495e73e532f29dc9925fed0d07d023&amp;width=1440 600w, https:\/\/bostonglobe-prod.cdn.arcpublishing.com\/resizer\/v2\/VIYCJPX5SKKIK5AS3DVLFSHQH4.jpg?auth=e9c693844bef6700f7b0659e5815ce35a5495e73e532f29dc9925fed0d07d023&amp;width=1440 420w, https:\/\/bostonglobe-prod.cdn.arcpublishing.com\/resizer\/v2\/VIYCJPX5SKKIK5AS3DVLFSHQH4.jpg?auth=e9c693844bef6700f7b0659e5815ce35a5495e73e532f29dc9925fed0d07d023&amp;width=1440 240w\" loading=\"lazy\"\/><figcaption class=\" img_caption | margin_horizontal_0--mobile margin_horizontal_0--tablet&#10;        \"><span class=\"caption | margin_right_half\">Retired soccer player and Olympic gold medal champion Kristine Lilly waved to the crowd at Fenway Park on July 24, 2021.<\/span><span class=\"credit uppercase\">Michael Dwyer\/Associated Press<\/span><\/figcaption><\/figure>\n<\/div>\n<p class=\"paragraph | gutter_20_0\"><span class=\"html-render\">The Boston Celtics broadcaster and play-by-play commentator ran Boston \u2014 <a href=\"https:\/\/www.bostonglobe.com\/2025\/04\/21\/sports\/boston-marathon-drew-carter-celtics\/?p1=Article_Inline_Text_Link\" target=\"_blank\" rel=\"noreferrer\" title=\"https:\/\/www.bostonglobe.com\/2025\/04\/21\/sports\/boston-marathon-drew-carter-celtics\/?p1=Article_Inline_Text_Link\">his first-ever marathon<\/a> \u2014 last year and is back to do it again. Carter is running for the Celtics Shamrock Foundation\u2019s Green Runs Deep team, which is raising money for the Martin Richard Foundation and Boys &amp; Girls Clubs of Dorchester\u2019s Fieldhouse+ project, a new athletic and community facility being built in Dorchester, <a href=\"https:\/\/www.givengain.com\/project\/drew-raising-funds-for-boston-celtics-shamrock-foundation-113701\" target=\"_blank\" rel=\"noreferrer\" title=\"https:\/\/www.givengain.com\/project\/drew-raising-funds-for-boston-celtics-shamrock-foundation-113701\">according to his fund-raising website<\/a>.<\/span><\/p>\n<div id=\"\" class=\"image | relative margin_bottom_16&#10;          margin_top width_full&#10;          false&#10;          false&#10;          \">\n<figure class=\"font_primary false&#10;               false&#10;              false&#10;            \" style=\"height:auto\" id=\"img-UEHOKSNM4QIB5XBKQOP3VAZBRY\"><img decoding=\"async\" id=\"img-UEHOKSNM4QIB5XBKQOP3VAZBRY-image\" alt=\"Celtics play-by-play voice Drew Carter, left, and analyst Brian Scalabrine talked after a Boston Celtics game.\" class=\"height_a width_full invisible width_full--mobile width_full--tablet-only\" src=\"https:\/\/bostonglobe-prod.cdn.arcpublishing.com\/resizer\/v2\/UEHOKSNM4QIB5XBKQOP3VAZBRY.jpg?auth=280a781d0993875e28cff29d9a7c8989ef0f0fa79c0ac4da3e124fed3f224064&amp;width=1440\" srcset=\"https:\/\/bostonglobe-prod.cdn.arcpublishing.com\/resizer\/v2\/UEHOKSNM4QIB5XBKQOP3VAZBRY.jpg?auth=280a781d0993875e28cff29d9a7c8989ef0f0fa79c0ac4da3e124fed3f224064&amp;width=1440 1440w, https:\/\/bostonglobe-prod.cdn.arcpublishing.com\/resizer\/v2\/UEHOKSNM4QIB5XBKQOP3VAZBRY.jpg?auth=280a781d0993875e28cff29d9a7c8989ef0f0fa79c0ac4da3e124fed3f224064&amp;width=1440 1280w, https:\/\/bostonglobe-prod.cdn.arcpublishing.com\/resizer\/v2\/UEHOKSNM4QIB5XBKQOP3VAZBRY.jpg?auth=280a781d0993875e28cff29d9a7c8989ef0f0fa79c0ac4da3e124fed3f224064&amp;width=1440 1024w, https:\/\/bostonglobe-prod.cdn.arcpublishing.com\/resizer\/v2\/UEHOKSNM4QIB5XBKQOP3VAZBRY.jpg?auth=280a781d0993875e28cff29d9a7c8989ef0f0fa79c0ac4da3e124fed3f224064&amp;width=1440 820w, https:\/\/bostonglobe-prod.cdn.arcpublishing.com\/resizer\/v2\/UEHOKSNM4QIB5XBKQOP3VAZBRY.jpg?auth=280a781d0993875e28cff29d9a7c8989ef0f0fa79c0ac4da3e124fed3f224064&amp;width=1440 600w, https:\/\/bostonglobe-prod.cdn.arcpublishing.com\/resizer\/v2\/UEHOKSNM4QIB5XBKQOP3VAZBRY.jpg?auth=280a781d0993875e28cff29d9a7c8989ef0f0fa79c0ac4da3e124fed3f224064&amp;width=1440 420w, https:\/\/bostonglobe-prod.cdn.arcpublishing.com\/resizer\/v2\/UEHOKSNM4QIB5XBKQOP3VAZBRY.jpg?auth=280a781d0993875e28cff29d9a7c8989ef0f0fa79c0ac4da3e124fed3f224064&amp;width=1440 240w\" loading=\"lazy\"\/><figcaption class=\" img_caption | margin_horizontal_0--mobile margin_horizontal_0--tablet&#10;        \"><span class=\"caption | margin_right_half\">Celtics play-by-play voice Drew Carter, left, and analyst Brian Scalabrine talked after a Boston Celtics game.<\/span><span class=\"credit uppercase\">Brett Phelps for The Boston Globe<\/span><\/figcaption><\/figure>\n<\/div>\n<p class=\"paragraph | gutter_20_0\"><span class=\"html-render\">Burnett, a meteorologist and weather producer for WCVB, is running Boston for the first time in support of the <a href=\"https:\/\/www.givengain.com\/project\/hearst-raising-funds-for-special-olympics-massachusetts-117522?fbclid=IwY2xjawRRzp5leHRuA2FlbQIxMABicmlkETFnSTl5NTZQNGJUSmp6b1pac3J0YwZhcHBfaWQQMjIyMDM5MTc4ODIwMDg5MgABHoyKh5E4PG2j9IhhPXaHR0YIXaGsbAqoaEAIpV5gSLKNOUKTw-u7bP2Do82F_aem_GGIzO5Bd7CNSkv7h2Ac_6Q\" target=\"_blank\" rel=\"noreferrer\" title=\"https:\/\/www.givengain.com\/project\/hearst-raising-funds-for-special-olympics-massachusetts-117522?fbclid=IwY2xjawRRzp5leHRuA2FlbQIxMABicmlkETFnSTl5NTZQNGJUSmp6b1pac3J0YwZhcHBfaWQQMjIyMDM5MTc4ODIwMDg5MgABHoyKh5E4PG2j9IhhPXaHR0YIXaGsbAqoaEAIpV5gSLKNOUKTw-u7bP2Do82F_aem_GGIzO5Bd7CNSkv7h2Ac_6Q\">Special Olympics<\/a>, which helps provide training and competition opportunities for athletes with disabilities.<\/span><\/p>\n<div id=\"\" class=\"image | relative margin_bottom_16&#10;          margin_top width_full&#10;          false&#10;          false&#10;          \">\n<figure class=\"font_primary false&#10;               false&#10;              false&#10;            \" style=\"height:auto\" id=\"img-H3CI75R4JKIPXYMHRHNWZDB22M\"><img decoding=\"async\" id=\"img-H3CI75R4JKIPXYMHRHNWZDB22M-image\" alt=\"A.J. Burnett, middle, with Harvey Leonard, left, and Kelly Ann Cicalese, right, before a WCVB broadcast in 2022.\" class=\"height_a width_full invisible width_full--mobile width_full--tablet-only\" src=\"https:\/\/bostonglobe-prod.cdn.arcpublishing.com\/resizer\/v2\/H3CI75R4JKIPXYMHRHNWZDB22M.jpg?auth=87168f665b1cf331cecbc07b4e0b456fb1406a116f458327191fcd21fa34a376&amp;width=1440\" srcset=\"https:\/\/bostonglobe-prod.cdn.arcpublishing.com\/resizer\/v2\/H3CI75R4JKIPXYMHRHNWZDB22M.jpg?auth=87168f665b1cf331cecbc07b4e0b456fb1406a116f458327191fcd21fa34a376&amp;width=1440 1440w, https:\/\/bostonglobe-prod.cdn.arcpublishing.com\/resizer\/v2\/H3CI75R4JKIPXYMHRHNWZDB22M.jpg?auth=87168f665b1cf331cecbc07b4e0b456fb1406a116f458327191fcd21fa34a376&amp;width=1440 1280w, https:\/\/bostonglobe-prod.cdn.arcpublishing.com\/resizer\/v2\/H3CI75R4JKIPXYMHRHNWZDB22M.jpg?auth=87168f665b1cf331cecbc07b4e0b456fb1406a116f458327191fcd21fa34a376&amp;width=1440 1024w, https:\/\/bostonglobe-prod.cdn.arcpublishing.com\/resizer\/v2\/H3CI75R4JKIPXYMHRHNWZDB22M.jpg?auth=87168f665b1cf331cecbc07b4e0b456fb1406a116f458327191fcd21fa34a376&amp;width=1440 820w, https:\/\/bostonglobe-prod.cdn.arcpublishing.com\/resizer\/v2\/H3CI75R4JKIPXYMHRHNWZDB22M.jpg?auth=87168f665b1cf331cecbc07b4e0b456fb1406a116f458327191fcd21fa34a376&amp;width=1440 600w, https:\/\/bostonglobe-prod.cdn.arcpublishing.com\/resizer\/v2\/H3CI75R4JKIPXYMHRHNWZDB22M.jpg?auth=87168f665b1cf331cecbc07b4e0b456fb1406a116f458327191fcd21fa34a376&amp;width=1440 420w, https:\/\/bostonglobe-prod.cdn.arcpublishing.com\/resizer\/v2\/H3CI75R4JKIPXYMHRHNWZDB22M.jpg?auth=87168f665b1cf331cecbc07b4e0b456fb1406a116f458327191fcd21fa34a376&amp;width=1440 240w\" loading=\"lazy\"\/><figcaption class=\" img_caption | margin_horizontal_0--mobile margin_horizontal_0--tablet&#10;        \"><span class=\"caption | margin_right_half\">A.J. Burnett, middle, with Harvey Leonard, left, and Kelly Ann Cicalese, right, before a WCVB broadcast in 2022.<\/span><span class=\"credit uppercase\">David L. Ryan\/Globe Staff<\/span><\/figcaption><\/figure>\n<\/div>\n<p class=\"paragraph | gutter_20_0\"><span class=\"html-render\">Burfoot, the former editor-in-chief of <a href=\"https:\/\/www.runnersworld.com\/author\/209875\/amby-burfoot\/\" target=\"_blank\" rel=\"noreferrer\" title=\"https:\/\/www.runnersworld.com\/author\/209875\/amby-burfoot\/\">Runner\u2019s World<\/a> and 1968 Boston Marathon winner, has competed in the fabled road race many times over the years. Now 79, the running legend is returning to take it on again.<\/span><\/p>\n<div id=\"\" class=\"image | relative margin_bottom_16&#10;          margin_top width_full&#10;          false&#10;          false&#10;          \">\n<figure class=\"font_primary false&#10;               false&#10;              false&#10;            \" style=\"height:auto\" id=\"img-DVNG6ZR6SQI6RDN2C5WP4SPELE\"><img decoding=\"async\" id=\"img-DVNG6ZR6SQI6RDN2C5WP4SPELE-image\" alt=\"Amby Burfoot posed for a portrait at the Boston Marathon finish line in 2018.\" class=\"height_a width_full invisible width_full--mobile width_full--tablet-only\" src=\"https:\/\/bostonglobe-prod.cdn.arcpublishing.com\/resizer\/v2\/DVNG6ZR6SQI6RDN2C5WP4SPELE.jpg?auth=389bf77fed2de5f7a2e91120b47f6c24c444542f08e767b5981fc97684e82d13&amp;width=1440\" srcset=\"https:\/\/bostonglobe-prod.cdn.arcpublishing.com\/resizer\/v2\/DVNG6ZR6SQI6RDN2C5WP4SPELE.jpg?auth=389bf77fed2de5f7a2e91120b47f6c24c444542f08e767b5981fc97684e82d13&amp;width=1440 1440w, https:\/\/bostonglobe-prod.cdn.arcpublishing.com\/resizer\/v2\/DVNG6ZR6SQI6RDN2C5WP4SPELE.jpg?auth=389bf77fed2de5f7a2e91120b47f6c24c444542f08e767b5981fc97684e82d13&amp;width=1440 1280w, https:\/\/bostonglobe-prod.cdn.arcpublishing.com\/resizer\/v2\/DVNG6ZR6SQI6RDN2C5WP4SPELE.jpg?auth=389bf77fed2de5f7a2e91120b47f6c24c444542f08e767b5981fc97684e82d13&amp;width=1440 1024w, https:\/\/bostonglobe-prod.cdn.arcpublishing.com\/resizer\/v2\/DVNG6ZR6SQI6RDN2C5WP4SPELE.jpg?auth=389bf77fed2de5f7a2e91120b47f6c24c444542f08e767b5981fc97684e82d13&amp;width=1440 820w, https:\/\/bostonglobe-prod.cdn.arcpublishing.com\/resizer\/v2\/DVNG6ZR6SQI6RDN2C5WP4SPELE.jpg?auth=389bf77fed2de5f7a2e91120b47f6c24c444542f08e767b5981fc97684e82d13&amp;width=1440 600w, https:\/\/bostonglobe-prod.cdn.arcpublishing.com\/resizer\/v2\/DVNG6ZR6SQI6RDN2C5WP4SPELE.jpg?auth=389bf77fed2de5f7a2e91120b47f6c24c444542f08e767b5981fc97684e82d13&amp;width=1440 420w, https:\/\/bostonglobe-prod.cdn.arcpublishing.com\/resizer\/v2\/DVNG6ZR6SQI6RDN2C5WP4SPELE.jpg?auth=389bf77fed2de5f7a2e91120b47f6c24c444542f08e767b5981fc97684e82d13&amp;width=1440 240w\" loading=\"lazy\"\/><figcaption class=\" img_caption | margin_horizontal_0--mobile margin_horizontal_0--tablet&#10;        \"><span class=\"caption | margin_right_half\">Amby Burfoot posed for a portrait at the Boston Marathon finish line in 2018.<\/span><span class=\"credit uppercase\">Jessica Rinaldi<\/span><\/figcaption><\/figure>\n<\/div>\n<p class=\"paragraph | gutter_20_0\"><span class=\"html-render\">McGillivray, <a href=\"https:\/\/www.bostonglobe.com\/2024\/04\/15\/sports\/dave-mcgillivray-boston-marathon\/?p1=BGSearch_Overlay_Results\" target=\"_blank\" rel=\"noreferrer\" title=\"https:\/\/www.bostonglobe.com\/2024\/04\/15\/sports\/dave-mcgillivray-boston-marathon\/?p1=BGSearch_Overlay_Results\">the longtime race director of the Boston Marathon<\/a>, is running from Hopkinton to Boston for the 54th time on Monday. This year, he will be racing alongside three of his children \u2014 Max, Luke, and Elle \u2014 to support his <a href=\"https:\/\/www.instagram.com\/finishstrongfoundation_\/\" target=\"_blank\" rel=\"noreferrer\" title=\"https:\/\/www.instagram.com\/finishstrongfoundation_\/\">Finish Strong Foundation<\/a>, which aims to inspire youth through running, reading, and kindness. <\/span><\/p>\n<p class=\"paragraph | gutter_20_0\"><span class=\"html-render\">They are also running in honor of <a href=\"https:\/\/www.facebook.com\/BostonMarathon\/posts\/the-boston-athletic-association-and-the-global-running-community-mourn-the-passi\/1335784201927858\/\" target=\"_blank\" rel=\"noreferrer\" title=\"https:\/\/www.facebook.com\/BostonMarathon\/posts\/the-boston-athletic-association-and-the-global-running-community-mourn-the-passi\/1335784201927858\/\">Susan Hurley<\/a>, who participated in numerous Boston Athletic Association events and united athletes as part of her CharityTeams organization. <a href=\"https:\/\/www.boston.com\/news\/massachusetts-obituaries\/2025\/11\/06\/susan-hurley-obituary\/\" target=\"_blank\" rel=\"noreferrer\" title=\"https:\/\/www.boston.com\/news\/massachusetts-obituaries\/2025\/11\/06\/susan-hurley-obituary\/\">She died of ovarian cancer in November<\/a>. <\/span><\/p>\n<p class=\"paragraph | gutter_20_0\"><span class=\"html-render\">\u201cI know that as I run this year, she will be looking down on me providing the same supports,\u201d <a href=\"https:\/\/www.instagram.com\/reels\/DW7crAukWc0\/\" target=\"_blank\" rel=\"noreferrer\" title=\"https:\/\/www.instagram.com\/reels\/DW7crAukWc0\/\">said Max McGillivray<\/a>, one of Hurley and Dave McGillivray\u2019s two sons, in a recent interview with 7News.<\/span><\/p>\n<div id=\"\" class=\"image | relative margin_bottom_16&#10;          margin_top width_full&#10;          false&#10;          false&#10;          \">\n<figure class=\"font_primary false&#10;               false&#10;              false&#10;            \" style=\"height:auto\" id=\"img-527GY3T7HP6WPH2BL4OPAO5OP4\"><img decoding=\"async\" id=\"img-527GY3T7HP6WPH2BL4OPAO5OP4-image\" alt=\"Dave McGillivray at the starting line before the start of the 127th Boston Marathon. \" class=\"height_a width_full invisible width_full--mobile width_full--tablet-only\" src=\"https:\/\/bostonglobe-prod.cdn.arcpublishing.com\/resizer\/v2\/527GY3T7HP6WPH2BL4OPAO5OP4.jpg?auth=49912feebebdc35967c1eb6987582f92cf43e82309bc2e27a4f4afd86ece2cc7&amp;width=1440\" srcset=\"https:\/\/bostonglobe-prod.cdn.arcpublishing.com\/resizer\/v2\/527GY3T7HP6WPH2BL4OPAO5OP4.jpg?auth=49912feebebdc35967c1eb6987582f92cf43e82309bc2e27a4f4afd86ece2cc7&amp;width=1440 1440w, https:\/\/bostonglobe-prod.cdn.arcpublishing.com\/resizer\/v2\/527GY3T7HP6WPH2BL4OPAO5OP4.jpg?auth=49912feebebdc35967c1eb6987582f92cf43e82309bc2e27a4f4afd86ece2cc7&amp;width=1440 1280w, https:\/\/bostonglobe-prod.cdn.arcpublishing.com\/resizer\/v2\/527GY3T7HP6WPH2BL4OPAO5OP4.jpg?auth=49912feebebdc35967c1eb6987582f92cf43e82309bc2e27a4f4afd86ece2cc7&amp;width=1440 1024w, https:\/\/bostonglobe-prod.cdn.arcpublishing.com\/resizer\/v2\/527GY3T7HP6WPH2BL4OPAO5OP4.jpg?auth=49912feebebdc35967c1eb6987582f92cf43e82309bc2e27a4f4afd86ece2cc7&amp;width=1440 820w, https:\/\/bostonglobe-prod.cdn.arcpublishing.com\/resizer\/v2\/527GY3T7HP6WPH2BL4OPAO5OP4.jpg?auth=49912feebebdc35967c1eb6987582f92cf43e82309bc2e27a4f4afd86ece2cc7&amp;width=1440 600w, https:\/\/bostonglobe-prod.cdn.arcpublishing.com\/resizer\/v2\/527GY3T7HP6WPH2BL4OPAO5OP4.jpg?auth=49912feebebdc35967c1eb6987582f92cf43e82309bc2e27a4f4afd86ece2cc7&amp;width=1440 420w, https:\/\/bostonglobe-prod.cdn.arcpublishing.com\/resizer\/v2\/527GY3T7HP6WPH2BL4OPAO5OP4.jpg?auth=49912feebebdc35967c1eb6987582f92cf43e82309bc2e27a4f4afd86ece2cc7&amp;width=1440 240w\" loading=\"lazy\"\/><figcaption class=\" img_caption | margin_horizontal_0--mobile margin_horizontal_0--tablet&#10;        \"><span class=\"caption | margin_right_half\">Dave McGillivray at the starting line before the start of the 127th Boston Marathon. <\/span><span class=\"credit uppercase\">Matthew J. Lee\/Globe Staff<\/span><\/figcaption><\/figure>\n<\/div>\n<hr class=\"tagline_hr | border_foreground border_half gutter_20_28--mobile&#10;               margin_none text_align_left width_100px\"\/>\n<p class=\"tagline | font_primary inline_block  margin_top_32\">Shannon Larson can be reached at <a href=\"https:\/\/www.bostonglobe.com\/2026\/04\/20\/sports\/boston-marathon-notable-celebrity-runners\/mailto:shannon.larson@globe.com\" class=\"\" target=\"_blank\" style=\"font-size:inherit;letter-spacing:.5px\">shannon.larson@globe.com<\/a>. Follow her <a href=\"https:\/\/www.twitter.com\/shannonlarson98\" class=\"\" target=\"_blank\" style=\"font-size:inherit;letter-spacing:.5px\">@shannonlarson98<\/a>.<\/p>\n<\/div>\n<p><script async src=\"\/\/platform.twitter.com\/widgets.js\" charset=\"utf-8\"><\/script><script type=\"text\/javascript\">\nvar oneTrustActive = true;\nvar oneTrustConsentObj;\ntry {\n oneTrustConsentObj = JSON.parse(window.localStorage.getItem('consent_one_trust_bgmp') || '{}');\n} catch (err) {\n oneTrustConsentObj = {};\n}\n\/\/ Default to granted consent\nvar consent=\"grant\"\n\/\/ FB script decleration\n!function(f,b,e,v,n,t,s) {\n  if(f.fbq)return;n=f.fbq=function(){n.callMethod?n.callMethod.apply(n,arguments):n.queue.push(arguments)};\n  if(!f._fbq)f._fbq=n;n.push=n;n.loaded=!0;n.version='2.0';\n  n.queue=[];t=b.createElement(e);t.async=!0;\n  t.src=v;s=b.getElementsByTagName(e)[0];\n  s.parentNode.insertBefore(t,s);\n}\n(window,document,'script', 'https:\/\/connect.facebook.net\/en_US\/fbevents.js');\nif (oneTrustActive && oneTrustConsentObj && oneTrustConsentObj.C0004 === false) {\n  consent=\"revoke\";\n}\n\/\/ We need to call consent before we run init and track\nfbq('consent', consent);\nfbq('set', 'autoConfig', 'false', '884869448226452');\nfbq('set', 'autoConfig', 'false', '493062270895851');\nfbq('init', '884869448226452');\nfbq('track', 'PageView');\n<\/script><script async src=\"\/\/www.instagram.com\/embed.js\"><\/script><br \/>\n<br \/><br \/>\n<br \/><a href=\"https:\/\/www.bostonglobe.com\/2026\/04\/20\/sports\/boston-marathon-notable-celebrity-runners\/\">Source link <\/a><\/p>\n","protected":false},"excerpt":{"rendered":"<p>Clinton, 46, the daughter of former president Bill Clinton and former secretary of state Hillary Clinton, will be taking on the Boston Marathon for the first time. She is an author, advocate, and the vice chair of the Clinton Foundation, a philanthropic organization aimed at addressing global problems. Clinton has run several marathons and qualified [&hellip;]<\/p>\n","protected":false},"author":1,"featured_media":112844,"comment_status":"closed","ping_status":"","sticky":false,"template":"","format":"standard","meta":{"googlesitekit_rrm_CAow2JLhCw:productID":"","_gspb_post_css":"","maa_idioma":"","maa_pais":"","footnotes":""},"categories":[1],"tags":[4358,8701,18905,8495,6528,3626,7858],"class_list":["post-112843","post","type-post","status-publish","format-standard","has-post-thumbnail","hentry","category-ubirata","tag-boston","tag-celebrities","tag-marathon","tag-meet","tag-running","tag-todays","tag-year"],"blocksy_meta":[],"yoast_head":"<!-- This site is optimized with the Yoast SEO Premium plugin v27.6 (Yoast SEO v27.6) - https:\/\/yoast.com\/product\/yoast-seo-premium-wordpress\/ -->\n<title>Today&#039;s the Boston Marathon, meet the celebrities running this year - Ubirat\u00e3 Online Not\u00edcias - A realidade ao seu alcance!<\/title>\n<meta name=\"description\" content=\"Clinton, 46, the daughter of former president Bill Clinton and former secretary of state Hillary Clinton, will be taking on the Boston Marathon for the\" \/>\n<meta name=\"robots\" content=\"index, follow, max-snippet:-1, max-image-preview:large, max-video-preview:-1\" \/>\n<link rel=\"canonical\" href=\"https:\/\/ubirataonline.com.br\/en\/todays-the-boston-marathon-meet-the-celebrities-running-this-year\/\" \/>\n<meta property=\"og:locale\" content=\"en_US\" \/>\n<meta property=\"og:type\" content=\"article\" \/>\n<meta property=\"og:title\" content=\"Today&#039;s the Boston Marathon, meet the celebrities running this year\" \/>\n<meta property=\"og:description\" content=\"Clinton, 46, the daughter of former president Bill Clinton and former secretary of state Hillary Clinton, will be taking on the Boston Marathon for the\" \/>\n<meta property=\"og:url\" content=\"https:\/\/ubirataonline.com.br\/en\/todays-the-boston-marathon-meet-the-celebrities-running-this-year\/\" \/>\n<meta property=\"og:site_name\" content=\"Ubirat\u00e3 Online Not\u00edcias - A realidade ao seu alcance!\" \/>\n<meta property=\"article:publisher\" content=\"https:\/\/www.facebook.com\/portalubirataonline\" \/>\n<meta property=\"article:author\" content=\"https:\/\/www.facebook.com\/portalubirataonline\" \/>\n<meta property=\"article:published_time\" content=\"2026-04-20T14:45:12+00:00\" \/>\n<meta property=\"article:modified_time\" content=\"2026-04-20T14:45:19+00:00\" \/>\n<meta property=\"og:image\" content=\"https:\/\/ubirataonline.com.br\/wp-content\/uploads\/2026\/04\/Todays-the-Boston-Marathon-meet-the-celebrities-running-this-year.jpg\" \/>\n\t<meta property=\"og:image:width\" content=\"1440\" \/>\n\t<meta property=\"og:image:height\" content=\"960\" \/>\n\t<meta property=\"og:image:type\" content=\"image\/jpeg\" \/>\n<meta name=\"author\" content=\"REDA\u00c7\u00c3O: UBIRAT\u00c3 ONLINE - F\u00c1BIO AUGUSTO CELESTINO\" \/>\n<meta name=\"twitter:card\" content=\"summary_large_image\" \/>\n<meta name=\"twitter:creator\" content=\"@x.com\/ubirataonline\" \/>\n<meta name=\"twitter:site\" content=\"@ubirataonline\" \/>\n<meta name=\"twitter:label1\" content=\"Written by\" \/>\n\t<meta name=\"twitter:data1\" content=\"REDA\u00c7\u00c3O: UBIRAT\u00c3 ONLINE - F\u00c1BIO AUGUSTO CELESTINO\" \/>\n\t<meta name=\"twitter:label2\" content=\"Est. reading time\" \/>\n\t<meta name=\"twitter:data2\" content=\"8 minutes\" \/>\n<script type=\"application\/ld+json\" class=\"yoast-schema-graph\">{\"@context\":\"https:\\\/\\\/schema.org\",\"@graph\":[{\"@type\":\"NewsArticle\",\"@id\":\"https:\\\/\\\/ubirataonline.com.br\\\/todays-the-boston-marathon-meet-the-celebrities-running-this-year\\\/#article\",\"isPartOf\":{\"@id\":\"https:\\\/\\\/ubirataonline.com.br\\\/todays-the-boston-marathon-meet-the-celebrities-running-this-year\\\/\"},\"author\":{\"name\":\"REDA\u00c7\u00c3O: UBIRAT\u00c3 ONLINE - F\u00c1BIO AUGUSTO CELESTINO\",\"@id\":\"https:\\\/\\\/ubirataonline.com.br\\\/#\\\/schema\\\/person\\\/372f87bbd3fdd79b8556b84c98d0bc1c\"},\"headline\":\"Today&#8217;s the Boston Marathon, meet the celebrities running this year\",\"datePublished\":\"2026-04-20T14:45:12+00:00\",\"dateModified\":\"2026-04-20T14:45:19+00:00\",\"mainEntityOfPage\":{\"@id\":\"https:\\\/\\\/ubirataonline.com.br\\\/todays-the-boston-marathon-meet-the-celebrities-running-this-year\\\/\"},\"wordCount\":1623,\"publisher\":{\"@id\":\"https:\\\/\\\/ubirataonline.com.br\\\/#organization\"},\"image\":{\"@id\":\"https:\\\/\\\/ubirataonline.com.br\\\/todays-the-boston-marathon-meet-the-celebrities-running-this-year\\\/#primaryimage\"},\"thumbnailUrl\":\"https:\\\/\\\/ubirataonline.com.br\\\/wp-content\\\/uploads\\\/2026\\\/04\\\/Todays-the-Boston-Marathon-meet-the-celebrities-running-this-year.jpg\",\"keywords\":[\"Boston\",\"celebrities\",\"Marathon\",\"Meet\",\"Running\",\"Todays\",\"Year\"],\"articleSection\":[\"Ubirat\u00e3\"],\"inLanguage\":\"en-US\",\"copyrightYear\":\"2026\",\"copyrightHolder\":{\"@id\":\"https:\\\/\\\/ubirataonline.com.br\\\/en\\\/#organization\"}},{\"@type\":\"WebPage\",\"@id\":\"https:\\\/\\\/ubirataonline.com.br\\\/todays-the-boston-marathon-meet-the-celebrities-running-this-year\\\/\",\"url\":\"https:\\\/\\\/ubirataonline.com.br\\\/todays-the-boston-marathon-meet-the-celebrities-running-this-year\\\/\",\"name\":\"Today's the Boston Marathon, meet the celebrities running this year - Ubirat\u00e3 Online Not\u00edcias - A realidade ao seu alcance!\",\"isPartOf\":{\"@id\":\"https:\\\/\\\/ubirataonline.com.br\\\/#website\"},\"primaryImageOfPage\":{\"@id\":\"https:\\\/\\\/ubirataonline.com.br\\\/todays-the-boston-marathon-meet-the-celebrities-running-this-year\\\/#primaryimage\"},\"image\":{\"@id\":\"https:\\\/\\\/ubirataonline.com.br\\\/todays-the-boston-marathon-meet-the-celebrities-running-this-year\\\/#primaryimage\"},\"thumbnailUrl\":\"https:\\\/\\\/ubirataonline.com.br\\\/wp-content\\\/uploads\\\/2026\\\/04\\\/Todays-the-Boston-Marathon-meet-the-celebrities-running-this-year.jpg\",\"datePublished\":\"2026-04-20T14:45:12+00:00\",\"dateModified\":\"2026-04-20T14:45:19+00:00\",\"description\":\"Clinton, 46, the daughter of former president Bill Clinton and former secretary of state Hillary Clinton, will be taking on the Boston Marathon for the\",\"breadcrumb\":{\"@id\":\"https:\\\/\\\/ubirataonline.com.br\\\/todays-the-boston-marathon-meet-the-celebrities-running-this-year\\\/#breadcrumb\"},\"inLanguage\":\"en-US\",\"potentialAction\":[{\"@type\":\"ReadAction\",\"target\":[\"https:\\\/\\\/ubirataonline.com.br\\\/todays-the-boston-marathon-meet-the-celebrities-running-this-year\\\/\"]}]},{\"@type\":\"ImageObject\",\"inLanguage\":\"en-US\",\"@id\":\"https:\\\/\\\/ubirataonline.com.br\\\/todays-the-boston-marathon-meet-the-celebrities-running-this-year\\\/#primaryimage\",\"url\":\"https:\\\/\\\/ubirataonline.com.br\\\/wp-content\\\/uploads\\\/2026\\\/04\\\/Todays-the-Boston-Marathon-meet-the-celebrities-running-this-year.jpg\",\"contentUrl\":\"https:\\\/\\\/ubirataonline.com.br\\\/wp-content\\\/uploads\\\/2026\\\/04\\\/Todays-the-Boston-Marathon-meet-the-celebrities-running-this-year.jpg\",\"width\":1440,\"height\":960,\"caption\":\"Clockwise from top left, Des Linden, Amby Burfoot, Zdeno Chara, and Chelsea Clinton are all slated to run the Boston Marathon this year.Globe and Wire Photos\"},{\"@type\":\"BreadcrumbList\",\"@id\":\"https:\\\/\\\/ubirataonline.com.br\\\/todays-the-boston-marathon-meet-the-celebrities-running-this-year\\\/#breadcrumb\",\"itemListElement\":[{\"@type\":\"ListItem\",\"position\":1,\"name\":\"In\u00edcio\",\"item\":\"https:\\\/\\\/ubirataonline.com.br\\\/\"},{\"@type\":\"ListItem\",\"position\":2,\"name\":\"Today&#8217;s the Boston Marathon, meet the celebrities running this year\"}]},{\"@type\":\"WebSite\",\"@id\":\"https:\\\/\\\/ubirataonline.com.br\\\/#website\",\"url\":\"https:\\\/\\\/ubirataonline.com.br\\\/\",\"name\":\"Ubirat\u00e3 Online Not\u00edcias\",\"description\":\"Not\u00edcias de Ubirat\u00e3, regi\u00e3o, Brasil e mundo, com informa\u00e7\u00e3o atualizada e compromisso com o leitor.\",\"publisher\":{\"@id\":\"https:\\\/\\\/ubirataonline.com.br\\\/#organization\"},\"alternateName\":\"Ubirat\u00e3 Online\",\"potentialAction\":[{\"@type\":\"SearchAction\",\"target\":{\"@type\":\"EntryPoint\",\"urlTemplate\":\"https:\\\/\\\/ubirataonline.com.br\\\/?s={search_term_string}\"},\"query-input\":{\"@type\":\"PropertyValueSpecification\",\"valueRequired\":true,\"valueName\":\"search_term_string\"}}],\"inLanguage\":\"en-US\"},{\"@type\":[\"Organization\",\"Place\"],\"@id\":\"https:\\\/\\\/ubirataonline.com.br\\\/#organization\",\"name\":\"Ubirat\u00e3 Online Not\u00edcias\",\"alternateName\":\"Ubirat\u00e3 Online\",\"url\":\"https:\\\/\\\/ubirataonline.com.br\\\/\",\"logo\":{\"@id\":\"https:\\\/\\\/ubirataonline.com.br\\\/todays-the-boston-marathon-meet-the-celebrities-running-this-year\\\/#local-main-organization-logo\"},\"image\":{\"@id\":\"https:\\\/\\\/ubirataonline.com.br\\\/todays-the-boston-marathon-meet-the-celebrities-running-this-year\\\/#local-main-organization-logo\"},\"sameAs\":[\"https:\\\/\\\/www.facebook.com\\\/portalubirataonline\",\"https:\\\/\\\/x.com\\\/ubirataonline\",\"https:\\\/\\\/mastodon.social\\\/@ubirataonline\",\"https:\\\/\\\/www.facebook.com\\\/groups\\\/311144672285604\",\"https:\\\/\\\/www.facebook.com\\\/UBTAOnline\",\"https:\\\/\\\/www.instagram.com\\\/portalubirataonline\\\/\",\"https:\\\/\\\/twitter.com\\\/ubirataonline\"],\"description\":\"Somos um portal de not\u00edcias independente, criado em 5 de janeiro de 2009, com o objetivo de informar, conectar e valorizar a nossa comunidade de Ubirat\u00e3 e toda aregi\u00e3o. Com conte\u00fado atualizado, confi\u00e1vel e relevante, o Ubirat\u00e3 Online \u00e9 o seu espa\u00e7o para ficar por dentro dos principais acontecimentos locais, regionais, Brasil, Mundo e de interesse geral. Nosso compromisso \u00e9 com a verdade, a transpar\u00eancia e o respeito ao leitor.\",\"legalName\":\"UBIRATA ONLINE NOT\u00cdCIAS\",\"foundingDate\":\"2009-01-05\",\"numberOfEmployees\":{\"@type\":\"QuantitativeValue\",\"minValue\":\"1\",\"maxValue\":\"10\"},\"publishingPrinciples\":\"https:\\\/\\\/ubirataonline.com.br\\\/faq\\\/\",\"address\":{\"@id\":\"https:\\\/\\\/ubirataonline.com.br\\\/todays-the-boston-marathon-meet-the-celebrities-running-this-year\\\/#local-main-place-address\"},\"geo\":{\"@type\":\"GeoCoordinates\",\"latitude\":\"-24.5361401\",\"longitude\":\"-52.9921776\"},\"telephone\":[\"+5544998308235\"],\"contactPoint\":{\"@type\":\"ContactPoint\",\"email\":\"contato@ubirataonline.com.br\"},\"openingHoursSpecification\":{\"@type\":\"OpeningHoursSpecification\",\"dayOfWeek\":[\"Monday\",\"Tuesday\",\"Wednesday\",\"Thursday\",\"Friday\",\"Saturday\",\"Sunday\"],\"opens\":\"00:00\",\"closes\":\"23:59\"},\"email\":\"contato@ubirataonline.com.br\",\"vatID\":\"47.621.418\\\/0001-80\"},{\"@type\":\"Person\",\"@id\":\"https:\\\/\\\/ubirataonline.com.br\\\/#\\\/schema\\\/person\\\/372f87bbd3fdd79b8556b84c98d0bc1c\",\"name\":\"REDA\u00c7\u00c3O: UBIRAT\u00c3 ONLINE - F\u00c1BIO AUGUSTO CELESTINO\",\"pronouns\":\"Ele\",\"description\":\"Desde 2003 trabalhando com not\u00edcias.\",\"sameAs\":[\"http:\\\/\\\/ubirataoline.com.br\",\"https:\\\/\\\/www.facebook.com\\\/portalubirataonline\",\"https:\\\/\\\/www.instagram.com\\\/ubirataonline_oficial\",\"https:\\\/\\\/x.com\\\/x.com\\\/ubirataonline\"],\"honorificPrefix\":\"Mr.\",\"honorificSuffix\":\"MD\",\"birthDate\":\"1980-06-16\",\"gender\":\"masculino\",\"award\":[\"V\u00e1rios pr\u00eamios de melhor portal da cidade\"],\"jobTitle\":\"Diretor\",\"url\":\"https:\\\/\\\/ubirataonline.com.br\\\/en\\\/author\\\/ubirataonline\\\/\"},{\"@type\":\"PostalAddress\",\"@id\":\"https:\\\/\\\/ubirataonline.com.br\\\/todays-the-boston-marathon-meet-the-celebrities-running-this-year\\\/#local-main-place-address\",\"streetAddress\":\"Rua dos Coqueiros, 104 - Bairro Boa Vista, Rua dos Coqueiros, 104 Bairro Boa Vista\",\"addressLocality\":\"UBIRATA\",\"postalCode\":\"85440-000\",\"addressRegion\":\"PR\",\"addressCountry\":\"BR\"},{\"@type\":\"ImageObject\",\"inLanguage\":\"en-US\",\"@id\":\"https:\\\/\\\/ubirataonline.com.br\\\/todays-the-boston-marathon-meet-the-celebrities-running-this-year\\\/#local-main-organization-logo\",\"url\":\"https:\\\/\\\/ubirataonline.com.br\\\/wp-content\\\/uploads\\\/2026\\\/06\\\/logoubirataonline-1.webp\",\"contentUrl\":\"https:\\\/\\\/ubirataonline.com.br\\\/wp-content\\\/uploads\\\/2026\\\/06\\\/logoubirataonline-1.webp\",\"width\":500,\"height\":500,\"caption\":\"Ubirat\u00e3 Online Not\u00edcias\"}]}<\/script>\n<meta name=\"geo.placename\" content=\"UBIRATA\" \/>\n<meta name=\"geo.position\" content=\"-24.5361401;-52.9921776\" \/>\n<meta name=\"geo.region\" content=\"Brazil\" \/>\n<!-- \/ Yoast SEO Premium plugin. -->","yoast_head_json":{"title":"Today's the Boston Marathon, meet the celebrities running this year - Ubirat\u00e3 Online Not\u00edcias - A realidade ao seu alcance!","description":"Clinton, 46, the daughter of former president Bill Clinton and former secretary of state Hillary Clinton, will be taking on the Boston Marathon for the","robots":{"index":"index","follow":"follow","max-snippet":"max-snippet:-1","max-image-preview":"max-image-preview:large","max-video-preview":"max-video-preview:-1"},"canonical":"https:\/\/ubirataonline.com.br\/en\/todays-the-boston-marathon-meet-the-celebrities-running-this-year\/","og_locale":"en_US","og_type":"article","og_title":"Today's the Boston Marathon, meet the celebrities running this year","og_description":"Clinton, 46, the daughter of former president Bill Clinton and former secretary of state Hillary Clinton, will be taking on the Boston Marathon for the","og_url":"https:\/\/ubirataonline.com.br\/en\/todays-the-boston-marathon-meet-the-celebrities-running-this-year\/","og_site_name":"Ubirat\u00e3 Online Not\u00edcias - A realidade ao seu alcance!","article_publisher":"https:\/\/www.facebook.com\/portalubirataonline","article_author":"https:\/\/www.facebook.com\/portalubirataonline","article_published_time":"2026-04-20T14:45:12+00:00","article_modified_time":"2026-04-20T14:45:19+00:00","og_image":[{"width":1440,"height":960,"url":"https:\/\/ubirataonline.com.br\/wp-content\/uploads\/2026\/04\/Todays-the-Boston-Marathon-meet-the-celebrities-running-this-year.jpg","type":"image\/jpeg"}],"author":"REDA\u00c7\u00c3O: UBIRAT\u00c3 ONLINE - F\u00c1BIO AUGUSTO CELESTINO","twitter_card":"summary_large_image","twitter_creator":"@x.com\/ubirataonline","twitter_site":"@ubirataonline","twitter_misc":{"Written by":"REDA\u00c7\u00c3O: UBIRAT\u00c3 ONLINE - F\u00c1BIO AUGUSTO CELESTINO","Est. reading time":"8 minutes"},"schema":{"@context":"https:\/\/schema.org","@graph":[{"@type":"NewsArticle","@id":"https:\/\/ubirataonline.com.br\/todays-the-boston-marathon-meet-the-celebrities-running-this-year\/#article","isPartOf":{"@id":"https:\/\/ubirataonline.com.br\/todays-the-boston-marathon-meet-the-celebrities-running-this-year\/"},"author":{"name":"REDA\u00c7\u00c3O: UBIRAT\u00c3 ONLINE - F\u00c1BIO AUGUSTO CELESTINO","@id":"https:\/\/ubirataonline.com.br\/#\/schema\/person\/372f87bbd3fdd79b8556b84c98d0bc1c"},"headline":"Today&#8217;s the Boston Marathon, meet the celebrities running this year","datePublished":"2026-04-20T14:45:12+00:00","dateModified":"2026-04-20T14:45:19+00:00","mainEntityOfPage":{"@id":"https:\/\/ubirataonline.com.br\/todays-the-boston-marathon-meet-the-celebrities-running-this-year\/"},"wordCount":1623,"publisher":{"@id":"https:\/\/ubirataonline.com.br\/#organization"},"image":{"@id":"https:\/\/ubirataonline.com.br\/todays-the-boston-marathon-meet-the-celebrities-running-this-year\/#primaryimage"},"thumbnailUrl":"https:\/\/ubirataonline.com.br\/wp-content\/uploads\/2026\/04\/Todays-the-Boston-Marathon-meet-the-celebrities-running-this-year.jpg","keywords":["Boston","celebrities","Marathon","Meet","Running","Todays","Year"],"articleSection":["Ubirat\u00e3"],"inLanguage":"en-US","copyrightYear":"2026","copyrightHolder":{"@id":"https:\/\/ubirataonline.com.br\/en\/#organization"}},{"@type":"WebPage","@id":"https:\/\/ubirataonline.com.br\/todays-the-boston-marathon-meet-the-celebrities-running-this-year\/","url":"https:\/\/ubirataonline.com.br\/todays-the-boston-marathon-meet-the-celebrities-running-this-year\/","name":"Today's the Boston Marathon, meet the celebrities running this year - Ubirat\u00e3 Online Not\u00edcias - A realidade ao seu alcance!","isPartOf":{"@id":"https:\/\/ubirataonline.com.br\/#website"},"primaryImageOfPage":{"@id":"https:\/\/ubirataonline.com.br\/todays-the-boston-marathon-meet-the-celebrities-running-this-year\/#primaryimage"},"image":{"@id":"https:\/\/ubirataonline.com.br\/todays-the-boston-marathon-meet-the-celebrities-running-this-year\/#primaryimage"},"thumbnailUrl":"https:\/\/ubirataonline.com.br\/wp-content\/uploads\/2026\/04\/Todays-the-Boston-Marathon-meet-the-celebrities-running-this-year.jpg","datePublished":"2026-04-20T14:45:12+00:00","dateModified":"2026-04-20T14:45:19+00:00","description":"Clinton, 46, the daughter of former president Bill Clinton and former secretary of state Hillary Clinton, will be taking on the Boston Marathon for the","breadcrumb":{"@id":"https:\/\/ubirataonline.com.br\/todays-the-boston-marathon-meet-the-celebrities-running-this-year\/#breadcrumb"},"inLanguage":"en-US","potentialAction":[{"@type":"ReadAction","target":["https:\/\/ubirataonline.com.br\/todays-the-boston-marathon-meet-the-celebrities-running-this-year\/"]}]},{"@type":"ImageObject","inLanguage":"en-US","@id":"https:\/\/ubirataonline.com.br\/todays-the-boston-marathon-meet-the-celebrities-running-this-year\/#primaryimage","url":"https:\/\/ubirataonline.com.br\/wp-content\/uploads\/2026\/04\/Todays-the-Boston-Marathon-meet-the-celebrities-running-this-year.jpg","contentUrl":"https:\/\/ubirataonline.com.br\/wp-content\/uploads\/2026\/04\/Todays-the-Boston-Marathon-meet-the-celebrities-running-this-year.jpg","width":1440,"height":960,"caption":"Clockwise from top left, Des Linden, Amby Burfoot, Zdeno Chara, and Chelsea Clinton are all slated to run the Boston Marathon this year.Globe and Wire Photos"},{"@type":"BreadcrumbList","@id":"https:\/\/ubirataonline.com.br\/todays-the-boston-marathon-meet-the-celebrities-running-this-year\/#breadcrumb","itemListElement":[{"@type":"ListItem","position":1,"name":"In\u00edcio","item":"https:\/\/ubirataonline.com.br\/"},{"@type":"ListItem","position":2,"name":"Today&#8217;s the Boston Marathon, meet the celebrities running this year"}]},{"@type":"WebSite","@id":"https:\/\/ubirataonline.com.br\/#website","url":"https:\/\/ubirataonline.com.br\/","name":"Ubirat\u00e3 Online Not\u00edcias","description":"Not\u00edcias de Ubirat\u00e3, regi\u00e3o, Brasil e mundo, com informa\u00e7\u00e3o atualizada e compromisso com o leitor.","publisher":{"@id":"https:\/\/ubirataonline.com.br\/#organization"},"alternateName":"Ubirat\u00e3 Online","potentialAction":[{"@type":"SearchAction","target":{"@type":"EntryPoint","urlTemplate":"https:\/\/ubirataonline.com.br\/?s={search_term_string}"},"query-input":{"@type":"PropertyValueSpecification","valueRequired":true,"valueName":"search_term_string"}}],"inLanguage":"en-US"},{"@type":["Organization","Place"],"@id":"https:\/\/ubirataonline.com.br\/#organization","name":"Ubirat\u00e3 Online Not\u00edcias","alternateName":"Ubirat\u00e3 Online","url":"https:\/\/ubirataonline.com.br\/","logo":{"@id":"https:\/\/ubirataonline.com.br\/todays-the-boston-marathon-meet-the-celebrities-running-this-year\/#local-main-organization-logo"},"image":{"@id":"https:\/\/ubirataonline.com.br\/todays-the-boston-marathon-meet-the-celebrities-running-this-year\/#local-main-organization-logo"},"sameAs":["https:\/\/www.facebook.com\/portalubirataonline","https:\/\/x.com\/ubirataonline","https:\/\/mastodon.social\/@ubirataonline","https:\/\/www.facebook.com\/groups\/311144672285604","https:\/\/www.facebook.com\/UBTAOnline","https:\/\/www.instagram.com\/portalubirataonline\/","https:\/\/twitter.com\/ubirataonline"],"description":"Somos um portal de not\u00edcias independente, criado em 5 de janeiro de 2009, com o objetivo de informar, conectar e valorizar a nossa comunidade de Ubirat\u00e3 e toda aregi\u00e3o. Com conte\u00fado atualizado, confi\u00e1vel e relevante, o Ubirat\u00e3 Online \u00e9 o seu espa\u00e7o para ficar por dentro dos principais acontecimentos locais, regionais, Brasil, Mundo e de interesse geral. Nosso compromisso \u00e9 com a verdade, a transpar\u00eancia e o respeito ao leitor.","legalName":"UBIRATA ONLINE NOT\u00cdCIAS","foundingDate":"2009-01-05","numberOfEmployees":{"@type":"QuantitativeValue","minValue":"1","maxValue":"10"},"publishingPrinciples":"https:\/\/ubirataonline.com.br\/faq\/","address":{"@id":"https:\/\/ubirataonline.com.br\/todays-the-boston-marathon-meet-the-celebrities-running-this-year\/#local-main-place-address"},"geo":{"@type":"GeoCoordinates","latitude":"-24.5361401","longitude":"-52.9921776"},"telephone":["+5544998308235"],"contactPoint":{"@type":"ContactPoint","email":"contato@ubirataonline.com.br"},"openingHoursSpecification":{"@type":"OpeningHoursSpecification","dayOfWeek":["Monday","Tuesday","Wednesday","Thursday","Friday","Saturday","Sunday"],"opens":"00:00","closes":"23:59"},"email":"contato@ubirataonline.com.br","vatID":"47.621.418\/0001-80"},{"@type":"Person","@id":"https:\/\/ubirataonline.com.br\/#\/schema\/person\/372f87bbd3fdd79b8556b84c98d0bc1c","name":"REDA\u00c7\u00c3O: UBIRAT\u00c3 ONLINE - F\u00c1BIO AUGUSTO CELESTINO","pronouns":"Ele","description":"Desde 2003 trabalhando com not\u00edcias.","sameAs":["http:\/\/ubirataoline.com.br","https:\/\/www.facebook.com\/portalubirataonline","https:\/\/www.instagram.com\/ubirataonline_oficial","https:\/\/x.com\/x.com\/ubirataonline"],"honorificPrefix":"Mr.","honorificSuffix":"MD","birthDate":"1980-06-16","gender":"masculino","award":["V\u00e1rios pr\u00eamios de melhor portal da cidade"],"jobTitle":"Diretor","url":"https:\/\/ubirataonline.com.br\/en\/author\/ubirataonline\/"},{"@type":"PostalAddress","@id":"https:\/\/ubirataonline.com.br\/todays-the-boston-marathon-meet-the-celebrities-running-this-year\/#local-main-place-address","streetAddress":"Rua dos Coqueiros, 104 - Bairro Boa Vista, Rua dos Coqueiros, 104 Bairro Boa Vista","addressLocality":"UBIRATA","postalCode":"85440-000","addressRegion":"PR","addressCountry":"BR"},{"@type":"ImageObject","inLanguage":"en-US","@id":"https:\/\/ubirataonline.com.br\/todays-the-boston-marathon-meet-the-celebrities-running-this-year\/#local-main-organization-logo","url":"https:\/\/ubirataonline.com.br\/wp-content\/uploads\/2026\/06\/logoubirataonline-1.webp","contentUrl":"https:\/\/ubirataonline.com.br\/wp-content\/uploads\/2026\/06\/logoubirataonline-1.webp","width":500,"height":500,"caption":"Ubirat\u00e3 Online Not\u00edcias"}]},"geo.placename":"UBIRATA","geo.position":{"lat":"-24.5361401","long":"-52.9921776"},"geo.region":"Brazil"},"_links":{"self":[{"href":"https:\/\/ubirataonline.com.br\/en\/wp-json\/wp\/v2\/posts\/112843","targetHints":{"allow":["GET"]}}],"collection":[{"href":"https:\/\/ubirataonline.com.br\/en\/wp-json\/wp\/v2\/posts"}],"about":[{"href":"https:\/\/ubirataonline.com.br\/en\/wp-json\/wp\/v2\/types\/post"}],"author":[{"embeddable":true,"href":"https:\/\/ubirataonline.com.br\/en\/wp-json\/wp\/v2\/users\/1"}],"replies":[{"embeddable":true,"href":"https:\/\/ubirataonline.com.br\/en\/wp-json\/wp\/v2\/comments?post=112843"}],"version-history":[{"count":0,"href":"https:\/\/ubirataonline.com.br\/en\/wp-json\/wp\/v2\/posts\/112843\/revisions"}],"wp:featuredmedia":[{"embeddable":true,"href":"https:\/\/ubirataonline.com.br\/en\/wp-json\/wp\/v2\/media\/112844"}],"wp:attachment":[{"href":"https:\/\/ubirataonline.com.br\/en\/wp-json\/wp\/v2\/media?parent=112843"}],"wp:term":[{"taxonomy":"category","embeddable":true,"href":"https:\/\/ubirataonline.com.br\/en\/wp-json\/wp\/v2\/categories?post=112843"},{"taxonomy":"post_tag","embeddable":true,"href":"https:\/\/ubirataonline.com.br\/en\/wp-json\/wp\/v2\/tags?post=112843"}],"curies":[{"name":"wp","href":"https:\/\/api.w.org\/{rel}","templated":true}]}}