{"id":112886,"date":"2026-04-20T12:40:10","date_gmt":"2026-04-20T15:40:10","guid":{"rendered":"https:\/\/ubirataonline.com.br\/onda-de-calor-extrema-deixa-sul-e-centro-oeste-em-alerta-maximo\/"},"modified":"2026-04-20T12:40:13","modified_gmt":"2026-04-20T15:40:13","slug":"onda-de-calor-extrema-deixa-sul-e-centro-oeste-em-alerta-maximo","status":"publish","type":"post","link":"https:\/\/ubirataonline.com.br\/en\/onda-de-calor-extrema-deixa-sul-e-centro-oeste-em-alerta-maximo\/","title":{"rendered":"Onda de calor extrema deixa Sul e Centro-Oeste em alerta m\u00e1ximo"},"content":{"rendered":"<p><\/p>\n<div id=\"hd80s9wa1h892edh8192\">\n<p>O <strong><a href=\"https:\/\/avisos.inmet.gov.br\/54027\" target=\"_blank\" rel=\"noreferrer noopener\">Instituto Nacional de Meteorologia<\/a><\/strong> (Inmet) emitiu um alerta de <strong><a href=\"https:\/\/www.revistaoeste.com\/tag\/onda-de-calor\/\" target=\"_blank\" rel=\"noreferrer noopener\">onda de calor<\/a><\/strong> de \u201cgrande perigo\u201d, v\u00e1lido das 12h deste domingo, 19, \u00e0s 18h do pr\u00f3ximo s\u00e1bado, 25.<\/p>\n<p>O aviso <strong><a href=\"https:\/\/revistaoeste.com\/brasil\/onda-de-calor-eleva-temperaturas-a-35c-no-sudeste-e-centro-oeste\/\" target=\"_blank\" rel=\"noreferrer noopener\">abrange diversas \u00e1reas do Brasil<\/a><\/strong>, sobretudo munic\u00edpios espalhados por Mato Grosso do Sul (oeste e metade sul), no Centro-Oeste, e pelos tr\u00eas Estados da Regi\u00e3o Sul. O alerta vale para o oeste catarinense, noroeste do Rio Grande do Sul e faixas do Paran\u00e1, como o centro ocidental, noroeste, sudoeste, oeste, sudeste, centro-sul e norte central.<\/p>\n<section class=\"alert-blocks my-8 !bg-gray-50 border border-gray-200 rounded-md p-4\">\n<h3 class=\"text-xl md:text-2xl font-bold mb-3\">\n        <span class=\"text-brandGray-500\">Receba nossas atualiza\u00e7\u00f5es<\/span><br \/>\n      <\/h3>\n<\/section>\n<p>Segundo o <strong><a href=\"https:\/\/revistaoeste.com\/tag\/instituto-nacional-de-meteorologia-inmet\/\" target=\"_blank\" rel=\"noreferrer noopener\">Inmet<\/a><\/strong>, h\u00e1 risco significativo \u00e0 sa\u00fade da popula\u00e7\u00e3o em \u201craz\u00e3o da persist\u00eancia de temperaturas at\u00e9 5\u00b0C acima da m\u00e9dia hist\u00f3rica\u201d por um per\u00edodo superior a cinco dias consecutivos.<\/p>\n<p><related-posts class=\"border-y border-gray-300 py-5\"><\/p>\n<h2 class=\"!text-2xl text-brand-500 font-primary font-semibold leading-none mb-3\">\n    Saiba mais:<br \/>\n  <\/h2>\n<p><\/related-posts><\/p>\n<p>Especialistas alertam para o risco elevado de inc\u00eandios em \u00e1reas de vegeta\u00e7\u00e3o, especialmente nas regi\u00f5es mais secas de Mato Grosso do Sul e do interior do Paran\u00e1. Assim, autoridades recomendam o uso consciente de recursos, evitando desperd\u00edcios e pr\u00e1ticas que possam agravar as condi\u00e7\u00f5es j\u00e1 cr\u00edticas durante o per\u00edodo do alerta vermelho de onda de calor.<\/p>\n<figure class=\"wp-block-image aligncenter size-full\"><picture><source data-srcset=\"https:\/\/medias.revistaoeste.com\/wp-content\/uploads\/2026\/04\/mapa-onda-de-calor.png.webp 537w, https:\/\/medias.revistaoeste.com\/wp-content\/uploads\/2026\/04\/mapa-onda-de-calor-300x300.png.webp 300w, https:\/\/medias.revistaoeste.com\/wp-content\/uploads\/2026\/04\/mapa-onda-de-calor-150x149.png.webp 150w, https:\/\/medias.revistaoeste.com\/wp-content\/uploads\/2026\/04\/mapa-onda-de-calor-96x96.png.webp 96w\" data-sizes=\"(max-width: 537px) 100vw, 537px\" type=\"image\/webp\"><img onerror=\"this.onerror=null;if(this.parentElement&amp;&amp;this.parentElement.tagName==='PICTURE'){this.parentElement.querySelectorAll('source').forEach(function(s){s.remove();});}this.removeAttribute('srcset');this.removeAttribute('data-srcset');this.src='https:\/\/revistaoeste.com\/wp-content\/themes\/revistaoeste\/public\/images\/logo-with-text.cf01aa.png';\" decoding=\"async\" width=\"537\" height=\"535\" alt=\"Iment emite alerta m\u00e1ximo de ondas de calor pelo Brasil  | Foto: Reprodu\u00e7\u00e3o\/Inmet\" class=\"wp-image-2383498\" srcset=\"https:\/\/medias.revistaoeste.com\/wp-content\/uploads\/2026\/04\/mapa-onda-de-calor.png 537w, https:\/\/medias.revistaoeste.com\/wp-content\/uploads\/2026\/04\/mapa-onda-de-calor-300x300.png 300w, https:\/\/medias.revistaoeste.com\/wp-content\/uploads\/2026\/04\/mapa-onda-de-calor-150x149.png 150w, https:\/\/medias.revistaoeste.com\/wp-content\/uploads\/2026\/04\/mapa-onda-de-calor-96x96.png 96w\" sizes=\"(max-width: 537px) 100vw, 537px\" data-eio=\"p\"\/><\/source><\/picture><figcaption class=\"wp-element-caption\">Iment emite alerta m\u00e1ximo de ondas de calor pelo Brasil  | Foto: Reprodu\u00e7\u00e3o\/Inmet<\/figcaption><\/figure>\n<h2 class=\"wp-block-heading\" id=\"h-defesa-civil-alerta-para-cuidados-diante-de-onda-de-calor\">Defesa Civil alerta para cuidados diante de onda de calor<\/h2>\n<p>De acordo com o Inmet, a combina\u00e7\u00e3o de calor intenso e dura\u00e7\u00e3o prolongada aumenta o risco de desidrata\u00e7\u00e3o, insola\u00e7\u00e3o e agravamento de doen\u00e7as cardiovasculares e respirat\u00f3rias, especialmente entre idosos, crian\u00e7as e pessoas com comorbidades.<\/p>\n<p>A orienta\u00e7\u00e3o \u00e9 para que a popula\u00e7\u00e3o evite exposi\u00e7\u00e3o prolongada ao sol nos hor\u00e1rios mais quentes do dia, mantenha hidrata\u00e7\u00e3o constante e redobre os cuidados com grupos mais vulner\u00e1veis.<\/p>\n<p><strong>+Leia mais not\u00edcias de <a href=\"https:\/\/revistaoeste.com\/brasil\/\" target=\"_blank\" rel=\"noreferrer noopener\">Brazil<\/a> em Oeste<\/strong><\/p>\n<p>Em caso de emerg\u00eancia ou necessidade de orienta\u00e7\u00e3o, a Defesa Civil pode ser acionada pelo telefone 199. <\/p>\n<p>As autoridades refor\u00e7am a import\u00e2ncia de acompanhar atualiza\u00e7\u00f5es dos \u00f3rg\u00e3os oficiais e adotar medidas preventivas enquanto durar o epis\u00f3dio extremo de calor.<\/p>\n<\/p><\/div>\n<p><a href=\"https:\/\/revistaoeste.com\/brasil\/onda-de-calor-extrema-coloca-regioes-do-sul-e-centro-oeste-em-alerta-maximo\/\">Fonte do Artigo <\/a><\/p>","protected":false},"excerpt":{"rendered":"<p>O Instituto Nacional de Meteorologia (Inmet) emitiu um alerta de onda de calor de \u201cgrande perigo\u201d, v\u00e1lido das 12h deste domingo, 19, \u00e0s 18h do pr\u00f3ximo s\u00e1bado, 25. O aviso abrange diversas \u00e1reas do Brasil, sobretudo munic\u00edpios espalhados por Mato Grosso do Sul (oeste e metade sul), no Centro-Oeste, e pelos tr\u00eas Estados da Regi\u00e3o [&hellip;]<\/p>\n","protected":false},"author":1,"featured_media":112887,"comment_status":"closed","ping_status":"","sticky":false,"template":"","format":"standard","meta":{"googlesitekit_rrm_CAow2JLhCw:productID":"","_gspb_post_css":"","maa_idioma":"","maa_pais":"","footnotes":""},"categories":[4],"tags":[231,7660,30355,3951,3750,20961,9131,4199],"class_list":["post-112886","post","type-post","status-publish","format-standard","has-post-thumbnail","hentry","category-brasil","tag-alerta","tag-calor","tag-centrooeste","tag-deixa","tag-extrema","tag-maximo","tag-onda","tag-sul"],"blocksy_meta":[],"yoast_head":"<!-- This site is optimized with the Yoast SEO Premium plugin v27.6 (Yoast SEO v27.6) - https:\/\/yoast.com\/product\/yoast-seo-premium-wordpress\/ -->\n<title>Onda de calor extrema deixa Sul e Centro-Oeste em alerta m\u00e1ximo - Ubirat\u00e3 Online Not\u00edcias - A realidade ao seu alcance!<\/title>\n<meta name=\"description\" content=\"O Instituto Nacional de Meteorologia (Inmet) emitiu um alerta de onda de calor de \u201cgrande perigo\u201d, v\u00e1lido das 12h deste domingo, 19, \u00e0s 18h do pr\u00f3ximo\" \/>\n<meta name=\"robots\" content=\"index, follow, max-snippet:-1, max-image-preview:large, max-video-preview:-1\" \/>\n<link rel=\"canonical\" href=\"https:\/\/ubirataonline.com.br\/en\/onda-de-calor-extrema-deixa-sul-e-centro-oeste-em-alerta-maximo\/\" \/>\n<meta property=\"og:locale\" content=\"en_US\" \/>\n<meta property=\"og:type\" content=\"article\" \/>\n<meta property=\"og:title\" content=\"Onda de calor extrema deixa Sul e Centro-Oeste em alerta m\u00e1ximo\" \/>\n<meta property=\"og:description\" content=\"O Instituto Nacional de Meteorologia (Inmet) emitiu um alerta de onda de calor de \u201cgrande perigo\u201d, v\u00e1lido das 12h deste domingo, 19, \u00e0s 18h do pr\u00f3ximo\" \/>\n<meta property=\"og:url\" content=\"https:\/\/ubirataonline.com.br\/en\/onda-de-calor-extrema-deixa-sul-e-centro-oeste-em-alerta-maximo\/\" \/>\n<meta property=\"og:site_name\" content=\"Ubirat\u00e3 Online Not\u00edcias - A realidade ao seu alcance!\" \/>\n<meta property=\"article:publisher\" content=\"https:\/\/www.facebook.com\/portalubirataonline\" \/>\n<meta property=\"article:author\" content=\"https:\/\/www.facebook.com\/portalubirataonline\" \/>\n<meta property=\"article:published_time\" content=\"2026-04-20T15:40:10+00:00\" \/>\n<meta property=\"article:modified_time\" content=\"2026-04-20T15:40:13+00:00\" \/>\n<meta property=\"og:image\" content=\"https:\/\/ubirataonline.com.br\/wp-content\/uploads\/2026\/04\/Onda-de-calor-extrema-deixa-Sul-e-Centro-Oeste-em-alerta.jpeg\" \/>\n\t<meta property=\"og:image:width\" content=\"1080\" \/>\n\t<meta property=\"og:image:height\" content=\"744\" \/>\n\t<meta property=\"og:image:type\" content=\"image\/jpeg\" \/>\n<meta name=\"author\" content=\"REDA\u00c7\u00c3O: UBIRAT\u00c3 ONLINE - F\u00c1BIO AUGUSTO CELESTINO\" \/>\n<meta name=\"twitter:card\" content=\"summary_large_image\" \/>\n<meta name=\"twitter:creator\" content=\"@x.com\/ubirataonline\" \/>\n<meta name=\"twitter:site\" content=\"@ubirataonline\" \/>\n<meta name=\"twitter:label1\" content=\"Written by\" \/>\n\t<meta name=\"twitter:data1\" content=\"REDA\u00c7\u00c3O: UBIRAT\u00c3 ONLINE - F\u00c1BIO AUGUSTO CELESTINO\" \/>\n\t<meta name=\"twitter:label2\" content=\"Est. reading time\" \/>\n\t<meta name=\"twitter:data2\" content=\"2 minutes\" \/>\n<script type=\"application\/ld+json\" class=\"yoast-schema-graph\">{\"@context\":\"https:\\\/\\\/schema.org\",\"@graph\":[{\"@type\":\"NewsArticle\",\"@id\":\"https:\\\/\\\/ubirataonline.com.br\\\/onda-de-calor-extrema-deixa-sul-e-centro-oeste-em-alerta-maximo\\\/#article\",\"isPartOf\":{\"@id\":\"https:\\\/\\\/ubirataonline.com.br\\\/onda-de-calor-extrema-deixa-sul-e-centro-oeste-em-alerta-maximo\\\/\"},\"author\":{\"name\":\"REDA\u00c7\u00c3O: UBIRAT\u00c3 ONLINE - F\u00c1BIO AUGUSTO CELESTINO\",\"@id\":\"https:\\\/\\\/ubirataonline.com.br\\\/#\\\/schema\\\/person\\\/372f87bbd3fdd79b8556b84c98d0bc1c\"},\"headline\":\"Onda de calor extrema deixa Sul e Centro-Oeste em alerta m\u00e1ximo\",\"datePublished\":\"2026-04-20T15:40:10+00:00\",\"dateModified\":\"2026-04-20T15:40:13+00:00\",\"mainEntityOfPage\":{\"@id\":\"https:\\\/\\\/ubirataonline.com.br\\\/onda-de-calor-extrema-deixa-sul-e-centro-oeste-em-alerta-maximo\\\/\"},\"wordCount\":363,\"publisher\":{\"@id\":\"https:\\\/\\\/ubirataonline.com.br\\\/#organization\"},\"image\":{\"@id\":\"https:\\\/\\\/ubirataonline.com.br\\\/onda-de-calor-extrema-deixa-sul-e-centro-oeste-em-alerta-maximo\\\/#primaryimage\"},\"thumbnailUrl\":\"https:\\\/\\\/ubirataonline.com.br\\\/wp-content\\\/uploads\\\/2026\\\/04\\\/Onda-de-calor-extrema-deixa-Sul-e-Centro-Oeste-em-alerta.jpeg\",\"keywords\":[\"Alerta\",\"Calor\",\"CentroOeste\",\"deixa\",\"extrema\",\"m\u00e1ximo\",\"Onda\",\"Sul\"],\"articleSection\":[\"Brasil\"],\"inLanguage\":\"en-US\",\"copyrightYear\":\"2026\",\"copyrightHolder\":{\"@id\":\"https:\\\/\\\/ubirataonline.com.br\\\/en\\\/#organization\"}},{\"@type\":\"WebPage\",\"@id\":\"https:\\\/\\\/ubirataonline.com.br\\\/onda-de-calor-extrema-deixa-sul-e-centro-oeste-em-alerta-maximo\\\/\",\"url\":\"https:\\\/\\\/ubirataonline.com.br\\\/onda-de-calor-extrema-deixa-sul-e-centro-oeste-em-alerta-maximo\\\/\",\"name\":\"Onda de calor extrema deixa Sul e Centro-Oeste em alerta m\u00e1ximo - Ubirat\u00e3 Online Not\u00edcias - A realidade ao seu alcance!\",\"isPartOf\":{\"@id\":\"https:\\\/\\\/ubirataonline.com.br\\\/#website\"},\"primaryImageOfPage\":{\"@id\":\"https:\\\/\\\/ubirataonline.com.br\\\/onda-de-calor-extrema-deixa-sul-e-centro-oeste-em-alerta-maximo\\\/#primaryimage\"},\"image\":{\"@id\":\"https:\\\/\\\/ubirataonline.com.br\\\/onda-de-calor-extrema-deixa-sul-e-centro-oeste-em-alerta-maximo\\\/#primaryimage\"},\"thumbnailUrl\":\"https:\\\/\\\/ubirataonline.com.br\\\/wp-content\\\/uploads\\\/2026\\\/04\\\/Onda-de-calor-extrema-deixa-Sul-e-Centro-Oeste-em-alerta.jpeg\",\"datePublished\":\"2026-04-20T15:40:10+00:00\",\"dateModified\":\"2026-04-20T15:40:13+00:00\",\"description\":\"O Instituto Nacional de Meteorologia (Inmet) emitiu um alerta de onda de calor de \u201cgrande perigo\u201d, v\u00e1lido das 12h deste domingo, 19, \u00e0s 18h do pr\u00f3ximo\",\"breadcrumb\":{\"@id\":\"https:\\\/\\\/ubirataonline.com.br\\\/onda-de-calor-extrema-deixa-sul-e-centro-oeste-em-alerta-maximo\\\/#breadcrumb\"},\"inLanguage\":\"en-US\",\"potentialAction\":[{\"@type\":\"ReadAction\",\"target\":[\"https:\\\/\\\/ubirataonline.com.br\\\/onda-de-calor-extrema-deixa-sul-e-centro-oeste-em-alerta-maximo\\\/\"]}]},{\"@type\":\"ImageObject\",\"inLanguage\":\"en-US\",\"@id\":\"https:\\\/\\\/ubirataonline.com.br\\\/onda-de-calor-extrema-deixa-sul-e-centro-oeste-em-alerta-maximo\\\/#primaryimage\",\"url\":\"https:\\\/\\\/ubirataonline.com.br\\\/wp-content\\\/uploads\\\/2026\\\/04\\\/Onda-de-calor-extrema-deixa-Sul-e-Centro-Oeste-em-alerta.jpeg\",\"contentUrl\":\"https:\\\/\\\/ubirataonline.com.br\\\/wp-content\\\/uploads\\\/2026\\\/04\\\/Onda-de-calor-extrema-deixa-Sul-e-Centro-Oeste-em-alerta.jpeg\",\"width\":1080,\"height\":744,\"caption\":\"Defesa Civil pede cuidado com hidrata\u00e7\u00e3o | Foto: Reprodu\u00e7\u00e3o\\\/X\"},{\"@type\":\"BreadcrumbList\",\"@id\":\"https:\\\/\\\/ubirataonline.com.br\\\/onda-de-calor-extrema-deixa-sul-e-centro-oeste-em-alerta-maximo\\\/#breadcrumb\",\"itemListElement\":[{\"@type\":\"ListItem\",\"position\":1,\"name\":\"In\u00edcio\",\"item\":\"https:\\\/\\\/ubirataonline.com.br\\\/\"},{\"@type\":\"ListItem\",\"position\":2,\"name\":\"Onda de calor extrema deixa Sul e Centro-Oeste em alerta m\u00e1ximo\"}]},{\"@type\":\"WebSite\",\"@id\":\"https:\\\/\\\/ubirataonline.com.br\\\/#website\",\"url\":\"https:\\\/\\\/ubirataonline.com.br\\\/\",\"name\":\"Ubirat\u00e3 Online Not\u00edcias\",\"description\":\"Not\u00edcias de Ubirat\u00e3, regi\u00e3o, Brasil e mundo, com informa\u00e7\u00e3o atualizada e compromisso com o leitor.\",\"publisher\":{\"@id\":\"https:\\\/\\\/ubirataonline.com.br\\\/#organization\"},\"alternateName\":\"Ubirat\u00e3 Online\",\"potentialAction\":[{\"@type\":\"SearchAction\",\"target\":{\"@type\":\"EntryPoint\",\"urlTemplate\":\"https:\\\/\\\/ubirataonline.com.br\\\/?s={search_term_string}\"},\"query-input\":{\"@type\":\"PropertyValueSpecification\",\"valueRequired\":true,\"valueName\":\"search_term_string\"}}],\"inLanguage\":\"en-US\"},{\"@type\":[\"Organization\",\"Place\"],\"@id\":\"https:\\\/\\\/ubirataonline.com.br\\\/#organization\",\"name\":\"Ubirat\u00e3 Online Not\u00edcias\",\"alternateName\":\"Ubirat\u00e3 Online\",\"url\":\"https:\\\/\\\/ubirataonline.com.br\\\/\",\"logo\":{\"@id\":\"https:\\\/\\\/ubirataonline.com.br\\\/onda-de-calor-extrema-deixa-sul-e-centro-oeste-em-alerta-maximo\\\/#local-main-organization-logo\"},\"image\":{\"@id\":\"https:\\\/\\\/ubirataonline.com.br\\\/onda-de-calor-extrema-deixa-sul-e-centro-oeste-em-alerta-maximo\\\/#local-main-organization-logo\"},\"sameAs\":[\"https:\\\/\\\/www.facebook.com\\\/portalubirataonline\",\"https:\\\/\\\/x.com\\\/ubirataonline\",\"https:\\\/\\\/mastodon.social\\\/@ubirataonline\",\"https:\\\/\\\/www.facebook.com\\\/groups\\\/311144672285604\",\"https:\\\/\\\/www.facebook.com\\\/UBTAOnline\",\"https:\\\/\\\/www.instagram.com\\\/portalubirataonline\\\/\",\"https:\\\/\\\/twitter.com\\\/ubirataonline\"],\"description\":\"Somos um portal de not\u00edcias independente, criado em 5 de janeiro de 2009, com o objetivo de informar, conectar e valorizar a nossa comunidade de Ubirat\u00e3 e toda aregi\u00e3o. Com conte\u00fado atualizado, confi\u00e1vel e relevante, o Ubirat\u00e3 Online \u00e9 o seu espa\u00e7o para ficar por dentro dos principais acontecimentos locais, regionais, Brasil, Mundo e de interesse geral. Nosso compromisso \u00e9 com a verdade, a transpar\u00eancia e o respeito ao leitor.\",\"legalName\":\"UBIRATA ONLINE NOT\u00cdCIAS\",\"foundingDate\":\"2009-01-05\",\"numberOfEmployees\":{\"@type\":\"QuantitativeValue\",\"minValue\":\"1\",\"maxValue\":\"10\"},\"publishingPrinciples\":\"https:\\\/\\\/ubirataonline.com.br\\\/faq\\\/\",\"address\":{\"@id\":\"https:\\\/\\\/ubirataonline.com.br\\\/onda-de-calor-extrema-deixa-sul-e-centro-oeste-em-alerta-maximo\\\/#local-main-place-address\"},\"geo\":{\"@type\":\"GeoCoordinates\",\"latitude\":\"-24.5361401\",\"longitude\":\"-52.9921776\"},\"telephone\":[\"+5544998308235\"],\"contactPoint\":{\"@type\":\"ContactPoint\",\"email\":\"contato@ubirataonline.com.br\"},\"openingHoursSpecification\":{\"@type\":\"OpeningHoursSpecification\",\"dayOfWeek\":[\"Monday\",\"Tuesday\",\"Wednesday\",\"Thursday\",\"Friday\",\"Saturday\",\"Sunday\"],\"opens\":\"00:00\",\"closes\":\"23:59\"},\"email\":\"contato@ubirataonline.com.br\",\"vatID\":\"47.621.418\\\/0001-80\"},{\"@type\":\"Person\",\"@id\":\"https:\\\/\\\/ubirataonline.com.br\\\/#\\\/schema\\\/person\\\/372f87bbd3fdd79b8556b84c98d0bc1c\",\"name\":\"REDA\u00c7\u00c3O: UBIRAT\u00c3 ONLINE - F\u00c1BIO AUGUSTO CELESTINO\",\"pronouns\":\"Ele\",\"description\":\"Desde 2003 trabalhando com not\u00edcias.\",\"sameAs\":[\"http:\\\/\\\/ubirataoline.com.br\",\"https:\\\/\\\/www.facebook.com\\\/portalubirataonline\",\"https:\\\/\\\/www.instagram.com\\\/ubirataonline_oficial\",\"https:\\\/\\\/x.com\\\/x.com\\\/ubirataonline\"],\"honorificPrefix\":\"Mr.\",\"honorificSuffix\":\"MD\",\"birthDate\":\"1980-06-16\",\"gender\":\"masculino\",\"award\":[\"V\u00e1rios pr\u00eamios de melhor portal da cidade\"],\"jobTitle\":\"Diretor\",\"url\":\"https:\\\/\\\/ubirataonline.com.br\\\/en\\\/author\\\/ubirataonline\\\/\"},{\"@type\":\"PostalAddress\",\"@id\":\"https:\\\/\\\/ubirataonline.com.br\\\/onda-de-calor-extrema-deixa-sul-e-centro-oeste-em-alerta-maximo\\\/#local-main-place-address\",\"streetAddress\":\"Rua dos Coqueiros, 104 - Bairro Boa Vista, Rua dos Coqueiros, 104 Bairro Boa Vista\",\"addressLocality\":\"UBIRATA\",\"postalCode\":\"85440-000\",\"addressRegion\":\"PR\",\"addressCountry\":\"BR\"},{\"@type\":\"ImageObject\",\"inLanguage\":\"en-US\",\"@id\":\"https:\\\/\\\/ubirataonline.com.br\\\/onda-de-calor-extrema-deixa-sul-e-centro-oeste-em-alerta-maximo\\\/#local-main-organization-logo\",\"url\":\"https:\\\/\\\/ubirataonline.com.br\\\/wp-content\\\/uploads\\\/2026\\\/06\\\/logoubirataonline-1.webp\",\"contentUrl\":\"https:\\\/\\\/ubirataonline.com.br\\\/wp-content\\\/uploads\\\/2026\\\/06\\\/logoubirataonline-1.webp\",\"width\":500,\"height\":500,\"caption\":\"Ubirat\u00e3 Online Not\u00edcias\"}]}<\/script>\n<meta name=\"geo.placename\" content=\"UBIRATA\" \/>\n<meta name=\"geo.position\" content=\"-24.5361401;-52.9921776\" \/>\n<meta name=\"geo.region\" content=\"Brazil\" \/>\n<!-- \/ Yoast SEO Premium plugin. -->","yoast_head_json":{"title":"Onda de calor extrema deixa Sul e Centro-Oeste em alerta m\u00e1ximo - Ubirat\u00e3 Online Not\u00edcias - A realidade ao seu alcance!","description":"O Instituto Nacional de Meteorologia (Inmet) emitiu um alerta de onda de calor de \u201cgrande perigo\u201d, v\u00e1lido das 12h deste domingo, 19, \u00e0s 18h do pr\u00f3ximo","robots":{"index":"index","follow":"follow","max-snippet":"max-snippet:-1","max-image-preview":"max-image-preview:large","max-video-preview":"max-video-preview:-1"},"canonical":"https:\/\/ubirataonline.com.br\/en\/onda-de-calor-extrema-deixa-sul-e-centro-oeste-em-alerta-maximo\/","og_locale":"en_US","og_type":"article","og_title":"Onda de calor extrema deixa Sul e Centro-Oeste em alerta m\u00e1ximo","og_description":"O Instituto Nacional de Meteorologia (Inmet) emitiu um alerta de onda de calor de \u201cgrande perigo\u201d, v\u00e1lido das 12h deste domingo, 19, \u00e0s 18h do pr\u00f3ximo","og_url":"https:\/\/ubirataonline.com.br\/en\/onda-de-calor-extrema-deixa-sul-e-centro-oeste-em-alerta-maximo\/","og_site_name":"Ubirat\u00e3 Online Not\u00edcias - A realidade ao seu alcance!","article_publisher":"https:\/\/www.facebook.com\/portalubirataonline","article_author":"https:\/\/www.facebook.com\/portalubirataonline","article_published_time":"2026-04-20T15:40:10+00:00","article_modified_time":"2026-04-20T15:40:13+00:00","og_image":[{"width":1080,"height":744,"url":"https:\/\/ubirataonline.com.br\/wp-content\/uploads\/2026\/04\/Onda-de-calor-extrema-deixa-Sul-e-Centro-Oeste-em-alerta.jpeg","type":"image\/jpeg"}],"author":"REDA\u00c7\u00c3O: UBIRAT\u00c3 ONLINE - F\u00c1BIO AUGUSTO CELESTINO","twitter_card":"summary_large_image","twitter_creator":"@x.com\/ubirataonline","twitter_site":"@ubirataonline","twitter_misc":{"Written by":"REDA\u00c7\u00c3O: UBIRAT\u00c3 ONLINE - F\u00c1BIO AUGUSTO CELESTINO","Est. reading time":"2 minutes"},"schema":{"@context":"https:\/\/schema.org","@graph":[{"@type":"NewsArticle","@id":"https:\/\/ubirataonline.com.br\/onda-de-calor-extrema-deixa-sul-e-centro-oeste-em-alerta-maximo\/#article","isPartOf":{"@id":"https:\/\/ubirataonline.com.br\/onda-de-calor-extrema-deixa-sul-e-centro-oeste-em-alerta-maximo\/"},"author":{"name":"REDA\u00c7\u00c3O: UBIRAT\u00c3 ONLINE - F\u00c1BIO AUGUSTO CELESTINO","@id":"https:\/\/ubirataonline.com.br\/#\/schema\/person\/372f87bbd3fdd79b8556b84c98d0bc1c"},"headline":"Onda de calor extrema deixa Sul e Centro-Oeste em alerta m\u00e1ximo","datePublished":"2026-04-20T15:40:10+00:00","dateModified":"2026-04-20T15:40:13+00:00","mainEntityOfPage":{"@id":"https:\/\/ubirataonline.com.br\/onda-de-calor-extrema-deixa-sul-e-centro-oeste-em-alerta-maximo\/"},"wordCount":363,"publisher":{"@id":"https:\/\/ubirataonline.com.br\/#organization"},"image":{"@id":"https:\/\/ubirataonline.com.br\/onda-de-calor-extrema-deixa-sul-e-centro-oeste-em-alerta-maximo\/#primaryimage"},"thumbnailUrl":"https:\/\/ubirataonline.com.br\/wp-content\/uploads\/2026\/04\/Onda-de-calor-extrema-deixa-Sul-e-Centro-Oeste-em-alerta.jpeg","keywords":["Alerta","Calor","CentroOeste","deixa","extrema","m\u00e1ximo","Onda","Sul"],"articleSection":["Brasil"],"inLanguage":"en-US","copyrightYear":"2026","copyrightHolder":{"@id":"https:\/\/ubirataonline.com.br\/en\/#organization"}},{"@type":"WebPage","@id":"https:\/\/ubirataonline.com.br\/onda-de-calor-extrema-deixa-sul-e-centro-oeste-em-alerta-maximo\/","url":"https:\/\/ubirataonline.com.br\/onda-de-calor-extrema-deixa-sul-e-centro-oeste-em-alerta-maximo\/","name":"Onda de calor extrema deixa Sul e Centro-Oeste em alerta m\u00e1ximo - Ubirat\u00e3 Online Not\u00edcias - A realidade ao seu alcance!","isPartOf":{"@id":"https:\/\/ubirataonline.com.br\/#website"},"primaryImageOfPage":{"@id":"https:\/\/ubirataonline.com.br\/onda-de-calor-extrema-deixa-sul-e-centro-oeste-em-alerta-maximo\/#primaryimage"},"image":{"@id":"https:\/\/ubirataonline.com.br\/onda-de-calor-extrema-deixa-sul-e-centro-oeste-em-alerta-maximo\/#primaryimage"},"thumbnailUrl":"https:\/\/ubirataonline.com.br\/wp-content\/uploads\/2026\/04\/Onda-de-calor-extrema-deixa-Sul-e-Centro-Oeste-em-alerta.jpeg","datePublished":"2026-04-20T15:40:10+00:00","dateModified":"2026-04-20T15:40:13+00:00","description":"O Instituto Nacional de Meteorologia (Inmet) emitiu um alerta de onda de calor de \u201cgrande perigo\u201d, v\u00e1lido das 12h deste domingo, 19, \u00e0s 18h do pr\u00f3ximo","breadcrumb":{"@id":"https:\/\/ubirataonline.com.br\/onda-de-calor-extrema-deixa-sul-e-centro-oeste-em-alerta-maximo\/#breadcrumb"},"inLanguage":"en-US","potentialAction":[{"@type":"ReadAction","target":["https:\/\/ubirataonline.com.br\/onda-de-calor-extrema-deixa-sul-e-centro-oeste-em-alerta-maximo\/"]}]},{"@type":"ImageObject","inLanguage":"en-US","@id":"https:\/\/ubirataonline.com.br\/onda-de-calor-extrema-deixa-sul-e-centro-oeste-em-alerta-maximo\/#primaryimage","url":"https:\/\/ubirataonline.com.br\/wp-content\/uploads\/2026\/04\/Onda-de-calor-extrema-deixa-Sul-e-Centro-Oeste-em-alerta.jpeg","contentUrl":"https:\/\/ubirataonline.com.br\/wp-content\/uploads\/2026\/04\/Onda-de-calor-extrema-deixa-Sul-e-Centro-Oeste-em-alerta.jpeg","width":1080,"height":744,"caption":"Defesa Civil pede cuidado com hidrata\u00e7\u00e3o | Foto: Reprodu\u00e7\u00e3o\/X"},{"@type":"BreadcrumbList","@id":"https:\/\/ubirataonline.com.br\/onda-de-calor-extrema-deixa-sul-e-centro-oeste-em-alerta-maximo\/#breadcrumb","itemListElement":[{"@type":"ListItem","position":1,"name":"In\u00edcio","item":"https:\/\/ubirataonline.com.br\/"},{"@type":"ListItem","position":2,"name":"Onda de calor extrema deixa Sul e Centro-Oeste em alerta m\u00e1ximo"}]},{"@type":"WebSite","@id":"https:\/\/ubirataonline.com.br\/#website","url":"https:\/\/ubirataonline.com.br\/","name":"Ubirat\u00e3 Online Not\u00edcias","description":"Not\u00edcias de Ubirat\u00e3, regi\u00e3o, Brasil e mundo, com informa\u00e7\u00e3o atualizada e compromisso com o leitor.","publisher":{"@id":"https:\/\/ubirataonline.com.br\/#organization"},"alternateName":"Ubirat\u00e3 Online","potentialAction":[{"@type":"SearchAction","target":{"@type":"EntryPoint","urlTemplate":"https:\/\/ubirataonline.com.br\/?s={search_term_string}"},"query-input":{"@type":"PropertyValueSpecification","valueRequired":true,"valueName":"search_term_string"}}],"inLanguage":"en-US"},{"@type":["Organization","Place"],"@id":"https:\/\/ubirataonline.com.br\/#organization","name":"Ubirat\u00e3 Online Not\u00edcias","alternateName":"Ubirat\u00e3 Online","url":"https:\/\/ubirataonline.com.br\/","logo":{"@id":"https:\/\/ubirataonline.com.br\/onda-de-calor-extrema-deixa-sul-e-centro-oeste-em-alerta-maximo\/#local-main-organization-logo"},"image":{"@id":"https:\/\/ubirataonline.com.br\/onda-de-calor-extrema-deixa-sul-e-centro-oeste-em-alerta-maximo\/#local-main-organization-logo"},"sameAs":["https:\/\/www.facebook.com\/portalubirataonline","https:\/\/x.com\/ubirataonline","https:\/\/mastodon.social\/@ubirataonline","https:\/\/www.facebook.com\/groups\/311144672285604","https:\/\/www.facebook.com\/UBTAOnline","https:\/\/www.instagram.com\/portalubirataonline\/","https:\/\/twitter.com\/ubirataonline"],"description":"Somos um portal de not\u00edcias independente, criado em 5 de janeiro de 2009, com o objetivo de informar, conectar e valorizar a nossa comunidade de Ubirat\u00e3 e toda aregi\u00e3o. Com conte\u00fado atualizado, confi\u00e1vel e relevante, o Ubirat\u00e3 Online \u00e9 o seu espa\u00e7o para ficar por dentro dos principais acontecimentos locais, regionais, Brasil, Mundo e de interesse geral. Nosso compromisso \u00e9 com a verdade, a transpar\u00eancia e o respeito ao leitor.","legalName":"UBIRATA ONLINE NOT\u00cdCIAS","foundingDate":"2009-01-05","numberOfEmployees":{"@type":"QuantitativeValue","minValue":"1","maxValue":"10"},"publishingPrinciples":"https:\/\/ubirataonline.com.br\/faq\/","address":{"@id":"https:\/\/ubirataonline.com.br\/onda-de-calor-extrema-deixa-sul-e-centro-oeste-em-alerta-maximo\/#local-main-place-address"},"geo":{"@type":"GeoCoordinates","latitude":"-24.5361401","longitude":"-52.9921776"},"telephone":["+5544998308235"],"contactPoint":{"@type":"ContactPoint","email":"contato@ubirataonline.com.br"},"openingHoursSpecification":{"@type":"OpeningHoursSpecification","dayOfWeek":["Monday","Tuesday","Wednesday","Thursday","Friday","Saturday","Sunday"],"opens":"00:00","closes":"23:59"},"email":"contato@ubirataonline.com.br","vatID":"47.621.418\/0001-80"},{"@type":"Person","@id":"https:\/\/ubirataonline.com.br\/#\/schema\/person\/372f87bbd3fdd79b8556b84c98d0bc1c","name":"REDA\u00c7\u00c3O: UBIRAT\u00c3 ONLINE - F\u00c1BIO AUGUSTO CELESTINO","pronouns":"Ele","description":"Desde 2003 trabalhando com not\u00edcias.","sameAs":["http:\/\/ubirataoline.com.br","https:\/\/www.facebook.com\/portalubirataonline","https:\/\/www.instagram.com\/ubirataonline_oficial","https:\/\/x.com\/x.com\/ubirataonline"],"honorificPrefix":"Mr.","honorificSuffix":"MD","birthDate":"1980-06-16","gender":"masculino","award":["V\u00e1rios pr\u00eamios de melhor portal da cidade"],"jobTitle":"Diretor","url":"https:\/\/ubirataonline.com.br\/en\/author\/ubirataonline\/"},{"@type":"PostalAddress","@id":"https:\/\/ubirataonline.com.br\/onda-de-calor-extrema-deixa-sul-e-centro-oeste-em-alerta-maximo\/#local-main-place-address","streetAddress":"Rua dos Coqueiros, 104 - Bairro Boa Vista, Rua dos Coqueiros, 104 Bairro Boa Vista","addressLocality":"UBIRATA","postalCode":"85440-000","addressRegion":"PR","addressCountry":"BR"},{"@type":"ImageObject","inLanguage":"en-US","@id":"https:\/\/ubirataonline.com.br\/onda-de-calor-extrema-deixa-sul-e-centro-oeste-em-alerta-maximo\/#local-main-organization-logo","url":"https:\/\/ubirataonline.com.br\/wp-content\/uploads\/2026\/06\/logoubirataonline-1.webp","contentUrl":"https:\/\/ubirataonline.com.br\/wp-content\/uploads\/2026\/06\/logoubirataonline-1.webp","width":500,"height":500,"caption":"Ubirat\u00e3 Online Not\u00edcias"}]},"geo.placename":"UBIRATA","geo.position":{"lat":"-24.5361401","long":"-52.9921776"},"geo.region":"Brazil"},"_links":{"self":[{"href":"https:\/\/ubirataonline.com.br\/en\/wp-json\/wp\/v2\/posts\/112886","targetHints":{"allow":["GET"]}}],"collection":[{"href":"https:\/\/ubirataonline.com.br\/en\/wp-json\/wp\/v2\/posts"}],"about":[{"href":"https:\/\/ubirataonline.com.br\/en\/wp-json\/wp\/v2\/types\/post"}],"author":[{"embeddable":true,"href":"https:\/\/ubirataonline.com.br\/en\/wp-json\/wp\/v2\/users\/1"}],"replies":[{"embeddable":true,"href":"https:\/\/ubirataonline.com.br\/en\/wp-json\/wp\/v2\/comments?post=112886"}],"version-history":[{"count":0,"href":"https:\/\/ubirataonline.com.br\/en\/wp-json\/wp\/v2\/posts\/112886\/revisions"}],"wp:featuredmedia":[{"embeddable":true,"href":"https:\/\/ubirataonline.com.br\/en\/wp-json\/wp\/v2\/media\/112887"}],"wp:attachment":[{"href":"https:\/\/ubirataonline.com.br\/en\/wp-json\/wp\/v2\/media?parent=112886"}],"wp:term":[{"taxonomy":"category","embeddable":true,"href":"https:\/\/ubirataonline.com.br\/en\/wp-json\/wp\/v2\/categories?post=112886"},{"taxonomy":"post_tag","embeddable":true,"href":"https:\/\/ubirataonline.com.br\/en\/wp-json\/wp\/v2\/tags?post=112886"}],"curies":[{"name":"wp","href":"https:\/\/api.w.org\/{rel}","templated":true}]}}