{"id":112906,"date":"2026-04-20T13:12:48","date_gmt":"2026-04-20T16:12:48","guid":{"rendered":"https:\/\/ubirataonline.com.br\/national-guard-deployed-to-washington-with-no-end-in-sight\/"},"modified":"2026-04-20T13:12:50","modified_gmt":"2026-04-20T16:12:50","slug":"national-guard-deployed-to-washington-with-no-end-in-sight","status":"publish","type":"post","link":"https:\/\/ubirataonline.com.br\/en\/national-guard-deployed-to-washington-with-no-end-in-sight\/","title":{"rendered":"National Guard deployed to Washington with no end in sight"},"content":{"rendered":"<p><br \/>\n<\/p>\n<div>\n<p>WASHINGTON (AP) \u2014 <span class=\"LinkEnhancement\"><a class=\"Link AnClick-LinkEnhancement\" data-gtm-enhancement-style=\"LinkEnhancementA\" href=\"https:\/\/apnews.com\/article\/cherry-blossoms-washington-japan-a6b183d5907bbfb6e0c4d816bfc88966\">The cherry blossoms<\/a><\/span> draw more than a million visitors to Washington\u2019s Tidal Basin annually. This year was no different, except some strolling the area between the Lincoln Memorial and the Thomas Jefferson Memorial were dressed in camouflage &#8212; and armed.<\/p>\n<p>Eight months after President Donald Trump declared <span class=\"LinkEnhancement\"><a class=\"Link AnClick-LinkEnhancement\" data-gtm-enhancement-style=\"LinkEnhancementA\" href=\"https:\/\/apnews.com\/article\/trump-washington-dc-guard-police-crime-cd2bc19a0c6b7e4bf3a2e1da6c57ce6e\">a crime emergency in the nation\u2019s capital<\/a><\/span> and called up the National Guard, more than 2,500 troops remain, in a deployment that has grown increasingly routine, with no clear end in sight.<\/p>\n<p>Deployments to other cities have ended or been <span class=\"LinkEnhancement\"><a class=\"Link AnClick-LinkEnhancement\" data-gtm-enhancement-style=\"LinkEnhancementA\" href=\"https:\/\/apnews.com\/article\/supreme-court-trump-national-guard-97192a48f01dd4954f1ba505628b5f21\">paused by courts in California and Illinois<\/a><\/span>, while more limited operations are ongoing in cities including New Orleans. But in Washington, guard members still walk city streets and patrol metro stations, tourist attractions, neighborhoods and parks. <\/p>\n<p>Even with pivotal elections looming this year, that lingering presence is barely mentioned in city council meetings or by candidates running for mayor and Congress \u2014 perhaps reflecting both competing priorities and a sense that local officials have little power to stop it. Unless the courts step in, the guard will remain at least through <span class=\"LinkEnhancement\"><a class=\"Link AnClick-LinkEnhancement\" data-gtm-enhancement-style=\"LinkEnhancementA\" href=\"https:\/\/apnews.com\/article\/national-guard-washington-dc-trump-db4e232d38ae5978975191edd496b94c\">the end of the year<\/a><\/span>, if not longer.<\/p>\n<p>\u201cTaxpayers are <span class=\"LinkEnhancement\"><a class=\"Link AnClick-LinkEnhancement\" data-gtm-enhancement-style=\"LinkEnhancementA\" href=\"https:\/\/apnews.com\/article\/trump-cbo-national-guard-cost-taxpayers-516abeae8f4f0c3cd76dab30c726e0f6\">paying more than a million dollars a day<\/a><\/span> to have them walk around,\u201d said Phil Mendelson, chairman of the District of Columbia Council, in an emailed response to questions.<\/p>\n<p>And, he said, \u201cthe presence of armed soldiers on American streets is not a good look.\u201d<\/p>\n<h2>An indefinite deployment drags on<\/h2>\n<p>Trump, a Republican, <span class=\"LinkEnhancement\"><a class=\"Link AnClick-LinkEnhancement\" data-gtm-enhancement-style=\"LinkEnhancementA\" href=\"https:\/\/apnews.com\/article\/trump-washington-crime-national-guard-homelessness-655bc22834223c7dc93115bbcb2b215c\">issued an executive order<\/a><\/span> in August to deal with what he called a crime emergency. The order brought the guard in, along with hundreds of additional federal law enforcement officers.<\/p>\n<p>Over the months, guard members have responded to medical emergencies, assisted with arrests, helped local police enforce the city\u2019s juvenile curfew and carried out <span class=\"LinkEnhancement\"><a class=\"Link AnClick-LinkEnhancement\" data-gtm-enhancement-style=\"LinkEnhancementA\" href=\"https:\/\/apnews.com\/article\/national-guard-trump-washington-dc-residents-8ad81db41947836b4bab745a8eac65a8\">beautification projects<\/a><\/span>. The D.C. Guard helped with snow removal during a major storm in January.<\/p>\n<p>While the guard members do not make arrests, the Trump administration argues their support to the broader mission has helped reduce crime. The White House said 12,000 arrests have been made by the task force since operations began, including 62 known gang members, and thousands of illegal firearms were seized. <\/p>\n<p>White House spokesperson Abigail Jackson said the president\u2019s crime task force in the city has \u201cyielded tremendous results for local communities.\u201d<\/p>\n<p>\u201cEvery local leader should want to mimic this success in their own locales,\u201d Jackson said. <\/p>\n<p>But officials disagree over how much credit the deployment can be given in Washington, a heavily Democratic city. Figures show crime was already on the decline before, although those figures are being investigated after <span class=\"LinkEnhancement\"><a class=\"Link AnClick-LinkEnhancement\" data-gtm-enhancement-style=\"LinkEnhancementA\" href=\"https:\/\/apnews.com\/article\/washington-dc-police-crime-statistics-investigation-ad56483896cf21bdb0ec226668281fb5\">claims arose against local police<\/a><\/span> that they may have been manipulated. <\/p>\n<p><span class=\"LinkEnhancement\"><a class=\"Link AnClick-LinkEnhancement\" data-gtm-enhancement-style=\"LinkEnhancementA\" href=\"https:\/\/apnews.com\/article\/national-guard-trump-washington-ruling-62fba696935165659aa63b0c4dc3dea5\">A court battle<\/a><\/span> over the guard deployment is ongoing, and without a judge stepping in it could go on as long as the White House wants.<\/p>\n<p>Asked how long the guard deployment would continue, Jackson said in an email that there were \u201cno announcements to make.\u201d<\/p>\n<p>The office of D.C. Attorney General Brian Schwalb, which is challenging the deployment in court, declined to comment, citing the pending lawsuit. The National Guard Bureau at the Pentagon did not answer requests for comment.<\/p>\n<h2>Guard presence absent from public discourse<\/h2>\n<p>Mayor <span class=\"LinkEnhancement\"><a class=\"Link AnClick-LinkEnhancement\" data-gtm-enhancement-style=\"LinkEnhancementA\" href=\"https:\/\/apnews.com\/article\/muriel-bowser-washington-dc-trump-0e9f3cfc668fd70faa9820c8bfb4e7a3\">Muriel Bowser<\/a><\/span>, who is not running for reelection, has <span class=\"LinkEnhancement\"><a class=\"Link AnClick-LinkEnhancement\" data-gtm-enhancement-style=\"LinkEnhancementA\" href=\"https:\/\/apnews.com\/article\/trump-bowser-dc-home-rule-national-democrats-8e262a15267bdae66049201a4cc4a6a8\">walked a fine line<\/a><\/span> on the guard\u2019s deployment and the broader federal intervention, at once appearing to work with the president but also pushing back on some of his demands, like local cooperation for immigration enforcement.<\/p>\n<p>Leading candidates to replace Bowser and the city\u2019s 18-term non-voting delegate in Congress, <span class=\"LinkEnhancement\"><a class=\"Link AnClick-LinkEnhancement\" data-gtm-enhancement-style=\"LinkEnhancementA\" href=\"https:\/\/apnews.com\/article\/eleanor-holmes-norton-delegate-congress-district-columbia-b7f1a6348659d9a5bc2d21f1834aef4d\">Eleanor Holmes Norton<\/a><\/span>, have focused on affordability, statehood and trying to hold federal agencies accountable for their role in the surge.<\/p>\n<p>The District Council, which includes at least four candidates for mayor or delegate, unanimously approved a measure to increase transparency in federal law enforcement operations. While the military deployment is mentioned at times on campaign websites and in ads, it isn\u2019t currently a central campaign issue.<\/p>\n<p>Other pressures on the city, including unemployment and lost revenue tied to federal workforce cuts, have taken priority. The city\u2019s primaries are June 16, along with a special election for an at-large city council seat.<\/p>\n<p>Some residents say frustrations over the guard eased after two members of the West Virginia contingent <span class=\"LinkEnhancement\"><a class=\"Link AnClick-LinkEnhancement\" data-gtm-enhancement-style=\"LinkEnhancementA\" href=\"https:\/\/apnews.com\/article\/national-guard-shooting-white-house-afghan-national-138fbe6872d7ac30b20973783b39002c\">were ambushed<\/a><\/span> just blocks from the White House, killing Specialist Sarah Beckstrom, 20, and severely injuring her colleague. <\/p>\n<p>Kevin Cataldo, a neighborhood commissioner who joined the local Metropolitan Police on a walkalong in his neighborhood recently, said he already treated the guard members courteously, making a point to acknowledge them because they did not choose to be in the city. The shooting ambush deepened his sympathies for them. \u201cThat was just horrible,\u201d he said.<\/p>\n<p>District Council member Brianne Nadeau said constituents continue to ask why the guard is still around but the complaints are far fewer than at the start of the deployment. <\/p>\n<p>\u201cIt would be great if the federal government would use its money and resources to help the District on the things we need help with and not act like an invading army,\u201d Nadeau said in an email. <\/p>\n<p>Fellow council members and mayoral candidates Janeese Lewis George and Kenyan McDuffie have raised similar issues, including the high costs.<\/p>\n<p>There has been little recent public polling specifically on attitudes toward the presence of uniformed personnel in U.S. cities.<\/p>\n<h2>With DC\u2019s limited autonomy, pushback is a challenge<\/h2>\n<p>Several groups are planning protests and other events on May 1 to oppose the federal surge, including the continuing presence of the National Guard, said Keya Chatterjee co-founder and executive director of Free DC, an advocacy group that fights for the city\u2019s autonomy. Among the goals: \u201can end to the military occupation of D.C. before the June election.\u201d<\/p>\n<p>Chatterjee said normalizing the guard\u2019s presence makes it easier to suppress dissent and \u201ctilt the playing field\u201d in elections.<\/p>\n<p>The presence of guns and military personnel could create an intimidating atmosphere during elections, Chatterjee said. Citizens have to step in and \u201cnumber one, we have to help our neighbors feel safe voting.\u201d<\/p>\n<p>Scott Michelman, legal director at the American Civil Liberties Union of the District of Columbia, said the situation underscores the city\u2019s limits on self-governance.<\/p>\n<p>Washington is a federal district with limited autonomy where Congress retains authority to review the city\u2019s laws and control its budget and where the president has direct control of the D.C. Guard and can authorize an indefinite military deployment with little effective resistance from local authorities.<\/p>\n<p>\u201cWe should have local control and local democratic accountability for the people who enforce our laws,\u201d Michelman said. \u201cD.C. is uniquely disempowered in our system in many ways.\u201d<\/p>\n<p>___<\/p>\n<p>This story has been corrected to show the spelling of the Free DC co-founder\u2019s surname is Chatterjee, not Chatterjay.<\/p>\n<\/p><\/div>\n<p><script>\n  window.fbAsyncInit = function() {\n      FB.init({\n              appId : '870613919693099',\n          xfbml : true,\n          version : 'v2.9'\n      });\n  };\n  (function(d, s, id){\n     var js, fjs = d.getElementsByTagName(s)[0];\n     if (d.getElementById(id)) {return;}\n     js = d.createElement(s); js.id = id;\n     js.src = \"https:\/\/connect.facebook.net\/en_US\/sdk.js\";\n     fjs.parentNode.insertBefore(js, fjs);\n   }(document, 'script', 'facebook-jssdk'));\n<\/script><br \/>\n<br \/><br \/>\n<br \/><a href=\"https:\/\/apnews.com\/article\/national-guard-surge-washington-dc-trump-7db1c795056a51c9fdc2d9c7f4c2147c\">Source link <\/a><\/p>\n","protected":false},"excerpt":{"rendered":"<p>WASHINGTON (AP) \u2014 The cherry blossoms draw more than a million visitors to Washington\u2019s Tidal Basin annually. This year was no different, except some strolling the area between the Lincoln Memorial and the Thomas Jefferson Memorial were dressed in camouflage &#8212; and armed. Eight months after President Donald Trump declared a crime emergency in the [&hellip;]<\/p>\n","protected":false},"author":1,"featured_media":112907,"comment_status":"closed","ping_status":"","sticky":false,"template":"","format":"standard","meta":{"googlesitekit_rrm_CAow2JLhCw:productID":"","_gspb_post_css":"","maa_idioma":"","maa_pais":"","footnotes":""},"categories":[2725],"tags":[30357,5986,3915,9746,7539],"class_list":["post-112906","post","type-post","status-publish","format-standard","has-post-thumbnail","hentry","category-europe","tag-deployed","tag-guard","tag-national","tag-sight","tag-washington"],"blocksy_meta":[],"yoast_head":"<!-- This site is optimized with the Yoast SEO Premium plugin v27.6 (Yoast SEO v27.6) - https:\/\/yoast.com\/product\/yoast-seo-premium-wordpress\/ -->\n<title>National Guard deployed to Washington with no end in sight - Ubirat\u00e3 Online Not\u00edcias - A realidade ao seu alcance!<\/title>\n<meta name=\"description\" content=\"WASHINGTON (AP) \u2014 The cherry blossoms draw more than a million visitors to Washington\u2019s Tidal Basin annually. This year was no different, except some\" \/>\n<meta name=\"robots\" content=\"index, follow, max-snippet:-1, max-image-preview:large, max-video-preview:-1\" \/>\n<link rel=\"canonical\" href=\"https:\/\/ubirataonline.com.br\/en\/national-guard-deployed-to-washington-with-no-end-in-sight\/\" \/>\n<meta property=\"og:locale\" content=\"en_US\" \/>\n<meta property=\"og:type\" content=\"article\" \/>\n<meta property=\"og:title\" content=\"National Guard deployed to Washington with no end in sight\" \/>\n<meta property=\"og:description\" content=\"WASHINGTON (AP) \u2014 The cherry blossoms draw more than a million visitors to Washington\u2019s Tidal Basin annually. This year was no different, except some\" \/>\n<meta property=\"og:url\" content=\"https:\/\/ubirataonline.com.br\/en\/national-guard-deployed-to-washington-with-no-end-in-sight\/\" \/>\n<meta property=\"og:site_name\" content=\"Ubirat\u00e3 Online Not\u00edcias - A realidade ao seu alcance!\" \/>\n<meta property=\"article:publisher\" content=\"https:\/\/www.facebook.com\/portalubirataonline\" \/>\n<meta property=\"article:author\" content=\"https:\/\/www.facebook.com\/portalubirataonline\" \/>\n<meta property=\"article:published_time\" content=\"2026-04-20T16:12:48+00:00\" \/>\n<meta property=\"article:modified_time\" content=\"2026-04-20T16:12:50+00:00\" \/>\n<meta property=\"og:image\" content=\"https:\/\/ubirataonline.com.br\/wp-content\/uploads\/2026\/04\/National-Guard-deployed-to-Washington-with-no-end-in-sight.com2Fb92F502Fdef671cbbb113fb6d0aaa684e1722F5d4420169a7e4a9b9341.jpeg\" \/>\n\t<meta property=\"og:image:width\" content=\"980\" \/>\n\t<meta property=\"og:image:height\" content=\"653\" \/>\n\t<meta property=\"og:image:type\" content=\"image\/jpeg\" \/>\n<meta name=\"author\" content=\"REDA\u00c7\u00c3O: UBIRAT\u00c3 ONLINE - F\u00c1BIO AUGUSTO CELESTINO\" \/>\n<meta name=\"twitter:card\" content=\"summary_large_image\" \/>\n<meta name=\"twitter:creator\" content=\"@x.com\/ubirataonline\" \/>\n<meta name=\"twitter:site\" content=\"@ubirataonline\" \/>\n<meta name=\"twitter:label1\" content=\"Written by\" \/>\n\t<meta name=\"twitter:data1\" content=\"REDA\u00c7\u00c3O: UBIRAT\u00c3 ONLINE - F\u00c1BIO AUGUSTO CELESTINO\" \/>\n\t<meta name=\"twitter:label2\" content=\"Est. reading time\" \/>\n\t<meta name=\"twitter:data2\" content=\"6 minutes\" \/>\n<script type=\"application\/ld+json\" class=\"yoast-schema-graph\">{\"@context\":\"https:\\\/\\\/schema.org\",\"@graph\":[{\"@type\":\"NewsArticle\",\"@id\":\"https:\\\/\\\/ubirataonline.com.br\\\/national-guard-deployed-to-washington-with-no-end-in-sight\\\/#article\",\"isPartOf\":{\"@id\":\"https:\\\/\\\/ubirataonline.com.br\\\/national-guard-deployed-to-washington-with-no-end-in-sight\\\/\"},\"author\":{\"name\":\"REDA\u00c7\u00c3O: UBIRAT\u00c3 ONLINE - F\u00c1BIO AUGUSTO CELESTINO\",\"@id\":\"https:\\\/\\\/ubirataonline.com.br\\\/#\\\/schema\\\/person\\\/372f87bbd3fdd79b8556b84c98d0bc1c\"},\"headline\":\"National Guard deployed to Washington with no end in sight\",\"datePublished\":\"2026-04-20T16:12:48+00:00\",\"dateModified\":\"2026-04-20T16:12:50+00:00\",\"mainEntityOfPage\":{\"@id\":\"https:\\\/\\\/ubirataonline.com.br\\\/national-guard-deployed-to-washington-with-no-end-in-sight\\\/\"},\"wordCount\":1148,\"publisher\":{\"@id\":\"https:\\\/\\\/ubirataonline.com.br\\\/#organization\"},\"image\":{\"@id\":\"https:\\\/\\\/ubirataonline.com.br\\\/national-guard-deployed-to-washington-with-no-end-in-sight\\\/#primaryimage\"},\"thumbnailUrl\":\"https:\\\/\\\/ubirataonline.com.br\\\/wp-content\\\/uploads\\\/2026\\\/04\\\/National-Guard-deployed-to-Washington-with-no-end-in-sight.com2Fb92F502Fdef671cbbb113fb6d0aaa684e1722F5d4420169a7e4a9b9341.jpeg\",\"keywords\":[\"deployed\",\"guard\",\"National\",\"Sight\",\"Washington\"],\"articleSection\":[\"Europe\"],\"inLanguage\":\"en-US\",\"copyrightYear\":\"2026\",\"copyrightHolder\":{\"@id\":\"https:\\\/\\\/ubirataonline.com.br\\\/en\\\/#organization\"}},{\"@type\":\"WebPage\",\"@id\":\"https:\\\/\\\/ubirataonline.com.br\\\/national-guard-deployed-to-washington-with-no-end-in-sight\\\/\",\"url\":\"https:\\\/\\\/ubirataonline.com.br\\\/national-guard-deployed-to-washington-with-no-end-in-sight\\\/\",\"name\":\"National Guard deployed to Washington with no end in sight - Ubirat\u00e3 Online Not\u00edcias - A realidade ao seu alcance!\",\"isPartOf\":{\"@id\":\"https:\\\/\\\/ubirataonline.com.br\\\/#website\"},\"primaryImageOfPage\":{\"@id\":\"https:\\\/\\\/ubirataonline.com.br\\\/national-guard-deployed-to-washington-with-no-end-in-sight\\\/#primaryimage\"},\"image\":{\"@id\":\"https:\\\/\\\/ubirataonline.com.br\\\/national-guard-deployed-to-washington-with-no-end-in-sight\\\/#primaryimage\"},\"thumbnailUrl\":\"https:\\\/\\\/ubirataonline.com.br\\\/wp-content\\\/uploads\\\/2026\\\/04\\\/National-Guard-deployed-to-Washington-with-no-end-in-sight.com2Fb92F502Fdef671cbbb113fb6d0aaa684e1722F5d4420169a7e4a9b9341.jpeg\",\"datePublished\":\"2026-04-20T16:12:48+00:00\",\"dateModified\":\"2026-04-20T16:12:50+00:00\",\"description\":\"WASHINGTON (AP) \u2014 The cherry blossoms draw more than a million visitors to Washington\u2019s Tidal Basin annually. This year was no different, except some\",\"breadcrumb\":{\"@id\":\"https:\\\/\\\/ubirataonline.com.br\\\/national-guard-deployed-to-washington-with-no-end-in-sight\\\/#breadcrumb\"},\"inLanguage\":\"en-US\",\"potentialAction\":[{\"@type\":\"ReadAction\",\"target\":[\"https:\\\/\\\/ubirataonline.com.br\\\/national-guard-deployed-to-washington-with-no-end-in-sight\\\/\"]}]},{\"@type\":\"ImageObject\",\"inLanguage\":\"en-US\",\"@id\":\"https:\\\/\\\/ubirataonline.com.br\\\/national-guard-deployed-to-washington-with-no-end-in-sight\\\/#primaryimage\",\"url\":\"https:\\\/\\\/ubirataonline.com.br\\\/wp-content\\\/uploads\\\/2026\\\/04\\\/National-Guard-deployed-to-Washington-with-no-end-in-sight.com2Fb92F502Fdef671cbbb113fb6d0aaa684e1722F5d4420169a7e4a9b9341.jpeg\",\"contentUrl\":\"https:\\\/\\\/ubirataonline.com.br\\\/wp-content\\\/uploads\\\/2026\\\/04\\\/National-Guard-deployed-to-Washington-with-no-end-in-sight.com2Fb92F502Fdef671cbbb113fb6d0aaa684e1722F5d4420169a7e4a9b9341.jpeg\",\"width\":980,\"height\":653,\"caption\":\"National Guard deployed to Washington with no end in sight\"},{\"@type\":\"BreadcrumbList\",\"@id\":\"https:\\\/\\\/ubirataonline.com.br\\\/national-guard-deployed-to-washington-with-no-end-in-sight\\\/#breadcrumb\",\"itemListElement\":[{\"@type\":\"ListItem\",\"position\":1,\"name\":\"In\u00edcio\",\"item\":\"https:\\\/\\\/ubirataonline.com.br\\\/\"},{\"@type\":\"ListItem\",\"position\":2,\"name\":\"National Guard deployed to Washington with no end in sight\"}]},{\"@type\":\"WebSite\",\"@id\":\"https:\\\/\\\/ubirataonline.com.br\\\/#website\",\"url\":\"https:\\\/\\\/ubirataonline.com.br\\\/\",\"name\":\"Ubirat\u00e3 Online Not\u00edcias\",\"description\":\"Not\u00edcias de Ubirat\u00e3, regi\u00e3o, Brasil e mundo, com informa\u00e7\u00e3o atualizada e compromisso com o leitor.\",\"publisher\":{\"@id\":\"https:\\\/\\\/ubirataonline.com.br\\\/#organization\"},\"alternateName\":\"Ubirat\u00e3 Online\",\"potentialAction\":[{\"@type\":\"SearchAction\",\"target\":{\"@type\":\"EntryPoint\",\"urlTemplate\":\"https:\\\/\\\/ubirataonline.com.br\\\/?s={search_term_string}\"},\"query-input\":{\"@type\":\"PropertyValueSpecification\",\"valueRequired\":true,\"valueName\":\"search_term_string\"}}],\"inLanguage\":\"en-US\"},{\"@type\":[\"Organization\",\"Place\"],\"@id\":\"https:\\\/\\\/ubirataonline.com.br\\\/#organization\",\"name\":\"Ubirat\u00e3 Online Not\u00edcias\",\"alternateName\":\"Ubirat\u00e3 Online\",\"url\":\"https:\\\/\\\/ubirataonline.com.br\\\/\",\"logo\":{\"@id\":\"https:\\\/\\\/ubirataonline.com.br\\\/national-guard-deployed-to-washington-with-no-end-in-sight\\\/#local-main-organization-logo\"},\"image\":{\"@id\":\"https:\\\/\\\/ubirataonline.com.br\\\/national-guard-deployed-to-washington-with-no-end-in-sight\\\/#local-main-organization-logo\"},\"sameAs\":[\"https:\\\/\\\/www.facebook.com\\\/portalubirataonline\",\"https:\\\/\\\/x.com\\\/ubirataonline\",\"https:\\\/\\\/mastodon.social\\\/@ubirataonline\",\"https:\\\/\\\/www.facebook.com\\\/groups\\\/311144672285604\",\"https:\\\/\\\/www.facebook.com\\\/UBTAOnline\",\"https:\\\/\\\/www.instagram.com\\\/portalubirataonline\\\/\",\"https:\\\/\\\/twitter.com\\\/ubirataonline\"],\"description\":\"Somos um portal de not\u00edcias independente, criado em 5 de janeiro de 2009, com o objetivo de informar, conectar e valorizar a nossa comunidade de Ubirat\u00e3 e toda aregi\u00e3o. Com conte\u00fado atualizado, confi\u00e1vel e relevante, o Ubirat\u00e3 Online \u00e9 o seu espa\u00e7o para ficar por dentro dos principais acontecimentos locais, regionais, Brasil, Mundo e de interesse geral. Nosso compromisso \u00e9 com a verdade, a transpar\u00eancia e o respeito ao leitor.\",\"legalName\":\"UBIRATA ONLINE NOT\u00cdCIAS\",\"foundingDate\":\"2009-01-05\",\"numberOfEmployees\":{\"@type\":\"QuantitativeValue\",\"minValue\":\"1\",\"maxValue\":\"10\"},\"publishingPrinciples\":\"https:\\\/\\\/ubirataonline.com.br\\\/faq\\\/\",\"address\":{\"@id\":\"https:\\\/\\\/ubirataonline.com.br\\\/national-guard-deployed-to-washington-with-no-end-in-sight\\\/#local-main-place-address\"},\"geo\":{\"@type\":\"GeoCoordinates\",\"latitude\":\"-24.5361401\",\"longitude\":\"-52.9921776\"},\"telephone\":[\"+5544998308235\"],\"contactPoint\":{\"@type\":\"ContactPoint\",\"email\":\"contato@ubirataonline.com.br\"},\"openingHoursSpecification\":{\"@type\":\"OpeningHoursSpecification\",\"dayOfWeek\":[\"Monday\",\"Tuesday\",\"Wednesday\",\"Thursday\",\"Friday\",\"Saturday\",\"Sunday\"],\"opens\":\"00:00\",\"closes\":\"23:59\"},\"email\":\"contato@ubirataonline.com.br\",\"vatID\":\"47.621.418\\\/0001-80\"},{\"@type\":\"Person\",\"@id\":\"https:\\\/\\\/ubirataonline.com.br\\\/#\\\/schema\\\/person\\\/372f87bbd3fdd79b8556b84c98d0bc1c\",\"name\":\"REDA\u00c7\u00c3O: UBIRAT\u00c3 ONLINE - F\u00c1BIO AUGUSTO CELESTINO\",\"pronouns\":\"Ele\",\"description\":\"Desde 2003 trabalhando com not\u00edcias.\",\"sameAs\":[\"http:\\\/\\\/ubirataoline.com.br\",\"https:\\\/\\\/www.facebook.com\\\/portalubirataonline\",\"https:\\\/\\\/www.instagram.com\\\/ubirataonline_oficial\",\"https:\\\/\\\/x.com\\\/x.com\\\/ubirataonline\"],\"honorificPrefix\":\"Mr.\",\"honorificSuffix\":\"MD\",\"birthDate\":\"1980-06-16\",\"gender\":\"masculino\",\"award\":[\"V\u00e1rios pr\u00eamios de melhor portal da cidade\"],\"jobTitle\":\"Diretor\",\"url\":\"https:\\\/\\\/ubirataonline.com.br\\\/en\\\/author\\\/ubirataonline\\\/\"},{\"@type\":\"PostalAddress\",\"@id\":\"https:\\\/\\\/ubirataonline.com.br\\\/national-guard-deployed-to-washington-with-no-end-in-sight\\\/#local-main-place-address\",\"streetAddress\":\"Rua dos Coqueiros, 104 - Bairro Boa Vista, Rua dos Coqueiros, 104 Bairro Boa Vista\",\"addressLocality\":\"UBIRATA\",\"postalCode\":\"85440-000\",\"addressRegion\":\"PR\",\"addressCountry\":\"BR\"},{\"@type\":\"ImageObject\",\"inLanguage\":\"en-US\",\"@id\":\"https:\\\/\\\/ubirataonline.com.br\\\/national-guard-deployed-to-washington-with-no-end-in-sight\\\/#local-main-organization-logo\",\"url\":\"https:\\\/\\\/ubirataonline.com.br\\\/wp-content\\\/uploads\\\/2026\\\/06\\\/logoubirataonline-1.webp\",\"contentUrl\":\"https:\\\/\\\/ubirataonline.com.br\\\/wp-content\\\/uploads\\\/2026\\\/06\\\/logoubirataonline-1.webp\",\"width\":500,\"height\":500,\"caption\":\"Ubirat\u00e3 Online Not\u00edcias\"}]}<\/script>\n<meta name=\"geo.placename\" content=\"UBIRATA\" \/>\n<meta name=\"geo.position\" content=\"-24.5361401;-52.9921776\" \/>\n<meta name=\"geo.region\" content=\"Brazil\" \/>\n<!-- \/ Yoast SEO Premium plugin. -->","yoast_head_json":{"title":"National Guard deployed to Washington with no end in sight - Ubirat\u00e3 Online Not\u00edcias - A realidade ao seu alcance!","description":"WASHINGTON (AP) \u2014 The cherry blossoms draw more than a million visitors to Washington\u2019s Tidal Basin annually. This year was no different, except some","robots":{"index":"index","follow":"follow","max-snippet":"max-snippet:-1","max-image-preview":"max-image-preview:large","max-video-preview":"max-video-preview:-1"},"canonical":"https:\/\/ubirataonline.com.br\/en\/national-guard-deployed-to-washington-with-no-end-in-sight\/","og_locale":"en_US","og_type":"article","og_title":"National Guard deployed to Washington with no end in sight","og_description":"WASHINGTON (AP) \u2014 The cherry blossoms draw more than a million visitors to Washington\u2019s Tidal Basin annually. This year was no different, except some","og_url":"https:\/\/ubirataonline.com.br\/en\/national-guard-deployed-to-washington-with-no-end-in-sight\/","og_site_name":"Ubirat\u00e3 Online Not\u00edcias - A realidade ao seu alcance!","article_publisher":"https:\/\/www.facebook.com\/portalubirataonline","article_author":"https:\/\/www.facebook.com\/portalubirataonline","article_published_time":"2026-04-20T16:12:48+00:00","article_modified_time":"2026-04-20T16:12:50+00:00","og_image":[{"width":980,"height":653,"url":"https:\/\/ubirataonline.com.br\/wp-content\/uploads\/2026\/04\/National-Guard-deployed-to-Washington-with-no-end-in-sight.com2Fb92F502Fdef671cbbb113fb6d0aaa684e1722F5d4420169a7e4a9b9341.jpeg","type":"image\/jpeg"}],"author":"REDA\u00c7\u00c3O: UBIRAT\u00c3 ONLINE - F\u00c1BIO AUGUSTO CELESTINO","twitter_card":"summary_large_image","twitter_creator":"@x.com\/ubirataonline","twitter_site":"@ubirataonline","twitter_misc":{"Written by":"REDA\u00c7\u00c3O: UBIRAT\u00c3 ONLINE - F\u00c1BIO AUGUSTO CELESTINO","Est. reading time":"6 minutes"},"schema":{"@context":"https:\/\/schema.org","@graph":[{"@type":"NewsArticle","@id":"https:\/\/ubirataonline.com.br\/national-guard-deployed-to-washington-with-no-end-in-sight\/#article","isPartOf":{"@id":"https:\/\/ubirataonline.com.br\/national-guard-deployed-to-washington-with-no-end-in-sight\/"},"author":{"name":"REDA\u00c7\u00c3O: UBIRAT\u00c3 ONLINE - F\u00c1BIO AUGUSTO CELESTINO","@id":"https:\/\/ubirataonline.com.br\/#\/schema\/person\/372f87bbd3fdd79b8556b84c98d0bc1c"},"headline":"National Guard deployed to Washington with no end in sight","datePublished":"2026-04-20T16:12:48+00:00","dateModified":"2026-04-20T16:12:50+00:00","mainEntityOfPage":{"@id":"https:\/\/ubirataonline.com.br\/national-guard-deployed-to-washington-with-no-end-in-sight\/"},"wordCount":1148,"publisher":{"@id":"https:\/\/ubirataonline.com.br\/#organization"},"image":{"@id":"https:\/\/ubirataonline.com.br\/national-guard-deployed-to-washington-with-no-end-in-sight\/#primaryimage"},"thumbnailUrl":"https:\/\/ubirataonline.com.br\/wp-content\/uploads\/2026\/04\/National-Guard-deployed-to-Washington-with-no-end-in-sight.com2Fb92F502Fdef671cbbb113fb6d0aaa684e1722F5d4420169a7e4a9b9341.jpeg","keywords":["deployed","guard","National","Sight","Washington"],"articleSection":["Europe"],"inLanguage":"en-US","copyrightYear":"2026","copyrightHolder":{"@id":"https:\/\/ubirataonline.com.br\/en\/#organization"}},{"@type":"WebPage","@id":"https:\/\/ubirataonline.com.br\/national-guard-deployed-to-washington-with-no-end-in-sight\/","url":"https:\/\/ubirataonline.com.br\/national-guard-deployed-to-washington-with-no-end-in-sight\/","name":"National Guard deployed to Washington with no end in sight - Ubirat\u00e3 Online Not\u00edcias - A realidade ao seu alcance!","isPartOf":{"@id":"https:\/\/ubirataonline.com.br\/#website"},"primaryImageOfPage":{"@id":"https:\/\/ubirataonline.com.br\/national-guard-deployed-to-washington-with-no-end-in-sight\/#primaryimage"},"image":{"@id":"https:\/\/ubirataonline.com.br\/national-guard-deployed-to-washington-with-no-end-in-sight\/#primaryimage"},"thumbnailUrl":"https:\/\/ubirataonline.com.br\/wp-content\/uploads\/2026\/04\/National-Guard-deployed-to-Washington-with-no-end-in-sight.com2Fb92F502Fdef671cbbb113fb6d0aaa684e1722F5d4420169a7e4a9b9341.jpeg","datePublished":"2026-04-20T16:12:48+00:00","dateModified":"2026-04-20T16:12:50+00:00","description":"WASHINGTON (AP) \u2014 The cherry blossoms draw more than a million visitors to Washington\u2019s Tidal Basin annually. This year was no different, except some","breadcrumb":{"@id":"https:\/\/ubirataonline.com.br\/national-guard-deployed-to-washington-with-no-end-in-sight\/#breadcrumb"},"inLanguage":"en-US","potentialAction":[{"@type":"ReadAction","target":["https:\/\/ubirataonline.com.br\/national-guard-deployed-to-washington-with-no-end-in-sight\/"]}]},{"@type":"ImageObject","inLanguage":"en-US","@id":"https:\/\/ubirataonline.com.br\/national-guard-deployed-to-washington-with-no-end-in-sight\/#primaryimage","url":"https:\/\/ubirataonline.com.br\/wp-content\/uploads\/2026\/04\/National-Guard-deployed-to-Washington-with-no-end-in-sight.com2Fb92F502Fdef671cbbb113fb6d0aaa684e1722F5d4420169a7e4a9b9341.jpeg","contentUrl":"https:\/\/ubirataonline.com.br\/wp-content\/uploads\/2026\/04\/National-Guard-deployed-to-Washington-with-no-end-in-sight.com2Fb92F502Fdef671cbbb113fb6d0aaa684e1722F5d4420169a7e4a9b9341.jpeg","width":980,"height":653,"caption":"National Guard deployed to Washington with no end in sight"},{"@type":"BreadcrumbList","@id":"https:\/\/ubirataonline.com.br\/national-guard-deployed-to-washington-with-no-end-in-sight\/#breadcrumb","itemListElement":[{"@type":"ListItem","position":1,"name":"In\u00edcio","item":"https:\/\/ubirataonline.com.br\/"},{"@type":"ListItem","position":2,"name":"National Guard deployed to Washington with no end in sight"}]},{"@type":"WebSite","@id":"https:\/\/ubirataonline.com.br\/#website","url":"https:\/\/ubirataonline.com.br\/","name":"Ubirat\u00e3 Online Not\u00edcias","description":"Not\u00edcias de Ubirat\u00e3, regi\u00e3o, Brasil e mundo, com informa\u00e7\u00e3o atualizada e compromisso com o leitor.","publisher":{"@id":"https:\/\/ubirataonline.com.br\/#organization"},"alternateName":"Ubirat\u00e3 Online","potentialAction":[{"@type":"SearchAction","target":{"@type":"EntryPoint","urlTemplate":"https:\/\/ubirataonline.com.br\/?s={search_term_string}"},"query-input":{"@type":"PropertyValueSpecification","valueRequired":true,"valueName":"search_term_string"}}],"inLanguage":"en-US"},{"@type":["Organization","Place"],"@id":"https:\/\/ubirataonline.com.br\/#organization","name":"Ubirat\u00e3 Online Not\u00edcias","alternateName":"Ubirat\u00e3 Online","url":"https:\/\/ubirataonline.com.br\/","logo":{"@id":"https:\/\/ubirataonline.com.br\/national-guard-deployed-to-washington-with-no-end-in-sight\/#local-main-organization-logo"},"image":{"@id":"https:\/\/ubirataonline.com.br\/national-guard-deployed-to-washington-with-no-end-in-sight\/#local-main-organization-logo"},"sameAs":["https:\/\/www.facebook.com\/portalubirataonline","https:\/\/x.com\/ubirataonline","https:\/\/mastodon.social\/@ubirataonline","https:\/\/www.facebook.com\/groups\/311144672285604","https:\/\/www.facebook.com\/UBTAOnline","https:\/\/www.instagram.com\/portalubirataonline\/","https:\/\/twitter.com\/ubirataonline"],"description":"Somos um portal de not\u00edcias independente, criado em 5 de janeiro de 2009, com o objetivo de informar, conectar e valorizar a nossa comunidade de Ubirat\u00e3 e toda aregi\u00e3o. Com conte\u00fado atualizado, confi\u00e1vel e relevante, o Ubirat\u00e3 Online \u00e9 o seu espa\u00e7o para ficar por dentro dos principais acontecimentos locais, regionais, Brasil, Mundo e de interesse geral. Nosso compromisso \u00e9 com a verdade, a transpar\u00eancia e o respeito ao leitor.","legalName":"UBIRATA ONLINE NOT\u00cdCIAS","foundingDate":"2009-01-05","numberOfEmployees":{"@type":"QuantitativeValue","minValue":"1","maxValue":"10"},"publishingPrinciples":"https:\/\/ubirataonline.com.br\/faq\/","address":{"@id":"https:\/\/ubirataonline.com.br\/national-guard-deployed-to-washington-with-no-end-in-sight\/#local-main-place-address"},"geo":{"@type":"GeoCoordinates","latitude":"-24.5361401","longitude":"-52.9921776"},"telephone":["+5544998308235"],"contactPoint":{"@type":"ContactPoint","email":"contato@ubirataonline.com.br"},"openingHoursSpecification":{"@type":"OpeningHoursSpecification","dayOfWeek":["Monday","Tuesday","Wednesday","Thursday","Friday","Saturday","Sunday"],"opens":"00:00","closes":"23:59"},"email":"contato@ubirataonline.com.br","vatID":"47.621.418\/0001-80"},{"@type":"Person","@id":"https:\/\/ubirataonline.com.br\/#\/schema\/person\/372f87bbd3fdd79b8556b84c98d0bc1c","name":"REDA\u00c7\u00c3O: UBIRAT\u00c3 ONLINE - F\u00c1BIO AUGUSTO CELESTINO","pronouns":"Ele","description":"Desde 2003 trabalhando com not\u00edcias.","sameAs":["http:\/\/ubirataoline.com.br","https:\/\/www.facebook.com\/portalubirataonline","https:\/\/www.instagram.com\/ubirataonline_oficial","https:\/\/x.com\/x.com\/ubirataonline"],"honorificPrefix":"Mr.","honorificSuffix":"MD","birthDate":"1980-06-16","gender":"masculino","award":["V\u00e1rios pr\u00eamios de melhor portal da cidade"],"jobTitle":"Diretor","url":"https:\/\/ubirataonline.com.br\/en\/author\/ubirataonline\/"},{"@type":"PostalAddress","@id":"https:\/\/ubirataonline.com.br\/national-guard-deployed-to-washington-with-no-end-in-sight\/#local-main-place-address","streetAddress":"Rua dos Coqueiros, 104 - Bairro Boa Vista, Rua dos Coqueiros, 104 Bairro Boa Vista","addressLocality":"UBIRATA","postalCode":"85440-000","addressRegion":"PR","addressCountry":"BR"},{"@type":"ImageObject","inLanguage":"en-US","@id":"https:\/\/ubirataonline.com.br\/national-guard-deployed-to-washington-with-no-end-in-sight\/#local-main-organization-logo","url":"https:\/\/ubirataonline.com.br\/wp-content\/uploads\/2026\/06\/logoubirataonline-1.webp","contentUrl":"https:\/\/ubirataonline.com.br\/wp-content\/uploads\/2026\/06\/logoubirataonline-1.webp","width":500,"height":500,"caption":"Ubirat\u00e3 Online Not\u00edcias"}]},"geo.placename":"UBIRATA","geo.position":{"lat":"-24.5361401","long":"-52.9921776"},"geo.region":"Brazil"},"_links":{"self":[{"href":"https:\/\/ubirataonline.com.br\/en\/wp-json\/wp\/v2\/posts\/112906","targetHints":{"allow":["GET"]}}],"collection":[{"href":"https:\/\/ubirataonline.com.br\/en\/wp-json\/wp\/v2\/posts"}],"about":[{"href":"https:\/\/ubirataonline.com.br\/en\/wp-json\/wp\/v2\/types\/post"}],"author":[{"embeddable":true,"href":"https:\/\/ubirataonline.com.br\/en\/wp-json\/wp\/v2\/users\/1"}],"replies":[{"embeddable":true,"href":"https:\/\/ubirataonline.com.br\/en\/wp-json\/wp\/v2\/comments?post=112906"}],"version-history":[{"count":0,"href":"https:\/\/ubirataonline.com.br\/en\/wp-json\/wp\/v2\/posts\/112906\/revisions"}],"wp:featuredmedia":[{"embeddable":true,"href":"https:\/\/ubirataonline.com.br\/en\/wp-json\/wp\/v2\/media\/112907"}],"wp:attachment":[{"href":"https:\/\/ubirataonline.com.br\/en\/wp-json\/wp\/v2\/media?parent=112906"}],"wp:term":[{"taxonomy":"category","embeddable":true,"href":"https:\/\/ubirataonline.com.br\/en\/wp-json\/wp\/v2\/categories?post=112906"},{"taxonomy":"post_tag","embeddable":true,"href":"https:\/\/ubirataonline.com.br\/en\/wp-json\/wp\/v2\/tags?post=112906"}],"curies":[{"name":"wp","href":"https:\/\/api.w.org\/{rel}","templated":true}]}}