{"id":112912,"date":"2026-04-20T13:14:57","date_gmt":"2026-04-20T16:14:57","guid":{"rendered":"https:\/\/ubirataonline.com.br\/bolsas-da-europa-fecham-em-queda-com-incertezas-sobre-negociacoes-entre-eua-e-ira\/"},"modified":"2026-04-20T13:14:58","modified_gmt":"2026-04-20T16:14:58","slug":"bolsas-da-europa-fecham-em-queda-com-incertezas-sobre-negociacoes-entre-eua-e-ira","status":"publish","type":"post","link":"https:\/\/ubirataonline.com.br\/en\/bolsas-da-europa-fecham-em-queda-com-incertezas-sobre-negociacoes-entre-eua-e-ira\/","title":{"rendered":"Bolsas da Europa fecham em queda com incertezas sobre negocia\u00e7\u00f5es entre EUA e Ir\u00e3"},"content":{"rendered":"<p><\/p>\n<div id=\"texto\">\n<p>As bolsas da Europa fecharam em queda nesta segunda-feira, 20, \u00e0 medida que os investidores mant\u00eam cautela diante de informa\u00e7\u00f5es conflitantes sobre a participa\u00e7\u00e3o do Ir\u00e3 em uma nova rodada de negocia\u00e7\u00f5es com os EUA, mediada pelo Paquist\u00e3o, sobre o conflito no Oriente M\u00e9dio. O cen\u00e1rio impulsiona o petr\u00f3leo e pressiona a busca por risco.<\/p>\n<p>Em Londres, o FTSE 100 fechou em queda de 0,55%, a 10609,08 pontos. Em Frankfurt, o DAX caiu 1,04%, a 24444,33 pontos. Em Paris, o CAC 40 perdeu 1,12%, a 8331,05 pontos. Em Mil\u00e3o, o FTSE MIB recuou 1,36%, a 48207,02 pontos. Em Madri, o Ibex 35 teve queda de 1,31%, a 18242,60 pontos. Em Lisboa, o PSI 20 cedeu 0,08%, a 9177,59 pontos. As cota\u00e7\u00f5es s\u00e3o preliminares.<\/p>\n<p>O presidente dos EUA, Donald Trump, voltou a amea\u00e7ar o Ir\u00e3, dizendo que, caso o cessar-fogo com o Ir\u00e3 expirar na ter\u00e7a-feira, \u201cmuitas bombas come\u00e7ar\u00e3o a explodir\u201d, mas disse que seu vice, JD Vance, acompanhado de uma delega\u00e7\u00e3o, viajar\u00e1 para o Paquist\u00e3o para negocia\u00e7\u00f5es. O tom de amea\u00e7a voltou a ser utilizado por ambos os lados depois de Teer\u00e3 anunciar no fim de semana que o Estreito de Ormuz voltou a ficar fechado por conta da manuten\u00e7\u00e3o americano de bloqueio naval aos portos iranianos. Washington tamb\u00e9m apreendeu uma embarca\u00e7\u00e3o iraniana que tentou furar o bloqueio americano.<\/p>\n<p>Para o Danske Bank, a situa\u00e7\u00e3o geopol\u00edtica deve manter a volatilidade nos mercados e pode voltar a colocar o pre\u00e7o do petr\u00f3leo na faixa de US$ 100. Visando amenizar o choque nos pre\u00e7os de energia, a Comiss\u00e3o Europeia deve apresentar nesta semana recomenda\u00e7\u00f5es aos pa\u00edses da Uni\u00e3o Europeia (UE) para reduzir a demanda por combust\u00edveis f\u00f3sseis. Acompanhando os ganhos da commodity, as a\u00e7\u00f5es de TotalEnergies, BP, Shell e Repsol chegaram a subir at\u00e9 quase 3%. Na contram\u00e3o, as a\u00e7\u00f5es de companhias a\u00e9reas, voltaram a cair mais de 3%.<\/p>\n<p>Dentre outros destaques corporativos, o UniCredit caiu 2,71% depois do CEO Andrea Orcel mencionar planos para uma fus\u00e3o entre o banco italiano e o Commerzbank. <\/p>\n<\/p><\/div>\n<p><a href=\"https:\/\/cgn.inf.br\/noticia\/2088453\/bolsas-da-europa-fecham-em-queda-com-incertezas-sobre-negociacoes-entre-eua-e-ira\">Fonte do Artigo <\/a><\/p>","protected":false},"excerpt":{"rendered":"<p>As bolsas da Europa fecharam em queda nesta segunda-feira, 20, \u00e0 medida que os investidores mant\u00eam cautela diante de informa\u00e7\u00f5es conflitantes sobre a participa\u00e7\u00e3o do Ir\u00e3 em uma nova rodada de negocia\u00e7\u00f5es com os EUA, mediada pelo Paquist\u00e3o, sobre o conflito no Oriente M\u00e9dio. O cen\u00e1rio impulsiona o petr\u00f3leo e pressiona a busca por risco. [&hellip;]<\/p>\n","protected":false},"author":1,"featured_media":92994,"comment_status":"closed","ping_status":"","sticky":false,"template":"","format":"standard","meta":{"googlesitekit_rrm_CAow2JLhCw:productID":"","_gspb_post_css":"","maa_idioma":"","maa_pais":"","footnotes":""},"categories":[1],"tags":[3348,4676,1604,4207,3349,30358,15473,6644,208,3203],"class_list":["post-112912","post","type-post","status-publish","format-standard","has-post-thumbnail","hentry","category-ubirata","tag-bolsas","tag-entre","tag-eua","tag-europa","tag-fecham","tag-incertezas","tag-ira","tag-negociacoes","tag-queda","tag-sobre"],"blocksy_meta":[],"yoast_head":"<!-- This site is optimized with the Yoast SEO Premium plugin v27.6 (Yoast SEO v27.6) - https:\/\/yoast.com\/product\/yoast-seo-premium-wordpress\/ -->\n<title>Bolsas da Europa fecham em queda com incertezas sobre negocia\u00e7\u00f5es entre EUA e Ir\u00e3 - Ubirat\u00e3 Online Not\u00edcias - A realidade ao seu alcance!<\/title>\n<meta name=\"description\" content=\"As bolsas da Europa fecharam em queda nesta segunda-feira, 20, \u00e0 medida que os investidores mant\u00eam cautela diante de informa\u00e7\u00f5es conflitantes sobre a\" \/>\n<meta name=\"robots\" content=\"index, follow, max-snippet:-1, max-image-preview:large, max-video-preview:-1\" \/>\n<link rel=\"canonical\" href=\"https:\/\/ubirataonline.com.br\/en\/bolsas-da-europa-fecham-em-queda-com-incertezas-sobre-negociacoes-entre-eua-e-ira\/\" \/>\n<meta property=\"og:locale\" content=\"en_US\" \/>\n<meta property=\"og:type\" content=\"article\" \/>\n<meta property=\"og:title\" content=\"Bolsas da Europa fecham em queda com incertezas sobre negocia\u00e7\u00f5es entre EUA e Ir\u00e3\" \/>\n<meta property=\"og:description\" content=\"As bolsas da Europa fecharam em queda nesta segunda-feira, 20, \u00e0 medida que os investidores mant\u00eam cautela diante de informa\u00e7\u00f5es conflitantes sobre a\" \/>\n<meta property=\"og:url\" content=\"https:\/\/ubirataonline.com.br\/en\/bolsas-da-europa-fecham-em-queda-com-incertezas-sobre-negociacoes-entre-eua-e-ira\/\" \/>\n<meta property=\"og:site_name\" content=\"Ubirat\u00e3 Online Not\u00edcias - A realidade ao seu alcance!\" \/>\n<meta property=\"article:publisher\" content=\"https:\/\/www.facebook.com\/portalubirataonline\" \/>\n<meta property=\"article:author\" content=\"https:\/\/www.facebook.com\/portalubirataonline\" \/>\n<meta property=\"article:published_time\" content=\"2026-04-20T16:14:57+00:00\" \/>\n<meta property=\"article:modified_time\" content=\"2026-04-20T16:14:58+00:00\" \/>\n<meta property=\"og:image\" content=\"https:\/\/ubirataonline.com.br\/wp-content\/uploads\/2026\/03\/Gilmar-ve-explicacao-insuficiente-e-da-72-horas-para-MPRJ.gif\" \/>\n\t<meta property=\"og:image:width\" content=\"768\" \/>\n\t<meta property=\"og:image:height\" content=\"461\" \/>\n\t<meta property=\"og:image:type\" content=\"image\/gif\" \/>\n<meta name=\"author\" content=\"REDA\u00c7\u00c3O: UBIRAT\u00c3 ONLINE - F\u00c1BIO AUGUSTO CELESTINO\" \/>\n<meta name=\"twitter:card\" content=\"summary_large_image\" \/>\n<meta name=\"twitter:creator\" content=\"@x.com\/ubirataonline\" \/>\n<meta name=\"twitter:site\" content=\"@ubirataonline\" \/>\n<meta name=\"twitter:label1\" content=\"Written by\" \/>\n\t<meta name=\"twitter:data1\" content=\"REDA\u00c7\u00c3O: UBIRAT\u00c3 ONLINE - F\u00c1BIO AUGUSTO CELESTINO\" \/>\n\t<meta name=\"twitter:label2\" content=\"Est. reading time\" \/>\n\t<meta name=\"twitter:data2\" content=\"2 minutes\" \/>\n<script type=\"application\/ld+json\" class=\"yoast-schema-graph\">{\"@context\":\"https:\\\/\\\/schema.org\",\"@graph\":[{\"@type\":\"NewsArticle\",\"@id\":\"https:\\\/\\\/ubirataonline.com.br\\\/bolsas-da-europa-fecham-em-queda-com-incertezas-sobre-negociacoes-entre-eua-e-ira\\\/#article\",\"isPartOf\":{\"@id\":\"https:\\\/\\\/ubirataonline.com.br\\\/bolsas-da-europa-fecham-em-queda-com-incertezas-sobre-negociacoes-entre-eua-e-ira\\\/\"},\"author\":{\"name\":\"REDA\u00c7\u00c3O: UBIRAT\u00c3 ONLINE - F\u00c1BIO AUGUSTO CELESTINO\",\"@id\":\"https:\\\/\\\/ubirataonline.com.br\\\/#\\\/schema\\\/person\\\/372f87bbd3fdd79b8556b84c98d0bc1c\"},\"headline\":\"Bolsas da Europa fecham em queda com incertezas sobre negocia\u00e7\u00f5es entre EUA e Ir\u00e3\",\"datePublished\":\"2026-04-20T16:14:57+00:00\",\"dateModified\":\"2026-04-20T16:14:58+00:00\",\"mainEntityOfPage\":{\"@id\":\"https:\\\/\\\/ubirataonline.com.br\\\/bolsas-da-europa-fecham-em-queda-com-incertezas-sobre-negociacoes-entre-eua-e-ira\\\/\"},\"wordCount\":366,\"publisher\":{\"@id\":\"https:\\\/\\\/ubirataonline.com.br\\\/#organization\"},\"image\":{\"@id\":\"https:\\\/\\\/ubirataonline.com.br\\\/bolsas-da-europa-fecham-em-queda-com-incertezas-sobre-negociacoes-entre-eua-e-ira\\\/#primaryimage\"},\"thumbnailUrl\":\"https:\\\/\\\/ubirataonline.com.br\\\/wp-content\\\/uploads\\\/2026\\\/03\\\/Gilmar-ve-explicacao-insuficiente-e-da-72-horas-para-MPRJ.gif\",\"keywords\":[\"Bolsas\",\"entre\",\"EUA\",\"Europa\",\"fecham\",\"incertezas\",\"Ir\u00e3\",\"negocia\u00e7\u00f5es\",\"queda\",\"sobre\"],\"articleSection\":[\"Ubirat\u00e3\"],\"inLanguage\":\"en-US\",\"copyrightYear\":\"2026\",\"copyrightHolder\":{\"@id\":\"https:\\\/\\\/ubirataonline.com.br\\\/en\\\/#organization\"}},{\"@type\":\"WebPage\",\"@id\":\"https:\\\/\\\/ubirataonline.com.br\\\/bolsas-da-europa-fecham-em-queda-com-incertezas-sobre-negociacoes-entre-eua-e-ira\\\/\",\"url\":\"https:\\\/\\\/ubirataonline.com.br\\\/bolsas-da-europa-fecham-em-queda-com-incertezas-sobre-negociacoes-entre-eua-e-ira\\\/\",\"name\":\"Bolsas da Europa fecham em queda com incertezas sobre negocia\u00e7\u00f5es entre EUA e Ir\u00e3 - Ubirat\u00e3 Online Not\u00edcias - A realidade ao seu alcance!\",\"isPartOf\":{\"@id\":\"https:\\\/\\\/ubirataonline.com.br\\\/#website\"},\"primaryImageOfPage\":{\"@id\":\"https:\\\/\\\/ubirataonline.com.br\\\/bolsas-da-europa-fecham-em-queda-com-incertezas-sobre-negociacoes-entre-eua-e-ira\\\/#primaryimage\"},\"image\":{\"@id\":\"https:\\\/\\\/ubirataonline.com.br\\\/bolsas-da-europa-fecham-em-queda-com-incertezas-sobre-negociacoes-entre-eua-e-ira\\\/#primaryimage\"},\"thumbnailUrl\":\"https:\\\/\\\/ubirataonline.com.br\\\/wp-content\\\/uploads\\\/2026\\\/03\\\/Gilmar-ve-explicacao-insuficiente-e-da-72-horas-para-MPRJ.gif\",\"datePublished\":\"2026-04-20T16:14:57+00:00\",\"dateModified\":\"2026-04-20T16:14:58+00:00\",\"description\":\"As bolsas da Europa fecharam em queda nesta segunda-feira, 20, \u00e0 medida que os investidores mant\u00eam cautela diante de informa\u00e7\u00f5es conflitantes sobre a\",\"breadcrumb\":{\"@id\":\"https:\\\/\\\/ubirataonline.com.br\\\/bolsas-da-europa-fecham-em-queda-com-incertezas-sobre-negociacoes-entre-eua-e-ira\\\/#breadcrumb\"},\"inLanguage\":\"en-US\",\"potentialAction\":[{\"@type\":\"ReadAction\",\"target\":[\"https:\\\/\\\/ubirataonline.com.br\\\/bolsas-da-europa-fecham-em-queda-com-incertezas-sobre-negociacoes-entre-eua-e-ira\\\/\"]}]},{\"@type\":\"ImageObject\",\"inLanguage\":\"en-US\",\"@id\":\"https:\\\/\\\/ubirataonline.com.br\\\/bolsas-da-europa-fecham-em-queda-com-incertezas-sobre-negociacoes-entre-eua-e-ira\\\/#primaryimage\",\"url\":\"https:\\\/\\\/ubirataonline.com.br\\\/wp-content\\\/uploads\\\/2026\\\/03\\\/Gilmar-ve-explicacao-insuficiente-e-da-72-horas-para-MPRJ.gif\",\"contentUrl\":\"https:\\\/\\\/ubirataonline.com.br\\\/wp-content\\\/uploads\\\/2026\\\/03\\\/Gilmar-ve-explicacao-insuficiente-e-da-72-horas-para-MPRJ.gif\",\"width\":768,\"height\":461,\"caption\":\"Gilmar v\u00ea explica\u00e7\u00e3o insuficiente e d\u00e1 72 horas para MPRJ explicar pagamento de penduricalhos\"},{\"@type\":\"BreadcrumbList\",\"@id\":\"https:\\\/\\\/ubirataonline.com.br\\\/bolsas-da-europa-fecham-em-queda-com-incertezas-sobre-negociacoes-entre-eua-e-ira\\\/#breadcrumb\",\"itemListElement\":[{\"@type\":\"ListItem\",\"position\":1,\"name\":\"In\u00edcio\",\"item\":\"https:\\\/\\\/ubirataonline.com.br\\\/\"},{\"@type\":\"ListItem\",\"position\":2,\"name\":\"Bolsas da Europa fecham em queda com incertezas sobre negocia\u00e7\u00f5es entre EUA e Ir\u00e3\"}]},{\"@type\":\"WebSite\",\"@id\":\"https:\\\/\\\/ubirataonline.com.br\\\/#website\",\"url\":\"https:\\\/\\\/ubirataonline.com.br\\\/\",\"name\":\"Ubirat\u00e3 Online Not\u00edcias\",\"description\":\"Not\u00edcias de Ubirat\u00e3, regi\u00e3o, Brasil e mundo, com informa\u00e7\u00e3o atualizada e compromisso com o leitor.\",\"publisher\":{\"@id\":\"https:\\\/\\\/ubirataonline.com.br\\\/#organization\"},\"alternateName\":\"Ubirat\u00e3 Online\",\"potentialAction\":[{\"@type\":\"SearchAction\",\"target\":{\"@type\":\"EntryPoint\",\"urlTemplate\":\"https:\\\/\\\/ubirataonline.com.br\\\/?s={search_term_string}\"},\"query-input\":{\"@type\":\"PropertyValueSpecification\",\"valueRequired\":true,\"valueName\":\"search_term_string\"}}],\"inLanguage\":\"en-US\"},{\"@type\":[\"Organization\",\"Place\"],\"@id\":\"https:\\\/\\\/ubirataonline.com.br\\\/#organization\",\"name\":\"Ubirat\u00e3 Online Not\u00edcias\",\"alternateName\":\"Ubirat\u00e3 Online\",\"url\":\"https:\\\/\\\/ubirataonline.com.br\\\/\",\"logo\":{\"@id\":\"https:\\\/\\\/ubirataonline.com.br\\\/bolsas-da-europa-fecham-em-queda-com-incertezas-sobre-negociacoes-entre-eua-e-ira\\\/#local-main-organization-logo\"},\"image\":{\"@id\":\"https:\\\/\\\/ubirataonline.com.br\\\/bolsas-da-europa-fecham-em-queda-com-incertezas-sobre-negociacoes-entre-eua-e-ira\\\/#local-main-organization-logo\"},\"sameAs\":[\"https:\\\/\\\/www.facebook.com\\\/portalubirataonline\",\"https:\\\/\\\/x.com\\\/ubirataonline\",\"https:\\\/\\\/mastodon.social\\\/@ubirataonline\",\"https:\\\/\\\/www.facebook.com\\\/groups\\\/311144672285604\",\"https:\\\/\\\/www.facebook.com\\\/UBTAOnline\",\"https:\\\/\\\/www.instagram.com\\\/portalubirataonline\\\/\",\"https:\\\/\\\/twitter.com\\\/ubirataonline\"],\"description\":\"Somos um portal de not\u00edcias independente, criado em 5 de janeiro de 2009, com o objetivo de informar, conectar e valorizar a nossa comunidade de Ubirat\u00e3 e toda aregi\u00e3o. Com conte\u00fado atualizado, confi\u00e1vel e relevante, o Ubirat\u00e3 Online \u00e9 o seu espa\u00e7o para ficar por dentro dos principais acontecimentos locais, regionais, Brasil, Mundo e de interesse geral. Nosso compromisso \u00e9 com a verdade, a transpar\u00eancia e o respeito ao leitor.\",\"legalName\":\"UBIRATA ONLINE NOT\u00cdCIAS\",\"foundingDate\":\"2009-01-05\",\"numberOfEmployees\":{\"@type\":\"QuantitativeValue\",\"minValue\":\"1\",\"maxValue\":\"10\"},\"publishingPrinciples\":\"https:\\\/\\\/ubirataonline.com.br\\\/faq\\\/\",\"address\":{\"@id\":\"https:\\\/\\\/ubirataonline.com.br\\\/bolsas-da-europa-fecham-em-queda-com-incertezas-sobre-negociacoes-entre-eua-e-ira\\\/#local-main-place-address\"},\"geo\":{\"@type\":\"GeoCoordinates\",\"latitude\":\"-24.5361401\",\"longitude\":\"-52.9921776\"},\"telephone\":[\"+5544998308235\"],\"contactPoint\":{\"@type\":\"ContactPoint\",\"email\":\"contato@ubirataonline.com.br\"},\"openingHoursSpecification\":{\"@type\":\"OpeningHoursSpecification\",\"dayOfWeek\":[\"Monday\",\"Tuesday\",\"Wednesday\",\"Thursday\",\"Friday\",\"Saturday\",\"Sunday\"],\"opens\":\"00:00\",\"closes\":\"23:59\"},\"email\":\"contato@ubirataonline.com.br\",\"vatID\":\"47.621.418\\\/0001-80\"},{\"@type\":\"Person\",\"@id\":\"https:\\\/\\\/ubirataonline.com.br\\\/#\\\/schema\\\/person\\\/372f87bbd3fdd79b8556b84c98d0bc1c\",\"name\":\"REDA\u00c7\u00c3O: UBIRAT\u00c3 ONLINE - F\u00c1BIO AUGUSTO CELESTINO\",\"pronouns\":\"Ele\",\"description\":\"Desde 2003 trabalhando com not\u00edcias.\",\"sameAs\":[\"http:\\\/\\\/ubirataoline.com.br\",\"https:\\\/\\\/www.facebook.com\\\/portalubirataonline\",\"https:\\\/\\\/www.instagram.com\\\/ubirataonline_oficial\",\"https:\\\/\\\/x.com\\\/x.com\\\/ubirataonline\"],\"honorificPrefix\":\"Mr.\",\"honorificSuffix\":\"MD\",\"birthDate\":\"1980-06-16\",\"gender\":\"masculino\",\"award\":[\"V\u00e1rios pr\u00eamios de melhor portal da cidade\"],\"jobTitle\":\"Diretor\",\"url\":\"https:\\\/\\\/ubirataonline.com.br\\\/en\\\/author\\\/ubirataonline\\\/\"},{\"@type\":\"PostalAddress\",\"@id\":\"https:\\\/\\\/ubirataonline.com.br\\\/bolsas-da-europa-fecham-em-queda-com-incertezas-sobre-negociacoes-entre-eua-e-ira\\\/#local-main-place-address\",\"streetAddress\":\"Rua dos Coqueiros, 104 - Bairro Boa Vista, Rua dos Coqueiros, 104 Bairro Boa Vista\",\"addressLocality\":\"UBIRATA\",\"postalCode\":\"85440-000\",\"addressRegion\":\"PR\",\"addressCountry\":\"BR\"},{\"@type\":\"ImageObject\",\"inLanguage\":\"en-US\",\"@id\":\"https:\\\/\\\/ubirataonline.com.br\\\/bolsas-da-europa-fecham-em-queda-com-incertezas-sobre-negociacoes-entre-eua-e-ira\\\/#local-main-organization-logo\",\"url\":\"https:\\\/\\\/ubirataonline.com.br\\\/wp-content\\\/uploads\\\/2026\\\/06\\\/logoubirataonline-1.webp\",\"contentUrl\":\"https:\\\/\\\/ubirataonline.com.br\\\/wp-content\\\/uploads\\\/2026\\\/06\\\/logoubirataonline-1.webp\",\"width\":500,\"height\":500,\"caption\":\"Ubirat\u00e3 Online Not\u00edcias\"}]}<\/script>\n<meta name=\"geo.placename\" content=\"UBIRATA\" \/>\n<meta name=\"geo.position\" content=\"-24.5361401;-52.9921776\" \/>\n<meta name=\"geo.region\" content=\"Brazil\" \/>\n<!-- \/ Yoast SEO Premium plugin. -->","yoast_head_json":{"title":"Bolsas da Europa fecham em queda com incertezas sobre negocia\u00e7\u00f5es entre EUA e Ir\u00e3 - Ubirat\u00e3 Online Not\u00edcias - A realidade ao seu alcance!","description":"As bolsas da Europa fecharam em queda nesta segunda-feira, 20, \u00e0 medida que os investidores mant\u00eam cautela diante de informa\u00e7\u00f5es conflitantes sobre a","robots":{"index":"index","follow":"follow","max-snippet":"max-snippet:-1","max-image-preview":"max-image-preview:large","max-video-preview":"max-video-preview:-1"},"canonical":"https:\/\/ubirataonline.com.br\/en\/bolsas-da-europa-fecham-em-queda-com-incertezas-sobre-negociacoes-entre-eua-e-ira\/","og_locale":"en_US","og_type":"article","og_title":"Bolsas da Europa fecham em queda com incertezas sobre negocia\u00e7\u00f5es entre EUA e Ir\u00e3","og_description":"As bolsas da Europa fecharam em queda nesta segunda-feira, 20, \u00e0 medida que os investidores mant\u00eam cautela diante de informa\u00e7\u00f5es conflitantes sobre a","og_url":"https:\/\/ubirataonline.com.br\/en\/bolsas-da-europa-fecham-em-queda-com-incertezas-sobre-negociacoes-entre-eua-e-ira\/","og_site_name":"Ubirat\u00e3 Online Not\u00edcias - A realidade ao seu alcance!","article_publisher":"https:\/\/www.facebook.com\/portalubirataonline","article_author":"https:\/\/www.facebook.com\/portalubirataonline","article_published_time":"2026-04-20T16:14:57+00:00","article_modified_time":"2026-04-20T16:14:58+00:00","og_image":[{"width":768,"height":461,"url":"https:\/\/ubirataonline.com.br\/wp-content\/uploads\/2026\/03\/Gilmar-ve-explicacao-insuficiente-e-da-72-horas-para-MPRJ.gif","type":"image\/gif"}],"author":"REDA\u00c7\u00c3O: UBIRAT\u00c3 ONLINE - F\u00c1BIO AUGUSTO CELESTINO","twitter_card":"summary_large_image","twitter_creator":"@x.com\/ubirataonline","twitter_site":"@ubirataonline","twitter_misc":{"Written by":"REDA\u00c7\u00c3O: UBIRAT\u00c3 ONLINE - F\u00c1BIO AUGUSTO CELESTINO","Est. reading time":"2 minutes"},"schema":{"@context":"https:\/\/schema.org","@graph":[{"@type":"NewsArticle","@id":"https:\/\/ubirataonline.com.br\/bolsas-da-europa-fecham-em-queda-com-incertezas-sobre-negociacoes-entre-eua-e-ira\/#article","isPartOf":{"@id":"https:\/\/ubirataonline.com.br\/bolsas-da-europa-fecham-em-queda-com-incertezas-sobre-negociacoes-entre-eua-e-ira\/"},"author":{"name":"REDA\u00c7\u00c3O: UBIRAT\u00c3 ONLINE - F\u00c1BIO AUGUSTO CELESTINO","@id":"https:\/\/ubirataonline.com.br\/#\/schema\/person\/372f87bbd3fdd79b8556b84c98d0bc1c"},"headline":"Bolsas da Europa fecham em queda com incertezas sobre negocia\u00e7\u00f5es entre EUA e Ir\u00e3","datePublished":"2026-04-20T16:14:57+00:00","dateModified":"2026-04-20T16:14:58+00:00","mainEntityOfPage":{"@id":"https:\/\/ubirataonline.com.br\/bolsas-da-europa-fecham-em-queda-com-incertezas-sobre-negociacoes-entre-eua-e-ira\/"},"wordCount":366,"publisher":{"@id":"https:\/\/ubirataonline.com.br\/#organization"},"image":{"@id":"https:\/\/ubirataonline.com.br\/bolsas-da-europa-fecham-em-queda-com-incertezas-sobre-negociacoes-entre-eua-e-ira\/#primaryimage"},"thumbnailUrl":"https:\/\/ubirataonline.com.br\/wp-content\/uploads\/2026\/03\/Gilmar-ve-explicacao-insuficiente-e-da-72-horas-para-MPRJ.gif","keywords":["Bolsas","entre","EUA","Europa","fecham","incertezas","Ir\u00e3","negocia\u00e7\u00f5es","queda","sobre"],"articleSection":["Ubirat\u00e3"],"inLanguage":"en-US","copyrightYear":"2026","copyrightHolder":{"@id":"https:\/\/ubirataonline.com.br\/en\/#organization"}},{"@type":"WebPage","@id":"https:\/\/ubirataonline.com.br\/bolsas-da-europa-fecham-em-queda-com-incertezas-sobre-negociacoes-entre-eua-e-ira\/","url":"https:\/\/ubirataonline.com.br\/bolsas-da-europa-fecham-em-queda-com-incertezas-sobre-negociacoes-entre-eua-e-ira\/","name":"Bolsas da Europa fecham em queda com incertezas sobre negocia\u00e7\u00f5es entre EUA e Ir\u00e3 - Ubirat\u00e3 Online Not\u00edcias - A realidade ao seu alcance!","isPartOf":{"@id":"https:\/\/ubirataonline.com.br\/#website"},"primaryImageOfPage":{"@id":"https:\/\/ubirataonline.com.br\/bolsas-da-europa-fecham-em-queda-com-incertezas-sobre-negociacoes-entre-eua-e-ira\/#primaryimage"},"image":{"@id":"https:\/\/ubirataonline.com.br\/bolsas-da-europa-fecham-em-queda-com-incertezas-sobre-negociacoes-entre-eua-e-ira\/#primaryimage"},"thumbnailUrl":"https:\/\/ubirataonline.com.br\/wp-content\/uploads\/2026\/03\/Gilmar-ve-explicacao-insuficiente-e-da-72-horas-para-MPRJ.gif","datePublished":"2026-04-20T16:14:57+00:00","dateModified":"2026-04-20T16:14:58+00:00","description":"As bolsas da Europa fecharam em queda nesta segunda-feira, 20, \u00e0 medida que os investidores mant\u00eam cautela diante de informa\u00e7\u00f5es conflitantes sobre a","breadcrumb":{"@id":"https:\/\/ubirataonline.com.br\/bolsas-da-europa-fecham-em-queda-com-incertezas-sobre-negociacoes-entre-eua-e-ira\/#breadcrumb"},"inLanguage":"en-US","potentialAction":[{"@type":"ReadAction","target":["https:\/\/ubirataonline.com.br\/bolsas-da-europa-fecham-em-queda-com-incertezas-sobre-negociacoes-entre-eua-e-ira\/"]}]},{"@type":"ImageObject","inLanguage":"en-US","@id":"https:\/\/ubirataonline.com.br\/bolsas-da-europa-fecham-em-queda-com-incertezas-sobre-negociacoes-entre-eua-e-ira\/#primaryimage","url":"https:\/\/ubirataonline.com.br\/wp-content\/uploads\/2026\/03\/Gilmar-ve-explicacao-insuficiente-e-da-72-horas-para-MPRJ.gif","contentUrl":"https:\/\/ubirataonline.com.br\/wp-content\/uploads\/2026\/03\/Gilmar-ve-explicacao-insuficiente-e-da-72-horas-para-MPRJ.gif","width":768,"height":461,"caption":"Gilmar v\u00ea explica\u00e7\u00e3o insuficiente e d\u00e1 72 horas para MPRJ explicar pagamento de penduricalhos"},{"@type":"BreadcrumbList","@id":"https:\/\/ubirataonline.com.br\/bolsas-da-europa-fecham-em-queda-com-incertezas-sobre-negociacoes-entre-eua-e-ira\/#breadcrumb","itemListElement":[{"@type":"ListItem","position":1,"name":"In\u00edcio","item":"https:\/\/ubirataonline.com.br\/"},{"@type":"ListItem","position":2,"name":"Bolsas da Europa fecham em queda com incertezas sobre negocia\u00e7\u00f5es entre EUA e Ir\u00e3"}]},{"@type":"WebSite","@id":"https:\/\/ubirataonline.com.br\/#website","url":"https:\/\/ubirataonline.com.br\/","name":"Ubirat\u00e3 Online Not\u00edcias","description":"Not\u00edcias de Ubirat\u00e3, regi\u00e3o, Brasil e mundo, com informa\u00e7\u00e3o atualizada e compromisso com o leitor.","publisher":{"@id":"https:\/\/ubirataonline.com.br\/#organization"},"alternateName":"Ubirat\u00e3 Online","potentialAction":[{"@type":"SearchAction","target":{"@type":"EntryPoint","urlTemplate":"https:\/\/ubirataonline.com.br\/?s={search_term_string}"},"query-input":{"@type":"PropertyValueSpecification","valueRequired":true,"valueName":"search_term_string"}}],"inLanguage":"en-US"},{"@type":["Organization","Place"],"@id":"https:\/\/ubirataonline.com.br\/#organization","name":"Ubirat\u00e3 Online Not\u00edcias","alternateName":"Ubirat\u00e3 Online","url":"https:\/\/ubirataonline.com.br\/","logo":{"@id":"https:\/\/ubirataonline.com.br\/bolsas-da-europa-fecham-em-queda-com-incertezas-sobre-negociacoes-entre-eua-e-ira\/#local-main-organization-logo"},"image":{"@id":"https:\/\/ubirataonline.com.br\/bolsas-da-europa-fecham-em-queda-com-incertezas-sobre-negociacoes-entre-eua-e-ira\/#local-main-organization-logo"},"sameAs":["https:\/\/www.facebook.com\/portalubirataonline","https:\/\/x.com\/ubirataonline","https:\/\/mastodon.social\/@ubirataonline","https:\/\/www.facebook.com\/groups\/311144672285604","https:\/\/www.facebook.com\/UBTAOnline","https:\/\/www.instagram.com\/portalubirataonline\/","https:\/\/twitter.com\/ubirataonline"],"description":"Somos um portal de not\u00edcias independente, criado em 5 de janeiro de 2009, com o objetivo de informar, conectar e valorizar a nossa comunidade de Ubirat\u00e3 e toda aregi\u00e3o. Com conte\u00fado atualizado, confi\u00e1vel e relevante, o Ubirat\u00e3 Online \u00e9 o seu espa\u00e7o para ficar por dentro dos principais acontecimentos locais, regionais, Brasil, Mundo e de interesse geral. Nosso compromisso \u00e9 com a verdade, a transpar\u00eancia e o respeito ao leitor.","legalName":"UBIRATA ONLINE NOT\u00cdCIAS","foundingDate":"2009-01-05","numberOfEmployees":{"@type":"QuantitativeValue","minValue":"1","maxValue":"10"},"publishingPrinciples":"https:\/\/ubirataonline.com.br\/faq\/","address":{"@id":"https:\/\/ubirataonline.com.br\/bolsas-da-europa-fecham-em-queda-com-incertezas-sobre-negociacoes-entre-eua-e-ira\/#local-main-place-address"},"geo":{"@type":"GeoCoordinates","latitude":"-24.5361401","longitude":"-52.9921776"},"telephone":["+5544998308235"],"contactPoint":{"@type":"ContactPoint","email":"contato@ubirataonline.com.br"},"openingHoursSpecification":{"@type":"OpeningHoursSpecification","dayOfWeek":["Monday","Tuesday","Wednesday","Thursday","Friday","Saturday","Sunday"],"opens":"00:00","closes":"23:59"},"email":"contato@ubirataonline.com.br","vatID":"47.621.418\/0001-80"},{"@type":"Person","@id":"https:\/\/ubirataonline.com.br\/#\/schema\/person\/372f87bbd3fdd79b8556b84c98d0bc1c","name":"REDA\u00c7\u00c3O: UBIRAT\u00c3 ONLINE - F\u00c1BIO AUGUSTO CELESTINO","pronouns":"Ele","description":"Desde 2003 trabalhando com not\u00edcias.","sameAs":["http:\/\/ubirataoline.com.br","https:\/\/www.facebook.com\/portalubirataonline","https:\/\/www.instagram.com\/ubirataonline_oficial","https:\/\/x.com\/x.com\/ubirataonline"],"honorificPrefix":"Mr.","honorificSuffix":"MD","birthDate":"1980-06-16","gender":"masculino","award":["V\u00e1rios pr\u00eamios de melhor portal da cidade"],"jobTitle":"Diretor","url":"https:\/\/ubirataonline.com.br\/en\/author\/ubirataonline\/"},{"@type":"PostalAddress","@id":"https:\/\/ubirataonline.com.br\/bolsas-da-europa-fecham-em-queda-com-incertezas-sobre-negociacoes-entre-eua-e-ira\/#local-main-place-address","streetAddress":"Rua dos Coqueiros, 104 - Bairro Boa Vista, Rua dos Coqueiros, 104 Bairro Boa Vista","addressLocality":"UBIRATA","postalCode":"85440-000","addressRegion":"PR","addressCountry":"BR"},{"@type":"ImageObject","inLanguage":"en-US","@id":"https:\/\/ubirataonline.com.br\/bolsas-da-europa-fecham-em-queda-com-incertezas-sobre-negociacoes-entre-eua-e-ira\/#local-main-organization-logo","url":"https:\/\/ubirataonline.com.br\/wp-content\/uploads\/2026\/06\/logoubirataonline-1.webp","contentUrl":"https:\/\/ubirataonline.com.br\/wp-content\/uploads\/2026\/06\/logoubirataonline-1.webp","width":500,"height":500,"caption":"Ubirat\u00e3 Online Not\u00edcias"}]},"geo.placename":"UBIRATA","geo.position":{"lat":"-24.5361401","long":"-52.9921776"},"geo.region":"Brazil"},"_links":{"self":[{"href":"https:\/\/ubirataonline.com.br\/en\/wp-json\/wp\/v2\/posts\/112912","targetHints":{"allow":["GET"]}}],"collection":[{"href":"https:\/\/ubirataonline.com.br\/en\/wp-json\/wp\/v2\/posts"}],"about":[{"href":"https:\/\/ubirataonline.com.br\/en\/wp-json\/wp\/v2\/types\/post"}],"author":[{"embeddable":true,"href":"https:\/\/ubirataonline.com.br\/en\/wp-json\/wp\/v2\/users\/1"}],"replies":[{"embeddable":true,"href":"https:\/\/ubirataonline.com.br\/en\/wp-json\/wp\/v2\/comments?post=112912"}],"version-history":[{"count":0,"href":"https:\/\/ubirataonline.com.br\/en\/wp-json\/wp\/v2\/posts\/112912\/revisions"}],"wp:featuredmedia":[{"embeddable":true,"href":"https:\/\/ubirataonline.com.br\/en\/wp-json\/wp\/v2\/media\/92994"}],"wp:attachment":[{"href":"https:\/\/ubirataonline.com.br\/en\/wp-json\/wp\/v2\/media?parent=112912"}],"wp:term":[{"taxonomy":"category","embeddable":true,"href":"https:\/\/ubirataonline.com.br\/en\/wp-json\/wp\/v2\/categories?post=112912"},{"taxonomy":"post_tag","embeddable":true,"href":"https:\/\/ubirataonline.com.br\/en\/wp-json\/wp\/v2\/tags?post=112912"}],"curies":[{"name":"wp","href":"https:\/\/api.w.org\/{rel}","templated":true}]}}