{"id":112963,"date":"2026-04-20T14:20:04","date_gmt":"2026-04-20T17:20:04","guid":{"rendered":"https:\/\/ubirataonline.com.br\/?p=112963"},"modified":"2026-04-20T14:20:05","modified_gmt":"2026-04-20T17:20:05","slug":"ubirata-vai-inaugurar-novo-espaco-comunitario-e-os-convites-ja-estao-sendo-enviados","status":"publish","type":"post","link":"https:\/\/ubirataonline.com.br\/en\/ubirata-vai-inaugurar-novo-espaco-comunitario-e-os-convites-ja-estao-sendo-enviados\/","title":{"rendered":"Ubirat\u00e3 vai inaugurar novo espa\u00e7o comunit\u00e1rio \u2014 e os convites j\u00e1 est\u00e3o sendo enviados"},"content":{"rendered":"<hr class=\"wp-block-separator has-alpha-channel-opacity\"\/>\n\n\n\n<p class=\"wp-block-paragraph\">Quem mora em Ubirat\u00e3 vai receber nas pr\u00f3ximas semanas um convite diferente dos habituais. <a href=\"https:\/\/www.ubirata.pr.gov.br\/\">A Prefeitura Municipal<\/a> est\u00e1 encerrando os preparativos para a cerim\u00f4nia oficial de inaugura\u00e7\u00e3o do novo espa\u00e7o comunit\u00e1rio da cidade \u2014 e fez quest\u00e3o que esse momento fosse marcado com capricho, desde a primeira pe\u00e7a que chega \u00e0s m\u00e3os da popula\u00e7\u00e3o.<\/p>\n\n\n\n<p class=\"wp-block-paragraph\">Os convites foram produzidos pelo <a href=\"https:\/\/www.ateliedalola.com.br\/\">Ateli\u00ea da Lola<\/a>, empresa vencedora do processo licitat\u00f3rio aberto pela gest\u00e3o municipal para a contrata\u00e7\u00e3o da papelaria oficial do evento. A escolha passou por crit\u00e9rios t\u00e9cnicos e de proposta \u2014 e o resultado, segundo a administra\u00e7\u00e3o, est\u00e1 \u00e0 altura da obra entregue.<\/p>\n\n\n\n<p class=\"wp-block-paragraph\"><strong>Um convite que j\u00e1 conta o que vem pela frente<\/strong><\/p>\n\n\n\n<p class=\"wp-block-paragraph\">Existe uma coisa que cerim\u00f4nias de inaugura\u00e7\u00e3o oficial muitas vezes erram: o convite chega gen\u00e9rico, impessoal, feito \u00e0s pressas. Uma folha dobrada com logotipo da prefeitura e dados do evento \u2014 e pronto. Ningu\u00e9m guarda, ningu\u00e9m comenta.<\/p>\n\n\n\n<p class=\"wp-block-paragraph\">A decis\u00e3o de abrir licita\u00e7\u00e3o espec\u00edfica para essa pe\u00e7a diz algo sobre a inten\u00e7\u00e3o da gest\u00e3o. Quando uma prefeitura se preocupa com a identidade visual do evento antes mesmo da data ser definida publicamente, o recado \u00e9 claro: essa inaugura\u00e7\u00e3o n\u00e3o \u00e9 protocolo. \u00c9 celebra\u00e7\u00e3o.<\/p>\n\n\n\n<p class=\"wp-block-paragraph\">O Ateli\u00ea da Lola \u00e9 conhecido justamente por tratar convites como objetos \u2014 n\u00e3o como papel impresso. A empresa trabalha com papelaria fina, impress\u00e3o especial e acabamentos que tornam cada pe\u00e7a algo que as pessoas seguram com aten\u00e7\u00e3o antes de abrir. Para um evento institucional com autoridades, moradores e lideran\u00e7as locais, esse tipo de cuidado faz diferen\u00e7a no tom de tudo o que vem depois.<\/p>\n\n\n\n<p class=\"wp-block-paragraph\"><strong>O que \u00e9 o novo espa\u00e7o comunit\u00e1rio<\/strong><\/p>\n\n\n\n<p class=\"wp-block-paragraph\">O equipamento representa um investimento direto da prefeitura na qualidade de vida dos bairros. Espa\u00e7os comunit\u00e1rios bem estruturados \u2014 com \u00e1rea de conviv\u00eancia, possibilidade de atividades culturais e de uso coletivo \u2014 mudam a din\u00e2mica de uma regi\u00e3o inteira. N\u00e3o \u00e9 exagero dizer isso: em cidades do interior do Paran\u00e1, esses centros acabam se tornando ponto de refer\u00eancia para dezenas de fam\u00edlias.<\/p>\n\n\n\n<p class=\"wp-block-paragraph\">A obra foi entregue dentro do prazo, e a cerim\u00f4nia de inaugura\u00e7\u00e3o vai reunir representantes da administra\u00e7\u00e3o municipal, moradores da regi\u00e3o beneficiada e parceiros envolvidos na execu\u00e7\u00e3o. A previs\u00e3o \u00e9 que o convite oficial chegue \u00e0s casas e \u00e0s caixas de entrada dos convidados nos pr\u00f3ximos dias.<\/p>\n\n\n\n<p class=\"wp-block-paragraph\"><strong>Por que a licita\u00e7\u00e3o do convite importa<\/strong><\/p>\n\n\n\n<p class=\"wp-block-paragraph\">Pode parecer detalhe \u2014 afinal, o que muda um convite numa inaugura\u00e7\u00e3o de obra p\u00fablica? Mais do que parece.<\/p>\n\n\n\n<p class=\"wp-block-paragraph\">A escolha de um fornecedor via processo licitat\u00f3rio transparente garante que a contrata\u00e7\u00e3o seguiu crit\u00e9rios t\u00e9cnicos e de melhor proposta, sem favoritismo. Que o dinheiro p\u00fablico foi para quem apresentou a melhor solu\u00e7\u00e3o. E que o resultado final \u2014 o convite que vai \u00e0 m\u00e3o de cada convidado \u2014 \u00e9 fruto de um trabalho avaliado, n\u00e3o de uma indica\u00e7\u00e3o.<\/p>\n\n\n\n<p class=\"wp-block-paragraph\">O Ateli\u00ea da Lola venceu essa disputa apresentando uma proposta criativa, com uso de materiais diferenciados e uma linguagem visual compat\u00edvel com o peso do evento. Para quem conhece o portf\u00f3lio da empresa o resultado n\u00e3o surpreende.<\/p>\n\n\n\n<p class=\"wp-block-paragraph\"><strong>Para a comunidade, o que fica<\/strong><\/p>\n\n\n\n<p class=\"wp-block-paragraph\">No fim, o convite \u00e9 o in\u00edcio de algo. \u00c9 o primeiro contato f\u00edsico que muitos moradores v\u00e3o ter com a not\u00edcia de que um espa\u00e7o novo \u2014 constru\u00eddo com recurso p\u00fablico, pensado para uso coletivo \u2014 vai abrir as portas.<\/p>\n\n\n\n<p class=\"wp-block-paragraph\">Quando esse primeiro contato \u00e9 bem cuidado, ele j\u00e1 faz parte da mem\u00f3ria do evento. E \u00e9 exatamente isso que diferencia uma inaugura\u00e7\u00e3o de rotina de uma que a cidade vai lembrar por um bom tempo.<\/p>","protected":false},"excerpt":{"rendered":"<p>Quem mora em Ubirat\u00e3 vai receber nas pr\u00f3ximas semanas um convite diferente dos habituais. A Prefeitura Municipal est\u00e1 encerrando os preparativos para a cerim\u00f4nia oficial de inaugura\u00e7\u00e3o do novo espa\u00e7o comunit\u00e1rio da cidade \u2014 e fez quest\u00e3o que esse momento fosse marcado com capricho, desde a primeira pe\u00e7a que chega \u00e0s m\u00e3os da popula\u00e7\u00e3o. Os [&hellip;]<\/p>\n","protected":false},"author":13,"featured_media":0,"comment_status":"closed","ping_status":"closed","sticky":false,"template":"","format":"standard","meta":{"googlesitekit_rrm_CAow2JLhCw:productID":"","_gspb_post_css":"","maa_idioma":"","maa_pais":"","footnotes":""},"categories":[1],"tags":[],"class_list":["post-112963","post","type-post","status-publish","format-standard","hentry","category-ubirata"],"blocksy_meta":[],"yoast_head":"<!-- This site is optimized with the Yoast SEO Premium plugin v27.6 (Yoast SEO v27.6) - https:\/\/yoast.com\/product\/yoast-seo-premium-wordpress\/ -->\n<title>Ubirat\u00e3 vai inaugurar novo espa\u00e7o comunit\u00e1rio \u2014 e os convites j\u00e1 est\u00e3o sendo enviados - Ubirat\u00e3 Online Not\u00edcias - A realidade ao seu alcance!<\/title>\n<meta name=\"description\" content=\"Quem mora em Ubirat\u00e3 vai receber nas pr\u00f3ximas semanas um convite diferente dos habituais. A Prefeitura Municipal est\u00e1 encerrando os preparativos para a\" \/>\n<meta name=\"robots\" content=\"index, follow, max-snippet:-1, max-image-preview:large, max-video-preview:-1\" \/>\n<link rel=\"canonical\" href=\"https:\/\/ubirataonline.com.br\/en\/ubirata-vai-inaugurar-novo-espaco-comunitario-e-os-convites-ja-estao-sendo-enviados\/\" \/>\n<meta property=\"og:locale\" content=\"en_US\" \/>\n<meta property=\"og:type\" content=\"article\" \/>\n<meta property=\"og:title\" content=\"Ubirat\u00e3 vai inaugurar novo espa\u00e7o comunit\u00e1rio \u2014 e os convites j\u00e1 est\u00e3o sendo enviados\" \/>\n<meta property=\"og:description\" content=\"Quem mora em Ubirat\u00e3 vai receber nas pr\u00f3ximas semanas um convite diferente dos habituais. A Prefeitura Municipal est\u00e1 encerrando os preparativos para a\" \/>\n<meta property=\"og:url\" content=\"https:\/\/ubirataonline.com.br\/en\/ubirata-vai-inaugurar-novo-espaco-comunitario-e-os-convites-ja-estao-sendo-enviados\/\" \/>\n<meta property=\"og:site_name\" content=\"Ubirat\u00e3 Online Not\u00edcias - A realidade ao seu alcance!\" \/>\n<meta property=\"article:publisher\" content=\"https:\/\/www.facebook.com\/portalubirataonline\" \/>\n<meta property=\"article:published_time\" content=\"2026-04-20T17:20:04+00:00\" \/>\n<meta property=\"article:modified_time\" content=\"2026-04-20T17:20:05+00:00\" \/>\n<meta property=\"og:image\" content=\"https:\/\/ubirataonline.com.br\/wp-content\/uploads\/2026\/05\/logo2026.webp\" \/>\n\t<meta property=\"og:image:width\" content=\"1531\" \/>\n\t<meta property=\"og:image:height\" content=\"418\" \/>\n\t<meta property=\"og:image:type\" content=\"image\/webp\" \/>\n<meta name=\"author\" content=\"Eduardo\" \/>\n<meta name=\"twitter:card\" content=\"summary_large_image\" \/>\n<meta name=\"twitter:creator\" content=\"@ubirataonline\" \/>\n<meta name=\"twitter:site\" content=\"@ubirataonline\" \/>\n<meta name=\"twitter:label1\" content=\"Written by\" \/>\n\t<meta name=\"twitter:data1\" content=\"Eduardo\" \/>\n\t<meta name=\"twitter:label2\" content=\"Est. reading time\" \/>\n\t<meta name=\"twitter:data2\" content=\"3 minutes\" \/>\n<script type=\"application\/ld+json\" class=\"yoast-schema-graph\">{\"@context\":\"https:\\\/\\\/schema.org\",\"@graph\":[{\"@type\":\"NewsArticle\",\"@id\":\"https:\\\/\\\/ubirataonline.com.br\\\/ubirata-vai-inaugurar-novo-espaco-comunitario-e-os-convites-ja-estao-sendo-enviados\\\/#article\",\"isPartOf\":{\"@id\":\"https:\\\/\\\/ubirataonline.com.br\\\/ubirata-vai-inaugurar-novo-espaco-comunitario-e-os-convites-ja-estao-sendo-enviados\\\/\"},\"author\":{\"name\":\"Eduardo\",\"@id\":\"https:\\\/\\\/ubirataonline.com.br\\\/#\\\/schema\\\/person\\\/ae23b7e52da694a7051539ccc0ff050e\"},\"headline\":\"Ubirat\u00e3 vai inaugurar novo espa\u00e7o comunit\u00e1rio \u2014 e os convites j\u00e1 est\u00e3o sendo enviados\",\"datePublished\":\"2026-04-20T17:20:04+00:00\",\"dateModified\":\"2026-04-20T17:20:05+00:00\",\"mainEntityOfPage\":{\"@id\":\"https:\\\/\\\/ubirataonline.com.br\\\/ubirata-vai-inaugurar-novo-espaco-comunitario-e-os-convites-ja-estao-sendo-enviados\\\/\"},\"wordCount\":646,\"publisher\":{\"@id\":\"https:\\\/\\\/ubirataonline.com.br\\\/#organization\"},\"articleSection\":[\"Ubirat\u00e3\"],\"inLanguage\":\"en-US\",\"copyrightYear\":\"2026\",\"copyrightHolder\":{\"@id\":\"https:\\\/\\\/ubirataonline.com.br\\\/en\\\/#organization\"}},{\"@type\":\"WebPage\",\"@id\":\"https:\\\/\\\/ubirataonline.com.br\\\/ubirata-vai-inaugurar-novo-espaco-comunitario-e-os-convites-ja-estao-sendo-enviados\\\/\",\"url\":\"https:\\\/\\\/ubirataonline.com.br\\\/ubirata-vai-inaugurar-novo-espaco-comunitario-e-os-convites-ja-estao-sendo-enviados\\\/\",\"name\":\"Ubirat\u00e3 vai inaugurar novo espa\u00e7o comunit\u00e1rio \u2014 e os convites j\u00e1 est\u00e3o sendo enviados - Ubirat\u00e3 Online Not\u00edcias - A realidade ao seu alcance!\",\"isPartOf\":{\"@id\":\"https:\\\/\\\/ubirataonline.com.br\\\/#website\"},\"datePublished\":\"2026-04-20T17:20:04+00:00\",\"dateModified\":\"2026-04-20T17:20:05+00:00\",\"description\":\"Quem mora em Ubirat\u00e3 vai receber nas pr\u00f3ximas semanas um convite diferente dos habituais. A Prefeitura Municipal est\u00e1 encerrando os preparativos para a\",\"breadcrumb\":{\"@id\":\"https:\\\/\\\/ubirataonline.com.br\\\/ubirata-vai-inaugurar-novo-espaco-comunitario-e-os-convites-ja-estao-sendo-enviados\\\/#breadcrumb\"},\"inLanguage\":\"en-US\",\"potentialAction\":[{\"@type\":\"ReadAction\",\"target\":[\"https:\\\/\\\/ubirataonline.com.br\\\/ubirata-vai-inaugurar-novo-espaco-comunitario-e-os-convites-ja-estao-sendo-enviados\\\/\"]}]},{\"@type\":\"BreadcrumbList\",\"@id\":\"https:\\\/\\\/ubirataonline.com.br\\\/ubirata-vai-inaugurar-novo-espaco-comunitario-e-os-convites-ja-estao-sendo-enviados\\\/#breadcrumb\",\"itemListElement\":[{\"@type\":\"ListItem\",\"position\":1,\"name\":\"In\u00edcio\",\"item\":\"https:\\\/\\\/ubirataonline.com.br\\\/\"},{\"@type\":\"ListItem\",\"position\":2,\"name\":\"Ubirat\u00e3 vai inaugurar novo espa\u00e7o comunit\u00e1rio \u2014 e os convites j\u00e1 est\u00e3o sendo enviados\"}]},{\"@type\":\"WebSite\",\"@id\":\"https:\\\/\\\/ubirataonline.com.br\\\/#website\",\"url\":\"https:\\\/\\\/ubirataonline.com.br\\\/\",\"name\":\"Ubirat\u00e3 Online Not\u00edcias\",\"description\":\"Not\u00edcias de Ubirat\u00e3, regi\u00e3o, Brasil e mundo, com informa\u00e7\u00e3o atualizada e compromisso com o leitor.\",\"publisher\":{\"@id\":\"https:\\\/\\\/ubirataonline.com.br\\\/#organization\"},\"alternateName\":\"Ubirat\u00e3 Online\",\"potentialAction\":[{\"@type\":\"SearchAction\",\"target\":{\"@type\":\"EntryPoint\",\"urlTemplate\":\"https:\\\/\\\/ubirataonline.com.br\\\/?s={search_term_string}\"},\"query-input\":{\"@type\":\"PropertyValueSpecification\",\"valueRequired\":true,\"valueName\":\"search_term_string\"}}],\"inLanguage\":\"en-US\"},{\"@type\":[\"Organization\",\"Place\"],\"@id\":\"https:\\\/\\\/ubirataonline.com.br\\\/#organization\",\"name\":\"Ubirat\u00e3 Online Not\u00edcias\",\"alternateName\":\"Ubirat\u00e3 Online\",\"url\":\"https:\\\/\\\/ubirataonline.com.br\\\/\",\"logo\":{\"@id\":\"https:\\\/\\\/ubirataonline.com.br\\\/ubirata-vai-inaugurar-novo-espaco-comunitario-e-os-convites-ja-estao-sendo-enviados\\\/#local-main-organization-logo\"},\"image\":{\"@id\":\"https:\\\/\\\/ubirataonline.com.br\\\/ubirata-vai-inaugurar-novo-espaco-comunitario-e-os-convites-ja-estao-sendo-enviados\\\/#local-main-organization-logo\"},\"sameAs\":[\"https:\\\/\\\/www.facebook.com\\\/portalubirataonline\",\"https:\\\/\\\/x.com\\\/ubirataonline\",\"https:\\\/\\\/mastodon.social\\\/@ubirataonline\",\"https:\\\/\\\/www.facebook.com\\\/groups\\\/311144672285604\",\"https:\\\/\\\/www.facebook.com\\\/UBTAOnline\",\"https:\\\/\\\/www.instagram.com\\\/portalubirataonline\\\/\",\"https:\\\/\\\/twitter.com\\\/ubirataonline\"],\"description\":\"Somos um portal de not\u00edcias independente, criado em 5 de janeiro de 2009, com o objetivo de informar, conectar e valorizar a nossa comunidade de Ubirat\u00e3 e toda aregi\u00e3o. Com conte\u00fado atualizado, confi\u00e1vel e relevante, o Ubirat\u00e3 Online \u00e9 o seu espa\u00e7o para ficar por dentro dos principais acontecimentos locais, regionais, Brasil, Mundo e de interesse geral. Nosso compromisso \u00e9 com a verdade, a transpar\u00eancia e o respeito ao leitor.\",\"legalName\":\"UBIRATA ONLINE NOT\u00cdCIAS\",\"foundingDate\":\"2009-01-05\",\"numberOfEmployees\":{\"@type\":\"QuantitativeValue\",\"minValue\":\"1\",\"maxValue\":\"10\"},\"publishingPrinciples\":\"https:\\\/\\\/ubirataonline.com.br\\\/faq\\\/\",\"address\":{\"@id\":\"https:\\\/\\\/ubirataonline.com.br\\\/ubirata-vai-inaugurar-novo-espaco-comunitario-e-os-convites-ja-estao-sendo-enviados\\\/#local-main-place-address\"},\"geo\":{\"@type\":\"GeoCoordinates\",\"latitude\":\"-24.5361401\",\"longitude\":\"-52.9921776\"},\"telephone\":[\"+5544998308235\"],\"contactPoint\":{\"@type\":\"ContactPoint\",\"email\":\"contato@ubirataonline.com.br\"},\"openingHoursSpecification\":{\"@type\":\"OpeningHoursSpecification\",\"dayOfWeek\":[\"Monday\",\"Tuesday\",\"Wednesday\",\"Thursday\",\"Friday\",\"Saturday\",\"Sunday\"],\"opens\":\"00:00\",\"closes\":\"23:59\"},\"email\":\"contato@ubirataonline.com.br\",\"vatID\":\"47.621.418\\\/0001-80\"},{\"@type\":\"Person\",\"@id\":\"https:\\\/\\\/ubirataonline.com.br\\\/#\\\/schema\\\/person\\\/ae23b7e52da694a7051539ccc0ff050e\",\"name\":\"Eduardo\",\"url\":\"https:\\\/\\\/ubirataonline.com.br\\\/en\\\/author\\\/eduardo\\\/\"},{\"@type\":\"PostalAddress\",\"@id\":\"https:\\\/\\\/ubirataonline.com.br\\\/ubirata-vai-inaugurar-novo-espaco-comunitario-e-os-convites-ja-estao-sendo-enviados\\\/#local-main-place-address\",\"streetAddress\":\"Rua dos Coqueiros, 104 - Bairro Boa Vista, Rua dos Coqueiros, 104 Bairro Boa Vista\",\"addressLocality\":\"UBIRATA\",\"postalCode\":\"85440-000\",\"addressRegion\":\"PR\",\"addressCountry\":\"BR\"},{\"@type\":\"ImageObject\",\"inLanguage\":\"en-US\",\"@id\":\"https:\\\/\\\/ubirataonline.com.br\\\/ubirata-vai-inaugurar-novo-espaco-comunitario-e-os-convites-ja-estao-sendo-enviados\\\/#local-main-organization-logo\",\"url\":\"https:\\\/\\\/ubirataonline.com.br\\\/wp-content\\\/uploads\\\/2026\\\/06\\\/logoubirataonline-1.webp\",\"contentUrl\":\"https:\\\/\\\/ubirataonline.com.br\\\/wp-content\\\/uploads\\\/2026\\\/06\\\/logoubirataonline-1.webp\",\"width\":500,\"height\":500,\"caption\":\"Ubirat\u00e3 Online Not\u00edcias\"}]}<\/script>\n<meta name=\"geo.placename\" content=\"UBIRATA\" \/>\n<meta name=\"geo.position\" content=\"-24.5361401;-52.9921776\" \/>\n<meta name=\"geo.region\" content=\"Brazil\" \/>\n<!-- \/ Yoast SEO Premium plugin. -->","yoast_head_json":{"title":"Ubirat\u00e3 vai inaugurar novo espa\u00e7o comunit\u00e1rio \u2014 e os convites j\u00e1 est\u00e3o sendo enviados - Ubirat\u00e3 Online Not\u00edcias - A realidade ao seu alcance!","description":"Quem mora em Ubirat\u00e3 vai receber nas pr\u00f3ximas semanas um convite diferente dos habituais. A Prefeitura Municipal est\u00e1 encerrando os preparativos para a","robots":{"index":"index","follow":"follow","max-snippet":"max-snippet:-1","max-image-preview":"max-image-preview:large","max-video-preview":"max-video-preview:-1"},"canonical":"https:\/\/ubirataonline.com.br\/en\/ubirata-vai-inaugurar-novo-espaco-comunitario-e-os-convites-ja-estao-sendo-enviados\/","og_locale":"en_US","og_type":"article","og_title":"Ubirat\u00e3 vai inaugurar novo espa\u00e7o comunit\u00e1rio \u2014 e os convites j\u00e1 est\u00e3o sendo enviados","og_description":"Quem mora em Ubirat\u00e3 vai receber nas pr\u00f3ximas semanas um convite diferente dos habituais. A Prefeitura Municipal est\u00e1 encerrando os preparativos para a","og_url":"https:\/\/ubirataonline.com.br\/en\/ubirata-vai-inaugurar-novo-espaco-comunitario-e-os-convites-ja-estao-sendo-enviados\/","og_site_name":"Ubirat\u00e3 Online Not\u00edcias - A realidade ao seu alcance!","article_publisher":"https:\/\/www.facebook.com\/portalubirataonline","article_published_time":"2026-04-20T17:20:04+00:00","article_modified_time":"2026-04-20T17:20:05+00:00","og_image":[{"width":1531,"height":418,"url":"https:\/\/ubirataonline.com.br\/wp-content\/uploads\/2026\/05\/logo2026.webp","type":"image\/webp"}],"author":"Eduardo","twitter_card":"summary_large_image","twitter_creator":"@ubirataonline","twitter_site":"@ubirataonline","twitter_misc":{"Written by":"Eduardo","Est. reading time":"3 minutes"},"schema":{"@context":"https:\/\/schema.org","@graph":[{"@type":"NewsArticle","@id":"https:\/\/ubirataonline.com.br\/ubirata-vai-inaugurar-novo-espaco-comunitario-e-os-convites-ja-estao-sendo-enviados\/#article","isPartOf":{"@id":"https:\/\/ubirataonline.com.br\/ubirata-vai-inaugurar-novo-espaco-comunitario-e-os-convites-ja-estao-sendo-enviados\/"},"author":{"name":"Eduardo","@id":"https:\/\/ubirataonline.com.br\/#\/schema\/person\/ae23b7e52da694a7051539ccc0ff050e"},"headline":"Ubirat\u00e3 vai inaugurar novo espa\u00e7o comunit\u00e1rio \u2014 e os convites j\u00e1 est\u00e3o sendo enviados","datePublished":"2026-04-20T17:20:04+00:00","dateModified":"2026-04-20T17:20:05+00:00","mainEntityOfPage":{"@id":"https:\/\/ubirataonline.com.br\/ubirata-vai-inaugurar-novo-espaco-comunitario-e-os-convites-ja-estao-sendo-enviados\/"},"wordCount":646,"publisher":{"@id":"https:\/\/ubirataonline.com.br\/#organization"},"articleSection":["Ubirat\u00e3"],"inLanguage":"en-US","copyrightYear":"2026","copyrightHolder":{"@id":"https:\/\/ubirataonline.com.br\/en\/#organization"}},{"@type":"WebPage","@id":"https:\/\/ubirataonline.com.br\/ubirata-vai-inaugurar-novo-espaco-comunitario-e-os-convites-ja-estao-sendo-enviados\/","url":"https:\/\/ubirataonline.com.br\/ubirata-vai-inaugurar-novo-espaco-comunitario-e-os-convites-ja-estao-sendo-enviados\/","name":"Ubirat\u00e3 vai inaugurar novo espa\u00e7o comunit\u00e1rio \u2014 e os convites j\u00e1 est\u00e3o sendo enviados - Ubirat\u00e3 Online Not\u00edcias - A realidade ao seu alcance!","isPartOf":{"@id":"https:\/\/ubirataonline.com.br\/#website"},"datePublished":"2026-04-20T17:20:04+00:00","dateModified":"2026-04-20T17:20:05+00:00","description":"Quem mora em Ubirat\u00e3 vai receber nas pr\u00f3ximas semanas um convite diferente dos habituais. A Prefeitura Municipal est\u00e1 encerrando os preparativos para a","breadcrumb":{"@id":"https:\/\/ubirataonline.com.br\/ubirata-vai-inaugurar-novo-espaco-comunitario-e-os-convites-ja-estao-sendo-enviados\/#breadcrumb"},"inLanguage":"en-US","potentialAction":[{"@type":"ReadAction","target":["https:\/\/ubirataonline.com.br\/ubirata-vai-inaugurar-novo-espaco-comunitario-e-os-convites-ja-estao-sendo-enviados\/"]}]},{"@type":"BreadcrumbList","@id":"https:\/\/ubirataonline.com.br\/ubirata-vai-inaugurar-novo-espaco-comunitario-e-os-convites-ja-estao-sendo-enviados\/#breadcrumb","itemListElement":[{"@type":"ListItem","position":1,"name":"In\u00edcio","item":"https:\/\/ubirataonline.com.br\/"},{"@type":"ListItem","position":2,"name":"Ubirat\u00e3 vai inaugurar novo espa\u00e7o comunit\u00e1rio \u2014 e os convites j\u00e1 est\u00e3o sendo enviados"}]},{"@type":"WebSite","@id":"https:\/\/ubirataonline.com.br\/#website","url":"https:\/\/ubirataonline.com.br\/","name":"Ubirat\u00e3 Online Not\u00edcias","description":"Not\u00edcias de Ubirat\u00e3, regi\u00e3o, Brasil e mundo, com informa\u00e7\u00e3o atualizada e compromisso com o leitor.","publisher":{"@id":"https:\/\/ubirataonline.com.br\/#organization"},"alternateName":"Ubirat\u00e3 Online","potentialAction":[{"@type":"SearchAction","target":{"@type":"EntryPoint","urlTemplate":"https:\/\/ubirataonline.com.br\/?s={search_term_string}"},"query-input":{"@type":"PropertyValueSpecification","valueRequired":true,"valueName":"search_term_string"}}],"inLanguage":"en-US"},{"@type":["Organization","Place"],"@id":"https:\/\/ubirataonline.com.br\/#organization","name":"Ubirat\u00e3 Online Not\u00edcias","alternateName":"Ubirat\u00e3 Online","url":"https:\/\/ubirataonline.com.br\/","logo":{"@id":"https:\/\/ubirataonline.com.br\/ubirata-vai-inaugurar-novo-espaco-comunitario-e-os-convites-ja-estao-sendo-enviados\/#local-main-organization-logo"},"image":{"@id":"https:\/\/ubirataonline.com.br\/ubirata-vai-inaugurar-novo-espaco-comunitario-e-os-convites-ja-estao-sendo-enviados\/#local-main-organization-logo"},"sameAs":["https:\/\/www.facebook.com\/portalubirataonline","https:\/\/x.com\/ubirataonline","https:\/\/mastodon.social\/@ubirataonline","https:\/\/www.facebook.com\/groups\/311144672285604","https:\/\/www.facebook.com\/UBTAOnline","https:\/\/www.instagram.com\/portalubirataonline\/","https:\/\/twitter.com\/ubirataonline"],"description":"Somos um portal de not\u00edcias independente, criado em 5 de janeiro de 2009, com o objetivo de informar, conectar e valorizar a nossa comunidade de Ubirat\u00e3 e toda aregi\u00e3o. Com conte\u00fado atualizado, confi\u00e1vel e relevante, o Ubirat\u00e3 Online \u00e9 o seu espa\u00e7o para ficar por dentro dos principais acontecimentos locais, regionais, Brasil, Mundo e de interesse geral. Nosso compromisso \u00e9 com a verdade, a transpar\u00eancia e o respeito ao leitor.","legalName":"UBIRATA ONLINE NOT\u00cdCIAS","foundingDate":"2009-01-05","numberOfEmployees":{"@type":"QuantitativeValue","minValue":"1","maxValue":"10"},"publishingPrinciples":"https:\/\/ubirataonline.com.br\/faq\/","address":{"@id":"https:\/\/ubirataonline.com.br\/ubirata-vai-inaugurar-novo-espaco-comunitario-e-os-convites-ja-estao-sendo-enviados\/#local-main-place-address"},"geo":{"@type":"GeoCoordinates","latitude":"-24.5361401","longitude":"-52.9921776"},"telephone":["+5544998308235"],"contactPoint":{"@type":"ContactPoint","email":"contato@ubirataonline.com.br"},"openingHoursSpecification":{"@type":"OpeningHoursSpecification","dayOfWeek":["Monday","Tuesday","Wednesday","Thursday","Friday","Saturday","Sunday"],"opens":"00:00","closes":"23:59"},"email":"contato@ubirataonline.com.br","vatID":"47.621.418\/0001-80"},{"@type":"Person","@id":"https:\/\/ubirataonline.com.br\/#\/schema\/person\/ae23b7e52da694a7051539ccc0ff050e","name":"Eduardo","url":"https:\/\/ubirataonline.com.br\/en\/author\/eduardo\/"},{"@type":"PostalAddress","@id":"https:\/\/ubirataonline.com.br\/ubirata-vai-inaugurar-novo-espaco-comunitario-e-os-convites-ja-estao-sendo-enviados\/#local-main-place-address","streetAddress":"Rua dos Coqueiros, 104 - Bairro Boa Vista, Rua dos Coqueiros, 104 Bairro Boa Vista","addressLocality":"UBIRATA","postalCode":"85440-000","addressRegion":"PR","addressCountry":"BR"},{"@type":"ImageObject","inLanguage":"en-US","@id":"https:\/\/ubirataonline.com.br\/ubirata-vai-inaugurar-novo-espaco-comunitario-e-os-convites-ja-estao-sendo-enviados\/#local-main-organization-logo","url":"https:\/\/ubirataonline.com.br\/wp-content\/uploads\/2026\/06\/logoubirataonline-1.webp","contentUrl":"https:\/\/ubirataonline.com.br\/wp-content\/uploads\/2026\/06\/logoubirataonline-1.webp","width":500,"height":500,"caption":"Ubirat\u00e3 Online Not\u00edcias"}]},"geo.placename":"UBIRATA","geo.position":{"lat":"-24.5361401","long":"-52.9921776"},"geo.region":"Brazil"},"_links":{"self":[{"href":"https:\/\/ubirataonline.com.br\/en\/wp-json\/wp\/v2\/posts\/112963","targetHints":{"allow":["GET"]}}],"collection":[{"href":"https:\/\/ubirataonline.com.br\/en\/wp-json\/wp\/v2\/posts"}],"about":[{"href":"https:\/\/ubirataonline.com.br\/en\/wp-json\/wp\/v2\/types\/post"}],"author":[{"embeddable":true,"href":"https:\/\/ubirataonline.com.br\/en\/wp-json\/wp\/v2\/users\/13"}],"replies":[{"embeddable":true,"href":"https:\/\/ubirataonline.com.br\/en\/wp-json\/wp\/v2\/comments?post=112963"}],"version-history":[{"count":0,"href":"https:\/\/ubirataonline.com.br\/en\/wp-json\/wp\/v2\/posts\/112963\/revisions"}],"wp:attachment":[{"href":"https:\/\/ubirataonline.com.br\/en\/wp-json\/wp\/v2\/media?parent=112963"}],"wp:term":[{"taxonomy":"category","embeddable":true,"href":"https:\/\/ubirataonline.com.br\/en\/wp-json\/wp\/v2\/categories?post=112963"},{"taxonomy":"post_tag","embeddable":true,"href":"https:\/\/ubirataonline.com.br\/en\/wp-json\/wp\/v2\/tags?post=112963"}],"curies":[{"name":"wp","href":"https:\/\/api.w.org\/{rel}","templated":true}]}}