{"id":112968,"date":"2026-04-20T14:33:55","date_gmt":"2026-04-20T17:33:55","guid":{"rendered":"https:\/\/ubirataonline.com.br\/?p=112968"},"modified":"2026-04-20T14:33:56","modified_gmt":"2026-04-20T17:33:56","slug":"prefeitura-de-ubirata-aposta-em-manutencao-preventiva-pra-evitar-dor-de-cabeca-na-rede-publica","status":"publish","type":"post","link":"https:\/\/ubirataonline.com.br\/en\/prefeitura-de-ubirata-aposta-em-manutencao-preventiva-pra-evitar-dor-de-cabeca-na-rede-publica\/","title":{"rendered":"Prefeitura de Ubirat\u00e3 aposta em manuten\u00e7\u00e3o preventiva pra evitar dor de cabe\u00e7a na rede p\u00fablica"},"content":{"rendered":"<p class=\"wp-block-paragraph\"><\/p>\n\n\n\n<hr class=\"wp-block-separator has-alpha-channel-opacity\"\/>\n\n\n\n<p class=\"wp-block-paragraph\">Quem trabalha com servi\u00e7o p\u00fablico sabe: quando um equipamento para, o problema aparece na hora. N\u00e3o tem meio-termo. \u00c9 escola sem geladeira funcionando, reparti\u00e7\u00e3o com aparelho quebrado, gente esperando solu\u00e7\u00e3o\u2026 vira um efeito domin\u00f3.<\/p>\n\n\n\n<p class=\"wp-block-paragraph\">Pensando nisso, <a href=\"https:\/\/www.ubirata.pr.gov.br\/\">a Prefeitura de Ubirat\u00e3 <\/a>resolveu agir antes do problema aparecer. Em vez de ficar s\u00f3 apagando inc\u00eandio, fechou um contrato voltado pra manuten\u00e7\u00e3o preventiva de eletrodom\u00e9sticos em toda a estrutura municipal.<\/p>\n\n\n\n<p class=\"wp-block-paragraph\">E quando a gente fala \u201ctoda\u201d, \u00e9 toda mesmo: entra prefeitura, escolas, setores administrativos e outros pr\u00e9dios p\u00fablicos que dependem desses equipamentos no dia a dia.<\/p>\n\n\n\n<p class=\"wp-block-paragraph\">A empresa que venceu a licita\u00e7\u00e3o foi a <a href=\"https:\/\/assistencialuxemburgo.com.br\/\">Assist\u00eancia Luxemburgo<\/a>, que j\u00e1 atua nesse tipo de servi\u00e7o e, pelo que se v\u00ea, tem experi\u00eancia com demandas maiores \u2014 aquelas que n\u00e3o podem falhar.<\/p>\n\n\n\n<hr class=\"wp-block-separator has-alpha-channel-opacity\"\/>\n\n\n\n<h2 class=\"wp-block-heading\" id=\"h-evitar-o-problema-ainda-e-mais-barato-e-menos-estressante\">Evitar o problema ainda \u00e9 mais barato (e menos estressante)<\/h2>\n\n\n\n<p class=\"wp-block-paragraph\">Pode parecer b\u00e1sico, mas muita gest\u00e3o p\u00fablica ainda funciona no modo \u201cesperar quebrar pra arrumar\u201d. E a\u00ed j\u00e1 viu\u2026 o custo vem mais alto, o tempo de resposta demora e o preju\u00edzo j\u00e1 aconteceu.<\/p>\n\n\n\n<p class=\"wp-block-paragraph\">A manuten\u00e7\u00e3o preventiva entra justamente pra quebrar esse ciclo.<\/p>\n\n\n\n<p class=\"wp-block-paragraph\">\u00c9 aquele cuidado cont\u00ednuo: revis\u00e3o, ajuste, troca de pe\u00e7a antes de dar ruim. Nada muito glamouroso, mas extremamente eficiente. E no final do m\u00eas, isso pesa \u2014 ou melhor, economiza.<\/p>\n\n\n\n<p class=\"wp-block-paragraph\">Coisas simples que passam a ser evitadas:<\/p>\n\n\n\n<p class=\"wp-block-paragraph\">geladeira que para do nada<br>freezer que n\u00e3o gela direito<br>equipamento queimado por falta de revis\u00e3o<br>gastos urgentes que podiam ser planejados<\/p>\n\n\n\n<p class=\"wp-block-paragraph\">No papel parece detalhe. Na pr\u00e1tica, muda bastante coisa.<\/p>\n\n\n\n<hr class=\"wp-block-separator has-alpha-channel-opacity\"\/>\n\n\n\n<h2 class=\"wp-block-heading\" id=\"h-nas-escolas-o-impacto-e-direto-e-imediato\">Nas escolas, o impacto \u00e9 direto (e imediato)<\/h2>\n\n\n\n<p class=\"wp-block-paragraph\">Se tem um lugar onde isso faz diferen\u00e7a de verdade, \u00e9 nas escolas.<\/p>\n\n\n\n<p class=\"wp-block-paragraph\">N\u00e3o precisa nem for\u00e7ar muito a imagina\u00e7\u00e3o: calor, merenda armazenada, equipamento falha\u2026 pronto, j\u00e1 virou problema. E n\u00e3o \u00e9 pequeno.<\/p>\n\n\n\n<p class=\"wp-block-paragraph\">Quando uma geladeira para, n\u00e3o \u00e9 s\u00f3 um conserto. Tem alimento que pode ser perdido, tem log\u00edstica que trava, tem aluno que depende disso.<\/p>\n\n\n\n<p class=\"wp-block-paragraph\">Com a manuten\u00e7\u00e3o preventiva funcionando direitinho, esse tipo de situa\u00e7\u00e3o tende a cair muito. N\u00e3o some 100%, claro\u2026 mas j\u00e1 evita a maioria das dores de cabe\u00e7a.<\/p>\n\n\n\n<p class=\"wp-block-paragraph\">No fim, o que muda \u00e9 simples:<\/p>\n\n\n\n<p class=\"wp-block-paragraph\">menos desperd\u00edcio<br>mais seguran\u00e7a no armazenamento<br>continuidade no servi\u00e7o<br>menos improviso<\/p>\n\n\n\n<p class=\"wp-block-paragraph\">E isso, pra quem t\u00e1 na ponta, faz diferen\u00e7a mesmo.<\/p>\n\n\n\n<hr class=\"wp-block-separator has-alpha-channel-opacity\"\/>\n\n\n\n<h2 class=\"wp-block-heading\" id=\"h-empresa-escolhida-ja-trabalha-com-esse-tipo-de-demanda\">Empresa escolhida j\u00e1 trabalha com esse tipo de demanda<\/h2>\n\n\n\n<p class=\"wp-block-paragraph\">A escolha da Assist\u00eancia Luxemburgo veio atrav\u00e9s de licita\u00e7\u00e3o \u2014 como manda o processo \u2014 mas n\u00e3o \u00e9 s\u00f3 pre\u00e7o que pesa a\u00ed.<\/p>\n\n\n\n<p class=\"wp-block-paragraph\">Tem a parte t\u00e9cnica, hist\u00f3rico de atendimento, capacidade de lidar com volume\u2026 porque uma coisa \u00e9 atender uma casa, outra \u00e9 cuidar de uma rede inteira.<\/p>\n\n\n\n<p class=\"wp-block-paragraph\">Empresas que j\u00e1 est\u00e3o acostumadas com manuten\u00e7\u00e3o preventiva em escala maior normalmente t\u00eam processo mais organizado. Isso ajuda em duas coisas que contam muito:<\/p>\n\n\n\n<p class=\"wp-block-paragraph\">tempo de resposta<br>padroniza\u00e7\u00e3o do servi\u00e7o<\/p>\n\n\n\n<p class=\"wp-block-paragraph\">E, sendo bem sincero, isso \u00e9 o que evita retrabalho depois.<\/p>\n\n\n\n<hr class=\"wp-block-separator has-alpha-channel-opacity\"\/>\n\n\n\n<h2 class=\"wp-block-heading\" id=\"h-menos-improviso-mais-organizacao\">Menos improviso, mais organiza\u00e7\u00e3o<\/h2>\n\n\n\n<p class=\"wp-block-paragraph\">No fim das contas, esse tipo de contrato mostra uma mudan\u00e7a de postura. Sai um pouco daquele modelo reativo \u2014 de correr atr\u00e1s do preju\u00edzo \u2014 e entra algo mais planejado.<\/p>\n\n\n\n<p class=\"wp-block-paragraph\">N\u00e3o resolve tudo, claro. Mas j\u00e1 melhora bastante o funcionamento geral.<\/p>\n\n\n\n<p class=\"wp-block-paragraph\">Quando os equipamentos est\u00e3o em dia, ningu\u00e9m percebe. E talvez esse seja o melhor sinal.<\/p>\n\n\n\n<p class=\"wp-block-paragraph\">Porque quando d\u00e1 problema\u2026 todo mundo percebe na hora.<\/p>\n\n\n\n<p class=\"wp-block-paragraph\"><\/p>","protected":false},"excerpt":{"rendered":"<p>Quem trabalha com servi\u00e7o p\u00fablico sabe: quando um equipamento para, o problema aparece na hora. N\u00e3o tem meio-termo. \u00c9 escola sem geladeira funcionando, reparti\u00e7\u00e3o com aparelho quebrado, gente esperando solu\u00e7\u00e3o\u2026 vira um efeito domin\u00f3. Pensando nisso, a Prefeitura de Ubirat\u00e3 resolveu agir antes do problema aparecer. Em vez de ficar s\u00f3 apagando inc\u00eandio, fechou um [&hellip;]<\/p>\n","protected":false},"author":13,"featured_media":0,"comment_status":"closed","ping_status":"closed","sticky":false,"template":"","format":"standard","meta":{"googlesitekit_rrm_CAow2JLhCw:productID":"","_gspb_post_css":"","maa_idioma":"","maa_pais":"","footnotes":""},"categories":[1],"tags":[],"class_list":["post-112968","post","type-post","status-publish","format-standard","hentry","category-ubirata"],"blocksy_meta":[],"yoast_head":"<!-- This site is optimized with the Yoast SEO Premium plugin v27.6 (Yoast SEO v27.6) - https:\/\/yoast.com\/product\/yoast-seo-premium-wordpress\/ -->\n<title>Prefeitura de Ubirat\u00e3 aposta em manuten\u00e7\u00e3o preventiva pra evitar dor de cabe\u00e7a na rede p\u00fablica - Ubirat\u00e3 Online Not\u00edcias - A realidade ao seu alcance!<\/title>\n<meta name=\"description\" content=\"Quem trabalha com servi\u00e7o p\u00fablico sabe: quando um equipamento para, o problema aparece na hora. N\u00e3o tem meio-termo. \u00c9 escola sem geladeira funcionando,\" \/>\n<meta name=\"robots\" content=\"index, follow, max-snippet:-1, max-image-preview:large, max-video-preview:-1\" \/>\n<link rel=\"canonical\" href=\"https:\/\/ubirataonline.com.br\/en\/prefeitura-de-ubirata-aposta-em-manutencao-preventiva-pra-evitar-dor-de-cabeca-na-rede-publica\/\" \/>\n<meta property=\"og:locale\" content=\"en_US\" \/>\n<meta property=\"og:type\" content=\"article\" \/>\n<meta property=\"og:title\" content=\"Prefeitura de Ubirat\u00e3 aposta em manuten\u00e7\u00e3o preventiva pra evitar dor de cabe\u00e7a na rede p\u00fablica\" \/>\n<meta property=\"og:description\" content=\"Quem trabalha com servi\u00e7o p\u00fablico sabe: quando um equipamento para, o problema aparece na hora. N\u00e3o tem meio-termo. \u00c9 escola sem geladeira funcionando,\" \/>\n<meta property=\"og:url\" content=\"https:\/\/ubirataonline.com.br\/en\/prefeitura-de-ubirata-aposta-em-manutencao-preventiva-pra-evitar-dor-de-cabeca-na-rede-publica\/\" \/>\n<meta property=\"og:site_name\" content=\"Ubirat\u00e3 Online Not\u00edcias - A realidade ao seu alcance!\" \/>\n<meta property=\"article:publisher\" content=\"https:\/\/www.facebook.com\/portalubirataonline\" \/>\n<meta property=\"article:published_time\" content=\"2026-04-20T17:33:55+00:00\" \/>\n<meta property=\"article:modified_time\" content=\"2026-04-20T17:33:56+00:00\" \/>\n<meta property=\"og:image\" content=\"https:\/\/ubirataonline.com.br\/wp-content\/uploads\/2026\/05\/logo2026.webp\" \/>\n\t<meta property=\"og:image:width\" content=\"1531\" \/>\n\t<meta property=\"og:image:height\" content=\"418\" \/>\n\t<meta property=\"og:image:type\" content=\"image\/webp\" \/>\n<meta name=\"author\" content=\"Eduardo\" \/>\n<meta name=\"twitter:card\" content=\"summary_large_image\" \/>\n<meta name=\"twitter:creator\" content=\"@ubirataonline\" \/>\n<meta name=\"twitter:site\" content=\"@ubirataonline\" \/>\n<meta name=\"twitter:label1\" content=\"Written by\" \/>\n\t<meta name=\"twitter:data1\" content=\"Eduardo\" \/>\n\t<meta name=\"twitter:label2\" content=\"Est. reading time\" \/>\n\t<meta name=\"twitter:data2\" content=\"3 minutes\" \/>\n<script type=\"application\/ld+json\" class=\"yoast-schema-graph\">{\"@context\":\"https:\\\/\\\/schema.org\",\"@graph\":[{\"@type\":\"NewsArticle\",\"@id\":\"https:\\\/\\\/ubirataonline.com.br\\\/prefeitura-de-ubirata-aposta-em-manutencao-preventiva-pra-evitar-dor-de-cabeca-na-rede-publica\\\/#article\",\"isPartOf\":{\"@id\":\"https:\\\/\\\/ubirataonline.com.br\\\/prefeitura-de-ubirata-aposta-em-manutencao-preventiva-pra-evitar-dor-de-cabeca-na-rede-publica\\\/\"},\"author\":{\"name\":\"Eduardo\",\"@id\":\"https:\\\/\\\/ubirataonline.com.br\\\/#\\\/schema\\\/person\\\/ae23b7e52da694a7051539ccc0ff050e\"},\"headline\":\"Prefeitura de Ubirat\u00e3 aposta em manuten\u00e7\u00e3o preventiva pra evitar dor de cabe\u00e7a na rede p\u00fablica\",\"datePublished\":\"2026-04-20T17:33:55+00:00\",\"dateModified\":\"2026-04-20T17:33:56+00:00\",\"mainEntityOfPage\":{\"@id\":\"https:\\\/\\\/ubirataonline.com.br\\\/prefeitura-de-ubirata-aposta-em-manutencao-preventiva-pra-evitar-dor-de-cabeca-na-rede-publica\\\/\"},\"wordCount\":588,\"publisher\":{\"@id\":\"https:\\\/\\\/ubirataonline.com.br\\\/#organization\"},\"articleSection\":[\"Ubirat\u00e3\"],\"inLanguage\":\"en-US\",\"copyrightYear\":\"2026\",\"copyrightHolder\":{\"@id\":\"https:\\\/\\\/ubirataonline.com.br\\\/en\\\/#organization\"}},{\"@type\":\"WebPage\",\"@id\":\"https:\\\/\\\/ubirataonline.com.br\\\/prefeitura-de-ubirata-aposta-em-manutencao-preventiva-pra-evitar-dor-de-cabeca-na-rede-publica\\\/\",\"url\":\"https:\\\/\\\/ubirataonline.com.br\\\/prefeitura-de-ubirata-aposta-em-manutencao-preventiva-pra-evitar-dor-de-cabeca-na-rede-publica\\\/\",\"name\":\"Prefeitura de Ubirat\u00e3 aposta em manuten\u00e7\u00e3o preventiva pra evitar dor de cabe\u00e7a na rede p\u00fablica - Ubirat\u00e3 Online Not\u00edcias - A realidade ao seu alcance!\",\"isPartOf\":{\"@id\":\"https:\\\/\\\/ubirataonline.com.br\\\/#website\"},\"datePublished\":\"2026-04-20T17:33:55+00:00\",\"dateModified\":\"2026-04-20T17:33:56+00:00\",\"description\":\"Quem trabalha com servi\u00e7o p\u00fablico sabe: quando um equipamento para, o problema aparece na hora. N\u00e3o tem meio-termo. \u00c9 escola sem geladeira funcionando,\",\"breadcrumb\":{\"@id\":\"https:\\\/\\\/ubirataonline.com.br\\\/prefeitura-de-ubirata-aposta-em-manutencao-preventiva-pra-evitar-dor-de-cabeca-na-rede-publica\\\/#breadcrumb\"},\"inLanguage\":\"en-US\",\"potentialAction\":[{\"@type\":\"ReadAction\",\"target\":[\"https:\\\/\\\/ubirataonline.com.br\\\/prefeitura-de-ubirata-aposta-em-manutencao-preventiva-pra-evitar-dor-de-cabeca-na-rede-publica\\\/\"]}]},{\"@type\":\"BreadcrumbList\",\"@id\":\"https:\\\/\\\/ubirataonline.com.br\\\/prefeitura-de-ubirata-aposta-em-manutencao-preventiva-pra-evitar-dor-de-cabeca-na-rede-publica\\\/#breadcrumb\",\"itemListElement\":[{\"@type\":\"ListItem\",\"position\":1,\"name\":\"In\u00edcio\",\"item\":\"https:\\\/\\\/ubirataonline.com.br\\\/\"},{\"@type\":\"ListItem\",\"position\":2,\"name\":\"Prefeitura de Ubirat\u00e3 aposta em manuten\u00e7\u00e3o preventiva pra evitar dor de cabe\u00e7a na rede p\u00fablica\"}]},{\"@type\":\"WebSite\",\"@id\":\"https:\\\/\\\/ubirataonline.com.br\\\/#website\",\"url\":\"https:\\\/\\\/ubirataonline.com.br\\\/\",\"name\":\"Ubirat\u00e3 Online Not\u00edcias\",\"description\":\"Not\u00edcias de Ubirat\u00e3, regi\u00e3o, Brasil e mundo, com informa\u00e7\u00e3o atualizada e compromisso com o leitor.\",\"publisher\":{\"@id\":\"https:\\\/\\\/ubirataonline.com.br\\\/#organization\"},\"alternateName\":\"Ubirat\u00e3 Online\",\"potentialAction\":[{\"@type\":\"SearchAction\",\"target\":{\"@type\":\"EntryPoint\",\"urlTemplate\":\"https:\\\/\\\/ubirataonline.com.br\\\/?s={search_term_string}\"},\"query-input\":{\"@type\":\"PropertyValueSpecification\",\"valueRequired\":true,\"valueName\":\"search_term_string\"}}],\"inLanguage\":\"en-US\"},{\"@type\":[\"Organization\",\"Place\"],\"@id\":\"https:\\\/\\\/ubirataonline.com.br\\\/#organization\",\"name\":\"Ubirat\u00e3 Online Not\u00edcias\",\"alternateName\":\"Ubirat\u00e3 Online\",\"url\":\"https:\\\/\\\/ubirataonline.com.br\\\/\",\"logo\":{\"@id\":\"https:\\\/\\\/ubirataonline.com.br\\\/prefeitura-de-ubirata-aposta-em-manutencao-preventiva-pra-evitar-dor-de-cabeca-na-rede-publica\\\/#local-main-organization-logo\"},\"image\":{\"@id\":\"https:\\\/\\\/ubirataonline.com.br\\\/prefeitura-de-ubirata-aposta-em-manutencao-preventiva-pra-evitar-dor-de-cabeca-na-rede-publica\\\/#local-main-organization-logo\"},\"sameAs\":[\"https:\\\/\\\/www.facebook.com\\\/portalubirataonline\",\"https:\\\/\\\/x.com\\\/ubirataonline\",\"https:\\\/\\\/mastodon.social\\\/@ubirataonline\",\"https:\\\/\\\/www.facebook.com\\\/groups\\\/311144672285604\",\"https:\\\/\\\/www.facebook.com\\\/UBTAOnline\",\"https:\\\/\\\/www.instagram.com\\\/portalubirataonline\\\/\",\"https:\\\/\\\/twitter.com\\\/ubirataonline\"],\"description\":\"Somos um portal de not\u00edcias independente, criado em 5 de janeiro de 2009, com o objetivo de informar, conectar e valorizar a nossa comunidade de Ubirat\u00e3 e toda aregi\u00e3o. Com conte\u00fado atualizado, confi\u00e1vel e relevante, o Ubirat\u00e3 Online \u00e9 o seu espa\u00e7o para ficar por dentro dos principais acontecimentos locais, regionais, Brasil, Mundo e de interesse geral. Nosso compromisso \u00e9 com a verdade, a transpar\u00eancia e o respeito ao leitor.\",\"legalName\":\"UBIRATA ONLINE NOT\u00cdCIAS\",\"foundingDate\":\"2009-01-05\",\"numberOfEmployees\":{\"@type\":\"QuantitativeValue\",\"minValue\":\"1\",\"maxValue\":\"10\"},\"publishingPrinciples\":\"https:\\\/\\\/ubirataonline.com.br\\\/faq\\\/\",\"address\":{\"@id\":\"https:\\\/\\\/ubirataonline.com.br\\\/prefeitura-de-ubirata-aposta-em-manutencao-preventiva-pra-evitar-dor-de-cabeca-na-rede-publica\\\/#local-main-place-address\"},\"geo\":{\"@type\":\"GeoCoordinates\",\"latitude\":\"-24.5361401\",\"longitude\":\"-52.9921776\"},\"telephone\":[\"+5544998308235\"],\"contactPoint\":{\"@type\":\"ContactPoint\",\"email\":\"contato@ubirataonline.com.br\"},\"openingHoursSpecification\":{\"@type\":\"OpeningHoursSpecification\",\"dayOfWeek\":[\"Monday\",\"Tuesday\",\"Wednesday\",\"Thursday\",\"Friday\",\"Saturday\",\"Sunday\"],\"opens\":\"00:00\",\"closes\":\"23:59\"},\"email\":\"contato@ubirataonline.com.br\",\"vatID\":\"47.621.418\\\/0001-80\"},{\"@type\":\"Person\",\"@id\":\"https:\\\/\\\/ubirataonline.com.br\\\/#\\\/schema\\\/person\\\/ae23b7e52da694a7051539ccc0ff050e\",\"name\":\"Eduardo\",\"url\":\"https:\\\/\\\/ubirataonline.com.br\\\/en\\\/author\\\/eduardo\\\/\"},{\"@type\":\"PostalAddress\",\"@id\":\"https:\\\/\\\/ubirataonline.com.br\\\/prefeitura-de-ubirata-aposta-em-manutencao-preventiva-pra-evitar-dor-de-cabeca-na-rede-publica\\\/#local-main-place-address\",\"streetAddress\":\"Rua dos Coqueiros, 104 - Bairro Boa Vista, Rua dos Coqueiros, 104 Bairro Boa Vista\",\"addressLocality\":\"UBIRATA\",\"postalCode\":\"85440-000\",\"addressRegion\":\"PR\",\"addressCountry\":\"BR\"},{\"@type\":\"ImageObject\",\"inLanguage\":\"en-US\",\"@id\":\"https:\\\/\\\/ubirataonline.com.br\\\/prefeitura-de-ubirata-aposta-em-manutencao-preventiva-pra-evitar-dor-de-cabeca-na-rede-publica\\\/#local-main-organization-logo\",\"url\":\"https:\\\/\\\/ubirataonline.com.br\\\/wp-content\\\/uploads\\\/2026\\\/06\\\/logoubirataonline-1.webp\",\"contentUrl\":\"https:\\\/\\\/ubirataonline.com.br\\\/wp-content\\\/uploads\\\/2026\\\/06\\\/logoubirataonline-1.webp\",\"width\":500,\"height\":500,\"caption\":\"Ubirat\u00e3 Online Not\u00edcias\"}]}<\/script>\n<meta name=\"geo.placename\" content=\"UBIRATA\" \/>\n<meta name=\"geo.position\" content=\"-24.5361401;-52.9921776\" \/>\n<meta name=\"geo.region\" content=\"Brazil\" \/>\n<!-- \/ Yoast SEO Premium plugin. -->","yoast_head_json":{"title":"Prefeitura de Ubirat\u00e3 aposta em manuten\u00e7\u00e3o preventiva pra evitar dor de cabe\u00e7a na rede p\u00fablica - Ubirat\u00e3 Online Not\u00edcias - A realidade ao seu alcance!","description":"Quem trabalha com servi\u00e7o p\u00fablico sabe: quando um equipamento para, o problema aparece na hora. N\u00e3o tem meio-termo. \u00c9 escola sem geladeira funcionando,","robots":{"index":"index","follow":"follow","max-snippet":"max-snippet:-1","max-image-preview":"max-image-preview:large","max-video-preview":"max-video-preview:-1"},"canonical":"https:\/\/ubirataonline.com.br\/en\/prefeitura-de-ubirata-aposta-em-manutencao-preventiva-pra-evitar-dor-de-cabeca-na-rede-publica\/","og_locale":"en_US","og_type":"article","og_title":"Prefeitura de Ubirat\u00e3 aposta em manuten\u00e7\u00e3o preventiva pra evitar dor de cabe\u00e7a na rede p\u00fablica","og_description":"Quem trabalha com servi\u00e7o p\u00fablico sabe: quando um equipamento para, o problema aparece na hora. N\u00e3o tem meio-termo. \u00c9 escola sem geladeira funcionando,","og_url":"https:\/\/ubirataonline.com.br\/en\/prefeitura-de-ubirata-aposta-em-manutencao-preventiva-pra-evitar-dor-de-cabeca-na-rede-publica\/","og_site_name":"Ubirat\u00e3 Online Not\u00edcias - A realidade ao seu alcance!","article_publisher":"https:\/\/www.facebook.com\/portalubirataonline","article_published_time":"2026-04-20T17:33:55+00:00","article_modified_time":"2026-04-20T17:33:56+00:00","og_image":[{"width":1531,"height":418,"url":"https:\/\/ubirataonline.com.br\/wp-content\/uploads\/2026\/05\/logo2026.webp","type":"image\/webp"}],"author":"Eduardo","twitter_card":"summary_large_image","twitter_creator":"@ubirataonline","twitter_site":"@ubirataonline","twitter_misc":{"Written by":"Eduardo","Est. reading time":"3 minutes"},"schema":{"@context":"https:\/\/schema.org","@graph":[{"@type":"NewsArticle","@id":"https:\/\/ubirataonline.com.br\/prefeitura-de-ubirata-aposta-em-manutencao-preventiva-pra-evitar-dor-de-cabeca-na-rede-publica\/#article","isPartOf":{"@id":"https:\/\/ubirataonline.com.br\/prefeitura-de-ubirata-aposta-em-manutencao-preventiva-pra-evitar-dor-de-cabeca-na-rede-publica\/"},"author":{"name":"Eduardo","@id":"https:\/\/ubirataonline.com.br\/#\/schema\/person\/ae23b7e52da694a7051539ccc0ff050e"},"headline":"Prefeitura de Ubirat\u00e3 aposta em manuten\u00e7\u00e3o preventiva pra evitar dor de cabe\u00e7a na rede p\u00fablica","datePublished":"2026-04-20T17:33:55+00:00","dateModified":"2026-04-20T17:33:56+00:00","mainEntityOfPage":{"@id":"https:\/\/ubirataonline.com.br\/prefeitura-de-ubirata-aposta-em-manutencao-preventiva-pra-evitar-dor-de-cabeca-na-rede-publica\/"},"wordCount":588,"publisher":{"@id":"https:\/\/ubirataonline.com.br\/#organization"},"articleSection":["Ubirat\u00e3"],"inLanguage":"en-US","copyrightYear":"2026","copyrightHolder":{"@id":"https:\/\/ubirataonline.com.br\/en\/#organization"}},{"@type":"WebPage","@id":"https:\/\/ubirataonline.com.br\/prefeitura-de-ubirata-aposta-em-manutencao-preventiva-pra-evitar-dor-de-cabeca-na-rede-publica\/","url":"https:\/\/ubirataonline.com.br\/prefeitura-de-ubirata-aposta-em-manutencao-preventiva-pra-evitar-dor-de-cabeca-na-rede-publica\/","name":"Prefeitura de Ubirat\u00e3 aposta em manuten\u00e7\u00e3o preventiva pra evitar dor de cabe\u00e7a na rede p\u00fablica - Ubirat\u00e3 Online Not\u00edcias - A realidade ao seu alcance!","isPartOf":{"@id":"https:\/\/ubirataonline.com.br\/#website"},"datePublished":"2026-04-20T17:33:55+00:00","dateModified":"2026-04-20T17:33:56+00:00","description":"Quem trabalha com servi\u00e7o p\u00fablico sabe: quando um equipamento para, o problema aparece na hora. N\u00e3o tem meio-termo. \u00c9 escola sem geladeira funcionando,","breadcrumb":{"@id":"https:\/\/ubirataonline.com.br\/prefeitura-de-ubirata-aposta-em-manutencao-preventiva-pra-evitar-dor-de-cabeca-na-rede-publica\/#breadcrumb"},"inLanguage":"en-US","potentialAction":[{"@type":"ReadAction","target":["https:\/\/ubirataonline.com.br\/prefeitura-de-ubirata-aposta-em-manutencao-preventiva-pra-evitar-dor-de-cabeca-na-rede-publica\/"]}]},{"@type":"BreadcrumbList","@id":"https:\/\/ubirataonline.com.br\/prefeitura-de-ubirata-aposta-em-manutencao-preventiva-pra-evitar-dor-de-cabeca-na-rede-publica\/#breadcrumb","itemListElement":[{"@type":"ListItem","position":1,"name":"In\u00edcio","item":"https:\/\/ubirataonline.com.br\/"},{"@type":"ListItem","position":2,"name":"Prefeitura de Ubirat\u00e3 aposta em manuten\u00e7\u00e3o preventiva pra evitar dor de cabe\u00e7a na rede p\u00fablica"}]},{"@type":"WebSite","@id":"https:\/\/ubirataonline.com.br\/#website","url":"https:\/\/ubirataonline.com.br\/","name":"Ubirat\u00e3 Online Not\u00edcias","description":"Not\u00edcias de Ubirat\u00e3, regi\u00e3o, Brasil e mundo, com informa\u00e7\u00e3o atualizada e compromisso com o leitor.","publisher":{"@id":"https:\/\/ubirataonline.com.br\/#organization"},"alternateName":"Ubirat\u00e3 Online","potentialAction":[{"@type":"SearchAction","target":{"@type":"EntryPoint","urlTemplate":"https:\/\/ubirataonline.com.br\/?s={search_term_string}"},"query-input":{"@type":"PropertyValueSpecification","valueRequired":true,"valueName":"search_term_string"}}],"inLanguage":"en-US"},{"@type":["Organization","Place"],"@id":"https:\/\/ubirataonline.com.br\/#organization","name":"Ubirat\u00e3 Online Not\u00edcias","alternateName":"Ubirat\u00e3 Online","url":"https:\/\/ubirataonline.com.br\/","logo":{"@id":"https:\/\/ubirataonline.com.br\/prefeitura-de-ubirata-aposta-em-manutencao-preventiva-pra-evitar-dor-de-cabeca-na-rede-publica\/#local-main-organization-logo"},"image":{"@id":"https:\/\/ubirataonline.com.br\/prefeitura-de-ubirata-aposta-em-manutencao-preventiva-pra-evitar-dor-de-cabeca-na-rede-publica\/#local-main-organization-logo"},"sameAs":["https:\/\/www.facebook.com\/portalubirataonline","https:\/\/x.com\/ubirataonline","https:\/\/mastodon.social\/@ubirataonline","https:\/\/www.facebook.com\/groups\/311144672285604","https:\/\/www.facebook.com\/UBTAOnline","https:\/\/www.instagram.com\/portalubirataonline\/","https:\/\/twitter.com\/ubirataonline"],"description":"Somos um portal de not\u00edcias independente, criado em 5 de janeiro de 2009, com o objetivo de informar, conectar e valorizar a nossa comunidade de Ubirat\u00e3 e toda aregi\u00e3o. Com conte\u00fado atualizado, confi\u00e1vel e relevante, o Ubirat\u00e3 Online \u00e9 o seu espa\u00e7o para ficar por dentro dos principais acontecimentos locais, regionais, Brasil, Mundo e de interesse geral. Nosso compromisso \u00e9 com a verdade, a transpar\u00eancia e o respeito ao leitor.","legalName":"UBIRATA ONLINE NOT\u00cdCIAS","foundingDate":"2009-01-05","numberOfEmployees":{"@type":"QuantitativeValue","minValue":"1","maxValue":"10"},"publishingPrinciples":"https:\/\/ubirataonline.com.br\/faq\/","address":{"@id":"https:\/\/ubirataonline.com.br\/prefeitura-de-ubirata-aposta-em-manutencao-preventiva-pra-evitar-dor-de-cabeca-na-rede-publica\/#local-main-place-address"},"geo":{"@type":"GeoCoordinates","latitude":"-24.5361401","longitude":"-52.9921776"},"telephone":["+5544998308235"],"contactPoint":{"@type":"ContactPoint","email":"contato@ubirataonline.com.br"},"openingHoursSpecification":{"@type":"OpeningHoursSpecification","dayOfWeek":["Monday","Tuesday","Wednesday","Thursday","Friday","Saturday","Sunday"],"opens":"00:00","closes":"23:59"},"email":"contato@ubirataonline.com.br","vatID":"47.621.418\/0001-80"},{"@type":"Person","@id":"https:\/\/ubirataonline.com.br\/#\/schema\/person\/ae23b7e52da694a7051539ccc0ff050e","name":"Eduardo","url":"https:\/\/ubirataonline.com.br\/en\/author\/eduardo\/"},{"@type":"PostalAddress","@id":"https:\/\/ubirataonline.com.br\/prefeitura-de-ubirata-aposta-em-manutencao-preventiva-pra-evitar-dor-de-cabeca-na-rede-publica\/#local-main-place-address","streetAddress":"Rua dos Coqueiros, 104 - Bairro Boa Vista, Rua dos Coqueiros, 104 Bairro Boa Vista","addressLocality":"UBIRATA","postalCode":"85440-000","addressRegion":"PR","addressCountry":"BR"},{"@type":"ImageObject","inLanguage":"en-US","@id":"https:\/\/ubirataonline.com.br\/prefeitura-de-ubirata-aposta-em-manutencao-preventiva-pra-evitar-dor-de-cabeca-na-rede-publica\/#local-main-organization-logo","url":"https:\/\/ubirataonline.com.br\/wp-content\/uploads\/2026\/06\/logoubirataonline-1.webp","contentUrl":"https:\/\/ubirataonline.com.br\/wp-content\/uploads\/2026\/06\/logoubirataonline-1.webp","width":500,"height":500,"caption":"Ubirat\u00e3 Online Not\u00edcias"}]},"geo.placename":"UBIRATA","geo.position":{"lat":"-24.5361401","long":"-52.9921776"},"geo.region":"Brazil"},"_links":{"self":[{"href":"https:\/\/ubirataonline.com.br\/en\/wp-json\/wp\/v2\/posts\/112968","targetHints":{"allow":["GET"]}}],"collection":[{"href":"https:\/\/ubirataonline.com.br\/en\/wp-json\/wp\/v2\/posts"}],"about":[{"href":"https:\/\/ubirataonline.com.br\/en\/wp-json\/wp\/v2\/types\/post"}],"author":[{"embeddable":true,"href":"https:\/\/ubirataonline.com.br\/en\/wp-json\/wp\/v2\/users\/13"}],"replies":[{"embeddable":true,"href":"https:\/\/ubirataonline.com.br\/en\/wp-json\/wp\/v2\/comments?post=112968"}],"version-history":[{"count":0,"href":"https:\/\/ubirataonline.com.br\/en\/wp-json\/wp\/v2\/posts\/112968\/revisions"}],"wp:attachment":[{"href":"https:\/\/ubirataonline.com.br\/en\/wp-json\/wp\/v2\/media?parent=112968"}],"wp:term":[{"taxonomy":"category","embeddable":true,"href":"https:\/\/ubirataonline.com.br\/en\/wp-json\/wp\/v2\/categories?post=112968"},{"taxonomy":"post_tag","embeddable":true,"href":"https:\/\/ubirataonline.com.br\/en\/wp-json\/wp\/v2\/tags?post=112968"}],"curies":[{"name":"wp","href":"https:\/\/api.w.org\/{rel}","templated":true}]}}